{"id":21408,"date":"2020-10-31T16:20:32","date_gmt":"2020-10-31T19:20:32","guid":{"rendered":"http:\/\/vamosporlaliberacion.org\/crpmlm\/?p=21408"},"modified":"2020-11-01T13:27:27","modified_gmt":"2020-11-01T16:27:27","slug":"solano-la-represion-no-resuelve-el-problema-habitacional","status":"publish","type":"post","link":"https:\/\/vamosporlaliberacion.org\/crpmlm\/solano-la-represion-no-resuelve-el-problema-habitacional\/","title":{"rendered":"Solano: la represi\u00f3n no resuelve el problema habitacional"},"content":{"rendered":"\n<p style=\"font-size:18px\">Tras la brutal represi\u00f3n y desalojo del predio de Guernica, llevada adelante por el gobierno de la provincia de Bs. As. ocupantes de la toma de Solano nos cuentan su preocupaci\u00f3n y explican que la salida no es la represi\u00f3n si no las pol\u00edticas de estado que garanticen el derecho a la vivienda.<\/p>\n\n\n\n<p>Recorrimos la toma ubicada entre las calles 820 y 884 bis en el barrio de Solano en la localidad de Quilmes al sur de la provincia de Buenos Aires. Una recuperaci\u00f3n de tierras que lleva m\u00e1s de tres meses. Desde el Vamos! hablamos con Alejandro Galeano integrante del frente social 17 de Octubre y referente en la ocupaci\u00f3n, Olga Pelozo del Frente Popular Dar\u00edo Santill\u00e1n delegada de la manzana uno en la toma, y Laura Maidana tambi\u00e9n delegada en esta recuperaci\u00f3n de tierras.<\/p>\n\n\n\n<p><strong>Alejandro Galeano<\/strong> nos explica que est\u00e1n ah\u00ed \u00abdesde hace 3 meses, el 31 de julio a partir de la desesperaci\u00f3n de familias del barrio que no ten\u00edan a donde vivir y decidieron venir a un lugar que es un pantano y un bald\u00edo, foco del dengue y los basurales, parte de las problem\u00e1ticas del barrio\u00bb. <br><br>De forma clara sintetiza que \u00abla idea es tratar de rodear de solidaridad y poder construir un lugar donde vivir\u00bb. \u00abCreemos en la leg\u00edtima la lucha de la toma de tierras por que es la forma que han encontrado los sectores populares y cientos de familias en la zona sur, para hacer efectivo su derecho al acceso a la vivienda. Creemos fundamental apoyar y hasta que no existan pol\u00edticas de parte del estado las tomas van a seguir por que son parte de la lucha del pueblo por sus derechos\u00bb, explica.<\/p>\n\n\n\n<p>En tres ocasiones las familias de la toma <a href=\"http:\/\/vamosporlaliberacion.org\/crpmlm\/brutal-represion-a-40-familias-en-quilmes\/\">sufrieron tres intentos de desalojo<\/a> en manos de la polic\u00eda bonaerense, que no ten\u00eda orden judicial pero si la orden del municipio de Quilmes, \u00abun d\u00eda fuimos reprimidos a la madrugada con al rededor de 100 polic\u00edas de infanter\u00eda que detuvieron personas y destruyeron las casas, los vecinos se retiraron hasta poder volver a entrar al predio por que lo que no entienden las autoridades es que la gente no tiene otra opci\u00f3n\u00bb. \u00abCreemos que est\u00e1 problem\u00e1tica no s\u00e9 resuelve con palos si no con pol\u00edticas concretas\u00bb, comenta y reflexiona \u00abhoy tenemos un gobierno popular que el pueblo lo apoya en las calles y tiene que entender el gobierno que tiene el respaldo del pueblo para llevar la pol\u00edtica a favor de los sectores populares y tambi\u00e9n tiene el respaldo para no arrodillarse frente a los poderosos\u00bb.<\/p>\n\n\n\n<p>\u00abEst\u00e1 lucha es de hace muchos a\u00f1os, no comienza ahora y no termina con Guernica, ni con la toma de ac\u00e1, hasta que no haya pol\u00edticas para el derecho a la vivienda las tomas van a seguir. Pedimos todo el apoyo para que ac\u00e1 no pase lo que paso en Guernica y logremos la mayor unidad popular para lograr las pol\u00edticas que necesitamos\u00bb, concluye Galeano.<\/p>\n\n\n\n<figure class=\"wp-block-gallery columns-2 is-cropped wp-block-gallery-1 is-layout-flex wp-block-gallery-is-layout-flex\"><ul class=\"blocks-gallery-grid\"><li class=\"blocks-gallery-item\"><figure><img data-recalc-dims=\"1\" loading=\"lazy\" decoding=\"async\" width=\"696\" height=\"522\" src=\"https:\/\/i0.wp.com\/vamosporlaliberacion.org\/crpmlm\/wp-content\/uploads\/2020\/10\/photo_2020-10-31_13-45-32-700x525.jpg?resize=696%2C522\" alt=\"\" data-id=\"21457\" data-full-url=\"http:\/\/vamosporlaliberacion.org\/crpmlm\/wp-content\/uploads\/2020\/10\/photo_2020-10-31_13-45-32.jpg\" data-link=\"http:\/\/vamosporlaliberacion.org\/crpmlm\/?attachment_id=21457\" class=\"wp-image-21457\" srcset=\"https:\/\/i0.wp.com\/vamosporlaliberacion.org\/crpmlm\/wp-content\/uploads\/2020\/10\/photo_2020-10-31_13-45-32.jpg?resize=700%2C525&amp;ssl=1 700w, https:\/\/i0.wp.com\/vamosporlaliberacion.org\/crpmlm\/wp-content\/uploads\/2020\/10\/photo_2020-10-31_13-45-32.jpg?resize=300%2C225&amp;ssl=1 300w, https:\/\/i0.wp.com\/vamosporlaliberacion.org\/crpmlm\/wp-content\/uploads\/2020\/10\/photo_2020-10-31_13-45-32.jpg?resize=768%2C576&amp;ssl=1 768w, https:\/\/i0.wp.com\/vamosporlaliberacion.org\/crpmlm\/wp-content\/uploads\/2020\/10\/photo_2020-10-31_13-45-32.jpg?resize=150%2C113&amp;ssl=1 150w, https:\/\/i0.wp.com\/vamosporlaliberacion.org\/crpmlm\/wp-content\/uploads\/2020\/10\/photo_2020-10-31_13-45-32.jpg?resize=696%2C522&amp;ssl=1 696w, https:\/\/i0.wp.com\/vamosporlaliberacion.org\/crpmlm\/wp-content\/uploads\/2020\/10\/photo_2020-10-31_13-45-32.jpg?resize=1068%2C801&amp;ssl=1 1068w, https:\/\/i0.wp.com\/vamosporlaliberacion.org\/crpmlm\/wp-content\/uploads\/2020\/10\/photo_2020-10-31_13-45-32.jpg?resize=560%2C420&amp;ssl=1 560w, https:\/\/i0.wp.com\/vamosporlaliberacion.org\/crpmlm\/wp-content\/uploads\/2020\/10\/photo_2020-10-31_13-45-32.jpg?resize=80%2C60&amp;ssl=1 80w, https:\/\/i0.wp.com\/vamosporlaliberacion.org\/crpmlm\/wp-content\/uploads\/2020\/10\/photo_2020-10-31_13-45-32.jpg?resize=265%2C198&amp;ssl=1 265w, https:\/\/i0.wp.com\/vamosporlaliberacion.org\/crpmlm\/wp-content\/uploads\/2020\/10\/photo_2020-10-31_13-45-32.jpg?w=1280&amp;ssl=1 1280w\" sizes=\"auto, (max-width: 696px) 100vw, 696px\" \/><\/figure><\/li><li class=\"blocks-gallery-item\"><figure><img data-recalc-dims=\"1\" loading=\"lazy\" decoding=\"async\" width=\"696\" height=\"522\" src=\"https:\/\/i0.wp.com\/vamosporlaliberacion.org\/crpmlm\/wp-content\/uploads\/2020\/10\/photo_2020-10-31_13-45-40-700x525.jpg?resize=696%2C522\" alt=\"\" data-id=\"21459\" data-full-url=\"http:\/\/vamosporlaliberacion.org\/crpmlm\/wp-content\/uploads\/2020\/10\/photo_2020-10-31_13-45-40.jpg\" data-link=\"http:\/\/vamosporlaliberacion.org\/crpmlm\/?attachment_id=21459\" class=\"wp-image-21459\" srcset=\"https:\/\/i0.wp.com\/vamosporlaliberacion.org\/crpmlm\/wp-content\/uploads\/2020\/10\/photo_2020-10-31_13-45-40.jpg?resize=700%2C525&amp;ssl=1 700w, https:\/\/i0.wp.com\/vamosporlaliberacion.org\/crpmlm\/wp-content\/uploads\/2020\/10\/photo_2020-10-31_13-45-40.jpg?resize=300%2C225&amp;ssl=1 300w, https:\/\/i0.wp.com\/vamosporlaliberacion.org\/crpmlm\/wp-content\/uploads\/2020\/10\/photo_2020-10-31_13-45-40.jpg?resize=768%2C576&amp;ssl=1 768w, https:\/\/i0.wp.com\/vamosporlaliberacion.org\/crpmlm\/wp-content\/uploads\/2020\/10\/photo_2020-10-31_13-45-40.jpg?resize=150%2C113&amp;ssl=1 150w, https:\/\/i0.wp.com\/vamosporlaliberacion.org\/crpmlm\/wp-content\/uploads\/2020\/10\/photo_2020-10-31_13-45-40.jpg?resize=696%2C522&amp;ssl=1 696w, https:\/\/i0.wp.com\/vamosporlaliberacion.org\/crpmlm\/wp-content\/uploads\/2020\/10\/photo_2020-10-31_13-45-40.jpg?resize=1068%2C801&amp;ssl=1 1068w, https:\/\/i0.wp.com\/vamosporlaliberacion.org\/crpmlm\/wp-content\/uploads\/2020\/10\/photo_2020-10-31_13-45-40.jpg?resize=560%2C420&amp;ssl=1 560w, https:\/\/i0.wp.com\/vamosporlaliberacion.org\/crpmlm\/wp-content\/uploads\/2020\/10\/photo_2020-10-31_13-45-40.jpg?resize=80%2C60&amp;ssl=1 80w, https:\/\/i0.wp.com\/vamosporlaliberacion.org\/crpmlm\/wp-content\/uploads\/2020\/10\/photo_2020-10-31_13-45-40.jpg?resize=265%2C198&amp;ssl=1 265w, https:\/\/i0.wp.com\/vamosporlaliberacion.org\/crpmlm\/wp-content\/uploads\/2020\/10\/photo_2020-10-31_13-45-40.jpg?w=1280&amp;ssl=1 1280w\" sizes=\"auto, (max-width: 696px) 100vw, 696px\" \/><\/figure><\/li><\/ul><\/figure>\n\n\n\n<p>Por su parte <strong>Laura Maidana<\/strong> nos cuenta que est\u00e1n en la toma porque ya no pueden seguir alquilando y nos describe la realidad, esa que los medios de comunicaci\u00f3n no muestran, \u00abhay chicos en situaci\u00f3n de calle, tenemos el caso de una abuela que falleci\u00f3 su hija y se qued\u00f3 sola con sus 7 nietos y vino por que necesitaba un lugar\u00bb. Nada m\u00e1s lejano a esa idea que buscan instalar desde los medios para justificar los desalojos y las represiones.<\/p>\n\n\n\n<p>\u00abLa situaci\u00f3n es compleja\u00bb, despu\u00e9s de que fueron reprimidos por la infanter\u00eda \u00abla gente qued\u00f3 tocada y no tenemos mucha ayuda\u00bb nos explica Laura. \u00abTenemos miedo al desalojo, nosotros queremos la tierra por qu\u00e9 necesitamos un lugar. Mucha gente con el desalojo de Guernica quiso abandonar pero nosotros sostenemos a la gente por que no tiene d\u00f3nde ir y ofrecen la plata pero no alcanza hoy ya ni la IFE ni la AUH alcanza y bueno en las cuatro manzanas nos tratamos de organizar y ayudarnos unos a otros\u00bb.<\/p>\n\n\n\n<p><strong>Olga Pelozo<\/strong> nos cuenta que en ese lugar est\u00e1n \u00abresistiendo y armando un barrio a pulm\u00f3n d\u00f3nde los vecinos queremos recuperar un predio olvidado, era un pantano y los vecinos nos estamos organizando para entrar tierra, y tener d\u00f3nde armar nuestros futuros hogares\u00bb. En la ocupaci\u00f3n son cerca de 90 familias, \u00aben las que hay entre 100 y 200 ni\u00f1os y ni\u00f1as\u00bb y Olga nos explica que a\u00fan no han tenido ning\u00fan tipo de respuesta del municipio, de Mayra Mendoza, \u00abestamos esperando que venga a censarnos y oficializar la toma\u00bb.<br><br>\u00abEstamos muy conmovidos por lo que paso en Guernica\u00bb, sostiene, luego de la brutal represi\u00f3n y desalojo de las m\u00e1s de 1.400 familias de Guernica. \u00abNo queremos que sea la misma respuesta para nosotras y necesitamos que alguien reconozca nuestro derecho a la vivienda y nos de una Soluci\u00f3n\u00bb.<\/p>\n\n\n\n<div class=\"wp-block-image td-caption-align-center\"><figure class=\"aligncenter size-large\"><img data-recalc-dims=\"1\" loading=\"lazy\" decoding=\"async\" width=\"696\" height=\"522\" src=\"https:\/\/i0.wp.com\/vamosporlaliberacion.org\/crpmlm\/wp-content\/uploads\/2020\/10\/photo_2020-10-31_13-45-31-700x525.jpg?resize=696%2C522\" alt=\"\" class=\"wp-image-21458\" srcset=\"https:\/\/i0.wp.com\/vamosporlaliberacion.org\/crpmlm\/wp-content\/uploads\/2020\/10\/photo_2020-10-31_13-45-31.jpg?resize=700%2C525&amp;ssl=1 700w, https:\/\/i0.wp.com\/vamosporlaliberacion.org\/crpmlm\/wp-content\/uploads\/2020\/10\/photo_2020-10-31_13-45-31.jpg?resize=300%2C225&amp;ssl=1 300w, https:\/\/i0.wp.com\/vamosporlaliberacion.org\/crpmlm\/wp-content\/uploads\/2020\/10\/photo_2020-10-31_13-45-31.jpg?resize=768%2C576&amp;ssl=1 768w, https:\/\/i0.wp.com\/vamosporlaliberacion.org\/crpmlm\/wp-content\/uploads\/2020\/10\/photo_2020-10-31_13-45-31.jpg?resize=150%2C113&amp;ssl=1 150w, https:\/\/i0.wp.com\/vamosporlaliberacion.org\/crpmlm\/wp-content\/uploads\/2020\/10\/photo_2020-10-31_13-45-31.jpg?resize=696%2C522&amp;ssl=1 696w, https:\/\/i0.wp.com\/vamosporlaliberacion.org\/crpmlm\/wp-content\/uploads\/2020\/10\/photo_2020-10-31_13-45-31.jpg?resize=1068%2C801&amp;ssl=1 1068w, https:\/\/i0.wp.com\/vamosporlaliberacion.org\/crpmlm\/wp-content\/uploads\/2020\/10\/photo_2020-10-31_13-45-31.jpg?resize=560%2C420&amp;ssl=1 560w, https:\/\/i0.wp.com\/vamosporlaliberacion.org\/crpmlm\/wp-content\/uploads\/2020\/10\/photo_2020-10-31_13-45-31.jpg?resize=80%2C60&amp;ssl=1 80w, https:\/\/i0.wp.com\/vamosporlaliberacion.org\/crpmlm\/wp-content\/uploads\/2020\/10\/photo_2020-10-31_13-45-31.jpg?resize=265%2C198&amp;ssl=1 265w, https:\/\/i0.wp.com\/vamosporlaliberacion.org\/crpmlm\/wp-content\/uploads\/2020\/10\/photo_2020-10-31_13-45-31.jpg?w=1280&amp;ssl=1 1280w\" sizes=\"auto, (max-width: 696px) 100vw, 696px\" \/><figcaption>Jornada de relevamiento de salud en la ocupaci\u00f3n<\/figcaption><\/figure><\/div>\n\n\n\n<p><strong>Compartimos el comunicado que emitieron en solidaridad con las familias reprimidas y desalojadas en Guernica:<\/strong><\/p>\n\n\n\n<p>REPUDIAMOS LA Represi\u00f3n Y DESALOJO DE LA TOMA DE GUERNICA.<br><br>Las organizaciones sociales y pol\u00edticas de Quilmes abajo firmantes repudiamos el desalojo y la represi\u00f3n sufrida por las familias de la toma de Guernica.<br><br>Sostenemos que el problema del acceso a la vivienda que tienen millones de personas en nuestro pa\u00eds se resuelve con pol\u00edticas tendientes a garantizar que la propiedad de la tierra est\u00e9 en funci\u00f3n social y no de la especulaci\u00f3n.<\/p>\n\n\n\n<p>Las tomas de tierras son un camino leg\u00edtimo que hace much\u00edsimos a\u00f1os viene transitando nuestro pueblo, con el objetivo de concretar de manera efectiva el derecho a la vivienda ante la falta de pol\u00edticas estatales.<\/p>\n\n\n\n<p>Buscar criminalizar las luchas del pueblo como forma de ocultar la responsabilidad de los gobiernos en la b\u00fasqueda de soluciones reales no es el camino.<\/p>\n\n\n\n<p>Necesitamos una Justicia que se ponga del lado de las necesidades de nuestro pueblo y no un poder judicial que s\u00f3lo sirve como instrumento de defensa de los intereses de los sectores m\u00e1s poderosos de nuestro pa\u00eds.<\/p>\n\n\n\n<p>Hoy en Quilmes son cientos las familias que luchan por un lugar donde vivir: 90 familias en la toma de 824 y 887 en San Francisco Solano, con dos intentos de dasalojo por parte de infanter\u00eda, sin orden judicial previa; 100 familias en 812 y 887, tambi\u00e9n en San Francisco Solano, que siguen resistiendo aun despu\u00e9s de la brutal represi\u00f3n sufrida el \u00faltimo 1\u00b0 de septiembre por la madrugada, de parte de decenas de polic\u00edas, nuevamente sin orden judicial; 15 familias en el reservorio de La Matera, ubicado en 891 y 810; 150 familias en Azul y las cientos de familias asentadas en las veras de los arroyos.<\/p>\n\n\n\n<p>Estas familias necesitan de la solidaridad y la participaci\u00f3n de todes para que la soluci\u00f3n de parte del Estado no sea nuevamente la represi\u00f3n como en Guernica, sino la b\u00fasqueda de pol\u00edticas p\u00fablicas que garanticen su derecho a tener un lugar digno donde vivir.<\/p>\n\n\n\n<p>1. Frente Popular Dar\u00edo Santill\u00e1n<br>2. B\u00b0 9 de Agosto <br>3. CTA A Solano<br>4. Asociaci\u00f3n Civil Sin Fronteras a la Discapacidad<br>5. Sociedad de Fomento San Mart\u00edn<br>6. Comisi\u00f3n Organizadora La Matera<br>7. Asentamiento de 824 y 8878. Centro Cultural Justicia, Trabajo y Derechos para Todxs<br>9. Abriendo Caminos<br>10. Peronismo 26 de Julio<br>11. MMUCS Movimiento de M\u00fasicos Unidos del cono Sur <br>12. Cooperativa EMUNQ emprendimientos Unidos de Quilmes.<br>14. B\u00b0 El Progreso<br>15. CTA Autonoma Quilmes<br>16. Frente Barrial obispo Jorge Novak<br>17. Frente social 17 de Octubre<br>18. Frente de Mujeres, G\u00e9nero y diversidad Eva Peron.<br>19. COVI Comunidad Organizada de Vecinos Independientes<br>20. Centro Cultural Tita Merello<br>21. Merendero Alegre Rebeldia<br>22. Centro Cultural Sue\u00f1os Descalzos<br>23. Mesa Amplia Diversidad y Generos<br>24. Secretar\u00eda de Acci\u00f3n Social del Partido Justicialista Quilmes<br>25. F.O.R.J.A. Quilmes26. Corriente Nacional Mart\u00edn Fierro<br>27. Frente Barrial 19 de Diciembre<br>28. Centro Comunitario Pensamiento Joven en Acci\u00f3n<br>29. Olla Popular \u00abYiyo Torres Presente\u00bb<br>30. Huellas del sur Resiste<br>31. Federaci\u00f3n nacional de los trabajadorxs cooperativistas precarizadxs y la ECONOMIA SOCIAL.<br>32. PLED Asociaci\u00f3n civil por el libre ejercicio de tus derechos.<br>33. Agrupaci\u00f3n Nueva Visi\u00f3n<br>34. Agrupaci\u00f3n la Bisagra<br>35. Somos Quilmes<br>36. Agrupacion la Vanguardia<br>37. De Frente por Quilmes<br>38. Movimiento Compromiso Social<br>39. FeCooTsur<br>40. Frente Esperanza Peronista<br>41. Comisi\u00f3n de amigos y familiares de Agust\u00edn Ramirez<br>42. Agrupaci\u00f3n tres banderas Peronistas<br>43. Centro Cultural Gleyzer<br>44. Comunidad de espacios culturales de Quilmes<br>45. Frente Multisectorial de Mujeres y Diversidad de Quilmes<br>46. S.U.R.A.R Sindicato de recicladores y afines al reciclado<br>47. Movimiento Barrial Zona Sur.<br>48. Frente Juvenil Hagamos lo Imposible<br>49. Movimiento Popular Liberaci\u00f3n<br>50. Corriente Clasista Ren\u00e9 Salamanca <\/p>\n<!-- AddThis Advanced Settings generic via filter on the_content --><!-- AddThis Share Buttons generic via filter on the_content -->","protected":false},"excerpt":{"rendered":"<p>Tras la brutal represi\u00f3n y desalojo del predio de Guernica, llevada adelante por el gobierno de la provincia de Bs. As. ocupantes de la toma de Solano nos cuentan su preocupaci\u00f3n y explican que la salida no es la represi\u00f3n si no las pol\u00edticas de estado que garanticen el derecho a la vivienda. Recorrimos la [&hellip;]<!-- AddThis Advanced Settings generic via filter on get_the_excerpt --><!-- AddThis Share Buttons generic via filter on get_the_excerpt --><\/p>\n","protected":false},"author":6,"featured_media":21452,"comment_status":"open","ping_status":"open","sticky":false,"template":"","format":"standard","meta":{"_jetpack_memberships_contains_paid_content":false,"footnotes":""},"categories":[1520],"tags":[],"class_list":{"0":"post-21408","1":"post","2":"type-post","3":"status-publish","4":"format-standard","5":"has-post-thumbnail","7":"category-entrevista"},"yoast_head":"<!-- This site is optimized with the Yoast SEO plugin v27.4 - https:\/\/yoast.com\/product\/yoast-seo-wordpress\/ -->\n<title>Solano: la represi\u00f3n no resuelve el problema habitacional - Vamos por la Liberaci\u00f3n<\/title>\n<meta name=\"robots\" content=\"index, follow, max-snippet:-1, max-image-preview:large, max-video-preview:-1\" \/>\n<link rel=\"canonical\" href=\"https:\/\/vamosporlaliberacion.org\/crpmlm\/solano-la-represion-no-resuelve-el-problema-habitacional\/\" \/>\n<meta name=\"twitter:label1\" content=\"Escrito por\" \/>\n\t<meta name=\"twitter:data1\" content=\"vamos!\" \/>\n\t<meta name=\"twitter:label2\" content=\"Tiempo de lectura\" \/>\n\t<meta name=\"twitter:data2\" content=\"7 minutos\" \/>\n<script type=\"application\/ld+json\" class=\"yoast-schema-graph\">{\"@context\":\"https:\\\/\\\/schema.org\",\"@graph\":[{\"@type\":\"Article\",\"@id\":\"https:\\\/\\\/vamosporlaliberacion.org\\\/crpmlm\\\/solano-la-represion-no-resuelve-el-problema-habitacional\\\/#article\",\"isPartOf\":{\"@id\":\"https:\\\/\\\/vamosporlaliberacion.org\\\/crpmlm\\\/solano-la-represion-no-resuelve-el-problema-habitacional\\\/\"},\"author\":{\"name\":\"vamos!\",\"@id\":\"https:\\\/\\\/vamosporlaliberacion.org\\\/crpmlm\\\/#\\\/schema\\\/person\\\/d6eac7758df3770dae9cd9eb104d615c\"},\"headline\":\"Solano: la represi\u00f3n no resuelve el problema habitacional\",\"datePublished\":\"2020-10-31T19:20:32+00:00\",\"dateModified\":\"2020-11-01T16:27:27+00:00\",\"mainEntityOfPage\":{\"@id\":\"https:\\\/\\\/vamosporlaliberacion.org\\\/crpmlm\\\/solano-la-represion-no-resuelve-el-problema-habitacional\\\/\"},\"wordCount\":1470,\"commentCount\":0,\"image\":{\"@id\":\"https:\\\/\\\/vamosporlaliberacion.org\\\/crpmlm\\\/solano-la-represion-no-resuelve-el-problema-habitacional\\\/#primaryimage\"},\"thumbnailUrl\":\"https:\\\/\\\/i0.wp.com\\\/vamosporlaliberacion.org\\\/crpmlm\\\/wp-content\\\/uploads\\\/2020\\\/10\\\/photo_2020-10-31_13-45-43.jpg?fit=1280%2C960&ssl=1\",\"articleSection\":[\"Entrevista\"],\"inLanguage\":\"es\",\"potentialAction\":[{\"@type\":\"CommentAction\",\"name\":\"Comment\",\"target\":[\"https:\\\/\\\/vamosporlaliberacion.org\\\/crpmlm\\\/solano-la-represion-no-resuelve-el-problema-habitacional\\\/#respond\"]}]},{\"@type\":\"WebPage\",\"@id\":\"https:\\\/\\\/vamosporlaliberacion.org\\\/crpmlm\\\/solano-la-represion-no-resuelve-el-problema-habitacional\\\/\",\"url\":\"https:\\\/\\\/vamosporlaliberacion.org\\\/crpmlm\\\/solano-la-represion-no-resuelve-el-problema-habitacional\\\/\",\"name\":\"Solano: la represi\u00f3n no resuelve el problema habitacional - Vamos por la Liberaci\u00f3n\",\"isPartOf\":{\"@id\":\"https:\\\/\\\/vamosporlaliberacion.org\\\/crpmlm\\\/#website\"},\"primaryImageOfPage\":{\"@id\":\"https:\\\/\\\/vamosporlaliberacion.org\\\/crpmlm\\\/solano-la-represion-no-resuelve-el-problema-habitacional\\\/#primaryimage\"},\"image\":{\"@id\":\"https:\\\/\\\/vamosporlaliberacion.org\\\/crpmlm\\\/solano-la-represion-no-resuelve-el-problema-habitacional\\\/#primaryimage\"},\"thumbnailUrl\":\"https:\\\/\\\/i0.wp.com\\\/vamosporlaliberacion.org\\\/crpmlm\\\/wp-content\\\/uploads\\\/2020\\\/10\\\/photo_2020-10-31_13-45-43.jpg?fit=1280%2C960&ssl=1\",\"datePublished\":\"2020-10-31T19:20:32+00:00\",\"dateModified\":\"2020-11-01T16:27:27+00:00\",\"author\":{\"@id\":\"https:\\\/\\\/vamosporlaliberacion.org\\\/crpmlm\\\/#\\\/schema\\\/person\\\/d6eac7758df3770dae9cd9eb104d615c\"},\"breadcrumb\":{\"@id\":\"https:\\\/\\\/vamosporlaliberacion.org\\\/crpmlm\\\/solano-la-represion-no-resuelve-el-problema-habitacional\\\/#breadcrumb\"},\"inLanguage\":\"es\",\"potentialAction\":[{\"@type\":\"ReadAction\",\"target\":[\"https:\\\/\\\/vamosporlaliberacion.org\\\/crpmlm\\\/solano-la-represion-no-resuelve-el-problema-habitacional\\\/\"]}]},{\"@type\":\"ImageObject\",\"inLanguage\":\"es\",\"@id\":\"https:\\\/\\\/vamosporlaliberacion.org\\\/crpmlm\\\/solano-la-represion-no-resuelve-el-problema-habitacional\\\/#primaryimage\",\"url\":\"https:\\\/\\\/i0.wp.com\\\/vamosporlaliberacion.org\\\/crpmlm\\\/wp-content\\\/uploads\\\/2020\\\/10\\\/photo_2020-10-31_13-45-43.jpg?fit=1280%2C960&ssl=1\",\"contentUrl\":\"https:\\\/\\\/i0.wp.com\\\/vamosporlaliberacion.org\\\/crpmlm\\\/wp-content\\\/uploads\\\/2020\\\/10\\\/photo_2020-10-31_13-45-43.jpg?fit=1280%2C960&ssl=1\",\"width\":1280,\"height\":960},{\"@type\":\"BreadcrumbList\",\"@id\":\"https:\\\/\\\/vamosporlaliberacion.org\\\/crpmlm\\\/solano-la-represion-no-resuelve-el-problema-habitacional\\\/#breadcrumb\",\"itemListElement\":[{\"@type\":\"ListItem\",\"position\":1,\"name\":\"Portada\",\"item\":\"https:\\\/\\\/vamosporlaliberacion.org\\\/crpmlm\\\/\"},{\"@type\":\"ListItem\",\"position\":2,\"name\":\"Solano: la represi\u00f3n no resuelve el problema habitacional\"}]},{\"@type\":\"WebSite\",\"@id\":\"https:\\\/\\\/vamosporlaliberacion.org\\\/crpmlm\\\/#website\",\"url\":\"https:\\\/\\\/vamosporlaliberacion.org\\\/crpmlm\\\/\",\"name\":\"Vamos por la Liberaci\u00f3n\",\"description\":\"Prensa CR\",\"potentialAction\":[{\"@type\":\"SearchAction\",\"target\":{\"@type\":\"EntryPoint\",\"urlTemplate\":\"https:\\\/\\\/vamosporlaliberacion.org\\\/crpmlm\\\/?s={search_term_string}\"},\"query-input\":{\"@type\":\"PropertyValueSpecification\",\"valueRequired\":true,\"valueName\":\"search_term_string\"}}],\"inLanguage\":\"es\"},{\"@type\":\"Person\",\"@id\":\"https:\\\/\\\/vamosporlaliberacion.org\\\/crpmlm\\\/#\\\/schema\\\/person\\\/d6eac7758df3770dae9cd9eb104d615c\",\"name\":\"vamos!\",\"url\":\"https:\\\/\\\/vamosporlaliberacion.org\\\/crpmlm\\\/author\\\/adminvxl\\\/\"}]}<\/script>\n<!-- \/ Yoast SEO plugin. -->","yoast_head_json":{"title":"Solano: la represi\u00f3n no resuelve el problema habitacional - Vamos por la Liberaci\u00f3n","robots":{"index":"index","follow":"follow","max-snippet":"max-snippet:-1","max-image-preview":"max-image-preview:large","max-video-preview":"max-video-preview:-1"},"canonical":"https:\/\/vamosporlaliberacion.org\/crpmlm\/solano-la-represion-no-resuelve-el-problema-habitacional\/","twitter_misc":{"Escrito por":"vamos!","Tiempo de lectura":"7 minutos"},"schema":{"@context":"https:\/\/schema.org","@graph":[{"@type":"Article","@id":"https:\/\/vamosporlaliberacion.org\/crpmlm\/solano-la-represion-no-resuelve-el-problema-habitacional\/#article","isPartOf":{"@id":"https:\/\/vamosporlaliberacion.org\/crpmlm\/solano-la-represion-no-resuelve-el-problema-habitacional\/"},"author":{"name":"vamos!","@id":"https:\/\/vamosporlaliberacion.org\/crpmlm\/#\/schema\/person\/d6eac7758df3770dae9cd9eb104d615c"},"headline":"Solano: la represi\u00f3n no resuelve el problema habitacional","datePublished":"2020-10-31T19:20:32+00:00","dateModified":"2020-11-01T16:27:27+00:00","mainEntityOfPage":{"@id":"https:\/\/vamosporlaliberacion.org\/crpmlm\/solano-la-represion-no-resuelve-el-problema-habitacional\/"},"wordCount":1470,"commentCount":0,"image":{"@id":"https:\/\/vamosporlaliberacion.org\/crpmlm\/solano-la-represion-no-resuelve-el-problema-habitacional\/#primaryimage"},"thumbnailUrl":"https:\/\/i0.wp.com\/vamosporlaliberacion.org\/crpmlm\/wp-content\/uploads\/2020\/10\/photo_2020-10-31_13-45-43.jpg?fit=1280%2C960&ssl=1","articleSection":["Entrevista"],"inLanguage":"es","potentialAction":[{"@type":"CommentAction","name":"Comment","target":["https:\/\/vamosporlaliberacion.org\/crpmlm\/solano-la-represion-no-resuelve-el-problema-habitacional\/#respond"]}]},{"@type":"WebPage","@id":"https:\/\/vamosporlaliberacion.org\/crpmlm\/solano-la-represion-no-resuelve-el-problema-habitacional\/","url":"https:\/\/vamosporlaliberacion.org\/crpmlm\/solano-la-represion-no-resuelve-el-problema-habitacional\/","name":"Solano: la represi\u00f3n no resuelve el problema habitacional - Vamos por la Liberaci\u00f3n","isPartOf":{"@id":"https:\/\/vamosporlaliberacion.org\/crpmlm\/#website"},"primaryImageOfPage":{"@id":"https:\/\/vamosporlaliberacion.org\/crpmlm\/solano-la-represion-no-resuelve-el-problema-habitacional\/#primaryimage"},"image":{"@id":"https:\/\/vamosporlaliberacion.org\/crpmlm\/solano-la-represion-no-resuelve-el-problema-habitacional\/#primaryimage"},"thumbnailUrl":"https:\/\/i0.wp.com\/vamosporlaliberacion.org\/crpmlm\/wp-content\/uploads\/2020\/10\/photo_2020-10-31_13-45-43.jpg?fit=1280%2C960&ssl=1","datePublished":"2020-10-31T19:20:32+00:00","dateModified":"2020-11-01T16:27:27+00:00","author":{"@id":"https:\/\/vamosporlaliberacion.org\/crpmlm\/#\/schema\/person\/d6eac7758df3770dae9cd9eb104d615c"},"breadcrumb":{"@id":"https:\/\/vamosporlaliberacion.org\/crpmlm\/solano-la-represion-no-resuelve-el-problema-habitacional\/#breadcrumb"},"inLanguage":"es","potentialAction":[{"@type":"ReadAction","target":["https:\/\/vamosporlaliberacion.org\/crpmlm\/solano-la-represion-no-resuelve-el-problema-habitacional\/"]}]},{"@type":"ImageObject","inLanguage":"es","@id":"https:\/\/vamosporlaliberacion.org\/crpmlm\/solano-la-represion-no-resuelve-el-problema-habitacional\/#primaryimage","url":"https:\/\/i0.wp.com\/vamosporlaliberacion.org\/crpmlm\/wp-content\/uploads\/2020\/10\/photo_2020-10-31_13-45-43.jpg?fit=1280%2C960&ssl=1","contentUrl":"https:\/\/i0.wp.com\/vamosporlaliberacion.org\/crpmlm\/wp-content\/uploads\/2020\/10\/photo_2020-10-31_13-45-43.jpg?fit=1280%2C960&ssl=1","width":1280,"height":960},{"@type":"BreadcrumbList","@id":"https:\/\/vamosporlaliberacion.org\/crpmlm\/solano-la-represion-no-resuelve-el-problema-habitacional\/#breadcrumb","itemListElement":[{"@type":"ListItem","position":1,"name":"Portada","item":"https:\/\/vamosporlaliberacion.org\/crpmlm\/"},{"@type":"ListItem","position":2,"name":"Solano: la represi\u00f3n no resuelve el problema habitacional"}]},{"@type":"WebSite","@id":"https:\/\/vamosporlaliberacion.org\/crpmlm\/#website","url":"https:\/\/vamosporlaliberacion.org\/crpmlm\/","name":"Vamos por la Liberaci\u00f3n","description":"Prensa CR","potentialAction":[{"@type":"SearchAction","target":{"@type":"EntryPoint","urlTemplate":"https:\/\/vamosporlaliberacion.org\/crpmlm\/?s={search_term_string}"},"query-input":{"@type":"PropertyValueSpecification","valueRequired":true,"valueName":"search_term_string"}}],"inLanguage":"es"},{"@type":"Person","@id":"https:\/\/vamosporlaliberacion.org\/crpmlm\/#\/schema\/person\/d6eac7758df3770dae9cd9eb104d615c","name":"vamos!","url":"https:\/\/vamosporlaliberacion.org\/crpmlm\/author\/adminvxl\/"}]}},"jetpack_featured_media_url":"https:\/\/i0.wp.com\/vamosporlaliberacion.org\/crpmlm\/wp-content\/uploads\/2020\/10\/photo_2020-10-31_13-45-43.jpg?fit=1280%2C960&ssl=1","jetpack_sharing_enabled":true,"_links":{"self":[{"href":"https:\/\/vamosporlaliberacion.org\/crpmlm\/wp-json\/wp\/v2\/posts\/21408","targetHints":{"allow":["GET"]}}],"collection":[{"href":"https:\/\/vamosporlaliberacion.org\/crpmlm\/wp-json\/wp\/v2\/posts"}],"about":[{"href":"https:\/\/vamosporlaliberacion.org\/crpmlm\/wp-json\/wp\/v2\/types\/post"}],"author":[{"embeddable":true,"href":"https:\/\/vamosporlaliberacion.org\/crpmlm\/wp-json\/wp\/v2\/users\/6"}],"replies":[{"embeddable":true,"href":"https:\/\/vamosporlaliberacion.org\/crpmlm\/wp-json\/wp\/v2\/comments?post=21408"}],"version-history":[{"count":2,"href":"https:\/\/vamosporlaliberacion.org\/crpmlm\/wp-json\/wp\/v2\/posts\/21408\/revisions"}],"predecessor-version":[{"id":21463,"href":"https:\/\/vamosporlaliberacion.org\/crpmlm\/wp-json\/wp\/v2\/posts\/21408\/revisions\/21463"}],"wp:featuredmedia":[{"embeddable":true,"href":"https:\/\/vamosporlaliberacion.org\/crpmlm\/wp-json\/wp\/v2\/media\/21452"}],"wp:attachment":[{"href":"https:\/\/vamosporlaliberacion.org\/crpmlm\/wp-json\/wp\/v2\/media?parent=21408"}],"wp:term":[{"taxonomy":"category","embeddable":true,"href":"https:\/\/vamosporlaliberacion.org\/crpmlm\/wp-json\/wp\/v2\/categories?post=21408"},{"taxonomy":"post_tag","embeddable":true,"href":"https:\/\/vamosporlaliberacion.org\/crpmlm\/wp-json\/wp\/v2\/tags?post=21408"}],"curies":[{"name":"wp","href":"https:\/\/api.w.org\/{rel}","templated":true}]}}