{"id":19291,"date":"2020-08-28T17:02:07","date_gmt":"2020-08-28T20:02:07","guid":{"rendered":"http:\/\/vamosporlaliberacion.org\/crpmlm\/?p=19291"},"modified":"2020-10-26T19:33:37","modified_gmt":"2020-10-26T22:33:37","slug":"repudio-al-desalojo-de-los-trabajadores-de-algodonera-avellaneda","status":"publish","type":"post","link":"https:\/\/vamosporlaliberacion.org\/crpmlm\/repudio-al-desalojo-de-los-trabajadores-de-algodonera-avellaneda\/","title":{"rendered":"Repudio al desalojo de los trabajadores de Algodonera Avellaneda"},"content":{"rendered":"\n<p>En la madrugada de hoy la polic\u00eda de la Provincia de Santa Fe desaloj\u00f3 el acampe de lxs trabajadorxs de Algodonera Avellaneda, que por cuarto d\u00eda consecutivo y en el marco de la huelga de m\u00e1s de 70 d\u00edas, se encontraban bloqueando la planta de Vicentin en la localidad de Avellaneda, Santa Fe.<\/p>\n\n\n\n<p>El gobierno provincial encabezado por Perotti, lejos de la expropiaci\u00f3n del Grupo Vicentin y la \u00abdefensa de los puestos de trabajo\u00bb, mand\u00f3 a la polic\u00eda a desalojar a lxs trabajadorxs del Parque Industrial de Reconquista a pedido de los empresarios de Vicentin y de la justicia c\u00f3mplice.<\/p>\n\n\n\n<p>Lxs obrerxs de Algodonera Avellaneda convocan a todo el pueblo, obrerxs de otras f\u00e1bricas, trabajadorxs en general y a sus familias a una movilizaci\u00f3n en el Parque Industrial de Reconquista este domingo 30, a partir de las 15.30 hs. \u00abLlamamos a todo el pueblo de Reconquista y Avellaneda a sumarse a nuestra demanda\u00bb, expresaron a trav\u00e9s de un comunicado. \u00abTrabajadores de todos los sectores han expresado su apoyo y respaldo a lo largo del conflicto, ahora podemos movilizarnos en forma conjunta. La clase explotadora es la misma para todos y podemos torcerle el brazo a sus planes de seguir enriqueci\u00e9ndose a costa de nuestro trabajo y dej\u00e1ndonos en la miseria. \u00a1Todos a las calles! \u00a1Alcemos la voz de los trabajadores y el pueblo!\u00bb.<\/p>\n\n\n\n<p>Reproducimos el comunicado de la Federaci\u00f3n de Trabajadores del Complejo Industrial Oleaginoso, Desmotadores de Algod\u00f3n y Afines de la Rep\u00fablica Argentina:<\/p>\n\n\n\n<p>Esta ma\u00f1ana un contingente de cientos de efectivos policiales, con una orden de desalojo solicitada por el fiscal Alejandro H\u00e9ctor Rodr\u00edguez y dispuesta esa misma noche de forma expr\u00e9s por el juez Santiago Banegas, avanz\u00f3 sobre las trabajadoras y los trabajadores en huelga, forz\u00e1ndolos a desalojar el acampe que sostienen ante la planta.<\/p>\n\n\n\n<p>De esta manera los funcionarios del Poder Judicial, el juez Santiago Banegas y el fiscal Alejandro H\u00e9ctor Rodr\u00edguez, ceden al prop\u00f3sito repetidamente clamado por el Grupo Vicentin de criminalizar el reclamo salarial de las trabajadoras y los trabajadores de la Algodonera Avellaneda.<\/p>\n\n\n\n<p>Poco le import\u00f3 a los funcionarios policiales locales la respuesta del Ministro de Seguridad de Santa Fe el pasado viernes 21 al juez Banegas esgrimiendo el respeto al derecho a huelga y la condici\u00f3n de servicio a la comunidad que impide la actuaci\u00f3n para la vigilancia privada permanente, como pretende este grupo empresarial.<\/p>\n\n\n\n<p>A los cientos de efectivos policiales que con decenas de m\u00f3viles se desplegaron ante la planta de la Algodonera Avellaneda en Reconquista, hay que sumarle los cinco patrulleros que se apostaron en el acceso a la aceitera Vicentin en Avellaneda y los otros cinco m\u00f3viles que hicieron lo propio ante la planta de Buyanor en Avellaneda, todas del mismo Grupo. Es decir, todo el aparato policial en la regi\u00f3n de la Provincia, comandado por el juez y el fiscal, estuvo al servicio del Grupo Vicentin en sus tres plantas industriales de la zona.<\/p>\n\n\n\n<p>Recordamos que el pasado 18 de agosto, una patota comandada por el abogado de la empresa y parte de la familia, H\u00e9ctor Vizcay, agredi\u00f3 a dos obreras de la Algodonera, que tuvieron que ser hospitalizadas, ante la pasividad policial.<\/p>\n\n\n\n<p>Hoy, mientras ese hecho contin\u00faa impune, el poder judicial act\u00faa con pasmosa celeridad para criminalizar y amenazar con m\u00e1s violencia a quienes hace m\u00e1s de 70 d\u00edas reclaman un aumento para los salarios de miseria que paga la empresa, utilizando a la polic\u00eda como seguridad privada de la empresa.<\/p>\n\n\n\n<p>Todo esto, adem\u00e1s, en nombre de la paz social. La \u00fanica amenaza a la paz social es la que ejerce el Grupo Vicentin condenando al hambre y a la pobreza a quienes desempe\u00f1an tareas en la Algodonera Avellaneda, neg\u00e1ndose al di\u00e1logo, atac\u00e1ndolos con patotas y clamando por su represi\u00f3n. Repudiablemente, hoy funcionarios judiciales cedieron a su voluntad.<\/p>\n\n\n\n<p>Ante la represi\u00f3n dispuesta por el Grupo Vicentin y llevada adelante por sus gestores del Poder Judicial de Reconquista, las trabajadoras y trabajadores aceiteros y desmotadores de algod\u00f3n del pa\u00eds no nos quedaremos de brazos cruzados.<\/p>\n\n\n\n<p>Comisi\u00f3n Directiva<br>Federaci\u00f3n de Trabajadores del Complejo Industrial Oleaginoso, Desmotadores de Algod\u00f3n y Afines de la Rep\u00fablica Argentina<br>F.T.C.I.O.D y A.R.A.<\/p>\n<!-- AddThis Advanced Settings generic via filter on the_content --><!-- AddThis Share Buttons generic via filter on the_content -->","protected":false},"excerpt":{"rendered":"<p>En la madrugada de hoy la polic\u00eda de la Provincia de Santa Fe desaloj\u00f3 el acampe de lxs trabajadorxs de Algodonera Avellaneda, que por cuarto d\u00eda consecutivo y en el marco de la huelga de m\u00e1s de 70 d\u00edas, se encontraban bloqueando la planta de Vicentin en la localidad de Avellaneda, Santa Fe. El gobierno [&hellip;]<!-- AddThis Advanced Settings generic via filter on get_the_excerpt --><!-- AddThis Share Buttons generic via filter on get_the_excerpt --><\/p>\n","protected":false},"author":6,"featured_media":19292,"comment_status":"open","ping_status":"open","sticky":false,"template":"","format":"standard","meta":{"_jetpack_memberships_contains_paid_content":false,"footnotes":""},"categories":[1877],"tags":[],"class_list":{"0":"post-19291","1":"post","2":"type-post","3":"status-publish","4":"format-standard","5":"has-post-thumbnail","7":"category-gremiales"},"yoast_head":"<!-- This site is optimized with the Yoast SEO plugin v27.4 - https:\/\/yoast.com\/product\/yoast-seo-wordpress\/ -->\n<title>Repudio al desalojo de los trabajadores de Algodonera Avellaneda - Vamos por la Liberaci\u00f3n<\/title>\n<meta name=\"robots\" content=\"index, follow, max-snippet:-1, max-image-preview:large, max-video-preview:-1\" \/>\n<link rel=\"canonical\" href=\"https:\/\/vamosporlaliberacion.org\/crpmlm\/repudio-al-desalojo-de-los-trabajadores-de-algodonera-avellaneda\/\" \/>\n<meta name=\"twitter:label1\" content=\"Escrito por\" \/>\n\t<meta name=\"twitter:data1\" content=\"vamos!\" \/>\n\t<meta name=\"twitter:label2\" content=\"Tiempo de lectura\" \/>\n\t<meta name=\"twitter:data2\" content=\"4 minutos\" \/>\n<script type=\"application\/ld+json\" class=\"yoast-schema-graph\">{\"@context\":\"https:\\\/\\\/schema.org\",\"@graph\":[{\"@type\":\"Article\",\"@id\":\"https:\\\/\\\/vamosporlaliberacion.org\\\/crpmlm\\\/repudio-al-desalojo-de-los-trabajadores-de-algodonera-avellaneda\\\/#article\",\"isPartOf\":{\"@id\":\"https:\\\/\\\/vamosporlaliberacion.org\\\/crpmlm\\\/repudio-al-desalojo-de-los-trabajadores-de-algodonera-avellaneda\\\/\"},\"author\":{\"name\":\"vamos!\",\"@id\":\"https:\\\/\\\/vamosporlaliberacion.org\\\/crpmlm\\\/#\\\/schema\\\/person\\\/d6eac7758df3770dae9cd9eb104d615c\"},\"headline\":\"Repudio al desalojo de los trabajadores de Algodonera Avellaneda\",\"datePublished\":\"2020-08-28T20:02:07+00:00\",\"dateModified\":\"2020-10-26T22:33:37+00:00\",\"mainEntityOfPage\":{\"@id\":\"https:\\\/\\\/vamosporlaliberacion.org\\\/crpmlm\\\/repudio-al-desalojo-de-los-trabajadores-de-algodonera-avellaneda\\\/\"},\"wordCount\":743,\"commentCount\":0,\"image\":{\"@id\":\"https:\\\/\\\/vamosporlaliberacion.org\\\/crpmlm\\\/repudio-al-desalojo-de-los-trabajadores-de-algodonera-avellaneda\\\/#primaryimage\"},\"thumbnailUrl\":\"https:\\\/\\\/i0.wp.com\\\/vamosporlaliberacion.org\\\/crpmlm\\\/wp-content\\\/uploads\\\/2020\\\/08\\\/arton171167-d35ed.jpg?fit=701%2C415&ssl=1\",\"articleSection\":[\"Actualidad e historia del movimiento obrero\"],\"inLanguage\":\"es\",\"potentialAction\":[{\"@type\":\"CommentAction\",\"name\":\"Comment\",\"target\":[\"https:\\\/\\\/vamosporlaliberacion.org\\\/crpmlm\\\/repudio-al-desalojo-de-los-trabajadores-de-algodonera-avellaneda\\\/#respond\"]}]},{\"@type\":\"WebPage\",\"@id\":\"https:\\\/\\\/vamosporlaliberacion.org\\\/crpmlm\\\/repudio-al-desalojo-de-los-trabajadores-de-algodonera-avellaneda\\\/\",\"url\":\"https:\\\/\\\/vamosporlaliberacion.org\\\/crpmlm\\\/repudio-al-desalojo-de-los-trabajadores-de-algodonera-avellaneda\\\/\",\"name\":\"Repudio al desalojo de los trabajadores de Algodonera Avellaneda - Vamos por la Liberaci\u00f3n\",\"isPartOf\":{\"@id\":\"https:\\\/\\\/vamosporlaliberacion.org\\\/crpmlm\\\/#website\"},\"primaryImageOfPage\":{\"@id\":\"https:\\\/\\\/vamosporlaliberacion.org\\\/crpmlm\\\/repudio-al-desalojo-de-los-trabajadores-de-algodonera-avellaneda\\\/#primaryimage\"},\"image\":{\"@id\":\"https:\\\/\\\/vamosporlaliberacion.org\\\/crpmlm\\\/repudio-al-desalojo-de-los-trabajadores-de-algodonera-avellaneda\\\/#primaryimage\"},\"thumbnailUrl\":\"https:\\\/\\\/i0.wp.com\\\/vamosporlaliberacion.org\\\/crpmlm\\\/wp-content\\\/uploads\\\/2020\\\/08\\\/arton171167-d35ed.jpg?fit=701%2C415&ssl=1\",\"datePublished\":\"2020-08-28T20:02:07+00:00\",\"dateModified\":\"2020-10-26T22:33:37+00:00\",\"author\":{\"@id\":\"https:\\\/\\\/vamosporlaliberacion.org\\\/crpmlm\\\/#\\\/schema\\\/person\\\/d6eac7758df3770dae9cd9eb104d615c\"},\"breadcrumb\":{\"@id\":\"https:\\\/\\\/vamosporlaliberacion.org\\\/crpmlm\\\/repudio-al-desalojo-de-los-trabajadores-de-algodonera-avellaneda\\\/#breadcrumb\"},\"inLanguage\":\"es\",\"potentialAction\":[{\"@type\":\"ReadAction\",\"target\":[\"https:\\\/\\\/vamosporlaliberacion.org\\\/crpmlm\\\/repudio-al-desalojo-de-los-trabajadores-de-algodonera-avellaneda\\\/\"]}]},{\"@type\":\"ImageObject\",\"inLanguage\":\"es\",\"@id\":\"https:\\\/\\\/vamosporlaliberacion.org\\\/crpmlm\\\/repudio-al-desalojo-de-los-trabajadores-de-algodonera-avellaneda\\\/#primaryimage\",\"url\":\"https:\\\/\\\/i0.wp.com\\\/vamosporlaliberacion.org\\\/crpmlm\\\/wp-content\\\/uploads\\\/2020\\\/08\\\/arton171167-d35ed.jpg?fit=701%2C415&ssl=1\",\"contentUrl\":\"https:\\\/\\\/i0.wp.com\\\/vamosporlaliberacion.org\\\/crpmlm\\\/wp-content\\\/uploads\\\/2020\\\/08\\\/arton171167-d35ed.jpg?fit=701%2C415&ssl=1\",\"width\":701,\"height\":415},{\"@type\":\"BreadcrumbList\",\"@id\":\"https:\\\/\\\/vamosporlaliberacion.org\\\/crpmlm\\\/repudio-al-desalojo-de-los-trabajadores-de-algodonera-avellaneda\\\/#breadcrumb\",\"itemListElement\":[{\"@type\":\"ListItem\",\"position\":1,\"name\":\"Portada\",\"item\":\"https:\\\/\\\/vamosporlaliberacion.org\\\/crpmlm\\\/\"},{\"@type\":\"ListItem\",\"position\":2,\"name\":\"Repudio al desalojo de los trabajadores de Algodonera Avellaneda\"}]},{\"@type\":\"WebSite\",\"@id\":\"https:\\\/\\\/vamosporlaliberacion.org\\\/crpmlm\\\/#website\",\"url\":\"https:\\\/\\\/vamosporlaliberacion.org\\\/crpmlm\\\/\",\"name\":\"Vamos por la Liberaci\u00f3n\",\"description\":\"Prensa CR\",\"potentialAction\":[{\"@type\":\"SearchAction\",\"target\":{\"@type\":\"EntryPoint\",\"urlTemplate\":\"https:\\\/\\\/vamosporlaliberacion.org\\\/crpmlm\\\/?s={search_term_string}\"},\"query-input\":{\"@type\":\"PropertyValueSpecification\",\"valueRequired\":true,\"valueName\":\"search_term_string\"}}],\"inLanguage\":\"es\"},{\"@type\":\"Person\",\"@id\":\"https:\\\/\\\/vamosporlaliberacion.org\\\/crpmlm\\\/#\\\/schema\\\/person\\\/d6eac7758df3770dae9cd9eb104d615c\",\"name\":\"vamos!\",\"url\":\"https:\\\/\\\/vamosporlaliberacion.org\\\/crpmlm\\\/author\\\/adminvxl\\\/\"}]}<\/script>\n<!-- \/ Yoast SEO plugin. -->","yoast_head_json":{"title":"Repudio al desalojo de los trabajadores de Algodonera Avellaneda - Vamos por la Liberaci\u00f3n","robots":{"index":"index","follow":"follow","max-snippet":"max-snippet:-1","max-image-preview":"max-image-preview:large","max-video-preview":"max-video-preview:-1"},"canonical":"https:\/\/vamosporlaliberacion.org\/crpmlm\/repudio-al-desalojo-de-los-trabajadores-de-algodonera-avellaneda\/","twitter_misc":{"Escrito por":"vamos!","Tiempo de lectura":"4 minutos"},"schema":{"@context":"https:\/\/schema.org","@graph":[{"@type":"Article","@id":"https:\/\/vamosporlaliberacion.org\/crpmlm\/repudio-al-desalojo-de-los-trabajadores-de-algodonera-avellaneda\/#article","isPartOf":{"@id":"https:\/\/vamosporlaliberacion.org\/crpmlm\/repudio-al-desalojo-de-los-trabajadores-de-algodonera-avellaneda\/"},"author":{"name":"vamos!","@id":"https:\/\/vamosporlaliberacion.org\/crpmlm\/#\/schema\/person\/d6eac7758df3770dae9cd9eb104d615c"},"headline":"Repudio al desalojo de los trabajadores de Algodonera Avellaneda","datePublished":"2020-08-28T20:02:07+00:00","dateModified":"2020-10-26T22:33:37+00:00","mainEntityOfPage":{"@id":"https:\/\/vamosporlaliberacion.org\/crpmlm\/repudio-al-desalojo-de-los-trabajadores-de-algodonera-avellaneda\/"},"wordCount":743,"commentCount":0,"image":{"@id":"https:\/\/vamosporlaliberacion.org\/crpmlm\/repudio-al-desalojo-de-los-trabajadores-de-algodonera-avellaneda\/#primaryimage"},"thumbnailUrl":"https:\/\/i0.wp.com\/vamosporlaliberacion.org\/crpmlm\/wp-content\/uploads\/2020\/08\/arton171167-d35ed.jpg?fit=701%2C415&ssl=1","articleSection":["Actualidad e historia del movimiento obrero"],"inLanguage":"es","potentialAction":[{"@type":"CommentAction","name":"Comment","target":["https:\/\/vamosporlaliberacion.org\/crpmlm\/repudio-al-desalojo-de-los-trabajadores-de-algodonera-avellaneda\/#respond"]}]},{"@type":"WebPage","@id":"https:\/\/vamosporlaliberacion.org\/crpmlm\/repudio-al-desalojo-de-los-trabajadores-de-algodonera-avellaneda\/","url":"https:\/\/vamosporlaliberacion.org\/crpmlm\/repudio-al-desalojo-de-los-trabajadores-de-algodonera-avellaneda\/","name":"Repudio al desalojo de los trabajadores de Algodonera Avellaneda - Vamos por la Liberaci\u00f3n","isPartOf":{"@id":"https:\/\/vamosporlaliberacion.org\/crpmlm\/#website"},"primaryImageOfPage":{"@id":"https:\/\/vamosporlaliberacion.org\/crpmlm\/repudio-al-desalojo-de-los-trabajadores-de-algodonera-avellaneda\/#primaryimage"},"image":{"@id":"https:\/\/vamosporlaliberacion.org\/crpmlm\/repudio-al-desalojo-de-los-trabajadores-de-algodonera-avellaneda\/#primaryimage"},"thumbnailUrl":"https:\/\/i0.wp.com\/vamosporlaliberacion.org\/crpmlm\/wp-content\/uploads\/2020\/08\/arton171167-d35ed.jpg?fit=701%2C415&ssl=1","datePublished":"2020-08-28T20:02:07+00:00","dateModified":"2020-10-26T22:33:37+00:00","author":{"@id":"https:\/\/vamosporlaliberacion.org\/crpmlm\/#\/schema\/person\/d6eac7758df3770dae9cd9eb104d615c"},"breadcrumb":{"@id":"https:\/\/vamosporlaliberacion.org\/crpmlm\/repudio-al-desalojo-de-los-trabajadores-de-algodonera-avellaneda\/#breadcrumb"},"inLanguage":"es","potentialAction":[{"@type":"ReadAction","target":["https:\/\/vamosporlaliberacion.org\/crpmlm\/repudio-al-desalojo-de-los-trabajadores-de-algodonera-avellaneda\/"]}]},{"@type":"ImageObject","inLanguage":"es","@id":"https:\/\/vamosporlaliberacion.org\/crpmlm\/repudio-al-desalojo-de-los-trabajadores-de-algodonera-avellaneda\/#primaryimage","url":"https:\/\/i0.wp.com\/vamosporlaliberacion.org\/crpmlm\/wp-content\/uploads\/2020\/08\/arton171167-d35ed.jpg?fit=701%2C415&ssl=1","contentUrl":"https:\/\/i0.wp.com\/vamosporlaliberacion.org\/crpmlm\/wp-content\/uploads\/2020\/08\/arton171167-d35ed.jpg?fit=701%2C415&ssl=1","width":701,"height":415},{"@type":"BreadcrumbList","@id":"https:\/\/vamosporlaliberacion.org\/crpmlm\/repudio-al-desalojo-de-los-trabajadores-de-algodonera-avellaneda\/#breadcrumb","itemListElement":[{"@type":"ListItem","position":1,"name":"Portada","item":"https:\/\/vamosporlaliberacion.org\/crpmlm\/"},{"@type":"ListItem","position":2,"name":"Repudio al desalojo de los trabajadores de Algodonera Avellaneda"}]},{"@type":"WebSite","@id":"https:\/\/vamosporlaliberacion.org\/crpmlm\/#website","url":"https:\/\/vamosporlaliberacion.org\/crpmlm\/","name":"Vamos por la Liberaci\u00f3n","description":"Prensa CR","potentialAction":[{"@type":"SearchAction","target":{"@type":"EntryPoint","urlTemplate":"https:\/\/vamosporlaliberacion.org\/crpmlm\/?s={search_term_string}"},"query-input":{"@type":"PropertyValueSpecification","valueRequired":true,"valueName":"search_term_string"}}],"inLanguage":"es"},{"@type":"Person","@id":"https:\/\/vamosporlaliberacion.org\/crpmlm\/#\/schema\/person\/d6eac7758df3770dae9cd9eb104d615c","name":"vamos!","url":"https:\/\/vamosporlaliberacion.org\/crpmlm\/author\/adminvxl\/"}]}},"jetpack_featured_media_url":"https:\/\/i0.wp.com\/vamosporlaliberacion.org\/crpmlm\/wp-content\/uploads\/2020\/08\/arton171167-d35ed.jpg?fit=701%2C415&ssl=1","jetpack_sharing_enabled":true,"_links":{"self":[{"href":"https:\/\/vamosporlaliberacion.org\/crpmlm\/wp-json\/wp\/v2\/posts\/19291","targetHints":{"allow":["GET"]}}],"collection":[{"href":"https:\/\/vamosporlaliberacion.org\/crpmlm\/wp-json\/wp\/v2\/posts"}],"about":[{"href":"https:\/\/vamosporlaliberacion.org\/crpmlm\/wp-json\/wp\/v2\/types\/post"}],"author":[{"embeddable":true,"href":"https:\/\/vamosporlaliberacion.org\/crpmlm\/wp-json\/wp\/v2\/users\/6"}],"replies":[{"embeddable":true,"href":"https:\/\/vamosporlaliberacion.org\/crpmlm\/wp-json\/wp\/v2\/comments?post=19291"}],"version-history":[{"count":1,"href":"https:\/\/vamosporlaliberacion.org\/crpmlm\/wp-json\/wp\/v2\/posts\/19291\/revisions"}],"predecessor-version":[{"id":19293,"href":"https:\/\/vamosporlaliberacion.org\/crpmlm\/wp-json\/wp\/v2\/posts\/19291\/revisions\/19293"}],"wp:featuredmedia":[{"embeddable":true,"href":"https:\/\/vamosporlaliberacion.org\/crpmlm\/wp-json\/wp\/v2\/media\/19292"}],"wp:attachment":[{"href":"https:\/\/vamosporlaliberacion.org\/crpmlm\/wp-json\/wp\/v2\/media?parent=19291"}],"wp:term":[{"taxonomy":"category","embeddable":true,"href":"https:\/\/vamosporlaliberacion.org\/crpmlm\/wp-json\/wp\/v2\/categories?post=19291"},{"taxonomy":"post_tag","embeddable":true,"href":"https:\/\/vamosporlaliberacion.org\/crpmlm\/wp-json\/wp\/v2\/tags?post=19291"}],"curies":[{"name":"wp","href":"https:\/\/api.w.org\/{rel}","templated":true}]}}