{"id":19262,"date":"2020-08-26T19:44:22","date_gmt":"2020-08-26T22:44:22","guid":{"rendered":"http:\/\/vamosporlaliberacion.org\/crpmlm\/?p=19262"},"modified":"2020-11-05T20:03:35","modified_gmt":"2020-11-05T23:03:35","slug":"frente-al-profundo-rechazo-popular-al-intento-de-larreta-de-abrir-las-escuelas-trotta-no-aprobo-el-protocolo","status":"publish","type":"post","link":"https:\/\/vamosporlaliberacion.org\/crpmlm\/frente-al-profundo-rechazo-popular-al-intento-de-larreta-de-abrir-las-escuelas-trotta-no-aprobo-el-protocolo\/","title":{"rendered":"Frente al profundo rechazo popular al intento de Larreta de abrir las escuelas, Trotta no aprob\u00f3 el protocolo"},"content":{"rendered":"\n<p style=\"font-size:18px\">Les docentes de la Ciudad Aut\u00f3noma de Buenos Aires se organizaron desde cada escuela, cada distrito. Docentes, conducciones, supervisiones y auxiliares de todos los niveles para rechazar rotundamente el protocolo presentado por Horacio Rodr\u00edguez Larreta de escuelas cyber, que implicaba la circulaci\u00f3n de miles y miles de personas, en pleno pico de la pandemia con 1200 casos por d\u00eda en la Ciudad.<\/p>\n\n\n\n<p>El protocolo fue escrito por funcionarios que desconocen el funcionamiento de una escuela, y sobre todo sus prop\u00f3sitos. Las escuelas no somos ni cybers ni dep\u00f3sitos para chiques.<\/p>\n\n\n\n<p>La continuidad pedag\u00f3gica deber\u00eda garantizarse entregando dispositivos tecnol\u00f3gicos y asegurando la conectividad de toda la comunidad educativa, sin exponerles al contagio, as\u00ed como el alimento entregado quincenalmente en las escuelas.<\/p>\n\n\n\n<p>Finalmente, producto de la organizaci\u00f3n de la comunidad educativa el Ministerio de Educaci\u00f3n Nacional rechaz\u00f3 el protocolo presentado por el gobierno de la ciudad.<\/p>\n\n\n\n<p>Este logro es una clara muestra de que con organizaci\u00f3n y unidad desde los barrios, las escuelas y jardines defendemos la escuela p\u00fablica.<\/p>\n\n\n\n<p>El intento de abrir las escuelas para ser utilizadas como centros de conectividad es una muestra m\u00e1s de la voluntad de Larreta de avanzar con un modelo de escuela p\u00fablica, donde el proceso de ense\u00f1anza aprendizaje queda a un costado.Tenemos salarios congelados desde marzo, hay docentes cesanteades en contexto de pandemia, la transparencia en los actos p\u00fablicos deja mucho que desear, sin vacantes para miles de ni\u00f1es que siguen sin tener su lugar en la escuela p\u00fablica. Debemos seguir organizades porque el problema de falta de conectividad y acceso a dispositivos sigue vigente.<\/p>\n\n\n\n<figure class=\"wp-block-image size-large\"><img data-recalc-dims=\"1\" loading=\"lazy\" decoding=\"async\" width=\"696\" height=\"441\" src=\"https:\/\/i0.wp.com\/vamosporlaliberacion.org\/crpmlm\/wp-content\/uploads\/2020\/08\/photo_2020-08-26_19-19-22-e1598481657243-700x444.jpg?resize=696%2C441\" alt=\"\" class=\"wp-image-19264\" srcset=\"https:\/\/i0.wp.com\/vamosporlaliberacion.org\/crpmlm\/wp-content\/uploads\/2020\/08\/photo_2020-08-26_19-19-22-e1598481657243.jpg?resize=700%2C444&amp;ssl=1 700w, https:\/\/i0.wp.com\/vamosporlaliberacion.org\/crpmlm\/wp-content\/uploads\/2020\/08\/photo_2020-08-26_19-19-22-e1598481657243.jpg?resize=300%2C190&amp;ssl=1 300w, https:\/\/i0.wp.com\/vamosporlaliberacion.org\/crpmlm\/wp-content\/uploads\/2020\/08\/photo_2020-08-26_19-19-22-e1598481657243.jpg?resize=768%2C487&amp;ssl=1 768w, https:\/\/i0.wp.com\/vamosporlaliberacion.org\/crpmlm\/wp-content\/uploads\/2020\/08\/photo_2020-08-26_19-19-22-e1598481657243.jpg?resize=696%2C441&amp;ssl=1 696w, https:\/\/i0.wp.com\/vamosporlaliberacion.org\/crpmlm\/wp-content\/uploads\/2020\/08\/photo_2020-08-26_19-19-22-e1598481657243.jpg?resize=663%2C420&amp;ssl=1 663w, https:\/\/i0.wp.com\/vamosporlaliberacion.org\/crpmlm\/wp-content\/uploads\/2020\/08\/photo_2020-08-26_19-19-22-e1598481657243.jpg?w=915&amp;ssl=1 915w\" sizes=\"auto, (max-width: 696px) 100vw, 696px\" \/><figcaption>Representantes de la comunidad educativa de Retiro de la Villa 31\/31bis frente al Ministerio de Educaci\u00f3n de CABA repudiando la medida de Larreta.<\/figcaption><\/figure>\n\n\n\n<p>Sobre estos temas conversamos con Ezequiel Fulvi, educador e integrante de la Red Educativa del Barrio Mugica (villa 31- 31 Bis)<\/p>\n\n\n\n<p><strong>\u00bfCu\u00e1l es la propuesta del Gobierno de la Ciudad y que posici\u00f3n tomaron desde el barrio?<\/strong><\/p>\n\n\n\n<p>Cuando nos enteramos del anuncio p\u00fablico de Larreta de hacer retornar a las aulas a les pibes que no tuvieron conectividad o contacto con la escuela desde que se inici\u00f3 la pandemia entendimos desde la red que esto es un desprop\u00f3sito.<\/p>\n\n\n\n<p>En primer lugar, porque falsea los datos (ellos dijeron primero 5000, luego 6000), ya que son m\u00e1s pibes y pibas las que no tuvieron contacto. Nada dicen, por ejemplo, de los\/as miles que nunca tuvieron vacante desde principio de a\u00f1o. En segundo lugar, porque parece que reci\u00e9n se enteran de que hay pibes que nunca tuvieron acceso ni contacto con las escuelas desde que inici\u00f3 la pandemia, siendo que la docencia en su conjunto lo denunci\u00f3 desde el primer d\u00eda. En tercer lugar, porque no resuelve el problema de fondo y lo que profundiza es la creaci\u00f3n de una escuela para pobres y no contempla las m\u00faltiples realidades de las familias, docentes y pibes. Y tambi\u00e9n, porque invisibiliza todo el esfuerzo que hacemos les docentes, incluyendo la flexibilizaci\u00f3n de nuestro trabajo, para llegar a todes de alguna manera u otra.<\/p>\n\n\n\n<p>As\u00ed que decidimos elaborar una carta abierta en la que planteamos nuestra posici\u00f3n de rechazo a esta iniciativa que atenta contra la salud de estudiantes, familias y docentes, y porque como dijimos \u201cplata hay\u201d lo que no hay es voluntad pol\u00edtica de resolver la situaci\u00f3n general, ni dar respuestas a los reclamos del barrio.<\/p>\n\n\n\n<p>No nos dieron tiempo a que la carta siga circulando que, en seguida en la reuni\u00f3n de la semana pasada con los gremios, el Ministerio manifiesta que el protocolo ya estaba casi listo y faltaba que naci\u00f3n lo firme.<\/p>\n\n\n\n<p><strong>\u00bfDe qu\u00e9 se trat\u00f3 la iniciativa que hicieron el martes 25\/8?<\/strong><\/p>\n\n\n\n<p>A partir de esto \u00faltimo, la reuni\u00f3n del Ministerio con los sindicatos fue el jueves pasado, es que se motoriza desde el comit\u00e9 de crisis junto a diferentes organizaciones, familias, vecines y la Red Educativa del barrio, el realizar un \u201cDesayunazo\u201d en la puerta del Ministerio para visibilizar la situaci\u00f3n, manifestar nuestro rechazo a que hagan de las Escuelas un Cyber, nuestro rechazo a que nos expongan y que el ministerio nos reciba.<\/p>\n\n\n\n<p>Se elabor\u00f3 una carta para la ministra Soledad Acu\u00f1a en donde establecemos los puntos de reclamo y las necesidades urgentes que tenemos. No nos quisieron recibir, es m\u00e1s, pusieron un cord\u00f3n policial en la puerta para que nadie pase. Logramos que un compa\u00f1ero ingrese y deje la nota en mesa de entrada. Pero lo que queda claro es que la ministra no tiene intenciones de escuchar a los\/as vecinos\/as, familias, docentes y estudiantes de Retiro.<\/p>\n\n\n\n<p><strong>\u00bfCu\u00e1l es la situaci\u00f3n de las familias en el barrio?<\/strong><\/p>\n\n\n\n<p>La situaci\u00f3n se torna cada vez m\u00e1s compleja, imaginate que este barrio fue el primero en el cual los contagios se expandieron de forma exponencial y puso sobre la mesa que, en la ciudad m\u00e1s rica del pa\u00eds, en los barrios ni siquiera hay luz o agua. La crisis agrava las situaciones de las y los vecinos, los comedores comunitarios est\u00e1n desbordando y el gobierno de la ciudad no toma una sola medida en favor de las familias. Porque no es solo el virus, es la falta de pol\u00edticas p\u00fablicas, servicios esenciales, laburo, etc.<\/p>\n\n\n\n<p>Vos pens\u00e1 que muchas familias viven de las changas, del trabajo informal, y con este aislamiento no est\u00e1n teniendo un solo ingreso y que si bien, las pol\u00edticas del gobierno nacional como el IFE sirven para paliar algunas situaciones, el responsable de que los\/as pibes\/as coman es Larreta. Vuelvo a decir algo que ven\u00eda diciendo, que en la ciudad con mayores recursos del pa\u00eds tengamos pibes que se nos mueren de hambre es un crimen.<\/p>\n\n\n\n<p><strong>\u00bfLa Red de educadores como se origina? \u00bfQu\u00e9 rol est\u00e1 cumpliendo y qu\u00e9 perspectivas se est\u00e1n planteando?<\/strong><\/p>\n\n\n\n<p>En el barrio, hist\u00f3ricamente hubo redes que se armaron y estuvieron funcionando, articularon acciones e intervenciones. La Red Educativa empieza activarse al principio del aislamiento cuando empiezan a brotar los casos, la falta de agua y de pol\u00edticas por parte del gobierno. Es ah\u00ed que elaboramos un primer comunicado denunciando todo lo que ven\u00eda pasando, en parte tambi\u00e9n para romper el blindaje medi\u00e1tico que tiene este gobierno.<\/p>\n\n\n\n<p>Nuclea a los diferentes espacios educativos del barrio como apoyos escolares, alfabetizaci\u00f3n de adultes, jardines comunitarios, programas socioeducativos, escuelas, etc. A partir del a\u00f1o pasado la Villa 31 tiene dentro una escuela p\u00fablica y un jard\u00edn, lo cual nos permite poder articular y potenciarnos.<\/p>\n\n\n\n<p>Personalmente creo que la Red es un reagrupamiento que permite encontrar mayores marcos de construcci\u00f3n y unidad dentro del territorio. De encontrarnos, pensar juntes y activar en acciones para enfrentar la pol\u00edtica de este gobierno. Porque precisamente lo que hacen Larreta y sus secuaces es intentar desarticular, desarmar y dividirnos, no solo a los espacios sino a la escuela con las familias. Uno escucha a ciertos funcionarios decir que no queremos que los\/as pibes vayan a la escuela, y la verdad que da bronca porque utilizan un reclamo leg\u00edtimo (la necesidad de escolarizar) de las familias para dividir. Y lo que tenemos que hacer es desarmar esos discursos porque nosotres s\u00ed queremos a todes les pibes en las escuelas, lo que no queremos es que se haga en estas condiciones.<\/p>\n\n\n\n<p>Tenemos mucho por delante y una batalla muy dura y fuerte en el territorio y nos tiene que encontrar m\u00e1s unides, respetando nuestras identidades y diferencias, articulando con les vecines, familias, estudiantes, compa\u00f1eres, para hacer frente a lo que se viene, porque si hay algo que nos ha demostrado estos a\u00f1os es que el gobierno de la ciudad va a querer seguir avanzando.<\/p>\n<!-- AddThis Advanced Settings generic via filter on the_content --><!-- AddThis Share Buttons generic via filter on the_content -->","protected":false},"excerpt":{"rendered":"<p>Les docentes de la Ciudad Aut\u00f3noma de Buenos Aires se organizaron desde cada escuela, cada distrito. Docentes, conducciones, supervisiones y auxiliares de todos los niveles para rechazar rotundamente el protocolo presentado por Horacio Rodr\u00edguez Larreta de escuelas cyber, que implicaba la circulaci\u00f3n de miles y miles de personas, en pleno pico de la pandemia con [&hellip;]<!-- AddThis Advanced Settings generic via filter on get_the_excerpt --><!-- AddThis Share Buttons generic via filter on get_the_excerpt --><\/p>\n","protected":false},"author":6,"featured_media":19263,"comment_status":"open","ping_status":"open","sticky":false,"template":"","format":"standard","meta":{"_jetpack_memberships_contains_paid_content":false,"footnotes":""},"categories":[1877],"tags":[],"class_list":{"0":"post-19262","1":"post","2":"type-post","3":"status-publish","4":"format-standard","5":"has-post-thumbnail","7":"category-gremiales"},"yoast_head":"<!-- This site is optimized with the Yoast SEO plugin v27.4 - https:\/\/yoast.com\/product\/yoast-seo-wordpress\/ -->\n<title>Frente al profundo rechazo popular al intento de Larreta de abrir las escuelas, Trotta no aprob\u00f3 el protocolo - Vamos por la Liberaci\u00f3n<\/title>\n<meta name=\"robots\" content=\"index, follow, max-snippet:-1, max-image-preview:large, max-video-preview:-1\" \/>\n<link rel=\"canonical\" href=\"https:\/\/vamosporlaliberacion.org\/crpmlm\/frente-al-profundo-rechazo-popular-al-intento-de-larreta-de-abrir-las-escuelas-trotta-no-aprobo-el-protocolo\/\" \/>\n<meta name=\"twitter:label1\" content=\"Escrito por\" \/>\n\t<meta name=\"twitter:data1\" content=\"vamos!\" \/>\n\t<meta name=\"twitter:label2\" content=\"Tiempo de lectura\" \/>\n\t<meta name=\"twitter:data2\" content=\"7 minutos\" \/>\n<script type=\"application\/ld+json\" class=\"yoast-schema-graph\">{\"@context\":\"https:\\\/\\\/schema.org\",\"@graph\":[{\"@type\":\"Article\",\"@id\":\"https:\\\/\\\/vamosporlaliberacion.org\\\/crpmlm\\\/frente-al-profundo-rechazo-popular-al-intento-de-larreta-de-abrir-las-escuelas-trotta-no-aprobo-el-protocolo\\\/#article\",\"isPartOf\":{\"@id\":\"https:\\\/\\\/vamosporlaliberacion.org\\\/crpmlm\\\/frente-al-profundo-rechazo-popular-al-intento-de-larreta-de-abrir-las-escuelas-trotta-no-aprobo-el-protocolo\\\/\"},\"author\":{\"name\":\"vamos!\",\"@id\":\"https:\\\/\\\/vamosporlaliberacion.org\\\/crpmlm\\\/#\\\/schema\\\/person\\\/d6eac7758df3770dae9cd9eb104d615c\"},\"headline\":\"Frente al profundo rechazo popular al intento de Larreta de abrir las escuelas, Trotta no aprob\u00f3 el protocolo\",\"datePublished\":\"2020-08-26T22:44:22+00:00\",\"dateModified\":\"2020-11-05T23:03:35+00:00\",\"mainEntityOfPage\":{\"@id\":\"https:\\\/\\\/vamosporlaliberacion.org\\\/crpmlm\\\/frente-al-profundo-rechazo-popular-al-intento-de-larreta-de-abrir-las-escuelas-trotta-no-aprobo-el-protocolo\\\/\"},\"wordCount\":1344,\"commentCount\":0,\"image\":{\"@id\":\"https:\\\/\\\/vamosporlaliberacion.org\\\/crpmlm\\\/frente-al-profundo-rechazo-popular-al-intento-de-larreta-de-abrir-las-escuelas-trotta-no-aprobo-el-protocolo\\\/#primaryimage\"},\"thumbnailUrl\":\"https:\\\/\\\/i0.wp.com\\\/vamosporlaliberacion.org\\\/crpmlm\\\/wp-content\\\/uploads\\\/2020\\\/08\\\/photo_2020-08-26_19-18-09.jpg?fit=1040%2C1040&ssl=1\",\"articleSection\":[\"Actualidad e historia del movimiento obrero\"],\"inLanguage\":\"es\",\"potentialAction\":[{\"@type\":\"CommentAction\",\"name\":\"Comment\",\"target\":[\"https:\\\/\\\/vamosporlaliberacion.org\\\/crpmlm\\\/frente-al-profundo-rechazo-popular-al-intento-de-larreta-de-abrir-las-escuelas-trotta-no-aprobo-el-protocolo\\\/#respond\"]}]},{\"@type\":\"WebPage\",\"@id\":\"https:\\\/\\\/vamosporlaliberacion.org\\\/crpmlm\\\/frente-al-profundo-rechazo-popular-al-intento-de-larreta-de-abrir-las-escuelas-trotta-no-aprobo-el-protocolo\\\/\",\"url\":\"https:\\\/\\\/vamosporlaliberacion.org\\\/crpmlm\\\/frente-al-profundo-rechazo-popular-al-intento-de-larreta-de-abrir-las-escuelas-trotta-no-aprobo-el-protocolo\\\/\",\"name\":\"Frente al profundo rechazo popular al intento de Larreta de abrir las escuelas, Trotta no aprob\u00f3 el protocolo - Vamos por la Liberaci\u00f3n\",\"isPartOf\":{\"@id\":\"https:\\\/\\\/vamosporlaliberacion.org\\\/crpmlm\\\/#website\"},\"primaryImageOfPage\":{\"@id\":\"https:\\\/\\\/vamosporlaliberacion.org\\\/crpmlm\\\/frente-al-profundo-rechazo-popular-al-intento-de-larreta-de-abrir-las-escuelas-trotta-no-aprobo-el-protocolo\\\/#primaryimage\"},\"image\":{\"@id\":\"https:\\\/\\\/vamosporlaliberacion.org\\\/crpmlm\\\/frente-al-profundo-rechazo-popular-al-intento-de-larreta-de-abrir-las-escuelas-trotta-no-aprobo-el-protocolo\\\/#primaryimage\"},\"thumbnailUrl\":\"https:\\\/\\\/i0.wp.com\\\/vamosporlaliberacion.org\\\/crpmlm\\\/wp-content\\\/uploads\\\/2020\\\/08\\\/photo_2020-08-26_19-18-09.jpg?fit=1040%2C1040&ssl=1\",\"datePublished\":\"2020-08-26T22:44:22+00:00\",\"dateModified\":\"2020-11-05T23:03:35+00:00\",\"author\":{\"@id\":\"https:\\\/\\\/vamosporlaliberacion.org\\\/crpmlm\\\/#\\\/schema\\\/person\\\/d6eac7758df3770dae9cd9eb104d615c\"},\"breadcrumb\":{\"@id\":\"https:\\\/\\\/vamosporlaliberacion.org\\\/crpmlm\\\/frente-al-profundo-rechazo-popular-al-intento-de-larreta-de-abrir-las-escuelas-trotta-no-aprobo-el-protocolo\\\/#breadcrumb\"},\"inLanguage\":\"es\",\"potentialAction\":[{\"@type\":\"ReadAction\",\"target\":[\"https:\\\/\\\/vamosporlaliberacion.org\\\/crpmlm\\\/frente-al-profundo-rechazo-popular-al-intento-de-larreta-de-abrir-las-escuelas-trotta-no-aprobo-el-protocolo\\\/\"]}]},{\"@type\":\"ImageObject\",\"inLanguage\":\"es\",\"@id\":\"https:\\\/\\\/vamosporlaliberacion.org\\\/crpmlm\\\/frente-al-profundo-rechazo-popular-al-intento-de-larreta-de-abrir-las-escuelas-trotta-no-aprobo-el-protocolo\\\/#primaryimage\",\"url\":\"https:\\\/\\\/i0.wp.com\\\/vamosporlaliberacion.org\\\/crpmlm\\\/wp-content\\\/uploads\\\/2020\\\/08\\\/photo_2020-08-26_19-18-09.jpg?fit=1040%2C1040&ssl=1\",\"contentUrl\":\"https:\\\/\\\/i0.wp.com\\\/vamosporlaliberacion.org\\\/crpmlm\\\/wp-content\\\/uploads\\\/2020\\\/08\\\/photo_2020-08-26_19-18-09.jpg?fit=1040%2C1040&ssl=1\",\"width\":1040,\"height\":1040},{\"@type\":\"BreadcrumbList\",\"@id\":\"https:\\\/\\\/vamosporlaliberacion.org\\\/crpmlm\\\/frente-al-profundo-rechazo-popular-al-intento-de-larreta-de-abrir-las-escuelas-trotta-no-aprobo-el-protocolo\\\/#breadcrumb\",\"itemListElement\":[{\"@type\":\"ListItem\",\"position\":1,\"name\":\"Portada\",\"item\":\"https:\\\/\\\/vamosporlaliberacion.org\\\/crpmlm\\\/\"},{\"@type\":\"ListItem\",\"position\":2,\"name\":\"Frente al profundo rechazo popular al intento de Larreta de abrir las escuelas, Trotta no aprob\u00f3 el protocolo\"}]},{\"@type\":\"WebSite\",\"@id\":\"https:\\\/\\\/vamosporlaliberacion.org\\\/crpmlm\\\/#website\",\"url\":\"https:\\\/\\\/vamosporlaliberacion.org\\\/crpmlm\\\/\",\"name\":\"Vamos por la Liberaci\u00f3n\",\"description\":\"Prensa CR\",\"potentialAction\":[{\"@type\":\"SearchAction\",\"target\":{\"@type\":\"EntryPoint\",\"urlTemplate\":\"https:\\\/\\\/vamosporlaliberacion.org\\\/crpmlm\\\/?s={search_term_string}\"},\"query-input\":{\"@type\":\"PropertyValueSpecification\",\"valueRequired\":true,\"valueName\":\"search_term_string\"}}],\"inLanguage\":\"es\"},{\"@type\":\"Person\",\"@id\":\"https:\\\/\\\/vamosporlaliberacion.org\\\/crpmlm\\\/#\\\/schema\\\/person\\\/d6eac7758df3770dae9cd9eb104d615c\",\"name\":\"vamos!\",\"url\":\"https:\\\/\\\/vamosporlaliberacion.org\\\/crpmlm\\\/author\\\/adminvxl\\\/\"}]}<\/script>\n<!-- \/ Yoast SEO plugin. -->","yoast_head_json":{"title":"Frente al profundo rechazo popular al intento de Larreta de abrir las escuelas, Trotta no aprob\u00f3 el protocolo - Vamos por la Liberaci\u00f3n","robots":{"index":"index","follow":"follow","max-snippet":"max-snippet:-1","max-image-preview":"max-image-preview:large","max-video-preview":"max-video-preview:-1"},"canonical":"https:\/\/vamosporlaliberacion.org\/crpmlm\/frente-al-profundo-rechazo-popular-al-intento-de-larreta-de-abrir-las-escuelas-trotta-no-aprobo-el-protocolo\/","twitter_misc":{"Escrito por":"vamos!","Tiempo de lectura":"7 minutos"},"schema":{"@context":"https:\/\/schema.org","@graph":[{"@type":"Article","@id":"https:\/\/vamosporlaliberacion.org\/crpmlm\/frente-al-profundo-rechazo-popular-al-intento-de-larreta-de-abrir-las-escuelas-trotta-no-aprobo-el-protocolo\/#article","isPartOf":{"@id":"https:\/\/vamosporlaliberacion.org\/crpmlm\/frente-al-profundo-rechazo-popular-al-intento-de-larreta-de-abrir-las-escuelas-trotta-no-aprobo-el-protocolo\/"},"author":{"name":"vamos!","@id":"https:\/\/vamosporlaliberacion.org\/crpmlm\/#\/schema\/person\/d6eac7758df3770dae9cd9eb104d615c"},"headline":"Frente al profundo rechazo popular al intento de Larreta de abrir las escuelas, Trotta no aprob\u00f3 el protocolo","datePublished":"2020-08-26T22:44:22+00:00","dateModified":"2020-11-05T23:03:35+00:00","mainEntityOfPage":{"@id":"https:\/\/vamosporlaliberacion.org\/crpmlm\/frente-al-profundo-rechazo-popular-al-intento-de-larreta-de-abrir-las-escuelas-trotta-no-aprobo-el-protocolo\/"},"wordCount":1344,"commentCount":0,"image":{"@id":"https:\/\/vamosporlaliberacion.org\/crpmlm\/frente-al-profundo-rechazo-popular-al-intento-de-larreta-de-abrir-las-escuelas-trotta-no-aprobo-el-protocolo\/#primaryimage"},"thumbnailUrl":"https:\/\/i0.wp.com\/vamosporlaliberacion.org\/crpmlm\/wp-content\/uploads\/2020\/08\/photo_2020-08-26_19-18-09.jpg?fit=1040%2C1040&ssl=1","articleSection":["Actualidad e historia del movimiento obrero"],"inLanguage":"es","potentialAction":[{"@type":"CommentAction","name":"Comment","target":["https:\/\/vamosporlaliberacion.org\/crpmlm\/frente-al-profundo-rechazo-popular-al-intento-de-larreta-de-abrir-las-escuelas-trotta-no-aprobo-el-protocolo\/#respond"]}]},{"@type":"WebPage","@id":"https:\/\/vamosporlaliberacion.org\/crpmlm\/frente-al-profundo-rechazo-popular-al-intento-de-larreta-de-abrir-las-escuelas-trotta-no-aprobo-el-protocolo\/","url":"https:\/\/vamosporlaliberacion.org\/crpmlm\/frente-al-profundo-rechazo-popular-al-intento-de-larreta-de-abrir-las-escuelas-trotta-no-aprobo-el-protocolo\/","name":"Frente al profundo rechazo popular al intento de Larreta de abrir las escuelas, Trotta no aprob\u00f3 el protocolo - Vamos por la Liberaci\u00f3n","isPartOf":{"@id":"https:\/\/vamosporlaliberacion.org\/crpmlm\/#website"},"primaryImageOfPage":{"@id":"https:\/\/vamosporlaliberacion.org\/crpmlm\/frente-al-profundo-rechazo-popular-al-intento-de-larreta-de-abrir-las-escuelas-trotta-no-aprobo-el-protocolo\/#primaryimage"},"image":{"@id":"https:\/\/vamosporlaliberacion.org\/crpmlm\/frente-al-profundo-rechazo-popular-al-intento-de-larreta-de-abrir-las-escuelas-trotta-no-aprobo-el-protocolo\/#primaryimage"},"thumbnailUrl":"https:\/\/i0.wp.com\/vamosporlaliberacion.org\/crpmlm\/wp-content\/uploads\/2020\/08\/photo_2020-08-26_19-18-09.jpg?fit=1040%2C1040&ssl=1","datePublished":"2020-08-26T22:44:22+00:00","dateModified":"2020-11-05T23:03:35+00:00","author":{"@id":"https:\/\/vamosporlaliberacion.org\/crpmlm\/#\/schema\/person\/d6eac7758df3770dae9cd9eb104d615c"},"breadcrumb":{"@id":"https:\/\/vamosporlaliberacion.org\/crpmlm\/frente-al-profundo-rechazo-popular-al-intento-de-larreta-de-abrir-las-escuelas-trotta-no-aprobo-el-protocolo\/#breadcrumb"},"inLanguage":"es","potentialAction":[{"@type":"ReadAction","target":["https:\/\/vamosporlaliberacion.org\/crpmlm\/frente-al-profundo-rechazo-popular-al-intento-de-larreta-de-abrir-las-escuelas-trotta-no-aprobo-el-protocolo\/"]}]},{"@type":"ImageObject","inLanguage":"es","@id":"https:\/\/vamosporlaliberacion.org\/crpmlm\/frente-al-profundo-rechazo-popular-al-intento-de-larreta-de-abrir-las-escuelas-trotta-no-aprobo-el-protocolo\/#primaryimage","url":"https:\/\/i0.wp.com\/vamosporlaliberacion.org\/crpmlm\/wp-content\/uploads\/2020\/08\/photo_2020-08-26_19-18-09.jpg?fit=1040%2C1040&ssl=1","contentUrl":"https:\/\/i0.wp.com\/vamosporlaliberacion.org\/crpmlm\/wp-content\/uploads\/2020\/08\/photo_2020-08-26_19-18-09.jpg?fit=1040%2C1040&ssl=1","width":1040,"height":1040},{"@type":"BreadcrumbList","@id":"https:\/\/vamosporlaliberacion.org\/crpmlm\/frente-al-profundo-rechazo-popular-al-intento-de-larreta-de-abrir-las-escuelas-trotta-no-aprobo-el-protocolo\/#breadcrumb","itemListElement":[{"@type":"ListItem","position":1,"name":"Portada","item":"https:\/\/vamosporlaliberacion.org\/crpmlm\/"},{"@type":"ListItem","position":2,"name":"Frente al profundo rechazo popular al intento de Larreta de abrir las escuelas, Trotta no aprob\u00f3 el protocolo"}]},{"@type":"WebSite","@id":"https:\/\/vamosporlaliberacion.org\/crpmlm\/#website","url":"https:\/\/vamosporlaliberacion.org\/crpmlm\/","name":"Vamos por la Liberaci\u00f3n","description":"Prensa CR","potentialAction":[{"@type":"SearchAction","target":{"@type":"EntryPoint","urlTemplate":"https:\/\/vamosporlaliberacion.org\/crpmlm\/?s={search_term_string}"},"query-input":{"@type":"PropertyValueSpecification","valueRequired":true,"valueName":"search_term_string"}}],"inLanguage":"es"},{"@type":"Person","@id":"https:\/\/vamosporlaliberacion.org\/crpmlm\/#\/schema\/person\/d6eac7758df3770dae9cd9eb104d615c","name":"vamos!","url":"https:\/\/vamosporlaliberacion.org\/crpmlm\/author\/adminvxl\/"}]}},"jetpack_featured_media_url":"https:\/\/i0.wp.com\/vamosporlaliberacion.org\/crpmlm\/wp-content\/uploads\/2020\/08\/photo_2020-08-26_19-18-09.jpg?fit=1040%2C1040&ssl=1","jetpack_sharing_enabled":true,"_links":{"self":[{"href":"https:\/\/vamosporlaliberacion.org\/crpmlm\/wp-json\/wp\/v2\/posts\/19262","targetHints":{"allow":["GET"]}}],"collection":[{"href":"https:\/\/vamosporlaliberacion.org\/crpmlm\/wp-json\/wp\/v2\/posts"}],"about":[{"href":"https:\/\/vamosporlaliberacion.org\/crpmlm\/wp-json\/wp\/v2\/types\/post"}],"author":[{"embeddable":true,"href":"https:\/\/vamosporlaliberacion.org\/crpmlm\/wp-json\/wp\/v2\/users\/6"}],"replies":[{"embeddable":true,"href":"https:\/\/vamosporlaliberacion.org\/crpmlm\/wp-json\/wp\/v2\/comments?post=19262"}],"version-history":[{"count":3,"href":"https:\/\/vamosporlaliberacion.org\/crpmlm\/wp-json\/wp\/v2\/posts\/19262\/revisions"}],"predecessor-version":[{"id":19268,"href":"https:\/\/vamosporlaliberacion.org\/crpmlm\/wp-json\/wp\/v2\/posts\/19262\/revisions\/19268"}],"wp:featuredmedia":[{"embeddable":true,"href":"https:\/\/vamosporlaliberacion.org\/crpmlm\/wp-json\/wp\/v2\/media\/19263"}],"wp:attachment":[{"href":"https:\/\/vamosporlaliberacion.org\/crpmlm\/wp-json\/wp\/v2\/media?parent=19262"}],"wp:term":[{"taxonomy":"category","embeddable":true,"href":"https:\/\/vamosporlaliberacion.org\/crpmlm\/wp-json\/wp\/v2\/categories?post=19262"},{"taxonomy":"post_tag","embeddable":true,"href":"https:\/\/vamosporlaliberacion.org\/crpmlm\/wp-json\/wp\/v2\/tags?post=19262"}],"curies":[{"name":"wp","href":"https:\/\/api.w.org\/{rel}","templated":true}]}}