{"id":19258,"date":"2020-08-26T19:22:37","date_gmt":"2020-08-26T22:22:37","guid":{"rendered":"http:\/\/vamosporlaliberacion.org\/crpmlm\/?p=19258"},"modified":"2020-10-23T18:59:52","modified_gmt":"2020-10-23T21:59:52","slug":"tercer-dia-de-protestas-de-trabajadores-de-algodonera-avellaneda-en-plantas-del-grupo-vicentin","status":"publish","type":"post","link":"https:\/\/vamosporlaliberacion.org\/crpmlm\/tercer-dia-de-protestas-de-trabajadores-de-algodonera-avellaneda-en-plantas-del-grupo-vicentin\/","title":{"rendered":"Tercer d\u00eda de protestas de trabajadores de Algodonera Avellaneda en plantas del Grupo Vicentin"},"content":{"rendered":"\n<p>Lxs trabajadorxs contin\u00faan reclamando que la empresa se comprometa a comparecer y abrir una negociaci\u00f3n real en una nueva audiencia en Ministerio de Trabajo de la Provincia de Santa Fe para resolver el conflicto. Lxs trabajadorxs se encuentran sosteniendo una larga huelga de m\u00e1s de 70 d\u00edas reclamando aumento salarial.<\/p>\n\n\n\n<p><strong>\u201cUn conflicto de trabajadores que se est\u00e1n muriendo de hambre\u201d<\/strong><\/p>\n\n\n\n<p>Pocos d\u00edas atr\u00e1s, Daniel Yofra, el Secretario General de la Federaci\u00f3n nacional de obreros aceiteros y desmotadores de algod\u00f3n, habl\u00f3 sobre el conflicto de la Algodonera Avellaneda: \u201cEn Vicent\u00edn no entienden por qu\u00e9 le siguen haciendo un paro. Hace 4 meses que est\u00e1n de paro por sueldos de hambre\u201d. Lo hizo en declaraciones al portal sindical InfoGremiales.<\/p>\n\n\n\n<p>\u201cEstamos en una situaci\u00f3n bastante conflictiva, que nosotros la agarramos hace un mes en solidaridad con esos compa\u00f1eros porque el propio sindicato (la Asociaci\u00f3n Obrera Textil) los abandon\u00f3. No solamente los abandon\u00f3, les dio la espalda cuando quisieron hacer huelga para salir del estado de pobreza\u201d, record\u00f3.<\/p>\n\n\n\n<p>En su momento, los delegados de la Algodonera Avellaneda denunciaron que el sindicato textil era aliado de la empresa Vicentin, por lo que se afiliaron al Sindicato de Aceiteros y Desmotadores de Reconquista, parte de la Federaci\u00f3n nacional.<\/p>\n\n\n\n<p>\u201cSi tuvi\u00e9ramos pol\u00edticas obreras en este pa\u00eds posiblemente ya se hubiese resuelto\u201d, dispar\u00f3 el dirigente. \u201cQueremos visibilizar el conflicto para que se sepa que no es un problema de encuadre sindical, ni encuadre convencional. Lo que estamos diciendo es que hay un grupo mayoritario de esos compa\u00f1eros que se afiliaron al gremio nuestro y nosotros los estamos representando. Lo importante es que salgan de esos salarios miserables de 20 mil, 30 mil pesos que cobran\u201d.<\/p>\n<!-- AddThis Advanced Settings generic via filter on the_content --><!-- AddThis Share Buttons generic via filter on the_content -->","protected":false},"excerpt":{"rendered":"<p>Lxs trabajadorxs contin\u00faan reclamando que la empresa se comprometa a comparecer y abrir una negociaci\u00f3n real en una nueva audiencia en Ministerio de Trabajo de la Provincia de Santa Fe para resolver el conflicto. Lxs trabajadorxs se encuentran sosteniendo una larga huelga de m\u00e1s de 70 d\u00edas reclamando aumento salarial. \u201cUn conflicto de trabajadores que [&hellip;]<!-- AddThis Advanced Settings generic via filter on get_the_excerpt --><!-- AddThis Share Buttons generic via filter on get_the_excerpt --><\/p>\n","protected":false},"author":6,"featured_media":19260,"comment_status":"open","ping_status":"open","sticky":false,"template":"","format":"standard","meta":{"_jetpack_memberships_contains_paid_content":false,"footnotes":""},"categories":[1877],"tags":[],"class_list":{"0":"post-19258","1":"post","2":"type-post","3":"status-publish","4":"format-standard","5":"has-post-thumbnail","7":"category-gremiales"},"yoast_head":"<!-- This site is optimized with the Yoast SEO plugin v27.4 - https:\/\/yoast.com\/product\/yoast-seo-wordpress\/ -->\n<title>Tercer d\u00eda de protestas de trabajadores de Algodonera Avellaneda en plantas del Grupo Vicentin - Vamos por la Liberaci\u00f3n<\/title>\n<meta name=\"robots\" content=\"index, follow, max-snippet:-1, max-image-preview:large, max-video-preview:-1\" \/>\n<link rel=\"canonical\" href=\"https:\/\/vamosporlaliberacion.org\/crpmlm\/tercer-dia-de-protestas-de-trabajadores-de-algodonera-avellaneda-en-plantas-del-grupo-vicentin\/\" \/>\n<meta name=\"twitter:label1\" content=\"Escrito por\" \/>\n\t<meta name=\"twitter:data1\" content=\"vamos!\" \/>\n\t<meta name=\"twitter:label2\" content=\"Tiempo de lectura\" \/>\n\t<meta name=\"twitter:data2\" content=\"1 minuto\" \/>\n<script type=\"application\/ld+json\" class=\"yoast-schema-graph\">{\"@context\":\"https:\\\/\\\/schema.org\",\"@graph\":[{\"@type\":\"Article\",\"@id\":\"https:\\\/\\\/vamosporlaliberacion.org\\\/crpmlm\\\/tercer-dia-de-protestas-de-trabajadores-de-algodonera-avellaneda-en-plantas-del-grupo-vicentin\\\/#article\",\"isPartOf\":{\"@id\":\"https:\\\/\\\/vamosporlaliberacion.org\\\/crpmlm\\\/tercer-dia-de-protestas-de-trabajadores-de-algodonera-avellaneda-en-plantas-del-grupo-vicentin\\\/\"},\"author\":{\"name\":\"vamos!\",\"@id\":\"https:\\\/\\\/vamosporlaliberacion.org\\\/crpmlm\\\/#\\\/schema\\\/person\\\/d6eac7758df3770dae9cd9eb104d615c\"},\"headline\":\"Tercer d\u00eda de protestas de trabajadores de Algodonera Avellaneda en plantas del Grupo Vicentin\",\"datePublished\":\"2020-08-26T22:22:37+00:00\",\"dateModified\":\"2020-10-23T21:59:52+00:00\",\"mainEntityOfPage\":{\"@id\":\"https:\\\/\\\/vamosporlaliberacion.org\\\/crpmlm\\\/tercer-dia-de-protestas-de-trabajadores-de-algodonera-avellaneda-en-plantas-del-grupo-vicentin\\\/\"},\"wordCount\":307,\"commentCount\":0,\"image\":{\"@id\":\"https:\\\/\\\/vamosporlaliberacion.org\\\/crpmlm\\\/tercer-dia-de-protestas-de-trabajadores-de-algodonera-avellaneda-en-plantas-del-grupo-vicentin\\\/#primaryimage\"},\"thumbnailUrl\":\"https:\\\/\\\/i0.wp.com\\\/vamosporlaliberacion.org\\\/crpmlm\\\/wp-content\\\/uploads\\\/2020\\\/08\\\/321287_egle06qx0aa9kn_.jpg?fit=1026%2C680&ssl=1\",\"articleSection\":[\"Actualidad e historia del movimiento obrero\"],\"inLanguage\":\"es\",\"potentialAction\":[{\"@type\":\"CommentAction\",\"name\":\"Comment\",\"target\":[\"https:\\\/\\\/vamosporlaliberacion.org\\\/crpmlm\\\/tercer-dia-de-protestas-de-trabajadores-de-algodonera-avellaneda-en-plantas-del-grupo-vicentin\\\/#respond\"]}]},{\"@type\":\"WebPage\",\"@id\":\"https:\\\/\\\/vamosporlaliberacion.org\\\/crpmlm\\\/tercer-dia-de-protestas-de-trabajadores-de-algodonera-avellaneda-en-plantas-del-grupo-vicentin\\\/\",\"url\":\"https:\\\/\\\/vamosporlaliberacion.org\\\/crpmlm\\\/tercer-dia-de-protestas-de-trabajadores-de-algodonera-avellaneda-en-plantas-del-grupo-vicentin\\\/\",\"name\":\"Tercer d\u00eda de protestas de trabajadores de Algodonera Avellaneda en plantas del Grupo Vicentin - Vamos por la Liberaci\u00f3n\",\"isPartOf\":{\"@id\":\"https:\\\/\\\/vamosporlaliberacion.org\\\/crpmlm\\\/#website\"},\"primaryImageOfPage\":{\"@id\":\"https:\\\/\\\/vamosporlaliberacion.org\\\/crpmlm\\\/tercer-dia-de-protestas-de-trabajadores-de-algodonera-avellaneda-en-plantas-del-grupo-vicentin\\\/#primaryimage\"},\"image\":{\"@id\":\"https:\\\/\\\/vamosporlaliberacion.org\\\/crpmlm\\\/tercer-dia-de-protestas-de-trabajadores-de-algodonera-avellaneda-en-plantas-del-grupo-vicentin\\\/#primaryimage\"},\"thumbnailUrl\":\"https:\\\/\\\/i0.wp.com\\\/vamosporlaliberacion.org\\\/crpmlm\\\/wp-content\\\/uploads\\\/2020\\\/08\\\/321287_egle06qx0aa9kn_.jpg?fit=1026%2C680&ssl=1\",\"datePublished\":\"2020-08-26T22:22:37+00:00\",\"dateModified\":\"2020-10-23T21:59:52+00:00\",\"author\":{\"@id\":\"https:\\\/\\\/vamosporlaliberacion.org\\\/crpmlm\\\/#\\\/schema\\\/person\\\/d6eac7758df3770dae9cd9eb104d615c\"},\"breadcrumb\":{\"@id\":\"https:\\\/\\\/vamosporlaliberacion.org\\\/crpmlm\\\/tercer-dia-de-protestas-de-trabajadores-de-algodonera-avellaneda-en-plantas-del-grupo-vicentin\\\/#breadcrumb\"},\"inLanguage\":\"es\",\"potentialAction\":[{\"@type\":\"ReadAction\",\"target\":[\"https:\\\/\\\/vamosporlaliberacion.org\\\/crpmlm\\\/tercer-dia-de-protestas-de-trabajadores-de-algodonera-avellaneda-en-plantas-del-grupo-vicentin\\\/\"]}]},{\"@type\":\"ImageObject\",\"inLanguage\":\"es\",\"@id\":\"https:\\\/\\\/vamosporlaliberacion.org\\\/crpmlm\\\/tercer-dia-de-protestas-de-trabajadores-de-algodonera-avellaneda-en-plantas-del-grupo-vicentin\\\/#primaryimage\",\"url\":\"https:\\\/\\\/i0.wp.com\\\/vamosporlaliberacion.org\\\/crpmlm\\\/wp-content\\\/uploads\\\/2020\\\/08\\\/321287_egle06qx0aa9kn_.jpg?fit=1026%2C680&ssl=1\",\"contentUrl\":\"https:\\\/\\\/i0.wp.com\\\/vamosporlaliberacion.org\\\/crpmlm\\\/wp-content\\\/uploads\\\/2020\\\/08\\\/321287_egle06qx0aa9kn_.jpg?fit=1026%2C680&ssl=1\",\"width\":1026,\"height\":680},{\"@type\":\"BreadcrumbList\",\"@id\":\"https:\\\/\\\/vamosporlaliberacion.org\\\/crpmlm\\\/tercer-dia-de-protestas-de-trabajadores-de-algodonera-avellaneda-en-plantas-del-grupo-vicentin\\\/#breadcrumb\",\"itemListElement\":[{\"@type\":\"ListItem\",\"position\":1,\"name\":\"Portada\",\"item\":\"https:\\\/\\\/vamosporlaliberacion.org\\\/crpmlm\\\/\"},{\"@type\":\"ListItem\",\"position\":2,\"name\":\"Tercer d\u00eda de protestas de trabajadores de Algodonera Avellaneda en plantas del Grupo Vicentin\"}]},{\"@type\":\"WebSite\",\"@id\":\"https:\\\/\\\/vamosporlaliberacion.org\\\/crpmlm\\\/#website\",\"url\":\"https:\\\/\\\/vamosporlaliberacion.org\\\/crpmlm\\\/\",\"name\":\"Vamos por la Liberaci\u00f3n\",\"description\":\"Prensa CR\",\"potentialAction\":[{\"@type\":\"SearchAction\",\"target\":{\"@type\":\"EntryPoint\",\"urlTemplate\":\"https:\\\/\\\/vamosporlaliberacion.org\\\/crpmlm\\\/?s={search_term_string}\"},\"query-input\":{\"@type\":\"PropertyValueSpecification\",\"valueRequired\":true,\"valueName\":\"search_term_string\"}}],\"inLanguage\":\"es\"},{\"@type\":\"Person\",\"@id\":\"https:\\\/\\\/vamosporlaliberacion.org\\\/crpmlm\\\/#\\\/schema\\\/person\\\/d6eac7758df3770dae9cd9eb104d615c\",\"name\":\"vamos!\",\"url\":\"https:\\\/\\\/vamosporlaliberacion.org\\\/crpmlm\\\/author\\\/adminvxl\\\/\"}]}<\/script>\n<!-- \/ Yoast SEO plugin. -->","yoast_head_json":{"title":"Tercer d\u00eda de protestas de trabajadores de Algodonera Avellaneda en plantas del Grupo Vicentin - Vamos por la Liberaci\u00f3n","robots":{"index":"index","follow":"follow","max-snippet":"max-snippet:-1","max-image-preview":"max-image-preview:large","max-video-preview":"max-video-preview:-1"},"canonical":"https:\/\/vamosporlaliberacion.org\/crpmlm\/tercer-dia-de-protestas-de-trabajadores-de-algodonera-avellaneda-en-plantas-del-grupo-vicentin\/","twitter_misc":{"Escrito por":"vamos!","Tiempo de lectura":"1 minuto"},"schema":{"@context":"https:\/\/schema.org","@graph":[{"@type":"Article","@id":"https:\/\/vamosporlaliberacion.org\/crpmlm\/tercer-dia-de-protestas-de-trabajadores-de-algodonera-avellaneda-en-plantas-del-grupo-vicentin\/#article","isPartOf":{"@id":"https:\/\/vamosporlaliberacion.org\/crpmlm\/tercer-dia-de-protestas-de-trabajadores-de-algodonera-avellaneda-en-plantas-del-grupo-vicentin\/"},"author":{"name":"vamos!","@id":"https:\/\/vamosporlaliberacion.org\/crpmlm\/#\/schema\/person\/d6eac7758df3770dae9cd9eb104d615c"},"headline":"Tercer d\u00eda de protestas de trabajadores de Algodonera Avellaneda en plantas del Grupo Vicentin","datePublished":"2020-08-26T22:22:37+00:00","dateModified":"2020-10-23T21:59:52+00:00","mainEntityOfPage":{"@id":"https:\/\/vamosporlaliberacion.org\/crpmlm\/tercer-dia-de-protestas-de-trabajadores-de-algodonera-avellaneda-en-plantas-del-grupo-vicentin\/"},"wordCount":307,"commentCount":0,"image":{"@id":"https:\/\/vamosporlaliberacion.org\/crpmlm\/tercer-dia-de-protestas-de-trabajadores-de-algodonera-avellaneda-en-plantas-del-grupo-vicentin\/#primaryimage"},"thumbnailUrl":"https:\/\/i0.wp.com\/vamosporlaliberacion.org\/crpmlm\/wp-content\/uploads\/2020\/08\/321287_egle06qx0aa9kn_.jpg?fit=1026%2C680&ssl=1","articleSection":["Actualidad e historia del movimiento obrero"],"inLanguage":"es","potentialAction":[{"@type":"CommentAction","name":"Comment","target":["https:\/\/vamosporlaliberacion.org\/crpmlm\/tercer-dia-de-protestas-de-trabajadores-de-algodonera-avellaneda-en-plantas-del-grupo-vicentin\/#respond"]}]},{"@type":"WebPage","@id":"https:\/\/vamosporlaliberacion.org\/crpmlm\/tercer-dia-de-protestas-de-trabajadores-de-algodonera-avellaneda-en-plantas-del-grupo-vicentin\/","url":"https:\/\/vamosporlaliberacion.org\/crpmlm\/tercer-dia-de-protestas-de-trabajadores-de-algodonera-avellaneda-en-plantas-del-grupo-vicentin\/","name":"Tercer d\u00eda de protestas de trabajadores de Algodonera Avellaneda en plantas del Grupo Vicentin - Vamos por la Liberaci\u00f3n","isPartOf":{"@id":"https:\/\/vamosporlaliberacion.org\/crpmlm\/#website"},"primaryImageOfPage":{"@id":"https:\/\/vamosporlaliberacion.org\/crpmlm\/tercer-dia-de-protestas-de-trabajadores-de-algodonera-avellaneda-en-plantas-del-grupo-vicentin\/#primaryimage"},"image":{"@id":"https:\/\/vamosporlaliberacion.org\/crpmlm\/tercer-dia-de-protestas-de-trabajadores-de-algodonera-avellaneda-en-plantas-del-grupo-vicentin\/#primaryimage"},"thumbnailUrl":"https:\/\/i0.wp.com\/vamosporlaliberacion.org\/crpmlm\/wp-content\/uploads\/2020\/08\/321287_egle06qx0aa9kn_.jpg?fit=1026%2C680&ssl=1","datePublished":"2020-08-26T22:22:37+00:00","dateModified":"2020-10-23T21:59:52+00:00","author":{"@id":"https:\/\/vamosporlaliberacion.org\/crpmlm\/#\/schema\/person\/d6eac7758df3770dae9cd9eb104d615c"},"breadcrumb":{"@id":"https:\/\/vamosporlaliberacion.org\/crpmlm\/tercer-dia-de-protestas-de-trabajadores-de-algodonera-avellaneda-en-plantas-del-grupo-vicentin\/#breadcrumb"},"inLanguage":"es","potentialAction":[{"@type":"ReadAction","target":["https:\/\/vamosporlaliberacion.org\/crpmlm\/tercer-dia-de-protestas-de-trabajadores-de-algodonera-avellaneda-en-plantas-del-grupo-vicentin\/"]}]},{"@type":"ImageObject","inLanguage":"es","@id":"https:\/\/vamosporlaliberacion.org\/crpmlm\/tercer-dia-de-protestas-de-trabajadores-de-algodonera-avellaneda-en-plantas-del-grupo-vicentin\/#primaryimage","url":"https:\/\/i0.wp.com\/vamosporlaliberacion.org\/crpmlm\/wp-content\/uploads\/2020\/08\/321287_egle06qx0aa9kn_.jpg?fit=1026%2C680&ssl=1","contentUrl":"https:\/\/i0.wp.com\/vamosporlaliberacion.org\/crpmlm\/wp-content\/uploads\/2020\/08\/321287_egle06qx0aa9kn_.jpg?fit=1026%2C680&ssl=1","width":1026,"height":680},{"@type":"BreadcrumbList","@id":"https:\/\/vamosporlaliberacion.org\/crpmlm\/tercer-dia-de-protestas-de-trabajadores-de-algodonera-avellaneda-en-plantas-del-grupo-vicentin\/#breadcrumb","itemListElement":[{"@type":"ListItem","position":1,"name":"Portada","item":"https:\/\/vamosporlaliberacion.org\/crpmlm\/"},{"@type":"ListItem","position":2,"name":"Tercer d\u00eda de protestas de trabajadores de Algodonera Avellaneda en plantas del Grupo Vicentin"}]},{"@type":"WebSite","@id":"https:\/\/vamosporlaliberacion.org\/crpmlm\/#website","url":"https:\/\/vamosporlaliberacion.org\/crpmlm\/","name":"Vamos por la Liberaci\u00f3n","description":"Prensa CR","potentialAction":[{"@type":"SearchAction","target":{"@type":"EntryPoint","urlTemplate":"https:\/\/vamosporlaliberacion.org\/crpmlm\/?s={search_term_string}"},"query-input":{"@type":"PropertyValueSpecification","valueRequired":true,"valueName":"search_term_string"}}],"inLanguage":"es"},{"@type":"Person","@id":"https:\/\/vamosporlaliberacion.org\/crpmlm\/#\/schema\/person\/d6eac7758df3770dae9cd9eb104d615c","name":"vamos!","url":"https:\/\/vamosporlaliberacion.org\/crpmlm\/author\/adminvxl\/"}]}},"jetpack_featured_media_url":"https:\/\/i0.wp.com\/vamosporlaliberacion.org\/crpmlm\/wp-content\/uploads\/2020\/08\/321287_egle06qx0aa9kn_.jpg?fit=1026%2C680&ssl=1","jetpack_sharing_enabled":true,"_links":{"self":[{"href":"https:\/\/vamosporlaliberacion.org\/crpmlm\/wp-json\/wp\/v2\/posts\/19258","targetHints":{"allow":["GET"]}}],"collection":[{"href":"https:\/\/vamosporlaliberacion.org\/crpmlm\/wp-json\/wp\/v2\/posts"}],"about":[{"href":"https:\/\/vamosporlaliberacion.org\/crpmlm\/wp-json\/wp\/v2\/types\/post"}],"author":[{"embeddable":true,"href":"https:\/\/vamosporlaliberacion.org\/crpmlm\/wp-json\/wp\/v2\/users\/6"}],"replies":[{"embeddable":true,"href":"https:\/\/vamosporlaliberacion.org\/crpmlm\/wp-json\/wp\/v2\/comments?post=19258"}],"version-history":[{"count":1,"href":"https:\/\/vamosporlaliberacion.org\/crpmlm\/wp-json\/wp\/v2\/posts\/19258\/revisions"}],"predecessor-version":[{"id":19261,"href":"https:\/\/vamosporlaliberacion.org\/crpmlm\/wp-json\/wp\/v2\/posts\/19258\/revisions\/19261"}],"wp:featuredmedia":[{"embeddable":true,"href":"https:\/\/vamosporlaliberacion.org\/crpmlm\/wp-json\/wp\/v2\/media\/19260"}],"wp:attachment":[{"href":"https:\/\/vamosporlaliberacion.org\/crpmlm\/wp-json\/wp\/v2\/media?parent=19258"}],"wp:term":[{"taxonomy":"category","embeddable":true,"href":"https:\/\/vamosporlaliberacion.org\/crpmlm\/wp-json\/wp\/v2\/categories?post=19258"},{"taxonomy":"post_tag","embeddable":true,"href":"https:\/\/vamosporlaliberacion.org\/crpmlm\/wp-json\/wp\/v2\/tags?post=19258"}],"curies":[{"name":"wp","href":"https:\/\/api.w.org\/{rel}","templated":true}]}}