{"id":19079,"date":"2020-08-08T14:58:00","date_gmt":"2020-08-08T17:58:00","guid":{"rendered":"http:\/\/vamosporlaliberacion.org\/crpmlm\/?p=19079"},"modified":"2020-10-26T19:42:00","modified_gmt":"2020-10-26T22:42:00","slug":"ana-sosa-y-angel-manfredi-presentes-4","status":"publish","type":"post","link":"https:\/\/vamosporlaliberacion.org\/crpmlm\/ana-sosa-y-angel-manfredi-presentes-4\/","title":{"rendered":"Ana Sosa y \u00c1ngel Manfredi \u00a1presentes!"},"content":{"rendered":"\n<p style=\"font-size:18px\">Ana (36 a\u00f1os) y \u00c1ngel (34 a\u00f1os) fueron secuestrados en Tucum\u00e1n el 8 de agosto de 1976, mientras festejaban el d\u00eda del ni\u00f1x en la Colonia 2 del Ingenio Concepci\u00f3n. <\/p>\n\n\n\n<p class=\"has-regular-font-size\">Angelito y Ana fueron parte de esa generaci\u00f3n que se forj\u00f3 al calor de las luchas obreras y estudiantiles que estremecieron Tucum\u00e1n en las d\u00e9cadas del 60\/70. Parte de esa juventud rebelde, revolucionaria, que protagoniz\u00f3 los Tucumanazos y luego enfrent\u00f3 el Golpe de Estado m\u00e1s sanguinario que conoci\u00f3 nuestro pa\u00eds.<\/p>\n\n\n\n<p><strong>Ana Sosa de Reynaga<\/strong> se hab\u00eda graduado de la Facultad de Filosof\u00eda y Letras en la Universidad Nacional de Tucum\u00e1n -donde milit\u00f3 primero como estudiante y luego como docente- como Licenciada en Ciencias de la Educaci\u00f3n. Ten\u00eda 3 hijxs: Esteban, Luc\u00eda y Diego. Era profesora y psic\u00f3loga Social; trabaj\u00f3 en el Gabinete Pedag\u00f3gico de la Escuela Normal de San Miguel de Tucum\u00e1n y de la Escuela Normal de Simoca (a 70 km. de la capital). Fue parte del grupo fundador de la Escuela de Psicolog\u00eda Social en Tucum\u00e1n creada por el Dr. Enrique Pich\u00f3n Riviere. Integraba la direcci\u00f3n zonal del PCR.<\/p>\n\n\n\n<p><strong>\u00c1ngel Vicente Manfredi <\/strong>era hijo de ferroviarixs, parte de una familia muy humilde. A los 14 a\u00f1os ingres\u00f3 a trabajar en los talleres ferroviarios de Taf\u00ed Viejo. A la fecha de los hechos era t\u00e9cnico ferroviario de talleres y delegado de secci\u00f3n, pero hab\u00eda sido despedido por sus actividades pol\u00edtico-gremiales. Ten\u00eda 3 hijxs y estudiaba en la Facultad de Filosof\u00eda y Letras de la UNT. Era secretario pol\u00edtico del PCR Tucum\u00e1n y miembro del Comit\u00e9 Central.<\/p>\n\n\n\n<p>A la situaci\u00f3n de hambre y de miseria que viv\u00eda el pueblo tucumano bajo la dictadura de Videla-Bussi, se sumaba el terror fascista. El sindicato de obreros del ingenio Concepci\u00f3n asaltado por tropas de ej\u00e9rcito, cientxs de obrerxs de f\u00e1bricas y del surco secuestradxs o detenidxs, apaleadxs o amenazadxs. La Banda del r\u00edo Sal\u00ed ocupada militarmente, con un destacamento del ej\u00e9rcito en el mismo sindicato y un f\u00e9rreo control de rutas y caminos en todo Cruz Alta y el resto de la provincia.<\/p>\n\n\n\n<p><strong>En medio de este panorama, compa\u00f1eros como Angelito y Ana, trabajaron activamente para organizar la resistencia contra la dictadura y fue en esa lucha donde fueron secuestradxs.<\/strong><\/p>\n\n\n\n<p>El 8 de agosto de 1976 Ana y \u00c1ngel se encontraban en la Colonia 2 del Ingenio Concepci\u00f3n, llevando adelante una celebraci\u00f3n con motivo del d\u00eda del ni\u00f1x en casa de uno de lxs vecinxs del lugar. Aproximadamente a las 18.30 de ese d\u00eda un grupo de individuos armados ingresaron a ese domicilio y, amenazando de muerte a todxs lxs presentes los secuestraron, les pusieron una bolsa en la cabeza, les ataron las manos con sogas y los empujaron al interior de una camioneta del Ingenio. <\/p>\n\n\n\n<p>Aquel domingo fueron llevadxs a la Jefatura de Polic\u00eda donde permanecieron detenidxs, para ser luego trasladadxs al centro clandestino de detenci\u00f3n que funcionaba en el Arsenal Miguel de Azcu\u00e9naga. Se lxs llevaban para no devolverlXs m\u00e1s.<\/p>\n\n\n\n<p>Seg\u00fan se pudo reconstruir gracias a testimonios, fueron sometidxs a atroces torturas en los Arsenales Miguel de Azcu\u00e9naga. Pero \u00c1ngel y Ana se mantuvieron firmes a sus convicciones venciendo con el silencio a sus verdugxs, manteniendo a salvo los secretos del partido y a muchxs compa\u00f1erxs que hoy siguen con vida gracias a ellxs.<\/p>\n\n\n\n<figure class=\"wp-block-image size-large\"><img data-recalc-dims=\"1\" loading=\"lazy\" decoding=\"async\" width=\"696\" height=\"392\" src=\"https:\/\/i0.wp.com\/vamosporlaliberacion.org\/crpmlm\/wp-content\/uploads\/2020\/08\/Inspeccion-ocular_06-700x394.jpg?resize=696%2C392\" alt=\"\" class=\"wp-image-19083\" srcset=\"https:\/\/i0.wp.com\/vamosporlaliberacion.org\/crpmlm\/wp-content\/uploads\/2020\/08\/Inspeccion-ocular_06.jpg?resize=700%2C394&amp;ssl=1 700w, https:\/\/i0.wp.com\/vamosporlaliberacion.org\/crpmlm\/wp-content\/uploads\/2020\/08\/Inspeccion-ocular_06.jpg?resize=300%2C169&amp;ssl=1 300w, https:\/\/i0.wp.com\/vamosporlaliberacion.org\/crpmlm\/wp-content\/uploads\/2020\/08\/Inspeccion-ocular_06.jpg?resize=768%2C432&amp;ssl=1 768w, https:\/\/i0.wp.com\/vamosporlaliberacion.org\/crpmlm\/wp-content\/uploads\/2020\/08\/Inspeccion-ocular_06.jpg?resize=696%2C391&amp;ssl=1 696w, https:\/\/i0.wp.com\/vamosporlaliberacion.org\/crpmlm\/wp-content\/uploads\/2020\/08\/Inspeccion-ocular_06.jpg?resize=747%2C420&amp;ssl=1 747w, https:\/\/i0.wp.com\/vamosporlaliberacion.org\/crpmlm\/wp-content\/uploads\/2020\/08\/Inspeccion-ocular_06.jpg?w=900&amp;ssl=1 900w\" sizes=\"auto, (max-width: 696px) 100vw, 696px\" \/><figcaption>T\u00e9lam Tucum\u00e1n 20\/09\/2013. En el marco del juicio por lesa humanidad, \u00abJefatura II &#8211; Arsenales\u00bb, se realiza una inspecci\u00f3n ocular en el ex CCD \u00abPozo de Vargas\u00bb. Madres de Plaza de Mayo observan el pozo. Foto: Julio Pantoja\/T\u00e9lam\/<\/figcaption><\/figure>\n\n\n\n<p>Los restos de Ana y \u00c1ngel fueron identificadxs en el tenebroso pozo de Vargas. El Pozo de Vargas era un viejo pozo de agua, de 3 metros de di\u00e1metro por 40 metros de profundidad, ubicado en la zona oeste de la ciudad que los genocidas transformaron en una fosa com\u00fan donde tiraban a sus v\u00edctimas luego de torturarlas en los centros clandestinos de detenci\u00f3n, primero con el Operativo Independencia y despu\u00e9s bajo la Dictadura.<\/p>\n\n\n\n<p>En diciembre de 2013, se dict\u00f3 sentencia en la Megacausa Jefatura II-Arsenales II, donde estuvieron incorporados los casos de Ana y \u00c1ngel. Se condenaron a 37 imputados, con penas de apenas 2 a 18 a\u00f1os, s\u00f3lo dos perpetuas y se absolvieron a otros. Luego, una nueva resoluci\u00f3n judicial cambi\u00f3 la c\u00e1rcel com\u00fan y efectiva que hab\u00eda sido resuelta por la prisi\u00f3n domiciliaria. Una burla.<\/p>\n\n\n\n<p>Seguimos luchando por justicia para nuestrxs 30.000 compa\u00f1erxs y por ese futuro que so\u00f1aron, la liberaci\u00f3n y el socialismo.<\/p>\n<!-- AddThis Advanced Settings generic via filter on the_content --><!-- AddThis Share Buttons generic via filter on the_content -->","protected":false},"excerpt":{"rendered":"<p>Ana (36 a\u00f1os) y \u00c1ngel (34 a\u00f1os) fueron secuestrados en Tucum\u00e1n el 8 de agosto de 1976, mientras festejaban el d\u00eda del ni\u00f1x en la Colonia 2 del Ingenio Concepci\u00f3n. Angelito y Ana fueron parte de esa generaci\u00f3n que se forj\u00f3 al calor de las luchas obreras y estudiantiles que estremecieron Tucum\u00e1n en las d\u00e9cadas [&hellip;]<!-- AddThis Advanced Settings generic via filter on get_the_excerpt --><!-- AddThis Share Buttons generic via filter on get_the_excerpt --><\/p>\n","protected":false},"author":6,"featured_media":19086,"comment_status":"open","ping_status":"open","sticky":false,"template":"","format":"standard","meta":{"_jetpack_memberships_contains_paid_content":false,"footnotes":""},"categories":[1879],"tags":[],"class_list":{"0":"post-19079","1":"post","2":"type-post","3":"status-publish","4":"format-standard","5":"has-post-thumbnail","7":"category-nuestro-ejemplo"},"yoast_head":"<!-- This site is optimized with the Yoast SEO plugin v27.4 - https:\/\/yoast.com\/product\/yoast-seo-wordpress\/ -->\n<title>Ana Sosa y \u00c1ngel Manfredi \u00a1presentes! - Vamos por la Liberaci\u00f3n<\/title>\n<meta name=\"robots\" content=\"index, follow, max-snippet:-1, max-image-preview:large, max-video-preview:-1\" \/>\n<link rel=\"canonical\" href=\"https:\/\/vamosporlaliberacion.org\/crpmlm\/ana-sosa-y-angel-manfredi-presentes-4\/\" \/>\n<meta name=\"twitter:label1\" content=\"Escrito por\" \/>\n\t<meta name=\"twitter:data1\" content=\"vamos!\" \/>\n\t<meta name=\"twitter:label2\" content=\"Tiempo de lectura\" \/>\n\t<meta name=\"twitter:data2\" content=\"4 minutos\" \/>\n<script type=\"application\/ld+json\" class=\"yoast-schema-graph\">{\"@context\":\"https:\\\/\\\/schema.org\",\"@graph\":[{\"@type\":\"Article\",\"@id\":\"https:\\\/\\\/vamosporlaliberacion.org\\\/crpmlm\\\/ana-sosa-y-angel-manfredi-presentes-4\\\/#article\",\"isPartOf\":{\"@id\":\"https:\\\/\\\/vamosporlaliberacion.org\\\/crpmlm\\\/ana-sosa-y-angel-manfredi-presentes-4\\\/\"},\"author\":{\"name\":\"vamos!\",\"@id\":\"https:\\\/\\\/vamosporlaliberacion.org\\\/crpmlm\\\/#\\\/schema\\\/person\\\/d6eac7758df3770dae9cd9eb104d615c\"},\"headline\":\"Ana Sosa y \u00c1ngel Manfredi \u00a1presentes!\",\"datePublished\":\"2020-08-08T17:58:00+00:00\",\"dateModified\":\"2020-10-26T22:42:00+00:00\",\"mainEntityOfPage\":{\"@id\":\"https:\\\/\\\/vamosporlaliberacion.org\\\/crpmlm\\\/ana-sosa-y-angel-manfredi-presentes-4\\\/\"},\"wordCount\":796,\"commentCount\":0,\"image\":{\"@id\":\"https:\\\/\\\/vamosporlaliberacion.org\\\/crpmlm\\\/ana-sosa-y-angel-manfredi-presentes-4\\\/#primaryimage\"},\"thumbnailUrl\":\"https:\\\/\\\/i0.wp.com\\\/vamosporlaliberacion.org\\\/crpmlm\\\/wp-content\\\/uploads\\\/2020\\\/08\\\/08-08-2020-Ana-Sosa-y-%C3%81ngel-Manfredi.png?fit=1200%2C1200&ssl=1\",\"articleSection\":[\"Nuestro ejemplo\"],\"inLanguage\":\"es\",\"potentialAction\":[{\"@type\":\"CommentAction\",\"name\":\"Comment\",\"target\":[\"https:\\\/\\\/vamosporlaliberacion.org\\\/crpmlm\\\/ana-sosa-y-angel-manfredi-presentes-4\\\/#respond\"]}]},{\"@type\":\"WebPage\",\"@id\":\"https:\\\/\\\/vamosporlaliberacion.org\\\/crpmlm\\\/ana-sosa-y-angel-manfredi-presentes-4\\\/\",\"url\":\"https:\\\/\\\/vamosporlaliberacion.org\\\/crpmlm\\\/ana-sosa-y-angel-manfredi-presentes-4\\\/\",\"name\":\"Ana Sosa y \u00c1ngel Manfredi \u00a1presentes! - Vamos por la Liberaci\u00f3n\",\"isPartOf\":{\"@id\":\"https:\\\/\\\/vamosporlaliberacion.org\\\/crpmlm\\\/#website\"},\"primaryImageOfPage\":{\"@id\":\"https:\\\/\\\/vamosporlaliberacion.org\\\/crpmlm\\\/ana-sosa-y-angel-manfredi-presentes-4\\\/#primaryimage\"},\"image\":{\"@id\":\"https:\\\/\\\/vamosporlaliberacion.org\\\/crpmlm\\\/ana-sosa-y-angel-manfredi-presentes-4\\\/#primaryimage\"},\"thumbnailUrl\":\"https:\\\/\\\/i0.wp.com\\\/vamosporlaliberacion.org\\\/crpmlm\\\/wp-content\\\/uploads\\\/2020\\\/08\\\/08-08-2020-Ana-Sosa-y-%C3%81ngel-Manfredi.png?fit=1200%2C1200&ssl=1\",\"datePublished\":\"2020-08-08T17:58:00+00:00\",\"dateModified\":\"2020-10-26T22:42:00+00:00\",\"author\":{\"@id\":\"https:\\\/\\\/vamosporlaliberacion.org\\\/crpmlm\\\/#\\\/schema\\\/person\\\/d6eac7758df3770dae9cd9eb104d615c\"},\"breadcrumb\":{\"@id\":\"https:\\\/\\\/vamosporlaliberacion.org\\\/crpmlm\\\/ana-sosa-y-angel-manfredi-presentes-4\\\/#breadcrumb\"},\"inLanguage\":\"es\",\"potentialAction\":[{\"@type\":\"ReadAction\",\"target\":[\"https:\\\/\\\/vamosporlaliberacion.org\\\/crpmlm\\\/ana-sosa-y-angel-manfredi-presentes-4\\\/\"]}]},{\"@type\":\"ImageObject\",\"inLanguage\":\"es\",\"@id\":\"https:\\\/\\\/vamosporlaliberacion.org\\\/crpmlm\\\/ana-sosa-y-angel-manfredi-presentes-4\\\/#primaryimage\",\"url\":\"https:\\\/\\\/i0.wp.com\\\/vamosporlaliberacion.org\\\/crpmlm\\\/wp-content\\\/uploads\\\/2020\\\/08\\\/08-08-2020-Ana-Sosa-y-%C3%81ngel-Manfredi.png?fit=1200%2C1200&ssl=1\",\"contentUrl\":\"https:\\\/\\\/i0.wp.com\\\/vamosporlaliberacion.org\\\/crpmlm\\\/wp-content\\\/uploads\\\/2020\\\/08\\\/08-08-2020-Ana-Sosa-y-%C3%81ngel-Manfredi.png?fit=1200%2C1200&ssl=1\",\"width\":1200,\"height\":1200},{\"@type\":\"BreadcrumbList\",\"@id\":\"https:\\\/\\\/vamosporlaliberacion.org\\\/crpmlm\\\/ana-sosa-y-angel-manfredi-presentes-4\\\/#breadcrumb\",\"itemListElement\":[{\"@type\":\"ListItem\",\"position\":1,\"name\":\"Portada\",\"item\":\"https:\\\/\\\/vamosporlaliberacion.org\\\/crpmlm\\\/\"},{\"@type\":\"ListItem\",\"position\":2,\"name\":\"Ana Sosa y \u00c1ngel Manfredi \u00a1presentes!\"}]},{\"@type\":\"WebSite\",\"@id\":\"https:\\\/\\\/vamosporlaliberacion.org\\\/crpmlm\\\/#website\",\"url\":\"https:\\\/\\\/vamosporlaliberacion.org\\\/crpmlm\\\/\",\"name\":\"Vamos por la Liberaci\u00f3n\",\"description\":\"Prensa CR\",\"potentialAction\":[{\"@type\":\"SearchAction\",\"target\":{\"@type\":\"EntryPoint\",\"urlTemplate\":\"https:\\\/\\\/vamosporlaliberacion.org\\\/crpmlm\\\/?s={search_term_string}\"},\"query-input\":{\"@type\":\"PropertyValueSpecification\",\"valueRequired\":true,\"valueName\":\"search_term_string\"}}],\"inLanguage\":\"es\"},{\"@type\":\"Person\",\"@id\":\"https:\\\/\\\/vamosporlaliberacion.org\\\/crpmlm\\\/#\\\/schema\\\/person\\\/d6eac7758df3770dae9cd9eb104d615c\",\"name\":\"vamos!\",\"url\":\"https:\\\/\\\/vamosporlaliberacion.org\\\/crpmlm\\\/author\\\/adminvxl\\\/\"}]}<\/script>\n<!-- \/ Yoast SEO plugin. -->","yoast_head_json":{"title":"Ana Sosa y \u00c1ngel Manfredi \u00a1presentes! - Vamos por la Liberaci\u00f3n","robots":{"index":"index","follow":"follow","max-snippet":"max-snippet:-1","max-image-preview":"max-image-preview:large","max-video-preview":"max-video-preview:-1"},"canonical":"https:\/\/vamosporlaliberacion.org\/crpmlm\/ana-sosa-y-angel-manfredi-presentes-4\/","twitter_misc":{"Escrito por":"vamos!","Tiempo de lectura":"4 minutos"},"schema":{"@context":"https:\/\/schema.org","@graph":[{"@type":"Article","@id":"https:\/\/vamosporlaliberacion.org\/crpmlm\/ana-sosa-y-angel-manfredi-presentes-4\/#article","isPartOf":{"@id":"https:\/\/vamosporlaliberacion.org\/crpmlm\/ana-sosa-y-angel-manfredi-presentes-4\/"},"author":{"name":"vamos!","@id":"https:\/\/vamosporlaliberacion.org\/crpmlm\/#\/schema\/person\/d6eac7758df3770dae9cd9eb104d615c"},"headline":"Ana Sosa y \u00c1ngel Manfredi \u00a1presentes!","datePublished":"2020-08-08T17:58:00+00:00","dateModified":"2020-10-26T22:42:00+00:00","mainEntityOfPage":{"@id":"https:\/\/vamosporlaliberacion.org\/crpmlm\/ana-sosa-y-angel-manfredi-presentes-4\/"},"wordCount":796,"commentCount":0,"image":{"@id":"https:\/\/vamosporlaliberacion.org\/crpmlm\/ana-sosa-y-angel-manfredi-presentes-4\/#primaryimage"},"thumbnailUrl":"https:\/\/i0.wp.com\/vamosporlaliberacion.org\/crpmlm\/wp-content\/uploads\/2020\/08\/08-08-2020-Ana-Sosa-y-%C3%81ngel-Manfredi.png?fit=1200%2C1200&ssl=1","articleSection":["Nuestro ejemplo"],"inLanguage":"es","potentialAction":[{"@type":"CommentAction","name":"Comment","target":["https:\/\/vamosporlaliberacion.org\/crpmlm\/ana-sosa-y-angel-manfredi-presentes-4\/#respond"]}]},{"@type":"WebPage","@id":"https:\/\/vamosporlaliberacion.org\/crpmlm\/ana-sosa-y-angel-manfredi-presentes-4\/","url":"https:\/\/vamosporlaliberacion.org\/crpmlm\/ana-sosa-y-angel-manfredi-presentes-4\/","name":"Ana Sosa y \u00c1ngel Manfredi \u00a1presentes! - Vamos por la Liberaci\u00f3n","isPartOf":{"@id":"https:\/\/vamosporlaliberacion.org\/crpmlm\/#website"},"primaryImageOfPage":{"@id":"https:\/\/vamosporlaliberacion.org\/crpmlm\/ana-sosa-y-angel-manfredi-presentes-4\/#primaryimage"},"image":{"@id":"https:\/\/vamosporlaliberacion.org\/crpmlm\/ana-sosa-y-angel-manfredi-presentes-4\/#primaryimage"},"thumbnailUrl":"https:\/\/i0.wp.com\/vamosporlaliberacion.org\/crpmlm\/wp-content\/uploads\/2020\/08\/08-08-2020-Ana-Sosa-y-%C3%81ngel-Manfredi.png?fit=1200%2C1200&ssl=1","datePublished":"2020-08-08T17:58:00+00:00","dateModified":"2020-10-26T22:42:00+00:00","author":{"@id":"https:\/\/vamosporlaliberacion.org\/crpmlm\/#\/schema\/person\/d6eac7758df3770dae9cd9eb104d615c"},"breadcrumb":{"@id":"https:\/\/vamosporlaliberacion.org\/crpmlm\/ana-sosa-y-angel-manfredi-presentes-4\/#breadcrumb"},"inLanguage":"es","potentialAction":[{"@type":"ReadAction","target":["https:\/\/vamosporlaliberacion.org\/crpmlm\/ana-sosa-y-angel-manfredi-presentes-4\/"]}]},{"@type":"ImageObject","inLanguage":"es","@id":"https:\/\/vamosporlaliberacion.org\/crpmlm\/ana-sosa-y-angel-manfredi-presentes-4\/#primaryimage","url":"https:\/\/i0.wp.com\/vamosporlaliberacion.org\/crpmlm\/wp-content\/uploads\/2020\/08\/08-08-2020-Ana-Sosa-y-%C3%81ngel-Manfredi.png?fit=1200%2C1200&ssl=1","contentUrl":"https:\/\/i0.wp.com\/vamosporlaliberacion.org\/crpmlm\/wp-content\/uploads\/2020\/08\/08-08-2020-Ana-Sosa-y-%C3%81ngel-Manfredi.png?fit=1200%2C1200&ssl=1","width":1200,"height":1200},{"@type":"BreadcrumbList","@id":"https:\/\/vamosporlaliberacion.org\/crpmlm\/ana-sosa-y-angel-manfredi-presentes-4\/#breadcrumb","itemListElement":[{"@type":"ListItem","position":1,"name":"Portada","item":"https:\/\/vamosporlaliberacion.org\/crpmlm\/"},{"@type":"ListItem","position":2,"name":"Ana Sosa y \u00c1ngel Manfredi \u00a1presentes!"}]},{"@type":"WebSite","@id":"https:\/\/vamosporlaliberacion.org\/crpmlm\/#website","url":"https:\/\/vamosporlaliberacion.org\/crpmlm\/","name":"Vamos por la Liberaci\u00f3n","description":"Prensa CR","potentialAction":[{"@type":"SearchAction","target":{"@type":"EntryPoint","urlTemplate":"https:\/\/vamosporlaliberacion.org\/crpmlm\/?s={search_term_string}"},"query-input":{"@type":"PropertyValueSpecification","valueRequired":true,"valueName":"search_term_string"}}],"inLanguage":"es"},{"@type":"Person","@id":"https:\/\/vamosporlaliberacion.org\/crpmlm\/#\/schema\/person\/d6eac7758df3770dae9cd9eb104d615c","name":"vamos!","url":"https:\/\/vamosporlaliberacion.org\/crpmlm\/author\/adminvxl\/"}]}},"jetpack_featured_media_url":"https:\/\/i0.wp.com\/vamosporlaliberacion.org\/crpmlm\/wp-content\/uploads\/2020\/08\/08-08-2020-Ana-Sosa-y-%C3%81ngel-Manfredi.png?fit=1200%2C1200&ssl=1","jetpack_sharing_enabled":true,"_links":{"self":[{"href":"https:\/\/vamosporlaliberacion.org\/crpmlm\/wp-json\/wp\/v2\/posts\/19079","targetHints":{"allow":["GET"]}}],"collection":[{"href":"https:\/\/vamosporlaliberacion.org\/crpmlm\/wp-json\/wp\/v2\/posts"}],"about":[{"href":"https:\/\/vamosporlaliberacion.org\/crpmlm\/wp-json\/wp\/v2\/types\/post"}],"author":[{"embeddable":true,"href":"https:\/\/vamosporlaliberacion.org\/crpmlm\/wp-json\/wp\/v2\/users\/6"}],"replies":[{"embeddable":true,"href":"https:\/\/vamosporlaliberacion.org\/crpmlm\/wp-json\/wp\/v2\/comments?post=19079"}],"version-history":[{"count":3,"href":"https:\/\/vamosporlaliberacion.org\/crpmlm\/wp-json\/wp\/v2\/posts\/19079\/revisions"}],"predecessor-version":[{"id":19087,"href":"https:\/\/vamosporlaliberacion.org\/crpmlm\/wp-json\/wp\/v2\/posts\/19079\/revisions\/19087"}],"wp:featuredmedia":[{"embeddable":true,"href":"https:\/\/vamosporlaliberacion.org\/crpmlm\/wp-json\/wp\/v2\/media\/19086"}],"wp:attachment":[{"href":"https:\/\/vamosporlaliberacion.org\/crpmlm\/wp-json\/wp\/v2\/media?parent=19079"}],"wp:term":[{"taxonomy":"category","embeddable":true,"href":"https:\/\/vamosporlaliberacion.org\/crpmlm\/wp-json\/wp\/v2\/categories?post=19079"},{"taxonomy":"post_tag","embeddable":true,"href":"https:\/\/vamosporlaliberacion.org\/crpmlm\/wp-json\/wp\/v2\/tags?post=19079"}],"curies":[{"name":"wp","href":"https:\/\/api.w.org\/{rel}","templated":true}]}}