{"id":18625,"date":"2020-06-29T12:42:14","date_gmt":"2020-06-29T15:42:14","guid":{"rendered":"http:\/\/vamosporlaliberacion.org\/crpmlm\/?p=18625"},"modified":"2020-06-29T12:47:31","modified_gmt":"2020-06-29T15:47:31","slug":"43-anos-del-asesinato-del-periodista-leonardo-henrichsen","status":"publish","type":"post","link":"https:\/\/vamosporlaliberacion.org\/crpmlm\/43-anos-del-asesinato-del-periodista-leonardo-henrichsen\/","title":{"rendered":"43 a\u00f1os del asesinato del periodista Leonardo Henrichsen"},"content":{"rendered":"\n<p>Desde 1989, cada 29 de junio se conmemora el <strong>\u00abD\u00eda Nacional de Camar\u00f3grafo Argentino\u00bb<\/strong>, en homenaje al reportero argentino <strong>Leonardo Henrichsen, fusilado en Santiago de Chile en 1973<\/strong>.<\/p>\n\n\n\n<p>En la fr\u00eda y soleada ma\u00f1ana del 29 de junio de 1973, durante el gobierno de Salvador Allende en Chile, se escucharon los primeros disparos del intento de Golpe de Estado conocida como el \u00abTanquetazo\u00bb. A las 8:58 de la ma\u00f1ana el Regimiento de Blindados N\u00b0 2 de Santiago atac\u00f3 el Palacio de La Moneda y el edificio del Ministerio de Defensa. Seis tanques y ochenta soldados dispararon alrededor de 500 balas hacia el palacio.<\/p>\n\n\n\n<p><strong>Ese golpe fallido contra Allende, fue el preludio del per\u00edodo de terror y sangre que iba a comenzar el 11 de septiembre de ese mismo a\u00f1o con el dictador Augusto Pinochet.<\/strong><\/p>\n\n\n\n<p>El camar\u00f3grafo Leonardo Henrichsen, se encontraba en Chile. Hab\u00eda sido asignado junto al corresponsal Jan Sandquist, a la sede de la televisora de la TV Nacional Sueca (SVT) en Santiago de Chile.<\/p>\n\n\n\n<p>Aquel 29 de junio se encontraba en el Hotel Crill\u00f3n con Jan Sandquist, cuando escucharon los primeros disparos de la sublevaci\u00f3n militar liderada por el Teniente Coronel Roberto Souper. Inmediatamente Henrichsen y Sandquist salieron a filmar lo que suced\u00eda en el centro de Santiago.<\/p>\n\n\n\n<p><strong>Leonardo grababa una patrulla militar sobre la intersecci\u00f3n de las calles Agustinas y Morand\u00e9, a una cuadra del Palacio de La Moneda, cuando fue asesinado a sangre fr\u00eda por un militar.<\/strong> <strong>Su muerte fue lo \u00faltimo que registr\u00f3 con su c\u00e1mara<\/strong>. La grabaci\u00f3n fue dada a conocer casi un mes m\u00e1s tarde, el 24 de julio.<\/p>\n\n\n\n<figure class=\"wp-block-embed-youtube wp-block-embed is-type-video is-provider-youtube wp-embed-aspect-4-3 wp-has-aspect-ratio\"><div class=\"wp-block-embed__wrapper\">\n<iframe loading=\"lazy\" title=\"Homenaje a Leonardo Henrichsen\" width=\"696\" height=\"522\" src=\"https:\/\/www.youtube.com\/embed\/ccpPk7VpX7U?feature=oembed&#038;enablejsapi=1\" frameborder=\"0\" allow=\"accelerometer; autoplay; encrypted-media; gyroscope; picture-in-picture\" allowfullscreen><\/iframe>\n<\/div><\/figure>\n\n\n\n<p>Desde el d\u00e9cimo piso de un edificio en Agustinas y Morand\u00e9, <strong>Eduardo Labarca <\/strong>filmaba para el noticiario de <strong>Chile Films<\/strong>, all\u00ed estaba acompa\u00f1ado por <strong>Gabriel Gacit\u00faa<\/strong> -del dispositivo de seguridad de la Presidencia- quien en sus memorias escribi\u00f3: <strong>\u00abBaj\u00f3 un oficial del cami\u00f3n y le dio un balazo (a Henrichsen).<\/strong> El se\u00f1or empez\u00f3 a doblarse pero no soltaba la filmadora. El periodista herido segu\u00eda filmando y el militar le dio otro balazo y mand\u00f3 a un soldado a que le quitara la m\u00e1quina\u00bb. <\/p>\n\n\n\n<p>En la reconstrucci\u00f3n que hicieron Labarca y Gacit\u00faa, el uniformado se acerc\u00f3 al cuerpo de Henrichsen, cort\u00f3 el cable del sistema de bater\u00eda y corri\u00f3 con la m\u00e1quina unos metros. Se dirigi\u00f3 hacia una tapa de alcantarilla, la levant\u00f3 y arroj\u00f3 la filmadora port\u00e1til. Puso la tapa, subi\u00f3 al cami\u00f3n y se retiraron del lugar.<\/p>\n\n\n\n<p>Gabriel Gacit\u00faa y un grupo de escoltas bajaron por el ascensor del edificio, tomaron un auto de la escolta oficial y lo estacionaron sobre la rejilla de la alcantarilla para preservarla en caso de que los militares regresaran por ella.<\/p>\n\n\n\n<p><strong>Reci\u00e9n en el a\u00f1o 2005 se logr\u00f3 identificar al militar que dispar\u00f3, el cabo H\u00e9ctor Hern\u00e1n Bustamante G\u00f3mez.<\/strong> Sin embargo H\u00e9ctor Bustamante falleci\u00f3 en el 2008, quedando impune, cuando no hab\u00eda finalizado la investigaci\u00f3n que inici\u00f3 la Corte de Apelaciones de Santiago en el 2007.<\/p>\n\n\n\n<p>Entre otros, Henrichsen, cubri\u00f3 21 golpes de Estado y acontecimientos clave de nuestro continente, como los \u00faltimos dos meses de la guerrilla del Che Guevara en Bolivia, la muerte de Robert Kennedy, o los c\u00e9lebres secuestros del empresario Oderman Sallustro, en Argentina, y los de embajadores de las rep\u00fablicas de Alemania y Suiza, en Brasil y Guatemala.<\/p>\n<!-- AddThis Advanced Settings generic via filter on the_content --><!-- AddThis Share Buttons generic via filter on the_content -->","protected":false},"excerpt":{"rendered":"<p>Desde 1989, cada 29 de junio se conmemora el \u00abD\u00eda Nacional de Camar\u00f3grafo Argentino\u00bb, en homenaje al reportero argentino Leonardo Henrichsen, fusilado en Santiago de Chile en 1973. En la fr\u00eda y soleada ma\u00f1ana del 29 de junio de 1973, durante el gobierno de Salvador Allende en Chile, se escucharon los primeros disparos del intento [&hellip;]<!-- AddThis Advanced Settings generic via filter on get_the_excerpt --><!-- AddThis Share Buttons generic via filter on get_the_excerpt --><\/p>\n","protected":false},"author":6,"featured_media":18631,"comment_status":"open","ping_status":"open","sticky":false,"template":"","format":"standard","meta":{"_jetpack_memberships_contains_paid_content":false,"footnotes":""},"categories":[1850],"tags":[],"class_list":{"0":"post-18625","1":"post","2":"type-post","3":"status-publish","4":"format-standard","5":"has-post-thumbnail","7":"category-cultura"},"yoast_head":"<!-- This site is optimized with the Yoast SEO plugin v27.4 - https:\/\/yoast.com\/product\/yoast-seo-wordpress\/ -->\n<title>43 a\u00f1os del asesinato del periodista Leonardo Henrichsen - Vamos por la Liberaci\u00f3n<\/title>\n<meta name=\"robots\" content=\"index, follow, max-snippet:-1, max-image-preview:large, max-video-preview:-1\" \/>\n<link rel=\"canonical\" href=\"http:\/\/vamosporlaliberacion.org\/crpmlm\/43-anos-del-asesinato-del-periodista-leonardo-henrichsen\/\" \/>\n<meta name=\"twitter:label1\" content=\"Escrito por\" \/>\n\t<meta name=\"twitter:data1\" content=\"vamos!\" \/>\n\t<meta name=\"twitter:label2\" content=\"Tiempo de lectura\" \/>\n\t<meta name=\"twitter:data2\" content=\"3 minutos\" \/>\n<script type=\"application\/ld+json\" class=\"yoast-schema-graph\">{\"@context\":\"https:\\\/\\\/schema.org\",\"@graph\":[{\"@type\":\"Article\",\"@id\":\"http:\\\/\\\/vamosporlaliberacion.org\\\/crpmlm\\\/43-anos-del-asesinato-del-periodista-leonardo-henrichsen\\\/#article\",\"isPartOf\":{\"@id\":\"http:\\\/\\\/vamosporlaliberacion.org\\\/crpmlm\\\/43-anos-del-asesinato-del-periodista-leonardo-henrichsen\\\/\"},\"author\":{\"name\":\"vamos!\",\"@id\":\"https:\\\/\\\/vamosporlaliberacion.org\\\/crpmlm\\\/#\\\/schema\\\/person\\\/d6eac7758df3770dae9cd9eb104d615c\"},\"headline\":\"43 a\u00f1os del asesinato del periodista Leonardo Henrichsen\",\"datePublished\":\"2020-06-29T15:42:14+00:00\",\"dateModified\":\"2020-06-29T15:47:31+00:00\",\"mainEntityOfPage\":{\"@id\":\"http:\\\/\\\/vamosporlaliberacion.org\\\/crpmlm\\\/43-anos-del-asesinato-del-periodista-leonardo-henrichsen\\\/\"},\"wordCount\":586,\"commentCount\":0,\"image\":{\"@id\":\"http:\\\/\\\/vamosporlaliberacion.org\\\/crpmlm\\\/43-anos-del-asesinato-del-periodista-leonardo-henrichsen\\\/#primaryimage\"},\"thumbnailUrl\":\"https:\\\/\\\/i0.wp.com\\\/vamosporlaliberacion.org\\\/crpmlm\\\/wp-content\\\/uploads\\\/2020\\\/06\\\/47025.jpg?fit=1201%2C934&ssl=1\",\"articleSection\":[\"cultura\"],\"inLanguage\":\"es\",\"potentialAction\":[{\"@type\":\"CommentAction\",\"name\":\"Comment\",\"target\":[\"http:\\\/\\\/vamosporlaliberacion.org\\\/crpmlm\\\/43-anos-del-asesinato-del-periodista-leonardo-henrichsen\\\/#respond\"]}]},{\"@type\":\"WebPage\",\"@id\":\"http:\\\/\\\/vamosporlaliberacion.org\\\/crpmlm\\\/43-anos-del-asesinato-del-periodista-leonardo-henrichsen\\\/\",\"url\":\"http:\\\/\\\/vamosporlaliberacion.org\\\/crpmlm\\\/43-anos-del-asesinato-del-periodista-leonardo-henrichsen\\\/\",\"name\":\"43 a\u00f1os del asesinato del periodista Leonardo Henrichsen - Vamos por la Liberaci\u00f3n\",\"isPartOf\":{\"@id\":\"https:\\\/\\\/vamosporlaliberacion.org\\\/crpmlm\\\/#website\"},\"primaryImageOfPage\":{\"@id\":\"http:\\\/\\\/vamosporlaliberacion.org\\\/crpmlm\\\/43-anos-del-asesinato-del-periodista-leonardo-henrichsen\\\/#primaryimage\"},\"image\":{\"@id\":\"http:\\\/\\\/vamosporlaliberacion.org\\\/crpmlm\\\/43-anos-del-asesinato-del-periodista-leonardo-henrichsen\\\/#primaryimage\"},\"thumbnailUrl\":\"https:\\\/\\\/i0.wp.com\\\/vamosporlaliberacion.org\\\/crpmlm\\\/wp-content\\\/uploads\\\/2020\\\/06\\\/47025.jpg?fit=1201%2C934&ssl=1\",\"datePublished\":\"2020-06-29T15:42:14+00:00\",\"dateModified\":\"2020-06-29T15:47:31+00:00\",\"author\":{\"@id\":\"https:\\\/\\\/vamosporlaliberacion.org\\\/crpmlm\\\/#\\\/schema\\\/person\\\/d6eac7758df3770dae9cd9eb104d615c\"},\"breadcrumb\":{\"@id\":\"http:\\\/\\\/vamosporlaliberacion.org\\\/crpmlm\\\/43-anos-del-asesinato-del-periodista-leonardo-henrichsen\\\/#breadcrumb\"},\"inLanguage\":\"es\",\"potentialAction\":[{\"@type\":\"ReadAction\",\"target\":[\"http:\\\/\\\/vamosporlaliberacion.org\\\/crpmlm\\\/43-anos-del-asesinato-del-periodista-leonardo-henrichsen\\\/\"]}]},{\"@type\":\"ImageObject\",\"inLanguage\":\"es\",\"@id\":\"http:\\\/\\\/vamosporlaliberacion.org\\\/crpmlm\\\/43-anos-del-asesinato-del-periodista-leonardo-henrichsen\\\/#primaryimage\",\"url\":\"https:\\\/\\\/i0.wp.com\\\/vamosporlaliberacion.org\\\/crpmlm\\\/wp-content\\\/uploads\\\/2020\\\/06\\\/47025.jpg?fit=1201%2C934&ssl=1\",\"contentUrl\":\"https:\\\/\\\/i0.wp.com\\\/vamosporlaliberacion.org\\\/crpmlm\\\/wp-content\\\/uploads\\\/2020\\\/06\\\/47025.jpg?fit=1201%2C934&ssl=1\",\"width\":1201,\"height\":934},{\"@type\":\"BreadcrumbList\",\"@id\":\"http:\\\/\\\/vamosporlaliberacion.org\\\/crpmlm\\\/43-anos-del-asesinato-del-periodista-leonardo-henrichsen\\\/#breadcrumb\",\"itemListElement\":[{\"@type\":\"ListItem\",\"position\":1,\"name\":\"Portada\",\"item\":\"https:\\\/\\\/vamosporlaliberacion.org\\\/crpmlm\\\/\"},{\"@type\":\"ListItem\",\"position\":2,\"name\":\"43 a\u00f1os del asesinato del periodista Leonardo Henrichsen\"}]},{\"@type\":\"WebSite\",\"@id\":\"https:\\\/\\\/vamosporlaliberacion.org\\\/crpmlm\\\/#website\",\"url\":\"https:\\\/\\\/vamosporlaliberacion.org\\\/crpmlm\\\/\",\"name\":\"Vamos por la Liberaci\u00f3n\",\"description\":\"Prensa CR\",\"potentialAction\":[{\"@type\":\"SearchAction\",\"target\":{\"@type\":\"EntryPoint\",\"urlTemplate\":\"https:\\\/\\\/vamosporlaliberacion.org\\\/crpmlm\\\/?s={search_term_string}\"},\"query-input\":{\"@type\":\"PropertyValueSpecification\",\"valueRequired\":true,\"valueName\":\"search_term_string\"}}],\"inLanguage\":\"es\"},{\"@type\":\"Person\",\"@id\":\"https:\\\/\\\/vamosporlaliberacion.org\\\/crpmlm\\\/#\\\/schema\\\/person\\\/d6eac7758df3770dae9cd9eb104d615c\",\"name\":\"vamos!\",\"url\":\"https:\\\/\\\/vamosporlaliberacion.org\\\/crpmlm\\\/author\\\/adminvxl\\\/\"}]}<\/script>\n<!-- \/ Yoast SEO plugin. -->","yoast_head_json":{"title":"43 a\u00f1os del asesinato del periodista Leonardo Henrichsen - Vamos por la Liberaci\u00f3n","robots":{"index":"index","follow":"follow","max-snippet":"max-snippet:-1","max-image-preview":"max-image-preview:large","max-video-preview":"max-video-preview:-1"},"canonical":"http:\/\/vamosporlaliberacion.org\/crpmlm\/43-anos-del-asesinato-del-periodista-leonardo-henrichsen\/","twitter_misc":{"Escrito por":"vamos!","Tiempo de lectura":"3 minutos"},"schema":{"@context":"https:\/\/schema.org","@graph":[{"@type":"Article","@id":"http:\/\/vamosporlaliberacion.org\/crpmlm\/43-anos-del-asesinato-del-periodista-leonardo-henrichsen\/#article","isPartOf":{"@id":"http:\/\/vamosporlaliberacion.org\/crpmlm\/43-anos-del-asesinato-del-periodista-leonardo-henrichsen\/"},"author":{"name":"vamos!","@id":"https:\/\/vamosporlaliberacion.org\/crpmlm\/#\/schema\/person\/d6eac7758df3770dae9cd9eb104d615c"},"headline":"43 a\u00f1os del asesinato del periodista Leonardo Henrichsen","datePublished":"2020-06-29T15:42:14+00:00","dateModified":"2020-06-29T15:47:31+00:00","mainEntityOfPage":{"@id":"http:\/\/vamosporlaliberacion.org\/crpmlm\/43-anos-del-asesinato-del-periodista-leonardo-henrichsen\/"},"wordCount":586,"commentCount":0,"image":{"@id":"http:\/\/vamosporlaliberacion.org\/crpmlm\/43-anos-del-asesinato-del-periodista-leonardo-henrichsen\/#primaryimage"},"thumbnailUrl":"https:\/\/i0.wp.com\/vamosporlaliberacion.org\/crpmlm\/wp-content\/uploads\/2020\/06\/47025.jpg?fit=1201%2C934&ssl=1","articleSection":["cultura"],"inLanguage":"es","potentialAction":[{"@type":"CommentAction","name":"Comment","target":["http:\/\/vamosporlaliberacion.org\/crpmlm\/43-anos-del-asesinato-del-periodista-leonardo-henrichsen\/#respond"]}]},{"@type":"WebPage","@id":"http:\/\/vamosporlaliberacion.org\/crpmlm\/43-anos-del-asesinato-del-periodista-leonardo-henrichsen\/","url":"http:\/\/vamosporlaliberacion.org\/crpmlm\/43-anos-del-asesinato-del-periodista-leonardo-henrichsen\/","name":"43 a\u00f1os del asesinato del periodista Leonardo Henrichsen - Vamos por la Liberaci\u00f3n","isPartOf":{"@id":"https:\/\/vamosporlaliberacion.org\/crpmlm\/#website"},"primaryImageOfPage":{"@id":"http:\/\/vamosporlaliberacion.org\/crpmlm\/43-anos-del-asesinato-del-periodista-leonardo-henrichsen\/#primaryimage"},"image":{"@id":"http:\/\/vamosporlaliberacion.org\/crpmlm\/43-anos-del-asesinato-del-periodista-leonardo-henrichsen\/#primaryimage"},"thumbnailUrl":"https:\/\/i0.wp.com\/vamosporlaliberacion.org\/crpmlm\/wp-content\/uploads\/2020\/06\/47025.jpg?fit=1201%2C934&ssl=1","datePublished":"2020-06-29T15:42:14+00:00","dateModified":"2020-06-29T15:47:31+00:00","author":{"@id":"https:\/\/vamosporlaliberacion.org\/crpmlm\/#\/schema\/person\/d6eac7758df3770dae9cd9eb104d615c"},"breadcrumb":{"@id":"http:\/\/vamosporlaliberacion.org\/crpmlm\/43-anos-del-asesinato-del-periodista-leonardo-henrichsen\/#breadcrumb"},"inLanguage":"es","potentialAction":[{"@type":"ReadAction","target":["http:\/\/vamosporlaliberacion.org\/crpmlm\/43-anos-del-asesinato-del-periodista-leonardo-henrichsen\/"]}]},{"@type":"ImageObject","inLanguage":"es","@id":"http:\/\/vamosporlaliberacion.org\/crpmlm\/43-anos-del-asesinato-del-periodista-leonardo-henrichsen\/#primaryimage","url":"https:\/\/i0.wp.com\/vamosporlaliberacion.org\/crpmlm\/wp-content\/uploads\/2020\/06\/47025.jpg?fit=1201%2C934&ssl=1","contentUrl":"https:\/\/i0.wp.com\/vamosporlaliberacion.org\/crpmlm\/wp-content\/uploads\/2020\/06\/47025.jpg?fit=1201%2C934&ssl=1","width":1201,"height":934},{"@type":"BreadcrumbList","@id":"http:\/\/vamosporlaliberacion.org\/crpmlm\/43-anos-del-asesinato-del-periodista-leonardo-henrichsen\/#breadcrumb","itemListElement":[{"@type":"ListItem","position":1,"name":"Portada","item":"https:\/\/vamosporlaliberacion.org\/crpmlm\/"},{"@type":"ListItem","position":2,"name":"43 a\u00f1os del asesinato del periodista Leonardo Henrichsen"}]},{"@type":"WebSite","@id":"https:\/\/vamosporlaliberacion.org\/crpmlm\/#website","url":"https:\/\/vamosporlaliberacion.org\/crpmlm\/","name":"Vamos por la Liberaci\u00f3n","description":"Prensa CR","potentialAction":[{"@type":"SearchAction","target":{"@type":"EntryPoint","urlTemplate":"https:\/\/vamosporlaliberacion.org\/crpmlm\/?s={search_term_string}"},"query-input":{"@type":"PropertyValueSpecification","valueRequired":true,"valueName":"search_term_string"}}],"inLanguage":"es"},{"@type":"Person","@id":"https:\/\/vamosporlaliberacion.org\/crpmlm\/#\/schema\/person\/d6eac7758df3770dae9cd9eb104d615c","name":"vamos!","url":"https:\/\/vamosporlaliberacion.org\/crpmlm\/author\/adminvxl\/"}]}},"jetpack_featured_media_url":"https:\/\/i0.wp.com\/vamosporlaliberacion.org\/crpmlm\/wp-content\/uploads\/2020\/06\/47025.jpg?fit=1201%2C934&ssl=1","jetpack_sharing_enabled":true,"_links":{"self":[{"href":"https:\/\/vamosporlaliberacion.org\/crpmlm\/wp-json\/wp\/v2\/posts\/18625","targetHints":{"allow":["GET"]}}],"collection":[{"href":"https:\/\/vamosporlaliberacion.org\/crpmlm\/wp-json\/wp\/v2\/posts"}],"about":[{"href":"https:\/\/vamosporlaliberacion.org\/crpmlm\/wp-json\/wp\/v2\/types\/post"}],"author":[{"embeddable":true,"href":"https:\/\/vamosporlaliberacion.org\/crpmlm\/wp-json\/wp\/v2\/users\/6"}],"replies":[{"embeddable":true,"href":"https:\/\/vamosporlaliberacion.org\/crpmlm\/wp-json\/wp\/v2\/comments?post=18625"}],"version-history":[{"count":2,"href":"https:\/\/vamosporlaliberacion.org\/crpmlm\/wp-json\/wp\/v2\/posts\/18625\/revisions"}],"predecessor-version":[{"id":18633,"href":"https:\/\/vamosporlaliberacion.org\/crpmlm\/wp-json\/wp\/v2\/posts\/18625\/revisions\/18633"}],"wp:featuredmedia":[{"embeddable":true,"href":"https:\/\/vamosporlaliberacion.org\/crpmlm\/wp-json\/wp\/v2\/media\/18631"}],"wp:attachment":[{"href":"https:\/\/vamosporlaliberacion.org\/crpmlm\/wp-json\/wp\/v2\/media?parent=18625"}],"wp:term":[{"taxonomy":"category","embeddable":true,"href":"https:\/\/vamosporlaliberacion.org\/crpmlm\/wp-json\/wp\/v2\/categories?post=18625"},{"taxonomy":"post_tag","embeddable":true,"href":"https:\/\/vamosporlaliberacion.org\/crpmlm\/wp-json\/wp\/v2\/tags?post=18625"}],"curies":[{"name":"wp","href":"https:\/\/api.w.org\/{rel}","templated":true}]}}