{"id":18336,"date":"2020-06-16T11:38:50","date_gmt":"2020-06-16T14:38:50","guid":{"rendered":"http:\/\/vamosporlaliberacion.org\/crpmlm\/?p=18336"},"modified":"2020-09-14T11:04:40","modified_gmt":"2020-09-14T14:04:40","slug":"a-65-anos-del-bombardeo-contra-el-pueblo","status":"publish","type":"post","link":"https:\/\/vamosporlaliberacion.org\/crpmlm\/a-65-anos-del-bombardeo-contra-el-pueblo\/","title":{"rendered":"A 65 a\u00f1os del bombardeo contra el pueblo"},"content":{"rendered":"\n<p style=\"font-size:18px\"><strong>El 16 de junio de 1955 se produjo el bombardeo a la Plaza de Mayo que daba inicio al posterior Golpe de Estado al gobierno del General Per\u00f3n, poniendo fin a una d\u00e9cada de gobierno peronista. Se iniciaba un per\u00edodo pol\u00edtico llamado \u201crevoluci\u00f3n libertadora\u201d conducida por lo m\u00e1s nefasto y recalcitrante de la oligarqu\u00eda argentina.\u00a0\u00a0<\/strong><\/p>\n\n\n\n<p>En el bombardeo se arrojaron m\u00e1s 100 bombas con 14 toneladas de explosivos contra la el pueblo y finaliz\u00f3 pasadas las 17 horas. Fue un hecho sin precedentes donde sectores de las Fuerzas Armadas, dirigido por oficiales y suboficiales de la Armada, articularon el ataque con el apoyo de un sector de la Aeron\u00e1utica en acuerdo y en coordinaci\u00f3n con sectores pol\u00edticos, civiles y eclesi\u00e1sticos. 350 muertos y m\u00e1s de 500 heridos fue el saldo del bombardeo. <strong>El hecho fue considerado a\u00f1os posteriores delito de lesa humanidad<\/strong>.<\/p>\n\n\n\n<p>A las 12.40 en punto, se pudo escuchar el sonido inconfundible de aviones de combate. Luego se supo que eran los Avro 694 Lincoln y los hidroaviones Catalinas con gran efectividad en la segunda guerra mundial, de la escuadrilla de patrulleros Espora de la Aviaci\u00f3n Naval, coordinados por el almirante Samuel Toranzo Calder\u00f3n.<\/p>\n\n\n\n<p>El plan consist\u00eda en primer lugar matar al Presidente, copar los edificios p\u00fablicos por parte de comandos civiles y el alzamiento de las unidades de la Escuela de Artiller\u00eda y de Aviaci\u00f3n de C\u00f3rdoba, el alzamiento de la base naval de Puerto Belgrano, el despliegue de unidades de Infanter\u00eda de Marina que atacar\u00edan por tierra intentando copar unidades de Ej\u00e9rcito que a\u00fan se manten\u00eda como fuerza leal a Per\u00f3n, aunque meses despu\u00e9s ser\u00edan parte en el derrocamiento. Los aviones llevaban pintado en su panzas y alas la \u201cV\u201d y la cruz resumiendo \u201cCristo vence\u201d.\u00a0<\/p>\n\n\n\n<div class=\"wp-block-image\"><figure class=\"aligncenter size-large\"><img data-recalc-dims=\"1\" loading=\"lazy\" decoding=\"async\" width=\"640\" height=\"407\" src=\"https:\/\/i0.wp.com\/vamosporlaliberacion.org\/crpmlm\/wp-content\/uploads\/2020\/06\/bomba1.jpg?resize=640%2C407\" alt=\"\" class=\"wp-image-18338\" srcset=\"https:\/\/i0.wp.com\/vamosporlaliberacion.org\/crpmlm\/wp-content\/uploads\/2020\/06\/bomba1.jpg?w=640&amp;ssl=1 640w, https:\/\/i0.wp.com\/vamosporlaliberacion.org\/crpmlm\/wp-content\/uploads\/2020\/06\/bomba1.jpg?resize=300%2C191&amp;ssl=1 300w\" sizes=\"auto, (max-width: 640px) 100vw, 640px\" \/><\/figure><\/div>\n\n\n\n<p>Per\u00f3n, alertado de lo que se ven\u00eda, se refugi\u00f3 en el Ministerio de Guerra y desde all\u00ed resisti\u00f3 el embate y dirigi\u00f3 las negociaciones con los golpistas asentados en la Secretar\u00eda de Marina, desde donde resisten e incluso ametrallan la llegada del General Juan Jos\u00e9 Valle enviado por Per\u00f3n para negociar la rendici\u00f3n.\u00a0<\/p>\n\n\n\n<p>Al enterarse de los hechos, la CGT convoc\u00f3 a la Plaza de Mayo. La masacre se acrecent\u00f3 cuando columnas de obrerxs conducidas por la CGT llegan a Plaza de Mayo, desoyendo la orden de Per\u00f3n quien mand\u00f3 al mayor Cialceta para que le pidiera a la central de trabajadorxs que no movilizara a los trabajadorxs para evitar v\u00edctimas. <\/p>\n\n\n\n<p>Los enfrentamientos con los golpistas se mantuvieron hasta que por la tarde, una nueva oleada de aviones arrojaba una nueva carga de nueve toneladas y media de explosivos sobre la multitud. Pero cientos de manifestantes volvieron y manten\u00edan rodeados a los golpistas atrincherados, hasta lograr la rendici\u00f3n.<\/p>\n\n\n\n<p>Mientras esto suced\u00eda, Per\u00f3n daba garant\u00edas a los prisioneros para negociar. Incluso algunos de ellos fueron amnistiados como se\u00f1al de \u201cpacificaci\u00f3n\u201d. No todos pensaban lo mismo, como el General Juan Jos\u00e9 Valle (fusilado por Aramburu el 12 de junio de 1956, tras levantarse contra la dictadura) que luego de recuperar el edificio de la Marina, donde hab\u00edan establecido el cuartel general los golpistas, le dijo a Per\u00f3n: <em>\u201cGeneral, este Ej\u00e9rcito no le va servir para la revoluci\u00f3n popular, arme a la CGT\u201d<\/em>.<\/p>\n\n\n\n<figure class=\"wp-block-image size-large\"><img loading=\"lazy\" decoding=\"async\" width=\"995\" height=\"670\" src=\"https:\/\/i2.wp.com\/vamosporlaliberacion.org\/crpmlm\/wp-content\/uploads\/2020\/06\/foto1.jpg?fit=696%2C468&amp;ssl=1\" alt=\"\" class=\"wp-image-18339\" srcset=\"https:\/\/i0.wp.com\/vamosporlaliberacion.org\/crpmlm\/wp-content\/uploads\/2020\/06\/foto1.jpg?w=995&amp;ssl=1 995w, https:\/\/i0.wp.com\/vamosporlaliberacion.org\/crpmlm\/wp-content\/uploads\/2020\/06\/foto1.jpg?resize=300%2C202&amp;ssl=1 300w, https:\/\/i0.wp.com\/vamosporlaliberacion.org\/crpmlm\/wp-content\/uploads\/2020\/06\/foto1.jpg?resize=700%2C471&amp;ssl=1 700w, https:\/\/i0.wp.com\/vamosporlaliberacion.org\/crpmlm\/wp-content\/uploads\/2020\/06\/foto1.jpg?resize=768%2C517&amp;ssl=1 768w, https:\/\/i0.wp.com\/vamosporlaliberacion.org\/crpmlm\/wp-content\/uploads\/2020\/06\/foto1.jpg?resize=696%2C469&amp;ssl=1 696w, https:\/\/i0.wp.com\/vamosporlaliberacion.org\/crpmlm\/wp-content\/uploads\/2020\/06\/foto1.jpg?resize=624%2C420&amp;ssl=1 624w\" sizes=\"auto, (max-width: 696px) 100vw, 696px\" \/><\/figure>\n\n\n\n<p>El car\u00e1cter conciliador del gobierno lo llev\u00f3 a idas y vueltas mostrando momentos de mucha dureza para con los golpistas, en un marco de numerosos incendios a iglesias y la propia Catedral se\u00f1alando el papel activo de esa instituci\u00f3n en la conspiraci\u00f3n golpista. <\/p>\n\n\n\n<p>En su discurso Per\u00f3n en esos d\u00edas en la Plaza, contando con el apoyo del movimiento obrero y popular, sostuvo que <em>\u201ccada 1 nuestro caer\u00e1n 5 de ellos\u201d<\/em>. Pero luego sigui\u00f3 adelante con la \u201cpacificaci\u00f3n\u201d, levant\u00f3 el estado de sitio y no cort\u00f3 la cabeza de la serpiente. Esto llev\u00f3 confusi\u00f3n y bronca en sus propias filas, en amplios sectores populares y de las FFAA donde se encontraban activas las conspiraciones que operaron de manera pr\u00e1ctica aquel 16 de junio. Esta situaci\u00f3n, de crisis pol\u00edtica, llevar\u00eda a un desenlace en el golpe de estado del 16 de septiembre de 1955.\u00a0<\/p>\n\n\n\n<p><strong>Se cerraba con sangre y fuego un per\u00edodo pol\u00edtico de 10 a\u00f1os, de grandes avances para el pueblo y la naci\u00f3n. Medidas soberanas e industrialistas donde el pueblo puso gran sacrificio pero no se pudo defender frente a los golpistas.<\/strong><\/p>\n\n\n\n<figure class=\"wp-block-image size-large\"><img loading=\"lazy\" decoding=\"async\" width=\"995\" height=\"670\" src=\"https:\/\/i2.wp.com\/vamosporlaliberacion.org\/crpmlm\/wp-content\/uploads\/2020\/06\/foto2-1.jpg?fit=696%2C468&amp;ssl=1\" alt=\"\" class=\"wp-image-18340\" srcset=\"https:\/\/i0.wp.com\/vamosporlaliberacion.org\/crpmlm\/wp-content\/uploads\/2020\/06\/foto2-1.jpg?w=995&amp;ssl=1 995w, https:\/\/i0.wp.com\/vamosporlaliberacion.org\/crpmlm\/wp-content\/uploads\/2020\/06\/foto2-1.jpg?resize=300%2C202&amp;ssl=1 300w, https:\/\/i0.wp.com\/vamosporlaliberacion.org\/crpmlm\/wp-content\/uploads\/2020\/06\/foto2-1.jpg?resize=700%2C471&amp;ssl=1 700w, https:\/\/i0.wp.com\/vamosporlaliberacion.org\/crpmlm\/wp-content\/uploads\/2020\/06\/foto2-1.jpg?resize=768%2C517&amp;ssl=1 768w, https:\/\/i0.wp.com\/vamosporlaliberacion.org\/crpmlm\/wp-content\/uploads\/2020\/06\/foto2-1.jpg?resize=696%2C469&amp;ssl=1 696w, https:\/\/i0.wp.com\/vamosporlaliberacion.org\/crpmlm\/wp-content\/uploads\/2020\/06\/foto2-1.jpg?resize=624%2C420&amp;ssl=1 624w\" sizes=\"auto, (max-width: 696px) 100vw, 696px\" \/><\/figure>\n\n\n\n<h3 class=\"wp-block-heading\"><strong>Recuerdos que deben ser ense\u00f1anzas<\/strong><\/h3>\n\n\n\n<p>65 a\u00f1os de aquellos acontecimientos, es importante sacar grandes ense\u00f1anzas, ya que las concepciones ideol\u00f3gicas de esos golpistas, se han transmitido a lo largo de varias dictaduras y gobiernos que precedieron y que hemos padecido recientemente con el macrismo y Juntos por el Cambio. Nada era casual cuando afirmaban desde ese gobierno que <strong><em>\u201clos males de presente ven\u00edan desde hace 70 a\u00f1os atr\u00e1s\u201d<\/em><\/strong> .&nbsp;<\/p>\n\n\n\n<p>No fue casualidad que cuando lleg\u00f3 el macrismo y durante todo su gobierno, los familiares de aquellxs que perecieron en el bombardeo tuvieran que contentarse con dejar flores en la reja de Casa Rosada porque por m\u00e1s que insistieron, nunca los dejaron volver a ingresar al sector reservado donde se instal\u00f3 un monumento en la plaza lindera a la Casa Rosada en el a\u00f1o 2008.&nbsp;<\/p>\n\n\n\n<p>Por eso que no fue casualidad que se atacara el per\u00edodo pol\u00edtico que en la historia de la posguerra, con aciertos y limitaciones, llevar\u00e1 adelante medidas soberanas en cuanto a que las ramas que hacen al desarrollo agro industrial y estrat\u00e9gicos estuvieran en manos del Estado, ya sea de manera total o mixta con mayor\u00eda estatal. No perdonan que haya sido el per\u00edodo de mayores avances en lo que hace a la siderurgia, con el General Savio al frente del <strong>Plan Sider\u00fargico Nacional<\/strong> donde el Estado desde Altos Hornos Zapla y posteriormente con la creaci\u00f3n de SOMISA pasar\u00eda a ser el proveedor de la materia prima para el posterior desarrollo industrial. Los monopolios rivales ya en ese entonces, Techint y Acindar, se encargaron de entorpecer y postergar el plan industrial. luego con la dictadura y el menemismo se quedar\u00edan con la producci\u00f3n de acero y ser\u00edan la base de la patria contratista.<\/p>\n\n\n\n<p>Hoy, esos mismos sectores reaccionarios los podemos ver operar y vociferar en contra de la expropiaci\u00f3n por parte del Estado y en la defensa corporativa y hasta ideol\u00f3gica del monopolio Vicentin, porque son los beneficiarios de la destrucci\u00f3n de todas las pol\u00edticas que configuraron un control nacional sobre la administraci\u00f3n y el control de los granos y alimentos en el pa\u00eds. Estos sectores son los que operaron y organizaron el golpe de 1955 porque ten\u00edan que destruir la <strong>Junta Nacional de Granos, pero fundamentalmente el IAPI (Instituto Argentino de Promoci\u00f3n y el Intercambio)<\/strong> creado bajo la \u00f3rbita del Banco Central de la Rep\u00fablica Argentina. Hasta la creaci\u00f3n de este Instituto, las operaciones de exportaciones de granos eran realizadas de manera oligop\u00f3lica por empresas dedicadas a tal fin nacionales y extranjeras.<\/p>\n\n\n\n<p>La forma que se adopt\u00f3 fue que el IAPI compraba los cereales con destino a la exportaci\u00f3n, b\u00e1sicamente trigo, asegurando al productor un precio sost\u00e9n que se anunciaba previamente y, tomaba a su cargo la colocaci\u00f3n en los mercados internacionales, negociando desde posiciones m\u00e1s firmes entre otras cosas, por los importantes vol\u00famenes de que dispon\u00eda. Interven\u00eda tambi\u00e9n en la importaci\u00f3n de bienes de capital (maquinarias, rodados, etc.) que no se fabricaban en el pa\u00eds en ese entonces para proveer a la industria nacional. Su actividad brindaba seguridad al productor en la colocaci\u00f3n de sus cosechas, pero adem\u00e1s, la diferencia entre los precios de compra y los de venta en el mercado internacional arrojaba beneficios econ\u00f3micos que fueron utilizados para el otorgamiento de cr\u00e9ditos a los sectores productivos. Los productores sab\u00edan a qu\u00e9 atenerse y no estaban expuestos a negociaciones con empresas con posici\u00f3n dominante al momento de vender lo producido.<\/p>\n\n\n\n<p>En la primera presidencia se establece un<strong> Plan Nacional de Energ\u00eda<\/strong>, se promociona un Plan de Ahorro Energ\u00e9tico, se modifica la estructura de la Direcci\u00f3n Nacional de Energ\u00eda, creada en 1943, creando nuevas reparticiones para el desarrollo de nuevas fuentes energ\u00e9ticas y sistemas de distribuci\u00f3n. Se crean as\u00ed Agua y Energ\u00eda El\u00e9ctrica con el objetivo de desarrollar la energ\u00eda hidroel\u00e9ctrica, Gas del Estado que ten\u00eda a su cargo la distribuci\u00f3n, comercializaci\u00f3n y prestaci\u00f3n del servicio p\u00fablico de gas, la Direcci\u00f3n General de Combustibles Vegetales y Derivados, que ten\u00eda a su cargo la obtenci\u00f3n de alcohol del ma\u00edz y de otros cultivos. En 1948 el gobierno peronista proyect\u00f3 el desarrollo de los biocombustibles. En 1950 se crea la Comisi\u00f3n Nacional de Energ\u00eda At\u00f3mica.<\/p>\n\n\n\n<p>Es conocido el trabajo de Eva Duarte desde el Ministerio de Desarrollo Social y su lucha por los derechos de la mujer. Es conocido el odio particular de la oligarqu\u00eda hacia \u201cevita\u201d graficado en las pintadas \u201cviva el c\u00e1ncer\u201d durante su agon\u00eda y luego de su muerte. Los trabajadores mantuvieron y conquistaron nuevos derechos laborales que ven\u00edan reclamando hace d\u00e9cadas. La mano de obra que se iba incorporando al creciente desarrollo industrial en las grandes ciudades y cordones industriales proven\u00eda principalmente del interior del pa\u00eds.&nbsp;<\/p>\n\n\n\n<p>Abandonar la argentina del modelo agro exportador, por uno industrialista aprovechando los cambios en el mundo de posguerra, que mostraba por un lado la oportunidad para abastecer los requerimientos de materias primas y tambi\u00e9n bienes industriales, y por otro, ante el avance triunfal de la Uni\u00f3n Sovi\u00e9tica y los comunistas chinos, esa burgues\u00eda nacional que encarnaba Per\u00f3n y otros dirigentes, vieron una gran oportunidad para hacerse fuertes profundizando el modelo industrialista, independiente abandonado aquel solo agro exportador, a la par que conten\u00edan y ganaban otorgando concesiones y con pol\u00edticas de Estado a un movimiento obrero envalentonado por lo que acontec\u00eda en el mundo. Estas pol\u00edticas provocaron la reacci\u00f3n de la oligarqu\u00eda que esper\u00f3 el momento de ca\u00edda de la econom\u00eda para avanzar, lo que llev\u00f3 que a la hora de definiciones, apareciera la esencia de clase de esa burgues\u00eda nacional, poniendo por delante \u201cel tiempo a la sangre\u201d, repleg\u00e1ndose y no preparando al pueblo, y la historia mostr\u00f3 crudamente \u201cque se perdi\u00f3 mucho tiempo y corri\u00f3 mucha sangre\u201d. El<strong> golpe de de Estado de 1955 inici\u00f3 un largo proceso donde la burgues\u00eda nacional que encarnaba Per\u00f3n iba a perder el control del movimiento pol\u00edtico m\u00e1s importante del pa\u00eds.&nbsp;<\/strong><\/p>\n\n\n\n<h3 class=\"wp-block-heading\"><strong>La mismas estirpe<\/strong><\/h3>\n\n\n\n<p>Los sectores olig\u00e1rquicos de terratenientes y monopolios imperialistas vinieron a restablecer su orden y lo primero que hicieron fue barrer con la mayor\u00eda de las conquistas populares alcanzadas. Son los mismos que sostuvieron a la dictadura m\u00e1s sangrienta en la historia del pa\u00eds y son los que llegaron con el macrismo al gobierno, <strong>dando un salto in\u00e9dito en el copamiento del Estado, no necesitando intermediarios pol\u00edticos, sino tomando el control de los ministerios con los CEOs de los monopolios.<\/strong>&nbsp;<\/p>\n\n\n\n<p>&nbsp;Los despreciamos, pero no los subestimamos, y si bien lo pudimos derrotar en las \u00faltimas elecciones con el gran triunfo del Frente de Todos, no escapa que influencian a un heterog\u00e9neo 41% del electorado y son un sector muy activo en el presente asentado en resortes claves de la econom\u00eda argentina que les da poder para chantajear y avanzar a\u00fan por sobre decretos y leyes.&nbsp;<\/p>\n\n\n\n<p><strong>En la medida que no se vaya a fondo en el rumbo popular<\/strong>, trayendo al presente todas aquellas pol\u00edticas que dignificaron al pueblo y la naci\u00f3n, y que fueron bombardeadas hace 65 a\u00f1os; mientras no se avance en la democratizaci\u00f3n de la tierra, para que sea para quien la trabaje, donde haya un plan nacional de colonizaci\u00f3n de tierras ociosas y latifundios, avanzando hacia una reforma agraria integral, con un IAPI que acompa\u00f1e a Vicentin expropiada; mientras siga el modelo de agro industrial mirando para afuera, a la exportaci\u00f3n, mientras para adentro avance el hambre, el desmonte, la falta de agua, y contaminaci\u00f3n; mientras siga el monopolio de la comunicaci\u00f3n y se sostenga el ocultamiento o se monten operaciones; mientras los recursos y servicios estrat\u00e9gicos sigan en manos de monopolios internacionales; mientras la banca y el comercio lo manejen los bancos y financieras privados; mientras el pueblo de manera independiente no se prepare para defender las conquistas o ir m\u00e1s all\u00e1 si fuese necesario, <strong>los buitres agoreros del pasado m\u00e1s oscuro que nos toc\u00f3 padecer seguir\u00e1n sobrevolando y hostigando a la espera del momento propicio para volver a clavar sus garras<\/strong>.&nbsp;<\/p>\n\n\n\n<p>Asistimos a un mundo donde la crisis carcome las entra\u00f1as de los EEUU, la principal superpotencia mundial, donde la pandemia y la guerra bacteriol\u00f3gica expone de manera descarnada las miserias del sistema, la explotaci\u00f3n y precarizaci\u00f3n llevada al extremo y la destrucci\u00f3n de los ecosistemas. En definitiva, expone el programa de los sectores reaccionarios como aquellos que bombardearon la plaza. Eso est\u00e1 en crisis y hoy se ha puesto en discusi\u00f3n todo, y la rebeli\u00f3n que se manifiesta en EEUU y las principales capitales del mundo contra los asesinatos racistas, no son hechos aislados, es la podredumbre en la se sostiene el sistema capitalista imperialista.&nbsp;<\/p>\n\n\n\n<p>Muchos gobiernos empantanados en la crisis econ\u00f3mica y social de Europa recurren a la estatizaci\u00f3n de los recursos y servicios estrat\u00e9gicos, mostrando que la medida en s\u00ed no significa el socialismo o el comunismo, sino un recurso necesario para no perder el control en medio de la crisis. Esa medida en si es positiva porque el pueblo tiene mejores condiciones para avanzar en la lucha aprovechando contradicciones que el propio Estado ofrece, en el marco de una disputa interimperialista por el control de nuestras riquezas, que se agudiz\u00f3.<\/p>\n\n\n\n<p><strong>A 65 a\u00f1os de aquel cobarde y fascista bombardeo, reconocemos que los golpistas de ayer, son la reacci\u00f3n de hoy manifiesta en el PRO, Cambiemos, la direcci\u00f3n del radicalismo, la SRA, Clar\u00edn y la UIA, entre otros, y es por eso que trabajamos para fortalecer la unidad del frente popular con lxs trabajadores a la cabeza para garantizar un rumbo popular y consolidar la marcha del pueblo hacia la liberaci\u00f3n nacional y social, \u00fanico ant\u00eddoto comprobado para derrotar a los gorilas de ayer y de hoy.\u00a0<\/strong><\/p>\n<!-- AddThis Advanced Settings generic via filter on the_content --><!-- AddThis Share Buttons generic via filter on the_content -->","protected":false},"excerpt":{"rendered":"<p>El 16 de junio de 1955 se produjo el bombardeo a la Plaza de Mayo que daba inicio al posterior Golpe de Estado al gobierno del General Per\u00f3n, poniendo fin a una d\u00e9cada de gobierno peronista. Se iniciaba un per\u00edodo pol\u00edtico llamado \u201crevoluci\u00f3n libertadora\u201d conducida por lo m\u00e1s nefasto y recalcitrante de la oligarqu\u00eda argentina.\u00a0\u00a0 [&hellip;]<!-- AddThis Advanced Settings generic via filter on get_the_excerpt --><!-- AddThis Share Buttons generic via filter on get_the_excerpt --><\/p>\n","protected":false},"author":6,"featured_media":18341,"comment_status":"open","ping_status":"open","sticky":false,"template":"","format":"standard","meta":{"_jetpack_memberships_contains_paid_content":false,"footnotes":""},"categories":[1853],"tags":[],"class_list":{"0":"post-18336","1":"post","2":"type-post","3":"status-publish","4":"format-standard","5":"has-post-thumbnail","7":"category-historia"},"yoast_head":"<!-- This site is optimized with the Yoast SEO plugin v27.4 - https:\/\/yoast.com\/product\/yoast-seo-wordpress\/ -->\n<title>A 65 a\u00f1os del bombardeo contra el pueblo - Vamos por la Liberaci\u00f3n<\/title>\n<meta name=\"robots\" content=\"index, follow, max-snippet:-1, max-image-preview:large, max-video-preview:-1\" \/>\n<link rel=\"canonical\" href=\"https:\/\/vamosporlaliberacion.org\/crpmlm\/a-65-anos-del-bombardeo-contra-el-pueblo\/\" \/>\n<meta name=\"twitter:label1\" content=\"Escrito por\" \/>\n\t<meta name=\"twitter:data1\" content=\"vamos!\" \/>\n\t<meta name=\"twitter:label2\" content=\"Tiempo de lectura\" \/>\n\t<meta name=\"twitter:data2\" content=\"12 minutos\" \/>\n<script type=\"application\/ld+json\" class=\"yoast-schema-graph\">{\"@context\":\"https:\\\/\\\/schema.org\",\"@graph\":[{\"@type\":\"Article\",\"@id\":\"https:\\\/\\\/vamosporlaliberacion.org\\\/crpmlm\\\/a-65-anos-del-bombardeo-contra-el-pueblo\\\/#article\",\"isPartOf\":{\"@id\":\"https:\\\/\\\/vamosporlaliberacion.org\\\/crpmlm\\\/a-65-anos-del-bombardeo-contra-el-pueblo\\\/\"},\"author\":{\"name\":\"vamos!\",\"@id\":\"https:\\\/\\\/vamosporlaliberacion.org\\\/crpmlm\\\/#\\\/schema\\\/person\\\/d6eac7758df3770dae9cd9eb104d615c\"},\"headline\":\"A 65 a\u00f1os del bombardeo contra el pueblo\",\"datePublished\":\"2020-06-16T14:38:50+00:00\",\"dateModified\":\"2020-09-14T14:04:40+00:00\",\"mainEntityOfPage\":{\"@id\":\"https:\\\/\\\/vamosporlaliberacion.org\\\/crpmlm\\\/a-65-anos-del-bombardeo-contra-el-pueblo\\\/\"},\"wordCount\":2487,\"commentCount\":0,\"image\":{\"@id\":\"https:\\\/\\\/vamosporlaliberacion.org\\\/crpmlm\\\/a-65-anos-del-bombardeo-contra-el-pueblo\\\/#primaryimage\"},\"thumbnailUrl\":\"https:\\\/\\\/i0.wp.com\\\/vamosporlaliberacion.org\\\/crpmlm\\\/wp-content\\\/uploads\\\/2020\\\/06\\\/foto.jpg?fit=1200%2C675&ssl=1\",\"articleSection\":[\"Historia \\\/ Teor\u00eda\"],\"inLanguage\":\"es\",\"potentialAction\":[{\"@type\":\"CommentAction\",\"name\":\"Comment\",\"target\":[\"https:\\\/\\\/vamosporlaliberacion.org\\\/crpmlm\\\/a-65-anos-del-bombardeo-contra-el-pueblo\\\/#respond\"]}]},{\"@type\":\"WebPage\",\"@id\":\"https:\\\/\\\/vamosporlaliberacion.org\\\/crpmlm\\\/a-65-anos-del-bombardeo-contra-el-pueblo\\\/\",\"url\":\"https:\\\/\\\/vamosporlaliberacion.org\\\/crpmlm\\\/a-65-anos-del-bombardeo-contra-el-pueblo\\\/\",\"name\":\"A 65 a\u00f1os del bombardeo contra el pueblo - Vamos por la Liberaci\u00f3n\",\"isPartOf\":{\"@id\":\"https:\\\/\\\/vamosporlaliberacion.org\\\/crpmlm\\\/#website\"},\"primaryImageOfPage\":{\"@id\":\"https:\\\/\\\/vamosporlaliberacion.org\\\/crpmlm\\\/a-65-anos-del-bombardeo-contra-el-pueblo\\\/#primaryimage\"},\"image\":{\"@id\":\"https:\\\/\\\/vamosporlaliberacion.org\\\/crpmlm\\\/a-65-anos-del-bombardeo-contra-el-pueblo\\\/#primaryimage\"},\"thumbnailUrl\":\"https:\\\/\\\/i0.wp.com\\\/vamosporlaliberacion.org\\\/crpmlm\\\/wp-content\\\/uploads\\\/2020\\\/06\\\/foto.jpg?fit=1200%2C675&ssl=1\",\"datePublished\":\"2020-06-16T14:38:50+00:00\",\"dateModified\":\"2020-09-14T14:04:40+00:00\",\"author\":{\"@id\":\"https:\\\/\\\/vamosporlaliberacion.org\\\/crpmlm\\\/#\\\/schema\\\/person\\\/d6eac7758df3770dae9cd9eb104d615c\"},\"breadcrumb\":{\"@id\":\"https:\\\/\\\/vamosporlaliberacion.org\\\/crpmlm\\\/a-65-anos-del-bombardeo-contra-el-pueblo\\\/#breadcrumb\"},\"inLanguage\":\"es\",\"potentialAction\":[{\"@type\":\"ReadAction\",\"target\":[\"https:\\\/\\\/vamosporlaliberacion.org\\\/crpmlm\\\/a-65-anos-del-bombardeo-contra-el-pueblo\\\/\"]}]},{\"@type\":\"ImageObject\",\"inLanguage\":\"es\",\"@id\":\"https:\\\/\\\/vamosporlaliberacion.org\\\/crpmlm\\\/a-65-anos-del-bombardeo-contra-el-pueblo\\\/#primaryimage\",\"url\":\"https:\\\/\\\/i0.wp.com\\\/vamosporlaliberacion.org\\\/crpmlm\\\/wp-content\\\/uploads\\\/2020\\\/06\\\/foto.jpg?fit=1200%2C675&ssl=1\",\"contentUrl\":\"https:\\\/\\\/i0.wp.com\\\/vamosporlaliberacion.org\\\/crpmlm\\\/wp-content\\\/uploads\\\/2020\\\/06\\\/foto.jpg?fit=1200%2C675&ssl=1\",\"width\":1200,\"height\":675},{\"@type\":\"BreadcrumbList\",\"@id\":\"https:\\\/\\\/vamosporlaliberacion.org\\\/crpmlm\\\/a-65-anos-del-bombardeo-contra-el-pueblo\\\/#breadcrumb\",\"itemListElement\":[{\"@type\":\"ListItem\",\"position\":1,\"name\":\"Portada\",\"item\":\"https:\\\/\\\/vamosporlaliberacion.org\\\/crpmlm\\\/\"},{\"@type\":\"ListItem\",\"position\":2,\"name\":\"A 65 a\u00f1os del bombardeo contra el pueblo\"}]},{\"@type\":\"WebSite\",\"@id\":\"https:\\\/\\\/vamosporlaliberacion.org\\\/crpmlm\\\/#website\",\"url\":\"https:\\\/\\\/vamosporlaliberacion.org\\\/crpmlm\\\/\",\"name\":\"Vamos por la Liberaci\u00f3n\",\"description\":\"Prensa CR\",\"potentialAction\":[{\"@type\":\"SearchAction\",\"target\":{\"@type\":\"EntryPoint\",\"urlTemplate\":\"https:\\\/\\\/vamosporlaliberacion.org\\\/crpmlm\\\/?s={search_term_string}\"},\"query-input\":{\"@type\":\"PropertyValueSpecification\",\"valueRequired\":true,\"valueName\":\"search_term_string\"}}],\"inLanguage\":\"es\"},{\"@type\":\"Person\",\"@id\":\"https:\\\/\\\/vamosporlaliberacion.org\\\/crpmlm\\\/#\\\/schema\\\/person\\\/d6eac7758df3770dae9cd9eb104d615c\",\"name\":\"vamos!\",\"url\":\"https:\\\/\\\/vamosporlaliberacion.org\\\/crpmlm\\\/author\\\/adminvxl\\\/\"}]}<\/script>\n<!-- \/ Yoast SEO plugin. -->","yoast_head_json":{"title":"A 65 a\u00f1os del bombardeo contra el pueblo - Vamos por la Liberaci\u00f3n","robots":{"index":"index","follow":"follow","max-snippet":"max-snippet:-1","max-image-preview":"max-image-preview:large","max-video-preview":"max-video-preview:-1"},"canonical":"https:\/\/vamosporlaliberacion.org\/crpmlm\/a-65-anos-del-bombardeo-contra-el-pueblo\/","twitter_misc":{"Escrito por":"vamos!","Tiempo de lectura":"12 minutos"},"schema":{"@context":"https:\/\/schema.org","@graph":[{"@type":"Article","@id":"https:\/\/vamosporlaliberacion.org\/crpmlm\/a-65-anos-del-bombardeo-contra-el-pueblo\/#article","isPartOf":{"@id":"https:\/\/vamosporlaliberacion.org\/crpmlm\/a-65-anos-del-bombardeo-contra-el-pueblo\/"},"author":{"name":"vamos!","@id":"https:\/\/vamosporlaliberacion.org\/crpmlm\/#\/schema\/person\/d6eac7758df3770dae9cd9eb104d615c"},"headline":"A 65 a\u00f1os del bombardeo contra el pueblo","datePublished":"2020-06-16T14:38:50+00:00","dateModified":"2020-09-14T14:04:40+00:00","mainEntityOfPage":{"@id":"https:\/\/vamosporlaliberacion.org\/crpmlm\/a-65-anos-del-bombardeo-contra-el-pueblo\/"},"wordCount":2487,"commentCount":0,"image":{"@id":"https:\/\/vamosporlaliberacion.org\/crpmlm\/a-65-anos-del-bombardeo-contra-el-pueblo\/#primaryimage"},"thumbnailUrl":"https:\/\/i0.wp.com\/vamosporlaliberacion.org\/crpmlm\/wp-content\/uploads\/2020\/06\/foto.jpg?fit=1200%2C675&ssl=1","articleSection":["Historia \/ Teor\u00eda"],"inLanguage":"es","potentialAction":[{"@type":"CommentAction","name":"Comment","target":["https:\/\/vamosporlaliberacion.org\/crpmlm\/a-65-anos-del-bombardeo-contra-el-pueblo\/#respond"]}]},{"@type":"WebPage","@id":"https:\/\/vamosporlaliberacion.org\/crpmlm\/a-65-anos-del-bombardeo-contra-el-pueblo\/","url":"https:\/\/vamosporlaliberacion.org\/crpmlm\/a-65-anos-del-bombardeo-contra-el-pueblo\/","name":"A 65 a\u00f1os del bombardeo contra el pueblo - Vamos por la Liberaci\u00f3n","isPartOf":{"@id":"https:\/\/vamosporlaliberacion.org\/crpmlm\/#website"},"primaryImageOfPage":{"@id":"https:\/\/vamosporlaliberacion.org\/crpmlm\/a-65-anos-del-bombardeo-contra-el-pueblo\/#primaryimage"},"image":{"@id":"https:\/\/vamosporlaliberacion.org\/crpmlm\/a-65-anos-del-bombardeo-contra-el-pueblo\/#primaryimage"},"thumbnailUrl":"https:\/\/i0.wp.com\/vamosporlaliberacion.org\/crpmlm\/wp-content\/uploads\/2020\/06\/foto.jpg?fit=1200%2C675&ssl=1","datePublished":"2020-06-16T14:38:50+00:00","dateModified":"2020-09-14T14:04:40+00:00","author":{"@id":"https:\/\/vamosporlaliberacion.org\/crpmlm\/#\/schema\/person\/d6eac7758df3770dae9cd9eb104d615c"},"breadcrumb":{"@id":"https:\/\/vamosporlaliberacion.org\/crpmlm\/a-65-anos-del-bombardeo-contra-el-pueblo\/#breadcrumb"},"inLanguage":"es","potentialAction":[{"@type":"ReadAction","target":["https:\/\/vamosporlaliberacion.org\/crpmlm\/a-65-anos-del-bombardeo-contra-el-pueblo\/"]}]},{"@type":"ImageObject","inLanguage":"es","@id":"https:\/\/vamosporlaliberacion.org\/crpmlm\/a-65-anos-del-bombardeo-contra-el-pueblo\/#primaryimage","url":"https:\/\/i0.wp.com\/vamosporlaliberacion.org\/crpmlm\/wp-content\/uploads\/2020\/06\/foto.jpg?fit=1200%2C675&ssl=1","contentUrl":"https:\/\/i0.wp.com\/vamosporlaliberacion.org\/crpmlm\/wp-content\/uploads\/2020\/06\/foto.jpg?fit=1200%2C675&ssl=1","width":1200,"height":675},{"@type":"BreadcrumbList","@id":"https:\/\/vamosporlaliberacion.org\/crpmlm\/a-65-anos-del-bombardeo-contra-el-pueblo\/#breadcrumb","itemListElement":[{"@type":"ListItem","position":1,"name":"Portada","item":"https:\/\/vamosporlaliberacion.org\/crpmlm\/"},{"@type":"ListItem","position":2,"name":"A 65 a\u00f1os del bombardeo contra el pueblo"}]},{"@type":"WebSite","@id":"https:\/\/vamosporlaliberacion.org\/crpmlm\/#website","url":"https:\/\/vamosporlaliberacion.org\/crpmlm\/","name":"Vamos por la Liberaci\u00f3n","description":"Prensa CR","potentialAction":[{"@type":"SearchAction","target":{"@type":"EntryPoint","urlTemplate":"https:\/\/vamosporlaliberacion.org\/crpmlm\/?s={search_term_string}"},"query-input":{"@type":"PropertyValueSpecification","valueRequired":true,"valueName":"search_term_string"}}],"inLanguage":"es"},{"@type":"Person","@id":"https:\/\/vamosporlaliberacion.org\/crpmlm\/#\/schema\/person\/d6eac7758df3770dae9cd9eb104d615c","name":"vamos!","url":"https:\/\/vamosporlaliberacion.org\/crpmlm\/author\/adminvxl\/"}]}},"jetpack_featured_media_url":"https:\/\/i0.wp.com\/vamosporlaliberacion.org\/crpmlm\/wp-content\/uploads\/2020\/06\/foto.jpg?fit=1200%2C675&ssl=1","jetpack_sharing_enabled":true,"_links":{"self":[{"href":"https:\/\/vamosporlaliberacion.org\/crpmlm\/wp-json\/wp\/v2\/posts\/18336","targetHints":{"allow":["GET"]}}],"collection":[{"href":"https:\/\/vamosporlaliberacion.org\/crpmlm\/wp-json\/wp\/v2\/posts"}],"about":[{"href":"https:\/\/vamosporlaliberacion.org\/crpmlm\/wp-json\/wp\/v2\/types\/post"}],"author":[{"embeddable":true,"href":"https:\/\/vamosporlaliberacion.org\/crpmlm\/wp-json\/wp\/v2\/users\/6"}],"replies":[{"embeddable":true,"href":"https:\/\/vamosporlaliberacion.org\/crpmlm\/wp-json\/wp\/v2\/comments?post=18336"}],"version-history":[{"count":2,"href":"https:\/\/vamosporlaliberacion.org\/crpmlm\/wp-json\/wp\/v2\/posts\/18336\/revisions"}],"predecessor-version":[{"id":18343,"href":"https:\/\/vamosporlaliberacion.org\/crpmlm\/wp-json\/wp\/v2\/posts\/18336\/revisions\/18343"}],"wp:featuredmedia":[{"embeddable":true,"href":"https:\/\/vamosporlaliberacion.org\/crpmlm\/wp-json\/wp\/v2\/media\/18341"}],"wp:attachment":[{"href":"https:\/\/vamosporlaliberacion.org\/crpmlm\/wp-json\/wp\/v2\/media?parent=18336"}],"wp:term":[{"taxonomy":"category","embeddable":true,"href":"https:\/\/vamosporlaliberacion.org\/crpmlm\/wp-json\/wp\/v2\/categories?post=18336"},{"taxonomy":"post_tag","embeddable":true,"href":"https:\/\/vamosporlaliberacion.org\/crpmlm\/wp-json\/wp\/v2\/tags?post=18336"}],"curies":[{"name":"wp","href":"https:\/\/api.w.org\/{rel}","templated":true}]}}