{"id":18302,"date":"2020-06-14T19:38:41","date_gmt":"2020-06-14T22:38:41","guid":{"rendered":"http:\/\/vamosporlaliberacion.org\/crpmlm\/?p=18302"},"modified":"2020-10-26T20:34:44","modified_gmt":"2020-10-26T23:34:44","slug":"qomi-nachataq-tani-estamos-de-pie","status":"publish","type":"post","link":"https:\/\/vamosporlaliberacion.org\/crpmlm\/qomi-nachataq-tani-estamos-de-pie\/","title":{"rendered":"QOMI \u00d1ACHATAQ TAN\u00cd (estamos de pie)"},"content":{"rendered":"\n<p>\u201cVenimos de la oscuridad. Venimos del hambre y del dolor. Caminamos tres d\u00edas para llegar ac\u00e1. Venimos del fondo del monte, del pedazo de la tierra que no podemos sembrar, de nuestro cementerio alambrado.<\/p>\n\n\n\n<p>Venimos de trabajar en grandes campos ajenos, de tierras que eran de nuestros abuelos y hoy con el hambre no podemos entrar a cazar, pescar o sacar le\u00f1a porque somos perseguidos a los tiros y reprimidos.<\/p>\n\n\n\n<p>Venimos con la falta de trabajo, el dolor de los hijos descalzos, de no poder mandarlos a la escuela y verlos morir por no poder atender su salud.<\/p>\n\n\n\n<p>Venimos mirando nuestra realidad, este contexto salvaje y hambriento que nos marca la plaza 25 de mayo, con sus carpas ca\u00eddas, humo creciente y bocina de reclamo en este siglo XXI, recordamos a los conquistadores de 500 a\u00f1os atr\u00e1s que consideraban, por el mismo car\u00e1cter de conquistadores, al aborigen un trofeo.<\/p>\n\n\n\n<p>Venimos reclamando nuestras tierras, nuestro impenetrable que cae bajo los invasores sojeros.<\/p>\n\n\n\n<p>Venimos de&nbsp; noches de torta frita al fuego, cuando&nbsp; escuchamos decir a nuestros labios: \u201cLa cicatriz no se cierra. Sigue siendo sangreado\u201d. La herida sigue abierta. El desamparo, la marginaci\u00f3n, la miseria solo se acent\u00faa con el paso del tiempo.<\/p>\n\n\n\n<p>Venimos sangrando. El rescate que se reclama y que se escribe en las constituciones y en todas las leyes, sobre el respeto a las diferentes culturas solo queda en las palabras, en las letras de esos documentos pero en la realidad no&nbsp; nos&nbsp; reconocen el derecho a&nbsp; nuestra cultura, salvo aquellos que pueden integrarse, que admiten ser aculturados y que reniegan de su origen.<\/p>\n\n\n\n<p>Venimos 2500 miembros de las etnias Toba, Wichi y Mocov\u00ed&nbsp; que caminamos 120 Km. para hacer vivo el recuerdo de 510 a\u00f1os de opresi\u00f3n, discriminaci\u00f3n y explotaci\u00f3n; para mostrar la dolorosa realidad de sus comunidades y para presentar al gobierno provincial los reclamos m\u00e1s imperiosos de sus pueblos, de su Etnia o grupo humano con determinados valores diferentes de otros grupos humanos ya que en Am\u00e9rica fueron culturalmente ignorados por los conquistadores y colonizadores a partir de 1492.<\/p>\n\n\n\n<p>Venimos condenados a la negaci\u00f3n de nuestra identidad diferente. La colonizaci\u00f3n se propuso que los indios dejen de ser indios. Borrarnos del mapa y el alma, aniquilarnos o asimilarnos.<\/p>\n\n\n\n<p>Venimos&nbsp; negados a vivir a nuestro&nbsp; modo y manera, y &nbsp;prohibidos a nuestro derecho de ser\u201d.<\/p>\n\n\n\n<p><\/p>\n<!-- AddThis Advanced Settings generic via filter on the_content --><!-- AddThis Share Buttons generic via filter on the_content -->","protected":false},"excerpt":{"rendered":"<p>\u201cVenimos de la oscuridad. Venimos del hambre y del dolor. Caminamos tres d\u00edas para llegar ac\u00e1. Venimos del fondo del monte, del pedazo de la tierra que no podemos sembrar, de nuestro cementerio alambrado. Venimos de trabajar en grandes campos ajenos, de tierras que eran de nuestros abuelos y hoy con el hambre no podemos [&hellip;]<!-- AddThis Advanced Settings generic via filter on get_the_excerpt --><!-- AddThis Share Buttons generic via filter on get_the_excerpt --><\/p>\n","protected":false},"author":6,"featured_media":18304,"comment_status":"open","ping_status":"open","sticky":false,"template":"","format":"standard","meta":{"_jetpack_memberships_contains_paid_content":false,"footnotes":""},"categories":[1879],"tags":[],"class_list":{"0":"post-18302","1":"post","2":"type-post","3":"status-publish","4":"format-standard","5":"has-post-thumbnail","7":"category-nuestro-ejemplo"},"yoast_head":"<!-- This site is optimized with the Yoast SEO plugin v27.4 - https:\/\/yoast.com\/product\/yoast-seo-wordpress\/ -->\n<title>QOMI \u00d1ACHATAQ TAN\u00cd (estamos de pie) - Vamos por la Liberaci\u00f3n<\/title>\n<meta name=\"robots\" content=\"index, follow, max-snippet:-1, max-image-preview:large, max-video-preview:-1\" \/>\n<link rel=\"canonical\" href=\"https:\/\/vamosporlaliberacion.org\/crpmlm\/qomi-nachataq-tani-estamos-de-pie\/\" \/>\n<meta name=\"twitter:label1\" content=\"Escrito por\" \/>\n\t<meta name=\"twitter:data1\" content=\"vamos!\" \/>\n\t<meta name=\"twitter:label2\" content=\"Tiempo de lectura\" \/>\n\t<meta name=\"twitter:data2\" content=\"2 minutos\" \/>\n<script type=\"application\/ld+json\" class=\"yoast-schema-graph\">{\"@context\":\"https:\\\/\\\/schema.org\",\"@graph\":[{\"@type\":\"Article\",\"@id\":\"https:\\\/\\\/vamosporlaliberacion.org\\\/crpmlm\\\/qomi-nachataq-tani-estamos-de-pie\\\/#article\",\"isPartOf\":{\"@id\":\"https:\\\/\\\/vamosporlaliberacion.org\\\/crpmlm\\\/qomi-nachataq-tani-estamos-de-pie\\\/\"},\"author\":{\"name\":\"vamos!\",\"@id\":\"https:\\\/\\\/vamosporlaliberacion.org\\\/crpmlm\\\/#\\\/schema\\\/person\\\/d6eac7758df3770dae9cd9eb104d615c\"},\"headline\":\"QOMI \u00d1ACHATAQ TAN\u00cd (estamos de pie)\",\"datePublished\":\"2020-06-14T22:38:41+00:00\",\"dateModified\":\"2020-10-26T23:34:44+00:00\",\"mainEntityOfPage\":{\"@id\":\"https:\\\/\\\/vamosporlaliberacion.org\\\/crpmlm\\\/qomi-nachataq-tani-estamos-de-pie\\\/\"},\"wordCount\":413,\"commentCount\":0,\"image\":{\"@id\":\"https:\\\/\\\/vamosporlaliberacion.org\\\/crpmlm\\\/qomi-nachataq-tani-estamos-de-pie\\\/#primaryimage\"},\"thumbnailUrl\":\"https:\\\/\\\/i0.wp.com\\\/vamosporlaliberacion.org\\\/crpmlm\\\/wp-content\\\/uploads\\\/2020\\\/06\\\/martires-1.jpg?fit=1600%2C1200&ssl=1\",\"articleSection\":[\"Nuestro ejemplo\"],\"inLanguage\":\"es\",\"potentialAction\":[{\"@type\":\"CommentAction\",\"name\":\"Comment\",\"target\":[\"https:\\\/\\\/vamosporlaliberacion.org\\\/crpmlm\\\/qomi-nachataq-tani-estamos-de-pie\\\/#respond\"]}]},{\"@type\":\"WebPage\",\"@id\":\"https:\\\/\\\/vamosporlaliberacion.org\\\/crpmlm\\\/qomi-nachataq-tani-estamos-de-pie\\\/\",\"url\":\"https:\\\/\\\/vamosporlaliberacion.org\\\/crpmlm\\\/qomi-nachataq-tani-estamos-de-pie\\\/\",\"name\":\"QOMI \u00d1ACHATAQ TAN\u00cd (estamos de pie) - Vamos por la Liberaci\u00f3n\",\"isPartOf\":{\"@id\":\"https:\\\/\\\/vamosporlaliberacion.org\\\/crpmlm\\\/#website\"},\"primaryImageOfPage\":{\"@id\":\"https:\\\/\\\/vamosporlaliberacion.org\\\/crpmlm\\\/qomi-nachataq-tani-estamos-de-pie\\\/#primaryimage\"},\"image\":{\"@id\":\"https:\\\/\\\/vamosporlaliberacion.org\\\/crpmlm\\\/qomi-nachataq-tani-estamos-de-pie\\\/#primaryimage\"},\"thumbnailUrl\":\"https:\\\/\\\/i0.wp.com\\\/vamosporlaliberacion.org\\\/crpmlm\\\/wp-content\\\/uploads\\\/2020\\\/06\\\/martires-1.jpg?fit=1600%2C1200&ssl=1\",\"datePublished\":\"2020-06-14T22:38:41+00:00\",\"dateModified\":\"2020-10-26T23:34:44+00:00\",\"author\":{\"@id\":\"https:\\\/\\\/vamosporlaliberacion.org\\\/crpmlm\\\/#\\\/schema\\\/person\\\/d6eac7758df3770dae9cd9eb104d615c\"},\"breadcrumb\":{\"@id\":\"https:\\\/\\\/vamosporlaliberacion.org\\\/crpmlm\\\/qomi-nachataq-tani-estamos-de-pie\\\/#breadcrumb\"},\"inLanguage\":\"es\",\"potentialAction\":[{\"@type\":\"ReadAction\",\"target\":[\"https:\\\/\\\/vamosporlaliberacion.org\\\/crpmlm\\\/qomi-nachataq-tani-estamos-de-pie\\\/\"]}]},{\"@type\":\"ImageObject\",\"inLanguage\":\"es\",\"@id\":\"https:\\\/\\\/vamosporlaliberacion.org\\\/crpmlm\\\/qomi-nachataq-tani-estamos-de-pie\\\/#primaryimage\",\"url\":\"https:\\\/\\\/i0.wp.com\\\/vamosporlaliberacion.org\\\/crpmlm\\\/wp-content\\\/uploads\\\/2020\\\/06\\\/martires-1.jpg?fit=1600%2C1200&ssl=1\",\"contentUrl\":\"https:\\\/\\\/i0.wp.com\\\/vamosporlaliberacion.org\\\/crpmlm\\\/wp-content\\\/uploads\\\/2020\\\/06\\\/martires-1.jpg?fit=1600%2C1200&ssl=1\",\"width\":1600,\"height\":1200},{\"@type\":\"BreadcrumbList\",\"@id\":\"https:\\\/\\\/vamosporlaliberacion.org\\\/crpmlm\\\/qomi-nachataq-tani-estamos-de-pie\\\/#breadcrumb\",\"itemListElement\":[{\"@type\":\"ListItem\",\"position\":1,\"name\":\"Portada\",\"item\":\"https:\\\/\\\/vamosporlaliberacion.org\\\/crpmlm\\\/\"},{\"@type\":\"ListItem\",\"position\":2,\"name\":\"QOMI \u00d1ACHATAQ TAN\u00cd (estamos de pie)\"}]},{\"@type\":\"WebSite\",\"@id\":\"https:\\\/\\\/vamosporlaliberacion.org\\\/crpmlm\\\/#website\",\"url\":\"https:\\\/\\\/vamosporlaliberacion.org\\\/crpmlm\\\/\",\"name\":\"Vamos por la Liberaci\u00f3n\",\"description\":\"Prensa CR\",\"potentialAction\":[{\"@type\":\"SearchAction\",\"target\":{\"@type\":\"EntryPoint\",\"urlTemplate\":\"https:\\\/\\\/vamosporlaliberacion.org\\\/crpmlm\\\/?s={search_term_string}\"},\"query-input\":{\"@type\":\"PropertyValueSpecification\",\"valueRequired\":true,\"valueName\":\"search_term_string\"}}],\"inLanguage\":\"es\"},{\"@type\":\"Person\",\"@id\":\"https:\\\/\\\/vamosporlaliberacion.org\\\/crpmlm\\\/#\\\/schema\\\/person\\\/d6eac7758df3770dae9cd9eb104d615c\",\"name\":\"vamos!\",\"url\":\"https:\\\/\\\/vamosporlaliberacion.org\\\/crpmlm\\\/author\\\/adminvxl\\\/\"}]}<\/script>\n<!-- \/ Yoast SEO plugin. -->","yoast_head_json":{"title":"QOMI \u00d1ACHATAQ TAN\u00cd (estamos de pie) - Vamos por la Liberaci\u00f3n","robots":{"index":"index","follow":"follow","max-snippet":"max-snippet:-1","max-image-preview":"max-image-preview:large","max-video-preview":"max-video-preview:-1"},"canonical":"https:\/\/vamosporlaliberacion.org\/crpmlm\/qomi-nachataq-tani-estamos-de-pie\/","twitter_misc":{"Escrito por":"vamos!","Tiempo de lectura":"2 minutos"},"schema":{"@context":"https:\/\/schema.org","@graph":[{"@type":"Article","@id":"https:\/\/vamosporlaliberacion.org\/crpmlm\/qomi-nachataq-tani-estamos-de-pie\/#article","isPartOf":{"@id":"https:\/\/vamosporlaliberacion.org\/crpmlm\/qomi-nachataq-tani-estamos-de-pie\/"},"author":{"name":"vamos!","@id":"https:\/\/vamosporlaliberacion.org\/crpmlm\/#\/schema\/person\/d6eac7758df3770dae9cd9eb104d615c"},"headline":"QOMI \u00d1ACHATAQ TAN\u00cd (estamos de pie)","datePublished":"2020-06-14T22:38:41+00:00","dateModified":"2020-10-26T23:34:44+00:00","mainEntityOfPage":{"@id":"https:\/\/vamosporlaliberacion.org\/crpmlm\/qomi-nachataq-tani-estamos-de-pie\/"},"wordCount":413,"commentCount":0,"image":{"@id":"https:\/\/vamosporlaliberacion.org\/crpmlm\/qomi-nachataq-tani-estamos-de-pie\/#primaryimage"},"thumbnailUrl":"https:\/\/i0.wp.com\/vamosporlaliberacion.org\/crpmlm\/wp-content\/uploads\/2020\/06\/martires-1.jpg?fit=1600%2C1200&ssl=1","articleSection":["Nuestro ejemplo"],"inLanguage":"es","potentialAction":[{"@type":"CommentAction","name":"Comment","target":["https:\/\/vamosporlaliberacion.org\/crpmlm\/qomi-nachataq-tani-estamos-de-pie\/#respond"]}]},{"@type":"WebPage","@id":"https:\/\/vamosporlaliberacion.org\/crpmlm\/qomi-nachataq-tani-estamos-de-pie\/","url":"https:\/\/vamosporlaliberacion.org\/crpmlm\/qomi-nachataq-tani-estamos-de-pie\/","name":"QOMI \u00d1ACHATAQ TAN\u00cd (estamos de pie) - Vamos por la Liberaci\u00f3n","isPartOf":{"@id":"https:\/\/vamosporlaliberacion.org\/crpmlm\/#website"},"primaryImageOfPage":{"@id":"https:\/\/vamosporlaliberacion.org\/crpmlm\/qomi-nachataq-tani-estamos-de-pie\/#primaryimage"},"image":{"@id":"https:\/\/vamosporlaliberacion.org\/crpmlm\/qomi-nachataq-tani-estamos-de-pie\/#primaryimage"},"thumbnailUrl":"https:\/\/i0.wp.com\/vamosporlaliberacion.org\/crpmlm\/wp-content\/uploads\/2020\/06\/martires-1.jpg?fit=1600%2C1200&ssl=1","datePublished":"2020-06-14T22:38:41+00:00","dateModified":"2020-10-26T23:34:44+00:00","author":{"@id":"https:\/\/vamosporlaliberacion.org\/crpmlm\/#\/schema\/person\/d6eac7758df3770dae9cd9eb104d615c"},"breadcrumb":{"@id":"https:\/\/vamosporlaliberacion.org\/crpmlm\/qomi-nachataq-tani-estamos-de-pie\/#breadcrumb"},"inLanguage":"es","potentialAction":[{"@type":"ReadAction","target":["https:\/\/vamosporlaliberacion.org\/crpmlm\/qomi-nachataq-tani-estamos-de-pie\/"]}]},{"@type":"ImageObject","inLanguage":"es","@id":"https:\/\/vamosporlaliberacion.org\/crpmlm\/qomi-nachataq-tani-estamos-de-pie\/#primaryimage","url":"https:\/\/i0.wp.com\/vamosporlaliberacion.org\/crpmlm\/wp-content\/uploads\/2020\/06\/martires-1.jpg?fit=1600%2C1200&ssl=1","contentUrl":"https:\/\/i0.wp.com\/vamosporlaliberacion.org\/crpmlm\/wp-content\/uploads\/2020\/06\/martires-1.jpg?fit=1600%2C1200&ssl=1","width":1600,"height":1200},{"@type":"BreadcrumbList","@id":"https:\/\/vamosporlaliberacion.org\/crpmlm\/qomi-nachataq-tani-estamos-de-pie\/#breadcrumb","itemListElement":[{"@type":"ListItem","position":1,"name":"Portada","item":"https:\/\/vamosporlaliberacion.org\/crpmlm\/"},{"@type":"ListItem","position":2,"name":"QOMI \u00d1ACHATAQ TAN\u00cd (estamos de pie)"}]},{"@type":"WebSite","@id":"https:\/\/vamosporlaliberacion.org\/crpmlm\/#website","url":"https:\/\/vamosporlaliberacion.org\/crpmlm\/","name":"Vamos por la Liberaci\u00f3n","description":"Prensa CR","potentialAction":[{"@type":"SearchAction","target":{"@type":"EntryPoint","urlTemplate":"https:\/\/vamosporlaliberacion.org\/crpmlm\/?s={search_term_string}"},"query-input":{"@type":"PropertyValueSpecification","valueRequired":true,"valueName":"search_term_string"}}],"inLanguage":"es"},{"@type":"Person","@id":"https:\/\/vamosporlaliberacion.org\/crpmlm\/#\/schema\/person\/d6eac7758df3770dae9cd9eb104d615c","name":"vamos!","url":"https:\/\/vamosporlaliberacion.org\/crpmlm\/author\/adminvxl\/"}]}},"jetpack_featured_media_url":"https:\/\/i0.wp.com\/vamosporlaliberacion.org\/crpmlm\/wp-content\/uploads\/2020\/06\/martires-1.jpg?fit=1600%2C1200&ssl=1","jetpack_sharing_enabled":true,"_links":{"self":[{"href":"https:\/\/vamosporlaliberacion.org\/crpmlm\/wp-json\/wp\/v2\/posts\/18302","targetHints":{"allow":["GET"]}}],"collection":[{"href":"https:\/\/vamosporlaliberacion.org\/crpmlm\/wp-json\/wp\/v2\/posts"}],"about":[{"href":"https:\/\/vamosporlaliberacion.org\/crpmlm\/wp-json\/wp\/v2\/types\/post"}],"author":[{"embeddable":true,"href":"https:\/\/vamosporlaliberacion.org\/crpmlm\/wp-json\/wp\/v2\/users\/6"}],"replies":[{"embeddable":true,"href":"https:\/\/vamosporlaliberacion.org\/crpmlm\/wp-json\/wp\/v2\/comments?post=18302"}],"version-history":[{"count":1,"href":"https:\/\/vamosporlaliberacion.org\/crpmlm\/wp-json\/wp\/v2\/posts\/18302\/revisions"}],"predecessor-version":[{"id":18305,"href":"https:\/\/vamosporlaliberacion.org\/crpmlm\/wp-json\/wp\/v2\/posts\/18302\/revisions\/18305"}],"wp:featuredmedia":[{"embeddable":true,"href":"https:\/\/vamosporlaliberacion.org\/crpmlm\/wp-json\/wp\/v2\/media\/18304"}],"wp:attachment":[{"href":"https:\/\/vamosporlaliberacion.org\/crpmlm\/wp-json\/wp\/v2\/media?parent=18302"}],"wp:term":[{"taxonomy":"category","embeddable":true,"href":"https:\/\/vamosporlaliberacion.org\/crpmlm\/wp-json\/wp\/v2\/categories?post=18302"},{"taxonomy":"post_tag","embeddable":true,"href":"https:\/\/vamosporlaliberacion.org\/crpmlm\/wp-json\/wp\/v2\/tags?post=18302"}],"curies":[{"name":"wp","href":"https:\/\/api.w.org\/{rel}","templated":true}]}}