{"id":18190,"date":"2020-06-06T23:59:06","date_gmt":"2020-06-07T02:59:06","guid":{"rendered":"http:\/\/vamosporlaliberacion.org\/crpmlm\/?p=18190"},"modified":"2020-06-06T23:59:13","modified_gmt":"2020-06-07T02:59:13","slug":"los-traidores","status":"publish","type":"post","link":"https:\/\/vamosporlaliberacion.org\/crpmlm\/los-traidores\/","title":{"rendered":"LOS TRAIDORES"},"content":{"rendered":"\n<p>#RaymundoGleyzer (1941-1976) representa el escal\u00f3n m\u00e1s alto al que lleg\u00f3 su generaci\u00f3n. Repensar su obra, su vida y su militancia implica recuperar del olvido una perspectiva ideol\u00f3gica sepultada por el establishment intelectual argentino, aquella que vivi\u00f3 el cine como militancia y la c\u00e1mara como un arma de combate. S\u00edmbolo de una rebeld\u00eda y una esperanza colectiva que hab\u00eda que borrar \u2014literalmente\u2014 del mapa a sangre, tortura y fuego.<\/p>\n\n\n\n<h3 class=\"wp-block-heading\"><strong>Los traidores y el c\u00e1ncer de la burocracia sindical<\/strong><\/h3>\n\n\n\n<p>En la pel\u00edcula de Gleyzer, V\u00edctor Proncet encarnaba a \u201cBarrera\u201d, un bur\u00f3crata sindical peronista, s\u00edntesis de Augusto Timoteo Vandor, Lorenzo Miguel y Andr\u00e9s Framini, tres conocidos y emblem\u00e1ticos dirigentes de la burocracia sindical. <\/p>\n\n\n\n<p>En el film \u201cBarrera\u201d se parec\u00eda f\u00edsicamente a Jos\u00e9 Ignacio Rucci (otro paradigma del sindicalismo amarillo, macartista y burocr\u00e1tico), se hab\u00eda autosecuestrado como lo hab\u00eda hecho Framini, dec\u00eda frases de Lorenzo Miguel y terminaba muriendo a manos de un atentado guerrillero como Vandor.<\/p>\n\n\n\n<p>Incorporando a las im\u00e1genes del Cordobazo \u201cLa marcha de la bronca\u201d, del d\u00fao de la canci\u00f3n de protesta \u201cPedro y Pablo\u201d, Gleyzer apost\u00f3 a la pol\u00e9mica y pens\u00f3 el film para ser exhibido en f\u00e1bricas y barrios, apoy\u00e1ndose en las corrientes clasistas de los sindicatos SITRAC-SITRAM, o en dirigentes sindicales como Agust\u00edn Tosco y Ren\u00e9 Salamanca (el primero muerto en la clandestinidad en 1975, el segundo secuestrado y desaparecido el 24 de marzo de 1976).<\/p>\n\n\n\n<h3 class=\"wp-block-heading\"><strong>Cuenta \u00c1lvaro Meli\u00e1n sobre Los Traidores y el rodaje en C\u00f3rdoba<\/strong><\/h3>\n\n\n\n<p>\u00abLo que se produc\u00eda en C\u00f3rdoba con el clasismo, es decir, la integraci\u00f3n de la cultura pol\u00edtica universitaria de las clases medias cultas con el proletariado industrial -un salto de calidad enorme desde el punto de vista te\u00f3rico-, era un fen\u00f3meno que en Buenos Aires no se daba.<\/p>\n\n\n\n<p>Una parte de la pel\u00edcula est\u00e1 hecha en C\u00f3rdoba; fuimos con Raymundo a filmar un acto de SMATA y estuvimos hablando una semana con los compa\u00f1eros de all\u00e1, con la gente de Tosco, con Ren\u00e9 Salamanca. La voz que se escucha en el acto de C\u00f3rdoba es la de Salamanca, aunque no se hace expl\u00edcito porque no quer\u00edamos ponernos personalistas. La realidad de C\u00f3rdoba no ten\u00eda nada que ver con Buenos Aires, era otro mundo.<\/p>\n\n\n\n<p>Era gente con una formaci\u00f3n pol\u00edtica, con una pr\u00e1ctica pol\u00edtica muy cercana al pensamiento; no hab\u00eda detr\u00e1s de eso espontane\u00edsmo y reivindicaci\u00f3n social y nada m\u00e1s. Hab\u00eda una preocupaci\u00f3n por elaborar teor\u00eda, incluso teor\u00eda revolucionaria, pero a la vez esa preocupaci\u00f3n era la del propio proletariado\u00bb.<br><br>(El Cine Quema. Pe\u00f1a-Vallina, 2002).<\/p>\n\n\n\n<figure class=\"wp-block-embed-youtube wp-block-embed is-type-video is-provider-youtube wp-embed-aspect-4-3 wp-has-aspect-ratio\"><div class=\"wp-block-embed__wrapper\">\n<iframe loading=\"lazy\" title=\"Los traidores + La tierra quema (Raymundo Gleyzer)\" width=\"696\" height=\"522\" src=\"https:\/\/www.youtube.com\/embed\/-gsM7eg3cN0?feature=oembed&#038;enablejsapi=1\" frameborder=\"0\" allow=\"accelerometer; autoplay; encrypted-media; gyroscope; picture-in-picture\" allowfullscreen><\/iframe>\n<\/div><\/figure>\n\n\n\n<p>Direcci\u00f3n: Raymundo Gleyzer \/ Gui\u00f3n: Raymundo Gleyzer, V\u00edctor Proncet, Alvaro Meli\u00e1n \/ Fotograf\u00eda: Arsenio Reinaldo Pica \/ Montaje: Oscar Montauti \/ M\u00fasica: V\u00edctor Proncet \/ Int\u00e9pretes: V\u00edctor Proncet, Ra\u00fal Fraire, Susana Lanteri, Lautaro Mur\u00faa \/ Producci\u00f3n: William Susman \/ Productora: Grupo Cine de Base, William Susman<\/p>\n\n\n\n<h3 class=\"wp-block-heading\"><strong>\u00abNuestro compromiso no es con el cine, sino con la Revoluci\u00f3n\u00bb<\/strong><\/h3>\n\n\n\n<p>Su obra expresa que se puede vivir de otra manera. Que los c\u00e1lculos, el ego\u00edsmo, las mezquindades y la mediocridad tan habituales en nuestros d\u00edas, no est\u00e1n en el coraz\u00f3n del ser humano. Son apenas un triste producto hist\u00f3rico. <\/p>\n\n\n\n<p>El compromiso de Raymundo tambi\u00e9n demuestra que cuando el estudio y el talento van acompa\u00f1ados de una \u00e9tica inquebrantable y de una militancia insobornable, la cultura puede transformarse en una arma explosiva y demoledora contra el poder. Y que eso siempre tiene un costo. Raymundo Gleyzer estuvo dispuesto a pagarlo hasta con la vida.<\/p>\n\n\n\n<p>Su sacrificio no fue en vano. Nuevas generaciones de j\u00f3venes militantes, cineastas y documentalistas, pero tambi\u00e9n j\u00f3venes que hacen formaci\u00f3n pol\u00edtica y militan en los barrios, en las f\u00e1bricas recuperadas, en las luchas piqueteras, en el estudiantado secundario, en el universitario y en todo el movimiento popular argentino, hoy vuelven a retomar las mismas banderas y los mismos ideales del Che Guevara por los que Raymundo luch\u00f3 y entreg\u00f3 su vida.<\/p>\n\n\n\n<p>Imprescindible tambi\u00e9n mirar \u00abLa tierra quema\u00bb, \u00abMe matan si no trabajo y si trabajo me matan\u00bb y \u00abM\u00e9xico, la revoluci\u00f3n congelada\u00bb.<\/p>\n<!-- AddThis Advanced Settings generic via filter on the_content --><!-- AddThis Share Buttons generic via filter on the_content -->","protected":false},"excerpt":{"rendered":"<p>#RaymundoGleyzer (1941-1976) representa el escal\u00f3n m\u00e1s alto al que lleg\u00f3 su generaci\u00f3n. Repensar su obra, su vida y su militancia implica recuperar del olvido una perspectiva ideol\u00f3gica sepultada por el establishment intelectual argentino, aquella que vivi\u00f3 el cine como militancia y la c\u00e1mara como un arma de combate. S\u00edmbolo de una rebeld\u00eda y una esperanza [&hellip;]<!-- AddThis Advanced Settings generic via filter on get_the_excerpt --><!-- AddThis Share Buttons generic via filter on get_the_excerpt --><\/p>\n","protected":false},"author":6,"featured_media":18191,"comment_status":"open","ping_status":"open","sticky":false,"template":"","format":"standard","meta":{"_jetpack_memberships_contains_paid_content":false,"footnotes":""},"categories":[1850],"tags":[],"class_list":{"0":"post-18190","1":"post","2":"type-post","3":"status-publish","4":"format-standard","5":"has-post-thumbnail","7":"category-cultura"},"yoast_head":"<!-- This site is optimized with the Yoast SEO plugin v27.4 - https:\/\/yoast.com\/product\/yoast-seo-wordpress\/ -->\n<title>LOS TRAIDORES - Vamos por la Liberaci\u00f3n<\/title>\n<meta name=\"robots\" content=\"index, follow, max-snippet:-1, max-image-preview:large, max-video-preview:-1\" \/>\n<link rel=\"canonical\" href=\"https:\/\/vamosporlaliberacion.org\/crpmlm\/los-traidores\/\" \/>\n<meta name=\"twitter:label1\" content=\"Escrito por\" \/>\n\t<meta name=\"twitter:data1\" content=\"vamos!\" \/>\n\t<meta name=\"twitter:label2\" content=\"Tiempo de lectura\" \/>\n\t<meta name=\"twitter:data2\" content=\"4 minutos\" \/>\n<script type=\"application\/ld+json\" class=\"yoast-schema-graph\">{\"@context\":\"https:\\\/\\\/schema.org\",\"@graph\":[{\"@type\":\"Article\",\"@id\":\"https:\\\/\\\/vamosporlaliberacion.org\\\/crpmlm\\\/los-traidores\\\/#article\",\"isPartOf\":{\"@id\":\"https:\\\/\\\/vamosporlaliberacion.org\\\/crpmlm\\\/los-traidores\\\/\"},\"author\":{\"name\":\"vamos!\",\"@id\":\"https:\\\/\\\/vamosporlaliberacion.org\\\/crpmlm\\\/#\\\/schema\\\/person\\\/d6eac7758df3770dae9cd9eb104d615c\"},\"headline\":\"LOS TRAIDORES\",\"datePublished\":\"2020-06-07T02:59:06+00:00\",\"dateModified\":\"2020-06-07T02:59:13+00:00\",\"mainEntityOfPage\":{\"@id\":\"https:\\\/\\\/vamosporlaliberacion.org\\\/crpmlm\\\/los-traidores\\\/\"},\"wordCount\":744,\"commentCount\":0,\"image\":{\"@id\":\"https:\\\/\\\/vamosporlaliberacion.org\\\/crpmlm\\\/los-traidores\\\/#primaryimage\"},\"thumbnailUrl\":\"https:\\\/\\\/i0.wp.com\\\/vamosporlaliberacion.org\\\/crpmlm\\\/wp-content\\\/uploads\\\/2020\\\/06\\\/1e1df6ca60a610d9b6860e86a905d387.jpg?fit=720%2C376&ssl=1\",\"articleSection\":[\"cultura\"],\"inLanguage\":\"es\",\"potentialAction\":[{\"@type\":\"CommentAction\",\"name\":\"Comment\",\"target\":[\"https:\\\/\\\/vamosporlaliberacion.org\\\/crpmlm\\\/los-traidores\\\/#respond\"]}]},{\"@type\":\"WebPage\",\"@id\":\"https:\\\/\\\/vamosporlaliberacion.org\\\/crpmlm\\\/los-traidores\\\/\",\"url\":\"https:\\\/\\\/vamosporlaliberacion.org\\\/crpmlm\\\/los-traidores\\\/\",\"name\":\"LOS TRAIDORES - Vamos por la Liberaci\u00f3n\",\"isPartOf\":{\"@id\":\"https:\\\/\\\/vamosporlaliberacion.org\\\/crpmlm\\\/#website\"},\"primaryImageOfPage\":{\"@id\":\"https:\\\/\\\/vamosporlaliberacion.org\\\/crpmlm\\\/los-traidores\\\/#primaryimage\"},\"image\":{\"@id\":\"https:\\\/\\\/vamosporlaliberacion.org\\\/crpmlm\\\/los-traidores\\\/#primaryimage\"},\"thumbnailUrl\":\"https:\\\/\\\/i0.wp.com\\\/vamosporlaliberacion.org\\\/crpmlm\\\/wp-content\\\/uploads\\\/2020\\\/06\\\/1e1df6ca60a610d9b6860e86a905d387.jpg?fit=720%2C376&ssl=1\",\"datePublished\":\"2020-06-07T02:59:06+00:00\",\"dateModified\":\"2020-06-07T02:59:13+00:00\",\"author\":{\"@id\":\"https:\\\/\\\/vamosporlaliberacion.org\\\/crpmlm\\\/#\\\/schema\\\/person\\\/d6eac7758df3770dae9cd9eb104d615c\"},\"breadcrumb\":{\"@id\":\"https:\\\/\\\/vamosporlaliberacion.org\\\/crpmlm\\\/los-traidores\\\/#breadcrumb\"},\"inLanguage\":\"es\",\"potentialAction\":[{\"@type\":\"ReadAction\",\"target\":[\"https:\\\/\\\/vamosporlaliberacion.org\\\/crpmlm\\\/los-traidores\\\/\"]}]},{\"@type\":\"ImageObject\",\"inLanguage\":\"es\",\"@id\":\"https:\\\/\\\/vamosporlaliberacion.org\\\/crpmlm\\\/los-traidores\\\/#primaryimage\",\"url\":\"https:\\\/\\\/i0.wp.com\\\/vamosporlaliberacion.org\\\/crpmlm\\\/wp-content\\\/uploads\\\/2020\\\/06\\\/1e1df6ca60a610d9b6860e86a905d387.jpg?fit=720%2C376&ssl=1\",\"contentUrl\":\"https:\\\/\\\/i0.wp.com\\\/vamosporlaliberacion.org\\\/crpmlm\\\/wp-content\\\/uploads\\\/2020\\\/06\\\/1e1df6ca60a610d9b6860e86a905d387.jpg?fit=720%2C376&ssl=1\",\"width\":720,\"height\":376},{\"@type\":\"BreadcrumbList\",\"@id\":\"https:\\\/\\\/vamosporlaliberacion.org\\\/crpmlm\\\/los-traidores\\\/#breadcrumb\",\"itemListElement\":[{\"@type\":\"ListItem\",\"position\":1,\"name\":\"Portada\",\"item\":\"https:\\\/\\\/vamosporlaliberacion.org\\\/crpmlm\\\/\"},{\"@type\":\"ListItem\",\"position\":2,\"name\":\"LOS TRAIDORES\"}]},{\"@type\":\"WebSite\",\"@id\":\"https:\\\/\\\/vamosporlaliberacion.org\\\/crpmlm\\\/#website\",\"url\":\"https:\\\/\\\/vamosporlaliberacion.org\\\/crpmlm\\\/\",\"name\":\"Vamos por la Liberaci\u00f3n\",\"description\":\"Prensa CR\",\"potentialAction\":[{\"@type\":\"SearchAction\",\"target\":{\"@type\":\"EntryPoint\",\"urlTemplate\":\"https:\\\/\\\/vamosporlaliberacion.org\\\/crpmlm\\\/?s={search_term_string}\"},\"query-input\":{\"@type\":\"PropertyValueSpecification\",\"valueRequired\":true,\"valueName\":\"search_term_string\"}}],\"inLanguage\":\"es\"},{\"@type\":\"Person\",\"@id\":\"https:\\\/\\\/vamosporlaliberacion.org\\\/crpmlm\\\/#\\\/schema\\\/person\\\/d6eac7758df3770dae9cd9eb104d615c\",\"name\":\"vamos!\",\"url\":\"https:\\\/\\\/vamosporlaliberacion.org\\\/crpmlm\\\/author\\\/adminvxl\\\/\"}]}<\/script>\n<!-- \/ Yoast SEO plugin. -->","yoast_head_json":{"title":"LOS TRAIDORES - Vamos por la Liberaci\u00f3n","robots":{"index":"index","follow":"follow","max-snippet":"max-snippet:-1","max-image-preview":"max-image-preview:large","max-video-preview":"max-video-preview:-1"},"canonical":"https:\/\/vamosporlaliberacion.org\/crpmlm\/los-traidores\/","twitter_misc":{"Escrito por":"vamos!","Tiempo de lectura":"4 minutos"},"schema":{"@context":"https:\/\/schema.org","@graph":[{"@type":"Article","@id":"https:\/\/vamosporlaliberacion.org\/crpmlm\/los-traidores\/#article","isPartOf":{"@id":"https:\/\/vamosporlaliberacion.org\/crpmlm\/los-traidores\/"},"author":{"name":"vamos!","@id":"https:\/\/vamosporlaliberacion.org\/crpmlm\/#\/schema\/person\/d6eac7758df3770dae9cd9eb104d615c"},"headline":"LOS TRAIDORES","datePublished":"2020-06-07T02:59:06+00:00","dateModified":"2020-06-07T02:59:13+00:00","mainEntityOfPage":{"@id":"https:\/\/vamosporlaliberacion.org\/crpmlm\/los-traidores\/"},"wordCount":744,"commentCount":0,"image":{"@id":"https:\/\/vamosporlaliberacion.org\/crpmlm\/los-traidores\/#primaryimage"},"thumbnailUrl":"https:\/\/i0.wp.com\/vamosporlaliberacion.org\/crpmlm\/wp-content\/uploads\/2020\/06\/1e1df6ca60a610d9b6860e86a905d387.jpg?fit=720%2C376&ssl=1","articleSection":["cultura"],"inLanguage":"es","potentialAction":[{"@type":"CommentAction","name":"Comment","target":["https:\/\/vamosporlaliberacion.org\/crpmlm\/los-traidores\/#respond"]}]},{"@type":"WebPage","@id":"https:\/\/vamosporlaliberacion.org\/crpmlm\/los-traidores\/","url":"https:\/\/vamosporlaliberacion.org\/crpmlm\/los-traidores\/","name":"LOS TRAIDORES - Vamos por la Liberaci\u00f3n","isPartOf":{"@id":"https:\/\/vamosporlaliberacion.org\/crpmlm\/#website"},"primaryImageOfPage":{"@id":"https:\/\/vamosporlaliberacion.org\/crpmlm\/los-traidores\/#primaryimage"},"image":{"@id":"https:\/\/vamosporlaliberacion.org\/crpmlm\/los-traidores\/#primaryimage"},"thumbnailUrl":"https:\/\/i0.wp.com\/vamosporlaliberacion.org\/crpmlm\/wp-content\/uploads\/2020\/06\/1e1df6ca60a610d9b6860e86a905d387.jpg?fit=720%2C376&ssl=1","datePublished":"2020-06-07T02:59:06+00:00","dateModified":"2020-06-07T02:59:13+00:00","author":{"@id":"https:\/\/vamosporlaliberacion.org\/crpmlm\/#\/schema\/person\/d6eac7758df3770dae9cd9eb104d615c"},"breadcrumb":{"@id":"https:\/\/vamosporlaliberacion.org\/crpmlm\/los-traidores\/#breadcrumb"},"inLanguage":"es","potentialAction":[{"@type":"ReadAction","target":["https:\/\/vamosporlaliberacion.org\/crpmlm\/los-traidores\/"]}]},{"@type":"ImageObject","inLanguage":"es","@id":"https:\/\/vamosporlaliberacion.org\/crpmlm\/los-traidores\/#primaryimage","url":"https:\/\/i0.wp.com\/vamosporlaliberacion.org\/crpmlm\/wp-content\/uploads\/2020\/06\/1e1df6ca60a610d9b6860e86a905d387.jpg?fit=720%2C376&ssl=1","contentUrl":"https:\/\/i0.wp.com\/vamosporlaliberacion.org\/crpmlm\/wp-content\/uploads\/2020\/06\/1e1df6ca60a610d9b6860e86a905d387.jpg?fit=720%2C376&ssl=1","width":720,"height":376},{"@type":"BreadcrumbList","@id":"https:\/\/vamosporlaliberacion.org\/crpmlm\/los-traidores\/#breadcrumb","itemListElement":[{"@type":"ListItem","position":1,"name":"Portada","item":"https:\/\/vamosporlaliberacion.org\/crpmlm\/"},{"@type":"ListItem","position":2,"name":"LOS TRAIDORES"}]},{"@type":"WebSite","@id":"https:\/\/vamosporlaliberacion.org\/crpmlm\/#website","url":"https:\/\/vamosporlaliberacion.org\/crpmlm\/","name":"Vamos por la Liberaci\u00f3n","description":"Prensa CR","potentialAction":[{"@type":"SearchAction","target":{"@type":"EntryPoint","urlTemplate":"https:\/\/vamosporlaliberacion.org\/crpmlm\/?s={search_term_string}"},"query-input":{"@type":"PropertyValueSpecification","valueRequired":true,"valueName":"search_term_string"}}],"inLanguage":"es"},{"@type":"Person","@id":"https:\/\/vamosporlaliberacion.org\/crpmlm\/#\/schema\/person\/d6eac7758df3770dae9cd9eb104d615c","name":"vamos!","url":"https:\/\/vamosporlaliberacion.org\/crpmlm\/author\/adminvxl\/"}]}},"jetpack_featured_media_url":"https:\/\/i0.wp.com\/vamosporlaliberacion.org\/crpmlm\/wp-content\/uploads\/2020\/06\/1e1df6ca60a610d9b6860e86a905d387.jpg?fit=720%2C376&ssl=1","jetpack_sharing_enabled":true,"_links":{"self":[{"href":"https:\/\/vamosporlaliberacion.org\/crpmlm\/wp-json\/wp\/v2\/posts\/18190","targetHints":{"allow":["GET"]}}],"collection":[{"href":"https:\/\/vamosporlaliberacion.org\/crpmlm\/wp-json\/wp\/v2\/posts"}],"about":[{"href":"https:\/\/vamosporlaliberacion.org\/crpmlm\/wp-json\/wp\/v2\/types\/post"}],"author":[{"embeddable":true,"href":"https:\/\/vamosporlaliberacion.org\/crpmlm\/wp-json\/wp\/v2\/users\/6"}],"replies":[{"embeddable":true,"href":"https:\/\/vamosporlaliberacion.org\/crpmlm\/wp-json\/wp\/v2\/comments?post=18190"}],"version-history":[{"count":1,"href":"https:\/\/vamosporlaliberacion.org\/crpmlm\/wp-json\/wp\/v2\/posts\/18190\/revisions"}],"predecessor-version":[{"id":18192,"href":"https:\/\/vamosporlaliberacion.org\/crpmlm\/wp-json\/wp\/v2\/posts\/18190\/revisions\/18192"}],"wp:featuredmedia":[{"embeddable":true,"href":"https:\/\/vamosporlaliberacion.org\/crpmlm\/wp-json\/wp\/v2\/media\/18191"}],"wp:attachment":[{"href":"https:\/\/vamosporlaliberacion.org\/crpmlm\/wp-json\/wp\/v2\/media?parent=18190"}],"wp:term":[{"taxonomy":"category","embeddable":true,"href":"https:\/\/vamosporlaliberacion.org\/crpmlm\/wp-json\/wp\/v2\/categories?post=18190"},{"taxonomy":"post_tag","embeddable":true,"href":"https:\/\/vamosporlaliberacion.org\/crpmlm\/wp-json\/wp\/v2\/tags?post=18190"}],"curies":[{"name":"wp","href":"https:\/\/api.w.org\/{rel}","templated":true}]}}