{"id":17400,"date":"2020-05-11T16:15:55","date_gmt":"2020-05-11T19:15:55","guid":{"rendered":"http:\/\/vamosporlaliberacion.org\/crpmlm\/?p=17400"},"modified":"2020-11-05T20:30:08","modified_gmt":"2020-11-05T23:30:08","slug":"frente-a-la-desidia-y-falta-de-soluciones-las-y-los-trabajadores-de-montecarlo-conformaron-comite-de-emergencia","status":"publish","type":"post","link":"https:\/\/vamosporlaliberacion.org\/crpmlm\/frente-a-la-desidia-y-falta-de-soluciones-las-y-los-trabajadores-de-montecarlo-conformaron-comite-de-emergencia\/","title":{"rendered":"Frente a la desidia y falta de soluciones, las y los trabajadores de Montecarlo conformaron Comit\u00e9 de Emergencia"},"content":{"rendered":"\n<p>Desde el Vamos! conversamos con <strong>Rub\u00e9n Ortiz<\/strong>, secretario general de la CTA Aut\u00f3noma de Misiones y del Movimiento Pedag\u00f3gico de Liberaci\u00f3n, a partir de la movilizaci\u00f3n que se realiz\u00f3 en el d\u00eda de hoy en Montercarlos.<br><br>\u00abEn el d\u00eda de hoy hicimos una marcha tratando de cuidar el protocolo de distanciamiento y utilizando barbijos. Hicimos un Comit\u00e9 de Emergencia, donde est\u00e1n todos los sectores: trabajadores de la madera, desocupados y tareferos\u00bb explica Rub\u00e9n.<br><br>Desde el Municipio \u00abpidieron tiempo hasta el mi\u00e9rcoles para poder darnos una respuesta a nuestros reclamos. Tiene que venir el Ministerio de Trabajo de la provincia\u00bb.<\/p>\n\n\n\n<p>Ortiz nos explica que la situaci\u00f3n es muy compleja y est\u00e1n \u00abatajando los penales ac\u00e1 y no tenemos nada para darle a la gente, no nos llega nada. La Provincia dice que provee a los municipios y ac\u00e1 el municipio hizo un Comit\u00e9 de Emergencia que no sabemos qui\u00e9nes son. Ni la abogada del municipio, de la Secretar\u00eda de Gobierno, sabe qui\u00e9nes lo integran. \u00a1Vergonzoso! las y los compa\u00f1eros no aguantan esta situaci\u00f3n y decidieron salir a pelear\u00bb.<\/p>\n\n\n\n<p>\u00abPara las y los tareferos no hay medidas de salubridad, son transportados a los yerbales hacinados en los camiones \u00a1no se respeta ning\u00fan protocolo!. Entonces no hay protocolos, no se les respeta los salarios y ten\u00e9s much\u00edsimas cuadrillas trabajando de manera informal. Por eso estamos exigiendo que el Ministerio de Trabajo controle\u00bb.<\/p>\n\n\n\n<p>En el sector de la madera \u00abalgunas empresas reciben el REPRO y los patrones les descuentan a los trabajadores. Se quedan con la ayuda que el Estado les manda a los trabajadores, es tierra de nadie, todo esto con la anuencia de los gobiernos locales y el de la provincia\u00bb.<\/p>\n\n\n\n<p>Sobre la situaci\u00f3n alimentaria, Ortiz advierte que es vergonzoso ya que \u00ables dan una bolsita por mes y pretenden que la gente se quede en sus casas. En estas circunstancias no hay condiciones que los trabajadores desocupados y los flexibilizados con ingresos m\u00ednimos soporten esta situaci\u00f3n, por eso revienta por todos lados, no hay forma de parar eso\u00bb.<\/p>\n\n\n\n<p>\u00abArmamos este Comit\u00e9 de Emergencia mirando esta dif\u00edcil realidad. Un espacio de unidad y lo va a presidir la CTA-A, porque es la \u00fanica que est\u00e1 acompa\u00f1ando a las y los trabajadores y la que es capaz de agrupar. Los gremios de la CGT no existen. El gremio de la Madera se borr\u00f3\u00bb. <\/p>\n\n\n\n<p>\u00abEstamos tratando de encaminar el reclamo por las necesidades de la gente\u00bb concluye Ortiz, \u00abpor eso se organiz\u00f3 esta movilizaci\u00f3n, tratando de cumplir lo b\u00e1sico del protocolo por el coronavirus, para reclamar que llegue urgentemente la ayuda alimentaria y el control del Ministerio de Trabajo de los atropellos que sufren las y los tareferos y madereros\u00bb<\/p>\n<!-- AddThis Advanced Settings generic via filter on the_content --><!-- AddThis Share Buttons generic via filter on the_content -->","protected":false},"excerpt":{"rendered":"<p>Desde el Vamos! conversamos con Rub\u00e9n Ortiz, secretario general de la CTA Aut\u00f3noma de Misiones y del Movimiento Pedag\u00f3gico de Liberaci\u00f3n, a partir de la movilizaci\u00f3n que se realiz\u00f3 en el d\u00eda de hoy en Montercarlos. \u00abEn el d\u00eda de hoy hicimos una marcha tratando de cuidar el protocolo de distanciamiento y utilizando barbijos. Hicimos [&hellip;]<!-- AddThis Advanced Settings generic via filter on get_the_excerpt --><!-- AddThis Share Buttons generic via filter on get_the_excerpt --><\/p>\n","protected":false},"author":6,"featured_media":17401,"comment_status":"open","ping_status":"open","sticky":false,"template":"","format":"standard","meta":{"_jetpack_memberships_contains_paid_content":false,"footnotes":""},"categories":[1877,1520,1880],"tags":[1745,1272,1477],"class_list":{"0":"post-17400","1":"post","2":"type-post","3":"status-publish","4":"format-standard","5":"has-post-thumbnail","7":"category-gremiales","8":"category-entrevista","9":"category-terricidio","10":"tag-coronavirus","11":"tag-misiones","12":"tag-montecarlo"},"yoast_head":"<!-- This site is optimized with the Yoast SEO plugin v27.4 - https:\/\/yoast.com\/product\/yoast-seo-wordpress\/ -->\n<title>Frente a la desidia y falta de soluciones, las y los trabajadores de Montecarlo conformaron Comit\u00e9 de Emergencia - Vamos por la Liberaci\u00f3n<\/title>\n<meta name=\"robots\" content=\"index, follow, max-snippet:-1, max-image-preview:large, max-video-preview:-1\" \/>\n<link rel=\"canonical\" href=\"https:\/\/vamosporlaliberacion.org\/crpmlm\/frente-a-la-desidia-y-falta-de-soluciones-las-y-los-trabajadores-de-montecarlo-conformaron-comite-de-emergencia\/\" \/>\n<meta name=\"twitter:label1\" content=\"Escrito por\" \/>\n\t<meta name=\"twitter:data1\" content=\"vamos!\" \/>\n\t<meta name=\"twitter:label2\" content=\"Tiempo de lectura\" \/>\n\t<meta name=\"twitter:data2\" content=\"2 minutos\" \/>\n<script type=\"application\/ld+json\" class=\"yoast-schema-graph\">{\"@context\":\"https:\\\/\\\/schema.org\",\"@graph\":[{\"@type\":\"Article\",\"@id\":\"https:\\\/\\\/vamosporlaliberacion.org\\\/crpmlm\\\/frente-a-la-desidia-y-falta-de-soluciones-las-y-los-trabajadores-de-montecarlo-conformaron-comite-de-emergencia\\\/#article\",\"isPartOf\":{\"@id\":\"https:\\\/\\\/vamosporlaliberacion.org\\\/crpmlm\\\/frente-a-la-desidia-y-falta-de-soluciones-las-y-los-trabajadores-de-montecarlo-conformaron-comite-de-emergencia\\\/\"},\"author\":{\"name\":\"vamos!\",\"@id\":\"https:\\\/\\\/vamosporlaliberacion.org\\\/crpmlm\\\/#\\\/schema\\\/person\\\/d6eac7758df3770dae9cd9eb104d615c\"},\"headline\":\"Frente a la desidia y falta de soluciones, las y los trabajadores de Montecarlo conformaron Comit\u00e9 de Emergencia\",\"datePublished\":\"2020-05-11T19:15:55+00:00\",\"dateModified\":\"2020-11-05T23:30:08+00:00\",\"mainEntityOfPage\":{\"@id\":\"https:\\\/\\\/vamosporlaliberacion.org\\\/crpmlm\\\/frente-a-la-desidia-y-falta-de-soluciones-las-y-los-trabajadores-de-montecarlo-conformaron-comite-de-emergencia\\\/\"},\"wordCount\":491,\"commentCount\":0,\"image\":{\"@id\":\"https:\\\/\\\/vamosporlaliberacion.org\\\/crpmlm\\\/frente-a-la-desidia-y-falta-de-soluciones-las-y-los-trabajadores-de-montecarlo-conformaron-comite-de-emergencia\\\/#primaryimage\"},\"thumbnailUrl\":\"https:\\\/\\\/i0.wp.com\\\/vamosporlaliberacion.org\\\/crpmlm\\\/wp-content\\\/uploads\\\/2020\\\/05\\\/WhatsApp-Image-2020-05-11-at-09.14.22.jpeg?fit=1280%2C507&ssl=1\",\"keywords\":[\"coronavirus\",\"Misiones\",\"montecarlo\"],\"articleSection\":[\"Actualidad e historia del movimiento obrero\",\"Entrevista\",\"Terricidio \\\/ Territorio\"],\"inLanguage\":\"es\",\"potentialAction\":[{\"@type\":\"CommentAction\",\"name\":\"Comment\",\"target\":[\"https:\\\/\\\/vamosporlaliberacion.org\\\/crpmlm\\\/frente-a-la-desidia-y-falta-de-soluciones-las-y-los-trabajadores-de-montecarlo-conformaron-comite-de-emergencia\\\/#respond\"]}]},{\"@type\":\"WebPage\",\"@id\":\"https:\\\/\\\/vamosporlaliberacion.org\\\/crpmlm\\\/frente-a-la-desidia-y-falta-de-soluciones-las-y-los-trabajadores-de-montecarlo-conformaron-comite-de-emergencia\\\/\",\"url\":\"https:\\\/\\\/vamosporlaliberacion.org\\\/crpmlm\\\/frente-a-la-desidia-y-falta-de-soluciones-las-y-los-trabajadores-de-montecarlo-conformaron-comite-de-emergencia\\\/\",\"name\":\"Frente a la desidia y falta de soluciones, las y los trabajadores de Montecarlo conformaron Comit\u00e9 de Emergencia - Vamos por la Liberaci\u00f3n\",\"isPartOf\":{\"@id\":\"https:\\\/\\\/vamosporlaliberacion.org\\\/crpmlm\\\/#website\"},\"primaryImageOfPage\":{\"@id\":\"https:\\\/\\\/vamosporlaliberacion.org\\\/crpmlm\\\/frente-a-la-desidia-y-falta-de-soluciones-las-y-los-trabajadores-de-montecarlo-conformaron-comite-de-emergencia\\\/#primaryimage\"},\"image\":{\"@id\":\"https:\\\/\\\/vamosporlaliberacion.org\\\/crpmlm\\\/frente-a-la-desidia-y-falta-de-soluciones-las-y-los-trabajadores-de-montecarlo-conformaron-comite-de-emergencia\\\/#primaryimage\"},\"thumbnailUrl\":\"https:\\\/\\\/i0.wp.com\\\/vamosporlaliberacion.org\\\/crpmlm\\\/wp-content\\\/uploads\\\/2020\\\/05\\\/WhatsApp-Image-2020-05-11-at-09.14.22.jpeg?fit=1280%2C507&ssl=1\",\"datePublished\":\"2020-05-11T19:15:55+00:00\",\"dateModified\":\"2020-11-05T23:30:08+00:00\",\"author\":{\"@id\":\"https:\\\/\\\/vamosporlaliberacion.org\\\/crpmlm\\\/#\\\/schema\\\/person\\\/d6eac7758df3770dae9cd9eb104d615c\"},\"breadcrumb\":{\"@id\":\"https:\\\/\\\/vamosporlaliberacion.org\\\/crpmlm\\\/frente-a-la-desidia-y-falta-de-soluciones-las-y-los-trabajadores-de-montecarlo-conformaron-comite-de-emergencia\\\/#breadcrumb\"},\"inLanguage\":\"es\",\"potentialAction\":[{\"@type\":\"ReadAction\",\"target\":[\"https:\\\/\\\/vamosporlaliberacion.org\\\/crpmlm\\\/frente-a-la-desidia-y-falta-de-soluciones-las-y-los-trabajadores-de-montecarlo-conformaron-comite-de-emergencia\\\/\"]}]},{\"@type\":\"ImageObject\",\"inLanguage\":\"es\",\"@id\":\"https:\\\/\\\/vamosporlaliberacion.org\\\/crpmlm\\\/frente-a-la-desidia-y-falta-de-soluciones-las-y-los-trabajadores-de-montecarlo-conformaron-comite-de-emergencia\\\/#primaryimage\",\"url\":\"https:\\\/\\\/i0.wp.com\\\/vamosporlaliberacion.org\\\/crpmlm\\\/wp-content\\\/uploads\\\/2020\\\/05\\\/WhatsApp-Image-2020-05-11-at-09.14.22.jpeg?fit=1280%2C507&ssl=1\",\"contentUrl\":\"https:\\\/\\\/i0.wp.com\\\/vamosporlaliberacion.org\\\/crpmlm\\\/wp-content\\\/uploads\\\/2020\\\/05\\\/WhatsApp-Image-2020-05-11-at-09.14.22.jpeg?fit=1280%2C507&ssl=1\",\"width\":1280,\"height\":507},{\"@type\":\"BreadcrumbList\",\"@id\":\"https:\\\/\\\/vamosporlaliberacion.org\\\/crpmlm\\\/frente-a-la-desidia-y-falta-de-soluciones-las-y-los-trabajadores-de-montecarlo-conformaron-comite-de-emergencia\\\/#breadcrumb\",\"itemListElement\":[{\"@type\":\"ListItem\",\"position\":1,\"name\":\"Portada\",\"item\":\"https:\\\/\\\/vamosporlaliberacion.org\\\/crpmlm\\\/\"},{\"@type\":\"ListItem\",\"position\":2,\"name\":\"Frente a la desidia y falta de soluciones, las y los trabajadores de Montecarlo conformaron Comit\u00e9 de Emergencia\"}]},{\"@type\":\"WebSite\",\"@id\":\"https:\\\/\\\/vamosporlaliberacion.org\\\/crpmlm\\\/#website\",\"url\":\"https:\\\/\\\/vamosporlaliberacion.org\\\/crpmlm\\\/\",\"name\":\"Vamos por la Liberaci\u00f3n\",\"description\":\"Prensa CR\",\"potentialAction\":[{\"@type\":\"SearchAction\",\"target\":{\"@type\":\"EntryPoint\",\"urlTemplate\":\"https:\\\/\\\/vamosporlaliberacion.org\\\/crpmlm\\\/?s={search_term_string}\"},\"query-input\":{\"@type\":\"PropertyValueSpecification\",\"valueRequired\":true,\"valueName\":\"search_term_string\"}}],\"inLanguage\":\"es\"},{\"@type\":\"Person\",\"@id\":\"https:\\\/\\\/vamosporlaliberacion.org\\\/crpmlm\\\/#\\\/schema\\\/person\\\/d6eac7758df3770dae9cd9eb104d615c\",\"name\":\"vamos!\",\"url\":\"https:\\\/\\\/vamosporlaliberacion.org\\\/crpmlm\\\/author\\\/adminvxl\\\/\"}]}<\/script>\n<!-- \/ Yoast SEO plugin. -->","yoast_head_json":{"title":"Frente a la desidia y falta de soluciones, las y los trabajadores de Montecarlo conformaron Comit\u00e9 de Emergencia - Vamos por la Liberaci\u00f3n","robots":{"index":"index","follow":"follow","max-snippet":"max-snippet:-1","max-image-preview":"max-image-preview:large","max-video-preview":"max-video-preview:-1"},"canonical":"https:\/\/vamosporlaliberacion.org\/crpmlm\/frente-a-la-desidia-y-falta-de-soluciones-las-y-los-trabajadores-de-montecarlo-conformaron-comite-de-emergencia\/","twitter_misc":{"Escrito por":"vamos!","Tiempo de lectura":"2 minutos"},"schema":{"@context":"https:\/\/schema.org","@graph":[{"@type":"Article","@id":"https:\/\/vamosporlaliberacion.org\/crpmlm\/frente-a-la-desidia-y-falta-de-soluciones-las-y-los-trabajadores-de-montecarlo-conformaron-comite-de-emergencia\/#article","isPartOf":{"@id":"https:\/\/vamosporlaliberacion.org\/crpmlm\/frente-a-la-desidia-y-falta-de-soluciones-las-y-los-trabajadores-de-montecarlo-conformaron-comite-de-emergencia\/"},"author":{"name":"vamos!","@id":"https:\/\/vamosporlaliberacion.org\/crpmlm\/#\/schema\/person\/d6eac7758df3770dae9cd9eb104d615c"},"headline":"Frente a la desidia y falta de soluciones, las y los trabajadores de Montecarlo conformaron Comit\u00e9 de Emergencia","datePublished":"2020-05-11T19:15:55+00:00","dateModified":"2020-11-05T23:30:08+00:00","mainEntityOfPage":{"@id":"https:\/\/vamosporlaliberacion.org\/crpmlm\/frente-a-la-desidia-y-falta-de-soluciones-las-y-los-trabajadores-de-montecarlo-conformaron-comite-de-emergencia\/"},"wordCount":491,"commentCount":0,"image":{"@id":"https:\/\/vamosporlaliberacion.org\/crpmlm\/frente-a-la-desidia-y-falta-de-soluciones-las-y-los-trabajadores-de-montecarlo-conformaron-comite-de-emergencia\/#primaryimage"},"thumbnailUrl":"https:\/\/i0.wp.com\/vamosporlaliberacion.org\/crpmlm\/wp-content\/uploads\/2020\/05\/WhatsApp-Image-2020-05-11-at-09.14.22.jpeg?fit=1280%2C507&ssl=1","keywords":["coronavirus","Misiones","montecarlo"],"articleSection":["Actualidad e historia del movimiento obrero","Entrevista","Terricidio \/ Territorio"],"inLanguage":"es","potentialAction":[{"@type":"CommentAction","name":"Comment","target":["https:\/\/vamosporlaliberacion.org\/crpmlm\/frente-a-la-desidia-y-falta-de-soluciones-las-y-los-trabajadores-de-montecarlo-conformaron-comite-de-emergencia\/#respond"]}]},{"@type":"WebPage","@id":"https:\/\/vamosporlaliberacion.org\/crpmlm\/frente-a-la-desidia-y-falta-de-soluciones-las-y-los-trabajadores-de-montecarlo-conformaron-comite-de-emergencia\/","url":"https:\/\/vamosporlaliberacion.org\/crpmlm\/frente-a-la-desidia-y-falta-de-soluciones-las-y-los-trabajadores-de-montecarlo-conformaron-comite-de-emergencia\/","name":"Frente a la desidia y falta de soluciones, las y los trabajadores de Montecarlo conformaron Comit\u00e9 de Emergencia - Vamos por la Liberaci\u00f3n","isPartOf":{"@id":"https:\/\/vamosporlaliberacion.org\/crpmlm\/#website"},"primaryImageOfPage":{"@id":"https:\/\/vamosporlaliberacion.org\/crpmlm\/frente-a-la-desidia-y-falta-de-soluciones-las-y-los-trabajadores-de-montecarlo-conformaron-comite-de-emergencia\/#primaryimage"},"image":{"@id":"https:\/\/vamosporlaliberacion.org\/crpmlm\/frente-a-la-desidia-y-falta-de-soluciones-las-y-los-trabajadores-de-montecarlo-conformaron-comite-de-emergencia\/#primaryimage"},"thumbnailUrl":"https:\/\/i0.wp.com\/vamosporlaliberacion.org\/crpmlm\/wp-content\/uploads\/2020\/05\/WhatsApp-Image-2020-05-11-at-09.14.22.jpeg?fit=1280%2C507&ssl=1","datePublished":"2020-05-11T19:15:55+00:00","dateModified":"2020-11-05T23:30:08+00:00","author":{"@id":"https:\/\/vamosporlaliberacion.org\/crpmlm\/#\/schema\/person\/d6eac7758df3770dae9cd9eb104d615c"},"breadcrumb":{"@id":"https:\/\/vamosporlaliberacion.org\/crpmlm\/frente-a-la-desidia-y-falta-de-soluciones-las-y-los-trabajadores-de-montecarlo-conformaron-comite-de-emergencia\/#breadcrumb"},"inLanguage":"es","potentialAction":[{"@type":"ReadAction","target":["https:\/\/vamosporlaliberacion.org\/crpmlm\/frente-a-la-desidia-y-falta-de-soluciones-las-y-los-trabajadores-de-montecarlo-conformaron-comite-de-emergencia\/"]}]},{"@type":"ImageObject","inLanguage":"es","@id":"https:\/\/vamosporlaliberacion.org\/crpmlm\/frente-a-la-desidia-y-falta-de-soluciones-las-y-los-trabajadores-de-montecarlo-conformaron-comite-de-emergencia\/#primaryimage","url":"https:\/\/i0.wp.com\/vamosporlaliberacion.org\/crpmlm\/wp-content\/uploads\/2020\/05\/WhatsApp-Image-2020-05-11-at-09.14.22.jpeg?fit=1280%2C507&ssl=1","contentUrl":"https:\/\/i0.wp.com\/vamosporlaliberacion.org\/crpmlm\/wp-content\/uploads\/2020\/05\/WhatsApp-Image-2020-05-11-at-09.14.22.jpeg?fit=1280%2C507&ssl=1","width":1280,"height":507},{"@type":"BreadcrumbList","@id":"https:\/\/vamosporlaliberacion.org\/crpmlm\/frente-a-la-desidia-y-falta-de-soluciones-las-y-los-trabajadores-de-montecarlo-conformaron-comite-de-emergencia\/#breadcrumb","itemListElement":[{"@type":"ListItem","position":1,"name":"Portada","item":"https:\/\/vamosporlaliberacion.org\/crpmlm\/"},{"@type":"ListItem","position":2,"name":"Frente a la desidia y falta de soluciones, las y los trabajadores de Montecarlo conformaron Comit\u00e9 de Emergencia"}]},{"@type":"WebSite","@id":"https:\/\/vamosporlaliberacion.org\/crpmlm\/#website","url":"https:\/\/vamosporlaliberacion.org\/crpmlm\/","name":"Vamos por la Liberaci\u00f3n","description":"Prensa CR","potentialAction":[{"@type":"SearchAction","target":{"@type":"EntryPoint","urlTemplate":"https:\/\/vamosporlaliberacion.org\/crpmlm\/?s={search_term_string}"},"query-input":{"@type":"PropertyValueSpecification","valueRequired":true,"valueName":"search_term_string"}}],"inLanguage":"es"},{"@type":"Person","@id":"https:\/\/vamosporlaliberacion.org\/crpmlm\/#\/schema\/person\/d6eac7758df3770dae9cd9eb104d615c","name":"vamos!","url":"https:\/\/vamosporlaliberacion.org\/crpmlm\/author\/adminvxl\/"}]}},"jetpack_featured_media_url":"https:\/\/i0.wp.com\/vamosporlaliberacion.org\/crpmlm\/wp-content\/uploads\/2020\/05\/WhatsApp-Image-2020-05-11-at-09.14.22.jpeg?fit=1280%2C507&ssl=1","jetpack_sharing_enabled":true,"_links":{"self":[{"href":"https:\/\/vamosporlaliberacion.org\/crpmlm\/wp-json\/wp\/v2\/posts\/17400","targetHints":{"allow":["GET"]}}],"collection":[{"href":"https:\/\/vamosporlaliberacion.org\/crpmlm\/wp-json\/wp\/v2\/posts"}],"about":[{"href":"https:\/\/vamosporlaliberacion.org\/crpmlm\/wp-json\/wp\/v2\/types\/post"}],"author":[{"embeddable":true,"href":"https:\/\/vamosporlaliberacion.org\/crpmlm\/wp-json\/wp\/v2\/users\/6"}],"replies":[{"embeddable":true,"href":"https:\/\/vamosporlaliberacion.org\/crpmlm\/wp-json\/wp\/v2\/comments?post=17400"}],"version-history":[{"count":1,"href":"https:\/\/vamosporlaliberacion.org\/crpmlm\/wp-json\/wp\/v2\/posts\/17400\/revisions"}],"predecessor-version":[{"id":17402,"href":"https:\/\/vamosporlaliberacion.org\/crpmlm\/wp-json\/wp\/v2\/posts\/17400\/revisions\/17402"}],"wp:featuredmedia":[{"embeddable":true,"href":"https:\/\/vamosporlaliberacion.org\/crpmlm\/wp-json\/wp\/v2\/media\/17401"}],"wp:attachment":[{"href":"https:\/\/vamosporlaliberacion.org\/crpmlm\/wp-json\/wp\/v2\/media?parent=17400"}],"wp:term":[{"taxonomy":"category","embeddable":true,"href":"https:\/\/vamosporlaliberacion.org\/crpmlm\/wp-json\/wp\/v2\/categories?post=17400"},{"taxonomy":"post_tag","embeddable":true,"href":"https:\/\/vamosporlaliberacion.org\/crpmlm\/wp-json\/wp\/v2\/tags?post=17400"}],"curies":[{"name":"wp","href":"https:\/\/api.w.org\/{rel}","templated":true}]}}