{"id":17321,"date":"2020-05-09T15:18:20","date_gmt":"2020-05-09T18:18:20","guid":{"rendered":"http:\/\/vamosporlaliberacion.org\/crpmlm\/?p=17321"},"modified":"2020-05-25T21:31:31","modified_gmt":"2020-05-26T00:31:31","slug":"el-papel-decisivo-de-la-urss-en-la-derrota-del-nazismo-3","status":"publish","type":"post","link":"https:\/\/vamosporlaliberacion.org\/crpmlm\/el-papel-decisivo-de-la-urss-en-la-derrota-del-nazismo-3\/","title":{"rendered":"El papel decisivo de la URSS en la derrota del nazismo"},"content":{"rendered":"\n<p>El 2 de mayo de 1945, tras doce d\u00edas de cruentos combates con decenas de miles de muertos, las tropas nazis que defend\u00edan la capital alemana Berl\u00edn se rindieron ante el Ej\u00e9rcito Rojo de la Uni\u00f3n Sovi\u00e9tica. <\/p>\n\n\n\n<p>Horas antes, vislumbrando el desenlace, Hitler y la c\u00fapula nazi se suicidaban. Era el principio del fin del mayor conflicto b\u00e9lico de la historia de la humanidad, la Segunda Guerra Mundial. <\/p>\n\n\n\n<p>Con m\u00e1s de veinte millones de muertos, con hitos heroicos como la batalla de Stalingrado, el papel del pueblo y el ej\u00e9rcito sovi\u00e9tico y de los comunistas en todos los territorios ocupados hab\u00eda sido decisivo para la derrota definitiva del fascismo. <\/p>\n\n\n\n<p>Frente al enorme ocultamiento de esta realidad hist\u00f3rica por parte de los medios imperialistas, abordaremos el rol fundamental de la URSS en este proceso.<\/p>\n\n\n\n<h3 class=\"wp-block-heading\"><strong>Antecedentes<\/strong><\/h3>\n\n\n\n<p>A partir de la d\u00e9cada del \u201920, pero particularmente en los \u201930, gobiernos fascistas llegaron al poder en diferentes pa\u00edses imperialistas, como Italia, Alemania y Jap\u00f3n. El ascenso de estos gobiernos es inseparable del contexto de crisis mundial del capitalismo imperialista que se inici\u00f3 en el a\u00f1o 1929, sacudiendo a todos los pa\u00edses y acentuando las contradicciones entre las distintas potencias. Mientras tanto, crec\u00eda el prestigio de la Uni\u00f3n Sovi\u00e9tica, cuya econom\u00eda florec\u00eda mientras los pa\u00edses capitalistas se hund\u00edan en la miseria y el desempleo, a la vez que crec\u00eda el miedo de las burgues\u00edas imperialistas al \u201cavance rojo\u201d.<\/p>\n\n\n\n<p>En medio de la crisis, EEUU cort\u00f3 la ayuda econ\u00f3mica a Alemania que se vio sumida en una situaci\u00f3n econ\u00f3mica y social asfixiante con un desempleo cercano al 30%. Fue en ese marco que Hitler subi\u00f3 al poder con un discurso demag\u00f3gico basado en la \u201chumillaci\u00f3n\u201d sufrida por Alemania tras la derrota en la Primera Guerra Mundial. Desde 1933 fue desplegando un programa reaccionario con persecuci\u00f3n a los comunistas y sindicatos, chauvinismo exacerbado, expansionismo militar y antisemitismo. Paralelamente, en 1931, Jap\u00f3n invad\u00eda el norte de China y en 1935, Italia se lanzaba a la conquista de Etiop\u00eda.<\/p>\n\n\n\n<p>A partir de 1934, la Internacional Comunista lanz\u00f3 la l\u00ednea de frente \u00fanico antifascista, criticando la responsabilidad de la socialdemocracia en el avance reaccionario y tambi\u00e9n autocr\u00edticamente la demora en poner en primer orden la lucha contra el fascismo. Lejos de las ideas que situaban al fascismo \u201cpor encima de las clases\u201d, el dirigente de la Internacional Jorge Dimitrov subray\u00f3 su car\u00e1cter de clase caracteriz\u00e1ndolo como \u201cdictadura terrorista descarada de los elementos m\u00e1s reaccionarios, m\u00e1s chauvinistas y m\u00e1s imperialistas del capital financiero\u201d.<\/p>\n\n\n\n<p>En 1936, el general Franco lanz\u00f3 un golpe fascista contra el gobierno republicano en Espa\u00f1a. La lucha de la clase obrera y el pueblo espa\u00f1ol resisti\u00f3 el golpe y forz\u00f3 a una heroica Guerra Civil que se prolong\u00f3 tres a\u00f1os, cuando finalmente triunfaron las fuerzas reaccionarias. La URSS apoy\u00f3 militarmente a los combatientes antifranquistas y organiz\u00f3 las Brigadas Internacionales de solidaridad. Por el contrario los gobiernos de Francia e Inglaterra mostraron la misma vacilaci\u00f3n que frente al nazismo: a pesar de que Hitler y Mussolini intervinieron abiertamente a favor de Franco, desplegando tropas, esas potencias mantuvieron la l\u00ednea de \u201cno-intervenci\u00f3n\u201d, favoreciendo el avance fascista.<\/p>\n\n\n\n<h3 class=\"wp-block-heading\"><strong>Hitler desata la Guerra<\/strong><\/h3>\n\n\n\n<p>En 1937 se termin\u00f3 de consolidar el Eje fascista con el Pacto Antikomintern (anti-Internacional Comunista) entre Alemania, Italia y Jap\u00f3n. <\/p>\n\n\n\n<p>A principios de 1938 Hitler invadi\u00f3 Austria y en septiembre se dispon\u00eda a avanzar sobre Checoslovaquia. A pesar de los esfuerzos de la URSS por concertar acuerdos con Francia e Inglaterra para frenar el avance nazi, en septiembre de 1938, los gobiernos de esos pa\u00edses firmaron el espurio Pacto de Munich con Alemania e Italia, que legaliz\u00f3 la entrega del territorio checoslovaco y defini\u00f3 graves concesiones al nazismo con nefastas consecuencias para el futuro. <\/p>\n\n\n\n<p>La intenci\u00f3n de las potencias imperialistas \u201cdemocr\u00e1ticas\u201d era empujar a Hitler a la guerra contra la URSS. A\u00fan as\u00ed, el gobierno de Stalin sigui\u00f3 buscando durante varios meses llegar a acuerdos con Francia e Inglaterra. Pero las negociaciones fueron sistem\u00e1ticamente boicoteadas por esos gobiernos. En tanto, en la frontera oriental ya se hab\u00edan producido enfrentamientos entre tropas rusas y japonesas. La amenaza directa sobre el pueblo sovi\u00e9tico y sobre las conquistas del socialismo era un hecho.<\/p>\n\n\n\n<p>En ese contexto, el gobierno de Alemania, considerando no estar en \u00f3ptimas condiciones a\u00fan para lanzarse sobre la URSS, propuso a Mosc\u00fa un pacto de no agresi\u00f3n. En la situaci\u00f3n creada por el fracaso de las negociaciones con Francia e Inglaterra, la URSS se vio forzada a aceptar la propuesta. Sin ser un plan deseado, fue justo aceptarlo para obtener una tregua imprescindible que posibilitaba prepararse mejor para el futuro, donde el choque con el fascismo era inevitable. Deshac\u00eda a la vez el plan funesto del Pacto de Munich de \u201centregarle\u201d la Uni\u00f3n Sovi\u00e9tica a Hitler. A la vez, en la firma del pacto se cometieron errores serios, como anexos secretos inadmisibles que establec\u00edan el reparto de Polonia, entre otros. La direcci\u00f3n sovi\u00e9tica sobreestim\u00f3 las posibilidades de dilatar la agresi\u00f3n hitleriana, lo que tendr\u00eda consecuencias muy negativas sobre todo cuando Alemania decidi\u00f3 finalmente lanzarse sobre la URSS.<\/p>\n\n\n\n<p>El 1 de septiembre de 1939, al agredir a Polonia, la Alemania nazi desencaden\u00f3 la Segunda Guerra Mundial. Francia e Inglaterra tuvieron que admitir el fracaso de su pol\u00edtica de concesiones a Hitler y declararon la Guerra a Alemania. Una vez lanzado a la ofensiva, el Ej\u00e9rcito nazi mostr\u00f3 todo su poder\u00edo. <\/p>\n\n\n\n<div class=\"wp-block-image td-caption-align-center\"><figure class=\"aligncenter size-large\"><img data-recalc-dims=\"1\" loading=\"lazy\" decoding=\"async\" width=\"600\" height=\"420\" src=\"https:\/\/i0.wp.com\/vamosporlaliberacion.org\/crpmlm\/wp-content\/uploads\/2020\/05\/polonia-2-1.jpg?resize=600%2C420\" alt=\"\" class=\"wp-image-17323\" srcset=\"https:\/\/i0.wp.com\/vamosporlaliberacion.org\/crpmlm\/wp-content\/uploads\/2020\/05\/polonia-2-1.jpg?w=600&amp;ssl=1 600w, https:\/\/i0.wp.com\/vamosporlaliberacion.org\/crpmlm\/wp-content\/uploads\/2020\/05\/polonia-2-1.jpg?resize=300%2C210&amp;ssl=1 300w, https:\/\/i0.wp.com\/vamosporlaliberacion.org\/crpmlm\/wp-content\/uploads\/2020\/05\/polonia-2-1.jpg?resize=100%2C70&amp;ssl=1 100w\" sizes=\"auto, (max-width: 600px) 100vw, 600px\" \/><figcaption><em>Un ni\u00f1o polaco regresa a lo que era su hogar durante una pausa en los ataques a\u00e9reos alemanes en Varsovia, Polonia, en septiembre de 1939. Los ataques alemanes duraron hasta que Varsovia se rindi\u00f3 el 28 de septiembre.<\/em><\/figcaption><\/figure><\/div>\n\n\n\n<p>En abril de 1940 se apoder\u00f3 de Noruega y Dinamarca, en mayo de Holanda, B\u00e9lgica y Luxemburgo y en junio tom\u00f3 Par\u00eds y la mitad de Francia. En octubre entr\u00f3 en Rumania y avanz\u00f3 sobre los Balcanes. En menos de un a\u00f1o gran parte de Europa estaba en manos de los nazis. Italia invadi\u00f3 Albania y Libia, en el norte de \u00c1frica. En Asia por su parte, Jap\u00f3n se lanz\u00f3 a la conquista de toda la costa pac\u00edfica del continente, llegando hasta Indonesia e islas oce\u00e1nicas, cubriendo miles de kil\u00f3metros.<\/p>\n\n\n\n<p>En los territorios ocupados, los nazis sembraron su pol\u00edtica terrorista y genocida, con campos de concentraci\u00f3n donde fueron asesinadas millones de personas. Adem\u00e1s de centros de exterminio, esas gigantescas c\u00e1rceles sirvieron como campos de trabajo forzado, donde la burgues\u00eda imperialista alemana esclaviz\u00f3 a millones para ampliar sus conglomerados industriales, particularmente la industria b\u00e9lica.<\/p>\n\n\n\n<p>Envalentonado por sus conquistas y la debilidad de las potencias occidentales, Hitler se prepar\u00f3 entonces para la ofensiva hacia la Uni\u00f3n Sovi\u00e9tica. La invasi\u00f3n, iniciada finalmente en junio de 1941, cambiar\u00eda el car\u00e1cter de la Guerra y abrir\u00eda paso a algunas de las batallas m\u00e1s cruentas que se recuerden, en las que millones de sovi\u00e9ticos, encabezados por el Partido Comunista, escribir\u00edan algunas de las p\u00e1ginas m\u00e1s heroicas de la historia, cuesti\u00f3n que abordamos en la pr\u00f3xima nota.<\/p>\n\n\n\n<h3 class=\"wp-block-heading\"><strong>La invasi\u00f3n nazi y la resistencia sovi\u00e9tica.<\/strong><\/h3>\n\n\n\n<div class=\"wp-block-image\"><figure class=\"alignright size-large is-resized\"><img loading=\"lazy\" decoding=\"async\" src=\"https:\/\/i2.wp.com\/vamosporlaliberacion.org\/crpmlm\/wp-content\/uploads\/2020\/05\/afiche-urss.jpg?fit=491%2C700&amp;ssl=1\" alt=\"\" class=\"wp-image-17324\" width=\"260\" height=\"371\" srcset=\"https:\/\/i0.wp.com\/vamosporlaliberacion.org\/crpmlm\/wp-content\/uploads\/2020\/05\/afiche-urss.jpg?w=630&amp;ssl=1 630w, https:\/\/i0.wp.com\/vamosporlaliberacion.org\/crpmlm\/wp-content\/uploads\/2020\/05\/afiche-urss.jpg?resize=210%2C300&amp;ssl=1 210w, https:\/\/i0.wp.com\/vamosporlaliberacion.org\/crpmlm\/wp-content\/uploads\/2020\/05\/afiche-urss.jpg?resize=491%2C700&amp;ssl=1 491w, https:\/\/i0.wp.com\/vamosporlaliberacion.org\/crpmlm\/wp-content\/uploads\/2020\/05\/afiche-urss.jpg?resize=295%2C420&amp;ssl=1 295w\" sizes=\"auto, (max-width: 260px) 100vw, 260px\" \/><figcaption>\u00a1Apoyemos a Mosc\u00fa!<\/figcaption><\/figure><\/div>\n\n\n\n<p>El 22 de junio de 1941 Alemania lanz\u00f3 una feroz ofensiva sorpresa sobre la Uni\u00f3n Sovi\u00e9tica atac\u00e1ndola en simult\u00e1neo en diferentes puntos de su territorio. El ej\u00e9rcito de invasi\u00f3n contaba con 5,5 millones de efectivos, 3700 tanques y 5000 aviones (pr\u00e1cticamente el doble que la URSS en cada rubro). Confiado en su t\u00e1ctica de \u201cguerra rel\u00e1mpago\u201d con la que hab\u00eda conquistado gran parte de Europa, Adolf Hitler planeaba tomar Mosc\u00fa antes del 7 de noviembre, aniversario de la Revoluci\u00f3n de Octubre. <\/p>\n\n\n\n<p>Con la invasi\u00f3n al pa\u00eds socialista, la Guerra que hasta el momento enfrentaba en lo principal a potencias imperialistas entre s\u00ed, cambi\u00f3 de car\u00e1cter transform\u00e1ndose en una guerra mundial antifascista. La situaci\u00f3n forz\u00f3 a un frente t\u00e1ctico entre algunas potencias imperialistas y la URSS. A fines de 1941, tras el ataque japon\u00e9s a Pearl Harbor, EE.UU tambi\u00e9n entrar\u00eda en la contienda.<\/p>\n\n\n\n<p>Entre 1939 y 1941, la URSS hab\u00eda acelerado sus preparativos para el choque que se avecinaba: los soldados del Ej\u00e9rcito Rojo casi se triplicaron y se impuls\u00f3 el entrenamiento militar de toda la poblaci\u00f3n. Pero el fin de los preparativos estaba previsto para 1942 y ramas centrales como la producci\u00f3n de tanques y aviones estaban retrasadas. La r\u00e1pida derrota de Francia y otros pa\u00edses europeos le dieron a Hitler la posibilidad de agredir a la URSS m\u00e1s temprano. Al mismo tiempo, Jos\u00e9 Stalin y el gobierno sovi\u00e9tico cometieron en ese momento graves errores. Subestimaron la posibilidad de que Alemania lanzara la invasi\u00f3n y la misma los tom\u00f3 por sorpresa, lo que facilit\u00f3 su r\u00e1pido avance inicial.<\/p>\n\n\n\n<p>En octubre, los nazis estaban a las puertas de Leningrado y Mosc\u00fa. Pero ya en este cr\u00edtico momento comenzaron a vislumbrarse los resultados de los enormes esfuerzos del pueblo sovi\u00e9tico. La heroica resistencia en cada ciudad invadida, con millones de muertos, permiti\u00f3 retrasar el avance alem\u00e1n y desplazar buena parte de la industria hacia el este, incluyendo el traslado de 7 millones de obreros. M\u00e1s de diez millones de sovi\u00e9ticos se alistaron como voluntarios para combatir y otros millones trabajaban d\u00eda y noche para abastecer a las tropas. <\/p>\n\n\n\n<div class=\"wp-block-image td-caption-align-center\"><figure class=\"aligncenter size-large is-resized\"><img data-recalc-dims=\"1\" loading=\"lazy\" decoding=\"async\" src=\"https:\/\/i0.wp.com\/vamosporlaliberacion.org\/crpmlm\/wp-content\/uploads\/2020\/05\/rusia.jpg?resize=600%2C420\" alt=\"\" class=\"wp-image-17325\" width=\"600\" height=\"420\" srcset=\"https:\/\/i0.wp.com\/vamosporlaliberacion.org\/crpmlm\/wp-content\/uploads\/2020\/05\/rusia.jpg?w=600&amp;ssl=1 600w, https:\/\/i0.wp.com\/vamosporlaliberacion.org\/crpmlm\/wp-content\/uploads\/2020\/05\/rusia.jpg?resize=300%2C210&amp;ssl=1 300w, https:\/\/i0.wp.com\/vamosporlaliberacion.org\/crpmlm\/wp-content\/uploads\/2020\/05\/rusia.jpg?resize=100%2C70&amp;ssl=1 100w\" sizes=\"auto, (max-width: 600px) 100vw, 600px\" \/><figcaption>Miles de rusos y rusas armaron zanjas y construyeron obstrucciones para detener los tanques nazis.<\/figcaption><\/figure><\/div>\n\n\n\n<p>En los territorios ocupados por los nazis se organizaron guerrillas y miles de acciones de sabotaje. Como hab\u00eda se\u00f1alado Lenin en 1920: \u201cEn toda guerra la victoria est\u00e1 condicionada, a fin de cuentas, por la moral de las masas que derraman su sangre en el campo de batalla\u201d.<\/p>\n\n\n\n<p>Al mismo tiempo, semejante movilizaci\u00f3n y coordinaci\u00f3n hubiera sido imposible sin la direcci\u00f3n del gobierno sovi\u00e9tico y el Partido Comunista. Frente al cerco a Mosc\u00fa, Stalin permaneci\u00f3 en la capital dirigiendo las operaciones b\u00e9licas. El 7 de noviembre, aniversario de la revoluci\u00f3n, pronunci\u00f3 un recordado discurso en la Plaza Roja, mientras se escuchaba el ruido de los bombardeos nazis en los alrededores. <\/p>\n\n\n\n<p>Finalmente, tras m\u00e1s de un mes de resistencia, en diciembre fue detenido el avance nazi y el ej\u00e9rcito alem\u00e1n fue repelido a 400 km de Mosc\u00fa. Era la primera derrota importante de Hitler en la guerra y el primer fracaso de su t\u00e1ctica de \u201cguerra rel\u00e1mpago\u201d.<\/p>\n\n\n\n<div class=\"wp-block-image td-caption-align-center\"><figure class=\"aligncenter size-large\"><img data-recalc-dims=\"1\" loading=\"lazy\" decoding=\"async\" width=\"600\" height=\"420\" src=\"https:\/\/i0.wp.com\/vamosporlaliberacion.org\/crpmlm\/wp-content\/uploads\/2020\/05\/ciudad-bombardeada.jpg?resize=600%2C420\" alt=\"\" class=\"wp-image-17326\" srcset=\"https:\/\/i0.wp.com\/vamosporlaliberacion.org\/crpmlm\/wp-content\/uploads\/2020\/05\/ciudad-bombardeada.jpg?w=600&amp;ssl=1 600w, https:\/\/i0.wp.com\/vamosporlaliberacion.org\/crpmlm\/wp-content\/uploads\/2020\/05\/ciudad-bombardeada.jpg?resize=300%2C210&amp;ssl=1 300w, https:\/\/i0.wp.com\/vamosporlaliberacion.org\/crpmlm\/wp-content\/uploads\/2020\/05\/ciudad-bombardeada.jpg?resize=100%2C70&amp;ssl=1 100w\" sizes=\"auto, (max-width: 600px) 100vw, 600px\" \/><figcaption>Bombardeo nazi sobre Stalingrado en septiembre de 1942.<\/figcaption><\/figure><\/div>\n\n\n\n<p><strong>La batalla de Stalingrado<\/strong><\/p>\n\n\n\n<p>Alemania todav\u00eda controlaba gran parte del territorio sovi\u00e9tico y no tard\u00f3 en lanzar una nueva ofensiva. Las fuerzas fascistas se lanzaron sobre la regi\u00f3n industrial del C\u00e1ucaso, en el sur de Rusia, y en julio de 1942 se inici\u00f3 la hist\u00f3rica batalla de Stalingrado. <\/p>\n\n\n\n<p>Durante m\u00e1s de tres meses se rechazaron m\u00e1s de 700 ataques nazis a la ciudad, mientras dentro de la misma las f\u00e1bricas segu\u00edan trabajando en condiciones dificil\u00edsimas. Los alemanes terminaron tomando la mayor parte de la Ciudad, pero durante ese lapso se hab\u00edan logrado enormes avances en la producci\u00f3n de la industria b\u00e9lica trasladada al este del territorio sovi\u00e9tico. <\/p>\n\n\n\n<p>Sobre esta base, en noviembre de 1942 el Ej\u00e9rcito Rojo lanz\u00f3 una fuerte contraofensiva, cercando en Stalingrado a 300.000 soldados y oficiales alemanes, que bajo \u00f3rdenes de Hitler se negaron a entregar las armas. <\/p>\n\n\n\n<div class=\"wp-block-image td-caption-align-center\"><figure class=\"aligncenter size-large\"><img loading=\"lazy\" decoding=\"async\" width=\"1200\" height=\"840\" src=\"https:\/\/i2.wp.com\/vamosporlaliberacion.org\/crpmlm\/wp-content\/uploads\/2020\/05\/stalingrado-3.jpg?fit=696%2C487&amp;ssl=1\" alt=\"\" class=\"wp-image-17327\" srcset=\"https:\/\/i0.wp.com\/vamosporlaliberacion.org\/crpmlm\/wp-content\/uploads\/2020\/05\/stalingrado-3.jpg?w=1200&amp;ssl=1 1200w, https:\/\/i0.wp.com\/vamosporlaliberacion.org\/crpmlm\/wp-content\/uploads\/2020\/05\/stalingrado-3.jpg?resize=300%2C210&amp;ssl=1 300w, https:\/\/i0.wp.com\/vamosporlaliberacion.org\/crpmlm\/wp-content\/uploads\/2020\/05\/stalingrado-3.jpg?resize=700%2C490&amp;ssl=1 700w, https:\/\/i0.wp.com\/vamosporlaliberacion.org\/crpmlm\/wp-content\/uploads\/2020\/05\/stalingrado-3.jpg?resize=768%2C538&amp;ssl=1 768w, https:\/\/i0.wp.com\/vamosporlaliberacion.org\/crpmlm\/wp-content\/uploads\/2020\/05\/stalingrado-3.jpg?resize=696%2C487&amp;ssl=1 696w, https:\/\/i0.wp.com\/vamosporlaliberacion.org\/crpmlm\/wp-content\/uploads\/2020\/05\/stalingrado-3.jpg?resize=1068%2C748&amp;ssl=1 1068w, https:\/\/i0.wp.com\/vamosporlaliberacion.org\/crpmlm\/wp-content\/uploads\/2020\/05\/stalingrado-3.jpg?resize=600%2C420&amp;ssl=1 600w, https:\/\/i0.wp.com\/vamosporlaliberacion.org\/crpmlm\/wp-content\/uploads\/2020\/05\/stalingrado-3.jpg?resize=100%2C70&amp;ssl=1 100w\" sizes=\"auto, (max-width: 696px) 100vw, 696px\" \/><figcaption>Los soldados de infanter\u00eda sovi\u00e9ticos avanzan sobre la nieve alrededor de Stalingrado.<\/figcaption><\/figure><\/div>\n\n\n\n<p>Los cruentos combates se prolongaron hasta febrero de 1943 con la rendici\u00f3n de 24 divisiones alemanas. M\u00e1s de 4 millones de soldados en combate y un total de m\u00e1s de 2 millones de muertos hacen de Stalingrado una de las batallas m\u00e1s grandes de la historia de la humanidad. <\/p>\n\n\n\n<p><strong>Fue sin lugar a dudas el punto de inflexi\u00f3n de la Segunda Guerra Mundial. Los pueblos del mundo entero vieron que el fascismo no era invencible.<\/strong><\/p>\n\n\n\n<div class=\"wp-block-image td-caption-align-center\"><figure class=\"aligncenter size-large\"><img data-recalc-dims=\"1\" loading=\"lazy\" decoding=\"async\" width=\"600\" height=\"420\" src=\"https:\/\/i0.wp.com\/vamosporlaliberacion.org\/crpmlm\/wp-content\/uploads\/2020\/05\/stalingrado-5.jpg?resize=600%2C420\" alt=\"\" class=\"wp-image-17338\" srcset=\"https:\/\/i0.wp.com\/vamosporlaliberacion.org\/crpmlm\/wp-content\/uploads\/2020\/05\/stalingrado-5.jpg?w=600&amp;ssl=1 600w, https:\/\/i0.wp.com\/vamosporlaliberacion.org\/crpmlm\/wp-content\/uploads\/2020\/05\/stalingrado-5.jpg?resize=300%2C210&amp;ssl=1 300w, https:\/\/i0.wp.com\/vamosporlaliberacion.org\/crpmlm\/wp-content\/uploads\/2020\/05\/stalingrado-5.jpg?resize=100%2C70&amp;ssl=1 100w\" sizes=\"auto, (max-width: 600px) 100vw, 600px\" \/><figcaption>Soldado sovi\u00e9tico ondeando la Bandera roja tras la rendici\u00f3n alemana en febrero de 1943.<\/figcaption><\/figure><\/div>\n\n\n\n<p><strong>La propaganda imperialista ha ocultado groseramente la significaci\u00f3n hist\u00f3rica de la batalla de Stalingrado<\/strong>, reemplaz\u00e1ndola por otros hitos de la Guerra como el desembarco anglonorteamericano en Normand\u00eda. Si bien este hecho tuvo su importancia en la derrota del nazismo, las fechas son irrefutables: el desembarco en territorio franc\u00e9s se lanz\u00f3 reci\u00e9n en junio de 1944, \u00a1casi un a\u00f1o y medio despu\u00e9s de Stalingrado!, cuando el avance de la URSS sobre los nazis ya era imparable. Con veinte millones de muertos, el pueblo y el estado sovi\u00e9ticos fueron definitorios en la derrota del nazismo, y esto es una realidad hist\u00f3rica m\u00e1s all\u00e1 de cu\u00e1ntas pel\u00edculas de Hollywood la hayan retratado.<\/p>\n\n\n\n<p>El papel de los comunistas en la derrota del fascismo se agranda a\u00fan m\u00e1s si se tienen en cuenta otros pa\u00edses ocupados. En China, el Partido Comunista encabezado por Mao Tse-tung dirigi\u00f3 la guerra contra el invasor japon\u00e9s, en la que murieron m\u00e1s de 6 millones de personas. Desde Vietnam a varios pa\u00edses de Europa Oriental los comunistas dirigieron la guerra de liberaci\u00f3n. En Francia e Italia encabezaron una vasta red clandestina de 3 millones de combatientes civiles. Es incalculable la cantidad de comunistas que dieron la vida en la lucha antifascista.<\/p>\n\n\n\n<h3 class=\"wp-block-heading\"><strong>El final de la Guerra<\/strong><\/h3>\n\n\n\n<p>Tras la batalla de Stalingrado, el frente de guerra sovi\u00e9tico-alem\u00e1n sigui\u00f3 siendo la principal arena de lucha. En 1944, el 70% del total de tropas nazis se hallaban en combate contra el Ej\u00e9rcito Rojo. Pero, ya desde mediados de 1943, la URSS hab\u00eda logrado quebrar la l\u00ednea de defensa alemana y avanzar hacia el oeste. <\/p>\n\n\n\n<p>Durante 1944 los nazis perdieron el control de varias capitales de Europa oriental. Entre marzo y abril de 1945 el Ej\u00e9rcito Rojo entr\u00f3 en territorio alem\u00e1n y se plante\u00f3 la toma de Berl\u00edn. La batalla en la capital alemana dur\u00f3 15 d\u00edas, con 3 millones de soldados en combate y 200.000 muertos. Cuando el resultado se torn\u00f3 irreversible, Hitler se suicid\u00f3. <\/p>\n\n\n\n<p>Finalmente, el 2 de mayo de 1945, las tropas alemanas se rindieron. La bandera roja flameando sobre el Reichstag (parlamento alem\u00e1n) fue el s\u00edmbolo de la derrota definitiva del nazismo, tras seis a\u00f1os de guerra. El 9 de mayo de 1945, el alem\u00e1n Wilhelm Keitel, comandante nazi del Alto Mando de la Wehrmacht, firm\u00f3 el acta de rendici\u00f3n incondicional.<\/p>\n\n\n\n<div class=\"wp-block-image td-caption-align-center\"><figure class=\"aligncenter size-large\"><img data-recalc-dims=\"1\" loading=\"lazy\" decoding=\"async\" width=\"600\" height=\"420\" src=\"https:\/\/i0.wp.com\/vamosporlaliberacion.org\/crpmlm\/wp-content\/uploads\/2020\/05\/2-de-mayo.jpg?resize=600%2C420\" alt=\"\" class=\"wp-image-17334\" srcset=\"https:\/\/i0.wp.com\/vamosporlaliberacion.org\/crpmlm\/wp-content\/uploads\/2020\/05\/2-de-mayo.jpg?w=600&amp;ssl=1 600w, https:\/\/i0.wp.com\/vamosporlaliberacion.org\/crpmlm\/wp-content\/uploads\/2020\/05\/2-de-mayo.jpg?resize=300%2C210&amp;ssl=1 300w, https:\/\/i0.wp.com\/vamosporlaliberacion.org\/crpmlm\/wp-content\/uploads\/2020\/05\/2-de-mayo.jpg?resize=100%2C70&amp;ssl=1 100w\" sizes=\"auto, (max-width: 600px) 100vw, 600px\" \/><figcaption>Soldados sovi\u00e9ticos izan el 2 de mayo la bandera sovi\u00e9tica en lo alto del Reichstag<\/figcaption><\/figure><\/div>\n\n\n\n<p>En el avance sobre territorio alem\u00e1n se manifestaron tambi\u00e9n actitudes re\u00f1idas con el internacionalismo. Para fortalecer la defensa frente a los nazis, la direcci\u00f3n sovi\u00e9tica hab\u00eda planteado unir lo socialista con lo nacional ruso y empujar una \u201cguerra patria\u201d contra el invasor. Si bien esta l\u00ednea fue justa en lo principal para fortalecer el frente anti-alem\u00e1n, se realizaron concesiones al nacionalismo gran ruso que dieron lugar a fuertes actitudes chauvinistas. Por ejemplo, el comportamiento de las tropas rusas en Alemania fue muy malo, cometiendo abusos y atropellos contra la poblaci\u00f3n alemana.<\/p>\n\n\n\n<p>En agosto de 1945, cuando los nazis ya hab\u00edan ca\u00eddo y los japoneses estaban acorralados, EEUU lanz\u00f3 dos bombas at\u00f3micas sobre Hiroshima y Nagasaki, masacrando a cerca de 250.000 personas. Este crimen sobre el pueblo japon\u00e9s busc\u00f3 ser una demostraci\u00f3n de fuerzas frente al avance de la URSS y los comunistas en el mundo. Justamente entre abril y agosto de 1945, el 7\u00ba Congreso del PC de China plante\u00f3 que la lucha no terminaba con la derrota del nazismo y se prepar\u00f3 para la guerra civil contra Chiang Kai shek, apoyado por los yanquis. Esta l\u00ednea de los mao\u00edstas enfrentaba el planteo revisionista de que tras la Guerra los comunistas deb\u00edan colaborar con las potencias \u201cdemocr\u00e1ticas\u201d como EEUU o Inglaterra.<\/p>\n\n\n\n<p>La derrota del nazismo abri\u00f3 un per\u00edodo de auge de luchas de la clase obrera y los pueblos y naciones oprimidas. La Guerra debilit\u00f3 al frente imperialista en su conjunto y en este marco triunfar\u00eda la Revoluci\u00f3n China en 1949, avanzar\u00edan los procesos revolucionarios en varios pa\u00edses del este europeo y el continente asi\u00e1tico y se abrir\u00edan procesos de liberaci\u00f3n nacional en \u00c1frica y Asia. Millones en la URSS y todo el mundo hab\u00edan jugado un papel decisivo para que esto fuera posible.<\/p>\n<!-- AddThis Advanced Settings generic via filter on the_content --><!-- AddThis Share Buttons generic via filter on the_content -->","protected":false},"excerpt":{"rendered":"<p>El 2 de mayo de 1945, tras doce d\u00edas de cruentos combates con decenas de miles de muertos, las tropas nazis que defend\u00edan la capital alemana Berl\u00edn se rindieron ante el Ej\u00e9rcito Rojo de la Uni\u00f3n Sovi\u00e9tica. Horas antes, vislumbrando el desenlace, Hitler y la c\u00fapula nazi se suicidaban. Era el principio del fin del [&hellip;]<!-- AddThis Advanced Settings generic via filter on get_the_excerpt --><!-- AddThis Share Buttons generic via filter on get_the_excerpt --><\/p>\n","protected":false},"author":6,"featured_media":17335,"comment_status":"open","ping_status":"open","sticky":false,"template":"","format":"standard","meta":{"_jetpack_memberships_contains_paid_content":false,"footnotes":""},"categories":[1853],"tags":[131,1824,1823,260],"class_list":{"0":"post-17321","1":"post","2":"type-post","3":"status-publish","4":"format-standard","5":"has-post-thumbnail","7":"category-historia","8":"tag-historia","9":"tag-nazismo","10":"tag-sovieticos","11":"tag-urss"},"yoast_head":"<!-- This site is optimized with the Yoast SEO plugin v27.4 - https:\/\/yoast.com\/product\/yoast-seo-wordpress\/ -->\n<title>El papel decisivo de la URSS en la derrota del nazismo - Vamos por la Liberaci\u00f3n<\/title>\n<meta name=\"robots\" content=\"index, follow, max-snippet:-1, max-image-preview:large, max-video-preview:-1\" \/>\n<link rel=\"canonical\" href=\"https:\/\/vamosporlaliberacion.org\/crpmlm\/el-papel-decisivo-de-la-urss-en-la-derrota-del-nazismo-3\/\" \/>\n<meta name=\"twitter:label1\" content=\"Escrito por\" \/>\n\t<meta name=\"twitter:data1\" content=\"vamos!\" \/>\n\t<meta name=\"twitter:label2\" content=\"Tiempo de lectura\" \/>\n\t<meta name=\"twitter:data2\" content=\"14 minutos\" \/>\n<script type=\"application\/ld+json\" class=\"yoast-schema-graph\">{\"@context\":\"https:\\\/\\\/schema.org\",\"@graph\":[{\"@type\":\"Article\",\"@id\":\"https:\\\/\\\/vamosporlaliberacion.org\\\/crpmlm\\\/el-papel-decisivo-de-la-urss-en-la-derrota-del-nazismo-3\\\/#article\",\"isPartOf\":{\"@id\":\"https:\\\/\\\/vamosporlaliberacion.org\\\/crpmlm\\\/el-papel-decisivo-de-la-urss-en-la-derrota-del-nazismo-3\\\/\"},\"author\":{\"name\":\"vamos!\",\"@id\":\"https:\\\/\\\/vamosporlaliberacion.org\\\/crpmlm\\\/#\\\/schema\\\/person\\\/d6eac7758df3770dae9cd9eb104d615c\"},\"headline\":\"El papel decisivo de la URSS en la derrota del nazismo\",\"datePublished\":\"2020-05-09T18:18:20+00:00\",\"dateModified\":\"2020-05-26T00:31:31+00:00\",\"mainEntityOfPage\":{\"@id\":\"https:\\\/\\\/vamosporlaliberacion.org\\\/crpmlm\\\/el-papel-decisivo-de-la-urss-en-la-derrota-del-nazismo-3\\\/\"},\"wordCount\":2800,\"commentCount\":0,\"image\":{\"@id\":\"https:\\\/\\\/vamosporlaliberacion.org\\\/crpmlm\\\/el-papel-decisivo-de-la-urss-en-la-derrota-del-nazismo-3\\\/#primaryimage\"},\"thumbnailUrl\":\"https:\\\/\\\/i0.wp.com\\\/vamosporlaliberacion.org\\\/crpmlm\\\/wp-content\\\/uploads\\\/2020\\\/05\\\/dia-de-la-victoria.jpg?fit=696%2C525&ssl=1\",\"keywords\":[\"historia\",\"nazismo\",\"sovieticos\",\"URSS\"],\"articleSection\":[\"Historia \\\/ Teor\u00eda\"],\"inLanguage\":\"es\",\"potentialAction\":[{\"@type\":\"CommentAction\",\"name\":\"Comment\",\"target\":[\"https:\\\/\\\/vamosporlaliberacion.org\\\/crpmlm\\\/el-papel-decisivo-de-la-urss-en-la-derrota-del-nazismo-3\\\/#respond\"]}]},{\"@type\":\"WebPage\",\"@id\":\"https:\\\/\\\/vamosporlaliberacion.org\\\/crpmlm\\\/el-papel-decisivo-de-la-urss-en-la-derrota-del-nazismo-3\\\/\",\"url\":\"https:\\\/\\\/vamosporlaliberacion.org\\\/crpmlm\\\/el-papel-decisivo-de-la-urss-en-la-derrota-del-nazismo-3\\\/\",\"name\":\"El papel decisivo de la URSS en la derrota del nazismo - Vamos por la Liberaci\u00f3n\",\"isPartOf\":{\"@id\":\"https:\\\/\\\/vamosporlaliberacion.org\\\/crpmlm\\\/#website\"},\"primaryImageOfPage\":{\"@id\":\"https:\\\/\\\/vamosporlaliberacion.org\\\/crpmlm\\\/el-papel-decisivo-de-la-urss-en-la-derrota-del-nazismo-3\\\/#primaryimage\"},\"image\":{\"@id\":\"https:\\\/\\\/vamosporlaliberacion.org\\\/crpmlm\\\/el-papel-decisivo-de-la-urss-en-la-derrota-del-nazismo-3\\\/#primaryimage\"},\"thumbnailUrl\":\"https:\\\/\\\/i0.wp.com\\\/vamosporlaliberacion.org\\\/crpmlm\\\/wp-content\\\/uploads\\\/2020\\\/05\\\/dia-de-la-victoria.jpg?fit=696%2C525&ssl=1\",\"datePublished\":\"2020-05-09T18:18:20+00:00\",\"dateModified\":\"2020-05-26T00:31:31+00:00\",\"author\":{\"@id\":\"https:\\\/\\\/vamosporlaliberacion.org\\\/crpmlm\\\/#\\\/schema\\\/person\\\/d6eac7758df3770dae9cd9eb104d615c\"},\"breadcrumb\":{\"@id\":\"https:\\\/\\\/vamosporlaliberacion.org\\\/crpmlm\\\/el-papel-decisivo-de-la-urss-en-la-derrota-del-nazismo-3\\\/#breadcrumb\"},\"inLanguage\":\"es\",\"potentialAction\":[{\"@type\":\"ReadAction\",\"target\":[\"https:\\\/\\\/vamosporlaliberacion.org\\\/crpmlm\\\/el-papel-decisivo-de-la-urss-en-la-derrota-del-nazismo-3\\\/\"]}]},{\"@type\":\"ImageObject\",\"inLanguage\":\"es\",\"@id\":\"https:\\\/\\\/vamosporlaliberacion.org\\\/crpmlm\\\/el-papel-decisivo-de-la-urss-en-la-derrota-del-nazismo-3\\\/#primaryimage\",\"url\":\"https:\\\/\\\/i0.wp.com\\\/vamosporlaliberacion.org\\\/crpmlm\\\/wp-content\\\/uploads\\\/2020\\\/05\\\/dia-de-la-victoria.jpg?fit=696%2C525&ssl=1\",\"contentUrl\":\"https:\\\/\\\/i0.wp.com\\\/vamosporlaliberacion.org\\\/crpmlm\\\/wp-content\\\/uploads\\\/2020\\\/05\\\/dia-de-la-victoria.jpg?fit=696%2C525&ssl=1\",\"width\":696,\"height\":525},{\"@type\":\"BreadcrumbList\",\"@id\":\"https:\\\/\\\/vamosporlaliberacion.org\\\/crpmlm\\\/el-papel-decisivo-de-la-urss-en-la-derrota-del-nazismo-3\\\/#breadcrumb\",\"itemListElement\":[{\"@type\":\"ListItem\",\"position\":1,\"name\":\"Portada\",\"item\":\"https:\\\/\\\/vamosporlaliberacion.org\\\/crpmlm\\\/\"},{\"@type\":\"ListItem\",\"position\":2,\"name\":\"El papel decisivo de la URSS en la derrota del nazismo\"}]},{\"@type\":\"WebSite\",\"@id\":\"https:\\\/\\\/vamosporlaliberacion.org\\\/crpmlm\\\/#website\",\"url\":\"https:\\\/\\\/vamosporlaliberacion.org\\\/crpmlm\\\/\",\"name\":\"Vamos por la Liberaci\u00f3n\",\"description\":\"Prensa CR\",\"potentialAction\":[{\"@type\":\"SearchAction\",\"target\":{\"@type\":\"EntryPoint\",\"urlTemplate\":\"https:\\\/\\\/vamosporlaliberacion.org\\\/crpmlm\\\/?s={search_term_string}\"},\"query-input\":{\"@type\":\"PropertyValueSpecification\",\"valueRequired\":true,\"valueName\":\"search_term_string\"}}],\"inLanguage\":\"es\"},{\"@type\":\"Person\",\"@id\":\"https:\\\/\\\/vamosporlaliberacion.org\\\/crpmlm\\\/#\\\/schema\\\/person\\\/d6eac7758df3770dae9cd9eb104d615c\",\"name\":\"vamos!\",\"url\":\"https:\\\/\\\/vamosporlaliberacion.org\\\/crpmlm\\\/author\\\/adminvxl\\\/\"}]}<\/script>\n<!-- \/ Yoast SEO plugin. -->","yoast_head_json":{"title":"El papel decisivo de la URSS en la derrota del nazismo - Vamos por la Liberaci\u00f3n","robots":{"index":"index","follow":"follow","max-snippet":"max-snippet:-1","max-image-preview":"max-image-preview:large","max-video-preview":"max-video-preview:-1"},"canonical":"https:\/\/vamosporlaliberacion.org\/crpmlm\/el-papel-decisivo-de-la-urss-en-la-derrota-del-nazismo-3\/","twitter_misc":{"Escrito por":"vamos!","Tiempo de lectura":"14 minutos"},"schema":{"@context":"https:\/\/schema.org","@graph":[{"@type":"Article","@id":"https:\/\/vamosporlaliberacion.org\/crpmlm\/el-papel-decisivo-de-la-urss-en-la-derrota-del-nazismo-3\/#article","isPartOf":{"@id":"https:\/\/vamosporlaliberacion.org\/crpmlm\/el-papel-decisivo-de-la-urss-en-la-derrota-del-nazismo-3\/"},"author":{"name":"vamos!","@id":"https:\/\/vamosporlaliberacion.org\/crpmlm\/#\/schema\/person\/d6eac7758df3770dae9cd9eb104d615c"},"headline":"El papel decisivo de la URSS en la derrota del nazismo","datePublished":"2020-05-09T18:18:20+00:00","dateModified":"2020-05-26T00:31:31+00:00","mainEntityOfPage":{"@id":"https:\/\/vamosporlaliberacion.org\/crpmlm\/el-papel-decisivo-de-la-urss-en-la-derrota-del-nazismo-3\/"},"wordCount":2800,"commentCount":0,"image":{"@id":"https:\/\/vamosporlaliberacion.org\/crpmlm\/el-papel-decisivo-de-la-urss-en-la-derrota-del-nazismo-3\/#primaryimage"},"thumbnailUrl":"https:\/\/i0.wp.com\/vamosporlaliberacion.org\/crpmlm\/wp-content\/uploads\/2020\/05\/dia-de-la-victoria.jpg?fit=696%2C525&ssl=1","keywords":["historia","nazismo","sovieticos","URSS"],"articleSection":["Historia \/ Teor\u00eda"],"inLanguage":"es","potentialAction":[{"@type":"CommentAction","name":"Comment","target":["https:\/\/vamosporlaliberacion.org\/crpmlm\/el-papel-decisivo-de-la-urss-en-la-derrota-del-nazismo-3\/#respond"]}]},{"@type":"WebPage","@id":"https:\/\/vamosporlaliberacion.org\/crpmlm\/el-papel-decisivo-de-la-urss-en-la-derrota-del-nazismo-3\/","url":"https:\/\/vamosporlaliberacion.org\/crpmlm\/el-papel-decisivo-de-la-urss-en-la-derrota-del-nazismo-3\/","name":"El papel decisivo de la URSS en la derrota del nazismo - Vamos por la Liberaci\u00f3n","isPartOf":{"@id":"https:\/\/vamosporlaliberacion.org\/crpmlm\/#website"},"primaryImageOfPage":{"@id":"https:\/\/vamosporlaliberacion.org\/crpmlm\/el-papel-decisivo-de-la-urss-en-la-derrota-del-nazismo-3\/#primaryimage"},"image":{"@id":"https:\/\/vamosporlaliberacion.org\/crpmlm\/el-papel-decisivo-de-la-urss-en-la-derrota-del-nazismo-3\/#primaryimage"},"thumbnailUrl":"https:\/\/i0.wp.com\/vamosporlaliberacion.org\/crpmlm\/wp-content\/uploads\/2020\/05\/dia-de-la-victoria.jpg?fit=696%2C525&ssl=1","datePublished":"2020-05-09T18:18:20+00:00","dateModified":"2020-05-26T00:31:31+00:00","author":{"@id":"https:\/\/vamosporlaliberacion.org\/crpmlm\/#\/schema\/person\/d6eac7758df3770dae9cd9eb104d615c"},"breadcrumb":{"@id":"https:\/\/vamosporlaliberacion.org\/crpmlm\/el-papel-decisivo-de-la-urss-en-la-derrota-del-nazismo-3\/#breadcrumb"},"inLanguage":"es","potentialAction":[{"@type":"ReadAction","target":["https:\/\/vamosporlaliberacion.org\/crpmlm\/el-papel-decisivo-de-la-urss-en-la-derrota-del-nazismo-3\/"]}]},{"@type":"ImageObject","inLanguage":"es","@id":"https:\/\/vamosporlaliberacion.org\/crpmlm\/el-papel-decisivo-de-la-urss-en-la-derrota-del-nazismo-3\/#primaryimage","url":"https:\/\/i0.wp.com\/vamosporlaliberacion.org\/crpmlm\/wp-content\/uploads\/2020\/05\/dia-de-la-victoria.jpg?fit=696%2C525&ssl=1","contentUrl":"https:\/\/i0.wp.com\/vamosporlaliberacion.org\/crpmlm\/wp-content\/uploads\/2020\/05\/dia-de-la-victoria.jpg?fit=696%2C525&ssl=1","width":696,"height":525},{"@type":"BreadcrumbList","@id":"https:\/\/vamosporlaliberacion.org\/crpmlm\/el-papel-decisivo-de-la-urss-en-la-derrota-del-nazismo-3\/#breadcrumb","itemListElement":[{"@type":"ListItem","position":1,"name":"Portada","item":"https:\/\/vamosporlaliberacion.org\/crpmlm\/"},{"@type":"ListItem","position":2,"name":"El papel decisivo de la URSS en la derrota del nazismo"}]},{"@type":"WebSite","@id":"https:\/\/vamosporlaliberacion.org\/crpmlm\/#website","url":"https:\/\/vamosporlaliberacion.org\/crpmlm\/","name":"Vamos por la Liberaci\u00f3n","description":"Prensa CR","potentialAction":[{"@type":"SearchAction","target":{"@type":"EntryPoint","urlTemplate":"https:\/\/vamosporlaliberacion.org\/crpmlm\/?s={search_term_string}"},"query-input":{"@type":"PropertyValueSpecification","valueRequired":true,"valueName":"search_term_string"}}],"inLanguage":"es"},{"@type":"Person","@id":"https:\/\/vamosporlaliberacion.org\/crpmlm\/#\/schema\/person\/d6eac7758df3770dae9cd9eb104d615c","name":"vamos!","url":"https:\/\/vamosporlaliberacion.org\/crpmlm\/author\/adminvxl\/"}]}},"jetpack_featured_media_url":"https:\/\/i0.wp.com\/vamosporlaliberacion.org\/crpmlm\/wp-content\/uploads\/2020\/05\/dia-de-la-victoria.jpg?fit=696%2C525&ssl=1","jetpack_sharing_enabled":true,"_links":{"self":[{"href":"https:\/\/vamosporlaliberacion.org\/crpmlm\/wp-json\/wp\/v2\/posts\/17321","targetHints":{"allow":["GET"]}}],"collection":[{"href":"https:\/\/vamosporlaliberacion.org\/crpmlm\/wp-json\/wp\/v2\/posts"}],"about":[{"href":"https:\/\/vamosporlaliberacion.org\/crpmlm\/wp-json\/wp\/v2\/types\/post"}],"author":[{"embeddable":true,"href":"https:\/\/vamosporlaliberacion.org\/crpmlm\/wp-json\/wp\/v2\/users\/6"}],"replies":[{"embeddable":true,"href":"https:\/\/vamosporlaliberacion.org\/crpmlm\/wp-json\/wp\/v2\/comments?post=17321"}],"version-history":[{"count":4,"href":"https:\/\/vamosporlaliberacion.org\/crpmlm\/wp-json\/wp\/v2\/posts\/17321\/revisions"}],"predecessor-version":[{"id":17340,"href":"https:\/\/vamosporlaliberacion.org\/crpmlm\/wp-json\/wp\/v2\/posts\/17321\/revisions\/17340"}],"wp:featuredmedia":[{"embeddable":true,"href":"https:\/\/vamosporlaliberacion.org\/crpmlm\/wp-json\/wp\/v2\/media\/17335"}],"wp:attachment":[{"href":"https:\/\/vamosporlaliberacion.org\/crpmlm\/wp-json\/wp\/v2\/media?parent=17321"}],"wp:term":[{"taxonomy":"category","embeddable":true,"href":"https:\/\/vamosporlaliberacion.org\/crpmlm\/wp-json\/wp\/v2\/categories?post=17321"},{"taxonomy":"post_tag","embeddable":true,"href":"https:\/\/vamosporlaliberacion.org\/crpmlm\/wp-json\/wp\/v2\/tags?post=17321"}],"curies":[{"name":"wp","href":"https:\/\/api.w.org\/{rel}","templated":true}]}}