{"id":17199,"date":"2020-05-01T14:43:15","date_gmt":"2020-05-01T17:43:15","guid":{"rendered":"http:\/\/vamosporlaliberacion.org\/crpmlm\/?p=17199"},"modified":"2020-10-12T21:00:49","modified_gmt":"2020-10-13T00:00:49","slug":"arriba-los-pueblos-del-mundo","status":"publish","type":"post","link":"https:\/\/vamosporlaliberacion.org\/crpmlm\/arriba-los-pueblos-del-mundo\/","title":{"rendered":"\u00a1Arriba los pueblos del mundo!"},"content":{"rendered":"\n<p>En 1871 los trabajadores de Par\u00eds \u201ctomaron el cielo por asalto\u201d, como dijo Marx, y controlaron la ciudad por 72 d\u00edas. Entre esos obreros franceses hab\u00eda uno, <strong>Eug\u00e8ne Pottier, trabajador textil y poeta,<\/strong> quien, d\u00edas despu\u00e9s de derrotados los comuneros, \u201ccon la sangre a\u00fan corriendo por los muros de los fusilamientos\u201d, escribi\u00f3 los versos de La Internacional, sin saber que a\u00f1os m\u00e1s tarde se transformar\u00eda en el himno de los trabajadores del mundo entero.<\/p>\n\n\n\n<p>Pottier hab\u00eda nacido en 1816, y ya a los 14 a\u00f1os escribi\u00f3 su primer poema titulado \u00a1Viva la libertad!. <\/p>\n\n\n\n<p>Particip\u00f3 en la revoluci\u00f3n de febrero de 1848 en Francia, organiz\u00f3 a los dise\u00f1adores de telas e incorpor\u00f3 su gremio a la Asociaci\u00f3n Internacional de los Trabajadores, fundada por Marx y Engels en 1864. En tiempos de la Comuna fue uno de los 80 miembros elegidos para el gobierno de Par\u00eds, mientras comenzaba a ser reconocido como el poeta de los trabajadores.<\/p>\n\n\n\n<p>Derrotada la Comuna se exili\u00f3 en Estados Unidos. Volvi\u00f3 a Francia en 1880 y colabor\u00f3 en el peri\u00f3dico del Partido Obrero Franc\u00e9s hasta su muerte, en 1887. <strong>\u201cPottier muri\u00f3 en la miseria. Pero deja tras de s\u00ed un monumento verdaderamente imperecedero\u201d, dijo Lenin<\/strong> en su momento. <\/p>\n\n\n\n<p>A\u00f1os m\u00e1s tarde, <strong>parte de las poes\u00edas de Pottier, entre ellas La Internacional, fueron editadas y publicadas. <\/strong>Uno de esos ejemplares fue a dar a las manos del <strong>director del coro obrero \u201cLa lira de los trabajadores\u201d, quien le pidi\u00f3 a uno de sus integrantes, obrero ferroviario y compositor, \u201cuna m\u00fasica vibrante\u201d para el poema de Pottier. Este m\u00fasico proletario era Pierre Degeyter.<\/strong><\/p>\n\n\n\n<figure class=\"wp-block-image size-large\"><img loading=\"lazy\" decoding=\"async\" width=\"1100\" height=\"720\" src=\"https:\/\/i0.wp.com\/vamosporlaliberacion.org\/crpmlm\/wp-content\/uploads\/2020\/05\/eugc3a8ne-pottier-et-p-c-degeyter-auteurs-de-lhymne-rc3a9volutionnaire-linternationale1.jpg?fit=696%2C455&amp;ssl=1\" alt=\"\" class=\"wp-image-17200\" srcset=\"https:\/\/i0.wp.com\/vamosporlaliberacion.org\/crpmlm\/wp-content\/uploads\/2020\/05\/eugc3a8ne-pottier-et-p-c-degeyter-auteurs-de-lhymne-rc3a9volutionnaire-linternationale1.jpg?w=1100&amp;ssl=1 1100w, https:\/\/i0.wp.com\/vamosporlaliberacion.org\/crpmlm\/wp-content\/uploads\/2020\/05\/eugc3a8ne-pottier-et-p-c-degeyter-auteurs-de-lhymne-rc3a9volutionnaire-linternationale1.jpg?resize=300%2C196&amp;ssl=1 300w, https:\/\/i0.wp.com\/vamosporlaliberacion.org\/crpmlm\/wp-content\/uploads\/2020\/05\/eugc3a8ne-pottier-et-p-c-degeyter-auteurs-de-lhymne-rc3a9volutionnaire-linternationale1.jpg?resize=700%2C458&amp;ssl=1 700w, https:\/\/i0.wp.com\/vamosporlaliberacion.org\/crpmlm\/wp-content\/uploads\/2020\/05\/eugc3a8ne-pottier-et-p-c-degeyter-auteurs-de-lhymne-rc3a9volutionnaire-linternationale1.jpg?resize=768%2C503&amp;ssl=1 768w, https:\/\/i0.wp.com\/vamosporlaliberacion.org\/crpmlm\/wp-content\/uploads\/2020\/05\/eugc3a8ne-pottier-et-p-c-degeyter-auteurs-de-lhymne-rc3a9volutionnaire-linternationale1.jpg?resize=696%2C456&amp;ssl=1 696w, https:\/\/i0.wp.com\/vamosporlaliberacion.org\/crpmlm\/wp-content\/uploads\/2020\/05\/eugc3a8ne-pottier-et-p-c-degeyter-auteurs-de-lhymne-rc3a9volutionnaire-linternationale1.jpg?resize=1068%2C699&amp;ssl=1 1068w, https:\/\/i0.wp.com\/vamosporlaliberacion.org\/crpmlm\/wp-content\/uploads\/2020\/05\/eugc3a8ne-pottier-et-p-c-degeyter-auteurs-de-lhymne-rc3a9volutionnaire-linternationale1.jpg?resize=642%2C420&amp;ssl=1 642w, https:\/\/i0.wp.com\/vamosporlaliberacion.org\/crpmlm\/wp-content\/uploads\/2020\/05\/eugc3a8ne-pottier-et-p-c-degeyter-auteurs-de-lhymne-rc3a9volutionnaire-linternationale1.jpg?resize=741%2C486&amp;ssl=1 741w\" sizes=\"auto, (max-width: 696px) 100vw, 696px\" \/><\/figure>\n\n\n\n<p><strong>La Internacional se cant\u00f3 por primera vez en Francia en 1888 y desde sus comienzos fue perseguida con sa\u00f1a por las clases dominantes.<\/strong> <\/p>\n\n\n\n<p>S\u00f3lo por editarla en un folleto, el maestro de escuela Armand Goselin fue perseguido y sufri\u00f3 un a\u00f1o de c\u00e1rcel. Durante algunos a\u00f1os s\u00f3lo era conocida por unos pocos obreros franceses, pero para comienzos de siglo XX el tema ya era cantado por millones de obreros. Fue en las calles, combatiendo, donde los trabajadores la hicieron suya.<\/p>\n\n\n\n<p><strong>La Internacional es el himno de la clase obrera, una clase internacional.<\/strong> Es la \u00fanica clase que puede conducir un proceso revolucionario que termine con el sistema imperialista capitalista, para lo cual necesita unir y dirigir al conjunto de los pueblos oprimidos. Como sintetiz\u00f3 la 3\u00ba Internacional en su consigna: \u201c<strong>Proletarios y pueblos oprimidos del mundo un\u00edos\u201d. <\/strong><\/p>\n\n\n\n<p>Por eso los comunistas revolucionarios de la Argentina reivindicamos La Internacional junto al Himno Nacional Argentino, como parte de la lucha por la liberaci\u00f3n nacional y social en marcha ininterrumpida al socialismo.<\/p>\n\n\n\n<p><strong>La Internacional<\/strong><br><em>Arriba los pobres del mundo<br>De pie los esclavos sin pan<br>y gritemos todos unidos<br>\u00a1Viva la Internacional!<\/em><\/p>\n\n\n\n<p>Removamos todas las trabas<br>que oprimen al proletario,<br>cambiemos al mundo de base<br>hundiendo al imperio burgu\u00e9s.<\/p>\n\n\n\n<p>Agrup\u00e9monos todos,<br>en la lucha final,<br>y se alcen los pueblos,<br>por la Internacional.<\/p>\n\n\n\n<p>El d\u00eda que el triunfo alcancemos<br>ni esclavos ni due\u00f1os habr\u00e1,<br>los odios que al mundo envenenan<br>al punto se extinguir\u00e1n.<\/p>\n\n\n\n<p>El hombre del hombre es hermano<br>derechos iguales tendr\u00e1n,<br>la Tierra ser\u00e1 el para\u00edso<br>de toda la Humanidad.<\/p>\n\n\n\n<p><em>Agrup\u00e9monos todos<br>en la lucha final.<br>Y se alzen los pueblos<br>por la Internacional.<br>Agrup\u00e9monos todos<br>en la lucha final.<br>Y se alzen los pueblos \u00a1con valor!<br>por la Internacional.<\/em><\/p>\n\n\n\n<p>Compartimos con ustedes la versi\u00f3n realizada por laConfederaci\u00f3n Latinoamericana y del Caribe de Trabajadores Estatales (CLATE).<\/p>\n\n\n\n<figure class=\"wp-block-embed-soundcloud wp-block-embed is-type-rich is-provider-soundcloud wp-embed-aspect-4-3 wp-has-aspect-ratio\"><div class=\"wp-block-embed__wrapper\">\n<iframe loading=\"lazy\" title=\"Himno La Internacional - versi\u00f3n latinoamericana y caribe\u00f1a by Prensa Vamos CRPMLM\" width=\"696\" height=\"400\" scrolling=\"no\" frameborder=\"no\" src=\"https:\/\/w.soundcloud.com\/player\/?visual=true&#038;url=https%3A%2F%2Fapi.soundcloud.com%2Ftracks%2F811437160&#038;show_artwork=true&#038;maxwidth=696&#038;maxheight=1000&#038;dnt=1\"><\/iframe>\n<\/div><\/figure>\n<!-- AddThis Advanced Settings generic via filter on the_content --><!-- AddThis Share Buttons generic via filter on the_content -->","protected":false},"excerpt":{"rendered":"<p>En 1871 los trabajadores de Par\u00eds \u201ctomaron el cielo por asalto\u201d, como dijo Marx, y controlaron la ciudad por 72 d\u00edas. Entre esos obreros franceses hab\u00eda uno, Eug\u00e8ne Pottier, trabajador textil y poeta, quien, d\u00edas despu\u00e9s de derrotados los comuneros, \u201ccon la sangre a\u00fan corriendo por los muros de los fusilamientos\u201d, escribi\u00f3 los versos de [&hellip;]<!-- AddThis Advanced Settings generic via filter on get_the_excerpt --><!-- AddThis Share Buttons generic via filter on get_the_excerpt --><\/p>\n","protected":false},"author":6,"featured_media":17202,"comment_status":"open","ping_status":"open","sticky":false,"template":"","format":"standard","meta":{"_jetpack_memberships_contains_paid_content":false,"footnotes":""},"categories":[1850,1853],"tags":[1811,944,380],"class_list":{"0":"post-17199","1":"post","2":"type-post","3":"status-publish","4":"format-standard","5":"has-post-thumbnail","7":"category-cultura","8":"category-historia","9":"tag-comunismo","10":"tag-cultura","11":"tag-la-internacional"},"yoast_head":"<!-- This site is optimized with the Yoast SEO plugin v27.4 - https:\/\/yoast.com\/product\/yoast-seo-wordpress\/ -->\n<title>\u00a1Arriba los pueblos del mundo! - Vamos por la Liberaci\u00f3n<\/title>\n<meta name=\"robots\" content=\"index, follow, max-snippet:-1, max-image-preview:large, max-video-preview:-1\" \/>\n<link rel=\"canonical\" href=\"https:\/\/vamosporlaliberacion.org\/crpmlm\/arriba-los-pueblos-del-mundo\/\" \/>\n<meta name=\"twitter:label1\" content=\"Escrito por\" \/>\n\t<meta name=\"twitter:data1\" content=\"vamos!\" \/>\n\t<meta name=\"twitter:label2\" content=\"Tiempo de lectura\" \/>\n\t<meta name=\"twitter:data2\" content=\"3 minutos\" \/>\n<script type=\"application\/ld+json\" class=\"yoast-schema-graph\">{\"@context\":\"https:\\\/\\\/schema.org\",\"@graph\":[{\"@type\":\"Article\",\"@id\":\"https:\\\/\\\/vamosporlaliberacion.org\\\/crpmlm\\\/arriba-los-pueblos-del-mundo\\\/#article\",\"isPartOf\":{\"@id\":\"https:\\\/\\\/vamosporlaliberacion.org\\\/crpmlm\\\/arriba-los-pueblos-del-mundo\\\/\"},\"author\":{\"name\":\"vamos!\",\"@id\":\"https:\\\/\\\/vamosporlaliberacion.org\\\/crpmlm\\\/#\\\/schema\\\/person\\\/d6eac7758df3770dae9cd9eb104d615c\"},\"headline\":\"\u00a1Arriba los pueblos del mundo!\",\"datePublished\":\"2020-05-01T17:43:15+00:00\",\"dateModified\":\"2020-10-13T00:00:49+00:00\",\"mainEntityOfPage\":{\"@id\":\"https:\\\/\\\/vamosporlaliberacion.org\\\/crpmlm\\\/arriba-los-pueblos-del-mundo\\\/\"},\"wordCount\":599,\"commentCount\":0,\"image\":{\"@id\":\"https:\\\/\\\/vamosporlaliberacion.org\\\/crpmlm\\\/arriba-los-pueblos-del-mundo\\\/#primaryimage\"},\"thumbnailUrl\":\"https:\\\/\\\/i0.wp.com\\\/vamosporlaliberacion.org\\\/crpmlm\\\/wp-content\\\/uploads\\\/2020\\\/05\\\/19959203_1769081636450378_2639933550221486455_n.jpg?fit=960%2C745&ssl=1\",\"keywords\":[\"comunismo\",\"cultura\",\"La internacional\"],\"articleSection\":[\"cultura\",\"Historia \\\/ Teor\u00eda\"],\"inLanguage\":\"es\",\"potentialAction\":[{\"@type\":\"CommentAction\",\"name\":\"Comment\",\"target\":[\"https:\\\/\\\/vamosporlaliberacion.org\\\/crpmlm\\\/arriba-los-pueblos-del-mundo\\\/#respond\"]}]},{\"@type\":\"WebPage\",\"@id\":\"https:\\\/\\\/vamosporlaliberacion.org\\\/crpmlm\\\/arriba-los-pueblos-del-mundo\\\/\",\"url\":\"https:\\\/\\\/vamosporlaliberacion.org\\\/crpmlm\\\/arriba-los-pueblos-del-mundo\\\/\",\"name\":\"\u00a1Arriba los pueblos del mundo! - Vamos por la Liberaci\u00f3n\",\"isPartOf\":{\"@id\":\"https:\\\/\\\/vamosporlaliberacion.org\\\/crpmlm\\\/#website\"},\"primaryImageOfPage\":{\"@id\":\"https:\\\/\\\/vamosporlaliberacion.org\\\/crpmlm\\\/arriba-los-pueblos-del-mundo\\\/#primaryimage\"},\"image\":{\"@id\":\"https:\\\/\\\/vamosporlaliberacion.org\\\/crpmlm\\\/arriba-los-pueblos-del-mundo\\\/#primaryimage\"},\"thumbnailUrl\":\"https:\\\/\\\/i0.wp.com\\\/vamosporlaliberacion.org\\\/crpmlm\\\/wp-content\\\/uploads\\\/2020\\\/05\\\/19959203_1769081636450378_2639933550221486455_n.jpg?fit=960%2C745&ssl=1\",\"datePublished\":\"2020-05-01T17:43:15+00:00\",\"dateModified\":\"2020-10-13T00:00:49+00:00\",\"author\":{\"@id\":\"https:\\\/\\\/vamosporlaliberacion.org\\\/crpmlm\\\/#\\\/schema\\\/person\\\/d6eac7758df3770dae9cd9eb104d615c\"},\"breadcrumb\":{\"@id\":\"https:\\\/\\\/vamosporlaliberacion.org\\\/crpmlm\\\/arriba-los-pueblos-del-mundo\\\/#breadcrumb\"},\"inLanguage\":\"es\",\"potentialAction\":[{\"@type\":\"ReadAction\",\"target\":[\"https:\\\/\\\/vamosporlaliberacion.org\\\/crpmlm\\\/arriba-los-pueblos-del-mundo\\\/\"]}]},{\"@type\":\"ImageObject\",\"inLanguage\":\"es\",\"@id\":\"https:\\\/\\\/vamosporlaliberacion.org\\\/crpmlm\\\/arriba-los-pueblos-del-mundo\\\/#primaryimage\",\"url\":\"https:\\\/\\\/i0.wp.com\\\/vamosporlaliberacion.org\\\/crpmlm\\\/wp-content\\\/uploads\\\/2020\\\/05\\\/19959203_1769081636450378_2639933550221486455_n.jpg?fit=960%2C745&ssl=1\",\"contentUrl\":\"https:\\\/\\\/i0.wp.com\\\/vamosporlaliberacion.org\\\/crpmlm\\\/wp-content\\\/uploads\\\/2020\\\/05\\\/19959203_1769081636450378_2639933550221486455_n.jpg?fit=960%2C745&ssl=1\",\"width\":960,\"height\":745,\"caption\":\"Buenos Aires, manifestaci\u00f3n en apoyo de los anarquistas Sacco y Vanzetti, julio 1927.\"},{\"@type\":\"BreadcrumbList\",\"@id\":\"https:\\\/\\\/vamosporlaliberacion.org\\\/crpmlm\\\/arriba-los-pueblos-del-mundo\\\/#breadcrumb\",\"itemListElement\":[{\"@type\":\"ListItem\",\"position\":1,\"name\":\"Portada\",\"item\":\"https:\\\/\\\/vamosporlaliberacion.org\\\/crpmlm\\\/\"},{\"@type\":\"ListItem\",\"position\":2,\"name\":\"\u00a1Arriba los pueblos del mundo!\"}]},{\"@type\":\"WebSite\",\"@id\":\"https:\\\/\\\/vamosporlaliberacion.org\\\/crpmlm\\\/#website\",\"url\":\"https:\\\/\\\/vamosporlaliberacion.org\\\/crpmlm\\\/\",\"name\":\"Vamos por la Liberaci\u00f3n\",\"description\":\"Prensa CR\",\"potentialAction\":[{\"@type\":\"SearchAction\",\"target\":{\"@type\":\"EntryPoint\",\"urlTemplate\":\"https:\\\/\\\/vamosporlaliberacion.org\\\/crpmlm\\\/?s={search_term_string}\"},\"query-input\":{\"@type\":\"PropertyValueSpecification\",\"valueRequired\":true,\"valueName\":\"search_term_string\"}}],\"inLanguage\":\"es\"},{\"@type\":\"Person\",\"@id\":\"https:\\\/\\\/vamosporlaliberacion.org\\\/crpmlm\\\/#\\\/schema\\\/person\\\/d6eac7758df3770dae9cd9eb104d615c\",\"name\":\"vamos!\",\"url\":\"https:\\\/\\\/vamosporlaliberacion.org\\\/crpmlm\\\/author\\\/adminvxl\\\/\"}]}<\/script>\n<!-- \/ Yoast SEO plugin. -->","yoast_head_json":{"title":"\u00a1Arriba los pueblos del mundo! - Vamos por la Liberaci\u00f3n","robots":{"index":"index","follow":"follow","max-snippet":"max-snippet:-1","max-image-preview":"max-image-preview:large","max-video-preview":"max-video-preview:-1"},"canonical":"https:\/\/vamosporlaliberacion.org\/crpmlm\/arriba-los-pueblos-del-mundo\/","twitter_misc":{"Escrito por":"vamos!","Tiempo de lectura":"3 minutos"},"schema":{"@context":"https:\/\/schema.org","@graph":[{"@type":"Article","@id":"https:\/\/vamosporlaliberacion.org\/crpmlm\/arriba-los-pueblos-del-mundo\/#article","isPartOf":{"@id":"https:\/\/vamosporlaliberacion.org\/crpmlm\/arriba-los-pueblos-del-mundo\/"},"author":{"name":"vamos!","@id":"https:\/\/vamosporlaliberacion.org\/crpmlm\/#\/schema\/person\/d6eac7758df3770dae9cd9eb104d615c"},"headline":"\u00a1Arriba los pueblos del mundo!","datePublished":"2020-05-01T17:43:15+00:00","dateModified":"2020-10-13T00:00:49+00:00","mainEntityOfPage":{"@id":"https:\/\/vamosporlaliberacion.org\/crpmlm\/arriba-los-pueblos-del-mundo\/"},"wordCount":599,"commentCount":0,"image":{"@id":"https:\/\/vamosporlaliberacion.org\/crpmlm\/arriba-los-pueblos-del-mundo\/#primaryimage"},"thumbnailUrl":"https:\/\/i0.wp.com\/vamosporlaliberacion.org\/crpmlm\/wp-content\/uploads\/2020\/05\/19959203_1769081636450378_2639933550221486455_n.jpg?fit=960%2C745&ssl=1","keywords":["comunismo","cultura","La internacional"],"articleSection":["cultura","Historia \/ Teor\u00eda"],"inLanguage":"es","potentialAction":[{"@type":"CommentAction","name":"Comment","target":["https:\/\/vamosporlaliberacion.org\/crpmlm\/arriba-los-pueblos-del-mundo\/#respond"]}]},{"@type":"WebPage","@id":"https:\/\/vamosporlaliberacion.org\/crpmlm\/arriba-los-pueblos-del-mundo\/","url":"https:\/\/vamosporlaliberacion.org\/crpmlm\/arriba-los-pueblos-del-mundo\/","name":"\u00a1Arriba los pueblos del mundo! - Vamos por la Liberaci\u00f3n","isPartOf":{"@id":"https:\/\/vamosporlaliberacion.org\/crpmlm\/#website"},"primaryImageOfPage":{"@id":"https:\/\/vamosporlaliberacion.org\/crpmlm\/arriba-los-pueblos-del-mundo\/#primaryimage"},"image":{"@id":"https:\/\/vamosporlaliberacion.org\/crpmlm\/arriba-los-pueblos-del-mundo\/#primaryimage"},"thumbnailUrl":"https:\/\/i0.wp.com\/vamosporlaliberacion.org\/crpmlm\/wp-content\/uploads\/2020\/05\/19959203_1769081636450378_2639933550221486455_n.jpg?fit=960%2C745&ssl=1","datePublished":"2020-05-01T17:43:15+00:00","dateModified":"2020-10-13T00:00:49+00:00","author":{"@id":"https:\/\/vamosporlaliberacion.org\/crpmlm\/#\/schema\/person\/d6eac7758df3770dae9cd9eb104d615c"},"breadcrumb":{"@id":"https:\/\/vamosporlaliberacion.org\/crpmlm\/arriba-los-pueblos-del-mundo\/#breadcrumb"},"inLanguage":"es","potentialAction":[{"@type":"ReadAction","target":["https:\/\/vamosporlaliberacion.org\/crpmlm\/arriba-los-pueblos-del-mundo\/"]}]},{"@type":"ImageObject","inLanguage":"es","@id":"https:\/\/vamosporlaliberacion.org\/crpmlm\/arriba-los-pueblos-del-mundo\/#primaryimage","url":"https:\/\/i0.wp.com\/vamosporlaliberacion.org\/crpmlm\/wp-content\/uploads\/2020\/05\/19959203_1769081636450378_2639933550221486455_n.jpg?fit=960%2C745&ssl=1","contentUrl":"https:\/\/i0.wp.com\/vamosporlaliberacion.org\/crpmlm\/wp-content\/uploads\/2020\/05\/19959203_1769081636450378_2639933550221486455_n.jpg?fit=960%2C745&ssl=1","width":960,"height":745,"caption":"Buenos Aires, manifestaci\u00f3n en apoyo de los anarquistas Sacco y Vanzetti, julio 1927."},{"@type":"BreadcrumbList","@id":"https:\/\/vamosporlaliberacion.org\/crpmlm\/arriba-los-pueblos-del-mundo\/#breadcrumb","itemListElement":[{"@type":"ListItem","position":1,"name":"Portada","item":"https:\/\/vamosporlaliberacion.org\/crpmlm\/"},{"@type":"ListItem","position":2,"name":"\u00a1Arriba los pueblos del mundo!"}]},{"@type":"WebSite","@id":"https:\/\/vamosporlaliberacion.org\/crpmlm\/#website","url":"https:\/\/vamosporlaliberacion.org\/crpmlm\/","name":"Vamos por la Liberaci\u00f3n","description":"Prensa CR","potentialAction":[{"@type":"SearchAction","target":{"@type":"EntryPoint","urlTemplate":"https:\/\/vamosporlaliberacion.org\/crpmlm\/?s={search_term_string}"},"query-input":{"@type":"PropertyValueSpecification","valueRequired":true,"valueName":"search_term_string"}}],"inLanguage":"es"},{"@type":"Person","@id":"https:\/\/vamosporlaliberacion.org\/crpmlm\/#\/schema\/person\/d6eac7758df3770dae9cd9eb104d615c","name":"vamos!","url":"https:\/\/vamosporlaliberacion.org\/crpmlm\/author\/adminvxl\/"}]}},"jetpack_featured_media_url":"https:\/\/i0.wp.com\/vamosporlaliberacion.org\/crpmlm\/wp-content\/uploads\/2020\/05\/19959203_1769081636450378_2639933550221486455_n.jpg?fit=960%2C745&ssl=1","jetpack_sharing_enabled":true,"_links":{"self":[{"href":"https:\/\/vamosporlaliberacion.org\/crpmlm\/wp-json\/wp\/v2\/posts\/17199","targetHints":{"allow":["GET"]}}],"collection":[{"href":"https:\/\/vamosporlaliberacion.org\/crpmlm\/wp-json\/wp\/v2\/posts"}],"about":[{"href":"https:\/\/vamosporlaliberacion.org\/crpmlm\/wp-json\/wp\/v2\/types\/post"}],"author":[{"embeddable":true,"href":"https:\/\/vamosporlaliberacion.org\/crpmlm\/wp-json\/wp\/v2\/users\/6"}],"replies":[{"embeddable":true,"href":"https:\/\/vamosporlaliberacion.org\/crpmlm\/wp-json\/wp\/v2\/comments?post=17199"}],"version-history":[{"count":1,"href":"https:\/\/vamosporlaliberacion.org\/crpmlm\/wp-json\/wp\/v2\/posts\/17199\/revisions"}],"predecessor-version":[{"id":17203,"href":"https:\/\/vamosporlaliberacion.org\/crpmlm\/wp-json\/wp\/v2\/posts\/17199\/revisions\/17203"}],"wp:featuredmedia":[{"embeddable":true,"href":"https:\/\/vamosporlaliberacion.org\/crpmlm\/wp-json\/wp\/v2\/media\/17202"}],"wp:attachment":[{"href":"https:\/\/vamosporlaliberacion.org\/crpmlm\/wp-json\/wp\/v2\/media?parent=17199"}],"wp:term":[{"taxonomy":"category","embeddable":true,"href":"https:\/\/vamosporlaliberacion.org\/crpmlm\/wp-json\/wp\/v2\/categories?post=17199"},{"taxonomy":"post_tag","embeddable":true,"href":"https:\/\/vamosporlaliberacion.org\/crpmlm\/wp-json\/wp\/v2\/tags?post=17199"}],"curies":[{"name":"wp","href":"https:\/\/api.w.org\/{rel}","templated":true}]}}