{"id":16776,"date":"2020-04-04T19:31:09","date_gmt":"2020-04-04T22:31:09","guid":{"rendered":"http:\/\/vamosporlaliberacion.org\/crpmlm\/?p=16776"},"modified":"2020-10-26T18:20:54","modified_gmt":"2020-10-26T21:20:54","slug":"el-asesinato-de-carlos-fuentealba-cuando-mancharon-las-tizas-con-sangre","status":"publish","type":"post","link":"https:\/\/vamosporlaliberacion.org\/crpmlm\/el-asesinato-de-carlos-fuentealba-cuando-mancharon-las-tizas-con-sangre\/","title":{"rendered":"El asesinato de Carlos Fuentealba: cuando mancharon las tizas con sangre"},"content":{"rendered":"\n<p>Se cumple un nuevo anivesario del fusilamiento de Carlos  Fuentealba, maestro asesinado en 2007 durante la represi\u00f3n policial a lxs docentes en la ruta 22, a la altura de Arroyito, Neuqu\u00e9n. <\/p>\n\n\n\n<p>Cuando la marcha se estaba dispersando, el polic\u00eda Jos\u00e9 Dar\u00edo Poblete dispar\u00f3 -a menos de dos metros de distancia- una granada de gas lacrim\u00f3geno que impact\u00f3 en la cabeza de Fuentealba. <\/p>\n\n\n\n<p><strong>S\u00f3lo hay un condenado, mientras que los responsables pol\u00edticos e intelectuales, del asesinato de Carlos, fueron sobrese\u00eddos&nbsp;de la causa. <\/strong><\/p>\n\n\n\n<p><strong>Carlos Fuentealba ten\u00eda 41 a\u00f1os y era docente de Matem\u00e1tica, F\u00edsica y Qu\u00edmica.<\/strong>  Trabajaba en el Centro Provincial de Educaci\u00f3n Media N\u00b069, en el barrio Cuenca XV de la ciudad de Neuqu\u00e9n, una de las zonas m\u00e1s vulnerables. <\/p>\n\n\n\n<div class=\"wp-block-image\"><figure class=\"aligncenter size-large\"><img data-recalc-dims=\"1\" loading=\"lazy\" decoding=\"async\" width=\"696\" height=\"464\" src=\"https:\/\/i0.wp.com\/vamosporlaliberacion.org\/crpmlm\/wp-content\/uploads\/2020\/04\/fuentealbacarta_1-700x467.jpg?resize=696%2C464\" alt=\"\" class=\"wp-image-16796\" srcset=\"https:\/\/i0.wp.com\/vamosporlaliberacion.org\/crpmlm\/wp-content\/uploads\/2020\/04\/fuentealbacarta_1.jpg?resize=700%2C467&amp;ssl=1 700w, https:\/\/i0.wp.com\/vamosporlaliberacion.org\/crpmlm\/wp-content\/uploads\/2020\/04\/fuentealbacarta_1.jpg?resize=300%2C200&amp;ssl=1 300w, https:\/\/i0.wp.com\/vamosporlaliberacion.org\/crpmlm\/wp-content\/uploads\/2020\/04\/fuentealbacarta_1.jpg?resize=768%2C512&amp;ssl=1 768w, https:\/\/i0.wp.com\/vamosporlaliberacion.org\/crpmlm\/wp-content\/uploads\/2020\/04\/fuentealbacarta_1.jpg?resize=696%2C464&amp;ssl=1 696w, https:\/\/i0.wp.com\/vamosporlaliberacion.org\/crpmlm\/wp-content\/uploads\/2020\/04\/fuentealbacarta_1.jpg?resize=630%2C420&amp;ssl=1 630w, https:\/\/i0.wp.com\/vamosporlaliberacion.org\/crpmlm\/wp-content\/uploads\/2020\/04\/fuentealbacarta_1.jpg?w=960&amp;ssl=1 960w\" sizes=\"auto, (max-width: 696px) 100vw, 696px\" \/><figcaption>Carlos Fuentealba y sus dos hijas.&nbsp; <\/figcaption><\/figure><\/div>\n\n\n\n<p>Sus familiares y amigos lo recuerdan como un  maestro por vocaci\u00f3n, que <strong>siempre se esforz\u00f3 por aplicar las herramientas pedag\u00f3gicas m\u00e1s all\u00e1 de las paredes del aula.<\/strong>  Quer\u00eda mostrar a sus alumnos que la educaci\u00f3n era una forma de  descubrir el mundo y el primer paso para ser conscientes de la realidad, transformarla. Su compa\u00f1era, Sandra Rodriguez, lo describe como \u201cun gran humanista\u201d que, ya de joven y como militante en la Uni\u00f3n Obrera de la Construcci\u00f3n (UOCRA), <strong>hab\u00eda luchado por los derechos de los trabajadores.<\/strong><\/p>\n\n\n\n<p><strong>Ese compromiso lo llev\u00f3 a  acompa\u00f1ar el corte de la ruta 22 aquel 4 de abril de 2007<\/strong> <strong>, a la altura del de la localidad de  Arroyito, a 50 kil\u00f3metros de la capital provincial.<\/strong> <\/p>\n\n\n\n<div class=\"wp-block-image\"><figure class=\"alignright size-large is-resized\"><img data-recalc-dims=\"1\" loading=\"lazy\" decoding=\"async\" src=\"https:\/\/i0.wp.com\/vamosporlaliberacion.org\/crpmlm\/wp-content\/uploads\/2020\/04\/1-T0258mX9g-dvmLxJn1LZyA.jpeg?resize=361%2C239\" alt=\"\" class=\"wp-image-16797\" width=\"361\" height=\"239\" srcset=\"https:\/\/i0.wp.com\/vamosporlaliberacion.org\/crpmlm\/wp-content\/uploads\/2020\/04\/1-T0258mX9g-dvmLxJn1LZyA.jpeg?w=552&amp;ssl=1 552w, https:\/\/i0.wp.com\/vamosporlaliberacion.org\/crpmlm\/wp-content\/uploads\/2020\/04\/1-T0258mX9g-dvmLxJn1LZyA.jpeg?resize=300%2C199&amp;ssl=1 300w\" sizes=\"auto, (max-width: 361px) 100vw, 361px\" \/><figcaption>Uno de los \u00faltimos registros fotogr\u00e1ficos de Carlos antes de la represi\u00f3n, con su campera violeta.<\/figcaption><\/figure><\/div>\n\n\n\n<p>La decisi\u00f3n hab\u00eda sido tomada dos d\u00edas antes por la asamblea de la Asociaci\u00f3n de  Trabajadores de la Educaci\u00f3n de Neuqu\u00e9n (ATEN). <strong>Hac\u00eda 17 a\u00f1os que los salarios estaban congelados y el gobierno provincial no daba respuestas<\/strong>, a\u00fan despu\u00e9s de los m\u00e1s de 70 pedidos de audiencia del gremio. <\/p>\n\n\n\n<p>De esta forma, <strong>lxs docentes<\/strong> <strong>buscaban bloquear durante Semana Santa la principal v\u00eda de de comunicaci\u00f3n hacia la regi\u00f3n tur\u00edstica<\/strong> (Villa La Angostura, San Mart\u00edn de los Andes y San Carlos de Bariloche). <\/p>\n\n\n\n<p>Luego de m\u00e1s de un mes de movilizaciones, lxs  docentes albergaban&nbsp;la esperanza de que el Estado aceptara una negociaci\u00f3n que tuviera en cuenta los reclamos del gremio <strong>por un salario acorde a la canasta b\u00e1sica familiar,<\/strong> entre otras reivindicaciones.  <\/p>\n\n\n\n<p>Ante la decisi\u00f3n del corte de ruta, las c\u00e1maras empresariales, en particular las  de comercio y turismo, comenzaron a presionar a <strong>Jorge Sobich<\/strong>, en ese entonces gobernador de Neuqu\u00e9n, para que frenara la medida de ATEN. <\/p>\n\n\n\n<div class=\"wp-block-image\"><figure class=\"alignleft size-large is-resized\"><img data-recalc-dims=\"1\" loading=\"lazy\" decoding=\"async\" src=\"https:\/\/i0.wp.com\/vamosporlaliberacion.org\/crpmlm\/wp-content\/uploads\/2020\/04\/unnamed.jpg?resize=389%2C258\" alt=\"\" class=\"wp-image-16804\" width=\"389\" height=\"258\" srcset=\"https:\/\/i0.wp.com\/vamosporlaliberacion.org\/crpmlm\/wp-content\/uploads\/2020\/04\/unnamed.jpg?w=512&amp;ssl=1 512w, https:\/\/i0.wp.com\/vamosporlaliberacion.org\/crpmlm\/wp-content\/uploads\/2020\/04\/unnamed.jpg?resize=300%2C199&amp;ssl=1 300w\" sizes=\"auto, (max-width: 389px) 100vw, 389px\" \/><figcaption>Jorge Omar Sobich, ex vicegobernador de Neuqu\u00e9n<\/figcaption><\/figure><\/div>\n\n\n\n<p><strong>Por<\/strong> <strong>esos d\u00edas, Sobisch buscaba pegar el salto a la escena nacional con su  campa\u00f1a para presidente, y una de sus banderas era su pol\u00edtica de \u201cmano dura\u201d<\/strong>. Eso hab\u00eda quedado claro en 2003 cuando, en una protesta, movimientos de desocupados fueron reprimidos con balas de plomo y postas de goma a quemarropa.<\/p>\n\n\n\n<p>Cuando lxs docentes llegaron a la ruta 22, se  encontraron con un <strong>operativo a cargo de agentes de la polic\u00eda provincial junto a fuerzas especiales, muchos vestidos de civil y sin identificaci\u00f3n alguna.<\/strong>  <\/p>\n\n\n\n<p>La dirigencia sindical logr\u00f3 tener una conversaci\u00f3n con el <strong>comisario<\/strong> <strong>Mario Rinzafri <\/strong>-jefe del operativo- en la que se acord\u00f3 que lxs docentes se retirar\u00edan, pero que necesitaban tiempo para organizarse. <strong>Apenas unos minutos despu\u00e9s y sin dar ninguna oportunidad, la polic\u00eda comenz\u00f3 a disparar con balas de goma, gases lacrim\u00f3genos y tirar con el cami\u00f3n hidrante.<\/strong> <\/p>\n\n\n\n<p><strong>La situaci\u00f3n fue brutal: la persecuci\u00f3n se extendi\u00f3 por la ruta, por las banquinas, detr\u00e1s de una estaci\u00f3n de servicio y a trav\u00e9s del descampado.<\/strong> <strong>A  pesar de que los docentes hab\u00edan comenzado a retirarse hacia Senillosa \u2013  uno de los pueblos m\u00e1s cercanos \u2013 la polic\u00eda continu\u00f3 reprimiendo.<\/strong>  <\/p>\n\n\n\n<figure class=\"wp-block-gallery columns-3 is-cropped wp-block-gallery-1 is-layout-flex wp-block-gallery-is-layout-flex\"><ul class=\"blocks-gallery-grid\"><li class=\"blocks-gallery-item\"><figure><img data-recalc-dims=\"1\" loading=\"lazy\" decoding=\"async\" width=\"552\" height=\"367\" src=\"https:\/\/i0.wp.com\/vamosporlaliberacion.org\/crpmlm\/wp-content\/uploads\/2020\/04\/1-6zRKbn4w4MnKWZwZW0rEIw.jpeg?resize=552%2C367\" alt=\"\" data-id=\"16798\" data-full-url=\"http:\/\/vamosporlaliberacion.org\/crpmlm\/wp-content\/uploads\/2020\/04\/1-6zRKbn4w4MnKWZwZW0rEIw.jpeg\" data-link=\"http:\/\/vamosporlaliberacion.org\/crpmlm\/?attachment_id=16798\" class=\"wp-image-16798\" srcset=\"https:\/\/i0.wp.com\/vamosporlaliberacion.org\/crpmlm\/wp-content\/uploads\/2020\/04\/1-6zRKbn4w4MnKWZwZW0rEIw.jpeg?w=552&amp;ssl=1 552w, https:\/\/i0.wp.com\/vamosporlaliberacion.org\/crpmlm\/wp-content\/uploads\/2020\/04\/1-6zRKbn4w4MnKWZwZW0rEIw.jpeg?resize=300%2C199&amp;ssl=1 300w\" sizes=\"auto, (max-width: 552px) 100vw, 552px\" \/><\/figure><\/li><li class=\"blocks-gallery-item\"><figure><img data-recalc-dims=\"1\" loading=\"lazy\" decoding=\"async\" width=\"552\" height=\"367\" src=\"https:\/\/i0.wp.com\/vamosporlaliberacion.org\/crpmlm\/wp-content\/uploads\/2020\/04\/1-euSScWAl1NbJ6AkJvrfAyw.jpeg?resize=552%2C367\" alt=\"\" data-id=\"16799\" data-full-url=\"http:\/\/vamosporlaliberacion.org\/crpmlm\/wp-content\/uploads\/2020\/04\/1-euSScWAl1NbJ6AkJvrfAyw.jpeg\" data-link=\"http:\/\/vamosporlaliberacion.org\/crpmlm\/?attachment_id=16799\" class=\"wp-image-16799\" srcset=\"https:\/\/i0.wp.com\/vamosporlaliberacion.org\/crpmlm\/wp-content\/uploads\/2020\/04\/1-euSScWAl1NbJ6AkJvrfAyw.jpeg?w=552&amp;ssl=1 552w, https:\/\/i0.wp.com\/vamosporlaliberacion.org\/crpmlm\/wp-content\/uploads\/2020\/04\/1-euSScWAl1NbJ6AkJvrfAyw.jpeg?resize=300%2C199&amp;ssl=1 300w\" sizes=\"auto, (max-width: 552px) 100vw, 552px\" \/><\/figure><\/li><li class=\"blocks-gallery-item\"><figure><img data-recalc-dims=\"1\" loading=\"lazy\" decoding=\"async\" width=\"552\" height=\"367\" src=\"https:\/\/i0.wp.com\/vamosporlaliberacion.org\/crpmlm\/wp-content\/uploads\/2020\/04\/1-OFnuR88a3SMf-wyBzVZTPQ.jpeg?resize=552%2C367\" alt=\"\" data-id=\"16800\" data-full-url=\"http:\/\/vamosporlaliberacion.org\/crpmlm\/wp-content\/uploads\/2020\/04\/1-OFnuR88a3SMf-wyBzVZTPQ.jpeg\" data-link=\"http:\/\/vamosporlaliberacion.org\/crpmlm\/?attachment_id=16800\" class=\"wp-image-16800\" srcset=\"https:\/\/i0.wp.com\/vamosporlaliberacion.org\/crpmlm\/wp-content\/uploads\/2020\/04\/1-OFnuR88a3SMf-wyBzVZTPQ.jpeg?w=552&amp;ssl=1 552w, https:\/\/i0.wp.com\/vamosporlaliberacion.org\/crpmlm\/wp-content\/uploads\/2020\/04\/1-OFnuR88a3SMf-wyBzVZTPQ.jpeg?resize=300%2C199&amp;ssl=1 300w\" sizes=\"auto, (max-width: 552px) 100vw, 552px\" \/><\/figure><\/li><li class=\"blocks-gallery-item\"><figure><img data-recalc-dims=\"1\" loading=\"lazy\" decoding=\"async\" width=\"552\" height=\"367\" src=\"https:\/\/i0.wp.com\/vamosporlaliberacion.org\/crpmlm\/wp-content\/uploads\/2020\/04\/1-LUsJKcl9NA9BLa9Ceky2Dg.jpeg?resize=552%2C367\" alt=\"\" data-id=\"16801\" data-full-url=\"http:\/\/vamosporlaliberacion.org\/crpmlm\/wp-content\/uploads\/2020\/04\/1-LUsJKcl9NA9BLa9Ceky2Dg.jpeg\" data-link=\"http:\/\/vamosporlaliberacion.org\/crpmlm\/?attachment_id=16801\" class=\"wp-image-16801\" srcset=\"https:\/\/i0.wp.com\/vamosporlaliberacion.org\/crpmlm\/wp-content\/uploads\/2020\/04\/1-LUsJKcl9NA9BLa9Ceky2Dg.jpeg?w=552&amp;ssl=1 552w, https:\/\/i0.wp.com\/vamosporlaliberacion.org\/crpmlm\/wp-content\/uploads\/2020\/04\/1-LUsJKcl9NA9BLa9Ceky2Dg.jpeg?resize=300%2C199&amp;ssl=1 300w\" sizes=\"auto, (max-width: 552px) 100vw, 552px\" \/><\/figure><\/li><\/ul><\/figure>\n\n\n\n<p>A lo largo de cinco kil\u00f3metros del lugar donde se hab\u00eda iniciado el corte, los agentes estacionaron sus veh\u00edculos y abrieron las puertas para disparar desde all\u00ed a los autos que no ten\u00edan donde refugiarse. <\/p>\n\n\n\n<p><strong>Jos\u00e9 Dar\u00edo Poblete, integrante del Grupo Especial de Operaciones  Policiales (GEOP),<\/strong> se alej\u00f3 por un momento de una de las filas y,<strong> amparado por sus compa\u00f1eros, dispar\u00f3 una granada de gas lacrim\u00f3geno a menos de dos metros de distancia de un auto.&nbsp;El proyectil impact\u00f3 en la cabeza de Carlos Fuentealba.<\/strong><\/p>\n\n\n\n<p>Carlos fue trasladado al Hospital Castro Rend\u00f3n, en la ciudad de Neuqu\u00e9n, donde horas despu\u00e9s, lxs m\u00e9dicos confirmaron la muerte cerebral. En el juicio se supo despu\u00e9s que <strong>la fuerza del disparo equivali\u00f3 a una ca\u00edda de un noveno piso<\/strong>.   <\/p>\n\n\n\n<p>El asesinato gener\u00f3 un fuerte repudio a <strong>Sobisch<\/strong>, <strong>que tuvo que salir disfrazado de la Casa de Gobierno para evitar a la gente que ped\u00eda a gritos su renuncia.<\/strong> En todo momento, <strong>el ex gobernador intent\u00f3 desvincular su responsabilidad pol\u00edtica a pesar de haber admitido que \u00e9l hab\u00eda dado la orden de montar el operativo y de afirmar que hubiera vuelto a tomar la misma decisi\u00f3n.<\/strong><\/p>\n\n\n\n<h4 class=\"wp-block-heading\"><strong>Justicia incompleta<\/strong><\/h4>\n\n\n\n<p>El juicio por el asesinato de Carlos Fuentealba comenz\u00f3 en junio de 2008. La causa se desdobl\u00f3 en dos partes Fuentealba I y II, distinguiendo a los autores materiales e intelectuales. <\/p>\n\n\n\n<figure class=\"wp-block-image size-large\"><img data-recalc-dims=\"1\" loading=\"lazy\" decoding=\"async\" width=\"696\" height=\"392\" src=\"https:\/\/i0.wp.com\/vamosporlaliberacion.org\/crpmlm\/wp-content\/uploads\/2020\/04\/r_24a10639bae838c62425b6ed057bf325-700x394.jpg?resize=696%2C392\" alt=\"\" class=\"wp-image-16803\" srcset=\"https:\/\/i0.wp.com\/vamosporlaliberacion.org\/crpmlm\/wp-content\/uploads\/2020\/04\/r_24a10639bae838c62425b6ed057bf325.jpg?resize=700%2C394&amp;ssl=1 700w, https:\/\/i0.wp.com\/vamosporlaliberacion.org\/crpmlm\/wp-content\/uploads\/2020\/04\/r_24a10639bae838c62425b6ed057bf325.jpg?resize=300%2C169&amp;ssl=1 300w, https:\/\/i0.wp.com\/vamosporlaliberacion.org\/crpmlm\/wp-content\/uploads\/2020\/04\/r_24a10639bae838c62425b6ed057bf325.jpg?resize=768%2C432&amp;ssl=1 768w, https:\/\/i0.wp.com\/vamosporlaliberacion.org\/crpmlm\/wp-content\/uploads\/2020\/04\/r_24a10639bae838c62425b6ed057bf325.jpg?resize=696%2C392&amp;ssl=1 696w, https:\/\/i0.wp.com\/vamosporlaliberacion.org\/crpmlm\/wp-content\/uploads\/2020\/04\/r_24a10639bae838c62425b6ed057bf325.jpg?resize=1068%2C601&amp;ssl=1 1068w, https:\/\/i0.wp.com\/vamosporlaliberacion.org\/crpmlm\/wp-content\/uploads\/2020\/04\/r_24a10639bae838c62425b6ed057bf325.jpg?resize=746%2C420&amp;ssl=1 746w, https:\/\/i0.wp.com\/vamosporlaliberacion.org\/crpmlm\/wp-content\/uploads\/2020\/04\/r_24a10639bae838c62425b6ed057bf325.jpg?w=1430&amp;ssl=1 1430w\" sizes=\"auto, (max-width: 696px) 100vw, 696px\" \/><figcaption> Ex cabo de la polic\u00eda Dar\u00edo Poblete durante la condena<\/figcaption><\/figure>\n\n\n\n<p>Como resultado de la primera,<strong> Poblete<\/strong> <strong>fue condenado a prisi\u00f3n perpetua.<\/strong>  Adem\u00e1s de haber sido reconocido por dos testigos, las pruebas de bal\u00edstica confirmaron que fue su escopeta la que dispar\u00f3 el proyectil y que el tiro fue completamente doloso. <\/p>\n\n\n\n<p>El ex polic\u00eda no s\u00f3lo es un  tirador experto, sino que tambi\u00e9n&nbsp;<strong>hab\u00eda sido condenado en 2006 por vejaciones agravadas por el abuso de armas durante sus actividades policiales.&nbsp;<\/strong> <\/p>\n\n\n\n<p>Pero a pesar de ser la \u00fanica persona que hoy en d\u00eda se encuentra en prisi\u00f3n,<strong> Poblete no actu\u00f3 solo.<\/strong> Un video revisado por la querella revel\u00f3 que <strong>fue ocultado por sus compa\u00f1eros antes y despu\u00e9s del disparo <\/strong>y que fue&nbsp;escondido hasta llegar nuevamente a su camioneta. <\/p>\n\n\n\n<p><strong>Esa misma corporaci\u00f3n, junto a la judicial, fue la que, a\u00f1os m\u00e1s tarde, permiti\u00f3  que Poblete<\/strong> <strong>comenzara a tener salidas transitorias a pesar de su condena.<\/strong>  En 2012, fue fotografiado caminando por las calles de la localidad de Zapala. <\/p>\n\n\n\n<p>Los abogados de Sandra Rodriguez pidieron entonces que fuera trasladado a la C\u00e1rcel Federal Unidad 9 de Neuqu\u00e9n, para que no estuviera con sus pares de la polic\u00eda provincial y que le brindaran beneficios tales como las salidas sin autorizaci\u00f3n. <\/p>\n\n\n\n<p>En la causa<strong> Fuentealba II hubo en un principio 15 imputados<\/strong>, entre ellos <strong>Mario Rinzanfri<\/strong>, los ex jefes de la polic\u00eda provincial y el  ex subsecretario de Seguridad de la provincia, <strong>Ra\u00fal Pascuarelli<\/strong>. <\/p>\n\n\n\n<p><strong>La querella aport\u00f3 pruebas<\/strong> <strong>de que<\/strong> <strong>la represi\u00f3n del 4 de abril fue un<\/strong> <strong>plan dise\u00f1ado con anticipaci\u00f3n<\/strong> en el que se dio la orden de persecuci\u00f3n encarnizada desde la Casa de  Gobierno, a lo que le sigui\u00f3 una maniobra de encubrimiento por parte de  los polic\u00edas y funcionarios, incluido el propio Sobisch. <\/p>\n\n\n\n<p>De acuerdo al  testimonio del entonces secretario de ATEN, Pablo Gris\u00f3n, para la revista digital&nbsp;<strong>lavaca, <\/strong>Pascuarelli, presente en el lugar, se encontraba \u201cen comunicaci\u00f3n directa con Sobisch\u201d. <\/p>\n\n\n\n<p>En el juicio, Sobisch<strong> neg\u00f3 incluso sus dichos anteriores ante la prensa y busc\u00f3 cargar toda la responsabilidad en la polic\u00eda.<\/strong>  <\/p>\n\n\n\n<p><strong>Despu\u00e9s de numerosos idas y vueltas, la causa termin\u00f3 por cerrarse el mes de diciembre de 2016.<\/strong> El Tribunal Supremo de Justicia declar\u00f3 inadmisible el recurso presentado por el abogado de Rodriguez despu\u00e9s del sobreseimiento de los imputados ocurrido hac\u00eda unos meses. <strong>Los 15 acusados fueron as\u00ed absueltos.&nbsp;<\/strong><\/p>\n\n\n\n<p>El 7 de marzo de 2019. La Corte Suprema le orden\u00f3 al Tribunal Superior de Justicia (TSJ) de Neuqu\u00e9n dictar una nueva sentencia en la causa \u201cFuentealba II\u201d, que involucra a quienes dirigieron el operativo represivo. 5 meses despu\u00e9s de esa resoluci\u00f3n el  TSJ dej\u00f3 sin efecto los 15 sobreseimientos en la causa e indic\u00f3 que  sigue vigente la acci\u00f3n penal. El legajo contin\u00faa abierto. <\/p>\n\n\n\n<p>A trece a\u00f1os del 4 de abril de  2007,  Carlos Fuentealba deja tambi\u00e9n una huella que no debe quedar en  el olvido. Un s\u00edmbolo de la defensa por la educaci\u00f3n p\u00fablica y de pasi\u00f3n  por la lucha de los derechos de los trabajadores. <\/p>\n\n\n\n<p><strong>Seguimos exigiendo Justicia Completa. No alcanza con las responsabilidades materiales. Sobisch, como \u00faltimo responsable de ese operativo criminal que termin\u00f3 con la vida de Carlos, debe estar en el \u00fanico lugar que le corresponde: la c\u00e1rcel. <\/strong><\/p>\n\n\n\n<figure class=\"wp-block-image size-large\"><img data-recalc-dims=\"1\" loading=\"lazy\" decoding=\"async\" width=\"696\" height=\"464\" src=\"https:\/\/i0.wp.com\/vamosporlaliberacion.org\/crpmlm\/wp-content\/uploads\/2020\/04\/articulos_8881_1_190405_166078-700x467.jpg?resize=696%2C464\" alt=\"\" class=\"wp-image-16805\" srcset=\"https:\/\/i0.wp.com\/vamosporlaliberacion.org\/crpmlm\/wp-content\/uploads\/2020\/04\/articulos_8881_1_190405_166078.jpg?resize=700%2C467&amp;ssl=1 700w, https:\/\/i0.wp.com\/vamosporlaliberacion.org\/crpmlm\/wp-content\/uploads\/2020\/04\/articulos_8881_1_190405_166078.jpg?resize=300%2C200&amp;ssl=1 300w, https:\/\/i0.wp.com\/vamosporlaliberacion.org\/crpmlm\/wp-content\/uploads\/2020\/04\/articulos_8881_1_190405_166078.jpg?resize=768%2C512&amp;ssl=1 768w, https:\/\/i0.wp.com\/vamosporlaliberacion.org\/crpmlm\/wp-content\/uploads\/2020\/04\/articulos_8881_1_190405_166078.jpg?resize=696%2C464&amp;ssl=1 696w, https:\/\/i0.wp.com\/vamosporlaliberacion.org\/crpmlm\/wp-content\/uploads\/2020\/04\/articulos_8881_1_190405_166078.jpg?resize=1068%2C712&amp;ssl=1 1068w, https:\/\/i0.wp.com\/vamosporlaliberacion.org\/crpmlm\/wp-content\/uploads\/2020\/04\/articulos_8881_1_190405_166078.jpg?resize=630%2C420&amp;ssl=1 630w, https:\/\/i0.wp.com\/vamosporlaliberacion.org\/crpmlm\/wp-content\/uploads\/2020\/04\/articulos_8881_1_190405_166078.jpg?w=1200&amp;ssl=1 1200w\" sizes=\"auto, (max-width: 696px) 100vw, 696px\" \/><\/figure>\n<!-- AddThis Advanced Settings generic via filter on the_content --><!-- AddThis Share Buttons generic via filter on the_content -->","protected":false},"excerpt":{"rendered":"<p>Se cumple un nuevo anivesario del fusilamiento de Carlos Fuentealba, maestro asesinado en 2007 durante la represi\u00f3n policial a lxs docentes en la ruta 22, a la altura de Arroyito, Neuqu\u00e9n. Cuando la marcha se estaba dispersando, el polic\u00eda Jos\u00e9 Dar\u00edo Poblete dispar\u00f3 -a menos de dos metros de distancia- una granada de gas lacrim\u00f3geno [&hellip;]<!-- AddThis Advanced Settings generic via filter on get_the_excerpt --><!-- AddThis Share Buttons generic via filter on get_the_excerpt --><\/p>\n","protected":false},"author":6,"featured_media":16806,"comment_status":"open","ping_status":"open","sticky":false,"template":"","format":"standard","meta":{"_jetpack_memberships_contains_paid_content":false,"footnotes":""},"categories":[1853],"tags":[594,131,319],"class_list":{"0":"post-16776","1":"post","2":"type-post","3":"status-publish","4":"format-standard","5":"has-post-thumbnail","7":"category-historia","8":"tag-carlos-fuentealba","9":"tag-historia","10":"tag-neuquen"},"yoast_head":"<!-- This site is optimized with the Yoast SEO plugin v27.4 - https:\/\/yoast.com\/product\/yoast-seo-wordpress\/ -->\n<title>El asesinato de Carlos Fuentealba: cuando mancharon las tizas con sangre - Vamos por la Liberaci\u00f3n<\/title>\n<meta name=\"robots\" content=\"index, follow, max-snippet:-1, max-image-preview:large, max-video-preview:-1\" \/>\n<link rel=\"canonical\" href=\"https:\/\/vamosporlaliberacion.org\/crpmlm\/el-asesinato-de-carlos-fuentealba-cuando-mancharon-las-tizas-con-sangre\/\" \/>\n<meta name=\"twitter:label1\" content=\"Escrito por\" \/>\n\t<meta name=\"twitter:data1\" content=\"vamos!\" \/>\n\t<meta name=\"twitter:label2\" content=\"Tiempo de lectura\" \/>\n\t<meta name=\"twitter:data2\" content=\"7 minutos\" \/>\n<script type=\"application\/ld+json\" class=\"yoast-schema-graph\">{\"@context\":\"https:\\\/\\\/schema.org\",\"@graph\":[{\"@type\":\"Article\",\"@id\":\"https:\\\/\\\/vamosporlaliberacion.org\\\/crpmlm\\\/el-asesinato-de-carlos-fuentealba-cuando-mancharon-las-tizas-con-sangre\\\/#article\",\"isPartOf\":{\"@id\":\"https:\\\/\\\/vamosporlaliberacion.org\\\/crpmlm\\\/el-asesinato-de-carlos-fuentealba-cuando-mancharon-las-tizas-con-sangre\\\/\"},\"author\":{\"name\":\"vamos!\",\"@id\":\"https:\\\/\\\/vamosporlaliberacion.org\\\/crpmlm\\\/#\\\/schema\\\/person\\\/d6eac7758df3770dae9cd9eb104d615c\"},\"headline\":\"El asesinato de Carlos Fuentealba: cuando mancharon las tizas con sangre\",\"datePublished\":\"2020-04-04T22:31:09+00:00\",\"dateModified\":\"2020-10-26T21:20:54+00:00\",\"mainEntityOfPage\":{\"@id\":\"https:\\\/\\\/vamosporlaliberacion.org\\\/crpmlm\\\/el-asesinato-de-carlos-fuentealba-cuando-mancharon-las-tizas-con-sangre\\\/\"},\"wordCount\":1504,\"commentCount\":0,\"image\":{\"@id\":\"https:\\\/\\\/vamosporlaliberacion.org\\\/crpmlm\\\/el-asesinato-de-carlos-fuentealba-cuando-mancharon-las-tizas-con-sangre\\\/#primaryimage\"},\"thumbnailUrl\":\"https:\\\/\\\/i0.wp.com\\\/vamosporlaliberacion.org\\\/crpmlm\\\/wp-content\\\/uploads\\\/2020\\\/04\\\/carlos-fuentealba-la-lucha-docente-que-aun-continua-vigente.png?fit=1280%2C720&ssl=1\",\"keywords\":[\"Carlos Fuentealba\",\"historia\",\"Neuqu\u00e9n\"],\"articleSection\":[\"Historia \\\/ Teor\u00eda\"],\"inLanguage\":\"es\",\"potentialAction\":[{\"@type\":\"CommentAction\",\"name\":\"Comment\",\"target\":[\"https:\\\/\\\/vamosporlaliberacion.org\\\/crpmlm\\\/el-asesinato-de-carlos-fuentealba-cuando-mancharon-las-tizas-con-sangre\\\/#respond\"]}]},{\"@type\":\"WebPage\",\"@id\":\"https:\\\/\\\/vamosporlaliberacion.org\\\/crpmlm\\\/el-asesinato-de-carlos-fuentealba-cuando-mancharon-las-tizas-con-sangre\\\/\",\"url\":\"https:\\\/\\\/vamosporlaliberacion.org\\\/crpmlm\\\/el-asesinato-de-carlos-fuentealba-cuando-mancharon-las-tizas-con-sangre\\\/\",\"name\":\"El asesinato de Carlos Fuentealba: cuando mancharon las tizas con sangre - Vamos por la Liberaci\u00f3n\",\"isPartOf\":{\"@id\":\"https:\\\/\\\/vamosporlaliberacion.org\\\/crpmlm\\\/#website\"},\"primaryImageOfPage\":{\"@id\":\"https:\\\/\\\/vamosporlaliberacion.org\\\/crpmlm\\\/el-asesinato-de-carlos-fuentealba-cuando-mancharon-las-tizas-con-sangre\\\/#primaryimage\"},\"image\":{\"@id\":\"https:\\\/\\\/vamosporlaliberacion.org\\\/crpmlm\\\/el-asesinato-de-carlos-fuentealba-cuando-mancharon-las-tizas-con-sangre\\\/#primaryimage\"},\"thumbnailUrl\":\"https:\\\/\\\/i0.wp.com\\\/vamosporlaliberacion.org\\\/crpmlm\\\/wp-content\\\/uploads\\\/2020\\\/04\\\/carlos-fuentealba-la-lucha-docente-que-aun-continua-vigente.png?fit=1280%2C720&ssl=1\",\"datePublished\":\"2020-04-04T22:31:09+00:00\",\"dateModified\":\"2020-10-26T21:20:54+00:00\",\"author\":{\"@id\":\"https:\\\/\\\/vamosporlaliberacion.org\\\/crpmlm\\\/#\\\/schema\\\/person\\\/d6eac7758df3770dae9cd9eb104d615c\"},\"breadcrumb\":{\"@id\":\"https:\\\/\\\/vamosporlaliberacion.org\\\/crpmlm\\\/el-asesinato-de-carlos-fuentealba-cuando-mancharon-las-tizas-con-sangre\\\/#breadcrumb\"},\"inLanguage\":\"es\",\"potentialAction\":[{\"@type\":\"ReadAction\",\"target\":[\"https:\\\/\\\/vamosporlaliberacion.org\\\/crpmlm\\\/el-asesinato-de-carlos-fuentealba-cuando-mancharon-las-tizas-con-sangre\\\/\"]}]},{\"@type\":\"ImageObject\",\"inLanguage\":\"es\",\"@id\":\"https:\\\/\\\/vamosporlaliberacion.org\\\/crpmlm\\\/el-asesinato-de-carlos-fuentealba-cuando-mancharon-las-tizas-con-sangre\\\/#primaryimage\",\"url\":\"https:\\\/\\\/i0.wp.com\\\/vamosporlaliberacion.org\\\/crpmlm\\\/wp-content\\\/uploads\\\/2020\\\/04\\\/carlos-fuentealba-la-lucha-docente-que-aun-continua-vigente.png?fit=1280%2C720&ssl=1\",\"contentUrl\":\"https:\\\/\\\/i0.wp.com\\\/vamosporlaliberacion.org\\\/crpmlm\\\/wp-content\\\/uploads\\\/2020\\\/04\\\/carlos-fuentealba-la-lucha-docente-que-aun-continua-vigente.png?fit=1280%2C720&ssl=1\",\"width\":1280,\"height\":720},{\"@type\":\"BreadcrumbList\",\"@id\":\"https:\\\/\\\/vamosporlaliberacion.org\\\/crpmlm\\\/el-asesinato-de-carlos-fuentealba-cuando-mancharon-las-tizas-con-sangre\\\/#breadcrumb\",\"itemListElement\":[{\"@type\":\"ListItem\",\"position\":1,\"name\":\"Portada\",\"item\":\"https:\\\/\\\/vamosporlaliberacion.org\\\/crpmlm\\\/\"},{\"@type\":\"ListItem\",\"position\":2,\"name\":\"El asesinato de Carlos Fuentealba: cuando mancharon las tizas con sangre\"}]},{\"@type\":\"WebSite\",\"@id\":\"https:\\\/\\\/vamosporlaliberacion.org\\\/crpmlm\\\/#website\",\"url\":\"https:\\\/\\\/vamosporlaliberacion.org\\\/crpmlm\\\/\",\"name\":\"Vamos por la Liberaci\u00f3n\",\"description\":\"Prensa CR\",\"potentialAction\":[{\"@type\":\"SearchAction\",\"target\":{\"@type\":\"EntryPoint\",\"urlTemplate\":\"https:\\\/\\\/vamosporlaliberacion.org\\\/crpmlm\\\/?s={search_term_string}\"},\"query-input\":{\"@type\":\"PropertyValueSpecification\",\"valueRequired\":true,\"valueName\":\"search_term_string\"}}],\"inLanguage\":\"es\"},{\"@type\":\"Person\",\"@id\":\"https:\\\/\\\/vamosporlaliberacion.org\\\/crpmlm\\\/#\\\/schema\\\/person\\\/d6eac7758df3770dae9cd9eb104d615c\",\"name\":\"vamos!\",\"url\":\"https:\\\/\\\/vamosporlaliberacion.org\\\/crpmlm\\\/author\\\/adminvxl\\\/\"}]}<\/script>\n<!-- \/ Yoast SEO plugin. -->","yoast_head_json":{"title":"El asesinato de Carlos Fuentealba: cuando mancharon las tizas con sangre - Vamos por la Liberaci\u00f3n","robots":{"index":"index","follow":"follow","max-snippet":"max-snippet:-1","max-image-preview":"max-image-preview:large","max-video-preview":"max-video-preview:-1"},"canonical":"https:\/\/vamosporlaliberacion.org\/crpmlm\/el-asesinato-de-carlos-fuentealba-cuando-mancharon-las-tizas-con-sangre\/","twitter_misc":{"Escrito por":"vamos!","Tiempo de lectura":"7 minutos"},"schema":{"@context":"https:\/\/schema.org","@graph":[{"@type":"Article","@id":"https:\/\/vamosporlaliberacion.org\/crpmlm\/el-asesinato-de-carlos-fuentealba-cuando-mancharon-las-tizas-con-sangre\/#article","isPartOf":{"@id":"https:\/\/vamosporlaliberacion.org\/crpmlm\/el-asesinato-de-carlos-fuentealba-cuando-mancharon-las-tizas-con-sangre\/"},"author":{"name":"vamos!","@id":"https:\/\/vamosporlaliberacion.org\/crpmlm\/#\/schema\/person\/d6eac7758df3770dae9cd9eb104d615c"},"headline":"El asesinato de Carlos Fuentealba: cuando mancharon las tizas con sangre","datePublished":"2020-04-04T22:31:09+00:00","dateModified":"2020-10-26T21:20:54+00:00","mainEntityOfPage":{"@id":"https:\/\/vamosporlaliberacion.org\/crpmlm\/el-asesinato-de-carlos-fuentealba-cuando-mancharon-las-tizas-con-sangre\/"},"wordCount":1504,"commentCount":0,"image":{"@id":"https:\/\/vamosporlaliberacion.org\/crpmlm\/el-asesinato-de-carlos-fuentealba-cuando-mancharon-las-tizas-con-sangre\/#primaryimage"},"thumbnailUrl":"https:\/\/i0.wp.com\/vamosporlaliberacion.org\/crpmlm\/wp-content\/uploads\/2020\/04\/carlos-fuentealba-la-lucha-docente-que-aun-continua-vigente.png?fit=1280%2C720&ssl=1","keywords":["Carlos Fuentealba","historia","Neuqu\u00e9n"],"articleSection":["Historia \/ Teor\u00eda"],"inLanguage":"es","potentialAction":[{"@type":"CommentAction","name":"Comment","target":["https:\/\/vamosporlaliberacion.org\/crpmlm\/el-asesinato-de-carlos-fuentealba-cuando-mancharon-las-tizas-con-sangre\/#respond"]}]},{"@type":"WebPage","@id":"https:\/\/vamosporlaliberacion.org\/crpmlm\/el-asesinato-de-carlos-fuentealba-cuando-mancharon-las-tizas-con-sangre\/","url":"https:\/\/vamosporlaliberacion.org\/crpmlm\/el-asesinato-de-carlos-fuentealba-cuando-mancharon-las-tizas-con-sangre\/","name":"El asesinato de Carlos Fuentealba: cuando mancharon las tizas con sangre - Vamos por la Liberaci\u00f3n","isPartOf":{"@id":"https:\/\/vamosporlaliberacion.org\/crpmlm\/#website"},"primaryImageOfPage":{"@id":"https:\/\/vamosporlaliberacion.org\/crpmlm\/el-asesinato-de-carlos-fuentealba-cuando-mancharon-las-tizas-con-sangre\/#primaryimage"},"image":{"@id":"https:\/\/vamosporlaliberacion.org\/crpmlm\/el-asesinato-de-carlos-fuentealba-cuando-mancharon-las-tizas-con-sangre\/#primaryimage"},"thumbnailUrl":"https:\/\/i0.wp.com\/vamosporlaliberacion.org\/crpmlm\/wp-content\/uploads\/2020\/04\/carlos-fuentealba-la-lucha-docente-que-aun-continua-vigente.png?fit=1280%2C720&ssl=1","datePublished":"2020-04-04T22:31:09+00:00","dateModified":"2020-10-26T21:20:54+00:00","author":{"@id":"https:\/\/vamosporlaliberacion.org\/crpmlm\/#\/schema\/person\/d6eac7758df3770dae9cd9eb104d615c"},"breadcrumb":{"@id":"https:\/\/vamosporlaliberacion.org\/crpmlm\/el-asesinato-de-carlos-fuentealba-cuando-mancharon-las-tizas-con-sangre\/#breadcrumb"},"inLanguage":"es","potentialAction":[{"@type":"ReadAction","target":["https:\/\/vamosporlaliberacion.org\/crpmlm\/el-asesinato-de-carlos-fuentealba-cuando-mancharon-las-tizas-con-sangre\/"]}]},{"@type":"ImageObject","inLanguage":"es","@id":"https:\/\/vamosporlaliberacion.org\/crpmlm\/el-asesinato-de-carlos-fuentealba-cuando-mancharon-las-tizas-con-sangre\/#primaryimage","url":"https:\/\/i0.wp.com\/vamosporlaliberacion.org\/crpmlm\/wp-content\/uploads\/2020\/04\/carlos-fuentealba-la-lucha-docente-que-aun-continua-vigente.png?fit=1280%2C720&ssl=1","contentUrl":"https:\/\/i0.wp.com\/vamosporlaliberacion.org\/crpmlm\/wp-content\/uploads\/2020\/04\/carlos-fuentealba-la-lucha-docente-que-aun-continua-vigente.png?fit=1280%2C720&ssl=1","width":1280,"height":720},{"@type":"BreadcrumbList","@id":"https:\/\/vamosporlaliberacion.org\/crpmlm\/el-asesinato-de-carlos-fuentealba-cuando-mancharon-las-tizas-con-sangre\/#breadcrumb","itemListElement":[{"@type":"ListItem","position":1,"name":"Portada","item":"https:\/\/vamosporlaliberacion.org\/crpmlm\/"},{"@type":"ListItem","position":2,"name":"El asesinato de Carlos Fuentealba: cuando mancharon las tizas con sangre"}]},{"@type":"WebSite","@id":"https:\/\/vamosporlaliberacion.org\/crpmlm\/#website","url":"https:\/\/vamosporlaliberacion.org\/crpmlm\/","name":"Vamos por la Liberaci\u00f3n","description":"Prensa CR","potentialAction":[{"@type":"SearchAction","target":{"@type":"EntryPoint","urlTemplate":"https:\/\/vamosporlaliberacion.org\/crpmlm\/?s={search_term_string}"},"query-input":{"@type":"PropertyValueSpecification","valueRequired":true,"valueName":"search_term_string"}}],"inLanguage":"es"},{"@type":"Person","@id":"https:\/\/vamosporlaliberacion.org\/crpmlm\/#\/schema\/person\/d6eac7758df3770dae9cd9eb104d615c","name":"vamos!","url":"https:\/\/vamosporlaliberacion.org\/crpmlm\/author\/adminvxl\/"}]}},"jetpack_featured_media_url":"https:\/\/i0.wp.com\/vamosporlaliberacion.org\/crpmlm\/wp-content\/uploads\/2020\/04\/carlos-fuentealba-la-lucha-docente-que-aun-continua-vigente.png?fit=1280%2C720&ssl=1","jetpack_sharing_enabled":true,"_links":{"self":[{"href":"https:\/\/vamosporlaliberacion.org\/crpmlm\/wp-json\/wp\/v2\/posts\/16776","targetHints":{"allow":["GET"]}}],"collection":[{"href":"https:\/\/vamosporlaliberacion.org\/crpmlm\/wp-json\/wp\/v2\/posts"}],"about":[{"href":"https:\/\/vamosporlaliberacion.org\/crpmlm\/wp-json\/wp\/v2\/types\/post"}],"author":[{"embeddable":true,"href":"https:\/\/vamosporlaliberacion.org\/crpmlm\/wp-json\/wp\/v2\/users\/6"}],"replies":[{"embeddable":true,"href":"https:\/\/vamosporlaliberacion.org\/crpmlm\/wp-json\/wp\/v2\/comments?post=16776"}],"version-history":[{"count":4,"href":"https:\/\/vamosporlaliberacion.org\/crpmlm\/wp-json\/wp\/v2\/posts\/16776\/revisions"}],"predecessor-version":[{"id":16810,"href":"https:\/\/vamosporlaliberacion.org\/crpmlm\/wp-json\/wp\/v2\/posts\/16776\/revisions\/16810"}],"wp:featuredmedia":[{"embeddable":true,"href":"https:\/\/vamosporlaliberacion.org\/crpmlm\/wp-json\/wp\/v2\/media\/16806"}],"wp:attachment":[{"href":"https:\/\/vamosporlaliberacion.org\/crpmlm\/wp-json\/wp\/v2\/media?parent=16776"}],"wp:term":[{"taxonomy":"category","embeddable":true,"href":"https:\/\/vamosporlaliberacion.org\/crpmlm\/wp-json\/wp\/v2\/categories?post=16776"},{"taxonomy":"post_tag","embeddable":true,"href":"https:\/\/vamosporlaliberacion.org\/crpmlm\/wp-json\/wp\/v2\/tags?post=16776"}],"curies":[{"name":"wp","href":"https:\/\/api.w.org\/{rel}","templated":true}]}}