{"id":16587,"date":"2020-03-22T19:11:51","date_gmt":"2020-03-22T22:11:51","guid":{"rendered":"http:\/\/vamosporlaliberacion.org\/crpmlm\/?p=16587"},"modified":"2020-05-24T22:02:23","modified_gmt":"2020-05-25T01:02:23","slug":"5-libros-sobre-genero-feminismo-e-historia-de-lucha-de-las-mujeres","status":"publish","type":"post","link":"https:\/\/vamosporlaliberacion.org\/crpmlm\/5-libros-sobre-genero-feminismo-e-historia-de-lucha-de-las-mujeres\/","title":{"rendered":"5 Libros sobre g\u00e9nero, feminismo e historia de lucha de las mujeres"},"content":{"rendered":"\n<div class=\"wp-block-image\"><figure class=\"alignleft size-large is-resized\"><img data-recalc-dims=\"1\" loading=\"lazy\" decoding=\"async\" src=\"https:\/\/i0.wp.com\/vamosporlaliberacion.org\/crpmlm\/wp-content\/uploads\/2020\/03\/lectura1-692x700.png?resize=346%2C350\" alt=\"\" class=\"wp-image-16588\" width=\"346\" height=\"350\" srcset=\"https:\/\/i0.wp.com\/vamosporlaliberacion.org\/crpmlm\/wp-content\/uploads\/2020\/03\/lectura1.png?resize=692%2C700&amp;ssl=1 692w, https:\/\/i0.wp.com\/vamosporlaliberacion.org\/crpmlm\/wp-content\/uploads\/2020\/03\/lectura1.png?resize=296%2C300&amp;ssl=1 296w, https:\/\/i0.wp.com\/vamosporlaliberacion.org\/crpmlm\/wp-content\/uploads\/2020\/03\/lectura1.png?resize=768%2C777&amp;ssl=1 768w, https:\/\/i0.wp.com\/vamosporlaliberacion.org\/crpmlm\/wp-content\/uploads\/2020\/03\/lectura1.png?resize=1517%2C1536&amp;ssl=1 1517w, https:\/\/i0.wp.com\/vamosporlaliberacion.org\/crpmlm\/wp-content\/uploads\/2020\/03\/lectura1.png?resize=696%2C705&amp;ssl=1 696w, https:\/\/i0.wp.com\/vamosporlaliberacion.org\/crpmlm\/wp-content\/uploads\/2020\/03\/lectura1.png?resize=1068%2C1081&amp;ssl=1 1068w, https:\/\/i0.wp.com\/vamosporlaliberacion.org\/crpmlm\/wp-content\/uploads\/2020\/03\/lectura1.png?resize=415%2C420&amp;ssl=1 415w, https:\/\/i0.wp.com\/vamosporlaliberacion.org\/crpmlm\/wp-content\/uploads\/2020\/03\/lectura1.png?w=1716&amp;ssl=1 1716w, https:\/\/i0.wp.com\/vamosporlaliberacion.org\/crpmlm\/wp-content\/uploads\/2020\/03\/lectura1.png?w=1392&amp;ssl=1 1392w\" sizes=\"auto, (max-width: 346px) 100vw, 346px\" \/><\/figure><\/div>\n\n\n\n<p><strong>La mitad del cielo<\/strong> <br>de Claudie Broyelle (1973)<br> <br>El libro cuenta las observaciones de la autora en su viaje junto con otras mujeres francesas a la China socialista. <\/p>\n\n\n\n<p>Narra los distintos procesos que atraves\u00f3 el proletariado chino encabezado por las mujeres para lograr la emancipaci\u00f3n femenina, ya que, como dijo Mao, ellas son la mitad de la poblaci\u00f3n y no hay revoluci\u00f3n posible sin su fuerza. <\/p>\n\n\n\n<p><\/p>\n\n\n\n<p>Aborda cinco problem\u00e1ticas que atraviesan a las mujeres trabajadoras y su resoluci\u00f3n: la relaci\u00f3n con el trabajo social, el trabajo dom\u00e9stico, los hijos, la familia y la sexualidad. Es un libro clave no s\u00f3lo para entender la posici\u00f3n del marxismo-leninismo-mao\u00edsmo en torno a la doble explotaci\u00f3n de las mujeres, sino tambi\u00e9n para desmentir mitos sobre el socialismo en s\u00ed, y darnos cuenta que por lo que peleamos no es una utop\u00eda, se dio y se va a volver a dar.<\/p>\n\n\n\n<div class=\"wp-block-button aligncenter is-style-shadow\"><a class=\"wp-block-button__link has-background has-vivid-red-background-color\" href=\"https:\/\/drive.google.com\/file\/d\/1PNuq_130jO0Uk_DQHSMiayqq2PDCvh7K\/view?usp=sharing\" style=\"border-radius:50px\">Descargar<\/a><\/div>\n\n\n\n<hr class=\"wp-block-separator is-style-wide\"\/>\n\n\n\n<div class=\"wp-block-image\"><figure class=\"alignright size-large is-resized\"><img data-recalc-dims=\"1\" loading=\"lazy\" decoding=\"async\" src=\"https:\/\/i0.wp.com\/vamosporlaliberacion.org\/crpmlm\/wp-content\/uploads\/2020\/03\/lectura2-692x700.png?resize=346%2C350\" alt=\"\" class=\"wp-image-16590\" width=\"346\" height=\"350\" srcset=\"https:\/\/i0.wp.com\/vamosporlaliberacion.org\/crpmlm\/wp-content\/uploads\/2020\/03\/lectura2.png?resize=692%2C700&amp;ssl=1 692w, https:\/\/i0.wp.com\/vamosporlaliberacion.org\/crpmlm\/wp-content\/uploads\/2020\/03\/lectura2.png?resize=296%2C300&amp;ssl=1 296w, https:\/\/i0.wp.com\/vamosporlaliberacion.org\/crpmlm\/wp-content\/uploads\/2020\/03\/lectura2.png?resize=768%2C777&amp;ssl=1 768w, https:\/\/i0.wp.com\/vamosporlaliberacion.org\/crpmlm\/wp-content\/uploads\/2020\/03\/lectura2.png?resize=1517%2C1536&amp;ssl=1 1517w, https:\/\/i0.wp.com\/vamosporlaliberacion.org\/crpmlm\/wp-content\/uploads\/2020\/03\/lectura2.png?resize=696%2C705&amp;ssl=1 696w, https:\/\/i0.wp.com\/vamosporlaliberacion.org\/crpmlm\/wp-content\/uploads\/2020\/03\/lectura2.png?resize=1068%2C1081&amp;ssl=1 1068w, https:\/\/i0.wp.com\/vamosporlaliberacion.org\/crpmlm\/wp-content\/uploads\/2020\/03\/lectura2.png?resize=415%2C420&amp;ssl=1 415w, https:\/\/i0.wp.com\/vamosporlaliberacion.org\/crpmlm\/wp-content\/uploads\/2020\/03\/lectura2.png?w=1716&amp;ssl=1 1716w, https:\/\/i0.wp.com\/vamosporlaliberacion.org\/crpmlm\/wp-content\/uploads\/2020\/03\/lectura2.png?w=1392&amp;ssl=1 1392w\" sizes=\"auto, (max-width: 346px) 100vw, 346px\" \/><\/figure><\/div>\n\n\n\n<p><strong>La creaci\u00f3n del Patriarcado<\/strong><br>de Gerda Lerner (1990) <br><br>La autora rastrea los or\u00edgenes hist\u00f3ricos del patriarcado como construcci\u00f3n social de los pueblos que habitaron Oriente Medio y As\u00eda Central hace 3500 a\u00f1os. Para la investigadora, el origen de la instituci\u00f3n de la dominaci\u00f3n masculina corre paralelamente a la formaci\u00f3n de las \u00e9lites militares y religiosas que construyeron los primeros estados arcaicos. <br><br>Analiza tambi\u00e9n las bases ideol\u00f3gicas y simb\u00f3licas del patriarcado presentes en los dos pilares de la civilizaci\u00f3n occidental: el monote\u00edsmo judeocristiano y la filosof\u00eda aristot\u00e9lica. La importancia de situar el patriarcado dentro de la historia reside en que, como producto hist\u00f3rico y social que tuvo un origen, tendr\u00e1 tambi\u00e9n un final, que la autora sit\u00faa como no muy lejano si las mujeres siguen recuperando y construyendo su propia historia, como ha sucedido en el \u00faltimo siglo.<\/p>\n\n\n\n<div class=\"wp-block-button aligncenter is-style-shadow\"><a class=\"wp-block-button__link has-background has-vivid-red-background-color\" href=\"https:\/\/drive.google.com\/file\/d\/1ICGR9adGptA6nx9nEmUP-A5N2MzIugXY\/view?usp=sharing \" style=\"border-radius:50px\">Descargar<\/a><\/div>\n\n\n\n<hr class=\"wp-block-separator is-style-wide\"\/>\n\n\n\n<div class=\"wp-block-image\"><figure class=\"alignleft size-large is-resized\"><img data-recalc-dims=\"1\" loading=\"lazy\" decoding=\"async\" src=\"https:\/\/i0.wp.com\/vamosporlaliberacion.org\/crpmlm\/wp-content\/uploads\/2020\/03\/lectura3-692x700.png?resize=346%2C350\" alt=\"\" class=\"wp-image-16592\" width=\"346\" height=\"350\" srcset=\"https:\/\/i0.wp.com\/vamosporlaliberacion.org\/crpmlm\/wp-content\/uploads\/2020\/03\/lectura3.png?resize=692%2C700&amp;ssl=1 692w, https:\/\/i0.wp.com\/vamosporlaliberacion.org\/crpmlm\/wp-content\/uploads\/2020\/03\/lectura3.png?resize=296%2C300&amp;ssl=1 296w, https:\/\/i0.wp.com\/vamosporlaliberacion.org\/crpmlm\/wp-content\/uploads\/2020\/03\/lectura3.png?resize=768%2C777&amp;ssl=1 768w, https:\/\/i0.wp.com\/vamosporlaliberacion.org\/crpmlm\/wp-content\/uploads\/2020\/03\/lectura3.png?resize=1517%2C1536&amp;ssl=1 1517w, https:\/\/i0.wp.com\/vamosporlaliberacion.org\/crpmlm\/wp-content\/uploads\/2020\/03\/lectura3.png?resize=696%2C705&amp;ssl=1 696w, https:\/\/i0.wp.com\/vamosporlaliberacion.org\/crpmlm\/wp-content\/uploads\/2020\/03\/lectura3.png?resize=1068%2C1081&amp;ssl=1 1068w, https:\/\/i0.wp.com\/vamosporlaliberacion.org\/crpmlm\/wp-content\/uploads\/2020\/03\/lectura3.png?resize=415%2C420&amp;ssl=1 415w, https:\/\/i0.wp.com\/vamosporlaliberacion.org\/crpmlm\/wp-content\/uploads\/2020\/03\/lectura3.png?w=1716&amp;ssl=1 1716w, https:\/\/i0.wp.com\/vamosporlaliberacion.org\/crpmlm\/wp-content\/uploads\/2020\/03\/lectura3.png?w=1392&amp;ssl=1 1392w\" sizes=\"auto, (max-width: 346px) 100vw, 346px\" \/><\/figure><\/div>\n\n\n\n<p><strong>Mujeres en la sociedad argentina. Una historia de cinco siglos<br><\/strong>de Dora Barrancos (2007)<\/p>\n\n\n\n<p>Este libro se ha basado en un enorme volumen de investigaciones sobre la vida de las mujeres desde el per\u00edodo precolombino y da cuenta de los cambios de las relaciones de g\u00e9nero -que deben comprenderse como relaciones entre mujeres y varones- en el transcurso de cinco siglos. <\/p>\n\n\n\n<p>No hay dudas sobre la inferioridad que aquellas han padecido, reforzada en el siglo XIX cuando se ampliaron los derechos de los varones. Pero siempre hubo formas de burlar la sujeci\u00f3n. El feminismo y los cambios notables del siglo XX minaron preconceptos y pudo avanzarse en ciertos derechos. Del mandato exclusivo del \u00ab\u00e1ngel del hogar\u00bb, se evolucion\u00f3 a la incorporaci\u00f3n de las mujeres a la vida pol\u00edtica y a otros dominios p\u00fablicos<\/p>\n\n\n\n<div class=\"wp-block-button aligncenter is-style-shadow\"><a class=\"wp-block-button__link has-background has-vivid-red-background-color\" href=\"https:\/\/drive.google.com\/file\/d\/1cny-BgGCes-xnxDz_zeRQSYvGsEvk5Pk\/view?usp=sharing  \ufeff\" style=\"border-radius:50px\">Descargar<\/a><\/div>\n\n\n\n<hr class=\"wp-block-separator is-style-wide\"\/>\n\n\n\n<div class=\"wp-block-image\"><figure class=\"alignright size-large is-resized\"><img data-recalc-dims=\"1\" loading=\"lazy\" decoding=\"async\" src=\"https:\/\/i0.wp.com\/vamosporlaliberacion.org\/crpmlm\/wp-content\/uploads\/2020\/03\/lectura4-692x700.png?resize=346%2C350\" alt=\"\" class=\"wp-image-16594\" width=\"346\" height=\"350\" srcset=\"https:\/\/i0.wp.com\/vamosporlaliberacion.org\/crpmlm\/wp-content\/uploads\/2020\/03\/lectura4.png?resize=692%2C700&amp;ssl=1 692w, https:\/\/i0.wp.com\/vamosporlaliberacion.org\/crpmlm\/wp-content\/uploads\/2020\/03\/lectura4.png?resize=296%2C300&amp;ssl=1 296w, https:\/\/i0.wp.com\/vamosporlaliberacion.org\/crpmlm\/wp-content\/uploads\/2020\/03\/lectura4.png?resize=768%2C777&amp;ssl=1 768w, https:\/\/i0.wp.com\/vamosporlaliberacion.org\/crpmlm\/wp-content\/uploads\/2020\/03\/lectura4.png?resize=1517%2C1536&amp;ssl=1 1517w, https:\/\/i0.wp.com\/vamosporlaliberacion.org\/crpmlm\/wp-content\/uploads\/2020\/03\/lectura4.png?resize=696%2C705&amp;ssl=1 696w, https:\/\/i0.wp.com\/vamosporlaliberacion.org\/crpmlm\/wp-content\/uploads\/2020\/03\/lectura4.png?resize=1068%2C1081&amp;ssl=1 1068w, https:\/\/i0.wp.com\/vamosporlaliberacion.org\/crpmlm\/wp-content\/uploads\/2020\/03\/lectura4.png?resize=415%2C420&amp;ssl=1 415w, https:\/\/i0.wp.com\/vamosporlaliberacion.org\/crpmlm\/wp-content\/uploads\/2020\/03\/lectura4.png?w=1716&amp;ssl=1 1716w, https:\/\/i0.wp.com\/vamosporlaliberacion.org\/crpmlm\/wp-content\/uploads\/2020\/03\/lectura4.png?w=1392&amp;ssl=1 1392w\" sizes=\"auto, (max-width: 346px) 100vw, 346px\" \/><\/figure><\/div>\n\n\n\n<p><strong>El Calib\u00e1n y la Bruja<br><\/strong>de Silvia Federici (2004)<\/p>\n\n\n\n<p>Al analizar la quema de brujas, Federici no s\u00f3lo desentra\u00f1a uno de los episodios m\u00e1s inefables de la historia moderna, sino el coraz\u00f3n de una poderosa din\u00e1mica de expropiaci\u00f3n social dirigida sobre el cuerpo, los saberes y la reproducci\u00f3n de las mujeres. Esta obra es tambi\u00e9n el registro de unas voces imprevistas (las de los subalternos: Calib\u00e1n y la bruja) que todav\u00eda hoy resuenan con fuerza en las luchas que resisten a la continua actualizaci\u00f3n de la violencia originaria. <\/p>\n\n\n\n<div class=\"wp-block-button aligncenter is-style-shadow\"><a class=\"wp-block-button__link has-background has-vivid-red-background-color\" href=\"https:\/\/www.traficantes.net\/sites\/default\/files\/pdfs\/Caliban%20y%20la%20bruja-TdS.pdf \" style=\"border-radius:50px\">Descargar<\/a><\/div>\n\n\n\n<hr class=\"wp-block-separator is-style-wide\"\/>\n\n\n\n<div class=\"wp-block-image\"><figure class=\"alignleft size-large is-resized\"><img data-recalc-dims=\"1\" loading=\"lazy\" decoding=\"async\" src=\"https:\/\/i0.wp.com\/vamosporlaliberacion.org\/crpmlm\/wp-content\/uploads\/2020\/03\/lectura5-692x700.png?resize=346%2C350\" alt=\"\" class=\"wp-image-16595\" width=\"346\" height=\"350\" srcset=\"https:\/\/i0.wp.com\/vamosporlaliberacion.org\/crpmlm\/wp-content\/uploads\/2020\/03\/lectura5.png?resize=692%2C700&amp;ssl=1 692w, https:\/\/i0.wp.com\/vamosporlaliberacion.org\/crpmlm\/wp-content\/uploads\/2020\/03\/lectura5.png?resize=296%2C300&amp;ssl=1 296w, https:\/\/i0.wp.com\/vamosporlaliberacion.org\/crpmlm\/wp-content\/uploads\/2020\/03\/lectura5.png?resize=768%2C777&amp;ssl=1 768w, https:\/\/i0.wp.com\/vamosporlaliberacion.org\/crpmlm\/wp-content\/uploads\/2020\/03\/lectura5.png?resize=1517%2C1536&amp;ssl=1 1517w, https:\/\/i0.wp.com\/vamosporlaliberacion.org\/crpmlm\/wp-content\/uploads\/2020\/03\/lectura5.png?resize=696%2C705&amp;ssl=1 696w, https:\/\/i0.wp.com\/vamosporlaliberacion.org\/crpmlm\/wp-content\/uploads\/2020\/03\/lectura5.png?resize=1068%2C1081&amp;ssl=1 1068w, https:\/\/i0.wp.com\/vamosporlaliberacion.org\/crpmlm\/wp-content\/uploads\/2020\/03\/lectura5.png?resize=415%2C420&amp;ssl=1 415w, https:\/\/i0.wp.com\/vamosporlaliberacion.org\/crpmlm\/wp-content\/uploads\/2020\/03\/lectura5.png?w=1716&amp;ssl=1 1716w, https:\/\/i0.wp.com\/vamosporlaliberacion.org\/crpmlm\/wp-content\/uploads\/2020\/03\/lectura5.png?w=1392&amp;ssl=1 1392w\" sizes=\"auto, (max-width: 346px) 100vw, 346px\" \/><\/figure><\/div>\n\n\n\n<p><strong>Feminismo y utop\u00eda<br><\/strong>de Flora Tristan<\/p>\n\n\n\n<p>La obra de Flora Trist\u00e1n constituye un hito sorprendente en la bibliograf\u00eda socialista y feminista. Adelantada en cuatro a\u00f1os a las ideas expuestas por Marx en el Manifiesto Comunista, reconocidos sus m\u00e9ritos por Marx y Engels en la Sagrada Familia, la obra de Flora Trist\u00e1n sienta las bases de un feminismo cient\u00edfico dentro de una original concepci\u00f3n de la emancipaci\u00f3n humana: para ella, la emancipaci\u00f3n de la clase obrera viene indisolublemente ligada la emancipaci\u00f3n real de las mujeres, las cuales devienen en term\u00f3metro social de toda emancipaci\u00f3n.<\/p>\n\n\n\n<div class=\"wp-block-button aligncenter is-style-shadow\"><a class=\"wp-block-button__link has-background has-vivid-red-background-color\" href=\"https:\/\/drive.google.com\/file\/d\/1z5wS812duJ2yrY2tH1iu9HUGBaAMTEOT\/view?usp=sharing\" style=\"border-radius:50px\">Descargar<\/a><\/div>\n<!-- AddThis Advanced Settings generic via filter on the_content --><!-- AddThis Share Buttons generic via filter on the_content -->","protected":false},"excerpt":{"rendered":"<p>La mitad del cielo de Claudie Broyelle (1973) El libro cuenta las observaciones de la autora en su viaje junto con otras mujeres francesas a la China socialista. Narra los distintos procesos que atraves\u00f3 el proletariado chino encabezado por las mujeres para lograr la emancipaci\u00f3n femenina, ya que, como dijo Mao, ellas son la mitad [&hellip;]<!-- AddThis Advanced Settings generic via filter on get_the_excerpt --><!-- AddThis Share Buttons generic via filter on get_the_excerpt --><\/p>\n","protected":false},"author":6,"featured_media":16596,"comment_status":"open","ping_status":"open","sticky":false,"template":"","format":"standard","meta":{"_jetpack_memberships_contains_paid_content":false,"footnotes":""},"categories":[1850],"tags":[944],"class_list":{"0":"post-16587","1":"post","2":"type-post","3":"status-publish","4":"format-standard","5":"has-post-thumbnail","7":"category-cultura","8":"tag-cultura"},"yoast_head":"<!-- This site is optimized with the Yoast SEO plugin v27.4 - https:\/\/yoast.com\/product\/yoast-seo-wordpress\/ -->\n<title>5 Libros sobre g\u00e9nero, feminismo e historia de lucha de las mujeres - Vamos por la Liberaci\u00f3n<\/title>\n<meta name=\"robots\" content=\"index, follow, max-snippet:-1, max-image-preview:large, max-video-preview:-1\" \/>\n<link rel=\"canonical\" href=\"https:\/\/vamosporlaliberacion.org\/crpmlm\/5-libros-sobre-genero-feminismo-e-historia-de-lucha-de-las-mujeres\/\" \/>\n<meta name=\"twitter:label1\" content=\"Escrito por\" \/>\n\t<meta name=\"twitter:data1\" content=\"vamos!\" \/>\n\t<meta name=\"twitter:label2\" content=\"Tiempo de lectura\" \/>\n\t<meta name=\"twitter:data2\" content=\"3 minutos\" \/>\n<script type=\"application\/ld+json\" class=\"yoast-schema-graph\">{\"@context\":\"https:\\\/\\\/schema.org\",\"@graph\":[{\"@type\":\"Article\",\"@id\":\"https:\\\/\\\/vamosporlaliberacion.org\\\/crpmlm\\\/5-libros-sobre-genero-feminismo-e-historia-de-lucha-de-las-mujeres\\\/#article\",\"isPartOf\":{\"@id\":\"https:\\\/\\\/vamosporlaliberacion.org\\\/crpmlm\\\/5-libros-sobre-genero-feminismo-e-historia-de-lucha-de-las-mujeres\\\/\"},\"author\":{\"name\":\"vamos!\",\"@id\":\"https:\\\/\\\/vamosporlaliberacion.org\\\/crpmlm\\\/#\\\/schema\\\/person\\\/d6eac7758df3770dae9cd9eb104d615c\"},\"headline\":\"5 Libros sobre g\u00e9nero, feminismo e historia de lucha de las mujeres\",\"datePublished\":\"2020-03-22T22:11:51+00:00\",\"dateModified\":\"2020-05-25T01:02:23+00:00\",\"mainEntityOfPage\":{\"@id\":\"https:\\\/\\\/vamosporlaliberacion.org\\\/crpmlm\\\/5-libros-sobre-genero-feminismo-e-historia-de-lucha-de-las-mujeres\\\/\"},\"wordCount\":672,\"commentCount\":0,\"image\":{\"@id\":\"https:\\\/\\\/vamosporlaliberacion.org\\\/crpmlm\\\/5-libros-sobre-genero-feminismo-e-historia-de-lucha-de-las-mujeres\\\/#primaryimage\"},\"thumbnailUrl\":\"https:\\\/\\\/i0.wp.com\\\/vamosporlaliberacion.org\\\/crpmlm\\\/wp-content\\\/uploads\\\/2020\\\/03\\\/22-03-2020-Libros-02-scaled.jpg?fit=2560%2C2560&ssl=1\",\"keywords\":[\"cultura\"],\"articleSection\":[\"cultura\"],\"inLanguage\":\"es\",\"potentialAction\":[{\"@type\":\"CommentAction\",\"name\":\"Comment\",\"target\":[\"https:\\\/\\\/vamosporlaliberacion.org\\\/crpmlm\\\/5-libros-sobre-genero-feminismo-e-historia-de-lucha-de-las-mujeres\\\/#respond\"]}]},{\"@type\":\"WebPage\",\"@id\":\"https:\\\/\\\/vamosporlaliberacion.org\\\/crpmlm\\\/5-libros-sobre-genero-feminismo-e-historia-de-lucha-de-las-mujeres\\\/\",\"url\":\"https:\\\/\\\/vamosporlaliberacion.org\\\/crpmlm\\\/5-libros-sobre-genero-feminismo-e-historia-de-lucha-de-las-mujeres\\\/\",\"name\":\"5 Libros sobre g\u00e9nero, feminismo e historia de lucha de las mujeres - Vamos por la Liberaci\u00f3n\",\"isPartOf\":{\"@id\":\"https:\\\/\\\/vamosporlaliberacion.org\\\/crpmlm\\\/#website\"},\"primaryImageOfPage\":{\"@id\":\"https:\\\/\\\/vamosporlaliberacion.org\\\/crpmlm\\\/5-libros-sobre-genero-feminismo-e-historia-de-lucha-de-las-mujeres\\\/#primaryimage\"},\"image\":{\"@id\":\"https:\\\/\\\/vamosporlaliberacion.org\\\/crpmlm\\\/5-libros-sobre-genero-feminismo-e-historia-de-lucha-de-las-mujeres\\\/#primaryimage\"},\"thumbnailUrl\":\"https:\\\/\\\/i0.wp.com\\\/vamosporlaliberacion.org\\\/crpmlm\\\/wp-content\\\/uploads\\\/2020\\\/03\\\/22-03-2020-Libros-02-scaled.jpg?fit=2560%2C2560&ssl=1\",\"datePublished\":\"2020-03-22T22:11:51+00:00\",\"dateModified\":\"2020-05-25T01:02:23+00:00\",\"author\":{\"@id\":\"https:\\\/\\\/vamosporlaliberacion.org\\\/crpmlm\\\/#\\\/schema\\\/person\\\/d6eac7758df3770dae9cd9eb104d615c\"},\"breadcrumb\":{\"@id\":\"https:\\\/\\\/vamosporlaliberacion.org\\\/crpmlm\\\/5-libros-sobre-genero-feminismo-e-historia-de-lucha-de-las-mujeres\\\/#breadcrumb\"},\"inLanguage\":\"es\",\"potentialAction\":[{\"@type\":\"ReadAction\",\"target\":[\"https:\\\/\\\/vamosporlaliberacion.org\\\/crpmlm\\\/5-libros-sobre-genero-feminismo-e-historia-de-lucha-de-las-mujeres\\\/\"]}]},{\"@type\":\"ImageObject\",\"inLanguage\":\"es\",\"@id\":\"https:\\\/\\\/vamosporlaliberacion.org\\\/crpmlm\\\/5-libros-sobre-genero-feminismo-e-historia-de-lucha-de-las-mujeres\\\/#primaryimage\",\"url\":\"https:\\\/\\\/i0.wp.com\\\/vamosporlaliberacion.org\\\/crpmlm\\\/wp-content\\\/uploads\\\/2020\\\/03\\\/22-03-2020-Libros-02-scaled.jpg?fit=2560%2C2560&ssl=1\",\"contentUrl\":\"https:\\\/\\\/i0.wp.com\\\/vamosporlaliberacion.org\\\/crpmlm\\\/wp-content\\\/uploads\\\/2020\\\/03\\\/22-03-2020-Libros-02-scaled.jpg?fit=2560%2C2560&ssl=1\",\"width\":2560,\"height\":2560},{\"@type\":\"BreadcrumbList\",\"@id\":\"https:\\\/\\\/vamosporlaliberacion.org\\\/crpmlm\\\/5-libros-sobre-genero-feminismo-e-historia-de-lucha-de-las-mujeres\\\/#breadcrumb\",\"itemListElement\":[{\"@type\":\"ListItem\",\"position\":1,\"name\":\"Portada\",\"item\":\"https:\\\/\\\/vamosporlaliberacion.org\\\/crpmlm\\\/\"},{\"@type\":\"ListItem\",\"position\":2,\"name\":\"5 Libros sobre g\u00e9nero, feminismo e historia de lucha de las mujeres\"}]},{\"@type\":\"WebSite\",\"@id\":\"https:\\\/\\\/vamosporlaliberacion.org\\\/crpmlm\\\/#website\",\"url\":\"https:\\\/\\\/vamosporlaliberacion.org\\\/crpmlm\\\/\",\"name\":\"Vamos por la Liberaci\u00f3n\",\"description\":\"Prensa CR\",\"potentialAction\":[{\"@type\":\"SearchAction\",\"target\":{\"@type\":\"EntryPoint\",\"urlTemplate\":\"https:\\\/\\\/vamosporlaliberacion.org\\\/crpmlm\\\/?s={search_term_string}\"},\"query-input\":{\"@type\":\"PropertyValueSpecification\",\"valueRequired\":true,\"valueName\":\"search_term_string\"}}],\"inLanguage\":\"es\"},{\"@type\":\"Person\",\"@id\":\"https:\\\/\\\/vamosporlaliberacion.org\\\/crpmlm\\\/#\\\/schema\\\/person\\\/d6eac7758df3770dae9cd9eb104d615c\",\"name\":\"vamos!\",\"url\":\"https:\\\/\\\/vamosporlaliberacion.org\\\/crpmlm\\\/author\\\/adminvxl\\\/\"}]}<\/script>\n<!-- \/ Yoast SEO plugin. -->","yoast_head_json":{"title":"5 Libros sobre g\u00e9nero, feminismo e historia de lucha de las mujeres - Vamos por la Liberaci\u00f3n","robots":{"index":"index","follow":"follow","max-snippet":"max-snippet:-1","max-image-preview":"max-image-preview:large","max-video-preview":"max-video-preview:-1"},"canonical":"https:\/\/vamosporlaliberacion.org\/crpmlm\/5-libros-sobre-genero-feminismo-e-historia-de-lucha-de-las-mujeres\/","twitter_misc":{"Escrito por":"vamos!","Tiempo de lectura":"3 minutos"},"schema":{"@context":"https:\/\/schema.org","@graph":[{"@type":"Article","@id":"https:\/\/vamosporlaliberacion.org\/crpmlm\/5-libros-sobre-genero-feminismo-e-historia-de-lucha-de-las-mujeres\/#article","isPartOf":{"@id":"https:\/\/vamosporlaliberacion.org\/crpmlm\/5-libros-sobre-genero-feminismo-e-historia-de-lucha-de-las-mujeres\/"},"author":{"name":"vamos!","@id":"https:\/\/vamosporlaliberacion.org\/crpmlm\/#\/schema\/person\/d6eac7758df3770dae9cd9eb104d615c"},"headline":"5 Libros sobre g\u00e9nero, feminismo e historia de lucha de las mujeres","datePublished":"2020-03-22T22:11:51+00:00","dateModified":"2020-05-25T01:02:23+00:00","mainEntityOfPage":{"@id":"https:\/\/vamosporlaliberacion.org\/crpmlm\/5-libros-sobre-genero-feminismo-e-historia-de-lucha-de-las-mujeres\/"},"wordCount":672,"commentCount":0,"image":{"@id":"https:\/\/vamosporlaliberacion.org\/crpmlm\/5-libros-sobre-genero-feminismo-e-historia-de-lucha-de-las-mujeres\/#primaryimage"},"thumbnailUrl":"https:\/\/i0.wp.com\/vamosporlaliberacion.org\/crpmlm\/wp-content\/uploads\/2020\/03\/22-03-2020-Libros-02-scaled.jpg?fit=2560%2C2560&ssl=1","keywords":["cultura"],"articleSection":["cultura"],"inLanguage":"es","potentialAction":[{"@type":"CommentAction","name":"Comment","target":["https:\/\/vamosporlaliberacion.org\/crpmlm\/5-libros-sobre-genero-feminismo-e-historia-de-lucha-de-las-mujeres\/#respond"]}]},{"@type":"WebPage","@id":"https:\/\/vamosporlaliberacion.org\/crpmlm\/5-libros-sobre-genero-feminismo-e-historia-de-lucha-de-las-mujeres\/","url":"https:\/\/vamosporlaliberacion.org\/crpmlm\/5-libros-sobre-genero-feminismo-e-historia-de-lucha-de-las-mujeres\/","name":"5 Libros sobre g\u00e9nero, feminismo e historia de lucha de las mujeres - Vamos por la Liberaci\u00f3n","isPartOf":{"@id":"https:\/\/vamosporlaliberacion.org\/crpmlm\/#website"},"primaryImageOfPage":{"@id":"https:\/\/vamosporlaliberacion.org\/crpmlm\/5-libros-sobre-genero-feminismo-e-historia-de-lucha-de-las-mujeres\/#primaryimage"},"image":{"@id":"https:\/\/vamosporlaliberacion.org\/crpmlm\/5-libros-sobre-genero-feminismo-e-historia-de-lucha-de-las-mujeres\/#primaryimage"},"thumbnailUrl":"https:\/\/i0.wp.com\/vamosporlaliberacion.org\/crpmlm\/wp-content\/uploads\/2020\/03\/22-03-2020-Libros-02-scaled.jpg?fit=2560%2C2560&ssl=1","datePublished":"2020-03-22T22:11:51+00:00","dateModified":"2020-05-25T01:02:23+00:00","author":{"@id":"https:\/\/vamosporlaliberacion.org\/crpmlm\/#\/schema\/person\/d6eac7758df3770dae9cd9eb104d615c"},"breadcrumb":{"@id":"https:\/\/vamosporlaliberacion.org\/crpmlm\/5-libros-sobre-genero-feminismo-e-historia-de-lucha-de-las-mujeres\/#breadcrumb"},"inLanguage":"es","potentialAction":[{"@type":"ReadAction","target":["https:\/\/vamosporlaliberacion.org\/crpmlm\/5-libros-sobre-genero-feminismo-e-historia-de-lucha-de-las-mujeres\/"]}]},{"@type":"ImageObject","inLanguage":"es","@id":"https:\/\/vamosporlaliberacion.org\/crpmlm\/5-libros-sobre-genero-feminismo-e-historia-de-lucha-de-las-mujeres\/#primaryimage","url":"https:\/\/i0.wp.com\/vamosporlaliberacion.org\/crpmlm\/wp-content\/uploads\/2020\/03\/22-03-2020-Libros-02-scaled.jpg?fit=2560%2C2560&ssl=1","contentUrl":"https:\/\/i0.wp.com\/vamosporlaliberacion.org\/crpmlm\/wp-content\/uploads\/2020\/03\/22-03-2020-Libros-02-scaled.jpg?fit=2560%2C2560&ssl=1","width":2560,"height":2560},{"@type":"BreadcrumbList","@id":"https:\/\/vamosporlaliberacion.org\/crpmlm\/5-libros-sobre-genero-feminismo-e-historia-de-lucha-de-las-mujeres\/#breadcrumb","itemListElement":[{"@type":"ListItem","position":1,"name":"Portada","item":"https:\/\/vamosporlaliberacion.org\/crpmlm\/"},{"@type":"ListItem","position":2,"name":"5 Libros sobre g\u00e9nero, feminismo e historia de lucha de las mujeres"}]},{"@type":"WebSite","@id":"https:\/\/vamosporlaliberacion.org\/crpmlm\/#website","url":"https:\/\/vamosporlaliberacion.org\/crpmlm\/","name":"Vamos por la Liberaci\u00f3n","description":"Prensa CR","potentialAction":[{"@type":"SearchAction","target":{"@type":"EntryPoint","urlTemplate":"https:\/\/vamosporlaliberacion.org\/crpmlm\/?s={search_term_string}"},"query-input":{"@type":"PropertyValueSpecification","valueRequired":true,"valueName":"search_term_string"}}],"inLanguage":"es"},{"@type":"Person","@id":"https:\/\/vamosporlaliberacion.org\/crpmlm\/#\/schema\/person\/d6eac7758df3770dae9cd9eb104d615c","name":"vamos!","url":"https:\/\/vamosporlaliberacion.org\/crpmlm\/author\/adminvxl\/"}]}},"jetpack_featured_media_url":"https:\/\/i0.wp.com\/vamosporlaliberacion.org\/crpmlm\/wp-content\/uploads\/2020\/03\/22-03-2020-Libros-02-scaled.jpg?fit=2560%2C2560&ssl=1","jetpack_sharing_enabled":true,"_links":{"self":[{"href":"https:\/\/vamosporlaliberacion.org\/crpmlm\/wp-json\/wp\/v2\/posts\/16587","targetHints":{"allow":["GET"]}}],"collection":[{"href":"https:\/\/vamosporlaliberacion.org\/crpmlm\/wp-json\/wp\/v2\/posts"}],"about":[{"href":"https:\/\/vamosporlaliberacion.org\/crpmlm\/wp-json\/wp\/v2\/types\/post"}],"author":[{"embeddable":true,"href":"https:\/\/vamosporlaliberacion.org\/crpmlm\/wp-json\/wp\/v2\/users\/6"}],"replies":[{"embeddable":true,"href":"https:\/\/vamosporlaliberacion.org\/crpmlm\/wp-json\/wp\/v2\/comments?post=16587"}],"version-history":[{"count":4,"href":"https:\/\/vamosporlaliberacion.org\/crpmlm\/wp-json\/wp\/v2\/posts\/16587\/revisions"}],"predecessor-version":[{"id":16597,"href":"https:\/\/vamosporlaliberacion.org\/crpmlm\/wp-json\/wp\/v2\/posts\/16587\/revisions\/16597"}],"wp:featuredmedia":[{"embeddable":true,"href":"https:\/\/vamosporlaliberacion.org\/crpmlm\/wp-json\/wp\/v2\/media\/16596"}],"wp:attachment":[{"href":"https:\/\/vamosporlaliberacion.org\/crpmlm\/wp-json\/wp\/v2\/media?parent=16587"}],"wp:term":[{"taxonomy":"category","embeddable":true,"href":"https:\/\/vamosporlaliberacion.org\/crpmlm\/wp-json\/wp\/v2\/categories?post=16587"},{"taxonomy":"post_tag","embeddable":true,"href":"https:\/\/vamosporlaliberacion.org\/crpmlm\/wp-json\/wp\/v2\/tags?post=16587"}],"curies":[{"name":"wp","href":"https:\/\/api.w.org\/{rel}","templated":true}]}}