{"id":15775,"date":"2020-01-30T18:18:38","date_gmt":"2020-01-30T21:18:38","guid":{"rendered":"http:\/\/vamosporlaliberacion.org\/crpmlm\/?p=15775"},"modified":"2020-11-05T20:47:40","modified_gmt":"2020-11-05T23:47:40","slug":"se-conformo-la-regional-santa-fe-de-la-federacion-plurinacional-de-trabajadoras-y-trabajadores-de-la-tierra","status":"publish","type":"post","link":"https:\/\/vamosporlaliberacion.org\/crpmlm\/se-conformo-la-regional-santa-fe-de-la-federacion-plurinacional-de-trabajadoras-y-trabajadores-de-la-tierra\/","title":{"rendered":"Se conform\u00f3 la regional Santa Fe de la Federaci\u00f3n Plurinacional de Trabajadoras y Trabajadores de la Tierra"},"content":{"rendered":"<p><span class=\"dropcap dropcap3\">E<\/span>l plenario cont\u00f3 con la presencia de m\u00e1s de 50 representantes de las localidades Arroyo Seco, Fighiera, Pueblo Esther, Villa Gdor. Galvez, Alvear y General Lagos; entre los qu<strong>e se destac\u00f3 una importante participaci\u00f3n de j\u00f3venes y mujeres trabajadoras rurales.<\/strong><\/p>\n<p>Se ley\u00f3 un documento que enmarc\u00f3 la actividad como parte de los acuerdos tomados en la CTA Aut\u00f3noma con el objetivo de constituir regionales provinciales y la Federaci\u00f3n Nacional.<\/p>\n<p>Se analiz\u00f3 la realidad que atraviesan peque\u00f1os y medianos productorxs y trabajadorxs de la tierra en quintas, que rodean las ciudades y nutren de alimentos los mercados y comercios. All\u00ed sostuvieron que lxs productorxs \u00abson los que m\u00e1s esfuerzo realizan pero son los que menos reciben en la cadena de comercializaci\u00f3n\u00bb.<\/p>\n<p>\u00abLa tierra que trabajamos y habitamos no es nuestra y los arriendos son muchas veces usurarios, donde no alcanzan nuestras ganancias para pagar cada mes\u00bb denunciaron y subrayaron la ausencia del Estado y el desarrollo de pol\u00edticas p\u00fablicas para el sector.<\/p>\n<p>La ausencia de regulaci\u00f3n de precios de alquileres de arriendo; la monopolizaci\u00f3n de las semillas con precios en d\u00f3lares, al igual que los insumos utilizados; y la utilizaci\u00f3n de qu\u00edmicos que da\u00f1an la salud y el medio ambiente, son algunos puntos abordados en el documento. Advierten que no cuentan con respaldo \u00abcuando perdemos la cosecha por granizo, sequ\u00eda o inundaciones, pero siempre debemos pagar los arriendos. Lo mismo a la hora de la compra de insumos o herramientas\u00bb.<\/p>\n<p>Proponen la pesificaci\u00f3n del valor de la venta de semillas e insumos, la creaci\u00f3n de ferias y mercados frutihort\u00edcolas \u00abdel productor al consumidor\u00bb, la construcci\u00f3n de un banco de semillas y fertilizantes sustentables -no contaminantes- constru\u00eddo, administrado y controlado por lxs productores, as\u00ed como pol\u00edticas de protecci\u00f3n y est\u00edmulo de las quintas como parte de un modelo econ\u00f3mico para la Provincia, en base al abastecimiento de hospitales, comedores escolares, jardines y merenderos, entre otros.<\/p>\n<p>\u00abVemos imprescindible que haya una pol\u00edtica donde el Estado cree un Banco de Tierras desocupadas y cr\u00e9ditos blandos para que los productores puedan acceder a las mismas\u00bb, sostuvieron en el documento y plantearon en lo inmediato una pol\u00edtica de bajo costo para los arriendos y una serie de subsidios para poder impulsar y desarrollar la actividad.<\/p>\n<p><img data-recalc-dims=\"1\" loading=\"lazy\" decoding=\"async\" class=\" wp-image-15781 alignright\" src=\"https:\/\/i0.wp.com\/vamosporlaliberacion.org\/crpmlm\/wp-content\/uploads\/2020\/01\/santa-fe-2-525x700.jpg?resize=290%2C386\" alt=\"\" width=\"290\" height=\"386\" srcset=\"https:\/\/i0.wp.com\/vamosporlaliberacion.org\/crpmlm\/wp-content\/uploads\/2020\/01\/santa-fe-2.jpg?resize=525%2C700&amp;ssl=1 525w, https:\/\/i0.wp.com\/vamosporlaliberacion.org\/crpmlm\/wp-content\/uploads\/2020\/01\/santa-fe-2.jpg?resize=225%2C300&amp;ssl=1 225w, https:\/\/i0.wp.com\/vamosporlaliberacion.org\/crpmlm\/wp-content\/uploads\/2020\/01\/santa-fe-2.jpg?resize=768%2C1024&amp;ssl=1 768w, https:\/\/i0.wp.com\/vamosporlaliberacion.org\/crpmlm\/wp-content\/uploads\/2020\/01\/santa-fe-2.jpg?resize=696%2C928&amp;ssl=1 696w, https:\/\/i0.wp.com\/vamosporlaliberacion.org\/crpmlm\/wp-content\/uploads\/2020\/01\/santa-fe-2.jpg?resize=315%2C420&amp;ssl=1 315w, https:\/\/i0.wp.com\/vamosporlaliberacion.org\/crpmlm\/wp-content\/uploads\/2020\/01\/santa-fe-2.jpg?w=960&amp;ssl=1 960w\" sizes=\"auto, (max-width: 290px) 100vw, 290px\" \/>El documento sostiene: \u00ab\u00a1Basta de violencia contra la mujer!\u00a1Basta de discriminaci\u00f3n a los inmigrantes!\u00a1Basta de trabajo y abuso infantil!\u00bb. Y concluye llamando a todxs aquellxs que quieran \u00abluchar para que la tierra sea para quien la trabaja, para terminar con las grandes extensiones en manos de muy pocos (latifundio) y la propiedad ociosa de la tierra. Para que los productores tengamos precio m\u00ednimo en origen en la comercializaci\u00f3n de nuestros productos. Para que haya igual salario por igual trabajo. Para que seamos protagonistas de la construcci\u00f3n de un modelo de desarrollo agrario e industrial, que est\u00e9 al servicio de nuestro pueblo donde todos y todas podamos vivir dignamente de nuestro trabajo, con buena educaci\u00f3n y salud p\u00fablica, con tiempo libre y vida sana junto a nuestras familias\u00bb.<\/p>\n<p>Se eligi\u00f3 una mesa promotora con representantes de cada localidad, m\u00e1s un coordinador y representantes de la agrupaci\u00f3n de \u00abMujeres Campesinas\u00bb.<\/p>\n<!-- AddThis Advanced Settings generic via filter on the_content --><!-- AddThis Share Buttons generic via filter on the_content -->","protected":false},"excerpt":{"rendered":"<p>El plenario cont\u00f3 con la presencia de m\u00e1s de 50 representantes de las localidades Arroyo Seco, Fighiera, Pueblo Esther, Villa Gdor. Galvez, Alvear y General Lagos; entre los que se destac\u00f3 una importante participaci\u00f3n de j\u00f3venes y mujeres trabajadoras rurales. Se ley\u00f3 un documento que enmarc\u00f3 la actividad como parte de los acuerdos tomados en [&hellip;]<!-- AddThis Advanced Settings generic via filter on get_the_excerpt --><!-- AddThis Share Buttons generic via filter on get_the_excerpt --><\/p>\n","protected":false},"author":6,"featured_media":15780,"comment_status":"open","ping_status":"open","sticky":false,"template":"","format":"standard","meta":{"_jetpack_memberships_contains_paid_content":false,"footnotes":""},"categories":[1880],"tags":[1152,350,632,521,1497,1511,942,1388,1630],"class_list":{"0":"post-15775","1":"post","2":"type-post","3":"status-publish","4":"format-standard","5":"has-post-thumbnail","7":"category-terricidio","8":"tag-bartolina-sisa","9":"tag-campesinos","10":"tag-cta-autonoma","11":"tag-destacado-1","12":"tag-obrerxs-rurales","13":"tag-rurales","14":"tag-santa-fe","15":"tag-tierra","16":"tag-vxl154"},"yoast_head":"<!-- This site is optimized with the Yoast SEO plugin v27.4 - https:\/\/yoast.com\/product\/yoast-seo-wordpress\/ -->\n<title>Se conform\u00f3 la regional Santa Fe de la Federaci\u00f3n Plurinacional de Trabajadoras y Trabajadores de la Tierra - Vamos por la Liberaci\u00f3n<\/title>\n<meta name=\"robots\" content=\"index, follow, max-snippet:-1, max-image-preview:large, max-video-preview:-1\" \/>\n<link rel=\"canonical\" href=\"https:\/\/vamosporlaliberacion.org\/crpmlm\/se-conformo-la-regional-santa-fe-de-la-federacion-plurinacional-de-trabajadoras-y-trabajadores-de-la-tierra\/\" \/>\n<meta name=\"twitter:label1\" content=\"Escrito por\" \/>\n\t<meta name=\"twitter:data1\" content=\"vamos!\" \/>\n\t<meta name=\"twitter:label2\" content=\"Tiempo de lectura\" \/>\n\t<meta name=\"twitter:data2\" content=\"3 minutos\" \/>\n<script type=\"application\/ld+json\" class=\"yoast-schema-graph\">{\"@context\":\"https:\\\/\\\/schema.org\",\"@graph\":[{\"@type\":\"Article\",\"@id\":\"https:\\\/\\\/vamosporlaliberacion.org\\\/crpmlm\\\/se-conformo-la-regional-santa-fe-de-la-federacion-plurinacional-de-trabajadoras-y-trabajadores-de-la-tierra\\\/#article\",\"isPartOf\":{\"@id\":\"https:\\\/\\\/vamosporlaliberacion.org\\\/crpmlm\\\/se-conformo-la-regional-santa-fe-de-la-federacion-plurinacional-de-trabajadoras-y-trabajadores-de-la-tierra\\\/\"},\"author\":{\"name\":\"vamos!\",\"@id\":\"https:\\\/\\\/vamosporlaliberacion.org\\\/crpmlm\\\/#\\\/schema\\\/person\\\/d6eac7758df3770dae9cd9eb104d615c\"},\"headline\":\"Se conform\u00f3 la regional Santa Fe de la Federaci\u00f3n Plurinacional de Trabajadoras y Trabajadores de la Tierra\",\"datePublished\":\"2020-01-30T21:18:38+00:00\",\"dateModified\":\"2020-11-05T23:47:40+00:00\",\"mainEntityOfPage\":{\"@id\":\"https:\\\/\\\/vamosporlaliberacion.org\\\/crpmlm\\\/se-conformo-la-regional-santa-fe-de-la-federacion-plurinacional-de-trabajadoras-y-trabajadores-de-la-tierra\\\/\"},\"wordCount\":573,\"commentCount\":0,\"image\":{\"@id\":\"https:\\\/\\\/vamosporlaliberacion.org\\\/crpmlm\\\/se-conformo-la-regional-santa-fe-de-la-federacion-plurinacional-de-trabajadoras-y-trabajadores-de-la-tierra\\\/#primaryimage\"},\"thumbnailUrl\":\"https:\\\/\\\/i0.wp.com\\\/vamosporlaliberacion.org\\\/crpmlm\\\/wp-content\\\/uploads\\\/2020\\\/01\\\/santa-fe-1.jpg?fit=1280%2C960&ssl=1\",\"keywords\":[\"Bartolina Sisa\",\"Campesinos\",\"CTA Aut\u00f3noma\",\"destacado 1\",\"obrerxs rurales\",\"rurales\",\"Santa Fe\",\"Tierra\",\"vxl154\"],\"articleSection\":[\"Terricidio \\\/ Territorio\"],\"inLanguage\":\"es\",\"potentialAction\":[{\"@type\":\"CommentAction\",\"name\":\"Comment\",\"target\":[\"https:\\\/\\\/vamosporlaliberacion.org\\\/crpmlm\\\/se-conformo-la-regional-santa-fe-de-la-federacion-plurinacional-de-trabajadoras-y-trabajadores-de-la-tierra\\\/#respond\"]}]},{\"@type\":\"WebPage\",\"@id\":\"https:\\\/\\\/vamosporlaliberacion.org\\\/crpmlm\\\/se-conformo-la-regional-santa-fe-de-la-federacion-plurinacional-de-trabajadoras-y-trabajadores-de-la-tierra\\\/\",\"url\":\"https:\\\/\\\/vamosporlaliberacion.org\\\/crpmlm\\\/se-conformo-la-regional-santa-fe-de-la-federacion-plurinacional-de-trabajadoras-y-trabajadores-de-la-tierra\\\/\",\"name\":\"Se conform\u00f3 la regional Santa Fe de la Federaci\u00f3n Plurinacional de Trabajadoras y Trabajadores de la Tierra - Vamos por la Liberaci\u00f3n\",\"isPartOf\":{\"@id\":\"https:\\\/\\\/vamosporlaliberacion.org\\\/crpmlm\\\/#website\"},\"primaryImageOfPage\":{\"@id\":\"https:\\\/\\\/vamosporlaliberacion.org\\\/crpmlm\\\/se-conformo-la-regional-santa-fe-de-la-federacion-plurinacional-de-trabajadoras-y-trabajadores-de-la-tierra\\\/#primaryimage\"},\"image\":{\"@id\":\"https:\\\/\\\/vamosporlaliberacion.org\\\/crpmlm\\\/se-conformo-la-regional-santa-fe-de-la-federacion-plurinacional-de-trabajadoras-y-trabajadores-de-la-tierra\\\/#primaryimage\"},\"thumbnailUrl\":\"https:\\\/\\\/i0.wp.com\\\/vamosporlaliberacion.org\\\/crpmlm\\\/wp-content\\\/uploads\\\/2020\\\/01\\\/santa-fe-1.jpg?fit=1280%2C960&ssl=1\",\"datePublished\":\"2020-01-30T21:18:38+00:00\",\"dateModified\":\"2020-11-05T23:47:40+00:00\",\"author\":{\"@id\":\"https:\\\/\\\/vamosporlaliberacion.org\\\/crpmlm\\\/#\\\/schema\\\/person\\\/d6eac7758df3770dae9cd9eb104d615c\"},\"breadcrumb\":{\"@id\":\"https:\\\/\\\/vamosporlaliberacion.org\\\/crpmlm\\\/se-conformo-la-regional-santa-fe-de-la-federacion-plurinacional-de-trabajadoras-y-trabajadores-de-la-tierra\\\/#breadcrumb\"},\"inLanguage\":\"es\",\"potentialAction\":[{\"@type\":\"ReadAction\",\"target\":[\"https:\\\/\\\/vamosporlaliberacion.org\\\/crpmlm\\\/se-conformo-la-regional-santa-fe-de-la-federacion-plurinacional-de-trabajadoras-y-trabajadores-de-la-tierra\\\/\"]}]},{\"@type\":\"ImageObject\",\"inLanguage\":\"es\",\"@id\":\"https:\\\/\\\/vamosporlaliberacion.org\\\/crpmlm\\\/se-conformo-la-regional-santa-fe-de-la-federacion-plurinacional-de-trabajadoras-y-trabajadores-de-la-tierra\\\/#primaryimage\",\"url\":\"https:\\\/\\\/i0.wp.com\\\/vamosporlaliberacion.org\\\/crpmlm\\\/wp-content\\\/uploads\\\/2020\\\/01\\\/santa-fe-1.jpg?fit=1280%2C960&ssl=1\",\"contentUrl\":\"https:\\\/\\\/i0.wp.com\\\/vamosporlaliberacion.org\\\/crpmlm\\\/wp-content\\\/uploads\\\/2020\\\/01\\\/santa-fe-1.jpg?fit=1280%2C960&ssl=1\",\"width\":1280,\"height\":960},{\"@type\":\"BreadcrumbList\",\"@id\":\"https:\\\/\\\/vamosporlaliberacion.org\\\/crpmlm\\\/se-conformo-la-regional-santa-fe-de-la-federacion-plurinacional-de-trabajadoras-y-trabajadores-de-la-tierra\\\/#breadcrumb\",\"itemListElement\":[{\"@type\":\"ListItem\",\"position\":1,\"name\":\"Portada\",\"item\":\"https:\\\/\\\/vamosporlaliberacion.org\\\/crpmlm\\\/\"},{\"@type\":\"ListItem\",\"position\":2,\"name\":\"Se conform\u00f3 la regional Santa Fe de la Federaci\u00f3n Plurinacional de Trabajadoras y Trabajadores de la Tierra\"}]},{\"@type\":\"WebSite\",\"@id\":\"https:\\\/\\\/vamosporlaliberacion.org\\\/crpmlm\\\/#website\",\"url\":\"https:\\\/\\\/vamosporlaliberacion.org\\\/crpmlm\\\/\",\"name\":\"Vamos por la Liberaci\u00f3n\",\"description\":\"Prensa CR\",\"potentialAction\":[{\"@type\":\"SearchAction\",\"target\":{\"@type\":\"EntryPoint\",\"urlTemplate\":\"https:\\\/\\\/vamosporlaliberacion.org\\\/crpmlm\\\/?s={search_term_string}\"},\"query-input\":{\"@type\":\"PropertyValueSpecification\",\"valueRequired\":true,\"valueName\":\"search_term_string\"}}],\"inLanguage\":\"es\"},{\"@type\":\"Person\",\"@id\":\"https:\\\/\\\/vamosporlaliberacion.org\\\/crpmlm\\\/#\\\/schema\\\/person\\\/d6eac7758df3770dae9cd9eb104d615c\",\"name\":\"vamos!\",\"url\":\"https:\\\/\\\/vamosporlaliberacion.org\\\/crpmlm\\\/author\\\/adminvxl\\\/\"}]}<\/script>\n<!-- \/ Yoast SEO plugin. -->","yoast_head_json":{"title":"Se conform\u00f3 la regional Santa Fe de la Federaci\u00f3n Plurinacional de Trabajadoras y Trabajadores de la Tierra - Vamos por la Liberaci\u00f3n","robots":{"index":"index","follow":"follow","max-snippet":"max-snippet:-1","max-image-preview":"max-image-preview:large","max-video-preview":"max-video-preview:-1"},"canonical":"https:\/\/vamosporlaliberacion.org\/crpmlm\/se-conformo-la-regional-santa-fe-de-la-federacion-plurinacional-de-trabajadoras-y-trabajadores-de-la-tierra\/","twitter_misc":{"Escrito por":"vamos!","Tiempo de lectura":"3 minutos"},"schema":{"@context":"https:\/\/schema.org","@graph":[{"@type":"Article","@id":"https:\/\/vamosporlaliberacion.org\/crpmlm\/se-conformo-la-regional-santa-fe-de-la-federacion-plurinacional-de-trabajadoras-y-trabajadores-de-la-tierra\/#article","isPartOf":{"@id":"https:\/\/vamosporlaliberacion.org\/crpmlm\/se-conformo-la-regional-santa-fe-de-la-federacion-plurinacional-de-trabajadoras-y-trabajadores-de-la-tierra\/"},"author":{"name":"vamos!","@id":"https:\/\/vamosporlaliberacion.org\/crpmlm\/#\/schema\/person\/d6eac7758df3770dae9cd9eb104d615c"},"headline":"Se conform\u00f3 la regional Santa Fe de la Federaci\u00f3n Plurinacional de Trabajadoras y Trabajadores de la Tierra","datePublished":"2020-01-30T21:18:38+00:00","dateModified":"2020-11-05T23:47:40+00:00","mainEntityOfPage":{"@id":"https:\/\/vamosporlaliberacion.org\/crpmlm\/se-conformo-la-regional-santa-fe-de-la-federacion-plurinacional-de-trabajadoras-y-trabajadores-de-la-tierra\/"},"wordCount":573,"commentCount":0,"image":{"@id":"https:\/\/vamosporlaliberacion.org\/crpmlm\/se-conformo-la-regional-santa-fe-de-la-federacion-plurinacional-de-trabajadoras-y-trabajadores-de-la-tierra\/#primaryimage"},"thumbnailUrl":"https:\/\/i0.wp.com\/vamosporlaliberacion.org\/crpmlm\/wp-content\/uploads\/2020\/01\/santa-fe-1.jpg?fit=1280%2C960&ssl=1","keywords":["Bartolina Sisa","Campesinos","CTA Aut\u00f3noma","destacado 1","obrerxs rurales","rurales","Santa Fe","Tierra","vxl154"],"articleSection":["Terricidio \/ Territorio"],"inLanguage":"es","potentialAction":[{"@type":"CommentAction","name":"Comment","target":["https:\/\/vamosporlaliberacion.org\/crpmlm\/se-conformo-la-regional-santa-fe-de-la-federacion-plurinacional-de-trabajadoras-y-trabajadores-de-la-tierra\/#respond"]}]},{"@type":"WebPage","@id":"https:\/\/vamosporlaliberacion.org\/crpmlm\/se-conformo-la-regional-santa-fe-de-la-federacion-plurinacional-de-trabajadoras-y-trabajadores-de-la-tierra\/","url":"https:\/\/vamosporlaliberacion.org\/crpmlm\/se-conformo-la-regional-santa-fe-de-la-federacion-plurinacional-de-trabajadoras-y-trabajadores-de-la-tierra\/","name":"Se conform\u00f3 la regional Santa Fe de la Federaci\u00f3n Plurinacional de Trabajadoras y Trabajadores de la Tierra - Vamos por la Liberaci\u00f3n","isPartOf":{"@id":"https:\/\/vamosporlaliberacion.org\/crpmlm\/#website"},"primaryImageOfPage":{"@id":"https:\/\/vamosporlaliberacion.org\/crpmlm\/se-conformo-la-regional-santa-fe-de-la-federacion-plurinacional-de-trabajadoras-y-trabajadores-de-la-tierra\/#primaryimage"},"image":{"@id":"https:\/\/vamosporlaliberacion.org\/crpmlm\/se-conformo-la-regional-santa-fe-de-la-federacion-plurinacional-de-trabajadoras-y-trabajadores-de-la-tierra\/#primaryimage"},"thumbnailUrl":"https:\/\/i0.wp.com\/vamosporlaliberacion.org\/crpmlm\/wp-content\/uploads\/2020\/01\/santa-fe-1.jpg?fit=1280%2C960&ssl=1","datePublished":"2020-01-30T21:18:38+00:00","dateModified":"2020-11-05T23:47:40+00:00","author":{"@id":"https:\/\/vamosporlaliberacion.org\/crpmlm\/#\/schema\/person\/d6eac7758df3770dae9cd9eb104d615c"},"breadcrumb":{"@id":"https:\/\/vamosporlaliberacion.org\/crpmlm\/se-conformo-la-regional-santa-fe-de-la-federacion-plurinacional-de-trabajadoras-y-trabajadores-de-la-tierra\/#breadcrumb"},"inLanguage":"es","potentialAction":[{"@type":"ReadAction","target":["https:\/\/vamosporlaliberacion.org\/crpmlm\/se-conformo-la-regional-santa-fe-de-la-federacion-plurinacional-de-trabajadoras-y-trabajadores-de-la-tierra\/"]}]},{"@type":"ImageObject","inLanguage":"es","@id":"https:\/\/vamosporlaliberacion.org\/crpmlm\/se-conformo-la-regional-santa-fe-de-la-federacion-plurinacional-de-trabajadoras-y-trabajadores-de-la-tierra\/#primaryimage","url":"https:\/\/i0.wp.com\/vamosporlaliberacion.org\/crpmlm\/wp-content\/uploads\/2020\/01\/santa-fe-1.jpg?fit=1280%2C960&ssl=1","contentUrl":"https:\/\/i0.wp.com\/vamosporlaliberacion.org\/crpmlm\/wp-content\/uploads\/2020\/01\/santa-fe-1.jpg?fit=1280%2C960&ssl=1","width":1280,"height":960},{"@type":"BreadcrumbList","@id":"https:\/\/vamosporlaliberacion.org\/crpmlm\/se-conformo-la-regional-santa-fe-de-la-federacion-plurinacional-de-trabajadoras-y-trabajadores-de-la-tierra\/#breadcrumb","itemListElement":[{"@type":"ListItem","position":1,"name":"Portada","item":"https:\/\/vamosporlaliberacion.org\/crpmlm\/"},{"@type":"ListItem","position":2,"name":"Se conform\u00f3 la regional Santa Fe de la Federaci\u00f3n Plurinacional de Trabajadoras y Trabajadores de la Tierra"}]},{"@type":"WebSite","@id":"https:\/\/vamosporlaliberacion.org\/crpmlm\/#website","url":"https:\/\/vamosporlaliberacion.org\/crpmlm\/","name":"Vamos por la Liberaci\u00f3n","description":"Prensa CR","potentialAction":[{"@type":"SearchAction","target":{"@type":"EntryPoint","urlTemplate":"https:\/\/vamosporlaliberacion.org\/crpmlm\/?s={search_term_string}"},"query-input":{"@type":"PropertyValueSpecification","valueRequired":true,"valueName":"search_term_string"}}],"inLanguage":"es"},{"@type":"Person","@id":"https:\/\/vamosporlaliberacion.org\/crpmlm\/#\/schema\/person\/d6eac7758df3770dae9cd9eb104d615c","name":"vamos!","url":"https:\/\/vamosporlaliberacion.org\/crpmlm\/author\/adminvxl\/"}]}},"jetpack_featured_media_url":"https:\/\/i0.wp.com\/vamosporlaliberacion.org\/crpmlm\/wp-content\/uploads\/2020\/01\/santa-fe-1.jpg?fit=1280%2C960&ssl=1","jetpack_sharing_enabled":true,"_links":{"self":[{"href":"https:\/\/vamosporlaliberacion.org\/crpmlm\/wp-json\/wp\/v2\/posts\/15775","targetHints":{"allow":["GET"]}}],"collection":[{"href":"https:\/\/vamosporlaliberacion.org\/crpmlm\/wp-json\/wp\/v2\/posts"}],"about":[{"href":"https:\/\/vamosporlaliberacion.org\/crpmlm\/wp-json\/wp\/v2\/types\/post"}],"author":[{"embeddable":true,"href":"https:\/\/vamosporlaliberacion.org\/crpmlm\/wp-json\/wp\/v2\/users\/6"}],"replies":[{"embeddable":true,"href":"https:\/\/vamosporlaliberacion.org\/crpmlm\/wp-json\/wp\/v2\/comments?post=15775"}],"version-history":[{"count":1,"href":"https:\/\/vamosporlaliberacion.org\/crpmlm\/wp-json\/wp\/v2\/posts\/15775\/revisions"}],"predecessor-version":[{"id":16306,"href":"https:\/\/vamosporlaliberacion.org\/crpmlm\/wp-json\/wp\/v2\/posts\/15775\/revisions\/16306"}],"wp:featuredmedia":[{"embeddable":true,"href":"https:\/\/vamosporlaliberacion.org\/crpmlm\/wp-json\/wp\/v2\/media\/15780"}],"wp:attachment":[{"href":"https:\/\/vamosporlaliberacion.org\/crpmlm\/wp-json\/wp\/v2\/media?parent=15775"}],"wp:term":[{"taxonomy":"category","embeddable":true,"href":"https:\/\/vamosporlaliberacion.org\/crpmlm\/wp-json\/wp\/v2\/categories?post=15775"},{"taxonomy":"post_tag","embeddable":true,"href":"https:\/\/vamosporlaliberacion.org\/crpmlm\/wp-json\/wp\/v2\/tags?post=15775"}],"curies":[{"name":"wp","href":"https:\/\/api.w.org\/{rel}","templated":true}]}}