{"id":15667,"date":"2019-12-24T11:20:00","date_gmt":"2019-12-24T14:20:00","guid":{"rendered":"http:\/\/vamosporlaliberacion.org\/crpmlm\/?p=15667"},"modified":"2020-11-05T20:51:16","modified_gmt":"2020-11-05T23:51:16","slug":"criminalizacion-de-la-protesta-social-en-misiones","status":"publish","type":"post","link":"https:\/\/vamosporlaliberacion.org\/crpmlm\/criminalizacion-de-la-protesta-social-en-misiones\/","title":{"rendered":"Criminalizaci\u00f3n de la protesta social en Misiones"},"content":{"rendered":"<p><span style=\"color:rgb(0,0,0); font-family:sans-serif; font-size:12.8px; font-style:normal; font-variant-ligatures:normal; font-variant-caps:normal; font-weight:400; letter-spacing:normal; orphans:2text-indent:0px; text-transform:none; white-space:normal; widows:2; word-spacing:0px; -webkit-text-stroke-width:0px; text-decoration-style:initial; text-decoration-color:initial; display:inline!important; float:none; text-align:left;\">En Montecarlo (Misiones), el concejal de Cambiemos Daniel Galarza denunci\u00f3 penalmente a Rub\u00e9n Ortiz, Secretario General de la CTA Aut\u00f3noma de la provincia, dirigente del \u201cMovimiento Pedag\u00f3gico de Liberaci\u00f3n\u201d y referente de las distintas luchas de la provincia y de Montecarlo en particular, donde viene acompa\u00f1ando la organizaci\u00f3n de los campesinos del \u201cMovimiento campesino de liberaci\u00f3n\u201d en su lucha por la tierra y de lxs tareferxs a trav\u00e9s de su sindicato.<\/span><br \/>\n<span style=\"color:rgb(0,0,0); font-family:sans-serif; font-size:12.8px; font-style:normal; font-variant-ligatures:normal; font-variant-caps:normal; font-weight:400; letter-spacing:normal; orphans:2text-indent:0px; text-transform:none; white-space:normal; widows:2; word-spacing:0px; -webkit-text-stroke-width:0px; text-decoration-style:initial; text-decoration-color:initial; display:inline!important; float:none; text-align:left;\">El dirigente de Cambiemos lo acusa de extorsi\u00f3n en grado de tentativa; intimidaci\u00f3n p\u00fablica; atentado contra el orden p\u00fablico y sabotaje. Seg\u00fan el denunciante, Ortiz junto a un grupo de tareferxs, encabez\u00f3 la toma de la sucursal local del Banco Macro.<\/p>\n<p>Hecho que nunca ocurri\u00f3, como lo demuestra el hecho de que el banco mismo no realiz\u00f3 ninguna denuncia.<\/span><\/p>\n<p><span style=\"color:rgb(0,0,0); font-family:sans-serif; font-size:12.8px; font-style:normal; font-variant-ligatures:normal; font-variant-caps:normal; font-weight:400; letter-spacing:normal; orphans:2text-indent:0px; text-transform:none; white-space:normal; widows:2; word-spacing:0px; -webkit-text-stroke-width:0px; text-decoration-style:initial; text-decoration-color:initial; display:inline!important; float:none; text-align:left;\">Toda esta infamia es necesaria para tapar que en Montecarlo \u2013y en todo Misiones-, los tareferos y tareferas, solo tienen trabajo durante los 5 o 6 meses que dura la zafra (con sueldos que rondan los $5000 pesos mensuales con jornadas de m\u00e1s de 12 hs. y en las peores condiciones), y el resto del a\u00f1o son personas desocupadas de las que tanto el Estado como las empresas y los contratistas se desentienden, dejando familias enteras pasando hambre y todo tipo de necesidades. Como si esto fuese poco, el subsidio interzafra de solo $2300 conquistado por medio de la lucha se le pag\u00f3 solo a una parte de lxs tareferxs, quedando por fuera una gran cantidad. Nuevamente por medio de la organizaci\u00f3n y la lucha se viene logrando que m\u00e1s trabajadorxs lo cobren.<\/p>\n<p>Cabe aclarar que una de las excusas para no pagar el subsidio, es que hay tareferxs no registradxs, lo que desnuda tambi\u00e9n la alta cifra de trabajo en negro que subsiste en la yerba. Pero toda esta cantidad de hechos ilegales no parecen preocuparle al concejal de Cambiemos, que s\u00ed carga sus tintas contra Ortiz y a trav\u00e9s de \u00e9l contra todxs los sectores populares que se vienen organizando y obteniendo importantes conquistas.<\/span><\/p>\n<!-- AddThis Advanced Settings generic via filter on the_content --><!-- AddThis Share Buttons generic via filter on the_content -->","protected":false},"excerpt":{"rendered":"<p>En Montecarlo (Misiones), el concejal de Cambiemos Daniel Galarza denunci\u00f3 penalmente a Rub\u00e9n Ortiz, Secretario General de la CTA Aut\u00f3noma de la provincia, dirigente del \u201cMovimiento Pedag\u00f3gico de Liberaci\u00f3n\u201d y referente de las distintas luchas de la provincia y de Montecarlo en particular, donde viene acompa\u00f1ando la organizaci\u00f3n de los campesinos del \u201cMovimiento campesino de [&hellip;]<!-- AddThis Advanced Settings generic via filter on get_the_excerpt --><!-- AddThis Share Buttons generic via filter on get_the_excerpt --><\/p>\n","protected":false},"author":6,"featured_media":15666,"comment_status":"open","ping_status":"open","sticky":false,"template":"","format":"standard","meta":{"_jetpack_memberships_contains_paid_content":false,"footnotes":""},"categories":[1877],"tags":[632,1272,1476],"class_list":{"0":"post-15667","1":"post","2":"type-post","3":"status-publish","4":"format-standard","5":"has-post-thumbnail","7":"category-gremiales","8":"tag-cta-autonoma","9":"tag-misiones","10":"tag-tareferos"},"yoast_head":"<!-- This site is optimized with the Yoast SEO plugin v27.4 - https:\/\/yoast.com\/product\/yoast-seo-wordpress\/ -->\n<title>Criminalizaci\u00f3n de la protesta social en Misiones - Vamos por la Liberaci\u00f3n<\/title>\n<meta name=\"robots\" content=\"index, follow, max-snippet:-1, max-image-preview:large, max-video-preview:-1\" \/>\n<link rel=\"canonical\" href=\"https:\/\/vamosporlaliberacion.org\/crpmlm\/criminalizacion-de-la-protesta-social-en-misiones\/\" \/>\n<meta name=\"twitter:label1\" content=\"Escrito por\" \/>\n\t<meta name=\"twitter:data1\" content=\"vamos!\" \/>\n\t<meta name=\"twitter:label2\" content=\"Tiempo de lectura\" \/>\n\t<meta name=\"twitter:data2\" content=\"2 minutos\" \/>\n<script type=\"application\/ld+json\" class=\"yoast-schema-graph\">{\"@context\":\"https:\\\/\\\/schema.org\",\"@graph\":[{\"@type\":\"Article\",\"@id\":\"https:\\\/\\\/vamosporlaliberacion.org\\\/crpmlm\\\/criminalizacion-de-la-protesta-social-en-misiones\\\/#article\",\"isPartOf\":{\"@id\":\"https:\\\/\\\/vamosporlaliberacion.org\\\/crpmlm\\\/criminalizacion-de-la-protesta-social-en-misiones\\\/\"},\"author\":{\"name\":\"vamos!\",\"@id\":\"https:\\\/\\\/vamosporlaliberacion.org\\\/crpmlm\\\/#\\\/schema\\\/person\\\/d6eac7758df3770dae9cd9eb104d615c\"},\"headline\":\"Criminalizaci\u00f3n de la protesta social en Misiones\",\"datePublished\":\"2019-12-24T14:20:00+00:00\",\"dateModified\":\"2020-11-05T23:51:16+00:00\",\"mainEntityOfPage\":{\"@id\":\"https:\\\/\\\/vamosporlaliberacion.org\\\/crpmlm\\\/criminalizacion-de-la-protesta-social-en-misiones\\\/\"},\"wordCount\":358,\"commentCount\":0,\"image\":{\"@id\":\"https:\\\/\\\/vamosporlaliberacion.org\\\/crpmlm\\\/criminalizacion-de-la-protesta-social-en-misiones\\\/#primaryimage\"},\"thumbnailUrl\":\"https:\\\/\\\/i0.wp.com\\\/vamosporlaliberacion.org\\\/crpmlm\\\/wp-content\\\/uploads\\\/2019\\\/12\\\/FB_IMG_1577196155664.jpg?fit=720%2C476&ssl=1\",\"keywords\":[\"CTA Aut\u00f3noma\",\"Misiones\",\"tareferos\"],\"articleSection\":[\"Actualidad e historia del movimiento obrero\"],\"inLanguage\":\"es\",\"potentialAction\":[{\"@type\":\"CommentAction\",\"name\":\"Comment\",\"target\":[\"https:\\\/\\\/vamosporlaliberacion.org\\\/crpmlm\\\/criminalizacion-de-la-protesta-social-en-misiones\\\/#respond\"]}]},{\"@type\":\"WebPage\",\"@id\":\"https:\\\/\\\/vamosporlaliberacion.org\\\/crpmlm\\\/criminalizacion-de-la-protesta-social-en-misiones\\\/\",\"url\":\"https:\\\/\\\/vamosporlaliberacion.org\\\/crpmlm\\\/criminalizacion-de-la-protesta-social-en-misiones\\\/\",\"name\":\"Criminalizaci\u00f3n de la protesta social en Misiones - Vamos por la Liberaci\u00f3n\",\"isPartOf\":{\"@id\":\"https:\\\/\\\/vamosporlaliberacion.org\\\/crpmlm\\\/#website\"},\"primaryImageOfPage\":{\"@id\":\"https:\\\/\\\/vamosporlaliberacion.org\\\/crpmlm\\\/criminalizacion-de-la-protesta-social-en-misiones\\\/#primaryimage\"},\"image\":{\"@id\":\"https:\\\/\\\/vamosporlaliberacion.org\\\/crpmlm\\\/criminalizacion-de-la-protesta-social-en-misiones\\\/#primaryimage\"},\"thumbnailUrl\":\"https:\\\/\\\/i0.wp.com\\\/vamosporlaliberacion.org\\\/crpmlm\\\/wp-content\\\/uploads\\\/2019\\\/12\\\/FB_IMG_1577196155664.jpg?fit=720%2C476&ssl=1\",\"datePublished\":\"2019-12-24T14:20:00+00:00\",\"dateModified\":\"2020-11-05T23:51:16+00:00\",\"author\":{\"@id\":\"https:\\\/\\\/vamosporlaliberacion.org\\\/crpmlm\\\/#\\\/schema\\\/person\\\/d6eac7758df3770dae9cd9eb104d615c\"},\"breadcrumb\":{\"@id\":\"https:\\\/\\\/vamosporlaliberacion.org\\\/crpmlm\\\/criminalizacion-de-la-protesta-social-en-misiones\\\/#breadcrumb\"},\"inLanguage\":\"es\",\"potentialAction\":[{\"@type\":\"ReadAction\",\"target\":[\"https:\\\/\\\/vamosporlaliberacion.org\\\/crpmlm\\\/criminalizacion-de-la-protesta-social-en-misiones\\\/\"]}]},{\"@type\":\"ImageObject\",\"inLanguage\":\"es\",\"@id\":\"https:\\\/\\\/vamosporlaliberacion.org\\\/crpmlm\\\/criminalizacion-de-la-protesta-social-en-misiones\\\/#primaryimage\",\"url\":\"https:\\\/\\\/i0.wp.com\\\/vamosporlaliberacion.org\\\/crpmlm\\\/wp-content\\\/uploads\\\/2019\\\/12\\\/FB_IMG_1577196155664.jpg?fit=720%2C476&ssl=1\",\"contentUrl\":\"https:\\\/\\\/i0.wp.com\\\/vamosporlaliberacion.org\\\/crpmlm\\\/wp-content\\\/uploads\\\/2019\\\/12\\\/FB_IMG_1577196155664.jpg?fit=720%2C476&ssl=1\",\"width\":720,\"height\":476},{\"@type\":\"BreadcrumbList\",\"@id\":\"https:\\\/\\\/vamosporlaliberacion.org\\\/crpmlm\\\/criminalizacion-de-la-protesta-social-en-misiones\\\/#breadcrumb\",\"itemListElement\":[{\"@type\":\"ListItem\",\"position\":1,\"name\":\"Portada\",\"item\":\"https:\\\/\\\/vamosporlaliberacion.org\\\/crpmlm\\\/\"},{\"@type\":\"ListItem\",\"position\":2,\"name\":\"Criminalizaci\u00f3n de la protesta social en Misiones\"}]},{\"@type\":\"WebSite\",\"@id\":\"https:\\\/\\\/vamosporlaliberacion.org\\\/crpmlm\\\/#website\",\"url\":\"https:\\\/\\\/vamosporlaliberacion.org\\\/crpmlm\\\/\",\"name\":\"Vamos por la Liberaci\u00f3n\",\"description\":\"Prensa CR\",\"potentialAction\":[{\"@type\":\"SearchAction\",\"target\":{\"@type\":\"EntryPoint\",\"urlTemplate\":\"https:\\\/\\\/vamosporlaliberacion.org\\\/crpmlm\\\/?s={search_term_string}\"},\"query-input\":{\"@type\":\"PropertyValueSpecification\",\"valueRequired\":true,\"valueName\":\"search_term_string\"}}],\"inLanguage\":\"es\"},{\"@type\":\"Person\",\"@id\":\"https:\\\/\\\/vamosporlaliberacion.org\\\/crpmlm\\\/#\\\/schema\\\/person\\\/d6eac7758df3770dae9cd9eb104d615c\",\"name\":\"vamos!\",\"url\":\"https:\\\/\\\/vamosporlaliberacion.org\\\/crpmlm\\\/author\\\/adminvxl\\\/\"}]}<\/script>\n<!-- \/ Yoast SEO plugin. -->","yoast_head_json":{"title":"Criminalizaci\u00f3n de la protesta social en Misiones - Vamos por la Liberaci\u00f3n","robots":{"index":"index","follow":"follow","max-snippet":"max-snippet:-1","max-image-preview":"max-image-preview:large","max-video-preview":"max-video-preview:-1"},"canonical":"https:\/\/vamosporlaliberacion.org\/crpmlm\/criminalizacion-de-la-protesta-social-en-misiones\/","twitter_misc":{"Escrito por":"vamos!","Tiempo de lectura":"2 minutos"},"schema":{"@context":"https:\/\/schema.org","@graph":[{"@type":"Article","@id":"https:\/\/vamosporlaliberacion.org\/crpmlm\/criminalizacion-de-la-protesta-social-en-misiones\/#article","isPartOf":{"@id":"https:\/\/vamosporlaliberacion.org\/crpmlm\/criminalizacion-de-la-protesta-social-en-misiones\/"},"author":{"name":"vamos!","@id":"https:\/\/vamosporlaliberacion.org\/crpmlm\/#\/schema\/person\/d6eac7758df3770dae9cd9eb104d615c"},"headline":"Criminalizaci\u00f3n de la protesta social en Misiones","datePublished":"2019-12-24T14:20:00+00:00","dateModified":"2020-11-05T23:51:16+00:00","mainEntityOfPage":{"@id":"https:\/\/vamosporlaliberacion.org\/crpmlm\/criminalizacion-de-la-protesta-social-en-misiones\/"},"wordCount":358,"commentCount":0,"image":{"@id":"https:\/\/vamosporlaliberacion.org\/crpmlm\/criminalizacion-de-la-protesta-social-en-misiones\/#primaryimage"},"thumbnailUrl":"https:\/\/i0.wp.com\/vamosporlaliberacion.org\/crpmlm\/wp-content\/uploads\/2019\/12\/FB_IMG_1577196155664.jpg?fit=720%2C476&ssl=1","keywords":["CTA Aut\u00f3noma","Misiones","tareferos"],"articleSection":["Actualidad e historia del movimiento obrero"],"inLanguage":"es","potentialAction":[{"@type":"CommentAction","name":"Comment","target":["https:\/\/vamosporlaliberacion.org\/crpmlm\/criminalizacion-de-la-protesta-social-en-misiones\/#respond"]}]},{"@type":"WebPage","@id":"https:\/\/vamosporlaliberacion.org\/crpmlm\/criminalizacion-de-la-protesta-social-en-misiones\/","url":"https:\/\/vamosporlaliberacion.org\/crpmlm\/criminalizacion-de-la-protesta-social-en-misiones\/","name":"Criminalizaci\u00f3n de la protesta social en Misiones - Vamos por la Liberaci\u00f3n","isPartOf":{"@id":"https:\/\/vamosporlaliberacion.org\/crpmlm\/#website"},"primaryImageOfPage":{"@id":"https:\/\/vamosporlaliberacion.org\/crpmlm\/criminalizacion-de-la-protesta-social-en-misiones\/#primaryimage"},"image":{"@id":"https:\/\/vamosporlaliberacion.org\/crpmlm\/criminalizacion-de-la-protesta-social-en-misiones\/#primaryimage"},"thumbnailUrl":"https:\/\/i0.wp.com\/vamosporlaliberacion.org\/crpmlm\/wp-content\/uploads\/2019\/12\/FB_IMG_1577196155664.jpg?fit=720%2C476&ssl=1","datePublished":"2019-12-24T14:20:00+00:00","dateModified":"2020-11-05T23:51:16+00:00","author":{"@id":"https:\/\/vamosporlaliberacion.org\/crpmlm\/#\/schema\/person\/d6eac7758df3770dae9cd9eb104d615c"},"breadcrumb":{"@id":"https:\/\/vamosporlaliberacion.org\/crpmlm\/criminalizacion-de-la-protesta-social-en-misiones\/#breadcrumb"},"inLanguage":"es","potentialAction":[{"@type":"ReadAction","target":["https:\/\/vamosporlaliberacion.org\/crpmlm\/criminalizacion-de-la-protesta-social-en-misiones\/"]}]},{"@type":"ImageObject","inLanguage":"es","@id":"https:\/\/vamosporlaliberacion.org\/crpmlm\/criminalizacion-de-la-protesta-social-en-misiones\/#primaryimage","url":"https:\/\/i0.wp.com\/vamosporlaliberacion.org\/crpmlm\/wp-content\/uploads\/2019\/12\/FB_IMG_1577196155664.jpg?fit=720%2C476&ssl=1","contentUrl":"https:\/\/i0.wp.com\/vamosporlaliberacion.org\/crpmlm\/wp-content\/uploads\/2019\/12\/FB_IMG_1577196155664.jpg?fit=720%2C476&ssl=1","width":720,"height":476},{"@type":"BreadcrumbList","@id":"https:\/\/vamosporlaliberacion.org\/crpmlm\/criminalizacion-de-la-protesta-social-en-misiones\/#breadcrumb","itemListElement":[{"@type":"ListItem","position":1,"name":"Portada","item":"https:\/\/vamosporlaliberacion.org\/crpmlm\/"},{"@type":"ListItem","position":2,"name":"Criminalizaci\u00f3n de la protesta social en Misiones"}]},{"@type":"WebSite","@id":"https:\/\/vamosporlaliberacion.org\/crpmlm\/#website","url":"https:\/\/vamosporlaliberacion.org\/crpmlm\/","name":"Vamos por la Liberaci\u00f3n","description":"Prensa CR","potentialAction":[{"@type":"SearchAction","target":{"@type":"EntryPoint","urlTemplate":"https:\/\/vamosporlaliberacion.org\/crpmlm\/?s={search_term_string}"},"query-input":{"@type":"PropertyValueSpecification","valueRequired":true,"valueName":"search_term_string"}}],"inLanguage":"es"},{"@type":"Person","@id":"https:\/\/vamosporlaliberacion.org\/crpmlm\/#\/schema\/person\/d6eac7758df3770dae9cd9eb104d615c","name":"vamos!","url":"https:\/\/vamosporlaliberacion.org\/crpmlm\/author\/adminvxl\/"}]}},"jetpack_featured_media_url":"https:\/\/i0.wp.com\/vamosporlaliberacion.org\/crpmlm\/wp-content\/uploads\/2019\/12\/FB_IMG_1577196155664.jpg?fit=720%2C476&ssl=1","jetpack_sharing_enabled":true,"_links":{"self":[{"href":"https:\/\/vamosporlaliberacion.org\/crpmlm\/wp-json\/wp\/v2\/posts\/15667","targetHints":{"allow":["GET"]}}],"collection":[{"href":"https:\/\/vamosporlaliberacion.org\/crpmlm\/wp-json\/wp\/v2\/posts"}],"about":[{"href":"https:\/\/vamosporlaliberacion.org\/crpmlm\/wp-json\/wp\/v2\/types\/post"}],"author":[{"embeddable":true,"href":"https:\/\/vamosporlaliberacion.org\/crpmlm\/wp-json\/wp\/v2\/users\/6"}],"replies":[{"embeddable":true,"href":"https:\/\/vamosporlaliberacion.org\/crpmlm\/wp-json\/wp\/v2\/comments?post=15667"}],"version-history":[{"count":1,"href":"https:\/\/vamosporlaliberacion.org\/crpmlm\/wp-json\/wp\/v2\/posts\/15667\/revisions"}],"predecessor-version":[{"id":21741,"href":"https:\/\/vamosporlaliberacion.org\/crpmlm\/wp-json\/wp\/v2\/posts\/15667\/revisions\/21741"}],"wp:featuredmedia":[{"embeddable":true,"href":"https:\/\/vamosporlaliberacion.org\/crpmlm\/wp-json\/wp\/v2\/media\/15666"}],"wp:attachment":[{"href":"https:\/\/vamosporlaliberacion.org\/crpmlm\/wp-json\/wp\/v2\/media?parent=15667"}],"wp:term":[{"taxonomy":"category","embeddable":true,"href":"https:\/\/vamosporlaliberacion.org\/crpmlm\/wp-json\/wp\/v2\/categories?post=15667"},{"taxonomy":"post_tag","embeddable":true,"href":"https:\/\/vamosporlaliberacion.org\/crpmlm\/wp-json\/wp\/v2\/tags?post=15667"}],"curies":[{"name":"wp","href":"https:\/\/api.w.org\/{rel}","templated":true}]}}