{"id":1562,"date":"2015-07-07T19:21:05","date_gmt":"2015-07-07T19:21:05","guid":{"rendered":"http:\/\/m8000370.ferozo.com\/crpmlm\/?p=1562"},"modified":"2020-11-05T19:56:37","modified_gmt":"2020-11-05T22:56:37","slug":"docentes-de-la-fadu-contra-la-precarizacion","status":"publish","type":"post","link":"https:\/\/vamosporlaliberacion.org\/crpmlm\/docentes-de-la-fadu-contra-la-precarizacion\/","title":{"rendered":"Docentes de la FADU contra la precarizaci\u00f3n"},"content":{"rendered":"<p>Los docentes de Dise\u00f1o Industrial se organizan por sus condiciones de trabajo y ense\u00f1anza, por salario, y por la educaci\u00f3n p\u00fablica, gratuita y de calidad. Entrevistamos a Mora, docente de Dise\u00f1o Industrial, miembro de la Asociaci\u00f3n Docente de la FADU en AGD-UBA e integrante de la agrupaci\u00f3n Proyectar.<\/p>\n<p><b>\u2013\u00bfCu\u00e1l es la situaci\u00f3n de la Facultad?<\/b><br \/>\n\u2013La situaci\u00f3n de los docentes es muy precaria y cada vez m\u00e1s insostenible: la mitad del plantel docente (4000 en total) no cobra y la gran mayor\u00eda del resto cobra por debajo del cargo que ejerce. Adem\u00e1s, a ra\u00edz del proceso de acreditaci\u00f3n a la CoNEAU, hay muchos a los que se les niega la designaci\u00f3n, no comput\u00e1ndose la antig\u00fcedad y quedando sin acceso a la obra social. A esto se suma el problema de la inestabilidad, dado que la mayor\u00eda de los cargos son interinos. En la UBA no existe la regularizaci\u00f3n por antig\u00fcedad. Adem\u00e1s hay muy pocos llamados a concursos y muchos de los que se ejecutan tienen un manejo abiertamente discrecional.<\/p>\n<p><b>\u2013\u00bfC\u00f3mo vienen organiz\u00e1ndose?<\/b><\/p>\n<p>\u2013Hacemos reuniones por c\u00e1tedra y asambleas por turno en las que acordamos una serie de reclamos que presentamos el d\u00eda 8 de junio a las autoridades de la facultad. Pedimos que resuelvan lo que corresponde al gobierno de la Facultad y que exijan el presupuesto necesario al Rectorado de la UBA y al Ministerio de Educaci\u00f3n Nacional. Frente a que rechazaron todos los puntos presentados y no propusieron soluciones alternativas se termin\u00f3 resolviendo que no se dictar\u00edan clases durante la semana del 29 de junio al 3 de julio. La semana pasada levantamos las clases con una adhesi\u00f3n muy alta y seguimos con las asambleas e iniciativas de visibilizaci\u00f3n. Fue muy importante en este proceso la unidad con los estudiantes, que tomaron este reclamo como propio en defensa de la educaci\u00f3n.<br \/>\n<b><br \/>\n\u2013\u00bfC\u00f3mo siguen ahora a partir de este escenario?<\/b><br \/>\n\u2013Cada vez son m\u00e1s las materias y c\u00e1tedras que se suman a esta lucha. Estamos haciendo circular un petitorio con los reclamos para la apertura de una mesa de trabajo la semana que viene. Est\u00e1 siendo firmado por todos los docentes de Dise\u00f1o Industrial y ser\u00e1 presentado a las autoridades de los distintos niveles: FADU, UBA y Ministerio de Educaci\u00f3n. Adem\u00e1s haremos una asamblea de todas las materias para discutir las pr\u00f3ximas medidas y seguir organizados contra la precarizaci\u00f3n.<\/p>\n<!-- AddThis Advanced Settings generic via filter on the_content --><!-- AddThis Share Buttons generic via filter on the_content -->","protected":false},"excerpt":{"rendered":"<p>Los docentes de Dise\u00f1o Industrial se organizan por sus condiciones de trabajo y ense\u00f1anza, por salario, y por la educaci\u00f3n p\u00fablica, gratuita y de calidad. Entrevistamos a Mora, docente de Dise\u00f1o Industrial, miembro de la Asociaci\u00f3n Docente de la FADU en AGD-UBA e integrante de la agrupaci\u00f3n Proyectar. \u2013\u00bfCu\u00e1l es la situaci\u00f3n de la Facultad? [&hellip;]<!-- AddThis Advanced Settings generic via filter on get_the_excerpt --><!-- AddThis Share Buttons generic via filter on get_the_excerpt --><\/p>\n","protected":false},"author":6,"featured_media":1571,"comment_status":"open","ping_status":"open","sticky":false,"template":"","format":"standard","meta":{"_jetpack_memberships_contains_paid_content":false,"footnotes":""},"categories":[1877,1520],"tags":[88,256,277],"class_list":{"0":"post-1562","1":"post","2":"type-post","3":"status-publish","4":"format-standard","5":"has-post-thumbnail","7":"category-gremiales","8":"category-entrevista","9":"tag-docentes","10":"tag-uba","11":"tag-vxl-55"},"yoast_head":"<!-- This site is optimized with the Yoast SEO plugin v27.4 - https:\/\/yoast.com\/product\/yoast-seo-wordpress\/ -->\n<title>Docentes de la FADU contra la precarizaci\u00f3n - Vamos por la Liberaci\u00f3n<\/title>\n<meta name=\"robots\" content=\"index, follow, max-snippet:-1, max-image-preview:large, max-video-preview:-1\" \/>\n<link rel=\"canonical\" href=\"https:\/\/vamosporlaliberacion.org\/crpmlm\/docentes-de-la-fadu-contra-la-precarizacion\/\" \/>\n<meta name=\"twitter:label1\" content=\"Escrito por\" \/>\n\t<meta name=\"twitter:data1\" content=\"vamos!\" \/>\n\t<meta name=\"twitter:label2\" content=\"Tiempo de lectura\" \/>\n\t<meta name=\"twitter:data2\" content=\"2 minutos\" \/>\n<script type=\"application\/ld+json\" class=\"yoast-schema-graph\">{\"@context\":\"https:\\\/\\\/schema.org\",\"@graph\":[{\"@type\":\"Article\",\"@id\":\"https:\\\/\\\/vamosporlaliberacion.org\\\/crpmlm\\\/docentes-de-la-fadu-contra-la-precarizacion\\\/#article\",\"isPartOf\":{\"@id\":\"https:\\\/\\\/vamosporlaliberacion.org\\\/crpmlm\\\/docentes-de-la-fadu-contra-la-precarizacion\\\/\"},\"author\":{\"name\":\"vamos!\",\"@id\":\"https:\\\/\\\/vamosporlaliberacion.org\\\/crpmlm\\\/#\\\/schema\\\/person\\\/d6eac7758df3770dae9cd9eb104d615c\"},\"headline\":\"Docentes de la FADU contra la precarizaci\u00f3n\",\"datePublished\":\"2015-07-07T19:21:05+00:00\",\"dateModified\":\"2020-11-05T22:56:37+00:00\",\"mainEntityOfPage\":{\"@id\":\"https:\\\/\\\/vamosporlaliberacion.org\\\/crpmlm\\\/docentes-de-la-fadu-contra-la-precarizacion\\\/\"},\"wordCount\":433,\"commentCount\":0,\"image\":{\"@id\":\"https:\\\/\\\/vamosporlaliberacion.org\\\/crpmlm\\\/docentes-de-la-fadu-contra-la-precarizacion\\\/#primaryimage\"},\"thumbnailUrl\":\"https:\\\/\\\/i0.wp.com\\\/vamosporlaliberacion.org\\\/crpmlm\\\/wp-content\\\/uploads\\\/2015\\\/10\\\/vxl55-18.jpg?fit=696%2C525&ssl=1\",\"keywords\":[\"docentes\",\"UBA\",\"vxl 55\"],\"articleSection\":[\"Actualidad e historia del movimiento obrero\",\"Entrevista\"],\"inLanguage\":\"es\",\"potentialAction\":[{\"@type\":\"CommentAction\",\"name\":\"Comment\",\"target\":[\"https:\\\/\\\/vamosporlaliberacion.org\\\/crpmlm\\\/docentes-de-la-fadu-contra-la-precarizacion\\\/#respond\"]}]},{\"@type\":\"WebPage\",\"@id\":\"https:\\\/\\\/vamosporlaliberacion.org\\\/crpmlm\\\/docentes-de-la-fadu-contra-la-precarizacion\\\/\",\"url\":\"https:\\\/\\\/vamosporlaliberacion.org\\\/crpmlm\\\/docentes-de-la-fadu-contra-la-precarizacion\\\/\",\"name\":\"Docentes de la FADU contra la precarizaci\u00f3n - Vamos por la Liberaci\u00f3n\",\"isPartOf\":{\"@id\":\"https:\\\/\\\/vamosporlaliberacion.org\\\/crpmlm\\\/#website\"},\"primaryImageOfPage\":{\"@id\":\"https:\\\/\\\/vamosporlaliberacion.org\\\/crpmlm\\\/docentes-de-la-fadu-contra-la-precarizacion\\\/#primaryimage\"},\"image\":{\"@id\":\"https:\\\/\\\/vamosporlaliberacion.org\\\/crpmlm\\\/docentes-de-la-fadu-contra-la-precarizacion\\\/#primaryimage\"},\"thumbnailUrl\":\"https:\\\/\\\/i0.wp.com\\\/vamosporlaliberacion.org\\\/crpmlm\\\/wp-content\\\/uploads\\\/2015\\\/10\\\/vxl55-18.jpg?fit=696%2C525&ssl=1\",\"datePublished\":\"2015-07-07T19:21:05+00:00\",\"dateModified\":\"2020-11-05T22:56:37+00:00\",\"author\":{\"@id\":\"https:\\\/\\\/vamosporlaliberacion.org\\\/crpmlm\\\/#\\\/schema\\\/person\\\/d6eac7758df3770dae9cd9eb104d615c\"},\"breadcrumb\":{\"@id\":\"https:\\\/\\\/vamosporlaliberacion.org\\\/crpmlm\\\/docentes-de-la-fadu-contra-la-precarizacion\\\/#breadcrumb\"},\"inLanguage\":\"es\",\"potentialAction\":[{\"@type\":\"ReadAction\",\"target\":[\"https:\\\/\\\/vamosporlaliberacion.org\\\/crpmlm\\\/docentes-de-la-fadu-contra-la-precarizacion\\\/\"]}]},{\"@type\":\"ImageObject\",\"inLanguage\":\"es\",\"@id\":\"https:\\\/\\\/vamosporlaliberacion.org\\\/crpmlm\\\/docentes-de-la-fadu-contra-la-precarizacion\\\/#primaryimage\",\"url\":\"https:\\\/\\\/i0.wp.com\\\/vamosporlaliberacion.org\\\/crpmlm\\\/wp-content\\\/uploads\\\/2015\\\/10\\\/vxl55-18.jpg?fit=696%2C525&ssl=1\",\"contentUrl\":\"https:\\\/\\\/i0.wp.com\\\/vamosporlaliberacion.org\\\/crpmlm\\\/wp-content\\\/uploads\\\/2015\\\/10\\\/vxl55-18.jpg?fit=696%2C525&ssl=1\",\"width\":696,\"height\":525},{\"@type\":\"BreadcrumbList\",\"@id\":\"https:\\\/\\\/vamosporlaliberacion.org\\\/crpmlm\\\/docentes-de-la-fadu-contra-la-precarizacion\\\/#breadcrumb\",\"itemListElement\":[{\"@type\":\"ListItem\",\"position\":1,\"name\":\"Portada\",\"item\":\"https:\\\/\\\/vamosporlaliberacion.org\\\/crpmlm\\\/\"},{\"@type\":\"ListItem\",\"position\":2,\"name\":\"Docentes de la FADU contra la precarizaci\u00f3n\"}]},{\"@type\":\"WebSite\",\"@id\":\"https:\\\/\\\/vamosporlaliberacion.org\\\/crpmlm\\\/#website\",\"url\":\"https:\\\/\\\/vamosporlaliberacion.org\\\/crpmlm\\\/\",\"name\":\"Vamos por la Liberaci\u00f3n\",\"description\":\"Prensa CR\",\"potentialAction\":[{\"@type\":\"SearchAction\",\"target\":{\"@type\":\"EntryPoint\",\"urlTemplate\":\"https:\\\/\\\/vamosporlaliberacion.org\\\/crpmlm\\\/?s={search_term_string}\"},\"query-input\":{\"@type\":\"PropertyValueSpecification\",\"valueRequired\":true,\"valueName\":\"search_term_string\"}}],\"inLanguage\":\"es\"},{\"@type\":\"Person\",\"@id\":\"https:\\\/\\\/vamosporlaliberacion.org\\\/crpmlm\\\/#\\\/schema\\\/person\\\/d6eac7758df3770dae9cd9eb104d615c\",\"name\":\"vamos!\",\"url\":\"https:\\\/\\\/vamosporlaliberacion.org\\\/crpmlm\\\/author\\\/adminvxl\\\/\"}]}<\/script>\n<!-- \/ Yoast SEO plugin. -->","yoast_head_json":{"title":"Docentes de la FADU contra la precarizaci\u00f3n - Vamos por la Liberaci\u00f3n","robots":{"index":"index","follow":"follow","max-snippet":"max-snippet:-1","max-image-preview":"max-image-preview:large","max-video-preview":"max-video-preview:-1"},"canonical":"https:\/\/vamosporlaliberacion.org\/crpmlm\/docentes-de-la-fadu-contra-la-precarizacion\/","twitter_misc":{"Escrito por":"vamos!","Tiempo de lectura":"2 minutos"},"schema":{"@context":"https:\/\/schema.org","@graph":[{"@type":"Article","@id":"https:\/\/vamosporlaliberacion.org\/crpmlm\/docentes-de-la-fadu-contra-la-precarizacion\/#article","isPartOf":{"@id":"https:\/\/vamosporlaliberacion.org\/crpmlm\/docentes-de-la-fadu-contra-la-precarizacion\/"},"author":{"name":"vamos!","@id":"https:\/\/vamosporlaliberacion.org\/crpmlm\/#\/schema\/person\/d6eac7758df3770dae9cd9eb104d615c"},"headline":"Docentes de la FADU contra la precarizaci\u00f3n","datePublished":"2015-07-07T19:21:05+00:00","dateModified":"2020-11-05T22:56:37+00:00","mainEntityOfPage":{"@id":"https:\/\/vamosporlaliberacion.org\/crpmlm\/docentes-de-la-fadu-contra-la-precarizacion\/"},"wordCount":433,"commentCount":0,"image":{"@id":"https:\/\/vamosporlaliberacion.org\/crpmlm\/docentes-de-la-fadu-contra-la-precarizacion\/#primaryimage"},"thumbnailUrl":"https:\/\/i0.wp.com\/vamosporlaliberacion.org\/crpmlm\/wp-content\/uploads\/2015\/10\/vxl55-18.jpg?fit=696%2C525&ssl=1","keywords":["docentes","UBA","vxl 55"],"articleSection":["Actualidad e historia del movimiento obrero","Entrevista"],"inLanguage":"es","potentialAction":[{"@type":"CommentAction","name":"Comment","target":["https:\/\/vamosporlaliberacion.org\/crpmlm\/docentes-de-la-fadu-contra-la-precarizacion\/#respond"]}]},{"@type":"WebPage","@id":"https:\/\/vamosporlaliberacion.org\/crpmlm\/docentes-de-la-fadu-contra-la-precarizacion\/","url":"https:\/\/vamosporlaliberacion.org\/crpmlm\/docentes-de-la-fadu-contra-la-precarizacion\/","name":"Docentes de la FADU contra la precarizaci\u00f3n - Vamos por la Liberaci\u00f3n","isPartOf":{"@id":"https:\/\/vamosporlaliberacion.org\/crpmlm\/#website"},"primaryImageOfPage":{"@id":"https:\/\/vamosporlaliberacion.org\/crpmlm\/docentes-de-la-fadu-contra-la-precarizacion\/#primaryimage"},"image":{"@id":"https:\/\/vamosporlaliberacion.org\/crpmlm\/docentes-de-la-fadu-contra-la-precarizacion\/#primaryimage"},"thumbnailUrl":"https:\/\/i0.wp.com\/vamosporlaliberacion.org\/crpmlm\/wp-content\/uploads\/2015\/10\/vxl55-18.jpg?fit=696%2C525&ssl=1","datePublished":"2015-07-07T19:21:05+00:00","dateModified":"2020-11-05T22:56:37+00:00","author":{"@id":"https:\/\/vamosporlaliberacion.org\/crpmlm\/#\/schema\/person\/d6eac7758df3770dae9cd9eb104d615c"},"breadcrumb":{"@id":"https:\/\/vamosporlaliberacion.org\/crpmlm\/docentes-de-la-fadu-contra-la-precarizacion\/#breadcrumb"},"inLanguage":"es","potentialAction":[{"@type":"ReadAction","target":["https:\/\/vamosporlaliberacion.org\/crpmlm\/docentes-de-la-fadu-contra-la-precarizacion\/"]}]},{"@type":"ImageObject","inLanguage":"es","@id":"https:\/\/vamosporlaliberacion.org\/crpmlm\/docentes-de-la-fadu-contra-la-precarizacion\/#primaryimage","url":"https:\/\/i0.wp.com\/vamosporlaliberacion.org\/crpmlm\/wp-content\/uploads\/2015\/10\/vxl55-18.jpg?fit=696%2C525&ssl=1","contentUrl":"https:\/\/i0.wp.com\/vamosporlaliberacion.org\/crpmlm\/wp-content\/uploads\/2015\/10\/vxl55-18.jpg?fit=696%2C525&ssl=1","width":696,"height":525},{"@type":"BreadcrumbList","@id":"https:\/\/vamosporlaliberacion.org\/crpmlm\/docentes-de-la-fadu-contra-la-precarizacion\/#breadcrumb","itemListElement":[{"@type":"ListItem","position":1,"name":"Portada","item":"https:\/\/vamosporlaliberacion.org\/crpmlm\/"},{"@type":"ListItem","position":2,"name":"Docentes de la FADU contra la precarizaci\u00f3n"}]},{"@type":"WebSite","@id":"https:\/\/vamosporlaliberacion.org\/crpmlm\/#website","url":"https:\/\/vamosporlaliberacion.org\/crpmlm\/","name":"Vamos por la Liberaci\u00f3n","description":"Prensa CR","potentialAction":[{"@type":"SearchAction","target":{"@type":"EntryPoint","urlTemplate":"https:\/\/vamosporlaliberacion.org\/crpmlm\/?s={search_term_string}"},"query-input":{"@type":"PropertyValueSpecification","valueRequired":true,"valueName":"search_term_string"}}],"inLanguage":"es"},{"@type":"Person","@id":"https:\/\/vamosporlaliberacion.org\/crpmlm\/#\/schema\/person\/d6eac7758df3770dae9cd9eb104d615c","name":"vamos!","url":"https:\/\/vamosporlaliberacion.org\/crpmlm\/author\/adminvxl\/"}]}},"jetpack_featured_media_url":"https:\/\/i0.wp.com\/vamosporlaliberacion.org\/crpmlm\/wp-content\/uploads\/2015\/10\/vxl55-18.jpg?fit=696%2C525&ssl=1","jetpack_sharing_enabled":true,"_links":{"self":[{"href":"https:\/\/vamosporlaliberacion.org\/crpmlm\/wp-json\/wp\/v2\/posts\/1562","targetHints":{"allow":["GET"]}}],"collection":[{"href":"https:\/\/vamosporlaliberacion.org\/crpmlm\/wp-json\/wp\/v2\/posts"}],"about":[{"href":"https:\/\/vamosporlaliberacion.org\/crpmlm\/wp-json\/wp\/v2\/types\/post"}],"author":[{"embeddable":true,"href":"https:\/\/vamosporlaliberacion.org\/crpmlm\/wp-json\/wp\/v2\/users\/6"}],"replies":[{"embeddable":true,"href":"https:\/\/vamosporlaliberacion.org\/crpmlm\/wp-json\/wp\/v2\/comments?post=1562"}],"version-history":[{"count":1,"href":"https:\/\/vamosporlaliberacion.org\/crpmlm\/wp-json\/wp\/v2\/posts\/1562\/revisions"}],"predecessor-version":[{"id":21714,"href":"https:\/\/vamosporlaliberacion.org\/crpmlm\/wp-json\/wp\/v2\/posts\/1562\/revisions\/21714"}],"wp:featuredmedia":[{"embeddable":true,"href":"https:\/\/vamosporlaliberacion.org\/crpmlm\/wp-json\/wp\/v2\/media\/1571"}],"wp:attachment":[{"href":"https:\/\/vamosporlaliberacion.org\/crpmlm\/wp-json\/wp\/v2\/media?parent=1562"}],"wp:term":[{"taxonomy":"category","embeddable":true,"href":"https:\/\/vamosporlaliberacion.org\/crpmlm\/wp-json\/wp\/v2\/categories?post=1562"},{"taxonomy":"post_tag","embeddable":true,"href":"https:\/\/vamosporlaliberacion.org\/crpmlm\/wp-json\/wp\/v2\/tags?post=1562"}],"curies":[{"name":"wp","href":"https:\/\/api.w.org\/{rel}","templated":true}]}}