{"id":15563,"date":"2019-12-15T19:28:34","date_gmt":"2019-12-15T22:28:34","guid":{"rendered":"http:\/\/vamosporlaliberacion.org\/crpmlm\/?p=15563"},"modified":"2019-12-15T21:24:53","modified_gmt":"2019-12-16T00:24:53","slug":"el-gobierno-modifico-el-esquema-de-las-retenciones-agropecuarias","status":"publish","type":"post","link":"https:\/\/vamosporlaliberacion.org\/crpmlm\/el-gobierno-modifico-el-esquema-de-las-retenciones-agropecuarias\/","title":{"rendered":"El Gobierno modific\u00f3 el esquema de las retenciones agropecuarias"},"content":{"rendered":"<p>A trav\u00e9s de un decreto publicado este s\u00e1bado en el Bolet\u00edn Oficial, el Gobierno estableci\u00f3 un cambio en el r\u00e9gimen de retenciones a las exportaciones agropecuarias. As\u00ed se elimin\u00f3 la f\u00f3rmula de fijar como derecho de exportaci\u00f3n $ 4 por d\u00f3lar exportado para los cereales y otras materias primas, por lo que la soja en principio, quedar\u00eda en 30% (18% m\u00e1s 12%). Otros productos pagar\u00e1n 9% y algunos quedar\u00e1n en $ 3 por d\u00f3lar, que hoy implica 5%.<\/p>\n<p>Los monopolios agro-exportadores, los terratenientes y pooles de siembra son junto con los bancos, los ganadores de la pol\u00edtica macrista donde <strong>pagaban \u00a1solo 4 pesos por cada d\u00f3lar que les ingresaba, con un d\u00f3lar a 67 pesos, un robo!, mientras que el pueblo era castigado con los mega tarifazos del 3000%.<\/strong><\/p>\n<p>Adem\u00e1s se les hab\u00eda sacado la obligaci\u00f3n de rendir las divisas y ten\u00edan liberadas las importaciones. Una pol\u00edtica que dej\u00f3 41% de pobreza, hambre, destrucci\u00f3n nacional y endeudamiento por generaciones.<\/p>\n<p>Los peque\u00f1os y medianos productores fueron golpeados por los impuestos, insumos y semillas a precio d\u00f3lar; junto con los pobres, originarios y trabajadores rurales que soportan la peor parte con el precio de los arriendos, la falta de tierras y el valor de las semillas e insumos. A la par se destruyeron las econom\u00edas regionales con los productos importados.<\/p>\n<p>De acuerdo a esta realidad es necesaria la segmentaci\u00f3n de las retenciones anunciadas y el control por parte de las organizaciones populares para que no se afecte a todos por igual y paguen los que fueron parte de la orgia reaccionaria. Estamos a la espera de la reglamentaci\u00f3n.<\/p>\n<p><strong>Apoyamos esta resoluci\u00f3n tomada por el gobierno<br \/>\n<\/strong><strong>\u00a1Defendamos estas medidas con el pueblo en las calles!<\/strong><\/p>\n<!-- AddThis Advanced Settings generic via filter on the_content --><!-- AddThis Share Buttons generic via filter on the_content -->","protected":false},"excerpt":{"rendered":"<p>A trav\u00e9s de un decreto publicado este s\u00e1bado en el Bolet\u00edn Oficial, el Gobierno estableci\u00f3 un cambio en el r\u00e9gimen de retenciones a las exportaciones agropecuarias. As\u00ed se elimin\u00f3 la f\u00f3rmula de fijar como derecho de exportaci\u00f3n $ 4 por d\u00f3lar exportado para los cereales y otras materias primas, por lo que la soja en [&hellip;]<!-- AddThis Advanced Settings generic via filter on get_the_excerpt --><!-- AddThis Share Buttons generic via filter on get_the_excerpt --><\/p>\n","protected":false},"author":6,"featured_media":15564,"comment_status":"open","ping_status":"open","sticky":false,"template":"","format":"standard","meta":{"_jetpack_memberships_contains_paid_content":false,"footnotes":""},"categories":[1699],"tags":[47,1393,506,1486,1479],"class_list":{"0":"post-15563","1":"post","2":"type-post","3":"status-publish","4":"format-standard","5":"has-post-thumbnail","7":"category-noticias","8":"tag-campo","9":"tag-frente-de-todxs","10":"tag-retenciones","11":"tag-soja","12":"tag-todxs"},"yoast_head":"<!-- This site is optimized with the Yoast SEO plugin v27.4 - https:\/\/yoast.com\/product\/yoast-seo-wordpress\/ -->\n<title>El Gobierno modific\u00f3 el esquema de las retenciones agropecuarias - Vamos por la Liberaci\u00f3n<\/title>\n<meta name=\"robots\" content=\"index, follow, max-snippet:-1, max-image-preview:large, max-video-preview:-1\" \/>\n<link rel=\"canonical\" href=\"http:\/\/vamosporlaliberacion.org\/crpmlm\/el-gobierno-modifico-el-esquema-de-las-retenciones-agropecuarias\/\" \/>\n<meta name=\"twitter:label1\" content=\"Escrito por\" \/>\n\t<meta name=\"twitter:data1\" content=\"vamos!\" \/>\n\t<meta name=\"twitter:label2\" content=\"Tiempo de lectura\" \/>\n\t<meta name=\"twitter:data2\" content=\"1 minuto\" \/>\n<script type=\"application\/ld+json\" class=\"yoast-schema-graph\">{\"@context\":\"https:\\\/\\\/schema.org\",\"@graph\":[{\"@type\":\"Article\",\"@id\":\"http:\\\/\\\/vamosporlaliberacion.org\\\/crpmlm\\\/el-gobierno-modifico-el-esquema-de-las-retenciones-agropecuarias\\\/#article\",\"isPartOf\":{\"@id\":\"http:\\\/\\\/vamosporlaliberacion.org\\\/crpmlm\\\/el-gobierno-modifico-el-esquema-de-las-retenciones-agropecuarias\\\/\"},\"author\":{\"name\":\"vamos!\",\"@id\":\"https:\\\/\\\/vamosporlaliberacion.org\\\/crpmlm\\\/#\\\/schema\\\/person\\\/d6eac7758df3770dae9cd9eb104d615c\"},\"headline\":\"El Gobierno modific\u00f3 el esquema de las retenciones agropecuarias\",\"datePublished\":\"2019-12-15T22:28:34+00:00\",\"dateModified\":\"2019-12-16T00:24:53+00:00\",\"mainEntityOfPage\":{\"@id\":\"http:\\\/\\\/vamosporlaliberacion.org\\\/crpmlm\\\/el-gobierno-modifico-el-esquema-de-las-retenciones-agropecuarias\\\/\"},\"wordCount\":305,\"commentCount\":0,\"image\":{\"@id\":\"http:\\\/\\\/vamosporlaliberacion.org\\\/crpmlm\\\/el-gobierno-modifico-el-esquema-de-las-retenciones-agropecuarias\\\/#primaryimage\"},\"thumbnailUrl\":\"https:\\\/\\\/i0.wp.com\\\/vamosporlaliberacion.org\\\/crpmlm\\\/wp-content\\\/uploads\\\/2019\\\/12\\\/soja.png?fit=696%2C549&ssl=1\",\"keywords\":[\"Campo\",\"frente de todxs\",\"retenciones\",\"soja\",\"todxs\"],\"articleSection\":[\"Noticias\"],\"inLanguage\":\"es\",\"potentialAction\":[{\"@type\":\"CommentAction\",\"name\":\"Comment\",\"target\":[\"http:\\\/\\\/vamosporlaliberacion.org\\\/crpmlm\\\/el-gobierno-modifico-el-esquema-de-las-retenciones-agropecuarias\\\/#respond\"]}]},{\"@type\":\"WebPage\",\"@id\":\"http:\\\/\\\/vamosporlaliberacion.org\\\/crpmlm\\\/el-gobierno-modifico-el-esquema-de-las-retenciones-agropecuarias\\\/\",\"url\":\"http:\\\/\\\/vamosporlaliberacion.org\\\/crpmlm\\\/el-gobierno-modifico-el-esquema-de-las-retenciones-agropecuarias\\\/\",\"name\":\"El Gobierno modific\u00f3 el esquema de las retenciones agropecuarias - Vamos por la Liberaci\u00f3n\",\"isPartOf\":{\"@id\":\"https:\\\/\\\/vamosporlaliberacion.org\\\/crpmlm\\\/#website\"},\"primaryImageOfPage\":{\"@id\":\"http:\\\/\\\/vamosporlaliberacion.org\\\/crpmlm\\\/el-gobierno-modifico-el-esquema-de-las-retenciones-agropecuarias\\\/#primaryimage\"},\"image\":{\"@id\":\"http:\\\/\\\/vamosporlaliberacion.org\\\/crpmlm\\\/el-gobierno-modifico-el-esquema-de-las-retenciones-agropecuarias\\\/#primaryimage\"},\"thumbnailUrl\":\"https:\\\/\\\/i0.wp.com\\\/vamosporlaliberacion.org\\\/crpmlm\\\/wp-content\\\/uploads\\\/2019\\\/12\\\/soja.png?fit=696%2C549&ssl=1\",\"datePublished\":\"2019-12-15T22:28:34+00:00\",\"dateModified\":\"2019-12-16T00:24:53+00:00\",\"author\":{\"@id\":\"https:\\\/\\\/vamosporlaliberacion.org\\\/crpmlm\\\/#\\\/schema\\\/person\\\/d6eac7758df3770dae9cd9eb104d615c\"},\"breadcrumb\":{\"@id\":\"http:\\\/\\\/vamosporlaliberacion.org\\\/crpmlm\\\/el-gobierno-modifico-el-esquema-de-las-retenciones-agropecuarias\\\/#breadcrumb\"},\"inLanguage\":\"es\",\"potentialAction\":[{\"@type\":\"ReadAction\",\"target\":[\"http:\\\/\\\/vamosporlaliberacion.org\\\/crpmlm\\\/el-gobierno-modifico-el-esquema-de-las-retenciones-agropecuarias\\\/\"]}]},{\"@type\":\"ImageObject\",\"inLanguage\":\"es\",\"@id\":\"http:\\\/\\\/vamosporlaliberacion.org\\\/crpmlm\\\/el-gobierno-modifico-el-esquema-de-las-retenciones-agropecuarias\\\/#primaryimage\",\"url\":\"https:\\\/\\\/i0.wp.com\\\/vamosporlaliberacion.org\\\/crpmlm\\\/wp-content\\\/uploads\\\/2019\\\/12\\\/soja.png?fit=696%2C549&ssl=1\",\"contentUrl\":\"https:\\\/\\\/i0.wp.com\\\/vamosporlaliberacion.org\\\/crpmlm\\\/wp-content\\\/uploads\\\/2019\\\/12\\\/soja.png?fit=696%2C549&ssl=1\",\"width\":696,\"height\":549},{\"@type\":\"BreadcrumbList\",\"@id\":\"http:\\\/\\\/vamosporlaliberacion.org\\\/crpmlm\\\/el-gobierno-modifico-el-esquema-de-las-retenciones-agropecuarias\\\/#breadcrumb\",\"itemListElement\":[{\"@type\":\"ListItem\",\"position\":1,\"name\":\"Portada\",\"item\":\"https:\\\/\\\/vamosporlaliberacion.org\\\/crpmlm\\\/\"},{\"@type\":\"ListItem\",\"position\":2,\"name\":\"El Gobierno modific\u00f3 el esquema de las retenciones agropecuarias\"}]},{\"@type\":\"WebSite\",\"@id\":\"https:\\\/\\\/vamosporlaliberacion.org\\\/crpmlm\\\/#website\",\"url\":\"https:\\\/\\\/vamosporlaliberacion.org\\\/crpmlm\\\/\",\"name\":\"Vamos por la Liberaci\u00f3n\",\"description\":\"Prensa CR\",\"potentialAction\":[{\"@type\":\"SearchAction\",\"target\":{\"@type\":\"EntryPoint\",\"urlTemplate\":\"https:\\\/\\\/vamosporlaliberacion.org\\\/crpmlm\\\/?s={search_term_string}\"},\"query-input\":{\"@type\":\"PropertyValueSpecification\",\"valueRequired\":true,\"valueName\":\"search_term_string\"}}],\"inLanguage\":\"es\"},{\"@type\":\"Person\",\"@id\":\"https:\\\/\\\/vamosporlaliberacion.org\\\/crpmlm\\\/#\\\/schema\\\/person\\\/d6eac7758df3770dae9cd9eb104d615c\",\"name\":\"vamos!\",\"url\":\"https:\\\/\\\/vamosporlaliberacion.org\\\/crpmlm\\\/author\\\/adminvxl\\\/\"}]}<\/script>\n<!-- \/ Yoast SEO plugin. -->","yoast_head_json":{"title":"El Gobierno modific\u00f3 el esquema de las retenciones agropecuarias - Vamos por la Liberaci\u00f3n","robots":{"index":"index","follow":"follow","max-snippet":"max-snippet:-1","max-image-preview":"max-image-preview:large","max-video-preview":"max-video-preview:-1"},"canonical":"http:\/\/vamosporlaliberacion.org\/crpmlm\/el-gobierno-modifico-el-esquema-de-las-retenciones-agropecuarias\/","twitter_misc":{"Escrito por":"vamos!","Tiempo de lectura":"1 minuto"},"schema":{"@context":"https:\/\/schema.org","@graph":[{"@type":"Article","@id":"http:\/\/vamosporlaliberacion.org\/crpmlm\/el-gobierno-modifico-el-esquema-de-las-retenciones-agropecuarias\/#article","isPartOf":{"@id":"http:\/\/vamosporlaliberacion.org\/crpmlm\/el-gobierno-modifico-el-esquema-de-las-retenciones-agropecuarias\/"},"author":{"name":"vamos!","@id":"https:\/\/vamosporlaliberacion.org\/crpmlm\/#\/schema\/person\/d6eac7758df3770dae9cd9eb104d615c"},"headline":"El Gobierno modific\u00f3 el esquema de las retenciones agropecuarias","datePublished":"2019-12-15T22:28:34+00:00","dateModified":"2019-12-16T00:24:53+00:00","mainEntityOfPage":{"@id":"http:\/\/vamosporlaliberacion.org\/crpmlm\/el-gobierno-modifico-el-esquema-de-las-retenciones-agropecuarias\/"},"wordCount":305,"commentCount":0,"image":{"@id":"http:\/\/vamosporlaliberacion.org\/crpmlm\/el-gobierno-modifico-el-esquema-de-las-retenciones-agropecuarias\/#primaryimage"},"thumbnailUrl":"https:\/\/i0.wp.com\/vamosporlaliberacion.org\/crpmlm\/wp-content\/uploads\/2019\/12\/soja.png?fit=696%2C549&ssl=1","keywords":["Campo","frente de todxs","retenciones","soja","todxs"],"articleSection":["Noticias"],"inLanguage":"es","potentialAction":[{"@type":"CommentAction","name":"Comment","target":["http:\/\/vamosporlaliberacion.org\/crpmlm\/el-gobierno-modifico-el-esquema-de-las-retenciones-agropecuarias\/#respond"]}]},{"@type":"WebPage","@id":"http:\/\/vamosporlaliberacion.org\/crpmlm\/el-gobierno-modifico-el-esquema-de-las-retenciones-agropecuarias\/","url":"http:\/\/vamosporlaliberacion.org\/crpmlm\/el-gobierno-modifico-el-esquema-de-las-retenciones-agropecuarias\/","name":"El Gobierno modific\u00f3 el esquema de las retenciones agropecuarias - Vamos por la Liberaci\u00f3n","isPartOf":{"@id":"https:\/\/vamosporlaliberacion.org\/crpmlm\/#website"},"primaryImageOfPage":{"@id":"http:\/\/vamosporlaliberacion.org\/crpmlm\/el-gobierno-modifico-el-esquema-de-las-retenciones-agropecuarias\/#primaryimage"},"image":{"@id":"http:\/\/vamosporlaliberacion.org\/crpmlm\/el-gobierno-modifico-el-esquema-de-las-retenciones-agropecuarias\/#primaryimage"},"thumbnailUrl":"https:\/\/i0.wp.com\/vamosporlaliberacion.org\/crpmlm\/wp-content\/uploads\/2019\/12\/soja.png?fit=696%2C549&ssl=1","datePublished":"2019-12-15T22:28:34+00:00","dateModified":"2019-12-16T00:24:53+00:00","author":{"@id":"https:\/\/vamosporlaliberacion.org\/crpmlm\/#\/schema\/person\/d6eac7758df3770dae9cd9eb104d615c"},"breadcrumb":{"@id":"http:\/\/vamosporlaliberacion.org\/crpmlm\/el-gobierno-modifico-el-esquema-de-las-retenciones-agropecuarias\/#breadcrumb"},"inLanguage":"es","potentialAction":[{"@type":"ReadAction","target":["http:\/\/vamosporlaliberacion.org\/crpmlm\/el-gobierno-modifico-el-esquema-de-las-retenciones-agropecuarias\/"]}]},{"@type":"ImageObject","inLanguage":"es","@id":"http:\/\/vamosporlaliberacion.org\/crpmlm\/el-gobierno-modifico-el-esquema-de-las-retenciones-agropecuarias\/#primaryimage","url":"https:\/\/i0.wp.com\/vamosporlaliberacion.org\/crpmlm\/wp-content\/uploads\/2019\/12\/soja.png?fit=696%2C549&ssl=1","contentUrl":"https:\/\/i0.wp.com\/vamosporlaliberacion.org\/crpmlm\/wp-content\/uploads\/2019\/12\/soja.png?fit=696%2C549&ssl=1","width":696,"height":549},{"@type":"BreadcrumbList","@id":"http:\/\/vamosporlaliberacion.org\/crpmlm\/el-gobierno-modifico-el-esquema-de-las-retenciones-agropecuarias\/#breadcrumb","itemListElement":[{"@type":"ListItem","position":1,"name":"Portada","item":"https:\/\/vamosporlaliberacion.org\/crpmlm\/"},{"@type":"ListItem","position":2,"name":"El Gobierno modific\u00f3 el esquema de las retenciones agropecuarias"}]},{"@type":"WebSite","@id":"https:\/\/vamosporlaliberacion.org\/crpmlm\/#website","url":"https:\/\/vamosporlaliberacion.org\/crpmlm\/","name":"Vamos por la Liberaci\u00f3n","description":"Prensa CR","potentialAction":[{"@type":"SearchAction","target":{"@type":"EntryPoint","urlTemplate":"https:\/\/vamosporlaliberacion.org\/crpmlm\/?s={search_term_string}"},"query-input":{"@type":"PropertyValueSpecification","valueRequired":true,"valueName":"search_term_string"}}],"inLanguage":"es"},{"@type":"Person","@id":"https:\/\/vamosporlaliberacion.org\/crpmlm\/#\/schema\/person\/d6eac7758df3770dae9cd9eb104d615c","name":"vamos!","url":"https:\/\/vamosporlaliberacion.org\/crpmlm\/author\/adminvxl\/"}]}},"jetpack_featured_media_url":"https:\/\/i0.wp.com\/vamosporlaliberacion.org\/crpmlm\/wp-content\/uploads\/2019\/12\/soja.png?fit=696%2C549&ssl=1","jetpack_sharing_enabled":true,"_links":{"self":[{"href":"https:\/\/vamosporlaliberacion.org\/crpmlm\/wp-json\/wp\/v2\/posts\/15563","targetHints":{"allow":["GET"]}}],"collection":[{"href":"https:\/\/vamosporlaliberacion.org\/crpmlm\/wp-json\/wp\/v2\/posts"}],"about":[{"href":"https:\/\/vamosporlaliberacion.org\/crpmlm\/wp-json\/wp\/v2\/types\/post"}],"author":[{"embeddable":true,"href":"https:\/\/vamosporlaliberacion.org\/crpmlm\/wp-json\/wp\/v2\/users\/6"}],"replies":[{"embeddable":true,"href":"https:\/\/vamosporlaliberacion.org\/crpmlm\/wp-json\/wp\/v2\/comments?post=15563"}],"version-history":[{"count":0,"href":"https:\/\/vamosporlaliberacion.org\/crpmlm\/wp-json\/wp\/v2\/posts\/15563\/revisions"}],"wp:featuredmedia":[{"embeddable":true,"href":"https:\/\/vamosporlaliberacion.org\/crpmlm\/wp-json\/wp\/v2\/media\/15564"}],"wp:attachment":[{"href":"https:\/\/vamosporlaliberacion.org\/crpmlm\/wp-json\/wp\/v2\/media?parent=15563"}],"wp:term":[{"taxonomy":"category","embeddable":true,"href":"https:\/\/vamosporlaliberacion.org\/crpmlm\/wp-json\/wp\/v2\/categories?post=15563"},{"taxonomy":"post_tag","embeddable":true,"href":"https:\/\/vamosporlaliberacion.org\/crpmlm\/wp-json\/wp\/v2\/tags?post=15563"}],"curies":[{"name":"wp","href":"https:\/\/api.w.org\/{rel}","templated":true}]}}