{"id":15535,"date":"2019-12-14T16:15:06","date_gmt":"2019-12-14T19:15:06","guid":{"rendered":"http:\/\/vamosporlaliberacion.org\/crpmlm\/?p=15535"},"modified":"2019-12-14T16:38:39","modified_gmt":"2019-12-14T19:38:39","slug":"pueblo-alberdi-habitando-el-espacio-publico","status":"publish","type":"post","link":"https:\/\/vamosporlaliberacion.org\/crpmlm\/pueblo-alberdi-habitando-el-espacio-publico\/","title":{"rendered":"PUEBLO ALBERDI: Habitando el espacio p\u00fablico"},"content":{"rendered":"<p>Alberdi es uno de los barrios, si no el m\u00e1s, importantes de C\u00f3rdoba por su composici\u00f3n hist\u00f3rica, uno de los primeros barrios obreros y mucha juventud universitaria con el HN Cl\u00ednicas, lo que determin\u00f3 que se protagonizaran hechos relevantes de la pol\u00edtica nacional como el Cordobazo, la toma de la cervecer\u00eda durante el menemismo y, desde hace unos a\u00f1os, por su Centro Vecinal que ha logrado ser el polo coordinador de las necesidades y las luchas de lxs vecinxs del barrio. Encabezando las movilizaciones contra los tarifazos de Macri, la falta de obras p\u00fablicas del gobierno de Mestre, estableciendo v\u00ednculos con otros centros vecinales, con universidades y colegios y recuperando \u201cLa Piojera\u201d como centro cultural.<\/p>\n<p>En este proceso lxs j\u00f3venes fueron y son protagonistas. Al calor de estas luchas se fue formando PUEBLO ALBERDI, <em>\u201cun espacio de articulaci\u00f3n territorial que retoma los contenidos hist\u00f3ricos del barrio: nuestros pueblos originarios, la reforma universitaria, el cordobazo y la defensa de nuestro patrimonio identitario. Enfrentamos un modelo de desarrollo y planificaci\u00f3n urbana al servicio de la renta y la especulaci\u00f3n inmobiliaria\u2026\u201d<\/em> <em>\u201c\u2026Trabajamos para fortalecer el concepto de habitar el espacio p\u00fablico porque sostenemos que es el lugar de encuentro, debate, discusi\u00f3n, intercambio democr\u00e1tico, protagonismo y amor pol\u00edtico donde, a partir de las necesidades concretas de los vecinos, podemos construir los barrios que necesitamos. Nuestras acciones buscan incidencia en las pol\u00edticas p\u00fablicas\u201d.<\/em><\/p>\n<p>As\u00ed, este grupo de j\u00f3venes viene logrando que cada vez m\u00e1s vecinxs hagan propios los espacios p\u00fablicos del barrio. La reapertura de La Piojera es el hecho pol\u00edtico m\u00e1s importante, como centro cultural, que fortalece una pol\u00edtica de co-gesti\u00f3n con participaci\u00f3n, diversidad, plurinacionalidad, solidaridad y DDHH. Tambi\u00e9n las ferias artesanales en los espacios m\u00e1s emblem\u00e1ticos y transitados del barrio, las huertas autogestivas en los terrenos bald\u00edos, dispensarios de salud, encuentros con la red feminista del club Belgrano y taller textil de mujeres en la econom\u00eda popular, encuentros de j\u00f3venes y centros de estudiantes, acompa\u00f1amiento a la escuela p\u00fablica y enfrentando el abandono de la infraestructura del barrio entre tantas otras actividades.<\/p>\n<p><center><iframe loading=\"lazy\" width=\"949\" height=\"534\" src=\"https:\/\/www.youtube.com\/embed\/LOXgZZcjRWw\" frameborder=\"0\" allow=\"accelerometer; autoplay; encrypted-media; gyroscope; picture-in-picture\" allowfullscreen><\/iframe><\/center><\/p>\n<p>Todos estos procesos no s\u00f3lo vienen llenando al Centro Vecinal de la participaci\u00f3n de lxs vecinxs sino que han cambiado la fisonom\u00eda del barrio, se respira un aire fresco, fraterno, independiente y de lucha conjunta, por defender y hacer propio Alberdi habitando sus espacios y generando v\u00ednculos cada vez m\u00e1s fuertes entre sus vecinxs, otros centros vecinales y el pueblo de C\u00f3rdoba. Esta alegr\u00eda y trabajo conjunto se vieron en la pe\u00f1a de fin de a\u00f1o en el club Belgrano, con m\u00e1s de 500 vecinxs colaborando y disfrutando de grupos folkl\u00f3ricos, comida artesanal y recaudando fondos para sostener las actividades del Centro Vecinal y Pueblo Alberdi.<\/p>\n<p>Son d\u00edas de festejo. Es el fin de un gobierno neoliberal que trajo pobreza, hambre, violencia y aumento de la desigualdad en nuestro territorio. Fueron cuatro a\u00f1os donde desde el Centro Vecinal Alberdi, fuimos planificando formas de trabajo y actividades partiendo de las necesidades de lxs vecinxs. Nos encontramos en las calles y en las plazas reclamando y luchando junto al pueblo. Tambi\u00e9n gestionando, tratando de mejorar la vida de la gente. Hoy es un d\u00eda de festejo, pero no bajamos la guardia, no abandonamos la lucha. Sostenemos que es necesaria la salida colectiva horizontal y democr\u00e1tica, para resolver los grandes problemas que afectan a nuestras vecinas y vecinos, y a nuestra Argentina.<\/p>\n\n                <style type=\"text\/css\">\n                    \n                    #tdi_1_fb9  .td-doubleSlider-2 .td-item1 {\n                        background: url(https:\/\/i0.wp.com\/vamosporlaliberacion.org\/crpmlm\/wp-content\/uploads\/2019\/12\/alberdi-5.png?resize=80%2C60&ssl=1) 0 0 no-repeat;\n                    }\n                    #tdi_1_fb9  .td-doubleSlider-2 .td-item2 {\n                        background: url(https:\/\/i0.wp.com\/vamosporlaliberacion.org\/crpmlm\/wp-content\/uploads\/2019\/12\/alberdi-4.png?resize=80%2C60&ssl=1) 0 0 no-repeat;\n                    }\n                    #tdi_1_fb9  .td-doubleSlider-2 .td-item3 {\n                        background: url(https:\/\/i0.wp.com\/vamosporlaliberacion.org\/crpmlm\/wp-content\/uploads\/2019\/12\/alberdi-2.png?resize=80%2C60&ssl=1) 0 0 no-repeat;\n                    }\n                    #tdi_1_fb9  .td-doubleSlider-2 .td-item4 {\n                        background: url(https:\/\/i0.wp.com\/vamosporlaliberacion.org\/crpmlm\/wp-content\/uploads\/2019\/12\/alberdi-1.png?resize=80%2C60&ssl=1) 0 0 no-repeat;\n                    }\n                    #tdi_1_fb9  .td-doubleSlider-2 .td-item5 {\n                        background: url(https:\/\/i0.wp.com\/vamosporlaliberacion.org\/crpmlm\/wp-content\/uploads\/2019\/12\/alberdi-3.png?resize=80%2C60&ssl=1) 0 0 no-repeat;\n                    }\n                <\/style>\n\n                <div id=\"tdi_1_fb9\" class=\"td-gallery td-slide-on-2-columns\">\n                    <div class=\"post_td_gallery\">\n                        <div class=\"td-gallery-slide-top\">\n                           <div class=\"td-gallery-title\"><\/div>\n\n                            <div class=\"td-gallery-controls-wrapper\">\n                                <div class=\"td-gallery-slide-count\"><span class=\"td-gallery-slide-item-focus\">1<\/span> of 5<\/div>\n                                <div class=\"td-gallery-slide-prev-next-but\">\n                                    <i class = \"td-icon-left doubleSliderPrevButton\"><\/i>\n                                    <i class = \"td-icon-right doubleSliderNextButton\"><\/i>\n                                <\/div>\n                            <\/div>\n                        <\/div>\n\n                        <div class = \"td-doubleSlider-1 \">\n                            <div class = \"td-slider\">\n                                \n                    <div class = \"td-slide-item td-item1\">\n                        <figure class=\"td-slide-galery-figure td-slide-popup-gallery\">\n                            <a class=\"slide-gallery-image-link\" href=\"https:\/\/i0.wp.com\/vamosporlaliberacion.org\/crpmlm\/wp-content\/uploads\/2019\/12\/alberdi-5.png?fit=696%2C549&ssl=1\" title=\"alberdi 5\"  data-caption=\"\"  data-description=\"\">\n                                <img decoding=\"async\" src=\"https:\/\/i0.wp.com\/vamosporlaliberacion.org\/crpmlm\/wp-content\/uploads\/2019\/12\/alberdi-5.png?resize=532%2C420&ssl=1\" srcset=\"https:\/\/i0.wp.com\/vamosporlaliberacion.org\/crpmlm\/wp-content\/uploads\/2019\/12\/alberdi-5.png?w=696&ssl=1 696w, https:\/\/i0.wp.com\/vamosporlaliberacion.org\/crpmlm\/wp-content\/uploads\/2019\/12\/alberdi-5.png?resize=300%2C237&ssl=1 300w, https:\/\/i0.wp.com\/vamosporlaliberacion.org\/crpmlm\/wp-content\/uploads\/2019\/12\/alberdi-5.png?resize=532%2C420&ssl=1 532w\" sizes=\"(max-width: 532px) 100vw, 532px\" alt=\"\">\n                            <\/a>\n                            \n                        <\/figure>\n                    <\/div>\n                    <div class = \"td-slide-item td-item2\">\n                        <figure class=\"td-slide-galery-figure td-slide-popup-gallery\">\n                            <a class=\"slide-gallery-image-link\" href=\"https:\/\/i0.wp.com\/vamosporlaliberacion.org\/crpmlm\/wp-content\/uploads\/2019\/12\/alberdi-4.png?fit=696%2C549&ssl=1\" title=\"alberdi 4\"  data-caption=\"\"  data-description=\"\">\n                                <img decoding=\"async\" src=\"https:\/\/i0.wp.com\/vamosporlaliberacion.org\/crpmlm\/wp-content\/uploads\/2019\/12\/alberdi-4.png?resize=532%2C420&ssl=1\" srcset=\"https:\/\/i0.wp.com\/vamosporlaliberacion.org\/crpmlm\/wp-content\/uploads\/2019\/12\/alberdi-4.png?w=696&ssl=1 696w, https:\/\/i0.wp.com\/vamosporlaliberacion.org\/crpmlm\/wp-content\/uploads\/2019\/12\/alberdi-4.png?resize=300%2C237&ssl=1 300w, https:\/\/i0.wp.com\/vamosporlaliberacion.org\/crpmlm\/wp-content\/uploads\/2019\/12\/alberdi-4.png?resize=532%2C420&ssl=1 532w\" sizes=\"(max-width: 532px) 100vw, 532px\" alt=\"\">\n                            <\/a>\n                            \n                        <\/figure>\n                    <\/div>\n                    <div class = \"td-slide-item td-item3\">\n                        <figure class=\"td-slide-galery-figure td-slide-popup-gallery\">\n                            <a class=\"slide-gallery-image-link\" href=\"https:\/\/i0.wp.com\/vamosporlaliberacion.org\/crpmlm\/wp-content\/uploads\/2019\/12\/alberdi-2.png?fit=696%2C549&ssl=1\" title=\"alberdi 2\"  data-caption=\"\"  data-description=\"\">\n                                <img decoding=\"async\" src=\"https:\/\/i0.wp.com\/vamosporlaliberacion.org\/crpmlm\/wp-content\/uploads\/2019\/12\/alberdi-2.png?resize=532%2C420&ssl=1\" srcset=\"https:\/\/i0.wp.com\/vamosporlaliberacion.org\/crpmlm\/wp-content\/uploads\/2019\/12\/alberdi-2.png?w=696&ssl=1 696w, https:\/\/i0.wp.com\/vamosporlaliberacion.org\/crpmlm\/wp-content\/uploads\/2019\/12\/alberdi-2.png?resize=300%2C237&ssl=1 300w, https:\/\/i0.wp.com\/vamosporlaliberacion.org\/crpmlm\/wp-content\/uploads\/2019\/12\/alberdi-2.png?resize=532%2C420&ssl=1 532w\" sizes=\"(max-width: 532px) 100vw, 532px\" alt=\"\">\n                            <\/a>\n                            \n                        <\/figure>\n                    <\/div>\n                    <div class = \"td-slide-item td-item4\">\n                        <figure class=\"td-slide-galery-figure td-slide-popup-gallery\">\n                            <a class=\"slide-gallery-image-link\" href=\"https:\/\/i0.wp.com\/vamosporlaliberacion.org\/crpmlm\/wp-content\/uploads\/2019\/12\/alberdi-1.png?fit=696%2C549&ssl=1\" title=\"alberdi 1\"  data-caption=\"\"  data-description=\"\">\n                                <img decoding=\"async\" src=\"https:\/\/i0.wp.com\/vamosporlaliberacion.org\/crpmlm\/wp-content\/uploads\/2019\/12\/alberdi-1.png?resize=532%2C420&ssl=1\" srcset=\"https:\/\/i0.wp.com\/vamosporlaliberacion.org\/crpmlm\/wp-content\/uploads\/2019\/12\/alberdi-1.png?w=696&ssl=1 696w, https:\/\/i0.wp.com\/vamosporlaliberacion.org\/crpmlm\/wp-content\/uploads\/2019\/12\/alberdi-1.png?resize=300%2C237&ssl=1 300w, https:\/\/i0.wp.com\/vamosporlaliberacion.org\/crpmlm\/wp-content\/uploads\/2019\/12\/alberdi-1.png?resize=532%2C420&ssl=1 532w\" sizes=\"(max-width: 532px) 100vw, 532px\" alt=\"\">\n                            <\/a>\n                            \n                        <\/figure>\n                    <\/div>\n                    <div class = \"td-slide-item td-item5\">\n                        <figure class=\"td-slide-galery-figure td-slide-popup-gallery\">\n                            <a class=\"slide-gallery-image-link\" href=\"https:\/\/i0.wp.com\/vamosporlaliberacion.org\/crpmlm\/wp-content\/uploads\/2019\/12\/alberdi-3.png?fit=696%2C549&ssl=1\" title=\"alberdi 3\"  data-caption=\"\"  data-description=\"\">\n                                <img decoding=\"async\" src=\"https:\/\/i0.wp.com\/vamosporlaliberacion.org\/crpmlm\/wp-content\/uploads\/2019\/12\/alberdi-3.png?resize=532%2C420&ssl=1\" srcset=\"https:\/\/i0.wp.com\/vamosporlaliberacion.org\/crpmlm\/wp-content\/uploads\/2019\/12\/alberdi-3.png?w=696&ssl=1 696w, https:\/\/i0.wp.com\/vamosporlaliberacion.org\/crpmlm\/wp-content\/uploads\/2019\/12\/alberdi-3.png?resize=300%2C237&ssl=1 300w, https:\/\/i0.wp.com\/vamosporlaliberacion.org\/crpmlm\/wp-content\/uploads\/2019\/12\/alberdi-3.png?resize=532%2C420&ssl=1 532w\" sizes=\"(max-width: 532px) 100vw, 532px\" alt=\"\">\n                            <\/a>\n                            \n                        <\/figure>\n                    <\/div>\n                            <\/div>\n                        <\/div>\n\n                        <div class = \"td-doubleSlider-2\">\n                            <div class = \"td-slider\">\n                                \n                    <div class = \"td-button td-item1\">\n                        <div class = \"td-border\"><\/div>\n                    <\/div>\n                    <div class = \"td-button td-item2\">\n                        <div class = \"td-border\"><\/div>\n                    <\/div>\n                    <div class = \"td-button td-item3\">\n                        <div class = \"td-border\"><\/div>\n                    <\/div>\n                    <div class = \"td-button td-item4\">\n                        <div class = \"td-border\"><\/div>\n                    <\/div>\n                    <div class = \"td-button td-item5\">\n                        <div class = \"td-border\"><\/div>\n                    <\/div>\n                            <\/div>\n                        <\/div>\n\n                    <\/div>\n\n                <\/div>\n                \n<p>&nbsp;<\/p>\n<!-- AddThis Advanced Settings generic via filter on the_content --><!-- AddThis Share Buttons generic via filter on the_content -->","protected":false},"excerpt":{"rendered":"<p>Alberdi es uno de los barrios, si no el m\u00e1s, importantes de C\u00f3rdoba por su composici\u00f3n hist\u00f3rica, uno de los primeros barrios obreros y mucha juventud universitaria con el HN Cl\u00ednicas, lo que determin\u00f3 que se protagonizaran hechos relevantes de la pol\u00edtica nacional como el Cordobazo, la toma de la cervecer\u00eda durante el menemismo y, [&hellip;]<!-- AddThis Advanced Settings generic via filter on get_the_excerpt --><!-- AddThis Share Buttons generic via filter on get_the_excerpt --><\/p>\n","protected":false},"author":6,"featured_media":15537,"comment_status":"open","ping_status":"open","sticky":false,"template":"","format":"standard","meta":{"_jetpack_memberships_contains_paid_content":false,"footnotes":""},"categories":[1699],"tags":[1484,1186,68,1473],"class_list":{"0":"post-15535","1":"post","2":"type-post","3":"status-publish","4":"format-standard","5":"has-post-thumbnail","7":"category-noticias","8":"tag-alberdi","9":"tag-centro-vecinal-alberdi","10":"tag-cordoba","11":"tag-vxl-153"},"yoast_head":"<!-- This site is optimized with the Yoast SEO plugin v27.4 - https:\/\/yoast.com\/product\/yoast-seo-wordpress\/ -->\n<title>PUEBLO ALBERDI: Habitando el espacio p\u00fablico - Vamos por la Liberaci\u00f3n<\/title>\n<meta name=\"robots\" content=\"index, follow, max-snippet:-1, max-image-preview:large, max-video-preview:-1\" \/>\n<link rel=\"canonical\" href=\"http:\/\/vamosporlaliberacion.org\/crpmlm\/pueblo-alberdi-habitando-el-espacio-publico\/\" \/>\n<meta name=\"twitter:label1\" content=\"Escrito por\" \/>\n\t<meta name=\"twitter:data1\" content=\"vamos!\" \/>\n\t<meta name=\"twitter:label2\" content=\"Tiempo de lectura\" \/>\n\t<meta name=\"twitter:data2\" content=\"3 minutos\" \/>\n<script type=\"application\/ld+json\" class=\"yoast-schema-graph\">{\"@context\":\"https:\\\/\\\/schema.org\",\"@graph\":[{\"@type\":\"Article\",\"@id\":\"http:\\\/\\\/vamosporlaliberacion.org\\\/crpmlm\\\/pueblo-alberdi-habitando-el-espacio-publico\\\/#article\",\"isPartOf\":{\"@id\":\"http:\\\/\\\/vamosporlaliberacion.org\\\/crpmlm\\\/pueblo-alberdi-habitando-el-espacio-publico\\\/\"},\"author\":{\"name\":\"vamos!\",\"@id\":\"https:\\\/\\\/vamosporlaliberacion.org\\\/crpmlm\\\/#\\\/schema\\\/person\\\/d6eac7758df3770dae9cd9eb104d615c\"},\"headline\":\"PUEBLO ALBERDI: Habitando el espacio p\u00fablico\",\"datePublished\":\"2019-12-14T19:15:06+00:00\",\"dateModified\":\"2019-12-14T19:38:39+00:00\",\"mainEntityOfPage\":{\"@id\":\"http:\\\/\\\/vamosporlaliberacion.org\\\/crpmlm\\\/pueblo-alberdi-habitando-el-espacio-publico\\\/\"},\"wordCount\":629,\"commentCount\":0,\"image\":{\"@id\":\"http:\\\/\\\/vamosporlaliberacion.org\\\/crpmlm\\\/pueblo-alberdi-habitando-el-espacio-publico\\\/#primaryimage\"},\"thumbnailUrl\":\"https:\\\/\\\/i0.wp.com\\\/vamosporlaliberacion.org\\\/crpmlm\\\/wp-content\\\/uploads\\\/2019\\\/12\\\/alberdi-1.png?fit=696%2C549&ssl=1\",\"keywords\":[\"Alberdi\",\"Centro Vecinal Alberdi\",\"C\u00f3rdoba\",\"vxl 153\"],\"articleSection\":[\"Noticias\"],\"inLanguage\":\"es\",\"potentialAction\":[{\"@type\":\"CommentAction\",\"name\":\"Comment\",\"target\":[\"http:\\\/\\\/vamosporlaliberacion.org\\\/crpmlm\\\/pueblo-alberdi-habitando-el-espacio-publico\\\/#respond\"]}]},{\"@type\":\"WebPage\",\"@id\":\"http:\\\/\\\/vamosporlaliberacion.org\\\/crpmlm\\\/pueblo-alberdi-habitando-el-espacio-publico\\\/\",\"url\":\"http:\\\/\\\/vamosporlaliberacion.org\\\/crpmlm\\\/pueblo-alberdi-habitando-el-espacio-publico\\\/\",\"name\":\"PUEBLO ALBERDI: Habitando el espacio p\u00fablico - Vamos por la Liberaci\u00f3n\",\"isPartOf\":{\"@id\":\"https:\\\/\\\/vamosporlaliberacion.org\\\/crpmlm\\\/#website\"},\"primaryImageOfPage\":{\"@id\":\"http:\\\/\\\/vamosporlaliberacion.org\\\/crpmlm\\\/pueblo-alberdi-habitando-el-espacio-publico\\\/#primaryimage\"},\"image\":{\"@id\":\"http:\\\/\\\/vamosporlaliberacion.org\\\/crpmlm\\\/pueblo-alberdi-habitando-el-espacio-publico\\\/#primaryimage\"},\"thumbnailUrl\":\"https:\\\/\\\/i0.wp.com\\\/vamosporlaliberacion.org\\\/crpmlm\\\/wp-content\\\/uploads\\\/2019\\\/12\\\/alberdi-1.png?fit=696%2C549&ssl=1\",\"datePublished\":\"2019-12-14T19:15:06+00:00\",\"dateModified\":\"2019-12-14T19:38:39+00:00\",\"author\":{\"@id\":\"https:\\\/\\\/vamosporlaliberacion.org\\\/crpmlm\\\/#\\\/schema\\\/person\\\/d6eac7758df3770dae9cd9eb104d615c\"},\"breadcrumb\":{\"@id\":\"http:\\\/\\\/vamosporlaliberacion.org\\\/crpmlm\\\/pueblo-alberdi-habitando-el-espacio-publico\\\/#breadcrumb\"},\"inLanguage\":\"es\",\"potentialAction\":[{\"@type\":\"ReadAction\",\"target\":[\"http:\\\/\\\/vamosporlaliberacion.org\\\/crpmlm\\\/pueblo-alberdi-habitando-el-espacio-publico\\\/\"]}]},{\"@type\":\"ImageObject\",\"inLanguage\":\"es\",\"@id\":\"http:\\\/\\\/vamosporlaliberacion.org\\\/crpmlm\\\/pueblo-alberdi-habitando-el-espacio-publico\\\/#primaryimage\",\"url\":\"https:\\\/\\\/i0.wp.com\\\/vamosporlaliberacion.org\\\/crpmlm\\\/wp-content\\\/uploads\\\/2019\\\/12\\\/alberdi-1.png?fit=696%2C549&ssl=1\",\"contentUrl\":\"https:\\\/\\\/i0.wp.com\\\/vamosporlaliberacion.org\\\/crpmlm\\\/wp-content\\\/uploads\\\/2019\\\/12\\\/alberdi-1.png?fit=696%2C549&ssl=1\",\"width\":696,\"height\":549},{\"@type\":\"BreadcrumbList\",\"@id\":\"http:\\\/\\\/vamosporlaliberacion.org\\\/crpmlm\\\/pueblo-alberdi-habitando-el-espacio-publico\\\/#breadcrumb\",\"itemListElement\":[{\"@type\":\"ListItem\",\"position\":1,\"name\":\"Portada\",\"item\":\"https:\\\/\\\/vamosporlaliberacion.org\\\/crpmlm\\\/\"},{\"@type\":\"ListItem\",\"position\":2,\"name\":\"PUEBLO ALBERDI: Habitando el espacio p\u00fablico\"}]},{\"@type\":\"WebSite\",\"@id\":\"https:\\\/\\\/vamosporlaliberacion.org\\\/crpmlm\\\/#website\",\"url\":\"https:\\\/\\\/vamosporlaliberacion.org\\\/crpmlm\\\/\",\"name\":\"Vamos por la Liberaci\u00f3n\",\"description\":\"Prensa CR\",\"potentialAction\":[{\"@type\":\"SearchAction\",\"target\":{\"@type\":\"EntryPoint\",\"urlTemplate\":\"https:\\\/\\\/vamosporlaliberacion.org\\\/crpmlm\\\/?s={search_term_string}\"},\"query-input\":{\"@type\":\"PropertyValueSpecification\",\"valueRequired\":true,\"valueName\":\"search_term_string\"}}],\"inLanguage\":\"es\"},{\"@type\":\"Person\",\"@id\":\"https:\\\/\\\/vamosporlaliberacion.org\\\/crpmlm\\\/#\\\/schema\\\/person\\\/d6eac7758df3770dae9cd9eb104d615c\",\"name\":\"vamos!\",\"url\":\"https:\\\/\\\/vamosporlaliberacion.org\\\/crpmlm\\\/author\\\/adminvxl\\\/\"}]}<\/script>\n<!-- \/ Yoast SEO plugin. -->","yoast_head_json":{"title":"PUEBLO ALBERDI: Habitando el espacio p\u00fablico - Vamos por la Liberaci\u00f3n","robots":{"index":"index","follow":"follow","max-snippet":"max-snippet:-1","max-image-preview":"max-image-preview:large","max-video-preview":"max-video-preview:-1"},"canonical":"http:\/\/vamosporlaliberacion.org\/crpmlm\/pueblo-alberdi-habitando-el-espacio-publico\/","twitter_misc":{"Escrito por":"vamos!","Tiempo de lectura":"3 minutos"},"schema":{"@context":"https:\/\/schema.org","@graph":[{"@type":"Article","@id":"http:\/\/vamosporlaliberacion.org\/crpmlm\/pueblo-alberdi-habitando-el-espacio-publico\/#article","isPartOf":{"@id":"http:\/\/vamosporlaliberacion.org\/crpmlm\/pueblo-alberdi-habitando-el-espacio-publico\/"},"author":{"name":"vamos!","@id":"https:\/\/vamosporlaliberacion.org\/crpmlm\/#\/schema\/person\/d6eac7758df3770dae9cd9eb104d615c"},"headline":"PUEBLO ALBERDI: Habitando el espacio p\u00fablico","datePublished":"2019-12-14T19:15:06+00:00","dateModified":"2019-12-14T19:38:39+00:00","mainEntityOfPage":{"@id":"http:\/\/vamosporlaliberacion.org\/crpmlm\/pueblo-alberdi-habitando-el-espacio-publico\/"},"wordCount":629,"commentCount":0,"image":{"@id":"http:\/\/vamosporlaliberacion.org\/crpmlm\/pueblo-alberdi-habitando-el-espacio-publico\/#primaryimage"},"thumbnailUrl":"https:\/\/i0.wp.com\/vamosporlaliberacion.org\/crpmlm\/wp-content\/uploads\/2019\/12\/alberdi-1.png?fit=696%2C549&ssl=1","keywords":["Alberdi","Centro Vecinal Alberdi","C\u00f3rdoba","vxl 153"],"articleSection":["Noticias"],"inLanguage":"es","potentialAction":[{"@type":"CommentAction","name":"Comment","target":["http:\/\/vamosporlaliberacion.org\/crpmlm\/pueblo-alberdi-habitando-el-espacio-publico\/#respond"]}]},{"@type":"WebPage","@id":"http:\/\/vamosporlaliberacion.org\/crpmlm\/pueblo-alberdi-habitando-el-espacio-publico\/","url":"http:\/\/vamosporlaliberacion.org\/crpmlm\/pueblo-alberdi-habitando-el-espacio-publico\/","name":"PUEBLO ALBERDI: Habitando el espacio p\u00fablico - Vamos por la Liberaci\u00f3n","isPartOf":{"@id":"https:\/\/vamosporlaliberacion.org\/crpmlm\/#website"},"primaryImageOfPage":{"@id":"http:\/\/vamosporlaliberacion.org\/crpmlm\/pueblo-alberdi-habitando-el-espacio-publico\/#primaryimage"},"image":{"@id":"http:\/\/vamosporlaliberacion.org\/crpmlm\/pueblo-alberdi-habitando-el-espacio-publico\/#primaryimage"},"thumbnailUrl":"https:\/\/i0.wp.com\/vamosporlaliberacion.org\/crpmlm\/wp-content\/uploads\/2019\/12\/alberdi-1.png?fit=696%2C549&ssl=1","datePublished":"2019-12-14T19:15:06+00:00","dateModified":"2019-12-14T19:38:39+00:00","author":{"@id":"https:\/\/vamosporlaliberacion.org\/crpmlm\/#\/schema\/person\/d6eac7758df3770dae9cd9eb104d615c"},"breadcrumb":{"@id":"http:\/\/vamosporlaliberacion.org\/crpmlm\/pueblo-alberdi-habitando-el-espacio-publico\/#breadcrumb"},"inLanguage":"es","potentialAction":[{"@type":"ReadAction","target":["http:\/\/vamosporlaliberacion.org\/crpmlm\/pueblo-alberdi-habitando-el-espacio-publico\/"]}]},{"@type":"ImageObject","inLanguage":"es","@id":"http:\/\/vamosporlaliberacion.org\/crpmlm\/pueblo-alberdi-habitando-el-espacio-publico\/#primaryimage","url":"https:\/\/i0.wp.com\/vamosporlaliberacion.org\/crpmlm\/wp-content\/uploads\/2019\/12\/alberdi-1.png?fit=696%2C549&ssl=1","contentUrl":"https:\/\/i0.wp.com\/vamosporlaliberacion.org\/crpmlm\/wp-content\/uploads\/2019\/12\/alberdi-1.png?fit=696%2C549&ssl=1","width":696,"height":549},{"@type":"BreadcrumbList","@id":"http:\/\/vamosporlaliberacion.org\/crpmlm\/pueblo-alberdi-habitando-el-espacio-publico\/#breadcrumb","itemListElement":[{"@type":"ListItem","position":1,"name":"Portada","item":"https:\/\/vamosporlaliberacion.org\/crpmlm\/"},{"@type":"ListItem","position":2,"name":"PUEBLO ALBERDI: Habitando el espacio p\u00fablico"}]},{"@type":"WebSite","@id":"https:\/\/vamosporlaliberacion.org\/crpmlm\/#website","url":"https:\/\/vamosporlaliberacion.org\/crpmlm\/","name":"Vamos por la Liberaci\u00f3n","description":"Prensa CR","potentialAction":[{"@type":"SearchAction","target":{"@type":"EntryPoint","urlTemplate":"https:\/\/vamosporlaliberacion.org\/crpmlm\/?s={search_term_string}"},"query-input":{"@type":"PropertyValueSpecification","valueRequired":true,"valueName":"search_term_string"}}],"inLanguage":"es"},{"@type":"Person","@id":"https:\/\/vamosporlaliberacion.org\/crpmlm\/#\/schema\/person\/d6eac7758df3770dae9cd9eb104d615c","name":"vamos!","url":"https:\/\/vamosporlaliberacion.org\/crpmlm\/author\/adminvxl\/"}]}},"jetpack_featured_media_url":"https:\/\/i0.wp.com\/vamosporlaliberacion.org\/crpmlm\/wp-content\/uploads\/2019\/12\/alberdi-1.png?fit=696%2C549&ssl=1","jetpack_sharing_enabled":true,"_links":{"self":[{"href":"https:\/\/vamosporlaliberacion.org\/crpmlm\/wp-json\/wp\/v2\/posts\/15535","targetHints":{"allow":["GET"]}}],"collection":[{"href":"https:\/\/vamosporlaliberacion.org\/crpmlm\/wp-json\/wp\/v2\/posts"}],"about":[{"href":"https:\/\/vamosporlaliberacion.org\/crpmlm\/wp-json\/wp\/v2\/types\/post"}],"author":[{"embeddable":true,"href":"https:\/\/vamosporlaliberacion.org\/crpmlm\/wp-json\/wp\/v2\/users\/6"}],"replies":[{"embeddable":true,"href":"https:\/\/vamosporlaliberacion.org\/crpmlm\/wp-json\/wp\/v2\/comments?post=15535"}],"version-history":[{"count":0,"href":"https:\/\/vamosporlaliberacion.org\/crpmlm\/wp-json\/wp\/v2\/posts\/15535\/revisions"}],"wp:featuredmedia":[{"embeddable":true,"href":"https:\/\/vamosporlaliberacion.org\/crpmlm\/wp-json\/wp\/v2\/media\/15537"}],"wp:attachment":[{"href":"https:\/\/vamosporlaliberacion.org\/crpmlm\/wp-json\/wp\/v2\/media?parent=15535"}],"wp:term":[{"taxonomy":"category","embeddable":true,"href":"https:\/\/vamosporlaliberacion.org\/crpmlm\/wp-json\/wp\/v2\/categories?post=15535"},{"taxonomy":"post_tag","embeddable":true,"href":"https:\/\/vamosporlaliberacion.org\/crpmlm\/wp-json\/wp\/v2\/tags?post=15535"}],"curies":[{"name":"wp","href":"https:\/\/api.w.org\/{rel}","templated":true}]}}