{"id":1524,"date":"2015-07-07T18:29:36","date_gmt":"2015-07-07T21:29:36","guid":{"rendered":"http:\/\/m8000370.ferozo.com\/crpmlm\/?p=1524"},"modified":"2020-11-06T18:42:21","modified_gmt":"2020-11-06T21:42:21","slug":"sobre-la-tactica-y-la-estrategia","status":"publish","type":"post","link":"https:\/\/vamosporlaliberacion.org\/crpmlm\/sobre-la-tactica-y-la-estrategia\/","title":{"rendered":"Sobre la t\u00e1ctica y la estrategia"},"content":{"rendered":"<p>Extractamos del libro de Jorge Rocha \u201cFortalecer el Partido revolucionario de la clase obrera. Problemas de organizaci\u00f3n\u201d el punto 2 del primer cap\u00edtulo: \u201cNuestra concepci\u00f3n sobre la t\u00e1ctica y la estrategia\u201d(1). Entendemos que es un claro aporte sobre la relaci\u00f3n entre la t\u00e1ctica y la estrategia, y como la estrategia (la revoluci\u00f3n democr\u00e1tico-popular, agraria y antimperialista en marcha ininterrumpida al socialismo) debe presidir y residir en nuestra t\u00e1ctica. Esto vale para cada momento de la lucha de clases, tambi\u00e9n en un escenario electoral.<\/p>\n<h3><strong>Nuestra concepci\u00f3n sobre la t\u00e1ctica y la estrategia pol\u00edtica.<\/strong><\/h3>\n<p>No es correcto concebir nuestra t\u00e1ctica pol\u00edtica y nuestra estrategia como compartimientos estancos. Porque as\u00ed como ser\u00eda unilateral concebir nuestra lucha en cada momento perdiendo de vista la revoluci\u00f3n democr\u00e1tica, agraria y antiimperialista en marcha al socialismo, ser\u00eda tambi\u00e9n unilateral concebir nuestro avance hacia ese objetivo desligado del momento pol\u00edtico y de la situaci\u00f3n de las grandes masas, de c\u00f3mo viven, piensan y sienten las grandes masas en el presente. Porque son ellas quienes har\u00e1n avanzar o retroceder, en un largo y complejo camino, el proceso revolucionario. No puede concebirse ese proceso si no se parte del presente. Por otra parte, ser instrumento revolucionario de ese proceso, lograr dirigir en \u00e9l a las grandes masas obreras y populares es la misi\u00f3n de toda organizaci\u00f3n de vanguardia real del proletariado.<\/p>\n<p>Es conocido que los t\u00e9rminos de t\u00e1ctica y estrategia en la lucha pol\u00edtica no fueron utilizados por Lenin como se los utiliza com\u00fanmente en la actualidad. Y que la utilizaci\u00f3n de categor\u00edas militares en la lucha pol\u00edtica corre el riesgo de simplificar e identificar situaciones que son diversas y que se rigen por leyes que son cualitativamente diferentes. En primer lugar, porque el proceso de las masas hacia la lucha revolucionar\u00eda por el poder dista mucho de poder ser concebido como la t\u00e1ctica de un ej\u00e9rcito hacia la batalla final. Tambi\u00e9n desde este punto de vista es que no podemos concebir la relaci\u00f3n de la t\u00e1ctica con la estrategia como una relaci\u00f3n mec\u00e1nica de parte a todo. La estrategia en pol\u00edtica preside y reside en la t\u00e1ctica. Para el marxismo la t\u00e1ctica debe estar presidida por los objetivos program\u00e1ticos revolucionarios del proletariado y \u00e9stos contenidos en la t\u00e1ctica.<\/p>\n<p>Por otra parte, no podremos tampoco resolver correctamente ning\u00fan problema organizativo si no comprendemos los principios organizativos como instrumentos de realizaci\u00f3n de la t\u00e1ctica y de la estrategia del Partido. De su l\u00ednea insurreccional y de la lucha por la conquista de sus objetivos hist\u00f3ricos. Esa es nuestra experiencia. Pues los problemas de organizaci\u00f3n son problemas pol\u00edtico-ideol\u00f3gicos, relacionados no s\u00f3lo con la t\u00e1ctica pol\u00edtica, m\u00e1s aun, no s\u00f3lo con determinadas tareas coyunturales. Por eso, un cuadro o una organizaci\u00f3n que pierda de vista nuestro objetivo hist\u00f3rico (el comunismo) y nuestra meta estrat\u00e9gica (la revoluci\u00f3n democr\u00e1tica, agraria y antiimperialista en marcha ininterrumpida al socialismo) va a degenerar, obligadamente, en el oportunismo pol\u00edtico, como inicio de su degeneraci\u00f3n ideol\u00f3gica. Y es desde esta concepci\u00f3n marxista que nos hemos esforzado por desarrollar nuestros an\u00e1lisis y posiciones en el Programa, las Resoluciones Pol\u00edticas y el Estatuto de nuestro partido.<\/p>\n<!-- AddThis Advanced Settings generic via filter on the_content --><!-- AddThis Share Buttons generic via filter on the_content -->","protected":false},"excerpt":{"rendered":"<p>Extractamos del libro de Jorge Rocha \u201cFortalecer el Partido revolucionario de la clase obrera. Problemas de organizaci\u00f3n\u201d el punto 2 del primer cap\u00edtulo: \u201cNuestra concepci\u00f3n sobre la t\u00e1ctica y la estrategia\u201d(1). Entendemos que es un claro aporte sobre la relaci\u00f3n entre la t\u00e1ctica y la estrategia, y como la estrategia (la revoluci\u00f3n democr\u00e1tico-popular, agraria y [&hellip;]<!-- AddThis Advanced Settings generic via filter on get_the_excerpt --><!-- AddThis Share Buttons generic via filter on get_the_excerpt --><\/p>\n","protected":false},"author":6,"featured_media":1535,"comment_status":"open","ping_status":"open","sticky":false,"template":"","format":"standard","meta":{"_jetpack_memberships_contains_paid_content":false,"footnotes":""},"categories":[1853],"tags":[170,277],"class_list":{"0":"post-1524","1":"post","2":"type-post","3":"status-publish","4":"format-standard","5":"has-post-thumbnail","7":"category-historia","8":"tag-marxismo-leninismo-maoismo","9":"tag-vxl-55"},"yoast_head":"<!-- This site is optimized with the Yoast SEO plugin v27.4 - https:\/\/yoast.com\/product\/yoast-seo-wordpress\/ -->\n<title>Sobre la t\u00e1ctica y la estrategia - Vamos por la Liberaci\u00f3n<\/title>\n<meta name=\"robots\" content=\"index, follow, max-snippet:-1, max-image-preview:large, max-video-preview:-1\" \/>\n<link rel=\"canonical\" href=\"https:\/\/vamosporlaliberacion.org\/crpmlm\/sobre-la-tactica-y-la-estrategia\/\" \/>\n<meta name=\"twitter:label1\" content=\"Escrito por\" \/>\n\t<meta name=\"twitter:data1\" content=\"vamos!\" \/>\n\t<meta name=\"twitter:label2\" content=\"Tiempo de lectura\" \/>\n\t<meta name=\"twitter:data2\" content=\"3 minutos\" \/>\n<script type=\"application\/ld+json\" class=\"yoast-schema-graph\">{\"@context\":\"https:\\\/\\\/schema.org\",\"@graph\":[{\"@type\":\"Article\",\"@id\":\"https:\\\/\\\/vamosporlaliberacion.org\\\/crpmlm\\\/sobre-la-tactica-y-la-estrategia\\\/#article\",\"isPartOf\":{\"@id\":\"https:\\\/\\\/vamosporlaliberacion.org\\\/crpmlm\\\/sobre-la-tactica-y-la-estrategia\\\/\"},\"author\":{\"name\":\"vamos!\",\"@id\":\"https:\\\/\\\/vamosporlaliberacion.org\\\/crpmlm\\\/#\\\/schema\\\/person\\\/d6eac7758df3770dae9cd9eb104d615c\"},\"headline\":\"Sobre la t\u00e1ctica y la estrategia\",\"datePublished\":\"2015-07-07T21:29:36+00:00\",\"dateModified\":\"2020-11-06T21:42:21+00:00\",\"mainEntityOfPage\":{\"@id\":\"https:\\\/\\\/vamosporlaliberacion.org\\\/crpmlm\\\/sobre-la-tactica-y-la-estrategia\\\/\"},\"wordCount\":590,\"commentCount\":0,\"image\":{\"@id\":\"https:\\\/\\\/vamosporlaliberacion.org\\\/crpmlm\\\/sobre-la-tactica-y-la-estrategia\\\/#primaryimage\"},\"thumbnailUrl\":\"https:\\\/\\\/i0.wp.com\\\/vamosporlaliberacion.org\\\/crpmlm\\\/wp-content\\\/uploads\\\/2015\\\/10\\\/vxl55-05.jpg?fit=696%2C469&ssl=1\",\"keywords\":[\"Marxismo Leninismo Mao\u00edsmo\",\"vxl 55\"],\"articleSection\":[\"Historia \\\/ Teor\u00eda\"],\"inLanguage\":\"es\",\"potentialAction\":[{\"@type\":\"CommentAction\",\"name\":\"Comment\",\"target\":[\"https:\\\/\\\/vamosporlaliberacion.org\\\/crpmlm\\\/sobre-la-tactica-y-la-estrategia\\\/#respond\"]}]},{\"@type\":\"WebPage\",\"@id\":\"https:\\\/\\\/vamosporlaliberacion.org\\\/crpmlm\\\/sobre-la-tactica-y-la-estrategia\\\/\",\"url\":\"https:\\\/\\\/vamosporlaliberacion.org\\\/crpmlm\\\/sobre-la-tactica-y-la-estrategia\\\/\",\"name\":\"Sobre la t\u00e1ctica y la estrategia - Vamos por la Liberaci\u00f3n\",\"isPartOf\":{\"@id\":\"https:\\\/\\\/vamosporlaliberacion.org\\\/crpmlm\\\/#website\"},\"primaryImageOfPage\":{\"@id\":\"https:\\\/\\\/vamosporlaliberacion.org\\\/crpmlm\\\/sobre-la-tactica-y-la-estrategia\\\/#primaryimage\"},\"image\":{\"@id\":\"https:\\\/\\\/vamosporlaliberacion.org\\\/crpmlm\\\/sobre-la-tactica-y-la-estrategia\\\/#primaryimage\"},\"thumbnailUrl\":\"https:\\\/\\\/i0.wp.com\\\/vamosporlaliberacion.org\\\/crpmlm\\\/wp-content\\\/uploads\\\/2015\\\/10\\\/vxl55-05.jpg?fit=696%2C469&ssl=1\",\"datePublished\":\"2015-07-07T21:29:36+00:00\",\"dateModified\":\"2020-11-06T21:42:21+00:00\",\"author\":{\"@id\":\"https:\\\/\\\/vamosporlaliberacion.org\\\/crpmlm\\\/#\\\/schema\\\/person\\\/d6eac7758df3770dae9cd9eb104d615c\"},\"breadcrumb\":{\"@id\":\"https:\\\/\\\/vamosporlaliberacion.org\\\/crpmlm\\\/sobre-la-tactica-y-la-estrategia\\\/#breadcrumb\"},\"inLanguage\":\"es\",\"potentialAction\":[{\"@type\":\"ReadAction\",\"target\":[\"https:\\\/\\\/vamosporlaliberacion.org\\\/crpmlm\\\/sobre-la-tactica-y-la-estrategia\\\/\"]}]},{\"@type\":\"ImageObject\",\"inLanguage\":\"es\",\"@id\":\"https:\\\/\\\/vamosporlaliberacion.org\\\/crpmlm\\\/sobre-la-tactica-y-la-estrategia\\\/#primaryimage\",\"url\":\"https:\\\/\\\/i0.wp.com\\\/vamosporlaliberacion.org\\\/crpmlm\\\/wp-content\\\/uploads\\\/2015\\\/10\\\/vxl55-05.jpg?fit=696%2C469&ssl=1\",\"contentUrl\":\"https:\\\/\\\/i0.wp.com\\\/vamosporlaliberacion.org\\\/crpmlm\\\/wp-content\\\/uploads\\\/2015\\\/10\\\/vxl55-05.jpg?fit=696%2C469&ssl=1\",\"width\":696,\"height\":469},{\"@type\":\"BreadcrumbList\",\"@id\":\"https:\\\/\\\/vamosporlaliberacion.org\\\/crpmlm\\\/sobre-la-tactica-y-la-estrategia\\\/#breadcrumb\",\"itemListElement\":[{\"@type\":\"ListItem\",\"position\":1,\"name\":\"Portada\",\"item\":\"https:\\\/\\\/vamosporlaliberacion.org\\\/crpmlm\\\/\"},{\"@type\":\"ListItem\",\"position\":2,\"name\":\"Sobre la t\u00e1ctica y la estrategia\"}]},{\"@type\":\"WebSite\",\"@id\":\"https:\\\/\\\/vamosporlaliberacion.org\\\/crpmlm\\\/#website\",\"url\":\"https:\\\/\\\/vamosporlaliberacion.org\\\/crpmlm\\\/\",\"name\":\"Vamos por la Liberaci\u00f3n\",\"description\":\"Prensa CR\",\"potentialAction\":[{\"@type\":\"SearchAction\",\"target\":{\"@type\":\"EntryPoint\",\"urlTemplate\":\"https:\\\/\\\/vamosporlaliberacion.org\\\/crpmlm\\\/?s={search_term_string}\"},\"query-input\":{\"@type\":\"PropertyValueSpecification\",\"valueRequired\":true,\"valueName\":\"search_term_string\"}}],\"inLanguage\":\"es\"},{\"@type\":\"Person\",\"@id\":\"https:\\\/\\\/vamosporlaliberacion.org\\\/crpmlm\\\/#\\\/schema\\\/person\\\/d6eac7758df3770dae9cd9eb104d615c\",\"name\":\"vamos!\",\"url\":\"https:\\\/\\\/vamosporlaliberacion.org\\\/crpmlm\\\/author\\\/adminvxl\\\/\"}]}<\/script>\n<!-- \/ Yoast SEO plugin. -->","yoast_head_json":{"title":"Sobre la t\u00e1ctica y la estrategia - Vamos por la Liberaci\u00f3n","robots":{"index":"index","follow":"follow","max-snippet":"max-snippet:-1","max-image-preview":"max-image-preview:large","max-video-preview":"max-video-preview:-1"},"canonical":"https:\/\/vamosporlaliberacion.org\/crpmlm\/sobre-la-tactica-y-la-estrategia\/","twitter_misc":{"Escrito por":"vamos!","Tiempo de lectura":"3 minutos"},"schema":{"@context":"https:\/\/schema.org","@graph":[{"@type":"Article","@id":"https:\/\/vamosporlaliberacion.org\/crpmlm\/sobre-la-tactica-y-la-estrategia\/#article","isPartOf":{"@id":"https:\/\/vamosporlaliberacion.org\/crpmlm\/sobre-la-tactica-y-la-estrategia\/"},"author":{"name":"vamos!","@id":"https:\/\/vamosporlaliberacion.org\/crpmlm\/#\/schema\/person\/d6eac7758df3770dae9cd9eb104d615c"},"headline":"Sobre la t\u00e1ctica y la estrategia","datePublished":"2015-07-07T21:29:36+00:00","dateModified":"2020-11-06T21:42:21+00:00","mainEntityOfPage":{"@id":"https:\/\/vamosporlaliberacion.org\/crpmlm\/sobre-la-tactica-y-la-estrategia\/"},"wordCount":590,"commentCount":0,"image":{"@id":"https:\/\/vamosporlaliberacion.org\/crpmlm\/sobre-la-tactica-y-la-estrategia\/#primaryimage"},"thumbnailUrl":"https:\/\/i0.wp.com\/vamosporlaliberacion.org\/crpmlm\/wp-content\/uploads\/2015\/10\/vxl55-05.jpg?fit=696%2C469&ssl=1","keywords":["Marxismo Leninismo Mao\u00edsmo","vxl 55"],"articleSection":["Historia \/ Teor\u00eda"],"inLanguage":"es","potentialAction":[{"@type":"CommentAction","name":"Comment","target":["https:\/\/vamosporlaliberacion.org\/crpmlm\/sobre-la-tactica-y-la-estrategia\/#respond"]}]},{"@type":"WebPage","@id":"https:\/\/vamosporlaliberacion.org\/crpmlm\/sobre-la-tactica-y-la-estrategia\/","url":"https:\/\/vamosporlaliberacion.org\/crpmlm\/sobre-la-tactica-y-la-estrategia\/","name":"Sobre la t\u00e1ctica y la estrategia - Vamos por la Liberaci\u00f3n","isPartOf":{"@id":"https:\/\/vamosporlaliberacion.org\/crpmlm\/#website"},"primaryImageOfPage":{"@id":"https:\/\/vamosporlaliberacion.org\/crpmlm\/sobre-la-tactica-y-la-estrategia\/#primaryimage"},"image":{"@id":"https:\/\/vamosporlaliberacion.org\/crpmlm\/sobre-la-tactica-y-la-estrategia\/#primaryimage"},"thumbnailUrl":"https:\/\/i0.wp.com\/vamosporlaliberacion.org\/crpmlm\/wp-content\/uploads\/2015\/10\/vxl55-05.jpg?fit=696%2C469&ssl=1","datePublished":"2015-07-07T21:29:36+00:00","dateModified":"2020-11-06T21:42:21+00:00","author":{"@id":"https:\/\/vamosporlaliberacion.org\/crpmlm\/#\/schema\/person\/d6eac7758df3770dae9cd9eb104d615c"},"breadcrumb":{"@id":"https:\/\/vamosporlaliberacion.org\/crpmlm\/sobre-la-tactica-y-la-estrategia\/#breadcrumb"},"inLanguage":"es","potentialAction":[{"@type":"ReadAction","target":["https:\/\/vamosporlaliberacion.org\/crpmlm\/sobre-la-tactica-y-la-estrategia\/"]}]},{"@type":"ImageObject","inLanguage":"es","@id":"https:\/\/vamosporlaliberacion.org\/crpmlm\/sobre-la-tactica-y-la-estrategia\/#primaryimage","url":"https:\/\/i0.wp.com\/vamosporlaliberacion.org\/crpmlm\/wp-content\/uploads\/2015\/10\/vxl55-05.jpg?fit=696%2C469&ssl=1","contentUrl":"https:\/\/i0.wp.com\/vamosporlaliberacion.org\/crpmlm\/wp-content\/uploads\/2015\/10\/vxl55-05.jpg?fit=696%2C469&ssl=1","width":696,"height":469},{"@type":"BreadcrumbList","@id":"https:\/\/vamosporlaliberacion.org\/crpmlm\/sobre-la-tactica-y-la-estrategia\/#breadcrumb","itemListElement":[{"@type":"ListItem","position":1,"name":"Portada","item":"https:\/\/vamosporlaliberacion.org\/crpmlm\/"},{"@type":"ListItem","position":2,"name":"Sobre la t\u00e1ctica y la estrategia"}]},{"@type":"WebSite","@id":"https:\/\/vamosporlaliberacion.org\/crpmlm\/#website","url":"https:\/\/vamosporlaliberacion.org\/crpmlm\/","name":"Vamos por la Liberaci\u00f3n","description":"Prensa CR","potentialAction":[{"@type":"SearchAction","target":{"@type":"EntryPoint","urlTemplate":"https:\/\/vamosporlaliberacion.org\/crpmlm\/?s={search_term_string}"},"query-input":{"@type":"PropertyValueSpecification","valueRequired":true,"valueName":"search_term_string"}}],"inLanguage":"es"},{"@type":"Person","@id":"https:\/\/vamosporlaliberacion.org\/crpmlm\/#\/schema\/person\/d6eac7758df3770dae9cd9eb104d615c","name":"vamos!","url":"https:\/\/vamosporlaliberacion.org\/crpmlm\/author\/adminvxl\/"}]}},"jetpack_featured_media_url":"https:\/\/i0.wp.com\/vamosporlaliberacion.org\/crpmlm\/wp-content\/uploads\/2015\/10\/vxl55-05.jpg?fit=696%2C469&ssl=1","jetpack_sharing_enabled":true,"_links":{"self":[{"href":"https:\/\/vamosporlaliberacion.org\/crpmlm\/wp-json\/wp\/v2\/posts\/1524","targetHints":{"allow":["GET"]}}],"collection":[{"href":"https:\/\/vamosporlaliberacion.org\/crpmlm\/wp-json\/wp\/v2\/posts"}],"about":[{"href":"https:\/\/vamosporlaliberacion.org\/crpmlm\/wp-json\/wp\/v2\/types\/post"}],"author":[{"embeddable":true,"href":"https:\/\/vamosporlaliberacion.org\/crpmlm\/wp-json\/wp\/v2\/users\/6"}],"replies":[{"embeddable":true,"href":"https:\/\/vamosporlaliberacion.org\/crpmlm\/wp-json\/wp\/v2\/comments?post=1524"}],"version-history":[{"count":1,"href":"https:\/\/vamosporlaliberacion.org\/crpmlm\/wp-json\/wp\/v2\/posts\/1524\/revisions"}],"predecessor-version":[{"id":21919,"href":"https:\/\/vamosporlaliberacion.org\/crpmlm\/wp-json\/wp\/v2\/posts\/1524\/revisions\/21919"}],"wp:featuredmedia":[{"embeddable":true,"href":"https:\/\/vamosporlaliberacion.org\/crpmlm\/wp-json\/wp\/v2\/media\/1535"}],"wp:attachment":[{"href":"https:\/\/vamosporlaliberacion.org\/crpmlm\/wp-json\/wp\/v2\/media?parent=1524"}],"wp:term":[{"taxonomy":"category","embeddable":true,"href":"https:\/\/vamosporlaliberacion.org\/crpmlm\/wp-json\/wp\/v2\/categories?post=1524"},{"taxonomy":"post_tag","embeddable":true,"href":"https:\/\/vamosporlaliberacion.org\/crpmlm\/wp-json\/wp\/v2\/tags?post=1524"}],"curies":[{"name":"wp","href":"https:\/\/api.w.org\/{rel}","templated":true}]}}