{"id":15216,"date":"2019-11-20T22:05:34","date_gmt":"2019-11-21T01:05:34","guid":{"rendered":"http:\/\/vamosporlaliberacion.org\/crpmlm\/?p=15216"},"modified":"2020-10-25T19:43:26","modified_gmt":"2020-10-25T22:43:26","slug":"la-granate-se-abre-paso","status":"publish","type":"post","link":"https:\/\/vamosporlaliberacion.org\/crpmlm\/la-granate-se-abre-paso\/","title":{"rendered":"La Granate se abre paso"},"content":{"rendered":"<p><span class=\"dropcap dropcap3\" style=\"color: #ff0000;\">E<\/span>l pr\u00f3ximo 3 de diciembre son las elecciones en la Uni\u00f3n de Trabajadorxs de la Educaci\u00f3n, sindicato de base de CTERA en CABA. Participan miles de docentes y se pone en juego la continuidad o el cambio en la construcci\u00f3n sindical.<\/p>\n<p>La derrota de Macri en las elecciones nacionales es una victoria popular. En todo el pa\u00eds se expres\u00f3 el rechazo a las pol\u00edticas de hambre y explotaci\u00f3n. Lamentablemente, la Ciudad de Buenos Aires fue una excepci\u00f3n donde Rodr\u00edguez Larreta triunf\u00f3 con un contundente 55%, convirti\u00e9ndose en la figura de Juntos por el Cambio con mejor proyecci\u00f3n pol\u00edtica.<\/p>\n<p>Esta victoria oculta que, en la jurisdicci\u00f3n con mayores ingresos, nuestres alumnes asisten a clases cada vez en peores condiciones. Hay que decir que en la Ciudad de Buenos Aires el macrismo gobierna hace 12 a\u00f1os y generaron que en la ciudad m\u00e1s rica del pa\u00eds la desigualdad sea cada vez mayor y m\u00e1s profunda.<\/p>\n<p>Con esto convivimos d\u00eda a d\u00eda y se suman a la larga lista de problemas que tenemos en las escuelas. El recorte del presupuesto impacta directamente en las condiciones en las cuales desarrollamos las pr\u00e1cticas educativas. Recorte presupuestario que se traslada a las empresas educativas (escuelas privadas) que han recibido miles de millones mientras las escuelas p\u00fablicas se caen a pedazos. Crisis edilicia, recorte en los comedores, precarizaci\u00f3n laboral, salarios por debajo de la inflaci\u00f3n, ajuste, reformas neoliberales, etc. Un gobierno que ve en la escuela p\u00fablica un gasto o un negocio.<\/p>\n<p>El riesgo tambi\u00e9n se evidencia en los recortes que Larreta y Acu\u00f1a llevan adelante en los comedores escolares, $108 por cada ni\u00f1e, qu\u00e9 no se ve reflejado en lo que luego reciben. En estos \u00faltimos a\u00f1os ha aumentado la cantidad de nuestros\/as alumnos\/as que vienen a comer porque no hay trabajo y a veces no se puede garantizar la alimentaci\u00f3n de los\/as ni\u00f1os\/as.<\/p>\n<h4><span style=\"color: #ff0000;\"><strong>Reformas neoliberales contra la escuela p\u00fablica<\/strong><\/span><\/h4>\n<p>Desde que el macrismo gobierna La Ciudad han intentado avanzar con pol\u00edticas educativas heredadas de los 90 y han dado pasos con reformas que atentan contra la escuela p\u00fablica, la formaci\u00f3n y el aprendizaje. Ejemplo de ello es la creaci\u00f3n de la UNICABA que, con el argumento de la jerarquizaci\u00f3n del rol y nuestra formaci\u00f3n, implica el cierre de 29 profesorados dejando a trabajadorxs en la calle y llevando nuestra formaci\u00f3n a un terreno cada vez m\u00e1s alejado de la pr\u00e1ctica docente. El macrismo ya ha dado muestras de lo que es su pol\u00edtica hacia las universidades: rebaja del presupuesto, recorte de los contenidos y la mercantilizaci\u00f3n del conocimiento.<\/p>\n<p>A\u00fan no se hab\u00eda terminado con la primera cohorte de la NES que el Ministerio de Educaci\u00f3n ya lanz\u00f3 otro nuevo h\u00edbrido llamado \u201cSecundaria del futuro\u201d. Si la reforma anterior, adem\u00e1s de recortar contenidos, no signific\u00f3 una real transformaci\u00f3n para la escuela secundaria ni en organizaci\u00f3n ni en mejoras pedag\u00f3gicas, salvo en dejar afuera a muchos docentes, lo que se viene tampoco apunta a resolver las problem\u00e1ticas reales de la escuela media.<\/p>\n<h4><span style=\"color: #ff0000;\"><strong>Las luchas y el sindicato que necesitamos<\/strong><\/span><\/h4>\n<p>La eliminaci\u00f3n de las Juntas de Clasificaci\u00f3n y Disciplina en 2011, nuestro \u00f3rgano de co-gobierno y la creaci\u00f3n de un organismo dirigido por el gobierno (COREAP) marca un punto de inflexi\u00f3n. En ese momento, la educaci\u00f3n p\u00fablica entra en una situaci\u00f3n de crisis objetiva siendo un punto de bisagra en la batalla por la educaci\u00f3n que queremos. En ese sentido, venimos desarrollando un camino de discusi\u00f3n y organizaci\u00f3n en diferentes espacios, distritos y escuelas. Impulsamos la Multisectorial por la Escuela P\u00fablica e impulsamos la mayor unidad en la acci\u00f3n para poder conquistar nuestros derechos. Peleamos por la reapertura de las paritarias del a\u00f1o pasado. Salimos a la calle denunciando el asesinato de Sandra y Rub\u00e9n, la precarizaci\u00f3n y reforma laboral, en solidaridad ante la represi\u00f3n y posterior muerte de dos compa\u00f1eras de Chubut, y seguimos en las calles peleando para defender la escuela p\u00fablica. Pero tambi\u00e9n venimos construyendo y debatiendo en cada lugar de trabajo y en el sindicato porque lo que est\u00e1 en juego en esta etapa es el modelo sindical y un modelo de pa\u00eds.<\/p>\n<p>Peleamos, y lo seguiremos haciendo, por la m\u00e1s amplia unidad para enfrentar el ajuste macrista, y derrotarlo. No s\u00f3lo en la calle, como con la reforma laboral, sino tambi\u00e9n como lo hicimos en las urnas a trav\u00e9s del Frente de Todxs.<\/p>\n<h4><span style=\"color: #ff0000;\"><strong>Elecciones en UTE<\/strong><\/span><\/h4>\n<p>Hace 12 a\u00f1os que el macrismo gobierna en la Ciudad, hace 12 a\u00f1os que las pol\u00edticas de vaciamiento, desarticulaci\u00f3n y ataque a lo p\u00fablico se profundizan. Hace 30 a\u00f1os que La Celeste dirige el sindicato y hace 12 a\u00f1os que viene mostrando su incapacidad para derrotar la pol\u00edtica educativa de Cambiemos en la Ciudad. Sus propuestas nos llevaron a una situaci\u00f3n de debilidad que no nos permiti\u00f3 frenar las pol\u00edticas educativas que nos perjudican.<\/p>\n<p>Porque tenemos en la Ciudad un gobierno que ha salido fortalecido, no creemos que sean tiempos de pr\u00e1cticas alternativistas sectarias que no contribuyen a la unidad del gremio, y muchas veces ponen de la vereda del frente a compa\u00f1eres de otras listas por el solo hecho de ser del oficialismo en el gremio, sin tratar de generar una unidad en la acci\u00f3n que nos permita avanzar sobre el gobierno aun con las diferencias.<\/p>\n<p>Pero tambi\u00e9n necesitamos una UTE, que se organice para luchar y que luche para ganar. Que abra los espacios de participaci\u00f3n y no los cierre o vete a compa\u00f1erxs que tienen diferencias con la conducci\u00f3n. Un sindicato que sea reflejo de las escuelas y que sea reflejo de la realidad de la docencia, siendo mayor\u00eda las trabajadoras de la educaci\u00f3n eso no est\u00e1 reflejado en la construcci\u00f3n sindical. Que lxs delegadxs sean de las escuelas en el sindicato, llevar el sindicato y nuestra construcci\u00f3n educativa al territorio, a los barrios que habitamos como venimos haciendo.<\/p>\n<p>Necesitamos una UTE independiente y aut\u00f3noma de los gobiernos y de los partidos pol\u00edticos. Queremos construir una nueva direcci\u00f3n que enfrente al Gobierno con osad\u00eda y compromiso, al tiempo que impulse una nueva l\u00f3gica sindical fraterna, solidaria y feminista. Que vuelva pol\u00edtico lo pedag\u00f3gico y pedag\u00f3gico lo pol\u00edtico. Que llegue a cada escuela, que meta los pies en los barrios que pisamos diariamente. Que recupere las mejores tradiciones de lucha docente. Retomemos las huellas emancipadoras de Carlos Fuentealba, Marina Vilte, Enriqueta Lucero e Isauro Arancibia. Queremos convertir a la UTE en la principal herramienta de lucha por nuestros derechos como trabajadorxs.<br \/>\nEn definitiva, que se concrete un proceso de profunda democratizaci\u00f3n, para que el gremio funcione como una herramienta de organizaci\u00f3n y emancipaci\u00f3n del conjunto de les trabajadorxs.<\/p>\n<p>Para lograr estos objetivos es que pusimos en pie una lista que refleja esta construcci\u00f3n.. Un frente integrado por compa\u00f1eres con les que nos encontramos d\u00eda a d\u00eda en las escuelas y en las luchas, que expresa que es posible la construcci\u00f3n en la diversidad respetando las identidades, y qu\u00e9 busca sumar a toda la docencia. Pusimos en pie la Lista Granate, una lista que refleja estas necesidades y esta forma de construir. Un nuevo camino empez\u00f3 en la UTE. Su refundaci\u00f3n est\u00e1 en marcha.<\/p>\n<!-- AddThis Advanced Settings generic via filter on the_content --><!-- AddThis Share Buttons generic via filter on the_content -->","protected":false},"excerpt":{"rendered":"<p>El pr\u00f3ximo 3 de diciembre son las elecciones en la Uni\u00f3n de Trabajadorxs de la Educaci\u00f3n, sindicato de base de CTERA en CABA. Participan miles de docentes y se pone en juego la continuidad o el cambio en la construcci\u00f3n sindical. La derrota de Macri en las elecciones nacionales es una victoria popular. En todo [&hellip;]<!-- AddThis Advanced Settings generic via filter on get_the_excerpt --><!-- AddThis Share Buttons generic via filter on get_the_excerpt --><\/p>\n","protected":false},"author":6,"featured_media":15217,"comment_status":"open","ping_status":"open","sticky":false,"template":"","format":"standard","meta":{"_jetpack_memberships_contains_paid_content":false,"footnotes":""},"categories":[1877],"tags":[45,339,88,1164,1427],"class_list":{"0":"post-15216","1":"post","2":"type-post","3":"status-publish","4":"format-standard","5":"has-post-thumbnail","7":"category-gremiales","8":"tag-caba","9":"tag-ctera","10":"tag-docentes","11":"tag-ute","12":"tag-vxl-152"},"yoast_head":"<!-- This site is optimized with the Yoast SEO plugin v27.4 - https:\/\/yoast.com\/product\/yoast-seo-wordpress\/ -->\n<title>La Granate se abre paso - Vamos por la Liberaci\u00f3n<\/title>\n<meta name=\"robots\" content=\"index, follow, max-snippet:-1, max-image-preview:large, max-video-preview:-1\" \/>\n<link rel=\"canonical\" href=\"http:\/\/vamosporlaliberacion.org\/crpmlm\/la-granate-se-abre-paso\/\" \/>\n<meta name=\"twitter:label1\" content=\"Escrito por\" \/>\n\t<meta name=\"twitter:data1\" content=\"vamos!\" \/>\n\t<meta name=\"twitter:label2\" content=\"Tiempo de lectura\" \/>\n\t<meta name=\"twitter:data2\" content=\"6 minutos\" \/>\n<script type=\"application\/ld+json\" class=\"yoast-schema-graph\">{\"@context\":\"https:\\\/\\\/schema.org\",\"@graph\":[{\"@type\":\"Article\",\"@id\":\"http:\\\/\\\/vamosporlaliberacion.org\\\/crpmlm\\\/la-granate-se-abre-paso\\\/#article\",\"isPartOf\":{\"@id\":\"http:\\\/\\\/vamosporlaliberacion.org\\\/crpmlm\\\/la-granate-se-abre-paso\\\/\"},\"author\":{\"name\":\"vamos!\",\"@id\":\"https:\\\/\\\/vamosporlaliberacion.org\\\/crpmlm\\\/#\\\/schema\\\/person\\\/d6eac7758df3770dae9cd9eb104d615c\"},\"headline\":\"La Granate se abre paso\",\"datePublished\":\"2019-11-21T01:05:34+00:00\",\"dateModified\":\"2020-10-25T22:43:26+00:00\",\"mainEntityOfPage\":{\"@id\":\"http:\\\/\\\/vamosporlaliberacion.org\\\/crpmlm\\\/la-granate-se-abre-paso\\\/\"},\"wordCount\":1290,\"commentCount\":0,\"image\":{\"@id\":\"http:\\\/\\\/vamosporlaliberacion.org\\\/crpmlm\\\/la-granate-se-abre-paso\\\/#primaryimage\"},\"thumbnailUrl\":\"https:\\\/\\\/i0.wp.com\\\/vamosporlaliberacion.org\\\/crpmlm\\\/wp-content\\\/uploads\\\/2019\\\/11\\\/granate.png?fit=696%2C469&ssl=1\",\"keywords\":[\"CABA\",\"CTERA\",\"docentes\",\"UTE\",\"vxl 152\"],\"articleSection\":[\"Actualidad e historia del movimiento obrero\"],\"inLanguage\":\"es\",\"potentialAction\":[{\"@type\":\"CommentAction\",\"name\":\"Comment\",\"target\":[\"http:\\\/\\\/vamosporlaliberacion.org\\\/crpmlm\\\/la-granate-se-abre-paso\\\/#respond\"]}]},{\"@type\":\"WebPage\",\"@id\":\"http:\\\/\\\/vamosporlaliberacion.org\\\/crpmlm\\\/la-granate-se-abre-paso\\\/\",\"url\":\"http:\\\/\\\/vamosporlaliberacion.org\\\/crpmlm\\\/la-granate-se-abre-paso\\\/\",\"name\":\"La Granate se abre paso - Vamos por la Liberaci\u00f3n\",\"isPartOf\":{\"@id\":\"https:\\\/\\\/vamosporlaliberacion.org\\\/crpmlm\\\/#website\"},\"primaryImageOfPage\":{\"@id\":\"http:\\\/\\\/vamosporlaliberacion.org\\\/crpmlm\\\/la-granate-se-abre-paso\\\/#primaryimage\"},\"image\":{\"@id\":\"http:\\\/\\\/vamosporlaliberacion.org\\\/crpmlm\\\/la-granate-se-abre-paso\\\/#primaryimage\"},\"thumbnailUrl\":\"https:\\\/\\\/i0.wp.com\\\/vamosporlaliberacion.org\\\/crpmlm\\\/wp-content\\\/uploads\\\/2019\\\/11\\\/granate.png?fit=696%2C469&ssl=1\",\"datePublished\":\"2019-11-21T01:05:34+00:00\",\"dateModified\":\"2020-10-25T22:43:26+00:00\",\"author\":{\"@id\":\"https:\\\/\\\/vamosporlaliberacion.org\\\/crpmlm\\\/#\\\/schema\\\/person\\\/d6eac7758df3770dae9cd9eb104d615c\"},\"breadcrumb\":{\"@id\":\"http:\\\/\\\/vamosporlaliberacion.org\\\/crpmlm\\\/la-granate-se-abre-paso\\\/#breadcrumb\"},\"inLanguage\":\"es\",\"potentialAction\":[{\"@type\":\"ReadAction\",\"target\":[\"http:\\\/\\\/vamosporlaliberacion.org\\\/crpmlm\\\/la-granate-se-abre-paso\\\/\"]}]},{\"@type\":\"ImageObject\",\"inLanguage\":\"es\",\"@id\":\"http:\\\/\\\/vamosporlaliberacion.org\\\/crpmlm\\\/la-granate-se-abre-paso\\\/#primaryimage\",\"url\":\"https:\\\/\\\/i0.wp.com\\\/vamosporlaliberacion.org\\\/crpmlm\\\/wp-content\\\/uploads\\\/2019\\\/11\\\/granate.png?fit=696%2C469&ssl=1\",\"contentUrl\":\"https:\\\/\\\/i0.wp.com\\\/vamosporlaliberacion.org\\\/crpmlm\\\/wp-content\\\/uploads\\\/2019\\\/11\\\/granate.png?fit=696%2C469&ssl=1\",\"width\":696,\"height\":469},{\"@type\":\"BreadcrumbList\",\"@id\":\"http:\\\/\\\/vamosporlaliberacion.org\\\/crpmlm\\\/la-granate-se-abre-paso\\\/#breadcrumb\",\"itemListElement\":[{\"@type\":\"ListItem\",\"position\":1,\"name\":\"Portada\",\"item\":\"https:\\\/\\\/vamosporlaliberacion.org\\\/crpmlm\\\/\"},{\"@type\":\"ListItem\",\"position\":2,\"name\":\"La Granate se abre paso\"}]},{\"@type\":\"WebSite\",\"@id\":\"https:\\\/\\\/vamosporlaliberacion.org\\\/crpmlm\\\/#website\",\"url\":\"https:\\\/\\\/vamosporlaliberacion.org\\\/crpmlm\\\/\",\"name\":\"Vamos por la Liberaci\u00f3n\",\"description\":\"Prensa CR\",\"potentialAction\":[{\"@type\":\"SearchAction\",\"target\":{\"@type\":\"EntryPoint\",\"urlTemplate\":\"https:\\\/\\\/vamosporlaliberacion.org\\\/crpmlm\\\/?s={search_term_string}\"},\"query-input\":{\"@type\":\"PropertyValueSpecification\",\"valueRequired\":true,\"valueName\":\"search_term_string\"}}],\"inLanguage\":\"es\"},{\"@type\":\"Person\",\"@id\":\"https:\\\/\\\/vamosporlaliberacion.org\\\/crpmlm\\\/#\\\/schema\\\/person\\\/d6eac7758df3770dae9cd9eb104d615c\",\"name\":\"vamos!\",\"url\":\"https:\\\/\\\/vamosporlaliberacion.org\\\/crpmlm\\\/author\\\/adminvxl\\\/\"}]}<\/script>\n<!-- \/ Yoast SEO plugin. -->","yoast_head_json":{"title":"La Granate se abre paso - Vamos por la Liberaci\u00f3n","robots":{"index":"index","follow":"follow","max-snippet":"max-snippet:-1","max-image-preview":"max-image-preview:large","max-video-preview":"max-video-preview:-1"},"canonical":"http:\/\/vamosporlaliberacion.org\/crpmlm\/la-granate-se-abre-paso\/","twitter_misc":{"Escrito por":"vamos!","Tiempo de lectura":"6 minutos"},"schema":{"@context":"https:\/\/schema.org","@graph":[{"@type":"Article","@id":"http:\/\/vamosporlaliberacion.org\/crpmlm\/la-granate-se-abre-paso\/#article","isPartOf":{"@id":"http:\/\/vamosporlaliberacion.org\/crpmlm\/la-granate-se-abre-paso\/"},"author":{"name":"vamos!","@id":"https:\/\/vamosporlaliberacion.org\/crpmlm\/#\/schema\/person\/d6eac7758df3770dae9cd9eb104d615c"},"headline":"La Granate se abre paso","datePublished":"2019-11-21T01:05:34+00:00","dateModified":"2020-10-25T22:43:26+00:00","mainEntityOfPage":{"@id":"http:\/\/vamosporlaliberacion.org\/crpmlm\/la-granate-se-abre-paso\/"},"wordCount":1290,"commentCount":0,"image":{"@id":"http:\/\/vamosporlaliberacion.org\/crpmlm\/la-granate-se-abre-paso\/#primaryimage"},"thumbnailUrl":"https:\/\/i0.wp.com\/vamosporlaliberacion.org\/crpmlm\/wp-content\/uploads\/2019\/11\/granate.png?fit=696%2C469&ssl=1","keywords":["CABA","CTERA","docentes","UTE","vxl 152"],"articleSection":["Actualidad e historia del movimiento obrero"],"inLanguage":"es","potentialAction":[{"@type":"CommentAction","name":"Comment","target":["http:\/\/vamosporlaliberacion.org\/crpmlm\/la-granate-se-abre-paso\/#respond"]}]},{"@type":"WebPage","@id":"http:\/\/vamosporlaliberacion.org\/crpmlm\/la-granate-se-abre-paso\/","url":"http:\/\/vamosporlaliberacion.org\/crpmlm\/la-granate-se-abre-paso\/","name":"La Granate se abre paso - Vamos por la Liberaci\u00f3n","isPartOf":{"@id":"https:\/\/vamosporlaliberacion.org\/crpmlm\/#website"},"primaryImageOfPage":{"@id":"http:\/\/vamosporlaliberacion.org\/crpmlm\/la-granate-se-abre-paso\/#primaryimage"},"image":{"@id":"http:\/\/vamosporlaliberacion.org\/crpmlm\/la-granate-se-abre-paso\/#primaryimage"},"thumbnailUrl":"https:\/\/i0.wp.com\/vamosporlaliberacion.org\/crpmlm\/wp-content\/uploads\/2019\/11\/granate.png?fit=696%2C469&ssl=1","datePublished":"2019-11-21T01:05:34+00:00","dateModified":"2020-10-25T22:43:26+00:00","author":{"@id":"https:\/\/vamosporlaliberacion.org\/crpmlm\/#\/schema\/person\/d6eac7758df3770dae9cd9eb104d615c"},"breadcrumb":{"@id":"http:\/\/vamosporlaliberacion.org\/crpmlm\/la-granate-se-abre-paso\/#breadcrumb"},"inLanguage":"es","potentialAction":[{"@type":"ReadAction","target":["http:\/\/vamosporlaliberacion.org\/crpmlm\/la-granate-se-abre-paso\/"]}]},{"@type":"ImageObject","inLanguage":"es","@id":"http:\/\/vamosporlaliberacion.org\/crpmlm\/la-granate-se-abre-paso\/#primaryimage","url":"https:\/\/i0.wp.com\/vamosporlaliberacion.org\/crpmlm\/wp-content\/uploads\/2019\/11\/granate.png?fit=696%2C469&ssl=1","contentUrl":"https:\/\/i0.wp.com\/vamosporlaliberacion.org\/crpmlm\/wp-content\/uploads\/2019\/11\/granate.png?fit=696%2C469&ssl=1","width":696,"height":469},{"@type":"BreadcrumbList","@id":"http:\/\/vamosporlaliberacion.org\/crpmlm\/la-granate-se-abre-paso\/#breadcrumb","itemListElement":[{"@type":"ListItem","position":1,"name":"Portada","item":"https:\/\/vamosporlaliberacion.org\/crpmlm\/"},{"@type":"ListItem","position":2,"name":"La Granate se abre paso"}]},{"@type":"WebSite","@id":"https:\/\/vamosporlaliberacion.org\/crpmlm\/#website","url":"https:\/\/vamosporlaliberacion.org\/crpmlm\/","name":"Vamos por la Liberaci\u00f3n","description":"Prensa CR","potentialAction":[{"@type":"SearchAction","target":{"@type":"EntryPoint","urlTemplate":"https:\/\/vamosporlaliberacion.org\/crpmlm\/?s={search_term_string}"},"query-input":{"@type":"PropertyValueSpecification","valueRequired":true,"valueName":"search_term_string"}}],"inLanguage":"es"},{"@type":"Person","@id":"https:\/\/vamosporlaliberacion.org\/crpmlm\/#\/schema\/person\/d6eac7758df3770dae9cd9eb104d615c","name":"vamos!","url":"https:\/\/vamosporlaliberacion.org\/crpmlm\/author\/adminvxl\/"}]}},"jetpack_featured_media_url":"https:\/\/i0.wp.com\/vamosporlaliberacion.org\/crpmlm\/wp-content\/uploads\/2019\/11\/granate.png?fit=696%2C469&ssl=1","jetpack_sharing_enabled":true,"_links":{"self":[{"href":"https:\/\/vamosporlaliberacion.org\/crpmlm\/wp-json\/wp\/v2\/posts\/15216","targetHints":{"allow":["GET"]}}],"collection":[{"href":"https:\/\/vamosporlaliberacion.org\/crpmlm\/wp-json\/wp\/v2\/posts"}],"about":[{"href":"https:\/\/vamosporlaliberacion.org\/crpmlm\/wp-json\/wp\/v2\/types\/post"}],"author":[{"embeddable":true,"href":"https:\/\/vamosporlaliberacion.org\/crpmlm\/wp-json\/wp\/v2\/users\/6"}],"replies":[{"embeddable":true,"href":"https:\/\/vamosporlaliberacion.org\/crpmlm\/wp-json\/wp\/v2\/comments?post=15216"}],"version-history":[{"count":1,"href":"https:\/\/vamosporlaliberacion.org\/crpmlm\/wp-json\/wp\/v2\/posts\/15216\/revisions"}],"predecessor-version":[{"id":20551,"href":"https:\/\/vamosporlaliberacion.org\/crpmlm\/wp-json\/wp\/v2\/posts\/15216\/revisions\/20551"}],"wp:featuredmedia":[{"embeddable":true,"href":"https:\/\/vamosporlaliberacion.org\/crpmlm\/wp-json\/wp\/v2\/media\/15217"}],"wp:attachment":[{"href":"https:\/\/vamosporlaliberacion.org\/crpmlm\/wp-json\/wp\/v2\/media?parent=15216"}],"wp:term":[{"taxonomy":"category","embeddable":true,"href":"https:\/\/vamosporlaliberacion.org\/crpmlm\/wp-json\/wp\/v2\/categories?post=15216"},{"taxonomy":"post_tag","embeddable":true,"href":"https:\/\/vamosporlaliberacion.org\/crpmlm\/wp-json\/wp\/v2\/tags?post=15216"}],"curies":[{"name":"wp","href":"https:\/\/api.w.org\/{rel}","templated":true}]}}