{"id":15163,"date":"2019-11-20T19:17:13","date_gmt":"2019-11-20T22:17:13","guid":{"rendered":"http:\/\/vamosporlaliberacion.org\/crpmlm\/?p=15163"},"modified":"2019-11-20T19:17:13","modified_gmt":"2019-11-20T22:17:13","slug":"el-consejo-federal-contra-el-hambre","status":"publish","type":"post","link":"https:\/\/vamosporlaliberacion.org\/crpmlm\/el-consejo-federal-contra-el-hambre\/","title":{"rendered":"El Consejo Federal Contra el Hambre"},"content":{"rendered":"<p><span class=\"dropcap dropcap3\" style=\"color: #00ccff;\">D<\/span>el encuentro, coordinado por el diputado del Frente Renovador Daniel Arroyo, (quien suena como posible ministro de Desarrollo Social) participaron -entre otros- Estela de Carlotto; Adolfo P\u00e9rez Esquivel; el titular de C\u00e1ritas, Carlos Tissera, el conductor de TV Marcelo Tinelli, la chef Narda Lepes y la empresaria de la moda Mar\u00eda Cher. Tambi\u00e9n estaban por la CGT H\u00e9ctor Daer; Pablo Michelli por la CTA (Aut\u00f3noma), Agust\u00edn Salvia por el observatorio de la deuda social de la UCA; Sonia Alesso de CTERA y de Suteba, Rodolfo Baradel; (CTEP), Esteban Castro; FAA, Carlos Achetoni; por la UIA Daniel Funes de Rioja.<\/p>\n<p>\u201cHay un problema estructural en la Argentina. El hambre es solo una consecuencia de una estructura econ\u00f3mica que no funciona. Esto tiene que ser un \u00e9xito de los argentinos, pretendo que quieran la misma Argentina que yo\u201d, agreg\u00f3 Fern\u00e1ndez.<\/p>\n<p>Seg\u00fan explic\u00f3 Arroyo, los integrantes del consejo desarrollar\u00e1n sus tareas de forma \u201cad honoren\u201d y tendr\u00e1 la misi\u00f3n de \u201chacer un seguimiento del plan\u201d, ya que \u201cel hambre es un combustible para el aumento de la pobreza y para el endeudamiento de las familias\u201d.<\/p>\n<p>La intenci\u00f3n del gobierno de Fern\u00e1ndez de poner el centro de las prioridades en el hambre y la pobreza, es una medida positiva por la situaci\u00f3n desbastadora para la familia argentina que ha dejado el macrismo. Todas las medidas sociales para paliar esa situaci\u00f3n desde desarrollo social son necesarias no s\u00f3lo para sostener los comedores y tarjeta social, sino para generar trabajo en las cooperativas sociales que trabajen con el gobierno nacional y municipios, con el objetivo de que sean reconocidas como proveedores del Estado.<\/p>\n<p>Sin dudas la pol\u00edtica econ\u00f3mica ser\u00e1 la marque el rumbo hacia donde ir\u00e1 el pa\u00eds, donde se har\u00e1 necesario en una primera etapa llevar a la pr\u00e1ctica lo dicho por el propio Alberto Fern\u00e1ndez en cuanto a que \u201chay un problema estructural en la Argentina. El hambre es solo una consecuencia de una estructura econ\u00f3mica que no funciona\u2026\u201d.<\/p>\n<p>Avanzar r\u00e1pidamente en ese debate y tomar las medidas pr\u00e1cticas en pol\u00edticas de estado, como el no pago de la Deuda fraudulenta, el gravamen a las exportaciones y a la mega miner\u00eda para hacernos de divisas mirando el mercado interno y las necesidades de la naci\u00f3n para salir del monocultivo y poder encender la industria y cambiar la matriz productiva.<\/p>\n<p>El Consejo contra el hambre ser\u00e1 un instrumento heterog\u00e9neo que aconsejar\u00e1 y donde los sectores populares all\u00ed presente, dar\u00e1n su perspectiva y puntos de vista. pero deber\u00e1 ser acompa\u00f1ado de la movilizaci\u00f3n popular para avanzar en las medidas que necesita nuestro pueblo.<\/p>\n<!-- AddThis Advanced Settings generic via filter on the_content --><!-- AddThis Share Buttons generic via filter on the_content -->","protected":false},"excerpt":{"rendered":"<p>Del encuentro, coordinado por el diputado del Frente Renovador Daniel Arroyo, (quien suena como posible ministro de Desarrollo Social) participaron -entre otros- Estela de Carlotto; Adolfo P\u00e9rez Esquivel; el titular de C\u00e1ritas, Carlos Tissera, el conductor de TV Marcelo Tinelli, la chef Narda Lepes y la empresaria de la moda Mar\u00eda Cher. Tambi\u00e9n estaban por [&hellip;]<!-- AddThis Advanced Settings generic via filter on get_the_excerpt --><!-- AddThis Share Buttons generic via filter on get_the_excerpt --><\/p>\n","protected":false},"author":6,"featured_media":15180,"comment_status":"open","ping_status":"open","sticky":false,"template":"","format":"standard","meta":{"_jetpack_memberships_contains_paid_content":false,"footnotes":""},"categories":[1699],"tags":[1432,1393,1433,616,1427],"class_list":{"0":"post-15163","1":"post","2":"type-post","3":"status-publish","4":"format-standard","5":"has-post-thumbnail","7":"category-noticias","8":"tag-alberto-fernandez","9":"tag-frente-de-todxs","10":"tag-hambre","11":"tag-pobreza","12":"tag-vxl-152"},"yoast_head":"<!-- This site is optimized with the Yoast SEO plugin v27.4 - https:\/\/yoast.com\/product\/yoast-seo-wordpress\/ -->\n<title>El Consejo Federal Contra el Hambre - Vamos por la Liberaci\u00f3n<\/title>\n<meta name=\"robots\" content=\"index, follow, max-snippet:-1, max-image-preview:large, max-video-preview:-1\" \/>\n<link rel=\"canonical\" href=\"https:\/\/vamosporlaliberacion.org\/crpmlm\/el-consejo-federal-contra-el-hambre\/\" \/>\n<meta name=\"twitter:label1\" content=\"Escrito por\" \/>\n\t<meta name=\"twitter:data1\" content=\"vamos!\" \/>\n\t<meta name=\"twitter:label2\" content=\"Tiempo de lectura\" \/>\n\t<meta name=\"twitter:data2\" content=\"2 minutos\" \/>\n<script type=\"application\/ld+json\" class=\"yoast-schema-graph\">{\"@context\":\"https:\\\/\\\/schema.org\",\"@graph\":[{\"@type\":\"Article\",\"@id\":\"https:\\\/\\\/vamosporlaliberacion.org\\\/crpmlm\\\/el-consejo-federal-contra-el-hambre\\\/#article\",\"isPartOf\":{\"@id\":\"https:\\\/\\\/vamosporlaliberacion.org\\\/crpmlm\\\/el-consejo-federal-contra-el-hambre\\\/\"},\"author\":{\"name\":\"vamos!\",\"@id\":\"https:\\\/\\\/vamosporlaliberacion.org\\\/crpmlm\\\/#\\\/schema\\\/person\\\/d6eac7758df3770dae9cd9eb104d615c\"},\"headline\":\"El Consejo Federal Contra el Hambre\",\"datePublished\":\"2019-11-20T22:17:13+00:00\",\"mainEntityOfPage\":{\"@id\":\"https:\\\/\\\/vamosporlaliberacion.org\\\/crpmlm\\\/el-consejo-federal-contra-el-hambre\\\/\"},\"wordCount\":465,\"commentCount\":0,\"image\":{\"@id\":\"https:\\\/\\\/vamosporlaliberacion.org\\\/crpmlm\\\/el-consejo-federal-contra-el-hambre\\\/#primaryimage\"},\"thumbnailUrl\":\"https:\\\/\\\/i0.wp.com\\\/vamosporlaliberacion.org\\\/crpmlm\\\/wp-content\\\/uploads\\\/2019\\\/11\\\/consejo-federal-contra-el-hambre.png?fit=696%2C469&ssl=1\",\"keywords\":[\"alberto fernandez\",\"frente de todxs\",\"hambre\",\"Pobreza\",\"vxl 152\"],\"articleSection\":[\"Noticias\"],\"inLanguage\":\"es\",\"potentialAction\":[{\"@type\":\"CommentAction\",\"name\":\"Comment\",\"target\":[\"https:\\\/\\\/vamosporlaliberacion.org\\\/crpmlm\\\/el-consejo-federal-contra-el-hambre\\\/#respond\"]}]},{\"@type\":\"WebPage\",\"@id\":\"https:\\\/\\\/vamosporlaliberacion.org\\\/crpmlm\\\/el-consejo-federal-contra-el-hambre\\\/\",\"url\":\"https:\\\/\\\/vamosporlaliberacion.org\\\/crpmlm\\\/el-consejo-federal-contra-el-hambre\\\/\",\"name\":\"El Consejo Federal Contra el Hambre - Vamos por la Liberaci\u00f3n\",\"isPartOf\":{\"@id\":\"https:\\\/\\\/vamosporlaliberacion.org\\\/crpmlm\\\/#website\"},\"primaryImageOfPage\":{\"@id\":\"https:\\\/\\\/vamosporlaliberacion.org\\\/crpmlm\\\/el-consejo-federal-contra-el-hambre\\\/#primaryimage\"},\"image\":{\"@id\":\"https:\\\/\\\/vamosporlaliberacion.org\\\/crpmlm\\\/el-consejo-federal-contra-el-hambre\\\/#primaryimage\"},\"thumbnailUrl\":\"https:\\\/\\\/i0.wp.com\\\/vamosporlaliberacion.org\\\/crpmlm\\\/wp-content\\\/uploads\\\/2019\\\/11\\\/consejo-federal-contra-el-hambre.png?fit=696%2C469&ssl=1\",\"datePublished\":\"2019-11-20T22:17:13+00:00\",\"author\":{\"@id\":\"https:\\\/\\\/vamosporlaliberacion.org\\\/crpmlm\\\/#\\\/schema\\\/person\\\/d6eac7758df3770dae9cd9eb104d615c\"},\"breadcrumb\":{\"@id\":\"https:\\\/\\\/vamosporlaliberacion.org\\\/crpmlm\\\/el-consejo-federal-contra-el-hambre\\\/#breadcrumb\"},\"inLanguage\":\"es\",\"potentialAction\":[{\"@type\":\"ReadAction\",\"target\":[\"https:\\\/\\\/vamosporlaliberacion.org\\\/crpmlm\\\/el-consejo-federal-contra-el-hambre\\\/\"]}]},{\"@type\":\"ImageObject\",\"inLanguage\":\"es\",\"@id\":\"https:\\\/\\\/vamosporlaliberacion.org\\\/crpmlm\\\/el-consejo-federal-contra-el-hambre\\\/#primaryimage\",\"url\":\"https:\\\/\\\/i0.wp.com\\\/vamosporlaliberacion.org\\\/crpmlm\\\/wp-content\\\/uploads\\\/2019\\\/11\\\/consejo-federal-contra-el-hambre.png?fit=696%2C469&ssl=1\",\"contentUrl\":\"https:\\\/\\\/i0.wp.com\\\/vamosporlaliberacion.org\\\/crpmlm\\\/wp-content\\\/uploads\\\/2019\\\/11\\\/consejo-federal-contra-el-hambre.png?fit=696%2C469&ssl=1\",\"width\":696,\"height\":469},{\"@type\":\"BreadcrumbList\",\"@id\":\"https:\\\/\\\/vamosporlaliberacion.org\\\/crpmlm\\\/el-consejo-federal-contra-el-hambre\\\/#breadcrumb\",\"itemListElement\":[{\"@type\":\"ListItem\",\"position\":1,\"name\":\"Portada\",\"item\":\"https:\\\/\\\/vamosporlaliberacion.org\\\/crpmlm\\\/\"},{\"@type\":\"ListItem\",\"position\":2,\"name\":\"El Consejo Federal Contra el Hambre\"}]},{\"@type\":\"WebSite\",\"@id\":\"https:\\\/\\\/vamosporlaliberacion.org\\\/crpmlm\\\/#website\",\"url\":\"https:\\\/\\\/vamosporlaliberacion.org\\\/crpmlm\\\/\",\"name\":\"Vamos por la Liberaci\u00f3n\",\"description\":\"Prensa CR\",\"potentialAction\":[{\"@type\":\"SearchAction\",\"target\":{\"@type\":\"EntryPoint\",\"urlTemplate\":\"https:\\\/\\\/vamosporlaliberacion.org\\\/crpmlm\\\/?s={search_term_string}\"},\"query-input\":{\"@type\":\"PropertyValueSpecification\",\"valueRequired\":true,\"valueName\":\"search_term_string\"}}],\"inLanguage\":\"es\"},{\"@type\":\"Person\",\"@id\":\"https:\\\/\\\/vamosporlaliberacion.org\\\/crpmlm\\\/#\\\/schema\\\/person\\\/d6eac7758df3770dae9cd9eb104d615c\",\"name\":\"vamos!\",\"url\":\"https:\\\/\\\/vamosporlaliberacion.org\\\/crpmlm\\\/author\\\/adminvxl\\\/\"}]}<\/script>\n<!-- \/ Yoast SEO plugin. -->","yoast_head_json":{"title":"El Consejo Federal Contra el Hambre - Vamos por la Liberaci\u00f3n","robots":{"index":"index","follow":"follow","max-snippet":"max-snippet:-1","max-image-preview":"max-image-preview:large","max-video-preview":"max-video-preview:-1"},"canonical":"https:\/\/vamosporlaliberacion.org\/crpmlm\/el-consejo-federal-contra-el-hambre\/","twitter_misc":{"Escrito por":"vamos!","Tiempo de lectura":"2 minutos"},"schema":{"@context":"https:\/\/schema.org","@graph":[{"@type":"Article","@id":"https:\/\/vamosporlaliberacion.org\/crpmlm\/el-consejo-federal-contra-el-hambre\/#article","isPartOf":{"@id":"https:\/\/vamosporlaliberacion.org\/crpmlm\/el-consejo-federal-contra-el-hambre\/"},"author":{"name":"vamos!","@id":"https:\/\/vamosporlaliberacion.org\/crpmlm\/#\/schema\/person\/d6eac7758df3770dae9cd9eb104d615c"},"headline":"El Consejo Federal Contra el Hambre","datePublished":"2019-11-20T22:17:13+00:00","mainEntityOfPage":{"@id":"https:\/\/vamosporlaliberacion.org\/crpmlm\/el-consejo-federal-contra-el-hambre\/"},"wordCount":465,"commentCount":0,"image":{"@id":"https:\/\/vamosporlaliberacion.org\/crpmlm\/el-consejo-federal-contra-el-hambre\/#primaryimage"},"thumbnailUrl":"https:\/\/i0.wp.com\/vamosporlaliberacion.org\/crpmlm\/wp-content\/uploads\/2019\/11\/consejo-federal-contra-el-hambre.png?fit=696%2C469&ssl=1","keywords":["alberto fernandez","frente de todxs","hambre","Pobreza","vxl 152"],"articleSection":["Noticias"],"inLanguage":"es","potentialAction":[{"@type":"CommentAction","name":"Comment","target":["https:\/\/vamosporlaliberacion.org\/crpmlm\/el-consejo-federal-contra-el-hambre\/#respond"]}]},{"@type":"WebPage","@id":"https:\/\/vamosporlaliberacion.org\/crpmlm\/el-consejo-federal-contra-el-hambre\/","url":"https:\/\/vamosporlaliberacion.org\/crpmlm\/el-consejo-federal-contra-el-hambre\/","name":"El Consejo Federal Contra el Hambre - Vamos por la Liberaci\u00f3n","isPartOf":{"@id":"https:\/\/vamosporlaliberacion.org\/crpmlm\/#website"},"primaryImageOfPage":{"@id":"https:\/\/vamosporlaliberacion.org\/crpmlm\/el-consejo-federal-contra-el-hambre\/#primaryimage"},"image":{"@id":"https:\/\/vamosporlaliberacion.org\/crpmlm\/el-consejo-federal-contra-el-hambre\/#primaryimage"},"thumbnailUrl":"https:\/\/i0.wp.com\/vamosporlaliberacion.org\/crpmlm\/wp-content\/uploads\/2019\/11\/consejo-federal-contra-el-hambre.png?fit=696%2C469&ssl=1","datePublished":"2019-11-20T22:17:13+00:00","author":{"@id":"https:\/\/vamosporlaliberacion.org\/crpmlm\/#\/schema\/person\/d6eac7758df3770dae9cd9eb104d615c"},"breadcrumb":{"@id":"https:\/\/vamosporlaliberacion.org\/crpmlm\/el-consejo-federal-contra-el-hambre\/#breadcrumb"},"inLanguage":"es","potentialAction":[{"@type":"ReadAction","target":["https:\/\/vamosporlaliberacion.org\/crpmlm\/el-consejo-federal-contra-el-hambre\/"]}]},{"@type":"ImageObject","inLanguage":"es","@id":"https:\/\/vamosporlaliberacion.org\/crpmlm\/el-consejo-federal-contra-el-hambre\/#primaryimage","url":"https:\/\/i0.wp.com\/vamosporlaliberacion.org\/crpmlm\/wp-content\/uploads\/2019\/11\/consejo-federal-contra-el-hambre.png?fit=696%2C469&ssl=1","contentUrl":"https:\/\/i0.wp.com\/vamosporlaliberacion.org\/crpmlm\/wp-content\/uploads\/2019\/11\/consejo-federal-contra-el-hambre.png?fit=696%2C469&ssl=1","width":696,"height":469},{"@type":"BreadcrumbList","@id":"https:\/\/vamosporlaliberacion.org\/crpmlm\/el-consejo-federal-contra-el-hambre\/#breadcrumb","itemListElement":[{"@type":"ListItem","position":1,"name":"Portada","item":"https:\/\/vamosporlaliberacion.org\/crpmlm\/"},{"@type":"ListItem","position":2,"name":"El Consejo Federal Contra el Hambre"}]},{"@type":"WebSite","@id":"https:\/\/vamosporlaliberacion.org\/crpmlm\/#website","url":"https:\/\/vamosporlaliberacion.org\/crpmlm\/","name":"Vamos por la Liberaci\u00f3n","description":"Prensa CR","potentialAction":[{"@type":"SearchAction","target":{"@type":"EntryPoint","urlTemplate":"https:\/\/vamosporlaliberacion.org\/crpmlm\/?s={search_term_string}"},"query-input":{"@type":"PropertyValueSpecification","valueRequired":true,"valueName":"search_term_string"}}],"inLanguage":"es"},{"@type":"Person","@id":"https:\/\/vamosporlaliberacion.org\/crpmlm\/#\/schema\/person\/d6eac7758df3770dae9cd9eb104d615c","name":"vamos!","url":"https:\/\/vamosporlaliberacion.org\/crpmlm\/author\/adminvxl\/"}]}},"jetpack_featured_media_url":"https:\/\/i0.wp.com\/vamosporlaliberacion.org\/crpmlm\/wp-content\/uploads\/2019\/11\/consejo-federal-contra-el-hambre.png?fit=696%2C469&ssl=1","jetpack_sharing_enabled":true,"_links":{"self":[{"href":"https:\/\/vamosporlaliberacion.org\/crpmlm\/wp-json\/wp\/v2\/posts\/15163","targetHints":{"allow":["GET"]}}],"collection":[{"href":"https:\/\/vamosporlaliberacion.org\/crpmlm\/wp-json\/wp\/v2\/posts"}],"about":[{"href":"https:\/\/vamosporlaliberacion.org\/crpmlm\/wp-json\/wp\/v2\/types\/post"}],"author":[{"embeddable":true,"href":"https:\/\/vamosporlaliberacion.org\/crpmlm\/wp-json\/wp\/v2\/users\/6"}],"replies":[{"embeddable":true,"href":"https:\/\/vamosporlaliberacion.org\/crpmlm\/wp-json\/wp\/v2\/comments?post=15163"}],"version-history":[{"count":0,"href":"https:\/\/vamosporlaliberacion.org\/crpmlm\/wp-json\/wp\/v2\/posts\/15163\/revisions"}],"wp:featuredmedia":[{"embeddable":true,"href":"https:\/\/vamosporlaliberacion.org\/crpmlm\/wp-json\/wp\/v2\/media\/15180"}],"wp:attachment":[{"href":"https:\/\/vamosporlaliberacion.org\/crpmlm\/wp-json\/wp\/v2\/media?parent=15163"}],"wp:term":[{"taxonomy":"category","embeddable":true,"href":"https:\/\/vamosporlaliberacion.org\/crpmlm\/wp-json\/wp\/v2\/categories?post=15163"},{"taxonomy":"post_tag","embeddable":true,"href":"https:\/\/vamosporlaliberacion.org\/crpmlm\/wp-json\/wp\/v2\/tags?post=15163"}],"curies":[{"name":"wp","href":"https:\/\/api.w.org\/{rel}","templated":true}]}}