{"id":15161,"date":"2019-11-20T18:49:05","date_gmt":"2019-11-20T21:49:05","guid":{"rendered":"http:\/\/vamosporlaliberacion.org\/crpmlm\/?p=15161"},"modified":"2020-10-13T10:08:31","modified_gmt":"2020-10-13T13:08:31","slug":"alberto-fernandez-y-el-apoyo-al-derecho-al-aborto-legal-seguro-y-gratuito","status":"publish","type":"post","link":"https:\/\/vamosporlaliberacion.org\/crpmlm\/alberto-fernandez-y-el-apoyo-al-derecho-al-aborto-legal-seguro-y-gratuito\/","title":{"rendered":"Alberto Fern\u00e1ndez y el apoyo al derecho al aborto legal, seguro y gratuito"},"content":{"rendered":"<p><span class=\"dropcap dropcap3\" style=\"color: #0bba22;\">E<\/span>n este marco, el presidente electo, Alberto Fern\u00e1ndez reafirm\u00f3 su apoyo frente al reclamo del aborto legal en nuestro pa\u00eds. \u201cApoyo todo lo que se dijo ac\u00e1. Queremos m\u00e1s libertades y m\u00e1s derechos para todas, todos y todes\u201d asegur\u00f3 a un auditorio repleto de pa\u00f1uelos verdes que estall\u00f3 en una ovaci\u00f3n. En una entrevista del d\u00eda 17 de noviembre concedida al diario P\u00e1gina 12 conmovido por la historia de Bel\u00e9n, adelant\u00f3 que \u201cva a haber un proyecto de ley mandado por el Presidente. Tan pronto lleguemos\u201d.<\/p>\n<p>La presentaci\u00f3n organizada por el Centro de Derechos Humanos y el Programa de G\u00e9nero y Derecho, cont\u00f3 con la participaci\u00f3n de Nelly Minyersky, abogada feminista, la escritora Claudia Pi\u00f1eiro, Soledad Deza abogada de Bel\u00e9n, Gonzalo Heredia, Dolores Fonzi, Ingrid Beck moderadora y Ana Correa autora de la obra. La presentaci\u00f3n comenz\u00f3 con la lectura por parte de Gonzalo Heredia del pr\u00f3logo del libro escrito por Margaret Atwood, seguido por Dolores Fonzi que ley\u00f3 palabras escritas por Bel\u00e9n. Luego, continuaron Nelly Minyersky y Soledad Deza, la abogada tucumana que tom\u00f3 su caso.<\/p>\n<h4><strong>El caso Bel\u00e9n<\/strong><\/h4>\n<p>En el 2014, Bel\u00e9n (nombre ficticio) concurri\u00f3 al hospital de Cl\u00ednicas Avellaneda, en Tucum\u00e1n, con fuertes dolores abdominales. Los m\u00e9dicos que la atendieron le diagnosticaron un aborto espont\u00e1neo. Sin embargo, en lugar de brindarle la asistencia que necesitaba la denunciaron y la maltrataron, violando el secreto profesional. La polic\u00eda se hizo presente en el hospital y llegaron a revisarla mientras estaba internada. Bel\u00e9n estuvo detenida a partir de ese momento y en el 2016 un tribunal de justicia de Tucum\u00e1n la conden\u00f3 a 8 a\u00f1os de prisi\u00f3n bajo la car\u00e1tula de \u201chomicidio doblemente agravado por el v\u00ednculo\u201d sin reunir ninguna prueba.<\/p>\n<p>En ese momento, el caso es conocido, Soledad Deza abogada tucumana de Cat\u00f3licas por el Derecho a Decidir, se enter\u00f3 de su situaci\u00f3n y tom\u00f3 el caso. Empujada por la lucha de miles en todo el pa\u00eds pidiendo por su liberaci\u00f3n y la presi\u00f3n de organismos internacionales, Bel\u00e9n fue liberada en agosto del 2016. En el 2017 fue absuelta por la Corte de Tucum\u00e1n.<\/p>\n<p>El libro Somos Bel\u00e9n cuenta la historia de esta joven que lleg\u00f3 con dolor de panza y termin\u00f3 presa y deja planteada las preguntas acerca de c\u00f3mo es posible que en la Argentina haya mujeres presas por aborto.<\/p>\n<p>La lucha sigue, por el derecho a la salud de las mujeres y al aborto legal, para que como dijo Bel\u00e9n: \u201cNinguna otra chica tenga que pasar por esto\u201d.<\/p>\n<!-- AddThis Advanced Settings generic via filter on the_content --><!-- AddThis Share Buttons generic via filter on the_content -->","protected":false},"excerpt":{"rendered":"<p>En este marco, el presidente electo, Alberto Fern\u00e1ndez reafirm\u00f3 su apoyo frente al reclamo del aborto legal en nuestro pa\u00eds. \u201cApoyo todo lo que se dijo ac\u00e1. Queremos m\u00e1s libertades y m\u00e1s derechos para todas, todos y todes\u201d asegur\u00f3 a un auditorio repleto de pa\u00f1uelos verdes que estall\u00f3 en una ovaci\u00f3n. En una entrevista del [&hellip;]<!-- AddThis Advanced Settings generic via filter on get_the_excerpt --><!-- AddThis Share Buttons generic via filter on get_the_excerpt --><\/p>\n","protected":false},"author":6,"featured_media":15174,"comment_status":"open","ping_status":"open","sticky":false,"template":"","format":"standard","meta":{"_jetpack_memberships_contains_paid_content":false,"footnotes":""},"categories":[1875],"tags":[304,780,1427],"class_list":{"0":"post-15161","1":"post","2":"type-post","3":"status-publish","4":"format-standard","5":"has-post-thumbnail","7":"category-genero","8":"tag-aborto","9":"tag-libertad-para-belen","10":"tag-vxl-152"},"yoast_head":"<!-- This site is optimized with the Yoast SEO plugin v27.4 - https:\/\/yoast.com\/product\/yoast-seo-wordpress\/ -->\n<title>Alberto Fern\u00e1ndez y el apoyo al derecho al aborto legal, seguro y gratuito - Vamos por la Liberaci\u00f3n<\/title>\n<meta name=\"robots\" content=\"index, follow, max-snippet:-1, max-image-preview:large, max-video-preview:-1\" \/>\n<link rel=\"canonical\" href=\"https:\/\/vamosporlaliberacion.org\/crpmlm\/alberto-fernandez-y-el-apoyo-al-derecho-al-aborto-legal-seguro-y-gratuito\/\" \/>\n<meta name=\"twitter:label1\" content=\"Escrito por\" \/>\n\t<meta name=\"twitter:data1\" content=\"vamos!\" \/>\n\t<meta name=\"twitter:label2\" content=\"Tiempo de lectura\" \/>\n\t<meta name=\"twitter:data2\" content=\"2 minutos\" \/>\n<script type=\"application\/ld+json\" class=\"yoast-schema-graph\">{\"@context\":\"https:\\\/\\\/schema.org\",\"@graph\":[{\"@type\":\"Article\",\"@id\":\"https:\\\/\\\/vamosporlaliberacion.org\\\/crpmlm\\\/alberto-fernandez-y-el-apoyo-al-derecho-al-aborto-legal-seguro-y-gratuito\\\/#article\",\"isPartOf\":{\"@id\":\"https:\\\/\\\/vamosporlaliberacion.org\\\/crpmlm\\\/alberto-fernandez-y-el-apoyo-al-derecho-al-aborto-legal-seguro-y-gratuito\\\/\"},\"author\":{\"name\":\"vamos!\",\"@id\":\"https:\\\/\\\/vamosporlaliberacion.org\\\/crpmlm\\\/#\\\/schema\\\/person\\\/d6eac7758df3770dae9cd9eb104d615c\"},\"headline\":\"Alberto Fern\u00e1ndez y el apoyo al derecho al aborto legal, seguro y gratuito\",\"datePublished\":\"2019-11-20T21:49:05+00:00\",\"dateModified\":\"2020-10-13T13:08:31+00:00\",\"mainEntityOfPage\":{\"@id\":\"https:\\\/\\\/vamosporlaliberacion.org\\\/crpmlm\\\/alberto-fernandez-y-el-apoyo-al-derecho-al-aborto-legal-seguro-y-gratuito\\\/\"},\"wordCount\":459,\"commentCount\":0,\"image\":{\"@id\":\"https:\\\/\\\/vamosporlaliberacion.org\\\/crpmlm\\\/alberto-fernandez-y-el-apoyo-al-derecho-al-aborto-legal-seguro-y-gratuito\\\/#primaryimage\"},\"thumbnailUrl\":\"https:\\\/\\\/i0.wp.com\\\/vamosporlaliberacion.org\\\/crpmlm\\\/wp-content\\\/uploads\\\/2019\\\/11\\\/somos-belen.png?fit=696%2C469&ssl=1\",\"keywords\":[\"Aborto\",\"Libertad para Bel\u00e9n\",\"vxl 152\"],\"articleSection\":[\"Genero\"],\"inLanguage\":\"es\",\"potentialAction\":[{\"@type\":\"CommentAction\",\"name\":\"Comment\",\"target\":[\"https:\\\/\\\/vamosporlaliberacion.org\\\/crpmlm\\\/alberto-fernandez-y-el-apoyo-al-derecho-al-aborto-legal-seguro-y-gratuito\\\/#respond\"]}]},{\"@type\":\"WebPage\",\"@id\":\"https:\\\/\\\/vamosporlaliberacion.org\\\/crpmlm\\\/alberto-fernandez-y-el-apoyo-al-derecho-al-aborto-legal-seguro-y-gratuito\\\/\",\"url\":\"https:\\\/\\\/vamosporlaliberacion.org\\\/crpmlm\\\/alberto-fernandez-y-el-apoyo-al-derecho-al-aborto-legal-seguro-y-gratuito\\\/\",\"name\":\"Alberto Fern\u00e1ndez y el apoyo al derecho al aborto legal, seguro y gratuito - Vamos por la Liberaci\u00f3n\",\"isPartOf\":{\"@id\":\"https:\\\/\\\/vamosporlaliberacion.org\\\/crpmlm\\\/#website\"},\"primaryImageOfPage\":{\"@id\":\"https:\\\/\\\/vamosporlaliberacion.org\\\/crpmlm\\\/alberto-fernandez-y-el-apoyo-al-derecho-al-aborto-legal-seguro-y-gratuito\\\/#primaryimage\"},\"image\":{\"@id\":\"https:\\\/\\\/vamosporlaliberacion.org\\\/crpmlm\\\/alberto-fernandez-y-el-apoyo-al-derecho-al-aborto-legal-seguro-y-gratuito\\\/#primaryimage\"},\"thumbnailUrl\":\"https:\\\/\\\/i0.wp.com\\\/vamosporlaliberacion.org\\\/crpmlm\\\/wp-content\\\/uploads\\\/2019\\\/11\\\/somos-belen.png?fit=696%2C469&ssl=1\",\"datePublished\":\"2019-11-20T21:49:05+00:00\",\"dateModified\":\"2020-10-13T13:08:31+00:00\",\"author\":{\"@id\":\"https:\\\/\\\/vamosporlaliberacion.org\\\/crpmlm\\\/#\\\/schema\\\/person\\\/d6eac7758df3770dae9cd9eb104d615c\"},\"breadcrumb\":{\"@id\":\"https:\\\/\\\/vamosporlaliberacion.org\\\/crpmlm\\\/alberto-fernandez-y-el-apoyo-al-derecho-al-aborto-legal-seguro-y-gratuito\\\/#breadcrumb\"},\"inLanguage\":\"es\",\"potentialAction\":[{\"@type\":\"ReadAction\",\"target\":[\"https:\\\/\\\/vamosporlaliberacion.org\\\/crpmlm\\\/alberto-fernandez-y-el-apoyo-al-derecho-al-aborto-legal-seguro-y-gratuito\\\/\"]}]},{\"@type\":\"ImageObject\",\"inLanguage\":\"es\",\"@id\":\"https:\\\/\\\/vamosporlaliberacion.org\\\/crpmlm\\\/alberto-fernandez-y-el-apoyo-al-derecho-al-aborto-legal-seguro-y-gratuito\\\/#primaryimage\",\"url\":\"https:\\\/\\\/i0.wp.com\\\/vamosporlaliberacion.org\\\/crpmlm\\\/wp-content\\\/uploads\\\/2019\\\/11\\\/somos-belen.png?fit=696%2C469&ssl=1\",\"contentUrl\":\"https:\\\/\\\/i0.wp.com\\\/vamosporlaliberacion.org\\\/crpmlm\\\/wp-content\\\/uploads\\\/2019\\\/11\\\/somos-belen.png?fit=696%2C469&ssl=1\",\"width\":696,\"height\":469},{\"@type\":\"BreadcrumbList\",\"@id\":\"https:\\\/\\\/vamosporlaliberacion.org\\\/crpmlm\\\/alberto-fernandez-y-el-apoyo-al-derecho-al-aborto-legal-seguro-y-gratuito\\\/#breadcrumb\",\"itemListElement\":[{\"@type\":\"ListItem\",\"position\":1,\"name\":\"Portada\",\"item\":\"https:\\\/\\\/vamosporlaliberacion.org\\\/crpmlm\\\/\"},{\"@type\":\"ListItem\",\"position\":2,\"name\":\"Alberto Fern\u00e1ndez y el apoyo al derecho al aborto legal, seguro y gratuito\"}]},{\"@type\":\"WebSite\",\"@id\":\"https:\\\/\\\/vamosporlaliberacion.org\\\/crpmlm\\\/#website\",\"url\":\"https:\\\/\\\/vamosporlaliberacion.org\\\/crpmlm\\\/\",\"name\":\"Vamos por la Liberaci\u00f3n\",\"description\":\"Prensa CR\",\"potentialAction\":[{\"@type\":\"SearchAction\",\"target\":{\"@type\":\"EntryPoint\",\"urlTemplate\":\"https:\\\/\\\/vamosporlaliberacion.org\\\/crpmlm\\\/?s={search_term_string}\"},\"query-input\":{\"@type\":\"PropertyValueSpecification\",\"valueRequired\":true,\"valueName\":\"search_term_string\"}}],\"inLanguage\":\"es\"},{\"@type\":\"Person\",\"@id\":\"https:\\\/\\\/vamosporlaliberacion.org\\\/crpmlm\\\/#\\\/schema\\\/person\\\/d6eac7758df3770dae9cd9eb104d615c\",\"name\":\"vamos!\",\"url\":\"https:\\\/\\\/vamosporlaliberacion.org\\\/crpmlm\\\/author\\\/adminvxl\\\/\"}]}<\/script>\n<!-- \/ Yoast SEO plugin. -->","yoast_head_json":{"title":"Alberto Fern\u00e1ndez y el apoyo al derecho al aborto legal, seguro y gratuito - Vamos por la Liberaci\u00f3n","robots":{"index":"index","follow":"follow","max-snippet":"max-snippet:-1","max-image-preview":"max-image-preview:large","max-video-preview":"max-video-preview:-1"},"canonical":"https:\/\/vamosporlaliberacion.org\/crpmlm\/alberto-fernandez-y-el-apoyo-al-derecho-al-aborto-legal-seguro-y-gratuito\/","twitter_misc":{"Escrito por":"vamos!","Tiempo de lectura":"2 minutos"},"schema":{"@context":"https:\/\/schema.org","@graph":[{"@type":"Article","@id":"https:\/\/vamosporlaliberacion.org\/crpmlm\/alberto-fernandez-y-el-apoyo-al-derecho-al-aborto-legal-seguro-y-gratuito\/#article","isPartOf":{"@id":"https:\/\/vamosporlaliberacion.org\/crpmlm\/alberto-fernandez-y-el-apoyo-al-derecho-al-aborto-legal-seguro-y-gratuito\/"},"author":{"name":"vamos!","@id":"https:\/\/vamosporlaliberacion.org\/crpmlm\/#\/schema\/person\/d6eac7758df3770dae9cd9eb104d615c"},"headline":"Alberto Fern\u00e1ndez y el apoyo al derecho al aborto legal, seguro y gratuito","datePublished":"2019-11-20T21:49:05+00:00","dateModified":"2020-10-13T13:08:31+00:00","mainEntityOfPage":{"@id":"https:\/\/vamosporlaliberacion.org\/crpmlm\/alberto-fernandez-y-el-apoyo-al-derecho-al-aborto-legal-seguro-y-gratuito\/"},"wordCount":459,"commentCount":0,"image":{"@id":"https:\/\/vamosporlaliberacion.org\/crpmlm\/alberto-fernandez-y-el-apoyo-al-derecho-al-aborto-legal-seguro-y-gratuito\/#primaryimage"},"thumbnailUrl":"https:\/\/i0.wp.com\/vamosporlaliberacion.org\/crpmlm\/wp-content\/uploads\/2019\/11\/somos-belen.png?fit=696%2C469&ssl=1","keywords":["Aborto","Libertad para Bel\u00e9n","vxl 152"],"articleSection":["Genero"],"inLanguage":"es","potentialAction":[{"@type":"CommentAction","name":"Comment","target":["https:\/\/vamosporlaliberacion.org\/crpmlm\/alberto-fernandez-y-el-apoyo-al-derecho-al-aborto-legal-seguro-y-gratuito\/#respond"]}]},{"@type":"WebPage","@id":"https:\/\/vamosporlaliberacion.org\/crpmlm\/alberto-fernandez-y-el-apoyo-al-derecho-al-aborto-legal-seguro-y-gratuito\/","url":"https:\/\/vamosporlaliberacion.org\/crpmlm\/alberto-fernandez-y-el-apoyo-al-derecho-al-aborto-legal-seguro-y-gratuito\/","name":"Alberto Fern\u00e1ndez y el apoyo al derecho al aborto legal, seguro y gratuito - Vamos por la Liberaci\u00f3n","isPartOf":{"@id":"https:\/\/vamosporlaliberacion.org\/crpmlm\/#website"},"primaryImageOfPage":{"@id":"https:\/\/vamosporlaliberacion.org\/crpmlm\/alberto-fernandez-y-el-apoyo-al-derecho-al-aborto-legal-seguro-y-gratuito\/#primaryimage"},"image":{"@id":"https:\/\/vamosporlaliberacion.org\/crpmlm\/alberto-fernandez-y-el-apoyo-al-derecho-al-aborto-legal-seguro-y-gratuito\/#primaryimage"},"thumbnailUrl":"https:\/\/i0.wp.com\/vamosporlaliberacion.org\/crpmlm\/wp-content\/uploads\/2019\/11\/somos-belen.png?fit=696%2C469&ssl=1","datePublished":"2019-11-20T21:49:05+00:00","dateModified":"2020-10-13T13:08:31+00:00","author":{"@id":"https:\/\/vamosporlaliberacion.org\/crpmlm\/#\/schema\/person\/d6eac7758df3770dae9cd9eb104d615c"},"breadcrumb":{"@id":"https:\/\/vamosporlaliberacion.org\/crpmlm\/alberto-fernandez-y-el-apoyo-al-derecho-al-aborto-legal-seguro-y-gratuito\/#breadcrumb"},"inLanguage":"es","potentialAction":[{"@type":"ReadAction","target":["https:\/\/vamosporlaliberacion.org\/crpmlm\/alberto-fernandez-y-el-apoyo-al-derecho-al-aborto-legal-seguro-y-gratuito\/"]}]},{"@type":"ImageObject","inLanguage":"es","@id":"https:\/\/vamosporlaliberacion.org\/crpmlm\/alberto-fernandez-y-el-apoyo-al-derecho-al-aborto-legal-seguro-y-gratuito\/#primaryimage","url":"https:\/\/i0.wp.com\/vamosporlaliberacion.org\/crpmlm\/wp-content\/uploads\/2019\/11\/somos-belen.png?fit=696%2C469&ssl=1","contentUrl":"https:\/\/i0.wp.com\/vamosporlaliberacion.org\/crpmlm\/wp-content\/uploads\/2019\/11\/somos-belen.png?fit=696%2C469&ssl=1","width":696,"height":469},{"@type":"BreadcrumbList","@id":"https:\/\/vamosporlaliberacion.org\/crpmlm\/alberto-fernandez-y-el-apoyo-al-derecho-al-aborto-legal-seguro-y-gratuito\/#breadcrumb","itemListElement":[{"@type":"ListItem","position":1,"name":"Portada","item":"https:\/\/vamosporlaliberacion.org\/crpmlm\/"},{"@type":"ListItem","position":2,"name":"Alberto Fern\u00e1ndez y el apoyo al derecho al aborto legal, seguro y gratuito"}]},{"@type":"WebSite","@id":"https:\/\/vamosporlaliberacion.org\/crpmlm\/#website","url":"https:\/\/vamosporlaliberacion.org\/crpmlm\/","name":"Vamos por la Liberaci\u00f3n","description":"Prensa CR","potentialAction":[{"@type":"SearchAction","target":{"@type":"EntryPoint","urlTemplate":"https:\/\/vamosporlaliberacion.org\/crpmlm\/?s={search_term_string}"},"query-input":{"@type":"PropertyValueSpecification","valueRequired":true,"valueName":"search_term_string"}}],"inLanguage":"es"},{"@type":"Person","@id":"https:\/\/vamosporlaliberacion.org\/crpmlm\/#\/schema\/person\/d6eac7758df3770dae9cd9eb104d615c","name":"vamos!","url":"https:\/\/vamosporlaliberacion.org\/crpmlm\/author\/adminvxl\/"}]}},"jetpack_featured_media_url":"https:\/\/i0.wp.com\/vamosporlaliberacion.org\/crpmlm\/wp-content\/uploads\/2019\/11\/somos-belen.png?fit=696%2C469&ssl=1","jetpack_sharing_enabled":true,"_links":{"self":[{"href":"https:\/\/vamosporlaliberacion.org\/crpmlm\/wp-json\/wp\/v2\/posts\/15161","targetHints":{"allow":["GET"]}}],"collection":[{"href":"https:\/\/vamosporlaliberacion.org\/crpmlm\/wp-json\/wp\/v2\/posts"}],"about":[{"href":"https:\/\/vamosporlaliberacion.org\/crpmlm\/wp-json\/wp\/v2\/types\/post"}],"author":[{"embeddable":true,"href":"https:\/\/vamosporlaliberacion.org\/crpmlm\/wp-json\/wp\/v2\/users\/6"}],"replies":[{"embeddable":true,"href":"https:\/\/vamosporlaliberacion.org\/crpmlm\/wp-json\/wp\/v2\/comments?post=15161"}],"version-history":[{"count":1,"href":"https:\/\/vamosporlaliberacion.org\/crpmlm\/wp-json\/wp\/v2\/posts\/15161\/revisions"}],"predecessor-version":[{"id":20047,"href":"https:\/\/vamosporlaliberacion.org\/crpmlm\/wp-json\/wp\/v2\/posts\/15161\/revisions\/20047"}],"wp:featuredmedia":[{"embeddable":true,"href":"https:\/\/vamosporlaliberacion.org\/crpmlm\/wp-json\/wp\/v2\/media\/15174"}],"wp:attachment":[{"href":"https:\/\/vamosporlaliberacion.org\/crpmlm\/wp-json\/wp\/v2\/media?parent=15161"}],"wp:term":[{"taxonomy":"category","embeddable":true,"href":"https:\/\/vamosporlaliberacion.org\/crpmlm\/wp-json\/wp\/v2\/categories?post=15161"},{"taxonomy":"post_tag","embeddable":true,"href":"https:\/\/vamosporlaliberacion.org\/crpmlm\/wp-json\/wp\/v2\/tags?post=15161"}],"curies":[{"name":"wp","href":"https:\/\/api.w.org\/{rel}","templated":true}]}}