{"id":15105,"date":"2019-11-16T14:33:23","date_gmt":"2019-11-16T17:33:23","guid":{"rendered":"http:\/\/vamosporlaliberacion.org\/crpmlm\/?p=15105"},"modified":"2019-11-16T16:01:10","modified_gmt":"2019-11-16T19:01:10","slug":"arranco-el-encuentro-nacional-de-la-juventud-de-la-cta-autonoma","status":"publish","type":"post","link":"https:\/\/vamosporlaliberacion.org\/crpmlm\/arranco-el-encuentro-nacional-de-la-juventud-de-la-cta-autonoma\/","title":{"rendered":"Arranc\u00f3 el Encuentro Nacional de la Juventud de la CTA-Aut\u00f3noma"},"content":{"rendered":"<p>Con la presencia de m\u00e1s de 250 j\u00f3venes de distintas \u00e1reas municipales del Chaco STM, de la Juventud de la CTA-A de Salta, del Sindicato de LUZ Y FUERZA de Mar del Plata, CTA-A de Misiones, Delegados y trabajadores del Fuero del Trabajo-Uejn, Sec. Adjunto del SITTAN (Sindicato de Trabajadores de Talleres y Astilleros Navales, trabajadores de FETERA-SECCO, j\u00f3venes del MOI (Movimiento Ocupante Inquilinos), Movimiento Barrial de Quilmes, j\u00f3venes de la Corriente Ren\u00e9 Salamanca-Chascom\u00fas-Capital Federal, j\u00f3venes de IZQUIERDA LATINOAMERICANA y j\u00f3venes de la CTA-SOLANO dio inicio en la sede del Sindicato de Trabajadores Municipales el I ENCUENTRO NACIONAL DE LA JUVENTUD DE LA CTA-A.<\/p>\n<p>El mismo dio comienzo pasadas las 10 horas, con la apertura a cargo de Facundo Sampayo, Trabajador Municipal en representaci\u00f3n del STM, quien dio la bienvenida y resalt\u00f3 la importancia de la participaci\u00f3n de la Juventud en la nueva coyuntura pol\u00edtica.<\/p>\n\n                <style type=\"text\/css\">\n                    \n                    #tdi_1_544  .td-doubleSlider-2 .td-item1 {\n                        background: url(https:\/\/i0.wp.com\/vamosporlaliberacion.org\/crpmlm\/wp-content\/uploads\/2019\/11\/received_425685381436268.jpeg?resize=80%2C60&ssl=1) 0 0 no-repeat;\n                    }\n                    #tdi_1_544  .td-doubleSlider-2 .td-item2 {\n                        background: url(https:\/\/i0.wp.com\/vamosporlaliberacion.org\/crpmlm\/wp-content\/uploads\/2019\/11\/received_746224259178514-1.jpeg?resize=80%2C60&ssl=1) 0 0 no-repeat;\n                    }\n                    #tdi_1_544  .td-doubleSlider-2 .td-item3 {\n                        background: url(https:\/\/i0.wp.com\/vamosporlaliberacion.org\/crpmlm\/wp-content\/uploads\/2019\/11\/received_2406825126113000.jpeg?resize=80%2C60&ssl=1) 0 0 no-repeat;\n                    }\n                    #tdi_1_544  .td-doubleSlider-2 .td-item4 {\n                        background: url(https:\/\/i0.wp.com\/vamosporlaliberacion.org\/crpmlm\/wp-content\/uploads\/2019\/11\/received_705490219859546.jpeg?resize=80%2C60&ssl=1) 0 0 no-repeat;\n                    }\n                    #tdi_1_544  .td-doubleSlider-2 .td-item5 {\n                        background: url(https:\/\/i0.wp.com\/vamosporlaliberacion.org\/crpmlm\/wp-content\/uploads\/2019\/11\/received_431841407524013-2.jpeg?resize=80%2C60&ssl=1) 0 0 no-repeat;\n                    }\n                <\/style>\n\n                <div id=\"tdi_1_544\" class=\"td-gallery td-slide-on-2-columns\">\n                    <div class=\"post_td_gallery\">\n                        <div class=\"td-gallery-slide-top\">\n                           <div class=\"td-gallery-title\"><\/div>\n\n                            <div class=\"td-gallery-controls-wrapper\">\n                                <div class=\"td-gallery-slide-count\"><span class=\"td-gallery-slide-item-focus\">1<\/span> of 5<\/div>\n                                <div class=\"td-gallery-slide-prev-next-but\">\n                                    <i class = \"td-icon-left doubleSliderPrevButton\"><\/i>\n                                    <i class = \"td-icon-right doubleSliderNextButton\"><\/i>\n                                <\/div>\n                            <\/div>\n                        <\/div>\n\n                        <div class = \"td-doubleSlider-1 \">\n                            <div class = \"td-slider\">\n                                \n                    <div class = \"td-slide-item td-item1\">\n                        <figure class=\"td-slide-galery-figure td-slide-popup-gallery\">\n                            <a class=\"slide-gallery-image-link\" href=\"https:\/\/i0.wp.com\/vamosporlaliberacion.org\/crpmlm\/wp-content\/uploads\/2019\/11\/received_425685381436268.jpeg?fit=1024%2C768&ssl=1\" title=\"received_425685381436268\"  data-caption=\"\"  data-description=\"\">\n                                <img decoding=\"async\" src=\"https:\/\/i0.wp.com\/vamosporlaliberacion.org\/crpmlm\/wp-content\/uploads\/2019\/11\/received_425685381436268.jpeg?resize=560%2C420&ssl=1\" srcset=\"https:\/\/i0.wp.com\/vamosporlaliberacion.org\/crpmlm\/wp-content\/uploads\/2019\/11\/received_425685381436268.jpeg?w=1024&ssl=1 1024w, https:\/\/i0.wp.com\/vamosporlaliberacion.org\/crpmlm\/wp-content\/uploads\/2019\/11\/received_425685381436268.jpeg?resize=300%2C225&ssl=1 300w, https:\/\/i0.wp.com\/vamosporlaliberacion.org\/crpmlm\/wp-content\/uploads\/2019\/11\/received_425685381436268.jpeg?resize=768%2C576&ssl=1 768w, https:\/\/i0.wp.com\/vamosporlaliberacion.org\/crpmlm\/wp-content\/uploads\/2019\/11\/received_425685381436268.jpeg?resize=700%2C525&ssl=1 700w, https:\/\/i0.wp.com\/vamosporlaliberacion.org\/crpmlm\/wp-content\/uploads\/2019\/11\/received_425685381436268.jpeg?resize=80%2C60&ssl=1 80w, https:\/\/i0.wp.com\/vamosporlaliberacion.org\/crpmlm\/wp-content\/uploads\/2019\/11\/received_425685381436268.jpeg?resize=265%2C198&ssl=1 265w, https:\/\/i0.wp.com\/vamosporlaliberacion.org\/crpmlm\/wp-content\/uploads\/2019\/11\/received_425685381436268.jpeg?resize=696%2C522&ssl=1 696w, https:\/\/i0.wp.com\/vamosporlaliberacion.org\/crpmlm\/wp-content\/uploads\/2019\/11\/received_425685381436268.jpeg?resize=560%2C420&ssl=1 560w\" sizes=\"(max-width: 560px) 100vw, 560px\" alt=\"\">\n                            <\/a>\n                            \n                        <\/figure>\n                    <\/div>\n                    <div class = \"td-slide-item td-item2\">\n                        <figure class=\"td-slide-galery-figure td-slide-popup-gallery\">\n                            <a class=\"slide-gallery-image-link\" href=\"https:\/\/i0.wp.com\/vamosporlaliberacion.org\/crpmlm\/wp-content\/uploads\/2019\/11\/received_746224259178514-1.jpeg?fit=1280%2C720&ssl=1\" title=\"received_746224259178514\"  data-caption=\"\"  data-description=\"\">\n                                <img decoding=\"async\" src=\"https:\/\/i0.wp.com\/vamosporlaliberacion.org\/crpmlm\/wp-content\/uploads\/2019\/11\/received_746224259178514-1.jpeg?resize=747%2C420&ssl=1\" srcset=\"https:\/\/i0.wp.com\/vamosporlaliberacion.org\/crpmlm\/wp-content\/uploads\/2019\/11\/received_746224259178514-1.jpeg?w=1280&ssl=1 1280w, https:\/\/i0.wp.com\/vamosporlaliberacion.org\/crpmlm\/wp-content\/uploads\/2019\/11\/received_746224259178514-1.jpeg?resize=300%2C169&ssl=1 300w, https:\/\/i0.wp.com\/vamosporlaliberacion.org\/crpmlm\/wp-content\/uploads\/2019\/11\/received_746224259178514-1.jpeg?resize=768%2C432&ssl=1 768w, https:\/\/i0.wp.com\/vamosporlaliberacion.org\/crpmlm\/wp-content\/uploads\/2019\/11\/received_746224259178514-1.jpeg?resize=700%2C394&ssl=1 700w, https:\/\/i0.wp.com\/vamosporlaliberacion.org\/crpmlm\/wp-content\/uploads\/2019\/11\/received_746224259178514-1.jpeg?resize=696%2C392&ssl=1 696w, https:\/\/i0.wp.com\/vamosporlaliberacion.org\/crpmlm\/wp-content\/uploads\/2019\/11\/received_746224259178514-1.jpeg?resize=1068%2C601&ssl=1 1068w, https:\/\/i0.wp.com\/vamosporlaliberacion.org\/crpmlm\/wp-content\/uploads\/2019\/11\/received_746224259178514-1.jpeg?resize=747%2C420&ssl=1 747w\" sizes=\"(max-width: 696px) 100vw, 696px\" alt=\"\">\n                            <\/a>\n                            \n                        <\/figure>\n                    <\/div>\n                    <div class = \"td-slide-item td-item3\">\n                        <figure class=\"td-slide-galery-figure td-slide-popup-gallery\">\n                            <a class=\"slide-gallery-image-link\" href=\"https:\/\/i0.wp.com\/vamosporlaliberacion.org\/crpmlm\/wp-content\/uploads\/2019\/11\/received_2406825126113000.jpeg?fit=1280%2C720&ssl=1\" title=\"received_2406825126113000\"  data-caption=\"\"  data-description=\"\">\n                                <img decoding=\"async\" src=\"https:\/\/i0.wp.com\/vamosporlaliberacion.org\/crpmlm\/wp-content\/uploads\/2019\/11\/received_2406825126113000.jpeg?resize=747%2C420&ssl=1\" srcset=\"https:\/\/i0.wp.com\/vamosporlaliberacion.org\/crpmlm\/wp-content\/uploads\/2019\/11\/received_2406825126113000.jpeg?w=1280&ssl=1 1280w, https:\/\/i0.wp.com\/vamosporlaliberacion.org\/crpmlm\/wp-content\/uploads\/2019\/11\/received_2406825126113000.jpeg?resize=300%2C169&ssl=1 300w, https:\/\/i0.wp.com\/vamosporlaliberacion.org\/crpmlm\/wp-content\/uploads\/2019\/11\/received_2406825126113000.jpeg?resize=768%2C432&ssl=1 768w, https:\/\/i0.wp.com\/vamosporlaliberacion.org\/crpmlm\/wp-content\/uploads\/2019\/11\/received_2406825126113000.jpeg?resize=700%2C394&ssl=1 700w, https:\/\/i0.wp.com\/vamosporlaliberacion.org\/crpmlm\/wp-content\/uploads\/2019\/11\/received_2406825126113000.jpeg?resize=696%2C392&ssl=1 696w, https:\/\/i0.wp.com\/vamosporlaliberacion.org\/crpmlm\/wp-content\/uploads\/2019\/11\/received_2406825126113000.jpeg?resize=1068%2C601&ssl=1 1068w, https:\/\/i0.wp.com\/vamosporlaliberacion.org\/crpmlm\/wp-content\/uploads\/2019\/11\/received_2406825126113000.jpeg?resize=747%2C420&ssl=1 747w\" sizes=\"(max-width: 696px) 100vw, 696px\" alt=\"\">\n                            <\/a>\n                            \n                        <\/figure>\n                    <\/div>\n                    <div class = \"td-slide-item td-item4\">\n                        <figure class=\"td-slide-galery-figure td-slide-popup-gallery\">\n                            <a class=\"slide-gallery-image-link\" href=\"https:\/\/i0.wp.com\/vamosporlaliberacion.org\/crpmlm\/wp-content\/uploads\/2019\/11\/received_705490219859546.jpeg?fit=2016%2C1134&ssl=1\" title=\"received_705490219859546\"  data-caption=\"\"  data-description=\"\">\n                                <img decoding=\"async\" src=\"https:\/\/i0.wp.com\/vamosporlaliberacion.org\/crpmlm\/wp-content\/uploads\/2019\/11\/received_705490219859546.jpeg?resize=747%2C420&ssl=1\" srcset=\"https:\/\/i0.wp.com\/vamosporlaliberacion.org\/crpmlm\/wp-content\/uploads\/2019\/11\/received_705490219859546.jpeg?w=2016&ssl=1 2016w, https:\/\/i0.wp.com\/vamosporlaliberacion.org\/crpmlm\/wp-content\/uploads\/2019\/11\/received_705490219859546.jpeg?resize=300%2C169&ssl=1 300w, https:\/\/i0.wp.com\/vamosporlaliberacion.org\/crpmlm\/wp-content\/uploads\/2019\/11\/received_705490219859546.jpeg?resize=768%2C432&ssl=1 768w, https:\/\/i0.wp.com\/vamosporlaliberacion.org\/crpmlm\/wp-content\/uploads\/2019\/11\/received_705490219859546.jpeg?resize=700%2C394&ssl=1 700w, https:\/\/i0.wp.com\/vamosporlaliberacion.org\/crpmlm\/wp-content\/uploads\/2019\/11\/received_705490219859546.jpeg?resize=696%2C392&ssl=1 696w, https:\/\/i0.wp.com\/vamosporlaliberacion.org\/crpmlm\/wp-content\/uploads\/2019\/11\/received_705490219859546.jpeg?resize=1068%2C601&ssl=1 1068w, https:\/\/i0.wp.com\/vamosporlaliberacion.org\/crpmlm\/wp-content\/uploads\/2019\/11\/received_705490219859546.jpeg?resize=747%2C420&ssl=1 747w, https:\/\/i0.wp.com\/vamosporlaliberacion.org\/crpmlm\/wp-content\/uploads\/2019\/11\/received_705490219859546.jpeg?w=1392&ssl=1 1392w\" sizes=\"(max-width: 696px) 100vw, 696px\" alt=\"\">\n                            <\/a>\n                            \n                        <\/figure>\n                    <\/div>\n                    <div class = \"td-slide-item td-item5\">\n                        <figure class=\"td-slide-galery-figure td-slide-popup-gallery\">\n                            <a class=\"slide-gallery-image-link\" href=\"https:\/\/i0.wp.com\/vamosporlaliberacion.org\/crpmlm\/wp-content\/uploads\/2019\/11\/received_431841407524013-2.jpeg?fit=2016%2C1134&ssl=1\" title=\"received_431841407524013\"  data-caption=\"\"  data-description=\"\">\n                                <img decoding=\"async\" src=\"https:\/\/i0.wp.com\/vamosporlaliberacion.org\/crpmlm\/wp-content\/uploads\/2019\/11\/received_431841407524013-2.jpeg?resize=747%2C420&ssl=1\" srcset=\"https:\/\/i0.wp.com\/vamosporlaliberacion.org\/crpmlm\/wp-content\/uploads\/2019\/11\/received_431841407524013-2.jpeg?w=2016&ssl=1 2016w, https:\/\/i0.wp.com\/vamosporlaliberacion.org\/crpmlm\/wp-content\/uploads\/2019\/11\/received_431841407524013-2.jpeg?resize=300%2C169&ssl=1 300w, https:\/\/i0.wp.com\/vamosporlaliberacion.org\/crpmlm\/wp-content\/uploads\/2019\/11\/received_431841407524013-2.jpeg?resize=768%2C432&ssl=1 768w, https:\/\/i0.wp.com\/vamosporlaliberacion.org\/crpmlm\/wp-content\/uploads\/2019\/11\/received_431841407524013-2.jpeg?resize=700%2C394&ssl=1 700w, https:\/\/i0.wp.com\/vamosporlaliberacion.org\/crpmlm\/wp-content\/uploads\/2019\/11\/received_431841407524013-2.jpeg?resize=696%2C392&ssl=1 696w, https:\/\/i0.wp.com\/vamosporlaliberacion.org\/crpmlm\/wp-content\/uploads\/2019\/11\/received_431841407524013-2.jpeg?resize=1068%2C601&ssl=1 1068w, https:\/\/i0.wp.com\/vamosporlaliberacion.org\/crpmlm\/wp-content\/uploads\/2019\/11\/received_431841407524013-2.jpeg?resize=747%2C420&ssl=1 747w, https:\/\/i0.wp.com\/vamosporlaliberacion.org\/crpmlm\/wp-content\/uploads\/2019\/11\/received_431841407524013-2.jpeg?w=1392&ssl=1 1392w\" sizes=\"(max-width: 696px) 100vw, 696px\" alt=\"\">\n                            <\/a>\n                            \n                        <\/figure>\n                    <\/div>\n                            <\/div>\n                        <\/div>\n\n                        <div class = \"td-doubleSlider-2\">\n                            <div class = \"td-slider\">\n                                \n                    <div class = \"td-button td-item1\">\n                        <div class = \"td-border\"><\/div>\n                    <\/div>\n                    <div class = \"td-button td-item2\">\n                        <div class = \"td-border\"><\/div>\n                    <\/div>\n                    <div class = \"td-button td-item3\">\n                        <div class = \"td-border\"><\/div>\n                    <\/div>\n                    <div class = \"td-button td-item4\">\n                        <div class = \"td-border\"><\/div>\n                    <\/div>\n                    <div class = \"td-button td-item5\">\n                        <div class = \"td-border\"><\/div>\n                    <\/div>\n                            <\/div>\n                        <\/div>\n\n                    <\/div>\n\n                <\/div>\n                \n<p>Posteriormente hicieron uso de la palabra las y los compa\u00f1eros Dora Martinez, Sec. Adjunta de la CTA-A, Daniel Lugo presidente del Centro de Jubilados, Noelia Soledad Effenberger Sec. Gral de la CTA-A del Chaco, German Cabral STM y referente del Frente Joven, Mat\u00edas Benevento responsable nacional de la Juventud de la CTA-A.<\/p>\n<p>Para finalizar realizaron un saludo a la jornada Lourdes Orellana de la CTA-A de Salta y Mauricio Melian Sec. Adjunto del SITTAN.<\/p>\n<p>A partir de las 15.00 dar\u00e1 comienzo el funcionamiento en Comisiones: Juventud trabajadora de la tierra para la<br \/>\nproducci\u00f3n y el h\u00e1bitat y Trabajo precario, tercerizaci\u00f3n, nuevas<br \/>\ntecnolog\u00edas y falta de oportunidades, en base a guiones consensuado para la discusi\u00f3n redactado en base a los ejes fundamentales sobre los que gira la problem\u00e1tica de la Juventud.<\/p>\n<!-- AddThis Advanced Settings generic via filter on the_content --><!-- AddThis Share Buttons generic via filter on the_content -->","protected":false},"excerpt":{"rendered":"<p>Con la presencia de m\u00e1s de 250 j\u00f3venes de distintas \u00e1reas municipales del Chaco STM, de la Juventud de la CTA-A de Salta, del Sindicato de LUZ Y FUERZA de Mar del Plata, CTA-A de Misiones, Delegados y trabajadores del Fuero del Trabajo-Uejn, Sec. Adjunto del SITTAN (Sindicato de Trabajadores de Talleres y Astilleros Navales, [&hellip;]<!-- AddThis Advanced Settings generic via filter on get_the_excerpt --><!-- AddThis Share Buttons generic via filter on get_the_excerpt --><\/p>\n","protected":false},"author":6,"featured_media":15107,"comment_status":"open","ping_status":"open","sticky":false,"template":"","format":"standard","meta":{"_jetpack_memberships_contains_paid_content":false,"footnotes":""},"categories":[1699],"tags":[1359,1424],"class_list":{"0":"post-15105","1":"post","2":"type-post","3":"status-publish","4":"format-standard","5":"has-post-thumbnail","7":"category-noticias","8":"tag-cta-a","9":"tag-juventud"},"yoast_head":"<!-- This site is optimized with the Yoast SEO plugin v27.4 - https:\/\/yoast.com\/product\/yoast-seo-wordpress\/ -->\n<title>Arranc\u00f3 el Encuentro Nacional de la Juventud de la CTA-Aut\u00f3noma - Vamos por la Liberaci\u00f3n<\/title>\n<meta name=\"robots\" content=\"index, follow, max-snippet:-1, max-image-preview:large, max-video-preview:-1\" \/>\n<link rel=\"canonical\" href=\"https:\/\/vamosporlaliberacion.org\/crpmlm\/arranco-el-encuentro-nacional-de-la-juventud-de-la-cta-autonoma\/\" \/>\n<meta name=\"twitter:label1\" content=\"Escrito por\" \/>\n\t<meta name=\"twitter:data1\" content=\"vamos!\" \/>\n\t<meta name=\"twitter:label2\" content=\"Tiempo de lectura\" \/>\n\t<meta name=\"twitter:data2\" content=\"1 minuto\" \/>\n<script type=\"application\/ld+json\" class=\"yoast-schema-graph\">{\"@context\":\"https:\\\/\\\/schema.org\",\"@graph\":[{\"@type\":\"Article\",\"@id\":\"https:\\\/\\\/vamosporlaliberacion.org\\\/crpmlm\\\/arranco-el-encuentro-nacional-de-la-juventud-de-la-cta-autonoma\\\/#article\",\"isPartOf\":{\"@id\":\"https:\\\/\\\/vamosporlaliberacion.org\\\/crpmlm\\\/arranco-el-encuentro-nacional-de-la-juventud-de-la-cta-autonoma\\\/\"},\"author\":{\"name\":\"vamos!\",\"@id\":\"https:\\\/\\\/vamosporlaliberacion.org\\\/crpmlm\\\/#\\\/schema\\\/person\\\/d6eac7758df3770dae9cd9eb104d615c\"},\"headline\":\"Arranc\u00f3 el Encuentro Nacional de la Juventud de la CTA-Aut\u00f3noma\",\"datePublished\":\"2019-11-16T17:33:23+00:00\",\"dateModified\":\"2019-11-16T19:01:10+00:00\",\"mainEntityOfPage\":{\"@id\":\"https:\\\/\\\/vamosporlaliberacion.org\\\/crpmlm\\\/arranco-el-encuentro-nacional-de-la-juventud-de-la-cta-autonoma\\\/\"},\"wordCount\":310,\"commentCount\":0,\"image\":{\"@id\":\"https:\\\/\\\/vamosporlaliberacion.org\\\/crpmlm\\\/arranco-el-encuentro-nacional-de-la-juventud-de-la-cta-autonoma\\\/#primaryimage\"},\"thumbnailUrl\":\"https:\\\/\\\/i0.wp.com\\\/vamosporlaliberacion.org\\\/crpmlm\\\/wp-content\\\/uploads\\\/2019\\\/11\\\/received_746224259178514.jpeg?fit=1280%2C720&ssl=1\",\"keywords\":[\"CTA-A\",\"Juventud\"],\"articleSection\":[\"Noticias\"],\"inLanguage\":\"es\",\"potentialAction\":[{\"@type\":\"CommentAction\",\"name\":\"Comment\",\"target\":[\"https:\\\/\\\/vamosporlaliberacion.org\\\/crpmlm\\\/arranco-el-encuentro-nacional-de-la-juventud-de-la-cta-autonoma\\\/#respond\"]}]},{\"@type\":\"WebPage\",\"@id\":\"https:\\\/\\\/vamosporlaliberacion.org\\\/crpmlm\\\/arranco-el-encuentro-nacional-de-la-juventud-de-la-cta-autonoma\\\/\",\"url\":\"https:\\\/\\\/vamosporlaliberacion.org\\\/crpmlm\\\/arranco-el-encuentro-nacional-de-la-juventud-de-la-cta-autonoma\\\/\",\"name\":\"Arranc\u00f3 el Encuentro Nacional de la Juventud de la CTA-Aut\u00f3noma - Vamos por la Liberaci\u00f3n\",\"isPartOf\":{\"@id\":\"https:\\\/\\\/vamosporlaliberacion.org\\\/crpmlm\\\/#website\"},\"primaryImageOfPage\":{\"@id\":\"https:\\\/\\\/vamosporlaliberacion.org\\\/crpmlm\\\/arranco-el-encuentro-nacional-de-la-juventud-de-la-cta-autonoma\\\/#primaryimage\"},\"image\":{\"@id\":\"https:\\\/\\\/vamosporlaliberacion.org\\\/crpmlm\\\/arranco-el-encuentro-nacional-de-la-juventud-de-la-cta-autonoma\\\/#primaryimage\"},\"thumbnailUrl\":\"https:\\\/\\\/i0.wp.com\\\/vamosporlaliberacion.org\\\/crpmlm\\\/wp-content\\\/uploads\\\/2019\\\/11\\\/received_746224259178514.jpeg?fit=1280%2C720&ssl=1\",\"datePublished\":\"2019-11-16T17:33:23+00:00\",\"dateModified\":\"2019-11-16T19:01:10+00:00\",\"author\":{\"@id\":\"https:\\\/\\\/vamosporlaliberacion.org\\\/crpmlm\\\/#\\\/schema\\\/person\\\/d6eac7758df3770dae9cd9eb104d615c\"},\"breadcrumb\":{\"@id\":\"https:\\\/\\\/vamosporlaliberacion.org\\\/crpmlm\\\/arranco-el-encuentro-nacional-de-la-juventud-de-la-cta-autonoma\\\/#breadcrumb\"},\"inLanguage\":\"es\",\"potentialAction\":[{\"@type\":\"ReadAction\",\"target\":[\"https:\\\/\\\/vamosporlaliberacion.org\\\/crpmlm\\\/arranco-el-encuentro-nacional-de-la-juventud-de-la-cta-autonoma\\\/\"]}]},{\"@type\":\"ImageObject\",\"inLanguage\":\"es\",\"@id\":\"https:\\\/\\\/vamosporlaliberacion.org\\\/crpmlm\\\/arranco-el-encuentro-nacional-de-la-juventud-de-la-cta-autonoma\\\/#primaryimage\",\"url\":\"https:\\\/\\\/i0.wp.com\\\/vamosporlaliberacion.org\\\/crpmlm\\\/wp-content\\\/uploads\\\/2019\\\/11\\\/received_746224259178514.jpeg?fit=1280%2C720&ssl=1\",\"contentUrl\":\"https:\\\/\\\/i0.wp.com\\\/vamosporlaliberacion.org\\\/crpmlm\\\/wp-content\\\/uploads\\\/2019\\\/11\\\/received_746224259178514.jpeg?fit=1280%2C720&ssl=1\",\"width\":1280,\"height\":720},{\"@type\":\"BreadcrumbList\",\"@id\":\"https:\\\/\\\/vamosporlaliberacion.org\\\/crpmlm\\\/arranco-el-encuentro-nacional-de-la-juventud-de-la-cta-autonoma\\\/#breadcrumb\",\"itemListElement\":[{\"@type\":\"ListItem\",\"position\":1,\"name\":\"Portada\",\"item\":\"https:\\\/\\\/vamosporlaliberacion.org\\\/crpmlm\\\/\"},{\"@type\":\"ListItem\",\"position\":2,\"name\":\"Arranc\u00f3 el Encuentro Nacional de la Juventud de la CTA-Aut\u00f3noma\"}]},{\"@type\":\"WebSite\",\"@id\":\"https:\\\/\\\/vamosporlaliberacion.org\\\/crpmlm\\\/#website\",\"url\":\"https:\\\/\\\/vamosporlaliberacion.org\\\/crpmlm\\\/\",\"name\":\"Vamos por la Liberaci\u00f3n\",\"description\":\"Prensa CR\",\"potentialAction\":[{\"@type\":\"SearchAction\",\"target\":{\"@type\":\"EntryPoint\",\"urlTemplate\":\"https:\\\/\\\/vamosporlaliberacion.org\\\/crpmlm\\\/?s={search_term_string}\"},\"query-input\":{\"@type\":\"PropertyValueSpecification\",\"valueRequired\":true,\"valueName\":\"search_term_string\"}}],\"inLanguage\":\"es\"},{\"@type\":\"Person\",\"@id\":\"https:\\\/\\\/vamosporlaliberacion.org\\\/crpmlm\\\/#\\\/schema\\\/person\\\/d6eac7758df3770dae9cd9eb104d615c\",\"name\":\"vamos!\",\"url\":\"https:\\\/\\\/vamosporlaliberacion.org\\\/crpmlm\\\/author\\\/adminvxl\\\/\"}]}<\/script>\n<!-- \/ Yoast SEO plugin. -->","yoast_head_json":{"title":"Arranc\u00f3 el Encuentro Nacional de la Juventud de la CTA-Aut\u00f3noma - Vamos por la Liberaci\u00f3n","robots":{"index":"index","follow":"follow","max-snippet":"max-snippet:-1","max-image-preview":"max-image-preview:large","max-video-preview":"max-video-preview:-1"},"canonical":"https:\/\/vamosporlaliberacion.org\/crpmlm\/arranco-el-encuentro-nacional-de-la-juventud-de-la-cta-autonoma\/","twitter_misc":{"Escrito por":"vamos!","Tiempo de lectura":"1 minuto"},"schema":{"@context":"https:\/\/schema.org","@graph":[{"@type":"Article","@id":"https:\/\/vamosporlaliberacion.org\/crpmlm\/arranco-el-encuentro-nacional-de-la-juventud-de-la-cta-autonoma\/#article","isPartOf":{"@id":"https:\/\/vamosporlaliberacion.org\/crpmlm\/arranco-el-encuentro-nacional-de-la-juventud-de-la-cta-autonoma\/"},"author":{"name":"vamos!","@id":"https:\/\/vamosporlaliberacion.org\/crpmlm\/#\/schema\/person\/d6eac7758df3770dae9cd9eb104d615c"},"headline":"Arranc\u00f3 el Encuentro Nacional de la Juventud de la CTA-Aut\u00f3noma","datePublished":"2019-11-16T17:33:23+00:00","dateModified":"2019-11-16T19:01:10+00:00","mainEntityOfPage":{"@id":"https:\/\/vamosporlaliberacion.org\/crpmlm\/arranco-el-encuentro-nacional-de-la-juventud-de-la-cta-autonoma\/"},"wordCount":310,"commentCount":0,"image":{"@id":"https:\/\/vamosporlaliberacion.org\/crpmlm\/arranco-el-encuentro-nacional-de-la-juventud-de-la-cta-autonoma\/#primaryimage"},"thumbnailUrl":"https:\/\/i0.wp.com\/vamosporlaliberacion.org\/crpmlm\/wp-content\/uploads\/2019\/11\/received_746224259178514.jpeg?fit=1280%2C720&ssl=1","keywords":["CTA-A","Juventud"],"articleSection":["Noticias"],"inLanguage":"es","potentialAction":[{"@type":"CommentAction","name":"Comment","target":["https:\/\/vamosporlaliberacion.org\/crpmlm\/arranco-el-encuentro-nacional-de-la-juventud-de-la-cta-autonoma\/#respond"]}]},{"@type":"WebPage","@id":"https:\/\/vamosporlaliberacion.org\/crpmlm\/arranco-el-encuentro-nacional-de-la-juventud-de-la-cta-autonoma\/","url":"https:\/\/vamosporlaliberacion.org\/crpmlm\/arranco-el-encuentro-nacional-de-la-juventud-de-la-cta-autonoma\/","name":"Arranc\u00f3 el Encuentro Nacional de la Juventud de la CTA-Aut\u00f3noma - Vamos por la Liberaci\u00f3n","isPartOf":{"@id":"https:\/\/vamosporlaliberacion.org\/crpmlm\/#website"},"primaryImageOfPage":{"@id":"https:\/\/vamosporlaliberacion.org\/crpmlm\/arranco-el-encuentro-nacional-de-la-juventud-de-la-cta-autonoma\/#primaryimage"},"image":{"@id":"https:\/\/vamosporlaliberacion.org\/crpmlm\/arranco-el-encuentro-nacional-de-la-juventud-de-la-cta-autonoma\/#primaryimage"},"thumbnailUrl":"https:\/\/i0.wp.com\/vamosporlaliberacion.org\/crpmlm\/wp-content\/uploads\/2019\/11\/received_746224259178514.jpeg?fit=1280%2C720&ssl=1","datePublished":"2019-11-16T17:33:23+00:00","dateModified":"2019-11-16T19:01:10+00:00","author":{"@id":"https:\/\/vamosporlaliberacion.org\/crpmlm\/#\/schema\/person\/d6eac7758df3770dae9cd9eb104d615c"},"breadcrumb":{"@id":"https:\/\/vamosporlaliberacion.org\/crpmlm\/arranco-el-encuentro-nacional-de-la-juventud-de-la-cta-autonoma\/#breadcrumb"},"inLanguage":"es","potentialAction":[{"@type":"ReadAction","target":["https:\/\/vamosporlaliberacion.org\/crpmlm\/arranco-el-encuentro-nacional-de-la-juventud-de-la-cta-autonoma\/"]}]},{"@type":"ImageObject","inLanguage":"es","@id":"https:\/\/vamosporlaliberacion.org\/crpmlm\/arranco-el-encuentro-nacional-de-la-juventud-de-la-cta-autonoma\/#primaryimage","url":"https:\/\/i0.wp.com\/vamosporlaliberacion.org\/crpmlm\/wp-content\/uploads\/2019\/11\/received_746224259178514.jpeg?fit=1280%2C720&ssl=1","contentUrl":"https:\/\/i0.wp.com\/vamosporlaliberacion.org\/crpmlm\/wp-content\/uploads\/2019\/11\/received_746224259178514.jpeg?fit=1280%2C720&ssl=1","width":1280,"height":720},{"@type":"BreadcrumbList","@id":"https:\/\/vamosporlaliberacion.org\/crpmlm\/arranco-el-encuentro-nacional-de-la-juventud-de-la-cta-autonoma\/#breadcrumb","itemListElement":[{"@type":"ListItem","position":1,"name":"Portada","item":"https:\/\/vamosporlaliberacion.org\/crpmlm\/"},{"@type":"ListItem","position":2,"name":"Arranc\u00f3 el Encuentro Nacional de la Juventud de la CTA-Aut\u00f3noma"}]},{"@type":"WebSite","@id":"https:\/\/vamosporlaliberacion.org\/crpmlm\/#website","url":"https:\/\/vamosporlaliberacion.org\/crpmlm\/","name":"Vamos por la Liberaci\u00f3n","description":"Prensa CR","potentialAction":[{"@type":"SearchAction","target":{"@type":"EntryPoint","urlTemplate":"https:\/\/vamosporlaliberacion.org\/crpmlm\/?s={search_term_string}"},"query-input":{"@type":"PropertyValueSpecification","valueRequired":true,"valueName":"search_term_string"}}],"inLanguage":"es"},{"@type":"Person","@id":"https:\/\/vamosporlaliberacion.org\/crpmlm\/#\/schema\/person\/d6eac7758df3770dae9cd9eb104d615c","name":"vamos!","url":"https:\/\/vamosporlaliberacion.org\/crpmlm\/author\/adminvxl\/"}]}},"jetpack_featured_media_url":"https:\/\/i0.wp.com\/vamosporlaliberacion.org\/crpmlm\/wp-content\/uploads\/2019\/11\/received_746224259178514.jpeg?fit=1280%2C720&ssl=1","jetpack_sharing_enabled":true,"_links":{"self":[{"href":"https:\/\/vamosporlaliberacion.org\/crpmlm\/wp-json\/wp\/v2\/posts\/15105","targetHints":{"allow":["GET"]}}],"collection":[{"href":"https:\/\/vamosporlaliberacion.org\/crpmlm\/wp-json\/wp\/v2\/posts"}],"about":[{"href":"https:\/\/vamosporlaliberacion.org\/crpmlm\/wp-json\/wp\/v2\/types\/post"}],"author":[{"embeddable":true,"href":"https:\/\/vamosporlaliberacion.org\/crpmlm\/wp-json\/wp\/v2\/users\/6"}],"replies":[{"embeddable":true,"href":"https:\/\/vamosporlaliberacion.org\/crpmlm\/wp-json\/wp\/v2\/comments?post=15105"}],"version-history":[{"count":0,"href":"https:\/\/vamosporlaliberacion.org\/crpmlm\/wp-json\/wp\/v2\/posts\/15105\/revisions"}],"wp:featuredmedia":[{"embeddable":true,"href":"https:\/\/vamosporlaliberacion.org\/crpmlm\/wp-json\/wp\/v2\/media\/15107"}],"wp:attachment":[{"href":"https:\/\/vamosporlaliberacion.org\/crpmlm\/wp-json\/wp\/v2\/media?parent=15105"}],"wp:term":[{"taxonomy":"category","embeddable":true,"href":"https:\/\/vamosporlaliberacion.org\/crpmlm\/wp-json\/wp\/v2\/categories?post=15105"},{"taxonomy":"post_tag","embeddable":true,"href":"https:\/\/vamosporlaliberacion.org\/crpmlm\/wp-json\/wp\/v2\/tags?post=15105"}],"curies":[{"name":"wp","href":"https:\/\/api.w.org\/{rel}","templated":true}]}}