{"id":14679,"date":"2019-10-09T14:25:21","date_gmt":"2019-10-09T17:25:21","guid":{"rendered":"http:\/\/vamosporlaliberacion.org\/crpmlm\/?p=14679"},"modified":"2019-10-11T19:20:53","modified_gmt":"2019-10-11T22:20:53","slug":"vamos-por-la-liberacion-n-150","status":"publish","type":"post","link":"https:\/\/vamosporlaliberacion.org\/crpmlm\/vamos-por-la-liberacion-n-150\/","title":{"rendered":"Vamos por la Liberaci\u00f3n! N\u00b0 150"},"content":{"rendered":"<div id=\"tdi_1_eb3\" class=\"tdc-row\"><div class=\"vc_row tdi_2_5a3  wpb_row td-pb-row\" >\n<style scoped>\n\n\/* custom css *\/\n.tdi_2_5a3,\n                .tdi_2_5a3 .tdc-columns{\n                    min-height: 0;\n                }.tdi_2_5a3,\n\t\t\t\t.tdi_2_5a3 .tdc-columns{\n\t\t\t\t    display: block;\n\t\t\t\t}.tdi_2_5a3 .tdc-columns{\n\t\t\t\t    width: 100%;\n\t\t\t\t}\n<\/style><div class=\"vc_column tdi_4_ba6  wpb_column vc_column_container tdc-column td-pb-span4\">\n<style scoped>\n\n\/* custom css *\/\n.tdi_4_ba6{\n                    vertical-align: baseline;\n                }.tdi_4_ba6 > .wpb_wrapper,\n\t\t\t\t.tdi_4_ba6 > .wpb_wrapper > .tdc-elements{\n\t\t\t\t    display: block;\n\t\t\t\t}.tdi_4_ba6 > .wpb_wrapper > .tdc-elements{\n\t\t\t\t    width: 100%;\n\t\t\t\t}.tdi_4_ba6 > .wpb_wrapper{\n\t\t\t\t    width: auto;\n\t\t\t\t    height: auto;\n\t\t\t\t}\n<\/style><div class=\"wpb_wrapper\"><div class=\"vc_row_inner tdi_6_fcc  vc_row vc_inner wpb_row td-pb-row\" >\n<style scoped>\n\n\/* custom css *\/\n.tdi_6_fcc{\n                    position: relative !important;\n                    top: 0;\n                    transform: none;\n                    -webkit-transform: none;\n                }.tdi_6_fcc,\n\t\t\t\t.tdi_6_fcc .tdc-inner-columns{\n\t\t\t\t    display: block;\n\t\t\t\t}.tdi_6_fcc .tdc-inner-columns{\n\t\t\t\t    width: 100%;\n\t\t\t\t}\n<\/style><div class=\"vc_column_inner vc_custom_1447190027175 tdi_8_57b  wpb_column vc_column_container tdc-inner-column td-pb-span12\">\n<style scoped>\n\n\/* tdc_composer_block - inline css att *\/\n.vc_custom_1447190027175{background-color: #ebebeb !important;}\n\/* custom css *\/\n.tdi_8_57b{\n                    vertical-align: baseline;\n                }.tdi_8_57b .vc_column-inner > .wpb_wrapper,\n\t\t\t\t.tdi_8_57b .vc_column-inner > .wpb_wrapper .tdc-elements{\n\t\t\t\t    display: block;\n\t\t\t\t}.tdi_8_57b .vc_column-inner > .wpb_wrapper .tdc-elements{\n\t\t\t\t    width: 100%;\n\t\t\t\t}\n<\/style><div class=\"vc_column-inner\"><div class=\"wpb_wrapper\"><div class=\"wpb_wrapper td_block_empty_space td_block_wrap vc_empty_space tdi_10_a5f \"  style=\"height: 20px\"><\/div><div class=\"wpb_wrapper td_block_single_image td_block_wrap  td-no-img-custom-url td_block_wrap vc_single_image tdi_11_9e7  td-single-image- td-pb-border-top td_block_template_1 \"  data-td-block-uid=\"tdi_11_9e7\"><a \n\t\t\tclass=\"td_single_image_bg\" \n\t\t\tstyle=\"background-image: url('https:\/\/vamosporlaliberacion.org\/crpmlm\/wp-content\/uploads\/2019\/10\/Vamos150-1.jpg'); background-size: cover; background-repeat: no-repeat; background-position: center center;\" \n\t\t\thref=\"#\"  \n\t\t\trel=\"bookmark\"><\/a>\n<style>\n\/* custom css *\/\n.tdi_11_9e7 .td_single_image_bg{\n\t\t\t\t\theight: 400px;\n\t\t\t\t\tpadding-bottom: 0;\n\t\t\t\t}.tdi_11_9e7:hover .td_single_image_bg:before{\n                    opacity: 0;\n                }\n<\/style><\/div>[vc_btn title=\u00bbVer todos\u00bb style=\u00bbflat\u00bb shape=\u00bbsquare\u00bb size=\u00bblg\u00bb i_icon_fontawesome=\u00bbfa fa-list-ol\u00bb add_icon=\u00bbtrue\u00bb link=\u00bburl:http%3A%2F%2Fvamosporlaliberacion.org%2Fcrpmlm%2Fvamos-por-la-liberacion%2F||target:%20_blank\u00bb]<\/div><\/div><\/div><\/div><\/div><\/div><div class=\"vc_column tdi_13_571  wpb_column vc_column_container tdc-column td-pb-span8\">\n<style scoped>\n\n\/* custom css *\/\n.tdi_13_571{\n                    vertical-align: baseline;\n                }.tdi_13_571 > .wpb_wrapper,\n\t\t\t\t.tdi_13_571 > .wpb_wrapper > .tdc-elements{\n\t\t\t\t    display: block;\n\t\t\t\t}.tdi_13_571 > .wpb_wrapper > .tdc-elements{\n\t\t\t\t    width: 100%;\n\t\t\t\t}.tdi_13_571 > .wpb_wrapper{\n\t\t\t\t    width: auto;\n\t\t\t\t    height: auto;\n\t\t\t\t}\n<\/style><div class=\"wpb_wrapper\"><div class=\"td_block_wrap td_block_21 tdi_14_777 td-pb-border-top td_block_template_1 td-column-2\"  data-td-block-uid=\"tdi_14_777\" >\n<style>\n.td_block_template_2.widget > ul > li,\n            .td_block_template_6.widget > ul > li,\n            .td_block_template_8.widget > ul > li,\n            .td_block_template_9.widget > ul > li,\n            .td_block_template_10.widget > ul > li,\n            .td_block_template_11.widget > ul > li,\n            .td_block_template_12.widget > ul > li,\n            .td_block_template_13.widget > ul > li,\n            .td_block_template_14.widget > ul > li,\n            .td_block_template_15.widget > ul > li,\n            .td_block_template_16.widget > ul > li,\n            .td_block_template_17.widget > ul > li {\n                margin-left: 0 !important;\n            }\n            .global-block-template-12 .td-comments-title span,\n            .global-block-template-13 .td-comments-title span {\n                margin-left: 0 !important;\n                font-size: 20px;\n            }\n            @media (max-width: 767px) {\n                .global-block-template-12 .td-comments-title span,\n                .global-block-template-13 .td-comments-title span {\n                    font-size: 15px;\n                }\n            }\n            .td-block-title-wrap .td-wrapper-pulldown-filter {\n                font-family: 'Roboto', sans-serif;\n                position: absolute;\n                bottom: 0;\n                right: 0;\n                top: 0;\n                margin: auto 0;\n                z-index: 2;\n                background-color: #fff;\n                font-size: 13px;\n                line-height: 1;\n                color: #777;\n                text-align: right;\n            }\n            .td-block-title-wrap .td-wrapper-pulldown-filter .td-pulldown-filter-display-option {\n                cursor: pointer;\n                white-space: nowrap;\n                position: relative;\n                line-height: 29px;\n            }\n            .td-block-title-wrap .td-wrapper-pulldown-filter .td-pulldown-filter-display-option i {\n                font-size: 9px;\n                color: #777;\n                margin-left: 20px;\n                margin-right: 10px;\n            }\n            .td-block-title-wrap .td-wrapper-pulldown-filter .td-pulldown-filter-display-option i:before {\n                content: '\\e83d';\n            }\n            .td-block-title-wrap .td-wrapper-pulldown-filter .td-pulldown-filter-display-option span {\n                padding-left: 20px;\n                margin-right: -14px;\n            }\n            @media (max-width: 360px) {\n                .td-block-title-wrap .td-wrapper-pulldown-filter .td-pulldown-filter-display-option span {\n                    display: none;\n                }\n            }\n            .td-block-title-wrap .td-wrapper-pulldown-filter .td-pulldown-filter-display-option:hover {\n                color: #4db2ec;\n            }\n            .td-block-title-wrap .td-wrapper-pulldown-filter .td-pulldown-filter-display-option:hover i {\n                color: #4db2ec;\n            }\n            .td-block-title-wrap .td-wrapper-pulldown-filter .td-pulldown-filter-display-option:hover ul {\n                display: block;\n            }\n            .td-block-title-wrap .td-wrapper-pulldown-filter .td-pulldown-filter-list {\n                list-style: none;\n                position: absolute;\n                right: 0;\n                top: 100%;\n                padding: 18px 0;\n                background-color: rgb(255, 255, 255);\n                background-color: rgba(255, 255, 255, 0.95);\n                z-index: 999;\n                border-width: 1px;\n                border-color: #ededed;\n                border-style: solid;\n                display: none;\n                margin: 0;\n            }\n            .td-block-title-wrap .td-wrapper-pulldown-filter .td-pulldown-filter-item {\n                list-style: none;\n                margin: 0;\n            }\n            .td-block-title-wrap .td-wrapper-pulldown-filter .td-pulldown-filter-item .td-cur-simple-item {\n                color: #4db2ec;\n            }\n            .td-block-title-wrap .td-wrapper-pulldown-filter .td-pulldown-more {\n                padding-bottom: 10px;\n            }\n            .td-block-title-wrap .td-wrapper-pulldown-filter .td-pulldown-more:before {\n                content: '';\n                width: 70px;\n                height: 100%;\n                position: absolute;\n                margin-top: 2px;\n                top: 0;\n                right: 0;\n                z-index: 1;\n                opacity: 0;\n            }\n            .td-block-title-wrap .td-wrapper-pulldown-filter .td-pulldown-filter-link {\n                color: #777;\n                white-space: nowrap;\n                display: block;\n                line-height: 26px;\n                padding-left: 36px;\n                padding-right: 27px;\n            }\n            .td-block-title-wrap .td-wrapper-pulldown-filter .td-pulldown-filter-link:hover {\n                color: #4db2ec;\n            }\n            @media (min-width: 768px) and (max-width: 1018px) {\n                .td-pb-span4 .td-block-title-wrap .td-wrapper-pulldown-filter .td-pulldown-filter-display-option span {\n                    display: none;\n                }\n                .td-pb-span4 .td-block-title-wrap .td-wrapper-pulldown-filter .td-pulldown-filter-link {\n                    padding-left: 24px;\n                    padding-right: 20px !important;\n                }\n            }\n            @-moz-document url-prefix() {\n                .td-pulldown-syle-default .td-subcat-more,\n                .td-pulldown-syle-default .td-subcat-list {\n                    position: relative;\n                    top: -1px;\n                }\n            }\n            .td-pulldown-syle-2 {\n                top: 0;\n            }\n            .td-pulldown-syle-2 .td-subcat-dropdown ul {\n                padding: 20px 0;\n                margin-top: 0;\n            }\n            .td-pulldown-syle-2 .td-subcat-dropdown ul:after {\n                content: '';\n                position: absolute;\n                width: calc(100% + 2px);\n                height: 3px;\n                top: 0;\n                left: -1px;\n                background-color: #4db2ec;\n            }\n            .td-pulldown-syle-2 .td-subcat-dropdown a {\n                padding-left: 40px;\n                padding-right: 31px;\n            }\n            .td-pulldown-syle-2 .td-subcat-dropdown:hover .td-subcat-more {\n                background-color: transparent !important;\n            }\n            .td-pulldown-syle-2 .td-subcat-dropdown:hover .td-subcat-more span,\n            .td-pulldown-syle-2 .td-subcat-dropdown:hover .td-subcat-more i {\n                color: #4db2ec;\n            }\n            .td-pulldown-syle-2 .td-subcat-dropdown .td-subcat-more {\n                margin-left: 9px;\n                margin-bottom: 8px; \/\/ this align the dropdown list\n            }\n            .td-pulldown-syle-2 .td-subcat-list .td-subcat-item {\n                margin-left: 24px;\n            }\n            .td-pulldown-syle-3 {\n                top: 0;\n            }\n            .td-pulldown-syle-3 .td-subcat-dropdown ul {\n                padding: 15px 0;\n                margin-top: -1px;\n                border-width: 1px;\n            }\n            .td-pulldown-syle-3 .td-subcat-dropdown a {\n                padding-left: 40px;\n                padding-right: 31px;\n            }\n            .td-pulldown-syle-3 .td-subcat-dropdown &:hover .td-subcat-more {\n                background-color: transparent !important;\n            }\n            .td-pulldown-syle-3 .td-subcat-dropdown &:hover .td-subcat-more span,\n            .td-pulldown-syle-3 .td-subcat-dropdown &:hover .td-subcat-more i {\n                color: #4db2ec;\n            }\n            .td-pulldown-syle-3 .td-subcat-dropdown .td-subcat-more {\n                margin-left: 9px;\n                margin-bottom: 8px; \/\/ this align the dropdown list\n            }\n            .td-pulldown-syle-3 .td-subcat-list .td-subcat-item {\n                margin-left: 24px;\n            }\n            \n            \n\n            \n            .td-theme-wrap .tdi_14_777 .td-pulldown-filter-link:hover,\n            .td-theme-wrap .tdi_14_777 .td-subcat-item a:hover,\n            .td-theme-wrap .tdi_14_777 .td-subcat-item .td-cur-simple-item {\n                color: #dd3333;\n            }\n\n            .td-theme-wrap .tdi_14_777 .block-title > *,\n            .td-theme-wrap .tdi_14_777 .td-subcat-dropdown:hover .td-subcat-more {\n                background-color: #dd3333;\n            }\n            .td-theme-wrap .td-footer-wrapper .tdi_14_777 .block-title > * {\n                padding: 6px 7px 5px;\n                line-height: 1;\n            }\n\n            .td-theme-wrap .tdi_14_777 .block-title {\n                border-color: #dd3333;\n            }\n\n            \n            .td-theme-wrap .tdi_14_777 .td_module_wrap:hover .entry-title a,\n            .td-theme-wrap .tdi_14_777 .td_quote_on_blocks,\n            .td-theme-wrap .tdi_14_777 .td-opacity-cat .td-post-category:hover,\n            .td-theme-wrap .tdi_14_777 .td-opacity-read .td-read-more a:hover,\n            .td-theme-wrap .tdi_14_777 .td-opacity-author .td-post-author-name a:hover,\n            .td-theme-wrap .tdi_14_777 .td-instagram-user a {\n                color: #dd3333;\n            }\n\n            .td-theme-wrap .tdi_14_777 .td-next-prev-wrap a:hover,\n            .td-theme-wrap .tdi_14_777 .td-load-more-wrap a:hover {\n                background-color: #dd3333;\n                border-color: #dd3333;\n            }\n\n            .td-theme-wrap .tdi_14_777 .td-read-more a,\n            .td-theme-wrap .tdi_14_777 .td-weather-information:before,\n            .td-theme-wrap .tdi_14_777 .td-weather-week:before,\n            .td-theme-wrap .tdi_14_777 .td-exchange-header:before,\n            .td-theme-wrap .td-footer-wrapper .tdi_14_777 .td-post-category,\n            .td-theme-wrap .tdi_14_777 .td-post-category:hover {\n                background-color: #dd3333;\n            }\n<\/style><script>var block_tdi_14_777 = new tdBlock();\nblock_tdi_14_777.id = \"tdi_14_777\";\nblock_tdi_14_777.atts = '{\"custom_title\":\"Editorial\",\"custom_url\":\"Editorial\",\"header_color\":\"#dd3333\",\"category_id\":\"10\",\"tag_slug\":\"editorial 150\",\"limit\":\"1\",\"td_filter_default_txt\":\"Todo\",\"block_type\":\"td_block_21\",\"separator\":\"\",\"block_template_id\":\"\",\"m16_tl\":\"\",\"m16_el\":\"\",\"post_ids\":\"\",\"category_ids\":\"\",\"autors_id\":\"\",\"installed_post_types\":\"\",\"sort\":\"\",\"offset\":\"\",\"show_modified_date\":\"\",\"el_class\":\"\",\"td_ajax_filter_type\":\"\",\"td_ajax_filter_ids\":\"\",\"td_ajax_preloading\":\"\",\"f_header_font_header\":\"\",\"f_header_font_title\":\"Block header\",\"f_header_font_settings\":\"\",\"f_header_font_family\":\"\",\"f_header_font_size\":\"\",\"f_header_font_line_height\":\"\",\"f_header_font_style\":\"\",\"f_header_font_weight\":\"\",\"f_header_font_transform\":\"\",\"f_header_font_spacing\":\"\",\"f_header_\":\"\",\"f_ajax_font_title\":\"Ajax categories\",\"f_ajax_font_settings\":\"\",\"f_ajax_font_family\":\"\",\"f_ajax_font_size\":\"\",\"f_ajax_font_line_height\":\"\",\"f_ajax_font_style\":\"\",\"f_ajax_font_weight\":\"\",\"f_ajax_font_transform\":\"\",\"f_ajax_font_spacing\":\"\",\"f_ajax_\":\"\",\"f_more_font_title\":\"Load more button\",\"f_more_font_settings\":\"\",\"f_more_font_family\":\"\",\"f_more_font_size\":\"\",\"f_more_font_line_height\":\"\",\"f_more_font_style\":\"\",\"f_more_font_weight\":\"\",\"f_more_font_transform\":\"\",\"f_more_font_spacing\":\"\",\"f_more_\":\"\",\"m16f_title_font_header\":\"\",\"m16f_title_font_title\":\"Article title\",\"m16f_title_font_settings\":\"\",\"m16f_title_font_family\":\"\",\"m16f_title_font_size\":\"\",\"m16f_title_font_line_height\":\"\",\"m16f_title_font_style\":\"\",\"m16f_title_font_weight\":\"\",\"m16f_title_font_transform\":\"\",\"m16f_title_font_spacing\":\"\",\"m16f_title_\":\"\",\"m16f_cat_font_title\":\"Article category tag\",\"m16f_cat_font_settings\":\"\",\"m16f_cat_font_family\":\"\",\"m16f_cat_font_size\":\"\",\"m16f_cat_font_line_height\":\"\",\"m16f_cat_font_style\":\"\",\"m16f_cat_font_weight\":\"\",\"m16f_cat_font_transform\":\"\",\"m16f_cat_font_spacing\":\"\",\"m16f_cat_\":\"\",\"m16f_meta_font_title\":\"Article meta info\",\"m16f_meta_font_settings\":\"\",\"m16f_meta_font_family\":\"\",\"m16f_meta_font_size\":\"\",\"m16f_meta_font_line_height\":\"\",\"m16f_meta_font_style\":\"\",\"m16f_meta_font_weight\":\"\",\"m16f_meta_font_transform\":\"\",\"m16f_meta_font_spacing\":\"\",\"m16f_meta_\":\"\",\"m16f_ex_font_title\":\"Article excerpt\",\"m16f_ex_font_settings\":\"\",\"m16f_ex_font_family\":\"\",\"m16f_ex_font_size\":\"\",\"m16f_ex_font_line_height\":\"\",\"m16f_ex_font_style\":\"\",\"m16f_ex_font_weight\":\"\",\"m16f_ex_font_transform\":\"\",\"m16f_ex_font_spacing\":\"\",\"m16f_ex_\":\"\",\"ajax_pagination\":\"\",\"ajax_pagination_infinite_stop\":\"\",\"css\":\"\",\"tdc_css\":\"\",\"td_column_number\":2,\"color_preset\":\"\",\"border_top\":\"\",\"class\":\"tdi_14_777\",\"tdc_css_class\":\"tdi_14_777\",\"tdc_css_class_style\":\"tdi_14_777_rand_style\"}';\nblock_tdi_14_777.td_column_number = \"2\";\nblock_tdi_14_777.block_type = \"td_block_21\";\nblock_tdi_14_777.post_count = \"1\";\nblock_tdi_14_777.found_posts = \"1\";\nblock_tdi_14_777.header_color = \"#dd3333\";\nblock_tdi_14_777.ajax_pagination_infinite_stop = \"\";\nblock_tdi_14_777.max_num_pages = \"1\";\ntdBlocksArray.push(block_tdi_14_777);\n<\/script><div class=\"td-block-title-wrap\"><h4 class=\"block-title td-block-title\"><a href=\"http:\/\/Editorial\" class=\"td-pulldown-size\">Editorial<\/a><\/h4><\/div><div id=tdi_14_777 class=\"td_block_inner\">\n        <div class=\"td_module_16 td_module_wrap td-animation-stack\">\n            <div class=\"td-module-thumb\"><a href=\"https:\/\/vamosporlaliberacion.org\/crpmlm\/editorial150\/\" rel=\"bookmark\" class=\"td-image-wrap \" title=\"Reperfilemos el hambre y la pobreza\" ><img loading=\"lazy\" decoding=\"async\" class=\"entry-thumb\" src=\"\" alt=\"\" title=\"Reperfilemos el hambre y la pobreza\" data-type=\"image_tag\" data-img-url=\"https:\/\/i0.wp.com\/vamosporlaliberacion.org\/crpmlm\/wp-content\/uploads\/2019\/10\/vxl150-editorial.png?resize=150%2C150&ssl=1\"  width=\"150\" height=\"150\" \/><\/a><\/div>\n            <div class=\"item-details\">\n                <h3 class=\"entry-title td-module-title\"><a href=\"https:\/\/vamosporlaliberacion.org\/crpmlm\/editorial150\/\" rel=\"bookmark\" title=\"Reperfilemos el hambre y la pobreza\">Reperfilemos el hambre y la pobreza<\/a><\/h3>\n                <div class=\"td-module-meta-info\">\n                                        <span class=\"td-post-author-name\"><a href=\"https:\/\/vamosporlaliberacion.org\/crpmlm\/author\/adminvxl\/\">vamos!<\/a> <span>-<\/span> <\/span>                    <span class=\"td-post-date\"><time class=\"entry-date updated td-module-date\" datetime=\"2019-10-10T20:29:20-03:00\" >10 octubre, 2019<\/time><\/span>                    <span class=\"td-module-comments\"><a href=\"https:\/\/vamosporlaliberacion.org\/crpmlm\/editorial150\/#respond\">0<\/a><\/span>                <\/div>\n\n                <div class=\"td-excerpt\">\n                    Luego de conocerse los datos de pobreza anunciados por el Indec la semana pasada, donde la cifra del 35,4% con 15 millones de pobres,...                <\/div>\n            <\/div>\n\n        <\/div>\n\n        <\/div><\/div> <!-- .\/block --><div class=\"td_block_wrap td_block_21 tdi_15_995 td-pb-border-top td_block_template_1 td-column-2\"  data-td-block-uid=\"tdi_15_995\" >\n<style>\n.td_block_template_2.widget > ul > li,\n            .td_block_template_6.widget > ul > li,\n            .td_block_template_8.widget > ul > li,\n            .td_block_template_9.widget > ul > li,\n            .td_block_template_10.widget > ul > li,\n            .td_block_template_11.widget > ul > li,\n            .td_block_template_12.widget > ul > li,\n            .td_block_template_13.widget > ul > li,\n            .td_block_template_14.widget > ul > li,\n            .td_block_template_15.widget > ul > li,\n            .td_block_template_16.widget > ul > li,\n            .td_block_template_17.widget > ul > li {\n                margin-left: 0 !important;\n            }\n            .global-block-template-12 .td-comments-title span,\n            .global-block-template-13 .td-comments-title span {\n                margin-left: 0 !important;\n                font-size: 20px;\n            }\n            @media (max-width: 767px) {\n                .global-block-template-12 .td-comments-title span,\n                .global-block-template-13 .td-comments-title span {\n                    font-size: 15px;\n                }\n            }\n            .td-block-title-wrap .td-wrapper-pulldown-filter {\n                font-family: 'Roboto', sans-serif;\n                position: absolute;\n                bottom: 0;\n                right: 0;\n                top: 0;\n                margin: auto 0;\n                z-index: 2;\n                background-color: #fff;\n                font-size: 13px;\n                line-height: 1;\n                color: #777;\n                text-align: right;\n            }\n            .td-block-title-wrap .td-wrapper-pulldown-filter .td-pulldown-filter-display-option {\n                cursor: pointer;\n                white-space: nowrap;\n                position: relative;\n                line-height: 29px;\n            }\n            .td-block-title-wrap .td-wrapper-pulldown-filter .td-pulldown-filter-display-option i {\n                font-size: 9px;\n                color: #777;\n                margin-left: 20px;\n                margin-right: 10px;\n            }\n            .td-block-title-wrap .td-wrapper-pulldown-filter .td-pulldown-filter-display-option i:before {\n                content: '\\e83d';\n            }\n            .td-block-title-wrap .td-wrapper-pulldown-filter .td-pulldown-filter-display-option span {\n                padding-left: 20px;\n                margin-right: -14px;\n            }\n            @media (max-width: 360px) {\n                .td-block-title-wrap .td-wrapper-pulldown-filter .td-pulldown-filter-display-option span {\n                    display: none;\n                }\n            }\n            .td-block-title-wrap .td-wrapper-pulldown-filter .td-pulldown-filter-display-option:hover {\n                color: #4db2ec;\n            }\n            .td-block-title-wrap .td-wrapper-pulldown-filter .td-pulldown-filter-display-option:hover i {\n                color: #4db2ec;\n            }\n            .td-block-title-wrap .td-wrapper-pulldown-filter .td-pulldown-filter-display-option:hover ul {\n                display: block;\n            }\n            .td-block-title-wrap .td-wrapper-pulldown-filter .td-pulldown-filter-list {\n                list-style: none;\n                position: absolute;\n                right: 0;\n                top: 100%;\n                padding: 18px 0;\n                background-color: rgb(255, 255, 255);\n                background-color: rgba(255, 255, 255, 0.95);\n                z-index: 999;\n                border-width: 1px;\n                border-color: #ededed;\n                border-style: solid;\n                display: none;\n                margin: 0;\n            }\n            .td-block-title-wrap .td-wrapper-pulldown-filter .td-pulldown-filter-item {\n                list-style: none;\n                margin: 0;\n            }\n            .td-block-title-wrap .td-wrapper-pulldown-filter .td-pulldown-filter-item .td-cur-simple-item {\n                color: #4db2ec;\n            }\n            .td-block-title-wrap .td-wrapper-pulldown-filter .td-pulldown-more {\n                padding-bottom: 10px;\n            }\n            .td-block-title-wrap .td-wrapper-pulldown-filter .td-pulldown-more:before {\n                content: '';\n                width: 70px;\n                height: 100%;\n                position: absolute;\n                margin-top: 2px;\n                top: 0;\n                right: 0;\n                z-index: 1;\n                opacity: 0;\n            }\n            .td-block-title-wrap .td-wrapper-pulldown-filter .td-pulldown-filter-link {\n                color: #777;\n                white-space: nowrap;\n                display: block;\n                line-height: 26px;\n                padding-left: 36px;\n                padding-right: 27px;\n            }\n            .td-block-title-wrap .td-wrapper-pulldown-filter .td-pulldown-filter-link:hover {\n                color: #4db2ec;\n            }\n            @media (min-width: 768px) and (max-width: 1018px) {\n                .td-pb-span4 .td-block-title-wrap .td-wrapper-pulldown-filter .td-pulldown-filter-display-option span {\n                    display: none;\n                }\n                .td-pb-span4 .td-block-title-wrap .td-wrapper-pulldown-filter .td-pulldown-filter-link {\n                    padding-left: 24px;\n                    padding-right: 20px !important;\n                }\n            }\n            @-moz-document url-prefix() {\n                .td-pulldown-syle-default .td-subcat-more,\n                .td-pulldown-syle-default .td-subcat-list {\n                    position: relative;\n                    top: -1px;\n                }\n            }\n            .td-pulldown-syle-2 {\n                top: 0;\n            }\n            .td-pulldown-syle-2 .td-subcat-dropdown ul {\n                padding: 20px 0;\n                margin-top: 0;\n            }\n            .td-pulldown-syle-2 .td-subcat-dropdown ul:after {\n                content: '';\n                position: absolute;\n                width: calc(100% + 2px);\n                height: 3px;\n                top: 0;\n                left: -1px;\n                background-color: #4db2ec;\n            }\n            .td-pulldown-syle-2 .td-subcat-dropdown a {\n                padding-left: 40px;\n                padding-right: 31px;\n            }\n            .td-pulldown-syle-2 .td-subcat-dropdown:hover .td-subcat-more {\n                background-color: transparent !important;\n            }\n            .td-pulldown-syle-2 .td-subcat-dropdown:hover .td-subcat-more span,\n            .td-pulldown-syle-2 .td-subcat-dropdown:hover .td-subcat-more i {\n                color: #4db2ec;\n            }\n            .td-pulldown-syle-2 .td-subcat-dropdown .td-subcat-more {\n                margin-left: 9px;\n                margin-bottom: 8px; \/\/ this align the dropdown list\n            }\n            .td-pulldown-syle-2 .td-subcat-list .td-subcat-item {\n                margin-left: 24px;\n            }\n            .td-pulldown-syle-3 {\n                top: 0;\n            }\n            .td-pulldown-syle-3 .td-subcat-dropdown ul {\n                padding: 15px 0;\n                margin-top: -1px;\n                border-width: 1px;\n            }\n            .td-pulldown-syle-3 .td-subcat-dropdown a {\n                padding-left: 40px;\n                padding-right: 31px;\n            }\n            .td-pulldown-syle-3 .td-subcat-dropdown &:hover .td-subcat-more {\n                background-color: transparent !important;\n            }\n            .td-pulldown-syle-3 .td-subcat-dropdown &:hover .td-subcat-more span,\n            .td-pulldown-syle-3 .td-subcat-dropdown &:hover .td-subcat-more i {\n                color: #4db2ec;\n            }\n            .td-pulldown-syle-3 .td-subcat-dropdown .td-subcat-more {\n                margin-left: 9px;\n                margin-bottom: 8px; \/\/ this align the dropdown list\n            }\n            .td-pulldown-syle-3 .td-subcat-list .td-subcat-item {\n                margin-left: 24px;\n            }\n            \n            \n\n            \n            .td-theme-wrap .tdi_15_995 .td-pulldown-filter-link:hover,\n            .td-theme-wrap .tdi_15_995 .td-subcat-item a:hover,\n            .td-theme-wrap .tdi_15_995 .td-subcat-item .td-cur-simple-item {\n                color: #dd3333;\n            }\n\n            .td-theme-wrap .tdi_15_995 .block-title > *,\n            .td-theme-wrap .tdi_15_995 .td-subcat-dropdown:hover .td-subcat-more {\n                background-color: #dd3333;\n            }\n            .td-theme-wrap .td-footer-wrapper .tdi_15_995 .block-title > * {\n                padding: 6px 7px 5px;\n                line-height: 1;\n            }\n\n            .td-theme-wrap .tdi_15_995 .block-title {\n                border-color: #dd3333;\n            }\n\n            \n            .td-theme-wrap .tdi_15_995 .td_module_wrap:hover .entry-title a,\n            .td-theme-wrap .tdi_15_995 .td_quote_on_blocks,\n            .td-theme-wrap .tdi_15_995 .td-opacity-cat .td-post-category:hover,\n            .td-theme-wrap .tdi_15_995 .td-opacity-read .td-read-more a:hover,\n            .td-theme-wrap .tdi_15_995 .td-opacity-author .td-post-author-name a:hover,\n            .td-theme-wrap .tdi_15_995 .td-instagram-user a {\n                color: #dd3333;\n            }\n\n            .td-theme-wrap .tdi_15_995 .td-next-prev-wrap a:hover,\n            .td-theme-wrap .tdi_15_995 .td-load-more-wrap a:hover {\n                background-color: #dd3333;\n                border-color: #dd3333;\n            }\n\n            .td-theme-wrap .tdi_15_995 .td-read-more a,\n            .td-theme-wrap .tdi_15_995 .td-weather-information:before,\n            .td-theme-wrap .tdi_15_995 .td-weather-week:before,\n            .td-theme-wrap .tdi_15_995 .td-exchange-header:before,\n            .td-theme-wrap .td-footer-wrapper .tdi_15_995 .td-post-category,\n            .td-theme-wrap .tdi_15_995 .td-post-category:hover {\n                background-color: #dd3333;\n            }\n<\/style><script>var block_tdi_15_995 = new tdBlock();\nblock_tdi_15_995.id = \"tdi_15_995\";\nblock_tdi_15_995.atts = '{\"custom_title\":\"Partido\",\"header_color\":\"#dd3333\",\"category_id\":\"11\",\"tag_slug\":\"vxl150\",\"limit\":\"10\",\"td_filter_default_txt\":\"Todo\",\"block_type\":\"td_block_21\",\"separator\":\"\",\"custom_url\":\"\",\"block_template_id\":\"\",\"m16_tl\":\"\",\"m16_el\":\"\",\"post_ids\":\"\",\"category_ids\":\"\",\"autors_id\":\"\",\"installed_post_types\":\"\",\"sort\":\"\",\"offset\":\"\",\"show_modified_date\":\"\",\"el_class\":\"\",\"td_ajax_filter_type\":\"\",\"td_ajax_filter_ids\":\"\",\"td_ajax_preloading\":\"\",\"f_header_font_header\":\"\",\"f_header_font_title\":\"Block header\",\"f_header_font_settings\":\"\",\"f_header_font_family\":\"\",\"f_header_font_size\":\"\",\"f_header_font_line_height\":\"\",\"f_header_font_style\":\"\",\"f_header_font_weight\":\"\",\"f_header_font_transform\":\"\",\"f_header_font_spacing\":\"\",\"f_header_\":\"\",\"f_ajax_font_title\":\"Ajax categories\",\"f_ajax_font_settings\":\"\",\"f_ajax_font_family\":\"\",\"f_ajax_font_size\":\"\",\"f_ajax_font_line_height\":\"\",\"f_ajax_font_style\":\"\",\"f_ajax_font_weight\":\"\",\"f_ajax_font_transform\":\"\",\"f_ajax_font_spacing\":\"\",\"f_ajax_\":\"\",\"f_more_font_title\":\"Load more button\",\"f_more_font_settings\":\"\",\"f_more_font_family\":\"\",\"f_more_font_size\":\"\",\"f_more_font_line_height\":\"\",\"f_more_font_style\":\"\",\"f_more_font_weight\":\"\",\"f_more_font_transform\":\"\",\"f_more_font_spacing\":\"\",\"f_more_\":\"\",\"m16f_title_font_header\":\"\",\"m16f_title_font_title\":\"Article title\",\"m16f_title_font_settings\":\"\",\"m16f_title_font_family\":\"\",\"m16f_title_font_size\":\"\",\"m16f_title_font_line_height\":\"\",\"m16f_title_font_style\":\"\",\"m16f_title_font_weight\":\"\",\"m16f_title_font_transform\":\"\",\"m16f_title_font_spacing\":\"\",\"m16f_title_\":\"\",\"m16f_cat_font_title\":\"Article category tag\",\"m16f_cat_font_settings\":\"\",\"m16f_cat_font_family\":\"\",\"m16f_cat_font_size\":\"\",\"m16f_cat_font_line_height\":\"\",\"m16f_cat_font_style\":\"\",\"m16f_cat_font_weight\":\"\",\"m16f_cat_font_transform\":\"\",\"m16f_cat_font_spacing\":\"\",\"m16f_cat_\":\"\",\"m16f_meta_font_title\":\"Article meta info\",\"m16f_meta_font_settings\":\"\",\"m16f_meta_font_family\":\"\",\"m16f_meta_font_size\":\"\",\"m16f_meta_font_line_height\":\"\",\"m16f_meta_font_style\":\"\",\"m16f_meta_font_weight\":\"\",\"m16f_meta_font_transform\":\"\",\"m16f_meta_font_spacing\":\"\",\"m16f_meta_\":\"\",\"m16f_ex_font_title\":\"Article excerpt\",\"m16f_ex_font_settings\":\"\",\"m16f_ex_font_family\":\"\",\"m16f_ex_font_size\":\"\",\"m16f_ex_font_line_height\":\"\",\"m16f_ex_font_style\":\"\",\"m16f_ex_font_weight\":\"\",\"m16f_ex_font_transform\":\"\",\"m16f_ex_font_spacing\":\"\",\"m16f_ex_\":\"\",\"ajax_pagination\":\"\",\"ajax_pagination_infinite_stop\":\"\",\"css\":\"\",\"tdc_css\":\"\",\"td_column_number\":2,\"color_preset\":\"\",\"border_top\":\"\",\"class\":\"tdi_15_995\",\"tdc_css_class\":\"tdi_15_995\",\"tdc_css_class_style\":\"tdi_15_995_rand_style\"}';\nblock_tdi_15_995.td_column_number = \"2\";\nblock_tdi_15_995.block_type = \"td_block_21\";\nblock_tdi_15_995.post_count = \"10\";\nblock_tdi_15_995.found_posts = \"21\";\nblock_tdi_15_995.header_color = \"#dd3333\";\nblock_tdi_15_995.ajax_pagination_infinite_stop = \"\";\nblock_tdi_15_995.max_num_pages = \"3\";\ntdBlocksArray.push(block_tdi_15_995);\n<\/script><div class=\"td-block-title-wrap\"><h4 class=\"block-title td-block-title\"><span class=\"td-pulldown-size\">Partido<\/span><\/h4><\/div><div id=tdi_15_995 class=\"td_block_inner\">\n        <div class=\"td_module_16 td_module_wrap td-animation-stack\">\n            <div class=\"td-module-thumb\"><a href=\"https:\/\/vamosporlaliberacion.org\/crpmlm\/el-plan-argentina-sin-hambre\/\" rel=\"bookmark\" class=\"td-image-wrap \" title=\"El Plan \u201cArgentina sin hambre\u201d\" ><img loading=\"lazy\" decoding=\"async\" class=\"entry-thumb\" src=\"\" alt=\"\" title=\"El Plan \u201cArgentina sin hambre\u201d\" data-type=\"image_tag\" data-img-url=\"https:\/\/i0.wp.com\/vamosporlaliberacion.org\/crpmlm\/wp-content\/uploads\/2019\/10\/vxl150-argentinasinhambre.png?resize=150%2C150&ssl=1\"  width=\"150\" height=\"150\" \/><\/a><\/div>\n            <div class=\"item-details\">\n                <h3 class=\"entry-title td-module-title\"><a href=\"https:\/\/vamosporlaliberacion.org\/crpmlm\/el-plan-argentina-sin-hambre\/\" rel=\"bookmark\" title=\"El Plan \u201cArgentina sin hambre\u201d\">El Plan \u201cArgentina sin hambre\u201d<\/a><\/h3>\n                <div class=\"td-module-meta-info\">\n                                        <span class=\"td-post-author-name\"><a href=\"https:\/\/vamosporlaliberacion.org\/crpmlm\/author\/adminvxl\/\">vamos!<\/a> <span>-<\/span> <\/span>                    <span class=\"td-post-date\"><time class=\"entry-date updated td-module-date\" datetime=\"2019-10-11T16:06:37-03:00\" >11 octubre, 2019<\/time><\/span>                    <span class=\"td-module-comments\"><a href=\"https:\/\/vamosporlaliberacion.org\/crpmlm\/el-plan-argentina-sin-hambre\/#respond\">0<\/a><\/span>                <\/div>\n\n                <div class=\"td-excerpt\">\n                    De lo explicado y lo que se conoce, anuncian un plan que no se reduce a paliar el hambre en los hogares argentinos, parando...                <\/div>\n            <\/div>\n\n        <\/div>\n\n        \n        <div class=\"td_module_16 td_module_wrap td-animation-stack\">\n            <div class=\"td-module-thumb\"><a href=\"https:\/\/vamosporlaliberacion.org\/crpmlm\/la-unidad-del-movimiento-obrero-que-unidad-cuando-para-que\/\" rel=\"bookmark\" class=\"td-image-wrap \" title=\"La unidad del movimiento obrero: \u00bfqu\u00e9 unidad, cu\u00e1ndo, para qu\u00e9?\" ><img loading=\"lazy\" decoding=\"async\" class=\"entry-thumb\" src=\"\" alt=\"\" title=\"La unidad del movimiento obrero: \u00bfqu\u00e9 unidad, cu\u00e1ndo, para qu\u00e9?\" data-type=\"image_tag\" data-img-url=\"https:\/\/i0.wp.com\/vamosporlaliberacion.org\/crpmlm\/wp-content\/uploads\/2019\/10\/vxl150-mielcitas.png?resize=150%2C150&ssl=1\"  width=\"150\" height=\"150\" \/><\/a><\/div>\n            <div class=\"item-details\">\n                <h3 class=\"entry-title td-module-title\"><a href=\"https:\/\/vamosporlaliberacion.org\/crpmlm\/la-unidad-del-movimiento-obrero-que-unidad-cuando-para-que\/\" rel=\"bookmark\" title=\"La unidad del movimiento obrero: \u00bfqu\u00e9 unidad, cu\u00e1ndo, para qu\u00e9?\">La unidad del movimiento obrero: \u00bfqu\u00e9 unidad, cu\u00e1ndo, para qu\u00e9?<\/a><\/h3>\n                <div class=\"td-module-meta-info\">\n                                        <span class=\"td-post-author-name\"><a href=\"https:\/\/vamosporlaliberacion.org\/crpmlm\/author\/adminvxl\/\">vamos!<\/a> <span>-<\/span> <\/span>                    <span class=\"td-post-date\"><time class=\"entry-date updated td-module-date\" datetime=\"2019-10-11T15:59:47-03:00\" >11 octubre, 2019<\/time><\/span>                    <span class=\"td-module-comments\"><a href=\"https:\/\/vamosporlaliberacion.org\/crpmlm\/la-unidad-del-movimiento-obrero-que-unidad-cuando-para-que\/#respond\">0<\/a><\/span>                <\/div>\n\n                <div class=\"td-excerpt\">\n                    La unidad es para los trabajadores\/as una necesidad hondamente vital, puesto que sin ella no pueden hacer frente de manera efectiva a los voraces...                <\/div>\n            <\/div>\n\n        <\/div>\n\n        \n        <div class=\"td_module_16 td_module_wrap td-animation-stack\">\n            <div class=\"td-module-thumb\"><a href=\"https:\/\/vamosporlaliberacion.org\/crpmlm\/cipolletti-presentacion-del-mp-liberacion\/\" rel=\"bookmark\" class=\"td-image-wrap \" title=\"Cipolletti: presentaci\u00f3n del MP Liberaci\u00f3n\" ><img loading=\"lazy\" decoding=\"async\" class=\"entry-thumb\" src=\"\" alt=\"\" title=\"Cipolletti: presentaci\u00f3n del MP Liberaci\u00f3n\" data-type=\"image_tag\" data-img-url=\"https:\/\/i0.wp.com\/vamosporlaliberacion.org\/crpmlm\/wp-content\/uploads\/2019\/10\/vxl150-mplcipolleti.png?resize=150%2C150&ssl=1\"  width=\"150\" height=\"150\" \/><\/a><\/div>\n            <div class=\"item-details\">\n                <h3 class=\"entry-title td-module-title\"><a href=\"https:\/\/vamosporlaliberacion.org\/crpmlm\/cipolletti-presentacion-del-mp-liberacion\/\" rel=\"bookmark\" title=\"Cipolletti: presentaci\u00f3n del MP Liberaci\u00f3n\">Cipolletti: presentaci\u00f3n del MP Liberaci\u00f3n<\/a><\/h3>\n                <div class=\"td-module-meta-info\">\n                                        <span class=\"td-post-author-name\"><a href=\"https:\/\/vamosporlaliberacion.org\/crpmlm\/author\/adminvxl\/\">vamos!<\/a> <span>-<\/span> <\/span>                    <span class=\"td-post-date\"><time class=\"entry-date updated td-module-date\" datetime=\"2019-10-11T15:55:47-03:00\" >11 octubre, 2019<\/time><\/span>                    <span class=\"td-module-comments\"><a href=\"https:\/\/vamosporlaliberacion.org\/crpmlm\/cipolletti-presentacion-del-mp-liberacion\/#respond\">0<\/a><\/span>                <\/div>\n\n                <div class=\"td-excerpt\">\n                    El pasado viernes 4 de octubre, entre mates y empanadas matizadas con la guitarra y la c\u00e1lida voz de un compa\u00f1ero mapuche, el MPL...                <\/div>\n            <\/div>\n\n        <\/div>\n\n        \n        <div class=\"td_module_16 td_module_wrap td-animation-stack\">\n            <div class=\"td-module-thumb\"><a href=\"https:\/\/vamosporlaliberacion.org\/crpmlm\/34o-encuentro-nacional-de-mujeres\/\" rel=\"bookmark\" class=\"td-image-wrap \" title=\"34\u00ba Encuentro Nacional de Mujeres\" ><img loading=\"lazy\" decoding=\"async\" class=\"entry-thumb\" src=\"\" alt=\"\" title=\"34\u00ba Encuentro Nacional de Mujeres\" data-type=\"image_tag\" data-img-url=\"https:\/\/i0.wp.com\/vamosporlaliberacion.org\/crpmlm\/wp-content\/uploads\/2019\/10\/vxl150-34enm.png?resize=150%2C150&ssl=1\"  width=\"150\" height=\"150\" \/><\/a><\/div>\n            <div class=\"item-details\">\n                <h3 class=\"entry-title td-module-title\"><a href=\"https:\/\/vamosporlaliberacion.org\/crpmlm\/34o-encuentro-nacional-de-mujeres\/\" rel=\"bookmark\" title=\"34\u00ba Encuentro Nacional de Mujeres\">34\u00ba Encuentro Nacional de Mujeres<\/a><\/h3>\n                <div class=\"td-module-meta-info\">\n                                        <span class=\"td-post-author-name\"><a href=\"https:\/\/vamosporlaliberacion.org\/crpmlm\/author\/adminvxl\/\">vamos!<\/a> <span>-<\/span> <\/span>                    <span class=\"td-post-date\"><time class=\"entry-date updated td-module-date\" datetime=\"2019-10-11T14:30:30-03:00\" >11 octubre, 2019<\/time><\/span>                    <span class=\"td-module-comments\"><a href=\"https:\/\/vamosporlaliberacion.org\/crpmlm\/34o-encuentro-nacional-de-mujeres\/#respond\">0<\/a><\/span>                <\/div>\n\n                <div class=\"td-excerpt\">\n                    miles de mujeres, lesbianas, trans y travestis vamos a ser las protagonistas del encuentro m\u00e1s grande de la historia. Los encuentros nacionales de mujeres...                <\/div>\n            <\/div>\n\n        <\/div>\n\n        \n        <div class=\"td_module_16 td_module_wrap td-animation-stack\">\n            <div class=\"td-module-thumb\"><a href=\"https:\/\/vamosporlaliberacion.org\/crpmlm\/misiones-la-violencia-obstetrica-mata-justicia-para-yohana-carvallo\/\" rel=\"bookmark\" class=\"td-image-wrap \" title=\"Misiones: La violencia obst\u00e9trica mata: Justicia para Yohana Carvallo\" ><img loading=\"lazy\" decoding=\"async\" class=\"entry-thumb\" src=\"\" alt=\"\" title=\"Misiones: La violencia obst\u00e9trica mata: Justicia para Yohana Carvallo\" data-type=\"image_tag\" data-img-url=\"https:\/\/i0.wp.com\/vamosporlaliberacion.org\/crpmlm\/wp-content\/uploads\/2019\/10\/vxl150-movilizacionmontecarlo.png?resize=150%2C150&ssl=1\"  width=\"150\" height=\"150\" \/><\/a><\/div>\n            <div class=\"item-details\">\n                <h3 class=\"entry-title td-module-title\"><a href=\"https:\/\/vamosporlaliberacion.org\/crpmlm\/misiones-la-violencia-obstetrica-mata-justicia-para-yohana-carvallo\/\" rel=\"bookmark\" title=\"Misiones: La violencia obst\u00e9trica mata: Justicia para Yohana Carvallo\">Misiones: La violencia obst\u00e9trica mata: Justicia para Yohana Carvallo<\/a><\/h3>\n                <div class=\"td-module-meta-info\">\n                                        <span class=\"td-post-author-name\"><a href=\"https:\/\/vamosporlaliberacion.org\/crpmlm\/author\/adminvxl\/\">vamos!<\/a> <span>-<\/span> <\/span>                    <span class=\"td-post-date\"><time class=\"entry-date updated td-module-date\" datetime=\"2019-10-11T14:12:24-03:00\" >11 octubre, 2019<\/time><\/span>                    <span class=\"td-module-comments\"><a href=\"https:\/\/vamosporlaliberacion.org\/crpmlm\/misiones-la-violencia-obstetrica-mata-justicia-para-yohana-carvallo\/#respond\">0<\/a><\/span>                <\/div>\n\n                <div class=\"td-excerpt\">\n                    El calvario de Yohana empez\u00f3 cuatro d\u00edas antes de su muerte. Concurri\u00f3 al hospital p\u00fablico a causa de las contracciones y dolores propios del...                <\/div>\n            <\/div>\n\n        <\/div>\n\n        \n        <div class=\"td_module_16 td_module_wrap td-animation-stack\">\n            <div class=\"td-module-thumb\"><a href=\"https:\/\/vamosporlaliberacion.org\/crpmlm\/taller-de-soldadura-para-mujeres-derribando-mitos\/\" rel=\"bookmark\" class=\"td-image-wrap \" title=\"Taller de Soldadura para Mujeres: derribando mitos\" ><img loading=\"lazy\" decoding=\"async\" class=\"entry-thumb\" src=\"\" alt=\"\" title=\"Taller de Soldadura para Mujeres: derribando mitos\" data-type=\"image_tag\" data-img-url=\"https:\/\/i0.wp.com\/vamosporlaliberacion.org\/crpmlm\/wp-content\/uploads\/2019\/10\/hqdefault-1.jpg?resize=150%2C150&ssl=1\"  width=\"150\" height=\"150\" \/><span class=\"td-video-play-ico\"><i class=\"td-icon-video-thumb-play\"><\/i><\/span><\/a><\/div>\n            <div class=\"item-details\">\n                <h3 class=\"entry-title td-module-title\"><a href=\"https:\/\/vamosporlaliberacion.org\/crpmlm\/taller-de-soldadura-para-mujeres-derribando-mitos\/\" rel=\"bookmark\" title=\"Taller de Soldadura para Mujeres: derribando mitos\">Taller de Soldadura para Mujeres: derribando mitos<\/a><\/h3>\n                <div class=\"td-module-meta-info\">\n                                        <span class=\"td-post-author-name\"><a href=\"https:\/\/vamosporlaliberacion.org\/crpmlm\/author\/adminvxl\/\">vamos!<\/a> <span>-<\/span> <\/span>                    <span class=\"td-post-date\"><time class=\"entry-date updated td-module-date\" datetime=\"2019-10-11T14:11:59-03:00\" >11 octubre, 2019<\/time><\/span>                    <span class=\"td-module-comments\"><a href=\"https:\/\/vamosporlaliberacion.org\/crpmlm\/taller-de-soldadura-para-mujeres-derribando-mitos\/#respond\">0<\/a><\/span>                <\/div>\n\n                <div class=\"td-excerpt\">\n                    De la mano de la herrera, artista y activista feminista y contra la violencia hacia mujeres y ni\u00f1os, Olga Corrales, se viene desarrollando un...                <\/div>\n            <\/div>\n\n        <\/div>\n\n        \n        <div class=\"td_module_16 td_module_wrap td-animation-stack\">\n            <div class=\"td-module-thumb\"><a href=\"https:\/\/vamosporlaliberacion.org\/crpmlm\/poner-el-cuerpo-las-docentes-de-chubut\/\" rel=\"bookmark\" class=\"td-image-wrap \" title=\"Poner el cuerpo: las docentes de Chubut\" ><img loading=\"lazy\" decoding=\"async\" class=\"entry-thumb\" src=\"\" alt=\"\" title=\"Poner el cuerpo: las docentes de Chubut\" data-type=\"image_tag\" data-img-url=\"https:\/\/i0.wp.com\/vamosporlaliberacion.org\/crpmlm\/wp-content\/uploads\/2019\/10\/vxl150-chubut.png?resize=150%2C150&ssl=1\"  width=\"150\" height=\"150\" \/><\/a><\/div>\n            <div class=\"item-details\">\n                <h3 class=\"entry-title td-module-title\"><a href=\"https:\/\/vamosporlaliberacion.org\/crpmlm\/poner-el-cuerpo-las-docentes-de-chubut\/\" rel=\"bookmark\" title=\"Poner el cuerpo: las docentes de Chubut\">Poner el cuerpo: las docentes de Chubut<\/a><\/h3>\n                <div class=\"td-module-meta-info\">\n                                        <span class=\"td-post-author-name\"><a href=\"https:\/\/vamosporlaliberacion.org\/crpmlm\/author\/adminvxl\/\">vamos!<\/a> <span>-<\/span> <\/span>                    <span class=\"td-post-date\"><time class=\"entry-date updated td-module-date\" datetime=\"2019-10-11T13:49:50-03:00\" >11 octubre, 2019<\/time><\/span>                    <span class=\"td-module-comments\"><a href=\"https:\/\/vamosporlaliberacion.org\/crpmlm\/poner-el-cuerpo-las-docentes-de-chubut\/#respond\">0<\/a><\/span>                <\/div>\n\n                <div class=\"td-excerpt\">\n                    La docencia en la Argentina es una tarea que, desde el imaginario, es fuertemente femenina. Pero no s\u00f3lo lo es en el imaginario, sino...                <\/div>\n            <\/div>\n\n        <\/div>\n\n        \n        <div class=\"td_module_16 td_module_wrap td-animation-stack\">\n            <div class=\"td-module-thumb\"><a href=\"https:\/\/vamosporlaliberacion.org\/crpmlm\/la-rebelion-de-las-flores-nativas\/\" rel=\"bookmark\" class=\"td-image-wrap \" title=\"La rebeli\u00f3n de  las flores nativas\" ><img loading=\"lazy\" decoding=\"async\" class=\"entry-thumb\" src=\"\" alt=\"\" title=\"La rebeli\u00f3n de  las flores nativas\" data-type=\"image_tag\" data-img-url=\"https:\/\/i0.wp.com\/vamosporlaliberacion.org\/crpmlm\/wp-content\/uploads\/2019\/10\/vxl150-ocupacionmininterior2.png?resize=150%2C150&ssl=1\"  width=\"150\" height=\"150\" \/><\/a><\/div>\n            <div class=\"item-details\">\n                <h3 class=\"entry-title td-module-title\"><a href=\"https:\/\/vamosporlaliberacion.org\/crpmlm\/la-rebelion-de-las-flores-nativas\/\" rel=\"bookmark\" title=\"La rebeli\u00f3n de  las flores nativas\">La rebeli\u00f3n de  las flores nativas<\/a><\/h3>\n                <div class=\"td-module-meta-info\">\n                                        <span class=\"td-post-author-name\"><a href=\"https:\/\/vamosporlaliberacion.org\/crpmlm\/author\/adminvxl\/\">vamos!<\/a> <span>-<\/span> <\/span>                    <span class=\"td-post-date\"><time class=\"entry-date updated td-module-date\" datetime=\"2019-10-11T13:40:36-03:00\" >11 octubre, 2019<\/time><\/span>                    <span class=\"td-module-comments\"><a href=\"https:\/\/vamosporlaliberacion.org\/crpmlm\/la-rebelion-de-las-flores-nativas\/#respond\">0<\/a><\/span>                <\/div>\n\n                <div class=\"td-excerpt\">\n                    Mujeres ind\u00edgenas de diversas naciones ind\u00edgenas de manera autoconvocadas ocuparon el Ministerio del Interior exigiendo ser recibidas por el Ministro Rogelio Frigerio.\r\n\r\nReproducimos la gacetilla...                <\/div>\n            <\/div>\n\n        <\/div>\n\n        \n        <div class=\"td_module_16 td_module_wrap td-animation-stack\">\n            <div class=\"td-module-thumb\"><a href=\"https:\/\/vamosporlaliberacion.org\/crpmlm\/una-medida-para-criminalizar-a-los-trabajadores\/\" rel=\"bookmark\" class=\"td-image-wrap \" title=\"Una medida para criminalizar a los trabajadores\" ><img loading=\"lazy\" decoding=\"async\" class=\"entry-thumb\" src=\"\" alt=\"\" title=\"Una medida para criminalizar a los trabajadores\" data-type=\"image_tag\" data-img-url=\"https:\/\/i0.wp.com\/vamosporlaliberacion.org\/crpmlm\/wp-content\/uploads\/2019\/10\/vxl150-operativo.png?resize=150%2C150&ssl=1\"  width=\"150\" height=\"150\" \/><\/a><\/div>\n            <div class=\"item-details\">\n                <h3 class=\"entry-title td-module-title\"><a href=\"https:\/\/vamosporlaliberacion.org\/crpmlm\/una-medida-para-criminalizar-a-los-trabajadores\/\" rel=\"bookmark\" title=\"Una medida para criminalizar a los trabajadores\">Una medida para criminalizar a los trabajadores<\/a><\/h3>\n                <div class=\"td-module-meta-info\">\n                                        <span class=\"td-post-author-name\"><a href=\"https:\/\/vamosporlaliberacion.org\/crpmlm\/author\/adminvxl\/\">vamos!<\/a> <span>-<\/span> <\/span>                    <span class=\"td-post-date\"><time class=\"entry-date updated td-module-date\" datetime=\"2019-10-11T13:29:15-03:00\" >11 octubre, 2019<\/time><\/span>                    <span class=\"td-module-comments\"><a href=\"https:\/\/vamosporlaliberacion.org\/crpmlm\/una-medida-para-criminalizar-a-los-trabajadores\/#respond\">0<\/a><\/span>                <\/div>\n\n                <div class=\"td-excerpt\">\n                    La Ministra de Seguridad cre\u00f3 el programa \u201cOfensores de Trenes\u201d, bajo el pretexto de que ser\u00e1 una herramienta \u00fatil para prevenir \u201cdelitos en el...                <\/div>\n            <\/div>\n\n        <\/div>\n\n        \n        <div class=\"td_module_16 td_module_wrap td-animation-stack\">\n            <div class=\"td-module-thumb\"><a href=\"https:\/\/vamosporlaliberacion.org\/crpmlm\/elecciones-en-unter\/\" rel=\"bookmark\" class=\"td-image-wrap \" title=\"Elecciones en UNTER\" ><img loading=\"lazy\" decoding=\"async\" class=\"entry-thumb\" src=\"\" alt=\"\" title=\"Elecciones en UNTER\" data-type=\"image_tag\" data-img-url=\"https:\/\/i0.wp.com\/vamosporlaliberacion.org\/crpmlm\/wp-content\/uploads\/2019\/10\/vxl150-docentesunter.png?resize=150%2C150&ssl=1\"  width=\"150\" height=\"150\" \/><\/a><\/div>\n            <div class=\"item-details\">\n                <h3 class=\"entry-title td-module-title\"><a href=\"https:\/\/vamosporlaliberacion.org\/crpmlm\/elecciones-en-unter\/\" rel=\"bookmark\" title=\"Elecciones en UNTER\">Elecciones en UNTER<\/a><\/h3>\n                <div class=\"td-module-meta-info\">\n                                        <span class=\"td-post-author-name\"><a href=\"https:\/\/vamosporlaliberacion.org\/crpmlm\/author\/adminvxl\/\">vamos!<\/a> <span>-<\/span> <\/span>                    <span class=\"td-post-date\"><time class=\"entry-date updated td-module-date\" datetime=\"2019-10-11T12:24:53-03:00\" >11 octubre, 2019<\/time><\/span>                    <span class=\"td-module-comments\"><a href=\"https:\/\/vamosporlaliberacion.org\/crpmlm\/elecciones-en-unter\/#respond\">0<\/a><\/span>                <\/div>\n\n                <div class=\"td-excerpt\">\n                    El 2 de octubre se llevaron a cabo las elecciones del gremio docente, ganando con amplitud la actual conducci\u00f3n Azul-Arancibia, aliada del gobernador Weretilneck...                <\/div>\n            <\/div>\n\n        <\/div>\n\n        <\/div><\/div> <!-- .\/block --><div class=\"td_block_wrap td_block_21 tdi_16_1fa td-pb-border-top td_block_template_1 td-column-2\"  data-td-block-uid=\"tdi_16_1fa\" >\n<style>\n.td_block_template_2.widget > ul > li,\n            .td_block_template_6.widget > ul > li,\n            .td_block_template_8.widget > ul > li,\n            .td_block_template_9.widget > ul > li,\n            .td_block_template_10.widget > ul > li,\n            .td_block_template_11.widget > ul > li,\n            .td_block_template_12.widget > ul > li,\n            .td_block_template_13.widget > ul > li,\n            .td_block_template_14.widget > ul > li,\n            .td_block_template_15.widget > ul > li,\n            .td_block_template_16.widget > ul > li,\n            .td_block_template_17.widget > ul > li {\n                margin-left: 0 !important;\n            }\n            .global-block-template-12 .td-comments-title span,\n            .global-block-template-13 .td-comments-title span {\n                margin-left: 0 !important;\n                font-size: 20px;\n            }\n            @media (max-width: 767px) {\n                .global-block-template-12 .td-comments-title span,\n                .global-block-template-13 .td-comments-title span {\n                    font-size: 15px;\n                }\n            }\n            .td-block-title-wrap .td-wrapper-pulldown-filter {\n                font-family: 'Roboto', sans-serif;\n                position: absolute;\n                bottom: 0;\n                right: 0;\n                top: 0;\n                margin: auto 0;\n                z-index: 2;\n                background-color: #fff;\n                font-size: 13px;\n                line-height: 1;\n                color: #777;\n                text-align: right;\n            }\n            .td-block-title-wrap .td-wrapper-pulldown-filter .td-pulldown-filter-display-option {\n                cursor: pointer;\n                white-space: nowrap;\n                position: relative;\n                line-height: 29px;\n            }\n            .td-block-title-wrap .td-wrapper-pulldown-filter .td-pulldown-filter-display-option i {\n                font-size: 9px;\n                color: #777;\n                margin-left: 20px;\n                margin-right: 10px;\n            }\n            .td-block-title-wrap .td-wrapper-pulldown-filter .td-pulldown-filter-display-option i:before {\n                content: '\\e83d';\n            }\n            .td-block-title-wrap .td-wrapper-pulldown-filter .td-pulldown-filter-display-option span {\n                padding-left: 20px;\n                margin-right: -14px;\n            }\n            @media (max-width: 360px) {\n                .td-block-title-wrap .td-wrapper-pulldown-filter .td-pulldown-filter-display-option span {\n                    display: none;\n                }\n            }\n            .td-block-title-wrap .td-wrapper-pulldown-filter .td-pulldown-filter-display-option:hover {\n                color: #4db2ec;\n            }\n            .td-block-title-wrap .td-wrapper-pulldown-filter .td-pulldown-filter-display-option:hover i {\n                color: #4db2ec;\n            }\n            .td-block-title-wrap .td-wrapper-pulldown-filter .td-pulldown-filter-display-option:hover ul {\n                display: block;\n            }\n            .td-block-title-wrap .td-wrapper-pulldown-filter .td-pulldown-filter-list {\n                list-style: none;\n                position: absolute;\n                right: 0;\n                top: 100%;\n                padding: 18px 0;\n                background-color: rgb(255, 255, 255);\n                background-color: rgba(255, 255, 255, 0.95);\n                z-index: 999;\n                border-width: 1px;\n                border-color: #ededed;\n                border-style: solid;\n                display: none;\n                margin: 0;\n            }\n            .td-block-title-wrap .td-wrapper-pulldown-filter .td-pulldown-filter-item {\n                list-style: none;\n                margin: 0;\n            }\n            .td-block-title-wrap .td-wrapper-pulldown-filter .td-pulldown-filter-item .td-cur-simple-item {\n                color: #4db2ec;\n            }\n            .td-block-title-wrap .td-wrapper-pulldown-filter .td-pulldown-more {\n                padding-bottom: 10px;\n            }\n            .td-block-title-wrap .td-wrapper-pulldown-filter .td-pulldown-more:before {\n                content: '';\n                width: 70px;\n                height: 100%;\n                position: absolute;\n                margin-top: 2px;\n                top: 0;\n                right: 0;\n                z-index: 1;\n                opacity: 0;\n            }\n            .td-block-title-wrap .td-wrapper-pulldown-filter .td-pulldown-filter-link {\n                color: #777;\n                white-space: nowrap;\n                display: block;\n                line-height: 26px;\n                padding-left: 36px;\n                padding-right: 27px;\n            }\n            .td-block-title-wrap .td-wrapper-pulldown-filter .td-pulldown-filter-link:hover {\n                color: #4db2ec;\n            }\n            @media (min-width: 768px) and (max-width: 1018px) {\n                .td-pb-span4 .td-block-title-wrap .td-wrapper-pulldown-filter .td-pulldown-filter-display-option span {\n                    display: none;\n                }\n                .td-pb-span4 .td-block-title-wrap .td-wrapper-pulldown-filter .td-pulldown-filter-link {\n                    padding-left: 24px;\n                    padding-right: 20px !important;\n                }\n            }\n            @-moz-document url-prefix() {\n                .td-pulldown-syle-default .td-subcat-more,\n                .td-pulldown-syle-default .td-subcat-list {\n                    position: relative;\n                    top: -1px;\n                }\n            }\n            .td-pulldown-syle-2 {\n                top: 0;\n            }\n            .td-pulldown-syle-2 .td-subcat-dropdown ul {\n                padding: 20px 0;\n                margin-top: 0;\n            }\n            .td-pulldown-syle-2 .td-subcat-dropdown ul:after {\n                content: '';\n                position: absolute;\n                width: calc(100% + 2px);\n                height: 3px;\n                top: 0;\n                left: -1px;\n                background-color: #4db2ec;\n            }\n            .td-pulldown-syle-2 .td-subcat-dropdown a {\n                padding-left: 40px;\n                padding-right: 31px;\n            }\n            .td-pulldown-syle-2 .td-subcat-dropdown:hover .td-subcat-more {\n                background-color: transparent !important;\n            }\n            .td-pulldown-syle-2 .td-subcat-dropdown:hover .td-subcat-more span,\n            .td-pulldown-syle-2 .td-subcat-dropdown:hover .td-subcat-more i {\n                color: #4db2ec;\n            }\n            .td-pulldown-syle-2 .td-subcat-dropdown .td-subcat-more {\n                margin-left: 9px;\n                margin-bottom: 8px; \/\/ this align the dropdown list\n            }\n            .td-pulldown-syle-2 .td-subcat-list .td-subcat-item {\n                margin-left: 24px;\n            }\n            .td-pulldown-syle-3 {\n                top: 0;\n            }\n            .td-pulldown-syle-3 .td-subcat-dropdown ul {\n                padding: 15px 0;\n                margin-top: -1px;\n                border-width: 1px;\n            }\n            .td-pulldown-syle-3 .td-subcat-dropdown a {\n                padding-left: 40px;\n                padding-right: 31px;\n            }\n            .td-pulldown-syle-3 .td-subcat-dropdown &:hover .td-subcat-more {\n                background-color: transparent !important;\n            }\n            .td-pulldown-syle-3 .td-subcat-dropdown &:hover .td-subcat-more span,\n            .td-pulldown-syle-3 .td-subcat-dropdown &:hover .td-subcat-more i {\n                color: #4db2ec;\n            }\n            .td-pulldown-syle-3 .td-subcat-dropdown .td-subcat-more {\n                margin-left: 9px;\n                margin-bottom: 8px; \/\/ this align the dropdown list\n            }\n            .td-pulldown-syle-3 .td-subcat-list .td-subcat-item {\n                margin-left: 24px;\n            }\n            \n            \n\n            \n            .td-theme-wrap .tdi_16_1fa .td-pulldown-filter-link:hover,\n            .td-theme-wrap .tdi_16_1fa .td-subcat-item a:hover,\n            .td-theme-wrap .tdi_16_1fa .td-subcat-item .td-cur-simple-item {\n                color: #dd3333;\n            }\n\n            .td-theme-wrap .tdi_16_1fa .block-title > *,\n            .td-theme-wrap .tdi_16_1fa .td-subcat-dropdown:hover .td-subcat-more {\n                background-color: #dd3333;\n            }\n            .td-theme-wrap .td-footer-wrapper .tdi_16_1fa .block-title > * {\n                padding: 6px 7px 5px;\n                line-height: 1;\n            }\n\n            .td-theme-wrap .tdi_16_1fa .block-title {\n                border-color: #dd3333;\n            }\n\n            \n            .td-theme-wrap .tdi_16_1fa .td_module_wrap:hover .entry-title a,\n            .td-theme-wrap .tdi_16_1fa .td_quote_on_blocks,\n            .td-theme-wrap .tdi_16_1fa .td-opacity-cat .td-post-category:hover,\n            .td-theme-wrap .tdi_16_1fa .td-opacity-read .td-read-more a:hover,\n            .td-theme-wrap .tdi_16_1fa .td-opacity-author .td-post-author-name a:hover,\n            .td-theme-wrap .tdi_16_1fa .td-instagram-user a {\n                color: #dd3333;\n            }\n\n            .td-theme-wrap .tdi_16_1fa .td-next-prev-wrap a:hover,\n            .td-theme-wrap .tdi_16_1fa .td-load-more-wrap a:hover {\n                background-color: #dd3333;\n                border-color: #dd3333;\n            }\n\n            .td-theme-wrap .tdi_16_1fa .td-read-more a,\n            .td-theme-wrap .tdi_16_1fa .td-weather-information:before,\n            .td-theme-wrap .tdi_16_1fa .td-weather-week:before,\n            .td-theme-wrap .tdi_16_1fa .td-exchange-header:before,\n            .td-theme-wrap .td-footer-wrapper .tdi_16_1fa .td-post-category,\n            .td-theme-wrap .tdi_16_1fa .td-post-category:hover {\n                background-color: #dd3333;\n            }\n<\/style><script>var block_tdi_16_1fa = new tdBlock();\nblock_tdi_16_1fa.id = \"tdi_16_1fa\";\nblock_tdi_16_1fa.atts = '{\"custom_title\":\"Pol\\u00edtica\",\"header_color\":\"#dd3333\",\"category_id\":\"10\",\"tag_slug\":\"vxl150\",\"limit\":\"10\",\"td_filter_default_txt\":\"Todo\",\"block_type\":\"td_block_21\",\"separator\":\"\",\"custom_url\":\"\",\"block_template_id\":\"\",\"m16_tl\":\"\",\"m16_el\":\"\",\"post_ids\":\"\",\"category_ids\":\"\",\"autors_id\":\"\",\"installed_post_types\":\"\",\"sort\":\"\",\"offset\":\"\",\"show_modified_date\":\"\",\"el_class\":\"\",\"td_ajax_filter_type\":\"\",\"td_ajax_filter_ids\":\"\",\"td_ajax_preloading\":\"\",\"f_header_font_header\":\"\",\"f_header_font_title\":\"Block header\",\"f_header_font_settings\":\"\",\"f_header_font_family\":\"\",\"f_header_font_size\":\"\",\"f_header_font_line_height\":\"\",\"f_header_font_style\":\"\",\"f_header_font_weight\":\"\",\"f_header_font_transform\":\"\",\"f_header_font_spacing\":\"\",\"f_header_\":\"\",\"f_ajax_font_title\":\"Ajax categories\",\"f_ajax_font_settings\":\"\",\"f_ajax_font_family\":\"\",\"f_ajax_font_size\":\"\",\"f_ajax_font_line_height\":\"\",\"f_ajax_font_style\":\"\",\"f_ajax_font_weight\":\"\",\"f_ajax_font_transform\":\"\",\"f_ajax_font_spacing\":\"\",\"f_ajax_\":\"\",\"f_more_font_title\":\"Load more button\",\"f_more_font_settings\":\"\",\"f_more_font_family\":\"\",\"f_more_font_size\":\"\",\"f_more_font_line_height\":\"\",\"f_more_font_style\":\"\",\"f_more_font_weight\":\"\",\"f_more_font_transform\":\"\",\"f_more_font_spacing\":\"\",\"f_more_\":\"\",\"m16f_title_font_header\":\"\",\"m16f_title_font_title\":\"Article title\",\"m16f_title_font_settings\":\"\",\"m16f_title_font_family\":\"\",\"m16f_title_font_size\":\"\",\"m16f_title_font_line_height\":\"\",\"m16f_title_font_style\":\"\",\"m16f_title_font_weight\":\"\",\"m16f_title_font_transform\":\"\",\"m16f_title_font_spacing\":\"\",\"m16f_title_\":\"\",\"m16f_cat_font_title\":\"Article category tag\",\"m16f_cat_font_settings\":\"\",\"m16f_cat_font_family\":\"\",\"m16f_cat_font_size\":\"\",\"m16f_cat_font_line_height\":\"\",\"m16f_cat_font_style\":\"\",\"m16f_cat_font_weight\":\"\",\"m16f_cat_font_transform\":\"\",\"m16f_cat_font_spacing\":\"\",\"m16f_cat_\":\"\",\"m16f_meta_font_title\":\"Article meta info\",\"m16f_meta_font_settings\":\"\",\"m16f_meta_font_family\":\"\",\"m16f_meta_font_size\":\"\",\"m16f_meta_font_line_height\":\"\",\"m16f_meta_font_style\":\"\",\"m16f_meta_font_weight\":\"\",\"m16f_meta_font_transform\":\"\",\"m16f_meta_font_spacing\":\"\",\"m16f_meta_\":\"\",\"m16f_ex_font_title\":\"Article excerpt\",\"m16f_ex_font_settings\":\"\",\"m16f_ex_font_family\":\"\",\"m16f_ex_font_size\":\"\",\"m16f_ex_font_line_height\":\"\",\"m16f_ex_font_style\":\"\",\"m16f_ex_font_weight\":\"\",\"m16f_ex_font_transform\":\"\",\"m16f_ex_font_spacing\":\"\",\"m16f_ex_\":\"\",\"ajax_pagination\":\"\",\"ajax_pagination_infinite_stop\":\"\",\"css\":\"\",\"tdc_css\":\"\",\"td_column_number\":2,\"color_preset\":\"\",\"border_top\":\"\",\"class\":\"tdi_16_1fa\",\"tdc_css_class\":\"tdi_16_1fa\",\"tdc_css_class_style\":\"tdi_16_1fa_rand_style\"}';\nblock_tdi_16_1fa.td_column_number = \"2\";\nblock_tdi_16_1fa.block_type = \"td_block_21\";\nblock_tdi_16_1fa.post_count = \"10\";\nblock_tdi_16_1fa.found_posts = \"21\";\nblock_tdi_16_1fa.header_color = \"#dd3333\";\nblock_tdi_16_1fa.ajax_pagination_infinite_stop = \"\";\nblock_tdi_16_1fa.max_num_pages = \"3\";\ntdBlocksArray.push(block_tdi_16_1fa);\n<\/script><div class=\"td-block-title-wrap\"><h4 class=\"block-title td-block-title\"><span class=\"td-pulldown-size\">Pol\u00edtica<\/span><\/h4><\/div><div id=tdi_16_1fa class=\"td_block_inner\">\n        <div class=\"td_module_16 td_module_wrap td-animation-stack\">\n            <div class=\"td-module-thumb\"><a href=\"https:\/\/vamosporlaliberacion.org\/crpmlm\/el-plan-argentina-sin-hambre\/\" rel=\"bookmark\" class=\"td-image-wrap \" title=\"El Plan \u201cArgentina sin hambre\u201d\" ><img loading=\"lazy\" decoding=\"async\" class=\"entry-thumb\" src=\"\" alt=\"\" title=\"El Plan \u201cArgentina sin hambre\u201d\" data-type=\"image_tag\" data-img-url=\"https:\/\/i0.wp.com\/vamosporlaliberacion.org\/crpmlm\/wp-content\/uploads\/2019\/10\/vxl150-argentinasinhambre.png?resize=150%2C150&ssl=1\"  width=\"150\" height=\"150\" \/><\/a><\/div>\n            <div class=\"item-details\">\n                <h3 class=\"entry-title td-module-title\"><a href=\"https:\/\/vamosporlaliberacion.org\/crpmlm\/el-plan-argentina-sin-hambre\/\" rel=\"bookmark\" title=\"El Plan \u201cArgentina sin hambre\u201d\">El Plan \u201cArgentina sin hambre\u201d<\/a><\/h3>\n                <div class=\"td-module-meta-info\">\n                                        <span class=\"td-post-author-name\"><a href=\"https:\/\/vamosporlaliberacion.org\/crpmlm\/author\/adminvxl\/\">vamos!<\/a> <span>-<\/span> <\/span>                    <span class=\"td-post-date\"><time class=\"entry-date updated td-module-date\" datetime=\"2019-10-11T16:06:37-03:00\" >11 octubre, 2019<\/time><\/span>                    <span class=\"td-module-comments\"><a href=\"https:\/\/vamosporlaliberacion.org\/crpmlm\/el-plan-argentina-sin-hambre\/#respond\">0<\/a><\/span>                <\/div>\n\n                <div class=\"td-excerpt\">\n                    De lo explicado y lo que se conoce, anuncian un plan que no se reduce a paliar el hambre en los hogares argentinos, parando...                <\/div>\n            <\/div>\n\n        <\/div>\n\n        \n        <div class=\"td_module_16 td_module_wrap td-animation-stack\">\n            <div class=\"td-module-thumb\"><a href=\"https:\/\/vamosporlaliberacion.org\/crpmlm\/la-unidad-del-movimiento-obrero-que-unidad-cuando-para-que\/\" rel=\"bookmark\" class=\"td-image-wrap \" title=\"La unidad del movimiento obrero: \u00bfqu\u00e9 unidad, cu\u00e1ndo, para qu\u00e9?\" ><img loading=\"lazy\" decoding=\"async\" class=\"entry-thumb\" src=\"\" alt=\"\" title=\"La unidad del movimiento obrero: \u00bfqu\u00e9 unidad, cu\u00e1ndo, para qu\u00e9?\" data-type=\"image_tag\" data-img-url=\"https:\/\/i0.wp.com\/vamosporlaliberacion.org\/crpmlm\/wp-content\/uploads\/2019\/10\/vxl150-mielcitas.png?resize=150%2C150&ssl=1\"  width=\"150\" height=\"150\" \/><\/a><\/div>\n            <div class=\"item-details\">\n                <h3 class=\"entry-title td-module-title\"><a href=\"https:\/\/vamosporlaliberacion.org\/crpmlm\/la-unidad-del-movimiento-obrero-que-unidad-cuando-para-que\/\" rel=\"bookmark\" title=\"La unidad del movimiento obrero: \u00bfqu\u00e9 unidad, cu\u00e1ndo, para qu\u00e9?\">La unidad del movimiento obrero: \u00bfqu\u00e9 unidad, cu\u00e1ndo, para qu\u00e9?<\/a><\/h3>\n                <div class=\"td-module-meta-info\">\n                                        <span class=\"td-post-author-name\"><a href=\"https:\/\/vamosporlaliberacion.org\/crpmlm\/author\/adminvxl\/\">vamos!<\/a> <span>-<\/span> <\/span>                    <span class=\"td-post-date\"><time class=\"entry-date updated td-module-date\" datetime=\"2019-10-11T15:59:47-03:00\" >11 octubre, 2019<\/time><\/span>                    <span class=\"td-module-comments\"><a href=\"https:\/\/vamosporlaliberacion.org\/crpmlm\/la-unidad-del-movimiento-obrero-que-unidad-cuando-para-que\/#respond\">0<\/a><\/span>                <\/div>\n\n                <div class=\"td-excerpt\">\n                    La unidad es para los trabajadores\/as una necesidad hondamente vital, puesto que sin ella no pueden hacer frente de manera efectiva a los voraces...                <\/div>\n            <\/div>\n\n        <\/div>\n\n        \n        <div class=\"td_module_16 td_module_wrap td-animation-stack\">\n            <div class=\"td-module-thumb\"><a href=\"https:\/\/vamosporlaliberacion.org\/crpmlm\/cipolletti-presentacion-del-mp-liberacion\/\" rel=\"bookmark\" class=\"td-image-wrap \" title=\"Cipolletti: presentaci\u00f3n del MP Liberaci\u00f3n\" ><img loading=\"lazy\" decoding=\"async\" class=\"entry-thumb\" src=\"\" alt=\"\" title=\"Cipolletti: presentaci\u00f3n del MP Liberaci\u00f3n\" data-type=\"image_tag\" data-img-url=\"https:\/\/i0.wp.com\/vamosporlaliberacion.org\/crpmlm\/wp-content\/uploads\/2019\/10\/vxl150-mplcipolleti.png?resize=150%2C150&ssl=1\"  width=\"150\" height=\"150\" \/><\/a><\/div>\n            <div class=\"item-details\">\n                <h3 class=\"entry-title td-module-title\"><a href=\"https:\/\/vamosporlaliberacion.org\/crpmlm\/cipolletti-presentacion-del-mp-liberacion\/\" rel=\"bookmark\" title=\"Cipolletti: presentaci\u00f3n del MP Liberaci\u00f3n\">Cipolletti: presentaci\u00f3n del MP Liberaci\u00f3n<\/a><\/h3>\n                <div class=\"td-module-meta-info\">\n                                        <span class=\"td-post-author-name\"><a href=\"https:\/\/vamosporlaliberacion.org\/crpmlm\/author\/adminvxl\/\">vamos!<\/a> <span>-<\/span> <\/span>                    <span class=\"td-post-date\"><time class=\"entry-date updated td-module-date\" datetime=\"2019-10-11T15:55:47-03:00\" >11 octubre, 2019<\/time><\/span>                    <span class=\"td-module-comments\"><a href=\"https:\/\/vamosporlaliberacion.org\/crpmlm\/cipolletti-presentacion-del-mp-liberacion\/#respond\">0<\/a><\/span>                <\/div>\n\n                <div class=\"td-excerpt\">\n                    El pasado viernes 4 de octubre, entre mates y empanadas matizadas con la guitarra y la c\u00e1lida voz de un compa\u00f1ero mapuche, el MPL...                <\/div>\n            <\/div>\n\n        <\/div>\n\n        \n        <div class=\"td_module_16 td_module_wrap td-animation-stack\">\n            <div class=\"td-module-thumb\"><a href=\"https:\/\/vamosporlaliberacion.org\/crpmlm\/34o-encuentro-nacional-de-mujeres\/\" rel=\"bookmark\" class=\"td-image-wrap \" title=\"34\u00ba Encuentro Nacional de Mujeres\" ><img loading=\"lazy\" decoding=\"async\" class=\"entry-thumb\" src=\"\" alt=\"\" title=\"34\u00ba Encuentro Nacional de Mujeres\" data-type=\"image_tag\" data-img-url=\"https:\/\/i0.wp.com\/vamosporlaliberacion.org\/crpmlm\/wp-content\/uploads\/2019\/10\/vxl150-34enm.png?resize=150%2C150&ssl=1\"  width=\"150\" height=\"150\" \/><\/a><\/div>\n            <div class=\"item-details\">\n                <h3 class=\"entry-title td-module-title\"><a href=\"https:\/\/vamosporlaliberacion.org\/crpmlm\/34o-encuentro-nacional-de-mujeres\/\" rel=\"bookmark\" title=\"34\u00ba Encuentro Nacional de Mujeres\">34\u00ba Encuentro Nacional de Mujeres<\/a><\/h3>\n                <div class=\"td-module-meta-info\">\n                                        <span class=\"td-post-author-name\"><a href=\"https:\/\/vamosporlaliberacion.org\/crpmlm\/author\/adminvxl\/\">vamos!<\/a> <span>-<\/span> <\/span>                    <span class=\"td-post-date\"><time class=\"entry-date updated td-module-date\" datetime=\"2019-10-11T14:30:30-03:00\" >11 octubre, 2019<\/time><\/span>                    <span class=\"td-module-comments\"><a href=\"https:\/\/vamosporlaliberacion.org\/crpmlm\/34o-encuentro-nacional-de-mujeres\/#respond\">0<\/a><\/span>                <\/div>\n\n                <div class=\"td-excerpt\">\n                    miles de mujeres, lesbianas, trans y travestis vamos a ser las protagonistas del encuentro m\u00e1s grande de la historia. Los encuentros nacionales de mujeres...                <\/div>\n            <\/div>\n\n        <\/div>\n\n        \n        <div class=\"td_module_16 td_module_wrap td-animation-stack\">\n            <div class=\"td-module-thumb\"><a href=\"https:\/\/vamosporlaliberacion.org\/crpmlm\/misiones-la-violencia-obstetrica-mata-justicia-para-yohana-carvallo\/\" rel=\"bookmark\" class=\"td-image-wrap \" title=\"Misiones: La violencia obst\u00e9trica mata: Justicia para Yohana Carvallo\" ><img loading=\"lazy\" decoding=\"async\" class=\"entry-thumb\" src=\"\" alt=\"\" title=\"Misiones: La violencia obst\u00e9trica mata: Justicia para Yohana Carvallo\" data-type=\"image_tag\" data-img-url=\"https:\/\/i0.wp.com\/vamosporlaliberacion.org\/crpmlm\/wp-content\/uploads\/2019\/10\/vxl150-movilizacionmontecarlo.png?resize=150%2C150&ssl=1\"  width=\"150\" height=\"150\" \/><\/a><\/div>\n            <div class=\"item-details\">\n                <h3 class=\"entry-title td-module-title\"><a href=\"https:\/\/vamosporlaliberacion.org\/crpmlm\/misiones-la-violencia-obstetrica-mata-justicia-para-yohana-carvallo\/\" rel=\"bookmark\" title=\"Misiones: La violencia obst\u00e9trica mata: Justicia para Yohana Carvallo\">Misiones: La violencia obst\u00e9trica mata: Justicia para Yohana Carvallo<\/a><\/h3>\n                <div class=\"td-module-meta-info\">\n                                        <span class=\"td-post-author-name\"><a href=\"https:\/\/vamosporlaliberacion.org\/crpmlm\/author\/adminvxl\/\">vamos!<\/a> <span>-<\/span> <\/span>                    <span class=\"td-post-date\"><time class=\"entry-date updated td-module-date\" datetime=\"2019-10-11T14:12:24-03:00\" >11 octubre, 2019<\/time><\/span>                    <span class=\"td-module-comments\"><a href=\"https:\/\/vamosporlaliberacion.org\/crpmlm\/misiones-la-violencia-obstetrica-mata-justicia-para-yohana-carvallo\/#respond\">0<\/a><\/span>                <\/div>\n\n                <div class=\"td-excerpt\">\n                    El calvario de Yohana empez\u00f3 cuatro d\u00edas antes de su muerte. Concurri\u00f3 al hospital p\u00fablico a causa de las contracciones y dolores propios del...                <\/div>\n            <\/div>\n\n        <\/div>\n\n        \n        <div class=\"td_module_16 td_module_wrap td-animation-stack\">\n            <div class=\"td-module-thumb\"><a href=\"https:\/\/vamosporlaliberacion.org\/crpmlm\/taller-de-soldadura-para-mujeres-derribando-mitos\/\" rel=\"bookmark\" class=\"td-image-wrap \" title=\"Taller de Soldadura para Mujeres: derribando mitos\" ><img loading=\"lazy\" decoding=\"async\" class=\"entry-thumb\" src=\"\" alt=\"\" title=\"Taller de Soldadura para Mujeres: derribando mitos\" data-type=\"image_tag\" data-img-url=\"https:\/\/i0.wp.com\/vamosporlaliberacion.org\/crpmlm\/wp-content\/uploads\/2019\/10\/hqdefault-1.jpg?resize=150%2C150&ssl=1\"  width=\"150\" height=\"150\" \/><span class=\"td-video-play-ico\"><i class=\"td-icon-video-thumb-play\"><\/i><\/span><\/a><\/div>\n            <div class=\"item-details\">\n                <h3 class=\"entry-title td-module-title\"><a href=\"https:\/\/vamosporlaliberacion.org\/crpmlm\/taller-de-soldadura-para-mujeres-derribando-mitos\/\" rel=\"bookmark\" title=\"Taller de Soldadura para Mujeres: derribando mitos\">Taller de Soldadura para Mujeres: derribando mitos<\/a><\/h3>\n                <div class=\"td-module-meta-info\">\n                                        <span class=\"td-post-author-name\"><a href=\"https:\/\/vamosporlaliberacion.org\/crpmlm\/author\/adminvxl\/\">vamos!<\/a> <span>-<\/span> <\/span>                    <span class=\"td-post-date\"><time class=\"entry-date updated td-module-date\" datetime=\"2019-10-11T14:11:59-03:00\" >11 octubre, 2019<\/time><\/span>                    <span class=\"td-module-comments\"><a href=\"https:\/\/vamosporlaliberacion.org\/crpmlm\/taller-de-soldadura-para-mujeres-derribando-mitos\/#respond\">0<\/a><\/span>                <\/div>\n\n                <div class=\"td-excerpt\">\n                    De la mano de la herrera, artista y activista feminista y contra la violencia hacia mujeres y ni\u00f1os, Olga Corrales, se viene desarrollando un...                <\/div>\n            <\/div>\n\n        <\/div>\n\n        \n        <div class=\"td_module_16 td_module_wrap td-animation-stack\">\n            <div class=\"td-module-thumb\"><a href=\"https:\/\/vamosporlaliberacion.org\/crpmlm\/poner-el-cuerpo-las-docentes-de-chubut\/\" rel=\"bookmark\" class=\"td-image-wrap \" title=\"Poner el cuerpo: las docentes de Chubut\" ><img loading=\"lazy\" decoding=\"async\" class=\"entry-thumb\" src=\"\" alt=\"\" title=\"Poner el cuerpo: las docentes de Chubut\" data-type=\"image_tag\" data-img-url=\"https:\/\/i0.wp.com\/vamosporlaliberacion.org\/crpmlm\/wp-content\/uploads\/2019\/10\/vxl150-chubut.png?resize=150%2C150&ssl=1\"  width=\"150\" height=\"150\" \/><\/a><\/div>\n            <div class=\"item-details\">\n                <h3 class=\"entry-title td-module-title\"><a href=\"https:\/\/vamosporlaliberacion.org\/crpmlm\/poner-el-cuerpo-las-docentes-de-chubut\/\" rel=\"bookmark\" title=\"Poner el cuerpo: las docentes de Chubut\">Poner el cuerpo: las docentes de Chubut<\/a><\/h3>\n                <div class=\"td-module-meta-info\">\n                                        <span class=\"td-post-author-name\"><a href=\"https:\/\/vamosporlaliberacion.org\/crpmlm\/author\/adminvxl\/\">vamos!<\/a> <span>-<\/span> <\/span>                    <span class=\"td-post-date\"><time class=\"entry-date updated td-module-date\" datetime=\"2019-10-11T13:49:50-03:00\" >11 octubre, 2019<\/time><\/span>                    <span class=\"td-module-comments\"><a href=\"https:\/\/vamosporlaliberacion.org\/crpmlm\/poner-el-cuerpo-las-docentes-de-chubut\/#respond\">0<\/a><\/span>                <\/div>\n\n                <div class=\"td-excerpt\">\n                    La docencia en la Argentina es una tarea que, desde el imaginario, es fuertemente femenina. Pero no s\u00f3lo lo es en el imaginario, sino...                <\/div>\n            <\/div>\n\n        <\/div>\n\n        \n        <div class=\"td_module_16 td_module_wrap td-animation-stack\">\n            <div class=\"td-module-thumb\"><a href=\"https:\/\/vamosporlaliberacion.org\/crpmlm\/la-rebelion-de-las-flores-nativas\/\" rel=\"bookmark\" class=\"td-image-wrap \" title=\"La rebeli\u00f3n de  las flores nativas\" ><img loading=\"lazy\" decoding=\"async\" class=\"entry-thumb\" src=\"\" alt=\"\" title=\"La rebeli\u00f3n de  las flores nativas\" data-type=\"image_tag\" data-img-url=\"https:\/\/i0.wp.com\/vamosporlaliberacion.org\/crpmlm\/wp-content\/uploads\/2019\/10\/vxl150-ocupacionmininterior2.png?resize=150%2C150&ssl=1\"  width=\"150\" height=\"150\" \/><\/a><\/div>\n            <div class=\"item-details\">\n                <h3 class=\"entry-title td-module-title\"><a href=\"https:\/\/vamosporlaliberacion.org\/crpmlm\/la-rebelion-de-las-flores-nativas\/\" rel=\"bookmark\" title=\"La rebeli\u00f3n de  las flores nativas\">La rebeli\u00f3n de  las flores nativas<\/a><\/h3>\n                <div class=\"td-module-meta-info\">\n                                        <span class=\"td-post-author-name\"><a href=\"https:\/\/vamosporlaliberacion.org\/crpmlm\/author\/adminvxl\/\">vamos!<\/a> <span>-<\/span> <\/span>                    <span class=\"td-post-date\"><time class=\"entry-date updated td-module-date\" datetime=\"2019-10-11T13:40:36-03:00\" >11 octubre, 2019<\/time><\/span>                    <span class=\"td-module-comments\"><a href=\"https:\/\/vamosporlaliberacion.org\/crpmlm\/la-rebelion-de-las-flores-nativas\/#respond\">0<\/a><\/span>                <\/div>\n\n                <div class=\"td-excerpt\">\n                    Mujeres ind\u00edgenas de diversas naciones ind\u00edgenas de manera autoconvocadas ocuparon el Ministerio del Interior exigiendo ser recibidas por el Ministro Rogelio Frigerio.\r\n\r\nReproducimos la gacetilla...                <\/div>\n            <\/div>\n\n        <\/div>\n\n        \n        <div class=\"td_module_16 td_module_wrap td-animation-stack\">\n            <div class=\"td-module-thumb\"><a href=\"https:\/\/vamosporlaliberacion.org\/crpmlm\/una-medida-para-criminalizar-a-los-trabajadores\/\" rel=\"bookmark\" class=\"td-image-wrap \" title=\"Una medida para criminalizar a los trabajadores\" ><img loading=\"lazy\" decoding=\"async\" class=\"entry-thumb\" src=\"\" alt=\"\" title=\"Una medida para criminalizar a los trabajadores\" data-type=\"image_tag\" data-img-url=\"https:\/\/i0.wp.com\/vamosporlaliberacion.org\/crpmlm\/wp-content\/uploads\/2019\/10\/vxl150-operativo.png?resize=150%2C150&ssl=1\"  width=\"150\" height=\"150\" \/><\/a><\/div>\n            <div class=\"item-details\">\n                <h3 class=\"entry-title td-module-title\"><a href=\"https:\/\/vamosporlaliberacion.org\/crpmlm\/una-medida-para-criminalizar-a-los-trabajadores\/\" rel=\"bookmark\" title=\"Una medida para criminalizar a los trabajadores\">Una medida para criminalizar a los trabajadores<\/a><\/h3>\n                <div class=\"td-module-meta-info\">\n                                        <span class=\"td-post-author-name\"><a href=\"https:\/\/vamosporlaliberacion.org\/crpmlm\/author\/adminvxl\/\">vamos!<\/a> <span>-<\/span> <\/span>                    <span class=\"td-post-date\"><time class=\"entry-date updated td-module-date\" datetime=\"2019-10-11T13:29:15-03:00\" >11 octubre, 2019<\/time><\/span>                    <span class=\"td-module-comments\"><a href=\"https:\/\/vamosporlaliberacion.org\/crpmlm\/una-medida-para-criminalizar-a-los-trabajadores\/#respond\">0<\/a><\/span>                <\/div>\n\n                <div class=\"td-excerpt\">\n                    La Ministra de Seguridad cre\u00f3 el programa \u201cOfensores de Trenes\u201d, bajo el pretexto de que ser\u00e1 una herramienta \u00fatil para prevenir \u201cdelitos en el...                <\/div>\n            <\/div>\n\n        <\/div>\n\n        \n        <div class=\"td_module_16 td_module_wrap td-animation-stack\">\n            <div class=\"td-module-thumb\"><a href=\"https:\/\/vamosporlaliberacion.org\/crpmlm\/elecciones-en-unter\/\" rel=\"bookmark\" class=\"td-image-wrap \" title=\"Elecciones en UNTER\" ><img loading=\"lazy\" decoding=\"async\" class=\"entry-thumb\" src=\"\" alt=\"\" title=\"Elecciones en UNTER\" data-type=\"image_tag\" data-img-url=\"https:\/\/i0.wp.com\/vamosporlaliberacion.org\/crpmlm\/wp-content\/uploads\/2019\/10\/vxl150-docentesunter.png?resize=150%2C150&ssl=1\"  width=\"150\" height=\"150\" \/><\/a><\/div>\n            <div class=\"item-details\">\n                <h3 class=\"entry-title td-module-title\"><a href=\"https:\/\/vamosporlaliberacion.org\/crpmlm\/elecciones-en-unter\/\" rel=\"bookmark\" title=\"Elecciones en UNTER\">Elecciones en UNTER<\/a><\/h3>\n                <div class=\"td-module-meta-info\">\n                                        <span class=\"td-post-author-name\"><a href=\"https:\/\/vamosporlaliberacion.org\/crpmlm\/author\/adminvxl\/\">vamos!<\/a> <span>-<\/span> <\/span>                    <span class=\"td-post-date\"><time class=\"entry-date updated td-module-date\" datetime=\"2019-10-11T12:24:53-03:00\" >11 octubre, 2019<\/time><\/span>                    <span class=\"td-module-comments\"><a href=\"https:\/\/vamosporlaliberacion.org\/crpmlm\/elecciones-en-unter\/#respond\">0<\/a><\/span>                <\/div>\n\n                <div class=\"td-excerpt\">\n                    El 2 de octubre se llevaron a cabo las elecciones del gremio docente, ganando con amplitud la actual conducci\u00f3n Azul-Arancibia, aliada del gobernador Weretilneck...                <\/div>\n            <\/div>\n\n        <\/div>\n\n        <\/div><\/div> <!-- .\/block --><div class=\"td_block_wrap td_block_21 tdi_17_282 td-pb-border-top td_block_template_1 td-column-2\"  data-td-block-uid=\"tdi_17_282\" >\n<style>\n.td_block_template_2.widget > ul > li,\n            .td_block_template_6.widget > ul > li,\n            .td_block_template_8.widget > ul > li,\n            .td_block_template_9.widget > ul > li,\n            .td_block_template_10.widget > ul > li,\n            .td_block_template_11.widget > ul > li,\n            .td_block_template_12.widget > ul > li,\n            .td_block_template_13.widget > ul > li,\n            .td_block_template_14.widget > ul > li,\n            .td_block_template_15.widget > ul > li,\n            .td_block_template_16.widget > ul > li,\n            .td_block_template_17.widget > ul > li {\n                margin-left: 0 !important;\n            }\n            .global-block-template-12 .td-comments-title span,\n            .global-block-template-13 .td-comments-title span {\n                margin-left: 0 !important;\n                font-size: 20px;\n            }\n            @media (max-width: 767px) {\n                .global-block-template-12 .td-comments-title span,\n                .global-block-template-13 .td-comments-title span {\n                    font-size: 15px;\n                }\n            }\n            .td-block-title-wrap .td-wrapper-pulldown-filter {\n                font-family: 'Roboto', sans-serif;\n                position: absolute;\n                bottom: 0;\n                right: 0;\n                top: 0;\n                margin: auto 0;\n                z-index: 2;\n                background-color: #fff;\n                font-size: 13px;\n                line-height: 1;\n                color: #777;\n                text-align: right;\n            }\n            .td-block-title-wrap .td-wrapper-pulldown-filter .td-pulldown-filter-display-option {\n                cursor: pointer;\n                white-space: nowrap;\n                position: relative;\n                line-height: 29px;\n            }\n            .td-block-title-wrap .td-wrapper-pulldown-filter .td-pulldown-filter-display-option i {\n                font-size: 9px;\n                color: #777;\n                margin-left: 20px;\n                margin-right: 10px;\n            }\n            .td-block-title-wrap .td-wrapper-pulldown-filter .td-pulldown-filter-display-option i:before {\n                content: '\\e83d';\n            }\n            .td-block-title-wrap .td-wrapper-pulldown-filter .td-pulldown-filter-display-option span {\n                padding-left: 20px;\n                margin-right: -14px;\n            }\n            @media (max-width: 360px) {\n                .td-block-title-wrap .td-wrapper-pulldown-filter .td-pulldown-filter-display-option span {\n                    display: none;\n                }\n            }\n            .td-block-title-wrap .td-wrapper-pulldown-filter .td-pulldown-filter-display-option:hover {\n                color: #4db2ec;\n            }\n            .td-block-title-wrap .td-wrapper-pulldown-filter .td-pulldown-filter-display-option:hover i {\n                color: #4db2ec;\n            }\n            .td-block-title-wrap .td-wrapper-pulldown-filter .td-pulldown-filter-display-option:hover ul {\n                display: block;\n            }\n            .td-block-title-wrap .td-wrapper-pulldown-filter .td-pulldown-filter-list {\n                list-style: none;\n                position: absolute;\n                right: 0;\n                top: 100%;\n                padding: 18px 0;\n                background-color: rgb(255, 255, 255);\n                background-color: rgba(255, 255, 255, 0.95);\n                z-index: 999;\n                border-width: 1px;\n                border-color: #ededed;\n                border-style: solid;\n                display: none;\n                margin: 0;\n            }\n            .td-block-title-wrap .td-wrapper-pulldown-filter .td-pulldown-filter-item {\n                list-style: none;\n                margin: 0;\n            }\n            .td-block-title-wrap .td-wrapper-pulldown-filter .td-pulldown-filter-item .td-cur-simple-item {\n                color: #4db2ec;\n            }\n            .td-block-title-wrap .td-wrapper-pulldown-filter .td-pulldown-more {\n                padding-bottom: 10px;\n            }\n            .td-block-title-wrap .td-wrapper-pulldown-filter .td-pulldown-more:before {\n                content: '';\n                width: 70px;\n                height: 100%;\n                position: absolute;\n                margin-top: 2px;\n                top: 0;\n                right: 0;\n                z-index: 1;\n                opacity: 0;\n            }\n            .td-block-title-wrap .td-wrapper-pulldown-filter .td-pulldown-filter-link {\n                color: #777;\n                white-space: nowrap;\n                display: block;\n                line-height: 26px;\n                padding-left: 36px;\n                padding-right: 27px;\n            }\n            .td-block-title-wrap .td-wrapper-pulldown-filter .td-pulldown-filter-link:hover {\n                color: #4db2ec;\n            }\n            @media (min-width: 768px) and (max-width: 1018px) {\n                .td-pb-span4 .td-block-title-wrap .td-wrapper-pulldown-filter .td-pulldown-filter-display-option span {\n                    display: none;\n                }\n                .td-pb-span4 .td-block-title-wrap .td-wrapper-pulldown-filter .td-pulldown-filter-link {\n                    padding-left: 24px;\n                    padding-right: 20px !important;\n                }\n            }\n            @-moz-document url-prefix() {\n                .td-pulldown-syle-default .td-subcat-more,\n                .td-pulldown-syle-default .td-subcat-list {\n                    position: relative;\n                    top: -1px;\n                }\n            }\n            .td-pulldown-syle-2 {\n                top: 0;\n            }\n            .td-pulldown-syle-2 .td-subcat-dropdown ul {\n                padding: 20px 0;\n                margin-top: 0;\n            }\n            .td-pulldown-syle-2 .td-subcat-dropdown ul:after {\n                content: '';\n                position: absolute;\n                width: calc(100% + 2px);\n                height: 3px;\n                top: 0;\n                left: -1px;\n                background-color: #4db2ec;\n            }\n            .td-pulldown-syle-2 .td-subcat-dropdown a {\n                padding-left: 40px;\n                padding-right: 31px;\n            }\n            .td-pulldown-syle-2 .td-subcat-dropdown:hover .td-subcat-more {\n                background-color: transparent !important;\n            }\n            .td-pulldown-syle-2 .td-subcat-dropdown:hover .td-subcat-more span,\n            .td-pulldown-syle-2 .td-subcat-dropdown:hover .td-subcat-more i {\n                color: #4db2ec;\n            }\n            .td-pulldown-syle-2 .td-subcat-dropdown .td-subcat-more {\n                margin-left: 9px;\n                margin-bottom: 8px; \/\/ this align the dropdown list\n            }\n            .td-pulldown-syle-2 .td-subcat-list .td-subcat-item {\n                margin-left: 24px;\n            }\n            .td-pulldown-syle-3 {\n                top: 0;\n            }\n            .td-pulldown-syle-3 .td-subcat-dropdown ul {\n                padding: 15px 0;\n                margin-top: -1px;\n                border-width: 1px;\n            }\n            .td-pulldown-syle-3 .td-subcat-dropdown a {\n                padding-left: 40px;\n                padding-right: 31px;\n            }\n            .td-pulldown-syle-3 .td-subcat-dropdown &:hover .td-subcat-more {\n                background-color: transparent !important;\n            }\n            .td-pulldown-syle-3 .td-subcat-dropdown &:hover .td-subcat-more span,\n            .td-pulldown-syle-3 .td-subcat-dropdown &:hover .td-subcat-more i {\n                color: #4db2ec;\n            }\n            .td-pulldown-syle-3 .td-subcat-dropdown .td-subcat-more {\n                margin-left: 9px;\n                margin-bottom: 8px; \/\/ this align the dropdown list\n            }\n            .td-pulldown-syle-3 .td-subcat-list .td-subcat-item {\n                margin-left: 24px;\n            }\n            \n            \n\n            \n            .td-theme-wrap .tdi_17_282 .td-pulldown-filter-link:hover,\n            .td-theme-wrap .tdi_17_282 .td-subcat-item a:hover,\n            .td-theme-wrap .tdi_17_282 .td-subcat-item .td-cur-simple-item {\n                color: #dd3333;\n            }\n\n            .td-theme-wrap .tdi_17_282 .block-title > *,\n            .td-theme-wrap .tdi_17_282 .td-subcat-dropdown:hover .td-subcat-more {\n                background-color: #dd3333;\n            }\n            .td-theme-wrap .td-footer-wrapper .tdi_17_282 .block-title > * {\n                padding: 6px 7px 5px;\n                line-height: 1;\n            }\n\n            .td-theme-wrap .tdi_17_282 .block-title {\n                border-color: #dd3333;\n            }\n\n            \n            .td-theme-wrap .tdi_17_282 .td_module_wrap:hover .entry-title a,\n            .td-theme-wrap .tdi_17_282 .td_quote_on_blocks,\n            .td-theme-wrap .tdi_17_282 .td-opacity-cat .td-post-category:hover,\n            .td-theme-wrap .tdi_17_282 .td-opacity-read .td-read-more a:hover,\n            .td-theme-wrap .tdi_17_282 .td-opacity-author .td-post-author-name a:hover,\n            .td-theme-wrap .tdi_17_282 .td-instagram-user a {\n                color: #dd3333;\n            }\n\n            .td-theme-wrap .tdi_17_282 .td-next-prev-wrap a:hover,\n            .td-theme-wrap .tdi_17_282 .td-load-more-wrap a:hover {\n                background-color: #dd3333;\n                border-color: #dd3333;\n            }\n\n            .td-theme-wrap .tdi_17_282 .td-read-more a,\n            .td-theme-wrap .tdi_17_282 .td-weather-information:before,\n            .td-theme-wrap .tdi_17_282 .td-weather-week:before,\n            .td-theme-wrap .tdi_17_282 .td-exchange-header:before,\n            .td-theme-wrap .td-footer-wrapper .tdi_17_282 .td-post-category,\n            .td-theme-wrap .tdi_17_282 .td-post-category:hover {\n                background-color: #dd3333;\n            }\n<\/style><script>var block_tdi_17_282 = new tdBlock();\nblock_tdi_17_282.id = \"tdi_17_282\";\nblock_tdi_17_282.atts = '{\"custom_title\":\"Mujeres\",\"header_color\":\"#dd3333\",\"category_id\":\"9\",\"tag_slug\":\"vxl150\",\"limit\":\"10\",\"td_filter_default_txt\":\"Todo\",\"block_type\":\"td_block_21\",\"separator\":\"\",\"custom_url\":\"\",\"block_template_id\":\"\",\"m16_tl\":\"\",\"m16_el\":\"\",\"post_ids\":\"\",\"category_ids\":\"\",\"autors_id\":\"\",\"installed_post_types\":\"\",\"sort\":\"\",\"offset\":\"\",\"show_modified_date\":\"\",\"el_class\":\"\",\"td_ajax_filter_type\":\"\",\"td_ajax_filter_ids\":\"\",\"td_ajax_preloading\":\"\",\"f_header_font_header\":\"\",\"f_header_font_title\":\"Block header\",\"f_header_font_settings\":\"\",\"f_header_font_family\":\"\",\"f_header_font_size\":\"\",\"f_header_font_line_height\":\"\",\"f_header_font_style\":\"\",\"f_header_font_weight\":\"\",\"f_header_font_transform\":\"\",\"f_header_font_spacing\":\"\",\"f_header_\":\"\",\"f_ajax_font_title\":\"Ajax categories\",\"f_ajax_font_settings\":\"\",\"f_ajax_font_family\":\"\",\"f_ajax_font_size\":\"\",\"f_ajax_font_line_height\":\"\",\"f_ajax_font_style\":\"\",\"f_ajax_font_weight\":\"\",\"f_ajax_font_transform\":\"\",\"f_ajax_font_spacing\":\"\",\"f_ajax_\":\"\",\"f_more_font_title\":\"Load more button\",\"f_more_font_settings\":\"\",\"f_more_font_family\":\"\",\"f_more_font_size\":\"\",\"f_more_font_line_height\":\"\",\"f_more_font_style\":\"\",\"f_more_font_weight\":\"\",\"f_more_font_transform\":\"\",\"f_more_font_spacing\":\"\",\"f_more_\":\"\",\"m16f_title_font_header\":\"\",\"m16f_title_font_title\":\"Article title\",\"m16f_title_font_settings\":\"\",\"m16f_title_font_family\":\"\",\"m16f_title_font_size\":\"\",\"m16f_title_font_line_height\":\"\",\"m16f_title_font_style\":\"\",\"m16f_title_font_weight\":\"\",\"m16f_title_font_transform\":\"\",\"m16f_title_font_spacing\":\"\",\"m16f_title_\":\"\",\"m16f_cat_font_title\":\"Article category tag\",\"m16f_cat_font_settings\":\"\",\"m16f_cat_font_family\":\"\",\"m16f_cat_font_size\":\"\",\"m16f_cat_font_line_height\":\"\",\"m16f_cat_font_style\":\"\",\"m16f_cat_font_weight\":\"\",\"m16f_cat_font_transform\":\"\",\"m16f_cat_font_spacing\":\"\",\"m16f_cat_\":\"\",\"m16f_meta_font_title\":\"Article meta info\",\"m16f_meta_font_settings\":\"\",\"m16f_meta_font_family\":\"\",\"m16f_meta_font_size\":\"\",\"m16f_meta_font_line_height\":\"\",\"m16f_meta_font_style\":\"\",\"m16f_meta_font_weight\":\"\",\"m16f_meta_font_transform\":\"\",\"m16f_meta_font_spacing\":\"\",\"m16f_meta_\":\"\",\"m16f_ex_font_title\":\"Article excerpt\",\"m16f_ex_font_settings\":\"\",\"m16f_ex_font_family\":\"\",\"m16f_ex_font_size\":\"\",\"m16f_ex_font_line_height\":\"\",\"m16f_ex_font_style\":\"\",\"m16f_ex_font_weight\":\"\",\"m16f_ex_font_transform\":\"\",\"m16f_ex_font_spacing\":\"\",\"m16f_ex_\":\"\",\"ajax_pagination\":\"\",\"ajax_pagination_infinite_stop\":\"\",\"css\":\"\",\"tdc_css\":\"\",\"td_column_number\":2,\"color_preset\":\"\",\"border_top\":\"\",\"class\":\"tdi_17_282\",\"tdc_css_class\":\"tdi_17_282\",\"tdc_css_class_style\":\"tdi_17_282_rand_style\"}';\nblock_tdi_17_282.td_column_number = \"2\";\nblock_tdi_17_282.block_type = \"td_block_21\";\nblock_tdi_17_282.post_count = \"10\";\nblock_tdi_17_282.found_posts = \"21\";\nblock_tdi_17_282.header_color = \"#dd3333\";\nblock_tdi_17_282.ajax_pagination_infinite_stop = \"\";\nblock_tdi_17_282.max_num_pages = \"3\";\ntdBlocksArray.push(block_tdi_17_282);\n<\/script><div class=\"td-block-title-wrap\"><h4 class=\"block-title td-block-title\"><span class=\"td-pulldown-size\">Mujeres<\/span><\/h4><\/div><div id=tdi_17_282 class=\"td_block_inner\">\n        <div class=\"td_module_16 td_module_wrap td-animation-stack\">\n            <div class=\"td-module-thumb\"><a href=\"https:\/\/vamosporlaliberacion.org\/crpmlm\/el-plan-argentina-sin-hambre\/\" rel=\"bookmark\" class=\"td-image-wrap \" title=\"El Plan \u201cArgentina sin hambre\u201d\" ><img loading=\"lazy\" decoding=\"async\" class=\"entry-thumb\" src=\"\" alt=\"\" title=\"El Plan \u201cArgentina sin hambre\u201d\" data-type=\"image_tag\" data-img-url=\"https:\/\/i0.wp.com\/vamosporlaliberacion.org\/crpmlm\/wp-content\/uploads\/2019\/10\/vxl150-argentinasinhambre.png?resize=150%2C150&ssl=1\"  width=\"150\" height=\"150\" \/><\/a><\/div>\n            <div class=\"item-details\">\n                <h3 class=\"entry-title td-module-title\"><a href=\"https:\/\/vamosporlaliberacion.org\/crpmlm\/el-plan-argentina-sin-hambre\/\" rel=\"bookmark\" title=\"El Plan \u201cArgentina sin hambre\u201d\">El Plan \u201cArgentina sin hambre\u201d<\/a><\/h3>\n                <div class=\"td-module-meta-info\">\n                                        <span class=\"td-post-author-name\"><a href=\"https:\/\/vamosporlaliberacion.org\/crpmlm\/author\/adminvxl\/\">vamos!<\/a> <span>-<\/span> <\/span>                    <span class=\"td-post-date\"><time class=\"entry-date updated td-module-date\" datetime=\"2019-10-11T16:06:37-03:00\" >11 octubre, 2019<\/time><\/span>                    <span class=\"td-module-comments\"><a href=\"https:\/\/vamosporlaliberacion.org\/crpmlm\/el-plan-argentina-sin-hambre\/#respond\">0<\/a><\/span>                <\/div>\n\n                <div class=\"td-excerpt\">\n                    De lo explicado y lo que se conoce, anuncian un plan que no se reduce a paliar el hambre en los hogares argentinos, parando...                <\/div>\n            <\/div>\n\n        <\/div>\n\n        \n        <div class=\"td_module_16 td_module_wrap td-animation-stack\">\n            <div class=\"td-module-thumb\"><a href=\"https:\/\/vamosporlaliberacion.org\/crpmlm\/la-unidad-del-movimiento-obrero-que-unidad-cuando-para-que\/\" rel=\"bookmark\" class=\"td-image-wrap \" title=\"La unidad del movimiento obrero: \u00bfqu\u00e9 unidad, cu\u00e1ndo, para qu\u00e9?\" ><img loading=\"lazy\" decoding=\"async\" class=\"entry-thumb\" src=\"\" alt=\"\" title=\"La unidad del movimiento obrero: \u00bfqu\u00e9 unidad, cu\u00e1ndo, para qu\u00e9?\" data-type=\"image_tag\" data-img-url=\"https:\/\/i0.wp.com\/vamosporlaliberacion.org\/crpmlm\/wp-content\/uploads\/2019\/10\/vxl150-mielcitas.png?resize=150%2C150&ssl=1\"  width=\"150\" height=\"150\" \/><\/a><\/div>\n            <div class=\"item-details\">\n                <h3 class=\"entry-title td-module-title\"><a href=\"https:\/\/vamosporlaliberacion.org\/crpmlm\/la-unidad-del-movimiento-obrero-que-unidad-cuando-para-que\/\" rel=\"bookmark\" title=\"La unidad del movimiento obrero: \u00bfqu\u00e9 unidad, cu\u00e1ndo, para qu\u00e9?\">La unidad del movimiento obrero: \u00bfqu\u00e9 unidad, cu\u00e1ndo, para qu\u00e9?<\/a><\/h3>\n                <div class=\"td-module-meta-info\">\n                                        <span class=\"td-post-author-name\"><a href=\"https:\/\/vamosporlaliberacion.org\/crpmlm\/author\/adminvxl\/\">vamos!<\/a> <span>-<\/span> <\/span>                    <span class=\"td-post-date\"><time class=\"entry-date updated td-module-date\" datetime=\"2019-10-11T15:59:47-03:00\" >11 octubre, 2019<\/time><\/span>                    <span class=\"td-module-comments\"><a href=\"https:\/\/vamosporlaliberacion.org\/crpmlm\/la-unidad-del-movimiento-obrero-que-unidad-cuando-para-que\/#respond\">0<\/a><\/span>                <\/div>\n\n                <div class=\"td-excerpt\">\n                    La unidad es para los trabajadores\/as una necesidad hondamente vital, puesto que sin ella no pueden hacer frente de manera efectiva a los voraces...                <\/div>\n            <\/div>\n\n        <\/div>\n\n        \n        <div class=\"td_module_16 td_module_wrap td-animation-stack\">\n            <div class=\"td-module-thumb\"><a href=\"https:\/\/vamosporlaliberacion.org\/crpmlm\/cipolletti-presentacion-del-mp-liberacion\/\" rel=\"bookmark\" class=\"td-image-wrap \" title=\"Cipolletti: presentaci\u00f3n del MP Liberaci\u00f3n\" ><img loading=\"lazy\" decoding=\"async\" class=\"entry-thumb\" src=\"\" alt=\"\" title=\"Cipolletti: presentaci\u00f3n del MP Liberaci\u00f3n\" data-type=\"image_tag\" data-img-url=\"https:\/\/i0.wp.com\/vamosporlaliberacion.org\/crpmlm\/wp-content\/uploads\/2019\/10\/vxl150-mplcipolleti.png?resize=150%2C150&ssl=1\"  width=\"150\" height=\"150\" \/><\/a><\/div>\n            <div class=\"item-details\">\n                <h3 class=\"entry-title td-module-title\"><a href=\"https:\/\/vamosporlaliberacion.org\/crpmlm\/cipolletti-presentacion-del-mp-liberacion\/\" rel=\"bookmark\" title=\"Cipolletti: presentaci\u00f3n del MP Liberaci\u00f3n\">Cipolletti: presentaci\u00f3n del MP Liberaci\u00f3n<\/a><\/h3>\n                <div class=\"td-module-meta-info\">\n                                        <span class=\"td-post-author-name\"><a href=\"https:\/\/vamosporlaliberacion.org\/crpmlm\/author\/adminvxl\/\">vamos!<\/a> <span>-<\/span> <\/span>                    <span class=\"td-post-date\"><time class=\"entry-date updated td-module-date\" datetime=\"2019-10-11T15:55:47-03:00\" >11 octubre, 2019<\/time><\/span>                    <span class=\"td-module-comments\"><a href=\"https:\/\/vamosporlaliberacion.org\/crpmlm\/cipolletti-presentacion-del-mp-liberacion\/#respond\">0<\/a><\/span>                <\/div>\n\n                <div class=\"td-excerpt\">\n                    El pasado viernes 4 de octubre, entre mates y empanadas matizadas con la guitarra y la c\u00e1lida voz de un compa\u00f1ero mapuche, el MPL...                <\/div>\n            <\/div>\n\n        <\/div>\n\n        \n        <div class=\"td_module_16 td_module_wrap td-animation-stack\">\n            <div class=\"td-module-thumb\"><a href=\"https:\/\/vamosporlaliberacion.org\/crpmlm\/34o-encuentro-nacional-de-mujeres\/\" rel=\"bookmark\" class=\"td-image-wrap \" title=\"34\u00ba Encuentro Nacional de Mujeres\" ><img loading=\"lazy\" decoding=\"async\" class=\"entry-thumb\" src=\"\" alt=\"\" title=\"34\u00ba Encuentro Nacional de Mujeres\" data-type=\"image_tag\" data-img-url=\"https:\/\/i0.wp.com\/vamosporlaliberacion.org\/crpmlm\/wp-content\/uploads\/2019\/10\/vxl150-34enm.png?resize=150%2C150&ssl=1\"  width=\"150\" height=\"150\" \/><\/a><\/div>\n            <div class=\"item-details\">\n                <h3 class=\"entry-title td-module-title\"><a href=\"https:\/\/vamosporlaliberacion.org\/crpmlm\/34o-encuentro-nacional-de-mujeres\/\" rel=\"bookmark\" title=\"34\u00ba Encuentro Nacional de Mujeres\">34\u00ba Encuentro Nacional de Mujeres<\/a><\/h3>\n                <div class=\"td-module-meta-info\">\n                                        <span class=\"td-post-author-name\"><a href=\"https:\/\/vamosporlaliberacion.org\/crpmlm\/author\/adminvxl\/\">vamos!<\/a> <span>-<\/span> <\/span>                    <span class=\"td-post-date\"><time class=\"entry-date updated td-module-date\" datetime=\"2019-10-11T14:30:30-03:00\" >11 octubre, 2019<\/time><\/span>                    <span class=\"td-module-comments\"><a href=\"https:\/\/vamosporlaliberacion.org\/crpmlm\/34o-encuentro-nacional-de-mujeres\/#respond\">0<\/a><\/span>                <\/div>\n\n                <div class=\"td-excerpt\">\n                    miles de mujeres, lesbianas, trans y travestis vamos a ser las protagonistas del encuentro m\u00e1s grande de la historia. Los encuentros nacionales de mujeres...                <\/div>\n            <\/div>\n\n        <\/div>\n\n        \n        <div class=\"td_module_16 td_module_wrap td-animation-stack\">\n            <div class=\"td-module-thumb\"><a href=\"https:\/\/vamosporlaliberacion.org\/crpmlm\/misiones-la-violencia-obstetrica-mata-justicia-para-yohana-carvallo\/\" rel=\"bookmark\" class=\"td-image-wrap \" title=\"Misiones: La violencia obst\u00e9trica mata: Justicia para Yohana Carvallo\" ><img loading=\"lazy\" decoding=\"async\" class=\"entry-thumb\" src=\"\" alt=\"\" title=\"Misiones: La violencia obst\u00e9trica mata: Justicia para Yohana Carvallo\" data-type=\"image_tag\" data-img-url=\"https:\/\/i0.wp.com\/vamosporlaliberacion.org\/crpmlm\/wp-content\/uploads\/2019\/10\/vxl150-movilizacionmontecarlo.png?resize=150%2C150&ssl=1\"  width=\"150\" height=\"150\" \/><\/a><\/div>\n            <div class=\"item-details\">\n                <h3 class=\"entry-title td-module-title\"><a href=\"https:\/\/vamosporlaliberacion.org\/crpmlm\/misiones-la-violencia-obstetrica-mata-justicia-para-yohana-carvallo\/\" rel=\"bookmark\" title=\"Misiones: La violencia obst\u00e9trica mata: Justicia para Yohana Carvallo\">Misiones: La violencia obst\u00e9trica mata: Justicia para Yohana Carvallo<\/a><\/h3>\n                <div class=\"td-module-meta-info\">\n                                        <span class=\"td-post-author-name\"><a href=\"https:\/\/vamosporlaliberacion.org\/crpmlm\/author\/adminvxl\/\">vamos!<\/a> <span>-<\/span> <\/span>                    <span class=\"td-post-date\"><time class=\"entry-date updated td-module-date\" datetime=\"2019-10-11T14:12:24-03:00\" >11 octubre, 2019<\/time><\/span>                    <span class=\"td-module-comments\"><a href=\"https:\/\/vamosporlaliberacion.org\/crpmlm\/misiones-la-violencia-obstetrica-mata-justicia-para-yohana-carvallo\/#respond\">0<\/a><\/span>                <\/div>\n\n                <div class=\"td-excerpt\">\n                    El calvario de Yohana empez\u00f3 cuatro d\u00edas antes de su muerte. Concurri\u00f3 al hospital p\u00fablico a causa de las contracciones y dolores propios del...                <\/div>\n            <\/div>\n\n        <\/div>\n\n        \n        <div class=\"td_module_16 td_module_wrap td-animation-stack\">\n            <div class=\"td-module-thumb\"><a href=\"https:\/\/vamosporlaliberacion.org\/crpmlm\/taller-de-soldadura-para-mujeres-derribando-mitos\/\" rel=\"bookmark\" class=\"td-image-wrap \" title=\"Taller de Soldadura para Mujeres: derribando mitos\" ><img loading=\"lazy\" decoding=\"async\" class=\"entry-thumb\" src=\"\" alt=\"\" title=\"Taller de Soldadura para Mujeres: derribando mitos\" data-type=\"image_tag\" data-img-url=\"https:\/\/i0.wp.com\/vamosporlaliberacion.org\/crpmlm\/wp-content\/uploads\/2019\/10\/hqdefault-1.jpg?resize=150%2C150&ssl=1\"  width=\"150\" height=\"150\" \/><span class=\"td-video-play-ico\"><i class=\"td-icon-video-thumb-play\"><\/i><\/span><\/a><\/div>\n            <div class=\"item-details\">\n                <h3 class=\"entry-title td-module-title\"><a href=\"https:\/\/vamosporlaliberacion.org\/crpmlm\/taller-de-soldadura-para-mujeres-derribando-mitos\/\" rel=\"bookmark\" title=\"Taller de Soldadura para Mujeres: derribando mitos\">Taller de Soldadura para Mujeres: derribando mitos<\/a><\/h3>\n                <div class=\"td-module-meta-info\">\n                                        <span class=\"td-post-author-name\"><a href=\"https:\/\/vamosporlaliberacion.org\/crpmlm\/author\/adminvxl\/\">vamos!<\/a> <span>-<\/span> <\/span>                    <span class=\"td-post-date\"><time class=\"entry-date updated td-module-date\" datetime=\"2019-10-11T14:11:59-03:00\" >11 octubre, 2019<\/time><\/span>                    <span class=\"td-module-comments\"><a href=\"https:\/\/vamosporlaliberacion.org\/crpmlm\/taller-de-soldadura-para-mujeres-derribando-mitos\/#respond\">0<\/a><\/span>                <\/div>\n\n                <div class=\"td-excerpt\">\n                    De la mano de la herrera, artista y activista feminista y contra la violencia hacia mujeres y ni\u00f1os, Olga Corrales, se viene desarrollando un...                <\/div>\n            <\/div>\n\n        <\/div>\n\n        \n        <div class=\"td_module_16 td_module_wrap td-animation-stack\">\n            <div class=\"td-module-thumb\"><a href=\"https:\/\/vamosporlaliberacion.org\/crpmlm\/poner-el-cuerpo-las-docentes-de-chubut\/\" rel=\"bookmark\" class=\"td-image-wrap \" title=\"Poner el cuerpo: las docentes de Chubut\" ><img loading=\"lazy\" decoding=\"async\" class=\"entry-thumb\" src=\"\" alt=\"\" title=\"Poner el cuerpo: las docentes de Chubut\" data-type=\"image_tag\" data-img-url=\"https:\/\/i0.wp.com\/vamosporlaliberacion.org\/crpmlm\/wp-content\/uploads\/2019\/10\/vxl150-chubut.png?resize=150%2C150&ssl=1\"  width=\"150\" height=\"150\" \/><\/a><\/div>\n            <div class=\"item-details\">\n                <h3 class=\"entry-title td-module-title\"><a href=\"https:\/\/vamosporlaliberacion.org\/crpmlm\/poner-el-cuerpo-las-docentes-de-chubut\/\" rel=\"bookmark\" title=\"Poner el cuerpo: las docentes de Chubut\">Poner el cuerpo: las docentes de Chubut<\/a><\/h3>\n                <div class=\"td-module-meta-info\">\n                                        <span class=\"td-post-author-name\"><a href=\"https:\/\/vamosporlaliberacion.org\/crpmlm\/author\/adminvxl\/\">vamos!<\/a> <span>-<\/span> <\/span>                    <span class=\"td-post-date\"><time class=\"entry-date updated td-module-date\" datetime=\"2019-10-11T13:49:50-03:00\" >11 octubre, 2019<\/time><\/span>                    <span class=\"td-module-comments\"><a href=\"https:\/\/vamosporlaliberacion.org\/crpmlm\/poner-el-cuerpo-las-docentes-de-chubut\/#respond\">0<\/a><\/span>                <\/div>\n\n                <div class=\"td-excerpt\">\n                    La docencia en la Argentina es una tarea que, desde el imaginario, es fuertemente femenina. Pero no s\u00f3lo lo es en el imaginario, sino...                <\/div>\n            <\/div>\n\n        <\/div>\n\n        \n        <div class=\"td_module_16 td_module_wrap td-animation-stack\">\n            <div class=\"td-module-thumb\"><a href=\"https:\/\/vamosporlaliberacion.org\/crpmlm\/la-rebelion-de-las-flores-nativas\/\" rel=\"bookmark\" class=\"td-image-wrap \" title=\"La rebeli\u00f3n de  las flores nativas\" ><img loading=\"lazy\" decoding=\"async\" class=\"entry-thumb\" src=\"\" alt=\"\" title=\"La rebeli\u00f3n de  las flores nativas\" data-type=\"image_tag\" data-img-url=\"https:\/\/i0.wp.com\/vamosporlaliberacion.org\/crpmlm\/wp-content\/uploads\/2019\/10\/vxl150-ocupacionmininterior2.png?resize=150%2C150&ssl=1\"  width=\"150\" height=\"150\" \/><\/a><\/div>\n            <div class=\"item-details\">\n                <h3 class=\"entry-title td-module-title\"><a href=\"https:\/\/vamosporlaliberacion.org\/crpmlm\/la-rebelion-de-las-flores-nativas\/\" rel=\"bookmark\" title=\"La rebeli\u00f3n de  las flores nativas\">La rebeli\u00f3n de  las flores nativas<\/a><\/h3>\n                <div class=\"td-module-meta-info\">\n                                        <span class=\"td-post-author-name\"><a href=\"https:\/\/vamosporlaliberacion.org\/crpmlm\/author\/adminvxl\/\">vamos!<\/a> <span>-<\/span> <\/span>                    <span class=\"td-post-date\"><time class=\"entry-date updated td-module-date\" datetime=\"2019-10-11T13:40:36-03:00\" >11 octubre, 2019<\/time><\/span>                    <span class=\"td-module-comments\"><a href=\"https:\/\/vamosporlaliberacion.org\/crpmlm\/la-rebelion-de-las-flores-nativas\/#respond\">0<\/a><\/span>                <\/div>\n\n                <div class=\"td-excerpt\">\n                    Mujeres ind\u00edgenas de diversas naciones ind\u00edgenas de manera autoconvocadas ocuparon el Ministerio del Interior exigiendo ser recibidas por el Ministro Rogelio Frigerio.\r\n\r\nReproducimos la gacetilla...                <\/div>\n            <\/div>\n\n        <\/div>\n\n        \n        <div class=\"td_module_16 td_module_wrap td-animation-stack\">\n            <div class=\"td-module-thumb\"><a href=\"https:\/\/vamosporlaliberacion.org\/crpmlm\/una-medida-para-criminalizar-a-los-trabajadores\/\" rel=\"bookmark\" class=\"td-image-wrap \" title=\"Una medida para criminalizar a los trabajadores\" ><img loading=\"lazy\" decoding=\"async\" class=\"entry-thumb\" src=\"\" alt=\"\" title=\"Una medida para criminalizar a los trabajadores\" data-type=\"image_tag\" data-img-url=\"https:\/\/i0.wp.com\/vamosporlaliberacion.org\/crpmlm\/wp-content\/uploads\/2019\/10\/vxl150-operativo.png?resize=150%2C150&ssl=1\"  width=\"150\" height=\"150\" \/><\/a><\/div>\n            <div class=\"item-details\">\n                <h3 class=\"entry-title td-module-title\"><a href=\"https:\/\/vamosporlaliberacion.org\/crpmlm\/una-medida-para-criminalizar-a-los-trabajadores\/\" rel=\"bookmark\" title=\"Una medida para criminalizar a los trabajadores\">Una medida para criminalizar a los trabajadores<\/a><\/h3>\n                <div class=\"td-module-meta-info\">\n                                        <span class=\"td-post-author-name\"><a href=\"https:\/\/vamosporlaliberacion.org\/crpmlm\/author\/adminvxl\/\">vamos!<\/a> <span>-<\/span> <\/span>                    <span class=\"td-post-date\"><time class=\"entry-date updated td-module-date\" datetime=\"2019-10-11T13:29:15-03:00\" >11 octubre, 2019<\/time><\/span>                    <span class=\"td-module-comments\"><a href=\"https:\/\/vamosporlaliberacion.org\/crpmlm\/una-medida-para-criminalizar-a-los-trabajadores\/#respond\">0<\/a><\/span>                <\/div>\n\n                <div class=\"td-excerpt\">\n                    La Ministra de Seguridad cre\u00f3 el programa \u201cOfensores de Trenes\u201d, bajo el pretexto de que ser\u00e1 una herramienta \u00fatil para prevenir \u201cdelitos en el...                <\/div>\n            <\/div>\n\n        <\/div>\n\n        \n        <div class=\"td_module_16 td_module_wrap td-animation-stack\">\n            <div class=\"td-module-thumb\"><a href=\"https:\/\/vamosporlaliberacion.org\/crpmlm\/elecciones-en-unter\/\" rel=\"bookmark\" class=\"td-image-wrap \" title=\"Elecciones en UNTER\" ><img loading=\"lazy\" decoding=\"async\" class=\"entry-thumb\" src=\"\" alt=\"\" title=\"Elecciones en UNTER\" data-type=\"image_tag\" data-img-url=\"https:\/\/i0.wp.com\/vamosporlaliberacion.org\/crpmlm\/wp-content\/uploads\/2019\/10\/vxl150-docentesunter.png?resize=150%2C150&ssl=1\"  width=\"150\" height=\"150\" \/><\/a><\/div>\n            <div class=\"item-details\">\n                <h3 class=\"entry-title td-module-title\"><a href=\"https:\/\/vamosporlaliberacion.org\/crpmlm\/elecciones-en-unter\/\" rel=\"bookmark\" title=\"Elecciones en UNTER\">Elecciones en UNTER<\/a><\/h3>\n                <div class=\"td-module-meta-info\">\n                                        <span class=\"td-post-author-name\"><a href=\"https:\/\/vamosporlaliberacion.org\/crpmlm\/author\/adminvxl\/\">vamos!<\/a> <span>-<\/span> <\/span>                    <span class=\"td-post-date\"><time class=\"entry-date updated td-module-date\" datetime=\"2019-10-11T12:24:53-03:00\" >11 octubre, 2019<\/time><\/span>                    <span class=\"td-module-comments\"><a href=\"https:\/\/vamosporlaliberacion.org\/crpmlm\/elecciones-en-unter\/#respond\">0<\/a><\/span>                <\/div>\n\n                <div class=\"td-excerpt\">\n                    El 2 de octubre se llevaron a cabo las elecciones del gremio docente, ganando con amplitud la actual conducci\u00f3n Azul-Arancibia, aliada del gobernador Weretilneck...                <\/div>\n            <\/div>\n\n        <\/div>\n\n        <\/div><\/div> <!-- .\/block --><div class=\"td_block_wrap td_block_21 tdi_18_f8a td-pb-border-top td_block_template_1 td-column-2\"  data-td-block-uid=\"tdi_18_f8a\" >\n<style>\n.td_block_template_2.widget > ul > li,\n            .td_block_template_6.widget > ul > li,\n            .td_block_template_8.widget > ul > li,\n            .td_block_template_9.widget > ul > li,\n            .td_block_template_10.widget > ul > li,\n            .td_block_template_11.widget > ul > li,\n            .td_block_template_12.widget > ul > li,\n            .td_block_template_13.widget > ul > li,\n            .td_block_template_14.widget > ul > li,\n            .td_block_template_15.widget > ul > li,\n            .td_block_template_16.widget > ul > li,\n            .td_block_template_17.widget > ul > li {\n                margin-left: 0 !important;\n            }\n            .global-block-template-12 .td-comments-title span,\n            .global-block-template-13 .td-comments-title span {\n                margin-left: 0 !important;\n                font-size: 20px;\n            }\n            @media (max-width: 767px) {\n                .global-block-template-12 .td-comments-title span,\n                .global-block-template-13 .td-comments-title span {\n                    font-size: 15px;\n                }\n            }\n            .td-block-title-wrap .td-wrapper-pulldown-filter {\n                font-family: 'Roboto', sans-serif;\n                position: absolute;\n                bottom: 0;\n                right: 0;\n                top: 0;\n                margin: auto 0;\n                z-index: 2;\n                background-color: #fff;\n                font-size: 13px;\n                line-height: 1;\n                color: #777;\n                text-align: right;\n            }\n            .td-block-title-wrap .td-wrapper-pulldown-filter .td-pulldown-filter-display-option {\n                cursor: pointer;\n                white-space: nowrap;\n                position: relative;\n                line-height: 29px;\n            }\n            .td-block-title-wrap .td-wrapper-pulldown-filter .td-pulldown-filter-display-option i {\n                font-size: 9px;\n                color: #777;\n                margin-left: 20px;\n                margin-right: 10px;\n            }\n            .td-block-title-wrap .td-wrapper-pulldown-filter .td-pulldown-filter-display-option i:before {\n                content: '\\e83d';\n            }\n            .td-block-title-wrap .td-wrapper-pulldown-filter .td-pulldown-filter-display-option span {\n                padding-left: 20px;\n                margin-right: -14px;\n            }\n            @media (max-width: 360px) {\n                .td-block-title-wrap .td-wrapper-pulldown-filter .td-pulldown-filter-display-option span {\n                    display: none;\n                }\n            }\n            .td-block-title-wrap .td-wrapper-pulldown-filter .td-pulldown-filter-display-option:hover {\n                color: #4db2ec;\n            }\n            .td-block-title-wrap .td-wrapper-pulldown-filter .td-pulldown-filter-display-option:hover i {\n                color: #4db2ec;\n            }\n            .td-block-title-wrap .td-wrapper-pulldown-filter .td-pulldown-filter-display-option:hover ul {\n                display: block;\n            }\n            .td-block-title-wrap .td-wrapper-pulldown-filter .td-pulldown-filter-list {\n                list-style: none;\n                position: absolute;\n                right: 0;\n                top: 100%;\n                padding: 18px 0;\n                background-color: rgb(255, 255, 255);\n                background-color: rgba(255, 255, 255, 0.95);\n                z-index: 999;\n                border-width: 1px;\n                border-color: #ededed;\n                border-style: solid;\n                display: none;\n                margin: 0;\n            }\n            .td-block-title-wrap .td-wrapper-pulldown-filter .td-pulldown-filter-item {\n                list-style: none;\n                margin: 0;\n            }\n            .td-block-title-wrap .td-wrapper-pulldown-filter .td-pulldown-filter-item .td-cur-simple-item {\n                color: #4db2ec;\n            }\n            .td-block-title-wrap .td-wrapper-pulldown-filter .td-pulldown-more {\n                padding-bottom: 10px;\n            }\n            .td-block-title-wrap .td-wrapper-pulldown-filter .td-pulldown-more:before {\n                content: '';\n                width: 70px;\n                height: 100%;\n                position: absolute;\n                margin-top: 2px;\n                top: 0;\n                right: 0;\n                z-index: 1;\n                opacity: 0;\n            }\n            .td-block-title-wrap .td-wrapper-pulldown-filter .td-pulldown-filter-link {\n                color: #777;\n                white-space: nowrap;\n                display: block;\n                line-height: 26px;\n                padding-left: 36px;\n                padding-right: 27px;\n            }\n            .td-block-title-wrap .td-wrapper-pulldown-filter .td-pulldown-filter-link:hover {\n                color: #4db2ec;\n            }\n            @media (min-width: 768px) and (max-width: 1018px) {\n                .td-pb-span4 .td-block-title-wrap .td-wrapper-pulldown-filter .td-pulldown-filter-display-option span {\n                    display: none;\n                }\n                .td-pb-span4 .td-block-title-wrap .td-wrapper-pulldown-filter .td-pulldown-filter-link {\n                    padding-left: 24px;\n                    padding-right: 20px !important;\n                }\n            }\n            @-moz-document url-prefix() {\n                .td-pulldown-syle-default .td-subcat-more,\n                .td-pulldown-syle-default .td-subcat-list {\n                    position: relative;\n                    top: -1px;\n                }\n            }\n            .td-pulldown-syle-2 {\n                top: 0;\n            }\n            .td-pulldown-syle-2 .td-subcat-dropdown ul {\n                padding: 20px 0;\n                margin-top: 0;\n            }\n            .td-pulldown-syle-2 .td-subcat-dropdown ul:after {\n                content: '';\n                position: absolute;\n                width: calc(100% + 2px);\n                height: 3px;\n                top: 0;\n                left: -1px;\n                background-color: #4db2ec;\n            }\n            .td-pulldown-syle-2 .td-subcat-dropdown a {\n                padding-left: 40px;\n                padding-right: 31px;\n            }\n            .td-pulldown-syle-2 .td-subcat-dropdown:hover .td-subcat-more {\n                background-color: transparent !important;\n            }\n            .td-pulldown-syle-2 .td-subcat-dropdown:hover .td-subcat-more span,\n            .td-pulldown-syle-2 .td-subcat-dropdown:hover .td-subcat-more i {\n                color: #4db2ec;\n            }\n            .td-pulldown-syle-2 .td-subcat-dropdown .td-subcat-more {\n                margin-left: 9px;\n                margin-bottom: 8px; \/\/ this align the dropdown list\n            }\n            .td-pulldown-syle-2 .td-subcat-list .td-subcat-item {\n                margin-left: 24px;\n            }\n            .td-pulldown-syle-3 {\n                top: 0;\n            }\n            .td-pulldown-syle-3 .td-subcat-dropdown ul {\n                padding: 15px 0;\n                margin-top: -1px;\n                border-width: 1px;\n            }\n            .td-pulldown-syle-3 .td-subcat-dropdown a {\n                padding-left: 40px;\n                padding-right: 31px;\n            }\n            .td-pulldown-syle-3 .td-subcat-dropdown &:hover .td-subcat-more {\n                background-color: transparent !important;\n            }\n            .td-pulldown-syle-3 .td-subcat-dropdown &:hover .td-subcat-more span,\n            .td-pulldown-syle-3 .td-subcat-dropdown &:hover .td-subcat-more i {\n                color: #4db2ec;\n            }\n            .td-pulldown-syle-3 .td-subcat-dropdown .td-subcat-more {\n                margin-left: 9px;\n                margin-bottom: 8px; \/\/ this align the dropdown list\n            }\n            .td-pulldown-syle-3 .td-subcat-list .td-subcat-item {\n                margin-left: 24px;\n            }\n            \n            \n\n            \n            .td-theme-wrap .tdi_18_f8a .td-pulldown-filter-link:hover,\n            .td-theme-wrap .tdi_18_f8a .td-subcat-item a:hover,\n            .td-theme-wrap .tdi_18_f8a .td-subcat-item .td-cur-simple-item {\n                color: #dd3333;\n            }\n\n            .td-theme-wrap .tdi_18_f8a .block-title > *,\n            .td-theme-wrap .tdi_18_f8a .td-subcat-dropdown:hover .td-subcat-more {\n                background-color: #dd3333;\n            }\n            .td-theme-wrap .td-footer-wrapper .tdi_18_f8a .block-title > * {\n                padding: 6px 7px 5px;\n                line-height: 1;\n            }\n\n            .td-theme-wrap .tdi_18_f8a .block-title {\n                border-color: #dd3333;\n            }\n\n            \n            .td-theme-wrap .tdi_18_f8a .td_module_wrap:hover .entry-title a,\n            .td-theme-wrap .tdi_18_f8a .td_quote_on_blocks,\n            .td-theme-wrap .tdi_18_f8a .td-opacity-cat .td-post-category:hover,\n            .td-theme-wrap .tdi_18_f8a .td-opacity-read .td-read-more a:hover,\n            .td-theme-wrap .tdi_18_f8a .td-opacity-author .td-post-author-name a:hover,\n            .td-theme-wrap .tdi_18_f8a .td-instagram-user a {\n                color: #dd3333;\n            }\n\n            .td-theme-wrap .tdi_18_f8a .td-next-prev-wrap a:hover,\n            .td-theme-wrap .tdi_18_f8a .td-load-more-wrap a:hover {\n                background-color: #dd3333;\n                border-color: #dd3333;\n            }\n\n            .td-theme-wrap .tdi_18_f8a .td-read-more a,\n            .td-theme-wrap .tdi_18_f8a .td-weather-information:before,\n            .td-theme-wrap .tdi_18_f8a .td-weather-week:before,\n            .td-theme-wrap .tdi_18_f8a .td-exchange-header:before,\n            .td-theme-wrap .td-footer-wrapper .tdi_18_f8a .td-post-category,\n            .td-theme-wrap .tdi_18_f8a .td-post-category:hover {\n                background-color: #dd3333;\n            }\n<\/style><script>var block_tdi_18_f8a = new tdBlock();\nblock_tdi_18_f8a.id = \"tdi_18_f8a\";\nblock_tdi_18_f8a.atts = '{\"custom_title\":\"Econom\\u00eda\",\"header_color\":\"#dd3333\",\"category_id\":\"5\",\"tag_slug\":\"vxl150\",\"limit\":\"10\",\"td_filter_default_txt\":\"Todo\",\"block_type\":\"td_block_21\",\"separator\":\"\",\"custom_url\":\"\",\"block_template_id\":\"\",\"m16_tl\":\"\",\"m16_el\":\"\",\"post_ids\":\"\",\"category_ids\":\"\",\"autors_id\":\"\",\"installed_post_types\":\"\",\"sort\":\"\",\"offset\":\"\",\"show_modified_date\":\"\",\"el_class\":\"\",\"td_ajax_filter_type\":\"\",\"td_ajax_filter_ids\":\"\",\"td_ajax_preloading\":\"\",\"f_header_font_header\":\"\",\"f_header_font_title\":\"Block header\",\"f_header_font_settings\":\"\",\"f_header_font_family\":\"\",\"f_header_font_size\":\"\",\"f_header_font_line_height\":\"\",\"f_header_font_style\":\"\",\"f_header_font_weight\":\"\",\"f_header_font_transform\":\"\",\"f_header_font_spacing\":\"\",\"f_header_\":\"\",\"f_ajax_font_title\":\"Ajax categories\",\"f_ajax_font_settings\":\"\",\"f_ajax_font_family\":\"\",\"f_ajax_font_size\":\"\",\"f_ajax_font_line_height\":\"\",\"f_ajax_font_style\":\"\",\"f_ajax_font_weight\":\"\",\"f_ajax_font_transform\":\"\",\"f_ajax_font_spacing\":\"\",\"f_ajax_\":\"\",\"f_more_font_title\":\"Load more button\",\"f_more_font_settings\":\"\",\"f_more_font_family\":\"\",\"f_more_font_size\":\"\",\"f_more_font_line_height\":\"\",\"f_more_font_style\":\"\",\"f_more_font_weight\":\"\",\"f_more_font_transform\":\"\",\"f_more_font_spacing\":\"\",\"f_more_\":\"\",\"m16f_title_font_header\":\"\",\"m16f_title_font_title\":\"Article title\",\"m16f_title_font_settings\":\"\",\"m16f_title_font_family\":\"\",\"m16f_title_font_size\":\"\",\"m16f_title_font_line_height\":\"\",\"m16f_title_font_style\":\"\",\"m16f_title_font_weight\":\"\",\"m16f_title_font_transform\":\"\",\"m16f_title_font_spacing\":\"\",\"m16f_title_\":\"\",\"m16f_cat_font_title\":\"Article category tag\",\"m16f_cat_font_settings\":\"\",\"m16f_cat_font_family\":\"\",\"m16f_cat_font_size\":\"\",\"m16f_cat_font_line_height\":\"\",\"m16f_cat_font_style\":\"\",\"m16f_cat_font_weight\":\"\",\"m16f_cat_font_transform\":\"\",\"m16f_cat_font_spacing\":\"\",\"m16f_cat_\":\"\",\"m16f_meta_font_title\":\"Article meta info\",\"m16f_meta_font_settings\":\"\",\"m16f_meta_font_family\":\"\",\"m16f_meta_font_size\":\"\",\"m16f_meta_font_line_height\":\"\",\"m16f_meta_font_style\":\"\",\"m16f_meta_font_weight\":\"\",\"m16f_meta_font_transform\":\"\",\"m16f_meta_font_spacing\":\"\",\"m16f_meta_\":\"\",\"m16f_ex_font_title\":\"Article excerpt\",\"m16f_ex_font_settings\":\"\",\"m16f_ex_font_family\":\"\",\"m16f_ex_font_size\":\"\",\"m16f_ex_font_line_height\":\"\",\"m16f_ex_font_style\":\"\",\"m16f_ex_font_weight\":\"\",\"m16f_ex_font_transform\":\"\",\"m16f_ex_font_spacing\":\"\",\"m16f_ex_\":\"\",\"ajax_pagination\":\"\",\"ajax_pagination_infinite_stop\":\"\",\"css\":\"\",\"tdc_css\":\"\",\"td_column_number\":2,\"color_preset\":\"\",\"border_top\":\"\",\"class\":\"tdi_18_f8a\",\"tdc_css_class\":\"tdi_18_f8a\",\"tdc_css_class_style\":\"tdi_18_f8a_rand_style\"}';\nblock_tdi_18_f8a.td_column_number = \"2\";\nblock_tdi_18_f8a.block_type = \"td_block_21\";\nblock_tdi_18_f8a.post_count = \"10\";\nblock_tdi_18_f8a.found_posts = \"21\";\nblock_tdi_18_f8a.header_color = \"#dd3333\";\nblock_tdi_18_f8a.ajax_pagination_infinite_stop = \"\";\nblock_tdi_18_f8a.max_num_pages = \"3\";\ntdBlocksArray.push(block_tdi_18_f8a);\n<\/script><div class=\"td-block-title-wrap\"><h4 class=\"block-title td-block-title\"><span class=\"td-pulldown-size\">Econom\u00eda<\/span><\/h4><\/div><div id=tdi_18_f8a class=\"td_block_inner\">\n        <div class=\"td_module_16 td_module_wrap td-animation-stack\">\n            <div class=\"td-module-thumb\"><a href=\"https:\/\/vamosporlaliberacion.org\/crpmlm\/el-plan-argentina-sin-hambre\/\" rel=\"bookmark\" class=\"td-image-wrap \" title=\"El Plan \u201cArgentina sin hambre\u201d\" ><img loading=\"lazy\" decoding=\"async\" class=\"entry-thumb\" src=\"\" alt=\"\" title=\"El Plan \u201cArgentina sin hambre\u201d\" data-type=\"image_tag\" data-img-url=\"https:\/\/i0.wp.com\/vamosporlaliberacion.org\/crpmlm\/wp-content\/uploads\/2019\/10\/vxl150-argentinasinhambre.png?resize=150%2C150&ssl=1\"  width=\"150\" height=\"150\" \/><\/a><\/div>\n            <div class=\"item-details\">\n                <h3 class=\"entry-title td-module-title\"><a href=\"https:\/\/vamosporlaliberacion.org\/crpmlm\/el-plan-argentina-sin-hambre\/\" rel=\"bookmark\" title=\"El Plan \u201cArgentina sin hambre\u201d\">El Plan \u201cArgentina sin hambre\u201d<\/a><\/h3>\n                <div class=\"td-module-meta-info\">\n                                        <span class=\"td-post-author-name\"><a href=\"https:\/\/vamosporlaliberacion.org\/crpmlm\/author\/adminvxl\/\">vamos!<\/a> <span>-<\/span> <\/span>                    <span class=\"td-post-date\"><time class=\"entry-date updated td-module-date\" datetime=\"2019-10-11T16:06:37-03:00\" >11 octubre, 2019<\/time><\/span>                    <span class=\"td-module-comments\"><a href=\"https:\/\/vamosporlaliberacion.org\/crpmlm\/el-plan-argentina-sin-hambre\/#respond\">0<\/a><\/span>                <\/div>\n\n                <div class=\"td-excerpt\">\n                    De lo explicado y lo que se conoce, anuncian un plan que no se reduce a paliar el hambre en los hogares argentinos, parando...                <\/div>\n            <\/div>\n\n        <\/div>\n\n        \n        <div class=\"td_module_16 td_module_wrap td-animation-stack\">\n            <div class=\"td-module-thumb\"><a href=\"https:\/\/vamosporlaliberacion.org\/crpmlm\/la-unidad-del-movimiento-obrero-que-unidad-cuando-para-que\/\" rel=\"bookmark\" class=\"td-image-wrap \" title=\"La unidad del movimiento obrero: \u00bfqu\u00e9 unidad, cu\u00e1ndo, para qu\u00e9?\" ><img loading=\"lazy\" decoding=\"async\" class=\"entry-thumb\" src=\"\" alt=\"\" title=\"La unidad del movimiento obrero: \u00bfqu\u00e9 unidad, cu\u00e1ndo, para qu\u00e9?\" data-type=\"image_tag\" data-img-url=\"https:\/\/i0.wp.com\/vamosporlaliberacion.org\/crpmlm\/wp-content\/uploads\/2019\/10\/vxl150-mielcitas.png?resize=150%2C150&ssl=1\"  width=\"150\" height=\"150\" \/><\/a><\/div>\n            <div class=\"item-details\">\n                <h3 class=\"entry-title td-module-title\"><a href=\"https:\/\/vamosporlaliberacion.org\/crpmlm\/la-unidad-del-movimiento-obrero-que-unidad-cuando-para-que\/\" rel=\"bookmark\" title=\"La unidad del movimiento obrero: \u00bfqu\u00e9 unidad, cu\u00e1ndo, para qu\u00e9?\">La unidad del movimiento obrero: \u00bfqu\u00e9 unidad, cu\u00e1ndo, para qu\u00e9?<\/a><\/h3>\n                <div class=\"td-module-meta-info\">\n                                        <span class=\"td-post-author-name\"><a href=\"https:\/\/vamosporlaliberacion.org\/crpmlm\/author\/adminvxl\/\">vamos!<\/a> <span>-<\/span> <\/span>                    <span class=\"td-post-date\"><time class=\"entry-date updated td-module-date\" datetime=\"2019-10-11T15:59:47-03:00\" >11 octubre, 2019<\/time><\/span>                    <span class=\"td-module-comments\"><a href=\"https:\/\/vamosporlaliberacion.org\/crpmlm\/la-unidad-del-movimiento-obrero-que-unidad-cuando-para-que\/#respond\">0<\/a><\/span>                <\/div>\n\n                <div class=\"td-excerpt\">\n                    La unidad es para los trabajadores\/as una necesidad hondamente vital, puesto que sin ella no pueden hacer frente de manera efectiva a los voraces...                <\/div>\n            <\/div>\n\n        <\/div>\n\n        \n        <div class=\"td_module_16 td_module_wrap td-animation-stack\">\n            <div class=\"td-module-thumb\"><a href=\"https:\/\/vamosporlaliberacion.org\/crpmlm\/cipolletti-presentacion-del-mp-liberacion\/\" rel=\"bookmark\" class=\"td-image-wrap \" title=\"Cipolletti: presentaci\u00f3n del MP Liberaci\u00f3n\" ><img loading=\"lazy\" decoding=\"async\" class=\"entry-thumb\" src=\"\" alt=\"\" title=\"Cipolletti: presentaci\u00f3n del MP Liberaci\u00f3n\" data-type=\"image_tag\" data-img-url=\"https:\/\/i0.wp.com\/vamosporlaliberacion.org\/crpmlm\/wp-content\/uploads\/2019\/10\/vxl150-mplcipolleti.png?resize=150%2C150&ssl=1\"  width=\"150\" height=\"150\" \/><\/a><\/div>\n            <div class=\"item-details\">\n                <h3 class=\"entry-title td-module-title\"><a href=\"https:\/\/vamosporlaliberacion.org\/crpmlm\/cipolletti-presentacion-del-mp-liberacion\/\" rel=\"bookmark\" title=\"Cipolletti: presentaci\u00f3n del MP Liberaci\u00f3n\">Cipolletti: presentaci\u00f3n del MP Liberaci\u00f3n<\/a><\/h3>\n                <div class=\"td-module-meta-info\">\n                                        <span class=\"td-post-author-name\"><a href=\"https:\/\/vamosporlaliberacion.org\/crpmlm\/author\/adminvxl\/\">vamos!<\/a> <span>-<\/span> <\/span>                    <span class=\"td-post-date\"><time class=\"entry-date updated td-module-date\" datetime=\"2019-10-11T15:55:47-03:00\" >11 octubre, 2019<\/time><\/span>                    <span class=\"td-module-comments\"><a href=\"https:\/\/vamosporlaliberacion.org\/crpmlm\/cipolletti-presentacion-del-mp-liberacion\/#respond\">0<\/a><\/span>                <\/div>\n\n                <div class=\"td-excerpt\">\n                    El pasado viernes 4 de octubre, entre mates y empanadas matizadas con la guitarra y la c\u00e1lida voz de un compa\u00f1ero mapuche, el MPL...                <\/div>\n            <\/div>\n\n        <\/div>\n\n        \n        <div class=\"td_module_16 td_module_wrap td-animation-stack\">\n            <div class=\"td-module-thumb\"><a href=\"https:\/\/vamosporlaliberacion.org\/crpmlm\/34o-encuentro-nacional-de-mujeres\/\" rel=\"bookmark\" class=\"td-image-wrap \" title=\"34\u00ba Encuentro Nacional de Mujeres\" ><img loading=\"lazy\" decoding=\"async\" class=\"entry-thumb\" src=\"\" alt=\"\" title=\"34\u00ba Encuentro Nacional de Mujeres\" data-type=\"image_tag\" data-img-url=\"https:\/\/i0.wp.com\/vamosporlaliberacion.org\/crpmlm\/wp-content\/uploads\/2019\/10\/vxl150-34enm.png?resize=150%2C150&ssl=1\"  width=\"150\" height=\"150\" \/><\/a><\/div>\n            <div class=\"item-details\">\n                <h3 class=\"entry-title td-module-title\"><a href=\"https:\/\/vamosporlaliberacion.org\/crpmlm\/34o-encuentro-nacional-de-mujeres\/\" rel=\"bookmark\" title=\"34\u00ba Encuentro Nacional de Mujeres\">34\u00ba Encuentro Nacional de Mujeres<\/a><\/h3>\n                <div class=\"td-module-meta-info\">\n                                        <span class=\"td-post-author-name\"><a href=\"https:\/\/vamosporlaliberacion.org\/crpmlm\/author\/adminvxl\/\">vamos!<\/a> <span>-<\/span> <\/span>                    <span class=\"td-post-date\"><time class=\"entry-date updated td-module-date\" datetime=\"2019-10-11T14:30:30-03:00\" >11 octubre, 2019<\/time><\/span>                    <span class=\"td-module-comments\"><a href=\"https:\/\/vamosporlaliberacion.org\/crpmlm\/34o-encuentro-nacional-de-mujeres\/#respond\">0<\/a><\/span>                <\/div>\n\n                <div class=\"td-excerpt\">\n                    miles de mujeres, lesbianas, trans y travestis vamos a ser las protagonistas del encuentro m\u00e1s grande de la historia. Los encuentros nacionales de mujeres...                <\/div>\n            <\/div>\n\n        <\/div>\n\n        \n        <div class=\"td_module_16 td_module_wrap td-animation-stack\">\n            <div class=\"td-module-thumb\"><a href=\"https:\/\/vamosporlaliberacion.org\/crpmlm\/misiones-la-violencia-obstetrica-mata-justicia-para-yohana-carvallo\/\" rel=\"bookmark\" class=\"td-image-wrap \" title=\"Misiones: La violencia obst\u00e9trica mata: Justicia para Yohana Carvallo\" ><img loading=\"lazy\" decoding=\"async\" class=\"entry-thumb\" src=\"\" alt=\"\" title=\"Misiones: La violencia obst\u00e9trica mata: Justicia para Yohana Carvallo\" data-type=\"image_tag\" data-img-url=\"https:\/\/i0.wp.com\/vamosporlaliberacion.org\/crpmlm\/wp-content\/uploads\/2019\/10\/vxl150-movilizacionmontecarlo.png?resize=150%2C150&ssl=1\"  width=\"150\" height=\"150\" \/><\/a><\/div>\n            <div class=\"item-details\">\n                <h3 class=\"entry-title td-module-title\"><a href=\"https:\/\/vamosporlaliberacion.org\/crpmlm\/misiones-la-violencia-obstetrica-mata-justicia-para-yohana-carvallo\/\" rel=\"bookmark\" title=\"Misiones: La violencia obst\u00e9trica mata: Justicia para Yohana Carvallo\">Misiones: La violencia obst\u00e9trica mata: Justicia para Yohana Carvallo<\/a><\/h3>\n                <div class=\"td-module-meta-info\">\n                                        <span class=\"td-post-author-name\"><a href=\"https:\/\/vamosporlaliberacion.org\/crpmlm\/author\/adminvxl\/\">vamos!<\/a> <span>-<\/span> <\/span>                    <span class=\"td-post-date\"><time class=\"entry-date updated td-module-date\" datetime=\"2019-10-11T14:12:24-03:00\" >11 octubre, 2019<\/time><\/span>                    <span class=\"td-module-comments\"><a href=\"https:\/\/vamosporlaliberacion.org\/crpmlm\/misiones-la-violencia-obstetrica-mata-justicia-para-yohana-carvallo\/#respond\">0<\/a><\/span>                <\/div>\n\n                <div class=\"td-excerpt\">\n                    El calvario de Yohana empez\u00f3 cuatro d\u00edas antes de su muerte. Concurri\u00f3 al hospital p\u00fablico a causa de las contracciones y dolores propios del...                <\/div>\n            <\/div>\n\n        <\/div>\n\n        \n        <div class=\"td_module_16 td_module_wrap td-animation-stack\">\n            <div class=\"td-module-thumb\"><a href=\"https:\/\/vamosporlaliberacion.org\/crpmlm\/taller-de-soldadura-para-mujeres-derribando-mitos\/\" rel=\"bookmark\" class=\"td-image-wrap \" title=\"Taller de Soldadura para Mujeres: derribando mitos\" ><img loading=\"lazy\" decoding=\"async\" class=\"entry-thumb\" src=\"\" alt=\"\" title=\"Taller de Soldadura para Mujeres: derribando mitos\" data-type=\"image_tag\" data-img-url=\"https:\/\/i0.wp.com\/vamosporlaliberacion.org\/crpmlm\/wp-content\/uploads\/2019\/10\/hqdefault-1.jpg?resize=150%2C150&ssl=1\"  width=\"150\" height=\"150\" \/><span class=\"td-video-play-ico\"><i class=\"td-icon-video-thumb-play\"><\/i><\/span><\/a><\/div>\n            <div class=\"item-details\">\n                <h3 class=\"entry-title td-module-title\"><a href=\"https:\/\/vamosporlaliberacion.org\/crpmlm\/taller-de-soldadura-para-mujeres-derribando-mitos\/\" rel=\"bookmark\" title=\"Taller de Soldadura para Mujeres: derribando mitos\">Taller de Soldadura para Mujeres: derribando mitos<\/a><\/h3>\n                <div class=\"td-module-meta-info\">\n                                        <span class=\"td-post-author-name\"><a href=\"https:\/\/vamosporlaliberacion.org\/crpmlm\/author\/adminvxl\/\">vamos!<\/a> <span>-<\/span> <\/span>                    <span class=\"td-post-date\"><time class=\"entry-date updated td-module-date\" datetime=\"2019-10-11T14:11:59-03:00\" >11 octubre, 2019<\/time><\/span>                    <span class=\"td-module-comments\"><a href=\"https:\/\/vamosporlaliberacion.org\/crpmlm\/taller-de-soldadura-para-mujeres-derribando-mitos\/#respond\">0<\/a><\/span>                <\/div>\n\n                <div class=\"td-excerpt\">\n                    De la mano de la herrera, artista y activista feminista y contra la violencia hacia mujeres y ni\u00f1os, Olga Corrales, se viene desarrollando un...                <\/div>\n            <\/div>\n\n        <\/div>\n\n        \n        <div class=\"td_module_16 td_module_wrap td-animation-stack\">\n            <div class=\"td-module-thumb\"><a href=\"https:\/\/vamosporlaliberacion.org\/crpmlm\/poner-el-cuerpo-las-docentes-de-chubut\/\" rel=\"bookmark\" class=\"td-image-wrap \" title=\"Poner el cuerpo: las docentes de Chubut\" ><img loading=\"lazy\" decoding=\"async\" class=\"entry-thumb\" src=\"\" alt=\"\" title=\"Poner el cuerpo: las docentes de Chubut\" data-type=\"image_tag\" data-img-url=\"https:\/\/i0.wp.com\/vamosporlaliberacion.org\/crpmlm\/wp-content\/uploads\/2019\/10\/vxl150-chubut.png?resize=150%2C150&ssl=1\"  width=\"150\" height=\"150\" \/><\/a><\/div>\n            <div class=\"item-details\">\n                <h3 class=\"entry-title td-module-title\"><a href=\"https:\/\/vamosporlaliberacion.org\/crpmlm\/poner-el-cuerpo-las-docentes-de-chubut\/\" rel=\"bookmark\" title=\"Poner el cuerpo: las docentes de Chubut\">Poner el cuerpo: las docentes de Chubut<\/a><\/h3>\n                <div class=\"td-module-meta-info\">\n                                        <span class=\"td-post-author-name\"><a href=\"https:\/\/vamosporlaliberacion.org\/crpmlm\/author\/adminvxl\/\">vamos!<\/a> <span>-<\/span> <\/span>                    <span class=\"td-post-date\"><time class=\"entry-date updated td-module-date\" datetime=\"2019-10-11T13:49:50-03:00\" >11 octubre, 2019<\/time><\/span>                    <span class=\"td-module-comments\"><a href=\"https:\/\/vamosporlaliberacion.org\/crpmlm\/poner-el-cuerpo-las-docentes-de-chubut\/#respond\">0<\/a><\/span>                <\/div>\n\n                <div class=\"td-excerpt\">\n                    La docencia en la Argentina es una tarea que, desde el imaginario, es fuertemente femenina. Pero no s\u00f3lo lo es en el imaginario, sino...                <\/div>\n            <\/div>\n\n        <\/div>\n\n        \n        <div class=\"td_module_16 td_module_wrap td-animation-stack\">\n            <div class=\"td-module-thumb\"><a href=\"https:\/\/vamosporlaliberacion.org\/crpmlm\/la-rebelion-de-las-flores-nativas\/\" rel=\"bookmark\" class=\"td-image-wrap \" title=\"La rebeli\u00f3n de  las flores nativas\" ><img loading=\"lazy\" decoding=\"async\" class=\"entry-thumb\" src=\"\" alt=\"\" title=\"La rebeli\u00f3n de  las flores nativas\" data-type=\"image_tag\" data-img-url=\"https:\/\/i0.wp.com\/vamosporlaliberacion.org\/crpmlm\/wp-content\/uploads\/2019\/10\/vxl150-ocupacionmininterior2.png?resize=150%2C150&ssl=1\"  width=\"150\" height=\"150\" \/><\/a><\/div>\n            <div class=\"item-details\">\n                <h3 class=\"entry-title td-module-title\"><a href=\"https:\/\/vamosporlaliberacion.org\/crpmlm\/la-rebelion-de-las-flores-nativas\/\" rel=\"bookmark\" title=\"La rebeli\u00f3n de  las flores nativas\">La rebeli\u00f3n de  las flores nativas<\/a><\/h3>\n                <div class=\"td-module-meta-info\">\n                                        <span class=\"td-post-author-name\"><a href=\"https:\/\/vamosporlaliberacion.org\/crpmlm\/author\/adminvxl\/\">vamos!<\/a> <span>-<\/span> <\/span>                    <span class=\"td-post-date\"><time class=\"entry-date updated td-module-date\" datetime=\"2019-10-11T13:40:36-03:00\" >11 octubre, 2019<\/time><\/span>                    <span class=\"td-module-comments\"><a href=\"https:\/\/vamosporlaliberacion.org\/crpmlm\/la-rebelion-de-las-flores-nativas\/#respond\">0<\/a><\/span>                <\/div>\n\n                <div class=\"td-excerpt\">\n                    Mujeres ind\u00edgenas de diversas naciones ind\u00edgenas de manera autoconvocadas ocuparon el Ministerio del Interior exigiendo ser recibidas por el Ministro Rogelio Frigerio.\r\n\r\nReproducimos la gacetilla...                <\/div>\n            <\/div>\n\n        <\/div>\n\n        \n        <div class=\"td_module_16 td_module_wrap td-animation-stack\">\n            <div class=\"td-module-thumb\"><a href=\"https:\/\/vamosporlaliberacion.org\/crpmlm\/una-medida-para-criminalizar-a-los-trabajadores\/\" rel=\"bookmark\" class=\"td-image-wrap \" title=\"Una medida para criminalizar a los trabajadores\" ><img loading=\"lazy\" decoding=\"async\" class=\"entry-thumb\" src=\"\" alt=\"\" title=\"Una medida para criminalizar a los trabajadores\" data-type=\"image_tag\" data-img-url=\"https:\/\/i0.wp.com\/vamosporlaliberacion.org\/crpmlm\/wp-content\/uploads\/2019\/10\/vxl150-operativo.png?resize=150%2C150&ssl=1\"  width=\"150\" height=\"150\" \/><\/a><\/div>\n            <div class=\"item-details\">\n                <h3 class=\"entry-title td-module-title\"><a href=\"https:\/\/vamosporlaliberacion.org\/crpmlm\/una-medida-para-criminalizar-a-los-trabajadores\/\" rel=\"bookmark\" title=\"Una medida para criminalizar a los trabajadores\">Una medida para criminalizar a los trabajadores<\/a><\/h3>\n                <div class=\"td-module-meta-info\">\n                                        <span class=\"td-post-author-name\"><a href=\"https:\/\/vamosporlaliberacion.org\/crpmlm\/author\/adminvxl\/\">vamos!<\/a> <span>-<\/span> <\/span>                    <span class=\"td-post-date\"><time class=\"entry-date updated td-module-date\" datetime=\"2019-10-11T13:29:15-03:00\" >11 octubre, 2019<\/time><\/span>                    <span class=\"td-module-comments\"><a href=\"https:\/\/vamosporlaliberacion.org\/crpmlm\/una-medida-para-criminalizar-a-los-trabajadores\/#respond\">0<\/a><\/span>                <\/div>\n\n                <div class=\"td-excerpt\">\n                    La Ministra de Seguridad cre\u00f3 el programa \u201cOfensores de Trenes\u201d, bajo el pretexto de que ser\u00e1 una herramienta \u00fatil para prevenir \u201cdelitos en el...                <\/div>\n            <\/div>\n\n        <\/div>\n\n        \n        <div class=\"td_module_16 td_module_wrap td-animation-stack\">\n            <div class=\"td-module-thumb\"><a href=\"https:\/\/vamosporlaliberacion.org\/crpmlm\/elecciones-en-unter\/\" rel=\"bookmark\" class=\"td-image-wrap \" title=\"Elecciones en UNTER\" ><img loading=\"lazy\" decoding=\"async\" class=\"entry-thumb\" src=\"\" alt=\"\" title=\"Elecciones en UNTER\" data-type=\"image_tag\" data-img-url=\"https:\/\/i0.wp.com\/vamosporlaliberacion.org\/crpmlm\/wp-content\/uploads\/2019\/10\/vxl150-docentesunter.png?resize=150%2C150&ssl=1\"  width=\"150\" height=\"150\" \/><\/a><\/div>\n            <div class=\"item-details\">\n                <h3 class=\"entry-title td-module-title\"><a href=\"https:\/\/vamosporlaliberacion.org\/crpmlm\/elecciones-en-unter\/\" rel=\"bookmark\" title=\"Elecciones en UNTER\">Elecciones en UNTER<\/a><\/h3>\n                <div class=\"td-module-meta-info\">\n                                        <span class=\"td-post-author-name\"><a href=\"https:\/\/vamosporlaliberacion.org\/crpmlm\/author\/adminvxl\/\">vamos!<\/a> <span>-<\/span> <\/span>                    <span class=\"td-post-date\"><time class=\"entry-date updated td-module-date\" datetime=\"2019-10-11T12:24:53-03:00\" >11 octubre, 2019<\/time><\/span>                    <span class=\"td-module-comments\"><a href=\"https:\/\/vamosporlaliberacion.org\/crpmlm\/elecciones-en-unter\/#respond\">0<\/a><\/span>                <\/div>\n\n                <div class=\"td-excerpt\">\n                    El 2 de octubre se llevaron a cabo las elecciones del gremio docente, ganando con amplitud la actual conducci\u00f3n Azul-Arancibia, aliada del gobernador Weretilneck...                <\/div>\n            <\/div>\n\n        <\/div>\n\n        <\/div><\/div> <!-- .\/block --><div class=\"td_block_wrap td_block_21 tdi_19_f8d td-pb-border-top td_block_template_1 td-column-2\"  data-td-block-uid=\"tdi_19_f8d\" >\n<style>\n.td_block_template_2.widget > ul > li,\n            .td_block_template_6.widget > ul > li,\n            .td_block_template_8.widget > ul > li,\n            .td_block_template_9.widget > ul > li,\n            .td_block_template_10.widget > ul > li,\n            .td_block_template_11.widget > ul > li,\n            .td_block_template_12.widget > ul > li,\n            .td_block_template_13.widget > ul > li,\n            .td_block_template_14.widget > ul > li,\n            .td_block_template_15.widget > ul > li,\n            .td_block_template_16.widget > ul > li,\n            .td_block_template_17.widget > ul > li {\n                margin-left: 0 !important;\n            }\n            .global-block-template-12 .td-comments-title span,\n            .global-block-template-13 .td-comments-title span {\n                margin-left: 0 !important;\n                font-size: 20px;\n            }\n            @media (max-width: 767px) {\n                .global-block-template-12 .td-comments-title span,\n                .global-block-template-13 .td-comments-title span {\n                    font-size: 15px;\n                }\n            }\n            .td-block-title-wrap .td-wrapper-pulldown-filter {\n                font-family: 'Roboto', sans-serif;\n                position: absolute;\n                bottom: 0;\n                right: 0;\n                top: 0;\n                margin: auto 0;\n                z-index: 2;\n                background-color: #fff;\n                font-size: 13px;\n                line-height: 1;\n                color: #777;\n                text-align: right;\n            }\n            .td-block-title-wrap .td-wrapper-pulldown-filter .td-pulldown-filter-display-option {\n                cursor: pointer;\n                white-space: nowrap;\n                position: relative;\n                line-height: 29px;\n            }\n            .td-block-title-wrap .td-wrapper-pulldown-filter .td-pulldown-filter-display-option i {\n                font-size: 9px;\n                color: #777;\n                margin-left: 20px;\n                margin-right: 10px;\n            }\n            .td-block-title-wrap .td-wrapper-pulldown-filter .td-pulldown-filter-display-option i:before {\n                content: '\\e83d';\n            }\n            .td-block-title-wrap .td-wrapper-pulldown-filter .td-pulldown-filter-display-option span {\n                padding-left: 20px;\n                margin-right: -14px;\n            }\n            @media (max-width: 360px) {\n                .td-block-title-wrap .td-wrapper-pulldown-filter .td-pulldown-filter-display-option span {\n                    display: none;\n                }\n            }\n            .td-block-title-wrap .td-wrapper-pulldown-filter .td-pulldown-filter-display-option:hover {\n                color: #4db2ec;\n            }\n            .td-block-title-wrap .td-wrapper-pulldown-filter .td-pulldown-filter-display-option:hover i {\n                color: #4db2ec;\n            }\n            .td-block-title-wrap .td-wrapper-pulldown-filter .td-pulldown-filter-display-option:hover ul {\n                display: block;\n            }\n            .td-block-title-wrap .td-wrapper-pulldown-filter .td-pulldown-filter-list {\n                list-style: none;\n                position: absolute;\n                right: 0;\n                top: 100%;\n                padding: 18px 0;\n                background-color: rgb(255, 255, 255);\n                background-color: rgba(255, 255, 255, 0.95);\n                z-index: 999;\n                border-width: 1px;\n                border-color: #ededed;\n                border-style: solid;\n                display: none;\n                margin: 0;\n            }\n            .td-block-title-wrap .td-wrapper-pulldown-filter .td-pulldown-filter-item {\n                list-style: none;\n                margin: 0;\n            }\n            .td-block-title-wrap .td-wrapper-pulldown-filter .td-pulldown-filter-item .td-cur-simple-item {\n                color: #4db2ec;\n            }\n            .td-block-title-wrap .td-wrapper-pulldown-filter .td-pulldown-more {\n                padding-bottom: 10px;\n            }\n            .td-block-title-wrap .td-wrapper-pulldown-filter .td-pulldown-more:before {\n                content: '';\n                width: 70px;\n                height: 100%;\n                position: absolute;\n                margin-top: 2px;\n                top: 0;\n                right: 0;\n                z-index: 1;\n                opacity: 0;\n            }\n            .td-block-title-wrap .td-wrapper-pulldown-filter .td-pulldown-filter-link {\n                color: #777;\n                white-space: nowrap;\n                display: block;\n                line-height: 26px;\n                padding-left: 36px;\n                padding-right: 27px;\n            }\n            .td-block-title-wrap .td-wrapper-pulldown-filter .td-pulldown-filter-link:hover {\n                color: #4db2ec;\n            }\n            @media (min-width: 768px) and (max-width: 1018px) {\n                .td-pb-span4 .td-block-title-wrap .td-wrapper-pulldown-filter .td-pulldown-filter-display-option span {\n                    display: none;\n                }\n                .td-pb-span4 .td-block-title-wrap .td-wrapper-pulldown-filter .td-pulldown-filter-link {\n                    padding-left: 24px;\n                    padding-right: 20px !important;\n                }\n            }\n            @-moz-document url-prefix() {\n                .td-pulldown-syle-default .td-subcat-more,\n                .td-pulldown-syle-default .td-subcat-list {\n                    position: relative;\n                    top: -1px;\n                }\n            }\n            .td-pulldown-syle-2 {\n                top: 0;\n            }\n            .td-pulldown-syle-2 .td-subcat-dropdown ul {\n                padding: 20px 0;\n                margin-top: 0;\n            }\n            .td-pulldown-syle-2 .td-subcat-dropdown ul:after {\n                content: '';\n                position: absolute;\n                width: calc(100% + 2px);\n                height: 3px;\n                top: 0;\n                left: -1px;\n                background-color: #4db2ec;\n            }\n            .td-pulldown-syle-2 .td-subcat-dropdown a {\n                padding-left: 40px;\n                padding-right: 31px;\n            }\n            .td-pulldown-syle-2 .td-subcat-dropdown:hover .td-subcat-more {\n                background-color: transparent !important;\n            }\n            .td-pulldown-syle-2 .td-subcat-dropdown:hover .td-subcat-more span,\n            .td-pulldown-syle-2 .td-subcat-dropdown:hover .td-subcat-more i {\n                color: #4db2ec;\n            }\n            .td-pulldown-syle-2 .td-subcat-dropdown .td-subcat-more {\n                margin-left: 9px;\n                margin-bottom: 8px; \/\/ this align the dropdown list\n            }\n            .td-pulldown-syle-2 .td-subcat-list .td-subcat-item {\n                margin-left: 24px;\n            }\n            .td-pulldown-syle-3 {\n                top: 0;\n            }\n            .td-pulldown-syle-3 .td-subcat-dropdown ul {\n                padding: 15px 0;\n                margin-top: -1px;\n                border-width: 1px;\n            }\n            .td-pulldown-syle-3 .td-subcat-dropdown a {\n                padding-left: 40px;\n                padding-right: 31px;\n            }\n            .td-pulldown-syle-3 .td-subcat-dropdown &:hover .td-subcat-more {\n                background-color: transparent !important;\n            }\n            .td-pulldown-syle-3 .td-subcat-dropdown &:hover .td-subcat-more span,\n            .td-pulldown-syle-3 .td-subcat-dropdown &:hover .td-subcat-more i {\n                color: #4db2ec;\n            }\n            .td-pulldown-syle-3 .td-subcat-dropdown .td-subcat-more {\n                margin-left: 9px;\n                margin-bottom: 8px; \/\/ this align the dropdown list\n            }\n            .td-pulldown-syle-3 .td-subcat-list .td-subcat-item {\n                margin-left: 24px;\n            }\n            \n            \n\n            \n            .td-theme-wrap .tdi_19_f8d .td-pulldown-filter-link:hover,\n            .td-theme-wrap .tdi_19_f8d .td-subcat-item a:hover,\n            .td-theme-wrap .tdi_19_f8d .td-subcat-item .td-cur-simple-item {\n                color: #dd3333;\n            }\n\n            .td-theme-wrap .tdi_19_f8d .block-title > *,\n            .td-theme-wrap .tdi_19_f8d .td-subcat-dropdown:hover .td-subcat-more {\n                background-color: #dd3333;\n            }\n            .td-theme-wrap .td-footer-wrapper .tdi_19_f8d .block-title > * {\n                padding: 6px 7px 5px;\n                line-height: 1;\n            }\n\n            .td-theme-wrap .tdi_19_f8d .block-title {\n                border-color: #dd3333;\n            }\n\n            \n            .td-theme-wrap .tdi_19_f8d .td_module_wrap:hover .entry-title a,\n            .td-theme-wrap .tdi_19_f8d .td_quote_on_blocks,\n            .td-theme-wrap .tdi_19_f8d .td-opacity-cat .td-post-category:hover,\n            .td-theme-wrap .tdi_19_f8d .td-opacity-read .td-read-more a:hover,\n            .td-theme-wrap .tdi_19_f8d .td-opacity-author .td-post-author-name a:hover,\n            .td-theme-wrap .tdi_19_f8d .td-instagram-user a {\n                color: #dd3333;\n            }\n\n            .td-theme-wrap .tdi_19_f8d .td-next-prev-wrap a:hover,\n            .td-theme-wrap .tdi_19_f8d .td-load-more-wrap a:hover {\n                background-color: #dd3333;\n                border-color: #dd3333;\n            }\n\n            .td-theme-wrap .tdi_19_f8d .td-read-more a,\n            .td-theme-wrap .tdi_19_f8d .td-weather-information:before,\n            .td-theme-wrap .tdi_19_f8d .td-weather-week:before,\n            .td-theme-wrap .tdi_19_f8d .td-exchange-header:before,\n            .td-theme-wrap .td-footer-wrapper .tdi_19_f8d .td-post-category,\n            .td-theme-wrap .tdi_19_f8d .td-post-category:hover {\n                background-color: #dd3333;\n            }\n<\/style><script>var block_tdi_19_f8d = new tdBlock();\nblock_tdi_19_f8d.id = \"tdi_19_f8d\";\nblock_tdi_19_f8d.atts = '{\"custom_title\":\"Sindical\",\"header_color\":\"#dd3333\",\"category_id\":\"12\",\"tag_slug\":\"vxl150\",\"limit\":\"10\",\"td_filter_default_txt\":\"Todo\",\"block_type\":\"td_block_21\",\"separator\":\"\",\"custom_url\":\"\",\"block_template_id\":\"\",\"m16_tl\":\"\",\"m16_el\":\"\",\"post_ids\":\"\",\"category_ids\":\"\",\"autors_id\":\"\",\"installed_post_types\":\"\",\"sort\":\"\",\"offset\":\"\",\"show_modified_date\":\"\",\"el_class\":\"\",\"td_ajax_filter_type\":\"\",\"td_ajax_filter_ids\":\"\",\"td_ajax_preloading\":\"\",\"f_header_font_header\":\"\",\"f_header_font_title\":\"Block header\",\"f_header_font_settings\":\"\",\"f_header_font_family\":\"\",\"f_header_font_size\":\"\",\"f_header_font_line_height\":\"\",\"f_header_font_style\":\"\",\"f_header_font_weight\":\"\",\"f_header_font_transform\":\"\",\"f_header_font_spacing\":\"\",\"f_header_\":\"\",\"f_ajax_font_title\":\"Ajax categories\",\"f_ajax_font_settings\":\"\",\"f_ajax_font_family\":\"\",\"f_ajax_font_size\":\"\",\"f_ajax_font_line_height\":\"\",\"f_ajax_font_style\":\"\",\"f_ajax_font_weight\":\"\",\"f_ajax_font_transform\":\"\",\"f_ajax_font_spacing\":\"\",\"f_ajax_\":\"\",\"f_more_font_title\":\"Load more button\",\"f_more_font_settings\":\"\",\"f_more_font_family\":\"\",\"f_more_font_size\":\"\",\"f_more_font_line_height\":\"\",\"f_more_font_style\":\"\",\"f_more_font_weight\":\"\",\"f_more_font_transform\":\"\",\"f_more_font_spacing\":\"\",\"f_more_\":\"\",\"m16f_title_font_header\":\"\",\"m16f_title_font_title\":\"Article title\",\"m16f_title_font_settings\":\"\",\"m16f_title_font_family\":\"\",\"m16f_title_font_size\":\"\",\"m16f_title_font_line_height\":\"\",\"m16f_title_font_style\":\"\",\"m16f_title_font_weight\":\"\",\"m16f_title_font_transform\":\"\",\"m16f_title_font_spacing\":\"\",\"m16f_title_\":\"\",\"m16f_cat_font_title\":\"Article category tag\",\"m16f_cat_font_settings\":\"\",\"m16f_cat_font_family\":\"\",\"m16f_cat_font_size\":\"\",\"m16f_cat_font_line_height\":\"\",\"m16f_cat_font_style\":\"\",\"m16f_cat_font_weight\":\"\",\"m16f_cat_font_transform\":\"\",\"m16f_cat_font_spacing\":\"\",\"m16f_cat_\":\"\",\"m16f_meta_font_title\":\"Article meta info\",\"m16f_meta_font_settings\":\"\",\"m16f_meta_font_family\":\"\",\"m16f_meta_font_size\":\"\",\"m16f_meta_font_line_height\":\"\",\"m16f_meta_font_style\":\"\",\"m16f_meta_font_weight\":\"\",\"m16f_meta_font_transform\":\"\",\"m16f_meta_font_spacing\":\"\",\"m16f_meta_\":\"\",\"m16f_ex_font_title\":\"Article excerpt\",\"m16f_ex_font_settings\":\"\",\"m16f_ex_font_family\":\"\",\"m16f_ex_font_size\":\"\",\"m16f_ex_font_line_height\":\"\",\"m16f_ex_font_style\":\"\",\"m16f_ex_font_weight\":\"\",\"m16f_ex_font_transform\":\"\",\"m16f_ex_font_spacing\":\"\",\"m16f_ex_\":\"\",\"ajax_pagination\":\"\",\"ajax_pagination_infinite_stop\":\"\",\"css\":\"\",\"tdc_css\":\"\",\"td_column_number\":2,\"color_preset\":\"\",\"border_top\":\"\",\"class\":\"tdi_19_f8d\",\"tdc_css_class\":\"tdi_19_f8d\",\"tdc_css_class_style\":\"tdi_19_f8d_rand_style\"}';\nblock_tdi_19_f8d.td_column_number = \"2\";\nblock_tdi_19_f8d.block_type = \"td_block_21\";\nblock_tdi_19_f8d.post_count = \"10\";\nblock_tdi_19_f8d.found_posts = \"21\";\nblock_tdi_19_f8d.header_color = \"#dd3333\";\nblock_tdi_19_f8d.ajax_pagination_infinite_stop = \"\";\nblock_tdi_19_f8d.max_num_pages = \"3\";\ntdBlocksArray.push(block_tdi_19_f8d);\n<\/script><div class=\"td-block-title-wrap\"><h4 class=\"block-title td-block-title\"><span class=\"td-pulldown-size\">Sindical<\/span><\/h4><\/div><div id=tdi_19_f8d class=\"td_block_inner\">\n        <div class=\"td_module_16 td_module_wrap td-animation-stack\">\n            <div class=\"td-module-thumb\"><a href=\"https:\/\/vamosporlaliberacion.org\/crpmlm\/el-plan-argentina-sin-hambre\/\" rel=\"bookmark\" class=\"td-image-wrap \" title=\"El Plan \u201cArgentina sin hambre\u201d\" ><img loading=\"lazy\" decoding=\"async\" class=\"entry-thumb\" src=\"\" alt=\"\" title=\"El Plan \u201cArgentina sin hambre\u201d\" data-type=\"image_tag\" data-img-url=\"https:\/\/i0.wp.com\/vamosporlaliberacion.org\/crpmlm\/wp-content\/uploads\/2019\/10\/vxl150-argentinasinhambre.png?resize=150%2C150&ssl=1\"  width=\"150\" height=\"150\" \/><\/a><\/div>\n            <div class=\"item-details\">\n                <h3 class=\"entry-title td-module-title\"><a href=\"https:\/\/vamosporlaliberacion.org\/crpmlm\/el-plan-argentina-sin-hambre\/\" rel=\"bookmark\" title=\"El Plan \u201cArgentina sin hambre\u201d\">El Plan \u201cArgentina sin hambre\u201d<\/a><\/h3>\n                <div class=\"td-module-meta-info\">\n                                        <span class=\"td-post-author-name\"><a href=\"https:\/\/vamosporlaliberacion.org\/crpmlm\/author\/adminvxl\/\">vamos!<\/a> <span>-<\/span> <\/span>                    <span class=\"td-post-date\"><time class=\"entry-date updated td-module-date\" datetime=\"2019-10-11T16:06:37-03:00\" >11 octubre, 2019<\/time><\/span>                    <span class=\"td-module-comments\"><a href=\"https:\/\/vamosporlaliberacion.org\/crpmlm\/el-plan-argentina-sin-hambre\/#respond\">0<\/a><\/span>                <\/div>\n\n                <div class=\"td-excerpt\">\n                    De lo explicado y lo que se conoce, anuncian un plan que no se reduce a paliar el hambre en los hogares argentinos, parando...                <\/div>\n            <\/div>\n\n        <\/div>\n\n        \n        <div class=\"td_module_16 td_module_wrap td-animation-stack\">\n            <div class=\"td-module-thumb\"><a href=\"https:\/\/vamosporlaliberacion.org\/crpmlm\/la-unidad-del-movimiento-obrero-que-unidad-cuando-para-que\/\" rel=\"bookmark\" class=\"td-image-wrap \" title=\"La unidad del movimiento obrero: \u00bfqu\u00e9 unidad, cu\u00e1ndo, para qu\u00e9?\" ><img loading=\"lazy\" decoding=\"async\" class=\"entry-thumb\" src=\"\" alt=\"\" title=\"La unidad del movimiento obrero: \u00bfqu\u00e9 unidad, cu\u00e1ndo, para qu\u00e9?\" data-type=\"image_tag\" data-img-url=\"https:\/\/i0.wp.com\/vamosporlaliberacion.org\/crpmlm\/wp-content\/uploads\/2019\/10\/vxl150-mielcitas.png?resize=150%2C150&ssl=1\"  width=\"150\" height=\"150\" \/><\/a><\/div>\n            <div class=\"item-details\">\n                <h3 class=\"entry-title td-module-title\"><a href=\"https:\/\/vamosporlaliberacion.org\/crpmlm\/la-unidad-del-movimiento-obrero-que-unidad-cuando-para-que\/\" rel=\"bookmark\" title=\"La unidad del movimiento obrero: \u00bfqu\u00e9 unidad, cu\u00e1ndo, para qu\u00e9?\">La unidad del movimiento obrero: \u00bfqu\u00e9 unidad, cu\u00e1ndo, para qu\u00e9?<\/a><\/h3>\n                <div class=\"td-module-meta-info\">\n                                        <span class=\"td-post-author-name\"><a href=\"https:\/\/vamosporlaliberacion.org\/crpmlm\/author\/adminvxl\/\">vamos!<\/a> <span>-<\/span> <\/span>                    <span class=\"td-post-date\"><time class=\"entry-date updated td-module-date\" datetime=\"2019-10-11T15:59:47-03:00\" >11 octubre, 2019<\/time><\/span>                    <span class=\"td-module-comments\"><a href=\"https:\/\/vamosporlaliberacion.org\/crpmlm\/la-unidad-del-movimiento-obrero-que-unidad-cuando-para-que\/#respond\">0<\/a><\/span>                <\/div>\n\n                <div class=\"td-excerpt\">\n                    La unidad es para los trabajadores\/as una necesidad hondamente vital, puesto que sin ella no pueden hacer frente de manera efectiva a los voraces...                <\/div>\n            <\/div>\n\n        <\/div>\n\n        \n        <div class=\"td_module_16 td_module_wrap td-animation-stack\">\n            <div class=\"td-module-thumb\"><a href=\"https:\/\/vamosporlaliberacion.org\/crpmlm\/cipolletti-presentacion-del-mp-liberacion\/\" rel=\"bookmark\" class=\"td-image-wrap \" title=\"Cipolletti: presentaci\u00f3n del MP Liberaci\u00f3n\" ><img loading=\"lazy\" decoding=\"async\" class=\"entry-thumb\" src=\"\" alt=\"\" title=\"Cipolletti: presentaci\u00f3n del MP Liberaci\u00f3n\" data-type=\"image_tag\" data-img-url=\"https:\/\/i0.wp.com\/vamosporlaliberacion.org\/crpmlm\/wp-content\/uploads\/2019\/10\/vxl150-mplcipolleti.png?resize=150%2C150&ssl=1\"  width=\"150\" height=\"150\" \/><\/a><\/div>\n            <div class=\"item-details\">\n                <h3 class=\"entry-title td-module-title\"><a href=\"https:\/\/vamosporlaliberacion.org\/crpmlm\/cipolletti-presentacion-del-mp-liberacion\/\" rel=\"bookmark\" title=\"Cipolletti: presentaci\u00f3n del MP Liberaci\u00f3n\">Cipolletti: presentaci\u00f3n del MP Liberaci\u00f3n<\/a><\/h3>\n                <div class=\"td-module-meta-info\">\n                                        <span class=\"td-post-author-name\"><a href=\"https:\/\/vamosporlaliberacion.org\/crpmlm\/author\/adminvxl\/\">vamos!<\/a> <span>-<\/span> <\/span>                    <span class=\"td-post-date\"><time class=\"entry-date updated td-module-date\" datetime=\"2019-10-11T15:55:47-03:00\" >11 octubre, 2019<\/time><\/span>                    <span class=\"td-module-comments\"><a href=\"https:\/\/vamosporlaliberacion.org\/crpmlm\/cipolletti-presentacion-del-mp-liberacion\/#respond\">0<\/a><\/span>                <\/div>\n\n                <div class=\"td-excerpt\">\n                    El pasado viernes 4 de octubre, entre mates y empanadas matizadas con la guitarra y la c\u00e1lida voz de un compa\u00f1ero mapuche, el MPL...                <\/div>\n            <\/div>\n\n        <\/div>\n\n        \n        <div class=\"td_module_16 td_module_wrap td-animation-stack\">\n            <div class=\"td-module-thumb\"><a href=\"https:\/\/vamosporlaliberacion.org\/crpmlm\/34o-encuentro-nacional-de-mujeres\/\" rel=\"bookmark\" class=\"td-image-wrap \" title=\"34\u00ba Encuentro Nacional de Mujeres\" ><img loading=\"lazy\" decoding=\"async\" class=\"entry-thumb\" src=\"\" alt=\"\" title=\"34\u00ba Encuentro Nacional de Mujeres\" data-type=\"image_tag\" data-img-url=\"https:\/\/i0.wp.com\/vamosporlaliberacion.org\/crpmlm\/wp-content\/uploads\/2019\/10\/vxl150-34enm.png?resize=150%2C150&ssl=1\"  width=\"150\" height=\"150\" \/><\/a><\/div>\n            <div class=\"item-details\">\n                <h3 class=\"entry-title td-module-title\"><a href=\"https:\/\/vamosporlaliberacion.org\/crpmlm\/34o-encuentro-nacional-de-mujeres\/\" rel=\"bookmark\" title=\"34\u00ba Encuentro Nacional de Mujeres\">34\u00ba Encuentro Nacional de Mujeres<\/a><\/h3>\n                <div class=\"td-module-meta-info\">\n                                        <span class=\"td-post-author-name\"><a href=\"https:\/\/vamosporlaliberacion.org\/crpmlm\/author\/adminvxl\/\">vamos!<\/a> <span>-<\/span> <\/span>                    <span class=\"td-post-date\"><time class=\"entry-date updated td-module-date\" datetime=\"2019-10-11T14:30:30-03:00\" >11 octubre, 2019<\/time><\/span>                    <span class=\"td-module-comments\"><a href=\"https:\/\/vamosporlaliberacion.org\/crpmlm\/34o-encuentro-nacional-de-mujeres\/#respond\">0<\/a><\/span>                <\/div>\n\n                <div class=\"td-excerpt\">\n                    miles de mujeres, lesbianas, trans y travestis vamos a ser las protagonistas del encuentro m\u00e1s grande de la historia. Los encuentros nacionales de mujeres...                <\/div>\n            <\/div>\n\n        <\/div>\n\n        \n        <div class=\"td_module_16 td_module_wrap td-animation-stack\">\n            <div class=\"td-module-thumb\"><a href=\"https:\/\/vamosporlaliberacion.org\/crpmlm\/misiones-la-violencia-obstetrica-mata-justicia-para-yohana-carvallo\/\" rel=\"bookmark\" class=\"td-image-wrap \" title=\"Misiones: La violencia obst\u00e9trica mata: Justicia para Yohana Carvallo\" ><img loading=\"lazy\" decoding=\"async\" class=\"entry-thumb\" src=\"\" alt=\"\" title=\"Misiones: La violencia obst\u00e9trica mata: Justicia para Yohana Carvallo\" data-type=\"image_tag\" data-img-url=\"https:\/\/i0.wp.com\/vamosporlaliberacion.org\/crpmlm\/wp-content\/uploads\/2019\/10\/vxl150-movilizacionmontecarlo.png?resize=150%2C150&ssl=1\"  width=\"150\" height=\"150\" \/><\/a><\/div>\n            <div class=\"item-details\">\n                <h3 class=\"entry-title td-module-title\"><a href=\"https:\/\/vamosporlaliberacion.org\/crpmlm\/misiones-la-violencia-obstetrica-mata-justicia-para-yohana-carvallo\/\" rel=\"bookmark\" title=\"Misiones: La violencia obst\u00e9trica mata: Justicia para Yohana Carvallo\">Misiones: La violencia obst\u00e9trica mata: Justicia para Yohana Carvallo<\/a><\/h3>\n                <div class=\"td-module-meta-info\">\n                                        <span class=\"td-post-author-name\"><a href=\"https:\/\/vamosporlaliberacion.org\/crpmlm\/author\/adminvxl\/\">vamos!<\/a> <span>-<\/span> <\/span>                    <span class=\"td-post-date\"><time class=\"entry-date updated td-module-date\" datetime=\"2019-10-11T14:12:24-03:00\" >11 octubre, 2019<\/time><\/span>                    <span class=\"td-module-comments\"><a href=\"https:\/\/vamosporlaliberacion.org\/crpmlm\/misiones-la-violencia-obstetrica-mata-justicia-para-yohana-carvallo\/#respond\">0<\/a><\/span>                <\/div>\n\n                <div class=\"td-excerpt\">\n                    El calvario de Yohana empez\u00f3 cuatro d\u00edas antes de su muerte. Concurri\u00f3 al hospital p\u00fablico a causa de las contracciones y dolores propios del...                <\/div>\n            <\/div>\n\n        <\/div>\n\n        \n        <div class=\"td_module_16 td_module_wrap td-animation-stack\">\n            <div class=\"td-module-thumb\"><a href=\"https:\/\/vamosporlaliberacion.org\/crpmlm\/taller-de-soldadura-para-mujeres-derribando-mitos\/\" rel=\"bookmark\" class=\"td-image-wrap \" title=\"Taller de Soldadura para Mujeres: derribando mitos\" ><img loading=\"lazy\" decoding=\"async\" class=\"entry-thumb\" src=\"\" alt=\"\" title=\"Taller de Soldadura para Mujeres: derribando mitos\" data-type=\"image_tag\" data-img-url=\"https:\/\/i0.wp.com\/vamosporlaliberacion.org\/crpmlm\/wp-content\/uploads\/2019\/10\/hqdefault-1.jpg?resize=150%2C150&ssl=1\"  width=\"150\" height=\"150\" \/><span class=\"td-video-play-ico\"><i class=\"td-icon-video-thumb-play\"><\/i><\/span><\/a><\/div>\n            <div class=\"item-details\">\n                <h3 class=\"entry-title td-module-title\"><a href=\"https:\/\/vamosporlaliberacion.org\/crpmlm\/taller-de-soldadura-para-mujeres-derribando-mitos\/\" rel=\"bookmark\" title=\"Taller de Soldadura para Mujeres: derribando mitos\">Taller de Soldadura para Mujeres: derribando mitos<\/a><\/h3>\n                <div class=\"td-module-meta-info\">\n                                        <span class=\"td-post-author-name\"><a href=\"https:\/\/vamosporlaliberacion.org\/crpmlm\/author\/adminvxl\/\">vamos!<\/a> <span>-<\/span> <\/span>                    <span class=\"td-post-date\"><time class=\"entry-date updated td-module-date\" datetime=\"2019-10-11T14:11:59-03:00\" >11 octubre, 2019<\/time><\/span>                    <span class=\"td-module-comments\"><a href=\"https:\/\/vamosporlaliberacion.org\/crpmlm\/taller-de-soldadura-para-mujeres-derribando-mitos\/#respond\">0<\/a><\/span>                <\/div>\n\n                <div class=\"td-excerpt\">\n                    De la mano de la herrera, artista y activista feminista y contra la violencia hacia mujeres y ni\u00f1os, Olga Corrales, se viene desarrollando un...                <\/div>\n            <\/div>\n\n        <\/div>\n\n        \n        <div class=\"td_module_16 td_module_wrap td-animation-stack\">\n            <div class=\"td-module-thumb\"><a href=\"https:\/\/vamosporlaliberacion.org\/crpmlm\/poner-el-cuerpo-las-docentes-de-chubut\/\" rel=\"bookmark\" class=\"td-image-wrap \" title=\"Poner el cuerpo: las docentes de Chubut\" ><img loading=\"lazy\" decoding=\"async\" class=\"entry-thumb\" src=\"\" alt=\"\" title=\"Poner el cuerpo: las docentes de Chubut\" data-type=\"image_tag\" data-img-url=\"https:\/\/i0.wp.com\/vamosporlaliberacion.org\/crpmlm\/wp-content\/uploads\/2019\/10\/vxl150-chubut.png?resize=150%2C150&ssl=1\"  width=\"150\" height=\"150\" \/><\/a><\/div>\n            <div class=\"item-details\">\n                <h3 class=\"entry-title td-module-title\"><a href=\"https:\/\/vamosporlaliberacion.org\/crpmlm\/poner-el-cuerpo-las-docentes-de-chubut\/\" rel=\"bookmark\" title=\"Poner el cuerpo: las docentes de Chubut\">Poner el cuerpo: las docentes de Chubut<\/a><\/h3>\n                <div class=\"td-module-meta-info\">\n                                        <span class=\"td-post-author-name\"><a href=\"https:\/\/vamosporlaliberacion.org\/crpmlm\/author\/adminvxl\/\">vamos!<\/a> <span>-<\/span> <\/span>                    <span class=\"td-post-date\"><time class=\"entry-date updated td-module-date\" datetime=\"2019-10-11T13:49:50-03:00\" >11 octubre, 2019<\/time><\/span>                    <span class=\"td-module-comments\"><a href=\"https:\/\/vamosporlaliberacion.org\/crpmlm\/poner-el-cuerpo-las-docentes-de-chubut\/#respond\">0<\/a><\/span>                <\/div>\n\n                <div class=\"td-excerpt\">\n                    La docencia en la Argentina es una tarea que, desde el imaginario, es fuertemente femenina. Pero no s\u00f3lo lo es en el imaginario, sino...                <\/div>\n            <\/div>\n\n        <\/div>\n\n        \n        <div class=\"td_module_16 td_module_wrap td-animation-stack\">\n            <div class=\"td-module-thumb\"><a href=\"https:\/\/vamosporlaliberacion.org\/crpmlm\/la-rebelion-de-las-flores-nativas\/\" rel=\"bookmark\" class=\"td-image-wrap \" title=\"La rebeli\u00f3n de  las flores nativas\" ><img loading=\"lazy\" decoding=\"async\" class=\"entry-thumb\" src=\"\" alt=\"\" title=\"La rebeli\u00f3n de  las flores nativas\" data-type=\"image_tag\" data-img-url=\"https:\/\/i0.wp.com\/vamosporlaliberacion.org\/crpmlm\/wp-content\/uploads\/2019\/10\/vxl150-ocupacionmininterior2.png?resize=150%2C150&ssl=1\"  width=\"150\" height=\"150\" \/><\/a><\/div>\n            <div class=\"item-details\">\n                <h3 class=\"entry-title td-module-title\"><a href=\"https:\/\/vamosporlaliberacion.org\/crpmlm\/la-rebelion-de-las-flores-nativas\/\" rel=\"bookmark\" title=\"La rebeli\u00f3n de  las flores nativas\">La rebeli\u00f3n de  las flores nativas<\/a><\/h3>\n                <div class=\"td-module-meta-info\">\n                                        <span class=\"td-post-author-name\"><a href=\"https:\/\/vamosporlaliberacion.org\/crpmlm\/author\/adminvxl\/\">vamos!<\/a> <span>-<\/span> <\/span>                    <span class=\"td-post-date\"><time class=\"entry-date updated td-module-date\" datetime=\"2019-10-11T13:40:36-03:00\" >11 octubre, 2019<\/time><\/span>                    <span class=\"td-module-comments\"><a href=\"https:\/\/vamosporlaliberacion.org\/crpmlm\/la-rebelion-de-las-flores-nativas\/#respond\">0<\/a><\/span>                <\/div>\n\n                <div class=\"td-excerpt\">\n                    Mujeres ind\u00edgenas de diversas naciones ind\u00edgenas de manera autoconvocadas ocuparon el Ministerio del Interior exigiendo ser recibidas por el Ministro Rogelio Frigerio.\r\n\r\nReproducimos la gacetilla...                <\/div>\n            <\/div>\n\n        <\/div>\n\n        \n        <div class=\"td_module_16 td_module_wrap td-animation-stack\">\n            <div class=\"td-module-thumb\"><a href=\"https:\/\/vamosporlaliberacion.org\/crpmlm\/una-medida-para-criminalizar-a-los-trabajadores\/\" rel=\"bookmark\" class=\"td-image-wrap \" title=\"Una medida para criminalizar a los trabajadores\" ><img loading=\"lazy\" decoding=\"async\" class=\"entry-thumb\" src=\"\" alt=\"\" title=\"Una medida para criminalizar a los trabajadores\" data-type=\"image_tag\" data-img-url=\"https:\/\/i0.wp.com\/vamosporlaliberacion.org\/crpmlm\/wp-content\/uploads\/2019\/10\/vxl150-operativo.png?resize=150%2C150&ssl=1\"  width=\"150\" height=\"150\" \/><\/a><\/div>\n            <div class=\"item-details\">\n                <h3 class=\"entry-title td-module-title\"><a href=\"https:\/\/vamosporlaliberacion.org\/crpmlm\/una-medida-para-criminalizar-a-los-trabajadores\/\" rel=\"bookmark\" title=\"Una medida para criminalizar a los trabajadores\">Una medida para criminalizar a los trabajadores<\/a><\/h3>\n                <div class=\"td-module-meta-info\">\n                                        <span class=\"td-post-author-name\"><a href=\"https:\/\/vamosporlaliberacion.org\/crpmlm\/author\/adminvxl\/\">vamos!<\/a> <span>-<\/span> <\/span>                    <span class=\"td-post-date\"><time class=\"entry-date updated td-module-date\" datetime=\"2019-10-11T13:29:15-03:00\" >11 octubre, 2019<\/time><\/span>                    <span class=\"td-module-comments\"><a href=\"https:\/\/vamosporlaliberacion.org\/crpmlm\/una-medida-para-criminalizar-a-los-trabajadores\/#respond\">0<\/a><\/span>                <\/div>\n\n                <div class=\"td-excerpt\">\n                    La Ministra de Seguridad cre\u00f3 el programa \u201cOfensores de Trenes\u201d, bajo el pretexto de que ser\u00e1 una herramienta \u00fatil para prevenir \u201cdelitos en el...                <\/div>\n            <\/div>\n\n        <\/div>\n\n        \n        <div class=\"td_module_16 td_module_wrap td-animation-stack\">\n            <div class=\"td-module-thumb\"><a href=\"https:\/\/vamosporlaliberacion.org\/crpmlm\/elecciones-en-unter\/\" rel=\"bookmark\" class=\"td-image-wrap \" title=\"Elecciones en UNTER\" ><img loading=\"lazy\" decoding=\"async\" class=\"entry-thumb\" src=\"\" alt=\"\" title=\"Elecciones en UNTER\" data-type=\"image_tag\" data-img-url=\"https:\/\/i0.wp.com\/vamosporlaliberacion.org\/crpmlm\/wp-content\/uploads\/2019\/10\/vxl150-docentesunter.png?resize=150%2C150&ssl=1\"  width=\"150\" height=\"150\" \/><\/a><\/div>\n            <div class=\"item-details\">\n                <h3 class=\"entry-title td-module-title\"><a href=\"https:\/\/vamosporlaliberacion.org\/crpmlm\/elecciones-en-unter\/\" rel=\"bookmark\" title=\"Elecciones en UNTER\">Elecciones en UNTER<\/a><\/h3>\n                <div class=\"td-module-meta-info\">\n                                        <span class=\"td-post-author-name\"><a href=\"https:\/\/vamosporlaliberacion.org\/crpmlm\/author\/adminvxl\/\">vamos!<\/a> <span>-<\/span> <\/span>                    <span class=\"td-post-date\"><time class=\"entry-date updated td-module-date\" datetime=\"2019-10-11T12:24:53-03:00\" >11 octubre, 2019<\/time><\/span>                    <span class=\"td-module-comments\"><a href=\"https:\/\/vamosporlaliberacion.org\/crpmlm\/elecciones-en-unter\/#respond\">0<\/a><\/span>                <\/div>\n\n                <div class=\"td-excerpt\">\n                    El 2 de octubre se llevaron a cabo las elecciones del gremio docente, ganando con amplitud la actual conducci\u00f3n Azul-Arancibia, aliada del gobernador Weretilneck...                <\/div>\n            <\/div>\n\n        <\/div>\n\n        <\/div><\/div> <!-- .\/block --><div class=\"td_block_wrap td_block_21 tdi_20_62a td-pb-border-top td_block_template_1 td-column-2\"  data-td-block-uid=\"tdi_20_62a\" >\n<style>\n.td_block_template_2.widget > ul > li,\n            .td_block_template_6.widget > ul > li,\n            .td_block_template_8.widget > ul > li,\n            .td_block_template_9.widget > ul > li,\n            .td_block_template_10.widget > ul > li,\n            .td_block_template_11.widget > ul > li,\n            .td_block_template_12.widget > ul > li,\n            .td_block_template_13.widget > ul > li,\n            .td_block_template_14.widget > ul > li,\n            .td_block_template_15.widget > ul > li,\n            .td_block_template_16.widget > ul > li,\n            .td_block_template_17.widget > ul > li {\n                margin-left: 0 !important;\n            }\n            .global-block-template-12 .td-comments-title span,\n            .global-block-template-13 .td-comments-title span {\n                margin-left: 0 !important;\n                font-size: 20px;\n            }\n            @media (max-width: 767px) {\n                .global-block-template-12 .td-comments-title span,\n                .global-block-template-13 .td-comments-title span {\n                    font-size: 15px;\n                }\n            }\n            .td-block-title-wrap .td-wrapper-pulldown-filter {\n                font-family: 'Roboto', sans-serif;\n                position: absolute;\n                bottom: 0;\n                right: 0;\n                top: 0;\n                margin: auto 0;\n                z-index: 2;\n                background-color: #fff;\n                font-size: 13px;\n                line-height: 1;\n                color: #777;\n                text-align: right;\n            }\n            .td-block-title-wrap .td-wrapper-pulldown-filter .td-pulldown-filter-display-option {\n                cursor: pointer;\n                white-space: nowrap;\n                position: relative;\n                line-height: 29px;\n            }\n            .td-block-title-wrap .td-wrapper-pulldown-filter .td-pulldown-filter-display-option i {\n                font-size: 9px;\n                color: #777;\n                margin-left: 20px;\n                margin-right: 10px;\n            }\n            .td-block-title-wrap .td-wrapper-pulldown-filter .td-pulldown-filter-display-option i:before {\n                content: '\\e83d';\n            }\n            .td-block-title-wrap .td-wrapper-pulldown-filter .td-pulldown-filter-display-option span {\n                padding-left: 20px;\n                margin-right: -14px;\n            }\n            @media (max-width: 360px) {\n                .td-block-title-wrap .td-wrapper-pulldown-filter .td-pulldown-filter-display-option span {\n                    display: none;\n                }\n            }\n            .td-block-title-wrap .td-wrapper-pulldown-filter .td-pulldown-filter-display-option:hover {\n                color: #4db2ec;\n            }\n            .td-block-title-wrap .td-wrapper-pulldown-filter .td-pulldown-filter-display-option:hover i {\n                color: #4db2ec;\n            }\n            .td-block-title-wrap .td-wrapper-pulldown-filter .td-pulldown-filter-display-option:hover ul {\n                display: block;\n            }\n            .td-block-title-wrap .td-wrapper-pulldown-filter .td-pulldown-filter-list {\n                list-style: none;\n                position: absolute;\n                right: 0;\n                top: 100%;\n                padding: 18px 0;\n                background-color: rgb(255, 255, 255);\n                background-color: rgba(255, 255, 255, 0.95);\n                z-index: 999;\n                border-width: 1px;\n                border-color: #ededed;\n                border-style: solid;\n                display: none;\n                margin: 0;\n            }\n            .td-block-title-wrap .td-wrapper-pulldown-filter .td-pulldown-filter-item {\n                list-style: none;\n                margin: 0;\n            }\n            .td-block-title-wrap .td-wrapper-pulldown-filter .td-pulldown-filter-item .td-cur-simple-item {\n                color: #4db2ec;\n            }\n            .td-block-title-wrap .td-wrapper-pulldown-filter .td-pulldown-more {\n                padding-bottom: 10px;\n            }\n            .td-block-title-wrap .td-wrapper-pulldown-filter .td-pulldown-more:before {\n                content: '';\n                width: 70px;\n                height: 100%;\n                position: absolute;\n                margin-top: 2px;\n                top: 0;\n                right: 0;\n                z-index: 1;\n                opacity: 0;\n            }\n            .td-block-title-wrap .td-wrapper-pulldown-filter .td-pulldown-filter-link {\n                color: #777;\n                white-space: nowrap;\n                display: block;\n                line-height: 26px;\n                padding-left: 36px;\n                padding-right: 27px;\n            }\n            .td-block-title-wrap .td-wrapper-pulldown-filter .td-pulldown-filter-link:hover {\n                color: #4db2ec;\n            }\n            @media (min-width: 768px) and (max-width: 1018px) {\n                .td-pb-span4 .td-block-title-wrap .td-wrapper-pulldown-filter .td-pulldown-filter-display-option span {\n                    display: none;\n                }\n                .td-pb-span4 .td-block-title-wrap .td-wrapper-pulldown-filter .td-pulldown-filter-link {\n                    padding-left: 24px;\n                    padding-right: 20px !important;\n                }\n            }\n            @-moz-document url-prefix() {\n                .td-pulldown-syle-default .td-subcat-more,\n                .td-pulldown-syle-default .td-subcat-list {\n                    position: relative;\n                    top: -1px;\n                }\n            }\n            .td-pulldown-syle-2 {\n                top: 0;\n            }\n            .td-pulldown-syle-2 .td-subcat-dropdown ul {\n                padding: 20px 0;\n                margin-top: 0;\n            }\n            .td-pulldown-syle-2 .td-subcat-dropdown ul:after {\n                content: '';\n                position: absolute;\n                width: calc(100% + 2px);\n                height: 3px;\n                top: 0;\n                left: -1px;\n                background-color: #4db2ec;\n            }\n            .td-pulldown-syle-2 .td-subcat-dropdown a {\n                padding-left: 40px;\n                padding-right: 31px;\n            }\n            .td-pulldown-syle-2 .td-subcat-dropdown:hover .td-subcat-more {\n                background-color: transparent !important;\n            }\n            .td-pulldown-syle-2 .td-subcat-dropdown:hover .td-subcat-more span,\n            .td-pulldown-syle-2 .td-subcat-dropdown:hover .td-subcat-more i {\n                color: #4db2ec;\n            }\n            .td-pulldown-syle-2 .td-subcat-dropdown .td-subcat-more {\n                margin-left: 9px;\n                margin-bottom: 8px; \/\/ this align the dropdown list\n            }\n            .td-pulldown-syle-2 .td-subcat-list .td-subcat-item {\n                margin-left: 24px;\n            }\n            .td-pulldown-syle-3 {\n                top: 0;\n            }\n            .td-pulldown-syle-3 .td-subcat-dropdown ul {\n                padding: 15px 0;\n                margin-top: -1px;\n                border-width: 1px;\n            }\n            .td-pulldown-syle-3 .td-subcat-dropdown a {\n                padding-left: 40px;\n                padding-right: 31px;\n            }\n            .td-pulldown-syle-3 .td-subcat-dropdown &:hover .td-subcat-more {\n                background-color: transparent !important;\n            }\n            .td-pulldown-syle-3 .td-subcat-dropdown &:hover .td-subcat-more span,\n            .td-pulldown-syle-3 .td-subcat-dropdown &:hover .td-subcat-more i {\n                color: #4db2ec;\n            }\n            .td-pulldown-syle-3 .td-subcat-dropdown .td-subcat-more {\n                margin-left: 9px;\n                margin-bottom: 8px; \/\/ this align the dropdown list\n            }\n            .td-pulldown-syle-3 .td-subcat-list .td-subcat-item {\n                margin-left: 24px;\n            }\n            \n            \n\n            \n            .td-theme-wrap .tdi_20_62a .td-pulldown-filter-link:hover,\n            .td-theme-wrap .tdi_20_62a .td-subcat-item a:hover,\n            .td-theme-wrap .tdi_20_62a .td-subcat-item .td-cur-simple-item {\n                color: #dd3333;\n            }\n\n            .td-theme-wrap .tdi_20_62a .block-title > *,\n            .td-theme-wrap .tdi_20_62a .td-subcat-dropdown:hover .td-subcat-more {\n                background-color: #dd3333;\n            }\n            .td-theme-wrap .td-footer-wrapper .tdi_20_62a .block-title > * {\n                padding: 6px 7px 5px;\n                line-height: 1;\n            }\n\n            .td-theme-wrap .tdi_20_62a .block-title {\n                border-color: #dd3333;\n            }\n\n            \n            .td-theme-wrap .tdi_20_62a .td_module_wrap:hover .entry-title a,\n            .td-theme-wrap .tdi_20_62a .td_quote_on_blocks,\n            .td-theme-wrap .tdi_20_62a .td-opacity-cat .td-post-category:hover,\n            .td-theme-wrap .tdi_20_62a .td-opacity-read .td-read-more a:hover,\n            .td-theme-wrap .tdi_20_62a .td-opacity-author .td-post-author-name a:hover,\n            .td-theme-wrap .tdi_20_62a .td-instagram-user a {\n                color: #dd3333;\n            }\n\n            .td-theme-wrap .tdi_20_62a .td-next-prev-wrap a:hover,\n            .td-theme-wrap .tdi_20_62a .td-load-more-wrap a:hover {\n                background-color: #dd3333;\n                border-color: #dd3333;\n            }\n\n            .td-theme-wrap .tdi_20_62a .td-read-more a,\n            .td-theme-wrap .tdi_20_62a .td-weather-information:before,\n            .td-theme-wrap .tdi_20_62a .td-weather-week:before,\n            .td-theme-wrap .tdi_20_62a .td-exchange-header:before,\n            .td-theme-wrap .td-footer-wrapper .tdi_20_62a .td-post-category,\n            .td-theme-wrap .tdi_20_62a .td-post-category:hover {\n                background-color: #dd3333;\n            }\n<\/style><script>var block_tdi_20_62a = new tdBlock();\nblock_tdi_20_62a.id = \"tdi_20_62a\";\nblock_tdi_20_62a.atts = '{\"custom_title\":\"Internacional\",\"header_color\":\"#dd3333\",\"category_id\":\"7\",\"tag_slug\":\"vxl150\",\"limit\":\"10\",\"td_filter_default_txt\":\"Todo\",\"block_type\":\"td_block_21\",\"separator\":\"\",\"custom_url\":\"\",\"block_template_id\":\"\",\"m16_tl\":\"\",\"m16_el\":\"\",\"post_ids\":\"\",\"category_ids\":\"\",\"autors_id\":\"\",\"installed_post_types\":\"\",\"sort\":\"\",\"offset\":\"\",\"show_modified_date\":\"\",\"el_class\":\"\",\"td_ajax_filter_type\":\"\",\"td_ajax_filter_ids\":\"\",\"td_ajax_preloading\":\"\",\"f_header_font_header\":\"\",\"f_header_font_title\":\"Block header\",\"f_header_font_settings\":\"\",\"f_header_font_family\":\"\",\"f_header_font_size\":\"\",\"f_header_font_line_height\":\"\",\"f_header_font_style\":\"\",\"f_header_font_weight\":\"\",\"f_header_font_transform\":\"\",\"f_header_font_spacing\":\"\",\"f_header_\":\"\",\"f_ajax_font_title\":\"Ajax categories\",\"f_ajax_font_settings\":\"\",\"f_ajax_font_family\":\"\",\"f_ajax_font_size\":\"\",\"f_ajax_font_line_height\":\"\",\"f_ajax_font_style\":\"\",\"f_ajax_font_weight\":\"\",\"f_ajax_font_transform\":\"\",\"f_ajax_font_spacing\":\"\",\"f_ajax_\":\"\",\"f_more_font_title\":\"Load more button\",\"f_more_font_settings\":\"\",\"f_more_font_family\":\"\",\"f_more_font_size\":\"\",\"f_more_font_line_height\":\"\",\"f_more_font_style\":\"\",\"f_more_font_weight\":\"\",\"f_more_font_transform\":\"\",\"f_more_font_spacing\":\"\",\"f_more_\":\"\",\"m16f_title_font_header\":\"\",\"m16f_title_font_title\":\"Article title\",\"m16f_title_font_settings\":\"\",\"m16f_title_font_family\":\"\",\"m16f_title_font_size\":\"\",\"m16f_title_font_line_height\":\"\",\"m16f_title_font_style\":\"\",\"m16f_title_font_weight\":\"\",\"m16f_title_font_transform\":\"\",\"m16f_title_font_spacing\":\"\",\"m16f_title_\":\"\",\"m16f_cat_font_title\":\"Article category tag\",\"m16f_cat_font_settings\":\"\",\"m16f_cat_font_family\":\"\",\"m16f_cat_font_size\":\"\",\"m16f_cat_font_line_height\":\"\",\"m16f_cat_font_style\":\"\",\"m16f_cat_font_weight\":\"\",\"m16f_cat_font_transform\":\"\",\"m16f_cat_font_spacing\":\"\",\"m16f_cat_\":\"\",\"m16f_meta_font_title\":\"Article meta info\",\"m16f_meta_font_settings\":\"\",\"m16f_meta_font_family\":\"\",\"m16f_meta_font_size\":\"\",\"m16f_meta_font_line_height\":\"\",\"m16f_meta_font_style\":\"\",\"m16f_meta_font_weight\":\"\",\"m16f_meta_font_transform\":\"\",\"m16f_meta_font_spacing\":\"\",\"m16f_meta_\":\"\",\"m16f_ex_font_title\":\"Article excerpt\",\"m16f_ex_font_settings\":\"\",\"m16f_ex_font_family\":\"\",\"m16f_ex_font_size\":\"\",\"m16f_ex_font_line_height\":\"\",\"m16f_ex_font_style\":\"\",\"m16f_ex_font_weight\":\"\",\"m16f_ex_font_transform\":\"\",\"m16f_ex_font_spacing\":\"\",\"m16f_ex_\":\"\",\"ajax_pagination\":\"\",\"ajax_pagination_infinite_stop\":\"\",\"css\":\"\",\"tdc_css\":\"\",\"td_column_number\":2,\"color_preset\":\"\",\"border_top\":\"\",\"class\":\"tdi_20_62a\",\"tdc_css_class\":\"tdi_20_62a\",\"tdc_css_class_style\":\"tdi_20_62a_rand_style\"}';\nblock_tdi_20_62a.td_column_number = \"2\";\nblock_tdi_20_62a.block_type = \"td_block_21\";\nblock_tdi_20_62a.post_count = \"10\";\nblock_tdi_20_62a.found_posts = \"21\";\nblock_tdi_20_62a.header_color = \"#dd3333\";\nblock_tdi_20_62a.ajax_pagination_infinite_stop = \"\";\nblock_tdi_20_62a.max_num_pages = \"3\";\ntdBlocksArray.push(block_tdi_20_62a);\n<\/script><div class=\"td-block-title-wrap\"><h4 class=\"block-title td-block-title\"><span class=\"td-pulldown-size\">Internacional<\/span><\/h4><\/div><div id=tdi_20_62a class=\"td_block_inner\">\n        <div class=\"td_module_16 td_module_wrap td-animation-stack\">\n            <div class=\"td-module-thumb\"><a href=\"https:\/\/vamosporlaliberacion.org\/crpmlm\/el-plan-argentina-sin-hambre\/\" rel=\"bookmark\" class=\"td-image-wrap \" title=\"El Plan \u201cArgentina sin hambre\u201d\" ><img loading=\"lazy\" decoding=\"async\" class=\"entry-thumb\" src=\"\" alt=\"\" title=\"El Plan \u201cArgentina sin hambre\u201d\" data-type=\"image_tag\" data-img-url=\"https:\/\/i0.wp.com\/vamosporlaliberacion.org\/crpmlm\/wp-content\/uploads\/2019\/10\/vxl150-argentinasinhambre.png?resize=150%2C150&ssl=1\"  width=\"150\" height=\"150\" \/><\/a><\/div>\n            <div class=\"item-details\">\n                <h3 class=\"entry-title td-module-title\"><a href=\"https:\/\/vamosporlaliberacion.org\/crpmlm\/el-plan-argentina-sin-hambre\/\" rel=\"bookmark\" title=\"El Plan \u201cArgentina sin hambre\u201d\">El Plan \u201cArgentina sin hambre\u201d<\/a><\/h3>\n                <div class=\"td-module-meta-info\">\n                                        <span class=\"td-post-author-name\"><a href=\"https:\/\/vamosporlaliberacion.org\/crpmlm\/author\/adminvxl\/\">vamos!<\/a> <span>-<\/span> <\/span>                    <span class=\"td-post-date\"><time class=\"entry-date updated td-module-date\" datetime=\"2019-10-11T16:06:37-03:00\" >11 octubre, 2019<\/time><\/span>                    <span class=\"td-module-comments\"><a href=\"https:\/\/vamosporlaliberacion.org\/crpmlm\/el-plan-argentina-sin-hambre\/#respond\">0<\/a><\/span>                <\/div>\n\n                <div class=\"td-excerpt\">\n                    De lo explicado y lo que se conoce, anuncian un plan que no se reduce a paliar el hambre en los hogares argentinos, parando...                <\/div>\n            <\/div>\n\n        <\/div>\n\n        \n        <div class=\"td_module_16 td_module_wrap td-animation-stack\">\n            <div class=\"td-module-thumb\"><a href=\"https:\/\/vamosporlaliberacion.org\/crpmlm\/la-unidad-del-movimiento-obrero-que-unidad-cuando-para-que\/\" rel=\"bookmark\" class=\"td-image-wrap \" title=\"La unidad del movimiento obrero: \u00bfqu\u00e9 unidad, cu\u00e1ndo, para qu\u00e9?\" ><img loading=\"lazy\" decoding=\"async\" class=\"entry-thumb\" src=\"\" alt=\"\" title=\"La unidad del movimiento obrero: \u00bfqu\u00e9 unidad, cu\u00e1ndo, para qu\u00e9?\" data-type=\"image_tag\" data-img-url=\"https:\/\/i0.wp.com\/vamosporlaliberacion.org\/crpmlm\/wp-content\/uploads\/2019\/10\/vxl150-mielcitas.png?resize=150%2C150&ssl=1\"  width=\"150\" height=\"150\" \/><\/a><\/div>\n            <div class=\"item-details\">\n                <h3 class=\"entry-title td-module-title\"><a href=\"https:\/\/vamosporlaliberacion.org\/crpmlm\/la-unidad-del-movimiento-obrero-que-unidad-cuando-para-que\/\" rel=\"bookmark\" title=\"La unidad del movimiento obrero: \u00bfqu\u00e9 unidad, cu\u00e1ndo, para qu\u00e9?\">La unidad del movimiento obrero: \u00bfqu\u00e9 unidad, cu\u00e1ndo, para qu\u00e9?<\/a><\/h3>\n                <div class=\"td-module-meta-info\">\n                                        <span class=\"td-post-author-name\"><a href=\"https:\/\/vamosporlaliberacion.org\/crpmlm\/author\/adminvxl\/\">vamos!<\/a> <span>-<\/span> <\/span>                    <span class=\"td-post-date\"><time class=\"entry-date updated td-module-date\" datetime=\"2019-10-11T15:59:47-03:00\" >11 octubre, 2019<\/time><\/span>                    <span class=\"td-module-comments\"><a href=\"https:\/\/vamosporlaliberacion.org\/crpmlm\/la-unidad-del-movimiento-obrero-que-unidad-cuando-para-que\/#respond\">0<\/a><\/span>                <\/div>\n\n                <div class=\"td-excerpt\">\n                    La unidad es para los trabajadores\/as una necesidad hondamente vital, puesto que sin ella no pueden hacer frente de manera efectiva a los voraces...                <\/div>\n            <\/div>\n\n        <\/div>\n\n        \n        <div class=\"td_module_16 td_module_wrap td-animation-stack\">\n            <div class=\"td-module-thumb\"><a href=\"https:\/\/vamosporlaliberacion.org\/crpmlm\/cipolletti-presentacion-del-mp-liberacion\/\" rel=\"bookmark\" class=\"td-image-wrap \" title=\"Cipolletti: presentaci\u00f3n del MP Liberaci\u00f3n\" ><img loading=\"lazy\" decoding=\"async\" class=\"entry-thumb\" src=\"\" alt=\"\" title=\"Cipolletti: presentaci\u00f3n del MP Liberaci\u00f3n\" data-type=\"image_tag\" data-img-url=\"https:\/\/i0.wp.com\/vamosporlaliberacion.org\/crpmlm\/wp-content\/uploads\/2019\/10\/vxl150-mplcipolleti.png?resize=150%2C150&ssl=1\"  width=\"150\" height=\"150\" \/><\/a><\/div>\n            <div class=\"item-details\">\n                <h3 class=\"entry-title td-module-title\"><a href=\"https:\/\/vamosporlaliberacion.org\/crpmlm\/cipolletti-presentacion-del-mp-liberacion\/\" rel=\"bookmark\" title=\"Cipolletti: presentaci\u00f3n del MP Liberaci\u00f3n\">Cipolletti: presentaci\u00f3n del MP Liberaci\u00f3n<\/a><\/h3>\n                <div class=\"td-module-meta-info\">\n                                        <span class=\"td-post-author-name\"><a href=\"https:\/\/vamosporlaliberacion.org\/crpmlm\/author\/adminvxl\/\">vamos!<\/a> <span>-<\/span> <\/span>                    <span class=\"td-post-date\"><time class=\"entry-date updated td-module-date\" datetime=\"2019-10-11T15:55:47-03:00\" >11 octubre, 2019<\/time><\/span>                    <span class=\"td-module-comments\"><a href=\"https:\/\/vamosporlaliberacion.org\/crpmlm\/cipolletti-presentacion-del-mp-liberacion\/#respond\">0<\/a><\/span>                <\/div>\n\n                <div class=\"td-excerpt\">\n                    El pasado viernes 4 de octubre, entre mates y empanadas matizadas con la guitarra y la c\u00e1lida voz de un compa\u00f1ero mapuche, el MPL...                <\/div>\n            <\/div>\n\n        <\/div>\n\n        \n        <div class=\"td_module_16 td_module_wrap td-animation-stack\">\n            <div class=\"td-module-thumb\"><a href=\"https:\/\/vamosporlaliberacion.org\/crpmlm\/34o-encuentro-nacional-de-mujeres\/\" rel=\"bookmark\" class=\"td-image-wrap \" title=\"34\u00ba Encuentro Nacional de Mujeres\" ><img loading=\"lazy\" decoding=\"async\" class=\"entry-thumb\" src=\"\" alt=\"\" title=\"34\u00ba Encuentro Nacional de Mujeres\" data-type=\"image_tag\" data-img-url=\"https:\/\/i0.wp.com\/vamosporlaliberacion.org\/crpmlm\/wp-content\/uploads\/2019\/10\/vxl150-34enm.png?resize=150%2C150&ssl=1\"  width=\"150\" height=\"150\" \/><\/a><\/div>\n            <div class=\"item-details\">\n                <h3 class=\"entry-title td-module-title\"><a href=\"https:\/\/vamosporlaliberacion.org\/crpmlm\/34o-encuentro-nacional-de-mujeres\/\" rel=\"bookmark\" title=\"34\u00ba Encuentro Nacional de Mujeres\">34\u00ba Encuentro Nacional de Mujeres<\/a><\/h3>\n                <div class=\"td-module-meta-info\">\n                                        <span class=\"td-post-author-name\"><a href=\"https:\/\/vamosporlaliberacion.org\/crpmlm\/author\/adminvxl\/\">vamos!<\/a> <span>-<\/span> <\/span>                    <span class=\"td-post-date\"><time class=\"entry-date updated td-module-date\" datetime=\"2019-10-11T14:30:30-03:00\" >11 octubre, 2019<\/time><\/span>                    <span class=\"td-module-comments\"><a href=\"https:\/\/vamosporlaliberacion.org\/crpmlm\/34o-encuentro-nacional-de-mujeres\/#respond\">0<\/a><\/span>                <\/div>\n\n                <div class=\"td-excerpt\">\n                    miles de mujeres, lesbianas, trans y travestis vamos a ser las protagonistas del encuentro m\u00e1s grande de la historia. Los encuentros nacionales de mujeres...                <\/div>\n            <\/div>\n\n        <\/div>\n\n        \n        <div class=\"td_module_16 td_module_wrap td-animation-stack\">\n            <div class=\"td-module-thumb\"><a href=\"https:\/\/vamosporlaliberacion.org\/crpmlm\/misiones-la-violencia-obstetrica-mata-justicia-para-yohana-carvallo\/\" rel=\"bookmark\" class=\"td-image-wrap \" title=\"Misiones: La violencia obst\u00e9trica mata: Justicia para Yohana Carvallo\" ><img loading=\"lazy\" decoding=\"async\" class=\"entry-thumb\" src=\"\" alt=\"\" title=\"Misiones: La violencia obst\u00e9trica mata: Justicia para Yohana Carvallo\" data-type=\"image_tag\" data-img-url=\"https:\/\/i0.wp.com\/vamosporlaliberacion.org\/crpmlm\/wp-content\/uploads\/2019\/10\/vxl150-movilizacionmontecarlo.png?resize=150%2C150&ssl=1\"  width=\"150\" height=\"150\" \/><\/a><\/div>\n            <div class=\"item-details\">\n                <h3 class=\"entry-title td-module-title\"><a href=\"https:\/\/vamosporlaliberacion.org\/crpmlm\/misiones-la-violencia-obstetrica-mata-justicia-para-yohana-carvallo\/\" rel=\"bookmark\" title=\"Misiones: La violencia obst\u00e9trica mata: Justicia para Yohana Carvallo\">Misiones: La violencia obst\u00e9trica mata: Justicia para Yohana Carvallo<\/a><\/h3>\n                <div class=\"td-module-meta-info\">\n                                        <span class=\"td-post-author-name\"><a href=\"https:\/\/vamosporlaliberacion.org\/crpmlm\/author\/adminvxl\/\">vamos!<\/a> <span>-<\/span> <\/span>                    <span class=\"td-post-date\"><time class=\"entry-date updated td-module-date\" datetime=\"2019-10-11T14:12:24-03:00\" >11 octubre, 2019<\/time><\/span>                    <span class=\"td-module-comments\"><a href=\"https:\/\/vamosporlaliberacion.org\/crpmlm\/misiones-la-violencia-obstetrica-mata-justicia-para-yohana-carvallo\/#respond\">0<\/a><\/span>                <\/div>\n\n                <div class=\"td-excerpt\">\n                    El calvario de Yohana empez\u00f3 cuatro d\u00edas antes de su muerte. Concurri\u00f3 al hospital p\u00fablico a causa de las contracciones y dolores propios del...                <\/div>\n            <\/div>\n\n        <\/div>\n\n        \n        <div class=\"td_module_16 td_module_wrap td-animation-stack\">\n            <div class=\"td-module-thumb\"><a href=\"https:\/\/vamosporlaliberacion.org\/crpmlm\/taller-de-soldadura-para-mujeres-derribando-mitos\/\" rel=\"bookmark\" class=\"td-image-wrap \" title=\"Taller de Soldadura para Mujeres: derribando mitos\" ><img loading=\"lazy\" decoding=\"async\" class=\"entry-thumb\" src=\"\" alt=\"\" title=\"Taller de Soldadura para Mujeres: derribando mitos\" data-type=\"image_tag\" data-img-url=\"https:\/\/i0.wp.com\/vamosporlaliberacion.org\/crpmlm\/wp-content\/uploads\/2019\/10\/hqdefault-1.jpg?resize=150%2C150&ssl=1\"  width=\"150\" height=\"150\" \/><span class=\"td-video-play-ico\"><i class=\"td-icon-video-thumb-play\"><\/i><\/span><\/a><\/div>\n            <div class=\"item-details\">\n                <h3 class=\"entry-title td-module-title\"><a href=\"https:\/\/vamosporlaliberacion.org\/crpmlm\/taller-de-soldadura-para-mujeres-derribando-mitos\/\" rel=\"bookmark\" title=\"Taller de Soldadura para Mujeres: derribando mitos\">Taller de Soldadura para Mujeres: derribando mitos<\/a><\/h3>\n                <div class=\"td-module-meta-info\">\n                                        <span class=\"td-post-author-name\"><a href=\"https:\/\/vamosporlaliberacion.org\/crpmlm\/author\/adminvxl\/\">vamos!<\/a> <span>-<\/span> <\/span>                    <span class=\"td-post-date\"><time class=\"entry-date updated td-module-date\" datetime=\"2019-10-11T14:11:59-03:00\" >11 octubre, 2019<\/time><\/span>                    <span class=\"td-module-comments\"><a href=\"https:\/\/vamosporlaliberacion.org\/crpmlm\/taller-de-soldadura-para-mujeres-derribando-mitos\/#respond\">0<\/a><\/span>                <\/div>\n\n                <div class=\"td-excerpt\">\n                    De la mano de la herrera, artista y activista feminista y contra la violencia hacia mujeres y ni\u00f1os, Olga Corrales, se viene desarrollando un...                <\/div>\n            <\/div>\n\n        <\/div>\n\n        \n        <div class=\"td_module_16 td_module_wrap td-animation-stack\">\n            <div class=\"td-module-thumb\"><a href=\"https:\/\/vamosporlaliberacion.org\/crpmlm\/poner-el-cuerpo-las-docentes-de-chubut\/\" rel=\"bookmark\" class=\"td-image-wrap \" title=\"Poner el cuerpo: las docentes de Chubut\" ><img loading=\"lazy\" decoding=\"async\" class=\"entry-thumb\" src=\"\" alt=\"\" title=\"Poner el cuerpo: las docentes de Chubut\" data-type=\"image_tag\" data-img-url=\"https:\/\/i0.wp.com\/vamosporlaliberacion.org\/crpmlm\/wp-content\/uploads\/2019\/10\/vxl150-chubut.png?resize=150%2C150&ssl=1\"  width=\"150\" height=\"150\" \/><\/a><\/div>\n            <div class=\"item-details\">\n                <h3 class=\"entry-title td-module-title\"><a href=\"https:\/\/vamosporlaliberacion.org\/crpmlm\/poner-el-cuerpo-las-docentes-de-chubut\/\" rel=\"bookmark\" title=\"Poner el cuerpo: las docentes de Chubut\">Poner el cuerpo: las docentes de Chubut<\/a><\/h3>\n                <div class=\"td-module-meta-info\">\n                                        <span class=\"td-post-author-name\"><a href=\"https:\/\/vamosporlaliberacion.org\/crpmlm\/author\/adminvxl\/\">vamos!<\/a> <span>-<\/span> <\/span>                    <span class=\"td-post-date\"><time class=\"entry-date updated td-module-date\" datetime=\"2019-10-11T13:49:50-03:00\" >11 octubre, 2019<\/time><\/span>                    <span class=\"td-module-comments\"><a href=\"https:\/\/vamosporlaliberacion.org\/crpmlm\/poner-el-cuerpo-las-docentes-de-chubut\/#respond\">0<\/a><\/span>                <\/div>\n\n                <div class=\"td-excerpt\">\n                    La docencia en la Argentina es una tarea que, desde el imaginario, es fuertemente femenina. Pero no s\u00f3lo lo es en el imaginario, sino...                <\/div>\n            <\/div>\n\n        <\/div>\n\n        \n        <div class=\"td_module_16 td_module_wrap td-animation-stack\">\n            <div class=\"td-module-thumb\"><a href=\"https:\/\/vamosporlaliberacion.org\/crpmlm\/la-rebelion-de-las-flores-nativas\/\" rel=\"bookmark\" class=\"td-image-wrap \" title=\"La rebeli\u00f3n de  las flores nativas\" ><img loading=\"lazy\" decoding=\"async\" class=\"entry-thumb\" src=\"\" alt=\"\" title=\"La rebeli\u00f3n de  las flores nativas\" data-type=\"image_tag\" data-img-url=\"https:\/\/i0.wp.com\/vamosporlaliberacion.org\/crpmlm\/wp-content\/uploads\/2019\/10\/vxl150-ocupacionmininterior2.png?resize=150%2C150&ssl=1\"  width=\"150\" height=\"150\" \/><\/a><\/div>\n            <div class=\"item-details\">\n                <h3 class=\"entry-title td-module-title\"><a href=\"https:\/\/vamosporlaliberacion.org\/crpmlm\/la-rebelion-de-las-flores-nativas\/\" rel=\"bookmark\" title=\"La rebeli\u00f3n de  las flores nativas\">La rebeli\u00f3n de  las flores nativas<\/a><\/h3>\n                <div class=\"td-module-meta-info\">\n                                        <span class=\"td-post-author-name\"><a href=\"https:\/\/vamosporlaliberacion.org\/crpmlm\/author\/adminvxl\/\">vamos!<\/a> <span>-<\/span> <\/span>                    <span class=\"td-post-date\"><time class=\"entry-date updated td-module-date\" datetime=\"2019-10-11T13:40:36-03:00\" >11 octubre, 2019<\/time><\/span>                    <span class=\"td-module-comments\"><a href=\"https:\/\/vamosporlaliberacion.org\/crpmlm\/la-rebelion-de-las-flores-nativas\/#respond\">0<\/a><\/span>                <\/div>\n\n                <div class=\"td-excerpt\">\n                    Mujeres ind\u00edgenas de diversas naciones ind\u00edgenas de manera autoconvocadas ocuparon el Ministerio del Interior exigiendo ser recibidas por el Ministro Rogelio Frigerio.\r\n\r\nReproducimos la gacetilla...                <\/div>\n            <\/div>\n\n        <\/div>\n\n        \n        <div class=\"td_module_16 td_module_wrap td-animation-stack\">\n            <div class=\"td-module-thumb\"><a href=\"https:\/\/vamosporlaliberacion.org\/crpmlm\/una-medida-para-criminalizar-a-los-trabajadores\/\" rel=\"bookmark\" class=\"td-image-wrap \" title=\"Una medida para criminalizar a los trabajadores\" ><img loading=\"lazy\" decoding=\"async\" class=\"entry-thumb\" src=\"\" alt=\"\" title=\"Una medida para criminalizar a los trabajadores\" data-type=\"image_tag\" data-img-url=\"https:\/\/i0.wp.com\/vamosporlaliberacion.org\/crpmlm\/wp-content\/uploads\/2019\/10\/vxl150-operativo.png?resize=150%2C150&ssl=1\"  width=\"150\" height=\"150\" \/><\/a><\/div>\n            <div class=\"item-details\">\n                <h3 class=\"entry-title td-module-title\"><a href=\"https:\/\/vamosporlaliberacion.org\/crpmlm\/una-medida-para-criminalizar-a-los-trabajadores\/\" rel=\"bookmark\" title=\"Una medida para criminalizar a los trabajadores\">Una medida para criminalizar a los trabajadores<\/a><\/h3>\n                <div class=\"td-module-meta-info\">\n                                        <span class=\"td-post-author-name\"><a href=\"https:\/\/vamosporlaliberacion.org\/crpmlm\/author\/adminvxl\/\">vamos!<\/a> <span>-<\/span> <\/span>                    <span class=\"td-post-date\"><time class=\"entry-date updated td-module-date\" datetime=\"2019-10-11T13:29:15-03:00\" >11 octubre, 2019<\/time><\/span>                    <span class=\"td-module-comments\"><a href=\"https:\/\/vamosporlaliberacion.org\/crpmlm\/una-medida-para-criminalizar-a-los-trabajadores\/#respond\">0<\/a><\/span>                <\/div>\n\n                <div class=\"td-excerpt\">\n                    La Ministra de Seguridad cre\u00f3 el programa \u201cOfensores de Trenes\u201d, bajo el pretexto de que ser\u00e1 una herramienta \u00fatil para prevenir \u201cdelitos en el...                <\/div>\n            <\/div>\n\n        <\/div>\n\n        \n        <div class=\"td_module_16 td_module_wrap td-animation-stack\">\n            <div class=\"td-module-thumb\"><a href=\"https:\/\/vamosporlaliberacion.org\/crpmlm\/elecciones-en-unter\/\" rel=\"bookmark\" class=\"td-image-wrap \" title=\"Elecciones en UNTER\" ><img loading=\"lazy\" decoding=\"async\" class=\"entry-thumb\" src=\"\" alt=\"\" title=\"Elecciones en UNTER\" data-type=\"image_tag\" data-img-url=\"https:\/\/i0.wp.com\/vamosporlaliberacion.org\/crpmlm\/wp-content\/uploads\/2019\/10\/vxl150-docentesunter.png?resize=150%2C150&ssl=1\"  width=\"150\" height=\"150\" \/><\/a><\/div>\n            <div class=\"item-details\">\n                <h3 class=\"entry-title td-module-title\"><a href=\"https:\/\/vamosporlaliberacion.org\/crpmlm\/elecciones-en-unter\/\" rel=\"bookmark\" title=\"Elecciones en UNTER\">Elecciones en UNTER<\/a><\/h3>\n                <div class=\"td-module-meta-info\">\n                                        <span class=\"td-post-author-name\"><a href=\"https:\/\/vamosporlaliberacion.org\/crpmlm\/author\/adminvxl\/\">vamos!<\/a> <span>-<\/span> <\/span>                    <span class=\"td-post-date\"><time class=\"entry-date updated td-module-date\" datetime=\"2019-10-11T12:24:53-03:00\" >11 octubre, 2019<\/time><\/span>                    <span class=\"td-module-comments\"><a href=\"https:\/\/vamosporlaliberacion.org\/crpmlm\/elecciones-en-unter\/#respond\">0<\/a><\/span>                <\/div>\n\n                <div class=\"td-excerpt\">\n                    El 2 de octubre se llevaron a cabo las elecciones del gremio docente, ganando con amplitud la actual conducci\u00f3n Azul-Arancibia, aliada del gobernador Weretilneck...                <\/div>\n            <\/div>\n\n        <\/div>\n\n        <\/div><\/div> <!-- .\/block --><\/div><\/div><\/div><\/div>\n<!-- AddThis Advanced Settings generic via filter on the_content --><!-- AddThis Share Buttons generic via filter on the_content -->","protected":false},"excerpt":{"rendered":"<p><!-- AddThis Advanced Settings generic via filter on get_the_excerpt --><!-- AddThis Share Buttons generic via filter on get_the_excerpt --><\/p>\n","protected":false},"author":6,"featured_media":14718,"comment_status":"open","ping_status":"open","sticky":false,"template":"","format":"standard","meta":{"_jetpack_memberships_contains_paid_content":false,"footnotes":""},"categories":[22],"tags":[],"class_list":{"0":"post-14679","1":"post","2":"type-post","3":"status-publish","4":"format-standard","5":"has-post-thumbnail","7":"category-vamos"},"yoast_head":"<!-- This site is optimized with the Yoast SEO plugin v27.4 - https:\/\/yoast.com\/product\/yoast-seo-wordpress\/ -->\n<title>Vamos por la Liberaci\u00f3n! N\u00b0 150 - Vamos por la Liberaci\u00f3n<\/title>\n<meta name=\"robots\" content=\"index, follow, max-snippet:-1, max-image-preview:large, max-video-preview:-1\" \/>\n<link rel=\"canonical\" href=\"http:\/\/vamosporlaliberacion.org\/crpmlm\/vamos-por-la-liberacion-n-150\/\" \/>\n<meta name=\"twitter:label1\" content=\"Escrito por\" \/>\n\t<meta name=\"twitter:data1\" content=\"vamos!\" \/>\n\t<meta name=\"twitter:label2\" content=\"Tiempo de lectura\" \/>\n\t<meta name=\"twitter:data2\" content=\"1 minuto\" \/>\n<script type=\"application\/ld+json\" class=\"yoast-schema-graph\">{\"@context\":\"https:\\\/\\\/schema.org\",\"@graph\":[{\"@type\":\"Article\",\"@id\":\"http:\\\/\\\/vamosporlaliberacion.org\\\/crpmlm\\\/vamos-por-la-liberacion-n-150\\\/#article\",\"isPartOf\":{\"@id\":\"http:\\\/\\\/vamosporlaliberacion.org\\\/crpmlm\\\/vamos-por-la-liberacion-n-150\\\/\"},\"author\":{\"name\":\"vamos!\",\"@id\":\"https:\\\/\\\/vamosporlaliberacion.org\\\/crpmlm\\\/#\\\/schema\\\/person\\\/d6eac7758df3770dae9cd9eb104d615c\"},\"headline\":\"Vamos por la Liberaci\u00f3n! N\u00b0 150\",\"datePublished\":\"2019-10-09T17:25:21+00:00\",\"dateModified\":\"2019-10-11T22:20:53+00:00\",\"mainEntityOfPage\":{\"@id\":\"http:\\\/\\\/vamosporlaliberacion.org\\\/crpmlm\\\/vamos-por-la-liberacion-n-150\\\/\"},\"wordCount\":221,\"commentCount\":0,\"image\":{\"@id\":\"http:\\\/\\\/vamosporlaliberacion.org\\\/crpmlm\\\/vamos-por-la-liberacion-n-150\\\/#primaryimage\"},\"thumbnailUrl\":\"https:\\\/\\\/i0.wp.com\\\/vamosporlaliberacion.org\\\/crpmlm\\\/wp-content\\\/uploads\\\/2019\\\/10\\\/Vamos150.jpg?fit=808%2C1162&ssl=1\",\"articleSection\":[\"Vamos!\"],\"inLanguage\":\"es\",\"potentialAction\":[{\"@type\":\"CommentAction\",\"name\":\"Comment\",\"target\":[\"http:\\\/\\\/vamosporlaliberacion.org\\\/crpmlm\\\/vamos-por-la-liberacion-n-150\\\/#respond\"]}]},{\"@type\":\"WebPage\",\"@id\":\"http:\\\/\\\/vamosporlaliberacion.org\\\/crpmlm\\\/vamos-por-la-liberacion-n-150\\\/\",\"url\":\"http:\\\/\\\/vamosporlaliberacion.org\\\/crpmlm\\\/vamos-por-la-liberacion-n-150\\\/\",\"name\":\"Vamos por la Liberaci\u00f3n! N\u00b0 150 - Vamos por la Liberaci\u00f3n\",\"isPartOf\":{\"@id\":\"https:\\\/\\\/vamosporlaliberacion.org\\\/crpmlm\\\/#website\"},\"primaryImageOfPage\":{\"@id\":\"http:\\\/\\\/vamosporlaliberacion.org\\\/crpmlm\\\/vamos-por-la-liberacion-n-150\\\/#primaryimage\"},\"image\":{\"@id\":\"http:\\\/\\\/vamosporlaliberacion.org\\\/crpmlm\\\/vamos-por-la-liberacion-n-150\\\/#primaryimage\"},\"thumbnailUrl\":\"https:\\\/\\\/i0.wp.com\\\/vamosporlaliberacion.org\\\/crpmlm\\\/wp-content\\\/uploads\\\/2019\\\/10\\\/Vamos150.jpg?fit=808%2C1162&ssl=1\",\"datePublished\":\"2019-10-09T17:25:21+00:00\",\"dateModified\":\"2019-10-11T22:20:53+00:00\",\"author\":{\"@id\":\"https:\\\/\\\/vamosporlaliberacion.org\\\/crpmlm\\\/#\\\/schema\\\/person\\\/d6eac7758df3770dae9cd9eb104d615c\"},\"breadcrumb\":{\"@id\":\"http:\\\/\\\/vamosporlaliberacion.org\\\/crpmlm\\\/vamos-por-la-liberacion-n-150\\\/#breadcrumb\"},\"inLanguage\":\"es\",\"potentialAction\":[{\"@type\":\"ReadAction\",\"target\":[\"http:\\\/\\\/vamosporlaliberacion.org\\\/crpmlm\\\/vamos-por-la-liberacion-n-150\\\/\"]}]},{\"@type\":\"ImageObject\",\"inLanguage\":\"es\",\"@id\":\"http:\\\/\\\/vamosporlaliberacion.org\\\/crpmlm\\\/vamos-por-la-liberacion-n-150\\\/#primaryimage\",\"url\":\"https:\\\/\\\/i0.wp.com\\\/vamosporlaliberacion.org\\\/crpmlm\\\/wp-content\\\/uploads\\\/2019\\\/10\\\/Vamos150.jpg?fit=808%2C1162&ssl=1\",\"contentUrl\":\"https:\\\/\\\/i0.wp.com\\\/vamosporlaliberacion.org\\\/crpmlm\\\/wp-content\\\/uploads\\\/2019\\\/10\\\/Vamos150.jpg?fit=808%2C1162&ssl=1\",\"width\":808,\"height\":1162},{\"@type\":\"BreadcrumbList\",\"@id\":\"http:\\\/\\\/vamosporlaliberacion.org\\\/crpmlm\\\/vamos-por-la-liberacion-n-150\\\/#breadcrumb\",\"itemListElement\":[{\"@type\":\"ListItem\",\"position\":1,\"name\":\"Portada\",\"item\":\"https:\\\/\\\/vamosporlaliberacion.org\\\/crpmlm\\\/\"},{\"@type\":\"ListItem\",\"position\":2,\"name\":\"Vamos por la Liberaci\u00f3n! N\u00b0 150\"}]},{\"@type\":\"WebSite\",\"@id\":\"https:\\\/\\\/vamosporlaliberacion.org\\\/crpmlm\\\/#website\",\"url\":\"https:\\\/\\\/vamosporlaliberacion.org\\\/crpmlm\\\/\",\"name\":\"Vamos por la Liberaci\u00f3n\",\"description\":\"Prensa CR\",\"potentialAction\":[{\"@type\":\"SearchAction\",\"target\":{\"@type\":\"EntryPoint\",\"urlTemplate\":\"https:\\\/\\\/vamosporlaliberacion.org\\\/crpmlm\\\/?s={search_term_string}\"},\"query-input\":{\"@type\":\"PropertyValueSpecification\",\"valueRequired\":true,\"valueName\":\"search_term_string\"}}],\"inLanguage\":\"es\"},{\"@type\":\"Person\",\"@id\":\"https:\\\/\\\/vamosporlaliberacion.org\\\/crpmlm\\\/#\\\/schema\\\/person\\\/d6eac7758df3770dae9cd9eb104d615c\",\"name\":\"vamos!\",\"url\":\"https:\\\/\\\/vamosporlaliberacion.org\\\/crpmlm\\\/author\\\/adminvxl\\\/\"}]}<\/script>\n<!-- \/ Yoast SEO plugin. -->","yoast_head_json":{"title":"Vamos por la Liberaci\u00f3n! N\u00b0 150 - Vamos por la Liberaci\u00f3n","robots":{"index":"index","follow":"follow","max-snippet":"max-snippet:-1","max-image-preview":"max-image-preview:large","max-video-preview":"max-video-preview:-1"},"canonical":"http:\/\/vamosporlaliberacion.org\/crpmlm\/vamos-por-la-liberacion-n-150\/","twitter_misc":{"Escrito por":"vamos!","Tiempo de lectura":"1 minuto"},"schema":{"@context":"https:\/\/schema.org","@graph":[{"@type":"Article","@id":"http:\/\/vamosporlaliberacion.org\/crpmlm\/vamos-por-la-liberacion-n-150\/#article","isPartOf":{"@id":"http:\/\/vamosporlaliberacion.org\/crpmlm\/vamos-por-la-liberacion-n-150\/"},"author":{"name":"vamos!","@id":"https:\/\/vamosporlaliberacion.org\/crpmlm\/#\/schema\/person\/d6eac7758df3770dae9cd9eb104d615c"},"headline":"Vamos por la Liberaci\u00f3n! N\u00b0 150","datePublished":"2019-10-09T17:25:21+00:00","dateModified":"2019-10-11T22:20:53+00:00","mainEntityOfPage":{"@id":"http:\/\/vamosporlaliberacion.org\/crpmlm\/vamos-por-la-liberacion-n-150\/"},"wordCount":221,"commentCount":0,"image":{"@id":"http:\/\/vamosporlaliberacion.org\/crpmlm\/vamos-por-la-liberacion-n-150\/#primaryimage"},"thumbnailUrl":"https:\/\/i0.wp.com\/vamosporlaliberacion.org\/crpmlm\/wp-content\/uploads\/2019\/10\/Vamos150.jpg?fit=808%2C1162&ssl=1","articleSection":["Vamos!"],"inLanguage":"es","potentialAction":[{"@type":"CommentAction","name":"Comment","target":["http:\/\/vamosporlaliberacion.org\/crpmlm\/vamos-por-la-liberacion-n-150\/#respond"]}]},{"@type":"WebPage","@id":"http:\/\/vamosporlaliberacion.org\/crpmlm\/vamos-por-la-liberacion-n-150\/","url":"http:\/\/vamosporlaliberacion.org\/crpmlm\/vamos-por-la-liberacion-n-150\/","name":"Vamos por la Liberaci\u00f3n! N\u00b0 150 - Vamos por la Liberaci\u00f3n","isPartOf":{"@id":"https:\/\/vamosporlaliberacion.org\/crpmlm\/#website"},"primaryImageOfPage":{"@id":"http:\/\/vamosporlaliberacion.org\/crpmlm\/vamos-por-la-liberacion-n-150\/#primaryimage"},"image":{"@id":"http:\/\/vamosporlaliberacion.org\/crpmlm\/vamos-por-la-liberacion-n-150\/#primaryimage"},"thumbnailUrl":"https:\/\/i0.wp.com\/vamosporlaliberacion.org\/crpmlm\/wp-content\/uploads\/2019\/10\/Vamos150.jpg?fit=808%2C1162&ssl=1","datePublished":"2019-10-09T17:25:21+00:00","dateModified":"2019-10-11T22:20:53+00:00","author":{"@id":"https:\/\/vamosporlaliberacion.org\/crpmlm\/#\/schema\/person\/d6eac7758df3770dae9cd9eb104d615c"},"breadcrumb":{"@id":"http:\/\/vamosporlaliberacion.org\/crpmlm\/vamos-por-la-liberacion-n-150\/#breadcrumb"},"inLanguage":"es","potentialAction":[{"@type":"ReadAction","target":["http:\/\/vamosporlaliberacion.org\/crpmlm\/vamos-por-la-liberacion-n-150\/"]}]},{"@type":"ImageObject","inLanguage":"es","@id":"http:\/\/vamosporlaliberacion.org\/crpmlm\/vamos-por-la-liberacion-n-150\/#primaryimage","url":"https:\/\/i0.wp.com\/vamosporlaliberacion.org\/crpmlm\/wp-content\/uploads\/2019\/10\/Vamos150.jpg?fit=808%2C1162&ssl=1","contentUrl":"https:\/\/i0.wp.com\/vamosporlaliberacion.org\/crpmlm\/wp-content\/uploads\/2019\/10\/Vamos150.jpg?fit=808%2C1162&ssl=1","width":808,"height":1162},{"@type":"BreadcrumbList","@id":"http:\/\/vamosporlaliberacion.org\/crpmlm\/vamos-por-la-liberacion-n-150\/#breadcrumb","itemListElement":[{"@type":"ListItem","position":1,"name":"Portada","item":"https:\/\/vamosporlaliberacion.org\/crpmlm\/"},{"@type":"ListItem","position":2,"name":"Vamos por la Liberaci\u00f3n! N\u00b0 150"}]},{"@type":"WebSite","@id":"https:\/\/vamosporlaliberacion.org\/crpmlm\/#website","url":"https:\/\/vamosporlaliberacion.org\/crpmlm\/","name":"Vamos por la Liberaci\u00f3n","description":"Prensa CR","potentialAction":[{"@type":"SearchAction","target":{"@type":"EntryPoint","urlTemplate":"https:\/\/vamosporlaliberacion.org\/crpmlm\/?s={search_term_string}"},"query-input":{"@type":"PropertyValueSpecification","valueRequired":true,"valueName":"search_term_string"}}],"inLanguage":"es"},{"@type":"Person","@id":"https:\/\/vamosporlaliberacion.org\/crpmlm\/#\/schema\/person\/d6eac7758df3770dae9cd9eb104d615c","name":"vamos!","url":"https:\/\/vamosporlaliberacion.org\/crpmlm\/author\/adminvxl\/"}]}},"jetpack_featured_media_url":"https:\/\/i0.wp.com\/vamosporlaliberacion.org\/crpmlm\/wp-content\/uploads\/2019\/10\/Vamos150.jpg?fit=808%2C1162&ssl=1","jetpack_sharing_enabled":true,"_links":{"self":[{"href":"https:\/\/vamosporlaliberacion.org\/crpmlm\/wp-json\/wp\/v2\/posts\/14679","targetHints":{"allow":["GET"]}}],"collection":[{"href":"https:\/\/vamosporlaliberacion.org\/crpmlm\/wp-json\/wp\/v2\/posts"}],"about":[{"href":"https:\/\/vamosporlaliberacion.org\/crpmlm\/wp-json\/wp\/v2\/types\/post"}],"author":[{"embeddable":true,"href":"https:\/\/vamosporlaliberacion.org\/crpmlm\/wp-json\/wp\/v2\/users\/6"}],"replies":[{"embeddable":true,"href":"https:\/\/vamosporlaliberacion.org\/crpmlm\/wp-json\/wp\/v2\/comments?post=14679"}],"version-history":[{"count":0,"href":"https:\/\/vamosporlaliberacion.org\/crpmlm\/wp-json\/wp\/v2\/posts\/14679\/revisions"}],"wp:featuredmedia":[{"embeddable":true,"href":"https:\/\/vamosporlaliberacion.org\/crpmlm\/wp-json\/wp\/v2\/media\/14718"}],"wp:attachment":[{"href":"https:\/\/vamosporlaliberacion.org\/crpmlm\/wp-json\/wp\/v2\/media?parent=14679"}],"wp:term":[{"taxonomy":"category","embeddable":true,"href":"https:\/\/vamosporlaliberacion.org\/crpmlm\/wp-json\/wp\/v2\/categories?post=14679"},{"taxonomy":"post_tag","embeddable":true,"href":"https:\/\/vamosporlaliberacion.org\/crpmlm\/wp-json\/wp\/v2\/tags?post=14679"}],"curies":[{"name":"wp","href":"https:\/\/api.w.org\/{rel}","templated":true}]}}