{"id":14663,"date":"2019-10-11T14:12:24","date_gmt":"2019-10-11T17:12:24","guid":{"rendered":"http:\/\/vamosporlaliberacion.org\/crpmlm\/?p=14663"},"modified":"2020-10-26T22:17:41","modified_gmt":"2020-10-27T01:17:41","slug":"misiones-la-violencia-obstetrica-mata-justicia-para-yohana-carvallo","status":"publish","type":"post","link":"https:\/\/vamosporlaliberacion.org\/crpmlm\/misiones-la-violencia-obstetrica-mata-justicia-para-yohana-carvallo\/","title":{"rendered":"Misiones: La violencia obst\u00e9trica mata: Justicia para Yohana Carvallo"},"content":{"rendered":"<p><span class=\"dropcap dropcap3\">E<\/span>l calvario de Yohana empez\u00f3 cuatro d\u00edas antes de su muerte. Concurri\u00f3 al hospital p\u00fablico a causa de las contracciones y dolores propios del parto. Sin embargo, los m\u00e9dicos del lugar alegaban la fecha de parto estaba prevista para el 4 o 5 de octubre y la enviaban de vuelta a su casa. Cuando concurri\u00f3 por cuarta vez qued\u00f3 internada y la trasladaron de urgencia al hospital de El Dorado a 40 kil\u00f3metros (donde deben ir a parir todas las mujeres de Montecarlo porque el hospital local no tiene neonatolog\u00eda). La informaci\u00f3n oficial es que tuvo un paro cardiorespiratorio en medio del traslado. La familia a\u00fan espera el resultado de la autopsia, pero la sospecha es que el feto ya estaba muerto y ella muri\u00f3 antes de salir del hospital de Montecarlo.<\/p>\n<p>Esta historia no es nueva ni sorprende. El SAMIC de El Dorado es el \u00fanico hospital de alta complejidad que hay en toda la regi\u00f3n y debe cubrir la demanda de todos los dem\u00e1s pueblos y ciudades de la regi\u00f3n. Mientras los hospitales locales solo atienden consultas ambulatorias, an\u00e1lisis de laboratorio y no mucho m\u00e1s. En las dos asambleas de mujeres organizadas este a\u00f1o por la CTA Aut\u00f3noma de Montecarlo, se expresaron innumerables relatos de compa\u00f1eras que acampan desde la tardecita para hacer cola y poder conseguir uno de los escasos turnos que se dan por d\u00eda, tanto para acceder a una consulta m\u00e9dica por alguna enfermedad como para los controles del embarazo. Una compa\u00f1era cont\u00f3 de su vecina que ya estaba de 5 meses y no se hab\u00eda podido hacer ning\u00fan control.<\/p>\n<p>Las mujeres de Montecarlo que est\u00e1n al frente del movimiento social que lucha contra el hambre y por trabajo, tambi\u00e9n se puso al hombro esta lucha. Se realizaron marchas, acampes, petitorios, con los reclamos de m\u00e1s m\u00e9dicos y m\u00e1s presupuesto, medicamentos, anticonceptivos, un sistema de turnos que permita no tener que acampar, y por supuesto la apertura del servicio de neonatolog\u00eda para poder tener sus beb\u00e9s ah\u00ed. Hoy la falta de respuesta a estos reclamos ha causado la muerte de Yohana y su beb\u00e9. Pero en realidad Yohana no muri\u00f3, a Yohana la mataron y Montecarlo es un pueblo que va a luchar hasta conseguir justicia.<\/p>\n<!-- AddThis Advanced Settings generic via filter on the_content --><!-- AddThis Share Buttons generic via filter on the_content -->","protected":false},"excerpt":{"rendered":"<p>El calvario de Yohana empez\u00f3 cuatro d\u00edas antes de su muerte. Concurri\u00f3 al hospital p\u00fablico a causa de las contracciones y dolores propios del parto. Sin embargo, los m\u00e9dicos del lugar alegaban la fecha de parto estaba prevista para el 4 o 5 de octubre y la enviaban de vuelta a su casa. Cuando concurri\u00f3 [&hellip;]<!-- AddThis Advanced Settings generic via filter on get_the_excerpt --><!-- AddThis Share Buttons generic via filter on get_the_excerpt --><\/p>\n","protected":false},"author":6,"featured_media":14666,"comment_status":"open","ping_status":"open","sticky":false,"template":"","format":"standard","meta":{"_jetpack_memberships_contains_paid_content":false,"footnotes":""},"categories":[1875],"tags":[1383,1378],"class_list":{"0":"post-14663","1":"post","2":"type-post","3":"status-publish","4":"format-standard","5":"has-post-thumbnail","7":"category-genero","8":"tag-violencia-obstetrica","9":"tag-vxl150"},"yoast_head":"<!-- This site is optimized with the Yoast SEO plugin v27.4 - https:\/\/yoast.com\/product\/yoast-seo-wordpress\/ -->\n<title>Misiones: La violencia obst\u00e9trica mata: Justicia para Yohana Carvallo - Vamos por la Liberaci\u00f3n<\/title>\n<meta name=\"robots\" content=\"index, follow, max-snippet:-1, max-image-preview:large, max-video-preview:-1\" \/>\n<link rel=\"canonical\" href=\"https:\/\/vamosporlaliberacion.org\/crpmlm\/misiones-la-violencia-obstetrica-mata-justicia-para-yohana-carvallo\/\" \/>\n<meta name=\"twitter:label1\" content=\"Escrito por\" \/>\n\t<meta name=\"twitter:data1\" content=\"vamos!\" \/>\n\t<meta name=\"twitter:label2\" content=\"Tiempo de lectura\" \/>\n\t<meta name=\"twitter:data2\" content=\"2 minutos\" \/>\n<script type=\"application\/ld+json\" class=\"yoast-schema-graph\">{\"@context\":\"https:\\\/\\\/schema.org\",\"@graph\":[{\"@type\":\"Article\",\"@id\":\"https:\\\/\\\/vamosporlaliberacion.org\\\/crpmlm\\\/misiones-la-violencia-obstetrica-mata-justicia-para-yohana-carvallo\\\/#article\",\"isPartOf\":{\"@id\":\"https:\\\/\\\/vamosporlaliberacion.org\\\/crpmlm\\\/misiones-la-violencia-obstetrica-mata-justicia-para-yohana-carvallo\\\/\"},\"author\":{\"name\":\"vamos!\",\"@id\":\"https:\\\/\\\/vamosporlaliberacion.org\\\/crpmlm\\\/#\\\/schema\\\/person\\\/d6eac7758df3770dae9cd9eb104d615c\"},\"headline\":\"Misiones: La violencia obst\u00e9trica mata: Justicia para Yohana Carvallo\",\"datePublished\":\"2019-10-11T17:12:24+00:00\",\"dateModified\":\"2020-10-27T01:17:41+00:00\",\"mainEntityOfPage\":{\"@id\":\"https:\\\/\\\/vamosporlaliberacion.org\\\/crpmlm\\\/misiones-la-violencia-obstetrica-mata-justicia-para-yohana-carvallo\\\/\"},\"wordCount\":404,\"commentCount\":0,\"image\":{\"@id\":\"https:\\\/\\\/vamosporlaliberacion.org\\\/crpmlm\\\/misiones-la-violencia-obstetrica-mata-justicia-para-yohana-carvallo\\\/#primaryimage\"},\"thumbnailUrl\":\"https:\\\/\\\/i0.wp.com\\\/vamosporlaliberacion.org\\\/crpmlm\\\/wp-content\\\/uploads\\\/2019\\\/10\\\/vxl150-movilizacionmontecarlo.png?fit=696%2C469&ssl=1\",\"keywords\":[\"violencia obst\u00e9trica\",\"vxl150\"],\"articleSection\":[\"Genero\"],\"inLanguage\":\"es\",\"potentialAction\":[{\"@type\":\"CommentAction\",\"name\":\"Comment\",\"target\":[\"https:\\\/\\\/vamosporlaliberacion.org\\\/crpmlm\\\/misiones-la-violencia-obstetrica-mata-justicia-para-yohana-carvallo\\\/#respond\"]}]},{\"@type\":\"WebPage\",\"@id\":\"https:\\\/\\\/vamosporlaliberacion.org\\\/crpmlm\\\/misiones-la-violencia-obstetrica-mata-justicia-para-yohana-carvallo\\\/\",\"url\":\"https:\\\/\\\/vamosporlaliberacion.org\\\/crpmlm\\\/misiones-la-violencia-obstetrica-mata-justicia-para-yohana-carvallo\\\/\",\"name\":\"Misiones: La violencia obst\u00e9trica mata: Justicia para Yohana Carvallo - Vamos por la Liberaci\u00f3n\",\"isPartOf\":{\"@id\":\"https:\\\/\\\/vamosporlaliberacion.org\\\/crpmlm\\\/#website\"},\"primaryImageOfPage\":{\"@id\":\"https:\\\/\\\/vamosporlaliberacion.org\\\/crpmlm\\\/misiones-la-violencia-obstetrica-mata-justicia-para-yohana-carvallo\\\/#primaryimage\"},\"image\":{\"@id\":\"https:\\\/\\\/vamosporlaliberacion.org\\\/crpmlm\\\/misiones-la-violencia-obstetrica-mata-justicia-para-yohana-carvallo\\\/#primaryimage\"},\"thumbnailUrl\":\"https:\\\/\\\/i0.wp.com\\\/vamosporlaliberacion.org\\\/crpmlm\\\/wp-content\\\/uploads\\\/2019\\\/10\\\/vxl150-movilizacionmontecarlo.png?fit=696%2C469&ssl=1\",\"datePublished\":\"2019-10-11T17:12:24+00:00\",\"dateModified\":\"2020-10-27T01:17:41+00:00\",\"author\":{\"@id\":\"https:\\\/\\\/vamosporlaliberacion.org\\\/crpmlm\\\/#\\\/schema\\\/person\\\/d6eac7758df3770dae9cd9eb104d615c\"},\"breadcrumb\":{\"@id\":\"https:\\\/\\\/vamosporlaliberacion.org\\\/crpmlm\\\/misiones-la-violencia-obstetrica-mata-justicia-para-yohana-carvallo\\\/#breadcrumb\"},\"inLanguage\":\"es\",\"potentialAction\":[{\"@type\":\"ReadAction\",\"target\":[\"https:\\\/\\\/vamosporlaliberacion.org\\\/crpmlm\\\/misiones-la-violencia-obstetrica-mata-justicia-para-yohana-carvallo\\\/\"]}]},{\"@type\":\"ImageObject\",\"inLanguage\":\"es\",\"@id\":\"https:\\\/\\\/vamosporlaliberacion.org\\\/crpmlm\\\/misiones-la-violencia-obstetrica-mata-justicia-para-yohana-carvallo\\\/#primaryimage\",\"url\":\"https:\\\/\\\/i0.wp.com\\\/vamosporlaliberacion.org\\\/crpmlm\\\/wp-content\\\/uploads\\\/2019\\\/10\\\/vxl150-movilizacionmontecarlo.png?fit=696%2C469&ssl=1\",\"contentUrl\":\"https:\\\/\\\/i0.wp.com\\\/vamosporlaliberacion.org\\\/crpmlm\\\/wp-content\\\/uploads\\\/2019\\\/10\\\/vxl150-movilizacionmontecarlo.png?fit=696%2C469&ssl=1\",\"width\":696,\"height\":469},{\"@type\":\"BreadcrumbList\",\"@id\":\"https:\\\/\\\/vamosporlaliberacion.org\\\/crpmlm\\\/misiones-la-violencia-obstetrica-mata-justicia-para-yohana-carvallo\\\/#breadcrumb\",\"itemListElement\":[{\"@type\":\"ListItem\",\"position\":1,\"name\":\"Portada\",\"item\":\"https:\\\/\\\/vamosporlaliberacion.org\\\/crpmlm\\\/\"},{\"@type\":\"ListItem\",\"position\":2,\"name\":\"Misiones: La violencia obst\u00e9trica mata: Justicia para Yohana Carvallo\"}]},{\"@type\":\"WebSite\",\"@id\":\"https:\\\/\\\/vamosporlaliberacion.org\\\/crpmlm\\\/#website\",\"url\":\"https:\\\/\\\/vamosporlaliberacion.org\\\/crpmlm\\\/\",\"name\":\"Vamos por la Liberaci\u00f3n\",\"description\":\"Prensa CR\",\"potentialAction\":[{\"@type\":\"SearchAction\",\"target\":{\"@type\":\"EntryPoint\",\"urlTemplate\":\"https:\\\/\\\/vamosporlaliberacion.org\\\/crpmlm\\\/?s={search_term_string}\"},\"query-input\":{\"@type\":\"PropertyValueSpecification\",\"valueRequired\":true,\"valueName\":\"search_term_string\"}}],\"inLanguage\":\"es\"},{\"@type\":\"Person\",\"@id\":\"https:\\\/\\\/vamosporlaliberacion.org\\\/crpmlm\\\/#\\\/schema\\\/person\\\/d6eac7758df3770dae9cd9eb104d615c\",\"name\":\"vamos!\",\"url\":\"https:\\\/\\\/vamosporlaliberacion.org\\\/crpmlm\\\/author\\\/adminvxl\\\/\"}]}<\/script>\n<!-- \/ Yoast SEO plugin. -->","yoast_head_json":{"title":"Misiones: La violencia obst\u00e9trica mata: Justicia para Yohana Carvallo - Vamos por la Liberaci\u00f3n","robots":{"index":"index","follow":"follow","max-snippet":"max-snippet:-1","max-image-preview":"max-image-preview:large","max-video-preview":"max-video-preview:-1"},"canonical":"https:\/\/vamosporlaliberacion.org\/crpmlm\/misiones-la-violencia-obstetrica-mata-justicia-para-yohana-carvallo\/","twitter_misc":{"Escrito por":"vamos!","Tiempo de lectura":"2 minutos"},"schema":{"@context":"https:\/\/schema.org","@graph":[{"@type":"Article","@id":"https:\/\/vamosporlaliberacion.org\/crpmlm\/misiones-la-violencia-obstetrica-mata-justicia-para-yohana-carvallo\/#article","isPartOf":{"@id":"https:\/\/vamosporlaliberacion.org\/crpmlm\/misiones-la-violencia-obstetrica-mata-justicia-para-yohana-carvallo\/"},"author":{"name":"vamos!","@id":"https:\/\/vamosporlaliberacion.org\/crpmlm\/#\/schema\/person\/d6eac7758df3770dae9cd9eb104d615c"},"headline":"Misiones: La violencia obst\u00e9trica mata: Justicia para Yohana Carvallo","datePublished":"2019-10-11T17:12:24+00:00","dateModified":"2020-10-27T01:17:41+00:00","mainEntityOfPage":{"@id":"https:\/\/vamosporlaliberacion.org\/crpmlm\/misiones-la-violencia-obstetrica-mata-justicia-para-yohana-carvallo\/"},"wordCount":404,"commentCount":0,"image":{"@id":"https:\/\/vamosporlaliberacion.org\/crpmlm\/misiones-la-violencia-obstetrica-mata-justicia-para-yohana-carvallo\/#primaryimage"},"thumbnailUrl":"https:\/\/i0.wp.com\/vamosporlaliberacion.org\/crpmlm\/wp-content\/uploads\/2019\/10\/vxl150-movilizacionmontecarlo.png?fit=696%2C469&ssl=1","keywords":["violencia obst\u00e9trica","vxl150"],"articleSection":["Genero"],"inLanguage":"es","potentialAction":[{"@type":"CommentAction","name":"Comment","target":["https:\/\/vamosporlaliberacion.org\/crpmlm\/misiones-la-violencia-obstetrica-mata-justicia-para-yohana-carvallo\/#respond"]}]},{"@type":"WebPage","@id":"https:\/\/vamosporlaliberacion.org\/crpmlm\/misiones-la-violencia-obstetrica-mata-justicia-para-yohana-carvallo\/","url":"https:\/\/vamosporlaliberacion.org\/crpmlm\/misiones-la-violencia-obstetrica-mata-justicia-para-yohana-carvallo\/","name":"Misiones: La violencia obst\u00e9trica mata: Justicia para Yohana Carvallo - Vamos por la Liberaci\u00f3n","isPartOf":{"@id":"https:\/\/vamosporlaliberacion.org\/crpmlm\/#website"},"primaryImageOfPage":{"@id":"https:\/\/vamosporlaliberacion.org\/crpmlm\/misiones-la-violencia-obstetrica-mata-justicia-para-yohana-carvallo\/#primaryimage"},"image":{"@id":"https:\/\/vamosporlaliberacion.org\/crpmlm\/misiones-la-violencia-obstetrica-mata-justicia-para-yohana-carvallo\/#primaryimage"},"thumbnailUrl":"https:\/\/i0.wp.com\/vamosporlaliberacion.org\/crpmlm\/wp-content\/uploads\/2019\/10\/vxl150-movilizacionmontecarlo.png?fit=696%2C469&ssl=1","datePublished":"2019-10-11T17:12:24+00:00","dateModified":"2020-10-27T01:17:41+00:00","author":{"@id":"https:\/\/vamosporlaliberacion.org\/crpmlm\/#\/schema\/person\/d6eac7758df3770dae9cd9eb104d615c"},"breadcrumb":{"@id":"https:\/\/vamosporlaliberacion.org\/crpmlm\/misiones-la-violencia-obstetrica-mata-justicia-para-yohana-carvallo\/#breadcrumb"},"inLanguage":"es","potentialAction":[{"@type":"ReadAction","target":["https:\/\/vamosporlaliberacion.org\/crpmlm\/misiones-la-violencia-obstetrica-mata-justicia-para-yohana-carvallo\/"]}]},{"@type":"ImageObject","inLanguage":"es","@id":"https:\/\/vamosporlaliberacion.org\/crpmlm\/misiones-la-violencia-obstetrica-mata-justicia-para-yohana-carvallo\/#primaryimage","url":"https:\/\/i0.wp.com\/vamosporlaliberacion.org\/crpmlm\/wp-content\/uploads\/2019\/10\/vxl150-movilizacionmontecarlo.png?fit=696%2C469&ssl=1","contentUrl":"https:\/\/i0.wp.com\/vamosporlaliberacion.org\/crpmlm\/wp-content\/uploads\/2019\/10\/vxl150-movilizacionmontecarlo.png?fit=696%2C469&ssl=1","width":696,"height":469},{"@type":"BreadcrumbList","@id":"https:\/\/vamosporlaliberacion.org\/crpmlm\/misiones-la-violencia-obstetrica-mata-justicia-para-yohana-carvallo\/#breadcrumb","itemListElement":[{"@type":"ListItem","position":1,"name":"Portada","item":"https:\/\/vamosporlaliberacion.org\/crpmlm\/"},{"@type":"ListItem","position":2,"name":"Misiones: La violencia obst\u00e9trica mata: Justicia para Yohana Carvallo"}]},{"@type":"WebSite","@id":"https:\/\/vamosporlaliberacion.org\/crpmlm\/#website","url":"https:\/\/vamosporlaliberacion.org\/crpmlm\/","name":"Vamos por la Liberaci\u00f3n","description":"Prensa CR","potentialAction":[{"@type":"SearchAction","target":{"@type":"EntryPoint","urlTemplate":"https:\/\/vamosporlaliberacion.org\/crpmlm\/?s={search_term_string}"},"query-input":{"@type":"PropertyValueSpecification","valueRequired":true,"valueName":"search_term_string"}}],"inLanguage":"es"},{"@type":"Person","@id":"https:\/\/vamosporlaliberacion.org\/crpmlm\/#\/schema\/person\/d6eac7758df3770dae9cd9eb104d615c","name":"vamos!","url":"https:\/\/vamosporlaliberacion.org\/crpmlm\/author\/adminvxl\/"}]}},"jetpack_featured_media_url":"https:\/\/i0.wp.com\/vamosporlaliberacion.org\/crpmlm\/wp-content\/uploads\/2019\/10\/vxl150-movilizacionmontecarlo.png?fit=696%2C469&ssl=1","jetpack_sharing_enabled":true,"_links":{"self":[{"href":"https:\/\/vamosporlaliberacion.org\/crpmlm\/wp-json\/wp\/v2\/posts\/14663","targetHints":{"allow":["GET"]}}],"collection":[{"href":"https:\/\/vamosporlaliberacion.org\/crpmlm\/wp-json\/wp\/v2\/posts"}],"about":[{"href":"https:\/\/vamosporlaliberacion.org\/crpmlm\/wp-json\/wp\/v2\/types\/post"}],"author":[{"embeddable":true,"href":"https:\/\/vamosporlaliberacion.org\/crpmlm\/wp-json\/wp\/v2\/users\/6"}],"replies":[{"embeddable":true,"href":"https:\/\/vamosporlaliberacion.org\/crpmlm\/wp-json\/wp\/v2\/comments?post=14663"}],"version-history":[{"count":1,"href":"https:\/\/vamosporlaliberacion.org\/crpmlm\/wp-json\/wp\/v2\/posts\/14663\/revisions"}],"predecessor-version":[{"id":20979,"href":"https:\/\/vamosporlaliberacion.org\/crpmlm\/wp-json\/wp\/v2\/posts\/14663\/revisions\/20979"}],"wp:featuredmedia":[{"embeddable":true,"href":"https:\/\/vamosporlaliberacion.org\/crpmlm\/wp-json\/wp\/v2\/media\/14666"}],"wp:attachment":[{"href":"https:\/\/vamosporlaliberacion.org\/crpmlm\/wp-json\/wp\/v2\/media?parent=14663"}],"wp:term":[{"taxonomy":"category","embeddable":true,"href":"https:\/\/vamosporlaliberacion.org\/crpmlm\/wp-json\/wp\/v2\/categories?post=14663"},{"taxonomy":"post_tag","embeddable":true,"href":"https:\/\/vamosporlaliberacion.org\/crpmlm\/wp-json\/wp\/v2\/tags?post=14663"}],"curies":[{"name":"wp","href":"https:\/\/api.w.org\/{rel}","templated":true}]}}