{"id":14661,"date":"2019-10-11T13:49:50","date_gmt":"2019-10-11T16:49:50","guid":{"rendered":"http:\/\/vamosporlaliberacion.org\/crpmlm\/?p=14661"},"modified":"2020-10-25T19:45:40","modified_gmt":"2020-10-25T22:45:40","slug":"poner-el-cuerpo-las-docentes-de-chubut","status":"publish","type":"post","link":"https:\/\/vamosporlaliberacion.org\/crpmlm\/poner-el-cuerpo-las-docentes-de-chubut\/","title":{"rendered":"Poner el cuerpo: las docentes de Chubut"},"content":{"rendered":"<p><span class=\"dropcap dropcap3\">L<\/span>a docencia en la Argentina es una tarea que, desde el imaginario, es fuertemente femenina. Pero no s\u00f3lo lo es en el imaginario, sino que seg\u00fan los datos del CIPPEC (Centro de Implementaci\u00f3n de Pol\u00edticas P\u00fablicas para la Equidad y el Crecimiento) el 75.5% de les trabajadores de la educaci\u00f3n son mujeres. Esto se encuentra enraizado desde los or\u00edgenes del sistema educativo argentino y el rol de cuidadoras al que fuimos -somos- reducidas las mujeres. Esta construcci\u00f3n del \u201cser para otros\u201d fue de la mano de un estereotipo de mujer pasiva, amable y cari\u00f1osa, buena con les ni\u00f1es.<\/p>\n<p>El discurso hegem\u00f3nico del patriarcado &#8211; hoy y ayer &#8211; nos endilga a las mujeres, cualidades maternales innatas, que nos coloca en mejores condiciones para formar y educar a las infancias. Un discurso plagado de estereotipos que configuraron la tarea docente estrechamente vinculada con el imaginario de la entrega, la afectividad, la paciencia, el cuidado, y poner el cuerpo al servicio de otres. La docencia fue considerada como una extensi\u00f3n de las tareas que las mujeres debemos realizar en los hogares, en el \u00e1mbito privado.<\/p>\n<p>A pesar de este discurso del patriarcado que nos otorga un lugar subordinado en los procesos hist\u00f3ricos, las docentes en Chubut ponen el cuerpo y rompen con los discursos y estereotipos hegem\u00f3nicos.<\/p>\n<p>Al cierre de esta edici\u00f3n los y las docentes de la provincia de Chubut est\u00e1n protagonizando la 12va semana de paro en reclamo del pago de su salario en tiempo y forma. En una provincia con un escandaloso endeudamiento, aprobado durante el gobierno de Macri, que busca descargar sus consecuencias sobre el pueblo.<\/p>\n<p>Esta lucha que lleva ya casi tres meses, fue protagonizada fuertemente por mujeres docentes y jubiladas que ponen el cuerpo en los cortes de ruta, en los bloqueos a los pozos petroleros. Mujeres que enfrentaron la represi\u00f3n \u201cparaestatal\u201d organizada por Jorge \u00c1vila \u2013secretario general de Petroleros Privados\u2013 que desaloj\u00f3 el corte en la Ruta 3 en acuerdo con el gobernador Mario Arcioni que le dej\u00f3 la zona \u201cliberada\u201d.<\/p>\n<p>Y tambi\u00e9n las mujeres ponemos el cuerpo como las compa\u00f1eras docentes Jorgelina Ruiz D\u00edaz y Mar\u00eda Cristina Aguilar que trabajaban en la Escuela N\u00b0 738 de Comodoro Rivadavia, que fallecieron en un accidente vial cuando volv\u00edan de una movilizaci\u00f3n en Rawson. Movilizaci\u00f3n convocada luego de que el gobernador haya querido aumentarse el 100% de su salario.<\/p>\n<p><strong>\u00a1Los gobiernos de Macri y Arcioni son responsables, y las docentes seguimos poniendo el cuerpo!\u00a1En las aulas y en las calles las docentes ponemos el cuerpo!<\/strong><\/p>\n<!-- AddThis Advanced Settings generic via filter on the_content --><!-- AddThis Share Buttons generic via filter on the_content -->","protected":false},"excerpt":{"rendered":"<p>La docencia en la Argentina es una tarea que, desde el imaginario, es fuertemente femenina. Pero no s\u00f3lo lo es en el imaginario, sino que seg\u00fan los datos del CIPPEC (Centro de Implementaci\u00f3n de Pol\u00edticas P\u00fablicas para la Equidad y el Crecimiento) el 75.5% de les trabajadores de la educaci\u00f3n son mujeres. Esto se encuentra [&hellip;]<!-- AddThis Advanced Settings generic via filter on get_the_excerpt --><!-- AddThis Share Buttons generic via filter on get_the_excerpt --><\/p>\n","protected":false},"author":6,"featured_media":14664,"comment_status":"open","ping_status":"open","sticky":false,"template":"","format":"standard","meta":{"_jetpack_memberships_contains_paid_content":false,"footnotes":""},"categories":[1877,1875],"tags":[57,88,1378],"class_list":{"0":"post-14661","1":"post","2":"type-post","3":"status-publish","4":"format-standard","5":"has-post-thumbnail","7":"category-gremiales","8":"category-genero","9":"tag-chubut","10":"tag-docentes","11":"tag-vxl150"},"yoast_head":"<!-- This site is optimized with the Yoast SEO plugin v27.4 - https:\/\/yoast.com\/product\/yoast-seo-wordpress\/ -->\n<title>Poner el cuerpo: las docentes de Chubut - Vamos por la Liberaci\u00f3n<\/title>\n<meta name=\"robots\" content=\"index, follow, max-snippet:-1, max-image-preview:large, max-video-preview:-1\" \/>\n<link rel=\"canonical\" href=\"https:\/\/vamosporlaliberacion.org\/crpmlm\/poner-el-cuerpo-las-docentes-de-chubut\/\" \/>\n<meta name=\"twitter:label1\" content=\"Escrito por\" \/>\n\t<meta name=\"twitter:data1\" content=\"vamos!\" \/>\n\t<meta name=\"twitter:label2\" content=\"Tiempo de lectura\" \/>\n\t<meta name=\"twitter:data2\" content=\"2 minutos\" \/>\n<script type=\"application\/ld+json\" class=\"yoast-schema-graph\">{\"@context\":\"https:\\\/\\\/schema.org\",\"@graph\":[{\"@type\":\"Article\",\"@id\":\"https:\\\/\\\/vamosporlaliberacion.org\\\/crpmlm\\\/poner-el-cuerpo-las-docentes-de-chubut\\\/#article\",\"isPartOf\":{\"@id\":\"https:\\\/\\\/vamosporlaliberacion.org\\\/crpmlm\\\/poner-el-cuerpo-las-docentes-de-chubut\\\/\"},\"author\":{\"name\":\"vamos!\",\"@id\":\"https:\\\/\\\/vamosporlaliberacion.org\\\/crpmlm\\\/#\\\/schema\\\/person\\\/d6eac7758df3770dae9cd9eb104d615c\"},\"headline\":\"Poner el cuerpo: las docentes de Chubut\",\"datePublished\":\"2019-10-11T16:49:50+00:00\",\"dateModified\":\"2020-10-25T22:45:40+00:00\",\"mainEntityOfPage\":{\"@id\":\"https:\\\/\\\/vamosporlaliberacion.org\\\/crpmlm\\\/poner-el-cuerpo-las-docentes-de-chubut\\\/\"},\"wordCount\":446,\"commentCount\":0,\"image\":{\"@id\":\"https:\\\/\\\/vamosporlaliberacion.org\\\/crpmlm\\\/poner-el-cuerpo-las-docentes-de-chubut\\\/#primaryimage\"},\"thumbnailUrl\":\"https:\\\/\\\/i0.wp.com\\\/vamosporlaliberacion.org\\\/crpmlm\\\/wp-content\\\/uploads\\\/2019\\\/10\\\/vxl150-chubut.png?fit=696%2C469&ssl=1\",\"keywords\":[\"Chubut\",\"docentes\",\"vxl150\"],\"articleSection\":[\"Actualidad e historia del movimiento obrero\",\"Genero\"],\"inLanguage\":\"es\",\"potentialAction\":[{\"@type\":\"CommentAction\",\"name\":\"Comment\",\"target\":[\"https:\\\/\\\/vamosporlaliberacion.org\\\/crpmlm\\\/poner-el-cuerpo-las-docentes-de-chubut\\\/#respond\"]}]},{\"@type\":\"WebPage\",\"@id\":\"https:\\\/\\\/vamosporlaliberacion.org\\\/crpmlm\\\/poner-el-cuerpo-las-docentes-de-chubut\\\/\",\"url\":\"https:\\\/\\\/vamosporlaliberacion.org\\\/crpmlm\\\/poner-el-cuerpo-las-docentes-de-chubut\\\/\",\"name\":\"Poner el cuerpo: las docentes de Chubut - Vamos por la Liberaci\u00f3n\",\"isPartOf\":{\"@id\":\"https:\\\/\\\/vamosporlaliberacion.org\\\/crpmlm\\\/#website\"},\"primaryImageOfPage\":{\"@id\":\"https:\\\/\\\/vamosporlaliberacion.org\\\/crpmlm\\\/poner-el-cuerpo-las-docentes-de-chubut\\\/#primaryimage\"},\"image\":{\"@id\":\"https:\\\/\\\/vamosporlaliberacion.org\\\/crpmlm\\\/poner-el-cuerpo-las-docentes-de-chubut\\\/#primaryimage\"},\"thumbnailUrl\":\"https:\\\/\\\/i0.wp.com\\\/vamosporlaliberacion.org\\\/crpmlm\\\/wp-content\\\/uploads\\\/2019\\\/10\\\/vxl150-chubut.png?fit=696%2C469&ssl=1\",\"datePublished\":\"2019-10-11T16:49:50+00:00\",\"dateModified\":\"2020-10-25T22:45:40+00:00\",\"author\":{\"@id\":\"https:\\\/\\\/vamosporlaliberacion.org\\\/crpmlm\\\/#\\\/schema\\\/person\\\/d6eac7758df3770dae9cd9eb104d615c\"},\"breadcrumb\":{\"@id\":\"https:\\\/\\\/vamosporlaliberacion.org\\\/crpmlm\\\/poner-el-cuerpo-las-docentes-de-chubut\\\/#breadcrumb\"},\"inLanguage\":\"es\",\"potentialAction\":[{\"@type\":\"ReadAction\",\"target\":[\"https:\\\/\\\/vamosporlaliberacion.org\\\/crpmlm\\\/poner-el-cuerpo-las-docentes-de-chubut\\\/\"]}]},{\"@type\":\"ImageObject\",\"inLanguage\":\"es\",\"@id\":\"https:\\\/\\\/vamosporlaliberacion.org\\\/crpmlm\\\/poner-el-cuerpo-las-docentes-de-chubut\\\/#primaryimage\",\"url\":\"https:\\\/\\\/i0.wp.com\\\/vamosporlaliberacion.org\\\/crpmlm\\\/wp-content\\\/uploads\\\/2019\\\/10\\\/vxl150-chubut.png?fit=696%2C469&ssl=1\",\"contentUrl\":\"https:\\\/\\\/i0.wp.com\\\/vamosporlaliberacion.org\\\/crpmlm\\\/wp-content\\\/uploads\\\/2019\\\/10\\\/vxl150-chubut.png?fit=696%2C469&ssl=1\",\"width\":696,\"height\":469},{\"@type\":\"BreadcrumbList\",\"@id\":\"https:\\\/\\\/vamosporlaliberacion.org\\\/crpmlm\\\/poner-el-cuerpo-las-docentes-de-chubut\\\/#breadcrumb\",\"itemListElement\":[{\"@type\":\"ListItem\",\"position\":1,\"name\":\"Portada\",\"item\":\"https:\\\/\\\/vamosporlaliberacion.org\\\/crpmlm\\\/\"},{\"@type\":\"ListItem\",\"position\":2,\"name\":\"Poner el cuerpo: las docentes de Chubut\"}]},{\"@type\":\"WebSite\",\"@id\":\"https:\\\/\\\/vamosporlaliberacion.org\\\/crpmlm\\\/#website\",\"url\":\"https:\\\/\\\/vamosporlaliberacion.org\\\/crpmlm\\\/\",\"name\":\"Vamos por la Liberaci\u00f3n\",\"description\":\"Prensa CR\",\"potentialAction\":[{\"@type\":\"SearchAction\",\"target\":{\"@type\":\"EntryPoint\",\"urlTemplate\":\"https:\\\/\\\/vamosporlaliberacion.org\\\/crpmlm\\\/?s={search_term_string}\"},\"query-input\":{\"@type\":\"PropertyValueSpecification\",\"valueRequired\":true,\"valueName\":\"search_term_string\"}}],\"inLanguage\":\"es\"},{\"@type\":\"Person\",\"@id\":\"https:\\\/\\\/vamosporlaliberacion.org\\\/crpmlm\\\/#\\\/schema\\\/person\\\/d6eac7758df3770dae9cd9eb104d615c\",\"name\":\"vamos!\",\"url\":\"https:\\\/\\\/vamosporlaliberacion.org\\\/crpmlm\\\/author\\\/adminvxl\\\/\"}]}<\/script>\n<!-- \/ Yoast SEO plugin. -->","yoast_head_json":{"title":"Poner el cuerpo: las docentes de Chubut - Vamos por la Liberaci\u00f3n","robots":{"index":"index","follow":"follow","max-snippet":"max-snippet:-1","max-image-preview":"max-image-preview:large","max-video-preview":"max-video-preview:-1"},"canonical":"https:\/\/vamosporlaliberacion.org\/crpmlm\/poner-el-cuerpo-las-docentes-de-chubut\/","twitter_misc":{"Escrito por":"vamos!","Tiempo de lectura":"2 minutos"},"schema":{"@context":"https:\/\/schema.org","@graph":[{"@type":"Article","@id":"https:\/\/vamosporlaliberacion.org\/crpmlm\/poner-el-cuerpo-las-docentes-de-chubut\/#article","isPartOf":{"@id":"https:\/\/vamosporlaliberacion.org\/crpmlm\/poner-el-cuerpo-las-docentes-de-chubut\/"},"author":{"name":"vamos!","@id":"https:\/\/vamosporlaliberacion.org\/crpmlm\/#\/schema\/person\/d6eac7758df3770dae9cd9eb104d615c"},"headline":"Poner el cuerpo: las docentes de Chubut","datePublished":"2019-10-11T16:49:50+00:00","dateModified":"2020-10-25T22:45:40+00:00","mainEntityOfPage":{"@id":"https:\/\/vamosporlaliberacion.org\/crpmlm\/poner-el-cuerpo-las-docentes-de-chubut\/"},"wordCount":446,"commentCount":0,"image":{"@id":"https:\/\/vamosporlaliberacion.org\/crpmlm\/poner-el-cuerpo-las-docentes-de-chubut\/#primaryimage"},"thumbnailUrl":"https:\/\/i0.wp.com\/vamosporlaliberacion.org\/crpmlm\/wp-content\/uploads\/2019\/10\/vxl150-chubut.png?fit=696%2C469&ssl=1","keywords":["Chubut","docentes","vxl150"],"articleSection":["Actualidad e historia del movimiento obrero","Genero"],"inLanguage":"es","potentialAction":[{"@type":"CommentAction","name":"Comment","target":["https:\/\/vamosporlaliberacion.org\/crpmlm\/poner-el-cuerpo-las-docentes-de-chubut\/#respond"]}]},{"@type":"WebPage","@id":"https:\/\/vamosporlaliberacion.org\/crpmlm\/poner-el-cuerpo-las-docentes-de-chubut\/","url":"https:\/\/vamosporlaliberacion.org\/crpmlm\/poner-el-cuerpo-las-docentes-de-chubut\/","name":"Poner el cuerpo: las docentes de Chubut - Vamos por la Liberaci\u00f3n","isPartOf":{"@id":"https:\/\/vamosporlaliberacion.org\/crpmlm\/#website"},"primaryImageOfPage":{"@id":"https:\/\/vamosporlaliberacion.org\/crpmlm\/poner-el-cuerpo-las-docentes-de-chubut\/#primaryimage"},"image":{"@id":"https:\/\/vamosporlaliberacion.org\/crpmlm\/poner-el-cuerpo-las-docentes-de-chubut\/#primaryimage"},"thumbnailUrl":"https:\/\/i0.wp.com\/vamosporlaliberacion.org\/crpmlm\/wp-content\/uploads\/2019\/10\/vxl150-chubut.png?fit=696%2C469&ssl=1","datePublished":"2019-10-11T16:49:50+00:00","dateModified":"2020-10-25T22:45:40+00:00","author":{"@id":"https:\/\/vamosporlaliberacion.org\/crpmlm\/#\/schema\/person\/d6eac7758df3770dae9cd9eb104d615c"},"breadcrumb":{"@id":"https:\/\/vamosporlaliberacion.org\/crpmlm\/poner-el-cuerpo-las-docentes-de-chubut\/#breadcrumb"},"inLanguage":"es","potentialAction":[{"@type":"ReadAction","target":["https:\/\/vamosporlaliberacion.org\/crpmlm\/poner-el-cuerpo-las-docentes-de-chubut\/"]}]},{"@type":"ImageObject","inLanguage":"es","@id":"https:\/\/vamosporlaliberacion.org\/crpmlm\/poner-el-cuerpo-las-docentes-de-chubut\/#primaryimage","url":"https:\/\/i0.wp.com\/vamosporlaliberacion.org\/crpmlm\/wp-content\/uploads\/2019\/10\/vxl150-chubut.png?fit=696%2C469&ssl=1","contentUrl":"https:\/\/i0.wp.com\/vamosporlaliberacion.org\/crpmlm\/wp-content\/uploads\/2019\/10\/vxl150-chubut.png?fit=696%2C469&ssl=1","width":696,"height":469},{"@type":"BreadcrumbList","@id":"https:\/\/vamosporlaliberacion.org\/crpmlm\/poner-el-cuerpo-las-docentes-de-chubut\/#breadcrumb","itemListElement":[{"@type":"ListItem","position":1,"name":"Portada","item":"https:\/\/vamosporlaliberacion.org\/crpmlm\/"},{"@type":"ListItem","position":2,"name":"Poner el cuerpo: las docentes de Chubut"}]},{"@type":"WebSite","@id":"https:\/\/vamosporlaliberacion.org\/crpmlm\/#website","url":"https:\/\/vamosporlaliberacion.org\/crpmlm\/","name":"Vamos por la Liberaci\u00f3n","description":"Prensa CR","potentialAction":[{"@type":"SearchAction","target":{"@type":"EntryPoint","urlTemplate":"https:\/\/vamosporlaliberacion.org\/crpmlm\/?s={search_term_string}"},"query-input":{"@type":"PropertyValueSpecification","valueRequired":true,"valueName":"search_term_string"}}],"inLanguage":"es"},{"@type":"Person","@id":"https:\/\/vamosporlaliberacion.org\/crpmlm\/#\/schema\/person\/d6eac7758df3770dae9cd9eb104d615c","name":"vamos!","url":"https:\/\/vamosporlaliberacion.org\/crpmlm\/author\/adminvxl\/"}]}},"jetpack_featured_media_url":"https:\/\/i0.wp.com\/vamosporlaliberacion.org\/crpmlm\/wp-content\/uploads\/2019\/10\/vxl150-chubut.png?fit=696%2C469&ssl=1","jetpack_sharing_enabled":true,"_links":{"self":[{"href":"https:\/\/vamosporlaliberacion.org\/crpmlm\/wp-json\/wp\/v2\/posts\/14661","targetHints":{"allow":["GET"]}}],"collection":[{"href":"https:\/\/vamosporlaliberacion.org\/crpmlm\/wp-json\/wp\/v2\/posts"}],"about":[{"href":"https:\/\/vamosporlaliberacion.org\/crpmlm\/wp-json\/wp\/v2\/types\/post"}],"author":[{"embeddable":true,"href":"https:\/\/vamosporlaliberacion.org\/crpmlm\/wp-json\/wp\/v2\/users\/6"}],"replies":[{"embeddable":true,"href":"https:\/\/vamosporlaliberacion.org\/crpmlm\/wp-json\/wp\/v2\/comments?post=14661"}],"version-history":[{"count":1,"href":"https:\/\/vamosporlaliberacion.org\/crpmlm\/wp-json\/wp\/v2\/posts\/14661\/revisions"}],"predecessor-version":[{"id":20558,"href":"https:\/\/vamosporlaliberacion.org\/crpmlm\/wp-json\/wp\/v2\/posts\/14661\/revisions\/20558"}],"wp:featuredmedia":[{"embeddable":true,"href":"https:\/\/vamosporlaliberacion.org\/crpmlm\/wp-json\/wp\/v2\/media\/14664"}],"wp:attachment":[{"href":"https:\/\/vamosporlaliberacion.org\/crpmlm\/wp-json\/wp\/v2\/media?parent=14661"}],"wp:term":[{"taxonomy":"category","embeddable":true,"href":"https:\/\/vamosporlaliberacion.org\/crpmlm\/wp-json\/wp\/v2\/categories?post=14661"},{"taxonomy":"post_tag","embeddable":true,"href":"https:\/\/vamosporlaliberacion.org\/crpmlm\/wp-json\/wp\/v2\/tags?post=14661"}],"curies":[{"name":"wp","href":"https:\/\/api.w.org\/{rel}","templated":true}]}}