{"id":14599,"date":"2019-09-25T23:59:05","date_gmt":"2019-09-26T02:59:05","guid":{"rendered":"http:\/\/vamosporlaliberacion.org\/crpmlm\/?p=14599"},"modified":"2019-09-25T23:59:05","modified_gmt":"2019-09-26T02:59:05","slug":"se-realizo-la-primera-cumbre-de-productores-bolivianos","status":"publish","type":"post","link":"https:\/\/vamosporlaliberacion.org\/crpmlm\/se-realizo-la-primera-cumbre-de-productores-bolivianos\/","title":{"rendered":"Se realiz\u00f3 la Primera Cumbre de Productores Bolivianos"},"content":{"rendered":"<p>Productores quinteros se reunieron en Villa Gobernador G\u00e1lvez, Santa Fe, convocados por la Agrupaci\u00f3n de Trabajadores y Trabajadoras de la Tierra. \u201cConvocamos una cumbre para tratar distintas problem\u00e1ticas que tienen los sectores productores de diferentes localidades, para llevar la problem\u00e1tica que tienen nuestros paisanos bolivianos en todos los que producen la tierra\u201d, expres\u00f3 Patricia Mamani, participante del encuentro e integrante de la Agrupaci\u00f3n Bartolina Sisa y la Corriente Ren\u00e9 Salamanca.<\/p>\n<p>La Primera Cumbre de Productores Bolivianos de Santa Fe, realizada el pasado 20 de septiembre, cont\u00f3 con la presencia de la c\u00f3nsul boliviana Esther Torrico, el intendente Alberto Ricci y el embajador de Bolivia, Santos Javier Tito V\u00e9liz, que abri\u00f3 la jornada. Desde ese mediod\u00eda, los participantes se distribuyeron en comisiones para luego exponer ante todos los compa\u00f1eros y compa\u00f1eras los debates. Participaron quinteros de Soldini, P\u00e9rez, Villa Gobernador G\u00e1lvez, Alvear, Gral. Lagos, Arroyo Seco, Fighiera y Pueblo Esther.<br \/>\nLas comisiones fueron: Tierras y alquileres; Semillas y herramientas; Mercado y comercio; y G\u00e9nero, ni\u00f1ez, salud, educaci\u00f3n y cultura. Entre los puntos elaborados, se plante\u00f3 reclamar contrato m\u00ednimo por tres a\u00f1os y que las tierras desocupadas puedan ser compradas por los productores en cuotas a bajo costo. Adem\u00e1s, buscar acuerdos de defensa de precios, feria propia en cada localidad y en el centro de Rosario. Tambi\u00e9n se precis\u00f3 un listado de herramientas necesarias para el trabajo. Se reivindic\u00f3 la igualdad de g\u00e9nero y se denunci\u00f3 la discriminaci\u00f3n en comisar\u00edas, hospitales y dem\u00e1s instituciones.<\/p>\n<p>\u201cSe estuvo hablando mucho del tema de la tierra y los alquileres que est\u00e1n muy altos; las semillas lo mismo. Vamos a hacer un documento que vamos a firmar las diferentes organizaciones para llevarlo al Ministerio de Producci\u00f3n en Rosario. Fue un gran avance. Fue muy linda la jornada\u201d, sintetiz\u00f3 Patri. Participaron diversas agrupaciones. Las Bartolinas de Capit\u00e1n Berm\u00fadez contribuyeron tambi\u00e9n haciendo la olla popular.<br \/>\n<strong>Corresponsal<\/strong><\/p>\n<!-- AddThis Advanced Settings generic via filter on the_content --><!-- AddThis Share Buttons generic via filter on the_content -->","protected":false},"excerpt":{"rendered":"<p>Productores quinteros se reunieron en Villa Gobernador G\u00e1lvez, Santa Fe, convocados por la Agrupaci\u00f3n de Trabajadores y Trabajadoras de la Tierra. \u201cConvocamos una cumbre para tratar distintas problem\u00e1ticas que tienen los sectores productores de diferentes localidades, para llevar la problem\u00e1tica que tienen nuestros paisanos bolivianos en todos los que producen la tierra\u201d, expres\u00f3 Patricia Mamani, [&hellip;]<!-- AddThis Advanced Settings generic via filter on get_the_excerpt --><!-- AddThis Share Buttons generic via filter on get_the_excerpt --><\/p>\n","protected":false},"author":7,"featured_media":14569,"comment_status":"open","ping_status":"open","sticky":false,"template":"","format":"standard","meta":{"_jetpack_memberships_contains_paid_content":false,"footnotes":""},"categories":[1699],"tags":[942,1373],"class_list":{"0":"post-14599","1":"post","2":"type-post","3":"status-publish","4":"format-standard","5":"has-post-thumbnail","7":"category-noticias","8":"tag-santa-fe","9":"tag-vxl-149"},"yoast_head":"<!-- This site is optimized with the Yoast SEO plugin v27.4 - https:\/\/yoast.com\/product\/yoast-seo-wordpress\/ -->\n<title>Se realiz\u00f3 la Primera Cumbre de Productores Bolivianos - Vamos por la Liberaci\u00f3n<\/title>\n<meta name=\"robots\" content=\"index, follow, max-snippet:-1, max-image-preview:large, max-video-preview:-1\" \/>\n<link rel=\"canonical\" href=\"https:\/\/vamosporlaliberacion.org\/crpmlm\/se-realizo-la-primera-cumbre-de-productores-bolivianos\/\" \/>\n<meta name=\"twitter:label1\" content=\"Escrito por\" \/>\n\t<meta name=\"twitter:data1\" content=\"\" \/>\n\t<meta name=\"twitter:label2\" content=\"Tiempo de lectura\" \/>\n\t<meta name=\"twitter:data2\" content=\"2 minutos\" \/>\n<script type=\"application\/ld+json\" class=\"yoast-schema-graph\">{\"@context\":\"https:\\\/\\\/schema.org\",\"@graph\":[{\"@type\":\"Article\",\"@id\":\"https:\\\/\\\/vamosporlaliberacion.org\\\/crpmlm\\\/se-realizo-la-primera-cumbre-de-productores-bolivianos\\\/#article\",\"isPartOf\":{\"@id\":\"https:\\\/\\\/vamosporlaliberacion.org\\\/crpmlm\\\/se-realizo-la-primera-cumbre-de-productores-bolivianos\\\/\"},\"author\":{\"name\":\"\",\"@id\":\"\"},\"headline\":\"Se realiz\u00f3 la Primera Cumbre de Productores Bolivianos\",\"datePublished\":\"2019-09-26T02:59:05+00:00\",\"mainEntityOfPage\":{\"@id\":\"https:\\\/\\\/vamosporlaliberacion.org\\\/crpmlm\\\/se-realizo-la-primera-cumbre-de-productores-bolivianos\\\/\"},\"wordCount\":343,\"commentCount\":0,\"image\":{\"@id\":\"https:\\\/\\\/vamosporlaliberacion.org\\\/crpmlm\\\/se-realizo-la-primera-cumbre-de-productores-bolivianos\\\/#primaryimage\"},\"thumbnailUrl\":\"https:\\\/\\\/i0.wp.com\\\/vamosporlaliberacion.org\\\/crpmlm\\\/wp-content\\\/uploads\\\/2019\\\/09\\\/ebc930ba-02c6-432b-b05c-0d0014b8e560.jpg?fit=1280%2C720&ssl=1\",\"keywords\":[\"Santa Fe\",\"vxl 149\"],\"articleSection\":[\"Noticias\"],\"inLanguage\":\"es\",\"potentialAction\":[{\"@type\":\"CommentAction\",\"name\":\"Comment\",\"target\":[\"https:\\\/\\\/vamosporlaliberacion.org\\\/crpmlm\\\/se-realizo-la-primera-cumbre-de-productores-bolivianos\\\/#respond\"]}]},{\"@type\":\"WebPage\",\"@id\":\"https:\\\/\\\/vamosporlaliberacion.org\\\/crpmlm\\\/se-realizo-la-primera-cumbre-de-productores-bolivianos\\\/\",\"url\":\"https:\\\/\\\/vamosporlaliberacion.org\\\/crpmlm\\\/se-realizo-la-primera-cumbre-de-productores-bolivianos\\\/\",\"name\":\"Se realiz\u00f3 la Primera Cumbre de Productores Bolivianos - Vamos por la Liberaci\u00f3n\",\"isPartOf\":{\"@id\":\"https:\\\/\\\/vamosporlaliberacion.org\\\/crpmlm\\\/#website\"},\"primaryImageOfPage\":{\"@id\":\"https:\\\/\\\/vamosporlaliberacion.org\\\/crpmlm\\\/se-realizo-la-primera-cumbre-de-productores-bolivianos\\\/#primaryimage\"},\"image\":{\"@id\":\"https:\\\/\\\/vamosporlaliberacion.org\\\/crpmlm\\\/se-realizo-la-primera-cumbre-de-productores-bolivianos\\\/#primaryimage\"},\"thumbnailUrl\":\"https:\\\/\\\/i0.wp.com\\\/vamosporlaliberacion.org\\\/crpmlm\\\/wp-content\\\/uploads\\\/2019\\\/09\\\/ebc930ba-02c6-432b-b05c-0d0014b8e560.jpg?fit=1280%2C720&ssl=1\",\"datePublished\":\"2019-09-26T02:59:05+00:00\",\"author\":{\"@id\":\"\"},\"breadcrumb\":{\"@id\":\"https:\\\/\\\/vamosporlaliberacion.org\\\/crpmlm\\\/se-realizo-la-primera-cumbre-de-productores-bolivianos\\\/#breadcrumb\"},\"inLanguage\":\"es\",\"potentialAction\":[{\"@type\":\"ReadAction\",\"target\":[\"https:\\\/\\\/vamosporlaliberacion.org\\\/crpmlm\\\/se-realizo-la-primera-cumbre-de-productores-bolivianos\\\/\"]}]},{\"@type\":\"ImageObject\",\"inLanguage\":\"es\",\"@id\":\"https:\\\/\\\/vamosporlaliberacion.org\\\/crpmlm\\\/se-realizo-la-primera-cumbre-de-productores-bolivianos\\\/#primaryimage\",\"url\":\"https:\\\/\\\/i0.wp.com\\\/vamosporlaliberacion.org\\\/crpmlm\\\/wp-content\\\/uploads\\\/2019\\\/09\\\/ebc930ba-02c6-432b-b05c-0d0014b8e560.jpg?fit=1280%2C720&ssl=1\",\"contentUrl\":\"https:\\\/\\\/i0.wp.com\\\/vamosporlaliberacion.org\\\/crpmlm\\\/wp-content\\\/uploads\\\/2019\\\/09\\\/ebc930ba-02c6-432b-b05c-0d0014b8e560.jpg?fit=1280%2C720&ssl=1\",\"width\":1280,\"height\":720},{\"@type\":\"BreadcrumbList\",\"@id\":\"https:\\\/\\\/vamosporlaliberacion.org\\\/crpmlm\\\/se-realizo-la-primera-cumbre-de-productores-bolivianos\\\/#breadcrumb\",\"itemListElement\":[{\"@type\":\"ListItem\",\"position\":1,\"name\":\"Portada\",\"item\":\"https:\\\/\\\/vamosporlaliberacion.org\\\/crpmlm\\\/\"},{\"@type\":\"ListItem\",\"position\":2,\"name\":\"Se realiz\u00f3 la Primera Cumbre de Productores Bolivianos\"}]},{\"@type\":\"WebSite\",\"@id\":\"https:\\\/\\\/vamosporlaliberacion.org\\\/crpmlm\\\/#website\",\"url\":\"https:\\\/\\\/vamosporlaliberacion.org\\\/crpmlm\\\/\",\"name\":\"Vamos por la Liberaci\u00f3n\",\"description\":\"Prensa CR\",\"potentialAction\":[{\"@type\":\"SearchAction\",\"target\":{\"@type\":\"EntryPoint\",\"urlTemplate\":\"https:\\\/\\\/vamosporlaliberacion.org\\\/crpmlm\\\/?s={search_term_string}\"},\"query-input\":{\"@type\":\"PropertyValueSpecification\",\"valueRequired\":true,\"valueName\":\"search_term_string\"}}],\"inLanguage\":\"es\"},{\"@type\":\"Person\",\"@id\":\"\",\"url\":\"https:\\\/\\\/vamosporlaliberacion.org\\\/crpmlm\\\/author\\\/\"}]}<\/script>\n<!-- \/ Yoast SEO plugin. -->","yoast_head_json":{"title":"Se realiz\u00f3 la Primera Cumbre de Productores Bolivianos - Vamos por la Liberaci\u00f3n","robots":{"index":"index","follow":"follow","max-snippet":"max-snippet:-1","max-image-preview":"max-image-preview:large","max-video-preview":"max-video-preview:-1"},"canonical":"https:\/\/vamosporlaliberacion.org\/crpmlm\/se-realizo-la-primera-cumbre-de-productores-bolivianos\/","twitter_misc":{"Escrito por":"","Tiempo de lectura":"2 minutos"},"schema":{"@context":"https:\/\/schema.org","@graph":[{"@type":"Article","@id":"https:\/\/vamosporlaliberacion.org\/crpmlm\/se-realizo-la-primera-cumbre-de-productores-bolivianos\/#article","isPartOf":{"@id":"https:\/\/vamosporlaliberacion.org\/crpmlm\/se-realizo-la-primera-cumbre-de-productores-bolivianos\/"},"author":{"name":"","@id":""},"headline":"Se realiz\u00f3 la Primera Cumbre de Productores Bolivianos","datePublished":"2019-09-26T02:59:05+00:00","mainEntityOfPage":{"@id":"https:\/\/vamosporlaliberacion.org\/crpmlm\/se-realizo-la-primera-cumbre-de-productores-bolivianos\/"},"wordCount":343,"commentCount":0,"image":{"@id":"https:\/\/vamosporlaliberacion.org\/crpmlm\/se-realizo-la-primera-cumbre-de-productores-bolivianos\/#primaryimage"},"thumbnailUrl":"https:\/\/i0.wp.com\/vamosporlaliberacion.org\/crpmlm\/wp-content\/uploads\/2019\/09\/ebc930ba-02c6-432b-b05c-0d0014b8e560.jpg?fit=1280%2C720&ssl=1","keywords":["Santa Fe","vxl 149"],"articleSection":["Noticias"],"inLanguage":"es","potentialAction":[{"@type":"CommentAction","name":"Comment","target":["https:\/\/vamosporlaliberacion.org\/crpmlm\/se-realizo-la-primera-cumbre-de-productores-bolivianos\/#respond"]}]},{"@type":"WebPage","@id":"https:\/\/vamosporlaliberacion.org\/crpmlm\/se-realizo-la-primera-cumbre-de-productores-bolivianos\/","url":"https:\/\/vamosporlaliberacion.org\/crpmlm\/se-realizo-la-primera-cumbre-de-productores-bolivianos\/","name":"Se realiz\u00f3 la Primera Cumbre de Productores Bolivianos - Vamos por la Liberaci\u00f3n","isPartOf":{"@id":"https:\/\/vamosporlaliberacion.org\/crpmlm\/#website"},"primaryImageOfPage":{"@id":"https:\/\/vamosporlaliberacion.org\/crpmlm\/se-realizo-la-primera-cumbre-de-productores-bolivianos\/#primaryimage"},"image":{"@id":"https:\/\/vamosporlaliberacion.org\/crpmlm\/se-realizo-la-primera-cumbre-de-productores-bolivianos\/#primaryimage"},"thumbnailUrl":"https:\/\/i0.wp.com\/vamosporlaliberacion.org\/crpmlm\/wp-content\/uploads\/2019\/09\/ebc930ba-02c6-432b-b05c-0d0014b8e560.jpg?fit=1280%2C720&ssl=1","datePublished":"2019-09-26T02:59:05+00:00","author":{"@id":""},"breadcrumb":{"@id":"https:\/\/vamosporlaliberacion.org\/crpmlm\/se-realizo-la-primera-cumbre-de-productores-bolivianos\/#breadcrumb"},"inLanguage":"es","potentialAction":[{"@type":"ReadAction","target":["https:\/\/vamosporlaliberacion.org\/crpmlm\/se-realizo-la-primera-cumbre-de-productores-bolivianos\/"]}]},{"@type":"ImageObject","inLanguage":"es","@id":"https:\/\/vamosporlaliberacion.org\/crpmlm\/se-realizo-la-primera-cumbre-de-productores-bolivianos\/#primaryimage","url":"https:\/\/i0.wp.com\/vamosporlaliberacion.org\/crpmlm\/wp-content\/uploads\/2019\/09\/ebc930ba-02c6-432b-b05c-0d0014b8e560.jpg?fit=1280%2C720&ssl=1","contentUrl":"https:\/\/i0.wp.com\/vamosporlaliberacion.org\/crpmlm\/wp-content\/uploads\/2019\/09\/ebc930ba-02c6-432b-b05c-0d0014b8e560.jpg?fit=1280%2C720&ssl=1","width":1280,"height":720},{"@type":"BreadcrumbList","@id":"https:\/\/vamosporlaliberacion.org\/crpmlm\/se-realizo-la-primera-cumbre-de-productores-bolivianos\/#breadcrumb","itemListElement":[{"@type":"ListItem","position":1,"name":"Portada","item":"https:\/\/vamosporlaliberacion.org\/crpmlm\/"},{"@type":"ListItem","position":2,"name":"Se realiz\u00f3 la Primera Cumbre de Productores Bolivianos"}]},{"@type":"WebSite","@id":"https:\/\/vamosporlaliberacion.org\/crpmlm\/#website","url":"https:\/\/vamosporlaliberacion.org\/crpmlm\/","name":"Vamos por la Liberaci\u00f3n","description":"Prensa CR","potentialAction":[{"@type":"SearchAction","target":{"@type":"EntryPoint","urlTemplate":"https:\/\/vamosporlaliberacion.org\/crpmlm\/?s={search_term_string}"},"query-input":{"@type":"PropertyValueSpecification","valueRequired":true,"valueName":"search_term_string"}}],"inLanguage":"es"},{"@type":"Person","@id":"","url":"https:\/\/vamosporlaliberacion.org\/crpmlm\/author\/"}]}},"jetpack_featured_media_url":"https:\/\/i0.wp.com\/vamosporlaliberacion.org\/crpmlm\/wp-content\/uploads\/2019\/09\/ebc930ba-02c6-432b-b05c-0d0014b8e560.jpg?fit=1280%2C720&ssl=1","jetpack_sharing_enabled":true,"_links":{"self":[{"href":"https:\/\/vamosporlaliberacion.org\/crpmlm\/wp-json\/wp\/v2\/posts\/14599","targetHints":{"allow":["GET"]}}],"collection":[{"href":"https:\/\/vamosporlaliberacion.org\/crpmlm\/wp-json\/wp\/v2\/posts"}],"about":[{"href":"https:\/\/vamosporlaliberacion.org\/crpmlm\/wp-json\/wp\/v2\/types\/post"}],"author":[{"embeddable":true,"href":"https:\/\/vamosporlaliberacion.org\/crpmlm\/wp-json\/wp\/v2\/users\/7"}],"replies":[{"embeddable":true,"href":"https:\/\/vamosporlaliberacion.org\/crpmlm\/wp-json\/wp\/v2\/comments?post=14599"}],"version-history":[{"count":0,"href":"https:\/\/vamosporlaliberacion.org\/crpmlm\/wp-json\/wp\/v2\/posts\/14599\/revisions"}],"wp:featuredmedia":[{"embeddable":true,"href":"https:\/\/vamosporlaliberacion.org\/crpmlm\/wp-json\/wp\/v2\/media\/14569"}],"wp:attachment":[{"href":"https:\/\/vamosporlaliberacion.org\/crpmlm\/wp-json\/wp\/v2\/media?parent=14599"}],"wp:term":[{"taxonomy":"category","embeddable":true,"href":"https:\/\/vamosporlaliberacion.org\/crpmlm\/wp-json\/wp\/v2\/categories?post=14599"},{"taxonomy":"post_tag","embeddable":true,"href":"https:\/\/vamosporlaliberacion.org\/crpmlm\/wp-json\/wp\/v2\/tags?post=14599"}],"curies":[{"name":"wp","href":"https:\/\/api.w.org\/{rel}","templated":true}]}}