{"id":14441,"date":"2019-08-30T15:36:49","date_gmt":"2019-08-30T18:36:49","guid":{"rendered":"http:\/\/vamosporlaliberacion.org\/crpmlm\/?p=14441"},"modified":"2019-08-30T15:36:49","modified_gmt":"2019-08-30T18:36:49","slug":"movilizan-las-organizaciones-sociales","status":"publish","type":"post","link":"https:\/\/vamosporlaliberacion.org\/crpmlm\/movilizan-las-organizaciones-sociales\/","title":{"rendered":"Movilizan las organizaciones sociales"},"content":{"rendered":"<p>El 27 de agosto moviliz\u00f3 la Corriente Clasista Ren\u00e9 Salamanca tras la derrota de Macri y la devaluaci\u00f3n que ha agravado la situaci\u00f3n de vida del pueblo, donde se remarcaron los alimentos un 30% y crecen los despidos. Tambi\u00e9n particip\u00f3 la TPR. Se march\u00f3 a los ministerios de Desarrollo Social, Vivienda y Educaci\u00f3n, donde se dejaron petitorios con los reclamos. La marcha arranc\u00f3 en Garay y Entre R\u00edos y termin\u00f3 en Azopardo y Venezuela. Ayer se nos notific\u00f3 de la asignaci\u00f3n de 250 raciones para el Comedor que ven\u00edamos reclamando.<\/p>\n<p>La movilizaci\u00f3n fue aprobada en el Plenario de la Corriente del 19\/8 donde hubo m\u00e1s de 100 delegados, con compa\u00f1eras y compa\u00f1eros de CABA, La Matanza, Esteban Echeverr\u00eda, Lan\u00fas, Merlo, Marcos Paz, San Mart\u00edn y Moreno. All\u00ed se expuso la participaci\u00f3n de los compa\u00f1eros en la campa\u00f1a de Todxs con el MP Liberaci\u00f3n, en unidad con otras fuerzas en los barrios, sumando a la derrota de Macri en las PASO. Y se analiz\u00f3 la devaluaci\u00f3n y el proceso inflacionario detonado.<\/p>\n<p>Al cierre de esta edici\u00f3n, un grupo de compa\u00f1eros participaban en la concentraci\u00f3n de CTEP, Barrios de Pie, CCC y otras organizaciones convocada sobre la Av. 9 de Julio en la CABA. Y el viernes 30 se concentrar\u00e1 frente al Consejo del Salario M\u00ednimo Vital y M\u00f3vil en el Ministerio de Trabajo.<\/p>\n<p style=\"text-align: right;\">Corresponsal<\/p>\n<!-- AddThis Advanced Settings generic via filter on the_content --><!-- AddThis Share Buttons generic via filter on the_content -->","protected":false},"excerpt":{"rendered":"<p>El 27 de agosto moviliz\u00f3 la Corriente Clasista Ren\u00e9 Salamanca tras la derrota de Macri y la devaluaci\u00f3n que ha agravado la situaci\u00f3n de vida del pueblo, donde se remarcaron los alimentos un 30% y crecen los despidos. Tambi\u00e9n particip\u00f3 la TPR. Se march\u00f3 a los ministerios de Desarrollo Social, Vivienda y Educaci\u00f3n, donde se [&hellip;]<!-- AddThis Advanced Settings generic via filter on get_the_excerpt --><!-- AddThis Share Buttons generic via filter on get_the_excerpt --><\/p>\n","protected":false},"author":6,"featured_media":14396,"comment_status":"open","ping_status":"open","sticky":false,"template":"","format":"standard","meta":{"_jetpack_memberships_contains_paid_content":false,"footnotes":""},"categories":[1699],"tags":[31,71,520,1368],"class_list":{"0":"post-14441","1":"post","2":"type-post","3":"status-publish","4":"format-standard","5":"has-post-thumbnail","7":"category-noticias","8":"tag-agrupacion-clasista-lucha-y-trabajo","9":"tag-corriente-clasista-rene-salamanca","10":"tag-destacado-2","11":"tag-vxl-147"},"yoast_head":"<!-- This site is optimized with the Yoast SEO plugin v27.4 - https:\/\/yoast.com\/product\/yoast-seo-wordpress\/ -->\n<title>Movilizan las organizaciones sociales - Vamos por la Liberaci\u00f3n<\/title>\n<meta name=\"robots\" content=\"index, follow, max-snippet:-1, max-image-preview:large, max-video-preview:-1\" \/>\n<link rel=\"canonical\" href=\"https:\/\/vamosporlaliberacion.org\/crpmlm\/movilizan-las-organizaciones-sociales\/\" \/>\n<meta name=\"twitter:label1\" content=\"Escrito por\" \/>\n\t<meta name=\"twitter:data1\" content=\"vamos!\" \/>\n\t<meta name=\"twitter:label2\" content=\"Tiempo de lectura\" \/>\n\t<meta name=\"twitter:data2\" content=\"1 minuto\" \/>\n<script type=\"application\/ld+json\" class=\"yoast-schema-graph\">{\"@context\":\"https:\\\/\\\/schema.org\",\"@graph\":[{\"@type\":\"Article\",\"@id\":\"https:\\\/\\\/vamosporlaliberacion.org\\\/crpmlm\\\/movilizan-las-organizaciones-sociales\\\/#article\",\"isPartOf\":{\"@id\":\"https:\\\/\\\/vamosporlaliberacion.org\\\/crpmlm\\\/movilizan-las-organizaciones-sociales\\\/\"},\"author\":{\"name\":\"vamos!\",\"@id\":\"https:\\\/\\\/vamosporlaliberacion.org\\\/crpmlm\\\/#\\\/schema\\\/person\\\/d6eac7758df3770dae9cd9eb104d615c\"},\"headline\":\"Movilizan las organizaciones sociales\",\"datePublished\":\"2019-08-30T18:36:49+00:00\",\"mainEntityOfPage\":{\"@id\":\"https:\\\/\\\/vamosporlaliberacion.org\\\/crpmlm\\\/movilizan-las-organizaciones-sociales\\\/\"},\"wordCount\":244,\"commentCount\":0,\"image\":{\"@id\":\"https:\\\/\\\/vamosporlaliberacion.org\\\/crpmlm\\\/movilizan-las-organizaciones-sociales\\\/#primaryimage\"},\"thumbnailUrl\":\"https:\\\/\\\/i0.wp.com\\\/vamosporlaliberacion.org\\\/crpmlm\\\/wp-content\\\/uploads\\\/2019\\\/08\\\/WhatsApp-Image-2019-08-27-at-5.22.56-PM.jpeg?fit=1032%2C774&ssl=1\",\"keywords\":[\"Agrupaci\u00f3n Clasista Lucha y Trabajo\",\"Corriente Clasista Ren\u00e9 Salamanca\",\"destacado 2\",\"Vxl 147\"],\"articleSection\":[\"Noticias\"],\"inLanguage\":\"es\",\"potentialAction\":[{\"@type\":\"CommentAction\",\"name\":\"Comment\",\"target\":[\"https:\\\/\\\/vamosporlaliberacion.org\\\/crpmlm\\\/movilizan-las-organizaciones-sociales\\\/#respond\"]}]},{\"@type\":\"WebPage\",\"@id\":\"https:\\\/\\\/vamosporlaliberacion.org\\\/crpmlm\\\/movilizan-las-organizaciones-sociales\\\/\",\"url\":\"https:\\\/\\\/vamosporlaliberacion.org\\\/crpmlm\\\/movilizan-las-organizaciones-sociales\\\/\",\"name\":\"Movilizan las organizaciones sociales - Vamos por la Liberaci\u00f3n\",\"isPartOf\":{\"@id\":\"https:\\\/\\\/vamosporlaliberacion.org\\\/crpmlm\\\/#website\"},\"primaryImageOfPage\":{\"@id\":\"https:\\\/\\\/vamosporlaliberacion.org\\\/crpmlm\\\/movilizan-las-organizaciones-sociales\\\/#primaryimage\"},\"image\":{\"@id\":\"https:\\\/\\\/vamosporlaliberacion.org\\\/crpmlm\\\/movilizan-las-organizaciones-sociales\\\/#primaryimage\"},\"thumbnailUrl\":\"https:\\\/\\\/i0.wp.com\\\/vamosporlaliberacion.org\\\/crpmlm\\\/wp-content\\\/uploads\\\/2019\\\/08\\\/WhatsApp-Image-2019-08-27-at-5.22.56-PM.jpeg?fit=1032%2C774&ssl=1\",\"datePublished\":\"2019-08-30T18:36:49+00:00\",\"author\":{\"@id\":\"https:\\\/\\\/vamosporlaliberacion.org\\\/crpmlm\\\/#\\\/schema\\\/person\\\/d6eac7758df3770dae9cd9eb104d615c\"},\"breadcrumb\":{\"@id\":\"https:\\\/\\\/vamosporlaliberacion.org\\\/crpmlm\\\/movilizan-las-organizaciones-sociales\\\/#breadcrumb\"},\"inLanguage\":\"es\",\"potentialAction\":[{\"@type\":\"ReadAction\",\"target\":[\"https:\\\/\\\/vamosporlaliberacion.org\\\/crpmlm\\\/movilizan-las-organizaciones-sociales\\\/\"]}]},{\"@type\":\"ImageObject\",\"inLanguage\":\"es\",\"@id\":\"https:\\\/\\\/vamosporlaliberacion.org\\\/crpmlm\\\/movilizan-las-organizaciones-sociales\\\/#primaryimage\",\"url\":\"https:\\\/\\\/i0.wp.com\\\/vamosporlaliberacion.org\\\/crpmlm\\\/wp-content\\\/uploads\\\/2019\\\/08\\\/WhatsApp-Image-2019-08-27-at-5.22.56-PM.jpeg?fit=1032%2C774&ssl=1\",\"contentUrl\":\"https:\\\/\\\/i0.wp.com\\\/vamosporlaliberacion.org\\\/crpmlm\\\/wp-content\\\/uploads\\\/2019\\\/08\\\/WhatsApp-Image-2019-08-27-at-5.22.56-PM.jpeg?fit=1032%2C774&ssl=1\",\"width\":1032,\"height\":774},{\"@type\":\"BreadcrumbList\",\"@id\":\"https:\\\/\\\/vamosporlaliberacion.org\\\/crpmlm\\\/movilizan-las-organizaciones-sociales\\\/#breadcrumb\",\"itemListElement\":[{\"@type\":\"ListItem\",\"position\":1,\"name\":\"Portada\",\"item\":\"https:\\\/\\\/vamosporlaliberacion.org\\\/crpmlm\\\/\"},{\"@type\":\"ListItem\",\"position\":2,\"name\":\"Movilizan las organizaciones sociales\"}]},{\"@type\":\"WebSite\",\"@id\":\"https:\\\/\\\/vamosporlaliberacion.org\\\/crpmlm\\\/#website\",\"url\":\"https:\\\/\\\/vamosporlaliberacion.org\\\/crpmlm\\\/\",\"name\":\"Vamos por la Liberaci\u00f3n\",\"description\":\"Prensa CR\",\"potentialAction\":[{\"@type\":\"SearchAction\",\"target\":{\"@type\":\"EntryPoint\",\"urlTemplate\":\"https:\\\/\\\/vamosporlaliberacion.org\\\/crpmlm\\\/?s={search_term_string}\"},\"query-input\":{\"@type\":\"PropertyValueSpecification\",\"valueRequired\":true,\"valueName\":\"search_term_string\"}}],\"inLanguage\":\"es\"},{\"@type\":\"Person\",\"@id\":\"https:\\\/\\\/vamosporlaliberacion.org\\\/crpmlm\\\/#\\\/schema\\\/person\\\/d6eac7758df3770dae9cd9eb104d615c\",\"name\":\"vamos!\",\"url\":\"https:\\\/\\\/vamosporlaliberacion.org\\\/crpmlm\\\/author\\\/adminvxl\\\/\"}]}<\/script>\n<!-- \/ Yoast SEO plugin. -->","yoast_head_json":{"title":"Movilizan las organizaciones sociales - Vamos por la Liberaci\u00f3n","robots":{"index":"index","follow":"follow","max-snippet":"max-snippet:-1","max-image-preview":"max-image-preview:large","max-video-preview":"max-video-preview:-1"},"canonical":"https:\/\/vamosporlaliberacion.org\/crpmlm\/movilizan-las-organizaciones-sociales\/","twitter_misc":{"Escrito por":"vamos!","Tiempo de lectura":"1 minuto"},"schema":{"@context":"https:\/\/schema.org","@graph":[{"@type":"Article","@id":"https:\/\/vamosporlaliberacion.org\/crpmlm\/movilizan-las-organizaciones-sociales\/#article","isPartOf":{"@id":"https:\/\/vamosporlaliberacion.org\/crpmlm\/movilizan-las-organizaciones-sociales\/"},"author":{"name":"vamos!","@id":"https:\/\/vamosporlaliberacion.org\/crpmlm\/#\/schema\/person\/d6eac7758df3770dae9cd9eb104d615c"},"headline":"Movilizan las organizaciones sociales","datePublished":"2019-08-30T18:36:49+00:00","mainEntityOfPage":{"@id":"https:\/\/vamosporlaliberacion.org\/crpmlm\/movilizan-las-organizaciones-sociales\/"},"wordCount":244,"commentCount":0,"image":{"@id":"https:\/\/vamosporlaliberacion.org\/crpmlm\/movilizan-las-organizaciones-sociales\/#primaryimage"},"thumbnailUrl":"https:\/\/i0.wp.com\/vamosporlaliberacion.org\/crpmlm\/wp-content\/uploads\/2019\/08\/WhatsApp-Image-2019-08-27-at-5.22.56-PM.jpeg?fit=1032%2C774&ssl=1","keywords":["Agrupaci\u00f3n Clasista Lucha y Trabajo","Corriente Clasista Ren\u00e9 Salamanca","destacado 2","Vxl 147"],"articleSection":["Noticias"],"inLanguage":"es","potentialAction":[{"@type":"CommentAction","name":"Comment","target":["https:\/\/vamosporlaliberacion.org\/crpmlm\/movilizan-las-organizaciones-sociales\/#respond"]}]},{"@type":"WebPage","@id":"https:\/\/vamosporlaliberacion.org\/crpmlm\/movilizan-las-organizaciones-sociales\/","url":"https:\/\/vamosporlaliberacion.org\/crpmlm\/movilizan-las-organizaciones-sociales\/","name":"Movilizan las organizaciones sociales - Vamos por la Liberaci\u00f3n","isPartOf":{"@id":"https:\/\/vamosporlaliberacion.org\/crpmlm\/#website"},"primaryImageOfPage":{"@id":"https:\/\/vamosporlaliberacion.org\/crpmlm\/movilizan-las-organizaciones-sociales\/#primaryimage"},"image":{"@id":"https:\/\/vamosporlaliberacion.org\/crpmlm\/movilizan-las-organizaciones-sociales\/#primaryimage"},"thumbnailUrl":"https:\/\/i0.wp.com\/vamosporlaliberacion.org\/crpmlm\/wp-content\/uploads\/2019\/08\/WhatsApp-Image-2019-08-27-at-5.22.56-PM.jpeg?fit=1032%2C774&ssl=1","datePublished":"2019-08-30T18:36:49+00:00","author":{"@id":"https:\/\/vamosporlaliberacion.org\/crpmlm\/#\/schema\/person\/d6eac7758df3770dae9cd9eb104d615c"},"breadcrumb":{"@id":"https:\/\/vamosporlaliberacion.org\/crpmlm\/movilizan-las-organizaciones-sociales\/#breadcrumb"},"inLanguage":"es","potentialAction":[{"@type":"ReadAction","target":["https:\/\/vamosporlaliberacion.org\/crpmlm\/movilizan-las-organizaciones-sociales\/"]}]},{"@type":"ImageObject","inLanguage":"es","@id":"https:\/\/vamosporlaliberacion.org\/crpmlm\/movilizan-las-organizaciones-sociales\/#primaryimage","url":"https:\/\/i0.wp.com\/vamosporlaliberacion.org\/crpmlm\/wp-content\/uploads\/2019\/08\/WhatsApp-Image-2019-08-27-at-5.22.56-PM.jpeg?fit=1032%2C774&ssl=1","contentUrl":"https:\/\/i0.wp.com\/vamosporlaliberacion.org\/crpmlm\/wp-content\/uploads\/2019\/08\/WhatsApp-Image-2019-08-27-at-5.22.56-PM.jpeg?fit=1032%2C774&ssl=1","width":1032,"height":774},{"@type":"BreadcrumbList","@id":"https:\/\/vamosporlaliberacion.org\/crpmlm\/movilizan-las-organizaciones-sociales\/#breadcrumb","itemListElement":[{"@type":"ListItem","position":1,"name":"Portada","item":"https:\/\/vamosporlaliberacion.org\/crpmlm\/"},{"@type":"ListItem","position":2,"name":"Movilizan las organizaciones sociales"}]},{"@type":"WebSite","@id":"https:\/\/vamosporlaliberacion.org\/crpmlm\/#website","url":"https:\/\/vamosporlaliberacion.org\/crpmlm\/","name":"Vamos por la Liberaci\u00f3n","description":"Prensa CR","potentialAction":[{"@type":"SearchAction","target":{"@type":"EntryPoint","urlTemplate":"https:\/\/vamosporlaliberacion.org\/crpmlm\/?s={search_term_string}"},"query-input":{"@type":"PropertyValueSpecification","valueRequired":true,"valueName":"search_term_string"}}],"inLanguage":"es"},{"@type":"Person","@id":"https:\/\/vamosporlaliberacion.org\/crpmlm\/#\/schema\/person\/d6eac7758df3770dae9cd9eb104d615c","name":"vamos!","url":"https:\/\/vamosporlaliberacion.org\/crpmlm\/author\/adminvxl\/"}]}},"jetpack_featured_media_url":"https:\/\/i0.wp.com\/vamosporlaliberacion.org\/crpmlm\/wp-content\/uploads\/2019\/08\/WhatsApp-Image-2019-08-27-at-5.22.56-PM.jpeg?fit=1032%2C774&ssl=1","jetpack_sharing_enabled":true,"_links":{"self":[{"href":"https:\/\/vamosporlaliberacion.org\/crpmlm\/wp-json\/wp\/v2\/posts\/14441","targetHints":{"allow":["GET"]}}],"collection":[{"href":"https:\/\/vamosporlaliberacion.org\/crpmlm\/wp-json\/wp\/v2\/posts"}],"about":[{"href":"https:\/\/vamosporlaliberacion.org\/crpmlm\/wp-json\/wp\/v2\/types\/post"}],"author":[{"embeddable":true,"href":"https:\/\/vamosporlaliberacion.org\/crpmlm\/wp-json\/wp\/v2\/users\/6"}],"replies":[{"embeddable":true,"href":"https:\/\/vamosporlaliberacion.org\/crpmlm\/wp-json\/wp\/v2\/comments?post=14441"}],"version-history":[{"count":0,"href":"https:\/\/vamosporlaliberacion.org\/crpmlm\/wp-json\/wp\/v2\/posts\/14441\/revisions"}],"wp:featuredmedia":[{"embeddable":true,"href":"https:\/\/vamosporlaliberacion.org\/crpmlm\/wp-json\/wp\/v2\/media\/14396"}],"wp:attachment":[{"href":"https:\/\/vamosporlaliberacion.org\/crpmlm\/wp-json\/wp\/v2\/media?parent=14441"}],"wp:term":[{"taxonomy":"category","embeddable":true,"href":"https:\/\/vamosporlaliberacion.org\/crpmlm\/wp-json\/wp\/v2\/categories?post=14441"},{"taxonomy":"post_tag","embeddable":true,"href":"https:\/\/vamosporlaliberacion.org\/crpmlm\/wp-json\/wp\/v2\/tags?post=14441"}],"curies":[{"name":"wp","href":"https:\/\/api.w.org\/{rel}","templated":true}]}}