{"id":14209,"date":"2019-07-30T14:47:42","date_gmt":"2019-07-30T17:47:42","guid":{"rendered":"http:\/\/vamosporlaliberacion.org\/crpmlm\/?p=14209"},"modified":"2019-07-30T14:47:42","modified_gmt":"2019-07-30T17:47:42","slug":"villa-gobernador-galvez-los-quinteros-se-organizan","status":"publish","type":"post","link":"https:\/\/vamosporlaliberacion.org\/crpmlm\/villa-gobernador-galvez-los-quinteros-se-organizan\/","title":{"rendered":"Villa Gobernador G\u00e1lvez: \u00a1Los quinteros se organizan!"},"content":{"rendered":"<p>Cerca de 40 trabajadoras y trabajadores quinteros de la zona de Villa Gobernador G\u00e1lvez en Santa Fe decidieron fundar la \u201cAgrupaci\u00f3n de Trabajadores y Trabajadoras de la Tierra\u201d e incorporarse a la CTAA. \u00a1Gran paso!<\/p>\n<p>Luego se realiz\u00f3 una nueva reuni\u00f3n con m\u00e1s localidades donde ratificaron la integraci\u00f3n a la CTA-A y elaboraron una nota firmada por todos los integrantes de la agrupaci\u00f3n dirigida al Ministro de Agricultura de la provincia de Santa Fe, pidiendo una urgente reuni\u00f3n para que se les otorgue semillas y reparaci\u00f3n por haber sido castigados por la piedra de hace 20 d\u00edas donde perdieron gran parte de la cosecha. La reuni\u00f3n tambi\u00e9n trat\u00f3 comenzar los tr\u00e1mites para constituir la asociaci\u00f3n civil que los represente legalmente.<\/p>\n<!-- AddThis Advanced Settings generic via filter on the_content --><!-- AddThis Share Buttons generic via filter on the_content -->","protected":false},"excerpt":{"rendered":"<p>Cerca de 40 trabajadoras y trabajadores quinteros de la zona de Villa Gobernador G\u00e1lvez en Santa Fe decidieron fundar la \u201cAgrupaci\u00f3n de Trabajadores y Trabajadoras de la Tierra\u201d e incorporarse a la CTAA. \u00a1Gran paso! Luego se realiz\u00f3 una nueva reuni\u00f3n con m\u00e1s localidades donde ratificaron la integraci\u00f3n a la CTA-A y elaboraron una nota [&hellip;]<!-- AddThis Advanced Settings generic via filter on get_the_excerpt --><!-- AddThis Share Buttons generic via filter on get_the_excerpt --><\/p>\n","protected":false},"author":6,"featured_media":14147,"comment_status":"open","ping_status":"open","sticky":false,"template":"","format":"standard","meta":{"_jetpack_memberships_contains_paid_content":false,"footnotes":""},"categories":[1699],"tags":[1359,942,1355],"class_list":{"0":"post-14209","1":"post","2":"type-post","3":"status-publish","4":"format-standard","5":"has-post-thumbnail","7":"category-noticias","8":"tag-cta-a","9":"tag-santa-fe","10":"tag-vxl-145"},"yoast_head":"<!-- This site is optimized with the Yoast SEO plugin v27.4 - https:\/\/yoast.com\/product\/yoast-seo-wordpress\/ -->\n<title>Villa Gobernador G\u00e1lvez: \u00a1Los quinteros se organizan! - Vamos por la Liberaci\u00f3n<\/title>\n<meta name=\"robots\" content=\"index, follow, max-snippet:-1, max-image-preview:large, max-video-preview:-1\" \/>\n<link rel=\"canonical\" href=\"https:\/\/vamosporlaliberacion.org\/crpmlm\/villa-gobernador-galvez-los-quinteros-se-organizan\/\" \/>\n<meta name=\"twitter:label1\" content=\"Escrito por\" \/>\n\t<meta name=\"twitter:data1\" content=\"vamos!\" \/>\n\t<meta name=\"twitter:label2\" content=\"Tiempo de lectura\" \/>\n\t<meta name=\"twitter:data2\" content=\"1 minuto\" \/>\n<script type=\"application\/ld+json\" class=\"yoast-schema-graph\">{\"@context\":\"https:\\\/\\\/schema.org\",\"@graph\":[{\"@type\":\"Article\",\"@id\":\"https:\\\/\\\/vamosporlaliberacion.org\\\/crpmlm\\\/villa-gobernador-galvez-los-quinteros-se-organizan\\\/#article\",\"isPartOf\":{\"@id\":\"https:\\\/\\\/vamosporlaliberacion.org\\\/crpmlm\\\/villa-gobernador-galvez-los-quinteros-se-organizan\\\/\"},\"author\":{\"name\":\"vamos!\",\"@id\":\"https:\\\/\\\/vamosporlaliberacion.org\\\/crpmlm\\\/#\\\/schema\\\/person\\\/d6eac7758df3770dae9cd9eb104d615c\"},\"headline\":\"Villa Gobernador G\u00e1lvez: \u00a1Los quinteros se organizan!\",\"datePublished\":\"2019-07-30T17:47:42+00:00\",\"mainEntityOfPage\":{\"@id\":\"https:\\\/\\\/vamosporlaliberacion.org\\\/crpmlm\\\/villa-gobernador-galvez-los-quinteros-se-organizan\\\/\"},\"wordCount\":139,\"commentCount\":0,\"image\":{\"@id\":\"https:\\\/\\\/vamosporlaliberacion.org\\\/crpmlm\\\/villa-gobernador-galvez-los-quinteros-se-organizan\\\/#primaryimage\"},\"thumbnailUrl\":\"https:\\\/\\\/i0.wp.com\\\/vamosporlaliberacion.org\\\/crpmlm\\\/wp-content\\\/uploads\\\/2019\\\/07\\\/campesinos-santa-fe.jpg?fit=960%2C720&ssl=1\",\"keywords\":[\"CTA-A\",\"Santa Fe\",\"vxl 145\"],\"articleSection\":[\"Noticias\"],\"inLanguage\":\"es\",\"potentialAction\":[{\"@type\":\"CommentAction\",\"name\":\"Comment\",\"target\":[\"https:\\\/\\\/vamosporlaliberacion.org\\\/crpmlm\\\/villa-gobernador-galvez-los-quinteros-se-organizan\\\/#respond\"]}]},{\"@type\":\"WebPage\",\"@id\":\"https:\\\/\\\/vamosporlaliberacion.org\\\/crpmlm\\\/villa-gobernador-galvez-los-quinteros-se-organizan\\\/\",\"url\":\"https:\\\/\\\/vamosporlaliberacion.org\\\/crpmlm\\\/villa-gobernador-galvez-los-quinteros-se-organizan\\\/\",\"name\":\"Villa Gobernador G\u00e1lvez: \u00a1Los quinteros se organizan! - Vamos por la Liberaci\u00f3n\",\"isPartOf\":{\"@id\":\"https:\\\/\\\/vamosporlaliberacion.org\\\/crpmlm\\\/#website\"},\"primaryImageOfPage\":{\"@id\":\"https:\\\/\\\/vamosporlaliberacion.org\\\/crpmlm\\\/villa-gobernador-galvez-los-quinteros-se-organizan\\\/#primaryimage\"},\"image\":{\"@id\":\"https:\\\/\\\/vamosporlaliberacion.org\\\/crpmlm\\\/villa-gobernador-galvez-los-quinteros-se-organizan\\\/#primaryimage\"},\"thumbnailUrl\":\"https:\\\/\\\/i0.wp.com\\\/vamosporlaliberacion.org\\\/crpmlm\\\/wp-content\\\/uploads\\\/2019\\\/07\\\/campesinos-santa-fe.jpg?fit=960%2C720&ssl=1\",\"datePublished\":\"2019-07-30T17:47:42+00:00\",\"author\":{\"@id\":\"https:\\\/\\\/vamosporlaliberacion.org\\\/crpmlm\\\/#\\\/schema\\\/person\\\/d6eac7758df3770dae9cd9eb104d615c\"},\"breadcrumb\":{\"@id\":\"https:\\\/\\\/vamosporlaliberacion.org\\\/crpmlm\\\/villa-gobernador-galvez-los-quinteros-se-organizan\\\/#breadcrumb\"},\"inLanguage\":\"es\",\"potentialAction\":[{\"@type\":\"ReadAction\",\"target\":[\"https:\\\/\\\/vamosporlaliberacion.org\\\/crpmlm\\\/villa-gobernador-galvez-los-quinteros-se-organizan\\\/\"]}]},{\"@type\":\"ImageObject\",\"inLanguage\":\"es\",\"@id\":\"https:\\\/\\\/vamosporlaliberacion.org\\\/crpmlm\\\/villa-gobernador-galvez-los-quinteros-se-organizan\\\/#primaryimage\",\"url\":\"https:\\\/\\\/i0.wp.com\\\/vamosporlaliberacion.org\\\/crpmlm\\\/wp-content\\\/uploads\\\/2019\\\/07\\\/campesinos-santa-fe.jpg?fit=960%2C720&ssl=1\",\"contentUrl\":\"https:\\\/\\\/i0.wp.com\\\/vamosporlaliberacion.org\\\/crpmlm\\\/wp-content\\\/uploads\\\/2019\\\/07\\\/campesinos-santa-fe.jpg?fit=960%2C720&ssl=1\",\"width\":960,\"height\":720},{\"@type\":\"BreadcrumbList\",\"@id\":\"https:\\\/\\\/vamosporlaliberacion.org\\\/crpmlm\\\/villa-gobernador-galvez-los-quinteros-se-organizan\\\/#breadcrumb\",\"itemListElement\":[{\"@type\":\"ListItem\",\"position\":1,\"name\":\"Portada\",\"item\":\"https:\\\/\\\/vamosporlaliberacion.org\\\/crpmlm\\\/\"},{\"@type\":\"ListItem\",\"position\":2,\"name\":\"Villa Gobernador G\u00e1lvez: \u00a1Los quinteros se organizan!\"}]},{\"@type\":\"WebSite\",\"@id\":\"https:\\\/\\\/vamosporlaliberacion.org\\\/crpmlm\\\/#website\",\"url\":\"https:\\\/\\\/vamosporlaliberacion.org\\\/crpmlm\\\/\",\"name\":\"Vamos por la Liberaci\u00f3n\",\"description\":\"Prensa CR\",\"potentialAction\":[{\"@type\":\"SearchAction\",\"target\":{\"@type\":\"EntryPoint\",\"urlTemplate\":\"https:\\\/\\\/vamosporlaliberacion.org\\\/crpmlm\\\/?s={search_term_string}\"},\"query-input\":{\"@type\":\"PropertyValueSpecification\",\"valueRequired\":true,\"valueName\":\"search_term_string\"}}],\"inLanguage\":\"es\"},{\"@type\":\"Person\",\"@id\":\"https:\\\/\\\/vamosporlaliberacion.org\\\/crpmlm\\\/#\\\/schema\\\/person\\\/d6eac7758df3770dae9cd9eb104d615c\",\"name\":\"vamos!\",\"url\":\"https:\\\/\\\/vamosporlaliberacion.org\\\/crpmlm\\\/author\\\/adminvxl\\\/\"}]}<\/script>\n<!-- \/ Yoast SEO plugin. -->","yoast_head_json":{"title":"Villa Gobernador G\u00e1lvez: \u00a1Los quinteros se organizan! - Vamos por la Liberaci\u00f3n","robots":{"index":"index","follow":"follow","max-snippet":"max-snippet:-1","max-image-preview":"max-image-preview:large","max-video-preview":"max-video-preview:-1"},"canonical":"https:\/\/vamosporlaliberacion.org\/crpmlm\/villa-gobernador-galvez-los-quinteros-se-organizan\/","twitter_misc":{"Escrito por":"vamos!","Tiempo de lectura":"1 minuto"},"schema":{"@context":"https:\/\/schema.org","@graph":[{"@type":"Article","@id":"https:\/\/vamosporlaliberacion.org\/crpmlm\/villa-gobernador-galvez-los-quinteros-se-organizan\/#article","isPartOf":{"@id":"https:\/\/vamosporlaliberacion.org\/crpmlm\/villa-gobernador-galvez-los-quinteros-se-organizan\/"},"author":{"name":"vamos!","@id":"https:\/\/vamosporlaliberacion.org\/crpmlm\/#\/schema\/person\/d6eac7758df3770dae9cd9eb104d615c"},"headline":"Villa Gobernador G\u00e1lvez: \u00a1Los quinteros se organizan!","datePublished":"2019-07-30T17:47:42+00:00","mainEntityOfPage":{"@id":"https:\/\/vamosporlaliberacion.org\/crpmlm\/villa-gobernador-galvez-los-quinteros-se-organizan\/"},"wordCount":139,"commentCount":0,"image":{"@id":"https:\/\/vamosporlaliberacion.org\/crpmlm\/villa-gobernador-galvez-los-quinteros-se-organizan\/#primaryimage"},"thumbnailUrl":"https:\/\/i0.wp.com\/vamosporlaliberacion.org\/crpmlm\/wp-content\/uploads\/2019\/07\/campesinos-santa-fe.jpg?fit=960%2C720&ssl=1","keywords":["CTA-A","Santa Fe","vxl 145"],"articleSection":["Noticias"],"inLanguage":"es","potentialAction":[{"@type":"CommentAction","name":"Comment","target":["https:\/\/vamosporlaliberacion.org\/crpmlm\/villa-gobernador-galvez-los-quinteros-se-organizan\/#respond"]}]},{"@type":"WebPage","@id":"https:\/\/vamosporlaliberacion.org\/crpmlm\/villa-gobernador-galvez-los-quinteros-se-organizan\/","url":"https:\/\/vamosporlaliberacion.org\/crpmlm\/villa-gobernador-galvez-los-quinteros-se-organizan\/","name":"Villa Gobernador G\u00e1lvez: \u00a1Los quinteros se organizan! - Vamos por la Liberaci\u00f3n","isPartOf":{"@id":"https:\/\/vamosporlaliberacion.org\/crpmlm\/#website"},"primaryImageOfPage":{"@id":"https:\/\/vamosporlaliberacion.org\/crpmlm\/villa-gobernador-galvez-los-quinteros-se-organizan\/#primaryimage"},"image":{"@id":"https:\/\/vamosporlaliberacion.org\/crpmlm\/villa-gobernador-galvez-los-quinteros-se-organizan\/#primaryimage"},"thumbnailUrl":"https:\/\/i0.wp.com\/vamosporlaliberacion.org\/crpmlm\/wp-content\/uploads\/2019\/07\/campesinos-santa-fe.jpg?fit=960%2C720&ssl=1","datePublished":"2019-07-30T17:47:42+00:00","author":{"@id":"https:\/\/vamosporlaliberacion.org\/crpmlm\/#\/schema\/person\/d6eac7758df3770dae9cd9eb104d615c"},"breadcrumb":{"@id":"https:\/\/vamosporlaliberacion.org\/crpmlm\/villa-gobernador-galvez-los-quinteros-se-organizan\/#breadcrumb"},"inLanguage":"es","potentialAction":[{"@type":"ReadAction","target":["https:\/\/vamosporlaliberacion.org\/crpmlm\/villa-gobernador-galvez-los-quinteros-se-organizan\/"]}]},{"@type":"ImageObject","inLanguage":"es","@id":"https:\/\/vamosporlaliberacion.org\/crpmlm\/villa-gobernador-galvez-los-quinteros-se-organizan\/#primaryimage","url":"https:\/\/i0.wp.com\/vamosporlaliberacion.org\/crpmlm\/wp-content\/uploads\/2019\/07\/campesinos-santa-fe.jpg?fit=960%2C720&ssl=1","contentUrl":"https:\/\/i0.wp.com\/vamosporlaliberacion.org\/crpmlm\/wp-content\/uploads\/2019\/07\/campesinos-santa-fe.jpg?fit=960%2C720&ssl=1","width":960,"height":720},{"@type":"BreadcrumbList","@id":"https:\/\/vamosporlaliberacion.org\/crpmlm\/villa-gobernador-galvez-los-quinteros-se-organizan\/#breadcrumb","itemListElement":[{"@type":"ListItem","position":1,"name":"Portada","item":"https:\/\/vamosporlaliberacion.org\/crpmlm\/"},{"@type":"ListItem","position":2,"name":"Villa Gobernador G\u00e1lvez: \u00a1Los quinteros se organizan!"}]},{"@type":"WebSite","@id":"https:\/\/vamosporlaliberacion.org\/crpmlm\/#website","url":"https:\/\/vamosporlaliberacion.org\/crpmlm\/","name":"Vamos por la Liberaci\u00f3n","description":"Prensa CR","potentialAction":[{"@type":"SearchAction","target":{"@type":"EntryPoint","urlTemplate":"https:\/\/vamosporlaliberacion.org\/crpmlm\/?s={search_term_string}"},"query-input":{"@type":"PropertyValueSpecification","valueRequired":true,"valueName":"search_term_string"}}],"inLanguage":"es"},{"@type":"Person","@id":"https:\/\/vamosporlaliberacion.org\/crpmlm\/#\/schema\/person\/d6eac7758df3770dae9cd9eb104d615c","name":"vamos!","url":"https:\/\/vamosporlaliberacion.org\/crpmlm\/author\/adminvxl\/"}]}},"jetpack_featured_media_url":"https:\/\/i0.wp.com\/vamosporlaliberacion.org\/crpmlm\/wp-content\/uploads\/2019\/07\/campesinos-santa-fe.jpg?fit=960%2C720&ssl=1","jetpack_sharing_enabled":true,"_links":{"self":[{"href":"https:\/\/vamosporlaliberacion.org\/crpmlm\/wp-json\/wp\/v2\/posts\/14209","targetHints":{"allow":["GET"]}}],"collection":[{"href":"https:\/\/vamosporlaliberacion.org\/crpmlm\/wp-json\/wp\/v2\/posts"}],"about":[{"href":"https:\/\/vamosporlaliberacion.org\/crpmlm\/wp-json\/wp\/v2\/types\/post"}],"author":[{"embeddable":true,"href":"https:\/\/vamosporlaliberacion.org\/crpmlm\/wp-json\/wp\/v2\/users\/6"}],"replies":[{"embeddable":true,"href":"https:\/\/vamosporlaliberacion.org\/crpmlm\/wp-json\/wp\/v2\/comments?post=14209"}],"version-history":[{"count":0,"href":"https:\/\/vamosporlaliberacion.org\/crpmlm\/wp-json\/wp\/v2\/posts\/14209\/revisions"}],"wp:featuredmedia":[{"embeddable":true,"href":"https:\/\/vamosporlaliberacion.org\/crpmlm\/wp-json\/wp\/v2\/media\/14147"}],"wp:attachment":[{"href":"https:\/\/vamosporlaliberacion.org\/crpmlm\/wp-json\/wp\/v2\/media?parent=14209"}],"wp:term":[{"taxonomy":"category","embeddable":true,"href":"https:\/\/vamosporlaliberacion.org\/crpmlm\/wp-json\/wp\/v2\/categories?post=14209"},{"taxonomy":"post_tag","embeddable":true,"href":"https:\/\/vamosporlaliberacion.org\/crpmlm\/wp-json\/wp\/v2\/tags?post=14209"}],"curies":[{"name":"wp","href":"https:\/\/api.w.org\/{rel}","templated":true}]}}