{"id":14207,"date":"2019-07-30T14:44:29","date_gmt":"2019-07-30T17:44:29","guid":{"rendered":"http:\/\/vamosporlaliberacion.org\/crpmlm\/?p=14207"},"modified":"2019-07-30T14:44:29","modified_gmt":"2019-07-30T17:44:29","slug":"se-realizo-el-2-parlamento-de-mujeres-indigenas","status":"publish","type":"post","link":"https:\/\/vamosporlaliberacion.org\/crpmlm\/se-realizo-el-2-parlamento-de-mujeres-indigenas\/","title":{"rendered":"Se realiz\u00f3 el 2\u00b0 Parlamento de Mujeres Ind\u00edgenas"},"content":{"rendered":"<p>Entre el 18 y el 20 de julio pasado, mujeres de las 36 naciones ind\u00edgenas del pa\u00eds y de Am\u00e9rica Latina se reunieron en Las Grutas, R\u00edo Negro, con el objetivo de fortalecer la identidad ind\u00edgena y discutir distintas problem\u00e1ticas. En esta ocasi\u00f3n participaron mujeres originarias Aymara, Aba Guaran\u00ed, Mbya Guaran\u00ed, Diaguita, Wichis, Quom, Tehuelche, Kolla, Mapuche, Charr\u00faa y Quechua. Entre ellas una delegaci\u00f3n de compa\u00f1eras de la Agrupaci\u00f3n Lucha y Trabajo y de la Corriente Clasista Ren\u00e9 Salamanca.<\/p>\n<p>Se debati\u00f3 sobre la violencia dom\u00e9stica, violencia institucional, violencia extractivista, violencia obst\u00e9trica. Femicidio Ind\u00edgena, \u201cJusticia para nuestras muertas y sus familias\u201d. Tambi\u00e9n sobre la importancia de la educaci\u00f3n identitaria, ancestral y de g\u00e9nero, hacia la creaci\u00f3n de la Pluridiversidad ind\u00edgena, territorios y la libre determinaci\u00f3n como mujeres y pueblos originarios.<\/p>\n<p>Moira Mill\u00e1n, fundadora del movimiento reflexion\u00f3 que \u201cel parlamento reafirm\u00f3 la convicci\u00f3n en la necesidad del Buen Vivir como derecho y que debe ser construido nosotras\u201d.<\/p>\n<!-- AddThis Advanced Settings generic via filter on the_content --><!-- AddThis Share Buttons generic via filter on the_content -->","protected":false},"excerpt":{"rendered":"<p>Entre el 18 y el 20 de julio pasado, mujeres de las 36 naciones ind\u00edgenas del pa\u00eds y de Am\u00e9rica Latina se reunieron en Las Grutas, R\u00edo Negro, con el objetivo de fortalecer la identidad ind\u00edgena y discutir distintas problem\u00e1ticas. En esta ocasi\u00f3n participaron mujeres originarias Aymara, Aba Guaran\u00ed, Mbya Guaran\u00ed, Diaguita, Wichis, Quom, Tehuelche, [&hellip;]<!-- AddThis Advanced Settings generic via filter on get_the_excerpt --><!-- AddThis Share Buttons generic via filter on get_the_excerpt --><\/p>\n","protected":false},"author":6,"featured_media":14166,"comment_status":"open","ping_status":"open","sticky":false,"template":"","format":"standard","meta":{"_jetpack_memberships_contains_paid_content":false,"footnotes":""},"categories":[1699],"tags":[211,1355],"class_list":{"0":"post-14207","1":"post","2":"type-post","3":"status-publish","4":"format-standard","5":"has-post-thumbnail","7":"category-noticias","8":"tag-pueblos-originarios","9":"tag-vxl-145"},"yoast_head":"<!-- This site is optimized with the Yoast SEO plugin v27.4 - https:\/\/yoast.com\/product\/yoast-seo-wordpress\/ -->\n<title>Se realiz\u00f3 el 2\u00b0 Parlamento de Mujeres Ind\u00edgenas - Vamos por la Liberaci\u00f3n<\/title>\n<meta name=\"robots\" content=\"index, follow, max-snippet:-1, max-image-preview:large, max-video-preview:-1\" \/>\n<link rel=\"canonical\" href=\"https:\/\/vamosporlaliberacion.org\/crpmlm\/se-realizo-el-2-parlamento-de-mujeres-indigenas\/\" \/>\n<meta name=\"twitter:label1\" content=\"Escrito por\" \/>\n\t<meta name=\"twitter:data1\" content=\"vamos!\" \/>\n\t<meta name=\"twitter:label2\" content=\"Tiempo de lectura\" \/>\n\t<meta name=\"twitter:data2\" content=\"1 minuto\" \/>\n<script type=\"application\/ld+json\" class=\"yoast-schema-graph\">{\"@context\":\"https:\\\/\\\/schema.org\",\"@graph\":[{\"@type\":\"Article\",\"@id\":\"https:\\\/\\\/vamosporlaliberacion.org\\\/crpmlm\\\/se-realizo-el-2-parlamento-de-mujeres-indigenas\\\/#article\",\"isPartOf\":{\"@id\":\"https:\\\/\\\/vamosporlaliberacion.org\\\/crpmlm\\\/se-realizo-el-2-parlamento-de-mujeres-indigenas\\\/\"},\"author\":{\"name\":\"vamos!\",\"@id\":\"https:\\\/\\\/vamosporlaliberacion.org\\\/crpmlm\\\/#\\\/schema\\\/person\\\/d6eac7758df3770dae9cd9eb104d615c\"},\"headline\":\"Se realiz\u00f3 el 2\u00b0 Parlamento de Mujeres Ind\u00edgenas\",\"datePublished\":\"2019-07-30T17:44:29+00:00\",\"mainEntityOfPage\":{\"@id\":\"https:\\\/\\\/vamosporlaliberacion.org\\\/crpmlm\\\/se-realizo-el-2-parlamento-de-mujeres-indigenas\\\/\"},\"wordCount\":182,\"commentCount\":0,\"image\":{\"@id\":\"https:\\\/\\\/vamosporlaliberacion.org\\\/crpmlm\\\/se-realizo-el-2-parlamento-de-mujeres-indigenas\\\/#primaryimage\"},\"thumbnailUrl\":\"https:\\\/\\\/i0.wp.com\\\/vamosporlaliberacion.org\\\/crpmlm\\\/wp-content\\\/uploads\\\/2019\\\/07\\\/WhatsApp-Image-2019-07-23-at-6.59.58-PM.jpeg?fit=960%2C720&ssl=1\",\"keywords\":[\"Pueblos Originarios\",\"vxl 145\"],\"articleSection\":[\"Noticias\"],\"inLanguage\":\"es\",\"potentialAction\":[{\"@type\":\"CommentAction\",\"name\":\"Comment\",\"target\":[\"https:\\\/\\\/vamosporlaliberacion.org\\\/crpmlm\\\/se-realizo-el-2-parlamento-de-mujeres-indigenas\\\/#respond\"]}]},{\"@type\":\"WebPage\",\"@id\":\"https:\\\/\\\/vamosporlaliberacion.org\\\/crpmlm\\\/se-realizo-el-2-parlamento-de-mujeres-indigenas\\\/\",\"url\":\"https:\\\/\\\/vamosporlaliberacion.org\\\/crpmlm\\\/se-realizo-el-2-parlamento-de-mujeres-indigenas\\\/\",\"name\":\"Se realiz\u00f3 el 2\u00b0 Parlamento de Mujeres Ind\u00edgenas - Vamos por la Liberaci\u00f3n\",\"isPartOf\":{\"@id\":\"https:\\\/\\\/vamosporlaliberacion.org\\\/crpmlm\\\/#website\"},\"primaryImageOfPage\":{\"@id\":\"https:\\\/\\\/vamosporlaliberacion.org\\\/crpmlm\\\/se-realizo-el-2-parlamento-de-mujeres-indigenas\\\/#primaryimage\"},\"image\":{\"@id\":\"https:\\\/\\\/vamosporlaliberacion.org\\\/crpmlm\\\/se-realizo-el-2-parlamento-de-mujeres-indigenas\\\/#primaryimage\"},\"thumbnailUrl\":\"https:\\\/\\\/i0.wp.com\\\/vamosporlaliberacion.org\\\/crpmlm\\\/wp-content\\\/uploads\\\/2019\\\/07\\\/WhatsApp-Image-2019-07-23-at-6.59.58-PM.jpeg?fit=960%2C720&ssl=1\",\"datePublished\":\"2019-07-30T17:44:29+00:00\",\"author\":{\"@id\":\"https:\\\/\\\/vamosporlaliberacion.org\\\/crpmlm\\\/#\\\/schema\\\/person\\\/d6eac7758df3770dae9cd9eb104d615c\"},\"breadcrumb\":{\"@id\":\"https:\\\/\\\/vamosporlaliberacion.org\\\/crpmlm\\\/se-realizo-el-2-parlamento-de-mujeres-indigenas\\\/#breadcrumb\"},\"inLanguage\":\"es\",\"potentialAction\":[{\"@type\":\"ReadAction\",\"target\":[\"https:\\\/\\\/vamosporlaliberacion.org\\\/crpmlm\\\/se-realizo-el-2-parlamento-de-mujeres-indigenas\\\/\"]}]},{\"@type\":\"ImageObject\",\"inLanguage\":\"es\",\"@id\":\"https:\\\/\\\/vamosporlaliberacion.org\\\/crpmlm\\\/se-realizo-el-2-parlamento-de-mujeres-indigenas\\\/#primaryimage\",\"url\":\"https:\\\/\\\/i0.wp.com\\\/vamosporlaliberacion.org\\\/crpmlm\\\/wp-content\\\/uploads\\\/2019\\\/07\\\/WhatsApp-Image-2019-07-23-at-6.59.58-PM.jpeg?fit=960%2C720&ssl=1\",\"contentUrl\":\"https:\\\/\\\/i0.wp.com\\\/vamosporlaliberacion.org\\\/crpmlm\\\/wp-content\\\/uploads\\\/2019\\\/07\\\/WhatsApp-Image-2019-07-23-at-6.59.58-PM.jpeg?fit=960%2C720&ssl=1\",\"width\":960,\"height\":720},{\"@type\":\"BreadcrumbList\",\"@id\":\"https:\\\/\\\/vamosporlaliberacion.org\\\/crpmlm\\\/se-realizo-el-2-parlamento-de-mujeres-indigenas\\\/#breadcrumb\",\"itemListElement\":[{\"@type\":\"ListItem\",\"position\":1,\"name\":\"Portada\",\"item\":\"https:\\\/\\\/vamosporlaliberacion.org\\\/crpmlm\\\/\"},{\"@type\":\"ListItem\",\"position\":2,\"name\":\"Se realiz\u00f3 el 2\u00b0 Parlamento de Mujeres Ind\u00edgenas\"}]},{\"@type\":\"WebSite\",\"@id\":\"https:\\\/\\\/vamosporlaliberacion.org\\\/crpmlm\\\/#website\",\"url\":\"https:\\\/\\\/vamosporlaliberacion.org\\\/crpmlm\\\/\",\"name\":\"Vamos por la Liberaci\u00f3n\",\"description\":\"Prensa CR\",\"potentialAction\":[{\"@type\":\"SearchAction\",\"target\":{\"@type\":\"EntryPoint\",\"urlTemplate\":\"https:\\\/\\\/vamosporlaliberacion.org\\\/crpmlm\\\/?s={search_term_string}\"},\"query-input\":{\"@type\":\"PropertyValueSpecification\",\"valueRequired\":true,\"valueName\":\"search_term_string\"}}],\"inLanguage\":\"es\"},{\"@type\":\"Person\",\"@id\":\"https:\\\/\\\/vamosporlaliberacion.org\\\/crpmlm\\\/#\\\/schema\\\/person\\\/d6eac7758df3770dae9cd9eb104d615c\",\"name\":\"vamos!\",\"url\":\"https:\\\/\\\/vamosporlaliberacion.org\\\/crpmlm\\\/author\\\/adminvxl\\\/\"}]}<\/script>\n<!-- \/ Yoast SEO plugin. -->","yoast_head_json":{"title":"Se realiz\u00f3 el 2\u00b0 Parlamento de Mujeres Ind\u00edgenas - Vamos por la Liberaci\u00f3n","robots":{"index":"index","follow":"follow","max-snippet":"max-snippet:-1","max-image-preview":"max-image-preview:large","max-video-preview":"max-video-preview:-1"},"canonical":"https:\/\/vamosporlaliberacion.org\/crpmlm\/se-realizo-el-2-parlamento-de-mujeres-indigenas\/","twitter_misc":{"Escrito por":"vamos!","Tiempo de lectura":"1 minuto"},"schema":{"@context":"https:\/\/schema.org","@graph":[{"@type":"Article","@id":"https:\/\/vamosporlaliberacion.org\/crpmlm\/se-realizo-el-2-parlamento-de-mujeres-indigenas\/#article","isPartOf":{"@id":"https:\/\/vamosporlaliberacion.org\/crpmlm\/se-realizo-el-2-parlamento-de-mujeres-indigenas\/"},"author":{"name":"vamos!","@id":"https:\/\/vamosporlaliberacion.org\/crpmlm\/#\/schema\/person\/d6eac7758df3770dae9cd9eb104d615c"},"headline":"Se realiz\u00f3 el 2\u00b0 Parlamento de Mujeres Ind\u00edgenas","datePublished":"2019-07-30T17:44:29+00:00","mainEntityOfPage":{"@id":"https:\/\/vamosporlaliberacion.org\/crpmlm\/se-realizo-el-2-parlamento-de-mujeres-indigenas\/"},"wordCount":182,"commentCount":0,"image":{"@id":"https:\/\/vamosporlaliberacion.org\/crpmlm\/se-realizo-el-2-parlamento-de-mujeres-indigenas\/#primaryimage"},"thumbnailUrl":"https:\/\/i0.wp.com\/vamosporlaliberacion.org\/crpmlm\/wp-content\/uploads\/2019\/07\/WhatsApp-Image-2019-07-23-at-6.59.58-PM.jpeg?fit=960%2C720&ssl=1","keywords":["Pueblos Originarios","vxl 145"],"articleSection":["Noticias"],"inLanguage":"es","potentialAction":[{"@type":"CommentAction","name":"Comment","target":["https:\/\/vamosporlaliberacion.org\/crpmlm\/se-realizo-el-2-parlamento-de-mujeres-indigenas\/#respond"]}]},{"@type":"WebPage","@id":"https:\/\/vamosporlaliberacion.org\/crpmlm\/se-realizo-el-2-parlamento-de-mujeres-indigenas\/","url":"https:\/\/vamosporlaliberacion.org\/crpmlm\/se-realizo-el-2-parlamento-de-mujeres-indigenas\/","name":"Se realiz\u00f3 el 2\u00b0 Parlamento de Mujeres Ind\u00edgenas - Vamos por la Liberaci\u00f3n","isPartOf":{"@id":"https:\/\/vamosporlaliberacion.org\/crpmlm\/#website"},"primaryImageOfPage":{"@id":"https:\/\/vamosporlaliberacion.org\/crpmlm\/se-realizo-el-2-parlamento-de-mujeres-indigenas\/#primaryimage"},"image":{"@id":"https:\/\/vamosporlaliberacion.org\/crpmlm\/se-realizo-el-2-parlamento-de-mujeres-indigenas\/#primaryimage"},"thumbnailUrl":"https:\/\/i0.wp.com\/vamosporlaliberacion.org\/crpmlm\/wp-content\/uploads\/2019\/07\/WhatsApp-Image-2019-07-23-at-6.59.58-PM.jpeg?fit=960%2C720&ssl=1","datePublished":"2019-07-30T17:44:29+00:00","author":{"@id":"https:\/\/vamosporlaliberacion.org\/crpmlm\/#\/schema\/person\/d6eac7758df3770dae9cd9eb104d615c"},"breadcrumb":{"@id":"https:\/\/vamosporlaliberacion.org\/crpmlm\/se-realizo-el-2-parlamento-de-mujeres-indigenas\/#breadcrumb"},"inLanguage":"es","potentialAction":[{"@type":"ReadAction","target":["https:\/\/vamosporlaliberacion.org\/crpmlm\/se-realizo-el-2-parlamento-de-mujeres-indigenas\/"]}]},{"@type":"ImageObject","inLanguage":"es","@id":"https:\/\/vamosporlaliberacion.org\/crpmlm\/se-realizo-el-2-parlamento-de-mujeres-indigenas\/#primaryimage","url":"https:\/\/i0.wp.com\/vamosporlaliberacion.org\/crpmlm\/wp-content\/uploads\/2019\/07\/WhatsApp-Image-2019-07-23-at-6.59.58-PM.jpeg?fit=960%2C720&ssl=1","contentUrl":"https:\/\/i0.wp.com\/vamosporlaliberacion.org\/crpmlm\/wp-content\/uploads\/2019\/07\/WhatsApp-Image-2019-07-23-at-6.59.58-PM.jpeg?fit=960%2C720&ssl=1","width":960,"height":720},{"@type":"BreadcrumbList","@id":"https:\/\/vamosporlaliberacion.org\/crpmlm\/se-realizo-el-2-parlamento-de-mujeres-indigenas\/#breadcrumb","itemListElement":[{"@type":"ListItem","position":1,"name":"Portada","item":"https:\/\/vamosporlaliberacion.org\/crpmlm\/"},{"@type":"ListItem","position":2,"name":"Se realiz\u00f3 el 2\u00b0 Parlamento de Mujeres Ind\u00edgenas"}]},{"@type":"WebSite","@id":"https:\/\/vamosporlaliberacion.org\/crpmlm\/#website","url":"https:\/\/vamosporlaliberacion.org\/crpmlm\/","name":"Vamos por la Liberaci\u00f3n","description":"Prensa CR","potentialAction":[{"@type":"SearchAction","target":{"@type":"EntryPoint","urlTemplate":"https:\/\/vamosporlaliberacion.org\/crpmlm\/?s={search_term_string}"},"query-input":{"@type":"PropertyValueSpecification","valueRequired":true,"valueName":"search_term_string"}}],"inLanguage":"es"},{"@type":"Person","@id":"https:\/\/vamosporlaliberacion.org\/crpmlm\/#\/schema\/person\/d6eac7758df3770dae9cd9eb104d615c","name":"vamos!","url":"https:\/\/vamosporlaliberacion.org\/crpmlm\/author\/adminvxl\/"}]}},"jetpack_featured_media_url":"https:\/\/i0.wp.com\/vamosporlaliberacion.org\/crpmlm\/wp-content\/uploads\/2019\/07\/WhatsApp-Image-2019-07-23-at-6.59.58-PM.jpeg?fit=960%2C720&ssl=1","jetpack_sharing_enabled":true,"_links":{"self":[{"href":"https:\/\/vamosporlaliberacion.org\/crpmlm\/wp-json\/wp\/v2\/posts\/14207","targetHints":{"allow":["GET"]}}],"collection":[{"href":"https:\/\/vamosporlaliberacion.org\/crpmlm\/wp-json\/wp\/v2\/posts"}],"about":[{"href":"https:\/\/vamosporlaliberacion.org\/crpmlm\/wp-json\/wp\/v2\/types\/post"}],"author":[{"embeddable":true,"href":"https:\/\/vamosporlaliberacion.org\/crpmlm\/wp-json\/wp\/v2\/users\/6"}],"replies":[{"embeddable":true,"href":"https:\/\/vamosporlaliberacion.org\/crpmlm\/wp-json\/wp\/v2\/comments?post=14207"}],"version-history":[{"count":0,"href":"https:\/\/vamosporlaliberacion.org\/crpmlm\/wp-json\/wp\/v2\/posts\/14207\/revisions"}],"wp:featuredmedia":[{"embeddable":true,"href":"https:\/\/vamosporlaliberacion.org\/crpmlm\/wp-json\/wp\/v2\/media\/14166"}],"wp:attachment":[{"href":"https:\/\/vamosporlaliberacion.org\/crpmlm\/wp-json\/wp\/v2\/media?parent=14207"}],"wp:term":[{"taxonomy":"category","embeddable":true,"href":"https:\/\/vamosporlaliberacion.org\/crpmlm\/wp-json\/wp\/v2\/categories?post=14207"},{"taxonomy":"post_tag","embeddable":true,"href":"https:\/\/vamosporlaliberacion.org\/crpmlm\/wp-json\/wp\/v2\/tags?post=14207"}],"curies":[{"name":"wp","href":"https:\/\/api.w.org\/{rel}","templated":true}]}}