{"id":14205,"date":"2019-07-30T14:43:06","date_gmt":"2019-07-30T17:43:06","guid":{"rendered":"http:\/\/vamosporlaliberacion.org\/crpmlm\/?p=14205"},"modified":"2020-10-26T22:29:54","modified_gmt":"2020-10-27T01:29:54","slug":"puerto-rico-se-pone-de-pie","status":"publish","type":"post","link":"https:\/\/vamosporlaliberacion.org\/crpmlm\/puerto-rico-se-pone-de-pie\/","title":{"rendered":"Puerto Rico se pone de pie"},"content":{"rendered":"<p>Los \u00faltimos d\u00edas recobr\u00f3 nuevo impulso la lucha luego que desde las cuentas oficiales del gobierno de Rosell\u00f3 se expresaran insultos homof\u00f3bicos y mis\u00f3ginos contra opositores que vienen manifestando en oposici\u00f3n a la pol\u00edtica de sometimiento a EEUU durante d\u00e9cadas, donde esta colonia provee de mano de obra barata y base de negocios a los monopolios mientras los puertorrique\u00f1os sufren muchas necesidades. La isla vive una grave crisis econ\u00f3mica, con una tasa de pobreza de 45%, un nivel de desempleo del 12% (el doble de la media de Estados Unidos) y una poblaci\u00f3n que decrece por la emigraci\u00f3n.<\/p>\n<p>La isla lleva 12 a\u00f1os de recesi\u00f3n econ\u00f3mica. En 2015, el gobierno declar\u00f3 impagable la deuda con acreedores y pensionados. Poco despu\u00e9s, el Congreso aprob\u00f3 la \u201cLey Promesa\u201d, que termin\u00f3 con el simulacro de democracia que hab\u00eda al incluir la designaci\u00f3n de una \u201cJunta de Supervisi\u00f3n Fiscal\u201d que responde al legislativo estadounidense, con poderes sobre el gobierno electo y que impuso severas medidas de austeridad.<\/p>\n<p>Las denuncias de corrupci\u00f3n fueron otro de los detonantes. Los artistas como Ricky Martin, Benicio del Toro, Olga Ta\u00f1\u00f3n, Ren\u00e9 (ex calle 13) y otros encabezan las gigantescas movilizaciones de m\u00e1s de un mill\u00f3n de personas en todo el pa\u00eds como nunca antes se vio.<br \/>\nEl gobernador corrupto, t\u00edtere de los EEUU est\u00e1 jaqueado por m\u00e1s que diga que no va ser reelecto. La movilizaci\u00f3n popular se profundiza ahora exigiendo la renuncia inmediata. \u201cSomos m\u00e1s y no tenemos miedo\u201d y \u201cQue llueva que llueva, que Ricky (Rossell\u00f3) va pa\u2019 fuera\u201d se escuchaba en las calles. El paro hist\u00f3rico contra el r\u00e9gimen marc\u00f3 tambi\u00e9n la voluntad del movimiento obrero y asalariados en terminar con este gobierno. La reprensi\u00f3n tampoco puede parar la voluntad popular.<\/p>\n<p>La lucha contra el hambre, el ajuste y la independencia (expresada en el gobierno y la junta de supervisi\u00f3n) golpea permanentemente las costas de este pa\u00eds sometido una y otra vez.<\/p>\n<!-- AddThis Advanced Settings generic via filter on the_content --><!-- AddThis Share Buttons generic via filter on the_content -->","protected":false},"excerpt":{"rendered":"<p>Los \u00faltimos d\u00edas recobr\u00f3 nuevo impulso la lucha luego que desde las cuentas oficiales del gobierno de Rosell\u00f3 se expresaran insultos homof\u00f3bicos y mis\u00f3ginos contra opositores que vienen manifestando en oposici\u00f3n a la pol\u00edtica de sometimiento a EEUU durante d\u00e9cadas, donde esta colonia provee de mano de obra barata y base de negocios a los [&hellip;]<!-- AddThis Advanced Settings generic via filter on get_the_excerpt --><!-- AddThis Share Buttons generic via filter on get_the_excerpt --><\/p>\n","protected":false},"author":6,"featured_media":14167,"comment_status":"open","ping_status":"open","sticky":false,"template":"","format":"standard","meta":{"_jetpack_memberships_contains_paid_content":false,"footnotes":""},"categories":[1878],"tags":[1358,1355],"class_list":{"0":"post-14205","1":"post","2":"type-post","3":"status-publish","4":"format-standard","5":"has-post-thumbnail","7":"category-internacional","8":"tag-puerto-rico","9":"tag-vxl-145"},"yoast_head":"<!-- This site is optimized with the Yoast SEO plugin v27.4 - https:\/\/yoast.com\/product\/yoast-seo-wordpress\/ -->\n<title>Puerto Rico se pone de pie - Vamos por la Liberaci\u00f3n<\/title>\n<meta name=\"robots\" content=\"index, follow, max-snippet:-1, max-image-preview:large, max-video-preview:-1\" \/>\n<link rel=\"canonical\" href=\"https:\/\/vamosporlaliberacion.org\/crpmlm\/puerto-rico-se-pone-de-pie\/\" \/>\n<meta name=\"twitter:label1\" content=\"Escrito por\" \/>\n\t<meta name=\"twitter:data1\" content=\"vamos!\" \/>\n\t<meta name=\"twitter:label2\" content=\"Tiempo de lectura\" \/>\n\t<meta name=\"twitter:data2\" content=\"2 minutos\" \/>\n<script type=\"application\/ld+json\" class=\"yoast-schema-graph\">{\"@context\":\"https:\\\/\\\/schema.org\",\"@graph\":[{\"@type\":\"Article\",\"@id\":\"https:\\\/\\\/vamosporlaliberacion.org\\\/crpmlm\\\/puerto-rico-se-pone-de-pie\\\/#article\",\"isPartOf\":{\"@id\":\"https:\\\/\\\/vamosporlaliberacion.org\\\/crpmlm\\\/puerto-rico-se-pone-de-pie\\\/\"},\"author\":{\"name\":\"vamos!\",\"@id\":\"https:\\\/\\\/vamosporlaliberacion.org\\\/crpmlm\\\/#\\\/schema\\\/person\\\/d6eac7758df3770dae9cd9eb104d615c\"},\"headline\":\"Puerto Rico se pone de pie\",\"datePublished\":\"2019-07-30T17:43:06+00:00\",\"dateModified\":\"2020-10-27T01:29:54+00:00\",\"mainEntityOfPage\":{\"@id\":\"https:\\\/\\\/vamosporlaliberacion.org\\\/crpmlm\\\/puerto-rico-se-pone-de-pie\\\/\"},\"wordCount\":350,\"commentCount\":0,\"image\":{\"@id\":\"https:\\\/\\\/vamosporlaliberacion.org\\\/crpmlm\\\/puerto-rico-se-pone-de-pie\\\/#primaryimage\"},\"thumbnailUrl\":\"https:\\\/\\\/i0.wp.com\\\/vamosporlaliberacion.org\\\/crpmlm\\\/wp-content\\\/uploads\\\/2019\\\/07\\\/WhatsApp-Image-2019-07-23-at-10.10.56-AM.jpeg?fit=758%2C549&ssl=1\",\"keywords\":[\"Puerto Rico\",\"vxl 145\"],\"articleSection\":[\"Internacional\"],\"inLanguage\":\"es\",\"potentialAction\":[{\"@type\":\"CommentAction\",\"name\":\"Comment\",\"target\":[\"https:\\\/\\\/vamosporlaliberacion.org\\\/crpmlm\\\/puerto-rico-se-pone-de-pie\\\/#respond\"]}]},{\"@type\":\"WebPage\",\"@id\":\"https:\\\/\\\/vamosporlaliberacion.org\\\/crpmlm\\\/puerto-rico-se-pone-de-pie\\\/\",\"url\":\"https:\\\/\\\/vamosporlaliberacion.org\\\/crpmlm\\\/puerto-rico-se-pone-de-pie\\\/\",\"name\":\"Puerto Rico se pone de pie - Vamos por la Liberaci\u00f3n\",\"isPartOf\":{\"@id\":\"https:\\\/\\\/vamosporlaliberacion.org\\\/crpmlm\\\/#website\"},\"primaryImageOfPage\":{\"@id\":\"https:\\\/\\\/vamosporlaliberacion.org\\\/crpmlm\\\/puerto-rico-se-pone-de-pie\\\/#primaryimage\"},\"image\":{\"@id\":\"https:\\\/\\\/vamosporlaliberacion.org\\\/crpmlm\\\/puerto-rico-se-pone-de-pie\\\/#primaryimage\"},\"thumbnailUrl\":\"https:\\\/\\\/i0.wp.com\\\/vamosporlaliberacion.org\\\/crpmlm\\\/wp-content\\\/uploads\\\/2019\\\/07\\\/WhatsApp-Image-2019-07-23-at-10.10.56-AM.jpeg?fit=758%2C549&ssl=1\",\"datePublished\":\"2019-07-30T17:43:06+00:00\",\"dateModified\":\"2020-10-27T01:29:54+00:00\",\"author\":{\"@id\":\"https:\\\/\\\/vamosporlaliberacion.org\\\/crpmlm\\\/#\\\/schema\\\/person\\\/d6eac7758df3770dae9cd9eb104d615c\"},\"breadcrumb\":{\"@id\":\"https:\\\/\\\/vamosporlaliberacion.org\\\/crpmlm\\\/puerto-rico-se-pone-de-pie\\\/#breadcrumb\"},\"inLanguage\":\"es\",\"potentialAction\":[{\"@type\":\"ReadAction\",\"target\":[\"https:\\\/\\\/vamosporlaliberacion.org\\\/crpmlm\\\/puerto-rico-se-pone-de-pie\\\/\"]}]},{\"@type\":\"ImageObject\",\"inLanguage\":\"es\",\"@id\":\"https:\\\/\\\/vamosporlaliberacion.org\\\/crpmlm\\\/puerto-rico-se-pone-de-pie\\\/#primaryimage\",\"url\":\"https:\\\/\\\/i0.wp.com\\\/vamosporlaliberacion.org\\\/crpmlm\\\/wp-content\\\/uploads\\\/2019\\\/07\\\/WhatsApp-Image-2019-07-23-at-10.10.56-AM.jpeg?fit=758%2C549&ssl=1\",\"contentUrl\":\"https:\\\/\\\/i0.wp.com\\\/vamosporlaliberacion.org\\\/crpmlm\\\/wp-content\\\/uploads\\\/2019\\\/07\\\/WhatsApp-Image-2019-07-23-at-10.10.56-AM.jpeg?fit=758%2C549&ssl=1\",\"width\":758,\"height\":549},{\"@type\":\"BreadcrumbList\",\"@id\":\"https:\\\/\\\/vamosporlaliberacion.org\\\/crpmlm\\\/puerto-rico-se-pone-de-pie\\\/#breadcrumb\",\"itemListElement\":[{\"@type\":\"ListItem\",\"position\":1,\"name\":\"Portada\",\"item\":\"https:\\\/\\\/vamosporlaliberacion.org\\\/crpmlm\\\/\"},{\"@type\":\"ListItem\",\"position\":2,\"name\":\"Puerto Rico se pone de pie\"}]},{\"@type\":\"WebSite\",\"@id\":\"https:\\\/\\\/vamosporlaliberacion.org\\\/crpmlm\\\/#website\",\"url\":\"https:\\\/\\\/vamosporlaliberacion.org\\\/crpmlm\\\/\",\"name\":\"Vamos por la Liberaci\u00f3n\",\"description\":\"Prensa CR\",\"potentialAction\":[{\"@type\":\"SearchAction\",\"target\":{\"@type\":\"EntryPoint\",\"urlTemplate\":\"https:\\\/\\\/vamosporlaliberacion.org\\\/crpmlm\\\/?s={search_term_string}\"},\"query-input\":{\"@type\":\"PropertyValueSpecification\",\"valueRequired\":true,\"valueName\":\"search_term_string\"}}],\"inLanguage\":\"es\"},{\"@type\":\"Person\",\"@id\":\"https:\\\/\\\/vamosporlaliberacion.org\\\/crpmlm\\\/#\\\/schema\\\/person\\\/d6eac7758df3770dae9cd9eb104d615c\",\"name\":\"vamos!\",\"url\":\"https:\\\/\\\/vamosporlaliberacion.org\\\/crpmlm\\\/author\\\/adminvxl\\\/\"}]}<\/script>\n<!-- \/ Yoast SEO plugin. -->","yoast_head_json":{"title":"Puerto Rico se pone de pie - Vamos por la Liberaci\u00f3n","robots":{"index":"index","follow":"follow","max-snippet":"max-snippet:-1","max-image-preview":"max-image-preview:large","max-video-preview":"max-video-preview:-1"},"canonical":"https:\/\/vamosporlaliberacion.org\/crpmlm\/puerto-rico-se-pone-de-pie\/","twitter_misc":{"Escrito por":"vamos!","Tiempo de lectura":"2 minutos"},"schema":{"@context":"https:\/\/schema.org","@graph":[{"@type":"Article","@id":"https:\/\/vamosporlaliberacion.org\/crpmlm\/puerto-rico-se-pone-de-pie\/#article","isPartOf":{"@id":"https:\/\/vamosporlaliberacion.org\/crpmlm\/puerto-rico-se-pone-de-pie\/"},"author":{"name":"vamos!","@id":"https:\/\/vamosporlaliberacion.org\/crpmlm\/#\/schema\/person\/d6eac7758df3770dae9cd9eb104d615c"},"headline":"Puerto Rico se pone de pie","datePublished":"2019-07-30T17:43:06+00:00","dateModified":"2020-10-27T01:29:54+00:00","mainEntityOfPage":{"@id":"https:\/\/vamosporlaliberacion.org\/crpmlm\/puerto-rico-se-pone-de-pie\/"},"wordCount":350,"commentCount":0,"image":{"@id":"https:\/\/vamosporlaliberacion.org\/crpmlm\/puerto-rico-se-pone-de-pie\/#primaryimage"},"thumbnailUrl":"https:\/\/i0.wp.com\/vamosporlaliberacion.org\/crpmlm\/wp-content\/uploads\/2019\/07\/WhatsApp-Image-2019-07-23-at-10.10.56-AM.jpeg?fit=758%2C549&ssl=1","keywords":["Puerto Rico","vxl 145"],"articleSection":["Internacional"],"inLanguage":"es","potentialAction":[{"@type":"CommentAction","name":"Comment","target":["https:\/\/vamosporlaliberacion.org\/crpmlm\/puerto-rico-se-pone-de-pie\/#respond"]}]},{"@type":"WebPage","@id":"https:\/\/vamosporlaliberacion.org\/crpmlm\/puerto-rico-se-pone-de-pie\/","url":"https:\/\/vamosporlaliberacion.org\/crpmlm\/puerto-rico-se-pone-de-pie\/","name":"Puerto Rico se pone de pie - Vamos por la Liberaci\u00f3n","isPartOf":{"@id":"https:\/\/vamosporlaliberacion.org\/crpmlm\/#website"},"primaryImageOfPage":{"@id":"https:\/\/vamosporlaliberacion.org\/crpmlm\/puerto-rico-se-pone-de-pie\/#primaryimage"},"image":{"@id":"https:\/\/vamosporlaliberacion.org\/crpmlm\/puerto-rico-se-pone-de-pie\/#primaryimage"},"thumbnailUrl":"https:\/\/i0.wp.com\/vamosporlaliberacion.org\/crpmlm\/wp-content\/uploads\/2019\/07\/WhatsApp-Image-2019-07-23-at-10.10.56-AM.jpeg?fit=758%2C549&ssl=1","datePublished":"2019-07-30T17:43:06+00:00","dateModified":"2020-10-27T01:29:54+00:00","author":{"@id":"https:\/\/vamosporlaliberacion.org\/crpmlm\/#\/schema\/person\/d6eac7758df3770dae9cd9eb104d615c"},"breadcrumb":{"@id":"https:\/\/vamosporlaliberacion.org\/crpmlm\/puerto-rico-se-pone-de-pie\/#breadcrumb"},"inLanguage":"es","potentialAction":[{"@type":"ReadAction","target":["https:\/\/vamosporlaliberacion.org\/crpmlm\/puerto-rico-se-pone-de-pie\/"]}]},{"@type":"ImageObject","inLanguage":"es","@id":"https:\/\/vamosporlaliberacion.org\/crpmlm\/puerto-rico-se-pone-de-pie\/#primaryimage","url":"https:\/\/i0.wp.com\/vamosporlaliberacion.org\/crpmlm\/wp-content\/uploads\/2019\/07\/WhatsApp-Image-2019-07-23-at-10.10.56-AM.jpeg?fit=758%2C549&ssl=1","contentUrl":"https:\/\/i0.wp.com\/vamosporlaliberacion.org\/crpmlm\/wp-content\/uploads\/2019\/07\/WhatsApp-Image-2019-07-23-at-10.10.56-AM.jpeg?fit=758%2C549&ssl=1","width":758,"height":549},{"@type":"BreadcrumbList","@id":"https:\/\/vamosporlaliberacion.org\/crpmlm\/puerto-rico-se-pone-de-pie\/#breadcrumb","itemListElement":[{"@type":"ListItem","position":1,"name":"Portada","item":"https:\/\/vamosporlaliberacion.org\/crpmlm\/"},{"@type":"ListItem","position":2,"name":"Puerto Rico se pone de pie"}]},{"@type":"WebSite","@id":"https:\/\/vamosporlaliberacion.org\/crpmlm\/#website","url":"https:\/\/vamosporlaliberacion.org\/crpmlm\/","name":"Vamos por la Liberaci\u00f3n","description":"Prensa CR","potentialAction":[{"@type":"SearchAction","target":{"@type":"EntryPoint","urlTemplate":"https:\/\/vamosporlaliberacion.org\/crpmlm\/?s={search_term_string}"},"query-input":{"@type":"PropertyValueSpecification","valueRequired":true,"valueName":"search_term_string"}}],"inLanguage":"es"},{"@type":"Person","@id":"https:\/\/vamosporlaliberacion.org\/crpmlm\/#\/schema\/person\/d6eac7758df3770dae9cd9eb104d615c","name":"vamos!","url":"https:\/\/vamosporlaliberacion.org\/crpmlm\/author\/adminvxl\/"}]}},"jetpack_featured_media_url":"https:\/\/i0.wp.com\/vamosporlaliberacion.org\/crpmlm\/wp-content\/uploads\/2019\/07\/WhatsApp-Image-2019-07-23-at-10.10.56-AM.jpeg?fit=758%2C549&ssl=1","jetpack_sharing_enabled":true,"_links":{"self":[{"href":"https:\/\/vamosporlaliberacion.org\/crpmlm\/wp-json\/wp\/v2\/posts\/14205","targetHints":{"allow":["GET"]}}],"collection":[{"href":"https:\/\/vamosporlaliberacion.org\/crpmlm\/wp-json\/wp\/v2\/posts"}],"about":[{"href":"https:\/\/vamosporlaliberacion.org\/crpmlm\/wp-json\/wp\/v2\/types\/post"}],"author":[{"embeddable":true,"href":"https:\/\/vamosporlaliberacion.org\/crpmlm\/wp-json\/wp\/v2\/users\/6"}],"replies":[{"embeddable":true,"href":"https:\/\/vamosporlaliberacion.org\/crpmlm\/wp-json\/wp\/v2\/comments?post=14205"}],"version-history":[{"count":1,"href":"https:\/\/vamosporlaliberacion.org\/crpmlm\/wp-json\/wp\/v2\/posts\/14205\/revisions"}],"predecessor-version":[{"id":20995,"href":"https:\/\/vamosporlaliberacion.org\/crpmlm\/wp-json\/wp\/v2\/posts\/14205\/revisions\/20995"}],"wp:featuredmedia":[{"embeddable":true,"href":"https:\/\/vamosporlaliberacion.org\/crpmlm\/wp-json\/wp\/v2\/media\/14167"}],"wp:attachment":[{"href":"https:\/\/vamosporlaliberacion.org\/crpmlm\/wp-json\/wp\/v2\/media?parent=14205"}],"wp:term":[{"taxonomy":"category","embeddable":true,"href":"https:\/\/vamosporlaliberacion.org\/crpmlm\/wp-json\/wp\/v2\/categories?post=14205"},{"taxonomy":"post_tag","embeddable":true,"href":"https:\/\/vamosporlaliberacion.org\/crpmlm\/wp-json\/wp\/v2\/tags?post=14205"}],"curies":[{"name":"wp","href":"https:\/\/api.w.org\/{rel}","templated":true}]}}