{"id":14203,"date":"2019-07-30T14:41:28","date_gmt":"2019-07-30T17:41:28","guid":{"rendered":"http:\/\/vamosporlaliberacion.org\/crpmlm\/?p=14203"},"modified":"2019-07-30T14:41:28","modified_gmt":"2019-07-30T17:41:28","slug":"macri-terrorismo-y-narcotrafico-de-rodillas-hacia-washington","status":"publish","type":"post","link":"https:\/\/vamosporlaliberacion.org\/crpmlm\/macri-terrorismo-y-narcotrafico-de-rodillas-hacia-washington\/","title":{"rendered":"Macri, \u201cterrorismo\u201d y narcotr\u00e1fico:  de rodillas hacia Washington"},"content":{"rendered":"<p>La presencia en la Argentina del secretario de Estado norteamericano Mike Pompeo volvi\u00f3 a mostrar el grado de rastrerismo que Macri est\u00e1 dispuesto a exhibir ante Washington, para que Trump lo acaricie y el FMI le siga desembolsando d\u00f3lares para mantener la \u201cestabilidad\u201d hasta las presidenciales de octubre.<\/p>\n<p>Pompeo vino como parte de una gira latinoamericana y para presidir la Segunda Conferencia Ministerial Hemisf\u00e9rica de Lucha contra el Terrorismo, abroquelando a los gobiernos de la regi\u00f3n detr\u00e1s de su estrategia imperialista apuntada contra Ir\u00e1n y Hezbollah. El gobierno macrista se arrodill\u00f3 sin verg\u00fcenza ante el proyecto yanqui y mediante un decreto \u2013para que no se discutiera en el Congreso\u2013 cre\u00f3 un \u201cregistro p\u00fablico\u201d de personas \u201csospechosas\u201d de estar vinculadas a \u201cactos de terrorismo y su financiamiento\u201d, una f\u00f3rmula vaga que apunta a declarar \u201corganizaci\u00f3n terrorista\u201d al partido liban\u00e9s Hezbollah y potencialmente al propio gobierno de Ir\u00e1n. Pr\u00e1cticamente ning\u00fan pa\u00eds del mundo tiene un \u201cregistro de sospechosos\u201d como \u00e9se (que puede ser f\u00e1cilmente convertido en un instrumento legal de represi\u00f3n pol\u00edtica). Casi todos se atienen al listado de las Naciones Unidas (ONU), en el que figuran organizaciones como Al Qaeda y los talibanes pero no Hezbollah.<\/p>\n<p>Como se\u00f1al\u00f3 la Confederacio\u0301n de Entidades Argentino A\u0301rabes (Fearab Argentina), \u201ca diferencia de grupos extremistas internacionalmente reconocidos como Al Qaeda, ISIS o Frente Al Nusra, que parecen no preocupar a esta iniciativa, el movimiento poli\u0301tico libane\u0301s Hezbollah es un partido poli\u0301tico oficial con actual participacio\u0301n en el Gobierno de la Repu\u0301blica del Li\u0301bano, que encabeza el presidente Michel Aoun, asi\u0301 como con una presencia de 13 bancas de las 128 del Parlamento\u201d.<\/p>\n<p>El gobierno del L\u00edbano era hasta ahora un gobierno amigo de la Argentina. Pero la movida macrista echa a la basura la pol\u00edtica de neutralidad y no injerencia en los asuntos internos de otros pa\u00edses (tambi\u00e9n lo hace con Venezuela), metiendo al pa\u00eds de cabeza en el conflicto del Medio Oriente. As\u00f3 lo hab\u00eda hecho Menem en los \u201890 y su consecuencia fueron los atentados en Buenos Aires contra la embajada de Israel en marzo de 1992 y contra la AMIA en julio de 1994.<\/p>\n<p>Con este decreto se agranda el peligro de que la Argentina pueda ser blanco de acciones de grupos fundamentalistas (isl\u00e1micos o de otro cu\u00f1o) y de cualquier tipo de provocaciones: Trump amenaz\u00f3 ya m\u00e1s de una vez con bombardear a Ir\u00e1n, y abandon\u00f3 unilateralmente el acuerdo de limitar el desarrollo nuclear de ese pa\u00eds a fines no b\u00e9licos, que los propios EEUU hab\u00edan firmado con Teher\u00e1n junto con Rusia, China, Alemania, Francia y Gran Breta\u00f1a. Ahora el macrismo at\u00f3 por decreto a nuestro pa\u00eds detr\u00e1s del belicismo de Trump: esta actitud servil ante los imperialistas es lo que Macri entiende por \u201cestar en el mundo\u201d.<\/p>\n<h3>Uso descarado y siniestro del atentado a la Amia<\/h3>\n<p>Fundada en el L\u00edbano en 1982 para la lucha contra la invasi\u00f3n israel\u00ed a ese peque\u00f1o pa\u00eds del Oriente Medio, Hezbollah es una organizaci\u00f3n pol\u00edtica isl\u00e1mica chi\u00edta de un pa\u00eds del tercer mundo como nosotros, cuyo brazo armado lucha contra la ocupaci\u00f3n que Israel mantiene con apoyo de Estados Unidos y de Inglaterra a territorios palestinos y de otros pa\u00edses \u00e1rabes como Siria y Jordania. Por eso la mayor\u00eda de los pa\u00edses \u00e1rabes considera que Hezbollah lleva una lucha leg\u00edtima.<\/p>\n<p>El macrismo justifica el decreto tomando como cierta la acusaci\u00f3n de que Hezbollah tuvo responsabilidad en los atentados contra la Embajada y la Amia. Una acusaci\u00f3n nunca probada y basada s\u00f3lo en informes de inteligencia de la CIA yanqui y del Mossad israel\u00ed direccionados desde el inicio contra Ir\u00e1n y la organizaci\u00f3n libanesa. El Hezbollah siempre las neg\u00f3 asegurando, adem\u00e1s, que s\u00f3lo llevan a cabo acciones armadas en Medio Oriente. Toda la investigaci\u00f3n desarrollada en los 25 a\u00f1os transcurridos mostr\u00f3 ser un puro montaje que ni la Interpol, ni la Justicia argentina, ni el FBI norteamericano pudieron confirmar ni suscribir. A\u00fan hoy no hay condenas dictadas contra nadie, por ninguna de las dos causas. Lo que s\u00ed hay son presunciones de complicidad del gobierno macrista con el encubrimiento de los posibles autores del atentado: por eso el ministro de Justicia Garavano cort\u00f3 abruptamente el reportaje de El Destape Radio cuando se le pregunt\u00f3 por qu\u00e9 el gobierno hab\u00eda cambiado de postura y de hecho borrado la acusaci\u00f3n de encubrimiento que pend\u00eda sobre los fiscales de instrucci\u00f3n M\u00fcllen y Barbaccia.<\/p>\n<h3>El cuento yanqui del narcotr\u00e1fico<\/h3>\n<p>Macri gritonea su alineamiento con Trump y otros grandes matones imperialistas del mundo en \u201cpro\u201d de seguir recibiendo el salvavidas de m\u00e1s de 50.000 millones de d\u00f3lares que lo sostengan en la superficie y con posibilidades electorales en medio de la tremenda crisis en que sigue hundiendo al pa\u00eds.<\/p>\n<p>El secretario yanqui Pompeo y unos 20 cancilleres latinoamericanos firmaron un documento que llama a todos los pa\u00edses de la regi\u00f3n a etiquetar a Hezbollah como grupo terrorista, advierte a la \u201ccomunidad internacional\u201d contra la influencia de Ir\u00e1n en la zona, y busca aumentar la \u201ccooperaci\u00f3n\u201d con Estados Unidos con el remanido argumento del narcotr\u00e1fico (de cuya utilizaci\u00f3n los yanquis saben mucho, como sali\u00f3 a luz en los \u201880 cuando la CIA vend\u00eda droga colombiana para financiar la contrarrevoluci\u00f3n nicarag\u00fcense).<\/p>\n<p>El argumento del terrorismo no es m\u00e1s que el pretexto con que los imperialistas yanquis buscan recuperar terreno pol\u00edtico en Am\u00e9rica Latina, alinear a los gobiernos de la regi\u00f3n bajo su hegemon\u00eda y la \u201cayuda\u201d militar del Comando Sur norteamericano para voltear a Nicol\u00e1s Maduro y poner en Venezuela un gobierno t\u00edtere; contrarrestar la penetraci\u00f3n de rivales como China y Rusia, y agitar el espantajo del \u201cterrorismo\u201d para multiplicar y ajustar mecanismos represivos y de coordinaci\u00f3n de las fuerzas \u201cde seguridad\u201d para prevenir y aplastar las luchas de los pueblos contra el rumbo entreguista y hambreador que las oligarqu\u00edas latinoamericanas vienen imponiendo con inspiraci\u00f3n y apoyo material de Washington.<\/p>\n<p>Por eso la embajada norteamericana, la ministra de Seguridad Patricia Bullrich y Clar\u00edn y La Naci\u00f3n machacan d\u00eda tras d\u00eda sobre las \u201cbandas de narcotraficantes que operan en la regi\u00f3n\u201d y que supuestamente financian a esas organizaciones \u201cterroristas\u201d. Todos al mismo tiempo, curiosamente, \u201colvidaron\u201d el caso del intendente de la ciudad de Paran\u00e1 Sergio Varisco, macrista de \u201cJuntos por el Cambio\u201d, largamente denunciado precisamente por los lazos \u201cfluviales\u201d con el narcotr\u00e1fico sobre los que tantas veces cacare\u00f3 Lilita Carri\u00f3&#8230;<\/p>\n<!-- AddThis Advanced Settings generic via filter on the_content --><!-- AddThis Share Buttons generic via filter on the_content -->","protected":false},"excerpt":{"rendered":"<p>La presencia en la Argentina del secretario de Estado norteamericano Mike Pompeo volvi\u00f3 a mostrar el grado de rastrerismo que Macri est\u00e1 dispuesto a exhibir ante Washington, para que Trump lo acaricie y el FMI le siga desembolsando d\u00f3lares para mantener la \u201cestabilidad\u201d hasta las presidenciales de octubre. Pompeo vino como parte de una gira [&hellip;]<!-- AddThis Advanced Settings generic via filter on get_the_excerpt --><!-- AddThis Share Buttons generic via filter on get_the_excerpt --><\/p>\n","protected":false},"author":6,"featured_media":14151,"comment_status":"open","ping_status":"open","sticky":false,"template":"","format":"standard","meta":{"_jetpack_memberships_contains_paid_content":false,"footnotes":""},"categories":[1699],"tags":[103,144,591,1355],"class_list":{"0":"post-14203","1":"post","2":"type-post","3":"status-publish","4":"format-standard","5":"has-post-thumbnail","7":"category-noticias","8":"tag-eeuu","9":"tag-iran","10":"tag-mauricio-macri","11":"tag-vxl-145"},"yoast_head":"<!-- This site is optimized with the Yoast SEO plugin v27.4 - https:\/\/yoast.com\/product\/yoast-seo-wordpress\/ -->\n<title>Macri, \u201cterrorismo\u201d y narcotr\u00e1fico: de rodillas hacia Washington - Vamos por la Liberaci\u00f3n<\/title>\n<meta name=\"robots\" content=\"index, follow, max-snippet:-1, max-image-preview:large, max-video-preview:-1\" \/>\n<link rel=\"canonical\" href=\"http:\/\/vamosporlaliberacion.org\/crpmlm\/macri-terrorismo-y-narcotrafico-de-rodillas-hacia-washington\/\" \/>\n<meta name=\"twitter:label1\" content=\"Escrito por\" \/>\n\t<meta name=\"twitter:data1\" content=\"vamos!\" \/>\n\t<meta name=\"twitter:label2\" content=\"Tiempo de lectura\" \/>\n\t<meta name=\"twitter:data2\" content=\"6 minutos\" \/>\n<script type=\"application\/ld+json\" class=\"yoast-schema-graph\">{\"@context\":\"https:\\\/\\\/schema.org\",\"@graph\":[{\"@type\":\"Article\",\"@id\":\"http:\\\/\\\/vamosporlaliberacion.org\\\/crpmlm\\\/macri-terrorismo-y-narcotrafico-de-rodillas-hacia-washington\\\/#article\",\"isPartOf\":{\"@id\":\"http:\\\/\\\/vamosporlaliberacion.org\\\/crpmlm\\\/macri-terrorismo-y-narcotrafico-de-rodillas-hacia-washington\\\/\"},\"author\":{\"name\":\"vamos!\",\"@id\":\"https:\\\/\\\/vamosporlaliberacion.org\\\/crpmlm\\\/#\\\/schema\\\/person\\\/d6eac7758df3770dae9cd9eb104d615c\"},\"headline\":\"Macri, \u201cterrorismo\u201d y narcotr\u00e1fico: de rodillas hacia Washington\",\"datePublished\":\"2019-07-30T17:41:28+00:00\",\"mainEntityOfPage\":{\"@id\":\"http:\\\/\\\/vamosporlaliberacion.org\\\/crpmlm\\\/macri-terrorismo-y-narcotrafico-de-rodillas-hacia-washington\\\/\"},\"wordCount\":1148,\"commentCount\":0,\"image\":{\"@id\":\"http:\\\/\\\/vamosporlaliberacion.org\\\/crpmlm\\\/macri-terrorismo-y-narcotrafico-de-rodillas-hacia-washington\\\/#primaryimage\"},\"thumbnailUrl\":\"https:\\\/\\\/i0.wp.com\\\/vamosporlaliberacion.org\\\/crpmlm\\\/wp-content\\\/uploads\\\/2019\\\/07\\\/mike-pompeo-y-mauricio-macri.jpg?fit=1256%2C620&ssl=1\",\"keywords\":[\"EEUU\",\"Ir\u00e1n\",\"Mauricio Macri\",\"vxl 145\"],\"articleSection\":[\"Noticias\"],\"inLanguage\":\"es\",\"potentialAction\":[{\"@type\":\"CommentAction\",\"name\":\"Comment\",\"target\":[\"http:\\\/\\\/vamosporlaliberacion.org\\\/crpmlm\\\/macri-terrorismo-y-narcotrafico-de-rodillas-hacia-washington\\\/#respond\"]}]},{\"@type\":\"WebPage\",\"@id\":\"http:\\\/\\\/vamosporlaliberacion.org\\\/crpmlm\\\/macri-terrorismo-y-narcotrafico-de-rodillas-hacia-washington\\\/\",\"url\":\"http:\\\/\\\/vamosporlaliberacion.org\\\/crpmlm\\\/macri-terrorismo-y-narcotrafico-de-rodillas-hacia-washington\\\/\",\"name\":\"Macri, \u201cterrorismo\u201d y narcotr\u00e1fico: de rodillas hacia Washington - Vamos por la Liberaci\u00f3n\",\"isPartOf\":{\"@id\":\"https:\\\/\\\/vamosporlaliberacion.org\\\/crpmlm\\\/#website\"},\"primaryImageOfPage\":{\"@id\":\"http:\\\/\\\/vamosporlaliberacion.org\\\/crpmlm\\\/macri-terrorismo-y-narcotrafico-de-rodillas-hacia-washington\\\/#primaryimage\"},\"image\":{\"@id\":\"http:\\\/\\\/vamosporlaliberacion.org\\\/crpmlm\\\/macri-terrorismo-y-narcotrafico-de-rodillas-hacia-washington\\\/#primaryimage\"},\"thumbnailUrl\":\"https:\\\/\\\/i0.wp.com\\\/vamosporlaliberacion.org\\\/crpmlm\\\/wp-content\\\/uploads\\\/2019\\\/07\\\/mike-pompeo-y-mauricio-macri.jpg?fit=1256%2C620&ssl=1\",\"datePublished\":\"2019-07-30T17:41:28+00:00\",\"author\":{\"@id\":\"https:\\\/\\\/vamosporlaliberacion.org\\\/crpmlm\\\/#\\\/schema\\\/person\\\/d6eac7758df3770dae9cd9eb104d615c\"},\"breadcrumb\":{\"@id\":\"http:\\\/\\\/vamosporlaliberacion.org\\\/crpmlm\\\/macri-terrorismo-y-narcotrafico-de-rodillas-hacia-washington\\\/#breadcrumb\"},\"inLanguage\":\"es\",\"potentialAction\":[{\"@type\":\"ReadAction\",\"target\":[\"http:\\\/\\\/vamosporlaliberacion.org\\\/crpmlm\\\/macri-terrorismo-y-narcotrafico-de-rodillas-hacia-washington\\\/\"]}]},{\"@type\":\"ImageObject\",\"inLanguage\":\"es\",\"@id\":\"http:\\\/\\\/vamosporlaliberacion.org\\\/crpmlm\\\/macri-terrorismo-y-narcotrafico-de-rodillas-hacia-washington\\\/#primaryimage\",\"url\":\"https:\\\/\\\/i0.wp.com\\\/vamosporlaliberacion.org\\\/crpmlm\\\/wp-content\\\/uploads\\\/2019\\\/07\\\/mike-pompeo-y-mauricio-macri.jpg?fit=1256%2C620&ssl=1\",\"contentUrl\":\"https:\\\/\\\/i0.wp.com\\\/vamosporlaliberacion.org\\\/crpmlm\\\/wp-content\\\/uploads\\\/2019\\\/07\\\/mike-pompeo-y-mauricio-macri.jpg?fit=1256%2C620&ssl=1\",\"width\":1256,\"height\":620,\"caption\":\"Mike Pompeo recibido con honores por Macri.\"},{\"@type\":\"BreadcrumbList\",\"@id\":\"http:\\\/\\\/vamosporlaliberacion.org\\\/crpmlm\\\/macri-terrorismo-y-narcotrafico-de-rodillas-hacia-washington\\\/#breadcrumb\",\"itemListElement\":[{\"@type\":\"ListItem\",\"position\":1,\"name\":\"Portada\",\"item\":\"https:\\\/\\\/vamosporlaliberacion.org\\\/crpmlm\\\/\"},{\"@type\":\"ListItem\",\"position\":2,\"name\":\"Macri, \u201cterrorismo\u201d y narcotr\u00e1fico: de rodillas hacia Washington\"}]},{\"@type\":\"WebSite\",\"@id\":\"https:\\\/\\\/vamosporlaliberacion.org\\\/crpmlm\\\/#website\",\"url\":\"https:\\\/\\\/vamosporlaliberacion.org\\\/crpmlm\\\/\",\"name\":\"Vamos por la Liberaci\u00f3n\",\"description\":\"Prensa CR\",\"potentialAction\":[{\"@type\":\"SearchAction\",\"target\":{\"@type\":\"EntryPoint\",\"urlTemplate\":\"https:\\\/\\\/vamosporlaliberacion.org\\\/crpmlm\\\/?s={search_term_string}\"},\"query-input\":{\"@type\":\"PropertyValueSpecification\",\"valueRequired\":true,\"valueName\":\"search_term_string\"}}],\"inLanguage\":\"es\"},{\"@type\":\"Person\",\"@id\":\"https:\\\/\\\/vamosporlaliberacion.org\\\/crpmlm\\\/#\\\/schema\\\/person\\\/d6eac7758df3770dae9cd9eb104d615c\",\"name\":\"vamos!\",\"url\":\"https:\\\/\\\/vamosporlaliberacion.org\\\/crpmlm\\\/author\\\/adminvxl\\\/\"}]}<\/script>\n<!-- \/ Yoast SEO plugin. -->","yoast_head_json":{"title":"Macri, \u201cterrorismo\u201d y narcotr\u00e1fico: de rodillas hacia Washington - Vamos por la Liberaci\u00f3n","robots":{"index":"index","follow":"follow","max-snippet":"max-snippet:-1","max-image-preview":"max-image-preview:large","max-video-preview":"max-video-preview:-1"},"canonical":"http:\/\/vamosporlaliberacion.org\/crpmlm\/macri-terrorismo-y-narcotrafico-de-rodillas-hacia-washington\/","twitter_misc":{"Escrito por":"vamos!","Tiempo de lectura":"6 minutos"},"schema":{"@context":"https:\/\/schema.org","@graph":[{"@type":"Article","@id":"http:\/\/vamosporlaliberacion.org\/crpmlm\/macri-terrorismo-y-narcotrafico-de-rodillas-hacia-washington\/#article","isPartOf":{"@id":"http:\/\/vamosporlaliberacion.org\/crpmlm\/macri-terrorismo-y-narcotrafico-de-rodillas-hacia-washington\/"},"author":{"name":"vamos!","@id":"https:\/\/vamosporlaliberacion.org\/crpmlm\/#\/schema\/person\/d6eac7758df3770dae9cd9eb104d615c"},"headline":"Macri, \u201cterrorismo\u201d y narcotr\u00e1fico: de rodillas hacia Washington","datePublished":"2019-07-30T17:41:28+00:00","mainEntityOfPage":{"@id":"http:\/\/vamosporlaliberacion.org\/crpmlm\/macri-terrorismo-y-narcotrafico-de-rodillas-hacia-washington\/"},"wordCount":1148,"commentCount":0,"image":{"@id":"http:\/\/vamosporlaliberacion.org\/crpmlm\/macri-terrorismo-y-narcotrafico-de-rodillas-hacia-washington\/#primaryimage"},"thumbnailUrl":"https:\/\/i0.wp.com\/vamosporlaliberacion.org\/crpmlm\/wp-content\/uploads\/2019\/07\/mike-pompeo-y-mauricio-macri.jpg?fit=1256%2C620&ssl=1","keywords":["EEUU","Ir\u00e1n","Mauricio Macri","vxl 145"],"articleSection":["Noticias"],"inLanguage":"es","potentialAction":[{"@type":"CommentAction","name":"Comment","target":["http:\/\/vamosporlaliberacion.org\/crpmlm\/macri-terrorismo-y-narcotrafico-de-rodillas-hacia-washington\/#respond"]}]},{"@type":"WebPage","@id":"http:\/\/vamosporlaliberacion.org\/crpmlm\/macri-terrorismo-y-narcotrafico-de-rodillas-hacia-washington\/","url":"http:\/\/vamosporlaliberacion.org\/crpmlm\/macri-terrorismo-y-narcotrafico-de-rodillas-hacia-washington\/","name":"Macri, \u201cterrorismo\u201d y narcotr\u00e1fico: de rodillas hacia Washington - Vamos por la Liberaci\u00f3n","isPartOf":{"@id":"https:\/\/vamosporlaliberacion.org\/crpmlm\/#website"},"primaryImageOfPage":{"@id":"http:\/\/vamosporlaliberacion.org\/crpmlm\/macri-terrorismo-y-narcotrafico-de-rodillas-hacia-washington\/#primaryimage"},"image":{"@id":"http:\/\/vamosporlaliberacion.org\/crpmlm\/macri-terrorismo-y-narcotrafico-de-rodillas-hacia-washington\/#primaryimage"},"thumbnailUrl":"https:\/\/i0.wp.com\/vamosporlaliberacion.org\/crpmlm\/wp-content\/uploads\/2019\/07\/mike-pompeo-y-mauricio-macri.jpg?fit=1256%2C620&ssl=1","datePublished":"2019-07-30T17:41:28+00:00","author":{"@id":"https:\/\/vamosporlaliberacion.org\/crpmlm\/#\/schema\/person\/d6eac7758df3770dae9cd9eb104d615c"},"breadcrumb":{"@id":"http:\/\/vamosporlaliberacion.org\/crpmlm\/macri-terrorismo-y-narcotrafico-de-rodillas-hacia-washington\/#breadcrumb"},"inLanguage":"es","potentialAction":[{"@type":"ReadAction","target":["http:\/\/vamosporlaliberacion.org\/crpmlm\/macri-terrorismo-y-narcotrafico-de-rodillas-hacia-washington\/"]}]},{"@type":"ImageObject","inLanguage":"es","@id":"http:\/\/vamosporlaliberacion.org\/crpmlm\/macri-terrorismo-y-narcotrafico-de-rodillas-hacia-washington\/#primaryimage","url":"https:\/\/i0.wp.com\/vamosporlaliberacion.org\/crpmlm\/wp-content\/uploads\/2019\/07\/mike-pompeo-y-mauricio-macri.jpg?fit=1256%2C620&ssl=1","contentUrl":"https:\/\/i0.wp.com\/vamosporlaliberacion.org\/crpmlm\/wp-content\/uploads\/2019\/07\/mike-pompeo-y-mauricio-macri.jpg?fit=1256%2C620&ssl=1","width":1256,"height":620,"caption":"Mike Pompeo recibido con honores por Macri."},{"@type":"BreadcrumbList","@id":"http:\/\/vamosporlaliberacion.org\/crpmlm\/macri-terrorismo-y-narcotrafico-de-rodillas-hacia-washington\/#breadcrumb","itemListElement":[{"@type":"ListItem","position":1,"name":"Portada","item":"https:\/\/vamosporlaliberacion.org\/crpmlm\/"},{"@type":"ListItem","position":2,"name":"Macri, \u201cterrorismo\u201d y narcotr\u00e1fico: de rodillas hacia Washington"}]},{"@type":"WebSite","@id":"https:\/\/vamosporlaliberacion.org\/crpmlm\/#website","url":"https:\/\/vamosporlaliberacion.org\/crpmlm\/","name":"Vamos por la Liberaci\u00f3n","description":"Prensa CR","potentialAction":[{"@type":"SearchAction","target":{"@type":"EntryPoint","urlTemplate":"https:\/\/vamosporlaliberacion.org\/crpmlm\/?s={search_term_string}"},"query-input":{"@type":"PropertyValueSpecification","valueRequired":true,"valueName":"search_term_string"}}],"inLanguage":"es"},{"@type":"Person","@id":"https:\/\/vamosporlaliberacion.org\/crpmlm\/#\/schema\/person\/d6eac7758df3770dae9cd9eb104d615c","name":"vamos!","url":"https:\/\/vamosporlaliberacion.org\/crpmlm\/author\/adminvxl\/"}]}},"jetpack_featured_media_url":"https:\/\/i0.wp.com\/vamosporlaliberacion.org\/crpmlm\/wp-content\/uploads\/2019\/07\/mike-pompeo-y-mauricio-macri.jpg?fit=1256%2C620&ssl=1","jetpack_sharing_enabled":true,"_links":{"self":[{"href":"https:\/\/vamosporlaliberacion.org\/crpmlm\/wp-json\/wp\/v2\/posts\/14203","targetHints":{"allow":["GET"]}}],"collection":[{"href":"https:\/\/vamosporlaliberacion.org\/crpmlm\/wp-json\/wp\/v2\/posts"}],"about":[{"href":"https:\/\/vamosporlaliberacion.org\/crpmlm\/wp-json\/wp\/v2\/types\/post"}],"author":[{"embeddable":true,"href":"https:\/\/vamosporlaliberacion.org\/crpmlm\/wp-json\/wp\/v2\/users\/6"}],"replies":[{"embeddable":true,"href":"https:\/\/vamosporlaliberacion.org\/crpmlm\/wp-json\/wp\/v2\/comments?post=14203"}],"version-history":[{"count":0,"href":"https:\/\/vamosporlaliberacion.org\/crpmlm\/wp-json\/wp\/v2\/posts\/14203\/revisions"}],"wp:featuredmedia":[{"embeddable":true,"href":"https:\/\/vamosporlaliberacion.org\/crpmlm\/wp-json\/wp\/v2\/media\/14151"}],"wp:attachment":[{"href":"https:\/\/vamosporlaliberacion.org\/crpmlm\/wp-json\/wp\/v2\/media?parent=14203"}],"wp:term":[{"taxonomy":"category","embeddable":true,"href":"https:\/\/vamosporlaliberacion.org\/crpmlm\/wp-json\/wp\/v2\/categories?post=14203"},{"taxonomy":"post_tag","embeddable":true,"href":"https:\/\/vamosporlaliberacion.org\/crpmlm\/wp-json\/wp\/v2\/tags?post=14203"}],"curies":[{"name":"wp","href":"https:\/\/api.w.org\/{rel}","templated":true}]}}