{"id":14193,"date":"2019-07-30T14:31:32","date_gmt":"2019-07-30T17:31:32","guid":{"rendered":"http:\/\/vamosporlaliberacion.org\/crpmlm\/?p=14193"},"modified":"2020-10-23T20:07:04","modified_gmt":"2020-10-23T23:07:04","slug":"bahia-blanca-petroquimicos-conmemoraron-un-paro-historico","status":"publish","type":"post","link":"https:\/\/vamosporlaliberacion.org\/crpmlm\/bahia-blanca-petroquimicos-conmemoraron-un-paro-historico\/","title":{"rendered":"Bah\u00eda Blanca: Petroqu\u00edmicos conmemoraron un paro hist\u00f3rico"},"content":{"rendered":"<p>El sal\u00f3n estaba repleto, m\u00e1s de 1000 compa\u00f1eros y compa\u00f1eras de las distintas empresas del Polo Petroqu\u00edmico, el Parque Industrial y del puerto, juntos para reivindicar un camino de lucha, de unidad y trabajo que se eligi\u00f3. A 10 a\u00f1os del paro hist\u00f3rico que marco a fuego y dio vida a un sindicalismo solidario, serio y con conciencia de clase; que recuper\u00f3 primero el gremio para poder retomar las mejores tradiciones de lucha del movimiento obrero argentino. Un camino que permiti\u00f3 grandes conquistas en lo salarial, las condiciones de trabajo, los convenios colectivos y creci\u00f3 enormemente como instituci\u00f3n en lo social y en su patrimonio, transform\u00e1ndose en un punto de referencia para los bahienses.<\/p>\n<p>Hasta el m\u00ednimo detalle estaba muy bien organizado, por la agrupaci\u00f3n 8 de Julio. Los reconocimientos y los videos mostrando la historia de esta lucha fueron el momento previo a las palabras del secretario general del SPIQPyA, Julio Leguizam\u00f3n, que fueron seguidas con much\u00edsima atenci\u00f3n.<\/p>\n<h3>Extractos del discurso<\/h3>\n<p>\u201cEs fundamental para los que lo vivimos, para lo que estuvimos all\u00ed, recordarlo y transmit\u00edrselo a los m\u00e1s j\u00f3venes. (\u2026) Es bueno que uno aprenda con la experiencia de los m\u00e1s grandes y no tenga que pasar por las situaciones tan dif\u00edciles como las que pasamos nosotros. Si las circunstancias se dan y les toca vivir momentos dif\u00edciles como los nuestros, tambi\u00e9n est\u00e9n preparados, como lo hicimos en ese momento para lucharla y para pelearla.\u201d<br \/>\nAbsolutamente solos contra todos<\/p>\n<p>\u201cMuchas veces no nos acordamos que en esa \u00e9poca, ese 8 de julio, se unificaron todas las empresas. Sacaron comunicados contra nosotros la Uni\u00f3n Industrial, la C\u00e1mara de Comercio de Industria, el Parque Industrial y el poder pol\u00edtico. Nos hicieron denuncias de todo tipo, gente del municipio y de las empresas. Nos enfrentamos directamente al poder entero.\u201d<\/p>\n<p>\u201cLos medios de prensa hac\u00edan programas especiales, nos dedicaron dos o tres tapas en los diarios. (\u2026) \u00c9ramos lo peor que le pod\u00eda pasar a Bah\u00eda Blanca y yo creo que para el poder constituido que manejaba absolutamente todo en beneficio de unos pocos. Para ellos si \u00e9ramos un enemigo muy duro. Y nosotros, a pesar de esa dificultad, a pesar de tener todo en contra, cont\u00e1bamos solamente con la unidad y la fuerza de todos los trabajadores del polo, todos ten\u00edan miedo de estar cerca nuestro, pero no nos import\u00f3 y nos jugamos.\u201d<\/p>\n<h3>Primero recuperar el gremio<\/h3>\n<p>\u201cNos jugamos todo por cambiar muchos a\u00f1os en los que el sindicato hab\u00eda actuado mal. Hab\u00edamos perdido muchas luchas, perdido muchas condiciones de trabajo, donde eran p\u00e9simas las cosas que viv\u00edan los compa\u00f1eros. Un proceso que llevo muchos a\u00f1os. Primero hubo que hacer conciencia, afiliar a la gente, hablar mucho de unidad y tuvimos que sacar una dirigencia anterior que era la imagen de todo ese sistema. Todo esto culmin\u00f3 en el 8 de julio. Este cambio, con la unidad de todos nosotros contra todo el poder establecido, forj\u00f3 las bases de este gremio diferente.\u201d<\/p>\n<h3>Tener memoria<\/h3>\n<p>\u201cQuiero agradecerles a todos los que aportaron su granito de arena para cambiar la historia, no solo de este sindicato, sino la historia de como enfrentar al poder establecido en Bah\u00eda Blanca. (\u2026) Seguramente fuimos en ese momento un mal ejemplo y por eso tuvimos tantos enemigos. Pero el resultado, lo vemos d\u00eda a d\u00eda, lo vemos en los convenios, en las condiciones de trabajo, en los salarios, lo vemos por nuestra unidad, por nuestra fuerza y por la continuidad y por qu\u00e9 d\u00eda a d\u00eda estamos en las plantas. El 8 de julio est\u00e1 reflejado en nuestro compromiso, en los compa\u00f1eros que participan en la agrupaci\u00f3n, en la comisi\u00f3n directiva y en el trabajo de los delegados.\u201d<\/p>\n<p>\u201cPara eso me acompa\u00f1a una Comisi\u00f3n Directiva de trabajo y de esfuerzo. Para eso hay un grupo grande de delegados que todos los d\u00edas est\u00e1n con sus compa\u00f1eros en planta, poniendo el cuerpo para que estemos mejor. (\u2026) Todo lo que se forj\u00f3 ese d\u00eda, es lo que nosotros tenemos que cuidar y no s\u00f3lo cuidar, sino que hacerlo crecer. Todav\u00eda falta mucho.\u201d<\/p>\n<p>\u201cPor sobre todas las cosas, debemos tener memoria, no olvidarnos como est\u00e1bamos, no olvidarnos de d\u00f3nde venimos y no olvidarnos todo lo que nos cost\u00f3, ese sacrificio, ese esfuerzo y sobre todo, nuestra responsabilidad como dirigentes. (\u2026) El d\u00eda de la asamblea que vot\u00f3 el paro, hab\u00eda muchas dudas, gente que no quer\u00eda, mucha desconfianza y no sab\u00edamos lo que iba pasar, hab\u00eda que jug\u00e1rsela, pero sabiendo que no nos quedaba otra y que ese era nuestro camino. (\u2026) Hubo gente, que cuando termin\u00f3 la votaci\u00f3n y se decidi\u00f3 ir al paro me dijo: \u2018te hago responsable por lo que va a pasar\u2019. Le contest\u00e9 lo mismo que digo ahora y voy a decir siempre: me hago responsable, de lo bueno, de lo malo, de lo que pas\u00f3 y lo que va a pasar, por el bien de todos los afiliados.\u201d<\/p>\n<h3>Somos clase trabajadora<\/h3>\n<p>\u201cSimplemente le queremos dejar una ense\u00f1anza para los j\u00f3venes que se incorporan. Una ense\u00f1anza de lucha de sacrificio y de esfuerzo. (\u2026) Que no nos confundan: ni los jefes, ni las empresas son nuestros amigos, porque debemos aprender de la experiencia, no importa la categor\u00eda que tengamos, ni el lugar que ocupemos en la empresa. Nosotros debemos siempre recordar que somos clase obrera, clase trabajadora y que todo lo que consigui\u00f3 hist\u00f3ricamente nuestra clase fue en base a la lucha y al esfuerzo. Jam\u00e1s, pero jam\u00e1s a los trabajadores le regalaron nada y nosotros somos el mejor ejemplo de eso.\u201d<\/p>\n<p style=\"text-align: right;\"><strong>Corresponsal<\/strong><\/p>\n<!-- AddThis Advanced Settings generic via filter on the_content --><!-- AddThis Share Buttons generic via filter on the_content -->","protected":false},"excerpt":{"rendered":"<p>El sal\u00f3n estaba repleto, m\u00e1s de 1000 compa\u00f1eros y compa\u00f1eras de las distintas empresas del Polo Petroqu\u00edmico, el Parque Industrial y del puerto, juntos para reivindicar un camino de lucha, de unidad y trabajo que se eligi\u00f3. A 10 a\u00f1os del paro hist\u00f3rico que marco a fuego y dio vida a un sindicalismo solidario, serio [&hellip;]<!-- AddThis Advanced Settings generic via filter on get_the_excerpt --><!-- AddThis Share Buttons generic via filter on get_the_excerpt --><\/p>\n","protected":false},"author":6,"featured_media":14158,"comment_status":"open","ping_status":"open","sticky":false,"template":"","format":"standard","meta":{"_jetpack_memberships_contains_paid_content":false,"footnotes":""},"categories":[1877],"tags":[37,395,208,1355],"class_list":{"0":"post-14193","1":"post","2":"type-post","3":"status-publish","4":"format-standard","5":"has-post-thumbnail","7":"category-gremiales","8":"tag-bahia-blanca","9":"tag-buenos-aires","10":"tag-petroquimicos","11":"tag-vxl-145"},"yoast_head":"<!-- This site is optimized with the Yoast SEO plugin v27.4 - https:\/\/yoast.com\/product\/yoast-seo-wordpress\/ -->\n<title>Bah\u00eda Blanca: Petroqu\u00edmicos conmemoraron un paro hist\u00f3rico - Vamos por la Liberaci\u00f3n<\/title>\n<meta name=\"robots\" content=\"index, follow, max-snippet:-1, max-image-preview:large, max-video-preview:-1\" \/>\n<link rel=\"canonical\" href=\"http:\/\/vamosporlaliberacion.org\/crpmlm\/bahia-blanca-petroquimicos-conmemoraron-un-paro-historico\/\" \/>\n<meta name=\"twitter:label1\" content=\"Escrito por\" \/>\n\t<meta name=\"twitter:data1\" content=\"vamos!\" \/>\n\t<meta name=\"twitter:label2\" content=\"Tiempo de lectura\" \/>\n\t<meta name=\"twitter:data2\" content=\"5 minutos\" \/>\n<script type=\"application\/ld+json\" class=\"yoast-schema-graph\">{\"@context\":\"https:\\\/\\\/schema.org\",\"@graph\":[{\"@type\":\"Article\",\"@id\":\"http:\\\/\\\/vamosporlaliberacion.org\\\/crpmlm\\\/bahia-blanca-petroquimicos-conmemoraron-un-paro-historico\\\/#article\",\"isPartOf\":{\"@id\":\"http:\\\/\\\/vamosporlaliberacion.org\\\/crpmlm\\\/bahia-blanca-petroquimicos-conmemoraron-un-paro-historico\\\/\"},\"author\":{\"name\":\"vamos!\",\"@id\":\"https:\\\/\\\/vamosporlaliberacion.org\\\/crpmlm\\\/#\\\/schema\\\/person\\\/d6eac7758df3770dae9cd9eb104d615c\"},\"headline\":\"Bah\u00eda Blanca: Petroqu\u00edmicos conmemoraron un paro hist\u00f3rico\",\"datePublished\":\"2019-07-30T17:31:32+00:00\",\"dateModified\":\"2020-10-23T23:07:04+00:00\",\"mainEntityOfPage\":{\"@id\":\"http:\\\/\\\/vamosporlaliberacion.org\\\/crpmlm\\\/bahia-blanca-petroquimicos-conmemoraron-un-paro-historico\\\/\"},\"wordCount\":985,\"commentCount\":0,\"image\":{\"@id\":\"http:\\\/\\\/vamosporlaliberacion.org\\\/crpmlm\\\/bahia-blanca-petroquimicos-conmemoraron-un-paro-historico\\\/#primaryimage\"},\"thumbnailUrl\":\"https:\\\/\\\/i0.wp.com\\\/vamosporlaliberacion.org\\\/crpmlm\\\/wp-content\\\/uploads\\\/2019\\\/07\\\/WhatsApp-Image-2019-07-22-at-12.24.06-PM.jpeg?fit=1280%2C853&ssl=1\",\"keywords\":[\"Bah\u00eda Blanca\",\"Buenos Aires\",\"Petroqu\u00edmicos\",\"vxl 145\"],\"articleSection\":[\"Actualidad e historia del movimiento obrero\"],\"inLanguage\":\"es\",\"potentialAction\":[{\"@type\":\"CommentAction\",\"name\":\"Comment\",\"target\":[\"http:\\\/\\\/vamosporlaliberacion.org\\\/crpmlm\\\/bahia-blanca-petroquimicos-conmemoraron-un-paro-historico\\\/#respond\"]}]},{\"@type\":\"WebPage\",\"@id\":\"http:\\\/\\\/vamosporlaliberacion.org\\\/crpmlm\\\/bahia-blanca-petroquimicos-conmemoraron-un-paro-historico\\\/\",\"url\":\"http:\\\/\\\/vamosporlaliberacion.org\\\/crpmlm\\\/bahia-blanca-petroquimicos-conmemoraron-un-paro-historico\\\/\",\"name\":\"Bah\u00eda Blanca: Petroqu\u00edmicos conmemoraron un paro hist\u00f3rico - Vamos por la Liberaci\u00f3n\",\"isPartOf\":{\"@id\":\"https:\\\/\\\/vamosporlaliberacion.org\\\/crpmlm\\\/#website\"},\"primaryImageOfPage\":{\"@id\":\"http:\\\/\\\/vamosporlaliberacion.org\\\/crpmlm\\\/bahia-blanca-petroquimicos-conmemoraron-un-paro-historico\\\/#primaryimage\"},\"image\":{\"@id\":\"http:\\\/\\\/vamosporlaliberacion.org\\\/crpmlm\\\/bahia-blanca-petroquimicos-conmemoraron-un-paro-historico\\\/#primaryimage\"},\"thumbnailUrl\":\"https:\\\/\\\/i0.wp.com\\\/vamosporlaliberacion.org\\\/crpmlm\\\/wp-content\\\/uploads\\\/2019\\\/07\\\/WhatsApp-Image-2019-07-22-at-12.24.06-PM.jpeg?fit=1280%2C853&ssl=1\",\"datePublished\":\"2019-07-30T17:31:32+00:00\",\"dateModified\":\"2020-10-23T23:07:04+00:00\",\"author\":{\"@id\":\"https:\\\/\\\/vamosporlaliberacion.org\\\/crpmlm\\\/#\\\/schema\\\/person\\\/d6eac7758df3770dae9cd9eb104d615c\"},\"breadcrumb\":{\"@id\":\"http:\\\/\\\/vamosporlaliberacion.org\\\/crpmlm\\\/bahia-blanca-petroquimicos-conmemoraron-un-paro-historico\\\/#breadcrumb\"},\"inLanguage\":\"es\",\"potentialAction\":[{\"@type\":\"ReadAction\",\"target\":[\"http:\\\/\\\/vamosporlaliberacion.org\\\/crpmlm\\\/bahia-blanca-petroquimicos-conmemoraron-un-paro-historico\\\/\"]}]},{\"@type\":\"ImageObject\",\"inLanguage\":\"es\",\"@id\":\"http:\\\/\\\/vamosporlaliberacion.org\\\/crpmlm\\\/bahia-blanca-petroquimicos-conmemoraron-un-paro-historico\\\/#primaryimage\",\"url\":\"https:\\\/\\\/i0.wp.com\\\/vamosporlaliberacion.org\\\/crpmlm\\\/wp-content\\\/uploads\\\/2019\\\/07\\\/WhatsApp-Image-2019-07-22-at-12.24.06-PM.jpeg?fit=1280%2C853&ssl=1\",\"contentUrl\":\"https:\\\/\\\/i0.wp.com\\\/vamosporlaliberacion.org\\\/crpmlm\\\/wp-content\\\/uploads\\\/2019\\\/07\\\/WhatsApp-Image-2019-07-22-at-12.24.06-PM.jpeg?fit=1280%2C853&ssl=1\",\"width\":1280,\"height\":853},{\"@type\":\"BreadcrumbList\",\"@id\":\"http:\\\/\\\/vamosporlaliberacion.org\\\/crpmlm\\\/bahia-blanca-petroquimicos-conmemoraron-un-paro-historico\\\/#breadcrumb\",\"itemListElement\":[{\"@type\":\"ListItem\",\"position\":1,\"name\":\"Portada\",\"item\":\"https:\\\/\\\/vamosporlaliberacion.org\\\/crpmlm\\\/\"},{\"@type\":\"ListItem\",\"position\":2,\"name\":\"Bah\u00eda Blanca: Petroqu\u00edmicos conmemoraron un paro hist\u00f3rico\"}]},{\"@type\":\"WebSite\",\"@id\":\"https:\\\/\\\/vamosporlaliberacion.org\\\/crpmlm\\\/#website\",\"url\":\"https:\\\/\\\/vamosporlaliberacion.org\\\/crpmlm\\\/\",\"name\":\"Vamos por la Liberaci\u00f3n\",\"description\":\"Prensa CR\",\"potentialAction\":[{\"@type\":\"SearchAction\",\"target\":{\"@type\":\"EntryPoint\",\"urlTemplate\":\"https:\\\/\\\/vamosporlaliberacion.org\\\/crpmlm\\\/?s={search_term_string}\"},\"query-input\":{\"@type\":\"PropertyValueSpecification\",\"valueRequired\":true,\"valueName\":\"search_term_string\"}}],\"inLanguage\":\"es\"},{\"@type\":\"Person\",\"@id\":\"https:\\\/\\\/vamosporlaliberacion.org\\\/crpmlm\\\/#\\\/schema\\\/person\\\/d6eac7758df3770dae9cd9eb104d615c\",\"name\":\"vamos!\",\"url\":\"https:\\\/\\\/vamosporlaliberacion.org\\\/crpmlm\\\/author\\\/adminvxl\\\/\"}]}<\/script>\n<!-- \/ Yoast SEO plugin. -->","yoast_head_json":{"title":"Bah\u00eda Blanca: Petroqu\u00edmicos conmemoraron un paro hist\u00f3rico - Vamos por la Liberaci\u00f3n","robots":{"index":"index","follow":"follow","max-snippet":"max-snippet:-1","max-image-preview":"max-image-preview:large","max-video-preview":"max-video-preview:-1"},"canonical":"http:\/\/vamosporlaliberacion.org\/crpmlm\/bahia-blanca-petroquimicos-conmemoraron-un-paro-historico\/","twitter_misc":{"Escrito por":"vamos!","Tiempo de lectura":"5 minutos"},"schema":{"@context":"https:\/\/schema.org","@graph":[{"@type":"Article","@id":"http:\/\/vamosporlaliberacion.org\/crpmlm\/bahia-blanca-petroquimicos-conmemoraron-un-paro-historico\/#article","isPartOf":{"@id":"http:\/\/vamosporlaliberacion.org\/crpmlm\/bahia-blanca-petroquimicos-conmemoraron-un-paro-historico\/"},"author":{"name":"vamos!","@id":"https:\/\/vamosporlaliberacion.org\/crpmlm\/#\/schema\/person\/d6eac7758df3770dae9cd9eb104d615c"},"headline":"Bah\u00eda Blanca: Petroqu\u00edmicos conmemoraron un paro hist\u00f3rico","datePublished":"2019-07-30T17:31:32+00:00","dateModified":"2020-10-23T23:07:04+00:00","mainEntityOfPage":{"@id":"http:\/\/vamosporlaliberacion.org\/crpmlm\/bahia-blanca-petroquimicos-conmemoraron-un-paro-historico\/"},"wordCount":985,"commentCount":0,"image":{"@id":"http:\/\/vamosporlaliberacion.org\/crpmlm\/bahia-blanca-petroquimicos-conmemoraron-un-paro-historico\/#primaryimage"},"thumbnailUrl":"https:\/\/i0.wp.com\/vamosporlaliberacion.org\/crpmlm\/wp-content\/uploads\/2019\/07\/WhatsApp-Image-2019-07-22-at-12.24.06-PM.jpeg?fit=1280%2C853&ssl=1","keywords":["Bah\u00eda Blanca","Buenos Aires","Petroqu\u00edmicos","vxl 145"],"articleSection":["Actualidad e historia del movimiento obrero"],"inLanguage":"es","potentialAction":[{"@type":"CommentAction","name":"Comment","target":["http:\/\/vamosporlaliberacion.org\/crpmlm\/bahia-blanca-petroquimicos-conmemoraron-un-paro-historico\/#respond"]}]},{"@type":"WebPage","@id":"http:\/\/vamosporlaliberacion.org\/crpmlm\/bahia-blanca-petroquimicos-conmemoraron-un-paro-historico\/","url":"http:\/\/vamosporlaliberacion.org\/crpmlm\/bahia-blanca-petroquimicos-conmemoraron-un-paro-historico\/","name":"Bah\u00eda Blanca: Petroqu\u00edmicos conmemoraron un paro hist\u00f3rico - Vamos por la Liberaci\u00f3n","isPartOf":{"@id":"https:\/\/vamosporlaliberacion.org\/crpmlm\/#website"},"primaryImageOfPage":{"@id":"http:\/\/vamosporlaliberacion.org\/crpmlm\/bahia-blanca-petroquimicos-conmemoraron-un-paro-historico\/#primaryimage"},"image":{"@id":"http:\/\/vamosporlaliberacion.org\/crpmlm\/bahia-blanca-petroquimicos-conmemoraron-un-paro-historico\/#primaryimage"},"thumbnailUrl":"https:\/\/i0.wp.com\/vamosporlaliberacion.org\/crpmlm\/wp-content\/uploads\/2019\/07\/WhatsApp-Image-2019-07-22-at-12.24.06-PM.jpeg?fit=1280%2C853&ssl=1","datePublished":"2019-07-30T17:31:32+00:00","dateModified":"2020-10-23T23:07:04+00:00","author":{"@id":"https:\/\/vamosporlaliberacion.org\/crpmlm\/#\/schema\/person\/d6eac7758df3770dae9cd9eb104d615c"},"breadcrumb":{"@id":"http:\/\/vamosporlaliberacion.org\/crpmlm\/bahia-blanca-petroquimicos-conmemoraron-un-paro-historico\/#breadcrumb"},"inLanguage":"es","potentialAction":[{"@type":"ReadAction","target":["http:\/\/vamosporlaliberacion.org\/crpmlm\/bahia-blanca-petroquimicos-conmemoraron-un-paro-historico\/"]}]},{"@type":"ImageObject","inLanguage":"es","@id":"http:\/\/vamosporlaliberacion.org\/crpmlm\/bahia-blanca-petroquimicos-conmemoraron-un-paro-historico\/#primaryimage","url":"https:\/\/i0.wp.com\/vamosporlaliberacion.org\/crpmlm\/wp-content\/uploads\/2019\/07\/WhatsApp-Image-2019-07-22-at-12.24.06-PM.jpeg?fit=1280%2C853&ssl=1","contentUrl":"https:\/\/i0.wp.com\/vamosporlaliberacion.org\/crpmlm\/wp-content\/uploads\/2019\/07\/WhatsApp-Image-2019-07-22-at-12.24.06-PM.jpeg?fit=1280%2C853&ssl=1","width":1280,"height":853},{"@type":"BreadcrumbList","@id":"http:\/\/vamosporlaliberacion.org\/crpmlm\/bahia-blanca-petroquimicos-conmemoraron-un-paro-historico\/#breadcrumb","itemListElement":[{"@type":"ListItem","position":1,"name":"Portada","item":"https:\/\/vamosporlaliberacion.org\/crpmlm\/"},{"@type":"ListItem","position":2,"name":"Bah\u00eda Blanca: Petroqu\u00edmicos conmemoraron un paro hist\u00f3rico"}]},{"@type":"WebSite","@id":"https:\/\/vamosporlaliberacion.org\/crpmlm\/#website","url":"https:\/\/vamosporlaliberacion.org\/crpmlm\/","name":"Vamos por la Liberaci\u00f3n","description":"Prensa CR","potentialAction":[{"@type":"SearchAction","target":{"@type":"EntryPoint","urlTemplate":"https:\/\/vamosporlaliberacion.org\/crpmlm\/?s={search_term_string}"},"query-input":{"@type":"PropertyValueSpecification","valueRequired":true,"valueName":"search_term_string"}}],"inLanguage":"es"},{"@type":"Person","@id":"https:\/\/vamosporlaliberacion.org\/crpmlm\/#\/schema\/person\/d6eac7758df3770dae9cd9eb104d615c","name":"vamos!","url":"https:\/\/vamosporlaliberacion.org\/crpmlm\/author\/adminvxl\/"}]}},"jetpack_featured_media_url":"https:\/\/i0.wp.com\/vamosporlaliberacion.org\/crpmlm\/wp-content\/uploads\/2019\/07\/WhatsApp-Image-2019-07-22-at-12.24.06-PM.jpeg?fit=1280%2C853&ssl=1","jetpack_sharing_enabled":true,"_links":{"self":[{"href":"https:\/\/vamosporlaliberacion.org\/crpmlm\/wp-json\/wp\/v2\/posts\/14193","targetHints":{"allow":["GET"]}}],"collection":[{"href":"https:\/\/vamosporlaliberacion.org\/crpmlm\/wp-json\/wp\/v2\/posts"}],"about":[{"href":"https:\/\/vamosporlaliberacion.org\/crpmlm\/wp-json\/wp\/v2\/types\/post"}],"author":[{"embeddable":true,"href":"https:\/\/vamosporlaliberacion.org\/crpmlm\/wp-json\/wp\/v2\/users\/6"}],"replies":[{"embeddable":true,"href":"https:\/\/vamosporlaliberacion.org\/crpmlm\/wp-json\/wp\/v2\/comments?post=14193"}],"version-history":[{"count":1,"href":"https:\/\/vamosporlaliberacion.org\/crpmlm\/wp-json\/wp\/v2\/posts\/14193\/revisions"}],"predecessor-version":[{"id":20349,"href":"https:\/\/vamosporlaliberacion.org\/crpmlm\/wp-json\/wp\/v2\/posts\/14193\/revisions\/20349"}],"wp:featuredmedia":[{"embeddable":true,"href":"https:\/\/vamosporlaliberacion.org\/crpmlm\/wp-json\/wp\/v2\/media\/14158"}],"wp:attachment":[{"href":"https:\/\/vamosporlaliberacion.org\/crpmlm\/wp-json\/wp\/v2\/media?parent=14193"}],"wp:term":[{"taxonomy":"category","embeddable":true,"href":"https:\/\/vamosporlaliberacion.org\/crpmlm\/wp-json\/wp\/v2\/categories?post=14193"},{"taxonomy":"post_tag","embeddable":true,"href":"https:\/\/vamosporlaliberacion.org\/crpmlm\/wp-json\/wp\/v2\/tags?post=14193"}],"curies":[{"name":"wp","href":"https:\/\/api.w.org\/{rel}","templated":true}]}}