{"id":14189,"date":"2019-07-30T14:22:23","date_gmt":"2019-07-30T17:22:23","guid":{"rendered":"http:\/\/vamosporlaliberacion.org\/crpmlm\/?p=14189"},"modified":"2019-07-30T14:22:23","modified_gmt":"2019-07-30T17:22:23","slug":"campana-electoral-en-caba-desplegar-hasta-el-ultimo-companero-y-companera","status":"publish","type":"post","link":"https:\/\/vamosporlaliberacion.org\/crpmlm\/campana-electoral-en-caba-desplegar-hasta-el-ultimo-companero-y-companera\/","title":{"rendered":"Campa\u00f1a electoral en CABA: Desplegar hasta el \u00faltimo compa\u00f1ero y compa\u00f1era"},"content":{"rendered":"<p>Con el MPL venimos coordinando y participando de la campa\u00f1a de Todos en la Ciudad, que se acelera en estas \u00faltimas tres semanas antes de unas PASO y que ser\u00e1n una primera medici\u00f3n de fuerzas frente a Juntos por el Cambio.<\/p>\n<p>El viernes 12 participamos de la reuni\u00f3n en la que se present\u00f3 a Lammens como candidato a Jefe de Gobierno de la Ciudad y se transmitieron los lineamientos de campa\u00f1a nacional y local, exposici\u00f3n que qued\u00f3 a cargo de Mariano Recalde. As\u00ed, el s\u00e1bado 13 comenz\u00f3 en algunas comunas la distribuci\u00f3n de volantes. El mi\u00e9rcoles 17 participamos de la reuni\u00f3n de coordinaci\u00f3n de todas las fuerzas del frente con el Comando de Campa\u00f1a de la Ciudad y los responsables de los comandos de las Comunas.<\/p>\n<p>En definitiva ha quedado establecido como principal un eje nacional de campa\u00f1a que centra el golpe a la pol\u00edtica de Macri en el presente econ\u00f3mico que padecemos los trabajadores y el pueblo, y en ubicar a Todos como la unidad para salir de esto en favor del trabajo, la industria y la producci\u00f3n en base a reactivar el consumo popular. Se asume que ser\u00e1 una campa\u00f1a muy polarizada, donde amplios sectores ya tienen posici\u00f3n tomada y hay que disputar una franja que definir\u00e1 el resultado.<\/p>\n<p>Se remarc\u00f3 que \u201cTodos es lo opuesto a Juntos por el Cambio\u201d, que no es \u201cdistinto\u201d: es lo opuesto. Se remarc\u00f3 apuntando a una campa\u00f1a de confrontaci\u00f3n en la que habr\u00e1 roles y planos espec\u00edficos tambi\u00e9n, pero bajo un eje general del que no debemos corrernos. Tambi\u00e9n que el golpe principal a Larreta ser\u00e1 por ser de los principales sostenes del gobierno de Macri, lo que se grafica tambi\u00e9n en las consecuencias de esto sobre distrito. Que no debemos dar la elecci\u00f3n por ganada, ni presentarnos as\u00ed al debate.<\/p>\n<p>Tras un primer spot de Alberto Fern\u00e1ndez, que parec\u00eda poner demasiado en la diferenciaci\u00f3n con Cristina Fern\u00e1ndez de Kirchner alrededor de la conciliaci\u00f3n, la propia din\u00e1mica agresiva de la campa\u00f1a de Juntos por el Cambio mostr\u00f3 c\u00f3mo van a ser las cosas en estos meses. Y se pas\u00f3 a los spot con claro eje de confrontaci\u00f3n con el presente de crisis econ\u00f3mica, apuntando a \u201cPrender la econom\u00eda que Macri apag\u00f3\u201d en base a un triunfo de Todos.<\/p>\n<p>Desde el CR y el MPL coincidimos en que este es el eje principal de la campa\u00f1a y hemos producido material propio para trabajar junto al del frente. Es decir afiches y volantes con ese eje, fundamentando lo decisivo del voto esta elecci\u00f3n desde las PASO y la necesidad de ganar en primera vuelta el 27 de octubre. Tambi\u00e9n incluyendo el programa concreto, sintetizado en 12 puntos que propone el MPL para salir de la crisis.<\/p>\n<p>La reforma laboral y previsional, junto a lo antisindical, ha pasado a ser un n\u00facleo program\u00e1tico en la campa\u00f1a de Macri y Pichetto, junto con el pre-acuerdo de libre comercio con Europa, adem\u00e1s del propio pacto con el FMI, presentados como \u201ccondiciones para el desarrollo\u201d del proyecto exportador basado en Vaca Muera, la soja, lo agropecuario y el litio, para una \u201cArgentina integrada al mundo\u201d. Pichetto en la f\u00f3rmula pas\u00f3 a ser una pieza importante en la validaci\u00f3n de este proyecto. La adhesi\u00f3n de Adolfo R. Saa a la f\u00f3rmula de Juntos por el Cambio tambi\u00e9n. Tenemos que ubicar claramente el conjunto de esta ofensiva, y por lo tanto lo que se juega en esta elecci\u00f3n que tiene por lo tanto trascendencia hist\u00f3rica.<\/p>\n<h3>Organizamos y planificamos la campa\u00f1a<\/h3>\n<p>No puede quedar un solo compa\u00f1ero y compa\u00f1era sin hacer campa\u00f1a para derrotar a Macri y Pichetto. Tenemos que sumar a muchos m\u00e1s y crecer en esta lucha en estos meses. La contradicci\u00f3n principal en este per\u00edodo pol\u00edtico es la que enfrenta al gobierno de Macri y su reelecci\u00f3n por un lado y los intereses objetivos del pueblo por el otro. La acumulaci\u00f3n de fuerzas revolucionarias pasa principalmente ahora por resolver esta contradicci\u00f3n en favor del pueblo, derrotando a Juntos por el Cambio en las urnas el 27 de octubre.<\/p>\n<p>En las masas del pueblo existen un sector avanzado, uno intermedio y otro atrasado. Debemos apoyarnos en lo avanzado, volcar a lo intermedio y atraer lo m\u00e1s posible de lo atrasado, dentro de los que est\u00e1n sectores que vienen votando, ganados, o que por rechazo pueden caer para el voto a Juntos por el Cambio. Estos sectores no son el blanco, son la parte atrasada del pueblo que tenemos que lograr atraer, al menos una parte. Tambi\u00e9n debemos identificar nuestros puntos d\u00e9biles como frente y tratar de neutralizar los golpes es esos aspectos.<\/p>\n<p>En la reciente reuni\u00f3n de Comit\u00e9 Zonal pusimos a foco todo esto y dedicamos toda la jornada a ubicar esta tarea y a planificar en concreto c\u00f3mo ser\u00e1 la campa\u00f1a sobre los trabajadores del Subte como centro pol\u00edtico y todos los centros de ocupados en los que trabajamos, sobre las barriadas, sobre la universidad, los terciarios y algunas sectores de profesionales. Y como se va a involucrar a hasta el \u00faltimo compa\u00f1ero y compa\u00f1era en esto, definiendo responsables concretos, porque esto es lo principal. En esto el financiamiento de la campa\u00f1a, que es el eje de la Campa\u00f1a financiera del CR y del MPL este a\u00f1o.<\/p>\n<p>Para nosotros lo principal es el abordaje de m\u00e1s de una veintena de centros donde tenemos trabajo, coordinando con los comandos territoriales del frente, combinado tambi\u00e9n con campa\u00f1a y materiales propios. Hasta el \u00faltimo tiene que salir, sumar a otros y la direcci\u00f3n ponerse al frente d\u00eda y noche para desplegar toda la fuerza y en eso tambi\u00e9n crecer con el CR y el MPL, con un objetivo pol\u00edtico concreto: derrotar el 27 de octubre a Macri y Pichetto, y a Larreta en la Ciudad con el Frente de Todos.<\/p>\n<p style=\"text-align: right;\">Corresponsal<\/p>\n<!-- AddThis Advanced Settings generic via filter on the_content --><!-- AddThis Share Buttons generic via filter on the_content -->","protected":false},"excerpt":{"rendered":"<p>Con el MPL venimos coordinando y participando de la campa\u00f1a de Todos en la Ciudad, que se acelera en estas \u00faltimas tres semanas antes de unas PASO y que ser\u00e1n una primera medici\u00f3n de fuerzas frente a Juntos por el Cambio. El viernes 12 participamos de la reuni\u00f3n en la que se present\u00f3 a Lammens [&hellip;]<!-- AddThis Advanced Settings generic via filter on get_the_excerpt --><!-- AddThis Share Buttons generic via filter on get_the_excerpt --><\/p>\n","protected":false},"author":6,"featured_media":14157,"comment_status":"open","ping_status":"open","sticky":false,"template":"","format":"standard","meta":{"_jetpack_memberships_contains_paid_content":false,"footnotes":""},"categories":[1699],"tags":[45,520,1194,1355],"class_list":{"0":"post-14189","1":"post","2":"type-post","3":"status-publish","4":"format-standard","5":"has-post-thumbnail","7":"category-noticias","8":"tag-caba","9":"tag-destacado-2","10":"tag-elecciones-2019","11":"tag-vxl-145"},"yoast_head":"<!-- This site is optimized with the Yoast SEO plugin v27.4 - https:\/\/yoast.com\/product\/yoast-seo-wordpress\/ -->\n<title>Campa\u00f1a electoral en CABA: Desplegar hasta el \u00faltimo compa\u00f1ero y compa\u00f1era - Vamos por la Liberaci\u00f3n<\/title>\n<meta name=\"robots\" content=\"index, follow, max-snippet:-1, max-image-preview:large, max-video-preview:-1\" \/>\n<link rel=\"canonical\" href=\"http:\/\/vamosporlaliberacion.org\/crpmlm\/campana-electoral-en-caba-desplegar-hasta-el-ultimo-companero-y-companera\/\" \/>\n<meta name=\"twitter:label1\" content=\"Escrito por\" \/>\n\t<meta name=\"twitter:data1\" content=\"vamos!\" \/>\n\t<meta name=\"twitter:label2\" content=\"Tiempo de lectura\" \/>\n\t<meta name=\"twitter:data2\" content=\"5 minutos\" \/>\n<script type=\"application\/ld+json\" class=\"yoast-schema-graph\">{\"@context\":\"https:\\\/\\\/schema.org\",\"@graph\":[{\"@type\":\"Article\",\"@id\":\"http:\\\/\\\/vamosporlaliberacion.org\\\/crpmlm\\\/campana-electoral-en-caba-desplegar-hasta-el-ultimo-companero-y-companera\\\/#article\",\"isPartOf\":{\"@id\":\"http:\\\/\\\/vamosporlaliberacion.org\\\/crpmlm\\\/campana-electoral-en-caba-desplegar-hasta-el-ultimo-companero-y-companera\\\/\"},\"author\":{\"name\":\"vamos!\",\"@id\":\"https:\\\/\\\/vamosporlaliberacion.org\\\/crpmlm\\\/#\\\/schema\\\/person\\\/d6eac7758df3770dae9cd9eb104d615c\"},\"headline\":\"Campa\u00f1a electoral en CABA: Desplegar hasta el \u00faltimo compa\u00f1ero y compa\u00f1era\",\"datePublished\":\"2019-07-30T17:22:23+00:00\",\"mainEntityOfPage\":{\"@id\":\"http:\\\/\\\/vamosporlaliberacion.org\\\/crpmlm\\\/campana-electoral-en-caba-desplegar-hasta-el-ultimo-companero-y-companera\\\/\"},\"wordCount\":1049,\"commentCount\":0,\"image\":{\"@id\":\"http:\\\/\\\/vamosporlaliberacion.org\\\/crpmlm\\\/campana-electoral-en-caba-desplegar-hasta-el-ultimo-companero-y-companera\\\/#primaryimage\"},\"thumbnailUrl\":\"https:\\\/\\\/i0.wp.com\\\/vamosporlaliberacion.org\\\/crpmlm\\\/wp-content\\\/uploads\\\/2019\\\/07\\\/volantes-caba.jpg?fit=945%2C532&ssl=1\",\"keywords\":[\"CABA\",\"destacado 2\",\"elecciones 2019\",\"vxl 145\"],\"articleSection\":[\"Noticias\"],\"inLanguage\":\"es\",\"potentialAction\":[{\"@type\":\"CommentAction\",\"name\":\"Comment\",\"target\":[\"http:\\\/\\\/vamosporlaliberacion.org\\\/crpmlm\\\/campana-electoral-en-caba-desplegar-hasta-el-ultimo-companero-y-companera\\\/#respond\"]}]},{\"@type\":\"WebPage\",\"@id\":\"http:\\\/\\\/vamosporlaliberacion.org\\\/crpmlm\\\/campana-electoral-en-caba-desplegar-hasta-el-ultimo-companero-y-companera\\\/\",\"url\":\"http:\\\/\\\/vamosporlaliberacion.org\\\/crpmlm\\\/campana-electoral-en-caba-desplegar-hasta-el-ultimo-companero-y-companera\\\/\",\"name\":\"Campa\u00f1a electoral en CABA: Desplegar hasta el \u00faltimo compa\u00f1ero y compa\u00f1era - Vamos por la Liberaci\u00f3n\",\"isPartOf\":{\"@id\":\"https:\\\/\\\/vamosporlaliberacion.org\\\/crpmlm\\\/#website\"},\"primaryImageOfPage\":{\"@id\":\"http:\\\/\\\/vamosporlaliberacion.org\\\/crpmlm\\\/campana-electoral-en-caba-desplegar-hasta-el-ultimo-companero-y-companera\\\/#primaryimage\"},\"image\":{\"@id\":\"http:\\\/\\\/vamosporlaliberacion.org\\\/crpmlm\\\/campana-electoral-en-caba-desplegar-hasta-el-ultimo-companero-y-companera\\\/#primaryimage\"},\"thumbnailUrl\":\"https:\\\/\\\/i0.wp.com\\\/vamosporlaliberacion.org\\\/crpmlm\\\/wp-content\\\/uploads\\\/2019\\\/07\\\/volantes-caba.jpg?fit=945%2C532&ssl=1\",\"datePublished\":\"2019-07-30T17:22:23+00:00\",\"author\":{\"@id\":\"https:\\\/\\\/vamosporlaliberacion.org\\\/crpmlm\\\/#\\\/schema\\\/person\\\/d6eac7758df3770dae9cd9eb104d615c\"},\"breadcrumb\":{\"@id\":\"http:\\\/\\\/vamosporlaliberacion.org\\\/crpmlm\\\/campana-electoral-en-caba-desplegar-hasta-el-ultimo-companero-y-companera\\\/#breadcrumb\"},\"inLanguage\":\"es\",\"potentialAction\":[{\"@type\":\"ReadAction\",\"target\":[\"http:\\\/\\\/vamosporlaliberacion.org\\\/crpmlm\\\/campana-electoral-en-caba-desplegar-hasta-el-ultimo-companero-y-companera\\\/\"]}]},{\"@type\":\"ImageObject\",\"inLanguage\":\"es\",\"@id\":\"http:\\\/\\\/vamosporlaliberacion.org\\\/crpmlm\\\/campana-electoral-en-caba-desplegar-hasta-el-ultimo-companero-y-companera\\\/#primaryimage\",\"url\":\"https:\\\/\\\/i0.wp.com\\\/vamosporlaliberacion.org\\\/crpmlm\\\/wp-content\\\/uploads\\\/2019\\\/07\\\/volantes-caba.jpg?fit=945%2C532&ssl=1\",\"contentUrl\":\"https:\\\/\\\/i0.wp.com\\\/vamosporlaliberacion.org\\\/crpmlm\\\/wp-content\\\/uploads\\\/2019\\\/07\\\/volantes-caba.jpg?fit=945%2C532&ssl=1\",\"width\":945,\"height\":532},{\"@type\":\"BreadcrumbList\",\"@id\":\"http:\\\/\\\/vamosporlaliberacion.org\\\/crpmlm\\\/campana-electoral-en-caba-desplegar-hasta-el-ultimo-companero-y-companera\\\/#breadcrumb\",\"itemListElement\":[{\"@type\":\"ListItem\",\"position\":1,\"name\":\"Portada\",\"item\":\"https:\\\/\\\/vamosporlaliberacion.org\\\/crpmlm\\\/\"},{\"@type\":\"ListItem\",\"position\":2,\"name\":\"Campa\u00f1a electoral en CABA: Desplegar hasta el \u00faltimo compa\u00f1ero y compa\u00f1era\"}]},{\"@type\":\"WebSite\",\"@id\":\"https:\\\/\\\/vamosporlaliberacion.org\\\/crpmlm\\\/#website\",\"url\":\"https:\\\/\\\/vamosporlaliberacion.org\\\/crpmlm\\\/\",\"name\":\"Vamos por la Liberaci\u00f3n\",\"description\":\"Prensa CR\",\"potentialAction\":[{\"@type\":\"SearchAction\",\"target\":{\"@type\":\"EntryPoint\",\"urlTemplate\":\"https:\\\/\\\/vamosporlaliberacion.org\\\/crpmlm\\\/?s={search_term_string}\"},\"query-input\":{\"@type\":\"PropertyValueSpecification\",\"valueRequired\":true,\"valueName\":\"search_term_string\"}}],\"inLanguage\":\"es\"},{\"@type\":\"Person\",\"@id\":\"https:\\\/\\\/vamosporlaliberacion.org\\\/crpmlm\\\/#\\\/schema\\\/person\\\/d6eac7758df3770dae9cd9eb104d615c\",\"name\":\"vamos!\",\"url\":\"https:\\\/\\\/vamosporlaliberacion.org\\\/crpmlm\\\/author\\\/adminvxl\\\/\"}]}<\/script>\n<!-- \/ Yoast SEO plugin. -->","yoast_head_json":{"title":"Campa\u00f1a electoral en CABA: Desplegar hasta el \u00faltimo compa\u00f1ero y compa\u00f1era - Vamos por la Liberaci\u00f3n","robots":{"index":"index","follow":"follow","max-snippet":"max-snippet:-1","max-image-preview":"max-image-preview:large","max-video-preview":"max-video-preview:-1"},"canonical":"http:\/\/vamosporlaliberacion.org\/crpmlm\/campana-electoral-en-caba-desplegar-hasta-el-ultimo-companero-y-companera\/","twitter_misc":{"Escrito por":"vamos!","Tiempo de lectura":"5 minutos"},"schema":{"@context":"https:\/\/schema.org","@graph":[{"@type":"Article","@id":"http:\/\/vamosporlaliberacion.org\/crpmlm\/campana-electoral-en-caba-desplegar-hasta-el-ultimo-companero-y-companera\/#article","isPartOf":{"@id":"http:\/\/vamosporlaliberacion.org\/crpmlm\/campana-electoral-en-caba-desplegar-hasta-el-ultimo-companero-y-companera\/"},"author":{"name":"vamos!","@id":"https:\/\/vamosporlaliberacion.org\/crpmlm\/#\/schema\/person\/d6eac7758df3770dae9cd9eb104d615c"},"headline":"Campa\u00f1a electoral en CABA: Desplegar hasta el \u00faltimo compa\u00f1ero y compa\u00f1era","datePublished":"2019-07-30T17:22:23+00:00","mainEntityOfPage":{"@id":"http:\/\/vamosporlaliberacion.org\/crpmlm\/campana-electoral-en-caba-desplegar-hasta-el-ultimo-companero-y-companera\/"},"wordCount":1049,"commentCount":0,"image":{"@id":"http:\/\/vamosporlaliberacion.org\/crpmlm\/campana-electoral-en-caba-desplegar-hasta-el-ultimo-companero-y-companera\/#primaryimage"},"thumbnailUrl":"https:\/\/i0.wp.com\/vamosporlaliberacion.org\/crpmlm\/wp-content\/uploads\/2019\/07\/volantes-caba.jpg?fit=945%2C532&ssl=1","keywords":["CABA","destacado 2","elecciones 2019","vxl 145"],"articleSection":["Noticias"],"inLanguage":"es","potentialAction":[{"@type":"CommentAction","name":"Comment","target":["http:\/\/vamosporlaliberacion.org\/crpmlm\/campana-electoral-en-caba-desplegar-hasta-el-ultimo-companero-y-companera\/#respond"]}]},{"@type":"WebPage","@id":"http:\/\/vamosporlaliberacion.org\/crpmlm\/campana-electoral-en-caba-desplegar-hasta-el-ultimo-companero-y-companera\/","url":"http:\/\/vamosporlaliberacion.org\/crpmlm\/campana-electoral-en-caba-desplegar-hasta-el-ultimo-companero-y-companera\/","name":"Campa\u00f1a electoral en CABA: Desplegar hasta el \u00faltimo compa\u00f1ero y compa\u00f1era - Vamos por la Liberaci\u00f3n","isPartOf":{"@id":"https:\/\/vamosporlaliberacion.org\/crpmlm\/#website"},"primaryImageOfPage":{"@id":"http:\/\/vamosporlaliberacion.org\/crpmlm\/campana-electoral-en-caba-desplegar-hasta-el-ultimo-companero-y-companera\/#primaryimage"},"image":{"@id":"http:\/\/vamosporlaliberacion.org\/crpmlm\/campana-electoral-en-caba-desplegar-hasta-el-ultimo-companero-y-companera\/#primaryimage"},"thumbnailUrl":"https:\/\/i0.wp.com\/vamosporlaliberacion.org\/crpmlm\/wp-content\/uploads\/2019\/07\/volantes-caba.jpg?fit=945%2C532&ssl=1","datePublished":"2019-07-30T17:22:23+00:00","author":{"@id":"https:\/\/vamosporlaliberacion.org\/crpmlm\/#\/schema\/person\/d6eac7758df3770dae9cd9eb104d615c"},"breadcrumb":{"@id":"http:\/\/vamosporlaliberacion.org\/crpmlm\/campana-electoral-en-caba-desplegar-hasta-el-ultimo-companero-y-companera\/#breadcrumb"},"inLanguage":"es","potentialAction":[{"@type":"ReadAction","target":["http:\/\/vamosporlaliberacion.org\/crpmlm\/campana-electoral-en-caba-desplegar-hasta-el-ultimo-companero-y-companera\/"]}]},{"@type":"ImageObject","inLanguage":"es","@id":"http:\/\/vamosporlaliberacion.org\/crpmlm\/campana-electoral-en-caba-desplegar-hasta-el-ultimo-companero-y-companera\/#primaryimage","url":"https:\/\/i0.wp.com\/vamosporlaliberacion.org\/crpmlm\/wp-content\/uploads\/2019\/07\/volantes-caba.jpg?fit=945%2C532&ssl=1","contentUrl":"https:\/\/i0.wp.com\/vamosporlaliberacion.org\/crpmlm\/wp-content\/uploads\/2019\/07\/volantes-caba.jpg?fit=945%2C532&ssl=1","width":945,"height":532},{"@type":"BreadcrumbList","@id":"http:\/\/vamosporlaliberacion.org\/crpmlm\/campana-electoral-en-caba-desplegar-hasta-el-ultimo-companero-y-companera\/#breadcrumb","itemListElement":[{"@type":"ListItem","position":1,"name":"Portada","item":"https:\/\/vamosporlaliberacion.org\/crpmlm\/"},{"@type":"ListItem","position":2,"name":"Campa\u00f1a electoral en CABA: Desplegar hasta el \u00faltimo compa\u00f1ero y compa\u00f1era"}]},{"@type":"WebSite","@id":"https:\/\/vamosporlaliberacion.org\/crpmlm\/#website","url":"https:\/\/vamosporlaliberacion.org\/crpmlm\/","name":"Vamos por la Liberaci\u00f3n","description":"Prensa CR","potentialAction":[{"@type":"SearchAction","target":{"@type":"EntryPoint","urlTemplate":"https:\/\/vamosporlaliberacion.org\/crpmlm\/?s={search_term_string}"},"query-input":{"@type":"PropertyValueSpecification","valueRequired":true,"valueName":"search_term_string"}}],"inLanguage":"es"},{"@type":"Person","@id":"https:\/\/vamosporlaliberacion.org\/crpmlm\/#\/schema\/person\/d6eac7758df3770dae9cd9eb104d615c","name":"vamos!","url":"https:\/\/vamosporlaliberacion.org\/crpmlm\/author\/adminvxl\/"}]}},"jetpack_featured_media_url":"https:\/\/i0.wp.com\/vamosporlaliberacion.org\/crpmlm\/wp-content\/uploads\/2019\/07\/volantes-caba.jpg?fit=945%2C532&ssl=1","jetpack_sharing_enabled":true,"_links":{"self":[{"href":"https:\/\/vamosporlaliberacion.org\/crpmlm\/wp-json\/wp\/v2\/posts\/14189","targetHints":{"allow":["GET"]}}],"collection":[{"href":"https:\/\/vamosporlaliberacion.org\/crpmlm\/wp-json\/wp\/v2\/posts"}],"about":[{"href":"https:\/\/vamosporlaliberacion.org\/crpmlm\/wp-json\/wp\/v2\/types\/post"}],"author":[{"embeddable":true,"href":"https:\/\/vamosporlaliberacion.org\/crpmlm\/wp-json\/wp\/v2\/users\/6"}],"replies":[{"embeddable":true,"href":"https:\/\/vamosporlaliberacion.org\/crpmlm\/wp-json\/wp\/v2\/comments?post=14189"}],"version-history":[{"count":0,"href":"https:\/\/vamosporlaliberacion.org\/crpmlm\/wp-json\/wp\/v2\/posts\/14189\/revisions"}],"wp:featuredmedia":[{"embeddable":true,"href":"https:\/\/vamosporlaliberacion.org\/crpmlm\/wp-json\/wp\/v2\/media\/14157"}],"wp:attachment":[{"href":"https:\/\/vamosporlaliberacion.org\/crpmlm\/wp-json\/wp\/v2\/media?parent=14189"}],"wp:term":[{"taxonomy":"category","embeddable":true,"href":"https:\/\/vamosporlaliberacion.org\/crpmlm\/wp-json\/wp\/v2\/categories?post=14189"},{"taxonomy":"post_tag","embeddable":true,"href":"https:\/\/vamosporlaliberacion.org\/crpmlm\/wp-json\/wp\/v2\/tags?post=14189"}],"curies":[{"name":"wp","href":"https:\/\/api.w.org\/{rel}","templated":true}]}}