{"id":14088,"date":"2019-07-05T00:16:09","date_gmt":"2019-07-05T03:16:09","guid":{"rendered":"http:\/\/vamosporlaliberacion.org\/crpmlm\/?p=14088"},"modified":"2020-10-24T20:08:20","modified_gmt":"2020-10-24T23:08:20","slug":"no-quiero-un-sindicato-claudicante","status":"publish","type":"post","link":"https:\/\/vamosporlaliberacion.org\/crpmlm\/no-quiero-un-sindicato-claudicante\/","title":{"rendered":"\u201cNo quiero un sindicato claudicante\u201d"},"content":{"rendered":"\n<p>Entrevista a Dora Mart\u00ednez, candidata a secretaria general adjunta por la Lista Verde-P\u00farpura, que lleva a Pablo Micheli como candidato a secretario general.<\/p>\n\n\n\n<p><strong>\u2013\u00bfCu\u00e1l es la importancia de esta elecci\u00f3n de ATE?<\/strong><\/p>\n\n\n\n<p>\u2013Nos estamos planteando recuperar ATE. Porque entendemos que la actual conducci\u00f3n, encabezada por Godoy, ha dejado desdibujado un sindicato que no pelea ni por mejores aumentos salariales, no est\u00e1 discutiendo desde un modelo de Estado ni c\u00f3mo terminar con los despidos. De todos los despidos que fueron pasando en estos a\u00f1os de gobierno de Macri, han sido \u00ednfimos los que se han podido reincorporar, y fue gracias a la lucha de compa\u00f1eros y compa\u00f1eras. Pero la mayor\u00eda no ha sido reincorporado. Tampoco no trabaj\u00f3 para terminar con la precarizaci\u00f3n laboral: las diferentes modalidades de contrato que dejan expuesto a trabajadoras y trabajadores, a que el Estado ni siquiera se sienta a discutir por qu\u00e9 no va a continuar renovando planta de trabajadores. (\u2026) Tampoco se han dado una pol\u00edtica de construcci\u00f3n de mayores grados de unidad de la clase trabajadora con otros sindicatos y centrales. (\u2026) Y nosotros, porque somos parte de la CTA Aut\u00f3noma, desde el d\u00eda siguiente de la asunci\u00f3n de la asunci\u00f3n de este gobierno de derecha y antipopular, hemos ido a buscar a los compa\u00f1eros y compa\u00f1eras de las otras organizaciones, CGT o CTA que encabeza Yasky, para construir mayores grados de unidad para enfrentar este modelo.<\/p>\n\n\n\n<p><strong>\u2013\u00bfC\u00f3mo ves el especial ensa\u00f1amiento del gobierno contra los estatales?<\/strong><\/p>\n\n\n\n<p>\u2013Yo soy trabajadora de salud p\u00fablica en un hospital de la ciudad desde hace 41 a\u00f1os. He pasado algunas gestiones de gobierno. Y a Macri lo hemos padecido ocho a\u00f1os, antes de que fuese presidente. Creo que es el mismo ensa\u00f1amiento que tuvo con los trabajadores de la Ciudad, de cercenar pol\u00edticas p\u00fablicas. Ha desfinanciado totalmente el sistema p\u00fablico en la Ciudad. Muchos ya previmos el desguace del Estado nacional con el famoso ministerio de Modernizaci\u00f3n, esa superestructura que inventan para ajustar y despedir. Lo traslada de la Ciudad y lo instalan a nivel nacional. Cumple el mismo rol de control, de persecuci\u00f3n hacia los trabajadores y trabajadoras, ni que hablar de los cuerpos de delegados. Para discutir una paritaria o un convenio o una carrera ten\u00e9s que ser af\u00edn, porque si no te llaman para firmar, cuesti\u00f3n que ATE Capital ha rechazado permanentemente. Ha expuesto permanentemente por qu\u00e9 no firma esos acuerdos salariales a la baja y en cuotas. En cambio, ATE Nacional, si bien no se presenta a firmar, tampoco dice nada. Creo que nacionalmente ha hecho lo mismo que en la cuidad con mucha m\u00e1s crueldad, porque va acompa\u00f1ado con tarifazos, con el desfinanciamiento del aparato productivo nacional, abriendo las puertas a toda la importaci\u00f3n, cayendo un mont\u00f3n de pymes y trabajadores de ese sector. Ellos dicen el Estado est\u00e1 sobredimensionado. Mentira, porque ellos usan al Estado pero para lo contrario. Nosotros queremos recuperar el sindicato porque queremos poner en la agenda del pr\u00f3ximo gobierno la discusi\u00f3n del Estado como herramienta, no asistencialista, sino para liberar y construir derechos.<\/p>\n\n\n\n<p><strong>\u2013No se logr\u00f3 una lista unitaria\u2026<\/strong><\/p>\n\n\n\n<p>\u2013Nosotros hemos tenidos todas las puertas abiertas para lograr con los compa\u00f1eros y compa\u00f1eras de la Verde y Blanca hacer una lista de unidad porque entend\u00edamos, ambos espacios, que hay que recuperar, decimos nosotros. Ellos hablan de refundar. Es una discusi\u00f3n filos\u00f3fica pero no vale al caso ahora. (\u2026) Me parece que unidos hubiese sido mejor. <\/p>\n\n\n\n<p><strong>\u2013\u00bfC\u00f3mo analiz\u00e1s el rol de las mujeres en ATE?<\/strong><\/p>\n\n\n\n<p>\u2013Yo sinceramente, en medio de ser delegada en el sector, desde que recuperamos el sindicato fui teniendo una militancia tambi\u00e9n perif\u00e9rica al sindicato desde mi apropiaci\u00f3n de la construcci\u00f3n de feminismo. Soy una de las compa\u00f1eras de que trabaj\u00f3 por dar una batalla cultural con respecto al rol que tenemos las mujeres, que somos mayor\u00eda en ATE. Todav\u00eda est\u00e1 pendiente que se visibilice y se vea realmente en la confecci\u00f3n de listas el reconocimiento hacia todas las compa\u00f1eras, en todo el pa\u00eds. Hay un grado de ebullici\u00f3n muy fuerte hacia adentro de ATE. Incluso estamos planteando el 50% y 50% para en el caso de ganar hacer la reforma estatutaria. Y hay un gran activismo de las mujeres. Vengo recorriendo las provincias, y vemos muchas compa\u00f1eras que est\u00e1n muy alentadas, trabajando para recuperar ATE y para plasmar no s\u00f3lo de chamuyo el tema del rol de las mujeres, sino en la realidad. Nuestra lista tiene muchas compa\u00f1eras que van de candidatas a secretaria general en las provincias.<\/p>\n\n\n\n<p><strong>\u2013\u00bfAlgo m\u00e1s?<\/strong><\/p>\n\n\n\n<p>\u2013En esta apuesta que estamos haciendo de recuperar ATE, estamos militando con fuerza el pa\u00eds. Porque no quiero un sindicato claudicante. Quiero un sindicato que realmente sea la voz y lleve la lucha que necesitamos para la clase trabajadora estatal. <\/p>\n<!-- AddThis Advanced Settings generic via filter on the_content --><!-- AddThis Share Buttons generic via filter on the_content -->","protected":false},"excerpt":{"rendered":"<p>Entrevista a Dora Mart\u00ednez, candidata a secretaria general adjunta por la Lista Verde-P\u00farpura, que lleva a Pablo Micheli como candidato a secretario general. \u2013\u00bfCu\u00e1l es la importancia de esta elecci\u00f3n de ATE? \u2013Nos estamos planteando recuperar ATE. Porque entendemos que la actual conducci\u00f3n, encabezada por Godoy, ha dejado desdibujado un sindicato que no pelea ni [&hellip;]<!-- AddThis Advanced Settings generic via filter on get_the_excerpt --><!-- AddThis Share Buttons generic via filter on get_the_excerpt --><\/p>\n","protected":false},"author":6,"featured_media":14023,"comment_status":"open","ping_status":"open","sticky":false,"template":"","format":"standard","meta":{"_jetpack_memberships_contains_paid_content":false,"footnotes":""},"categories":[1877],"tags":[35,1333],"class_list":{"0":"post-14088","1":"post","2":"type-post","3":"status-publish","4":"format-standard","5":"has-post-thumbnail","7":"category-gremiales","8":"tag-ate","9":"tag-vxl-144"},"yoast_head":"<!-- This site is optimized with the Yoast SEO plugin v27.4 - https:\/\/yoast.com\/product\/yoast-seo-wordpress\/ -->\n<title>\u201cNo quiero un sindicato claudicante\u201d - Vamos por la Liberaci\u00f3n<\/title>\n<meta name=\"robots\" content=\"index, follow, max-snippet:-1, max-image-preview:large, max-video-preview:-1\" \/>\n<link rel=\"canonical\" href=\"https:\/\/vamosporlaliberacion.org\/crpmlm\/no-quiero-un-sindicato-claudicante\/\" \/>\n<meta name=\"twitter:label1\" content=\"Escrito por\" \/>\n\t<meta name=\"twitter:data1\" content=\"vamos!\" \/>\n\t<meta name=\"twitter:label2\" content=\"Tiempo de lectura\" \/>\n\t<meta name=\"twitter:data2\" content=\"4 minutos\" \/>\n<script type=\"application\/ld+json\" class=\"yoast-schema-graph\">{\"@context\":\"https:\\\/\\\/schema.org\",\"@graph\":[{\"@type\":\"Article\",\"@id\":\"https:\\\/\\\/vamosporlaliberacion.org\\\/crpmlm\\\/no-quiero-un-sindicato-claudicante\\\/#article\",\"isPartOf\":{\"@id\":\"https:\\\/\\\/vamosporlaliberacion.org\\\/crpmlm\\\/no-quiero-un-sindicato-claudicante\\\/\"},\"author\":{\"name\":\"vamos!\",\"@id\":\"https:\\\/\\\/vamosporlaliberacion.org\\\/crpmlm\\\/#\\\/schema\\\/person\\\/d6eac7758df3770dae9cd9eb104d615c\"},\"headline\":\"\u201cNo quiero un sindicato claudicante\u201d\",\"datePublished\":\"2019-07-05T03:16:09+00:00\",\"dateModified\":\"2020-10-24T23:08:20+00:00\",\"mainEntityOfPage\":{\"@id\":\"https:\\\/\\\/vamosporlaliberacion.org\\\/crpmlm\\\/no-quiero-un-sindicato-claudicante\\\/\"},\"wordCount\":847,\"commentCount\":0,\"image\":{\"@id\":\"https:\\\/\\\/vamosporlaliberacion.org\\\/crpmlm\\\/no-quiero-un-sindicato-claudicante\\\/#primaryimage\"},\"thumbnailUrl\":\"https:\\\/\\\/i0.wp.com\\\/vamosporlaliberacion.org\\\/crpmlm\\\/wp-content\\\/uploads\\\/2019\\\/07\\\/15885.jpg?fit=963%2C776&ssl=1\",\"keywords\":[\"ATE\",\"vxl 144\"],\"articleSection\":[\"Actualidad e historia del movimiento obrero\"],\"inLanguage\":\"es\",\"potentialAction\":[{\"@type\":\"CommentAction\",\"name\":\"Comment\",\"target\":[\"https:\\\/\\\/vamosporlaliberacion.org\\\/crpmlm\\\/no-quiero-un-sindicato-claudicante\\\/#respond\"]}]},{\"@type\":\"WebPage\",\"@id\":\"https:\\\/\\\/vamosporlaliberacion.org\\\/crpmlm\\\/no-quiero-un-sindicato-claudicante\\\/\",\"url\":\"https:\\\/\\\/vamosporlaliberacion.org\\\/crpmlm\\\/no-quiero-un-sindicato-claudicante\\\/\",\"name\":\"\u201cNo quiero un sindicato claudicante\u201d - Vamos por la Liberaci\u00f3n\",\"isPartOf\":{\"@id\":\"https:\\\/\\\/vamosporlaliberacion.org\\\/crpmlm\\\/#website\"},\"primaryImageOfPage\":{\"@id\":\"https:\\\/\\\/vamosporlaliberacion.org\\\/crpmlm\\\/no-quiero-un-sindicato-claudicante\\\/#primaryimage\"},\"image\":{\"@id\":\"https:\\\/\\\/vamosporlaliberacion.org\\\/crpmlm\\\/no-quiero-un-sindicato-claudicante\\\/#primaryimage\"},\"thumbnailUrl\":\"https:\\\/\\\/i0.wp.com\\\/vamosporlaliberacion.org\\\/crpmlm\\\/wp-content\\\/uploads\\\/2019\\\/07\\\/15885.jpg?fit=963%2C776&ssl=1\",\"datePublished\":\"2019-07-05T03:16:09+00:00\",\"dateModified\":\"2020-10-24T23:08:20+00:00\",\"author\":{\"@id\":\"https:\\\/\\\/vamosporlaliberacion.org\\\/crpmlm\\\/#\\\/schema\\\/person\\\/d6eac7758df3770dae9cd9eb104d615c\"},\"breadcrumb\":{\"@id\":\"https:\\\/\\\/vamosporlaliberacion.org\\\/crpmlm\\\/no-quiero-un-sindicato-claudicante\\\/#breadcrumb\"},\"inLanguage\":\"es\",\"potentialAction\":[{\"@type\":\"ReadAction\",\"target\":[\"https:\\\/\\\/vamosporlaliberacion.org\\\/crpmlm\\\/no-quiero-un-sindicato-claudicante\\\/\"]}]},{\"@type\":\"ImageObject\",\"inLanguage\":\"es\",\"@id\":\"https:\\\/\\\/vamosporlaliberacion.org\\\/crpmlm\\\/no-quiero-un-sindicato-claudicante\\\/#primaryimage\",\"url\":\"https:\\\/\\\/i0.wp.com\\\/vamosporlaliberacion.org\\\/crpmlm\\\/wp-content\\\/uploads\\\/2019\\\/07\\\/15885.jpg?fit=963%2C776&ssl=1\",\"contentUrl\":\"https:\\\/\\\/i0.wp.com\\\/vamosporlaliberacion.org\\\/crpmlm\\\/wp-content\\\/uploads\\\/2019\\\/07\\\/15885.jpg?fit=963%2C776&ssl=1\",\"width\":963,\"height\":776},{\"@type\":\"BreadcrumbList\",\"@id\":\"https:\\\/\\\/vamosporlaliberacion.org\\\/crpmlm\\\/no-quiero-un-sindicato-claudicante\\\/#breadcrumb\",\"itemListElement\":[{\"@type\":\"ListItem\",\"position\":1,\"name\":\"Portada\",\"item\":\"https:\\\/\\\/vamosporlaliberacion.org\\\/crpmlm\\\/\"},{\"@type\":\"ListItem\",\"position\":2,\"name\":\"\u201cNo quiero un sindicato claudicante\u201d\"}]},{\"@type\":\"WebSite\",\"@id\":\"https:\\\/\\\/vamosporlaliberacion.org\\\/crpmlm\\\/#website\",\"url\":\"https:\\\/\\\/vamosporlaliberacion.org\\\/crpmlm\\\/\",\"name\":\"Vamos por la Liberaci\u00f3n\",\"description\":\"Prensa CR\",\"potentialAction\":[{\"@type\":\"SearchAction\",\"target\":{\"@type\":\"EntryPoint\",\"urlTemplate\":\"https:\\\/\\\/vamosporlaliberacion.org\\\/crpmlm\\\/?s={search_term_string}\"},\"query-input\":{\"@type\":\"PropertyValueSpecification\",\"valueRequired\":true,\"valueName\":\"search_term_string\"}}],\"inLanguage\":\"es\"},{\"@type\":\"Person\",\"@id\":\"https:\\\/\\\/vamosporlaliberacion.org\\\/crpmlm\\\/#\\\/schema\\\/person\\\/d6eac7758df3770dae9cd9eb104d615c\",\"name\":\"vamos!\",\"url\":\"https:\\\/\\\/vamosporlaliberacion.org\\\/crpmlm\\\/author\\\/adminvxl\\\/\"}]}<\/script>\n<!-- \/ Yoast SEO plugin. -->","yoast_head_json":{"title":"\u201cNo quiero un sindicato claudicante\u201d - Vamos por la Liberaci\u00f3n","robots":{"index":"index","follow":"follow","max-snippet":"max-snippet:-1","max-image-preview":"max-image-preview:large","max-video-preview":"max-video-preview:-1"},"canonical":"https:\/\/vamosporlaliberacion.org\/crpmlm\/no-quiero-un-sindicato-claudicante\/","twitter_misc":{"Escrito por":"vamos!","Tiempo de lectura":"4 minutos"},"schema":{"@context":"https:\/\/schema.org","@graph":[{"@type":"Article","@id":"https:\/\/vamosporlaliberacion.org\/crpmlm\/no-quiero-un-sindicato-claudicante\/#article","isPartOf":{"@id":"https:\/\/vamosporlaliberacion.org\/crpmlm\/no-quiero-un-sindicato-claudicante\/"},"author":{"name":"vamos!","@id":"https:\/\/vamosporlaliberacion.org\/crpmlm\/#\/schema\/person\/d6eac7758df3770dae9cd9eb104d615c"},"headline":"\u201cNo quiero un sindicato claudicante\u201d","datePublished":"2019-07-05T03:16:09+00:00","dateModified":"2020-10-24T23:08:20+00:00","mainEntityOfPage":{"@id":"https:\/\/vamosporlaliberacion.org\/crpmlm\/no-quiero-un-sindicato-claudicante\/"},"wordCount":847,"commentCount":0,"image":{"@id":"https:\/\/vamosporlaliberacion.org\/crpmlm\/no-quiero-un-sindicato-claudicante\/#primaryimage"},"thumbnailUrl":"https:\/\/i0.wp.com\/vamosporlaliberacion.org\/crpmlm\/wp-content\/uploads\/2019\/07\/15885.jpg?fit=963%2C776&ssl=1","keywords":["ATE","vxl 144"],"articleSection":["Actualidad e historia del movimiento obrero"],"inLanguage":"es","potentialAction":[{"@type":"CommentAction","name":"Comment","target":["https:\/\/vamosporlaliberacion.org\/crpmlm\/no-quiero-un-sindicato-claudicante\/#respond"]}]},{"@type":"WebPage","@id":"https:\/\/vamosporlaliberacion.org\/crpmlm\/no-quiero-un-sindicato-claudicante\/","url":"https:\/\/vamosporlaliberacion.org\/crpmlm\/no-quiero-un-sindicato-claudicante\/","name":"\u201cNo quiero un sindicato claudicante\u201d - Vamos por la Liberaci\u00f3n","isPartOf":{"@id":"https:\/\/vamosporlaliberacion.org\/crpmlm\/#website"},"primaryImageOfPage":{"@id":"https:\/\/vamosporlaliberacion.org\/crpmlm\/no-quiero-un-sindicato-claudicante\/#primaryimage"},"image":{"@id":"https:\/\/vamosporlaliberacion.org\/crpmlm\/no-quiero-un-sindicato-claudicante\/#primaryimage"},"thumbnailUrl":"https:\/\/i0.wp.com\/vamosporlaliberacion.org\/crpmlm\/wp-content\/uploads\/2019\/07\/15885.jpg?fit=963%2C776&ssl=1","datePublished":"2019-07-05T03:16:09+00:00","dateModified":"2020-10-24T23:08:20+00:00","author":{"@id":"https:\/\/vamosporlaliberacion.org\/crpmlm\/#\/schema\/person\/d6eac7758df3770dae9cd9eb104d615c"},"breadcrumb":{"@id":"https:\/\/vamosporlaliberacion.org\/crpmlm\/no-quiero-un-sindicato-claudicante\/#breadcrumb"},"inLanguage":"es","potentialAction":[{"@type":"ReadAction","target":["https:\/\/vamosporlaliberacion.org\/crpmlm\/no-quiero-un-sindicato-claudicante\/"]}]},{"@type":"ImageObject","inLanguage":"es","@id":"https:\/\/vamosporlaliberacion.org\/crpmlm\/no-quiero-un-sindicato-claudicante\/#primaryimage","url":"https:\/\/i0.wp.com\/vamosporlaliberacion.org\/crpmlm\/wp-content\/uploads\/2019\/07\/15885.jpg?fit=963%2C776&ssl=1","contentUrl":"https:\/\/i0.wp.com\/vamosporlaliberacion.org\/crpmlm\/wp-content\/uploads\/2019\/07\/15885.jpg?fit=963%2C776&ssl=1","width":963,"height":776},{"@type":"BreadcrumbList","@id":"https:\/\/vamosporlaliberacion.org\/crpmlm\/no-quiero-un-sindicato-claudicante\/#breadcrumb","itemListElement":[{"@type":"ListItem","position":1,"name":"Portada","item":"https:\/\/vamosporlaliberacion.org\/crpmlm\/"},{"@type":"ListItem","position":2,"name":"\u201cNo quiero un sindicato claudicante\u201d"}]},{"@type":"WebSite","@id":"https:\/\/vamosporlaliberacion.org\/crpmlm\/#website","url":"https:\/\/vamosporlaliberacion.org\/crpmlm\/","name":"Vamos por la Liberaci\u00f3n","description":"Prensa CR","potentialAction":[{"@type":"SearchAction","target":{"@type":"EntryPoint","urlTemplate":"https:\/\/vamosporlaliberacion.org\/crpmlm\/?s={search_term_string}"},"query-input":{"@type":"PropertyValueSpecification","valueRequired":true,"valueName":"search_term_string"}}],"inLanguage":"es"},{"@type":"Person","@id":"https:\/\/vamosporlaliberacion.org\/crpmlm\/#\/schema\/person\/d6eac7758df3770dae9cd9eb104d615c","name":"vamos!","url":"https:\/\/vamosporlaliberacion.org\/crpmlm\/author\/adminvxl\/"}]}},"jetpack_featured_media_url":"https:\/\/i0.wp.com\/vamosporlaliberacion.org\/crpmlm\/wp-content\/uploads\/2019\/07\/15885.jpg?fit=963%2C776&ssl=1","jetpack_sharing_enabled":true,"_links":{"self":[{"href":"https:\/\/vamosporlaliberacion.org\/crpmlm\/wp-json\/wp\/v2\/posts\/14088","targetHints":{"allow":["GET"]}}],"collection":[{"href":"https:\/\/vamosporlaliberacion.org\/crpmlm\/wp-json\/wp\/v2\/posts"}],"about":[{"href":"https:\/\/vamosporlaliberacion.org\/crpmlm\/wp-json\/wp\/v2\/types\/post"}],"author":[{"embeddable":true,"href":"https:\/\/vamosporlaliberacion.org\/crpmlm\/wp-json\/wp\/v2\/users\/6"}],"replies":[{"embeddable":true,"href":"https:\/\/vamosporlaliberacion.org\/crpmlm\/wp-json\/wp\/v2\/comments?post=14088"}],"version-history":[{"count":1,"href":"https:\/\/vamosporlaliberacion.org\/crpmlm\/wp-json\/wp\/v2\/posts\/14088\/revisions"}],"predecessor-version":[{"id":20434,"href":"https:\/\/vamosporlaliberacion.org\/crpmlm\/wp-json\/wp\/v2\/posts\/14088\/revisions\/20434"}],"wp:featuredmedia":[{"embeddable":true,"href":"https:\/\/vamosporlaliberacion.org\/crpmlm\/wp-json\/wp\/v2\/media\/14023"}],"wp:attachment":[{"href":"https:\/\/vamosporlaliberacion.org\/crpmlm\/wp-json\/wp\/v2\/media?parent=14088"}],"wp:term":[{"taxonomy":"category","embeddable":true,"href":"https:\/\/vamosporlaliberacion.org\/crpmlm\/wp-json\/wp\/v2\/categories?post=14088"},{"taxonomy":"post_tag","embeddable":true,"href":"https:\/\/vamosporlaliberacion.org\/crpmlm\/wp-json\/wp\/v2\/tags?post=14088"}],"curies":[{"name":"wp","href":"https:\/\/api.w.org\/{rel}","templated":true}]}}