{"id":14075,"date":"2019-07-04T01:18:18","date_gmt":"2019-07-04T04:18:18","guid":{"rendered":"http:\/\/vamosporlaliberacion.org\/crpmlm\/?p=14075"},"modified":"2019-07-04T23:56:42","modified_gmt":"2019-07-05T02:56:42","slug":"ademas-de-entreguista-es-ilegal","status":"publish","type":"post","link":"https:\/\/vamosporlaliberacion.org\/crpmlm\/ademas-de-entreguista-es-ilegal\/","title":{"rendered":"Pacto Macri-FMI: Adem\u00e1s de entreguista, ilegal"},"content":{"rendered":"\n<p>El pacto del gobierno con el FMI no s\u00f3lo subordina nuestras pol\u00edticas econ\u00f3micas a su aprobaci\u00f3n por este organismo, sino que adem\u00e1s es ilegal. Previamente ya hab\u00eda sido mencionado el hecho de que un pacto-acuerdo de esta magnitud no pod\u00eda ser v\u00e1lido sin la aprobaci\u00f3n del Congreso. La novedad, que introdujo Alberto Fern\u00e1ndez en su comunicado tras la reuni\u00f3n con funcionarios del organismo, es que el acuerdo tambi\u00e9n contradice las normativas del propio organismo (constituido por la asociaci\u00f3n de un conjunto de Estados, entre los que incluso est\u00e1 Argentina). En particular, se\u00f1al\u00f3 el art\u00edculo VI del Acta Constitutiva del FMI que precisa que \u201cning\u00fan miembro podr\u00e1 utilizar los recursos generales del Fondo para hacer frente a una salida considerable o continua de capital\u201d.<\/p>\n\n\n\n<p>Las cifras que demuestran esta ilegalidad (vista ahora incluso desde el propio FMI) son bastante conocidas: El cr\u00e9dito otorgado por el FMI a la Argentina suma unos 57 mil millones de d\u00f3lares, que representa el 65% del total de lo que ha prestado este organismo. Por otra parte, del cr\u00e9dito otorgado, ya han sido desembolsados hacia nuestro pa\u00eds unos 39 mil millones de d\u00f3lares, en cuatro desembolsos (ver infograf\u00eda). Es decir: el FMI ha realizado una cantidad \u201cconsiderable\u201d y \u201ccontinua\u201d de d\u00f3lares a nuestro pa\u00eds.<\/p>\n\n\n\n<figure class=\"wp-block-image\"><img data-recalc-dims=\"1\" loading=\"lazy\" decoding=\"async\" width=\"696\" height=\"275\" src=\"https:\/\/i0.wp.com\/vamosporlaliberacion.org\/crpmlm\/wp-content\/uploads\/2019\/07\/Cronolog%C3%ADa-FMI-Macri-2018-700x277.jpg?resize=696%2C275\" alt=\"\" class=\"wp-image-14081\" srcset=\"https:\/\/i0.wp.com\/vamosporlaliberacion.org\/crpmlm\/wp-content\/uploads\/2019\/07\/Cronolog%C3%ADa-FMI-Macri-2018.jpg?resize=700%2C277&amp;ssl=1 700w, https:\/\/i0.wp.com\/vamosporlaliberacion.org\/crpmlm\/wp-content\/uploads\/2019\/07\/Cronolog%C3%ADa-FMI-Macri-2018.jpg?resize=300%2C119&amp;ssl=1 300w, https:\/\/i0.wp.com\/vamosporlaliberacion.org\/crpmlm\/wp-content\/uploads\/2019\/07\/Cronolog%C3%ADa-FMI-Macri-2018.jpg?resize=768%2C304&amp;ssl=1 768w, https:\/\/i0.wp.com\/vamosporlaliberacion.org\/crpmlm\/wp-content\/uploads\/2019\/07\/Cronolog%C3%ADa-FMI-Macri-2018.jpg?resize=696%2C276&amp;ssl=1 696w, https:\/\/i0.wp.com\/vamosporlaliberacion.org\/crpmlm\/wp-content\/uploads\/2019\/07\/Cronolog%C3%ADa-FMI-Macri-2018.jpg?resize=1068%2C423&amp;ssl=1 1068w, https:\/\/i0.wp.com\/vamosporlaliberacion.org\/crpmlm\/wp-content\/uploads\/2019\/07\/Cronolog%C3%ADa-FMI-Macri-2018.jpg?resize=1061%2C420&amp;ssl=1 1061w, https:\/\/i0.wp.com\/vamosporlaliberacion.org\/crpmlm\/wp-content\/uploads\/2019\/07\/Cronolog%C3%ADa-FMI-Macri-2018.jpg?w=1152&amp;ssl=1 1152w\" sizes=\"auto, (max-width: 696px) 100vw, 696px\" \/><\/figure>\n\n\n\n<div class=\"wp-block-image\"><figure class=\"alignleft\"><img data-recalc-dims=\"1\" loading=\"lazy\" decoding=\"async\" width=\"300\" height=\"276\" src=\"https:\/\/i0.wp.com\/vamosporlaliberacion.org\/crpmlm\/wp-content\/uploads\/2019\/07\/Cronolog%C3%ADia-FMI-Macri-2019-300x276.jpg?resize=300%2C276\" alt=\"\" class=\"wp-image-14082\" srcset=\"https:\/\/i0.wp.com\/vamosporlaliberacion.org\/crpmlm\/wp-content\/uploads\/2019\/07\/Cronolog%C3%ADia-FMI-Macri-2019.jpg?resize=300%2C276&amp;ssl=1 300w, https:\/\/i0.wp.com\/vamosporlaliberacion.org\/crpmlm\/wp-content\/uploads\/2019\/07\/Cronolog%C3%ADia-FMI-Macri-2019.jpg?resize=456%2C420&amp;ssl=1 456w, https:\/\/i0.wp.com\/vamosporlaliberacion.org\/crpmlm\/wp-content\/uploads\/2019\/07\/Cronolog%C3%ADia-FMI-Macri-2019.jpg?w=495&amp;ssl=1 495w\" sizes=\"auto, (max-width: 300px) 100vw, 300px\" \/><\/figure><\/div>\n\n\n\n<p>Por otra parte, esta cifra equivale a la fuga de divisas que salieron de nuestro sistema financiero desde enero de 2018 hasta marzo de 2019 en calidad de Formaci\u00f3n de Activos Externos (24.772 millones de d\u00f3lares) y pago de intereses de deuda externa (15.522 millones), totalizando 40.294 millones de d\u00f3lares seg\u00fan los datos del INDEC. A esto podr\u00edamos sumar, adem\u00e1s, la fuga por pago de capital de deuda externa (6.583 millones de d\u00f3lares en este mismo per\u00edodo), que se han cubierto con otros endeudamientos. Es decir: la plata del FMI solo ha servido para que Argentina encubra o no caiga inmediatamente en default, y garantice la fuga. <\/p>\n\n\n\n<p>Mientras tanto, la inflaci\u00f3n alcanz\u00f3 un 47,6% en 2018. El PBI cay\u00f3 un 2,5% en 2018 y otro 0,2% en el primer trimestre del a\u00f1o. La pobreza alcanz\u00f3 al 47% de los ni\u00f1os. La industria est\u00e1 en una de sus peores crisis. La deuda p\u00fablica sigue creciendo a montos impagables. Y la direcci\u00f3n del FMI sigue con los desembolsos aun cuando no se cumple ninguno de los supuestos objetivos econ\u00f3micos: parar la inflaci\u00f3n, reactivar la econom\u00eda, bajar el d\u00e9ficit fiscal.<\/p>\n\n\n\n<p>Si la Argentina deja de pagar deuda y fuga con la desocupaci\u00f3n y el hambre del pueblo, el propio FMI quedar\u00e1 en una fr\u00e1gil situaci\u00f3n. \u00bfPor qu\u00e9 su titular Christine Lagarde apost\u00f3 tanto? Naturalmente que para sostener al actual presidente Macri, tan complaciente con EEUU. Pero tambi\u00e9n mirando la disputa regional y la elecci\u00f3n que elegir\u00eda a Jair Bolsonaro como presidente brasilero. Ahora, nos toca a los argentinos poner fin a este gobierno para terminar con este calvario. <\/p>\n<!-- AddThis Advanced Settings generic via filter on the_content --><!-- AddThis Share Buttons generic via filter on the_content -->","protected":false},"excerpt":{"rendered":"<p>El pacto del gobierno con el FMI no s\u00f3lo subordina nuestras pol\u00edticas econ\u00f3micas a su aprobaci\u00f3n por este organismo, sino que adem\u00e1s es ilegal. Previamente ya hab\u00eda sido mencionado el hecho de que un pacto-acuerdo de esta magnitud no pod\u00eda ser v\u00e1lido sin la aprobaci\u00f3n del Congreso. La novedad, que introdujo Alberto Fern\u00e1ndez en su [&hellip;]<!-- AddThis Advanced Settings generic via filter on get_the_excerpt --><!-- AddThis Share Buttons generic via filter on get_the_excerpt --><\/p>\n","protected":false},"author":7,"featured_media":14084,"comment_status":"open","ping_status":"open","sticky":false,"template":"","format":"standard","meta":{"_jetpack_memberships_contains_paid_content":false,"footnotes":""},"categories":[1699],"tags":[521,1066,1333],"class_list":{"0":"post-14075","1":"post","2":"type-post","3":"status-publish","4":"format-standard","5":"has-post-thumbnail","7":"category-noticias","8":"tag-destacado-1","9":"tag-fmi","10":"tag-vxl-144"},"yoast_head":"<!-- This site is optimized with the Yoast SEO plugin v27.4 - https:\/\/yoast.com\/product\/yoast-seo-wordpress\/ -->\n<title>Pacto Macri-FMI: Adem\u00e1s de entreguista, ilegal - Vamos por la Liberaci\u00f3n<\/title>\n<meta name=\"robots\" content=\"index, follow, max-snippet:-1, max-image-preview:large, max-video-preview:-1\" \/>\n<link rel=\"canonical\" href=\"http:\/\/vamosporlaliberacion.org\/crpmlm\/ademas-de-entreguista-es-ilegal\/\" \/>\n<meta name=\"twitter:label1\" content=\"Escrito por\" \/>\n\t<meta name=\"twitter:data1\" content=\"\" \/>\n\t<meta name=\"twitter:label2\" content=\"Tiempo de lectura\" \/>\n\t<meta name=\"twitter:data2\" content=\"3 minutos\" \/>\n<script type=\"application\/ld+json\" class=\"yoast-schema-graph\">{\"@context\":\"https:\\\/\\\/schema.org\",\"@graph\":[{\"@type\":\"Article\",\"@id\":\"http:\\\/\\\/vamosporlaliberacion.org\\\/crpmlm\\\/ademas-de-entreguista-es-ilegal\\\/#article\",\"isPartOf\":{\"@id\":\"http:\\\/\\\/vamosporlaliberacion.org\\\/crpmlm\\\/ademas-de-entreguista-es-ilegal\\\/\"},\"author\":{\"name\":\"\",\"@id\":\"\"},\"headline\":\"Pacto Macri-FMI: Adem\u00e1s de entreguista, ilegal\",\"datePublished\":\"2019-07-04T04:18:18+00:00\",\"dateModified\":\"2019-07-05T02:56:42+00:00\",\"mainEntityOfPage\":{\"@id\":\"http:\\\/\\\/vamosporlaliberacion.org\\\/crpmlm\\\/ademas-de-entreguista-es-ilegal\\\/\"},\"wordCount\":512,\"commentCount\":0,\"image\":{\"@id\":\"http:\\\/\\\/vamosporlaliberacion.org\\\/crpmlm\\\/ademas-de-entreguista-es-ilegal\\\/#primaryimage\"},\"thumbnailUrl\":\"https:\\\/\\\/i0.wp.com\\\/vamosporlaliberacion.org\\\/crpmlm\\\/wp-content\\\/uploads\\\/2019\\\/07\\\/lagarde-macri-fmi-g20190702-748801.jpg?fit=840%2C472&ssl=1\",\"keywords\":[\"destacado 1\",\"FMI\",\"vxl 144\"],\"articleSection\":[\"Noticias\"],\"inLanguage\":\"es\",\"potentialAction\":[{\"@type\":\"CommentAction\",\"name\":\"Comment\",\"target\":[\"http:\\\/\\\/vamosporlaliberacion.org\\\/crpmlm\\\/ademas-de-entreguista-es-ilegal\\\/#respond\"]}]},{\"@type\":\"WebPage\",\"@id\":\"http:\\\/\\\/vamosporlaliberacion.org\\\/crpmlm\\\/ademas-de-entreguista-es-ilegal\\\/\",\"url\":\"http:\\\/\\\/vamosporlaliberacion.org\\\/crpmlm\\\/ademas-de-entreguista-es-ilegal\\\/\",\"name\":\"Pacto Macri-FMI: Adem\u00e1s de entreguista, ilegal - Vamos por la Liberaci\u00f3n\",\"isPartOf\":{\"@id\":\"https:\\\/\\\/vamosporlaliberacion.org\\\/crpmlm\\\/#website\"},\"primaryImageOfPage\":{\"@id\":\"http:\\\/\\\/vamosporlaliberacion.org\\\/crpmlm\\\/ademas-de-entreguista-es-ilegal\\\/#primaryimage\"},\"image\":{\"@id\":\"http:\\\/\\\/vamosporlaliberacion.org\\\/crpmlm\\\/ademas-de-entreguista-es-ilegal\\\/#primaryimage\"},\"thumbnailUrl\":\"https:\\\/\\\/i0.wp.com\\\/vamosporlaliberacion.org\\\/crpmlm\\\/wp-content\\\/uploads\\\/2019\\\/07\\\/lagarde-macri-fmi-g20190702-748801.jpg?fit=840%2C472&ssl=1\",\"datePublished\":\"2019-07-04T04:18:18+00:00\",\"dateModified\":\"2019-07-05T02:56:42+00:00\",\"author\":{\"@id\":\"\"},\"breadcrumb\":{\"@id\":\"http:\\\/\\\/vamosporlaliberacion.org\\\/crpmlm\\\/ademas-de-entreguista-es-ilegal\\\/#breadcrumb\"},\"inLanguage\":\"es\",\"potentialAction\":[{\"@type\":\"ReadAction\",\"target\":[\"http:\\\/\\\/vamosporlaliberacion.org\\\/crpmlm\\\/ademas-de-entreguista-es-ilegal\\\/\"]}]},{\"@type\":\"ImageObject\",\"inLanguage\":\"es\",\"@id\":\"http:\\\/\\\/vamosporlaliberacion.org\\\/crpmlm\\\/ademas-de-entreguista-es-ilegal\\\/#primaryimage\",\"url\":\"https:\\\/\\\/i0.wp.com\\\/vamosporlaliberacion.org\\\/crpmlm\\\/wp-content\\\/uploads\\\/2019\\\/07\\\/lagarde-macri-fmi-g20190702-748801.jpg?fit=840%2C472&ssl=1\",\"contentUrl\":\"https:\\\/\\\/i0.wp.com\\\/vamosporlaliberacion.org\\\/crpmlm\\\/wp-content\\\/uploads\\\/2019\\\/07\\\/lagarde-macri-fmi-g20190702-748801.jpg?fit=840%2C472&ssl=1\",\"width\":840,\"height\":472},{\"@type\":\"BreadcrumbList\",\"@id\":\"http:\\\/\\\/vamosporlaliberacion.org\\\/crpmlm\\\/ademas-de-entreguista-es-ilegal\\\/#breadcrumb\",\"itemListElement\":[{\"@type\":\"ListItem\",\"position\":1,\"name\":\"Portada\",\"item\":\"https:\\\/\\\/vamosporlaliberacion.org\\\/crpmlm\\\/\"},{\"@type\":\"ListItem\",\"position\":2,\"name\":\"Pacto Macri-FMI: Adem\u00e1s de entreguista, ilegal\"}]},{\"@type\":\"WebSite\",\"@id\":\"https:\\\/\\\/vamosporlaliberacion.org\\\/crpmlm\\\/#website\",\"url\":\"https:\\\/\\\/vamosporlaliberacion.org\\\/crpmlm\\\/\",\"name\":\"Vamos por la Liberaci\u00f3n\",\"description\":\"Prensa CR\",\"potentialAction\":[{\"@type\":\"SearchAction\",\"target\":{\"@type\":\"EntryPoint\",\"urlTemplate\":\"https:\\\/\\\/vamosporlaliberacion.org\\\/crpmlm\\\/?s={search_term_string}\"},\"query-input\":{\"@type\":\"PropertyValueSpecification\",\"valueRequired\":true,\"valueName\":\"search_term_string\"}}],\"inLanguage\":\"es\"},{\"@type\":\"Person\",\"@id\":\"\",\"url\":\"https:\\\/\\\/vamosporlaliberacion.org\\\/crpmlm\\\/author\\\/\"}]}<\/script>\n<!-- \/ Yoast SEO plugin. -->","yoast_head_json":{"title":"Pacto Macri-FMI: Adem\u00e1s de entreguista, ilegal - Vamos por la Liberaci\u00f3n","robots":{"index":"index","follow":"follow","max-snippet":"max-snippet:-1","max-image-preview":"max-image-preview:large","max-video-preview":"max-video-preview:-1"},"canonical":"http:\/\/vamosporlaliberacion.org\/crpmlm\/ademas-de-entreguista-es-ilegal\/","twitter_misc":{"Escrito por":"","Tiempo de lectura":"3 minutos"},"schema":{"@context":"https:\/\/schema.org","@graph":[{"@type":"Article","@id":"http:\/\/vamosporlaliberacion.org\/crpmlm\/ademas-de-entreguista-es-ilegal\/#article","isPartOf":{"@id":"http:\/\/vamosporlaliberacion.org\/crpmlm\/ademas-de-entreguista-es-ilegal\/"},"author":{"name":"","@id":""},"headline":"Pacto Macri-FMI: Adem\u00e1s de entreguista, ilegal","datePublished":"2019-07-04T04:18:18+00:00","dateModified":"2019-07-05T02:56:42+00:00","mainEntityOfPage":{"@id":"http:\/\/vamosporlaliberacion.org\/crpmlm\/ademas-de-entreguista-es-ilegal\/"},"wordCount":512,"commentCount":0,"image":{"@id":"http:\/\/vamosporlaliberacion.org\/crpmlm\/ademas-de-entreguista-es-ilegal\/#primaryimage"},"thumbnailUrl":"https:\/\/i0.wp.com\/vamosporlaliberacion.org\/crpmlm\/wp-content\/uploads\/2019\/07\/lagarde-macri-fmi-g20190702-748801.jpg?fit=840%2C472&ssl=1","keywords":["destacado 1","FMI","vxl 144"],"articleSection":["Noticias"],"inLanguage":"es","potentialAction":[{"@type":"CommentAction","name":"Comment","target":["http:\/\/vamosporlaliberacion.org\/crpmlm\/ademas-de-entreguista-es-ilegal\/#respond"]}]},{"@type":"WebPage","@id":"http:\/\/vamosporlaliberacion.org\/crpmlm\/ademas-de-entreguista-es-ilegal\/","url":"http:\/\/vamosporlaliberacion.org\/crpmlm\/ademas-de-entreguista-es-ilegal\/","name":"Pacto Macri-FMI: Adem\u00e1s de entreguista, ilegal - Vamos por la Liberaci\u00f3n","isPartOf":{"@id":"https:\/\/vamosporlaliberacion.org\/crpmlm\/#website"},"primaryImageOfPage":{"@id":"http:\/\/vamosporlaliberacion.org\/crpmlm\/ademas-de-entreguista-es-ilegal\/#primaryimage"},"image":{"@id":"http:\/\/vamosporlaliberacion.org\/crpmlm\/ademas-de-entreguista-es-ilegal\/#primaryimage"},"thumbnailUrl":"https:\/\/i0.wp.com\/vamosporlaliberacion.org\/crpmlm\/wp-content\/uploads\/2019\/07\/lagarde-macri-fmi-g20190702-748801.jpg?fit=840%2C472&ssl=1","datePublished":"2019-07-04T04:18:18+00:00","dateModified":"2019-07-05T02:56:42+00:00","author":{"@id":""},"breadcrumb":{"@id":"http:\/\/vamosporlaliberacion.org\/crpmlm\/ademas-de-entreguista-es-ilegal\/#breadcrumb"},"inLanguage":"es","potentialAction":[{"@type":"ReadAction","target":["http:\/\/vamosporlaliberacion.org\/crpmlm\/ademas-de-entreguista-es-ilegal\/"]}]},{"@type":"ImageObject","inLanguage":"es","@id":"http:\/\/vamosporlaliberacion.org\/crpmlm\/ademas-de-entreguista-es-ilegal\/#primaryimage","url":"https:\/\/i0.wp.com\/vamosporlaliberacion.org\/crpmlm\/wp-content\/uploads\/2019\/07\/lagarde-macri-fmi-g20190702-748801.jpg?fit=840%2C472&ssl=1","contentUrl":"https:\/\/i0.wp.com\/vamosporlaliberacion.org\/crpmlm\/wp-content\/uploads\/2019\/07\/lagarde-macri-fmi-g20190702-748801.jpg?fit=840%2C472&ssl=1","width":840,"height":472},{"@type":"BreadcrumbList","@id":"http:\/\/vamosporlaliberacion.org\/crpmlm\/ademas-de-entreguista-es-ilegal\/#breadcrumb","itemListElement":[{"@type":"ListItem","position":1,"name":"Portada","item":"https:\/\/vamosporlaliberacion.org\/crpmlm\/"},{"@type":"ListItem","position":2,"name":"Pacto Macri-FMI: Adem\u00e1s de entreguista, ilegal"}]},{"@type":"WebSite","@id":"https:\/\/vamosporlaliberacion.org\/crpmlm\/#website","url":"https:\/\/vamosporlaliberacion.org\/crpmlm\/","name":"Vamos por la Liberaci\u00f3n","description":"Prensa CR","potentialAction":[{"@type":"SearchAction","target":{"@type":"EntryPoint","urlTemplate":"https:\/\/vamosporlaliberacion.org\/crpmlm\/?s={search_term_string}"},"query-input":{"@type":"PropertyValueSpecification","valueRequired":true,"valueName":"search_term_string"}}],"inLanguage":"es"},{"@type":"Person","@id":"","url":"https:\/\/vamosporlaliberacion.org\/crpmlm\/author\/"}]}},"jetpack_featured_media_url":"https:\/\/i0.wp.com\/vamosporlaliberacion.org\/crpmlm\/wp-content\/uploads\/2019\/07\/lagarde-macri-fmi-g20190702-748801.jpg?fit=840%2C472&ssl=1","jetpack_sharing_enabled":true,"_links":{"self":[{"href":"https:\/\/vamosporlaliberacion.org\/crpmlm\/wp-json\/wp\/v2\/posts\/14075","targetHints":{"allow":["GET"]}}],"collection":[{"href":"https:\/\/vamosporlaliberacion.org\/crpmlm\/wp-json\/wp\/v2\/posts"}],"about":[{"href":"https:\/\/vamosporlaliberacion.org\/crpmlm\/wp-json\/wp\/v2\/types\/post"}],"author":[{"embeddable":true,"href":"https:\/\/vamosporlaliberacion.org\/crpmlm\/wp-json\/wp\/v2\/users\/7"}],"replies":[{"embeddable":true,"href":"https:\/\/vamosporlaliberacion.org\/crpmlm\/wp-json\/wp\/v2\/comments?post=14075"}],"version-history":[{"count":0,"href":"https:\/\/vamosporlaliberacion.org\/crpmlm\/wp-json\/wp\/v2\/posts\/14075\/revisions"}],"wp:featuredmedia":[{"embeddable":true,"href":"https:\/\/vamosporlaliberacion.org\/crpmlm\/wp-json\/wp\/v2\/media\/14084"}],"wp:attachment":[{"href":"https:\/\/vamosporlaliberacion.org\/crpmlm\/wp-json\/wp\/v2\/media?parent=14075"}],"wp:term":[{"taxonomy":"category","embeddable":true,"href":"https:\/\/vamosporlaliberacion.org\/crpmlm\/wp-json\/wp\/v2\/categories?post=14075"},{"taxonomy":"post_tag","embeddable":true,"href":"https:\/\/vamosporlaliberacion.org\/crpmlm\/wp-json\/wp\/v2\/tags?post=14075"}],"curies":[{"name":"wp","href":"https:\/\/api.w.org\/{rel}","templated":true}]}}