{"id":14072,"date":"2019-07-04T01:15:35","date_gmt":"2019-07-04T04:15:35","guid":{"rendered":"http:\/\/vamosporlaliberacion.org\/crpmlm\/?p=14072"},"modified":"2019-07-04T01:15:37","modified_gmt":"2019-07-04T04:15:37","slug":"caba-colecta-chaumacri","status":"publish","type":"post","link":"https:\/\/vamosporlaliberacion.org\/crpmlm\/caba-colecta-chaumacri\/","title":{"rendered":"CABA: Colecta #ChauMacri"},"content":{"rendered":"\n<p>La Juventud avanza <br>\nen aportistas<br>\nDesde que lanzamos la colecta financiera venimos abordando a mucha gente en los lugares de estudio poniendo mesas del MP Liberaci\u00f3n con calcoman\u00edas y pines. Haciendo promos con el vamos, tuvimos excelente recepci\u00f3n con la tapa del frente para derrotar a Macri, pasando por cursos y tambi\u00e9n con festivales con m\u00fasica y parrillas. Hay mucho entusiasmo entre los j\u00f3venes por hacer campa\u00f1a para terminar con esta pol\u00edtica. Para llegar a los objetivos de masas realizamos una fiesta de cierre de cuatrimestre el 13 de Julio.<br>\nPoner la necesidad pol\u00edtica de las masas al frente de la colecta nos permiti\u00f3 avanzar en la lista de aportistas. Venimos teniendo muy buena recepci\u00f3n con relaciones que se consolidan, estudiantes y docentes que aportan $2000 y tambi\u00e9n abriendo nuevas relaciones pol\u00edticas. Tambi\u00e9n hubo experiencias donde fuimos con una propuesta conservadora y la persona aporto el doble. Tenemos que afrontar con mucha ofensiva los pedidos sin subestimar ya las posibilidades son muy grandes. Con el frente TODOS podemos decir #CHAUMACRI.<br>\nSoldati arranc\u00f3 con kermese <br>\nEl domingo 16 de junio se lanz\u00f3 la colecta del CR en Villa Soldati. En medio de un apag\u00f3n hist\u00f3rico y una tormenta de cinco d\u00edas de lluvia, se llev\u00f3 a cabo una kermese por el D\u00eda del Padre. Los preparativos y la propaganda en los alrededores dieron resultados positivos donde el eje fue la b\u00fasqueda del aporte para sostener la campa\u00f1a #ChauMacri del MPL en el Frente de Todxs. Todo esto a pesar de las inclemencias naturales y humanas del gobierno\u2026<br>\nEstuvimos con los compa\u00f1eras y compa\u00f1eros de la Villa de Retiro que se han integrado al CR y el MPL. All\u00ed tambi\u00e9n estuvimos charlando iniciativas para la colecta y el despliegue de la campa\u00f1a electoral que ya arranc\u00f3 all\u00ed con la pegatina de afiches.<br>\nEl 5 de julio, locro!<br>\nMientras se terminan de aprobar los objetivos en cada organismo de Partido y se producen los instrumentos para una campa\u00f1a de masas, y la juventud ya marcha con una campa\u00f1a adelantada por el receso invernal, avanza la Colecta Financiera 2019.<br>\nEl desaf\u00edo es dar un salto con los aportes calificados, teniendo en cuenta que es muy amplia la necesidad de terminar con el gobierno de Macri en octubre con un amplio triunfo de Todos. Y esto exige una campa\u00f1a de la que el MPL es parte y motor, como lo muestra la conformaci\u00f3n del frente por ejemplo en CNEA, motorizado desde los trabajadores para enfrentar la entrega y la destrucci\u00f3n de esta \u00e1rea estrat\u00e9gica para la Naci\u00f3n por parte del gobierno de Macri.<br>\nAdem\u00e1s la necesidad de terminar con este gobierno no es solo de los trabajadores, sino de amplios sectores de industriales pymes, comerciantes, profesionales y diversos sectores que pueden aportar mayores cantidades que un trabajador. \u00a1Hay que ir a buscar ya su aporte para terminar con este nefasto gobierno! <br>\nEl domingo 7 de julio empieza formalmente la campa\u00f1a electoral hacia las PASO del 11 de agosto. El viernes 5 de julio el CR y el MPL de CABA realizaremos un locro donde est\u00e1n todos invitados, es a la 20hs. Los esperamos a Todxs, \u00a1valga la redundancia!<br>\nCorresponsal<\/p>\n<!-- AddThis Advanced Settings generic via filter on the_content --><!-- AddThis Share Buttons generic via filter on the_content -->","protected":false},"excerpt":{"rendered":"<p>La Juventud avanza en aportistas Desde que lanzamos la colecta financiera venimos abordando a mucha gente en los lugares de estudio poniendo mesas del MP Liberaci\u00f3n con calcoman\u00edas y pines. Haciendo promos con el vamos, tuvimos excelente recepci\u00f3n con la tapa del frente para derrotar a Macri, pasando por cursos y tambi\u00e9n con festivales con [&hellip;]<!-- AddThis Advanced Settings generic via filter on get_the_excerpt --><!-- AddThis Share Buttons generic via filter on get_the_excerpt --><\/p>\n","protected":false},"author":7,"featured_media":14073,"comment_status":"open","ping_status":"open","sticky":false,"template":"","format":"standard","meta":{"_jetpack_memberships_contains_paid_content":false,"footnotes":""},"categories":[1699],"tags":[45,62,1333],"class_list":{"0":"post-14072","1":"post","2":"type-post","3":"status-publish","4":"format-standard","5":"has-post-thumbnail","7":"category-noticias","8":"tag-caba","9":"tag-colecta-financiera","10":"tag-vxl-144"},"yoast_head":"<!-- This site is optimized with the Yoast SEO plugin v27.4 - https:\/\/yoast.com\/product\/yoast-seo-wordpress\/ -->\n<title>CABA: Colecta #ChauMacri - Vamos por la Liberaci\u00f3n<\/title>\n<meta name=\"robots\" content=\"index, follow, max-snippet:-1, max-image-preview:large, max-video-preview:-1\" \/>\n<link rel=\"canonical\" href=\"https:\/\/vamosporlaliberacion.org\/crpmlm\/caba-colecta-chaumacri\/\" \/>\n<meta name=\"twitter:label1\" content=\"Escrito por\" \/>\n\t<meta name=\"twitter:data1\" content=\"\" \/>\n\t<meta name=\"twitter:label2\" content=\"Tiempo de lectura\" \/>\n\t<meta name=\"twitter:data2\" content=\"3 minutos\" \/>\n<script type=\"application\/ld+json\" class=\"yoast-schema-graph\">{\"@context\":\"https:\\\/\\\/schema.org\",\"@graph\":[{\"@type\":\"Article\",\"@id\":\"https:\\\/\\\/vamosporlaliberacion.org\\\/crpmlm\\\/caba-colecta-chaumacri\\\/#article\",\"isPartOf\":{\"@id\":\"https:\\\/\\\/vamosporlaliberacion.org\\\/crpmlm\\\/caba-colecta-chaumacri\\\/\"},\"author\":{\"name\":\"\",\"@id\":\"\"},\"headline\":\"CABA: Colecta #ChauMacri\",\"datePublished\":\"2019-07-04T04:15:35+00:00\",\"dateModified\":\"2019-07-04T04:15:37+00:00\",\"mainEntityOfPage\":{\"@id\":\"https:\\\/\\\/vamosporlaliberacion.org\\\/crpmlm\\\/caba-colecta-chaumacri\\\/\"},\"wordCount\":553,\"commentCount\":0,\"image\":{\"@id\":\"https:\\\/\\\/vamosporlaliberacion.org\\\/crpmlm\\\/caba-colecta-chaumacri\\\/#primaryimage\"},\"thumbnailUrl\":\"https:\\\/\\\/i0.wp.com\\\/vamosporlaliberacion.org\\\/crpmlm\\\/wp-content\\\/uploads\\\/2019\\\/07\\\/Ret-2-1.jpg?fit=986%2C708&ssl=1\",\"keywords\":[\"CABA\",\"Colecta financiera\",\"vxl 144\"],\"articleSection\":[\"Noticias\"],\"inLanguage\":\"es\",\"potentialAction\":[{\"@type\":\"CommentAction\",\"name\":\"Comment\",\"target\":[\"https:\\\/\\\/vamosporlaliberacion.org\\\/crpmlm\\\/caba-colecta-chaumacri\\\/#respond\"]}]},{\"@type\":\"WebPage\",\"@id\":\"https:\\\/\\\/vamosporlaliberacion.org\\\/crpmlm\\\/caba-colecta-chaumacri\\\/\",\"url\":\"https:\\\/\\\/vamosporlaliberacion.org\\\/crpmlm\\\/caba-colecta-chaumacri\\\/\",\"name\":\"CABA: Colecta #ChauMacri - Vamos por la Liberaci\u00f3n\",\"isPartOf\":{\"@id\":\"https:\\\/\\\/vamosporlaliberacion.org\\\/crpmlm\\\/#website\"},\"primaryImageOfPage\":{\"@id\":\"https:\\\/\\\/vamosporlaliberacion.org\\\/crpmlm\\\/caba-colecta-chaumacri\\\/#primaryimage\"},\"image\":{\"@id\":\"https:\\\/\\\/vamosporlaliberacion.org\\\/crpmlm\\\/caba-colecta-chaumacri\\\/#primaryimage\"},\"thumbnailUrl\":\"https:\\\/\\\/i0.wp.com\\\/vamosporlaliberacion.org\\\/crpmlm\\\/wp-content\\\/uploads\\\/2019\\\/07\\\/Ret-2-1.jpg?fit=986%2C708&ssl=1\",\"datePublished\":\"2019-07-04T04:15:35+00:00\",\"dateModified\":\"2019-07-04T04:15:37+00:00\",\"author\":{\"@id\":\"\"},\"breadcrumb\":{\"@id\":\"https:\\\/\\\/vamosporlaliberacion.org\\\/crpmlm\\\/caba-colecta-chaumacri\\\/#breadcrumb\"},\"inLanguage\":\"es\",\"potentialAction\":[{\"@type\":\"ReadAction\",\"target\":[\"https:\\\/\\\/vamosporlaliberacion.org\\\/crpmlm\\\/caba-colecta-chaumacri\\\/\"]}]},{\"@type\":\"ImageObject\",\"inLanguage\":\"es\",\"@id\":\"https:\\\/\\\/vamosporlaliberacion.org\\\/crpmlm\\\/caba-colecta-chaumacri\\\/#primaryimage\",\"url\":\"https:\\\/\\\/i0.wp.com\\\/vamosporlaliberacion.org\\\/crpmlm\\\/wp-content\\\/uploads\\\/2019\\\/07\\\/Ret-2-1.jpg?fit=986%2C708&ssl=1\",\"contentUrl\":\"https:\\\/\\\/i0.wp.com\\\/vamosporlaliberacion.org\\\/crpmlm\\\/wp-content\\\/uploads\\\/2019\\\/07\\\/Ret-2-1.jpg?fit=986%2C708&ssl=1\",\"width\":986,\"height\":708},{\"@type\":\"BreadcrumbList\",\"@id\":\"https:\\\/\\\/vamosporlaliberacion.org\\\/crpmlm\\\/caba-colecta-chaumacri\\\/#breadcrumb\",\"itemListElement\":[{\"@type\":\"ListItem\",\"position\":1,\"name\":\"Portada\",\"item\":\"https:\\\/\\\/vamosporlaliberacion.org\\\/crpmlm\\\/\"},{\"@type\":\"ListItem\",\"position\":2,\"name\":\"CABA: Colecta #ChauMacri\"}]},{\"@type\":\"WebSite\",\"@id\":\"https:\\\/\\\/vamosporlaliberacion.org\\\/crpmlm\\\/#website\",\"url\":\"https:\\\/\\\/vamosporlaliberacion.org\\\/crpmlm\\\/\",\"name\":\"Vamos por la Liberaci\u00f3n\",\"description\":\"Prensa CR\",\"potentialAction\":[{\"@type\":\"SearchAction\",\"target\":{\"@type\":\"EntryPoint\",\"urlTemplate\":\"https:\\\/\\\/vamosporlaliberacion.org\\\/crpmlm\\\/?s={search_term_string}\"},\"query-input\":{\"@type\":\"PropertyValueSpecification\",\"valueRequired\":true,\"valueName\":\"search_term_string\"}}],\"inLanguage\":\"es\"},{\"@type\":\"Person\",\"@id\":\"\",\"url\":\"https:\\\/\\\/vamosporlaliberacion.org\\\/crpmlm\\\/author\\\/\"}]}<\/script>\n<!-- \/ Yoast SEO plugin. -->","yoast_head_json":{"title":"CABA: Colecta #ChauMacri - Vamos por la Liberaci\u00f3n","robots":{"index":"index","follow":"follow","max-snippet":"max-snippet:-1","max-image-preview":"max-image-preview:large","max-video-preview":"max-video-preview:-1"},"canonical":"https:\/\/vamosporlaliberacion.org\/crpmlm\/caba-colecta-chaumacri\/","twitter_misc":{"Escrito por":"","Tiempo de lectura":"3 minutos"},"schema":{"@context":"https:\/\/schema.org","@graph":[{"@type":"Article","@id":"https:\/\/vamosporlaliberacion.org\/crpmlm\/caba-colecta-chaumacri\/#article","isPartOf":{"@id":"https:\/\/vamosporlaliberacion.org\/crpmlm\/caba-colecta-chaumacri\/"},"author":{"name":"","@id":""},"headline":"CABA: Colecta #ChauMacri","datePublished":"2019-07-04T04:15:35+00:00","dateModified":"2019-07-04T04:15:37+00:00","mainEntityOfPage":{"@id":"https:\/\/vamosporlaliberacion.org\/crpmlm\/caba-colecta-chaumacri\/"},"wordCount":553,"commentCount":0,"image":{"@id":"https:\/\/vamosporlaliberacion.org\/crpmlm\/caba-colecta-chaumacri\/#primaryimage"},"thumbnailUrl":"https:\/\/i0.wp.com\/vamosporlaliberacion.org\/crpmlm\/wp-content\/uploads\/2019\/07\/Ret-2-1.jpg?fit=986%2C708&ssl=1","keywords":["CABA","Colecta financiera","vxl 144"],"articleSection":["Noticias"],"inLanguage":"es","potentialAction":[{"@type":"CommentAction","name":"Comment","target":["https:\/\/vamosporlaliberacion.org\/crpmlm\/caba-colecta-chaumacri\/#respond"]}]},{"@type":"WebPage","@id":"https:\/\/vamosporlaliberacion.org\/crpmlm\/caba-colecta-chaumacri\/","url":"https:\/\/vamosporlaliberacion.org\/crpmlm\/caba-colecta-chaumacri\/","name":"CABA: Colecta #ChauMacri - Vamos por la Liberaci\u00f3n","isPartOf":{"@id":"https:\/\/vamosporlaliberacion.org\/crpmlm\/#website"},"primaryImageOfPage":{"@id":"https:\/\/vamosporlaliberacion.org\/crpmlm\/caba-colecta-chaumacri\/#primaryimage"},"image":{"@id":"https:\/\/vamosporlaliberacion.org\/crpmlm\/caba-colecta-chaumacri\/#primaryimage"},"thumbnailUrl":"https:\/\/i0.wp.com\/vamosporlaliberacion.org\/crpmlm\/wp-content\/uploads\/2019\/07\/Ret-2-1.jpg?fit=986%2C708&ssl=1","datePublished":"2019-07-04T04:15:35+00:00","dateModified":"2019-07-04T04:15:37+00:00","author":{"@id":""},"breadcrumb":{"@id":"https:\/\/vamosporlaliberacion.org\/crpmlm\/caba-colecta-chaumacri\/#breadcrumb"},"inLanguage":"es","potentialAction":[{"@type":"ReadAction","target":["https:\/\/vamosporlaliberacion.org\/crpmlm\/caba-colecta-chaumacri\/"]}]},{"@type":"ImageObject","inLanguage":"es","@id":"https:\/\/vamosporlaliberacion.org\/crpmlm\/caba-colecta-chaumacri\/#primaryimage","url":"https:\/\/i0.wp.com\/vamosporlaliberacion.org\/crpmlm\/wp-content\/uploads\/2019\/07\/Ret-2-1.jpg?fit=986%2C708&ssl=1","contentUrl":"https:\/\/i0.wp.com\/vamosporlaliberacion.org\/crpmlm\/wp-content\/uploads\/2019\/07\/Ret-2-1.jpg?fit=986%2C708&ssl=1","width":986,"height":708},{"@type":"BreadcrumbList","@id":"https:\/\/vamosporlaliberacion.org\/crpmlm\/caba-colecta-chaumacri\/#breadcrumb","itemListElement":[{"@type":"ListItem","position":1,"name":"Portada","item":"https:\/\/vamosporlaliberacion.org\/crpmlm\/"},{"@type":"ListItem","position":2,"name":"CABA: Colecta #ChauMacri"}]},{"@type":"WebSite","@id":"https:\/\/vamosporlaliberacion.org\/crpmlm\/#website","url":"https:\/\/vamosporlaliberacion.org\/crpmlm\/","name":"Vamos por la Liberaci\u00f3n","description":"Prensa CR","potentialAction":[{"@type":"SearchAction","target":{"@type":"EntryPoint","urlTemplate":"https:\/\/vamosporlaliberacion.org\/crpmlm\/?s={search_term_string}"},"query-input":{"@type":"PropertyValueSpecification","valueRequired":true,"valueName":"search_term_string"}}],"inLanguage":"es"},{"@type":"Person","@id":"","url":"https:\/\/vamosporlaliberacion.org\/crpmlm\/author\/"}]}},"jetpack_featured_media_url":"https:\/\/i0.wp.com\/vamosporlaliberacion.org\/crpmlm\/wp-content\/uploads\/2019\/07\/Ret-2-1.jpg?fit=986%2C708&ssl=1","jetpack_sharing_enabled":true,"_links":{"self":[{"href":"https:\/\/vamosporlaliberacion.org\/crpmlm\/wp-json\/wp\/v2\/posts\/14072","targetHints":{"allow":["GET"]}}],"collection":[{"href":"https:\/\/vamosporlaliberacion.org\/crpmlm\/wp-json\/wp\/v2\/posts"}],"about":[{"href":"https:\/\/vamosporlaliberacion.org\/crpmlm\/wp-json\/wp\/v2\/types\/post"}],"author":[{"embeddable":true,"href":"https:\/\/vamosporlaliberacion.org\/crpmlm\/wp-json\/wp\/v2\/users\/7"}],"replies":[{"embeddable":true,"href":"https:\/\/vamosporlaliberacion.org\/crpmlm\/wp-json\/wp\/v2\/comments?post=14072"}],"version-history":[{"count":0,"href":"https:\/\/vamosporlaliberacion.org\/crpmlm\/wp-json\/wp\/v2\/posts\/14072\/revisions"}],"wp:featuredmedia":[{"embeddable":true,"href":"https:\/\/vamosporlaliberacion.org\/crpmlm\/wp-json\/wp\/v2\/media\/14073"}],"wp:attachment":[{"href":"https:\/\/vamosporlaliberacion.org\/crpmlm\/wp-json\/wp\/v2\/media?parent=14072"}],"wp:term":[{"taxonomy":"category","embeddable":true,"href":"https:\/\/vamosporlaliberacion.org\/crpmlm\/wp-json\/wp\/v2\/categories?post=14072"},{"taxonomy":"post_tag","embeddable":true,"href":"https:\/\/vamosporlaliberacion.org\/crpmlm\/wp-json\/wp\/v2\/tags?post=14072"}],"curies":[{"name":"wp","href":"https:\/\/api.w.org\/{rel}","templated":true}]}}