{"id":14066,"date":"2019-07-03T23:57:03","date_gmt":"2019-07-04T02:57:03","guid":{"rendered":"http:\/\/vamosporlaliberacion.org\/crpmlm\/?p=14066"},"modified":"2019-07-03T23:57:05","modified_gmt":"2019-07-04T02:57:05","slug":"frente-de-todxs-en-bahia-blanca","status":"publish","type":"post","link":"https:\/\/vamosporlaliberacion.org\/crpmlm\/frente-de-todxs-en-bahia-blanca\/","title":{"rendered":"Frente de Todxs en Bah\u00eda Blanca"},"content":{"rendered":"\n<p>El MPL estuvo junto al precandidato a intendente Federico Susbielles apenas constituida la lista de Unidad del Frente de Todos en Bah\u00eda Blanca, en el marco de la charla que brindaron sobre el trabajo y la producci\u00f3n los dirigentes Edgardo Llano y Hugo Yasky.<br>\nCon mucha participaci\u00f3n sindical de organizaciones de la CGT y las dos CTA\u2019s, adem\u00e1s de la presencia unitaria del peronismo de Bah\u00eda Blanca, del Movimiento Popular Liberaci\u00f3n (MPL), del Polo Social, entre otras tantas expresiones pol\u00edticas y sociales, en la sede del Sindicato de Televisi\u00f3n, se llev\u00f3 adelante un importante hecho pol\u00edtico, ya que no hay antecedentes cercanos de la unidad de un arco tan grande, que dio vida a la posibilidad de derrotar al intendente Gay de Cambiemos, que hasta ahora era impensado.<br>\nLa necesidad de terminar con esta pol\u00edtica y avanzar al desarrollo nacional independiente, con centro en el mercado interno, est\u00e1 presente en cada encuentro y todos ven con claridad que el endeudamiento es uno de los grandes problemas para salir de la grav\u00edsima situaci\u00f3n en la que estamos.  Las intervenciones reforzaron la necesidad avanzar a\u00fan m\u00e1s en la unidad para terminar con el Macri-Vidal y con la destrucci\u00f3n masiva del aparato productivo y la primarizaci\u00f3n grosera de la econom\u00eda. <br>\nPara avanzar en nuestro crecimiento qued\u00f3 manifiesta la importancia de dar batalla y levantar nuestro programa, que en su punto uno plantea la necesidad de romper el pacto Macri-Cambiemos con el Fondo Monetario Internacional. Convencidos de que as\u00ed se puede hacer realidad el planteo de que \u201cno debemos pagar, ni la deuda, ni la crisis con el hambre del pueblo.\u201d<br>\nCorresponsal<\/p>\n<!-- AddThis Advanced Settings generic via filter on the_content --><!-- AddThis Share Buttons generic via filter on the_content -->","protected":false},"excerpt":{"rendered":"<p>El MPL estuvo junto al precandidato a intendente Federico Susbielles apenas constituida la lista de Unidad del Frente de Todos en Bah\u00eda Blanca, en el marco de la charla que brindaron sobre el trabajo y la producci\u00f3n los dirigentes Edgardo Llano y Hugo Yasky. Con mucha participaci\u00f3n sindical de organizaciones de la CGT y las [&hellip;]<!-- AddThis Advanced Settings generic via filter on get_the_excerpt --><!-- AddThis Share Buttons generic via filter on get_the_excerpt --><\/p>\n","protected":false},"author":7,"featured_media":14067,"comment_status":"open","ping_status":"open","sticky":false,"template":"","format":"standard","meta":{"_jetpack_memberships_contains_paid_content":false,"footnotes":""},"categories":[1699],"tags":[37,395,1194,1281,1333],"class_list":{"0":"post-14066","1":"post","2":"type-post","3":"status-publish","4":"format-standard","5":"has-post-thumbnail","7":"category-noticias","8":"tag-bahia-blanca","9":"tag-buenos-aires","10":"tag-elecciones-2019","11":"tag-movimiento-popular-liberacion","12":"tag-vxl-144"},"yoast_head":"<!-- This site is optimized with the Yoast SEO plugin v27.4 - https:\/\/yoast.com\/product\/yoast-seo-wordpress\/ -->\n<title>Frente de Todxs en Bah\u00eda Blanca - Vamos por la Liberaci\u00f3n<\/title>\n<meta name=\"robots\" content=\"index, follow, max-snippet:-1, max-image-preview:large, max-video-preview:-1\" \/>\n<link rel=\"canonical\" href=\"http:\/\/vamosporlaliberacion.org\/crpmlm\/frente-de-todxs-en-bahia-blanca\/\" \/>\n<meta name=\"twitter:label1\" content=\"Escrito por\" \/>\n\t<meta name=\"twitter:data1\" content=\"\" \/>\n\t<meta name=\"twitter:label2\" content=\"Tiempo de lectura\" \/>\n\t<meta name=\"twitter:data2\" content=\"1 minuto\" \/>\n<script type=\"application\/ld+json\" class=\"yoast-schema-graph\">{\"@context\":\"https:\\\/\\\/schema.org\",\"@graph\":[{\"@type\":\"Article\",\"@id\":\"http:\\\/\\\/vamosporlaliberacion.org\\\/crpmlm\\\/frente-de-todxs-en-bahia-blanca\\\/#article\",\"isPartOf\":{\"@id\":\"http:\\\/\\\/vamosporlaliberacion.org\\\/crpmlm\\\/frente-de-todxs-en-bahia-blanca\\\/\"},\"author\":{\"name\":\"\",\"@id\":\"\"},\"headline\":\"Frente de Todxs en Bah\u00eda Blanca\",\"datePublished\":\"2019-07-04T02:57:03+00:00\",\"dateModified\":\"2019-07-04T02:57:05+00:00\",\"mainEntityOfPage\":{\"@id\":\"http:\\\/\\\/vamosporlaliberacion.org\\\/crpmlm\\\/frente-de-todxs-en-bahia-blanca\\\/\"},\"wordCount\":293,\"commentCount\":0,\"image\":{\"@id\":\"http:\\\/\\\/vamosporlaliberacion.org\\\/crpmlm\\\/frente-de-todxs-en-bahia-blanca\\\/#primaryimage\"},\"thumbnailUrl\":\"https:\\\/\\\/i0.wp.com\\\/vamosporlaliberacion.org\\\/crpmlm\\\/wp-content\\\/uploads\\\/2019\\\/07\\\/WhatsApp-Image-2019-06-30-at-2.34.07-PM-1.jpeg?fit=1280%2C596&ssl=1\",\"keywords\":[\"Bah\u00eda Blanca\",\"Buenos Aires\",\"elecciones 2019\",\"Movimiento Popular Liberaci\u00f3n\",\"vxl 144\"],\"articleSection\":[\"Noticias\"],\"inLanguage\":\"es\",\"potentialAction\":[{\"@type\":\"CommentAction\",\"name\":\"Comment\",\"target\":[\"http:\\\/\\\/vamosporlaliberacion.org\\\/crpmlm\\\/frente-de-todxs-en-bahia-blanca\\\/#respond\"]}]},{\"@type\":\"WebPage\",\"@id\":\"http:\\\/\\\/vamosporlaliberacion.org\\\/crpmlm\\\/frente-de-todxs-en-bahia-blanca\\\/\",\"url\":\"http:\\\/\\\/vamosporlaliberacion.org\\\/crpmlm\\\/frente-de-todxs-en-bahia-blanca\\\/\",\"name\":\"Frente de Todxs en Bah\u00eda Blanca - Vamos por la Liberaci\u00f3n\",\"isPartOf\":{\"@id\":\"https:\\\/\\\/vamosporlaliberacion.org\\\/crpmlm\\\/#website\"},\"primaryImageOfPage\":{\"@id\":\"http:\\\/\\\/vamosporlaliberacion.org\\\/crpmlm\\\/frente-de-todxs-en-bahia-blanca\\\/#primaryimage\"},\"image\":{\"@id\":\"http:\\\/\\\/vamosporlaliberacion.org\\\/crpmlm\\\/frente-de-todxs-en-bahia-blanca\\\/#primaryimage\"},\"thumbnailUrl\":\"https:\\\/\\\/i0.wp.com\\\/vamosporlaliberacion.org\\\/crpmlm\\\/wp-content\\\/uploads\\\/2019\\\/07\\\/WhatsApp-Image-2019-06-30-at-2.34.07-PM-1.jpeg?fit=1280%2C596&ssl=1\",\"datePublished\":\"2019-07-04T02:57:03+00:00\",\"dateModified\":\"2019-07-04T02:57:05+00:00\",\"author\":{\"@id\":\"\"},\"breadcrumb\":{\"@id\":\"http:\\\/\\\/vamosporlaliberacion.org\\\/crpmlm\\\/frente-de-todxs-en-bahia-blanca\\\/#breadcrumb\"},\"inLanguage\":\"es\",\"potentialAction\":[{\"@type\":\"ReadAction\",\"target\":[\"http:\\\/\\\/vamosporlaliberacion.org\\\/crpmlm\\\/frente-de-todxs-en-bahia-blanca\\\/\"]}]},{\"@type\":\"ImageObject\",\"inLanguage\":\"es\",\"@id\":\"http:\\\/\\\/vamosporlaliberacion.org\\\/crpmlm\\\/frente-de-todxs-en-bahia-blanca\\\/#primaryimage\",\"url\":\"https:\\\/\\\/i0.wp.com\\\/vamosporlaliberacion.org\\\/crpmlm\\\/wp-content\\\/uploads\\\/2019\\\/07\\\/WhatsApp-Image-2019-06-30-at-2.34.07-PM-1.jpeg?fit=1280%2C596&ssl=1\",\"contentUrl\":\"https:\\\/\\\/i0.wp.com\\\/vamosporlaliberacion.org\\\/crpmlm\\\/wp-content\\\/uploads\\\/2019\\\/07\\\/WhatsApp-Image-2019-06-30-at-2.34.07-PM-1.jpeg?fit=1280%2C596&ssl=1\",\"width\":1280,\"height\":596},{\"@type\":\"BreadcrumbList\",\"@id\":\"http:\\\/\\\/vamosporlaliberacion.org\\\/crpmlm\\\/frente-de-todxs-en-bahia-blanca\\\/#breadcrumb\",\"itemListElement\":[{\"@type\":\"ListItem\",\"position\":1,\"name\":\"Portada\",\"item\":\"https:\\\/\\\/vamosporlaliberacion.org\\\/crpmlm\\\/\"},{\"@type\":\"ListItem\",\"position\":2,\"name\":\"Frente de Todxs en Bah\u00eda Blanca\"}]},{\"@type\":\"WebSite\",\"@id\":\"https:\\\/\\\/vamosporlaliberacion.org\\\/crpmlm\\\/#website\",\"url\":\"https:\\\/\\\/vamosporlaliberacion.org\\\/crpmlm\\\/\",\"name\":\"Vamos por la Liberaci\u00f3n\",\"description\":\"Prensa CR\",\"potentialAction\":[{\"@type\":\"SearchAction\",\"target\":{\"@type\":\"EntryPoint\",\"urlTemplate\":\"https:\\\/\\\/vamosporlaliberacion.org\\\/crpmlm\\\/?s={search_term_string}\"},\"query-input\":{\"@type\":\"PropertyValueSpecification\",\"valueRequired\":true,\"valueName\":\"search_term_string\"}}],\"inLanguage\":\"es\"},{\"@type\":\"Person\",\"@id\":\"\",\"url\":\"https:\\\/\\\/vamosporlaliberacion.org\\\/crpmlm\\\/author\\\/\"}]}<\/script>\n<!-- \/ Yoast SEO plugin. -->","yoast_head_json":{"title":"Frente de Todxs en Bah\u00eda Blanca - Vamos por la Liberaci\u00f3n","robots":{"index":"index","follow":"follow","max-snippet":"max-snippet:-1","max-image-preview":"max-image-preview:large","max-video-preview":"max-video-preview:-1"},"canonical":"http:\/\/vamosporlaliberacion.org\/crpmlm\/frente-de-todxs-en-bahia-blanca\/","twitter_misc":{"Escrito por":"","Tiempo de lectura":"1 minuto"},"schema":{"@context":"https:\/\/schema.org","@graph":[{"@type":"Article","@id":"http:\/\/vamosporlaliberacion.org\/crpmlm\/frente-de-todxs-en-bahia-blanca\/#article","isPartOf":{"@id":"http:\/\/vamosporlaliberacion.org\/crpmlm\/frente-de-todxs-en-bahia-blanca\/"},"author":{"name":"","@id":""},"headline":"Frente de Todxs en Bah\u00eda Blanca","datePublished":"2019-07-04T02:57:03+00:00","dateModified":"2019-07-04T02:57:05+00:00","mainEntityOfPage":{"@id":"http:\/\/vamosporlaliberacion.org\/crpmlm\/frente-de-todxs-en-bahia-blanca\/"},"wordCount":293,"commentCount":0,"image":{"@id":"http:\/\/vamosporlaliberacion.org\/crpmlm\/frente-de-todxs-en-bahia-blanca\/#primaryimage"},"thumbnailUrl":"https:\/\/i0.wp.com\/vamosporlaliberacion.org\/crpmlm\/wp-content\/uploads\/2019\/07\/WhatsApp-Image-2019-06-30-at-2.34.07-PM-1.jpeg?fit=1280%2C596&ssl=1","keywords":["Bah\u00eda Blanca","Buenos Aires","elecciones 2019","Movimiento Popular Liberaci\u00f3n","vxl 144"],"articleSection":["Noticias"],"inLanguage":"es","potentialAction":[{"@type":"CommentAction","name":"Comment","target":["http:\/\/vamosporlaliberacion.org\/crpmlm\/frente-de-todxs-en-bahia-blanca\/#respond"]}]},{"@type":"WebPage","@id":"http:\/\/vamosporlaliberacion.org\/crpmlm\/frente-de-todxs-en-bahia-blanca\/","url":"http:\/\/vamosporlaliberacion.org\/crpmlm\/frente-de-todxs-en-bahia-blanca\/","name":"Frente de Todxs en Bah\u00eda Blanca - Vamos por la Liberaci\u00f3n","isPartOf":{"@id":"https:\/\/vamosporlaliberacion.org\/crpmlm\/#website"},"primaryImageOfPage":{"@id":"http:\/\/vamosporlaliberacion.org\/crpmlm\/frente-de-todxs-en-bahia-blanca\/#primaryimage"},"image":{"@id":"http:\/\/vamosporlaliberacion.org\/crpmlm\/frente-de-todxs-en-bahia-blanca\/#primaryimage"},"thumbnailUrl":"https:\/\/i0.wp.com\/vamosporlaliberacion.org\/crpmlm\/wp-content\/uploads\/2019\/07\/WhatsApp-Image-2019-06-30-at-2.34.07-PM-1.jpeg?fit=1280%2C596&ssl=1","datePublished":"2019-07-04T02:57:03+00:00","dateModified":"2019-07-04T02:57:05+00:00","author":{"@id":""},"breadcrumb":{"@id":"http:\/\/vamosporlaliberacion.org\/crpmlm\/frente-de-todxs-en-bahia-blanca\/#breadcrumb"},"inLanguage":"es","potentialAction":[{"@type":"ReadAction","target":["http:\/\/vamosporlaliberacion.org\/crpmlm\/frente-de-todxs-en-bahia-blanca\/"]}]},{"@type":"ImageObject","inLanguage":"es","@id":"http:\/\/vamosporlaliberacion.org\/crpmlm\/frente-de-todxs-en-bahia-blanca\/#primaryimage","url":"https:\/\/i0.wp.com\/vamosporlaliberacion.org\/crpmlm\/wp-content\/uploads\/2019\/07\/WhatsApp-Image-2019-06-30-at-2.34.07-PM-1.jpeg?fit=1280%2C596&ssl=1","contentUrl":"https:\/\/i0.wp.com\/vamosporlaliberacion.org\/crpmlm\/wp-content\/uploads\/2019\/07\/WhatsApp-Image-2019-06-30-at-2.34.07-PM-1.jpeg?fit=1280%2C596&ssl=1","width":1280,"height":596},{"@type":"BreadcrumbList","@id":"http:\/\/vamosporlaliberacion.org\/crpmlm\/frente-de-todxs-en-bahia-blanca\/#breadcrumb","itemListElement":[{"@type":"ListItem","position":1,"name":"Portada","item":"https:\/\/vamosporlaliberacion.org\/crpmlm\/"},{"@type":"ListItem","position":2,"name":"Frente de Todxs en Bah\u00eda Blanca"}]},{"@type":"WebSite","@id":"https:\/\/vamosporlaliberacion.org\/crpmlm\/#website","url":"https:\/\/vamosporlaliberacion.org\/crpmlm\/","name":"Vamos por la Liberaci\u00f3n","description":"Prensa CR","potentialAction":[{"@type":"SearchAction","target":{"@type":"EntryPoint","urlTemplate":"https:\/\/vamosporlaliberacion.org\/crpmlm\/?s={search_term_string}"},"query-input":{"@type":"PropertyValueSpecification","valueRequired":true,"valueName":"search_term_string"}}],"inLanguage":"es"},{"@type":"Person","@id":"","url":"https:\/\/vamosporlaliberacion.org\/crpmlm\/author\/"}]}},"jetpack_featured_media_url":"https:\/\/i0.wp.com\/vamosporlaliberacion.org\/crpmlm\/wp-content\/uploads\/2019\/07\/WhatsApp-Image-2019-06-30-at-2.34.07-PM-1.jpeg?fit=1280%2C596&ssl=1","jetpack_sharing_enabled":true,"_links":{"self":[{"href":"https:\/\/vamosporlaliberacion.org\/crpmlm\/wp-json\/wp\/v2\/posts\/14066","targetHints":{"allow":["GET"]}}],"collection":[{"href":"https:\/\/vamosporlaliberacion.org\/crpmlm\/wp-json\/wp\/v2\/posts"}],"about":[{"href":"https:\/\/vamosporlaliberacion.org\/crpmlm\/wp-json\/wp\/v2\/types\/post"}],"author":[{"embeddable":true,"href":"https:\/\/vamosporlaliberacion.org\/crpmlm\/wp-json\/wp\/v2\/users\/7"}],"replies":[{"embeddable":true,"href":"https:\/\/vamosporlaliberacion.org\/crpmlm\/wp-json\/wp\/v2\/comments?post=14066"}],"version-history":[{"count":0,"href":"https:\/\/vamosporlaliberacion.org\/crpmlm\/wp-json\/wp\/v2\/posts\/14066\/revisions"}],"wp:featuredmedia":[{"embeddable":true,"href":"https:\/\/vamosporlaliberacion.org\/crpmlm\/wp-json\/wp\/v2\/media\/14067"}],"wp:attachment":[{"href":"https:\/\/vamosporlaliberacion.org\/crpmlm\/wp-json\/wp\/v2\/media?parent=14066"}],"wp:term":[{"taxonomy":"category","embeddable":true,"href":"https:\/\/vamosporlaliberacion.org\/crpmlm\/wp-json\/wp\/v2\/categories?post=14066"},{"taxonomy":"post_tag","embeddable":true,"href":"https:\/\/vamosporlaliberacion.org\/crpmlm\/wp-json\/wp\/v2\/tags?post=14066"}],"curies":[{"name":"wp","href":"https:\/\/api.w.org\/{rel}","templated":true}]}}