{"id":13991,"date":"2019-06-20T12:27:55","date_gmt":"2019-06-20T15:27:55","guid":{"rendered":"http:\/\/vamosporlaliberacion.org\/crpmlm\/?p=13991"},"modified":"2020-09-14T11:06:28","modified_gmt":"2020-09-14T14:06:28","slug":"cual-es-hoy-nuestra-bandera-nacional","status":"publish","type":"post","link":"https:\/\/vamosporlaliberacion.org\/crpmlm\/cual-es-hoy-nuestra-bandera-nacional\/","title":{"rendered":"\u00bfCu\u00e1l es hoy nuestra Bandera Nacional?"},"content":{"rendered":"\n<p><strong>Por Ulises Granda<\/strong><\/p>\n\n\n\n<p>\u00bfQu\u00e9 propon\u00edan Belgrano y los mejores l\u00edderes de la revoluci\u00f3n de independencia para la econom\u00eda de nuestro pa\u00eds? Dec\u00eda Manuel Belgrano: \u201cTodas las naciones cultas se esmeran en que sus materias primeras no salgan de sus Estados a manufacturarse, y todo su empe\u00f1o es conseguir, no s\u00f3lo el darles nueva forma, sino aun atraer las del Extranjero para ejecutar lo mismo, y despu\u00e9s vend\u00e9rselas\u2026\u201d.<\/p>\n\n\n\n<p>El discutido Plan de Operaciones (de Mariano Moreno) planteaba as\u00ed: \u201cUna cantidad de 200 o 300 millones de pesos puestos en el centro del Estado para la fomentaci\u00f3n de las artes, agricultura, navegaci\u00f3n, etc., producir\u00e1 en pocos a\u00f1os un continente laborioso, instruido y virtuoso, sin necesidad de buscar exteriormente nada de lo que necesite para la conservaci\u00f3n de sus habitantes, no hablando de aquellas manufacturas que, siendo como un vicio corrompido, son de un lujo excesivo e in\u00fatil, que deben evitarse principalmente porque son extranjeras y se venden a m\u00e1s oro de lo que pesan\u2026\u201d.<\/p>\n\n\n\n<p>Al no lograr imponer este programa el sector m\u00e1s avanzado y democr\u00e1tico de nuestra Revoluci\u00f3n de Independencia (Moreno, Belgrano, Gervasio Artigas, Bernardo de Monteagudo y otros), las dificultades econ\u00f3micas aparecieron en una forma que los argentinos conocemos muy bien: las finanzas del nuevo Estado estuvieron subordinadas crecientemente a las rentas aduaneras, por lo que se depend\u00eda del comercio exterior (que adem\u00e1s era deficitario). En ese contexto sal\u00eda met\u00e1lico hacia el exterior y se reduc\u00eda la circulaci\u00f3n monetaria y econ\u00f3mica interior.<\/p>\n\n\n\n<p>El debate sobre la necesidad de diversificar e industrializar nuestro pa\u00eds reapareci\u00f3 durante las reuniones del llamado Pacto Federal (1831). Ah\u00ed el correntino Pedro Ferr\u00e9 plante\u00f3 la necesidad de terminar con el librecambismo: \u201cConsidero la libre concurrencia como una fatalidad para la Naci\u00f3n. Los pocos art\u00edculos industriales que produce nuestro pa\u00eds no pueden soportar la competencia con la industria extranjera. Sobreviene la languidez y perecen o son insignificantes. Entonces se aumenta el saldo que hay contra nosotros en la balanza del comercio exterior. Se destruyen los capitales invertidos en estos ramos y se sigue la miseria\u201d. Y propon\u00eda: \u201c1- Prohibici\u00f3n absoluta de importar algunos art\u00edculos que produce el pa\u00eds\u2026 2- Habilitaci\u00f3n de otro u otros puertos m\u00e1s que el de Buenos Aires\u201d.<\/p>\n\n\n\n<p>Pero los intereses de grandes terratenientes y comerciantes porte\u00f1o-bonaerenses estaban volcados a otro tipo de econom\u00eda: \u201cDebe haber mucho cuidado en la forma de degollar la res, a fin de que el cuero no quede imperfecto\u2026 De la res debe aprovecharse todo, hasta las patas, mondongos, sesos, cuajo, tripas del medio y tripas gordas, etc.\u201d. As\u00ed lo detallaba Juan Manuel de Rosas en sus Instrucciones a sus capataces de estancias.<\/p>\n\n\n\n<p>El debate sobre la orientaci\u00f3n econ\u00f3mico-social de nuestra Argentina y la imprescindible necesidad de industrializarlo y diversificarlo, priorizar el mercado interno frente al intercambio exterior, recuperar nuestras fuentes de energ\u00eda y el control soberano de nuestra infraestructura (transporte, comunicaciones) debe estar en el centro de esta campa\u00f1a electoral. Romper el acuerdo con el FMI, repudiar la deuda ileg\u00edtima, fraudulenta y usurera, puede permitir avanzar en \u201cdar vuelta la historia\u201d de un pa\u00eds fundamentalmente agro-exportador. Tambi\u00e9n la cuesti\u00f3n del megayacimiento de Vaca Muerta est\u00e1 vinculada directamente con esto: necesitamos reorientar la producci\u00f3n energ\u00e9tica para ponerla al servicio de la producci\u00f3n y la industria nacional y no para resolver la \u201cescasez de d\u00f3lares\u201d que les dificulta a los monopolios seguirla \u201clevantando en pala\u201d.<\/p>\n\n\n\n<p>Recordemos las palabras de Manuel Belgrano (en el Correo de Comercio, 1810): \u201cEl modo m\u00e1s ventajoso de exportar las producciones excedentes de la tierra, es ponerlas antes en obra, o manufacturarlas. La importaci\u00f3n de las materias extranjeras para emplearse en manufacturas, en lugar de sacarlas manufacturadas de sus pa\u00edses ahorra mucho dinero, y proporciona la ventaja que produce a las manos que se emplean en darles nueva forma (\u2026). La importaci\u00f3n de mercader\u00edas que impiden el consumo de las del pa\u00eds o que perjudican el progreso de sus manufacturas y de su cultivo lleva tras de s\u00ed la ruina de la naci\u00f3n.\u201d<\/p>\n<!-- AddThis Advanced Settings generic via filter on the_content --><!-- AddThis Share Buttons generic via filter on the_content -->","protected":false},"excerpt":{"rendered":"<p>Por Ulises Granda \u00bfQu\u00e9 propon\u00edan Belgrano y los mejores l\u00edderes de la revoluci\u00f3n de independencia para la econom\u00eda de nuestro pa\u00eds? Dec\u00eda Manuel Belgrano: \u201cTodas las naciones cultas se esmeran en que sus materias primeras no salgan de sus Estados a manufacturarse, y todo su empe\u00f1o es conseguir, no s\u00f3lo el darles nueva forma, sino [&hellip;]<!-- AddThis Advanced Settings generic via filter on get_the_excerpt --><!-- AddThis Share Buttons generic via filter on get_the_excerpt --><\/p>\n","protected":false},"author":6,"featured_media":13916,"comment_status":"open","ping_status":"open","sticky":false,"template":"","format":"standard","meta":{"_jetpack_memberships_contains_paid_content":false,"footnotes":""},"categories":[1853],"tags":[520,131,701,1322],"class_list":{"0":"post-13991","1":"post","2":"type-post","3":"status-publish","4":"format-standard","5":"has-post-thumbnail","7":"category-historia","8":"tag-destacado-2","9":"tag-historia","10":"tag-manuel-belgrano","11":"tag-vxl-143"},"yoast_head":"<!-- This site is optimized with the Yoast SEO plugin v27.4 - https:\/\/yoast.com\/product\/yoast-seo-wordpress\/ -->\n<title>\u00bfCu\u00e1l es hoy nuestra Bandera Nacional? - Vamos por la Liberaci\u00f3n<\/title>\n<meta name=\"robots\" content=\"index, follow, max-snippet:-1, max-image-preview:large, max-video-preview:-1\" \/>\n<link rel=\"canonical\" href=\"https:\/\/vamosporlaliberacion.org\/crpmlm\/cual-es-hoy-nuestra-bandera-nacional\/\" \/>\n<meta name=\"twitter:label1\" content=\"Escrito por\" \/>\n\t<meta name=\"twitter:data1\" content=\"vamos!\" \/>\n\t<meta name=\"twitter:label2\" content=\"Tiempo de lectura\" \/>\n\t<meta name=\"twitter:data2\" content=\"4 minutos\" \/>\n<script type=\"application\/ld+json\" class=\"yoast-schema-graph\">{\"@context\":\"https:\\\/\\\/schema.org\",\"@graph\":[{\"@type\":\"Article\",\"@id\":\"https:\\\/\\\/vamosporlaliberacion.org\\\/crpmlm\\\/cual-es-hoy-nuestra-bandera-nacional\\\/#article\",\"isPartOf\":{\"@id\":\"https:\\\/\\\/vamosporlaliberacion.org\\\/crpmlm\\\/cual-es-hoy-nuestra-bandera-nacional\\\/\"},\"author\":{\"name\":\"vamos!\",\"@id\":\"https:\\\/\\\/vamosporlaliberacion.org\\\/crpmlm\\\/#\\\/schema\\\/person\\\/d6eac7758df3770dae9cd9eb104d615c\"},\"headline\":\"\u00bfCu\u00e1l es hoy nuestra Bandera Nacional?\",\"datePublished\":\"2019-06-20T15:27:55+00:00\",\"dateModified\":\"2020-09-14T14:06:28+00:00\",\"mainEntityOfPage\":{\"@id\":\"https:\\\/\\\/vamosporlaliberacion.org\\\/crpmlm\\\/cual-es-hoy-nuestra-bandera-nacional\\\/\"},\"wordCount\":717,\"commentCount\":0,\"image\":{\"@id\":\"https:\\\/\\\/vamosporlaliberacion.org\\\/crpmlm\\\/cual-es-hoy-nuestra-bandera-nacional\\\/#primaryimage\"},\"thumbnailUrl\":\"https:\\\/\\\/i0.wp.com\\\/vamosporlaliberacion.org\\\/crpmlm\\\/wp-content\\\/uploads\\\/2019\\\/06\\\/Manuel-Belgrano-Argentina-800x445.jpg?fit=800%2C445&ssl=1\",\"keywords\":[\"destacado 2\",\"historia\",\"Manuel Belgrano\",\"vxl 143\"],\"articleSection\":[\"Historia \\\/ Teor\u00eda\"],\"inLanguage\":\"es\",\"potentialAction\":[{\"@type\":\"CommentAction\",\"name\":\"Comment\",\"target\":[\"https:\\\/\\\/vamosporlaliberacion.org\\\/crpmlm\\\/cual-es-hoy-nuestra-bandera-nacional\\\/#respond\"]}]},{\"@type\":\"WebPage\",\"@id\":\"https:\\\/\\\/vamosporlaliberacion.org\\\/crpmlm\\\/cual-es-hoy-nuestra-bandera-nacional\\\/\",\"url\":\"https:\\\/\\\/vamosporlaliberacion.org\\\/crpmlm\\\/cual-es-hoy-nuestra-bandera-nacional\\\/\",\"name\":\"\u00bfCu\u00e1l es hoy nuestra Bandera Nacional? - Vamos por la Liberaci\u00f3n\",\"isPartOf\":{\"@id\":\"https:\\\/\\\/vamosporlaliberacion.org\\\/crpmlm\\\/#website\"},\"primaryImageOfPage\":{\"@id\":\"https:\\\/\\\/vamosporlaliberacion.org\\\/crpmlm\\\/cual-es-hoy-nuestra-bandera-nacional\\\/#primaryimage\"},\"image\":{\"@id\":\"https:\\\/\\\/vamosporlaliberacion.org\\\/crpmlm\\\/cual-es-hoy-nuestra-bandera-nacional\\\/#primaryimage\"},\"thumbnailUrl\":\"https:\\\/\\\/i0.wp.com\\\/vamosporlaliberacion.org\\\/crpmlm\\\/wp-content\\\/uploads\\\/2019\\\/06\\\/Manuel-Belgrano-Argentina-800x445.jpg?fit=800%2C445&ssl=1\",\"datePublished\":\"2019-06-20T15:27:55+00:00\",\"dateModified\":\"2020-09-14T14:06:28+00:00\",\"author\":{\"@id\":\"https:\\\/\\\/vamosporlaliberacion.org\\\/crpmlm\\\/#\\\/schema\\\/person\\\/d6eac7758df3770dae9cd9eb104d615c\"},\"breadcrumb\":{\"@id\":\"https:\\\/\\\/vamosporlaliberacion.org\\\/crpmlm\\\/cual-es-hoy-nuestra-bandera-nacional\\\/#breadcrumb\"},\"inLanguage\":\"es\",\"potentialAction\":[{\"@type\":\"ReadAction\",\"target\":[\"https:\\\/\\\/vamosporlaliberacion.org\\\/crpmlm\\\/cual-es-hoy-nuestra-bandera-nacional\\\/\"]}]},{\"@type\":\"ImageObject\",\"inLanguage\":\"es\",\"@id\":\"https:\\\/\\\/vamosporlaliberacion.org\\\/crpmlm\\\/cual-es-hoy-nuestra-bandera-nacional\\\/#primaryimage\",\"url\":\"https:\\\/\\\/i0.wp.com\\\/vamosporlaliberacion.org\\\/crpmlm\\\/wp-content\\\/uploads\\\/2019\\\/06\\\/Manuel-Belgrano-Argentina-800x445.jpg?fit=800%2C445&ssl=1\",\"contentUrl\":\"https:\\\/\\\/i0.wp.com\\\/vamosporlaliberacion.org\\\/crpmlm\\\/wp-content\\\/uploads\\\/2019\\\/06\\\/Manuel-Belgrano-Argentina-800x445.jpg?fit=800%2C445&ssl=1\",\"width\":800,\"height\":445},{\"@type\":\"BreadcrumbList\",\"@id\":\"https:\\\/\\\/vamosporlaliberacion.org\\\/crpmlm\\\/cual-es-hoy-nuestra-bandera-nacional\\\/#breadcrumb\",\"itemListElement\":[{\"@type\":\"ListItem\",\"position\":1,\"name\":\"Portada\",\"item\":\"https:\\\/\\\/vamosporlaliberacion.org\\\/crpmlm\\\/\"},{\"@type\":\"ListItem\",\"position\":2,\"name\":\"\u00bfCu\u00e1l es hoy nuestra Bandera Nacional?\"}]},{\"@type\":\"WebSite\",\"@id\":\"https:\\\/\\\/vamosporlaliberacion.org\\\/crpmlm\\\/#website\",\"url\":\"https:\\\/\\\/vamosporlaliberacion.org\\\/crpmlm\\\/\",\"name\":\"Vamos por la Liberaci\u00f3n\",\"description\":\"Prensa CR\",\"potentialAction\":[{\"@type\":\"SearchAction\",\"target\":{\"@type\":\"EntryPoint\",\"urlTemplate\":\"https:\\\/\\\/vamosporlaliberacion.org\\\/crpmlm\\\/?s={search_term_string}\"},\"query-input\":{\"@type\":\"PropertyValueSpecification\",\"valueRequired\":true,\"valueName\":\"search_term_string\"}}],\"inLanguage\":\"es\"},{\"@type\":\"Person\",\"@id\":\"https:\\\/\\\/vamosporlaliberacion.org\\\/crpmlm\\\/#\\\/schema\\\/person\\\/d6eac7758df3770dae9cd9eb104d615c\",\"name\":\"vamos!\",\"url\":\"https:\\\/\\\/vamosporlaliberacion.org\\\/crpmlm\\\/author\\\/adminvxl\\\/\"}]}<\/script>\n<!-- \/ Yoast SEO plugin. -->","yoast_head_json":{"title":"\u00bfCu\u00e1l es hoy nuestra Bandera Nacional? - Vamos por la Liberaci\u00f3n","robots":{"index":"index","follow":"follow","max-snippet":"max-snippet:-1","max-image-preview":"max-image-preview:large","max-video-preview":"max-video-preview:-1"},"canonical":"https:\/\/vamosporlaliberacion.org\/crpmlm\/cual-es-hoy-nuestra-bandera-nacional\/","twitter_misc":{"Escrito por":"vamos!","Tiempo de lectura":"4 minutos"},"schema":{"@context":"https:\/\/schema.org","@graph":[{"@type":"Article","@id":"https:\/\/vamosporlaliberacion.org\/crpmlm\/cual-es-hoy-nuestra-bandera-nacional\/#article","isPartOf":{"@id":"https:\/\/vamosporlaliberacion.org\/crpmlm\/cual-es-hoy-nuestra-bandera-nacional\/"},"author":{"name":"vamos!","@id":"https:\/\/vamosporlaliberacion.org\/crpmlm\/#\/schema\/person\/d6eac7758df3770dae9cd9eb104d615c"},"headline":"\u00bfCu\u00e1l es hoy nuestra Bandera Nacional?","datePublished":"2019-06-20T15:27:55+00:00","dateModified":"2020-09-14T14:06:28+00:00","mainEntityOfPage":{"@id":"https:\/\/vamosporlaliberacion.org\/crpmlm\/cual-es-hoy-nuestra-bandera-nacional\/"},"wordCount":717,"commentCount":0,"image":{"@id":"https:\/\/vamosporlaliberacion.org\/crpmlm\/cual-es-hoy-nuestra-bandera-nacional\/#primaryimage"},"thumbnailUrl":"https:\/\/i0.wp.com\/vamosporlaliberacion.org\/crpmlm\/wp-content\/uploads\/2019\/06\/Manuel-Belgrano-Argentina-800x445.jpg?fit=800%2C445&ssl=1","keywords":["destacado 2","historia","Manuel Belgrano","vxl 143"],"articleSection":["Historia \/ Teor\u00eda"],"inLanguage":"es","potentialAction":[{"@type":"CommentAction","name":"Comment","target":["https:\/\/vamosporlaliberacion.org\/crpmlm\/cual-es-hoy-nuestra-bandera-nacional\/#respond"]}]},{"@type":"WebPage","@id":"https:\/\/vamosporlaliberacion.org\/crpmlm\/cual-es-hoy-nuestra-bandera-nacional\/","url":"https:\/\/vamosporlaliberacion.org\/crpmlm\/cual-es-hoy-nuestra-bandera-nacional\/","name":"\u00bfCu\u00e1l es hoy nuestra Bandera Nacional? - Vamos por la Liberaci\u00f3n","isPartOf":{"@id":"https:\/\/vamosporlaliberacion.org\/crpmlm\/#website"},"primaryImageOfPage":{"@id":"https:\/\/vamosporlaliberacion.org\/crpmlm\/cual-es-hoy-nuestra-bandera-nacional\/#primaryimage"},"image":{"@id":"https:\/\/vamosporlaliberacion.org\/crpmlm\/cual-es-hoy-nuestra-bandera-nacional\/#primaryimage"},"thumbnailUrl":"https:\/\/i0.wp.com\/vamosporlaliberacion.org\/crpmlm\/wp-content\/uploads\/2019\/06\/Manuel-Belgrano-Argentina-800x445.jpg?fit=800%2C445&ssl=1","datePublished":"2019-06-20T15:27:55+00:00","dateModified":"2020-09-14T14:06:28+00:00","author":{"@id":"https:\/\/vamosporlaliberacion.org\/crpmlm\/#\/schema\/person\/d6eac7758df3770dae9cd9eb104d615c"},"breadcrumb":{"@id":"https:\/\/vamosporlaliberacion.org\/crpmlm\/cual-es-hoy-nuestra-bandera-nacional\/#breadcrumb"},"inLanguage":"es","potentialAction":[{"@type":"ReadAction","target":["https:\/\/vamosporlaliberacion.org\/crpmlm\/cual-es-hoy-nuestra-bandera-nacional\/"]}]},{"@type":"ImageObject","inLanguage":"es","@id":"https:\/\/vamosporlaliberacion.org\/crpmlm\/cual-es-hoy-nuestra-bandera-nacional\/#primaryimage","url":"https:\/\/i0.wp.com\/vamosporlaliberacion.org\/crpmlm\/wp-content\/uploads\/2019\/06\/Manuel-Belgrano-Argentina-800x445.jpg?fit=800%2C445&ssl=1","contentUrl":"https:\/\/i0.wp.com\/vamosporlaliberacion.org\/crpmlm\/wp-content\/uploads\/2019\/06\/Manuel-Belgrano-Argentina-800x445.jpg?fit=800%2C445&ssl=1","width":800,"height":445},{"@type":"BreadcrumbList","@id":"https:\/\/vamosporlaliberacion.org\/crpmlm\/cual-es-hoy-nuestra-bandera-nacional\/#breadcrumb","itemListElement":[{"@type":"ListItem","position":1,"name":"Portada","item":"https:\/\/vamosporlaliberacion.org\/crpmlm\/"},{"@type":"ListItem","position":2,"name":"\u00bfCu\u00e1l es hoy nuestra Bandera Nacional?"}]},{"@type":"WebSite","@id":"https:\/\/vamosporlaliberacion.org\/crpmlm\/#website","url":"https:\/\/vamosporlaliberacion.org\/crpmlm\/","name":"Vamos por la Liberaci\u00f3n","description":"Prensa CR","potentialAction":[{"@type":"SearchAction","target":{"@type":"EntryPoint","urlTemplate":"https:\/\/vamosporlaliberacion.org\/crpmlm\/?s={search_term_string}"},"query-input":{"@type":"PropertyValueSpecification","valueRequired":true,"valueName":"search_term_string"}}],"inLanguage":"es"},{"@type":"Person","@id":"https:\/\/vamosporlaliberacion.org\/crpmlm\/#\/schema\/person\/d6eac7758df3770dae9cd9eb104d615c","name":"vamos!","url":"https:\/\/vamosporlaliberacion.org\/crpmlm\/author\/adminvxl\/"}]}},"jetpack_featured_media_url":"https:\/\/i0.wp.com\/vamosporlaliberacion.org\/crpmlm\/wp-content\/uploads\/2019\/06\/Manuel-Belgrano-Argentina-800x445.jpg?fit=800%2C445&ssl=1","jetpack_sharing_enabled":true,"_links":{"self":[{"href":"https:\/\/vamosporlaliberacion.org\/crpmlm\/wp-json\/wp\/v2\/posts\/13991","targetHints":{"allow":["GET"]}}],"collection":[{"href":"https:\/\/vamosporlaliberacion.org\/crpmlm\/wp-json\/wp\/v2\/posts"}],"about":[{"href":"https:\/\/vamosporlaliberacion.org\/crpmlm\/wp-json\/wp\/v2\/types\/post"}],"author":[{"embeddable":true,"href":"https:\/\/vamosporlaliberacion.org\/crpmlm\/wp-json\/wp\/v2\/users\/6"}],"replies":[{"embeddable":true,"href":"https:\/\/vamosporlaliberacion.org\/crpmlm\/wp-json\/wp\/v2\/comments?post=13991"}],"version-history":[{"count":1,"href":"https:\/\/vamosporlaliberacion.org\/crpmlm\/wp-json\/wp\/v2\/posts\/13991\/revisions"}],"predecessor-version":[{"id":19462,"href":"https:\/\/vamosporlaliberacion.org\/crpmlm\/wp-json\/wp\/v2\/posts\/13991\/revisions\/19462"}],"wp:featuredmedia":[{"embeddable":true,"href":"https:\/\/vamosporlaliberacion.org\/crpmlm\/wp-json\/wp\/v2\/media\/13916"}],"wp:attachment":[{"href":"https:\/\/vamosporlaliberacion.org\/crpmlm\/wp-json\/wp\/v2\/media?parent=13991"}],"wp:term":[{"taxonomy":"category","embeddable":true,"href":"https:\/\/vamosporlaliberacion.org\/crpmlm\/wp-json\/wp\/v2\/categories?post=13991"},{"taxonomy":"post_tag","embeddable":true,"href":"https:\/\/vamosporlaliberacion.org\/crpmlm\/wp-json\/wp\/v2\/tags?post=13991"}],"curies":[{"name":"wp","href":"https:\/\/api.w.org\/{rel}","templated":true}]}}