{"id":13894,"date":"2019-06-11T15:45:29","date_gmt":"2019-06-11T18:45:29","guid":{"rendered":"http:\/\/vamosporlaliberacion.org\/crpmlm\/?p=13894"},"modified":"2019-06-11T15:45:29","modified_gmt":"2019-06-11T18:45:29","slug":"foro-de-jovenes-por-la-unidad-en-caba","status":"publish","type":"post","link":"https:\/\/vamosporlaliberacion.org\/crpmlm\/foro-de-jovenes-por-la-unidad-en-caba\/","title":{"rendered":"Foro de J\u00f3venes por la unidad en CABA"},"content":{"rendered":"<p>El s\u00e1bado 1\u00ba de junio se realiz\u00f3 en la Facultad de Medicina de la UBA el encuentro de \u201cJ\u00f3venes por la Unidad a 50 a\u00f1os del Cordobazo\u201d. Organizado por las Juventudes de la CTA de lxs Trabajadores, de CTA Aut\u00f3noma, de la Corriente Federal de Trabajadores, y por la Juventud Sindical de la CGT, el encuentro reivindic\u00f3 aquella gesta hist\u00f3rica basada en la unidad obrero-estudiantil, planteando que la juventud de hoy sea protagonista en el per\u00edodo actual, de hacer historia terminando con el gobierno de Macri y Cambiemos.<\/p>\n<p>Dirigentes j\u00f3venes de diversos sindicatos, del movimiento estudiantil secundario, terciario y universitario nos reunimos en cuatro comisiones con paneles con varixs oradores cada una: \u201cFuturo del trabajo\u201d; \u201cMujeres y disidencias\u201d; \u201cCon los pies en el Barrio\u201d; \u201cJuventudes y representaci\u00f3n pol\u00edtica\u201d. Tambi\u00e9n se hizo presente una delegaci\u00f3n del CR y el MPL con una adhesi\u00f3n.<\/p>\n<p>En un aula magna ambientada con las banderas de las organizaciones convocantes y con una gran concurrencia de j\u00f3venes de organizaciones como La C\u00e1mpora, Frente Patria Grande y otras, cerraron el evento Mat\u00edas Zalduendo (Secretario Nacional de Juventud CTA-T y de Derechos Humanos de UTE-CTERA), Eva Dimopulos, Co-presidenta de la FUBA y por \u00faltimo M\u00e1ximo Kirchner.<\/p>\n<p><img data-recalc-dims=\"1\" loading=\"lazy\" decoding=\"async\" class=\"alignnone wp-image-13784 size-large\" src=\"https:\/\/i0.wp.com\/vamosporlaliberacion.org\/crpmlm\/wp-content\/uploads\/2019\/06\/foro-cbazo1-700x525.jpg?resize=640%2C480\" alt=\"\" width=\"640\" height=\"480\" srcset=\"https:\/\/i0.wp.com\/vamosporlaliberacion.org\/crpmlm\/wp-content\/uploads\/2019\/06\/foro-cbazo1.jpg?resize=700%2C525&amp;ssl=1 700w, https:\/\/i0.wp.com\/vamosporlaliberacion.org\/crpmlm\/wp-content\/uploads\/2019\/06\/foro-cbazo1.jpg?resize=300%2C225&amp;ssl=1 300w, https:\/\/i0.wp.com\/vamosporlaliberacion.org\/crpmlm\/wp-content\/uploads\/2019\/06\/foro-cbazo1.jpg?resize=768%2C576&amp;ssl=1 768w, https:\/\/i0.wp.com\/vamosporlaliberacion.org\/crpmlm\/wp-content\/uploads\/2019\/06\/foro-cbazo1.jpg?resize=80%2C60&amp;ssl=1 80w, https:\/\/i0.wp.com\/vamosporlaliberacion.org\/crpmlm\/wp-content\/uploads\/2019\/06\/foro-cbazo1.jpg?resize=265%2C198&amp;ssl=1 265w, https:\/\/i0.wp.com\/vamosporlaliberacion.org\/crpmlm\/wp-content\/uploads\/2019\/06\/foro-cbazo1.jpg?resize=696%2C522&amp;ssl=1 696w, https:\/\/i0.wp.com\/vamosporlaliberacion.org\/crpmlm\/wp-content\/uploads\/2019\/06\/foro-cbazo1.jpg?resize=560%2C420&amp;ssl=1 560w, https:\/\/i0.wp.com\/vamosporlaliberacion.org\/crpmlm\/wp-content\/uploads\/2019\/06\/foro-cbazo1.jpg?w=960&amp;ssl=1 960w\" sizes=\"auto, (max-width: 640px) 100vw, 640px\" \/><\/p>\n<hr \/>\n<h2>Adhesi\u00f3n<\/h2>\n<p>Desde el Movimiento Popular Liberaci\u00f3n, la Corriente Clasista Ren\u00e9 Salamanca y Estudiantes por la Liberaci\u00f3n, nos sumamos y saludamos la realizaci\u00f3n de este foro a 50 a\u00f1os del Cordobazo. El Cordobazo es un hito de la clase obrera y el pueblo argentino en la historia de nuestro pa\u00eds, que marc\u00f3 el principio del fin de la dictadura de Ongan\u00eda y la perspectiva de la liberaci\u00f3n nacional y social. Hoy, frente a la pol\u00edtica de ajuste y entrega de Macri, es fundamental que el conjunto de los trabajadores y el pueblo sigamos avanzando en la conformaci\u00f3n de un frente de unidad popular, como se viene concretando, para derrotar en las calles y en las urnas esta pol\u00edtica de Macri y Cambiemos.<\/p>\n<p style=\"text-align: right;\"><strong>MP Liberaci\u00f3n &#8211; CABA,<br \/>\nCorriente Clasista Ren\u00e9 Salamanca<br \/>\ny Estudiantes por la Liberaci\u00f3n.<\/strong><\/p>\n<!-- AddThis Advanced Settings generic via filter on the_content --><!-- AddThis Share Buttons generic via filter on the_content -->","protected":false},"excerpt":{"rendered":"<p>El s\u00e1bado 1\u00ba de junio se realiz\u00f3 en la Facultad de Medicina de la UBA el encuentro de \u201cJ\u00f3venes por la Unidad a 50 a\u00f1os del Cordobazo\u201d. Organizado por las Juventudes de la CTA de lxs Trabajadores, de CTA Aut\u00f3noma, de la Corriente Federal de Trabajadores, y por la Juventud Sindical de la CGT, el [&hellip;]<!-- AddThis Advanced Settings generic via filter on get_the_excerpt --><!-- AddThis Share Buttons generic via filter on get_the_excerpt --><\/p>\n","protected":false},"author":6,"featured_media":13785,"comment_status":"open","ping_status":"open","sticky":false,"template":"","format":"standard","meta":{"_jetpack_memberships_contains_paid_content":false,"footnotes":""},"categories":[1699],"tags":[45,69,1315],"class_list":{"0":"post-13894","1":"post","2":"type-post","3":"status-publish","4":"format-standard","5":"has-post-thumbnail","7":"category-noticias","8":"tag-caba","9":"tag-cordobazo","10":"tag-vxl-142"},"yoast_head":"<!-- This site is optimized with the Yoast SEO plugin v27.4 - https:\/\/yoast.com\/product\/yoast-seo-wordpress\/ -->\n<title>Foro de J\u00f3venes por la unidad en CABA - Vamos por la Liberaci\u00f3n<\/title>\n<meta name=\"robots\" content=\"index, follow, max-snippet:-1, max-image-preview:large, max-video-preview:-1\" \/>\n<link rel=\"canonical\" href=\"http:\/\/vamosporlaliberacion.org\/crpmlm\/foro-de-jovenes-por-la-unidad-en-caba\/\" \/>\n<meta name=\"twitter:label1\" content=\"Escrito por\" \/>\n\t<meta name=\"twitter:data1\" content=\"vamos!\" \/>\n\t<meta name=\"twitter:label2\" content=\"Tiempo de lectura\" \/>\n\t<meta name=\"twitter:data2\" content=\"2 minutos\" \/>\n<script type=\"application\/ld+json\" class=\"yoast-schema-graph\">{\"@context\":\"https:\\\/\\\/schema.org\",\"@graph\":[{\"@type\":\"Article\",\"@id\":\"http:\\\/\\\/vamosporlaliberacion.org\\\/crpmlm\\\/foro-de-jovenes-por-la-unidad-en-caba\\\/#article\",\"isPartOf\":{\"@id\":\"http:\\\/\\\/vamosporlaliberacion.org\\\/crpmlm\\\/foro-de-jovenes-por-la-unidad-en-caba\\\/\"},\"author\":{\"name\":\"vamos!\",\"@id\":\"https:\\\/\\\/vamosporlaliberacion.org\\\/crpmlm\\\/#\\\/schema\\\/person\\\/d6eac7758df3770dae9cd9eb104d615c\"},\"headline\":\"Foro de J\u00f3venes por la unidad en CABA\",\"datePublished\":\"2019-06-11T18:45:29+00:00\",\"mainEntityOfPage\":{\"@id\":\"http:\\\/\\\/vamosporlaliberacion.org\\\/crpmlm\\\/foro-de-jovenes-por-la-unidad-en-caba\\\/\"},\"wordCount\":367,\"commentCount\":0,\"image\":{\"@id\":\"http:\\\/\\\/vamosporlaliberacion.org\\\/crpmlm\\\/foro-de-jovenes-por-la-unidad-en-caba\\\/#primaryimage\"},\"thumbnailUrl\":\"https:\\\/\\\/i0.wp.com\\\/vamosporlaliberacion.org\\\/crpmlm\\\/wp-content\\\/uploads\\\/2019\\\/06\\\/foro-cbazo2.jpg?fit=1280%2C960&ssl=1\",\"keywords\":[\"CABA\",\"Cordobazo\",\"vxl 142\"],\"articleSection\":[\"Noticias\"],\"inLanguage\":\"es\",\"potentialAction\":[{\"@type\":\"CommentAction\",\"name\":\"Comment\",\"target\":[\"http:\\\/\\\/vamosporlaliberacion.org\\\/crpmlm\\\/foro-de-jovenes-por-la-unidad-en-caba\\\/#respond\"]}]},{\"@type\":\"WebPage\",\"@id\":\"http:\\\/\\\/vamosporlaliberacion.org\\\/crpmlm\\\/foro-de-jovenes-por-la-unidad-en-caba\\\/\",\"url\":\"http:\\\/\\\/vamosporlaliberacion.org\\\/crpmlm\\\/foro-de-jovenes-por-la-unidad-en-caba\\\/\",\"name\":\"Foro de J\u00f3venes por la unidad en CABA - Vamos por la Liberaci\u00f3n\",\"isPartOf\":{\"@id\":\"https:\\\/\\\/vamosporlaliberacion.org\\\/crpmlm\\\/#website\"},\"primaryImageOfPage\":{\"@id\":\"http:\\\/\\\/vamosporlaliberacion.org\\\/crpmlm\\\/foro-de-jovenes-por-la-unidad-en-caba\\\/#primaryimage\"},\"image\":{\"@id\":\"http:\\\/\\\/vamosporlaliberacion.org\\\/crpmlm\\\/foro-de-jovenes-por-la-unidad-en-caba\\\/#primaryimage\"},\"thumbnailUrl\":\"https:\\\/\\\/i0.wp.com\\\/vamosporlaliberacion.org\\\/crpmlm\\\/wp-content\\\/uploads\\\/2019\\\/06\\\/foro-cbazo2.jpg?fit=1280%2C960&ssl=1\",\"datePublished\":\"2019-06-11T18:45:29+00:00\",\"author\":{\"@id\":\"https:\\\/\\\/vamosporlaliberacion.org\\\/crpmlm\\\/#\\\/schema\\\/person\\\/d6eac7758df3770dae9cd9eb104d615c\"},\"breadcrumb\":{\"@id\":\"http:\\\/\\\/vamosporlaliberacion.org\\\/crpmlm\\\/foro-de-jovenes-por-la-unidad-en-caba\\\/#breadcrumb\"},\"inLanguage\":\"es\",\"potentialAction\":[{\"@type\":\"ReadAction\",\"target\":[\"http:\\\/\\\/vamosporlaliberacion.org\\\/crpmlm\\\/foro-de-jovenes-por-la-unidad-en-caba\\\/\"]}]},{\"@type\":\"ImageObject\",\"inLanguage\":\"es\",\"@id\":\"http:\\\/\\\/vamosporlaliberacion.org\\\/crpmlm\\\/foro-de-jovenes-por-la-unidad-en-caba\\\/#primaryimage\",\"url\":\"https:\\\/\\\/i0.wp.com\\\/vamosporlaliberacion.org\\\/crpmlm\\\/wp-content\\\/uploads\\\/2019\\\/06\\\/foro-cbazo2.jpg?fit=1280%2C960&ssl=1\",\"contentUrl\":\"https:\\\/\\\/i0.wp.com\\\/vamosporlaliberacion.org\\\/crpmlm\\\/wp-content\\\/uploads\\\/2019\\\/06\\\/foro-cbazo2.jpg?fit=1280%2C960&ssl=1\",\"width\":1280,\"height\":960},{\"@type\":\"BreadcrumbList\",\"@id\":\"http:\\\/\\\/vamosporlaliberacion.org\\\/crpmlm\\\/foro-de-jovenes-por-la-unidad-en-caba\\\/#breadcrumb\",\"itemListElement\":[{\"@type\":\"ListItem\",\"position\":1,\"name\":\"Portada\",\"item\":\"https:\\\/\\\/vamosporlaliberacion.org\\\/crpmlm\\\/\"},{\"@type\":\"ListItem\",\"position\":2,\"name\":\"Foro de J\u00f3venes por la unidad en CABA\"}]},{\"@type\":\"WebSite\",\"@id\":\"https:\\\/\\\/vamosporlaliberacion.org\\\/crpmlm\\\/#website\",\"url\":\"https:\\\/\\\/vamosporlaliberacion.org\\\/crpmlm\\\/\",\"name\":\"Vamos por la Liberaci\u00f3n\",\"description\":\"Prensa CR\",\"potentialAction\":[{\"@type\":\"SearchAction\",\"target\":{\"@type\":\"EntryPoint\",\"urlTemplate\":\"https:\\\/\\\/vamosporlaliberacion.org\\\/crpmlm\\\/?s={search_term_string}\"},\"query-input\":{\"@type\":\"PropertyValueSpecification\",\"valueRequired\":true,\"valueName\":\"search_term_string\"}}],\"inLanguage\":\"es\"},{\"@type\":\"Person\",\"@id\":\"https:\\\/\\\/vamosporlaliberacion.org\\\/crpmlm\\\/#\\\/schema\\\/person\\\/d6eac7758df3770dae9cd9eb104d615c\",\"name\":\"vamos!\",\"url\":\"https:\\\/\\\/vamosporlaliberacion.org\\\/crpmlm\\\/author\\\/adminvxl\\\/\"}]}<\/script>\n<!-- \/ Yoast SEO plugin. -->","yoast_head_json":{"title":"Foro de J\u00f3venes por la unidad en CABA - Vamos por la Liberaci\u00f3n","robots":{"index":"index","follow":"follow","max-snippet":"max-snippet:-1","max-image-preview":"max-image-preview:large","max-video-preview":"max-video-preview:-1"},"canonical":"http:\/\/vamosporlaliberacion.org\/crpmlm\/foro-de-jovenes-por-la-unidad-en-caba\/","twitter_misc":{"Escrito por":"vamos!","Tiempo de lectura":"2 minutos"},"schema":{"@context":"https:\/\/schema.org","@graph":[{"@type":"Article","@id":"http:\/\/vamosporlaliberacion.org\/crpmlm\/foro-de-jovenes-por-la-unidad-en-caba\/#article","isPartOf":{"@id":"http:\/\/vamosporlaliberacion.org\/crpmlm\/foro-de-jovenes-por-la-unidad-en-caba\/"},"author":{"name":"vamos!","@id":"https:\/\/vamosporlaliberacion.org\/crpmlm\/#\/schema\/person\/d6eac7758df3770dae9cd9eb104d615c"},"headline":"Foro de J\u00f3venes por la unidad en CABA","datePublished":"2019-06-11T18:45:29+00:00","mainEntityOfPage":{"@id":"http:\/\/vamosporlaliberacion.org\/crpmlm\/foro-de-jovenes-por-la-unidad-en-caba\/"},"wordCount":367,"commentCount":0,"image":{"@id":"http:\/\/vamosporlaliberacion.org\/crpmlm\/foro-de-jovenes-por-la-unidad-en-caba\/#primaryimage"},"thumbnailUrl":"https:\/\/i0.wp.com\/vamosporlaliberacion.org\/crpmlm\/wp-content\/uploads\/2019\/06\/foro-cbazo2.jpg?fit=1280%2C960&ssl=1","keywords":["CABA","Cordobazo","vxl 142"],"articleSection":["Noticias"],"inLanguage":"es","potentialAction":[{"@type":"CommentAction","name":"Comment","target":["http:\/\/vamosporlaliberacion.org\/crpmlm\/foro-de-jovenes-por-la-unidad-en-caba\/#respond"]}]},{"@type":"WebPage","@id":"http:\/\/vamosporlaliberacion.org\/crpmlm\/foro-de-jovenes-por-la-unidad-en-caba\/","url":"http:\/\/vamosporlaliberacion.org\/crpmlm\/foro-de-jovenes-por-la-unidad-en-caba\/","name":"Foro de J\u00f3venes por la unidad en CABA - Vamos por la Liberaci\u00f3n","isPartOf":{"@id":"https:\/\/vamosporlaliberacion.org\/crpmlm\/#website"},"primaryImageOfPage":{"@id":"http:\/\/vamosporlaliberacion.org\/crpmlm\/foro-de-jovenes-por-la-unidad-en-caba\/#primaryimage"},"image":{"@id":"http:\/\/vamosporlaliberacion.org\/crpmlm\/foro-de-jovenes-por-la-unidad-en-caba\/#primaryimage"},"thumbnailUrl":"https:\/\/i0.wp.com\/vamosporlaliberacion.org\/crpmlm\/wp-content\/uploads\/2019\/06\/foro-cbazo2.jpg?fit=1280%2C960&ssl=1","datePublished":"2019-06-11T18:45:29+00:00","author":{"@id":"https:\/\/vamosporlaliberacion.org\/crpmlm\/#\/schema\/person\/d6eac7758df3770dae9cd9eb104d615c"},"breadcrumb":{"@id":"http:\/\/vamosporlaliberacion.org\/crpmlm\/foro-de-jovenes-por-la-unidad-en-caba\/#breadcrumb"},"inLanguage":"es","potentialAction":[{"@type":"ReadAction","target":["http:\/\/vamosporlaliberacion.org\/crpmlm\/foro-de-jovenes-por-la-unidad-en-caba\/"]}]},{"@type":"ImageObject","inLanguage":"es","@id":"http:\/\/vamosporlaliberacion.org\/crpmlm\/foro-de-jovenes-por-la-unidad-en-caba\/#primaryimage","url":"https:\/\/i0.wp.com\/vamosporlaliberacion.org\/crpmlm\/wp-content\/uploads\/2019\/06\/foro-cbazo2.jpg?fit=1280%2C960&ssl=1","contentUrl":"https:\/\/i0.wp.com\/vamosporlaliberacion.org\/crpmlm\/wp-content\/uploads\/2019\/06\/foro-cbazo2.jpg?fit=1280%2C960&ssl=1","width":1280,"height":960},{"@type":"BreadcrumbList","@id":"http:\/\/vamosporlaliberacion.org\/crpmlm\/foro-de-jovenes-por-la-unidad-en-caba\/#breadcrumb","itemListElement":[{"@type":"ListItem","position":1,"name":"Portada","item":"https:\/\/vamosporlaliberacion.org\/crpmlm\/"},{"@type":"ListItem","position":2,"name":"Foro de J\u00f3venes por la unidad en CABA"}]},{"@type":"WebSite","@id":"https:\/\/vamosporlaliberacion.org\/crpmlm\/#website","url":"https:\/\/vamosporlaliberacion.org\/crpmlm\/","name":"Vamos por la Liberaci\u00f3n","description":"Prensa CR","potentialAction":[{"@type":"SearchAction","target":{"@type":"EntryPoint","urlTemplate":"https:\/\/vamosporlaliberacion.org\/crpmlm\/?s={search_term_string}"},"query-input":{"@type":"PropertyValueSpecification","valueRequired":true,"valueName":"search_term_string"}}],"inLanguage":"es"},{"@type":"Person","@id":"https:\/\/vamosporlaliberacion.org\/crpmlm\/#\/schema\/person\/d6eac7758df3770dae9cd9eb104d615c","name":"vamos!","url":"https:\/\/vamosporlaliberacion.org\/crpmlm\/author\/adminvxl\/"}]}},"jetpack_featured_media_url":"https:\/\/i0.wp.com\/vamosporlaliberacion.org\/crpmlm\/wp-content\/uploads\/2019\/06\/foro-cbazo2.jpg?fit=1280%2C960&ssl=1","jetpack_sharing_enabled":true,"_links":{"self":[{"href":"https:\/\/vamosporlaliberacion.org\/crpmlm\/wp-json\/wp\/v2\/posts\/13894","targetHints":{"allow":["GET"]}}],"collection":[{"href":"https:\/\/vamosporlaliberacion.org\/crpmlm\/wp-json\/wp\/v2\/posts"}],"about":[{"href":"https:\/\/vamosporlaliberacion.org\/crpmlm\/wp-json\/wp\/v2\/types\/post"}],"author":[{"embeddable":true,"href":"https:\/\/vamosporlaliberacion.org\/crpmlm\/wp-json\/wp\/v2\/users\/6"}],"replies":[{"embeddable":true,"href":"https:\/\/vamosporlaliberacion.org\/crpmlm\/wp-json\/wp\/v2\/comments?post=13894"}],"version-history":[{"count":0,"href":"https:\/\/vamosporlaliberacion.org\/crpmlm\/wp-json\/wp\/v2\/posts\/13894\/revisions"}],"wp:featuredmedia":[{"embeddable":true,"href":"https:\/\/vamosporlaliberacion.org\/crpmlm\/wp-json\/wp\/v2\/media\/13785"}],"wp:attachment":[{"href":"https:\/\/vamosporlaliberacion.org\/crpmlm\/wp-json\/wp\/v2\/media?parent=13894"}],"wp:term":[{"taxonomy":"category","embeddable":true,"href":"https:\/\/vamosporlaliberacion.org\/crpmlm\/wp-json\/wp\/v2\/categories?post=13894"},{"taxonomy":"post_tag","embeddable":true,"href":"https:\/\/vamosporlaliberacion.org\/crpmlm\/wp-json\/wp\/v2\/tags?post=13894"}],"curies":[{"name":"wp","href":"https:\/\/api.w.org\/{rel}","templated":true}]}}