{"id":13892,"date":"2019-06-11T15:40:11","date_gmt":"2019-06-11T18:40:11","guid":{"rendered":"http:\/\/vamosporlaliberacion.org\/crpmlm\/?p=13892"},"modified":"2019-06-11T15:40:11","modified_gmt":"2019-06-11T18:40:11","slug":"de-chocobar-a-la-masacre-de-san-miguel","status":"publish","type":"post","link":"https:\/\/vamosporlaliberacion.org\/crpmlm\/de-chocobar-a-la-masacre-de-san-miguel\/","title":{"rendered":"De Chocobar a la masacre de San Miguel"},"content":{"rendered":"<p>Gonzalo Dom\u00ednguez (14 a\u00f1os), Camila L\u00f3pez (13), Danilo Sansone (13) y An\u00edbal Su\u00e1rez (22). Los cuatro murieron escapando de la balacera policial, al estrellarse con un acoplado en la madrugada del lunes 20. Roc\u00edo Quagliarello (13) tambi\u00e9n estaba dentro del Fiat 147 y hoy sigue internada en el Hospital de Alta Complejidad El Cruce de Florencio Varela. \u201cLos chicos estaban muy contentos, cantando y dem\u00e1s\u201d, describi\u00f3 el fiscal general de La Plata, H\u00e9ctor Bogliolo, a radio La Red. No fue un capricho del destino. Hay responsables.<\/p>\n<p>La versi\u00f3n policial es que dieron la se\u00f1al de alto, que el auto no se detuvo y que entonces empez\u00f3 la persecuci\u00f3n. Intentaron ocultar los disparos que efectuaron, falsearon declaraciones. Pero los despidos no s\u00f3lo fueron confirmados por testigos, sino tambi\u00e9n por la autopsia a una de las v\u00edctimas, que ten\u00eda una bala en uno de sus gl\u00fateos. \u201cYo vi todo. Sentimos un ruido raro. Eran tiros. Nos tiramos al piso. Fue una persecuci\u00f3n con disparos. Escuch\u00e9 cuatro disparos. Vi cuando el auto choc\u00f3 y los chicos en el piso. Los chicos ped\u00edan ayuda\u201d, dijo un testigo al canal TN.<\/p>\n<p>Ya hay varios polic\u00edas detenidos. Y la lista va a seguir porque se desat\u00f3 el repudio popular que ya lleg\u00f3 hasta la propia gobernaci\u00f3n bonaerense, conducida por Mar\u00eda Eugenia Vidal. Pero adem\u00e1s, la propia autojustificaci\u00f3n policial termina apuntando de hecho contra la ministra de Seguridad Patricia Bullrich. Su doctrina Chocobar, su campa\u00f1a de mano dura, insiste en que basta con la voz de alto para habilitar el uso de armas de fuego. Esto es cuestionado por el fiscal Bogliolo, que aclar\u00f3 que a\u00fan en el caso de que cualquier sospechoso no responda a la voz de alto durante una persecuci\u00f3n \u201cno amerita el uso de arma de fuego de ninguna manera\u201d.<\/p>\n<p>Hay algunas certezas pero a\u00fan muchos interrogantes. En verdad ni siquiera sabemos si hubo voz de alto. O si existi\u00f3 un llamado al 911, como dice la polic\u00eda. La declaraci\u00f3n Roc\u00edo, la \u00fanica sobreviviente, es crucial. Como as\u00ed tambi\u00e9n que siga la movilizaci\u00f3n. Como pocas veces, el gatillo f\u00e1cil se mostr\u00f3 descarnadamente.<\/p>\n<!-- AddThis Advanced Settings generic via filter on the_content --><!-- AddThis Share Buttons generic via filter on the_content -->","protected":false},"excerpt":{"rendered":"<p>Gonzalo Dom\u00ednguez (14 a\u00f1os), Camila L\u00f3pez (13), Danilo Sansone (13) y An\u00edbal Su\u00e1rez (22). Los cuatro murieron escapando de la balacera policial, al estrellarse con un acoplado en la madrugada del lunes 20. Roc\u00edo Quagliarello (13) tambi\u00e9n estaba dentro del Fiat 147 y hoy sigue internada en el Hospital de Alta Complejidad El Cruce de [&hellip;]<!-- AddThis Advanced Settings generic via filter on get_the_excerpt --><!-- AddThis Share Buttons generic via filter on get_the_excerpt --><\/p>\n","protected":false},"author":6,"featured_media":13793,"comment_status":"open","ping_status":"open","sticky":false,"template":"","format":"standard","meta":{"_jetpack_memberships_contains_paid_content":false,"footnotes":""},"categories":[1699],"tags":[395,487,1009,1321,1315],"class_list":{"0":"post-13892","1":"post","2":"type-post","3":"status-publish","4":"format-standard","5":"has-post-thumbnail","7":"category-noticias","8":"tag-buenos-aires","9":"tag-gatillo-facil","10":"tag-maria-eugenia-vidal","11":"tag-san-miguel-del-monte","12":"tag-vxl-142"},"yoast_head":"<!-- This site is optimized with the Yoast SEO plugin v27.4 - https:\/\/yoast.com\/product\/yoast-seo-wordpress\/ -->\n<title>De Chocobar a la masacre de San Miguel - Vamos por la Liberaci\u00f3n<\/title>\n<meta name=\"robots\" content=\"index, follow, max-snippet:-1, max-image-preview:large, max-video-preview:-1\" \/>\n<link rel=\"canonical\" href=\"https:\/\/vamosporlaliberacion.org\/crpmlm\/de-chocobar-a-la-masacre-de-san-miguel\/\" \/>\n<meta name=\"twitter:label1\" content=\"Escrito por\" \/>\n\t<meta name=\"twitter:data1\" content=\"vamos!\" \/>\n\t<meta name=\"twitter:label2\" content=\"Tiempo de lectura\" \/>\n\t<meta name=\"twitter:data2\" content=\"2 minutos\" \/>\n<script type=\"application\/ld+json\" class=\"yoast-schema-graph\">{\"@context\":\"https:\\\/\\\/schema.org\",\"@graph\":[{\"@type\":\"Article\",\"@id\":\"https:\\\/\\\/vamosporlaliberacion.org\\\/crpmlm\\\/de-chocobar-a-la-masacre-de-san-miguel\\\/#article\",\"isPartOf\":{\"@id\":\"https:\\\/\\\/vamosporlaliberacion.org\\\/crpmlm\\\/de-chocobar-a-la-masacre-de-san-miguel\\\/\"},\"author\":{\"name\":\"vamos!\",\"@id\":\"https:\\\/\\\/vamosporlaliberacion.org\\\/crpmlm\\\/#\\\/schema\\\/person\\\/d6eac7758df3770dae9cd9eb104d615c\"},\"headline\":\"De Chocobar a la masacre de San Miguel\",\"datePublished\":\"2019-06-11T18:40:11+00:00\",\"mainEntityOfPage\":{\"@id\":\"https:\\\/\\\/vamosporlaliberacion.org\\\/crpmlm\\\/de-chocobar-a-la-masacre-de-san-miguel\\\/\"},\"wordCount\":383,\"commentCount\":0,\"image\":{\"@id\":\"https:\\\/\\\/vamosporlaliberacion.org\\\/crpmlm\\\/de-chocobar-a-la-masacre-de-san-miguel\\\/#primaryimage\"},\"thumbnailUrl\":\"https:\\\/\\\/i0.wp.com\\\/vamosporlaliberacion.org\\\/crpmlm\\\/wp-content\\\/uploads\\\/2019\\\/06\\\/monte20190526-710462.jpg?fit=840%2C472&ssl=1\",\"keywords\":[\"Buenos Aires\",\"gatillo f\u00e1cil\",\"Mar\u00eda Eugenia Vidal\",\"San Miguel del Monte\",\"vxl 142\"],\"articleSection\":[\"Noticias\"],\"inLanguage\":\"es\",\"potentialAction\":[{\"@type\":\"CommentAction\",\"name\":\"Comment\",\"target\":[\"https:\\\/\\\/vamosporlaliberacion.org\\\/crpmlm\\\/de-chocobar-a-la-masacre-de-san-miguel\\\/#respond\"]}]},{\"@type\":\"WebPage\",\"@id\":\"https:\\\/\\\/vamosporlaliberacion.org\\\/crpmlm\\\/de-chocobar-a-la-masacre-de-san-miguel\\\/\",\"url\":\"https:\\\/\\\/vamosporlaliberacion.org\\\/crpmlm\\\/de-chocobar-a-la-masacre-de-san-miguel\\\/\",\"name\":\"De Chocobar a la masacre de San Miguel - Vamos por la Liberaci\u00f3n\",\"isPartOf\":{\"@id\":\"https:\\\/\\\/vamosporlaliberacion.org\\\/crpmlm\\\/#website\"},\"primaryImageOfPage\":{\"@id\":\"https:\\\/\\\/vamosporlaliberacion.org\\\/crpmlm\\\/de-chocobar-a-la-masacre-de-san-miguel\\\/#primaryimage\"},\"image\":{\"@id\":\"https:\\\/\\\/vamosporlaliberacion.org\\\/crpmlm\\\/de-chocobar-a-la-masacre-de-san-miguel\\\/#primaryimage\"},\"thumbnailUrl\":\"https:\\\/\\\/i0.wp.com\\\/vamosporlaliberacion.org\\\/crpmlm\\\/wp-content\\\/uploads\\\/2019\\\/06\\\/monte20190526-710462.jpg?fit=840%2C472&ssl=1\",\"datePublished\":\"2019-06-11T18:40:11+00:00\",\"author\":{\"@id\":\"https:\\\/\\\/vamosporlaliberacion.org\\\/crpmlm\\\/#\\\/schema\\\/person\\\/d6eac7758df3770dae9cd9eb104d615c\"},\"breadcrumb\":{\"@id\":\"https:\\\/\\\/vamosporlaliberacion.org\\\/crpmlm\\\/de-chocobar-a-la-masacre-de-san-miguel\\\/#breadcrumb\"},\"inLanguage\":\"es\",\"potentialAction\":[{\"@type\":\"ReadAction\",\"target\":[\"https:\\\/\\\/vamosporlaliberacion.org\\\/crpmlm\\\/de-chocobar-a-la-masacre-de-san-miguel\\\/\"]}]},{\"@type\":\"ImageObject\",\"inLanguage\":\"es\",\"@id\":\"https:\\\/\\\/vamosporlaliberacion.org\\\/crpmlm\\\/de-chocobar-a-la-masacre-de-san-miguel\\\/#primaryimage\",\"url\":\"https:\\\/\\\/i0.wp.com\\\/vamosporlaliberacion.org\\\/crpmlm\\\/wp-content\\\/uploads\\\/2019\\\/06\\\/monte20190526-710462.jpg?fit=840%2C472&ssl=1\",\"contentUrl\":\"https:\\\/\\\/i0.wp.com\\\/vamosporlaliberacion.org\\\/crpmlm\\\/wp-content\\\/uploads\\\/2019\\\/06\\\/monte20190526-710462.jpg?fit=840%2C472&ssl=1\",\"width\":840,\"height\":472},{\"@type\":\"BreadcrumbList\",\"@id\":\"https:\\\/\\\/vamosporlaliberacion.org\\\/crpmlm\\\/de-chocobar-a-la-masacre-de-san-miguel\\\/#breadcrumb\",\"itemListElement\":[{\"@type\":\"ListItem\",\"position\":1,\"name\":\"Portada\",\"item\":\"https:\\\/\\\/vamosporlaliberacion.org\\\/crpmlm\\\/\"},{\"@type\":\"ListItem\",\"position\":2,\"name\":\"De Chocobar a la masacre de San Miguel\"}]},{\"@type\":\"WebSite\",\"@id\":\"https:\\\/\\\/vamosporlaliberacion.org\\\/crpmlm\\\/#website\",\"url\":\"https:\\\/\\\/vamosporlaliberacion.org\\\/crpmlm\\\/\",\"name\":\"Vamos por la Liberaci\u00f3n\",\"description\":\"Prensa CR\",\"potentialAction\":[{\"@type\":\"SearchAction\",\"target\":{\"@type\":\"EntryPoint\",\"urlTemplate\":\"https:\\\/\\\/vamosporlaliberacion.org\\\/crpmlm\\\/?s={search_term_string}\"},\"query-input\":{\"@type\":\"PropertyValueSpecification\",\"valueRequired\":true,\"valueName\":\"search_term_string\"}}],\"inLanguage\":\"es\"},{\"@type\":\"Person\",\"@id\":\"https:\\\/\\\/vamosporlaliberacion.org\\\/crpmlm\\\/#\\\/schema\\\/person\\\/d6eac7758df3770dae9cd9eb104d615c\",\"name\":\"vamos!\",\"url\":\"https:\\\/\\\/vamosporlaliberacion.org\\\/crpmlm\\\/author\\\/adminvxl\\\/\"}]}<\/script>\n<!-- \/ Yoast SEO plugin. -->","yoast_head_json":{"title":"De Chocobar a la masacre de San Miguel - Vamos por la Liberaci\u00f3n","robots":{"index":"index","follow":"follow","max-snippet":"max-snippet:-1","max-image-preview":"max-image-preview:large","max-video-preview":"max-video-preview:-1"},"canonical":"https:\/\/vamosporlaliberacion.org\/crpmlm\/de-chocobar-a-la-masacre-de-san-miguel\/","twitter_misc":{"Escrito por":"vamos!","Tiempo de lectura":"2 minutos"},"schema":{"@context":"https:\/\/schema.org","@graph":[{"@type":"Article","@id":"https:\/\/vamosporlaliberacion.org\/crpmlm\/de-chocobar-a-la-masacre-de-san-miguel\/#article","isPartOf":{"@id":"https:\/\/vamosporlaliberacion.org\/crpmlm\/de-chocobar-a-la-masacre-de-san-miguel\/"},"author":{"name":"vamos!","@id":"https:\/\/vamosporlaliberacion.org\/crpmlm\/#\/schema\/person\/d6eac7758df3770dae9cd9eb104d615c"},"headline":"De Chocobar a la masacre de San Miguel","datePublished":"2019-06-11T18:40:11+00:00","mainEntityOfPage":{"@id":"https:\/\/vamosporlaliberacion.org\/crpmlm\/de-chocobar-a-la-masacre-de-san-miguel\/"},"wordCount":383,"commentCount":0,"image":{"@id":"https:\/\/vamosporlaliberacion.org\/crpmlm\/de-chocobar-a-la-masacre-de-san-miguel\/#primaryimage"},"thumbnailUrl":"https:\/\/i0.wp.com\/vamosporlaliberacion.org\/crpmlm\/wp-content\/uploads\/2019\/06\/monte20190526-710462.jpg?fit=840%2C472&ssl=1","keywords":["Buenos Aires","gatillo f\u00e1cil","Mar\u00eda Eugenia Vidal","San Miguel del Monte","vxl 142"],"articleSection":["Noticias"],"inLanguage":"es","potentialAction":[{"@type":"CommentAction","name":"Comment","target":["https:\/\/vamosporlaliberacion.org\/crpmlm\/de-chocobar-a-la-masacre-de-san-miguel\/#respond"]}]},{"@type":"WebPage","@id":"https:\/\/vamosporlaliberacion.org\/crpmlm\/de-chocobar-a-la-masacre-de-san-miguel\/","url":"https:\/\/vamosporlaliberacion.org\/crpmlm\/de-chocobar-a-la-masacre-de-san-miguel\/","name":"De Chocobar a la masacre de San Miguel - Vamos por la Liberaci\u00f3n","isPartOf":{"@id":"https:\/\/vamosporlaliberacion.org\/crpmlm\/#website"},"primaryImageOfPage":{"@id":"https:\/\/vamosporlaliberacion.org\/crpmlm\/de-chocobar-a-la-masacre-de-san-miguel\/#primaryimage"},"image":{"@id":"https:\/\/vamosporlaliberacion.org\/crpmlm\/de-chocobar-a-la-masacre-de-san-miguel\/#primaryimage"},"thumbnailUrl":"https:\/\/i0.wp.com\/vamosporlaliberacion.org\/crpmlm\/wp-content\/uploads\/2019\/06\/monte20190526-710462.jpg?fit=840%2C472&ssl=1","datePublished":"2019-06-11T18:40:11+00:00","author":{"@id":"https:\/\/vamosporlaliberacion.org\/crpmlm\/#\/schema\/person\/d6eac7758df3770dae9cd9eb104d615c"},"breadcrumb":{"@id":"https:\/\/vamosporlaliberacion.org\/crpmlm\/de-chocobar-a-la-masacre-de-san-miguel\/#breadcrumb"},"inLanguage":"es","potentialAction":[{"@type":"ReadAction","target":["https:\/\/vamosporlaliberacion.org\/crpmlm\/de-chocobar-a-la-masacre-de-san-miguel\/"]}]},{"@type":"ImageObject","inLanguage":"es","@id":"https:\/\/vamosporlaliberacion.org\/crpmlm\/de-chocobar-a-la-masacre-de-san-miguel\/#primaryimage","url":"https:\/\/i0.wp.com\/vamosporlaliberacion.org\/crpmlm\/wp-content\/uploads\/2019\/06\/monte20190526-710462.jpg?fit=840%2C472&ssl=1","contentUrl":"https:\/\/i0.wp.com\/vamosporlaliberacion.org\/crpmlm\/wp-content\/uploads\/2019\/06\/monte20190526-710462.jpg?fit=840%2C472&ssl=1","width":840,"height":472},{"@type":"BreadcrumbList","@id":"https:\/\/vamosporlaliberacion.org\/crpmlm\/de-chocobar-a-la-masacre-de-san-miguel\/#breadcrumb","itemListElement":[{"@type":"ListItem","position":1,"name":"Portada","item":"https:\/\/vamosporlaliberacion.org\/crpmlm\/"},{"@type":"ListItem","position":2,"name":"De Chocobar a la masacre de San Miguel"}]},{"@type":"WebSite","@id":"https:\/\/vamosporlaliberacion.org\/crpmlm\/#website","url":"https:\/\/vamosporlaliberacion.org\/crpmlm\/","name":"Vamos por la Liberaci\u00f3n","description":"Prensa CR","potentialAction":[{"@type":"SearchAction","target":{"@type":"EntryPoint","urlTemplate":"https:\/\/vamosporlaliberacion.org\/crpmlm\/?s={search_term_string}"},"query-input":{"@type":"PropertyValueSpecification","valueRequired":true,"valueName":"search_term_string"}}],"inLanguage":"es"},{"@type":"Person","@id":"https:\/\/vamosporlaliberacion.org\/crpmlm\/#\/schema\/person\/d6eac7758df3770dae9cd9eb104d615c","name":"vamos!","url":"https:\/\/vamosporlaliberacion.org\/crpmlm\/author\/adminvxl\/"}]}},"jetpack_featured_media_url":"https:\/\/i0.wp.com\/vamosporlaliberacion.org\/crpmlm\/wp-content\/uploads\/2019\/06\/monte20190526-710462.jpg?fit=840%2C472&ssl=1","jetpack_sharing_enabled":true,"_links":{"self":[{"href":"https:\/\/vamosporlaliberacion.org\/crpmlm\/wp-json\/wp\/v2\/posts\/13892","targetHints":{"allow":["GET"]}}],"collection":[{"href":"https:\/\/vamosporlaliberacion.org\/crpmlm\/wp-json\/wp\/v2\/posts"}],"about":[{"href":"https:\/\/vamosporlaliberacion.org\/crpmlm\/wp-json\/wp\/v2\/types\/post"}],"author":[{"embeddable":true,"href":"https:\/\/vamosporlaliberacion.org\/crpmlm\/wp-json\/wp\/v2\/users\/6"}],"replies":[{"embeddable":true,"href":"https:\/\/vamosporlaliberacion.org\/crpmlm\/wp-json\/wp\/v2\/comments?post=13892"}],"version-history":[{"count":0,"href":"https:\/\/vamosporlaliberacion.org\/crpmlm\/wp-json\/wp\/v2\/posts\/13892\/revisions"}],"wp:featuredmedia":[{"embeddable":true,"href":"https:\/\/vamosporlaliberacion.org\/crpmlm\/wp-json\/wp\/v2\/media\/13793"}],"wp:attachment":[{"href":"https:\/\/vamosporlaliberacion.org\/crpmlm\/wp-json\/wp\/v2\/media?parent=13892"}],"wp:term":[{"taxonomy":"category","embeddable":true,"href":"https:\/\/vamosporlaliberacion.org\/crpmlm\/wp-json\/wp\/v2\/categories?post=13892"},{"taxonomy":"post_tag","embeddable":true,"href":"https:\/\/vamosporlaliberacion.org\/crpmlm\/wp-json\/wp\/v2\/tags?post=13892"}],"curies":[{"name":"wp","href":"https:\/\/api.w.org\/{rel}","templated":true}]}}