{"id":13890,"date":"2019-06-11T15:37:47","date_gmt":"2019-06-11T18:37:47","guid":{"rendered":"http:\/\/vamosporlaliberacion.org\/crpmlm\/?p=13890"},"modified":"2019-06-11T15:37:47","modified_gmt":"2019-06-11T18:37:47","slug":"congreso-extraordinario-fuba-para-derrotar-a-macri-y-cambiemos","status":"publish","type":"post","link":"https:\/\/vamosporlaliberacion.org\/crpmlm\/congreso-extraordinario-fuba-para-derrotar-a-macri-y-cambiemos\/","title":{"rendered":"Congreso extraordinario FUBA: Para derrotar a Macri y Cambiemos"},"content":{"rendered":"<p>El jueves 23 de Mayo se realiz\u00f3 el plenario de cierre del Congreso Extraordinario de la FUBA. Participamos m\u00e1s de 700 estudiantes, que desbordamos el aula magna de la Facultad de Sociales de la UBA. Desde Estudiantes por la Liberaci\u00f3n (ExL) participamos compa\u00f1erxs de FADU, Ingenier\u00eda, Medicina, Filo y el CBC.<\/p>\n<p>El plenario comenz\u00f3 con una apertura a cargo de las presidencia y vicepresidencias, donde se destac\u00f3 principalmente el proceso de recuperaci\u00f3n de la Federaci\u00f3n despu\u00e9s del congreso trucho armado por la Franja Morada el a\u00f1o pasado junto a la UES y el MLI, avalado por el Rectorado de la UBA. Luego se dio paso a la lectura y votaci\u00f3n de las mociones por mayor\u00eda y minor\u00eda que hab\u00edan surgido de las comisiones los d\u00edas anteriores.<\/p>\n<p>Las mociones por mayor\u00eda en todas las comisiones fueron las que impulsamos desde el frente de unidad de lxs estudiantes y las agrupaciones que buscamos terminar con las pol\u00edticas del gobierno de Macri y Larreta. En este frente participamos desde ExL junto a La Mella, Nuevo Encuentro, La C\u00e1mpora, Auge, Protagonistas, La Dignidad, entre otros sectores. Por el otro lado estuvieron las mociones impulsadas por el Partido Obrero que pon\u00edan el centro golpear a Macri, los gobernadores en bloque y tambi\u00e9n al anterior gobierno kirchnerista, todo al mismo nivel.<\/p>\n<p>Con una amplia unidad se logr\u00f3 que las mociones por mayor\u00eda fueran tambi\u00e9n, con un holgado margen, las m\u00e1s votadas en el plenario y marquen el rumbo de la pol\u00edtica de la Federaci\u00f3n. Luego se vot\u00f3 un plan de lucha unificado que fue aprobado por unanimidad.<\/p>\n<p>Para cerrar se dio la palabra a representantes de todas las agrupaciones presentes. Sof\u00eda Rocha, Secretaria de Articulaci\u00f3n territorial de la FUBA y Consejera superior de la UBA, tom\u00f3 la palabra por ExL destacando principalmente los procesos de lucha llevados adelante estos \u00faltimos a\u00f1os por lxs estudiantes y el movimiento de mujeres frente a las pol\u00edticas de primarizaci\u00f3n de la econom\u00eda, ajuste, hambre y endeudamiento del gobierno, y la amplia unidad que fue creciendo en estos procesos de lucha. Y la necesidad de enfrentar al Gobierno, el Rectorado y sus alianzas y\/o expresiones de Cambiemos en las Facultades.<\/p>\n<p>En las intervenciones se destac\u00f3, por un lado la vocaci\u00f3n de unidad de todas las agrupaciones que buscamos terminar con la pol\u00edtica del gobierno, resaltando en varias oportunidades el apoyo a la candidatura Fernandez-Fernandez y la necesidad de la conformaci\u00f3n de un amplio frente popular, y por el otro los sectores trotskistas que buscan alternativizarse, incluso entre ellos mismos, y que dividen constantemente la lucha.<\/p>\n<p>En definitiva el Congreso fue un paso adelante en la lucha contra el gobierno de Macri-Cambiemos, donde se demostr\u00f3 el avance de la unidad de los sectores que lo enfrentamos en las facultades, en las calles y en las urnas.<\/p>\n<p style=\"text-align: right;\">Corresponsal<\/p>\n<!-- AddThis Advanced Settings generic via filter on the_content --><!-- AddThis Share Buttons generic via filter on the_content -->","protected":false},"excerpt":{"rendered":"<p>El jueves 23 de Mayo se realiz\u00f3 el plenario de cierre del Congreso Extraordinario de la FUBA. Participamos m\u00e1s de 700 estudiantes, que desbordamos el aula magna de la Facultad de Sociales de la UBA. Desde Estudiantes por la Liberaci\u00f3n (ExL) participamos compa\u00f1erxs de FADU, Ingenier\u00eda, Medicina, Filo y el CBC. El plenario comenz\u00f3 con [&hellip;]<!-- AddThis Advanced Settings generic via filter on get_the_excerpt --><!-- AddThis Share Buttons generic via filter on get_the_excerpt --><\/p>\n","protected":false},"author":6,"featured_media":13787,"comment_status":"open","ping_status":"open","sticky":false,"template":"","format":"standard","meta":{"_jetpack_memberships_contains_paid_content":false,"footnotes":""},"categories":[1699],"tags":[122,624,1315],"class_list":{"0":"post-13890","1":"post","2":"type-post","3":"status-publish","4":"format-standard","5":"has-post-thumbnail","7":"category-noticias","8":"tag-fuba","9":"tag-movimiento-estudiantil","10":"tag-vxl-142"},"yoast_head":"<!-- This site is optimized with the Yoast SEO plugin v27.4 - https:\/\/yoast.com\/product\/yoast-seo-wordpress\/ -->\n<title>Congreso extraordinario FUBA: Para derrotar a Macri y Cambiemos - Vamos por la Liberaci\u00f3n<\/title>\n<meta name=\"robots\" content=\"index, follow, max-snippet:-1, max-image-preview:large, max-video-preview:-1\" \/>\n<link rel=\"canonical\" href=\"https:\/\/vamosporlaliberacion.org\/crpmlm\/congreso-extraordinario-fuba-para-derrotar-a-macri-y-cambiemos\/\" \/>\n<meta name=\"twitter:label1\" content=\"Escrito por\" \/>\n\t<meta name=\"twitter:data1\" content=\"vamos!\" \/>\n\t<meta name=\"twitter:label2\" content=\"Tiempo de lectura\" \/>\n\t<meta name=\"twitter:data2\" content=\"2 minutos\" \/>\n<script type=\"application\/ld+json\" class=\"yoast-schema-graph\">{\"@context\":\"https:\\\/\\\/schema.org\",\"@graph\":[{\"@type\":\"Article\",\"@id\":\"https:\\\/\\\/vamosporlaliberacion.org\\\/crpmlm\\\/congreso-extraordinario-fuba-para-derrotar-a-macri-y-cambiemos\\\/#article\",\"isPartOf\":{\"@id\":\"https:\\\/\\\/vamosporlaliberacion.org\\\/crpmlm\\\/congreso-extraordinario-fuba-para-derrotar-a-macri-y-cambiemos\\\/\"},\"author\":{\"name\":\"vamos!\",\"@id\":\"https:\\\/\\\/vamosporlaliberacion.org\\\/crpmlm\\\/#\\\/schema\\\/person\\\/d6eac7758df3770dae9cd9eb104d615c\"},\"headline\":\"Congreso extraordinario FUBA: Para derrotar a Macri y Cambiemos\",\"datePublished\":\"2019-06-11T18:37:47+00:00\",\"mainEntityOfPage\":{\"@id\":\"https:\\\/\\\/vamosporlaliberacion.org\\\/crpmlm\\\/congreso-extraordinario-fuba-para-derrotar-a-macri-y-cambiemos\\\/\"},\"wordCount\":505,\"commentCount\":0,\"image\":{\"@id\":\"https:\\\/\\\/vamosporlaliberacion.org\\\/crpmlm\\\/congreso-extraordinario-fuba-para-derrotar-a-macri-y-cambiemos\\\/#primaryimage\"},\"thumbnailUrl\":\"https:\\\/\\\/i0.wp.com\\\/vamosporlaliberacion.org\\\/crpmlm\\\/wp-content\\\/uploads\\\/2019\\\/06\\\/fuba.jpg?fit=1200%2C800&ssl=1\",\"keywords\":[\"FUBA\",\"movimiento estudiantil\",\"vxl 142\"],\"articleSection\":[\"Noticias\"],\"inLanguage\":\"es\",\"potentialAction\":[{\"@type\":\"CommentAction\",\"name\":\"Comment\",\"target\":[\"https:\\\/\\\/vamosporlaliberacion.org\\\/crpmlm\\\/congreso-extraordinario-fuba-para-derrotar-a-macri-y-cambiemos\\\/#respond\"]}]},{\"@type\":\"WebPage\",\"@id\":\"https:\\\/\\\/vamosporlaliberacion.org\\\/crpmlm\\\/congreso-extraordinario-fuba-para-derrotar-a-macri-y-cambiemos\\\/\",\"url\":\"https:\\\/\\\/vamosporlaliberacion.org\\\/crpmlm\\\/congreso-extraordinario-fuba-para-derrotar-a-macri-y-cambiemos\\\/\",\"name\":\"Congreso extraordinario FUBA: Para derrotar a Macri y Cambiemos - Vamos por la Liberaci\u00f3n\",\"isPartOf\":{\"@id\":\"https:\\\/\\\/vamosporlaliberacion.org\\\/crpmlm\\\/#website\"},\"primaryImageOfPage\":{\"@id\":\"https:\\\/\\\/vamosporlaliberacion.org\\\/crpmlm\\\/congreso-extraordinario-fuba-para-derrotar-a-macri-y-cambiemos\\\/#primaryimage\"},\"image\":{\"@id\":\"https:\\\/\\\/vamosporlaliberacion.org\\\/crpmlm\\\/congreso-extraordinario-fuba-para-derrotar-a-macri-y-cambiemos\\\/#primaryimage\"},\"thumbnailUrl\":\"https:\\\/\\\/i0.wp.com\\\/vamosporlaliberacion.org\\\/crpmlm\\\/wp-content\\\/uploads\\\/2019\\\/06\\\/fuba.jpg?fit=1200%2C800&ssl=1\",\"datePublished\":\"2019-06-11T18:37:47+00:00\",\"author\":{\"@id\":\"https:\\\/\\\/vamosporlaliberacion.org\\\/crpmlm\\\/#\\\/schema\\\/person\\\/d6eac7758df3770dae9cd9eb104d615c\"},\"breadcrumb\":{\"@id\":\"https:\\\/\\\/vamosporlaliberacion.org\\\/crpmlm\\\/congreso-extraordinario-fuba-para-derrotar-a-macri-y-cambiemos\\\/#breadcrumb\"},\"inLanguage\":\"es\",\"potentialAction\":[{\"@type\":\"ReadAction\",\"target\":[\"https:\\\/\\\/vamosporlaliberacion.org\\\/crpmlm\\\/congreso-extraordinario-fuba-para-derrotar-a-macri-y-cambiemos\\\/\"]}]},{\"@type\":\"ImageObject\",\"inLanguage\":\"es\",\"@id\":\"https:\\\/\\\/vamosporlaliberacion.org\\\/crpmlm\\\/congreso-extraordinario-fuba-para-derrotar-a-macri-y-cambiemos\\\/#primaryimage\",\"url\":\"https:\\\/\\\/i0.wp.com\\\/vamosporlaliberacion.org\\\/crpmlm\\\/wp-content\\\/uploads\\\/2019\\\/06\\\/fuba.jpg?fit=1200%2C800&ssl=1\",\"contentUrl\":\"https:\\\/\\\/i0.wp.com\\\/vamosporlaliberacion.org\\\/crpmlm\\\/wp-content\\\/uploads\\\/2019\\\/06\\\/fuba.jpg?fit=1200%2C800&ssl=1\",\"width\":1200,\"height\":800},{\"@type\":\"BreadcrumbList\",\"@id\":\"https:\\\/\\\/vamosporlaliberacion.org\\\/crpmlm\\\/congreso-extraordinario-fuba-para-derrotar-a-macri-y-cambiemos\\\/#breadcrumb\",\"itemListElement\":[{\"@type\":\"ListItem\",\"position\":1,\"name\":\"Portada\",\"item\":\"https:\\\/\\\/vamosporlaliberacion.org\\\/crpmlm\\\/\"},{\"@type\":\"ListItem\",\"position\":2,\"name\":\"Congreso extraordinario FUBA: Para derrotar a Macri y Cambiemos\"}]},{\"@type\":\"WebSite\",\"@id\":\"https:\\\/\\\/vamosporlaliberacion.org\\\/crpmlm\\\/#website\",\"url\":\"https:\\\/\\\/vamosporlaliberacion.org\\\/crpmlm\\\/\",\"name\":\"Vamos por la Liberaci\u00f3n\",\"description\":\"Prensa CR\",\"potentialAction\":[{\"@type\":\"SearchAction\",\"target\":{\"@type\":\"EntryPoint\",\"urlTemplate\":\"https:\\\/\\\/vamosporlaliberacion.org\\\/crpmlm\\\/?s={search_term_string}\"},\"query-input\":{\"@type\":\"PropertyValueSpecification\",\"valueRequired\":true,\"valueName\":\"search_term_string\"}}],\"inLanguage\":\"es\"},{\"@type\":\"Person\",\"@id\":\"https:\\\/\\\/vamosporlaliberacion.org\\\/crpmlm\\\/#\\\/schema\\\/person\\\/d6eac7758df3770dae9cd9eb104d615c\",\"name\":\"vamos!\",\"url\":\"https:\\\/\\\/vamosporlaliberacion.org\\\/crpmlm\\\/author\\\/adminvxl\\\/\"}]}<\/script>\n<!-- \/ Yoast SEO plugin. -->","yoast_head_json":{"title":"Congreso extraordinario FUBA: Para derrotar a Macri y Cambiemos - Vamos por la Liberaci\u00f3n","robots":{"index":"index","follow":"follow","max-snippet":"max-snippet:-1","max-image-preview":"max-image-preview:large","max-video-preview":"max-video-preview:-1"},"canonical":"https:\/\/vamosporlaliberacion.org\/crpmlm\/congreso-extraordinario-fuba-para-derrotar-a-macri-y-cambiemos\/","twitter_misc":{"Escrito por":"vamos!","Tiempo de lectura":"2 minutos"},"schema":{"@context":"https:\/\/schema.org","@graph":[{"@type":"Article","@id":"https:\/\/vamosporlaliberacion.org\/crpmlm\/congreso-extraordinario-fuba-para-derrotar-a-macri-y-cambiemos\/#article","isPartOf":{"@id":"https:\/\/vamosporlaliberacion.org\/crpmlm\/congreso-extraordinario-fuba-para-derrotar-a-macri-y-cambiemos\/"},"author":{"name":"vamos!","@id":"https:\/\/vamosporlaliberacion.org\/crpmlm\/#\/schema\/person\/d6eac7758df3770dae9cd9eb104d615c"},"headline":"Congreso extraordinario FUBA: Para derrotar a Macri y Cambiemos","datePublished":"2019-06-11T18:37:47+00:00","mainEntityOfPage":{"@id":"https:\/\/vamosporlaliberacion.org\/crpmlm\/congreso-extraordinario-fuba-para-derrotar-a-macri-y-cambiemos\/"},"wordCount":505,"commentCount":0,"image":{"@id":"https:\/\/vamosporlaliberacion.org\/crpmlm\/congreso-extraordinario-fuba-para-derrotar-a-macri-y-cambiemos\/#primaryimage"},"thumbnailUrl":"https:\/\/i0.wp.com\/vamosporlaliberacion.org\/crpmlm\/wp-content\/uploads\/2019\/06\/fuba.jpg?fit=1200%2C800&ssl=1","keywords":["FUBA","movimiento estudiantil","vxl 142"],"articleSection":["Noticias"],"inLanguage":"es","potentialAction":[{"@type":"CommentAction","name":"Comment","target":["https:\/\/vamosporlaliberacion.org\/crpmlm\/congreso-extraordinario-fuba-para-derrotar-a-macri-y-cambiemos\/#respond"]}]},{"@type":"WebPage","@id":"https:\/\/vamosporlaliberacion.org\/crpmlm\/congreso-extraordinario-fuba-para-derrotar-a-macri-y-cambiemos\/","url":"https:\/\/vamosporlaliberacion.org\/crpmlm\/congreso-extraordinario-fuba-para-derrotar-a-macri-y-cambiemos\/","name":"Congreso extraordinario FUBA: Para derrotar a Macri y Cambiemos - Vamos por la Liberaci\u00f3n","isPartOf":{"@id":"https:\/\/vamosporlaliberacion.org\/crpmlm\/#website"},"primaryImageOfPage":{"@id":"https:\/\/vamosporlaliberacion.org\/crpmlm\/congreso-extraordinario-fuba-para-derrotar-a-macri-y-cambiemos\/#primaryimage"},"image":{"@id":"https:\/\/vamosporlaliberacion.org\/crpmlm\/congreso-extraordinario-fuba-para-derrotar-a-macri-y-cambiemos\/#primaryimage"},"thumbnailUrl":"https:\/\/i0.wp.com\/vamosporlaliberacion.org\/crpmlm\/wp-content\/uploads\/2019\/06\/fuba.jpg?fit=1200%2C800&ssl=1","datePublished":"2019-06-11T18:37:47+00:00","author":{"@id":"https:\/\/vamosporlaliberacion.org\/crpmlm\/#\/schema\/person\/d6eac7758df3770dae9cd9eb104d615c"},"breadcrumb":{"@id":"https:\/\/vamosporlaliberacion.org\/crpmlm\/congreso-extraordinario-fuba-para-derrotar-a-macri-y-cambiemos\/#breadcrumb"},"inLanguage":"es","potentialAction":[{"@type":"ReadAction","target":["https:\/\/vamosporlaliberacion.org\/crpmlm\/congreso-extraordinario-fuba-para-derrotar-a-macri-y-cambiemos\/"]}]},{"@type":"ImageObject","inLanguage":"es","@id":"https:\/\/vamosporlaliberacion.org\/crpmlm\/congreso-extraordinario-fuba-para-derrotar-a-macri-y-cambiemos\/#primaryimage","url":"https:\/\/i0.wp.com\/vamosporlaliberacion.org\/crpmlm\/wp-content\/uploads\/2019\/06\/fuba.jpg?fit=1200%2C800&ssl=1","contentUrl":"https:\/\/i0.wp.com\/vamosporlaliberacion.org\/crpmlm\/wp-content\/uploads\/2019\/06\/fuba.jpg?fit=1200%2C800&ssl=1","width":1200,"height":800},{"@type":"BreadcrumbList","@id":"https:\/\/vamosporlaliberacion.org\/crpmlm\/congreso-extraordinario-fuba-para-derrotar-a-macri-y-cambiemos\/#breadcrumb","itemListElement":[{"@type":"ListItem","position":1,"name":"Portada","item":"https:\/\/vamosporlaliberacion.org\/crpmlm\/"},{"@type":"ListItem","position":2,"name":"Congreso extraordinario FUBA: Para derrotar a Macri y Cambiemos"}]},{"@type":"WebSite","@id":"https:\/\/vamosporlaliberacion.org\/crpmlm\/#website","url":"https:\/\/vamosporlaliberacion.org\/crpmlm\/","name":"Vamos por la Liberaci\u00f3n","description":"Prensa CR","potentialAction":[{"@type":"SearchAction","target":{"@type":"EntryPoint","urlTemplate":"https:\/\/vamosporlaliberacion.org\/crpmlm\/?s={search_term_string}"},"query-input":{"@type":"PropertyValueSpecification","valueRequired":true,"valueName":"search_term_string"}}],"inLanguage":"es"},{"@type":"Person","@id":"https:\/\/vamosporlaliberacion.org\/crpmlm\/#\/schema\/person\/d6eac7758df3770dae9cd9eb104d615c","name":"vamos!","url":"https:\/\/vamosporlaliberacion.org\/crpmlm\/author\/adminvxl\/"}]}},"jetpack_featured_media_url":"https:\/\/i0.wp.com\/vamosporlaliberacion.org\/crpmlm\/wp-content\/uploads\/2019\/06\/fuba.jpg?fit=1200%2C800&ssl=1","jetpack_sharing_enabled":true,"_links":{"self":[{"href":"https:\/\/vamosporlaliberacion.org\/crpmlm\/wp-json\/wp\/v2\/posts\/13890","targetHints":{"allow":["GET"]}}],"collection":[{"href":"https:\/\/vamosporlaliberacion.org\/crpmlm\/wp-json\/wp\/v2\/posts"}],"about":[{"href":"https:\/\/vamosporlaliberacion.org\/crpmlm\/wp-json\/wp\/v2\/types\/post"}],"author":[{"embeddable":true,"href":"https:\/\/vamosporlaliberacion.org\/crpmlm\/wp-json\/wp\/v2\/users\/6"}],"replies":[{"embeddable":true,"href":"https:\/\/vamosporlaliberacion.org\/crpmlm\/wp-json\/wp\/v2\/comments?post=13890"}],"version-history":[{"count":0,"href":"https:\/\/vamosporlaliberacion.org\/crpmlm\/wp-json\/wp\/v2\/posts\/13890\/revisions"}],"wp:featuredmedia":[{"embeddable":true,"href":"https:\/\/vamosporlaliberacion.org\/crpmlm\/wp-json\/wp\/v2\/media\/13787"}],"wp:attachment":[{"href":"https:\/\/vamosporlaliberacion.org\/crpmlm\/wp-json\/wp\/v2\/media?parent=13890"}],"wp:term":[{"taxonomy":"category","embeddable":true,"href":"https:\/\/vamosporlaliberacion.org\/crpmlm\/wp-json\/wp\/v2\/categories?post=13890"},{"taxonomy":"post_tag","embeddable":true,"href":"https:\/\/vamosporlaliberacion.org\/crpmlm\/wp-json\/wp\/v2\/tags?post=13890"}],"curies":[{"name":"wp","href":"https:\/\/api.w.org\/{rel}","templated":true}]}}