{"id":13879,"date":"2019-06-11T15:26:05","date_gmt":"2019-06-11T18:26:05","guid":{"rendered":"http:\/\/vamosporlaliberacion.org\/crpmlm\/?p=13879"},"modified":"2019-06-11T15:26:05","modified_gmt":"2019-06-11T18:26:05","slug":"25-de-mayo-locrazo-del-mp-liberacion-en-ampliar","status":"publish","type":"post","link":"https:\/\/vamosporlaliberacion.org\/crpmlm\/25-de-mayo-locrazo-del-mp-liberacion-en-ampliar\/","title":{"rendered":"25 de Mayo: Locrazo del MP Liberaci\u00f3n en Ampliar!"},"content":{"rendered":"<p>El viernes 24 a la noche, como parte de las iniciativas de las fuerzas que integran Ampliar, el MPL-Caba organiz\u00f3 un locro en el que participaron compa\u00f1eras\/os del movimiento sindical, estudiantil, de las asambleas contra el tarifazo, barrial y piquetero. Tras la cena y el saludo de los compa\u00f1eros de Nuevo Encuentro, Vamos y Somos, vinieron unas palabras del compa\u00f1ero Guillermo Rocha con las novedades de esa semana, que no eran pocas, ya que una semana antes se hab\u00eda lanzado la f\u00f3rmula Fern\u00e1ndez-Fern\u00e1ndez y unos d\u00edas despu\u00e9s se hab\u00eda constituido el frente de unidad a nivel nacional, con 18 partidos y al que adhiere el MPL; y tras el desborde del paro del 30 y los realineamientos pol\u00edticos en curso, la CGT hab\u00eda convocado al paro para el 29 de mayo.<\/p>\n<p>Luego una ronda de compa\u00f1eras\/os fueron interviniendo con las distintas iniciativas y convocatorias en curso. Sof\u00eda Rocha de la juventud explic\u00f3 las caracter\u00edsticas del proyecto actualizado de Ley IVE que La Campa\u00f1a presentar\u00eda el martes 28. La compa\u00f1era Sabrina de docentes sobre la convocatoria a \u201cNi una Menos\u201d para el 3 de junio. La compa\u00f1era Rosmeri del Barrio Mar\u00eda Auxiliadora sobre la delegaci\u00f3n que viajar\u00eda de la CCRS a C\u00f3rdoba para el acto a 50 a\u00f1os del Cordobazo. Tambi\u00e9n el compa\u00f1ero Javier Cacavelli cont\u00f3 las primeras repercusiones entre los trabajadores de su sector, tras el anuncio de la formula. Y a trav\u00e9s del compa\u00f1ero Sergio P\u00e1rraga las novedades sobre el juicio del gobierno de Larreta, tras la represi\u00f3n a la movilizaci\u00f3n a desarrollo Social del a\u00f1o pasado por comedores. No falt\u00f3 el aplauso a las compa\u00f1eras de Lucha y Trabajo que cocinaron el locro y los compa\u00f1eros\/as que participaron en la organizaci\u00f3n.<\/p>\n<p>Con estas definiciones pol\u00edticas y las luchas en curso, crece el entusiasmo de las y los compa\u00f1eros y compa\u00f1eras para derrotar a Macri y a Larreta en las elecciones de octubre con el frente de unidad que sigue creciendo. A seguir sumando!<\/p>\n<p style=\"text-align: right;\">Corresponsal<\/p>\n<!-- AddThis Advanced Settings generic via filter on the_content --><!-- AddThis Share Buttons generic via filter on the_content -->","protected":false},"excerpt":{"rendered":"<p>El viernes 24 a la noche, como parte de las iniciativas de las fuerzas que integran Ampliar, el MPL-Caba organiz\u00f3 un locro en el que participaron compa\u00f1eras\/os del movimiento sindical, estudiantil, de las asambleas contra el tarifazo, barrial y piquetero. Tras la cena y el saludo de los compa\u00f1eros de Nuevo Encuentro, Vamos y Somos, [&hellip;]<!-- AddThis Advanced Settings generic via filter on get_the_excerpt --><!-- AddThis Share Buttons generic via filter on get_the_excerpt --><\/p>\n","protected":false},"author":6,"featured_media":13790,"comment_status":"open","ping_status":"open","sticky":false,"template":"","format":"standard","meta":{"_jetpack_memberships_contains_paid_content":false,"footnotes":""},"categories":[1699],"tags":[45,1194,1315],"class_list":{"0":"post-13879","1":"post","2":"type-post","3":"status-publish","4":"format-standard","5":"has-post-thumbnail","7":"category-noticias","8":"tag-caba","9":"tag-elecciones-2019","10":"tag-vxl-142"},"yoast_head":"<!-- This site is optimized with the Yoast SEO plugin v27.4 - https:\/\/yoast.com\/product\/yoast-seo-wordpress\/ -->\n<title>25 de Mayo: Locrazo del MP Liberaci\u00f3n en Ampliar! - Vamos por la Liberaci\u00f3n<\/title>\n<meta name=\"robots\" content=\"index, follow, max-snippet:-1, max-image-preview:large, max-video-preview:-1\" \/>\n<link rel=\"canonical\" href=\"https:\/\/vamosporlaliberacion.org\/crpmlm\/25-de-mayo-locrazo-del-mp-liberacion-en-ampliar\/\" \/>\n<meta name=\"twitter:label1\" content=\"Escrito por\" \/>\n\t<meta name=\"twitter:data1\" content=\"vamos!\" \/>\n\t<meta name=\"twitter:label2\" content=\"Tiempo de lectura\" \/>\n\t<meta name=\"twitter:data2\" content=\"2 minutos\" \/>\n<script type=\"application\/ld+json\" class=\"yoast-schema-graph\">{\"@context\":\"https:\\\/\\\/schema.org\",\"@graph\":[{\"@type\":\"Article\",\"@id\":\"https:\\\/\\\/vamosporlaliberacion.org\\\/crpmlm\\\/25-de-mayo-locrazo-del-mp-liberacion-en-ampliar\\\/#article\",\"isPartOf\":{\"@id\":\"https:\\\/\\\/vamosporlaliberacion.org\\\/crpmlm\\\/25-de-mayo-locrazo-del-mp-liberacion-en-ampliar\\\/\"},\"author\":{\"name\":\"vamos!\",\"@id\":\"https:\\\/\\\/vamosporlaliberacion.org\\\/crpmlm\\\/#\\\/schema\\\/person\\\/d6eac7758df3770dae9cd9eb104d615c\"},\"headline\":\"25 de Mayo: Locrazo del MP Liberaci\u00f3n en Ampliar!\",\"datePublished\":\"2019-06-11T18:26:05+00:00\",\"mainEntityOfPage\":{\"@id\":\"https:\\\/\\\/vamosporlaliberacion.org\\\/crpmlm\\\/25-de-mayo-locrazo-del-mp-liberacion-en-ampliar\\\/\"},\"wordCount\":369,\"commentCount\":0,\"image\":{\"@id\":\"https:\\\/\\\/vamosporlaliberacion.org\\\/crpmlm\\\/25-de-mayo-locrazo-del-mp-liberacion-en-ampliar\\\/#primaryimage\"},\"thumbnailUrl\":\"https:\\\/\\\/i0.wp.com\\\/vamosporlaliberacion.org\\\/crpmlm\\\/wp-content\\\/uploads\\\/2019\\\/06\\\/locro-caba-25-mayo-mpl-ampliar.jpeg?fit=1280%2C721&ssl=1\",\"keywords\":[\"CABA\",\"elecciones 2019\",\"vxl 142\"],\"articleSection\":[\"Noticias\"],\"inLanguage\":\"es\",\"potentialAction\":[{\"@type\":\"CommentAction\",\"name\":\"Comment\",\"target\":[\"https:\\\/\\\/vamosporlaliberacion.org\\\/crpmlm\\\/25-de-mayo-locrazo-del-mp-liberacion-en-ampliar\\\/#respond\"]}]},{\"@type\":\"WebPage\",\"@id\":\"https:\\\/\\\/vamosporlaliberacion.org\\\/crpmlm\\\/25-de-mayo-locrazo-del-mp-liberacion-en-ampliar\\\/\",\"url\":\"https:\\\/\\\/vamosporlaliberacion.org\\\/crpmlm\\\/25-de-mayo-locrazo-del-mp-liberacion-en-ampliar\\\/\",\"name\":\"25 de Mayo: Locrazo del MP Liberaci\u00f3n en Ampliar! - Vamos por la Liberaci\u00f3n\",\"isPartOf\":{\"@id\":\"https:\\\/\\\/vamosporlaliberacion.org\\\/crpmlm\\\/#website\"},\"primaryImageOfPage\":{\"@id\":\"https:\\\/\\\/vamosporlaliberacion.org\\\/crpmlm\\\/25-de-mayo-locrazo-del-mp-liberacion-en-ampliar\\\/#primaryimage\"},\"image\":{\"@id\":\"https:\\\/\\\/vamosporlaliberacion.org\\\/crpmlm\\\/25-de-mayo-locrazo-del-mp-liberacion-en-ampliar\\\/#primaryimage\"},\"thumbnailUrl\":\"https:\\\/\\\/i0.wp.com\\\/vamosporlaliberacion.org\\\/crpmlm\\\/wp-content\\\/uploads\\\/2019\\\/06\\\/locro-caba-25-mayo-mpl-ampliar.jpeg?fit=1280%2C721&ssl=1\",\"datePublished\":\"2019-06-11T18:26:05+00:00\",\"author\":{\"@id\":\"https:\\\/\\\/vamosporlaliberacion.org\\\/crpmlm\\\/#\\\/schema\\\/person\\\/d6eac7758df3770dae9cd9eb104d615c\"},\"breadcrumb\":{\"@id\":\"https:\\\/\\\/vamosporlaliberacion.org\\\/crpmlm\\\/25-de-mayo-locrazo-del-mp-liberacion-en-ampliar\\\/#breadcrumb\"},\"inLanguage\":\"es\",\"potentialAction\":[{\"@type\":\"ReadAction\",\"target\":[\"https:\\\/\\\/vamosporlaliberacion.org\\\/crpmlm\\\/25-de-mayo-locrazo-del-mp-liberacion-en-ampliar\\\/\"]}]},{\"@type\":\"ImageObject\",\"inLanguage\":\"es\",\"@id\":\"https:\\\/\\\/vamosporlaliberacion.org\\\/crpmlm\\\/25-de-mayo-locrazo-del-mp-liberacion-en-ampliar\\\/#primaryimage\",\"url\":\"https:\\\/\\\/i0.wp.com\\\/vamosporlaliberacion.org\\\/crpmlm\\\/wp-content\\\/uploads\\\/2019\\\/06\\\/locro-caba-25-mayo-mpl-ampliar.jpeg?fit=1280%2C721&ssl=1\",\"contentUrl\":\"https:\\\/\\\/i0.wp.com\\\/vamosporlaliberacion.org\\\/crpmlm\\\/wp-content\\\/uploads\\\/2019\\\/06\\\/locro-caba-25-mayo-mpl-ampliar.jpeg?fit=1280%2C721&ssl=1\",\"width\":1280,\"height\":721},{\"@type\":\"BreadcrumbList\",\"@id\":\"https:\\\/\\\/vamosporlaliberacion.org\\\/crpmlm\\\/25-de-mayo-locrazo-del-mp-liberacion-en-ampliar\\\/#breadcrumb\",\"itemListElement\":[{\"@type\":\"ListItem\",\"position\":1,\"name\":\"Portada\",\"item\":\"https:\\\/\\\/vamosporlaliberacion.org\\\/crpmlm\\\/\"},{\"@type\":\"ListItem\",\"position\":2,\"name\":\"25 de Mayo: Locrazo del MP Liberaci\u00f3n en Ampliar!\"}]},{\"@type\":\"WebSite\",\"@id\":\"https:\\\/\\\/vamosporlaliberacion.org\\\/crpmlm\\\/#website\",\"url\":\"https:\\\/\\\/vamosporlaliberacion.org\\\/crpmlm\\\/\",\"name\":\"Vamos por la Liberaci\u00f3n\",\"description\":\"Prensa CR\",\"potentialAction\":[{\"@type\":\"SearchAction\",\"target\":{\"@type\":\"EntryPoint\",\"urlTemplate\":\"https:\\\/\\\/vamosporlaliberacion.org\\\/crpmlm\\\/?s={search_term_string}\"},\"query-input\":{\"@type\":\"PropertyValueSpecification\",\"valueRequired\":true,\"valueName\":\"search_term_string\"}}],\"inLanguage\":\"es\"},{\"@type\":\"Person\",\"@id\":\"https:\\\/\\\/vamosporlaliberacion.org\\\/crpmlm\\\/#\\\/schema\\\/person\\\/d6eac7758df3770dae9cd9eb104d615c\",\"name\":\"vamos!\",\"url\":\"https:\\\/\\\/vamosporlaliberacion.org\\\/crpmlm\\\/author\\\/adminvxl\\\/\"}]}<\/script>\n<!-- \/ Yoast SEO plugin. -->","yoast_head_json":{"title":"25 de Mayo: Locrazo del MP Liberaci\u00f3n en Ampliar! - Vamos por la Liberaci\u00f3n","robots":{"index":"index","follow":"follow","max-snippet":"max-snippet:-1","max-image-preview":"max-image-preview:large","max-video-preview":"max-video-preview:-1"},"canonical":"https:\/\/vamosporlaliberacion.org\/crpmlm\/25-de-mayo-locrazo-del-mp-liberacion-en-ampliar\/","twitter_misc":{"Escrito por":"vamos!","Tiempo de lectura":"2 minutos"},"schema":{"@context":"https:\/\/schema.org","@graph":[{"@type":"Article","@id":"https:\/\/vamosporlaliberacion.org\/crpmlm\/25-de-mayo-locrazo-del-mp-liberacion-en-ampliar\/#article","isPartOf":{"@id":"https:\/\/vamosporlaliberacion.org\/crpmlm\/25-de-mayo-locrazo-del-mp-liberacion-en-ampliar\/"},"author":{"name":"vamos!","@id":"https:\/\/vamosporlaliberacion.org\/crpmlm\/#\/schema\/person\/d6eac7758df3770dae9cd9eb104d615c"},"headline":"25 de Mayo: Locrazo del MP Liberaci\u00f3n en Ampliar!","datePublished":"2019-06-11T18:26:05+00:00","mainEntityOfPage":{"@id":"https:\/\/vamosporlaliberacion.org\/crpmlm\/25-de-mayo-locrazo-del-mp-liberacion-en-ampliar\/"},"wordCount":369,"commentCount":0,"image":{"@id":"https:\/\/vamosporlaliberacion.org\/crpmlm\/25-de-mayo-locrazo-del-mp-liberacion-en-ampliar\/#primaryimage"},"thumbnailUrl":"https:\/\/i0.wp.com\/vamosporlaliberacion.org\/crpmlm\/wp-content\/uploads\/2019\/06\/locro-caba-25-mayo-mpl-ampliar.jpeg?fit=1280%2C721&ssl=1","keywords":["CABA","elecciones 2019","vxl 142"],"articleSection":["Noticias"],"inLanguage":"es","potentialAction":[{"@type":"CommentAction","name":"Comment","target":["https:\/\/vamosporlaliberacion.org\/crpmlm\/25-de-mayo-locrazo-del-mp-liberacion-en-ampliar\/#respond"]}]},{"@type":"WebPage","@id":"https:\/\/vamosporlaliberacion.org\/crpmlm\/25-de-mayo-locrazo-del-mp-liberacion-en-ampliar\/","url":"https:\/\/vamosporlaliberacion.org\/crpmlm\/25-de-mayo-locrazo-del-mp-liberacion-en-ampliar\/","name":"25 de Mayo: Locrazo del MP Liberaci\u00f3n en Ampliar! - Vamos por la Liberaci\u00f3n","isPartOf":{"@id":"https:\/\/vamosporlaliberacion.org\/crpmlm\/#website"},"primaryImageOfPage":{"@id":"https:\/\/vamosporlaliberacion.org\/crpmlm\/25-de-mayo-locrazo-del-mp-liberacion-en-ampliar\/#primaryimage"},"image":{"@id":"https:\/\/vamosporlaliberacion.org\/crpmlm\/25-de-mayo-locrazo-del-mp-liberacion-en-ampliar\/#primaryimage"},"thumbnailUrl":"https:\/\/i0.wp.com\/vamosporlaliberacion.org\/crpmlm\/wp-content\/uploads\/2019\/06\/locro-caba-25-mayo-mpl-ampliar.jpeg?fit=1280%2C721&ssl=1","datePublished":"2019-06-11T18:26:05+00:00","author":{"@id":"https:\/\/vamosporlaliberacion.org\/crpmlm\/#\/schema\/person\/d6eac7758df3770dae9cd9eb104d615c"},"breadcrumb":{"@id":"https:\/\/vamosporlaliberacion.org\/crpmlm\/25-de-mayo-locrazo-del-mp-liberacion-en-ampliar\/#breadcrumb"},"inLanguage":"es","potentialAction":[{"@type":"ReadAction","target":["https:\/\/vamosporlaliberacion.org\/crpmlm\/25-de-mayo-locrazo-del-mp-liberacion-en-ampliar\/"]}]},{"@type":"ImageObject","inLanguage":"es","@id":"https:\/\/vamosporlaliberacion.org\/crpmlm\/25-de-mayo-locrazo-del-mp-liberacion-en-ampliar\/#primaryimage","url":"https:\/\/i0.wp.com\/vamosporlaliberacion.org\/crpmlm\/wp-content\/uploads\/2019\/06\/locro-caba-25-mayo-mpl-ampliar.jpeg?fit=1280%2C721&ssl=1","contentUrl":"https:\/\/i0.wp.com\/vamosporlaliberacion.org\/crpmlm\/wp-content\/uploads\/2019\/06\/locro-caba-25-mayo-mpl-ampliar.jpeg?fit=1280%2C721&ssl=1","width":1280,"height":721},{"@type":"BreadcrumbList","@id":"https:\/\/vamosporlaliberacion.org\/crpmlm\/25-de-mayo-locrazo-del-mp-liberacion-en-ampliar\/#breadcrumb","itemListElement":[{"@type":"ListItem","position":1,"name":"Portada","item":"https:\/\/vamosporlaliberacion.org\/crpmlm\/"},{"@type":"ListItem","position":2,"name":"25 de Mayo: Locrazo del MP Liberaci\u00f3n en Ampliar!"}]},{"@type":"WebSite","@id":"https:\/\/vamosporlaliberacion.org\/crpmlm\/#website","url":"https:\/\/vamosporlaliberacion.org\/crpmlm\/","name":"Vamos por la Liberaci\u00f3n","description":"Prensa CR","potentialAction":[{"@type":"SearchAction","target":{"@type":"EntryPoint","urlTemplate":"https:\/\/vamosporlaliberacion.org\/crpmlm\/?s={search_term_string}"},"query-input":{"@type":"PropertyValueSpecification","valueRequired":true,"valueName":"search_term_string"}}],"inLanguage":"es"},{"@type":"Person","@id":"https:\/\/vamosporlaliberacion.org\/crpmlm\/#\/schema\/person\/d6eac7758df3770dae9cd9eb104d615c","name":"vamos!","url":"https:\/\/vamosporlaliberacion.org\/crpmlm\/author\/adminvxl\/"}]}},"jetpack_featured_media_url":"https:\/\/i0.wp.com\/vamosporlaliberacion.org\/crpmlm\/wp-content\/uploads\/2019\/06\/locro-caba-25-mayo-mpl-ampliar.jpeg?fit=1280%2C721&ssl=1","jetpack_sharing_enabled":true,"_links":{"self":[{"href":"https:\/\/vamosporlaliberacion.org\/crpmlm\/wp-json\/wp\/v2\/posts\/13879","targetHints":{"allow":["GET"]}}],"collection":[{"href":"https:\/\/vamosporlaliberacion.org\/crpmlm\/wp-json\/wp\/v2\/posts"}],"about":[{"href":"https:\/\/vamosporlaliberacion.org\/crpmlm\/wp-json\/wp\/v2\/types\/post"}],"author":[{"embeddable":true,"href":"https:\/\/vamosporlaliberacion.org\/crpmlm\/wp-json\/wp\/v2\/users\/6"}],"replies":[{"embeddable":true,"href":"https:\/\/vamosporlaliberacion.org\/crpmlm\/wp-json\/wp\/v2\/comments?post=13879"}],"version-history":[{"count":0,"href":"https:\/\/vamosporlaliberacion.org\/crpmlm\/wp-json\/wp\/v2\/posts\/13879\/revisions"}],"wp:featuredmedia":[{"embeddable":true,"href":"https:\/\/vamosporlaliberacion.org\/crpmlm\/wp-json\/wp\/v2\/media\/13790"}],"wp:attachment":[{"href":"https:\/\/vamosporlaliberacion.org\/crpmlm\/wp-json\/wp\/v2\/media?parent=13879"}],"wp:term":[{"taxonomy":"category","embeddable":true,"href":"https:\/\/vamosporlaliberacion.org\/crpmlm\/wp-json\/wp\/v2\/categories?post=13879"},{"taxonomy":"post_tag","embeddable":true,"href":"https:\/\/vamosporlaliberacion.org\/crpmlm\/wp-json\/wp\/v2\/tags?post=13879"}],"curies":[{"name":"wp","href":"https:\/\/api.w.org\/{rel}","templated":true}]}}