{"id":13854,"date":"2019-06-09T17:09:15","date_gmt":"2019-06-09T20:09:15","guid":{"rendered":"http:\/\/vamosporlaliberacion.org\/crpmlm\/?p=13854"},"modified":"2019-06-10T17:10:46","modified_gmt":"2019-06-10T20:10:46","slug":"vamos-por-la-liberacion-no-142","status":"publish","type":"post","link":"https:\/\/vamosporlaliberacion.org\/crpmlm\/vamos-por-la-liberacion-no-142\/","title":{"rendered":"Vamos por la Liberaci\u00f3n! N\u00ba 142"},"content":{"rendered":"<div id=\"tdi_1_4f9\" class=\"tdc-row\"><div class=\"vc_row tdi_2_828  wpb_row td-pb-row\" >\n<style scoped>\n\n\/* custom css *\/\n.tdi_2_828,\n                .tdi_2_828 .tdc-columns{\n                    min-height: 0;\n                }.tdi_2_828,\n\t\t\t\t.tdi_2_828 .tdc-columns{\n\t\t\t\t    display: block;\n\t\t\t\t}.tdi_2_828 .tdc-columns{\n\t\t\t\t    width: 100%;\n\t\t\t\t}\n<\/style><div class=\"vc_column tdi_4_48b  wpb_column vc_column_container tdc-column td-pb-span4\">\n<style scoped>\n\n\/* custom css *\/\n.tdi_4_48b{\n                    vertical-align: baseline;\n                }.tdi_4_48b > .wpb_wrapper,\n\t\t\t\t.tdi_4_48b > .wpb_wrapper > .tdc-elements{\n\t\t\t\t    display: block;\n\t\t\t\t}.tdi_4_48b > .wpb_wrapper > .tdc-elements{\n\t\t\t\t    width: 100%;\n\t\t\t\t}.tdi_4_48b > .wpb_wrapper{\n\t\t\t\t    width: auto;\n\t\t\t\t    height: auto;\n\t\t\t\t}\n<\/style><div class=\"wpb_wrapper\"><div class=\"vc_row_inner tdi_6_805  vc_row vc_inner wpb_row td-pb-row\" >\n<style scoped>\n\n\/* custom css *\/\n.tdi_6_805{\n                    position: relative !important;\n                    top: 0;\n                    transform: none;\n                    -webkit-transform: none;\n                }.tdi_6_805,\n\t\t\t\t.tdi_6_805 .tdc-inner-columns{\n\t\t\t\t    display: block;\n\t\t\t\t}.tdi_6_805 .tdc-inner-columns{\n\t\t\t\t    width: 100%;\n\t\t\t\t}\n<\/style><div class=\"vc_column_inner vc_custom_1447190027175 tdi_8_4f6  wpb_column vc_column_container tdc-inner-column td-pb-span12\">\n<style scoped>\n\n\/* tdc_composer_block - inline css att *\/\n.vc_custom_1447190027175{background-color: #ebebeb !important;}\n\/* custom css *\/\n.tdi_8_4f6{\n                    vertical-align: baseline;\n                }.tdi_8_4f6 .vc_column-inner > .wpb_wrapper,\n\t\t\t\t.tdi_8_4f6 .vc_column-inner > .wpb_wrapper .tdc-elements{\n\t\t\t\t    display: block;\n\t\t\t\t}.tdi_8_4f6 .vc_column-inner > .wpb_wrapper .tdc-elements{\n\t\t\t\t    width: 100%;\n\t\t\t\t}\n<\/style><div class=\"vc_column-inner\"><div class=\"wpb_wrapper\"><div class=\"wpb_wrapper td_block_empty_space td_block_wrap vc_empty_space tdi_10_4dc \"  style=\"height: 20px\"><\/div><div class=\"wpb_wrapper td_block_single_image td_block_wrap  td-no-img-custom-url td_block_wrap vc_single_image tdi_11_fcd  td-single-image- td-pb-border-top td_block_template_1 \"  data-td-block-uid=\"tdi_11_fcd\"><a \n\t\t\tclass=\"td_single_image_bg\" \n\t\t\tstyle=\"background-image: url('https:\/\/vamosporlaliberacion.org\/crpmlm\/wp-content\/uploads\/2015\/10\/Vamos142_.jpg'); background-size: cover; background-repeat: no-repeat; background-position: center center;\" \n\t\t\thref=\"#\"  \n\t\t\trel=\"bookmark\"><\/a>\n<style>\n\/* custom css *\/\n.tdi_11_fcd .td_single_image_bg{\n\t\t\t\t\theight: 400px;\n\t\t\t\t\tpadding-bottom: 0;\n\t\t\t\t}.tdi_11_fcd:hover .td_single_image_bg:before{\n                    opacity: 0;\n                }\n<\/style><\/div><\/div><\/div><\/div><\/div><div class=\"vc_row_inner tdi_13_965  vc_row vc_inner wpb_row td-pb-row\" >\n<style scoped>\n\n\/* custom css *\/\n.tdi_13_965{\n                    position: relative !important;\n                    top: 0;\n                    transform: none;\n                    -webkit-transform: none;\n                }.tdi_13_965,\n\t\t\t\t.tdi_13_965 .tdc-inner-columns{\n\t\t\t\t    display: block;\n\t\t\t\t}.tdi_13_965 .tdc-inner-columns{\n\t\t\t\t    width: 100%;\n\t\t\t\t}\n<\/style><div class=\"vc_column_inner vc_custom_1447190038887 tdi_15_655  wpb_column vc_column_container tdc-inner-column td-pb-span12\">\n<style scoped>\n\n\/* tdc_composer_block - inline css att *\/\n.vc_custom_1447190038887{background-color: #ebebeb !important;}\n\/* custom css *\/\n.tdi_15_655{\n                    vertical-align: baseline;\n                }.tdi_15_655 .vc_column-inner > .wpb_wrapper,\n\t\t\t\t.tdi_15_655 .vc_column-inner > .wpb_wrapper .tdc-elements{\n\t\t\t\t    display: block;\n\t\t\t\t}.tdi_15_655 .vc_column-inner > .wpb_wrapper .tdc-elements{\n\t\t\t\t    width: 100%;\n\t\t\t\t}\n<\/style><div class=\"vc_column-inner\"><div class=\"wpb_wrapper\">[vc_btn title=\u00bbDescargar PDF\u00bb style=\u00bbflat\u00bb shape=\u00bbsquare\u00bb size=\u00bblg\u00bb i_icon_fontawesome=\u00bbfa fa-newspaper-o\u00bb add_icon=\u00bbtrue\u00bb link=\u00bburl:https%3A%2F%2Fdrive.google.com%2Fopen%3Fid%3D1_9yq3rJl75MDK0J4NIhum98I7FkfSrLR||target:%20_blank|\u00bb][vc_btn title=\u00bbVer todos\u00bb style=\u00bbflat\u00bb shape=\u00bbsquare\u00bb size=\u00bblg\u00bb i_icon_fontawesome=\u00bbfa fa-list-ol\u00bb add_icon=\u00bbtrue\u00bb link=\u00bburl:http%3A%2F%2Fvamosporlaliberacion.org%2Fcrpmlm%2Fvamos-por-la-liberacion%2F||target:%20_blank\u00bb]<div class=\"wpb_wrapper td_block_empty_space td_block_wrap vc_empty_space tdi_17_12f \"  style=\"height: 20px\"><\/div><\/div><\/div><\/div><\/div><\/div><\/div><div class=\"vc_column tdi_19_464  wpb_column vc_column_container tdc-column td-pb-span8\">\n<style scoped>\n\n\/* custom css *\/\n.tdi_19_464{\n                    vertical-align: baseline;\n                }.tdi_19_464 > .wpb_wrapper,\n\t\t\t\t.tdi_19_464 > .wpb_wrapper > .tdc-elements{\n\t\t\t\t    display: block;\n\t\t\t\t}.tdi_19_464 > .wpb_wrapper > .tdc-elements{\n\t\t\t\t    width: 100%;\n\t\t\t\t}.tdi_19_464 > .wpb_wrapper{\n\t\t\t\t    width: auto;\n\t\t\t\t    height: auto;\n\t\t\t\t}\n<\/style><div class=\"wpb_wrapper\"><div class=\"td_block_wrap td_block_21 tdi_20_aa8 td-pb-border-top td_block_template_1 td-column-2\"  data-td-block-uid=\"tdi_20_aa8\" >\n<style>\n.td_block_template_2.widget > ul > li,\n            .td_block_template_6.widget > ul > li,\n            .td_block_template_8.widget > ul > li,\n            .td_block_template_9.widget > ul > li,\n            .td_block_template_10.widget > ul > li,\n            .td_block_template_11.widget > ul > li,\n            .td_block_template_12.widget > ul > li,\n            .td_block_template_13.widget > ul > li,\n            .td_block_template_14.widget > ul > li,\n            .td_block_template_15.widget > ul > li,\n            .td_block_template_16.widget > ul > li,\n            .td_block_template_17.widget > ul > li {\n                margin-left: 0 !important;\n            }\n            .global-block-template-12 .td-comments-title span,\n            .global-block-template-13 .td-comments-title span {\n                margin-left: 0 !important;\n                font-size: 20px;\n            }\n            @media (max-width: 767px) {\n                .global-block-template-12 .td-comments-title span,\n                .global-block-template-13 .td-comments-title span {\n                    font-size: 15px;\n                }\n            }\n            .td-block-title-wrap .td-wrapper-pulldown-filter {\n                font-family: 'Roboto', sans-serif;\n                position: absolute;\n                bottom: 0;\n                right: 0;\n                top: 0;\n                margin: auto 0;\n                z-index: 2;\n                background-color: #fff;\n                font-size: 13px;\n                line-height: 1;\n                color: #777;\n                text-align: right;\n            }\n            .td-block-title-wrap .td-wrapper-pulldown-filter .td-pulldown-filter-display-option {\n                cursor: pointer;\n                white-space: nowrap;\n                position: relative;\n                line-height: 29px;\n            }\n            .td-block-title-wrap .td-wrapper-pulldown-filter .td-pulldown-filter-display-option i {\n                font-size: 9px;\n                color: #777;\n                margin-left: 20px;\n                margin-right: 10px;\n            }\n            .td-block-title-wrap .td-wrapper-pulldown-filter .td-pulldown-filter-display-option i:before {\n                content: '\\e83d';\n            }\n            .td-block-title-wrap .td-wrapper-pulldown-filter .td-pulldown-filter-display-option span {\n                padding-left: 20px;\n                margin-right: -14px;\n            }\n            @media (max-width: 360px) {\n                .td-block-title-wrap .td-wrapper-pulldown-filter .td-pulldown-filter-display-option span {\n                    display: none;\n                }\n            }\n            .td-block-title-wrap .td-wrapper-pulldown-filter .td-pulldown-filter-display-option:hover {\n                color: #4db2ec;\n            }\n            .td-block-title-wrap .td-wrapper-pulldown-filter .td-pulldown-filter-display-option:hover i {\n                color: #4db2ec;\n            }\n            .td-block-title-wrap .td-wrapper-pulldown-filter .td-pulldown-filter-display-option:hover ul {\n                display: block;\n            }\n            .td-block-title-wrap .td-wrapper-pulldown-filter .td-pulldown-filter-list {\n                list-style: none;\n                position: absolute;\n                right: 0;\n                top: 100%;\n                padding: 18px 0;\n                background-color: rgb(255, 255, 255);\n                background-color: rgba(255, 255, 255, 0.95);\n                z-index: 999;\n                border-width: 1px;\n                border-color: #ededed;\n                border-style: solid;\n                display: none;\n                margin: 0;\n            }\n            .td-block-title-wrap .td-wrapper-pulldown-filter .td-pulldown-filter-item {\n                list-style: none;\n                margin: 0;\n            }\n            .td-block-title-wrap .td-wrapper-pulldown-filter .td-pulldown-filter-item .td-cur-simple-item {\n                color: #4db2ec;\n            }\n            .td-block-title-wrap .td-wrapper-pulldown-filter .td-pulldown-more {\n                padding-bottom: 10px;\n            }\n            .td-block-title-wrap .td-wrapper-pulldown-filter .td-pulldown-more:before {\n                content: '';\n                width: 70px;\n                height: 100%;\n                position: absolute;\n                margin-top: 2px;\n                top: 0;\n                right: 0;\n                z-index: 1;\n                opacity: 0;\n            }\n            .td-block-title-wrap .td-wrapper-pulldown-filter .td-pulldown-filter-link {\n                color: #777;\n                white-space: nowrap;\n                display: block;\n                line-height: 26px;\n                padding-left: 36px;\n                padding-right: 27px;\n            }\n            .td-block-title-wrap .td-wrapper-pulldown-filter .td-pulldown-filter-link:hover {\n                color: #4db2ec;\n            }\n            @media (min-width: 768px) and (max-width: 1018px) {\n                .td-pb-span4 .td-block-title-wrap .td-wrapper-pulldown-filter .td-pulldown-filter-display-option span {\n                    display: none;\n                }\n                .td-pb-span4 .td-block-title-wrap .td-wrapper-pulldown-filter .td-pulldown-filter-link {\n                    padding-left: 24px;\n                    padding-right: 20px !important;\n                }\n            }\n            @-moz-document url-prefix() {\n                .td-pulldown-syle-default .td-subcat-more,\n                .td-pulldown-syle-default .td-subcat-list {\n                    position: relative;\n                    top: -1px;\n                }\n            }\n            .td-pulldown-syle-2 {\n                top: 0;\n            }\n            .td-pulldown-syle-2 .td-subcat-dropdown ul {\n                padding: 20px 0;\n                margin-top: 0;\n            }\n            .td-pulldown-syle-2 .td-subcat-dropdown ul:after {\n                content: '';\n                position: absolute;\n                width: calc(100% + 2px);\n                height: 3px;\n                top: 0;\n                left: -1px;\n                background-color: #4db2ec;\n            }\n            .td-pulldown-syle-2 .td-subcat-dropdown a {\n                padding-left: 40px;\n                padding-right: 31px;\n            }\n            .td-pulldown-syle-2 .td-subcat-dropdown:hover .td-subcat-more {\n                background-color: transparent !important;\n            }\n            .td-pulldown-syle-2 .td-subcat-dropdown:hover .td-subcat-more span,\n            .td-pulldown-syle-2 .td-subcat-dropdown:hover .td-subcat-more i {\n                color: #4db2ec;\n            }\n            .td-pulldown-syle-2 .td-subcat-dropdown .td-subcat-more {\n                margin-left: 9px;\n                margin-bottom: 8px; \/\/ this align the dropdown list\n            }\n            .td-pulldown-syle-2 .td-subcat-list .td-subcat-item {\n                margin-left: 24px;\n            }\n            .td-pulldown-syle-3 {\n                top: 0;\n            }\n            .td-pulldown-syle-3 .td-subcat-dropdown ul {\n                padding: 15px 0;\n                margin-top: -1px;\n                border-width: 1px;\n            }\n            .td-pulldown-syle-3 .td-subcat-dropdown a {\n                padding-left: 40px;\n                padding-right: 31px;\n            }\n            .td-pulldown-syle-3 .td-subcat-dropdown &:hover .td-subcat-more {\n                background-color: transparent !important;\n            }\n            .td-pulldown-syle-3 .td-subcat-dropdown &:hover .td-subcat-more span,\n            .td-pulldown-syle-3 .td-subcat-dropdown &:hover .td-subcat-more i {\n                color: #4db2ec;\n            }\n            .td-pulldown-syle-3 .td-subcat-dropdown .td-subcat-more {\n                margin-left: 9px;\n                margin-bottom: 8px; \/\/ this align the dropdown list\n            }\n            .td-pulldown-syle-3 .td-subcat-list .td-subcat-item {\n                margin-left: 24px;\n            }\n            \n            \n\n            \n            .td-theme-wrap .tdi_20_aa8 .td-pulldown-filter-link:hover,\n            .td-theme-wrap .tdi_20_aa8 .td-subcat-item a:hover,\n            .td-theme-wrap .tdi_20_aa8 .td-subcat-item .td-cur-simple-item {\n                color: #dd3333;\n            }\n\n            .td-theme-wrap .tdi_20_aa8 .block-title > *,\n            .td-theme-wrap .tdi_20_aa8 .td-subcat-dropdown:hover .td-subcat-more {\n                background-color: #dd3333;\n            }\n            .td-theme-wrap .td-footer-wrapper .tdi_20_aa8 .block-title > * {\n                padding: 6px 7px 5px;\n                line-height: 1;\n            }\n\n            .td-theme-wrap .tdi_20_aa8 .block-title {\n                border-color: #dd3333;\n            }\n\n            \n            .td-theme-wrap .tdi_20_aa8 .td_module_wrap:hover .entry-title a,\n            .td-theme-wrap .tdi_20_aa8 .td_quote_on_blocks,\n            .td-theme-wrap .tdi_20_aa8 .td-opacity-cat .td-post-category:hover,\n            .td-theme-wrap .tdi_20_aa8 .td-opacity-read .td-read-more a:hover,\n            .td-theme-wrap .tdi_20_aa8 .td-opacity-author .td-post-author-name a:hover,\n            .td-theme-wrap .tdi_20_aa8 .td-instagram-user a {\n                color: #dd3333;\n            }\n\n            .td-theme-wrap .tdi_20_aa8 .td-next-prev-wrap a:hover,\n            .td-theme-wrap .tdi_20_aa8 .td-load-more-wrap a:hover {\n                background-color: #dd3333;\n                border-color: #dd3333;\n            }\n\n            .td-theme-wrap .tdi_20_aa8 .td-read-more a,\n            .td-theme-wrap .tdi_20_aa8 .td-weather-information:before,\n            .td-theme-wrap .tdi_20_aa8 .td-weather-week:before,\n            .td-theme-wrap .tdi_20_aa8 .td-exchange-header:before,\n            .td-theme-wrap .td-footer-wrapper .tdi_20_aa8 .td-post-category,\n            .td-theme-wrap .tdi_20_aa8 .td-post-category:hover {\n                background-color: #dd3333;\n            }\n<\/style><script>var block_tdi_20_aa8 = new tdBlock();\nblock_tdi_20_aa8.id = \"tdi_20_aa8\";\nblock_tdi_20_aa8.atts = '{\"custom_title\":\"Editorial\",\"custom_url\":\"Editorial\",\"header_color\":\"#dd3333\",\"category_id\":\"10\",\"tag_slug\":\"editorial 142\",\"limit\":\"1\",\"td_filter_default_txt\":\"Todo\",\"block_type\":\"td_block_21\",\"separator\":\"\",\"block_template_id\":\"\",\"m16_tl\":\"\",\"m16_el\":\"\",\"post_ids\":\"\",\"category_ids\":\"\",\"autors_id\":\"\",\"installed_post_types\":\"\",\"sort\":\"\",\"offset\":\"\",\"show_modified_date\":\"\",\"el_class\":\"\",\"td_ajax_filter_type\":\"\",\"td_ajax_filter_ids\":\"\",\"td_ajax_preloading\":\"\",\"f_header_font_header\":\"\",\"f_header_font_title\":\"Block header\",\"f_header_font_settings\":\"\",\"f_header_font_family\":\"\",\"f_header_font_size\":\"\",\"f_header_font_line_height\":\"\",\"f_header_font_style\":\"\",\"f_header_font_weight\":\"\",\"f_header_font_transform\":\"\",\"f_header_font_spacing\":\"\",\"f_header_\":\"\",\"f_ajax_font_title\":\"Ajax categories\",\"f_ajax_font_settings\":\"\",\"f_ajax_font_family\":\"\",\"f_ajax_font_size\":\"\",\"f_ajax_font_line_height\":\"\",\"f_ajax_font_style\":\"\",\"f_ajax_font_weight\":\"\",\"f_ajax_font_transform\":\"\",\"f_ajax_font_spacing\":\"\",\"f_ajax_\":\"\",\"f_more_font_title\":\"Load more button\",\"f_more_font_settings\":\"\",\"f_more_font_family\":\"\",\"f_more_font_size\":\"\",\"f_more_font_line_height\":\"\",\"f_more_font_style\":\"\",\"f_more_font_weight\":\"\",\"f_more_font_transform\":\"\",\"f_more_font_spacing\":\"\",\"f_more_\":\"\",\"m16f_title_font_header\":\"\",\"m16f_title_font_title\":\"Article title\",\"m16f_title_font_settings\":\"\",\"m16f_title_font_family\":\"\",\"m16f_title_font_size\":\"\",\"m16f_title_font_line_height\":\"\",\"m16f_title_font_style\":\"\",\"m16f_title_font_weight\":\"\",\"m16f_title_font_transform\":\"\",\"m16f_title_font_spacing\":\"\",\"m16f_title_\":\"\",\"m16f_cat_font_title\":\"Article category tag\",\"m16f_cat_font_settings\":\"\",\"m16f_cat_font_family\":\"\",\"m16f_cat_font_size\":\"\",\"m16f_cat_font_line_height\":\"\",\"m16f_cat_font_style\":\"\",\"m16f_cat_font_weight\":\"\",\"m16f_cat_font_transform\":\"\",\"m16f_cat_font_spacing\":\"\",\"m16f_cat_\":\"\",\"m16f_meta_font_title\":\"Article meta info\",\"m16f_meta_font_settings\":\"\",\"m16f_meta_font_family\":\"\",\"m16f_meta_font_size\":\"\",\"m16f_meta_font_line_height\":\"\",\"m16f_meta_font_style\":\"\",\"m16f_meta_font_weight\":\"\",\"m16f_meta_font_transform\":\"\",\"m16f_meta_font_spacing\":\"\",\"m16f_meta_\":\"\",\"m16f_ex_font_title\":\"Article excerpt\",\"m16f_ex_font_settings\":\"\",\"m16f_ex_font_family\":\"\",\"m16f_ex_font_size\":\"\",\"m16f_ex_font_line_height\":\"\",\"m16f_ex_font_style\":\"\",\"m16f_ex_font_weight\":\"\",\"m16f_ex_font_transform\":\"\",\"m16f_ex_font_spacing\":\"\",\"m16f_ex_\":\"\",\"ajax_pagination\":\"\",\"ajax_pagination_infinite_stop\":\"\",\"css\":\"\",\"tdc_css\":\"\",\"td_column_number\":2,\"color_preset\":\"\",\"border_top\":\"\",\"class\":\"tdi_20_aa8\",\"tdc_css_class\":\"tdi_20_aa8\",\"tdc_css_class_style\":\"tdi_20_aa8_rand_style\"}';\nblock_tdi_20_aa8.td_column_number = \"2\";\nblock_tdi_20_aa8.block_type = \"td_block_21\";\nblock_tdi_20_aa8.post_count = \"1\";\nblock_tdi_20_aa8.found_posts = \"1\";\nblock_tdi_20_aa8.header_color = \"#dd3333\";\nblock_tdi_20_aa8.ajax_pagination_infinite_stop = \"\";\nblock_tdi_20_aa8.max_num_pages = \"1\";\ntdBlocksArray.push(block_tdi_20_aa8);\n<\/script><div class=\"td-block-title-wrap\"><h4 class=\"block-title td-block-title\"><a href=\"http:\/\/Editorial\" class=\"td-pulldown-size\">Editorial<\/a><\/h4><\/div><div id=tdi_20_aa8 class=\"td_block_inner\">\n        <div class=\"td_module_16 td_module_wrap td-animation-stack\">\n            <div class=\"td-module-thumb\"><a href=\"https:\/\/vamosporlaliberacion.org\/crpmlm\/editorial-se-fortalece-el-frente-opositor\/\" rel=\"bookmark\" class=\"td-image-wrap \" title=\"Se fortalece el frente opositor\" ><img loading=\"lazy\" decoding=\"async\" class=\"entry-thumb\" src=\"\" alt=\"\" title=\"Se fortalece el frente opositor\" data-type=\"image_tag\" data-img-url=\"https:\/\/i0.wp.com\/vamosporlaliberacion.org\/crpmlm\/wp-content\/uploads\/2019\/06\/constitucion-panor%C3%A1mica-EFE.jpg?resize=150%2C150&ssl=1\"  width=\"150\" height=\"150\" \/><\/a><\/div>\n            <div class=\"item-details\">\n                <h3 class=\"entry-title td-module-title\"><a href=\"https:\/\/vamosporlaliberacion.org\/crpmlm\/editorial-se-fortalece-el-frente-opositor\/\" rel=\"bookmark\" title=\"Se fortalece el frente opositor\">Se fortalece el frente opositor<\/a><\/h3>\n                <div class=\"td-module-meta-info\">\n                                        <span class=\"td-post-author-name\"><a href=\"https:\/\/vamosporlaliberacion.org\/crpmlm\/author\/adminvxl\/\">vamos!<\/a> <span>-<\/span> <\/span>                    <span class=\"td-post-date\"><time class=\"entry-date updated td-module-date\" datetime=\"2019-06-05T13:12:04-03:00\" >5 junio, 2019<\/time><\/span>                    <span class=\"td-module-comments\"><a href=\"https:\/\/vamosporlaliberacion.org\/crpmlm\/editorial-se-fortalece-el-frente-opositor\/#respond\">0<\/a><\/span>                <\/div>\n\n                <div class=\"td-excerpt\">\n                    El paro del 29 de Mayo\r\nNo se movi\u00f3 un alfiler en todo el pa\u00eds. Los centros de concentraci\u00f3n obrera fueron la imagen de que...                <\/div>\n            <\/div>\n\n        <\/div>\n\n        <\/div><\/div> <!-- .\/block --><div class=\"td_block_wrap td_block_21 tdi_21_c97 td-pb-border-top td_block_template_1 tdc-no-posts td-column-2\"  data-td-block-uid=\"tdi_21_c97\" >\n<style>\n.td_block_template_2.widget > ul > li,\n            .td_block_template_6.widget > ul > li,\n            .td_block_template_8.widget > ul > li,\n            .td_block_template_9.widget > ul > li,\n            .td_block_template_10.widget > ul > li,\n            .td_block_template_11.widget > ul > li,\n            .td_block_template_12.widget > ul > li,\n            .td_block_template_13.widget > ul > li,\n            .td_block_template_14.widget > ul > li,\n            .td_block_template_15.widget > ul > li,\n            .td_block_template_16.widget > ul > li,\n            .td_block_template_17.widget > ul > li {\n                margin-left: 0 !important;\n            }\n            .global-block-template-12 .td-comments-title span,\n            .global-block-template-13 .td-comments-title span {\n                margin-left: 0 !important;\n                font-size: 20px;\n            }\n            @media (max-width: 767px) {\n                .global-block-template-12 .td-comments-title span,\n                .global-block-template-13 .td-comments-title span {\n                    font-size: 15px;\n                }\n            }\n            .td-block-title-wrap .td-wrapper-pulldown-filter {\n                font-family: 'Roboto', sans-serif;\n                position: absolute;\n                bottom: 0;\n                right: 0;\n                top: 0;\n                margin: auto 0;\n                z-index: 2;\n                background-color: #fff;\n                font-size: 13px;\n                line-height: 1;\n                color: #777;\n                text-align: right;\n            }\n            .td-block-title-wrap .td-wrapper-pulldown-filter .td-pulldown-filter-display-option {\n                cursor: pointer;\n                white-space: nowrap;\n                position: relative;\n                line-height: 29px;\n            }\n            .td-block-title-wrap .td-wrapper-pulldown-filter .td-pulldown-filter-display-option i {\n                font-size: 9px;\n                color: #777;\n                margin-left: 20px;\n                margin-right: 10px;\n            }\n            .td-block-title-wrap .td-wrapper-pulldown-filter .td-pulldown-filter-display-option i:before {\n                content: '\\e83d';\n            }\n            .td-block-title-wrap .td-wrapper-pulldown-filter .td-pulldown-filter-display-option span {\n                padding-left: 20px;\n                margin-right: -14px;\n            }\n            @media (max-width: 360px) {\n                .td-block-title-wrap .td-wrapper-pulldown-filter .td-pulldown-filter-display-option span {\n                    display: none;\n                }\n            }\n            .td-block-title-wrap .td-wrapper-pulldown-filter .td-pulldown-filter-display-option:hover {\n                color: #4db2ec;\n            }\n            .td-block-title-wrap .td-wrapper-pulldown-filter .td-pulldown-filter-display-option:hover i {\n                color: #4db2ec;\n            }\n            .td-block-title-wrap .td-wrapper-pulldown-filter .td-pulldown-filter-display-option:hover ul {\n                display: block;\n            }\n            .td-block-title-wrap .td-wrapper-pulldown-filter .td-pulldown-filter-list {\n                list-style: none;\n                position: absolute;\n                right: 0;\n                top: 100%;\n                padding: 18px 0;\n                background-color: rgb(255, 255, 255);\n                background-color: rgba(255, 255, 255, 0.95);\n                z-index: 999;\n                border-width: 1px;\n                border-color: #ededed;\n                border-style: solid;\n                display: none;\n                margin: 0;\n            }\n            .td-block-title-wrap .td-wrapper-pulldown-filter .td-pulldown-filter-item {\n                list-style: none;\n                margin: 0;\n            }\n            .td-block-title-wrap .td-wrapper-pulldown-filter .td-pulldown-filter-item .td-cur-simple-item {\n                color: #4db2ec;\n            }\n            .td-block-title-wrap .td-wrapper-pulldown-filter .td-pulldown-more {\n                padding-bottom: 10px;\n            }\n            .td-block-title-wrap .td-wrapper-pulldown-filter .td-pulldown-more:before {\n                content: '';\n                width: 70px;\n                height: 100%;\n                position: absolute;\n                margin-top: 2px;\n                top: 0;\n                right: 0;\n                z-index: 1;\n                opacity: 0;\n            }\n            .td-block-title-wrap .td-wrapper-pulldown-filter .td-pulldown-filter-link {\n                color: #777;\n                white-space: nowrap;\n                display: block;\n                line-height: 26px;\n                padding-left: 36px;\n                padding-right: 27px;\n            }\n            .td-block-title-wrap .td-wrapper-pulldown-filter .td-pulldown-filter-link:hover {\n                color: #4db2ec;\n            }\n            @media (min-width: 768px) and (max-width: 1018px) {\n                .td-pb-span4 .td-block-title-wrap .td-wrapper-pulldown-filter .td-pulldown-filter-display-option span {\n                    display: none;\n                }\n                .td-pb-span4 .td-block-title-wrap .td-wrapper-pulldown-filter .td-pulldown-filter-link {\n                    padding-left: 24px;\n                    padding-right: 20px !important;\n                }\n            }\n            @-moz-document url-prefix() {\n                .td-pulldown-syle-default .td-subcat-more,\n                .td-pulldown-syle-default .td-subcat-list {\n                    position: relative;\n                    top: -1px;\n                }\n            }\n            .td-pulldown-syle-2 {\n                top: 0;\n            }\n            .td-pulldown-syle-2 .td-subcat-dropdown ul {\n                padding: 20px 0;\n                margin-top: 0;\n            }\n            .td-pulldown-syle-2 .td-subcat-dropdown ul:after {\n                content: '';\n                position: absolute;\n                width: calc(100% + 2px);\n                height: 3px;\n                top: 0;\n                left: -1px;\n                background-color: #4db2ec;\n            }\n            .td-pulldown-syle-2 .td-subcat-dropdown a {\n                padding-left: 40px;\n                padding-right: 31px;\n            }\n            .td-pulldown-syle-2 .td-subcat-dropdown:hover .td-subcat-more {\n                background-color: transparent !important;\n            }\n            .td-pulldown-syle-2 .td-subcat-dropdown:hover .td-subcat-more span,\n            .td-pulldown-syle-2 .td-subcat-dropdown:hover .td-subcat-more i {\n                color: #4db2ec;\n            }\n            .td-pulldown-syle-2 .td-subcat-dropdown .td-subcat-more {\n                margin-left: 9px;\n                margin-bottom: 8px; \/\/ this align the dropdown list\n            }\n            .td-pulldown-syle-2 .td-subcat-list .td-subcat-item {\n                margin-left: 24px;\n            }\n            .td-pulldown-syle-3 {\n                top: 0;\n            }\n            .td-pulldown-syle-3 .td-subcat-dropdown ul {\n                padding: 15px 0;\n                margin-top: -1px;\n                border-width: 1px;\n            }\n            .td-pulldown-syle-3 .td-subcat-dropdown a {\n                padding-left: 40px;\n                padding-right: 31px;\n            }\n            .td-pulldown-syle-3 .td-subcat-dropdown &:hover .td-subcat-more {\n                background-color: transparent !important;\n            }\n            .td-pulldown-syle-3 .td-subcat-dropdown &:hover .td-subcat-more span,\n            .td-pulldown-syle-3 .td-subcat-dropdown &:hover .td-subcat-more i {\n                color: #4db2ec;\n            }\n            .td-pulldown-syle-3 .td-subcat-dropdown .td-subcat-more {\n                margin-left: 9px;\n                margin-bottom: 8px; \/\/ this align the dropdown list\n            }\n            .td-pulldown-syle-3 .td-subcat-list .td-subcat-item {\n                margin-left: 24px;\n            }\n            \n            \n\n            \n            .td-theme-wrap .tdi_21_c97 .td-pulldown-filter-link:hover,\n            .td-theme-wrap .tdi_21_c97 .td-subcat-item a:hover,\n            .td-theme-wrap .tdi_21_c97 .td-subcat-item .td-cur-simple-item {\n                color: #0a0101;\n            }\n\n            .td-theme-wrap .tdi_21_c97 .block-title > *,\n            .td-theme-wrap .tdi_21_c97 .td-subcat-dropdown:hover .td-subcat-more {\n                background-color: #0a0101;\n            }\n            .td-theme-wrap .td-footer-wrapper .tdi_21_c97 .block-title > * {\n                padding: 6px 7px 5px;\n                line-height: 1;\n            }\n\n            .td-theme-wrap .tdi_21_c97 .block-title {\n                border-color: #0a0101;\n            }\n\n            \n            .td-theme-wrap .tdi_21_c97 .td_module_wrap:hover .entry-title a,\n            .td-theme-wrap .tdi_21_c97 .td_quote_on_blocks,\n            .td-theme-wrap .tdi_21_c97 .td-opacity-cat .td-post-category:hover,\n            .td-theme-wrap .tdi_21_c97 .td-opacity-read .td-read-more a:hover,\n            .td-theme-wrap .tdi_21_c97 .td-opacity-author .td-post-author-name a:hover,\n            .td-theme-wrap .tdi_21_c97 .td-instagram-user a {\n                color: #0a0101;\n            }\n\n            .td-theme-wrap .tdi_21_c97 .td-next-prev-wrap a:hover,\n            .td-theme-wrap .tdi_21_c97 .td-load-more-wrap a:hover {\n                background-color: #0a0101;\n                border-color: #0a0101;\n            }\n\n            .td-theme-wrap .tdi_21_c97 .td-read-more a,\n            .td-theme-wrap .tdi_21_c97 .td-weather-information:before,\n            .td-theme-wrap .tdi_21_c97 .td-weather-week:before,\n            .td-theme-wrap .tdi_21_c97 .td-exchange-header:before,\n            .td-theme-wrap .td-footer-wrapper .tdi_21_c97 .td-post-category,\n            .td-theme-wrap .tdi_21_c97 .td-post-category:hover {\n                background-color: #0a0101;\n            }\n<\/style><script>var block_tdi_21_c97 = new tdBlock();\nblock_tdi_21_c97.id = \"tdi_21_c97\";\nblock_tdi_21_c97.atts = '{\"custom_title\":\"Videos\",\"custom_url\":\"Videos\",\"header_color\":\"#0a0101\",\"category_id\":\"604\",\"tag_slug\":\"vxl 142\",\"limit\":\"15\",\"td_filter_default_txt\":\"Todo\",\"block_type\":\"td_block_21\",\"separator\":\"\",\"block_template_id\":\"\",\"m16_tl\":\"\",\"m16_el\":\"\",\"post_ids\":\"\",\"category_ids\":\"\",\"autors_id\":\"\",\"installed_post_types\":\"\",\"sort\":\"\",\"offset\":\"\",\"show_modified_date\":\"\",\"el_class\":\"\",\"td_ajax_filter_type\":\"\",\"td_ajax_filter_ids\":\"\",\"td_ajax_preloading\":\"\",\"f_header_font_header\":\"\",\"f_header_font_title\":\"Block header\",\"f_header_font_settings\":\"\",\"f_header_font_family\":\"\",\"f_header_font_size\":\"\",\"f_header_font_line_height\":\"\",\"f_header_font_style\":\"\",\"f_header_font_weight\":\"\",\"f_header_font_transform\":\"\",\"f_header_font_spacing\":\"\",\"f_header_\":\"\",\"f_ajax_font_title\":\"Ajax categories\",\"f_ajax_font_settings\":\"\",\"f_ajax_font_family\":\"\",\"f_ajax_font_size\":\"\",\"f_ajax_font_line_height\":\"\",\"f_ajax_font_style\":\"\",\"f_ajax_font_weight\":\"\",\"f_ajax_font_transform\":\"\",\"f_ajax_font_spacing\":\"\",\"f_ajax_\":\"\",\"f_more_font_title\":\"Load more button\",\"f_more_font_settings\":\"\",\"f_more_font_family\":\"\",\"f_more_font_size\":\"\",\"f_more_font_line_height\":\"\",\"f_more_font_style\":\"\",\"f_more_font_weight\":\"\",\"f_more_font_transform\":\"\",\"f_more_font_spacing\":\"\",\"f_more_\":\"\",\"m16f_title_font_header\":\"\",\"m16f_title_font_title\":\"Article title\",\"m16f_title_font_settings\":\"\",\"m16f_title_font_family\":\"\",\"m16f_title_font_size\":\"\",\"m16f_title_font_line_height\":\"\",\"m16f_title_font_style\":\"\",\"m16f_title_font_weight\":\"\",\"m16f_title_font_transform\":\"\",\"m16f_title_font_spacing\":\"\",\"m16f_title_\":\"\",\"m16f_cat_font_title\":\"Article category tag\",\"m16f_cat_font_settings\":\"\",\"m16f_cat_font_family\":\"\",\"m16f_cat_font_size\":\"\",\"m16f_cat_font_line_height\":\"\",\"m16f_cat_font_style\":\"\",\"m16f_cat_font_weight\":\"\",\"m16f_cat_font_transform\":\"\",\"m16f_cat_font_spacing\":\"\",\"m16f_cat_\":\"\",\"m16f_meta_font_title\":\"Article meta info\",\"m16f_meta_font_settings\":\"\",\"m16f_meta_font_family\":\"\",\"m16f_meta_font_size\":\"\",\"m16f_meta_font_line_height\":\"\",\"m16f_meta_font_style\":\"\",\"m16f_meta_font_weight\":\"\",\"m16f_meta_font_transform\":\"\",\"m16f_meta_font_spacing\":\"\",\"m16f_meta_\":\"\",\"m16f_ex_font_title\":\"Article excerpt\",\"m16f_ex_font_settings\":\"\",\"m16f_ex_font_family\":\"\",\"m16f_ex_font_size\":\"\",\"m16f_ex_font_line_height\":\"\",\"m16f_ex_font_style\":\"\",\"m16f_ex_font_weight\":\"\",\"m16f_ex_font_transform\":\"\",\"m16f_ex_font_spacing\":\"\",\"m16f_ex_\":\"\",\"ajax_pagination\":\"\",\"ajax_pagination_infinite_stop\":\"\",\"css\":\"\",\"tdc_css\":\"\",\"td_column_number\":2,\"color_preset\":\"\",\"border_top\":\"\",\"class\":\"tdi_21_c97\",\"tdc_css_class\":\"tdi_21_c97\",\"tdc_css_class_style\":\"tdi_21_c97_rand_style\"}';\nblock_tdi_21_c97.td_column_number = \"2\";\nblock_tdi_21_c97.block_type = \"td_block_21\";\nblock_tdi_21_c97.post_count = \"0\";\nblock_tdi_21_c97.found_posts = \"0\";\nblock_tdi_21_c97.header_color = \"#0a0101\";\nblock_tdi_21_c97.ajax_pagination_infinite_stop = \"\";\nblock_tdi_21_c97.max_num_pages = \"0\";\ntdBlocksArray.push(block_tdi_21_c97);\n<\/script><div class=\"td-block-title-wrap\"><h4 class=\"block-title td-block-title\"><a href=\"http:\/\/Videos\" class=\"td-pulldown-size\">Videos<\/a><\/h4><\/div><div id=tdi_21_c97 class=\"td_block_inner\"><\/div><\/div> <!-- .\/block --><div class=\"td_block_wrap td_block_21 tdi_22_e6b td-pb-border-top td_block_template_1 td-column-2\"  data-td-block-uid=\"tdi_22_e6b\" >\n<style>\n.td_block_template_2.widget > ul > li,\n            .td_block_template_6.widget > ul > li,\n            .td_block_template_8.widget > ul > li,\n            .td_block_template_9.widget > ul > li,\n            .td_block_template_10.widget > ul > li,\n            .td_block_template_11.widget > ul > li,\n            .td_block_template_12.widget > ul > li,\n            .td_block_template_13.widget > ul > li,\n            .td_block_template_14.widget > ul > li,\n            .td_block_template_15.widget > ul > li,\n            .td_block_template_16.widget > ul > li,\n            .td_block_template_17.widget > ul > li {\n                margin-left: 0 !important;\n            }\n            .global-block-template-12 .td-comments-title span,\n            .global-block-template-13 .td-comments-title span {\n                margin-left: 0 !important;\n                font-size: 20px;\n            }\n            @media (max-width: 767px) {\n                .global-block-template-12 .td-comments-title span,\n                .global-block-template-13 .td-comments-title span {\n                    font-size: 15px;\n                }\n            }\n            .td-block-title-wrap .td-wrapper-pulldown-filter {\n                font-family: 'Roboto', sans-serif;\n                position: absolute;\n                bottom: 0;\n                right: 0;\n                top: 0;\n                margin: auto 0;\n                z-index: 2;\n                background-color: #fff;\n                font-size: 13px;\n                line-height: 1;\n                color: #777;\n                text-align: right;\n            }\n            .td-block-title-wrap .td-wrapper-pulldown-filter .td-pulldown-filter-display-option {\n                cursor: pointer;\n                white-space: nowrap;\n                position: relative;\n                line-height: 29px;\n            }\n            .td-block-title-wrap .td-wrapper-pulldown-filter .td-pulldown-filter-display-option i {\n                font-size: 9px;\n                color: #777;\n                margin-left: 20px;\n                margin-right: 10px;\n            }\n            .td-block-title-wrap .td-wrapper-pulldown-filter .td-pulldown-filter-display-option i:before {\n                content: '\\e83d';\n            }\n            .td-block-title-wrap .td-wrapper-pulldown-filter .td-pulldown-filter-display-option span {\n                padding-left: 20px;\n                margin-right: -14px;\n            }\n            @media (max-width: 360px) {\n                .td-block-title-wrap .td-wrapper-pulldown-filter .td-pulldown-filter-display-option span {\n                    display: none;\n                }\n            }\n            .td-block-title-wrap .td-wrapper-pulldown-filter .td-pulldown-filter-display-option:hover {\n                color: #4db2ec;\n            }\n            .td-block-title-wrap .td-wrapper-pulldown-filter .td-pulldown-filter-display-option:hover i {\n                color: #4db2ec;\n            }\n            .td-block-title-wrap .td-wrapper-pulldown-filter .td-pulldown-filter-display-option:hover ul {\n                display: block;\n            }\n            .td-block-title-wrap .td-wrapper-pulldown-filter .td-pulldown-filter-list {\n                list-style: none;\n                position: absolute;\n                right: 0;\n                top: 100%;\n                padding: 18px 0;\n                background-color: rgb(255, 255, 255);\n                background-color: rgba(255, 255, 255, 0.95);\n                z-index: 999;\n                border-width: 1px;\n                border-color: #ededed;\n                border-style: solid;\n                display: none;\n                margin: 0;\n            }\n            .td-block-title-wrap .td-wrapper-pulldown-filter .td-pulldown-filter-item {\n                list-style: none;\n                margin: 0;\n            }\n            .td-block-title-wrap .td-wrapper-pulldown-filter .td-pulldown-filter-item .td-cur-simple-item {\n                color: #4db2ec;\n            }\n            .td-block-title-wrap .td-wrapper-pulldown-filter .td-pulldown-more {\n                padding-bottom: 10px;\n            }\n            .td-block-title-wrap .td-wrapper-pulldown-filter .td-pulldown-more:before {\n                content: '';\n                width: 70px;\n                height: 100%;\n                position: absolute;\n                margin-top: 2px;\n                top: 0;\n                right: 0;\n                z-index: 1;\n                opacity: 0;\n            }\n            .td-block-title-wrap .td-wrapper-pulldown-filter .td-pulldown-filter-link {\n                color: #777;\n                white-space: nowrap;\n                display: block;\n                line-height: 26px;\n                padding-left: 36px;\n                padding-right: 27px;\n            }\n            .td-block-title-wrap .td-wrapper-pulldown-filter .td-pulldown-filter-link:hover {\n                color: #4db2ec;\n            }\n            @media (min-width: 768px) and (max-width: 1018px) {\n                .td-pb-span4 .td-block-title-wrap .td-wrapper-pulldown-filter .td-pulldown-filter-display-option span {\n                    display: none;\n                }\n                .td-pb-span4 .td-block-title-wrap .td-wrapper-pulldown-filter .td-pulldown-filter-link {\n                    padding-left: 24px;\n                    padding-right: 20px !important;\n                }\n            }\n            @-moz-document url-prefix() {\n                .td-pulldown-syle-default .td-subcat-more,\n                .td-pulldown-syle-default .td-subcat-list {\n                    position: relative;\n                    top: -1px;\n                }\n            }\n            .td-pulldown-syle-2 {\n                top: 0;\n            }\n            .td-pulldown-syle-2 .td-subcat-dropdown ul {\n                padding: 20px 0;\n                margin-top: 0;\n            }\n            .td-pulldown-syle-2 .td-subcat-dropdown ul:after {\n                content: '';\n                position: absolute;\n                width: calc(100% + 2px);\n                height: 3px;\n                top: 0;\n                left: -1px;\n                background-color: #4db2ec;\n            }\n            .td-pulldown-syle-2 .td-subcat-dropdown a {\n                padding-left: 40px;\n                padding-right: 31px;\n            }\n            .td-pulldown-syle-2 .td-subcat-dropdown:hover .td-subcat-more {\n                background-color: transparent !important;\n            }\n            .td-pulldown-syle-2 .td-subcat-dropdown:hover .td-subcat-more span,\n            .td-pulldown-syle-2 .td-subcat-dropdown:hover .td-subcat-more i {\n                color: #4db2ec;\n            }\n            .td-pulldown-syle-2 .td-subcat-dropdown .td-subcat-more {\n                margin-left: 9px;\n                margin-bottom: 8px; \/\/ this align the dropdown list\n            }\n            .td-pulldown-syle-2 .td-subcat-list .td-subcat-item {\n                margin-left: 24px;\n            }\n            .td-pulldown-syle-3 {\n                top: 0;\n            }\n            .td-pulldown-syle-3 .td-subcat-dropdown ul {\n                padding: 15px 0;\n                margin-top: -1px;\n                border-width: 1px;\n            }\n            .td-pulldown-syle-3 .td-subcat-dropdown a {\n                padding-left: 40px;\n                padding-right: 31px;\n            }\n            .td-pulldown-syle-3 .td-subcat-dropdown &:hover .td-subcat-more {\n                background-color: transparent !important;\n            }\n            .td-pulldown-syle-3 .td-subcat-dropdown &:hover .td-subcat-more span,\n            .td-pulldown-syle-3 .td-subcat-dropdown &:hover .td-subcat-more i {\n                color: #4db2ec;\n            }\n            .td-pulldown-syle-3 .td-subcat-dropdown .td-subcat-more {\n                margin-left: 9px;\n                margin-bottom: 8px; \/\/ this align the dropdown list\n            }\n            .td-pulldown-syle-3 .td-subcat-list .td-subcat-item {\n                margin-left: 24px;\n            }\n            \n            \n\n            \n            .td-theme-wrap .tdi_22_e6b .td-pulldown-filter-link:hover,\n            .td-theme-wrap .tdi_22_e6b .td-subcat-item a:hover,\n            .td-theme-wrap .tdi_22_e6b .td-subcat-item .td-cur-simple-item {\n                color: #dd3333;\n            }\n\n            .td-theme-wrap .tdi_22_e6b .block-title > *,\n            .td-theme-wrap .tdi_22_e6b .td-subcat-dropdown:hover .td-subcat-more {\n                background-color: #dd3333;\n            }\n            .td-theme-wrap .td-footer-wrapper .tdi_22_e6b .block-title > * {\n                padding: 6px 7px 5px;\n                line-height: 1;\n            }\n\n            .td-theme-wrap .tdi_22_e6b .block-title {\n                border-color: #dd3333;\n            }\n\n            \n            .td-theme-wrap .tdi_22_e6b .td_module_wrap:hover .entry-title a,\n            .td-theme-wrap .tdi_22_e6b .td_quote_on_blocks,\n            .td-theme-wrap .tdi_22_e6b .td-opacity-cat .td-post-category:hover,\n            .td-theme-wrap .tdi_22_e6b .td-opacity-read .td-read-more a:hover,\n            .td-theme-wrap .tdi_22_e6b .td-opacity-author .td-post-author-name a:hover,\n            .td-theme-wrap .tdi_22_e6b .td-instagram-user a {\n                color: #dd3333;\n            }\n\n            .td-theme-wrap .tdi_22_e6b .td-next-prev-wrap a:hover,\n            .td-theme-wrap .tdi_22_e6b .td-load-more-wrap a:hover {\n                background-color: #dd3333;\n                border-color: #dd3333;\n            }\n\n            .td-theme-wrap .tdi_22_e6b .td-read-more a,\n            .td-theme-wrap .tdi_22_e6b .td-weather-information:before,\n            .td-theme-wrap .tdi_22_e6b .td-weather-week:before,\n            .td-theme-wrap .tdi_22_e6b .td-exchange-header:before,\n            .td-theme-wrap .td-footer-wrapper .tdi_22_e6b .td-post-category,\n            .td-theme-wrap .tdi_22_e6b .td-post-category:hover {\n                background-color: #dd3333;\n            }\n<\/style><script>var block_tdi_22_e6b = new tdBlock();\nblock_tdi_22_e6b.id = \"tdi_22_e6b\";\nblock_tdi_22_e6b.atts = '{\"custom_title\":\"Partido\",\"header_color\":\"#dd3333\",\"category_id\":\"11\",\"tag_slug\":\"vxl 142\",\"limit\":\"15\",\"td_filter_default_txt\":\"Todo\",\"block_type\":\"td_block_21\",\"separator\":\"\",\"custom_url\":\"\",\"block_template_id\":\"\",\"m16_tl\":\"\",\"m16_el\":\"\",\"post_ids\":\"\",\"category_ids\":\"\",\"autors_id\":\"\",\"installed_post_types\":\"\",\"sort\":\"\",\"offset\":\"\",\"show_modified_date\":\"\",\"el_class\":\"\",\"td_ajax_filter_type\":\"\",\"td_ajax_filter_ids\":\"\",\"td_ajax_preloading\":\"\",\"f_header_font_header\":\"\",\"f_header_font_title\":\"Block header\",\"f_header_font_settings\":\"\",\"f_header_font_family\":\"\",\"f_header_font_size\":\"\",\"f_header_font_line_height\":\"\",\"f_header_font_style\":\"\",\"f_header_font_weight\":\"\",\"f_header_font_transform\":\"\",\"f_header_font_spacing\":\"\",\"f_header_\":\"\",\"f_ajax_font_title\":\"Ajax categories\",\"f_ajax_font_settings\":\"\",\"f_ajax_font_family\":\"\",\"f_ajax_font_size\":\"\",\"f_ajax_font_line_height\":\"\",\"f_ajax_font_style\":\"\",\"f_ajax_font_weight\":\"\",\"f_ajax_font_transform\":\"\",\"f_ajax_font_spacing\":\"\",\"f_ajax_\":\"\",\"f_more_font_title\":\"Load more button\",\"f_more_font_settings\":\"\",\"f_more_font_family\":\"\",\"f_more_font_size\":\"\",\"f_more_font_line_height\":\"\",\"f_more_font_style\":\"\",\"f_more_font_weight\":\"\",\"f_more_font_transform\":\"\",\"f_more_font_spacing\":\"\",\"f_more_\":\"\",\"m16f_title_font_header\":\"\",\"m16f_title_font_title\":\"Article title\",\"m16f_title_font_settings\":\"\",\"m16f_title_font_family\":\"\",\"m16f_title_font_size\":\"\",\"m16f_title_font_line_height\":\"\",\"m16f_title_font_style\":\"\",\"m16f_title_font_weight\":\"\",\"m16f_title_font_transform\":\"\",\"m16f_title_font_spacing\":\"\",\"m16f_title_\":\"\",\"m16f_cat_font_title\":\"Article category tag\",\"m16f_cat_font_settings\":\"\",\"m16f_cat_font_family\":\"\",\"m16f_cat_font_size\":\"\",\"m16f_cat_font_line_height\":\"\",\"m16f_cat_font_style\":\"\",\"m16f_cat_font_weight\":\"\",\"m16f_cat_font_transform\":\"\",\"m16f_cat_font_spacing\":\"\",\"m16f_cat_\":\"\",\"m16f_meta_font_title\":\"Article meta info\",\"m16f_meta_font_settings\":\"\",\"m16f_meta_font_family\":\"\",\"m16f_meta_font_size\":\"\",\"m16f_meta_font_line_height\":\"\",\"m16f_meta_font_style\":\"\",\"m16f_meta_font_weight\":\"\",\"m16f_meta_font_transform\":\"\",\"m16f_meta_font_spacing\":\"\",\"m16f_meta_\":\"\",\"m16f_ex_font_title\":\"Article excerpt\",\"m16f_ex_font_settings\":\"\",\"m16f_ex_font_family\":\"\",\"m16f_ex_font_size\":\"\",\"m16f_ex_font_line_height\":\"\",\"m16f_ex_font_style\":\"\",\"m16f_ex_font_weight\":\"\",\"m16f_ex_font_transform\":\"\",\"m16f_ex_font_spacing\":\"\",\"m16f_ex_\":\"\",\"ajax_pagination\":\"\",\"ajax_pagination_infinite_stop\":\"\",\"css\":\"\",\"tdc_css\":\"\",\"td_column_number\":2,\"color_preset\":\"\",\"border_top\":\"\",\"class\":\"tdi_22_e6b\",\"tdc_css_class\":\"tdi_22_e6b\",\"tdc_css_class_style\":\"tdi_22_e6b_rand_style\"}';\nblock_tdi_22_e6b.td_column_number = \"2\";\nblock_tdi_22_e6b.block_type = \"td_block_21\";\nblock_tdi_22_e6b.post_count = \"15\";\nblock_tdi_22_e6b.found_posts = \"29\";\nblock_tdi_22_e6b.header_color = \"#dd3333\";\nblock_tdi_22_e6b.ajax_pagination_infinite_stop = \"\";\nblock_tdi_22_e6b.max_num_pages = \"2\";\ntdBlocksArray.push(block_tdi_22_e6b);\n<\/script><div class=\"td-block-title-wrap\"><h4 class=\"block-title td-block-title\"><span class=\"td-pulldown-size\">Partido<\/span><\/h4><\/div><div id=tdi_22_e6b class=\"td_block_inner\">\n        <div class=\"td_module_16 td_module_wrap td-animation-stack\">\n            <div class=\"td-module-thumb\"><a href=\"https:\/\/vamosporlaliberacion.org\/crpmlm\/subte-eleccion-de-delegados\/\" rel=\"bookmark\" class=\"td-image-wrap \" title=\"Subte: Elecci\u00f3n de delegados\" ><img loading=\"lazy\" decoding=\"async\" class=\"entry-thumb\" src=\"\" alt=\"\" title=\"Subte: Elecci\u00f3n de delegados\" data-type=\"image_tag\" data-img-url=\"https:\/\/i0.wp.com\/vamosporlaliberacion.org\/crpmlm\/wp-content\/uploads\/2019\/06\/subte.jpg?resize=150%2C150&ssl=1\"  width=\"150\" height=\"150\" \/><\/a><\/div>\n            <div class=\"item-details\">\n                <h3 class=\"entry-title td-module-title\"><a href=\"https:\/\/vamosporlaliberacion.org\/crpmlm\/subte-eleccion-de-delegados\/\" rel=\"bookmark\" title=\"Subte: Elecci\u00f3n de delegados\">Subte: Elecci\u00f3n de delegados<\/a><\/h3>\n                <div class=\"td-module-meta-info\">\n                                        <span class=\"td-post-author-name\"><a href=\"https:\/\/vamosporlaliberacion.org\/crpmlm\/author\/adminvxl\/\">vamos!<\/a> <span>-<\/span> <\/span>                    <span class=\"td-post-date\"><time class=\"entry-date updated td-module-date\" datetime=\"2019-06-11T15:47:12-03:00\" >11 junio, 2019<\/time><\/span>                    <span class=\"td-module-comments\"><a href=\"https:\/\/vamosporlaliberacion.org\/crpmlm\/subte-eleccion-de-delegados\/#respond\">0<\/a><\/span>                <\/div>\n\n                <div class=\"td-excerpt\">\n                    El martes 28\/5 finalizaron las elecciones de delegados de la AGTSyP mandato 2019-2021, en las que participaron alrededor de 2000 compa\u00f1eros de todas las...                <\/div>\n            <\/div>\n\n        <\/div>\n\n        \n        <div class=\"td_module_16 td_module_wrap td-animation-stack\">\n            <div class=\"td-module-thumb\"><a href=\"https:\/\/vamosporlaliberacion.org\/crpmlm\/foro-de-jovenes-por-la-unidad-en-caba\/\" rel=\"bookmark\" class=\"td-image-wrap \" title=\"Foro de J\u00f3venes por la unidad en CABA\" ><img loading=\"lazy\" decoding=\"async\" class=\"entry-thumb\" src=\"\" alt=\"\" title=\"Foro de J\u00f3venes por la unidad en CABA\" data-type=\"image_tag\" data-img-url=\"https:\/\/i0.wp.com\/vamosporlaliberacion.org\/crpmlm\/wp-content\/uploads\/2019\/06\/foro-cbazo2.jpg?resize=150%2C150&ssl=1\"  width=\"150\" height=\"150\" \/><\/a><\/div>\n            <div class=\"item-details\">\n                <h3 class=\"entry-title td-module-title\"><a href=\"https:\/\/vamosporlaliberacion.org\/crpmlm\/foro-de-jovenes-por-la-unidad-en-caba\/\" rel=\"bookmark\" title=\"Foro de J\u00f3venes por la unidad en CABA\">Foro de J\u00f3venes por la unidad en CABA<\/a><\/h3>\n                <div class=\"td-module-meta-info\">\n                                        <span class=\"td-post-author-name\"><a href=\"https:\/\/vamosporlaliberacion.org\/crpmlm\/author\/adminvxl\/\">vamos!<\/a> <span>-<\/span> <\/span>                    <span class=\"td-post-date\"><time class=\"entry-date updated td-module-date\" datetime=\"2019-06-11T15:45:29-03:00\" >11 junio, 2019<\/time><\/span>                    <span class=\"td-module-comments\"><a href=\"https:\/\/vamosporlaliberacion.org\/crpmlm\/foro-de-jovenes-por-la-unidad-en-caba\/#respond\">0<\/a><\/span>                <\/div>\n\n                <div class=\"td-excerpt\">\n                    El s\u00e1bado 1\u00ba de junio se realiz\u00f3 en la Facultad de Medicina de la UBA el encuentro de \u201cJ\u00f3venes por la Unidad a 50...                <\/div>\n            <\/div>\n\n        <\/div>\n\n        \n        <div class=\"td_module_16 td_module_wrap td-animation-stack\">\n            <div class=\"td-module-thumb\"><a href=\"https:\/\/vamosporlaliberacion.org\/crpmlm\/de-chocobar-a-la-masacre-de-san-miguel\/\" rel=\"bookmark\" class=\"td-image-wrap \" title=\"De Chocobar a la masacre de San Miguel\" ><img loading=\"lazy\" decoding=\"async\" class=\"entry-thumb\" src=\"\" alt=\"\" title=\"De Chocobar a la masacre de San Miguel\" data-type=\"image_tag\" data-img-url=\"https:\/\/i0.wp.com\/vamosporlaliberacion.org\/crpmlm\/wp-content\/uploads\/2019\/06\/monte20190526-710462.jpg?resize=150%2C150&ssl=1\"  width=\"150\" height=\"150\" \/><\/a><\/div>\n            <div class=\"item-details\">\n                <h3 class=\"entry-title td-module-title\"><a href=\"https:\/\/vamosporlaliberacion.org\/crpmlm\/de-chocobar-a-la-masacre-de-san-miguel\/\" rel=\"bookmark\" title=\"De Chocobar a la masacre de San Miguel\">De Chocobar a la masacre de San Miguel<\/a><\/h3>\n                <div class=\"td-module-meta-info\">\n                                        <span class=\"td-post-author-name\"><a href=\"https:\/\/vamosporlaliberacion.org\/crpmlm\/author\/adminvxl\/\">vamos!<\/a> <span>-<\/span> <\/span>                    <span class=\"td-post-date\"><time class=\"entry-date updated td-module-date\" datetime=\"2019-06-11T15:40:11-03:00\" >11 junio, 2019<\/time><\/span>                    <span class=\"td-module-comments\"><a href=\"https:\/\/vamosporlaliberacion.org\/crpmlm\/de-chocobar-a-la-masacre-de-san-miguel\/#respond\">0<\/a><\/span>                <\/div>\n\n                <div class=\"td-excerpt\">\n                    Gonzalo Dom\u00ednguez (14 a\u00f1os), Camila L\u00f3pez (13), Danilo Sansone (13) y An\u00edbal Su\u00e1rez (22). Los cuatro murieron escapando de la balacera policial, al estrellarse...                <\/div>\n            <\/div>\n\n        <\/div>\n\n        \n        <div class=\"td_module_16 td_module_wrap td-animation-stack\">\n            <div class=\"td-module-thumb\"><a href=\"https:\/\/vamosporlaliberacion.org\/crpmlm\/congreso-extraordinario-fuba-para-derrotar-a-macri-y-cambiemos\/\" rel=\"bookmark\" class=\"td-image-wrap \" title=\"Congreso extraordinario FUBA: Para derrotar a Macri y Cambiemos\" ><img loading=\"lazy\" decoding=\"async\" class=\"entry-thumb\" src=\"\" alt=\"\" title=\"Congreso extraordinario FUBA: Para derrotar a Macri y Cambiemos\" data-type=\"image_tag\" data-img-url=\"https:\/\/i0.wp.com\/vamosporlaliberacion.org\/crpmlm\/wp-content\/uploads\/2019\/06\/fuba.jpg?resize=150%2C150&ssl=1\"  width=\"150\" height=\"150\" \/><\/a><\/div>\n            <div class=\"item-details\">\n                <h3 class=\"entry-title td-module-title\"><a href=\"https:\/\/vamosporlaliberacion.org\/crpmlm\/congreso-extraordinario-fuba-para-derrotar-a-macri-y-cambiemos\/\" rel=\"bookmark\" title=\"Congreso extraordinario FUBA: Para derrotar a Macri y Cambiemos\">Congreso extraordinario FUBA: Para derrotar a Macri y Cambiemos<\/a><\/h3>\n                <div class=\"td-module-meta-info\">\n                                        <span class=\"td-post-author-name\"><a href=\"https:\/\/vamosporlaliberacion.org\/crpmlm\/author\/adminvxl\/\">vamos!<\/a> <span>-<\/span> <\/span>                    <span class=\"td-post-date\"><time class=\"entry-date updated td-module-date\" datetime=\"2019-06-11T15:37:47-03:00\" >11 junio, 2019<\/time><\/span>                    <span class=\"td-module-comments\"><a href=\"https:\/\/vamosporlaliberacion.org\/crpmlm\/congreso-extraordinario-fuba-para-derrotar-a-macri-y-cambiemos\/#respond\">0<\/a><\/span>                <\/div>\n\n                <div class=\"td-excerpt\">\n                    El jueves 23 de Mayo se realiz\u00f3 el plenario de cierre del Congreso Extraordinario de la FUBA. Participamos m\u00e1s de 700 estudiantes, que desbordamos...                <\/div>\n            <\/div>\n\n        <\/div>\n\n        \n        <div class=\"td_module_16 td_module_wrap td-animation-stack\">\n            <div class=\"td-module-thumb\"><a href=\"https:\/\/vamosporlaliberacion.org\/crpmlm\/deuda-externa-y-fuga-de-capitales\/\" rel=\"bookmark\" class=\"td-image-wrap \" title=\"Deuda externa y fuga de capitales\" ><img decoding=\"async\" class=\"entry-thumb\" src=\"\"alt=\"\" data-type=\"image_tag\" data-img-url=\"https:\/\/vamosporlaliberacion.org\/crpmlm\/wp-content\/plugins\/td-composer\/legacy\/Newspaper\/assets\/images\/no-thumb\/thumbnail.png\"  width=\"\" height=\"\" \/><\/a><\/div>\n            <div class=\"item-details\">\n                <h3 class=\"entry-title td-module-title\"><a href=\"https:\/\/vamosporlaliberacion.org\/crpmlm\/deuda-externa-y-fuga-de-capitales\/\" rel=\"bookmark\" title=\"Deuda externa y fuga de capitales\">Deuda externa y fuga de capitales<\/a><\/h3>\n                <div class=\"td-module-meta-info\">\n                                        <span class=\"td-post-author-name\"><a href=\"https:\/\/vamosporlaliberacion.org\/crpmlm\/author\/adminvxl\/\">vamos!<\/a> <span>-<\/span> <\/span>                    <span class=\"td-post-date\"><time class=\"entry-date updated td-module-date\" datetime=\"2019-06-11T15:35:00-03:00\" >11 junio, 2019<\/time><\/span>                    <span class=\"td-module-comments\"><a href=\"https:\/\/vamosporlaliberacion.org\/crpmlm\/deuda-externa-y-fuga-de-capitales\/#respond\">0<\/a><\/span>                <\/div>\n\n                <div class=\"td-excerpt\">\n                    Los d\u00f3lares que llegaron como parte del pacto de Macri con FMI ya no est\u00e1n m\u00e1s. Seg\u00fan un informe del Observatorio de la Deuda...                <\/div>\n            <\/div>\n\n        <\/div>\n\n        \n        <div class=\"td_module_16 td_module_wrap td-animation-stack\">\n            <div class=\"td-module-thumb\"><a href=\"https:\/\/vamosporlaliberacion.org\/crpmlm\/brasil-empieza-a-cambiar-el-viento\/\" rel=\"bookmark\" class=\"td-image-wrap \" title=\"Brasil: \u00bfempieza a cambiar el viento?\" ><img loading=\"lazy\" decoding=\"async\" class=\"entry-thumb\" src=\"\" alt=\"\" title=\"Brasil: \u00bfempieza a cambiar el viento?\" data-type=\"image_tag\" data-img-url=\"https:\/\/i0.wp.com\/vamosporlaliberacion.org\/crpmlm\/wp-content\/uploads\/2019\/06\/15592846161793.jpg?resize=150%2C150&ssl=1\"  width=\"150\" height=\"150\" \/><\/a><\/div>\n            <div class=\"item-details\">\n                <h3 class=\"entry-title td-module-title\"><a href=\"https:\/\/vamosporlaliberacion.org\/crpmlm\/brasil-empieza-a-cambiar-el-viento\/\" rel=\"bookmark\" title=\"Brasil: \u00bfempieza a cambiar el viento?\">Brasil: \u00bfempieza a cambiar el viento?<\/a><\/h3>\n                <div class=\"td-module-meta-info\">\n                                        <span class=\"td-post-author-name\"><a href=\"https:\/\/vamosporlaliberacion.org\/crpmlm\/author\/adminvxl\/\">vamos!<\/a> <span>-<\/span> <\/span>                    <span class=\"td-post-date\"><time class=\"entry-date updated td-module-date\" datetime=\"2019-06-11T15:31:10-03:00\" >11 junio, 2019<\/time><\/span>                    <span class=\"td-module-comments\"><a href=\"https:\/\/vamosporlaliberacion.org\/crpmlm\/brasil-empieza-a-cambiar-el-viento\/#respond\">0<\/a><\/span>                <\/div>\n\n                <div class=\"td-excerpt\">\n                    Jair Bolsonaro, el energ\u00fameno fascista que gobierna Brasil desde el pasado 1\u00ba de enero y que crey\u00f3 tener luz verde para imponer sus pol\u00edticas...                <\/div>\n            <\/div>\n\n        <\/div>\n\n        \n        <div class=\"td_module_16 td_module_wrap td-animation-stack\">\n            <div class=\"td-module-thumb\"><a href=\"https:\/\/vamosporlaliberacion.org\/crpmlm\/a-planificar-una-gran-colecta-financiera-de-masas\/\" rel=\"bookmark\" class=\"td-image-wrap \" title=\"A planificar una gran Colecta Financiera de masas\" ><img loading=\"lazy\" decoding=\"async\" class=\"entry-thumb\" src=\"\" alt=\"\" title=\"A planificar una gran Colecta Financiera de masas\" data-type=\"image_tag\" data-img-url=\"https:\/\/i0.wp.com\/vamosporlaliberacion.org\/crpmlm\/wp-content\/uploads\/2019\/06\/crpmlm1.jpeg?resize=150%2C150&ssl=1\"  width=\"150\" height=\"150\" \/><\/a><\/div>\n            <div class=\"item-details\">\n                <h3 class=\"entry-title td-module-title\"><a href=\"https:\/\/vamosporlaliberacion.org\/crpmlm\/a-planificar-una-gran-colecta-financiera-de-masas\/\" rel=\"bookmark\" title=\"A planificar una gran Colecta Financiera de masas\">A planificar una gran Colecta Financiera de masas<\/a><\/h3>\n                <div class=\"td-module-meta-info\">\n                                        <span class=\"td-post-author-name\"><a href=\"https:\/\/vamosporlaliberacion.org\/crpmlm\/author\/adminvxl\/\">vamos!<\/a> <span>-<\/span> <\/span>                    <span class=\"td-post-date\"><time class=\"entry-date updated td-module-date\" datetime=\"2019-06-11T15:29:16-03:00\" >11 junio, 2019<\/time><\/span>                    <span class=\"td-module-comments\"><a href=\"https:\/\/vamosporlaliberacion.org\/crpmlm\/a-planificar-una-gran-colecta-financiera-de-masas\/#respond\">0<\/a><\/span>                <\/div>\n\n                <div class=\"td-excerpt\">\n                    Desde el 20 de junio hasta fin de de julio realizaremos la colecta financiera en el marco del avance de la unidad opositora en...                <\/div>\n            <\/div>\n\n        <\/div>\n\n        \n        <div class=\"td_module_16 td_module_wrap td-animation-stack\">\n            <div class=\"td-module-thumb\"><a href=\"https:\/\/vamosporlaliberacion.org\/crpmlm\/colecta-de-la-juventud-en-caba\/\" rel=\"bookmark\" class=\"td-image-wrap \" title=\"Colecta de la Juventud en CABA\" ><img loading=\"lazy\" decoding=\"async\" class=\"entry-thumb\" src=\"\" alt=\"\" title=\"Colecta de la Juventud en CABA\" data-type=\"image_tag\" data-img-url=\"https:\/\/i0.wp.com\/vamosporlaliberacion.org\/crpmlm\/wp-content\/uploads\/2019\/06\/colecta-j-caba.jpg?resize=150%2C150&ssl=1\"  width=\"150\" height=\"150\" \/><\/a><\/div>\n            <div class=\"item-details\">\n                <h3 class=\"entry-title td-module-title\"><a href=\"https:\/\/vamosporlaliberacion.org\/crpmlm\/colecta-de-la-juventud-en-caba\/\" rel=\"bookmark\" title=\"Colecta de la Juventud en CABA\">Colecta de la Juventud en CABA<\/a><\/h3>\n                <div class=\"td-module-meta-info\">\n                                        <span class=\"td-post-author-name\"><a href=\"https:\/\/vamosporlaliberacion.org\/crpmlm\/author\/adminvxl\/\">vamos!<\/a> <span>-<\/span> <\/span>                    <span class=\"td-post-date\"><time class=\"entry-date updated td-module-date\" datetime=\"2019-06-11T15:27:47-03:00\" >11 junio, 2019<\/time><\/span>                    <span class=\"td-module-comments\"><a href=\"https:\/\/vamosporlaliberacion.org\/crpmlm\/colecta-de-la-juventud-en-caba\/#respond\">0<\/a><\/span>                <\/div>\n\n                <div class=\"td-excerpt\">\n                    El s\u00e1bado 1 de junio la juventud del Comunismo Revolucionario lanzo la campa\u00f1a financiera 2019 con una charla sobre violencia de g\u00e9nero en el...                <\/div>\n            <\/div>\n\n        <\/div>\n\n        \n        <div class=\"td_module_16 td_module_wrap td-animation-stack\">\n            <div class=\"td-module-thumb\"><a href=\"https:\/\/vamosporlaliberacion.org\/crpmlm\/25-de-mayo-locrazo-del-mp-liberacion-en-ampliar\/\" rel=\"bookmark\" class=\"td-image-wrap \" title=\"25 de Mayo: Locrazo del MP Liberaci\u00f3n en Ampliar!\" ><img loading=\"lazy\" decoding=\"async\" class=\"entry-thumb\" src=\"\" alt=\"\" title=\"25 de Mayo: Locrazo del MP Liberaci\u00f3n en Ampliar!\" data-type=\"image_tag\" data-img-url=\"https:\/\/i0.wp.com\/vamosporlaliberacion.org\/crpmlm\/wp-content\/uploads\/2019\/06\/locro-caba-25-mayo-mpl-ampliar.jpeg?resize=150%2C150&ssl=1\"  width=\"150\" height=\"150\" \/><\/a><\/div>\n            <div class=\"item-details\">\n                <h3 class=\"entry-title td-module-title\"><a href=\"https:\/\/vamosporlaliberacion.org\/crpmlm\/25-de-mayo-locrazo-del-mp-liberacion-en-ampliar\/\" rel=\"bookmark\" title=\"25 de Mayo: Locrazo del MP Liberaci\u00f3n en Ampliar!\">25 de Mayo: Locrazo del MP Liberaci\u00f3n en Ampliar!<\/a><\/h3>\n                <div class=\"td-module-meta-info\">\n                                        <span class=\"td-post-author-name\"><a href=\"https:\/\/vamosporlaliberacion.org\/crpmlm\/author\/adminvxl\/\">vamos!<\/a> <span>-<\/span> <\/span>                    <span class=\"td-post-date\"><time class=\"entry-date updated td-module-date\" datetime=\"2019-06-11T15:26:05-03:00\" >11 junio, 2019<\/time><\/span>                    <span class=\"td-module-comments\"><a href=\"https:\/\/vamosporlaliberacion.org\/crpmlm\/25-de-mayo-locrazo-del-mp-liberacion-en-ampliar\/#respond\">0<\/a><\/span>                <\/div>\n\n                <div class=\"td-excerpt\">\n                    El viernes 24 a la noche, como parte de las iniciativas de las fuerzas que integran Ampliar, el MPL-Caba organiz\u00f3 un locro en el...                <\/div>\n            <\/div>\n\n        <\/div>\n\n        \n        <div class=\"td_module_16 td_module_wrap td-animation-stack\">\n            <div class=\"td-module-thumb\"><a href=\"https:\/\/vamosporlaliberacion.org\/crpmlm\/horacio-catena-en-el-29m\/\" rel=\"bookmark\" class=\"td-image-wrap \" title=\"Horacio Catena en el 29M\" ><img loading=\"lazy\" decoding=\"async\" class=\"entry-thumb\" src=\"\" alt=\"\" title=\"Horacio Catena en el 29M\" data-type=\"image_tag\" data-img-url=\"https:\/\/i0.wp.com\/vamosporlaliberacion.org\/crpmlm\/wp-content\/uploads\/2019\/06\/lolo.jpg?resize=150%2C150&ssl=1\"  width=\"150\" height=\"150\" \/><span class=\"td-video-play-ico\"><i class=\"td-icon-video-thumb-play\"><\/i><\/span><\/a><\/div>\n            <div class=\"item-details\">\n                <h3 class=\"entry-title td-module-title\"><a href=\"https:\/\/vamosporlaliberacion.org\/crpmlm\/horacio-catena-en-el-29m\/\" rel=\"bookmark\" title=\"Horacio Catena en el 29M\">Horacio Catena en el 29M<\/a><\/h3>\n                <div class=\"td-module-meta-info\">\n                                        <span class=\"td-post-author-name\"><a href=\"https:\/\/vamosporlaliberacion.org\/crpmlm\/author\/adminvxl\/\">vamos!<\/a> <span>-<\/span> <\/span>                    <span class=\"td-post-date\"><time class=\"entry-date updated td-module-date\" datetime=\"2019-06-10T17:07:01-03:00\" >10 junio, 2019<\/time><\/span>                    <span class=\"td-module-comments\"><a href=\"https:\/\/vamosporlaliberacion.org\/crpmlm\/horacio-catena-en-el-29m\/#respond\">0<\/a><\/span>                <\/div>\n\n                <div class=\"td-excerpt\">\n                    \r\n\r\nHoracio Catena, secretario general del Sutef, CTA-A fueguina y secretario de organizaci\u00f3n de CTA-A, en el acto en Ushuaia el pasado 29 de mayo.                <\/div>\n            <\/div>\n\n        <\/div>\n\n        \n        <div class=\"td_module_16 td_module_wrap td-animation-stack\">\n            <div class=\"td-module-thumb\"><a href=\"https:\/\/vamosporlaliberacion.org\/crpmlm\/29m-un-contundente-repudio-a-la-politica-macrista\/\" rel=\"bookmark\" class=\"td-image-wrap \" title=\"29M: Un contundente repudio a la pol\u00edtica macrista\" ><img loading=\"lazy\" decoding=\"async\" class=\"entry-thumb\" src=\"\" alt=\"\" title=\"29M: Un contundente repudio a la pol\u00edtica macrista\" data-type=\"image_tag\" data-img-url=\"https:\/\/i0.wp.com\/vamosporlaliberacion.org\/crpmlm\/wp-content\/uploads\/2019\/06\/paro29m-660x330.jpg?resize=150%2C150&ssl=1\"  width=\"150\" height=\"150\" \/><\/a><\/div>\n            <div class=\"item-details\">\n                <h3 class=\"entry-title td-module-title\"><a href=\"https:\/\/vamosporlaliberacion.org\/crpmlm\/29m-un-contundente-repudio-a-la-politica-macrista\/\" rel=\"bookmark\" title=\"29M: Un contundente repudio a la pol\u00edtica macrista\">29M: Un contundente repudio a la pol\u00edtica macrista<\/a><\/h3>\n                <div class=\"td-module-meta-info\">\n                                        <span class=\"td-post-author-name\"><a href=\"https:\/\/vamosporlaliberacion.org\/crpmlm\/author\/adminvxl\/\">vamos!<\/a> <span>-<\/span> <\/span>                    <span class=\"td-post-date\"><time class=\"entry-date updated td-module-date\" datetime=\"2019-06-10T17:02:59-03:00\" >10 junio, 2019<\/time><\/span>                    <span class=\"td-module-comments\"><a href=\"https:\/\/vamosporlaliberacion.org\/crpmlm\/29m-un-contundente-repudio-a-la-politica-macrista\/#respond\">0<\/a><\/span>                <\/div>\n\n                <div class=\"td-excerpt\">\n                    El paro fue pr\u00e1cticamente total. Volvi\u00f3 a evidenciarse el repudio de trabajadores y trabajadoras a esta pol\u00edtica econ\u00f3mica, aunque esta vez con m\u00e1s fuerza...                <\/div>\n            <\/div>\n\n        <\/div>\n\n        \n        <div class=\"td_module_16 td_module_wrap td-animation-stack\">\n            <div class=\"td-module-thumb\"><a href=\"https:\/\/vamosporlaliberacion.org\/crpmlm\/lanzamiento-del-mp-liberacion-en-bahia-blanca\/\" rel=\"bookmark\" class=\"td-image-wrap \" title=\"Lanzamiento del MP Liberaci\u00f3n en Bah\u00eda Blanca\" ><img loading=\"lazy\" decoding=\"async\" class=\"entry-thumb\" src=\"\" alt=\"\" title=\"Lanzamiento del MP Liberaci\u00f3n en Bah\u00eda Blanca\" data-type=\"image_tag\" data-img-url=\"https:\/\/i0.wp.com\/vamosporlaliberacion.org\/crpmlm\/wp-content\/uploads\/2019\/06\/bb-mpl1.jpeg?resize=150%2C150&ssl=1\"  width=\"150\" height=\"150\" \/><\/a><\/div>\n            <div class=\"item-details\">\n                <h3 class=\"entry-title td-module-title\"><a href=\"https:\/\/vamosporlaliberacion.org\/crpmlm\/lanzamiento-del-mp-liberacion-en-bahia-blanca\/\" rel=\"bookmark\" title=\"Lanzamiento del MP Liberaci\u00f3n en Bah\u00eda Blanca\">Lanzamiento del MP Liberaci\u00f3n en Bah\u00eda Blanca<\/a><\/h3>\n                <div class=\"td-module-meta-info\">\n                                        <span class=\"td-post-author-name\"><a href=\"https:\/\/vamosporlaliberacion.org\/crpmlm\/author\/adminvxl\/\">vamos!<\/a> <span>-<\/span> <\/span>                    <span class=\"td-post-date\"><time class=\"entry-date updated td-module-date\" datetime=\"2019-06-10T16:58:01-03:00\" >10 junio, 2019<\/time><\/span>                    <span class=\"td-module-comments\"><a href=\"https:\/\/vamosporlaliberacion.org\/crpmlm\/lanzamiento-del-mp-liberacion-en-bahia-blanca\/#respond\">0<\/a><\/span>                <\/div>\n\n                <div class=\"td-excerpt\">\n                    El 25 de Mayo se lanz\u00f3 el Movimiento Popular Liberaci\u00f3n en Bah\u00eda Blanca. Nos super\u00f3 en las expectativas de gente, de expresiones pol\u00edticas y...                <\/div>\n            <\/div>\n\n        <\/div>\n\n        \n        <div class=\"td_module_16 td_module_wrap td-animation-stack\">\n            <div class=\"td-module-thumb\"><a href=\"https:\/\/vamosporlaliberacion.org\/crpmlm\/una-vez-mas-sera-ley\/\" rel=\"bookmark\" class=\"td-image-wrap \" title=\"Una vez m\u00e1s: \u00a1Ser\u00e1 Ley!\" ><img loading=\"lazy\" decoding=\"async\" class=\"entry-thumb\" src=\"\" alt=\"\" title=\"Una vez m\u00e1s: \u00a1Ser\u00e1 Ley!\" data-type=\"image_tag\" data-img-url=\"https:\/\/i0.wp.com\/vamosporlaliberacion.org\/crpmlm\/wp-content\/uploads\/2019\/06\/proyecto-ive.jpg?resize=150%2C150&ssl=1\"  width=\"150\" height=\"150\" \/><\/a><\/div>\n            <div class=\"item-details\">\n                <h3 class=\"entry-title td-module-title\"><a href=\"https:\/\/vamosporlaliberacion.org\/crpmlm\/una-vez-mas-sera-ley\/\" rel=\"bookmark\" title=\"Una vez m\u00e1s: \u00a1Ser\u00e1 Ley!\">Una vez m\u00e1s: \u00a1Ser\u00e1 Ley!<\/a><\/h3>\n                <div class=\"td-module-meta-info\">\n                                        <span class=\"td-post-author-name\"><a href=\"https:\/\/vamosporlaliberacion.org\/crpmlm\/author\/adminvxl\/\">vamos!<\/a> <span>-<\/span> <\/span>                    <span class=\"td-post-date\"><time class=\"entry-date updated td-module-date\" datetime=\"2019-06-09T16:35:13-03:00\" >9 junio, 2019<\/time><\/span>                    <span class=\"td-module-comments\"><a href=\"https:\/\/vamosporlaliberacion.org\/crpmlm\/una-vez-mas-sera-ley\/#respond\">0<\/a><\/span>                <\/div>\n\n                <div class=\"td-excerpt\">\n                    La Campa\u00f1a Nacional por el Derecho al aborto legal, seguro y gratuito present\u00f3 por octava vez en la C\u00e1mara de Diputados el proyecto de...                <\/div>\n            <\/div>\n\n        <\/div>\n\n        \n        <div class=\"td_module_16 td_module_wrap td-animation-stack\">\n            <div class=\"td-module-thumb\"><a href=\"https:\/\/vamosporlaliberacion.org\/crpmlm\/no-a-la-quita-de-la-moratoria-a-jubiladxs\/\" rel=\"bookmark\" class=\"td-image-wrap \" title=\"No a la quita de la moratoria a jubiladxs\" ><img loading=\"lazy\" decoding=\"async\" class=\"entry-thumb\" src=\"\" alt=\"\" title=\"No a la quita de la moratoria a jubiladxs\" data-type=\"image_tag\" data-img-url=\"https:\/\/i0.wp.com\/vamosporlaliberacion.org\/crpmlm\/wp-content\/uploads\/2019\/06\/jubilados.jpg?resize=150%2C150&ssl=1\"  width=\"150\" height=\"150\" \/><\/a><\/div>\n            <div class=\"item-details\">\n                <h3 class=\"entry-title td-module-title\"><a href=\"https:\/\/vamosporlaliberacion.org\/crpmlm\/no-a-la-quita-de-la-moratoria-a-jubiladxs\/\" rel=\"bookmark\" title=\"No a la quita de la moratoria a jubiladxs\">No a la quita de la moratoria a jubiladxs<\/a><\/h3>\n                <div class=\"td-module-meta-info\">\n                                        <span class=\"td-post-author-name\"><a href=\"https:\/\/vamosporlaliberacion.org\/crpmlm\/author\/adminvxl\/\">vamos!<\/a> <span>-<\/span> <\/span>                    <span class=\"td-post-date\"><time class=\"entry-date updated td-module-date\" datetime=\"2019-06-09T16:33:41-03:00\" >9 junio, 2019<\/time><\/span>                    <span class=\"td-module-comments\"><a href=\"https:\/\/vamosporlaliberacion.org\/crpmlm\/no-a-la-quita-de-la-moratoria-a-jubiladxs\/#respond\">0<\/a><\/span>                <\/div>\n\n                <div class=\"td-excerpt\">\n                    El gobierno de Mauricio Macri no prorrog\u00f3 el plazo que vence el 23 de julio para la moratoria vigente por ley, mediante la cual...                <\/div>\n            <\/div>\n\n        <\/div>\n\n        \n        <div class=\"td_module_16 td_module_wrap td-animation-stack\">\n            <div class=\"td-module-thumb\"><a href=\"https:\/\/vamosporlaliberacion.org\/crpmlm\/mural-escrache-colectivo\/\" rel=\"bookmark\" class=\"td-image-wrap \" title=\"Mural escrache colectivo\" ><img loading=\"lazy\" decoding=\"async\" class=\"entry-thumb\" src=\"\" alt=\"\" title=\"Mural escrache colectivo\" data-type=\"image_tag\" data-img-url=\"https:\/\/i0.wp.com\/vamosporlaliberacion.org\/crpmlm\/wp-content\/uploads\/2019\/06\/mural.jpeg?resize=150%2C150&ssl=1\"  width=\"150\" height=\"150\" \/><\/a><\/div>\n            <div class=\"item-details\">\n                <h3 class=\"entry-title td-module-title\"><a href=\"https:\/\/vamosporlaliberacion.org\/crpmlm\/mural-escrache-colectivo\/\" rel=\"bookmark\" title=\"Mural escrache colectivo\">Mural escrache colectivo<\/a><\/h3>\n                <div class=\"td-module-meta-info\">\n                                        <span class=\"td-post-author-name\"><a href=\"https:\/\/vamosporlaliberacion.org\/crpmlm\/author\/adminvxl\/\">vamos!<\/a> <span>-<\/span> <\/span>                    <span class=\"td-post-date\"><time class=\"entry-date updated td-module-date\" datetime=\"2019-06-09T16:32:22-03:00\" >9 junio, 2019<\/time><\/span>                    <span class=\"td-module-comments\"><a href=\"https:\/\/vamosporlaliberacion.org\/crpmlm\/mural-escrache-colectivo\/#respond\">0<\/a><\/span>                <\/div>\n\n                <div class=\"td-excerpt\">\n                    El mural surge como iniciativa de una madre protectora y luego fue creciendo. \u00c9sta es la segunda vez que se monta el mural sobre...                <\/div>\n            <\/div>\n\n        <\/div>\n\n        <\/div><\/div> <!-- .\/block --><div class=\"td_block_wrap td_block_21 tdi_23_df9 td-pb-border-top td_block_template_1 td-column-2\"  data-td-block-uid=\"tdi_23_df9\" >\n<style>\n.td_block_template_2.widget > ul > li,\n            .td_block_template_6.widget > ul > li,\n            .td_block_template_8.widget > ul > li,\n            .td_block_template_9.widget > ul > li,\n            .td_block_template_10.widget > ul > li,\n            .td_block_template_11.widget > ul > li,\n            .td_block_template_12.widget > ul > li,\n            .td_block_template_13.widget > ul > li,\n            .td_block_template_14.widget > ul > li,\n            .td_block_template_15.widget > ul > li,\n            .td_block_template_16.widget > ul > li,\n            .td_block_template_17.widget > ul > li {\n                margin-left: 0 !important;\n            }\n            .global-block-template-12 .td-comments-title span,\n            .global-block-template-13 .td-comments-title span {\n                margin-left: 0 !important;\n                font-size: 20px;\n            }\n            @media (max-width: 767px) {\n                .global-block-template-12 .td-comments-title span,\n                .global-block-template-13 .td-comments-title span {\n                    font-size: 15px;\n                }\n            }\n            .td-block-title-wrap .td-wrapper-pulldown-filter {\n                font-family: 'Roboto', sans-serif;\n                position: absolute;\n                bottom: 0;\n                right: 0;\n                top: 0;\n                margin: auto 0;\n                z-index: 2;\n                background-color: #fff;\n                font-size: 13px;\n                line-height: 1;\n                color: #777;\n                text-align: right;\n            }\n            .td-block-title-wrap .td-wrapper-pulldown-filter .td-pulldown-filter-display-option {\n                cursor: pointer;\n                white-space: nowrap;\n                position: relative;\n                line-height: 29px;\n            }\n            .td-block-title-wrap .td-wrapper-pulldown-filter .td-pulldown-filter-display-option i {\n                font-size: 9px;\n                color: #777;\n                margin-left: 20px;\n                margin-right: 10px;\n            }\n            .td-block-title-wrap .td-wrapper-pulldown-filter .td-pulldown-filter-display-option i:before {\n                content: '\\e83d';\n            }\n            .td-block-title-wrap .td-wrapper-pulldown-filter .td-pulldown-filter-display-option span {\n                padding-left: 20px;\n                margin-right: -14px;\n            }\n            @media (max-width: 360px) {\n                .td-block-title-wrap .td-wrapper-pulldown-filter .td-pulldown-filter-display-option span {\n                    display: none;\n                }\n            }\n            .td-block-title-wrap .td-wrapper-pulldown-filter .td-pulldown-filter-display-option:hover {\n                color: #4db2ec;\n            }\n            .td-block-title-wrap .td-wrapper-pulldown-filter .td-pulldown-filter-display-option:hover i {\n                color: #4db2ec;\n            }\n            .td-block-title-wrap .td-wrapper-pulldown-filter .td-pulldown-filter-display-option:hover ul {\n                display: block;\n            }\n            .td-block-title-wrap .td-wrapper-pulldown-filter .td-pulldown-filter-list {\n                list-style: none;\n                position: absolute;\n                right: 0;\n                top: 100%;\n                padding: 18px 0;\n                background-color: rgb(255, 255, 255);\n                background-color: rgba(255, 255, 255, 0.95);\n                z-index: 999;\n                border-width: 1px;\n                border-color: #ededed;\n                border-style: solid;\n                display: none;\n                margin: 0;\n            }\n            .td-block-title-wrap .td-wrapper-pulldown-filter .td-pulldown-filter-item {\n                list-style: none;\n                margin: 0;\n            }\n            .td-block-title-wrap .td-wrapper-pulldown-filter .td-pulldown-filter-item .td-cur-simple-item {\n                color: #4db2ec;\n            }\n            .td-block-title-wrap .td-wrapper-pulldown-filter .td-pulldown-more {\n                padding-bottom: 10px;\n            }\n            .td-block-title-wrap .td-wrapper-pulldown-filter .td-pulldown-more:before {\n                content: '';\n                width: 70px;\n                height: 100%;\n                position: absolute;\n                margin-top: 2px;\n                top: 0;\n                right: 0;\n                z-index: 1;\n                opacity: 0;\n            }\n            .td-block-title-wrap .td-wrapper-pulldown-filter .td-pulldown-filter-link {\n                color: #777;\n                white-space: nowrap;\n                display: block;\n                line-height: 26px;\n                padding-left: 36px;\n                padding-right: 27px;\n            }\n            .td-block-title-wrap .td-wrapper-pulldown-filter .td-pulldown-filter-link:hover {\n                color: #4db2ec;\n            }\n            @media (min-width: 768px) and (max-width: 1018px) {\n                .td-pb-span4 .td-block-title-wrap .td-wrapper-pulldown-filter .td-pulldown-filter-display-option span {\n                    display: none;\n                }\n                .td-pb-span4 .td-block-title-wrap .td-wrapper-pulldown-filter .td-pulldown-filter-link {\n                    padding-left: 24px;\n                    padding-right: 20px !important;\n                }\n            }\n            @-moz-document url-prefix() {\n                .td-pulldown-syle-default .td-subcat-more,\n                .td-pulldown-syle-default .td-subcat-list {\n                    position: relative;\n                    top: -1px;\n                }\n            }\n            .td-pulldown-syle-2 {\n                top: 0;\n            }\n            .td-pulldown-syle-2 .td-subcat-dropdown ul {\n                padding: 20px 0;\n                margin-top: 0;\n            }\n            .td-pulldown-syle-2 .td-subcat-dropdown ul:after {\n                content: '';\n                position: absolute;\n                width: calc(100% + 2px);\n                height: 3px;\n                top: 0;\n                left: -1px;\n                background-color: #4db2ec;\n            }\n            .td-pulldown-syle-2 .td-subcat-dropdown a {\n                padding-left: 40px;\n                padding-right: 31px;\n            }\n            .td-pulldown-syle-2 .td-subcat-dropdown:hover .td-subcat-more {\n                background-color: transparent !important;\n            }\n            .td-pulldown-syle-2 .td-subcat-dropdown:hover .td-subcat-more span,\n            .td-pulldown-syle-2 .td-subcat-dropdown:hover .td-subcat-more i {\n                color: #4db2ec;\n            }\n            .td-pulldown-syle-2 .td-subcat-dropdown .td-subcat-more {\n                margin-left: 9px;\n                margin-bottom: 8px; \/\/ this align the dropdown list\n            }\n            .td-pulldown-syle-2 .td-subcat-list .td-subcat-item {\n                margin-left: 24px;\n            }\n            .td-pulldown-syle-3 {\n                top: 0;\n            }\n            .td-pulldown-syle-3 .td-subcat-dropdown ul {\n                padding: 15px 0;\n                margin-top: -1px;\n                border-width: 1px;\n            }\n            .td-pulldown-syle-3 .td-subcat-dropdown a {\n                padding-left: 40px;\n                padding-right: 31px;\n            }\n            .td-pulldown-syle-3 .td-subcat-dropdown &:hover .td-subcat-more {\n                background-color: transparent !important;\n            }\n            .td-pulldown-syle-3 .td-subcat-dropdown &:hover .td-subcat-more span,\n            .td-pulldown-syle-3 .td-subcat-dropdown &:hover .td-subcat-more i {\n                color: #4db2ec;\n            }\n            .td-pulldown-syle-3 .td-subcat-dropdown .td-subcat-more {\n                margin-left: 9px;\n                margin-bottom: 8px; \/\/ this align the dropdown list\n            }\n            .td-pulldown-syle-3 .td-subcat-list .td-subcat-item {\n                margin-left: 24px;\n            }\n            \n            \n\n            \n            .td-theme-wrap .tdi_23_df9 .td-pulldown-filter-link:hover,\n            .td-theme-wrap .tdi_23_df9 .td-subcat-item a:hover,\n            .td-theme-wrap .tdi_23_df9 .td-subcat-item .td-cur-simple-item {\n                color: #dd3333;\n            }\n\n            .td-theme-wrap .tdi_23_df9 .block-title > *,\n            .td-theme-wrap .tdi_23_df9 .td-subcat-dropdown:hover .td-subcat-more {\n                background-color: #dd3333;\n            }\n            .td-theme-wrap .td-footer-wrapper .tdi_23_df9 .block-title > * {\n                padding: 6px 7px 5px;\n                line-height: 1;\n            }\n\n            .td-theme-wrap .tdi_23_df9 .block-title {\n                border-color: #dd3333;\n            }\n\n            \n            .td-theme-wrap .tdi_23_df9 .td_module_wrap:hover .entry-title a,\n            .td-theme-wrap .tdi_23_df9 .td_quote_on_blocks,\n            .td-theme-wrap .tdi_23_df9 .td-opacity-cat .td-post-category:hover,\n            .td-theme-wrap .tdi_23_df9 .td-opacity-read .td-read-more a:hover,\n            .td-theme-wrap .tdi_23_df9 .td-opacity-author .td-post-author-name a:hover,\n            .td-theme-wrap .tdi_23_df9 .td-instagram-user a {\n                color: #dd3333;\n            }\n\n            .td-theme-wrap .tdi_23_df9 .td-next-prev-wrap a:hover,\n            .td-theme-wrap .tdi_23_df9 .td-load-more-wrap a:hover {\n                background-color: #dd3333;\n                border-color: #dd3333;\n            }\n\n            .td-theme-wrap .tdi_23_df9 .td-read-more a,\n            .td-theme-wrap .tdi_23_df9 .td-weather-information:before,\n            .td-theme-wrap .tdi_23_df9 .td-weather-week:before,\n            .td-theme-wrap .tdi_23_df9 .td-exchange-header:before,\n            .td-theme-wrap .td-footer-wrapper .tdi_23_df9 .td-post-category,\n            .td-theme-wrap .tdi_23_df9 .td-post-category:hover {\n                background-color: #dd3333;\n            }\n<\/style><script>var block_tdi_23_df9 = new tdBlock();\nblock_tdi_23_df9.id = \"tdi_23_df9\";\nblock_tdi_23_df9.atts = '{\"custom_title\":\"Pol\\u00edtica\",\"header_color\":\"#dd3333\",\"category_id\":\"10\",\"tag_slug\":\"vxl 142\",\"limit\":\"10\",\"td_filter_default_txt\":\"Todo\",\"block_type\":\"td_block_21\",\"separator\":\"\",\"custom_url\":\"\",\"block_template_id\":\"\",\"m16_tl\":\"\",\"m16_el\":\"\",\"post_ids\":\"\",\"category_ids\":\"\",\"autors_id\":\"\",\"installed_post_types\":\"\",\"sort\":\"\",\"offset\":\"\",\"show_modified_date\":\"\",\"el_class\":\"\",\"td_ajax_filter_type\":\"\",\"td_ajax_filter_ids\":\"\",\"td_ajax_preloading\":\"\",\"f_header_font_header\":\"\",\"f_header_font_title\":\"Block header\",\"f_header_font_settings\":\"\",\"f_header_font_family\":\"\",\"f_header_font_size\":\"\",\"f_header_font_line_height\":\"\",\"f_header_font_style\":\"\",\"f_header_font_weight\":\"\",\"f_header_font_transform\":\"\",\"f_header_font_spacing\":\"\",\"f_header_\":\"\",\"f_ajax_font_title\":\"Ajax categories\",\"f_ajax_font_settings\":\"\",\"f_ajax_font_family\":\"\",\"f_ajax_font_size\":\"\",\"f_ajax_font_line_height\":\"\",\"f_ajax_font_style\":\"\",\"f_ajax_font_weight\":\"\",\"f_ajax_font_transform\":\"\",\"f_ajax_font_spacing\":\"\",\"f_ajax_\":\"\",\"f_more_font_title\":\"Load more button\",\"f_more_font_settings\":\"\",\"f_more_font_family\":\"\",\"f_more_font_size\":\"\",\"f_more_font_line_height\":\"\",\"f_more_font_style\":\"\",\"f_more_font_weight\":\"\",\"f_more_font_transform\":\"\",\"f_more_font_spacing\":\"\",\"f_more_\":\"\",\"m16f_title_font_header\":\"\",\"m16f_title_font_title\":\"Article title\",\"m16f_title_font_settings\":\"\",\"m16f_title_font_family\":\"\",\"m16f_title_font_size\":\"\",\"m16f_title_font_line_height\":\"\",\"m16f_title_font_style\":\"\",\"m16f_title_font_weight\":\"\",\"m16f_title_font_transform\":\"\",\"m16f_title_font_spacing\":\"\",\"m16f_title_\":\"\",\"m16f_cat_font_title\":\"Article category tag\",\"m16f_cat_font_settings\":\"\",\"m16f_cat_font_family\":\"\",\"m16f_cat_font_size\":\"\",\"m16f_cat_font_line_height\":\"\",\"m16f_cat_font_style\":\"\",\"m16f_cat_font_weight\":\"\",\"m16f_cat_font_transform\":\"\",\"m16f_cat_font_spacing\":\"\",\"m16f_cat_\":\"\",\"m16f_meta_font_title\":\"Article meta info\",\"m16f_meta_font_settings\":\"\",\"m16f_meta_font_family\":\"\",\"m16f_meta_font_size\":\"\",\"m16f_meta_font_line_height\":\"\",\"m16f_meta_font_style\":\"\",\"m16f_meta_font_weight\":\"\",\"m16f_meta_font_transform\":\"\",\"m16f_meta_font_spacing\":\"\",\"m16f_meta_\":\"\",\"m16f_ex_font_title\":\"Article excerpt\",\"m16f_ex_font_settings\":\"\",\"m16f_ex_font_family\":\"\",\"m16f_ex_font_size\":\"\",\"m16f_ex_font_line_height\":\"\",\"m16f_ex_font_style\":\"\",\"m16f_ex_font_weight\":\"\",\"m16f_ex_font_transform\":\"\",\"m16f_ex_font_spacing\":\"\",\"m16f_ex_\":\"\",\"ajax_pagination\":\"\",\"ajax_pagination_infinite_stop\":\"\",\"css\":\"\",\"tdc_css\":\"\",\"td_column_number\":2,\"color_preset\":\"\",\"border_top\":\"\",\"class\":\"tdi_23_df9\",\"tdc_css_class\":\"tdi_23_df9\",\"tdc_css_class_style\":\"tdi_23_df9_rand_style\"}';\nblock_tdi_23_df9.td_column_number = \"2\";\nblock_tdi_23_df9.block_type = \"td_block_21\";\nblock_tdi_23_df9.post_count = \"10\";\nblock_tdi_23_df9.found_posts = \"29\";\nblock_tdi_23_df9.header_color = \"#dd3333\";\nblock_tdi_23_df9.ajax_pagination_infinite_stop = \"\";\nblock_tdi_23_df9.max_num_pages = \"3\";\ntdBlocksArray.push(block_tdi_23_df9);\n<\/script><div class=\"td-block-title-wrap\"><h4 class=\"block-title td-block-title\"><span class=\"td-pulldown-size\">Pol\u00edtica<\/span><\/h4><\/div><div id=tdi_23_df9 class=\"td_block_inner\">\n        <div class=\"td_module_16 td_module_wrap td-animation-stack\">\n            <div class=\"td-module-thumb\"><a href=\"https:\/\/vamosporlaliberacion.org\/crpmlm\/subte-eleccion-de-delegados\/\" rel=\"bookmark\" class=\"td-image-wrap \" title=\"Subte: Elecci\u00f3n de delegados\" ><img loading=\"lazy\" decoding=\"async\" class=\"entry-thumb\" src=\"\" alt=\"\" title=\"Subte: Elecci\u00f3n de delegados\" data-type=\"image_tag\" data-img-url=\"https:\/\/i0.wp.com\/vamosporlaliberacion.org\/crpmlm\/wp-content\/uploads\/2019\/06\/subte.jpg?resize=150%2C150&ssl=1\"  width=\"150\" height=\"150\" \/><\/a><\/div>\n            <div class=\"item-details\">\n                <h3 class=\"entry-title td-module-title\"><a href=\"https:\/\/vamosporlaliberacion.org\/crpmlm\/subte-eleccion-de-delegados\/\" rel=\"bookmark\" title=\"Subte: Elecci\u00f3n de delegados\">Subte: Elecci\u00f3n de delegados<\/a><\/h3>\n                <div class=\"td-module-meta-info\">\n                                        <span class=\"td-post-author-name\"><a href=\"https:\/\/vamosporlaliberacion.org\/crpmlm\/author\/adminvxl\/\">vamos!<\/a> <span>-<\/span> <\/span>                    <span class=\"td-post-date\"><time class=\"entry-date updated td-module-date\" datetime=\"2019-06-11T15:47:12-03:00\" >11 junio, 2019<\/time><\/span>                    <span class=\"td-module-comments\"><a href=\"https:\/\/vamosporlaliberacion.org\/crpmlm\/subte-eleccion-de-delegados\/#respond\">0<\/a><\/span>                <\/div>\n\n                <div class=\"td-excerpt\">\n                    El martes 28\/5 finalizaron las elecciones de delegados de la AGTSyP mandato 2019-2021, en las que participaron alrededor de 2000 compa\u00f1eros de todas las...                <\/div>\n            <\/div>\n\n        <\/div>\n\n        \n        <div class=\"td_module_16 td_module_wrap td-animation-stack\">\n            <div class=\"td-module-thumb\"><a href=\"https:\/\/vamosporlaliberacion.org\/crpmlm\/foro-de-jovenes-por-la-unidad-en-caba\/\" rel=\"bookmark\" class=\"td-image-wrap \" title=\"Foro de J\u00f3venes por la unidad en CABA\" ><img loading=\"lazy\" decoding=\"async\" class=\"entry-thumb\" src=\"\" alt=\"\" title=\"Foro de J\u00f3venes por la unidad en CABA\" data-type=\"image_tag\" data-img-url=\"https:\/\/i0.wp.com\/vamosporlaliberacion.org\/crpmlm\/wp-content\/uploads\/2019\/06\/foro-cbazo2.jpg?resize=150%2C150&ssl=1\"  width=\"150\" height=\"150\" \/><\/a><\/div>\n            <div class=\"item-details\">\n                <h3 class=\"entry-title td-module-title\"><a href=\"https:\/\/vamosporlaliberacion.org\/crpmlm\/foro-de-jovenes-por-la-unidad-en-caba\/\" rel=\"bookmark\" title=\"Foro de J\u00f3venes por la unidad en CABA\">Foro de J\u00f3venes por la unidad en CABA<\/a><\/h3>\n                <div class=\"td-module-meta-info\">\n                                        <span class=\"td-post-author-name\"><a href=\"https:\/\/vamosporlaliberacion.org\/crpmlm\/author\/adminvxl\/\">vamos!<\/a> <span>-<\/span> <\/span>                    <span class=\"td-post-date\"><time class=\"entry-date updated td-module-date\" datetime=\"2019-06-11T15:45:29-03:00\" >11 junio, 2019<\/time><\/span>                    <span class=\"td-module-comments\"><a href=\"https:\/\/vamosporlaliberacion.org\/crpmlm\/foro-de-jovenes-por-la-unidad-en-caba\/#respond\">0<\/a><\/span>                <\/div>\n\n                <div class=\"td-excerpt\">\n                    El s\u00e1bado 1\u00ba de junio se realiz\u00f3 en la Facultad de Medicina de la UBA el encuentro de \u201cJ\u00f3venes por la Unidad a 50...                <\/div>\n            <\/div>\n\n        <\/div>\n\n        \n        <div class=\"td_module_16 td_module_wrap td-animation-stack\">\n            <div class=\"td-module-thumb\"><a href=\"https:\/\/vamosporlaliberacion.org\/crpmlm\/de-chocobar-a-la-masacre-de-san-miguel\/\" rel=\"bookmark\" class=\"td-image-wrap \" title=\"De Chocobar a la masacre de San Miguel\" ><img loading=\"lazy\" decoding=\"async\" class=\"entry-thumb\" src=\"\" alt=\"\" title=\"De Chocobar a la masacre de San Miguel\" data-type=\"image_tag\" data-img-url=\"https:\/\/i0.wp.com\/vamosporlaliberacion.org\/crpmlm\/wp-content\/uploads\/2019\/06\/monte20190526-710462.jpg?resize=150%2C150&ssl=1\"  width=\"150\" height=\"150\" \/><\/a><\/div>\n            <div class=\"item-details\">\n                <h3 class=\"entry-title td-module-title\"><a href=\"https:\/\/vamosporlaliberacion.org\/crpmlm\/de-chocobar-a-la-masacre-de-san-miguel\/\" rel=\"bookmark\" title=\"De Chocobar a la masacre de San Miguel\">De Chocobar a la masacre de San Miguel<\/a><\/h3>\n                <div class=\"td-module-meta-info\">\n                                        <span class=\"td-post-author-name\"><a href=\"https:\/\/vamosporlaliberacion.org\/crpmlm\/author\/adminvxl\/\">vamos!<\/a> <span>-<\/span> <\/span>                    <span class=\"td-post-date\"><time class=\"entry-date updated td-module-date\" datetime=\"2019-06-11T15:40:11-03:00\" >11 junio, 2019<\/time><\/span>                    <span class=\"td-module-comments\"><a href=\"https:\/\/vamosporlaliberacion.org\/crpmlm\/de-chocobar-a-la-masacre-de-san-miguel\/#respond\">0<\/a><\/span>                <\/div>\n\n                <div class=\"td-excerpt\">\n                    Gonzalo Dom\u00ednguez (14 a\u00f1os), Camila L\u00f3pez (13), Danilo Sansone (13) y An\u00edbal Su\u00e1rez (22). Los cuatro murieron escapando de la balacera policial, al estrellarse...                <\/div>\n            <\/div>\n\n        <\/div>\n\n        \n        <div class=\"td_module_16 td_module_wrap td-animation-stack\">\n            <div class=\"td-module-thumb\"><a href=\"https:\/\/vamosporlaliberacion.org\/crpmlm\/congreso-extraordinario-fuba-para-derrotar-a-macri-y-cambiemos\/\" rel=\"bookmark\" class=\"td-image-wrap \" title=\"Congreso extraordinario FUBA: Para derrotar a Macri y Cambiemos\" ><img loading=\"lazy\" decoding=\"async\" class=\"entry-thumb\" src=\"\" alt=\"\" title=\"Congreso extraordinario FUBA: Para derrotar a Macri y Cambiemos\" data-type=\"image_tag\" data-img-url=\"https:\/\/i0.wp.com\/vamosporlaliberacion.org\/crpmlm\/wp-content\/uploads\/2019\/06\/fuba.jpg?resize=150%2C150&ssl=1\"  width=\"150\" height=\"150\" \/><\/a><\/div>\n            <div class=\"item-details\">\n                <h3 class=\"entry-title td-module-title\"><a href=\"https:\/\/vamosporlaliberacion.org\/crpmlm\/congreso-extraordinario-fuba-para-derrotar-a-macri-y-cambiemos\/\" rel=\"bookmark\" title=\"Congreso extraordinario FUBA: Para derrotar a Macri y Cambiemos\">Congreso extraordinario FUBA: Para derrotar a Macri y Cambiemos<\/a><\/h3>\n                <div class=\"td-module-meta-info\">\n                                        <span class=\"td-post-author-name\"><a href=\"https:\/\/vamosporlaliberacion.org\/crpmlm\/author\/adminvxl\/\">vamos!<\/a> <span>-<\/span> <\/span>                    <span class=\"td-post-date\"><time class=\"entry-date updated td-module-date\" datetime=\"2019-06-11T15:37:47-03:00\" >11 junio, 2019<\/time><\/span>                    <span class=\"td-module-comments\"><a href=\"https:\/\/vamosporlaliberacion.org\/crpmlm\/congreso-extraordinario-fuba-para-derrotar-a-macri-y-cambiemos\/#respond\">0<\/a><\/span>                <\/div>\n\n                <div class=\"td-excerpt\">\n                    El jueves 23 de Mayo se realiz\u00f3 el plenario de cierre del Congreso Extraordinario de la FUBA. Participamos m\u00e1s de 700 estudiantes, que desbordamos...                <\/div>\n            <\/div>\n\n        <\/div>\n\n        \n        <div class=\"td_module_16 td_module_wrap td-animation-stack\">\n            <div class=\"td-module-thumb\"><a href=\"https:\/\/vamosporlaliberacion.org\/crpmlm\/deuda-externa-y-fuga-de-capitales\/\" rel=\"bookmark\" class=\"td-image-wrap \" title=\"Deuda externa y fuga de capitales\" ><img decoding=\"async\" class=\"entry-thumb\" src=\"\"alt=\"\" data-type=\"image_tag\" data-img-url=\"https:\/\/vamosporlaliberacion.org\/crpmlm\/wp-content\/plugins\/td-composer\/legacy\/Newspaper\/assets\/images\/no-thumb\/thumbnail.png\"  width=\"\" height=\"\" \/><\/a><\/div>\n            <div class=\"item-details\">\n                <h3 class=\"entry-title td-module-title\"><a href=\"https:\/\/vamosporlaliberacion.org\/crpmlm\/deuda-externa-y-fuga-de-capitales\/\" rel=\"bookmark\" title=\"Deuda externa y fuga de capitales\">Deuda externa y fuga de capitales<\/a><\/h3>\n                <div class=\"td-module-meta-info\">\n                                        <span class=\"td-post-author-name\"><a href=\"https:\/\/vamosporlaliberacion.org\/crpmlm\/author\/adminvxl\/\">vamos!<\/a> <span>-<\/span> <\/span>                    <span class=\"td-post-date\"><time class=\"entry-date updated td-module-date\" datetime=\"2019-06-11T15:35:00-03:00\" >11 junio, 2019<\/time><\/span>                    <span class=\"td-module-comments\"><a href=\"https:\/\/vamosporlaliberacion.org\/crpmlm\/deuda-externa-y-fuga-de-capitales\/#respond\">0<\/a><\/span>                <\/div>\n\n                <div class=\"td-excerpt\">\n                    Los d\u00f3lares que llegaron como parte del pacto de Macri con FMI ya no est\u00e1n m\u00e1s. Seg\u00fan un informe del Observatorio de la Deuda...                <\/div>\n            <\/div>\n\n        <\/div>\n\n        \n        <div class=\"td_module_16 td_module_wrap td-animation-stack\">\n            <div class=\"td-module-thumb\"><a href=\"https:\/\/vamosporlaliberacion.org\/crpmlm\/brasil-empieza-a-cambiar-el-viento\/\" rel=\"bookmark\" class=\"td-image-wrap \" title=\"Brasil: \u00bfempieza a cambiar el viento?\" ><img loading=\"lazy\" decoding=\"async\" class=\"entry-thumb\" src=\"\" alt=\"\" title=\"Brasil: \u00bfempieza a cambiar el viento?\" data-type=\"image_tag\" data-img-url=\"https:\/\/i0.wp.com\/vamosporlaliberacion.org\/crpmlm\/wp-content\/uploads\/2019\/06\/15592846161793.jpg?resize=150%2C150&ssl=1\"  width=\"150\" height=\"150\" \/><\/a><\/div>\n            <div class=\"item-details\">\n                <h3 class=\"entry-title td-module-title\"><a href=\"https:\/\/vamosporlaliberacion.org\/crpmlm\/brasil-empieza-a-cambiar-el-viento\/\" rel=\"bookmark\" title=\"Brasil: \u00bfempieza a cambiar el viento?\">Brasil: \u00bfempieza a cambiar el viento?<\/a><\/h3>\n                <div class=\"td-module-meta-info\">\n                                        <span class=\"td-post-author-name\"><a href=\"https:\/\/vamosporlaliberacion.org\/crpmlm\/author\/adminvxl\/\">vamos!<\/a> <span>-<\/span> <\/span>                    <span class=\"td-post-date\"><time class=\"entry-date updated td-module-date\" datetime=\"2019-06-11T15:31:10-03:00\" >11 junio, 2019<\/time><\/span>                    <span class=\"td-module-comments\"><a href=\"https:\/\/vamosporlaliberacion.org\/crpmlm\/brasil-empieza-a-cambiar-el-viento\/#respond\">0<\/a><\/span>                <\/div>\n\n                <div class=\"td-excerpt\">\n                    Jair Bolsonaro, el energ\u00fameno fascista que gobierna Brasil desde el pasado 1\u00ba de enero y que crey\u00f3 tener luz verde para imponer sus pol\u00edticas...                <\/div>\n            <\/div>\n\n        <\/div>\n\n        \n        <div class=\"td_module_16 td_module_wrap td-animation-stack\">\n            <div class=\"td-module-thumb\"><a href=\"https:\/\/vamosporlaliberacion.org\/crpmlm\/a-planificar-una-gran-colecta-financiera-de-masas\/\" rel=\"bookmark\" class=\"td-image-wrap \" title=\"A planificar una gran Colecta Financiera de masas\" ><img loading=\"lazy\" decoding=\"async\" class=\"entry-thumb\" src=\"\" alt=\"\" title=\"A planificar una gran Colecta Financiera de masas\" data-type=\"image_tag\" data-img-url=\"https:\/\/i0.wp.com\/vamosporlaliberacion.org\/crpmlm\/wp-content\/uploads\/2019\/06\/crpmlm1.jpeg?resize=150%2C150&ssl=1\"  width=\"150\" height=\"150\" \/><\/a><\/div>\n            <div class=\"item-details\">\n                <h3 class=\"entry-title td-module-title\"><a href=\"https:\/\/vamosporlaliberacion.org\/crpmlm\/a-planificar-una-gran-colecta-financiera-de-masas\/\" rel=\"bookmark\" title=\"A planificar una gran Colecta Financiera de masas\">A planificar una gran Colecta Financiera de masas<\/a><\/h3>\n                <div class=\"td-module-meta-info\">\n                                        <span class=\"td-post-author-name\"><a href=\"https:\/\/vamosporlaliberacion.org\/crpmlm\/author\/adminvxl\/\">vamos!<\/a> <span>-<\/span> <\/span>                    <span class=\"td-post-date\"><time class=\"entry-date updated td-module-date\" datetime=\"2019-06-11T15:29:16-03:00\" >11 junio, 2019<\/time><\/span>                    <span class=\"td-module-comments\"><a href=\"https:\/\/vamosporlaliberacion.org\/crpmlm\/a-planificar-una-gran-colecta-financiera-de-masas\/#respond\">0<\/a><\/span>                <\/div>\n\n                <div class=\"td-excerpt\">\n                    Desde el 20 de junio hasta fin de de julio realizaremos la colecta financiera en el marco del avance de la unidad opositora en...                <\/div>\n            <\/div>\n\n        <\/div>\n\n        \n        <div class=\"td_module_16 td_module_wrap td-animation-stack\">\n            <div class=\"td-module-thumb\"><a href=\"https:\/\/vamosporlaliberacion.org\/crpmlm\/colecta-de-la-juventud-en-caba\/\" rel=\"bookmark\" class=\"td-image-wrap \" title=\"Colecta de la Juventud en CABA\" ><img loading=\"lazy\" decoding=\"async\" class=\"entry-thumb\" src=\"\" alt=\"\" title=\"Colecta de la Juventud en CABA\" data-type=\"image_tag\" data-img-url=\"https:\/\/i0.wp.com\/vamosporlaliberacion.org\/crpmlm\/wp-content\/uploads\/2019\/06\/colecta-j-caba.jpg?resize=150%2C150&ssl=1\"  width=\"150\" height=\"150\" \/><\/a><\/div>\n            <div class=\"item-details\">\n                <h3 class=\"entry-title td-module-title\"><a href=\"https:\/\/vamosporlaliberacion.org\/crpmlm\/colecta-de-la-juventud-en-caba\/\" rel=\"bookmark\" title=\"Colecta de la Juventud en CABA\">Colecta de la Juventud en CABA<\/a><\/h3>\n                <div class=\"td-module-meta-info\">\n                                        <span class=\"td-post-author-name\"><a href=\"https:\/\/vamosporlaliberacion.org\/crpmlm\/author\/adminvxl\/\">vamos!<\/a> <span>-<\/span> <\/span>                    <span class=\"td-post-date\"><time class=\"entry-date updated td-module-date\" datetime=\"2019-06-11T15:27:47-03:00\" >11 junio, 2019<\/time><\/span>                    <span class=\"td-module-comments\"><a href=\"https:\/\/vamosporlaliberacion.org\/crpmlm\/colecta-de-la-juventud-en-caba\/#respond\">0<\/a><\/span>                <\/div>\n\n                <div class=\"td-excerpt\">\n                    El s\u00e1bado 1 de junio la juventud del Comunismo Revolucionario lanzo la campa\u00f1a financiera 2019 con una charla sobre violencia de g\u00e9nero en el...                <\/div>\n            <\/div>\n\n        <\/div>\n\n        \n        <div class=\"td_module_16 td_module_wrap td-animation-stack\">\n            <div class=\"td-module-thumb\"><a href=\"https:\/\/vamosporlaliberacion.org\/crpmlm\/25-de-mayo-locrazo-del-mp-liberacion-en-ampliar\/\" rel=\"bookmark\" class=\"td-image-wrap \" title=\"25 de Mayo: Locrazo del MP Liberaci\u00f3n en Ampliar!\" ><img loading=\"lazy\" decoding=\"async\" class=\"entry-thumb\" src=\"\" alt=\"\" title=\"25 de Mayo: Locrazo del MP Liberaci\u00f3n en Ampliar!\" data-type=\"image_tag\" data-img-url=\"https:\/\/i0.wp.com\/vamosporlaliberacion.org\/crpmlm\/wp-content\/uploads\/2019\/06\/locro-caba-25-mayo-mpl-ampliar.jpeg?resize=150%2C150&ssl=1\"  width=\"150\" height=\"150\" \/><\/a><\/div>\n            <div class=\"item-details\">\n                <h3 class=\"entry-title td-module-title\"><a href=\"https:\/\/vamosporlaliberacion.org\/crpmlm\/25-de-mayo-locrazo-del-mp-liberacion-en-ampliar\/\" rel=\"bookmark\" title=\"25 de Mayo: Locrazo del MP Liberaci\u00f3n en Ampliar!\">25 de Mayo: Locrazo del MP Liberaci\u00f3n en Ampliar!<\/a><\/h3>\n                <div class=\"td-module-meta-info\">\n                                        <span class=\"td-post-author-name\"><a href=\"https:\/\/vamosporlaliberacion.org\/crpmlm\/author\/adminvxl\/\">vamos!<\/a> <span>-<\/span> <\/span>                    <span class=\"td-post-date\"><time class=\"entry-date updated td-module-date\" datetime=\"2019-06-11T15:26:05-03:00\" >11 junio, 2019<\/time><\/span>                    <span class=\"td-module-comments\"><a href=\"https:\/\/vamosporlaliberacion.org\/crpmlm\/25-de-mayo-locrazo-del-mp-liberacion-en-ampliar\/#respond\">0<\/a><\/span>                <\/div>\n\n                <div class=\"td-excerpt\">\n                    El viernes 24 a la noche, como parte de las iniciativas de las fuerzas que integran Ampliar, el MPL-Caba organiz\u00f3 un locro en el...                <\/div>\n            <\/div>\n\n        <\/div>\n\n        \n        <div class=\"td_module_16 td_module_wrap td-animation-stack\">\n            <div class=\"td-module-thumb\"><a href=\"https:\/\/vamosporlaliberacion.org\/crpmlm\/horacio-catena-en-el-29m\/\" rel=\"bookmark\" class=\"td-image-wrap \" title=\"Horacio Catena en el 29M\" ><img loading=\"lazy\" decoding=\"async\" class=\"entry-thumb\" src=\"\" alt=\"\" title=\"Horacio Catena en el 29M\" data-type=\"image_tag\" data-img-url=\"https:\/\/i0.wp.com\/vamosporlaliberacion.org\/crpmlm\/wp-content\/uploads\/2019\/06\/lolo.jpg?resize=150%2C150&ssl=1\"  width=\"150\" height=\"150\" \/><span class=\"td-video-play-ico\"><i class=\"td-icon-video-thumb-play\"><\/i><\/span><\/a><\/div>\n            <div class=\"item-details\">\n                <h3 class=\"entry-title td-module-title\"><a href=\"https:\/\/vamosporlaliberacion.org\/crpmlm\/horacio-catena-en-el-29m\/\" rel=\"bookmark\" title=\"Horacio Catena en el 29M\">Horacio Catena en el 29M<\/a><\/h3>\n                <div class=\"td-module-meta-info\">\n                                        <span class=\"td-post-author-name\"><a href=\"https:\/\/vamosporlaliberacion.org\/crpmlm\/author\/adminvxl\/\">vamos!<\/a> <span>-<\/span> <\/span>                    <span class=\"td-post-date\"><time class=\"entry-date updated td-module-date\" datetime=\"2019-06-10T17:07:01-03:00\" >10 junio, 2019<\/time><\/span>                    <span class=\"td-module-comments\"><a href=\"https:\/\/vamosporlaliberacion.org\/crpmlm\/horacio-catena-en-el-29m\/#respond\">0<\/a><\/span>                <\/div>\n\n                <div class=\"td-excerpt\">\n                    \r\n\r\nHoracio Catena, secretario general del Sutef, CTA-A fueguina y secretario de organizaci\u00f3n de CTA-A, en el acto en Ushuaia el pasado 29 de mayo.                <\/div>\n            <\/div>\n\n        <\/div>\n\n        <\/div><\/div> <!-- .\/block --><div class=\"td_block_wrap td_block_21 tdi_24_696 td-pb-border-top td_block_template_1 td-column-2\"  data-td-block-uid=\"tdi_24_696\" >\n<style>\n.td_block_template_2.widget > ul > li,\n            .td_block_template_6.widget > ul > li,\n            .td_block_template_8.widget > ul > li,\n            .td_block_template_9.widget > ul > li,\n            .td_block_template_10.widget > ul > li,\n            .td_block_template_11.widget > ul > li,\n            .td_block_template_12.widget > ul > li,\n            .td_block_template_13.widget > ul > li,\n            .td_block_template_14.widget > ul > li,\n            .td_block_template_15.widget > ul > li,\n            .td_block_template_16.widget > ul > li,\n            .td_block_template_17.widget > ul > li {\n                margin-left: 0 !important;\n            }\n            .global-block-template-12 .td-comments-title span,\n            .global-block-template-13 .td-comments-title span {\n                margin-left: 0 !important;\n                font-size: 20px;\n            }\n            @media (max-width: 767px) {\n                .global-block-template-12 .td-comments-title span,\n                .global-block-template-13 .td-comments-title span {\n                    font-size: 15px;\n                }\n            }\n            .td-block-title-wrap .td-wrapper-pulldown-filter {\n                font-family: 'Roboto', sans-serif;\n                position: absolute;\n                bottom: 0;\n                right: 0;\n                top: 0;\n                margin: auto 0;\n                z-index: 2;\n                background-color: #fff;\n                font-size: 13px;\n                line-height: 1;\n                color: #777;\n                text-align: right;\n            }\n            .td-block-title-wrap .td-wrapper-pulldown-filter .td-pulldown-filter-display-option {\n                cursor: pointer;\n                white-space: nowrap;\n                position: relative;\n                line-height: 29px;\n            }\n            .td-block-title-wrap .td-wrapper-pulldown-filter .td-pulldown-filter-display-option i {\n                font-size: 9px;\n                color: #777;\n                margin-left: 20px;\n                margin-right: 10px;\n            }\n            .td-block-title-wrap .td-wrapper-pulldown-filter .td-pulldown-filter-display-option i:before {\n                content: '\\e83d';\n            }\n            .td-block-title-wrap .td-wrapper-pulldown-filter .td-pulldown-filter-display-option span {\n                padding-left: 20px;\n                margin-right: -14px;\n            }\n            @media (max-width: 360px) {\n                .td-block-title-wrap .td-wrapper-pulldown-filter .td-pulldown-filter-display-option span {\n                    display: none;\n                }\n            }\n            .td-block-title-wrap .td-wrapper-pulldown-filter .td-pulldown-filter-display-option:hover {\n                color: #4db2ec;\n            }\n            .td-block-title-wrap .td-wrapper-pulldown-filter .td-pulldown-filter-display-option:hover i {\n                color: #4db2ec;\n            }\n            .td-block-title-wrap .td-wrapper-pulldown-filter .td-pulldown-filter-display-option:hover ul {\n                display: block;\n            }\n            .td-block-title-wrap .td-wrapper-pulldown-filter .td-pulldown-filter-list {\n                list-style: none;\n                position: absolute;\n                right: 0;\n                top: 100%;\n                padding: 18px 0;\n                background-color: rgb(255, 255, 255);\n                background-color: rgba(255, 255, 255, 0.95);\n                z-index: 999;\n                border-width: 1px;\n                border-color: #ededed;\n                border-style: solid;\n                display: none;\n                margin: 0;\n            }\n            .td-block-title-wrap .td-wrapper-pulldown-filter .td-pulldown-filter-item {\n                list-style: none;\n                margin: 0;\n            }\n            .td-block-title-wrap .td-wrapper-pulldown-filter .td-pulldown-filter-item .td-cur-simple-item {\n                color: #4db2ec;\n            }\n            .td-block-title-wrap .td-wrapper-pulldown-filter .td-pulldown-more {\n                padding-bottom: 10px;\n            }\n            .td-block-title-wrap .td-wrapper-pulldown-filter .td-pulldown-more:before {\n                content: '';\n                width: 70px;\n                height: 100%;\n                position: absolute;\n                margin-top: 2px;\n                top: 0;\n                right: 0;\n                z-index: 1;\n                opacity: 0;\n            }\n            .td-block-title-wrap .td-wrapper-pulldown-filter .td-pulldown-filter-link {\n                color: #777;\n                white-space: nowrap;\n                display: block;\n                line-height: 26px;\n                padding-left: 36px;\n                padding-right: 27px;\n            }\n            .td-block-title-wrap .td-wrapper-pulldown-filter .td-pulldown-filter-link:hover {\n                color: #4db2ec;\n            }\n            @media (min-width: 768px) and (max-width: 1018px) {\n                .td-pb-span4 .td-block-title-wrap .td-wrapper-pulldown-filter .td-pulldown-filter-display-option span {\n                    display: none;\n                }\n                .td-pb-span4 .td-block-title-wrap .td-wrapper-pulldown-filter .td-pulldown-filter-link {\n                    padding-left: 24px;\n                    padding-right: 20px !important;\n                }\n            }\n            @-moz-document url-prefix() {\n                .td-pulldown-syle-default .td-subcat-more,\n                .td-pulldown-syle-default .td-subcat-list {\n                    position: relative;\n                    top: -1px;\n                }\n            }\n            .td-pulldown-syle-2 {\n                top: 0;\n            }\n            .td-pulldown-syle-2 .td-subcat-dropdown ul {\n                padding: 20px 0;\n                margin-top: 0;\n            }\n            .td-pulldown-syle-2 .td-subcat-dropdown ul:after {\n                content: '';\n                position: absolute;\n                width: calc(100% + 2px);\n                height: 3px;\n                top: 0;\n                left: -1px;\n                background-color: #4db2ec;\n            }\n            .td-pulldown-syle-2 .td-subcat-dropdown a {\n                padding-left: 40px;\n                padding-right: 31px;\n            }\n            .td-pulldown-syle-2 .td-subcat-dropdown:hover .td-subcat-more {\n                background-color: transparent !important;\n            }\n            .td-pulldown-syle-2 .td-subcat-dropdown:hover .td-subcat-more span,\n            .td-pulldown-syle-2 .td-subcat-dropdown:hover .td-subcat-more i {\n                color: #4db2ec;\n            }\n            .td-pulldown-syle-2 .td-subcat-dropdown .td-subcat-more {\n                margin-left: 9px;\n                margin-bottom: 8px; \/\/ this align the dropdown list\n            }\n            .td-pulldown-syle-2 .td-subcat-list .td-subcat-item {\n                margin-left: 24px;\n            }\n            .td-pulldown-syle-3 {\n                top: 0;\n            }\n            .td-pulldown-syle-3 .td-subcat-dropdown ul {\n                padding: 15px 0;\n                margin-top: -1px;\n                border-width: 1px;\n            }\n            .td-pulldown-syle-3 .td-subcat-dropdown a {\n                padding-left: 40px;\n                padding-right: 31px;\n            }\n            .td-pulldown-syle-3 .td-subcat-dropdown &:hover .td-subcat-more {\n                background-color: transparent !important;\n            }\n            .td-pulldown-syle-3 .td-subcat-dropdown &:hover .td-subcat-more span,\n            .td-pulldown-syle-3 .td-subcat-dropdown &:hover .td-subcat-more i {\n                color: #4db2ec;\n            }\n            .td-pulldown-syle-3 .td-subcat-dropdown .td-subcat-more {\n                margin-left: 9px;\n                margin-bottom: 8px; \/\/ this align the dropdown list\n            }\n            .td-pulldown-syle-3 .td-subcat-list .td-subcat-item {\n                margin-left: 24px;\n            }\n            \n            \n\n            \n            .td-theme-wrap .tdi_24_696 .td-pulldown-filter-link:hover,\n            .td-theme-wrap .tdi_24_696 .td-subcat-item a:hover,\n            .td-theme-wrap .tdi_24_696 .td-subcat-item .td-cur-simple-item {\n                color: #dd3333;\n            }\n\n            .td-theme-wrap .tdi_24_696 .block-title > *,\n            .td-theme-wrap .tdi_24_696 .td-subcat-dropdown:hover .td-subcat-more {\n                background-color: #dd3333;\n            }\n            .td-theme-wrap .td-footer-wrapper .tdi_24_696 .block-title > * {\n                padding: 6px 7px 5px;\n                line-height: 1;\n            }\n\n            .td-theme-wrap .tdi_24_696 .block-title {\n                border-color: #dd3333;\n            }\n\n            \n            .td-theme-wrap .tdi_24_696 .td_module_wrap:hover .entry-title a,\n            .td-theme-wrap .tdi_24_696 .td_quote_on_blocks,\n            .td-theme-wrap .tdi_24_696 .td-opacity-cat .td-post-category:hover,\n            .td-theme-wrap .tdi_24_696 .td-opacity-read .td-read-more a:hover,\n            .td-theme-wrap .tdi_24_696 .td-opacity-author .td-post-author-name a:hover,\n            .td-theme-wrap .tdi_24_696 .td-instagram-user a {\n                color: #dd3333;\n            }\n\n            .td-theme-wrap .tdi_24_696 .td-next-prev-wrap a:hover,\n            .td-theme-wrap .tdi_24_696 .td-load-more-wrap a:hover {\n                background-color: #dd3333;\n                border-color: #dd3333;\n            }\n\n            .td-theme-wrap .tdi_24_696 .td-read-more a,\n            .td-theme-wrap .tdi_24_696 .td-weather-information:before,\n            .td-theme-wrap .tdi_24_696 .td-weather-week:before,\n            .td-theme-wrap .tdi_24_696 .td-exchange-header:before,\n            .td-theme-wrap .td-footer-wrapper .tdi_24_696 .td-post-category,\n            .td-theme-wrap .tdi_24_696 .td-post-category:hover {\n                background-color: #dd3333;\n            }\n<\/style><script>var block_tdi_24_696 = new tdBlock();\nblock_tdi_24_696.id = \"tdi_24_696\";\nblock_tdi_24_696.atts = '{\"custom_title\":\"Econom\\u00eda\",\"header_color\":\"#dd3333\",\"category_id\":\"5\",\"tag_slug\":\"vxl 142\",\"limit\":\"10\",\"td_filter_default_txt\":\"Todo\",\"block_type\":\"td_block_21\",\"separator\":\"\",\"custom_url\":\"\",\"block_template_id\":\"\",\"m16_tl\":\"\",\"m16_el\":\"\",\"post_ids\":\"\",\"category_ids\":\"\",\"autors_id\":\"\",\"installed_post_types\":\"\",\"sort\":\"\",\"offset\":\"\",\"show_modified_date\":\"\",\"el_class\":\"\",\"td_ajax_filter_type\":\"\",\"td_ajax_filter_ids\":\"\",\"td_ajax_preloading\":\"\",\"f_header_font_header\":\"\",\"f_header_font_title\":\"Block header\",\"f_header_font_settings\":\"\",\"f_header_font_family\":\"\",\"f_header_font_size\":\"\",\"f_header_font_line_height\":\"\",\"f_header_font_style\":\"\",\"f_header_font_weight\":\"\",\"f_header_font_transform\":\"\",\"f_header_font_spacing\":\"\",\"f_header_\":\"\",\"f_ajax_font_title\":\"Ajax categories\",\"f_ajax_font_settings\":\"\",\"f_ajax_font_family\":\"\",\"f_ajax_font_size\":\"\",\"f_ajax_font_line_height\":\"\",\"f_ajax_font_style\":\"\",\"f_ajax_font_weight\":\"\",\"f_ajax_font_transform\":\"\",\"f_ajax_font_spacing\":\"\",\"f_ajax_\":\"\",\"f_more_font_title\":\"Load more button\",\"f_more_font_settings\":\"\",\"f_more_font_family\":\"\",\"f_more_font_size\":\"\",\"f_more_font_line_height\":\"\",\"f_more_font_style\":\"\",\"f_more_font_weight\":\"\",\"f_more_font_transform\":\"\",\"f_more_font_spacing\":\"\",\"f_more_\":\"\",\"m16f_title_font_header\":\"\",\"m16f_title_font_title\":\"Article title\",\"m16f_title_font_settings\":\"\",\"m16f_title_font_family\":\"\",\"m16f_title_font_size\":\"\",\"m16f_title_font_line_height\":\"\",\"m16f_title_font_style\":\"\",\"m16f_title_font_weight\":\"\",\"m16f_title_font_transform\":\"\",\"m16f_title_font_spacing\":\"\",\"m16f_title_\":\"\",\"m16f_cat_font_title\":\"Article category tag\",\"m16f_cat_font_settings\":\"\",\"m16f_cat_font_family\":\"\",\"m16f_cat_font_size\":\"\",\"m16f_cat_font_line_height\":\"\",\"m16f_cat_font_style\":\"\",\"m16f_cat_font_weight\":\"\",\"m16f_cat_font_transform\":\"\",\"m16f_cat_font_spacing\":\"\",\"m16f_cat_\":\"\",\"m16f_meta_font_title\":\"Article meta info\",\"m16f_meta_font_settings\":\"\",\"m16f_meta_font_family\":\"\",\"m16f_meta_font_size\":\"\",\"m16f_meta_font_line_height\":\"\",\"m16f_meta_font_style\":\"\",\"m16f_meta_font_weight\":\"\",\"m16f_meta_font_transform\":\"\",\"m16f_meta_font_spacing\":\"\",\"m16f_meta_\":\"\",\"m16f_ex_font_title\":\"Article excerpt\",\"m16f_ex_font_settings\":\"\",\"m16f_ex_font_family\":\"\",\"m16f_ex_font_size\":\"\",\"m16f_ex_font_line_height\":\"\",\"m16f_ex_font_style\":\"\",\"m16f_ex_font_weight\":\"\",\"m16f_ex_font_transform\":\"\",\"m16f_ex_font_spacing\":\"\",\"m16f_ex_\":\"\",\"ajax_pagination\":\"\",\"ajax_pagination_infinite_stop\":\"\",\"css\":\"\",\"tdc_css\":\"\",\"td_column_number\":2,\"color_preset\":\"\",\"border_top\":\"\",\"class\":\"tdi_24_696\",\"tdc_css_class\":\"tdi_24_696\",\"tdc_css_class_style\":\"tdi_24_696_rand_style\"}';\nblock_tdi_24_696.td_column_number = \"2\";\nblock_tdi_24_696.block_type = \"td_block_21\";\nblock_tdi_24_696.post_count = \"10\";\nblock_tdi_24_696.found_posts = \"29\";\nblock_tdi_24_696.header_color = \"#dd3333\";\nblock_tdi_24_696.ajax_pagination_infinite_stop = \"\";\nblock_tdi_24_696.max_num_pages = \"3\";\ntdBlocksArray.push(block_tdi_24_696);\n<\/script><div class=\"td-block-title-wrap\"><h4 class=\"block-title td-block-title\"><span class=\"td-pulldown-size\">Econom\u00eda<\/span><\/h4><\/div><div id=tdi_24_696 class=\"td_block_inner\">\n        <div class=\"td_module_16 td_module_wrap td-animation-stack\">\n            <div class=\"td-module-thumb\"><a href=\"https:\/\/vamosporlaliberacion.org\/crpmlm\/subte-eleccion-de-delegados\/\" rel=\"bookmark\" class=\"td-image-wrap \" title=\"Subte: Elecci\u00f3n de delegados\" ><img loading=\"lazy\" decoding=\"async\" class=\"entry-thumb\" src=\"\" alt=\"\" title=\"Subte: Elecci\u00f3n de delegados\" data-type=\"image_tag\" data-img-url=\"https:\/\/i0.wp.com\/vamosporlaliberacion.org\/crpmlm\/wp-content\/uploads\/2019\/06\/subte.jpg?resize=150%2C150&ssl=1\"  width=\"150\" height=\"150\" \/><\/a><\/div>\n            <div class=\"item-details\">\n                <h3 class=\"entry-title td-module-title\"><a href=\"https:\/\/vamosporlaliberacion.org\/crpmlm\/subte-eleccion-de-delegados\/\" rel=\"bookmark\" title=\"Subte: Elecci\u00f3n de delegados\">Subte: Elecci\u00f3n de delegados<\/a><\/h3>\n                <div class=\"td-module-meta-info\">\n                                        <span class=\"td-post-author-name\"><a href=\"https:\/\/vamosporlaliberacion.org\/crpmlm\/author\/adminvxl\/\">vamos!<\/a> <span>-<\/span> <\/span>                    <span class=\"td-post-date\"><time class=\"entry-date updated td-module-date\" datetime=\"2019-06-11T15:47:12-03:00\" >11 junio, 2019<\/time><\/span>                    <span class=\"td-module-comments\"><a href=\"https:\/\/vamosporlaliberacion.org\/crpmlm\/subte-eleccion-de-delegados\/#respond\">0<\/a><\/span>                <\/div>\n\n                <div class=\"td-excerpt\">\n                    El martes 28\/5 finalizaron las elecciones de delegados de la AGTSyP mandato 2019-2021, en las que participaron alrededor de 2000 compa\u00f1eros de todas las...                <\/div>\n            <\/div>\n\n        <\/div>\n\n        \n        <div class=\"td_module_16 td_module_wrap td-animation-stack\">\n            <div class=\"td-module-thumb\"><a href=\"https:\/\/vamosporlaliberacion.org\/crpmlm\/foro-de-jovenes-por-la-unidad-en-caba\/\" rel=\"bookmark\" class=\"td-image-wrap \" title=\"Foro de J\u00f3venes por la unidad en CABA\" ><img loading=\"lazy\" decoding=\"async\" class=\"entry-thumb\" src=\"\" alt=\"\" title=\"Foro de J\u00f3venes por la unidad en CABA\" data-type=\"image_tag\" data-img-url=\"https:\/\/i0.wp.com\/vamosporlaliberacion.org\/crpmlm\/wp-content\/uploads\/2019\/06\/foro-cbazo2.jpg?resize=150%2C150&ssl=1\"  width=\"150\" height=\"150\" \/><\/a><\/div>\n            <div class=\"item-details\">\n                <h3 class=\"entry-title td-module-title\"><a href=\"https:\/\/vamosporlaliberacion.org\/crpmlm\/foro-de-jovenes-por-la-unidad-en-caba\/\" rel=\"bookmark\" title=\"Foro de J\u00f3venes por la unidad en CABA\">Foro de J\u00f3venes por la unidad en CABA<\/a><\/h3>\n                <div class=\"td-module-meta-info\">\n                                        <span class=\"td-post-author-name\"><a href=\"https:\/\/vamosporlaliberacion.org\/crpmlm\/author\/adminvxl\/\">vamos!<\/a> <span>-<\/span> <\/span>                    <span class=\"td-post-date\"><time class=\"entry-date updated td-module-date\" datetime=\"2019-06-11T15:45:29-03:00\" >11 junio, 2019<\/time><\/span>                    <span class=\"td-module-comments\"><a href=\"https:\/\/vamosporlaliberacion.org\/crpmlm\/foro-de-jovenes-por-la-unidad-en-caba\/#respond\">0<\/a><\/span>                <\/div>\n\n                <div class=\"td-excerpt\">\n                    El s\u00e1bado 1\u00ba de junio se realiz\u00f3 en la Facultad de Medicina de la UBA el encuentro de \u201cJ\u00f3venes por la Unidad a 50...                <\/div>\n            <\/div>\n\n        <\/div>\n\n        \n        <div class=\"td_module_16 td_module_wrap td-animation-stack\">\n            <div class=\"td-module-thumb\"><a href=\"https:\/\/vamosporlaliberacion.org\/crpmlm\/de-chocobar-a-la-masacre-de-san-miguel\/\" rel=\"bookmark\" class=\"td-image-wrap \" title=\"De Chocobar a la masacre de San Miguel\" ><img loading=\"lazy\" decoding=\"async\" class=\"entry-thumb\" src=\"\" alt=\"\" title=\"De Chocobar a la masacre de San Miguel\" data-type=\"image_tag\" data-img-url=\"https:\/\/i0.wp.com\/vamosporlaliberacion.org\/crpmlm\/wp-content\/uploads\/2019\/06\/monte20190526-710462.jpg?resize=150%2C150&ssl=1\"  width=\"150\" height=\"150\" \/><\/a><\/div>\n            <div class=\"item-details\">\n                <h3 class=\"entry-title td-module-title\"><a href=\"https:\/\/vamosporlaliberacion.org\/crpmlm\/de-chocobar-a-la-masacre-de-san-miguel\/\" rel=\"bookmark\" title=\"De Chocobar a la masacre de San Miguel\">De Chocobar a la masacre de San Miguel<\/a><\/h3>\n                <div class=\"td-module-meta-info\">\n                                        <span class=\"td-post-author-name\"><a href=\"https:\/\/vamosporlaliberacion.org\/crpmlm\/author\/adminvxl\/\">vamos!<\/a> <span>-<\/span> <\/span>                    <span class=\"td-post-date\"><time class=\"entry-date updated td-module-date\" datetime=\"2019-06-11T15:40:11-03:00\" >11 junio, 2019<\/time><\/span>                    <span class=\"td-module-comments\"><a href=\"https:\/\/vamosporlaliberacion.org\/crpmlm\/de-chocobar-a-la-masacre-de-san-miguel\/#respond\">0<\/a><\/span>                <\/div>\n\n                <div class=\"td-excerpt\">\n                    Gonzalo Dom\u00ednguez (14 a\u00f1os), Camila L\u00f3pez (13), Danilo Sansone (13) y An\u00edbal Su\u00e1rez (22). Los cuatro murieron escapando de la balacera policial, al estrellarse...                <\/div>\n            <\/div>\n\n        <\/div>\n\n        \n        <div class=\"td_module_16 td_module_wrap td-animation-stack\">\n            <div class=\"td-module-thumb\"><a href=\"https:\/\/vamosporlaliberacion.org\/crpmlm\/congreso-extraordinario-fuba-para-derrotar-a-macri-y-cambiemos\/\" rel=\"bookmark\" class=\"td-image-wrap \" title=\"Congreso extraordinario FUBA: Para derrotar a Macri y Cambiemos\" ><img loading=\"lazy\" decoding=\"async\" class=\"entry-thumb\" src=\"\" alt=\"\" title=\"Congreso extraordinario FUBA: Para derrotar a Macri y Cambiemos\" data-type=\"image_tag\" data-img-url=\"https:\/\/i0.wp.com\/vamosporlaliberacion.org\/crpmlm\/wp-content\/uploads\/2019\/06\/fuba.jpg?resize=150%2C150&ssl=1\"  width=\"150\" height=\"150\" \/><\/a><\/div>\n            <div class=\"item-details\">\n                <h3 class=\"entry-title td-module-title\"><a href=\"https:\/\/vamosporlaliberacion.org\/crpmlm\/congreso-extraordinario-fuba-para-derrotar-a-macri-y-cambiemos\/\" rel=\"bookmark\" title=\"Congreso extraordinario FUBA: Para derrotar a Macri y Cambiemos\">Congreso extraordinario FUBA: Para derrotar a Macri y Cambiemos<\/a><\/h3>\n                <div class=\"td-module-meta-info\">\n                                        <span class=\"td-post-author-name\"><a href=\"https:\/\/vamosporlaliberacion.org\/crpmlm\/author\/adminvxl\/\">vamos!<\/a> <span>-<\/span> <\/span>                    <span class=\"td-post-date\"><time class=\"entry-date updated td-module-date\" datetime=\"2019-06-11T15:37:47-03:00\" >11 junio, 2019<\/time><\/span>                    <span class=\"td-module-comments\"><a href=\"https:\/\/vamosporlaliberacion.org\/crpmlm\/congreso-extraordinario-fuba-para-derrotar-a-macri-y-cambiemos\/#respond\">0<\/a><\/span>                <\/div>\n\n                <div class=\"td-excerpt\">\n                    El jueves 23 de Mayo se realiz\u00f3 el plenario de cierre del Congreso Extraordinario de la FUBA. Participamos m\u00e1s de 700 estudiantes, que desbordamos...                <\/div>\n            <\/div>\n\n        <\/div>\n\n        \n        <div class=\"td_module_16 td_module_wrap td-animation-stack\">\n            <div class=\"td-module-thumb\"><a href=\"https:\/\/vamosporlaliberacion.org\/crpmlm\/deuda-externa-y-fuga-de-capitales\/\" rel=\"bookmark\" class=\"td-image-wrap \" title=\"Deuda externa y fuga de capitales\" ><img decoding=\"async\" class=\"entry-thumb\" src=\"\"alt=\"\" data-type=\"image_tag\" data-img-url=\"https:\/\/vamosporlaliberacion.org\/crpmlm\/wp-content\/plugins\/td-composer\/legacy\/Newspaper\/assets\/images\/no-thumb\/thumbnail.png\"  width=\"\" height=\"\" \/><\/a><\/div>\n            <div class=\"item-details\">\n                <h3 class=\"entry-title td-module-title\"><a href=\"https:\/\/vamosporlaliberacion.org\/crpmlm\/deuda-externa-y-fuga-de-capitales\/\" rel=\"bookmark\" title=\"Deuda externa y fuga de capitales\">Deuda externa y fuga de capitales<\/a><\/h3>\n                <div class=\"td-module-meta-info\">\n                                        <span class=\"td-post-author-name\"><a href=\"https:\/\/vamosporlaliberacion.org\/crpmlm\/author\/adminvxl\/\">vamos!<\/a> <span>-<\/span> <\/span>                    <span class=\"td-post-date\"><time class=\"entry-date updated td-module-date\" datetime=\"2019-06-11T15:35:00-03:00\" >11 junio, 2019<\/time><\/span>                    <span class=\"td-module-comments\"><a href=\"https:\/\/vamosporlaliberacion.org\/crpmlm\/deuda-externa-y-fuga-de-capitales\/#respond\">0<\/a><\/span>                <\/div>\n\n                <div class=\"td-excerpt\">\n                    Los d\u00f3lares que llegaron como parte del pacto de Macri con FMI ya no est\u00e1n m\u00e1s. Seg\u00fan un informe del Observatorio de la Deuda...                <\/div>\n            <\/div>\n\n        <\/div>\n\n        \n        <div class=\"td_module_16 td_module_wrap td-animation-stack\">\n            <div class=\"td-module-thumb\"><a href=\"https:\/\/vamosporlaliberacion.org\/crpmlm\/brasil-empieza-a-cambiar-el-viento\/\" rel=\"bookmark\" class=\"td-image-wrap \" title=\"Brasil: \u00bfempieza a cambiar el viento?\" ><img loading=\"lazy\" decoding=\"async\" class=\"entry-thumb\" src=\"\" alt=\"\" title=\"Brasil: \u00bfempieza a cambiar el viento?\" data-type=\"image_tag\" data-img-url=\"https:\/\/i0.wp.com\/vamosporlaliberacion.org\/crpmlm\/wp-content\/uploads\/2019\/06\/15592846161793.jpg?resize=150%2C150&ssl=1\"  width=\"150\" height=\"150\" \/><\/a><\/div>\n            <div class=\"item-details\">\n                <h3 class=\"entry-title td-module-title\"><a href=\"https:\/\/vamosporlaliberacion.org\/crpmlm\/brasil-empieza-a-cambiar-el-viento\/\" rel=\"bookmark\" title=\"Brasil: \u00bfempieza a cambiar el viento?\">Brasil: \u00bfempieza a cambiar el viento?<\/a><\/h3>\n                <div class=\"td-module-meta-info\">\n                                        <span class=\"td-post-author-name\"><a href=\"https:\/\/vamosporlaliberacion.org\/crpmlm\/author\/adminvxl\/\">vamos!<\/a> <span>-<\/span> <\/span>                    <span class=\"td-post-date\"><time class=\"entry-date updated td-module-date\" datetime=\"2019-06-11T15:31:10-03:00\" >11 junio, 2019<\/time><\/span>                    <span class=\"td-module-comments\"><a href=\"https:\/\/vamosporlaliberacion.org\/crpmlm\/brasil-empieza-a-cambiar-el-viento\/#respond\">0<\/a><\/span>                <\/div>\n\n                <div class=\"td-excerpt\">\n                    Jair Bolsonaro, el energ\u00fameno fascista que gobierna Brasil desde el pasado 1\u00ba de enero y que crey\u00f3 tener luz verde para imponer sus pol\u00edticas...                <\/div>\n            <\/div>\n\n        <\/div>\n\n        \n        <div class=\"td_module_16 td_module_wrap td-animation-stack\">\n            <div class=\"td-module-thumb\"><a href=\"https:\/\/vamosporlaliberacion.org\/crpmlm\/a-planificar-una-gran-colecta-financiera-de-masas\/\" rel=\"bookmark\" class=\"td-image-wrap \" title=\"A planificar una gran Colecta Financiera de masas\" ><img loading=\"lazy\" decoding=\"async\" class=\"entry-thumb\" src=\"\" alt=\"\" title=\"A planificar una gran Colecta Financiera de masas\" data-type=\"image_tag\" data-img-url=\"https:\/\/i0.wp.com\/vamosporlaliberacion.org\/crpmlm\/wp-content\/uploads\/2019\/06\/crpmlm1.jpeg?resize=150%2C150&ssl=1\"  width=\"150\" height=\"150\" \/><\/a><\/div>\n            <div class=\"item-details\">\n                <h3 class=\"entry-title td-module-title\"><a href=\"https:\/\/vamosporlaliberacion.org\/crpmlm\/a-planificar-una-gran-colecta-financiera-de-masas\/\" rel=\"bookmark\" title=\"A planificar una gran Colecta Financiera de masas\">A planificar una gran Colecta Financiera de masas<\/a><\/h3>\n                <div class=\"td-module-meta-info\">\n                                        <span class=\"td-post-author-name\"><a href=\"https:\/\/vamosporlaliberacion.org\/crpmlm\/author\/adminvxl\/\">vamos!<\/a> <span>-<\/span> <\/span>                    <span class=\"td-post-date\"><time class=\"entry-date updated td-module-date\" datetime=\"2019-06-11T15:29:16-03:00\" >11 junio, 2019<\/time><\/span>                    <span class=\"td-module-comments\"><a href=\"https:\/\/vamosporlaliberacion.org\/crpmlm\/a-planificar-una-gran-colecta-financiera-de-masas\/#respond\">0<\/a><\/span>                <\/div>\n\n                <div class=\"td-excerpt\">\n                    Desde el 20 de junio hasta fin de de julio realizaremos la colecta financiera en el marco del avance de la unidad opositora en...                <\/div>\n            <\/div>\n\n        <\/div>\n\n        \n        <div class=\"td_module_16 td_module_wrap td-animation-stack\">\n            <div class=\"td-module-thumb\"><a href=\"https:\/\/vamosporlaliberacion.org\/crpmlm\/colecta-de-la-juventud-en-caba\/\" rel=\"bookmark\" class=\"td-image-wrap \" title=\"Colecta de la Juventud en CABA\" ><img loading=\"lazy\" decoding=\"async\" class=\"entry-thumb\" src=\"\" alt=\"\" title=\"Colecta de la Juventud en CABA\" data-type=\"image_tag\" data-img-url=\"https:\/\/i0.wp.com\/vamosporlaliberacion.org\/crpmlm\/wp-content\/uploads\/2019\/06\/colecta-j-caba.jpg?resize=150%2C150&ssl=1\"  width=\"150\" height=\"150\" \/><\/a><\/div>\n            <div class=\"item-details\">\n                <h3 class=\"entry-title td-module-title\"><a href=\"https:\/\/vamosporlaliberacion.org\/crpmlm\/colecta-de-la-juventud-en-caba\/\" rel=\"bookmark\" title=\"Colecta de la Juventud en CABA\">Colecta de la Juventud en CABA<\/a><\/h3>\n                <div class=\"td-module-meta-info\">\n                                        <span class=\"td-post-author-name\"><a href=\"https:\/\/vamosporlaliberacion.org\/crpmlm\/author\/adminvxl\/\">vamos!<\/a> <span>-<\/span> <\/span>                    <span class=\"td-post-date\"><time class=\"entry-date updated td-module-date\" datetime=\"2019-06-11T15:27:47-03:00\" >11 junio, 2019<\/time><\/span>                    <span class=\"td-module-comments\"><a href=\"https:\/\/vamosporlaliberacion.org\/crpmlm\/colecta-de-la-juventud-en-caba\/#respond\">0<\/a><\/span>                <\/div>\n\n                <div class=\"td-excerpt\">\n                    El s\u00e1bado 1 de junio la juventud del Comunismo Revolucionario lanzo la campa\u00f1a financiera 2019 con una charla sobre violencia de g\u00e9nero en el...                <\/div>\n            <\/div>\n\n        <\/div>\n\n        \n        <div class=\"td_module_16 td_module_wrap td-animation-stack\">\n            <div class=\"td-module-thumb\"><a href=\"https:\/\/vamosporlaliberacion.org\/crpmlm\/25-de-mayo-locrazo-del-mp-liberacion-en-ampliar\/\" rel=\"bookmark\" class=\"td-image-wrap \" title=\"25 de Mayo: Locrazo del MP Liberaci\u00f3n en Ampliar!\" ><img loading=\"lazy\" decoding=\"async\" class=\"entry-thumb\" src=\"\" alt=\"\" title=\"25 de Mayo: Locrazo del MP Liberaci\u00f3n en Ampliar!\" data-type=\"image_tag\" data-img-url=\"https:\/\/i0.wp.com\/vamosporlaliberacion.org\/crpmlm\/wp-content\/uploads\/2019\/06\/locro-caba-25-mayo-mpl-ampliar.jpeg?resize=150%2C150&ssl=1\"  width=\"150\" height=\"150\" \/><\/a><\/div>\n            <div class=\"item-details\">\n                <h3 class=\"entry-title td-module-title\"><a href=\"https:\/\/vamosporlaliberacion.org\/crpmlm\/25-de-mayo-locrazo-del-mp-liberacion-en-ampliar\/\" rel=\"bookmark\" title=\"25 de Mayo: Locrazo del MP Liberaci\u00f3n en Ampliar!\">25 de Mayo: Locrazo del MP Liberaci\u00f3n en Ampliar!<\/a><\/h3>\n                <div class=\"td-module-meta-info\">\n                                        <span class=\"td-post-author-name\"><a href=\"https:\/\/vamosporlaliberacion.org\/crpmlm\/author\/adminvxl\/\">vamos!<\/a> <span>-<\/span> <\/span>                    <span class=\"td-post-date\"><time class=\"entry-date updated td-module-date\" datetime=\"2019-06-11T15:26:05-03:00\" >11 junio, 2019<\/time><\/span>                    <span class=\"td-module-comments\"><a href=\"https:\/\/vamosporlaliberacion.org\/crpmlm\/25-de-mayo-locrazo-del-mp-liberacion-en-ampliar\/#respond\">0<\/a><\/span>                <\/div>\n\n                <div class=\"td-excerpt\">\n                    El viernes 24 a la noche, como parte de las iniciativas de las fuerzas que integran Ampliar, el MPL-Caba organiz\u00f3 un locro en el...                <\/div>\n            <\/div>\n\n        <\/div>\n\n        \n        <div class=\"td_module_16 td_module_wrap td-animation-stack\">\n            <div class=\"td-module-thumb\"><a href=\"https:\/\/vamosporlaliberacion.org\/crpmlm\/horacio-catena-en-el-29m\/\" rel=\"bookmark\" class=\"td-image-wrap \" title=\"Horacio Catena en el 29M\" ><img loading=\"lazy\" decoding=\"async\" class=\"entry-thumb\" src=\"\" alt=\"\" title=\"Horacio Catena en el 29M\" data-type=\"image_tag\" data-img-url=\"https:\/\/i0.wp.com\/vamosporlaliberacion.org\/crpmlm\/wp-content\/uploads\/2019\/06\/lolo.jpg?resize=150%2C150&ssl=1\"  width=\"150\" height=\"150\" \/><span class=\"td-video-play-ico\"><i class=\"td-icon-video-thumb-play\"><\/i><\/span><\/a><\/div>\n            <div class=\"item-details\">\n                <h3 class=\"entry-title td-module-title\"><a href=\"https:\/\/vamosporlaliberacion.org\/crpmlm\/horacio-catena-en-el-29m\/\" rel=\"bookmark\" title=\"Horacio Catena en el 29M\">Horacio Catena en el 29M<\/a><\/h3>\n                <div class=\"td-module-meta-info\">\n                                        <span class=\"td-post-author-name\"><a href=\"https:\/\/vamosporlaliberacion.org\/crpmlm\/author\/adminvxl\/\">vamos!<\/a> <span>-<\/span> <\/span>                    <span class=\"td-post-date\"><time class=\"entry-date updated td-module-date\" datetime=\"2019-06-10T17:07:01-03:00\" >10 junio, 2019<\/time><\/span>                    <span class=\"td-module-comments\"><a href=\"https:\/\/vamosporlaliberacion.org\/crpmlm\/horacio-catena-en-el-29m\/#respond\">0<\/a><\/span>                <\/div>\n\n                <div class=\"td-excerpt\">\n                    \r\n\r\nHoracio Catena, secretario general del Sutef, CTA-A fueguina y secretario de organizaci\u00f3n de CTA-A, en el acto en Ushuaia el pasado 29 de mayo.                <\/div>\n            <\/div>\n\n        <\/div>\n\n        <\/div><\/div> <!-- .\/block --><div class=\"td_block_wrap td_block_21 tdi_25_98d td-pb-border-top td_block_template_1 td-column-2\"  data-td-block-uid=\"tdi_25_98d\" >\n<style>\n.td_block_template_2.widget > ul > li,\n            .td_block_template_6.widget > ul > li,\n            .td_block_template_8.widget > ul > li,\n            .td_block_template_9.widget > ul > li,\n            .td_block_template_10.widget > ul > li,\n            .td_block_template_11.widget > ul > li,\n            .td_block_template_12.widget > ul > li,\n            .td_block_template_13.widget > ul > li,\n            .td_block_template_14.widget > ul > li,\n            .td_block_template_15.widget > ul > li,\n            .td_block_template_16.widget > ul > li,\n            .td_block_template_17.widget > ul > li {\n                margin-left: 0 !important;\n            }\n            .global-block-template-12 .td-comments-title span,\n            .global-block-template-13 .td-comments-title span {\n                margin-left: 0 !important;\n                font-size: 20px;\n            }\n            @media (max-width: 767px) {\n                .global-block-template-12 .td-comments-title span,\n                .global-block-template-13 .td-comments-title span {\n                    font-size: 15px;\n                }\n            }\n            .td-block-title-wrap .td-wrapper-pulldown-filter {\n                font-family: 'Roboto', sans-serif;\n                position: absolute;\n                bottom: 0;\n                right: 0;\n                top: 0;\n                margin: auto 0;\n                z-index: 2;\n                background-color: #fff;\n                font-size: 13px;\n                line-height: 1;\n                color: #777;\n                text-align: right;\n            }\n            .td-block-title-wrap .td-wrapper-pulldown-filter .td-pulldown-filter-display-option {\n                cursor: pointer;\n                white-space: nowrap;\n                position: relative;\n                line-height: 29px;\n            }\n            .td-block-title-wrap .td-wrapper-pulldown-filter .td-pulldown-filter-display-option i {\n                font-size: 9px;\n                color: #777;\n                margin-left: 20px;\n                margin-right: 10px;\n            }\n            .td-block-title-wrap .td-wrapper-pulldown-filter .td-pulldown-filter-display-option i:before {\n                content: '\\e83d';\n            }\n            .td-block-title-wrap .td-wrapper-pulldown-filter .td-pulldown-filter-display-option span {\n                padding-left: 20px;\n                margin-right: -14px;\n            }\n            @media (max-width: 360px) {\n                .td-block-title-wrap .td-wrapper-pulldown-filter .td-pulldown-filter-display-option span {\n                    display: none;\n                }\n            }\n            .td-block-title-wrap .td-wrapper-pulldown-filter .td-pulldown-filter-display-option:hover {\n                color: #4db2ec;\n            }\n            .td-block-title-wrap .td-wrapper-pulldown-filter .td-pulldown-filter-display-option:hover i {\n                color: #4db2ec;\n            }\n            .td-block-title-wrap .td-wrapper-pulldown-filter .td-pulldown-filter-display-option:hover ul {\n                display: block;\n            }\n            .td-block-title-wrap .td-wrapper-pulldown-filter .td-pulldown-filter-list {\n                list-style: none;\n                position: absolute;\n                right: 0;\n                top: 100%;\n                padding: 18px 0;\n                background-color: rgb(255, 255, 255);\n                background-color: rgba(255, 255, 255, 0.95);\n                z-index: 999;\n                border-width: 1px;\n                border-color: #ededed;\n                border-style: solid;\n                display: none;\n                margin: 0;\n            }\n            .td-block-title-wrap .td-wrapper-pulldown-filter .td-pulldown-filter-item {\n                list-style: none;\n                margin: 0;\n            }\n            .td-block-title-wrap .td-wrapper-pulldown-filter .td-pulldown-filter-item .td-cur-simple-item {\n                color: #4db2ec;\n            }\n            .td-block-title-wrap .td-wrapper-pulldown-filter .td-pulldown-more {\n                padding-bottom: 10px;\n            }\n            .td-block-title-wrap .td-wrapper-pulldown-filter .td-pulldown-more:before {\n                content: '';\n                width: 70px;\n                height: 100%;\n                position: absolute;\n                margin-top: 2px;\n                top: 0;\n                right: 0;\n                z-index: 1;\n                opacity: 0;\n            }\n            .td-block-title-wrap .td-wrapper-pulldown-filter .td-pulldown-filter-link {\n                color: #777;\n                white-space: nowrap;\n                display: block;\n                line-height: 26px;\n                padding-left: 36px;\n                padding-right: 27px;\n            }\n            .td-block-title-wrap .td-wrapper-pulldown-filter .td-pulldown-filter-link:hover {\n                color: #4db2ec;\n            }\n            @media (min-width: 768px) and (max-width: 1018px) {\n                .td-pb-span4 .td-block-title-wrap .td-wrapper-pulldown-filter .td-pulldown-filter-display-option span {\n                    display: none;\n                }\n                .td-pb-span4 .td-block-title-wrap .td-wrapper-pulldown-filter .td-pulldown-filter-link {\n                    padding-left: 24px;\n                    padding-right: 20px !important;\n                }\n            }\n            @-moz-document url-prefix() {\n                .td-pulldown-syle-default .td-subcat-more,\n                .td-pulldown-syle-default .td-subcat-list {\n                    position: relative;\n                    top: -1px;\n                }\n            }\n            .td-pulldown-syle-2 {\n                top: 0;\n            }\n            .td-pulldown-syle-2 .td-subcat-dropdown ul {\n                padding: 20px 0;\n                margin-top: 0;\n            }\n            .td-pulldown-syle-2 .td-subcat-dropdown ul:after {\n                content: '';\n                position: absolute;\n                width: calc(100% + 2px);\n                height: 3px;\n                top: 0;\n                left: -1px;\n                background-color: #4db2ec;\n            }\n            .td-pulldown-syle-2 .td-subcat-dropdown a {\n                padding-left: 40px;\n                padding-right: 31px;\n            }\n            .td-pulldown-syle-2 .td-subcat-dropdown:hover .td-subcat-more {\n                background-color: transparent !important;\n            }\n            .td-pulldown-syle-2 .td-subcat-dropdown:hover .td-subcat-more span,\n            .td-pulldown-syle-2 .td-subcat-dropdown:hover .td-subcat-more i {\n                color: #4db2ec;\n            }\n            .td-pulldown-syle-2 .td-subcat-dropdown .td-subcat-more {\n                margin-left: 9px;\n                margin-bottom: 8px; \/\/ this align the dropdown list\n            }\n            .td-pulldown-syle-2 .td-subcat-list .td-subcat-item {\n                margin-left: 24px;\n            }\n            .td-pulldown-syle-3 {\n                top: 0;\n            }\n            .td-pulldown-syle-3 .td-subcat-dropdown ul {\n                padding: 15px 0;\n                margin-top: -1px;\n                border-width: 1px;\n            }\n            .td-pulldown-syle-3 .td-subcat-dropdown a {\n                padding-left: 40px;\n                padding-right: 31px;\n            }\n            .td-pulldown-syle-3 .td-subcat-dropdown &:hover .td-subcat-more {\n                background-color: transparent !important;\n            }\n            .td-pulldown-syle-3 .td-subcat-dropdown &:hover .td-subcat-more span,\n            .td-pulldown-syle-3 .td-subcat-dropdown &:hover .td-subcat-more i {\n                color: #4db2ec;\n            }\n            .td-pulldown-syle-3 .td-subcat-dropdown .td-subcat-more {\n                margin-left: 9px;\n                margin-bottom: 8px; \/\/ this align the dropdown list\n            }\n            .td-pulldown-syle-3 .td-subcat-list .td-subcat-item {\n                margin-left: 24px;\n            }\n            \n            \n\n            \n            .td-theme-wrap .tdi_25_98d .td-pulldown-filter-link:hover,\n            .td-theme-wrap .tdi_25_98d .td-subcat-item a:hover,\n            .td-theme-wrap .tdi_25_98d .td-subcat-item .td-cur-simple-item {\n                color: #dd3333;\n            }\n\n            .td-theme-wrap .tdi_25_98d .block-title > *,\n            .td-theme-wrap .tdi_25_98d .td-subcat-dropdown:hover .td-subcat-more {\n                background-color: #dd3333;\n            }\n            .td-theme-wrap .td-footer-wrapper .tdi_25_98d .block-title > * {\n                padding: 6px 7px 5px;\n                line-height: 1;\n            }\n\n            .td-theme-wrap .tdi_25_98d .block-title {\n                border-color: #dd3333;\n            }\n\n            \n            .td-theme-wrap .tdi_25_98d .td_module_wrap:hover .entry-title a,\n            .td-theme-wrap .tdi_25_98d .td_quote_on_blocks,\n            .td-theme-wrap .tdi_25_98d .td-opacity-cat .td-post-category:hover,\n            .td-theme-wrap .tdi_25_98d .td-opacity-read .td-read-more a:hover,\n            .td-theme-wrap .tdi_25_98d .td-opacity-author .td-post-author-name a:hover,\n            .td-theme-wrap .tdi_25_98d .td-instagram-user a {\n                color: #dd3333;\n            }\n\n            .td-theme-wrap .tdi_25_98d .td-next-prev-wrap a:hover,\n            .td-theme-wrap .tdi_25_98d .td-load-more-wrap a:hover {\n                background-color: #dd3333;\n                border-color: #dd3333;\n            }\n\n            .td-theme-wrap .tdi_25_98d .td-read-more a,\n            .td-theme-wrap .tdi_25_98d .td-weather-information:before,\n            .td-theme-wrap .tdi_25_98d .td-weather-week:before,\n            .td-theme-wrap .tdi_25_98d .td-exchange-header:before,\n            .td-theme-wrap .td-footer-wrapper .tdi_25_98d .td-post-category,\n            .td-theme-wrap .tdi_25_98d .td-post-category:hover {\n                background-color: #dd3333;\n            }\n<\/style><script>var block_tdi_25_98d = new tdBlock();\nblock_tdi_25_98d.id = \"tdi_25_98d\";\nblock_tdi_25_98d.atts = '{\"custom_title\":\"Sindical\",\"header_color\":\"#dd3333\",\"category_id\":\"12\",\"tag_slug\":\"vxl 142\",\"limit\":\"10\",\"td_filter_default_txt\":\"Todo\",\"block_type\":\"td_block_21\",\"separator\":\"\",\"custom_url\":\"\",\"block_template_id\":\"\",\"m16_tl\":\"\",\"m16_el\":\"\",\"post_ids\":\"\",\"category_ids\":\"\",\"autors_id\":\"\",\"installed_post_types\":\"\",\"sort\":\"\",\"offset\":\"\",\"show_modified_date\":\"\",\"el_class\":\"\",\"td_ajax_filter_type\":\"\",\"td_ajax_filter_ids\":\"\",\"td_ajax_preloading\":\"\",\"f_header_font_header\":\"\",\"f_header_font_title\":\"Block header\",\"f_header_font_settings\":\"\",\"f_header_font_family\":\"\",\"f_header_font_size\":\"\",\"f_header_font_line_height\":\"\",\"f_header_font_style\":\"\",\"f_header_font_weight\":\"\",\"f_header_font_transform\":\"\",\"f_header_font_spacing\":\"\",\"f_header_\":\"\",\"f_ajax_font_title\":\"Ajax categories\",\"f_ajax_font_settings\":\"\",\"f_ajax_font_family\":\"\",\"f_ajax_font_size\":\"\",\"f_ajax_font_line_height\":\"\",\"f_ajax_font_style\":\"\",\"f_ajax_font_weight\":\"\",\"f_ajax_font_transform\":\"\",\"f_ajax_font_spacing\":\"\",\"f_ajax_\":\"\",\"f_more_font_title\":\"Load more button\",\"f_more_font_settings\":\"\",\"f_more_font_family\":\"\",\"f_more_font_size\":\"\",\"f_more_font_line_height\":\"\",\"f_more_font_style\":\"\",\"f_more_font_weight\":\"\",\"f_more_font_transform\":\"\",\"f_more_font_spacing\":\"\",\"f_more_\":\"\",\"m16f_title_font_header\":\"\",\"m16f_title_font_title\":\"Article title\",\"m16f_title_font_settings\":\"\",\"m16f_title_font_family\":\"\",\"m16f_title_font_size\":\"\",\"m16f_title_font_line_height\":\"\",\"m16f_title_font_style\":\"\",\"m16f_title_font_weight\":\"\",\"m16f_title_font_transform\":\"\",\"m16f_title_font_spacing\":\"\",\"m16f_title_\":\"\",\"m16f_cat_font_title\":\"Article category tag\",\"m16f_cat_font_settings\":\"\",\"m16f_cat_font_family\":\"\",\"m16f_cat_font_size\":\"\",\"m16f_cat_font_line_height\":\"\",\"m16f_cat_font_style\":\"\",\"m16f_cat_font_weight\":\"\",\"m16f_cat_font_transform\":\"\",\"m16f_cat_font_spacing\":\"\",\"m16f_cat_\":\"\",\"m16f_meta_font_title\":\"Article meta info\",\"m16f_meta_font_settings\":\"\",\"m16f_meta_font_family\":\"\",\"m16f_meta_font_size\":\"\",\"m16f_meta_font_line_height\":\"\",\"m16f_meta_font_style\":\"\",\"m16f_meta_font_weight\":\"\",\"m16f_meta_font_transform\":\"\",\"m16f_meta_font_spacing\":\"\",\"m16f_meta_\":\"\",\"m16f_ex_font_title\":\"Article excerpt\",\"m16f_ex_font_settings\":\"\",\"m16f_ex_font_family\":\"\",\"m16f_ex_font_size\":\"\",\"m16f_ex_font_line_height\":\"\",\"m16f_ex_font_style\":\"\",\"m16f_ex_font_weight\":\"\",\"m16f_ex_font_transform\":\"\",\"m16f_ex_font_spacing\":\"\",\"m16f_ex_\":\"\",\"ajax_pagination\":\"\",\"ajax_pagination_infinite_stop\":\"\",\"css\":\"\",\"tdc_css\":\"\",\"td_column_number\":2,\"color_preset\":\"\",\"border_top\":\"\",\"class\":\"tdi_25_98d\",\"tdc_css_class\":\"tdi_25_98d\",\"tdc_css_class_style\":\"tdi_25_98d_rand_style\"}';\nblock_tdi_25_98d.td_column_number = \"2\";\nblock_tdi_25_98d.block_type = \"td_block_21\";\nblock_tdi_25_98d.post_count = \"10\";\nblock_tdi_25_98d.found_posts = \"29\";\nblock_tdi_25_98d.header_color = \"#dd3333\";\nblock_tdi_25_98d.ajax_pagination_infinite_stop = \"\";\nblock_tdi_25_98d.max_num_pages = \"3\";\ntdBlocksArray.push(block_tdi_25_98d);\n<\/script><div class=\"td-block-title-wrap\"><h4 class=\"block-title td-block-title\"><span class=\"td-pulldown-size\">Sindical<\/span><\/h4><\/div><div id=tdi_25_98d class=\"td_block_inner\">\n        <div class=\"td_module_16 td_module_wrap td-animation-stack\">\n            <div class=\"td-module-thumb\"><a href=\"https:\/\/vamosporlaliberacion.org\/crpmlm\/subte-eleccion-de-delegados\/\" rel=\"bookmark\" class=\"td-image-wrap \" title=\"Subte: Elecci\u00f3n de delegados\" ><img loading=\"lazy\" decoding=\"async\" class=\"entry-thumb\" src=\"\" alt=\"\" title=\"Subte: Elecci\u00f3n de delegados\" data-type=\"image_tag\" data-img-url=\"https:\/\/i0.wp.com\/vamosporlaliberacion.org\/crpmlm\/wp-content\/uploads\/2019\/06\/subte.jpg?resize=150%2C150&ssl=1\"  width=\"150\" height=\"150\" \/><\/a><\/div>\n            <div class=\"item-details\">\n                <h3 class=\"entry-title td-module-title\"><a href=\"https:\/\/vamosporlaliberacion.org\/crpmlm\/subte-eleccion-de-delegados\/\" rel=\"bookmark\" title=\"Subte: Elecci\u00f3n de delegados\">Subte: Elecci\u00f3n de delegados<\/a><\/h3>\n                <div class=\"td-module-meta-info\">\n                                        <span class=\"td-post-author-name\"><a href=\"https:\/\/vamosporlaliberacion.org\/crpmlm\/author\/adminvxl\/\">vamos!<\/a> <span>-<\/span> <\/span>                    <span class=\"td-post-date\"><time class=\"entry-date updated td-module-date\" datetime=\"2019-06-11T15:47:12-03:00\" >11 junio, 2019<\/time><\/span>                    <span class=\"td-module-comments\"><a href=\"https:\/\/vamosporlaliberacion.org\/crpmlm\/subte-eleccion-de-delegados\/#respond\">0<\/a><\/span>                <\/div>\n\n                <div class=\"td-excerpt\">\n                    El martes 28\/5 finalizaron las elecciones de delegados de la AGTSyP mandato 2019-2021, en las que participaron alrededor de 2000 compa\u00f1eros de todas las...                <\/div>\n            <\/div>\n\n        <\/div>\n\n        \n        <div class=\"td_module_16 td_module_wrap td-animation-stack\">\n            <div class=\"td-module-thumb\"><a href=\"https:\/\/vamosporlaliberacion.org\/crpmlm\/foro-de-jovenes-por-la-unidad-en-caba\/\" rel=\"bookmark\" class=\"td-image-wrap \" title=\"Foro de J\u00f3venes por la unidad en CABA\" ><img loading=\"lazy\" decoding=\"async\" class=\"entry-thumb\" src=\"\" alt=\"\" title=\"Foro de J\u00f3venes por la unidad en CABA\" data-type=\"image_tag\" data-img-url=\"https:\/\/i0.wp.com\/vamosporlaliberacion.org\/crpmlm\/wp-content\/uploads\/2019\/06\/foro-cbazo2.jpg?resize=150%2C150&ssl=1\"  width=\"150\" height=\"150\" \/><\/a><\/div>\n            <div class=\"item-details\">\n                <h3 class=\"entry-title td-module-title\"><a href=\"https:\/\/vamosporlaliberacion.org\/crpmlm\/foro-de-jovenes-por-la-unidad-en-caba\/\" rel=\"bookmark\" title=\"Foro de J\u00f3venes por la unidad en CABA\">Foro de J\u00f3venes por la unidad en CABA<\/a><\/h3>\n                <div class=\"td-module-meta-info\">\n                                        <span class=\"td-post-author-name\"><a href=\"https:\/\/vamosporlaliberacion.org\/crpmlm\/author\/adminvxl\/\">vamos!<\/a> <span>-<\/span> <\/span>                    <span class=\"td-post-date\"><time class=\"entry-date updated td-module-date\" datetime=\"2019-06-11T15:45:29-03:00\" >11 junio, 2019<\/time><\/span>                    <span class=\"td-module-comments\"><a href=\"https:\/\/vamosporlaliberacion.org\/crpmlm\/foro-de-jovenes-por-la-unidad-en-caba\/#respond\">0<\/a><\/span>                <\/div>\n\n                <div class=\"td-excerpt\">\n                    El s\u00e1bado 1\u00ba de junio se realiz\u00f3 en la Facultad de Medicina de la UBA el encuentro de \u201cJ\u00f3venes por la Unidad a 50...                <\/div>\n            <\/div>\n\n        <\/div>\n\n        \n        <div class=\"td_module_16 td_module_wrap td-animation-stack\">\n            <div class=\"td-module-thumb\"><a href=\"https:\/\/vamosporlaliberacion.org\/crpmlm\/de-chocobar-a-la-masacre-de-san-miguel\/\" rel=\"bookmark\" class=\"td-image-wrap \" title=\"De Chocobar a la masacre de San Miguel\" ><img loading=\"lazy\" decoding=\"async\" class=\"entry-thumb\" src=\"\" alt=\"\" title=\"De Chocobar a la masacre de San Miguel\" data-type=\"image_tag\" data-img-url=\"https:\/\/i0.wp.com\/vamosporlaliberacion.org\/crpmlm\/wp-content\/uploads\/2019\/06\/monte20190526-710462.jpg?resize=150%2C150&ssl=1\"  width=\"150\" height=\"150\" \/><\/a><\/div>\n            <div class=\"item-details\">\n                <h3 class=\"entry-title td-module-title\"><a href=\"https:\/\/vamosporlaliberacion.org\/crpmlm\/de-chocobar-a-la-masacre-de-san-miguel\/\" rel=\"bookmark\" title=\"De Chocobar a la masacre de San Miguel\">De Chocobar a la masacre de San Miguel<\/a><\/h3>\n                <div class=\"td-module-meta-info\">\n                                        <span class=\"td-post-author-name\"><a href=\"https:\/\/vamosporlaliberacion.org\/crpmlm\/author\/adminvxl\/\">vamos!<\/a> <span>-<\/span> <\/span>                    <span class=\"td-post-date\"><time class=\"entry-date updated td-module-date\" datetime=\"2019-06-11T15:40:11-03:00\" >11 junio, 2019<\/time><\/span>                    <span class=\"td-module-comments\"><a href=\"https:\/\/vamosporlaliberacion.org\/crpmlm\/de-chocobar-a-la-masacre-de-san-miguel\/#respond\">0<\/a><\/span>                <\/div>\n\n                <div class=\"td-excerpt\">\n                    Gonzalo Dom\u00ednguez (14 a\u00f1os), Camila L\u00f3pez (13), Danilo Sansone (13) y An\u00edbal Su\u00e1rez (22). Los cuatro murieron escapando de la balacera policial, al estrellarse...                <\/div>\n            <\/div>\n\n        <\/div>\n\n        \n        <div class=\"td_module_16 td_module_wrap td-animation-stack\">\n            <div class=\"td-module-thumb\"><a href=\"https:\/\/vamosporlaliberacion.org\/crpmlm\/congreso-extraordinario-fuba-para-derrotar-a-macri-y-cambiemos\/\" rel=\"bookmark\" class=\"td-image-wrap \" title=\"Congreso extraordinario FUBA: Para derrotar a Macri y Cambiemos\" ><img loading=\"lazy\" decoding=\"async\" class=\"entry-thumb\" src=\"\" alt=\"\" title=\"Congreso extraordinario FUBA: Para derrotar a Macri y Cambiemos\" data-type=\"image_tag\" data-img-url=\"https:\/\/i0.wp.com\/vamosporlaliberacion.org\/crpmlm\/wp-content\/uploads\/2019\/06\/fuba.jpg?resize=150%2C150&ssl=1\"  width=\"150\" height=\"150\" \/><\/a><\/div>\n            <div class=\"item-details\">\n                <h3 class=\"entry-title td-module-title\"><a href=\"https:\/\/vamosporlaliberacion.org\/crpmlm\/congreso-extraordinario-fuba-para-derrotar-a-macri-y-cambiemos\/\" rel=\"bookmark\" title=\"Congreso extraordinario FUBA: Para derrotar a Macri y Cambiemos\">Congreso extraordinario FUBA: Para derrotar a Macri y Cambiemos<\/a><\/h3>\n                <div class=\"td-module-meta-info\">\n                                        <span class=\"td-post-author-name\"><a href=\"https:\/\/vamosporlaliberacion.org\/crpmlm\/author\/adminvxl\/\">vamos!<\/a> <span>-<\/span> <\/span>                    <span class=\"td-post-date\"><time class=\"entry-date updated td-module-date\" datetime=\"2019-06-11T15:37:47-03:00\" >11 junio, 2019<\/time><\/span>                    <span class=\"td-module-comments\"><a href=\"https:\/\/vamosporlaliberacion.org\/crpmlm\/congreso-extraordinario-fuba-para-derrotar-a-macri-y-cambiemos\/#respond\">0<\/a><\/span>                <\/div>\n\n                <div class=\"td-excerpt\">\n                    El jueves 23 de Mayo se realiz\u00f3 el plenario de cierre del Congreso Extraordinario de la FUBA. Participamos m\u00e1s de 700 estudiantes, que desbordamos...                <\/div>\n            <\/div>\n\n        <\/div>\n\n        \n        <div class=\"td_module_16 td_module_wrap td-animation-stack\">\n            <div class=\"td-module-thumb\"><a href=\"https:\/\/vamosporlaliberacion.org\/crpmlm\/deuda-externa-y-fuga-de-capitales\/\" rel=\"bookmark\" class=\"td-image-wrap \" title=\"Deuda externa y fuga de capitales\" ><img decoding=\"async\" class=\"entry-thumb\" src=\"\"alt=\"\" data-type=\"image_tag\" data-img-url=\"https:\/\/vamosporlaliberacion.org\/crpmlm\/wp-content\/plugins\/td-composer\/legacy\/Newspaper\/assets\/images\/no-thumb\/thumbnail.png\"  width=\"\" height=\"\" \/><\/a><\/div>\n            <div class=\"item-details\">\n                <h3 class=\"entry-title td-module-title\"><a href=\"https:\/\/vamosporlaliberacion.org\/crpmlm\/deuda-externa-y-fuga-de-capitales\/\" rel=\"bookmark\" title=\"Deuda externa y fuga de capitales\">Deuda externa y fuga de capitales<\/a><\/h3>\n                <div class=\"td-module-meta-info\">\n                                        <span class=\"td-post-author-name\"><a href=\"https:\/\/vamosporlaliberacion.org\/crpmlm\/author\/adminvxl\/\">vamos!<\/a> <span>-<\/span> <\/span>                    <span class=\"td-post-date\"><time class=\"entry-date updated td-module-date\" datetime=\"2019-06-11T15:35:00-03:00\" >11 junio, 2019<\/time><\/span>                    <span class=\"td-module-comments\"><a href=\"https:\/\/vamosporlaliberacion.org\/crpmlm\/deuda-externa-y-fuga-de-capitales\/#respond\">0<\/a><\/span>                <\/div>\n\n                <div class=\"td-excerpt\">\n                    Los d\u00f3lares que llegaron como parte del pacto de Macri con FMI ya no est\u00e1n m\u00e1s. Seg\u00fan un informe del Observatorio de la Deuda...                <\/div>\n            <\/div>\n\n        <\/div>\n\n        \n        <div class=\"td_module_16 td_module_wrap td-animation-stack\">\n            <div class=\"td-module-thumb\"><a href=\"https:\/\/vamosporlaliberacion.org\/crpmlm\/brasil-empieza-a-cambiar-el-viento\/\" rel=\"bookmark\" class=\"td-image-wrap \" title=\"Brasil: \u00bfempieza a cambiar el viento?\" ><img loading=\"lazy\" decoding=\"async\" class=\"entry-thumb\" src=\"\" alt=\"\" title=\"Brasil: \u00bfempieza a cambiar el viento?\" data-type=\"image_tag\" data-img-url=\"https:\/\/i0.wp.com\/vamosporlaliberacion.org\/crpmlm\/wp-content\/uploads\/2019\/06\/15592846161793.jpg?resize=150%2C150&ssl=1\"  width=\"150\" height=\"150\" \/><\/a><\/div>\n            <div class=\"item-details\">\n                <h3 class=\"entry-title td-module-title\"><a href=\"https:\/\/vamosporlaliberacion.org\/crpmlm\/brasil-empieza-a-cambiar-el-viento\/\" rel=\"bookmark\" title=\"Brasil: \u00bfempieza a cambiar el viento?\">Brasil: \u00bfempieza a cambiar el viento?<\/a><\/h3>\n                <div class=\"td-module-meta-info\">\n                                        <span class=\"td-post-author-name\"><a href=\"https:\/\/vamosporlaliberacion.org\/crpmlm\/author\/adminvxl\/\">vamos!<\/a> <span>-<\/span> <\/span>                    <span class=\"td-post-date\"><time class=\"entry-date updated td-module-date\" datetime=\"2019-06-11T15:31:10-03:00\" >11 junio, 2019<\/time><\/span>                    <span class=\"td-module-comments\"><a href=\"https:\/\/vamosporlaliberacion.org\/crpmlm\/brasil-empieza-a-cambiar-el-viento\/#respond\">0<\/a><\/span>                <\/div>\n\n                <div class=\"td-excerpt\">\n                    Jair Bolsonaro, el energ\u00fameno fascista que gobierna Brasil desde el pasado 1\u00ba de enero y que crey\u00f3 tener luz verde para imponer sus pol\u00edticas...                <\/div>\n            <\/div>\n\n        <\/div>\n\n        \n        <div class=\"td_module_16 td_module_wrap td-animation-stack\">\n            <div class=\"td-module-thumb\"><a href=\"https:\/\/vamosporlaliberacion.org\/crpmlm\/a-planificar-una-gran-colecta-financiera-de-masas\/\" rel=\"bookmark\" class=\"td-image-wrap \" title=\"A planificar una gran Colecta Financiera de masas\" ><img loading=\"lazy\" decoding=\"async\" class=\"entry-thumb\" src=\"\" alt=\"\" title=\"A planificar una gran Colecta Financiera de masas\" data-type=\"image_tag\" data-img-url=\"https:\/\/i0.wp.com\/vamosporlaliberacion.org\/crpmlm\/wp-content\/uploads\/2019\/06\/crpmlm1.jpeg?resize=150%2C150&ssl=1\"  width=\"150\" height=\"150\" \/><\/a><\/div>\n            <div class=\"item-details\">\n                <h3 class=\"entry-title td-module-title\"><a href=\"https:\/\/vamosporlaliberacion.org\/crpmlm\/a-planificar-una-gran-colecta-financiera-de-masas\/\" rel=\"bookmark\" title=\"A planificar una gran Colecta Financiera de masas\">A planificar una gran Colecta Financiera de masas<\/a><\/h3>\n                <div class=\"td-module-meta-info\">\n                                        <span class=\"td-post-author-name\"><a href=\"https:\/\/vamosporlaliberacion.org\/crpmlm\/author\/adminvxl\/\">vamos!<\/a> <span>-<\/span> <\/span>                    <span class=\"td-post-date\"><time class=\"entry-date updated td-module-date\" datetime=\"2019-06-11T15:29:16-03:00\" >11 junio, 2019<\/time><\/span>                    <span class=\"td-module-comments\"><a href=\"https:\/\/vamosporlaliberacion.org\/crpmlm\/a-planificar-una-gran-colecta-financiera-de-masas\/#respond\">0<\/a><\/span>                <\/div>\n\n                <div class=\"td-excerpt\">\n                    Desde el 20 de junio hasta fin de de julio realizaremos la colecta financiera en el marco del avance de la unidad opositora en...                <\/div>\n            <\/div>\n\n        <\/div>\n\n        \n        <div class=\"td_module_16 td_module_wrap td-animation-stack\">\n            <div class=\"td-module-thumb\"><a href=\"https:\/\/vamosporlaliberacion.org\/crpmlm\/colecta-de-la-juventud-en-caba\/\" rel=\"bookmark\" class=\"td-image-wrap \" title=\"Colecta de la Juventud en CABA\" ><img loading=\"lazy\" decoding=\"async\" class=\"entry-thumb\" src=\"\" alt=\"\" title=\"Colecta de la Juventud en CABA\" data-type=\"image_tag\" data-img-url=\"https:\/\/i0.wp.com\/vamosporlaliberacion.org\/crpmlm\/wp-content\/uploads\/2019\/06\/colecta-j-caba.jpg?resize=150%2C150&ssl=1\"  width=\"150\" height=\"150\" \/><\/a><\/div>\n            <div class=\"item-details\">\n                <h3 class=\"entry-title td-module-title\"><a href=\"https:\/\/vamosporlaliberacion.org\/crpmlm\/colecta-de-la-juventud-en-caba\/\" rel=\"bookmark\" title=\"Colecta de la Juventud en CABA\">Colecta de la Juventud en CABA<\/a><\/h3>\n                <div class=\"td-module-meta-info\">\n                                        <span class=\"td-post-author-name\"><a href=\"https:\/\/vamosporlaliberacion.org\/crpmlm\/author\/adminvxl\/\">vamos!<\/a> <span>-<\/span> <\/span>                    <span class=\"td-post-date\"><time class=\"entry-date updated td-module-date\" datetime=\"2019-06-11T15:27:47-03:00\" >11 junio, 2019<\/time><\/span>                    <span class=\"td-module-comments\"><a href=\"https:\/\/vamosporlaliberacion.org\/crpmlm\/colecta-de-la-juventud-en-caba\/#respond\">0<\/a><\/span>                <\/div>\n\n                <div class=\"td-excerpt\">\n                    El s\u00e1bado 1 de junio la juventud del Comunismo Revolucionario lanzo la campa\u00f1a financiera 2019 con una charla sobre violencia de g\u00e9nero en el...                <\/div>\n            <\/div>\n\n        <\/div>\n\n        \n        <div class=\"td_module_16 td_module_wrap td-animation-stack\">\n            <div class=\"td-module-thumb\"><a href=\"https:\/\/vamosporlaliberacion.org\/crpmlm\/25-de-mayo-locrazo-del-mp-liberacion-en-ampliar\/\" rel=\"bookmark\" class=\"td-image-wrap \" title=\"25 de Mayo: Locrazo del MP Liberaci\u00f3n en Ampliar!\" ><img loading=\"lazy\" decoding=\"async\" class=\"entry-thumb\" src=\"\" alt=\"\" title=\"25 de Mayo: Locrazo del MP Liberaci\u00f3n en Ampliar!\" data-type=\"image_tag\" data-img-url=\"https:\/\/i0.wp.com\/vamosporlaliberacion.org\/crpmlm\/wp-content\/uploads\/2019\/06\/locro-caba-25-mayo-mpl-ampliar.jpeg?resize=150%2C150&ssl=1\"  width=\"150\" height=\"150\" \/><\/a><\/div>\n            <div class=\"item-details\">\n                <h3 class=\"entry-title td-module-title\"><a href=\"https:\/\/vamosporlaliberacion.org\/crpmlm\/25-de-mayo-locrazo-del-mp-liberacion-en-ampliar\/\" rel=\"bookmark\" title=\"25 de Mayo: Locrazo del MP Liberaci\u00f3n en Ampliar!\">25 de Mayo: Locrazo del MP Liberaci\u00f3n en Ampliar!<\/a><\/h3>\n                <div class=\"td-module-meta-info\">\n                                        <span class=\"td-post-author-name\"><a href=\"https:\/\/vamosporlaliberacion.org\/crpmlm\/author\/adminvxl\/\">vamos!<\/a> <span>-<\/span> <\/span>                    <span class=\"td-post-date\"><time class=\"entry-date updated td-module-date\" datetime=\"2019-06-11T15:26:05-03:00\" >11 junio, 2019<\/time><\/span>                    <span class=\"td-module-comments\"><a href=\"https:\/\/vamosporlaliberacion.org\/crpmlm\/25-de-mayo-locrazo-del-mp-liberacion-en-ampliar\/#respond\">0<\/a><\/span>                <\/div>\n\n                <div class=\"td-excerpt\">\n                    El viernes 24 a la noche, como parte de las iniciativas de las fuerzas que integran Ampliar, el MPL-Caba organiz\u00f3 un locro en el...                <\/div>\n            <\/div>\n\n        <\/div>\n\n        \n        <div class=\"td_module_16 td_module_wrap td-animation-stack\">\n            <div class=\"td-module-thumb\"><a href=\"https:\/\/vamosporlaliberacion.org\/crpmlm\/horacio-catena-en-el-29m\/\" rel=\"bookmark\" class=\"td-image-wrap \" title=\"Horacio Catena en el 29M\" ><img loading=\"lazy\" decoding=\"async\" class=\"entry-thumb\" src=\"\" alt=\"\" title=\"Horacio Catena en el 29M\" data-type=\"image_tag\" data-img-url=\"https:\/\/i0.wp.com\/vamosporlaliberacion.org\/crpmlm\/wp-content\/uploads\/2019\/06\/lolo.jpg?resize=150%2C150&ssl=1\"  width=\"150\" height=\"150\" \/><span class=\"td-video-play-ico\"><i class=\"td-icon-video-thumb-play\"><\/i><\/span><\/a><\/div>\n            <div class=\"item-details\">\n                <h3 class=\"entry-title td-module-title\"><a href=\"https:\/\/vamosporlaliberacion.org\/crpmlm\/horacio-catena-en-el-29m\/\" rel=\"bookmark\" title=\"Horacio Catena en el 29M\">Horacio Catena en el 29M<\/a><\/h3>\n                <div class=\"td-module-meta-info\">\n                                        <span class=\"td-post-author-name\"><a href=\"https:\/\/vamosporlaliberacion.org\/crpmlm\/author\/adminvxl\/\">vamos!<\/a> <span>-<\/span> <\/span>                    <span class=\"td-post-date\"><time class=\"entry-date updated td-module-date\" datetime=\"2019-06-10T17:07:01-03:00\" >10 junio, 2019<\/time><\/span>                    <span class=\"td-module-comments\"><a href=\"https:\/\/vamosporlaliberacion.org\/crpmlm\/horacio-catena-en-el-29m\/#respond\">0<\/a><\/span>                <\/div>\n\n                <div class=\"td-excerpt\">\n                    \r\n\r\nHoracio Catena, secretario general del Sutef, CTA-A fueguina y secretario de organizaci\u00f3n de CTA-A, en el acto en Ushuaia el pasado 29 de mayo.                <\/div>\n            <\/div>\n\n        <\/div>\n\n        <\/div><\/div> <!-- .\/block --><div class=\"td_block_wrap td_block_21 tdi_26_cf9 td-pb-border-top td_block_template_1 td-column-2\"  data-td-block-uid=\"tdi_26_cf9\" >\n<style>\n.td_block_template_2.widget > ul > li,\n            .td_block_template_6.widget > ul > li,\n            .td_block_template_8.widget > ul > li,\n            .td_block_template_9.widget > ul > li,\n            .td_block_template_10.widget > ul > li,\n            .td_block_template_11.widget > ul > li,\n            .td_block_template_12.widget > ul > li,\n            .td_block_template_13.widget > ul > li,\n            .td_block_template_14.widget > ul > li,\n            .td_block_template_15.widget > ul > li,\n            .td_block_template_16.widget > ul > li,\n            .td_block_template_17.widget > ul > li {\n                margin-left: 0 !important;\n            }\n            .global-block-template-12 .td-comments-title span,\n            .global-block-template-13 .td-comments-title span {\n                margin-left: 0 !important;\n                font-size: 20px;\n            }\n            @media (max-width: 767px) {\n                .global-block-template-12 .td-comments-title span,\n                .global-block-template-13 .td-comments-title span {\n                    font-size: 15px;\n                }\n            }\n            .td-block-title-wrap .td-wrapper-pulldown-filter {\n                font-family: 'Roboto', sans-serif;\n                position: absolute;\n                bottom: 0;\n                right: 0;\n                top: 0;\n                margin: auto 0;\n                z-index: 2;\n                background-color: #fff;\n                font-size: 13px;\n                line-height: 1;\n                color: #777;\n                text-align: right;\n            }\n            .td-block-title-wrap .td-wrapper-pulldown-filter .td-pulldown-filter-display-option {\n                cursor: pointer;\n                white-space: nowrap;\n                position: relative;\n                line-height: 29px;\n            }\n            .td-block-title-wrap .td-wrapper-pulldown-filter .td-pulldown-filter-display-option i {\n                font-size: 9px;\n                color: #777;\n                margin-left: 20px;\n                margin-right: 10px;\n            }\n            .td-block-title-wrap .td-wrapper-pulldown-filter .td-pulldown-filter-display-option i:before {\n                content: '\\e83d';\n            }\n            .td-block-title-wrap .td-wrapper-pulldown-filter .td-pulldown-filter-display-option span {\n                padding-left: 20px;\n                margin-right: -14px;\n            }\n            @media (max-width: 360px) {\n                .td-block-title-wrap .td-wrapper-pulldown-filter .td-pulldown-filter-display-option span {\n                    display: none;\n                }\n            }\n            .td-block-title-wrap .td-wrapper-pulldown-filter .td-pulldown-filter-display-option:hover {\n                color: #4db2ec;\n            }\n            .td-block-title-wrap .td-wrapper-pulldown-filter .td-pulldown-filter-display-option:hover i {\n                color: #4db2ec;\n            }\n            .td-block-title-wrap .td-wrapper-pulldown-filter .td-pulldown-filter-display-option:hover ul {\n                display: block;\n            }\n            .td-block-title-wrap .td-wrapper-pulldown-filter .td-pulldown-filter-list {\n                list-style: none;\n                position: absolute;\n                right: 0;\n                top: 100%;\n                padding: 18px 0;\n                background-color: rgb(255, 255, 255);\n                background-color: rgba(255, 255, 255, 0.95);\n                z-index: 999;\n                border-width: 1px;\n                border-color: #ededed;\n                border-style: solid;\n                display: none;\n                margin: 0;\n            }\n            .td-block-title-wrap .td-wrapper-pulldown-filter .td-pulldown-filter-item {\n                list-style: none;\n                margin: 0;\n            }\n            .td-block-title-wrap .td-wrapper-pulldown-filter .td-pulldown-filter-item .td-cur-simple-item {\n                color: #4db2ec;\n            }\n            .td-block-title-wrap .td-wrapper-pulldown-filter .td-pulldown-more {\n                padding-bottom: 10px;\n            }\n            .td-block-title-wrap .td-wrapper-pulldown-filter .td-pulldown-more:before {\n                content: '';\n                width: 70px;\n                height: 100%;\n                position: absolute;\n                margin-top: 2px;\n                top: 0;\n                right: 0;\n                z-index: 1;\n                opacity: 0;\n            }\n            .td-block-title-wrap .td-wrapper-pulldown-filter .td-pulldown-filter-link {\n                color: #777;\n                white-space: nowrap;\n                display: block;\n                line-height: 26px;\n                padding-left: 36px;\n                padding-right: 27px;\n            }\n            .td-block-title-wrap .td-wrapper-pulldown-filter .td-pulldown-filter-link:hover {\n                color: #4db2ec;\n            }\n            @media (min-width: 768px) and (max-width: 1018px) {\n                .td-pb-span4 .td-block-title-wrap .td-wrapper-pulldown-filter .td-pulldown-filter-display-option span {\n                    display: none;\n                }\n                .td-pb-span4 .td-block-title-wrap .td-wrapper-pulldown-filter .td-pulldown-filter-link {\n                    padding-left: 24px;\n                    padding-right: 20px !important;\n                }\n            }\n            @-moz-document url-prefix() {\n                .td-pulldown-syle-default .td-subcat-more,\n                .td-pulldown-syle-default .td-subcat-list {\n                    position: relative;\n                    top: -1px;\n                }\n            }\n            .td-pulldown-syle-2 {\n                top: 0;\n            }\n            .td-pulldown-syle-2 .td-subcat-dropdown ul {\n                padding: 20px 0;\n                margin-top: 0;\n            }\n            .td-pulldown-syle-2 .td-subcat-dropdown ul:after {\n                content: '';\n                position: absolute;\n                width: calc(100% + 2px);\n                height: 3px;\n                top: 0;\n                left: -1px;\n                background-color: #4db2ec;\n            }\n            .td-pulldown-syle-2 .td-subcat-dropdown a {\n                padding-left: 40px;\n                padding-right: 31px;\n            }\n            .td-pulldown-syle-2 .td-subcat-dropdown:hover .td-subcat-more {\n                background-color: transparent !important;\n            }\n            .td-pulldown-syle-2 .td-subcat-dropdown:hover .td-subcat-more span,\n            .td-pulldown-syle-2 .td-subcat-dropdown:hover .td-subcat-more i {\n                color: #4db2ec;\n            }\n            .td-pulldown-syle-2 .td-subcat-dropdown .td-subcat-more {\n                margin-left: 9px;\n                margin-bottom: 8px; \/\/ this align the dropdown list\n            }\n            .td-pulldown-syle-2 .td-subcat-list .td-subcat-item {\n                margin-left: 24px;\n            }\n            .td-pulldown-syle-3 {\n                top: 0;\n            }\n            .td-pulldown-syle-3 .td-subcat-dropdown ul {\n                padding: 15px 0;\n                margin-top: -1px;\n                border-width: 1px;\n            }\n            .td-pulldown-syle-3 .td-subcat-dropdown a {\n                padding-left: 40px;\n                padding-right: 31px;\n            }\n            .td-pulldown-syle-3 .td-subcat-dropdown &:hover .td-subcat-more {\n                background-color: transparent !important;\n            }\n            .td-pulldown-syle-3 .td-subcat-dropdown &:hover .td-subcat-more span,\n            .td-pulldown-syle-3 .td-subcat-dropdown &:hover .td-subcat-more i {\n                color: #4db2ec;\n            }\n            .td-pulldown-syle-3 .td-subcat-dropdown .td-subcat-more {\n                margin-left: 9px;\n                margin-bottom: 8px; \/\/ this align the dropdown list\n            }\n            .td-pulldown-syle-3 .td-subcat-list .td-subcat-item {\n                margin-left: 24px;\n            }\n            \n            \n\n            \n            .td-theme-wrap .tdi_26_cf9 .td-pulldown-filter-link:hover,\n            .td-theme-wrap .tdi_26_cf9 .td-subcat-item a:hover,\n            .td-theme-wrap .tdi_26_cf9 .td-subcat-item .td-cur-simple-item {\n                color: #dd3333;\n            }\n\n            .td-theme-wrap .tdi_26_cf9 .block-title > *,\n            .td-theme-wrap .tdi_26_cf9 .td-subcat-dropdown:hover .td-subcat-more {\n                background-color: #dd3333;\n            }\n            .td-theme-wrap .td-footer-wrapper .tdi_26_cf9 .block-title > * {\n                padding: 6px 7px 5px;\n                line-height: 1;\n            }\n\n            .td-theme-wrap .tdi_26_cf9 .block-title {\n                border-color: #dd3333;\n            }\n\n            \n            .td-theme-wrap .tdi_26_cf9 .td_module_wrap:hover .entry-title a,\n            .td-theme-wrap .tdi_26_cf9 .td_quote_on_blocks,\n            .td-theme-wrap .tdi_26_cf9 .td-opacity-cat .td-post-category:hover,\n            .td-theme-wrap .tdi_26_cf9 .td-opacity-read .td-read-more a:hover,\n            .td-theme-wrap .tdi_26_cf9 .td-opacity-author .td-post-author-name a:hover,\n            .td-theme-wrap .tdi_26_cf9 .td-instagram-user a {\n                color: #dd3333;\n            }\n\n            .td-theme-wrap .tdi_26_cf9 .td-next-prev-wrap a:hover,\n            .td-theme-wrap .tdi_26_cf9 .td-load-more-wrap a:hover {\n                background-color: #dd3333;\n                border-color: #dd3333;\n            }\n\n            .td-theme-wrap .tdi_26_cf9 .td-read-more a,\n            .td-theme-wrap .tdi_26_cf9 .td-weather-information:before,\n            .td-theme-wrap .tdi_26_cf9 .td-weather-week:before,\n            .td-theme-wrap .tdi_26_cf9 .td-exchange-header:before,\n            .td-theme-wrap .td-footer-wrapper .tdi_26_cf9 .td-post-category,\n            .td-theme-wrap .tdi_26_cf9 .td-post-category:hover {\n                background-color: #dd3333;\n            }\n<\/style><script>var block_tdi_26_cf9 = new tdBlock();\nblock_tdi_26_cf9.id = \"tdi_26_cf9\";\nblock_tdi_26_cf9.atts = '{\"custom_title\":\"Mujeres\",\"header_color\":\"#dd3333\",\"category_id\":\"9\",\"tag_slug\":\"vxl 142\",\"limit\":\"10\",\"td_filter_default_txt\":\"Todo\",\"block_type\":\"td_block_21\",\"separator\":\"\",\"custom_url\":\"\",\"block_template_id\":\"\",\"m16_tl\":\"\",\"m16_el\":\"\",\"post_ids\":\"\",\"category_ids\":\"\",\"autors_id\":\"\",\"installed_post_types\":\"\",\"sort\":\"\",\"offset\":\"\",\"show_modified_date\":\"\",\"el_class\":\"\",\"td_ajax_filter_type\":\"\",\"td_ajax_filter_ids\":\"\",\"td_ajax_preloading\":\"\",\"f_header_font_header\":\"\",\"f_header_font_title\":\"Block header\",\"f_header_font_settings\":\"\",\"f_header_font_family\":\"\",\"f_header_font_size\":\"\",\"f_header_font_line_height\":\"\",\"f_header_font_style\":\"\",\"f_header_font_weight\":\"\",\"f_header_font_transform\":\"\",\"f_header_font_spacing\":\"\",\"f_header_\":\"\",\"f_ajax_font_title\":\"Ajax categories\",\"f_ajax_font_settings\":\"\",\"f_ajax_font_family\":\"\",\"f_ajax_font_size\":\"\",\"f_ajax_font_line_height\":\"\",\"f_ajax_font_style\":\"\",\"f_ajax_font_weight\":\"\",\"f_ajax_font_transform\":\"\",\"f_ajax_font_spacing\":\"\",\"f_ajax_\":\"\",\"f_more_font_title\":\"Load more button\",\"f_more_font_settings\":\"\",\"f_more_font_family\":\"\",\"f_more_font_size\":\"\",\"f_more_font_line_height\":\"\",\"f_more_font_style\":\"\",\"f_more_font_weight\":\"\",\"f_more_font_transform\":\"\",\"f_more_font_spacing\":\"\",\"f_more_\":\"\",\"m16f_title_font_header\":\"\",\"m16f_title_font_title\":\"Article title\",\"m16f_title_font_settings\":\"\",\"m16f_title_font_family\":\"\",\"m16f_title_font_size\":\"\",\"m16f_title_font_line_height\":\"\",\"m16f_title_font_style\":\"\",\"m16f_title_font_weight\":\"\",\"m16f_title_font_transform\":\"\",\"m16f_title_font_spacing\":\"\",\"m16f_title_\":\"\",\"m16f_cat_font_title\":\"Article category tag\",\"m16f_cat_font_settings\":\"\",\"m16f_cat_font_family\":\"\",\"m16f_cat_font_size\":\"\",\"m16f_cat_font_line_height\":\"\",\"m16f_cat_font_style\":\"\",\"m16f_cat_font_weight\":\"\",\"m16f_cat_font_transform\":\"\",\"m16f_cat_font_spacing\":\"\",\"m16f_cat_\":\"\",\"m16f_meta_font_title\":\"Article meta info\",\"m16f_meta_font_settings\":\"\",\"m16f_meta_font_family\":\"\",\"m16f_meta_font_size\":\"\",\"m16f_meta_font_line_height\":\"\",\"m16f_meta_font_style\":\"\",\"m16f_meta_font_weight\":\"\",\"m16f_meta_font_transform\":\"\",\"m16f_meta_font_spacing\":\"\",\"m16f_meta_\":\"\",\"m16f_ex_font_title\":\"Article excerpt\",\"m16f_ex_font_settings\":\"\",\"m16f_ex_font_family\":\"\",\"m16f_ex_font_size\":\"\",\"m16f_ex_font_line_height\":\"\",\"m16f_ex_font_style\":\"\",\"m16f_ex_font_weight\":\"\",\"m16f_ex_font_transform\":\"\",\"m16f_ex_font_spacing\":\"\",\"m16f_ex_\":\"\",\"ajax_pagination\":\"\",\"ajax_pagination_infinite_stop\":\"\",\"css\":\"\",\"tdc_css\":\"\",\"td_column_number\":2,\"color_preset\":\"\",\"border_top\":\"\",\"class\":\"tdi_26_cf9\",\"tdc_css_class\":\"tdi_26_cf9\",\"tdc_css_class_style\":\"tdi_26_cf9_rand_style\"}';\nblock_tdi_26_cf9.td_column_number = \"2\";\nblock_tdi_26_cf9.block_type = \"td_block_21\";\nblock_tdi_26_cf9.post_count = \"10\";\nblock_tdi_26_cf9.found_posts = \"29\";\nblock_tdi_26_cf9.header_color = \"#dd3333\";\nblock_tdi_26_cf9.ajax_pagination_infinite_stop = \"\";\nblock_tdi_26_cf9.max_num_pages = \"3\";\ntdBlocksArray.push(block_tdi_26_cf9);\n<\/script><div class=\"td-block-title-wrap\"><h4 class=\"block-title td-block-title\"><span class=\"td-pulldown-size\">Mujeres<\/span><\/h4><\/div><div id=tdi_26_cf9 class=\"td_block_inner\">\n        <div class=\"td_module_16 td_module_wrap td-animation-stack\">\n            <div class=\"td-module-thumb\"><a href=\"https:\/\/vamosporlaliberacion.org\/crpmlm\/subte-eleccion-de-delegados\/\" rel=\"bookmark\" class=\"td-image-wrap \" title=\"Subte: Elecci\u00f3n de delegados\" ><img loading=\"lazy\" decoding=\"async\" class=\"entry-thumb\" src=\"\" alt=\"\" title=\"Subte: Elecci\u00f3n de delegados\" data-type=\"image_tag\" data-img-url=\"https:\/\/i0.wp.com\/vamosporlaliberacion.org\/crpmlm\/wp-content\/uploads\/2019\/06\/subte.jpg?resize=150%2C150&ssl=1\"  width=\"150\" height=\"150\" \/><\/a><\/div>\n            <div class=\"item-details\">\n                <h3 class=\"entry-title td-module-title\"><a href=\"https:\/\/vamosporlaliberacion.org\/crpmlm\/subte-eleccion-de-delegados\/\" rel=\"bookmark\" title=\"Subte: Elecci\u00f3n de delegados\">Subte: Elecci\u00f3n de delegados<\/a><\/h3>\n                <div class=\"td-module-meta-info\">\n                                        <span class=\"td-post-author-name\"><a href=\"https:\/\/vamosporlaliberacion.org\/crpmlm\/author\/adminvxl\/\">vamos!<\/a> <span>-<\/span> <\/span>                    <span class=\"td-post-date\"><time class=\"entry-date updated td-module-date\" datetime=\"2019-06-11T15:47:12-03:00\" >11 junio, 2019<\/time><\/span>                    <span class=\"td-module-comments\"><a href=\"https:\/\/vamosporlaliberacion.org\/crpmlm\/subte-eleccion-de-delegados\/#respond\">0<\/a><\/span>                <\/div>\n\n                <div class=\"td-excerpt\">\n                    El martes 28\/5 finalizaron las elecciones de delegados de la AGTSyP mandato 2019-2021, en las que participaron alrededor de 2000 compa\u00f1eros de todas las...                <\/div>\n            <\/div>\n\n        <\/div>\n\n        \n        <div class=\"td_module_16 td_module_wrap td-animation-stack\">\n            <div class=\"td-module-thumb\"><a href=\"https:\/\/vamosporlaliberacion.org\/crpmlm\/foro-de-jovenes-por-la-unidad-en-caba\/\" rel=\"bookmark\" class=\"td-image-wrap \" title=\"Foro de J\u00f3venes por la unidad en CABA\" ><img loading=\"lazy\" decoding=\"async\" class=\"entry-thumb\" src=\"\" alt=\"\" title=\"Foro de J\u00f3venes por la unidad en CABA\" data-type=\"image_tag\" data-img-url=\"https:\/\/i0.wp.com\/vamosporlaliberacion.org\/crpmlm\/wp-content\/uploads\/2019\/06\/foro-cbazo2.jpg?resize=150%2C150&ssl=1\"  width=\"150\" height=\"150\" \/><\/a><\/div>\n            <div class=\"item-details\">\n                <h3 class=\"entry-title td-module-title\"><a href=\"https:\/\/vamosporlaliberacion.org\/crpmlm\/foro-de-jovenes-por-la-unidad-en-caba\/\" rel=\"bookmark\" title=\"Foro de J\u00f3venes por la unidad en CABA\">Foro de J\u00f3venes por la unidad en CABA<\/a><\/h3>\n                <div class=\"td-module-meta-info\">\n                                        <span class=\"td-post-author-name\"><a href=\"https:\/\/vamosporlaliberacion.org\/crpmlm\/author\/adminvxl\/\">vamos!<\/a> <span>-<\/span> <\/span>                    <span class=\"td-post-date\"><time class=\"entry-date updated td-module-date\" datetime=\"2019-06-11T15:45:29-03:00\" >11 junio, 2019<\/time><\/span>                    <span class=\"td-module-comments\"><a href=\"https:\/\/vamosporlaliberacion.org\/crpmlm\/foro-de-jovenes-por-la-unidad-en-caba\/#respond\">0<\/a><\/span>                <\/div>\n\n                <div class=\"td-excerpt\">\n                    El s\u00e1bado 1\u00ba de junio se realiz\u00f3 en la Facultad de Medicina de la UBA el encuentro de \u201cJ\u00f3venes por la Unidad a 50...                <\/div>\n            <\/div>\n\n        <\/div>\n\n        \n        <div class=\"td_module_16 td_module_wrap td-animation-stack\">\n            <div class=\"td-module-thumb\"><a href=\"https:\/\/vamosporlaliberacion.org\/crpmlm\/de-chocobar-a-la-masacre-de-san-miguel\/\" rel=\"bookmark\" class=\"td-image-wrap \" title=\"De Chocobar a la masacre de San Miguel\" ><img loading=\"lazy\" decoding=\"async\" class=\"entry-thumb\" src=\"\" alt=\"\" title=\"De Chocobar a la masacre de San Miguel\" data-type=\"image_tag\" data-img-url=\"https:\/\/i0.wp.com\/vamosporlaliberacion.org\/crpmlm\/wp-content\/uploads\/2019\/06\/monte20190526-710462.jpg?resize=150%2C150&ssl=1\"  width=\"150\" height=\"150\" \/><\/a><\/div>\n            <div class=\"item-details\">\n                <h3 class=\"entry-title td-module-title\"><a href=\"https:\/\/vamosporlaliberacion.org\/crpmlm\/de-chocobar-a-la-masacre-de-san-miguel\/\" rel=\"bookmark\" title=\"De Chocobar a la masacre de San Miguel\">De Chocobar a la masacre de San Miguel<\/a><\/h3>\n                <div class=\"td-module-meta-info\">\n                                        <span class=\"td-post-author-name\"><a href=\"https:\/\/vamosporlaliberacion.org\/crpmlm\/author\/adminvxl\/\">vamos!<\/a> <span>-<\/span> <\/span>                    <span class=\"td-post-date\"><time class=\"entry-date updated td-module-date\" datetime=\"2019-06-11T15:40:11-03:00\" >11 junio, 2019<\/time><\/span>                    <span class=\"td-module-comments\"><a href=\"https:\/\/vamosporlaliberacion.org\/crpmlm\/de-chocobar-a-la-masacre-de-san-miguel\/#respond\">0<\/a><\/span>                <\/div>\n\n                <div class=\"td-excerpt\">\n                    Gonzalo Dom\u00ednguez (14 a\u00f1os), Camila L\u00f3pez (13), Danilo Sansone (13) y An\u00edbal Su\u00e1rez (22). Los cuatro murieron escapando de la balacera policial, al estrellarse...                <\/div>\n            <\/div>\n\n        <\/div>\n\n        \n        <div class=\"td_module_16 td_module_wrap td-animation-stack\">\n            <div class=\"td-module-thumb\"><a href=\"https:\/\/vamosporlaliberacion.org\/crpmlm\/congreso-extraordinario-fuba-para-derrotar-a-macri-y-cambiemos\/\" rel=\"bookmark\" class=\"td-image-wrap \" title=\"Congreso extraordinario FUBA: Para derrotar a Macri y Cambiemos\" ><img loading=\"lazy\" decoding=\"async\" class=\"entry-thumb\" src=\"\" alt=\"\" title=\"Congreso extraordinario FUBA: Para derrotar a Macri y Cambiemos\" data-type=\"image_tag\" data-img-url=\"https:\/\/i0.wp.com\/vamosporlaliberacion.org\/crpmlm\/wp-content\/uploads\/2019\/06\/fuba.jpg?resize=150%2C150&ssl=1\"  width=\"150\" height=\"150\" \/><\/a><\/div>\n            <div class=\"item-details\">\n                <h3 class=\"entry-title td-module-title\"><a href=\"https:\/\/vamosporlaliberacion.org\/crpmlm\/congreso-extraordinario-fuba-para-derrotar-a-macri-y-cambiemos\/\" rel=\"bookmark\" title=\"Congreso extraordinario FUBA: Para derrotar a Macri y Cambiemos\">Congreso extraordinario FUBA: Para derrotar a Macri y Cambiemos<\/a><\/h3>\n                <div class=\"td-module-meta-info\">\n                                        <span class=\"td-post-author-name\"><a href=\"https:\/\/vamosporlaliberacion.org\/crpmlm\/author\/adminvxl\/\">vamos!<\/a> <span>-<\/span> <\/span>                    <span class=\"td-post-date\"><time class=\"entry-date updated td-module-date\" datetime=\"2019-06-11T15:37:47-03:00\" >11 junio, 2019<\/time><\/span>                    <span class=\"td-module-comments\"><a href=\"https:\/\/vamosporlaliberacion.org\/crpmlm\/congreso-extraordinario-fuba-para-derrotar-a-macri-y-cambiemos\/#respond\">0<\/a><\/span>                <\/div>\n\n                <div class=\"td-excerpt\">\n                    El jueves 23 de Mayo se realiz\u00f3 el plenario de cierre del Congreso Extraordinario de la FUBA. Participamos m\u00e1s de 700 estudiantes, que desbordamos...                <\/div>\n            <\/div>\n\n        <\/div>\n\n        \n        <div class=\"td_module_16 td_module_wrap td-animation-stack\">\n            <div class=\"td-module-thumb\"><a href=\"https:\/\/vamosporlaliberacion.org\/crpmlm\/deuda-externa-y-fuga-de-capitales\/\" rel=\"bookmark\" class=\"td-image-wrap \" title=\"Deuda externa y fuga de capitales\" ><img decoding=\"async\" class=\"entry-thumb\" src=\"\"alt=\"\" data-type=\"image_tag\" data-img-url=\"https:\/\/vamosporlaliberacion.org\/crpmlm\/wp-content\/plugins\/td-composer\/legacy\/Newspaper\/assets\/images\/no-thumb\/thumbnail.png\"  width=\"\" height=\"\" \/><\/a><\/div>\n            <div class=\"item-details\">\n                <h3 class=\"entry-title td-module-title\"><a href=\"https:\/\/vamosporlaliberacion.org\/crpmlm\/deuda-externa-y-fuga-de-capitales\/\" rel=\"bookmark\" title=\"Deuda externa y fuga de capitales\">Deuda externa y fuga de capitales<\/a><\/h3>\n                <div class=\"td-module-meta-info\">\n                                        <span class=\"td-post-author-name\"><a href=\"https:\/\/vamosporlaliberacion.org\/crpmlm\/author\/adminvxl\/\">vamos!<\/a> <span>-<\/span> <\/span>                    <span class=\"td-post-date\"><time class=\"entry-date updated td-module-date\" datetime=\"2019-06-11T15:35:00-03:00\" >11 junio, 2019<\/time><\/span>                    <span class=\"td-module-comments\"><a href=\"https:\/\/vamosporlaliberacion.org\/crpmlm\/deuda-externa-y-fuga-de-capitales\/#respond\">0<\/a><\/span>                <\/div>\n\n                <div class=\"td-excerpt\">\n                    Los d\u00f3lares que llegaron como parte del pacto de Macri con FMI ya no est\u00e1n m\u00e1s. Seg\u00fan un informe del Observatorio de la Deuda...                <\/div>\n            <\/div>\n\n        <\/div>\n\n        \n        <div class=\"td_module_16 td_module_wrap td-animation-stack\">\n            <div class=\"td-module-thumb\"><a href=\"https:\/\/vamosporlaliberacion.org\/crpmlm\/brasil-empieza-a-cambiar-el-viento\/\" rel=\"bookmark\" class=\"td-image-wrap \" title=\"Brasil: \u00bfempieza a cambiar el viento?\" ><img loading=\"lazy\" decoding=\"async\" class=\"entry-thumb\" src=\"\" alt=\"\" title=\"Brasil: \u00bfempieza a cambiar el viento?\" data-type=\"image_tag\" data-img-url=\"https:\/\/i0.wp.com\/vamosporlaliberacion.org\/crpmlm\/wp-content\/uploads\/2019\/06\/15592846161793.jpg?resize=150%2C150&ssl=1\"  width=\"150\" height=\"150\" \/><\/a><\/div>\n            <div class=\"item-details\">\n                <h3 class=\"entry-title td-module-title\"><a href=\"https:\/\/vamosporlaliberacion.org\/crpmlm\/brasil-empieza-a-cambiar-el-viento\/\" rel=\"bookmark\" title=\"Brasil: \u00bfempieza a cambiar el viento?\">Brasil: \u00bfempieza a cambiar el viento?<\/a><\/h3>\n                <div class=\"td-module-meta-info\">\n                                        <span class=\"td-post-author-name\"><a href=\"https:\/\/vamosporlaliberacion.org\/crpmlm\/author\/adminvxl\/\">vamos!<\/a> <span>-<\/span> <\/span>                    <span class=\"td-post-date\"><time class=\"entry-date updated td-module-date\" datetime=\"2019-06-11T15:31:10-03:00\" >11 junio, 2019<\/time><\/span>                    <span class=\"td-module-comments\"><a href=\"https:\/\/vamosporlaliberacion.org\/crpmlm\/brasil-empieza-a-cambiar-el-viento\/#respond\">0<\/a><\/span>                <\/div>\n\n                <div class=\"td-excerpt\">\n                    Jair Bolsonaro, el energ\u00fameno fascista que gobierna Brasil desde el pasado 1\u00ba de enero y que crey\u00f3 tener luz verde para imponer sus pol\u00edticas...                <\/div>\n            <\/div>\n\n        <\/div>\n\n        \n        <div class=\"td_module_16 td_module_wrap td-animation-stack\">\n            <div class=\"td-module-thumb\"><a href=\"https:\/\/vamosporlaliberacion.org\/crpmlm\/a-planificar-una-gran-colecta-financiera-de-masas\/\" rel=\"bookmark\" class=\"td-image-wrap \" title=\"A planificar una gran Colecta Financiera de masas\" ><img loading=\"lazy\" decoding=\"async\" class=\"entry-thumb\" src=\"\" alt=\"\" title=\"A planificar una gran Colecta Financiera de masas\" data-type=\"image_tag\" data-img-url=\"https:\/\/i0.wp.com\/vamosporlaliberacion.org\/crpmlm\/wp-content\/uploads\/2019\/06\/crpmlm1.jpeg?resize=150%2C150&ssl=1\"  width=\"150\" height=\"150\" \/><\/a><\/div>\n            <div class=\"item-details\">\n                <h3 class=\"entry-title td-module-title\"><a href=\"https:\/\/vamosporlaliberacion.org\/crpmlm\/a-planificar-una-gran-colecta-financiera-de-masas\/\" rel=\"bookmark\" title=\"A planificar una gran Colecta Financiera de masas\">A planificar una gran Colecta Financiera de masas<\/a><\/h3>\n                <div class=\"td-module-meta-info\">\n                                        <span class=\"td-post-author-name\"><a href=\"https:\/\/vamosporlaliberacion.org\/crpmlm\/author\/adminvxl\/\">vamos!<\/a> <span>-<\/span> <\/span>                    <span class=\"td-post-date\"><time class=\"entry-date updated td-module-date\" datetime=\"2019-06-11T15:29:16-03:00\" >11 junio, 2019<\/time><\/span>                    <span class=\"td-module-comments\"><a href=\"https:\/\/vamosporlaliberacion.org\/crpmlm\/a-planificar-una-gran-colecta-financiera-de-masas\/#respond\">0<\/a><\/span>                <\/div>\n\n                <div class=\"td-excerpt\">\n                    Desde el 20 de junio hasta fin de de julio realizaremos la colecta financiera en el marco del avance de la unidad opositora en...                <\/div>\n            <\/div>\n\n        <\/div>\n\n        \n        <div class=\"td_module_16 td_module_wrap td-animation-stack\">\n            <div class=\"td-module-thumb\"><a href=\"https:\/\/vamosporlaliberacion.org\/crpmlm\/colecta-de-la-juventud-en-caba\/\" rel=\"bookmark\" class=\"td-image-wrap \" title=\"Colecta de la Juventud en CABA\" ><img loading=\"lazy\" decoding=\"async\" class=\"entry-thumb\" src=\"\" alt=\"\" title=\"Colecta de la Juventud en CABA\" data-type=\"image_tag\" data-img-url=\"https:\/\/i0.wp.com\/vamosporlaliberacion.org\/crpmlm\/wp-content\/uploads\/2019\/06\/colecta-j-caba.jpg?resize=150%2C150&ssl=1\"  width=\"150\" height=\"150\" \/><\/a><\/div>\n            <div class=\"item-details\">\n                <h3 class=\"entry-title td-module-title\"><a href=\"https:\/\/vamosporlaliberacion.org\/crpmlm\/colecta-de-la-juventud-en-caba\/\" rel=\"bookmark\" title=\"Colecta de la Juventud en CABA\">Colecta de la Juventud en CABA<\/a><\/h3>\n                <div class=\"td-module-meta-info\">\n                                        <span class=\"td-post-author-name\"><a href=\"https:\/\/vamosporlaliberacion.org\/crpmlm\/author\/adminvxl\/\">vamos!<\/a> <span>-<\/span> <\/span>                    <span class=\"td-post-date\"><time class=\"entry-date updated td-module-date\" datetime=\"2019-06-11T15:27:47-03:00\" >11 junio, 2019<\/time><\/span>                    <span class=\"td-module-comments\"><a href=\"https:\/\/vamosporlaliberacion.org\/crpmlm\/colecta-de-la-juventud-en-caba\/#respond\">0<\/a><\/span>                <\/div>\n\n                <div class=\"td-excerpt\">\n                    El s\u00e1bado 1 de junio la juventud del Comunismo Revolucionario lanzo la campa\u00f1a financiera 2019 con una charla sobre violencia de g\u00e9nero en el...                <\/div>\n            <\/div>\n\n        <\/div>\n\n        \n        <div class=\"td_module_16 td_module_wrap td-animation-stack\">\n            <div class=\"td-module-thumb\"><a href=\"https:\/\/vamosporlaliberacion.org\/crpmlm\/25-de-mayo-locrazo-del-mp-liberacion-en-ampliar\/\" rel=\"bookmark\" class=\"td-image-wrap \" title=\"25 de Mayo: Locrazo del MP Liberaci\u00f3n en Ampliar!\" ><img loading=\"lazy\" decoding=\"async\" class=\"entry-thumb\" src=\"\" alt=\"\" title=\"25 de Mayo: Locrazo del MP Liberaci\u00f3n en Ampliar!\" data-type=\"image_tag\" data-img-url=\"https:\/\/i0.wp.com\/vamosporlaliberacion.org\/crpmlm\/wp-content\/uploads\/2019\/06\/locro-caba-25-mayo-mpl-ampliar.jpeg?resize=150%2C150&ssl=1\"  width=\"150\" height=\"150\" \/><\/a><\/div>\n            <div class=\"item-details\">\n                <h3 class=\"entry-title td-module-title\"><a href=\"https:\/\/vamosporlaliberacion.org\/crpmlm\/25-de-mayo-locrazo-del-mp-liberacion-en-ampliar\/\" rel=\"bookmark\" title=\"25 de Mayo: Locrazo del MP Liberaci\u00f3n en Ampliar!\">25 de Mayo: Locrazo del MP Liberaci\u00f3n en Ampliar!<\/a><\/h3>\n                <div class=\"td-module-meta-info\">\n                                        <span class=\"td-post-author-name\"><a href=\"https:\/\/vamosporlaliberacion.org\/crpmlm\/author\/adminvxl\/\">vamos!<\/a> <span>-<\/span> <\/span>                    <span class=\"td-post-date\"><time class=\"entry-date updated td-module-date\" datetime=\"2019-06-11T15:26:05-03:00\" >11 junio, 2019<\/time><\/span>                    <span class=\"td-module-comments\"><a href=\"https:\/\/vamosporlaliberacion.org\/crpmlm\/25-de-mayo-locrazo-del-mp-liberacion-en-ampliar\/#respond\">0<\/a><\/span>                <\/div>\n\n                <div class=\"td-excerpt\">\n                    El viernes 24 a la noche, como parte de las iniciativas de las fuerzas que integran Ampliar, el MPL-Caba organiz\u00f3 un locro en el...                <\/div>\n            <\/div>\n\n        <\/div>\n\n        \n        <div class=\"td_module_16 td_module_wrap td-animation-stack\">\n            <div class=\"td-module-thumb\"><a href=\"https:\/\/vamosporlaliberacion.org\/crpmlm\/horacio-catena-en-el-29m\/\" rel=\"bookmark\" class=\"td-image-wrap \" title=\"Horacio Catena en el 29M\" ><img loading=\"lazy\" decoding=\"async\" class=\"entry-thumb\" src=\"\" alt=\"\" title=\"Horacio Catena en el 29M\" data-type=\"image_tag\" data-img-url=\"https:\/\/i0.wp.com\/vamosporlaliberacion.org\/crpmlm\/wp-content\/uploads\/2019\/06\/lolo.jpg?resize=150%2C150&ssl=1\"  width=\"150\" height=\"150\" \/><span class=\"td-video-play-ico\"><i class=\"td-icon-video-thumb-play\"><\/i><\/span><\/a><\/div>\n            <div class=\"item-details\">\n                <h3 class=\"entry-title td-module-title\"><a href=\"https:\/\/vamosporlaliberacion.org\/crpmlm\/horacio-catena-en-el-29m\/\" rel=\"bookmark\" title=\"Horacio Catena en el 29M\">Horacio Catena en el 29M<\/a><\/h3>\n                <div class=\"td-module-meta-info\">\n                                        <span class=\"td-post-author-name\"><a href=\"https:\/\/vamosporlaliberacion.org\/crpmlm\/author\/adminvxl\/\">vamos!<\/a> <span>-<\/span> <\/span>                    <span class=\"td-post-date\"><time class=\"entry-date updated td-module-date\" datetime=\"2019-06-10T17:07:01-03:00\" >10 junio, 2019<\/time><\/span>                    <span class=\"td-module-comments\"><a href=\"https:\/\/vamosporlaliberacion.org\/crpmlm\/horacio-catena-en-el-29m\/#respond\">0<\/a><\/span>                <\/div>\n\n                <div class=\"td-excerpt\">\n                    \r\n\r\nHoracio Catena, secretario general del Sutef, CTA-A fueguina y secretario de organizaci\u00f3n de CTA-A, en el acto en Ushuaia el pasado 29 de mayo.                <\/div>\n            <\/div>\n\n        <\/div>\n\n        <\/div><\/div> <!-- .\/block --><div class=\"td_block_wrap td_block_21 tdi_27_6b8 td-pb-border-top td_block_template_1 td-column-2\"  data-td-block-uid=\"tdi_27_6b8\" >\n<style>\n.td_block_template_2.widget > ul > li,\n            .td_block_template_6.widget > ul > li,\n            .td_block_template_8.widget > ul > li,\n            .td_block_template_9.widget > ul > li,\n            .td_block_template_10.widget > ul > li,\n            .td_block_template_11.widget > ul > li,\n            .td_block_template_12.widget > ul > li,\n            .td_block_template_13.widget > ul > li,\n            .td_block_template_14.widget > ul > li,\n            .td_block_template_15.widget > ul > li,\n            .td_block_template_16.widget > ul > li,\n            .td_block_template_17.widget > ul > li {\n                margin-left: 0 !important;\n            }\n            .global-block-template-12 .td-comments-title span,\n            .global-block-template-13 .td-comments-title span {\n                margin-left: 0 !important;\n                font-size: 20px;\n            }\n            @media (max-width: 767px) {\n                .global-block-template-12 .td-comments-title span,\n                .global-block-template-13 .td-comments-title span {\n                    font-size: 15px;\n                }\n            }\n            .td-block-title-wrap .td-wrapper-pulldown-filter {\n                font-family: 'Roboto', sans-serif;\n                position: absolute;\n                bottom: 0;\n                right: 0;\n                top: 0;\n                margin: auto 0;\n                z-index: 2;\n                background-color: #fff;\n                font-size: 13px;\n                line-height: 1;\n                color: #777;\n                text-align: right;\n            }\n            .td-block-title-wrap .td-wrapper-pulldown-filter .td-pulldown-filter-display-option {\n                cursor: pointer;\n                white-space: nowrap;\n                position: relative;\n                line-height: 29px;\n            }\n            .td-block-title-wrap .td-wrapper-pulldown-filter .td-pulldown-filter-display-option i {\n                font-size: 9px;\n                color: #777;\n                margin-left: 20px;\n                margin-right: 10px;\n            }\n            .td-block-title-wrap .td-wrapper-pulldown-filter .td-pulldown-filter-display-option i:before {\n                content: '\\e83d';\n            }\n            .td-block-title-wrap .td-wrapper-pulldown-filter .td-pulldown-filter-display-option span {\n                padding-left: 20px;\n                margin-right: -14px;\n            }\n            @media (max-width: 360px) {\n                .td-block-title-wrap .td-wrapper-pulldown-filter .td-pulldown-filter-display-option span {\n                    display: none;\n                }\n            }\n            .td-block-title-wrap .td-wrapper-pulldown-filter .td-pulldown-filter-display-option:hover {\n                color: #4db2ec;\n            }\n            .td-block-title-wrap .td-wrapper-pulldown-filter .td-pulldown-filter-display-option:hover i {\n                color: #4db2ec;\n            }\n            .td-block-title-wrap .td-wrapper-pulldown-filter .td-pulldown-filter-display-option:hover ul {\n                display: block;\n            }\n            .td-block-title-wrap .td-wrapper-pulldown-filter .td-pulldown-filter-list {\n                list-style: none;\n                position: absolute;\n                right: 0;\n                top: 100%;\n                padding: 18px 0;\n                background-color: rgb(255, 255, 255);\n                background-color: rgba(255, 255, 255, 0.95);\n                z-index: 999;\n                border-width: 1px;\n                border-color: #ededed;\n                border-style: solid;\n                display: none;\n                margin: 0;\n            }\n            .td-block-title-wrap .td-wrapper-pulldown-filter .td-pulldown-filter-item {\n                list-style: none;\n                margin: 0;\n            }\n            .td-block-title-wrap .td-wrapper-pulldown-filter .td-pulldown-filter-item .td-cur-simple-item {\n                color: #4db2ec;\n            }\n            .td-block-title-wrap .td-wrapper-pulldown-filter .td-pulldown-more {\n                padding-bottom: 10px;\n            }\n            .td-block-title-wrap .td-wrapper-pulldown-filter .td-pulldown-more:before {\n                content: '';\n                width: 70px;\n                height: 100%;\n                position: absolute;\n                margin-top: 2px;\n                top: 0;\n                right: 0;\n                z-index: 1;\n                opacity: 0;\n            }\n            .td-block-title-wrap .td-wrapper-pulldown-filter .td-pulldown-filter-link {\n                color: #777;\n                white-space: nowrap;\n                display: block;\n                line-height: 26px;\n                padding-left: 36px;\n                padding-right: 27px;\n            }\n            .td-block-title-wrap .td-wrapper-pulldown-filter .td-pulldown-filter-link:hover {\n                color: #4db2ec;\n            }\n            @media (min-width: 768px) and (max-width: 1018px) {\n                .td-pb-span4 .td-block-title-wrap .td-wrapper-pulldown-filter .td-pulldown-filter-display-option span {\n                    display: none;\n                }\n                .td-pb-span4 .td-block-title-wrap .td-wrapper-pulldown-filter .td-pulldown-filter-link {\n                    padding-left: 24px;\n                    padding-right: 20px !important;\n                }\n            }\n            @-moz-document url-prefix() {\n                .td-pulldown-syle-default .td-subcat-more,\n                .td-pulldown-syle-default .td-subcat-list {\n                    position: relative;\n                    top: -1px;\n                }\n            }\n            .td-pulldown-syle-2 {\n                top: 0;\n            }\n            .td-pulldown-syle-2 .td-subcat-dropdown ul {\n                padding: 20px 0;\n                margin-top: 0;\n            }\n            .td-pulldown-syle-2 .td-subcat-dropdown ul:after {\n                content: '';\n                position: absolute;\n                width: calc(100% + 2px);\n                height: 3px;\n                top: 0;\n                left: -1px;\n                background-color: #4db2ec;\n            }\n            .td-pulldown-syle-2 .td-subcat-dropdown a {\n                padding-left: 40px;\n                padding-right: 31px;\n            }\n            .td-pulldown-syle-2 .td-subcat-dropdown:hover .td-subcat-more {\n                background-color: transparent !important;\n            }\n            .td-pulldown-syle-2 .td-subcat-dropdown:hover .td-subcat-more span,\n            .td-pulldown-syle-2 .td-subcat-dropdown:hover .td-subcat-more i {\n                color: #4db2ec;\n            }\n            .td-pulldown-syle-2 .td-subcat-dropdown .td-subcat-more {\n                margin-left: 9px;\n                margin-bottom: 8px; \/\/ this align the dropdown list\n            }\n            .td-pulldown-syle-2 .td-subcat-list .td-subcat-item {\n                margin-left: 24px;\n            }\n            .td-pulldown-syle-3 {\n                top: 0;\n            }\n            .td-pulldown-syle-3 .td-subcat-dropdown ul {\n                padding: 15px 0;\n                margin-top: -1px;\n                border-width: 1px;\n            }\n            .td-pulldown-syle-3 .td-subcat-dropdown a {\n                padding-left: 40px;\n                padding-right: 31px;\n            }\n            .td-pulldown-syle-3 .td-subcat-dropdown &:hover .td-subcat-more {\n                background-color: transparent !important;\n            }\n            .td-pulldown-syle-3 .td-subcat-dropdown &:hover .td-subcat-more span,\n            .td-pulldown-syle-3 .td-subcat-dropdown &:hover .td-subcat-more i {\n                color: #4db2ec;\n            }\n            .td-pulldown-syle-3 .td-subcat-dropdown .td-subcat-more {\n                margin-left: 9px;\n                margin-bottom: 8px; \/\/ this align the dropdown list\n            }\n            .td-pulldown-syle-3 .td-subcat-list .td-subcat-item {\n                margin-left: 24px;\n            }\n            \n            \n\n            \n            .td-theme-wrap .tdi_27_6b8 .td-pulldown-filter-link:hover,\n            .td-theme-wrap .tdi_27_6b8 .td-subcat-item a:hover,\n            .td-theme-wrap .tdi_27_6b8 .td-subcat-item .td-cur-simple-item {\n                color: #dd3333;\n            }\n\n            .td-theme-wrap .tdi_27_6b8 .block-title > *,\n            .td-theme-wrap .tdi_27_6b8 .td-subcat-dropdown:hover .td-subcat-more {\n                background-color: #dd3333;\n            }\n            .td-theme-wrap .td-footer-wrapper .tdi_27_6b8 .block-title > * {\n                padding: 6px 7px 5px;\n                line-height: 1;\n            }\n\n            .td-theme-wrap .tdi_27_6b8 .block-title {\n                border-color: #dd3333;\n            }\n\n            \n            .td-theme-wrap .tdi_27_6b8 .td_module_wrap:hover .entry-title a,\n            .td-theme-wrap .tdi_27_6b8 .td_quote_on_blocks,\n            .td-theme-wrap .tdi_27_6b8 .td-opacity-cat .td-post-category:hover,\n            .td-theme-wrap .tdi_27_6b8 .td-opacity-read .td-read-more a:hover,\n            .td-theme-wrap .tdi_27_6b8 .td-opacity-author .td-post-author-name a:hover,\n            .td-theme-wrap .tdi_27_6b8 .td-instagram-user a {\n                color: #dd3333;\n            }\n\n            .td-theme-wrap .tdi_27_6b8 .td-next-prev-wrap a:hover,\n            .td-theme-wrap .tdi_27_6b8 .td-load-more-wrap a:hover {\n                background-color: #dd3333;\n                border-color: #dd3333;\n            }\n\n            .td-theme-wrap .tdi_27_6b8 .td-read-more a,\n            .td-theme-wrap .tdi_27_6b8 .td-weather-information:before,\n            .td-theme-wrap .tdi_27_6b8 .td-weather-week:before,\n            .td-theme-wrap .tdi_27_6b8 .td-exchange-header:before,\n            .td-theme-wrap .td-footer-wrapper .tdi_27_6b8 .td-post-category,\n            .td-theme-wrap .tdi_27_6b8 .td-post-category:hover {\n                background-color: #dd3333;\n            }\n<\/style><script>var block_tdi_27_6b8 = new tdBlock();\nblock_tdi_27_6b8.id = \"tdi_27_6b8\";\nblock_tdi_27_6b8.atts = '{\"custom_title\":\"Social\",\"header_color\":\"#dd3333\",\"category_id\":\"13\",\"tag_slug\":\"vxl 142\",\"limit\":\"10\",\"td_filter_default_txt\":\"Todo\",\"block_type\":\"td_block_21\",\"separator\":\"\",\"custom_url\":\"\",\"block_template_id\":\"\",\"m16_tl\":\"\",\"m16_el\":\"\",\"post_ids\":\"\",\"category_ids\":\"\",\"autors_id\":\"\",\"installed_post_types\":\"\",\"sort\":\"\",\"offset\":\"\",\"show_modified_date\":\"\",\"el_class\":\"\",\"td_ajax_filter_type\":\"\",\"td_ajax_filter_ids\":\"\",\"td_ajax_preloading\":\"\",\"f_header_font_header\":\"\",\"f_header_font_title\":\"Block header\",\"f_header_font_settings\":\"\",\"f_header_font_family\":\"\",\"f_header_font_size\":\"\",\"f_header_font_line_height\":\"\",\"f_header_font_style\":\"\",\"f_header_font_weight\":\"\",\"f_header_font_transform\":\"\",\"f_header_font_spacing\":\"\",\"f_header_\":\"\",\"f_ajax_font_title\":\"Ajax categories\",\"f_ajax_font_settings\":\"\",\"f_ajax_font_family\":\"\",\"f_ajax_font_size\":\"\",\"f_ajax_font_line_height\":\"\",\"f_ajax_font_style\":\"\",\"f_ajax_font_weight\":\"\",\"f_ajax_font_transform\":\"\",\"f_ajax_font_spacing\":\"\",\"f_ajax_\":\"\",\"f_more_font_title\":\"Load more button\",\"f_more_font_settings\":\"\",\"f_more_font_family\":\"\",\"f_more_font_size\":\"\",\"f_more_font_line_height\":\"\",\"f_more_font_style\":\"\",\"f_more_font_weight\":\"\",\"f_more_font_transform\":\"\",\"f_more_font_spacing\":\"\",\"f_more_\":\"\",\"m16f_title_font_header\":\"\",\"m16f_title_font_title\":\"Article title\",\"m16f_title_font_settings\":\"\",\"m16f_title_font_family\":\"\",\"m16f_title_font_size\":\"\",\"m16f_title_font_line_height\":\"\",\"m16f_title_font_style\":\"\",\"m16f_title_font_weight\":\"\",\"m16f_title_font_transform\":\"\",\"m16f_title_font_spacing\":\"\",\"m16f_title_\":\"\",\"m16f_cat_font_title\":\"Article category tag\",\"m16f_cat_font_settings\":\"\",\"m16f_cat_font_family\":\"\",\"m16f_cat_font_size\":\"\",\"m16f_cat_font_line_height\":\"\",\"m16f_cat_font_style\":\"\",\"m16f_cat_font_weight\":\"\",\"m16f_cat_font_transform\":\"\",\"m16f_cat_font_spacing\":\"\",\"m16f_cat_\":\"\",\"m16f_meta_font_title\":\"Article meta info\",\"m16f_meta_font_settings\":\"\",\"m16f_meta_font_family\":\"\",\"m16f_meta_font_size\":\"\",\"m16f_meta_font_line_height\":\"\",\"m16f_meta_font_style\":\"\",\"m16f_meta_font_weight\":\"\",\"m16f_meta_font_transform\":\"\",\"m16f_meta_font_spacing\":\"\",\"m16f_meta_\":\"\",\"m16f_ex_font_title\":\"Article excerpt\",\"m16f_ex_font_settings\":\"\",\"m16f_ex_font_family\":\"\",\"m16f_ex_font_size\":\"\",\"m16f_ex_font_line_height\":\"\",\"m16f_ex_font_style\":\"\",\"m16f_ex_font_weight\":\"\",\"m16f_ex_font_transform\":\"\",\"m16f_ex_font_spacing\":\"\",\"m16f_ex_\":\"\",\"ajax_pagination\":\"\",\"ajax_pagination_infinite_stop\":\"\",\"css\":\"\",\"tdc_css\":\"\",\"td_column_number\":2,\"color_preset\":\"\",\"border_top\":\"\",\"class\":\"tdi_27_6b8\",\"tdc_css_class\":\"tdi_27_6b8\",\"tdc_css_class_style\":\"tdi_27_6b8_rand_style\"}';\nblock_tdi_27_6b8.td_column_number = \"2\";\nblock_tdi_27_6b8.block_type = \"td_block_21\";\nblock_tdi_27_6b8.post_count = \"10\";\nblock_tdi_27_6b8.found_posts = \"29\";\nblock_tdi_27_6b8.header_color = \"#dd3333\";\nblock_tdi_27_6b8.ajax_pagination_infinite_stop = \"\";\nblock_tdi_27_6b8.max_num_pages = \"3\";\ntdBlocksArray.push(block_tdi_27_6b8);\n<\/script><div class=\"td-block-title-wrap\"><h4 class=\"block-title td-block-title\"><span class=\"td-pulldown-size\">Social<\/span><\/h4><\/div><div id=tdi_27_6b8 class=\"td_block_inner\">\n        <div class=\"td_module_16 td_module_wrap td-animation-stack\">\n            <div class=\"td-module-thumb\"><a href=\"https:\/\/vamosporlaliberacion.org\/crpmlm\/subte-eleccion-de-delegados\/\" rel=\"bookmark\" class=\"td-image-wrap \" title=\"Subte: Elecci\u00f3n de delegados\" ><img loading=\"lazy\" decoding=\"async\" class=\"entry-thumb\" src=\"\" alt=\"\" title=\"Subte: Elecci\u00f3n de delegados\" data-type=\"image_tag\" data-img-url=\"https:\/\/i0.wp.com\/vamosporlaliberacion.org\/crpmlm\/wp-content\/uploads\/2019\/06\/subte.jpg?resize=150%2C150&ssl=1\"  width=\"150\" height=\"150\" \/><\/a><\/div>\n            <div class=\"item-details\">\n                <h3 class=\"entry-title td-module-title\"><a href=\"https:\/\/vamosporlaliberacion.org\/crpmlm\/subte-eleccion-de-delegados\/\" rel=\"bookmark\" title=\"Subte: Elecci\u00f3n de delegados\">Subte: Elecci\u00f3n de delegados<\/a><\/h3>\n                <div class=\"td-module-meta-info\">\n                                        <span class=\"td-post-author-name\"><a href=\"https:\/\/vamosporlaliberacion.org\/crpmlm\/author\/adminvxl\/\">vamos!<\/a> <span>-<\/span> <\/span>                    <span class=\"td-post-date\"><time class=\"entry-date updated td-module-date\" datetime=\"2019-06-11T15:47:12-03:00\" >11 junio, 2019<\/time><\/span>                    <span class=\"td-module-comments\"><a href=\"https:\/\/vamosporlaliberacion.org\/crpmlm\/subte-eleccion-de-delegados\/#respond\">0<\/a><\/span>                <\/div>\n\n                <div class=\"td-excerpt\">\n                    El martes 28\/5 finalizaron las elecciones de delegados de la AGTSyP mandato 2019-2021, en las que participaron alrededor de 2000 compa\u00f1eros de todas las...                <\/div>\n            <\/div>\n\n        <\/div>\n\n        \n        <div class=\"td_module_16 td_module_wrap td-animation-stack\">\n            <div class=\"td-module-thumb\"><a href=\"https:\/\/vamosporlaliberacion.org\/crpmlm\/foro-de-jovenes-por-la-unidad-en-caba\/\" rel=\"bookmark\" class=\"td-image-wrap \" title=\"Foro de J\u00f3venes por la unidad en CABA\" ><img loading=\"lazy\" decoding=\"async\" class=\"entry-thumb\" src=\"\" alt=\"\" title=\"Foro de J\u00f3venes por la unidad en CABA\" data-type=\"image_tag\" data-img-url=\"https:\/\/i0.wp.com\/vamosporlaliberacion.org\/crpmlm\/wp-content\/uploads\/2019\/06\/foro-cbazo2.jpg?resize=150%2C150&ssl=1\"  width=\"150\" height=\"150\" \/><\/a><\/div>\n            <div class=\"item-details\">\n                <h3 class=\"entry-title td-module-title\"><a href=\"https:\/\/vamosporlaliberacion.org\/crpmlm\/foro-de-jovenes-por-la-unidad-en-caba\/\" rel=\"bookmark\" title=\"Foro de J\u00f3venes por la unidad en CABA\">Foro de J\u00f3venes por la unidad en CABA<\/a><\/h3>\n                <div class=\"td-module-meta-info\">\n                                        <span class=\"td-post-author-name\"><a href=\"https:\/\/vamosporlaliberacion.org\/crpmlm\/author\/adminvxl\/\">vamos!<\/a> <span>-<\/span> <\/span>                    <span class=\"td-post-date\"><time class=\"entry-date updated td-module-date\" datetime=\"2019-06-11T15:45:29-03:00\" >11 junio, 2019<\/time><\/span>                    <span class=\"td-module-comments\"><a href=\"https:\/\/vamosporlaliberacion.org\/crpmlm\/foro-de-jovenes-por-la-unidad-en-caba\/#respond\">0<\/a><\/span>                <\/div>\n\n                <div class=\"td-excerpt\">\n                    El s\u00e1bado 1\u00ba de junio se realiz\u00f3 en la Facultad de Medicina de la UBA el encuentro de \u201cJ\u00f3venes por la Unidad a 50...                <\/div>\n            <\/div>\n\n        <\/div>\n\n        \n        <div class=\"td_module_16 td_module_wrap td-animation-stack\">\n            <div class=\"td-module-thumb\"><a href=\"https:\/\/vamosporlaliberacion.org\/crpmlm\/de-chocobar-a-la-masacre-de-san-miguel\/\" rel=\"bookmark\" class=\"td-image-wrap \" title=\"De Chocobar a la masacre de San Miguel\" ><img loading=\"lazy\" decoding=\"async\" class=\"entry-thumb\" src=\"\" alt=\"\" title=\"De Chocobar a la masacre de San Miguel\" data-type=\"image_tag\" data-img-url=\"https:\/\/i0.wp.com\/vamosporlaliberacion.org\/crpmlm\/wp-content\/uploads\/2019\/06\/monte20190526-710462.jpg?resize=150%2C150&ssl=1\"  width=\"150\" height=\"150\" \/><\/a><\/div>\n            <div class=\"item-details\">\n                <h3 class=\"entry-title td-module-title\"><a href=\"https:\/\/vamosporlaliberacion.org\/crpmlm\/de-chocobar-a-la-masacre-de-san-miguel\/\" rel=\"bookmark\" title=\"De Chocobar a la masacre de San Miguel\">De Chocobar a la masacre de San Miguel<\/a><\/h3>\n                <div class=\"td-module-meta-info\">\n                                        <span class=\"td-post-author-name\"><a href=\"https:\/\/vamosporlaliberacion.org\/crpmlm\/author\/adminvxl\/\">vamos!<\/a> <span>-<\/span> <\/span>                    <span class=\"td-post-date\"><time class=\"entry-date updated td-module-date\" datetime=\"2019-06-11T15:40:11-03:00\" >11 junio, 2019<\/time><\/span>                    <span class=\"td-module-comments\"><a href=\"https:\/\/vamosporlaliberacion.org\/crpmlm\/de-chocobar-a-la-masacre-de-san-miguel\/#respond\">0<\/a><\/span>                <\/div>\n\n                <div class=\"td-excerpt\">\n                    Gonzalo Dom\u00ednguez (14 a\u00f1os), Camila L\u00f3pez (13), Danilo Sansone (13) y An\u00edbal Su\u00e1rez (22). Los cuatro murieron escapando de la balacera policial, al estrellarse...                <\/div>\n            <\/div>\n\n        <\/div>\n\n        \n        <div class=\"td_module_16 td_module_wrap td-animation-stack\">\n            <div class=\"td-module-thumb\"><a href=\"https:\/\/vamosporlaliberacion.org\/crpmlm\/congreso-extraordinario-fuba-para-derrotar-a-macri-y-cambiemos\/\" rel=\"bookmark\" class=\"td-image-wrap \" title=\"Congreso extraordinario FUBA: Para derrotar a Macri y Cambiemos\" ><img loading=\"lazy\" decoding=\"async\" class=\"entry-thumb\" src=\"\" alt=\"\" title=\"Congreso extraordinario FUBA: Para derrotar a Macri y Cambiemos\" data-type=\"image_tag\" data-img-url=\"https:\/\/i0.wp.com\/vamosporlaliberacion.org\/crpmlm\/wp-content\/uploads\/2019\/06\/fuba.jpg?resize=150%2C150&ssl=1\"  width=\"150\" height=\"150\" \/><\/a><\/div>\n            <div class=\"item-details\">\n                <h3 class=\"entry-title td-module-title\"><a href=\"https:\/\/vamosporlaliberacion.org\/crpmlm\/congreso-extraordinario-fuba-para-derrotar-a-macri-y-cambiemos\/\" rel=\"bookmark\" title=\"Congreso extraordinario FUBA: Para derrotar a Macri y Cambiemos\">Congreso extraordinario FUBA: Para derrotar a Macri y Cambiemos<\/a><\/h3>\n                <div class=\"td-module-meta-info\">\n                                        <span class=\"td-post-author-name\"><a href=\"https:\/\/vamosporlaliberacion.org\/crpmlm\/author\/adminvxl\/\">vamos!<\/a> <span>-<\/span> <\/span>                    <span class=\"td-post-date\"><time class=\"entry-date updated td-module-date\" datetime=\"2019-06-11T15:37:47-03:00\" >11 junio, 2019<\/time><\/span>                    <span class=\"td-module-comments\"><a href=\"https:\/\/vamosporlaliberacion.org\/crpmlm\/congreso-extraordinario-fuba-para-derrotar-a-macri-y-cambiemos\/#respond\">0<\/a><\/span>                <\/div>\n\n                <div class=\"td-excerpt\">\n                    El jueves 23 de Mayo se realiz\u00f3 el plenario de cierre del Congreso Extraordinario de la FUBA. Participamos m\u00e1s de 700 estudiantes, que desbordamos...                <\/div>\n            <\/div>\n\n        <\/div>\n\n        \n        <div class=\"td_module_16 td_module_wrap td-animation-stack\">\n            <div class=\"td-module-thumb\"><a href=\"https:\/\/vamosporlaliberacion.org\/crpmlm\/deuda-externa-y-fuga-de-capitales\/\" rel=\"bookmark\" class=\"td-image-wrap \" title=\"Deuda externa y fuga de capitales\" ><img decoding=\"async\" class=\"entry-thumb\" src=\"\"alt=\"\" data-type=\"image_tag\" data-img-url=\"https:\/\/vamosporlaliberacion.org\/crpmlm\/wp-content\/plugins\/td-composer\/legacy\/Newspaper\/assets\/images\/no-thumb\/thumbnail.png\"  width=\"\" height=\"\" \/><\/a><\/div>\n            <div class=\"item-details\">\n                <h3 class=\"entry-title td-module-title\"><a href=\"https:\/\/vamosporlaliberacion.org\/crpmlm\/deuda-externa-y-fuga-de-capitales\/\" rel=\"bookmark\" title=\"Deuda externa y fuga de capitales\">Deuda externa y fuga de capitales<\/a><\/h3>\n                <div class=\"td-module-meta-info\">\n                                        <span class=\"td-post-author-name\"><a href=\"https:\/\/vamosporlaliberacion.org\/crpmlm\/author\/adminvxl\/\">vamos!<\/a> <span>-<\/span> <\/span>                    <span class=\"td-post-date\"><time class=\"entry-date updated td-module-date\" datetime=\"2019-06-11T15:35:00-03:00\" >11 junio, 2019<\/time><\/span>                    <span class=\"td-module-comments\"><a href=\"https:\/\/vamosporlaliberacion.org\/crpmlm\/deuda-externa-y-fuga-de-capitales\/#respond\">0<\/a><\/span>                <\/div>\n\n                <div class=\"td-excerpt\">\n                    Los d\u00f3lares que llegaron como parte del pacto de Macri con FMI ya no est\u00e1n m\u00e1s. Seg\u00fan un informe del Observatorio de la Deuda...                <\/div>\n            <\/div>\n\n        <\/div>\n\n        \n        <div class=\"td_module_16 td_module_wrap td-animation-stack\">\n            <div class=\"td-module-thumb\"><a href=\"https:\/\/vamosporlaliberacion.org\/crpmlm\/brasil-empieza-a-cambiar-el-viento\/\" rel=\"bookmark\" class=\"td-image-wrap \" title=\"Brasil: \u00bfempieza a cambiar el viento?\" ><img loading=\"lazy\" decoding=\"async\" class=\"entry-thumb\" src=\"\" alt=\"\" title=\"Brasil: \u00bfempieza a cambiar el viento?\" data-type=\"image_tag\" data-img-url=\"https:\/\/i0.wp.com\/vamosporlaliberacion.org\/crpmlm\/wp-content\/uploads\/2019\/06\/15592846161793.jpg?resize=150%2C150&ssl=1\"  width=\"150\" height=\"150\" \/><\/a><\/div>\n            <div class=\"item-details\">\n                <h3 class=\"entry-title td-module-title\"><a href=\"https:\/\/vamosporlaliberacion.org\/crpmlm\/brasil-empieza-a-cambiar-el-viento\/\" rel=\"bookmark\" title=\"Brasil: \u00bfempieza a cambiar el viento?\">Brasil: \u00bfempieza a cambiar el viento?<\/a><\/h3>\n                <div class=\"td-module-meta-info\">\n                                        <span class=\"td-post-author-name\"><a href=\"https:\/\/vamosporlaliberacion.org\/crpmlm\/author\/adminvxl\/\">vamos!<\/a> <span>-<\/span> <\/span>                    <span class=\"td-post-date\"><time class=\"entry-date updated td-module-date\" datetime=\"2019-06-11T15:31:10-03:00\" >11 junio, 2019<\/time><\/span>                    <span class=\"td-module-comments\"><a href=\"https:\/\/vamosporlaliberacion.org\/crpmlm\/brasil-empieza-a-cambiar-el-viento\/#respond\">0<\/a><\/span>                <\/div>\n\n                <div class=\"td-excerpt\">\n                    Jair Bolsonaro, el energ\u00fameno fascista que gobierna Brasil desde el pasado 1\u00ba de enero y que crey\u00f3 tener luz verde para imponer sus pol\u00edticas...                <\/div>\n            <\/div>\n\n        <\/div>\n\n        \n        <div class=\"td_module_16 td_module_wrap td-animation-stack\">\n            <div class=\"td-module-thumb\"><a href=\"https:\/\/vamosporlaliberacion.org\/crpmlm\/a-planificar-una-gran-colecta-financiera-de-masas\/\" rel=\"bookmark\" class=\"td-image-wrap \" title=\"A planificar una gran Colecta Financiera de masas\" ><img loading=\"lazy\" decoding=\"async\" class=\"entry-thumb\" src=\"\" alt=\"\" title=\"A planificar una gran Colecta Financiera de masas\" data-type=\"image_tag\" data-img-url=\"https:\/\/i0.wp.com\/vamosporlaliberacion.org\/crpmlm\/wp-content\/uploads\/2019\/06\/crpmlm1.jpeg?resize=150%2C150&ssl=1\"  width=\"150\" height=\"150\" \/><\/a><\/div>\n            <div class=\"item-details\">\n                <h3 class=\"entry-title td-module-title\"><a href=\"https:\/\/vamosporlaliberacion.org\/crpmlm\/a-planificar-una-gran-colecta-financiera-de-masas\/\" rel=\"bookmark\" title=\"A planificar una gran Colecta Financiera de masas\">A planificar una gran Colecta Financiera de masas<\/a><\/h3>\n                <div class=\"td-module-meta-info\">\n                                        <span class=\"td-post-author-name\"><a href=\"https:\/\/vamosporlaliberacion.org\/crpmlm\/author\/adminvxl\/\">vamos!<\/a> <span>-<\/span> <\/span>                    <span class=\"td-post-date\"><time class=\"entry-date updated td-module-date\" datetime=\"2019-06-11T15:29:16-03:00\" >11 junio, 2019<\/time><\/span>                    <span class=\"td-module-comments\"><a href=\"https:\/\/vamosporlaliberacion.org\/crpmlm\/a-planificar-una-gran-colecta-financiera-de-masas\/#respond\">0<\/a><\/span>                <\/div>\n\n                <div class=\"td-excerpt\">\n                    Desde el 20 de junio hasta fin de de julio realizaremos la colecta financiera en el marco del avance de la unidad opositora en...                <\/div>\n            <\/div>\n\n        <\/div>\n\n        \n        <div class=\"td_module_16 td_module_wrap td-animation-stack\">\n            <div class=\"td-module-thumb\"><a href=\"https:\/\/vamosporlaliberacion.org\/crpmlm\/colecta-de-la-juventud-en-caba\/\" rel=\"bookmark\" class=\"td-image-wrap \" title=\"Colecta de la Juventud en CABA\" ><img loading=\"lazy\" decoding=\"async\" class=\"entry-thumb\" src=\"\" alt=\"\" title=\"Colecta de la Juventud en CABA\" data-type=\"image_tag\" data-img-url=\"https:\/\/i0.wp.com\/vamosporlaliberacion.org\/crpmlm\/wp-content\/uploads\/2019\/06\/colecta-j-caba.jpg?resize=150%2C150&ssl=1\"  width=\"150\" height=\"150\" \/><\/a><\/div>\n            <div class=\"item-details\">\n                <h3 class=\"entry-title td-module-title\"><a href=\"https:\/\/vamosporlaliberacion.org\/crpmlm\/colecta-de-la-juventud-en-caba\/\" rel=\"bookmark\" title=\"Colecta de la Juventud en CABA\">Colecta de la Juventud en CABA<\/a><\/h3>\n                <div class=\"td-module-meta-info\">\n                                        <span class=\"td-post-author-name\"><a href=\"https:\/\/vamosporlaliberacion.org\/crpmlm\/author\/adminvxl\/\">vamos!<\/a> <span>-<\/span> <\/span>                    <span class=\"td-post-date\"><time class=\"entry-date updated td-module-date\" datetime=\"2019-06-11T15:27:47-03:00\" >11 junio, 2019<\/time><\/span>                    <span class=\"td-module-comments\"><a href=\"https:\/\/vamosporlaliberacion.org\/crpmlm\/colecta-de-la-juventud-en-caba\/#respond\">0<\/a><\/span>                <\/div>\n\n                <div class=\"td-excerpt\">\n                    El s\u00e1bado 1 de junio la juventud del Comunismo Revolucionario lanzo la campa\u00f1a financiera 2019 con una charla sobre violencia de g\u00e9nero en el...                <\/div>\n            <\/div>\n\n        <\/div>\n\n        \n        <div class=\"td_module_16 td_module_wrap td-animation-stack\">\n            <div class=\"td-module-thumb\"><a href=\"https:\/\/vamosporlaliberacion.org\/crpmlm\/25-de-mayo-locrazo-del-mp-liberacion-en-ampliar\/\" rel=\"bookmark\" class=\"td-image-wrap \" title=\"25 de Mayo: Locrazo del MP Liberaci\u00f3n en Ampliar!\" ><img loading=\"lazy\" decoding=\"async\" class=\"entry-thumb\" src=\"\" alt=\"\" title=\"25 de Mayo: Locrazo del MP Liberaci\u00f3n en Ampliar!\" data-type=\"image_tag\" data-img-url=\"https:\/\/i0.wp.com\/vamosporlaliberacion.org\/crpmlm\/wp-content\/uploads\/2019\/06\/locro-caba-25-mayo-mpl-ampliar.jpeg?resize=150%2C150&ssl=1\"  width=\"150\" height=\"150\" \/><\/a><\/div>\n            <div class=\"item-details\">\n                <h3 class=\"entry-title td-module-title\"><a href=\"https:\/\/vamosporlaliberacion.org\/crpmlm\/25-de-mayo-locrazo-del-mp-liberacion-en-ampliar\/\" rel=\"bookmark\" title=\"25 de Mayo: Locrazo del MP Liberaci\u00f3n en Ampliar!\">25 de Mayo: Locrazo del MP Liberaci\u00f3n en Ampliar!<\/a><\/h3>\n                <div class=\"td-module-meta-info\">\n                                        <span class=\"td-post-author-name\"><a href=\"https:\/\/vamosporlaliberacion.org\/crpmlm\/author\/adminvxl\/\">vamos!<\/a> <span>-<\/span> <\/span>                    <span class=\"td-post-date\"><time class=\"entry-date updated td-module-date\" datetime=\"2019-06-11T15:26:05-03:00\" >11 junio, 2019<\/time><\/span>                    <span class=\"td-module-comments\"><a href=\"https:\/\/vamosporlaliberacion.org\/crpmlm\/25-de-mayo-locrazo-del-mp-liberacion-en-ampliar\/#respond\">0<\/a><\/span>                <\/div>\n\n                <div class=\"td-excerpt\">\n                    El viernes 24 a la noche, como parte de las iniciativas de las fuerzas que integran Ampliar, el MPL-Caba organiz\u00f3 un locro en el...                <\/div>\n            <\/div>\n\n        <\/div>\n\n        \n        <div class=\"td_module_16 td_module_wrap td-animation-stack\">\n            <div class=\"td-module-thumb\"><a href=\"https:\/\/vamosporlaliberacion.org\/crpmlm\/horacio-catena-en-el-29m\/\" rel=\"bookmark\" class=\"td-image-wrap \" title=\"Horacio Catena en el 29M\" ><img loading=\"lazy\" decoding=\"async\" class=\"entry-thumb\" src=\"\" alt=\"\" title=\"Horacio Catena en el 29M\" data-type=\"image_tag\" data-img-url=\"https:\/\/i0.wp.com\/vamosporlaliberacion.org\/crpmlm\/wp-content\/uploads\/2019\/06\/lolo.jpg?resize=150%2C150&ssl=1\"  width=\"150\" height=\"150\" \/><span class=\"td-video-play-ico\"><i class=\"td-icon-video-thumb-play\"><\/i><\/span><\/a><\/div>\n            <div class=\"item-details\">\n                <h3 class=\"entry-title td-module-title\"><a href=\"https:\/\/vamosporlaliberacion.org\/crpmlm\/horacio-catena-en-el-29m\/\" rel=\"bookmark\" title=\"Horacio Catena en el 29M\">Horacio Catena en el 29M<\/a><\/h3>\n                <div class=\"td-module-meta-info\">\n                                        <span class=\"td-post-author-name\"><a href=\"https:\/\/vamosporlaliberacion.org\/crpmlm\/author\/adminvxl\/\">vamos!<\/a> <span>-<\/span> <\/span>                    <span class=\"td-post-date\"><time class=\"entry-date updated td-module-date\" datetime=\"2019-06-10T17:07:01-03:00\" >10 junio, 2019<\/time><\/span>                    <span class=\"td-module-comments\"><a href=\"https:\/\/vamosporlaliberacion.org\/crpmlm\/horacio-catena-en-el-29m\/#respond\">0<\/a><\/span>                <\/div>\n\n                <div class=\"td-excerpt\">\n                    \r\n\r\nHoracio Catena, secretario general del Sutef, CTA-A fueguina y secretario de organizaci\u00f3n de CTA-A, en el acto en Ushuaia el pasado 29 de mayo.                <\/div>\n            <\/div>\n\n        <\/div>\n\n        <\/div><\/div> <!-- .\/block --><div class=\"td_block_wrap td_block_21 tdi_28_696 td-pb-border-top td_block_template_1 td-column-2\"  data-td-block-uid=\"tdi_28_696\" >\n<style>\n.td_block_template_2.widget > ul > li,\n            .td_block_template_6.widget > ul > li,\n            .td_block_template_8.widget > ul > li,\n            .td_block_template_9.widget > ul > li,\n            .td_block_template_10.widget > ul > li,\n            .td_block_template_11.widget > ul > li,\n            .td_block_template_12.widget > ul > li,\n            .td_block_template_13.widget > ul > li,\n            .td_block_template_14.widget > ul > li,\n            .td_block_template_15.widget > ul > li,\n            .td_block_template_16.widget > ul > li,\n            .td_block_template_17.widget > ul > li {\n                margin-left: 0 !important;\n            }\n            .global-block-template-12 .td-comments-title span,\n            .global-block-template-13 .td-comments-title span {\n                margin-left: 0 !important;\n                font-size: 20px;\n            }\n            @media (max-width: 767px) {\n                .global-block-template-12 .td-comments-title span,\n                .global-block-template-13 .td-comments-title span {\n                    font-size: 15px;\n                }\n            }\n            .td-block-title-wrap .td-wrapper-pulldown-filter {\n                font-family: 'Roboto', sans-serif;\n                position: absolute;\n                bottom: 0;\n                right: 0;\n                top: 0;\n                margin: auto 0;\n                z-index: 2;\n                background-color: #fff;\n                font-size: 13px;\n                line-height: 1;\n                color: #777;\n                text-align: right;\n            }\n            .td-block-title-wrap .td-wrapper-pulldown-filter .td-pulldown-filter-display-option {\n                cursor: pointer;\n                white-space: nowrap;\n                position: relative;\n                line-height: 29px;\n            }\n            .td-block-title-wrap .td-wrapper-pulldown-filter .td-pulldown-filter-display-option i {\n                font-size: 9px;\n                color: #777;\n                margin-left: 20px;\n                margin-right: 10px;\n            }\n            .td-block-title-wrap .td-wrapper-pulldown-filter .td-pulldown-filter-display-option i:before {\n                content: '\\e83d';\n            }\n            .td-block-title-wrap .td-wrapper-pulldown-filter .td-pulldown-filter-display-option span {\n                padding-left: 20px;\n                margin-right: -14px;\n            }\n            @media (max-width: 360px) {\n                .td-block-title-wrap .td-wrapper-pulldown-filter .td-pulldown-filter-display-option span {\n                    display: none;\n                }\n            }\n            .td-block-title-wrap .td-wrapper-pulldown-filter .td-pulldown-filter-display-option:hover {\n                color: #4db2ec;\n            }\n            .td-block-title-wrap .td-wrapper-pulldown-filter .td-pulldown-filter-display-option:hover i {\n                color: #4db2ec;\n            }\n            .td-block-title-wrap .td-wrapper-pulldown-filter .td-pulldown-filter-display-option:hover ul {\n                display: block;\n            }\n            .td-block-title-wrap .td-wrapper-pulldown-filter .td-pulldown-filter-list {\n                list-style: none;\n                position: absolute;\n                right: 0;\n                top: 100%;\n                padding: 18px 0;\n                background-color: rgb(255, 255, 255);\n                background-color: rgba(255, 255, 255, 0.95);\n                z-index: 999;\n                border-width: 1px;\n                border-color: #ededed;\n                border-style: solid;\n                display: none;\n                margin: 0;\n            }\n            .td-block-title-wrap .td-wrapper-pulldown-filter .td-pulldown-filter-item {\n                list-style: none;\n                margin: 0;\n            }\n            .td-block-title-wrap .td-wrapper-pulldown-filter .td-pulldown-filter-item .td-cur-simple-item {\n                color: #4db2ec;\n            }\n            .td-block-title-wrap .td-wrapper-pulldown-filter .td-pulldown-more {\n                padding-bottom: 10px;\n            }\n            .td-block-title-wrap .td-wrapper-pulldown-filter .td-pulldown-more:before {\n                content: '';\n                width: 70px;\n                height: 100%;\n                position: absolute;\n                margin-top: 2px;\n                top: 0;\n                right: 0;\n                z-index: 1;\n                opacity: 0;\n            }\n            .td-block-title-wrap .td-wrapper-pulldown-filter .td-pulldown-filter-link {\n                color: #777;\n                white-space: nowrap;\n                display: block;\n                line-height: 26px;\n                padding-left: 36px;\n                padding-right: 27px;\n            }\n            .td-block-title-wrap .td-wrapper-pulldown-filter .td-pulldown-filter-link:hover {\n                color: #4db2ec;\n            }\n            @media (min-width: 768px) and (max-width: 1018px) {\n                .td-pb-span4 .td-block-title-wrap .td-wrapper-pulldown-filter .td-pulldown-filter-display-option span {\n                    display: none;\n                }\n                .td-pb-span4 .td-block-title-wrap .td-wrapper-pulldown-filter .td-pulldown-filter-link {\n                    padding-left: 24px;\n                    padding-right: 20px !important;\n                }\n            }\n            @-moz-document url-prefix() {\n                .td-pulldown-syle-default .td-subcat-more,\n                .td-pulldown-syle-default .td-subcat-list {\n                    position: relative;\n                    top: -1px;\n                }\n            }\n            .td-pulldown-syle-2 {\n                top: 0;\n            }\n            .td-pulldown-syle-2 .td-subcat-dropdown ul {\n                padding: 20px 0;\n                margin-top: 0;\n            }\n            .td-pulldown-syle-2 .td-subcat-dropdown ul:after {\n                content: '';\n                position: absolute;\n                width: calc(100% + 2px);\n                height: 3px;\n                top: 0;\n                left: -1px;\n                background-color: #4db2ec;\n            }\n            .td-pulldown-syle-2 .td-subcat-dropdown a {\n                padding-left: 40px;\n                padding-right: 31px;\n            }\n            .td-pulldown-syle-2 .td-subcat-dropdown:hover .td-subcat-more {\n                background-color: transparent !important;\n            }\n            .td-pulldown-syle-2 .td-subcat-dropdown:hover .td-subcat-more span,\n            .td-pulldown-syle-2 .td-subcat-dropdown:hover .td-subcat-more i {\n                color: #4db2ec;\n            }\n            .td-pulldown-syle-2 .td-subcat-dropdown .td-subcat-more {\n                margin-left: 9px;\n                margin-bottom: 8px; \/\/ this align the dropdown list\n            }\n            .td-pulldown-syle-2 .td-subcat-list .td-subcat-item {\n                margin-left: 24px;\n            }\n            .td-pulldown-syle-3 {\n                top: 0;\n            }\n            .td-pulldown-syle-3 .td-subcat-dropdown ul {\n                padding: 15px 0;\n                margin-top: -1px;\n                border-width: 1px;\n            }\n            .td-pulldown-syle-3 .td-subcat-dropdown a {\n                padding-left: 40px;\n                padding-right: 31px;\n            }\n            .td-pulldown-syle-3 .td-subcat-dropdown &:hover .td-subcat-more {\n                background-color: transparent !important;\n            }\n            .td-pulldown-syle-3 .td-subcat-dropdown &:hover .td-subcat-more span,\n            .td-pulldown-syle-3 .td-subcat-dropdown &:hover .td-subcat-more i {\n                color: #4db2ec;\n            }\n            .td-pulldown-syle-3 .td-subcat-dropdown .td-subcat-more {\n                margin-left: 9px;\n                margin-bottom: 8px; \/\/ this align the dropdown list\n            }\n            .td-pulldown-syle-3 .td-subcat-list .td-subcat-item {\n                margin-left: 24px;\n            }\n            \n            \n\n            \n            .td-theme-wrap .tdi_28_696 .td-pulldown-filter-link:hover,\n            .td-theme-wrap .tdi_28_696 .td-subcat-item a:hover,\n            .td-theme-wrap .tdi_28_696 .td-subcat-item .td-cur-simple-item {\n                color: #dd3333;\n            }\n\n            .td-theme-wrap .tdi_28_696 .block-title > *,\n            .td-theme-wrap .tdi_28_696 .td-subcat-dropdown:hover .td-subcat-more {\n                background-color: #dd3333;\n            }\n            .td-theme-wrap .td-footer-wrapper .tdi_28_696 .block-title > * {\n                padding: 6px 7px 5px;\n                line-height: 1;\n            }\n\n            .td-theme-wrap .tdi_28_696 .block-title {\n                border-color: #dd3333;\n            }\n\n            \n            .td-theme-wrap .tdi_28_696 .td_module_wrap:hover .entry-title a,\n            .td-theme-wrap .tdi_28_696 .td_quote_on_blocks,\n            .td-theme-wrap .tdi_28_696 .td-opacity-cat .td-post-category:hover,\n            .td-theme-wrap .tdi_28_696 .td-opacity-read .td-read-more a:hover,\n            .td-theme-wrap .tdi_28_696 .td-opacity-author .td-post-author-name a:hover,\n            .td-theme-wrap .tdi_28_696 .td-instagram-user a {\n                color: #dd3333;\n            }\n\n            .td-theme-wrap .tdi_28_696 .td-next-prev-wrap a:hover,\n            .td-theme-wrap .tdi_28_696 .td-load-more-wrap a:hover {\n                background-color: #dd3333;\n                border-color: #dd3333;\n            }\n\n            .td-theme-wrap .tdi_28_696 .td-read-more a,\n            .td-theme-wrap .tdi_28_696 .td-weather-information:before,\n            .td-theme-wrap .tdi_28_696 .td-weather-week:before,\n            .td-theme-wrap .tdi_28_696 .td-exchange-header:before,\n            .td-theme-wrap .td-footer-wrapper .tdi_28_696 .td-post-category,\n            .td-theme-wrap .tdi_28_696 .td-post-category:hover {\n                background-color: #dd3333;\n            }\n<\/style><script>var block_tdi_28_696 = new tdBlock();\nblock_tdi_28_696.id = \"tdi_28_696\";\nblock_tdi_28_696.atts = '{\"custom_title\":\"Cultura\",\"header_color\":\"#dd3333\",\"category_id\":\"3\",\"tag_slug\":\"vxl 142\",\"limit\":\"10\",\"td_filter_default_txt\":\"Todo\",\"block_type\":\"td_block_21\",\"separator\":\"\",\"custom_url\":\"\",\"block_template_id\":\"\",\"m16_tl\":\"\",\"m16_el\":\"\",\"post_ids\":\"\",\"category_ids\":\"\",\"autors_id\":\"\",\"installed_post_types\":\"\",\"sort\":\"\",\"offset\":\"\",\"show_modified_date\":\"\",\"el_class\":\"\",\"td_ajax_filter_type\":\"\",\"td_ajax_filter_ids\":\"\",\"td_ajax_preloading\":\"\",\"f_header_font_header\":\"\",\"f_header_font_title\":\"Block header\",\"f_header_font_settings\":\"\",\"f_header_font_family\":\"\",\"f_header_font_size\":\"\",\"f_header_font_line_height\":\"\",\"f_header_font_style\":\"\",\"f_header_font_weight\":\"\",\"f_header_font_transform\":\"\",\"f_header_font_spacing\":\"\",\"f_header_\":\"\",\"f_ajax_font_title\":\"Ajax categories\",\"f_ajax_font_settings\":\"\",\"f_ajax_font_family\":\"\",\"f_ajax_font_size\":\"\",\"f_ajax_font_line_height\":\"\",\"f_ajax_font_style\":\"\",\"f_ajax_font_weight\":\"\",\"f_ajax_font_transform\":\"\",\"f_ajax_font_spacing\":\"\",\"f_ajax_\":\"\",\"f_more_font_title\":\"Load more button\",\"f_more_font_settings\":\"\",\"f_more_font_family\":\"\",\"f_more_font_size\":\"\",\"f_more_font_line_height\":\"\",\"f_more_font_style\":\"\",\"f_more_font_weight\":\"\",\"f_more_font_transform\":\"\",\"f_more_font_spacing\":\"\",\"f_more_\":\"\",\"m16f_title_font_header\":\"\",\"m16f_title_font_title\":\"Article title\",\"m16f_title_font_settings\":\"\",\"m16f_title_font_family\":\"\",\"m16f_title_font_size\":\"\",\"m16f_title_font_line_height\":\"\",\"m16f_title_font_style\":\"\",\"m16f_title_font_weight\":\"\",\"m16f_title_font_transform\":\"\",\"m16f_title_font_spacing\":\"\",\"m16f_title_\":\"\",\"m16f_cat_font_title\":\"Article category tag\",\"m16f_cat_font_settings\":\"\",\"m16f_cat_font_family\":\"\",\"m16f_cat_font_size\":\"\",\"m16f_cat_font_line_height\":\"\",\"m16f_cat_font_style\":\"\",\"m16f_cat_font_weight\":\"\",\"m16f_cat_font_transform\":\"\",\"m16f_cat_font_spacing\":\"\",\"m16f_cat_\":\"\",\"m16f_meta_font_title\":\"Article meta info\",\"m16f_meta_font_settings\":\"\",\"m16f_meta_font_family\":\"\",\"m16f_meta_font_size\":\"\",\"m16f_meta_font_line_height\":\"\",\"m16f_meta_font_style\":\"\",\"m16f_meta_font_weight\":\"\",\"m16f_meta_font_transform\":\"\",\"m16f_meta_font_spacing\":\"\",\"m16f_meta_\":\"\",\"m16f_ex_font_title\":\"Article excerpt\",\"m16f_ex_font_settings\":\"\",\"m16f_ex_font_family\":\"\",\"m16f_ex_font_size\":\"\",\"m16f_ex_font_line_height\":\"\",\"m16f_ex_font_style\":\"\",\"m16f_ex_font_weight\":\"\",\"m16f_ex_font_transform\":\"\",\"m16f_ex_font_spacing\":\"\",\"m16f_ex_\":\"\",\"ajax_pagination\":\"\",\"ajax_pagination_infinite_stop\":\"\",\"css\":\"\",\"tdc_css\":\"\",\"td_column_number\":2,\"color_preset\":\"\",\"border_top\":\"\",\"class\":\"tdi_28_696\",\"tdc_css_class\":\"tdi_28_696\",\"tdc_css_class_style\":\"tdi_28_696_rand_style\"}';\nblock_tdi_28_696.td_column_number = \"2\";\nblock_tdi_28_696.block_type = \"td_block_21\";\nblock_tdi_28_696.post_count = \"10\";\nblock_tdi_28_696.found_posts = \"29\";\nblock_tdi_28_696.header_color = \"#dd3333\";\nblock_tdi_28_696.ajax_pagination_infinite_stop = \"\";\nblock_tdi_28_696.max_num_pages = \"3\";\ntdBlocksArray.push(block_tdi_28_696);\n<\/script><div class=\"td-block-title-wrap\"><h4 class=\"block-title td-block-title\"><span class=\"td-pulldown-size\">Cultura<\/span><\/h4><\/div><div id=tdi_28_696 class=\"td_block_inner\">\n        <div class=\"td_module_16 td_module_wrap td-animation-stack\">\n            <div class=\"td-module-thumb\"><a href=\"https:\/\/vamosporlaliberacion.org\/crpmlm\/subte-eleccion-de-delegados\/\" rel=\"bookmark\" class=\"td-image-wrap \" title=\"Subte: Elecci\u00f3n de delegados\" ><img loading=\"lazy\" decoding=\"async\" class=\"entry-thumb\" src=\"\" alt=\"\" title=\"Subte: Elecci\u00f3n de delegados\" data-type=\"image_tag\" data-img-url=\"https:\/\/i0.wp.com\/vamosporlaliberacion.org\/crpmlm\/wp-content\/uploads\/2019\/06\/subte.jpg?resize=150%2C150&ssl=1\"  width=\"150\" height=\"150\" \/><\/a><\/div>\n            <div class=\"item-details\">\n                <h3 class=\"entry-title td-module-title\"><a href=\"https:\/\/vamosporlaliberacion.org\/crpmlm\/subte-eleccion-de-delegados\/\" rel=\"bookmark\" title=\"Subte: Elecci\u00f3n de delegados\">Subte: Elecci\u00f3n de delegados<\/a><\/h3>\n                <div class=\"td-module-meta-info\">\n                                        <span class=\"td-post-author-name\"><a href=\"https:\/\/vamosporlaliberacion.org\/crpmlm\/author\/adminvxl\/\">vamos!<\/a> <span>-<\/span> <\/span>                    <span class=\"td-post-date\"><time class=\"entry-date updated td-module-date\" datetime=\"2019-06-11T15:47:12-03:00\" >11 junio, 2019<\/time><\/span>                    <span class=\"td-module-comments\"><a href=\"https:\/\/vamosporlaliberacion.org\/crpmlm\/subte-eleccion-de-delegados\/#respond\">0<\/a><\/span>                <\/div>\n\n                <div class=\"td-excerpt\">\n                    El martes 28\/5 finalizaron las elecciones de delegados de la AGTSyP mandato 2019-2021, en las que participaron alrededor de 2000 compa\u00f1eros de todas las...                <\/div>\n            <\/div>\n\n        <\/div>\n\n        \n        <div class=\"td_module_16 td_module_wrap td-animation-stack\">\n            <div class=\"td-module-thumb\"><a href=\"https:\/\/vamosporlaliberacion.org\/crpmlm\/foro-de-jovenes-por-la-unidad-en-caba\/\" rel=\"bookmark\" class=\"td-image-wrap \" title=\"Foro de J\u00f3venes por la unidad en CABA\" ><img loading=\"lazy\" decoding=\"async\" class=\"entry-thumb\" src=\"\" alt=\"\" title=\"Foro de J\u00f3venes por la unidad en CABA\" data-type=\"image_tag\" data-img-url=\"https:\/\/i0.wp.com\/vamosporlaliberacion.org\/crpmlm\/wp-content\/uploads\/2019\/06\/foro-cbazo2.jpg?resize=150%2C150&ssl=1\"  width=\"150\" height=\"150\" \/><\/a><\/div>\n            <div class=\"item-details\">\n                <h3 class=\"entry-title td-module-title\"><a href=\"https:\/\/vamosporlaliberacion.org\/crpmlm\/foro-de-jovenes-por-la-unidad-en-caba\/\" rel=\"bookmark\" title=\"Foro de J\u00f3venes por la unidad en CABA\">Foro de J\u00f3venes por la unidad en CABA<\/a><\/h3>\n                <div class=\"td-module-meta-info\">\n                                        <span class=\"td-post-author-name\"><a href=\"https:\/\/vamosporlaliberacion.org\/crpmlm\/author\/adminvxl\/\">vamos!<\/a> <span>-<\/span> <\/span>                    <span class=\"td-post-date\"><time class=\"entry-date updated td-module-date\" datetime=\"2019-06-11T15:45:29-03:00\" >11 junio, 2019<\/time><\/span>                    <span class=\"td-module-comments\"><a href=\"https:\/\/vamosporlaliberacion.org\/crpmlm\/foro-de-jovenes-por-la-unidad-en-caba\/#respond\">0<\/a><\/span>                <\/div>\n\n                <div class=\"td-excerpt\">\n                    El s\u00e1bado 1\u00ba de junio se realiz\u00f3 en la Facultad de Medicina de la UBA el encuentro de \u201cJ\u00f3venes por la Unidad a 50...                <\/div>\n            <\/div>\n\n        <\/div>\n\n        \n        <div class=\"td_module_16 td_module_wrap td-animation-stack\">\n            <div class=\"td-module-thumb\"><a href=\"https:\/\/vamosporlaliberacion.org\/crpmlm\/de-chocobar-a-la-masacre-de-san-miguel\/\" rel=\"bookmark\" class=\"td-image-wrap \" title=\"De Chocobar a la masacre de San Miguel\" ><img loading=\"lazy\" decoding=\"async\" class=\"entry-thumb\" src=\"\" alt=\"\" title=\"De Chocobar a la masacre de San Miguel\" data-type=\"image_tag\" data-img-url=\"https:\/\/i0.wp.com\/vamosporlaliberacion.org\/crpmlm\/wp-content\/uploads\/2019\/06\/monte20190526-710462.jpg?resize=150%2C150&ssl=1\"  width=\"150\" height=\"150\" \/><\/a><\/div>\n            <div class=\"item-details\">\n                <h3 class=\"entry-title td-module-title\"><a href=\"https:\/\/vamosporlaliberacion.org\/crpmlm\/de-chocobar-a-la-masacre-de-san-miguel\/\" rel=\"bookmark\" title=\"De Chocobar a la masacre de San Miguel\">De Chocobar a la masacre de San Miguel<\/a><\/h3>\n                <div class=\"td-module-meta-info\">\n                                        <span class=\"td-post-author-name\"><a href=\"https:\/\/vamosporlaliberacion.org\/crpmlm\/author\/adminvxl\/\">vamos!<\/a> <span>-<\/span> <\/span>                    <span class=\"td-post-date\"><time class=\"entry-date updated td-module-date\" datetime=\"2019-06-11T15:40:11-03:00\" >11 junio, 2019<\/time><\/span>                    <span class=\"td-module-comments\"><a href=\"https:\/\/vamosporlaliberacion.org\/crpmlm\/de-chocobar-a-la-masacre-de-san-miguel\/#respond\">0<\/a><\/span>                <\/div>\n\n                <div class=\"td-excerpt\">\n                    Gonzalo Dom\u00ednguez (14 a\u00f1os), Camila L\u00f3pez (13), Danilo Sansone (13) y An\u00edbal Su\u00e1rez (22). Los cuatro murieron escapando de la balacera policial, al estrellarse...                <\/div>\n            <\/div>\n\n        <\/div>\n\n        \n        <div class=\"td_module_16 td_module_wrap td-animation-stack\">\n            <div class=\"td-module-thumb\"><a href=\"https:\/\/vamosporlaliberacion.org\/crpmlm\/congreso-extraordinario-fuba-para-derrotar-a-macri-y-cambiemos\/\" rel=\"bookmark\" class=\"td-image-wrap \" title=\"Congreso extraordinario FUBA: Para derrotar a Macri y Cambiemos\" ><img loading=\"lazy\" decoding=\"async\" class=\"entry-thumb\" src=\"\" alt=\"\" title=\"Congreso extraordinario FUBA: Para derrotar a Macri y Cambiemos\" data-type=\"image_tag\" data-img-url=\"https:\/\/i0.wp.com\/vamosporlaliberacion.org\/crpmlm\/wp-content\/uploads\/2019\/06\/fuba.jpg?resize=150%2C150&ssl=1\"  width=\"150\" height=\"150\" \/><\/a><\/div>\n            <div class=\"item-details\">\n                <h3 class=\"entry-title td-module-title\"><a href=\"https:\/\/vamosporlaliberacion.org\/crpmlm\/congreso-extraordinario-fuba-para-derrotar-a-macri-y-cambiemos\/\" rel=\"bookmark\" title=\"Congreso extraordinario FUBA: Para derrotar a Macri y Cambiemos\">Congreso extraordinario FUBA: Para derrotar a Macri y Cambiemos<\/a><\/h3>\n                <div class=\"td-module-meta-info\">\n                                        <span class=\"td-post-author-name\"><a href=\"https:\/\/vamosporlaliberacion.org\/crpmlm\/author\/adminvxl\/\">vamos!<\/a> <span>-<\/span> <\/span>                    <span class=\"td-post-date\"><time class=\"entry-date updated td-module-date\" datetime=\"2019-06-11T15:37:47-03:00\" >11 junio, 2019<\/time><\/span>                    <span class=\"td-module-comments\"><a href=\"https:\/\/vamosporlaliberacion.org\/crpmlm\/congreso-extraordinario-fuba-para-derrotar-a-macri-y-cambiemos\/#respond\">0<\/a><\/span>                <\/div>\n\n                <div class=\"td-excerpt\">\n                    El jueves 23 de Mayo se realiz\u00f3 el plenario de cierre del Congreso Extraordinario de la FUBA. Participamos m\u00e1s de 700 estudiantes, que desbordamos...                <\/div>\n            <\/div>\n\n        <\/div>\n\n        \n        <div class=\"td_module_16 td_module_wrap td-animation-stack\">\n            <div class=\"td-module-thumb\"><a href=\"https:\/\/vamosporlaliberacion.org\/crpmlm\/deuda-externa-y-fuga-de-capitales\/\" rel=\"bookmark\" class=\"td-image-wrap \" title=\"Deuda externa y fuga de capitales\" ><img decoding=\"async\" class=\"entry-thumb\" src=\"\"alt=\"\" data-type=\"image_tag\" data-img-url=\"https:\/\/vamosporlaliberacion.org\/crpmlm\/wp-content\/plugins\/td-composer\/legacy\/Newspaper\/assets\/images\/no-thumb\/thumbnail.png\"  width=\"\" height=\"\" \/><\/a><\/div>\n            <div class=\"item-details\">\n                <h3 class=\"entry-title td-module-title\"><a href=\"https:\/\/vamosporlaliberacion.org\/crpmlm\/deuda-externa-y-fuga-de-capitales\/\" rel=\"bookmark\" title=\"Deuda externa y fuga de capitales\">Deuda externa y fuga de capitales<\/a><\/h3>\n                <div class=\"td-module-meta-info\">\n                                        <span class=\"td-post-author-name\"><a href=\"https:\/\/vamosporlaliberacion.org\/crpmlm\/author\/adminvxl\/\">vamos!<\/a> <span>-<\/span> <\/span>                    <span class=\"td-post-date\"><time class=\"entry-date updated td-module-date\" datetime=\"2019-06-11T15:35:00-03:00\" >11 junio, 2019<\/time><\/span>                    <span class=\"td-module-comments\"><a href=\"https:\/\/vamosporlaliberacion.org\/crpmlm\/deuda-externa-y-fuga-de-capitales\/#respond\">0<\/a><\/span>                <\/div>\n\n                <div class=\"td-excerpt\">\n                    Los d\u00f3lares que llegaron como parte del pacto de Macri con FMI ya no est\u00e1n m\u00e1s. Seg\u00fan un informe del Observatorio de la Deuda...                <\/div>\n            <\/div>\n\n        <\/div>\n\n        \n        <div class=\"td_module_16 td_module_wrap td-animation-stack\">\n            <div class=\"td-module-thumb\"><a href=\"https:\/\/vamosporlaliberacion.org\/crpmlm\/brasil-empieza-a-cambiar-el-viento\/\" rel=\"bookmark\" class=\"td-image-wrap \" title=\"Brasil: \u00bfempieza a cambiar el viento?\" ><img loading=\"lazy\" decoding=\"async\" class=\"entry-thumb\" src=\"\" alt=\"\" title=\"Brasil: \u00bfempieza a cambiar el viento?\" data-type=\"image_tag\" data-img-url=\"https:\/\/i0.wp.com\/vamosporlaliberacion.org\/crpmlm\/wp-content\/uploads\/2019\/06\/15592846161793.jpg?resize=150%2C150&ssl=1\"  width=\"150\" height=\"150\" \/><\/a><\/div>\n            <div class=\"item-details\">\n                <h3 class=\"entry-title td-module-title\"><a href=\"https:\/\/vamosporlaliberacion.org\/crpmlm\/brasil-empieza-a-cambiar-el-viento\/\" rel=\"bookmark\" title=\"Brasil: \u00bfempieza a cambiar el viento?\">Brasil: \u00bfempieza a cambiar el viento?<\/a><\/h3>\n                <div class=\"td-module-meta-info\">\n                                        <span class=\"td-post-author-name\"><a href=\"https:\/\/vamosporlaliberacion.org\/crpmlm\/author\/adminvxl\/\">vamos!<\/a> <span>-<\/span> <\/span>                    <span class=\"td-post-date\"><time class=\"entry-date updated td-module-date\" datetime=\"2019-06-11T15:31:10-03:00\" >11 junio, 2019<\/time><\/span>                    <span class=\"td-module-comments\"><a href=\"https:\/\/vamosporlaliberacion.org\/crpmlm\/brasil-empieza-a-cambiar-el-viento\/#respond\">0<\/a><\/span>                <\/div>\n\n                <div class=\"td-excerpt\">\n                    Jair Bolsonaro, el energ\u00fameno fascista que gobierna Brasil desde el pasado 1\u00ba de enero y que crey\u00f3 tener luz verde para imponer sus pol\u00edticas...                <\/div>\n            <\/div>\n\n        <\/div>\n\n        \n        <div class=\"td_module_16 td_module_wrap td-animation-stack\">\n            <div class=\"td-module-thumb\"><a href=\"https:\/\/vamosporlaliberacion.org\/crpmlm\/a-planificar-una-gran-colecta-financiera-de-masas\/\" rel=\"bookmark\" class=\"td-image-wrap \" title=\"A planificar una gran Colecta Financiera de masas\" ><img loading=\"lazy\" decoding=\"async\" class=\"entry-thumb\" src=\"\" alt=\"\" title=\"A planificar una gran Colecta Financiera de masas\" data-type=\"image_tag\" data-img-url=\"https:\/\/i0.wp.com\/vamosporlaliberacion.org\/crpmlm\/wp-content\/uploads\/2019\/06\/crpmlm1.jpeg?resize=150%2C150&ssl=1\"  width=\"150\" height=\"150\" \/><\/a><\/div>\n            <div class=\"item-details\">\n                <h3 class=\"entry-title td-module-title\"><a href=\"https:\/\/vamosporlaliberacion.org\/crpmlm\/a-planificar-una-gran-colecta-financiera-de-masas\/\" rel=\"bookmark\" title=\"A planificar una gran Colecta Financiera de masas\">A planificar una gran Colecta Financiera de masas<\/a><\/h3>\n                <div class=\"td-module-meta-info\">\n                                        <span class=\"td-post-author-name\"><a href=\"https:\/\/vamosporlaliberacion.org\/crpmlm\/author\/adminvxl\/\">vamos!<\/a> <span>-<\/span> <\/span>                    <span class=\"td-post-date\"><time class=\"entry-date updated td-module-date\" datetime=\"2019-06-11T15:29:16-03:00\" >11 junio, 2019<\/time><\/span>                    <span class=\"td-module-comments\"><a href=\"https:\/\/vamosporlaliberacion.org\/crpmlm\/a-planificar-una-gran-colecta-financiera-de-masas\/#respond\">0<\/a><\/span>                <\/div>\n\n                <div class=\"td-excerpt\">\n                    Desde el 20 de junio hasta fin de de julio realizaremos la colecta financiera en el marco del avance de la unidad opositora en...                <\/div>\n            <\/div>\n\n        <\/div>\n\n        \n        <div class=\"td_module_16 td_module_wrap td-animation-stack\">\n            <div class=\"td-module-thumb\"><a href=\"https:\/\/vamosporlaliberacion.org\/crpmlm\/colecta-de-la-juventud-en-caba\/\" rel=\"bookmark\" class=\"td-image-wrap \" title=\"Colecta de la Juventud en CABA\" ><img loading=\"lazy\" decoding=\"async\" class=\"entry-thumb\" src=\"\" alt=\"\" title=\"Colecta de la Juventud en CABA\" data-type=\"image_tag\" data-img-url=\"https:\/\/i0.wp.com\/vamosporlaliberacion.org\/crpmlm\/wp-content\/uploads\/2019\/06\/colecta-j-caba.jpg?resize=150%2C150&ssl=1\"  width=\"150\" height=\"150\" \/><\/a><\/div>\n            <div class=\"item-details\">\n                <h3 class=\"entry-title td-module-title\"><a href=\"https:\/\/vamosporlaliberacion.org\/crpmlm\/colecta-de-la-juventud-en-caba\/\" rel=\"bookmark\" title=\"Colecta de la Juventud en CABA\">Colecta de la Juventud en CABA<\/a><\/h3>\n                <div class=\"td-module-meta-info\">\n                                        <span class=\"td-post-author-name\"><a href=\"https:\/\/vamosporlaliberacion.org\/crpmlm\/author\/adminvxl\/\">vamos!<\/a> <span>-<\/span> <\/span>                    <span class=\"td-post-date\"><time class=\"entry-date updated td-module-date\" datetime=\"2019-06-11T15:27:47-03:00\" >11 junio, 2019<\/time><\/span>                    <span class=\"td-module-comments\"><a href=\"https:\/\/vamosporlaliberacion.org\/crpmlm\/colecta-de-la-juventud-en-caba\/#respond\">0<\/a><\/span>                <\/div>\n\n                <div class=\"td-excerpt\">\n                    El s\u00e1bado 1 de junio la juventud del Comunismo Revolucionario lanzo la campa\u00f1a financiera 2019 con una charla sobre violencia de g\u00e9nero en el...                <\/div>\n            <\/div>\n\n        <\/div>\n\n        \n        <div class=\"td_module_16 td_module_wrap td-animation-stack\">\n            <div class=\"td-module-thumb\"><a href=\"https:\/\/vamosporlaliberacion.org\/crpmlm\/25-de-mayo-locrazo-del-mp-liberacion-en-ampliar\/\" rel=\"bookmark\" class=\"td-image-wrap \" title=\"25 de Mayo: Locrazo del MP Liberaci\u00f3n en Ampliar!\" ><img loading=\"lazy\" decoding=\"async\" class=\"entry-thumb\" src=\"\" alt=\"\" title=\"25 de Mayo: Locrazo del MP Liberaci\u00f3n en Ampliar!\" data-type=\"image_tag\" data-img-url=\"https:\/\/i0.wp.com\/vamosporlaliberacion.org\/crpmlm\/wp-content\/uploads\/2019\/06\/locro-caba-25-mayo-mpl-ampliar.jpeg?resize=150%2C150&ssl=1\"  width=\"150\" height=\"150\" \/><\/a><\/div>\n            <div class=\"item-details\">\n                <h3 class=\"entry-title td-module-title\"><a href=\"https:\/\/vamosporlaliberacion.org\/crpmlm\/25-de-mayo-locrazo-del-mp-liberacion-en-ampliar\/\" rel=\"bookmark\" title=\"25 de Mayo: Locrazo del MP Liberaci\u00f3n en Ampliar!\">25 de Mayo: Locrazo del MP Liberaci\u00f3n en Ampliar!<\/a><\/h3>\n                <div class=\"td-module-meta-info\">\n                                        <span class=\"td-post-author-name\"><a href=\"https:\/\/vamosporlaliberacion.org\/crpmlm\/author\/adminvxl\/\">vamos!<\/a> <span>-<\/span> <\/span>                    <span class=\"td-post-date\"><time class=\"entry-date updated td-module-date\" datetime=\"2019-06-11T15:26:05-03:00\" >11 junio, 2019<\/time><\/span>                    <span class=\"td-module-comments\"><a href=\"https:\/\/vamosporlaliberacion.org\/crpmlm\/25-de-mayo-locrazo-del-mp-liberacion-en-ampliar\/#respond\">0<\/a><\/span>                <\/div>\n\n                <div class=\"td-excerpt\">\n                    El viernes 24 a la noche, como parte de las iniciativas de las fuerzas que integran Ampliar, el MPL-Caba organiz\u00f3 un locro en el...                <\/div>\n            <\/div>\n\n        <\/div>\n\n        \n        <div class=\"td_module_16 td_module_wrap td-animation-stack\">\n            <div class=\"td-module-thumb\"><a href=\"https:\/\/vamosporlaliberacion.org\/crpmlm\/horacio-catena-en-el-29m\/\" rel=\"bookmark\" class=\"td-image-wrap \" title=\"Horacio Catena en el 29M\" ><img loading=\"lazy\" decoding=\"async\" class=\"entry-thumb\" src=\"\" alt=\"\" title=\"Horacio Catena en el 29M\" data-type=\"image_tag\" data-img-url=\"https:\/\/i0.wp.com\/vamosporlaliberacion.org\/crpmlm\/wp-content\/uploads\/2019\/06\/lolo.jpg?resize=150%2C150&ssl=1\"  width=\"150\" height=\"150\" \/><span class=\"td-video-play-ico\"><i class=\"td-icon-video-thumb-play\"><\/i><\/span><\/a><\/div>\n            <div class=\"item-details\">\n                <h3 class=\"entry-title td-module-title\"><a href=\"https:\/\/vamosporlaliberacion.org\/crpmlm\/horacio-catena-en-el-29m\/\" rel=\"bookmark\" title=\"Horacio Catena en el 29M\">Horacio Catena en el 29M<\/a><\/h3>\n                <div class=\"td-module-meta-info\">\n                                        <span class=\"td-post-author-name\"><a href=\"https:\/\/vamosporlaliberacion.org\/crpmlm\/author\/adminvxl\/\">vamos!<\/a> <span>-<\/span> <\/span>                    <span class=\"td-post-date\"><time class=\"entry-date updated td-module-date\" datetime=\"2019-06-10T17:07:01-03:00\" >10 junio, 2019<\/time><\/span>                    <span class=\"td-module-comments\"><a href=\"https:\/\/vamosporlaliberacion.org\/crpmlm\/horacio-catena-en-el-29m\/#respond\">0<\/a><\/span>                <\/div>\n\n                <div class=\"td-excerpt\">\n                    \r\n\r\nHoracio Catena, secretario general del Sutef, CTA-A fueguina y secretario de organizaci\u00f3n de CTA-A, en el acto en Ushuaia el pasado 29 de mayo.                <\/div>\n            <\/div>\n\n        <\/div>\n\n        <\/div><\/div> <!-- .\/block --><div class=\"td_block_wrap td_block_21 tdi_29_73f td-pb-border-top td_block_template_1 td-column-2\"  data-td-block-uid=\"tdi_29_73f\" >\n<style>\n.td_block_template_2.widget > ul > li,\n            .td_block_template_6.widget > ul > li,\n            .td_block_template_8.widget > ul > li,\n            .td_block_template_9.widget > ul > li,\n            .td_block_template_10.widget > ul > li,\n            .td_block_template_11.widget > ul > li,\n            .td_block_template_12.widget > ul > li,\n            .td_block_template_13.widget > ul > li,\n            .td_block_template_14.widget > ul > li,\n            .td_block_template_15.widget > ul > li,\n            .td_block_template_16.widget > ul > li,\n            .td_block_template_17.widget > ul > li {\n                margin-left: 0 !important;\n            }\n            .global-block-template-12 .td-comments-title span,\n            .global-block-template-13 .td-comments-title span {\n                margin-left: 0 !important;\n                font-size: 20px;\n            }\n            @media (max-width: 767px) {\n                .global-block-template-12 .td-comments-title span,\n                .global-block-template-13 .td-comments-title span {\n                    font-size: 15px;\n                }\n            }\n            .td-block-title-wrap .td-wrapper-pulldown-filter {\n                font-family: 'Roboto', sans-serif;\n                position: absolute;\n                bottom: 0;\n                right: 0;\n                top: 0;\n                margin: auto 0;\n                z-index: 2;\n                background-color: #fff;\n                font-size: 13px;\n                line-height: 1;\n                color: #777;\n                text-align: right;\n            }\n            .td-block-title-wrap .td-wrapper-pulldown-filter .td-pulldown-filter-display-option {\n                cursor: pointer;\n                white-space: nowrap;\n                position: relative;\n                line-height: 29px;\n            }\n            .td-block-title-wrap .td-wrapper-pulldown-filter .td-pulldown-filter-display-option i {\n                font-size: 9px;\n                color: #777;\n                margin-left: 20px;\n                margin-right: 10px;\n            }\n            .td-block-title-wrap .td-wrapper-pulldown-filter .td-pulldown-filter-display-option i:before {\n                content: '\\e83d';\n            }\n            .td-block-title-wrap .td-wrapper-pulldown-filter .td-pulldown-filter-display-option span {\n                padding-left: 20px;\n                margin-right: -14px;\n            }\n            @media (max-width: 360px) {\n                .td-block-title-wrap .td-wrapper-pulldown-filter .td-pulldown-filter-display-option span {\n                    display: none;\n                }\n            }\n            .td-block-title-wrap .td-wrapper-pulldown-filter .td-pulldown-filter-display-option:hover {\n                color: #4db2ec;\n            }\n            .td-block-title-wrap .td-wrapper-pulldown-filter .td-pulldown-filter-display-option:hover i {\n                color: #4db2ec;\n            }\n            .td-block-title-wrap .td-wrapper-pulldown-filter .td-pulldown-filter-display-option:hover ul {\n                display: block;\n            }\n            .td-block-title-wrap .td-wrapper-pulldown-filter .td-pulldown-filter-list {\n                list-style: none;\n                position: absolute;\n                right: 0;\n                top: 100%;\n                padding: 18px 0;\n                background-color: rgb(255, 255, 255);\n                background-color: rgba(255, 255, 255, 0.95);\n                z-index: 999;\n                border-width: 1px;\n                border-color: #ededed;\n                border-style: solid;\n                display: none;\n                margin: 0;\n            }\n            .td-block-title-wrap .td-wrapper-pulldown-filter .td-pulldown-filter-item {\n                list-style: none;\n                margin: 0;\n            }\n            .td-block-title-wrap .td-wrapper-pulldown-filter .td-pulldown-filter-item .td-cur-simple-item {\n                color: #4db2ec;\n            }\n            .td-block-title-wrap .td-wrapper-pulldown-filter .td-pulldown-more {\n                padding-bottom: 10px;\n            }\n            .td-block-title-wrap .td-wrapper-pulldown-filter .td-pulldown-more:before {\n                content: '';\n                width: 70px;\n                height: 100%;\n                position: absolute;\n                margin-top: 2px;\n                top: 0;\n                right: 0;\n                z-index: 1;\n                opacity: 0;\n            }\n            .td-block-title-wrap .td-wrapper-pulldown-filter .td-pulldown-filter-link {\n                color: #777;\n                white-space: nowrap;\n                display: block;\n                line-height: 26px;\n                padding-left: 36px;\n                padding-right: 27px;\n            }\n            .td-block-title-wrap .td-wrapper-pulldown-filter .td-pulldown-filter-link:hover {\n                color: #4db2ec;\n            }\n            @media (min-width: 768px) and (max-width: 1018px) {\n                .td-pb-span4 .td-block-title-wrap .td-wrapper-pulldown-filter .td-pulldown-filter-display-option span {\n                    display: none;\n                }\n                .td-pb-span4 .td-block-title-wrap .td-wrapper-pulldown-filter .td-pulldown-filter-link {\n                    padding-left: 24px;\n                    padding-right: 20px !important;\n                }\n            }\n            @-moz-document url-prefix() {\n                .td-pulldown-syle-default .td-subcat-more,\n                .td-pulldown-syle-default .td-subcat-list {\n                    position: relative;\n                    top: -1px;\n                }\n            }\n            .td-pulldown-syle-2 {\n                top: 0;\n            }\n            .td-pulldown-syle-2 .td-subcat-dropdown ul {\n                padding: 20px 0;\n                margin-top: 0;\n            }\n            .td-pulldown-syle-2 .td-subcat-dropdown ul:after {\n                content: '';\n                position: absolute;\n                width: calc(100% + 2px);\n                height: 3px;\n                top: 0;\n                left: -1px;\n                background-color: #4db2ec;\n            }\n            .td-pulldown-syle-2 .td-subcat-dropdown a {\n                padding-left: 40px;\n                padding-right: 31px;\n            }\n            .td-pulldown-syle-2 .td-subcat-dropdown:hover .td-subcat-more {\n                background-color: transparent !important;\n            }\n            .td-pulldown-syle-2 .td-subcat-dropdown:hover .td-subcat-more span,\n            .td-pulldown-syle-2 .td-subcat-dropdown:hover .td-subcat-more i {\n                color: #4db2ec;\n            }\n            .td-pulldown-syle-2 .td-subcat-dropdown .td-subcat-more {\n                margin-left: 9px;\n                margin-bottom: 8px; \/\/ this align the dropdown list\n            }\n            .td-pulldown-syle-2 .td-subcat-list .td-subcat-item {\n                margin-left: 24px;\n            }\n            .td-pulldown-syle-3 {\n                top: 0;\n            }\n            .td-pulldown-syle-3 .td-subcat-dropdown ul {\n                padding: 15px 0;\n                margin-top: -1px;\n                border-width: 1px;\n            }\n            .td-pulldown-syle-3 .td-subcat-dropdown a {\n                padding-left: 40px;\n                padding-right: 31px;\n            }\n            .td-pulldown-syle-3 .td-subcat-dropdown &:hover .td-subcat-more {\n                background-color: transparent !important;\n            }\n            .td-pulldown-syle-3 .td-subcat-dropdown &:hover .td-subcat-more span,\n            .td-pulldown-syle-3 .td-subcat-dropdown &:hover .td-subcat-more i {\n                color: #4db2ec;\n            }\n            .td-pulldown-syle-3 .td-subcat-dropdown .td-subcat-more {\n                margin-left: 9px;\n                margin-bottom: 8px; \/\/ this align the dropdown list\n            }\n            .td-pulldown-syle-3 .td-subcat-list .td-subcat-item {\n                margin-left: 24px;\n            }\n            \n            \n\n            \n            .td-theme-wrap .tdi_29_73f .td-pulldown-filter-link:hover,\n            .td-theme-wrap .tdi_29_73f .td-subcat-item a:hover,\n            .td-theme-wrap .tdi_29_73f .td-subcat-item .td-cur-simple-item {\n                color: #dd3333;\n            }\n\n            .td-theme-wrap .tdi_29_73f .block-title > *,\n            .td-theme-wrap .tdi_29_73f .td-subcat-dropdown:hover .td-subcat-more {\n                background-color: #dd3333;\n            }\n            .td-theme-wrap .td-footer-wrapper .tdi_29_73f .block-title > * {\n                padding: 6px 7px 5px;\n                line-height: 1;\n            }\n\n            .td-theme-wrap .tdi_29_73f .block-title {\n                border-color: #dd3333;\n            }\n\n            \n            .td-theme-wrap .tdi_29_73f .td_module_wrap:hover .entry-title a,\n            .td-theme-wrap .tdi_29_73f .td_quote_on_blocks,\n            .td-theme-wrap .tdi_29_73f .td-opacity-cat .td-post-category:hover,\n            .td-theme-wrap .tdi_29_73f .td-opacity-read .td-read-more a:hover,\n            .td-theme-wrap .tdi_29_73f .td-opacity-author .td-post-author-name a:hover,\n            .td-theme-wrap .tdi_29_73f .td-instagram-user a {\n                color: #dd3333;\n            }\n\n            .td-theme-wrap .tdi_29_73f .td-next-prev-wrap a:hover,\n            .td-theme-wrap .tdi_29_73f .td-load-more-wrap a:hover {\n                background-color: #dd3333;\n                border-color: #dd3333;\n            }\n\n            .td-theme-wrap .tdi_29_73f .td-read-more a,\n            .td-theme-wrap .tdi_29_73f .td-weather-information:before,\n            .td-theme-wrap .tdi_29_73f .td-weather-week:before,\n            .td-theme-wrap .tdi_29_73f .td-exchange-header:before,\n            .td-theme-wrap .td-footer-wrapper .tdi_29_73f .td-post-category,\n            .td-theme-wrap .tdi_29_73f .td-post-category:hover {\n                background-color: #dd3333;\n            }\n<\/style><script>var block_tdi_29_73f = new tdBlock();\nblock_tdi_29_73f.id = \"tdi_29_73f\";\nblock_tdi_29_73f.atts = '{\"custom_title\":\"Internacional\",\"header_color\":\"#dd3333\",\"category_id\":\"7\",\"tag_slug\":\"vxl 142\",\"limit\":\"10\",\"td_filter_default_txt\":\"Todo\",\"block_type\":\"td_block_21\",\"separator\":\"\",\"custom_url\":\"\",\"block_template_id\":\"\",\"m16_tl\":\"\",\"m16_el\":\"\",\"post_ids\":\"\",\"category_ids\":\"\",\"autors_id\":\"\",\"installed_post_types\":\"\",\"sort\":\"\",\"offset\":\"\",\"show_modified_date\":\"\",\"el_class\":\"\",\"td_ajax_filter_type\":\"\",\"td_ajax_filter_ids\":\"\",\"td_ajax_preloading\":\"\",\"f_header_font_header\":\"\",\"f_header_font_title\":\"Block header\",\"f_header_font_settings\":\"\",\"f_header_font_family\":\"\",\"f_header_font_size\":\"\",\"f_header_font_line_height\":\"\",\"f_header_font_style\":\"\",\"f_header_font_weight\":\"\",\"f_header_font_transform\":\"\",\"f_header_font_spacing\":\"\",\"f_header_\":\"\",\"f_ajax_font_title\":\"Ajax categories\",\"f_ajax_font_settings\":\"\",\"f_ajax_font_family\":\"\",\"f_ajax_font_size\":\"\",\"f_ajax_font_line_height\":\"\",\"f_ajax_font_style\":\"\",\"f_ajax_font_weight\":\"\",\"f_ajax_font_transform\":\"\",\"f_ajax_font_spacing\":\"\",\"f_ajax_\":\"\",\"f_more_font_title\":\"Load more button\",\"f_more_font_settings\":\"\",\"f_more_font_family\":\"\",\"f_more_font_size\":\"\",\"f_more_font_line_height\":\"\",\"f_more_font_style\":\"\",\"f_more_font_weight\":\"\",\"f_more_font_transform\":\"\",\"f_more_font_spacing\":\"\",\"f_more_\":\"\",\"m16f_title_font_header\":\"\",\"m16f_title_font_title\":\"Article title\",\"m16f_title_font_settings\":\"\",\"m16f_title_font_family\":\"\",\"m16f_title_font_size\":\"\",\"m16f_title_font_line_height\":\"\",\"m16f_title_font_style\":\"\",\"m16f_title_font_weight\":\"\",\"m16f_title_font_transform\":\"\",\"m16f_title_font_spacing\":\"\",\"m16f_title_\":\"\",\"m16f_cat_font_title\":\"Article category tag\",\"m16f_cat_font_settings\":\"\",\"m16f_cat_font_family\":\"\",\"m16f_cat_font_size\":\"\",\"m16f_cat_font_line_height\":\"\",\"m16f_cat_font_style\":\"\",\"m16f_cat_font_weight\":\"\",\"m16f_cat_font_transform\":\"\",\"m16f_cat_font_spacing\":\"\",\"m16f_cat_\":\"\",\"m16f_meta_font_title\":\"Article meta info\",\"m16f_meta_font_settings\":\"\",\"m16f_meta_font_family\":\"\",\"m16f_meta_font_size\":\"\",\"m16f_meta_font_line_height\":\"\",\"m16f_meta_font_style\":\"\",\"m16f_meta_font_weight\":\"\",\"m16f_meta_font_transform\":\"\",\"m16f_meta_font_spacing\":\"\",\"m16f_meta_\":\"\",\"m16f_ex_font_title\":\"Article excerpt\",\"m16f_ex_font_settings\":\"\",\"m16f_ex_font_family\":\"\",\"m16f_ex_font_size\":\"\",\"m16f_ex_font_line_height\":\"\",\"m16f_ex_font_style\":\"\",\"m16f_ex_font_weight\":\"\",\"m16f_ex_font_transform\":\"\",\"m16f_ex_font_spacing\":\"\",\"m16f_ex_\":\"\",\"ajax_pagination\":\"\",\"ajax_pagination_infinite_stop\":\"\",\"css\":\"\",\"tdc_css\":\"\",\"td_column_number\":2,\"color_preset\":\"\",\"border_top\":\"\",\"class\":\"tdi_29_73f\",\"tdc_css_class\":\"tdi_29_73f\",\"tdc_css_class_style\":\"tdi_29_73f_rand_style\"}';\nblock_tdi_29_73f.td_column_number = \"2\";\nblock_tdi_29_73f.block_type = \"td_block_21\";\nblock_tdi_29_73f.post_count = \"10\";\nblock_tdi_29_73f.found_posts = \"29\";\nblock_tdi_29_73f.header_color = \"#dd3333\";\nblock_tdi_29_73f.ajax_pagination_infinite_stop = \"\";\nblock_tdi_29_73f.max_num_pages = \"3\";\ntdBlocksArray.push(block_tdi_29_73f);\n<\/script><div class=\"td-block-title-wrap\"><h4 class=\"block-title td-block-title\"><span class=\"td-pulldown-size\">Internacional<\/span><\/h4><\/div><div id=tdi_29_73f class=\"td_block_inner\">\n        <div class=\"td_module_16 td_module_wrap td-animation-stack\">\n            <div class=\"td-module-thumb\"><a href=\"https:\/\/vamosporlaliberacion.org\/crpmlm\/subte-eleccion-de-delegados\/\" rel=\"bookmark\" class=\"td-image-wrap \" title=\"Subte: Elecci\u00f3n de delegados\" ><img loading=\"lazy\" decoding=\"async\" class=\"entry-thumb\" src=\"\" alt=\"\" title=\"Subte: Elecci\u00f3n de delegados\" data-type=\"image_tag\" data-img-url=\"https:\/\/i0.wp.com\/vamosporlaliberacion.org\/crpmlm\/wp-content\/uploads\/2019\/06\/subte.jpg?resize=150%2C150&ssl=1\"  width=\"150\" height=\"150\" \/><\/a><\/div>\n            <div class=\"item-details\">\n                <h3 class=\"entry-title td-module-title\"><a href=\"https:\/\/vamosporlaliberacion.org\/crpmlm\/subte-eleccion-de-delegados\/\" rel=\"bookmark\" title=\"Subte: Elecci\u00f3n de delegados\">Subte: Elecci\u00f3n de delegados<\/a><\/h3>\n                <div class=\"td-module-meta-info\">\n                                        <span class=\"td-post-author-name\"><a href=\"https:\/\/vamosporlaliberacion.org\/crpmlm\/author\/adminvxl\/\">vamos!<\/a> <span>-<\/span> <\/span>                    <span class=\"td-post-date\"><time class=\"entry-date updated td-module-date\" datetime=\"2019-06-11T15:47:12-03:00\" >11 junio, 2019<\/time><\/span>                    <span class=\"td-module-comments\"><a href=\"https:\/\/vamosporlaliberacion.org\/crpmlm\/subte-eleccion-de-delegados\/#respond\">0<\/a><\/span>                <\/div>\n\n                <div class=\"td-excerpt\">\n                    El martes 28\/5 finalizaron las elecciones de delegados de la AGTSyP mandato 2019-2021, en las que participaron alrededor de 2000 compa\u00f1eros de todas las...                <\/div>\n            <\/div>\n\n        <\/div>\n\n        \n        <div class=\"td_module_16 td_module_wrap td-animation-stack\">\n            <div class=\"td-module-thumb\"><a href=\"https:\/\/vamosporlaliberacion.org\/crpmlm\/foro-de-jovenes-por-la-unidad-en-caba\/\" rel=\"bookmark\" class=\"td-image-wrap \" title=\"Foro de J\u00f3venes por la unidad en CABA\" ><img loading=\"lazy\" decoding=\"async\" class=\"entry-thumb\" src=\"\" alt=\"\" title=\"Foro de J\u00f3venes por la unidad en CABA\" data-type=\"image_tag\" data-img-url=\"https:\/\/i0.wp.com\/vamosporlaliberacion.org\/crpmlm\/wp-content\/uploads\/2019\/06\/foro-cbazo2.jpg?resize=150%2C150&ssl=1\"  width=\"150\" height=\"150\" \/><\/a><\/div>\n            <div class=\"item-details\">\n                <h3 class=\"entry-title td-module-title\"><a href=\"https:\/\/vamosporlaliberacion.org\/crpmlm\/foro-de-jovenes-por-la-unidad-en-caba\/\" rel=\"bookmark\" title=\"Foro de J\u00f3venes por la unidad en CABA\">Foro de J\u00f3venes por la unidad en CABA<\/a><\/h3>\n                <div class=\"td-module-meta-info\">\n                                        <span class=\"td-post-author-name\"><a href=\"https:\/\/vamosporlaliberacion.org\/crpmlm\/author\/adminvxl\/\">vamos!<\/a> <span>-<\/span> <\/span>                    <span class=\"td-post-date\"><time class=\"entry-date updated td-module-date\" datetime=\"2019-06-11T15:45:29-03:00\" >11 junio, 2019<\/time><\/span>                    <span class=\"td-module-comments\"><a href=\"https:\/\/vamosporlaliberacion.org\/crpmlm\/foro-de-jovenes-por-la-unidad-en-caba\/#respond\">0<\/a><\/span>                <\/div>\n\n                <div class=\"td-excerpt\">\n                    El s\u00e1bado 1\u00ba de junio se realiz\u00f3 en la Facultad de Medicina de la UBA el encuentro de \u201cJ\u00f3venes por la Unidad a 50...                <\/div>\n            <\/div>\n\n        <\/div>\n\n        \n        <div class=\"td_module_16 td_module_wrap td-animation-stack\">\n            <div class=\"td-module-thumb\"><a href=\"https:\/\/vamosporlaliberacion.org\/crpmlm\/de-chocobar-a-la-masacre-de-san-miguel\/\" rel=\"bookmark\" class=\"td-image-wrap \" title=\"De Chocobar a la masacre de San Miguel\" ><img loading=\"lazy\" decoding=\"async\" class=\"entry-thumb\" src=\"\" alt=\"\" title=\"De Chocobar a la masacre de San Miguel\" data-type=\"image_tag\" data-img-url=\"https:\/\/i0.wp.com\/vamosporlaliberacion.org\/crpmlm\/wp-content\/uploads\/2019\/06\/monte20190526-710462.jpg?resize=150%2C150&ssl=1\"  width=\"150\" height=\"150\" \/><\/a><\/div>\n            <div class=\"item-details\">\n                <h3 class=\"entry-title td-module-title\"><a href=\"https:\/\/vamosporlaliberacion.org\/crpmlm\/de-chocobar-a-la-masacre-de-san-miguel\/\" rel=\"bookmark\" title=\"De Chocobar a la masacre de San Miguel\">De Chocobar a la masacre de San Miguel<\/a><\/h3>\n                <div class=\"td-module-meta-info\">\n                                        <span class=\"td-post-author-name\"><a href=\"https:\/\/vamosporlaliberacion.org\/crpmlm\/author\/adminvxl\/\">vamos!<\/a> <span>-<\/span> <\/span>                    <span class=\"td-post-date\"><time class=\"entry-date updated td-module-date\" datetime=\"2019-06-11T15:40:11-03:00\" >11 junio, 2019<\/time><\/span>                    <span class=\"td-module-comments\"><a href=\"https:\/\/vamosporlaliberacion.org\/crpmlm\/de-chocobar-a-la-masacre-de-san-miguel\/#respond\">0<\/a><\/span>                <\/div>\n\n                <div class=\"td-excerpt\">\n                    Gonzalo Dom\u00ednguez (14 a\u00f1os), Camila L\u00f3pez (13), Danilo Sansone (13) y An\u00edbal Su\u00e1rez (22). Los cuatro murieron escapando de la balacera policial, al estrellarse...                <\/div>\n            <\/div>\n\n        <\/div>\n\n        \n        <div class=\"td_module_16 td_module_wrap td-animation-stack\">\n            <div class=\"td-module-thumb\"><a href=\"https:\/\/vamosporlaliberacion.org\/crpmlm\/congreso-extraordinario-fuba-para-derrotar-a-macri-y-cambiemos\/\" rel=\"bookmark\" class=\"td-image-wrap \" title=\"Congreso extraordinario FUBA: Para derrotar a Macri y Cambiemos\" ><img loading=\"lazy\" decoding=\"async\" class=\"entry-thumb\" src=\"\" alt=\"\" title=\"Congreso extraordinario FUBA: Para derrotar a Macri y Cambiemos\" data-type=\"image_tag\" data-img-url=\"https:\/\/i0.wp.com\/vamosporlaliberacion.org\/crpmlm\/wp-content\/uploads\/2019\/06\/fuba.jpg?resize=150%2C150&ssl=1\"  width=\"150\" height=\"150\" \/><\/a><\/div>\n            <div class=\"item-details\">\n                <h3 class=\"entry-title td-module-title\"><a href=\"https:\/\/vamosporlaliberacion.org\/crpmlm\/congreso-extraordinario-fuba-para-derrotar-a-macri-y-cambiemos\/\" rel=\"bookmark\" title=\"Congreso extraordinario FUBA: Para derrotar a Macri y Cambiemos\">Congreso extraordinario FUBA: Para derrotar a Macri y Cambiemos<\/a><\/h3>\n                <div class=\"td-module-meta-info\">\n                                        <span class=\"td-post-author-name\"><a href=\"https:\/\/vamosporlaliberacion.org\/crpmlm\/author\/adminvxl\/\">vamos!<\/a> <span>-<\/span> <\/span>                    <span class=\"td-post-date\"><time class=\"entry-date updated td-module-date\" datetime=\"2019-06-11T15:37:47-03:00\" >11 junio, 2019<\/time><\/span>                    <span class=\"td-module-comments\"><a href=\"https:\/\/vamosporlaliberacion.org\/crpmlm\/congreso-extraordinario-fuba-para-derrotar-a-macri-y-cambiemos\/#respond\">0<\/a><\/span>                <\/div>\n\n                <div class=\"td-excerpt\">\n                    El jueves 23 de Mayo se realiz\u00f3 el plenario de cierre del Congreso Extraordinario de la FUBA. Participamos m\u00e1s de 700 estudiantes, que desbordamos...                <\/div>\n            <\/div>\n\n        <\/div>\n\n        \n        <div class=\"td_module_16 td_module_wrap td-animation-stack\">\n            <div class=\"td-module-thumb\"><a href=\"https:\/\/vamosporlaliberacion.org\/crpmlm\/deuda-externa-y-fuga-de-capitales\/\" rel=\"bookmark\" class=\"td-image-wrap \" title=\"Deuda externa y fuga de capitales\" ><img decoding=\"async\" class=\"entry-thumb\" src=\"\"alt=\"\" data-type=\"image_tag\" data-img-url=\"https:\/\/vamosporlaliberacion.org\/crpmlm\/wp-content\/plugins\/td-composer\/legacy\/Newspaper\/assets\/images\/no-thumb\/thumbnail.png\"  width=\"\" height=\"\" \/><\/a><\/div>\n            <div class=\"item-details\">\n                <h3 class=\"entry-title td-module-title\"><a href=\"https:\/\/vamosporlaliberacion.org\/crpmlm\/deuda-externa-y-fuga-de-capitales\/\" rel=\"bookmark\" title=\"Deuda externa y fuga de capitales\">Deuda externa y fuga de capitales<\/a><\/h3>\n                <div class=\"td-module-meta-info\">\n                                        <span class=\"td-post-author-name\"><a href=\"https:\/\/vamosporlaliberacion.org\/crpmlm\/author\/adminvxl\/\">vamos!<\/a> <span>-<\/span> <\/span>                    <span class=\"td-post-date\"><time class=\"entry-date updated td-module-date\" datetime=\"2019-06-11T15:35:00-03:00\" >11 junio, 2019<\/time><\/span>                    <span class=\"td-module-comments\"><a href=\"https:\/\/vamosporlaliberacion.org\/crpmlm\/deuda-externa-y-fuga-de-capitales\/#respond\">0<\/a><\/span>                <\/div>\n\n                <div class=\"td-excerpt\">\n                    Los d\u00f3lares que llegaron como parte del pacto de Macri con FMI ya no est\u00e1n m\u00e1s. Seg\u00fan un informe del Observatorio de la Deuda...                <\/div>\n            <\/div>\n\n        <\/div>\n\n        \n        <div class=\"td_module_16 td_module_wrap td-animation-stack\">\n            <div class=\"td-module-thumb\"><a href=\"https:\/\/vamosporlaliberacion.org\/crpmlm\/brasil-empieza-a-cambiar-el-viento\/\" rel=\"bookmark\" class=\"td-image-wrap \" title=\"Brasil: \u00bfempieza a cambiar el viento?\" ><img loading=\"lazy\" decoding=\"async\" class=\"entry-thumb\" src=\"\" alt=\"\" title=\"Brasil: \u00bfempieza a cambiar el viento?\" data-type=\"image_tag\" data-img-url=\"https:\/\/i0.wp.com\/vamosporlaliberacion.org\/crpmlm\/wp-content\/uploads\/2019\/06\/15592846161793.jpg?resize=150%2C150&ssl=1\"  width=\"150\" height=\"150\" \/><\/a><\/div>\n            <div class=\"item-details\">\n                <h3 class=\"entry-title td-module-title\"><a href=\"https:\/\/vamosporlaliberacion.org\/crpmlm\/brasil-empieza-a-cambiar-el-viento\/\" rel=\"bookmark\" title=\"Brasil: \u00bfempieza a cambiar el viento?\">Brasil: \u00bfempieza a cambiar el viento?<\/a><\/h3>\n                <div class=\"td-module-meta-info\">\n                                        <span class=\"td-post-author-name\"><a href=\"https:\/\/vamosporlaliberacion.org\/crpmlm\/author\/adminvxl\/\">vamos!<\/a> <span>-<\/span> <\/span>                    <span class=\"td-post-date\"><time class=\"entry-date updated td-module-date\" datetime=\"2019-06-11T15:31:10-03:00\" >11 junio, 2019<\/time><\/span>                    <span class=\"td-module-comments\"><a href=\"https:\/\/vamosporlaliberacion.org\/crpmlm\/brasil-empieza-a-cambiar-el-viento\/#respond\">0<\/a><\/span>                <\/div>\n\n                <div class=\"td-excerpt\">\n                    Jair Bolsonaro, el energ\u00fameno fascista que gobierna Brasil desde el pasado 1\u00ba de enero y que crey\u00f3 tener luz verde para imponer sus pol\u00edticas...                <\/div>\n            <\/div>\n\n        <\/div>\n\n        \n        <div class=\"td_module_16 td_module_wrap td-animation-stack\">\n            <div class=\"td-module-thumb\"><a href=\"https:\/\/vamosporlaliberacion.org\/crpmlm\/a-planificar-una-gran-colecta-financiera-de-masas\/\" rel=\"bookmark\" class=\"td-image-wrap \" title=\"A planificar una gran Colecta Financiera de masas\" ><img loading=\"lazy\" decoding=\"async\" class=\"entry-thumb\" src=\"\" alt=\"\" title=\"A planificar una gran Colecta Financiera de masas\" data-type=\"image_tag\" data-img-url=\"https:\/\/i0.wp.com\/vamosporlaliberacion.org\/crpmlm\/wp-content\/uploads\/2019\/06\/crpmlm1.jpeg?resize=150%2C150&ssl=1\"  width=\"150\" height=\"150\" \/><\/a><\/div>\n            <div class=\"item-details\">\n                <h3 class=\"entry-title td-module-title\"><a href=\"https:\/\/vamosporlaliberacion.org\/crpmlm\/a-planificar-una-gran-colecta-financiera-de-masas\/\" rel=\"bookmark\" title=\"A planificar una gran Colecta Financiera de masas\">A planificar una gran Colecta Financiera de masas<\/a><\/h3>\n                <div class=\"td-module-meta-info\">\n                                        <span class=\"td-post-author-name\"><a href=\"https:\/\/vamosporlaliberacion.org\/crpmlm\/author\/adminvxl\/\">vamos!<\/a> <span>-<\/span> <\/span>                    <span class=\"td-post-date\"><time class=\"entry-date updated td-module-date\" datetime=\"2019-06-11T15:29:16-03:00\" >11 junio, 2019<\/time><\/span>                    <span class=\"td-module-comments\"><a href=\"https:\/\/vamosporlaliberacion.org\/crpmlm\/a-planificar-una-gran-colecta-financiera-de-masas\/#respond\">0<\/a><\/span>                <\/div>\n\n                <div class=\"td-excerpt\">\n                    Desde el 20 de junio hasta fin de de julio realizaremos la colecta financiera en el marco del avance de la unidad opositora en...                <\/div>\n            <\/div>\n\n        <\/div>\n\n        \n        <div class=\"td_module_16 td_module_wrap td-animation-stack\">\n            <div class=\"td-module-thumb\"><a href=\"https:\/\/vamosporlaliberacion.org\/crpmlm\/colecta-de-la-juventud-en-caba\/\" rel=\"bookmark\" class=\"td-image-wrap \" title=\"Colecta de la Juventud en CABA\" ><img loading=\"lazy\" decoding=\"async\" class=\"entry-thumb\" src=\"\" alt=\"\" title=\"Colecta de la Juventud en CABA\" data-type=\"image_tag\" data-img-url=\"https:\/\/i0.wp.com\/vamosporlaliberacion.org\/crpmlm\/wp-content\/uploads\/2019\/06\/colecta-j-caba.jpg?resize=150%2C150&ssl=1\"  width=\"150\" height=\"150\" \/><\/a><\/div>\n            <div class=\"item-details\">\n                <h3 class=\"entry-title td-module-title\"><a href=\"https:\/\/vamosporlaliberacion.org\/crpmlm\/colecta-de-la-juventud-en-caba\/\" rel=\"bookmark\" title=\"Colecta de la Juventud en CABA\">Colecta de la Juventud en CABA<\/a><\/h3>\n                <div class=\"td-module-meta-info\">\n                                        <span class=\"td-post-author-name\"><a href=\"https:\/\/vamosporlaliberacion.org\/crpmlm\/author\/adminvxl\/\">vamos!<\/a> <span>-<\/span> <\/span>                    <span class=\"td-post-date\"><time class=\"entry-date updated td-module-date\" datetime=\"2019-06-11T15:27:47-03:00\" >11 junio, 2019<\/time><\/span>                    <span class=\"td-module-comments\"><a href=\"https:\/\/vamosporlaliberacion.org\/crpmlm\/colecta-de-la-juventud-en-caba\/#respond\">0<\/a><\/span>                <\/div>\n\n                <div class=\"td-excerpt\">\n                    El s\u00e1bado 1 de junio la juventud del Comunismo Revolucionario lanzo la campa\u00f1a financiera 2019 con una charla sobre violencia de g\u00e9nero en el...                <\/div>\n            <\/div>\n\n        <\/div>\n\n        \n        <div class=\"td_module_16 td_module_wrap td-animation-stack\">\n            <div class=\"td-module-thumb\"><a href=\"https:\/\/vamosporlaliberacion.org\/crpmlm\/25-de-mayo-locrazo-del-mp-liberacion-en-ampliar\/\" rel=\"bookmark\" class=\"td-image-wrap \" title=\"25 de Mayo: Locrazo del MP Liberaci\u00f3n en Ampliar!\" ><img loading=\"lazy\" decoding=\"async\" class=\"entry-thumb\" src=\"\" alt=\"\" title=\"25 de Mayo: Locrazo del MP Liberaci\u00f3n en Ampliar!\" data-type=\"image_tag\" data-img-url=\"https:\/\/i0.wp.com\/vamosporlaliberacion.org\/crpmlm\/wp-content\/uploads\/2019\/06\/locro-caba-25-mayo-mpl-ampliar.jpeg?resize=150%2C150&ssl=1\"  width=\"150\" height=\"150\" \/><\/a><\/div>\n            <div class=\"item-details\">\n                <h3 class=\"entry-title td-module-title\"><a href=\"https:\/\/vamosporlaliberacion.org\/crpmlm\/25-de-mayo-locrazo-del-mp-liberacion-en-ampliar\/\" rel=\"bookmark\" title=\"25 de Mayo: Locrazo del MP Liberaci\u00f3n en Ampliar!\">25 de Mayo: Locrazo del MP Liberaci\u00f3n en Ampliar!<\/a><\/h3>\n                <div class=\"td-module-meta-info\">\n                                        <span class=\"td-post-author-name\"><a href=\"https:\/\/vamosporlaliberacion.org\/crpmlm\/author\/adminvxl\/\">vamos!<\/a> <span>-<\/span> <\/span>                    <span class=\"td-post-date\"><time class=\"entry-date updated td-module-date\" datetime=\"2019-06-11T15:26:05-03:00\" >11 junio, 2019<\/time><\/span>                    <span class=\"td-module-comments\"><a href=\"https:\/\/vamosporlaliberacion.org\/crpmlm\/25-de-mayo-locrazo-del-mp-liberacion-en-ampliar\/#respond\">0<\/a><\/span>                <\/div>\n\n                <div class=\"td-excerpt\">\n                    El viernes 24 a la noche, como parte de las iniciativas de las fuerzas que integran Ampliar, el MPL-Caba organiz\u00f3 un locro en el...                <\/div>\n            <\/div>\n\n        <\/div>\n\n        \n        <div class=\"td_module_16 td_module_wrap td-animation-stack\">\n            <div class=\"td-module-thumb\"><a href=\"https:\/\/vamosporlaliberacion.org\/crpmlm\/horacio-catena-en-el-29m\/\" rel=\"bookmark\" class=\"td-image-wrap \" title=\"Horacio Catena en el 29M\" ><img loading=\"lazy\" decoding=\"async\" class=\"entry-thumb\" src=\"\" alt=\"\" title=\"Horacio Catena en el 29M\" data-type=\"image_tag\" data-img-url=\"https:\/\/i0.wp.com\/vamosporlaliberacion.org\/crpmlm\/wp-content\/uploads\/2019\/06\/lolo.jpg?resize=150%2C150&ssl=1\"  width=\"150\" height=\"150\" \/><span class=\"td-video-play-ico\"><i class=\"td-icon-video-thumb-play\"><\/i><\/span><\/a><\/div>\n            <div class=\"item-details\">\n                <h3 class=\"entry-title td-module-title\"><a href=\"https:\/\/vamosporlaliberacion.org\/crpmlm\/horacio-catena-en-el-29m\/\" rel=\"bookmark\" title=\"Horacio Catena en el 29M\">Horacio Catena en el 29M<\/a><\/h3>\n                <div class=\"td-module-meta-info\">\n                                        <span class=\"td-post-author-name\"><a href=\"https:\/\/vamosporlaliberacion.org\/crpmlm\/author\/adminvxl\/\">vamos!<\/a> <span>-<\/span> <\/span>                    <span class=\"td-post-date\"><time class=\"entry-date updated td-module-date\" datetime=\"2019-06-10T17:07:01-03:00\" >10 junio, 2019<\/time><\/span>                    <span class=\"td-module-comments\"><a href=\"https:\/\/vamosporlaliberacion.org\/crpmlm\/horacio-catena-en-el-29m\/#respond\">0<\/a><\/span>                <\/div>\n\n                <div class=\"td-excerpt\">\n                    \r\n\r\nHoracio Catena, secretario general del Sutef, CTA-A fueguina y secretario de organizaci\u00f3n de CTA-A, en el acto en Ushuaia el pasado 29 de mayo.                <\/div>\n            <\/div>\n\n        <\/div>\n\n        <\/div><\/div> <!-- .\/block --><\/div><\/div><\/div><\/div>\n<!-- AddThis Advanced Settings generic via filter on the_content --><!-- AddThis Share Buttons generic via filter on the_content -->","protected":false},"excerpt":{"rendered":"<p><!-- AddThis Advanced Settings generic via filter on get_the_excerpt --><!-- AddThis Share Buttons generic via filter on get_the_excerpt --><\/p>\n","protected":false},"author":6,"featured_media":13855,"comment_status":"open","ping_status":"open","sticky":false,"template":"","format":"standard","meta":{"_jetpack_memberships_contains_paid_content":false,"footnotes":""},"categories":[22],"tags":[],"class_list":{"0":"post-13854","1":"post","2":"type-post","3":"status-publish","4":"format-standard","5":"has-post-thumbnail","7":"category-vamos"},"yoast_head":"<!-- This site is optimized with the Yoast SEO plugin v27.4 - https:\/\/yoast.com\/product\/yoast-seo-wordpress\/ -->\n<title>Vamos por la Liberaci\u00f3n! N\u00ba 142 - Vamos por la Liberaci\u00f3n<\/title>\n<meta name=\"robots\" content=\"index, follow, max-snippet:-1, max-image-preview:large, max-video-preview:-1\" \/>\n<link rel=\"canonical\" href=\"https:\/\/vamosporlaliberacion.org\/crpmlm\/vamos-por-la-liberacion-no-142\/\" \/>\n<meta name=\"twitter:label1\" content=\"Escrito por\" \/>\n\t<meta name=\"twitter:data1\" content=\"vamos!\" \/>\n\t<meta name=\"twitter:label2\" content=\"Tiempo de lectura\" \/>\n\t<meta name=\"twitter:data2\" content=\"2 minutos\" \/>\n<script type=\"application\/ld+json\" class=\"yoast-schema-graph\">{\"@context\":\"https:\\\/\\\/schema.org\",\"@graph\":[{\"@type\":\"Article\",\"@id\":\"https:\\\/\\\/vamosporlaliberacion.org\\\/crpmlm\\\/vamos-por-la-liberacion-no-142\\\/#article\",\"isPartOf\":{\"@id\":\"https:\\\/\\\/vamosporlaliberacion.org\\\/crpmlm\\\/vamos-por-la-liberacion-no-142\\\/\"},\"author\":{\"name\":\"vamos!\",\"@id\":\"https:\\\/\\\/vamosporlaliberacion.org\\\/crpmlm\\\/#\\\/schema\\\/person\\\/d6eac7758df3770dae9cd9eb104d615c\"},\"headline\":\"Vamos por la Liberaci\u00f3n! N\u00ba 142\",\"datePublished\":\"2019-06-09T20:09:15+00:00\",\"dateModified\":\"2019-06-10T20:10:46+00:00\",\"mainEntityOfPage\":{\"@id\":\"https:\\\/\\\/vamosporlaliberacion.org\\\/crpmlm\\\/vamos-por-la-liberacion-no-142\\\/\"},\"wordCount\":343,\"commentCount\":0,\"image\":{\"@id\":\"https:\\\/\\\/vamosporlaliberacion.org\\\/crpmlm\\\/vamos-por-la-liberacion-no-142\\\/#primaryimage\"},\"thumbnailUrl\":\"https:\\\/\\\/i0.wp.com\\\/vamosporlaliberacion.org\\\/crpmlm\\\/wp-content\\\/uploads\\\/2019\\\/06\\\/thumbail-vamos.jpg?fit=324%2C235&ssl=1\",\"articleSection\":[\"Vamos!\"],\"inLanguage\":\"es\",\"potentialAction\":[{\"@type\":\"CommentAction\",\"name\":\"Comment\",\"target\":[\"https:\\\/\\\/vamosporlaliberacion.org\\\/crpmlm\\\/vamos-por-la-liberacion-no-142\\\/#respond\"]}]},{\"@type\":\"WebPage\",\"@id\":\"https:\\\/\\\/vamosporlaliberacion.org\\\/crpmlm\\\/vamos-por-la-liberacion-no-142\\\/\",\"url\":\"https:\\\/\\\/vamosporlaliberacion.org\\\/crpmlm\\\/vamos-por-la-liberacion-no-142\\\/\",\"name\":\"Vamos por la Liberaci\u00f3n! N\u00ba 142 - Vamos por la Liberaci\u00f3n\",\"isPartOf\":{\"@id\":\"https:\\\/\\\/vamosporlaliberacion.org\\\/crpmlm\\\/#website\"},\"primaryImageOfPage\":{\"@id\":\"https:\\\/\\\/vamosporlaliberacion.org\\\/crpmlm\\\/vamos-por-la-liberacion-no-142\\\/#primaryimage\"},\"image\":{\"@id\":\"https:\\\/\\\/vamosporlaliberacion.org\\\/crpmlm\\\/vamos-por-la-liberacion-no-142\\\/#primaryimage\"},\"thumbnailUrl\":\"https:\\\/\\\/i0.wp.com\\\/vamosporlaliberacion.org\\\/crpmlm\\\/wp-content\\\/uploads\\\/2019\\\/06\\\/thumbail-vamos.jpg?fit=324%2C235&ssl=1\",\"datePublished\":\"2019-06-09T20:09:15+00:00\",\"dateModified\":\"2019-06-10T20:10:46+00:00\",\"author\":{\"@id\":\"https:\\\/\\\/vamosporlaliberacion.org\\\/crpmlm\\\/#\\\/schema\\\/person\\\/d6eac7758df3770dae9cd9eb104d615c\"},\"breadcrumb\":{\"@id\":\"https:\\\/\\\/vamosporlaliberacion.org\\\/crpmlm\\\/vamos-por-la-liberacion-no-142\\\/#breadcrumb\"},\"inLanguage\":\"es\",\"potentialAction\":[{\"@type\":\"ReadAction\",\"target\":[\"https:\\\/\\\/vamosporlaliberacion.org\\\/crpmlm\\\/vamos-por-la-liberacion-no-142\\\/\"]}]},{\"@type\":\"ImageObject\",\"inLanguage\":\"es\",\"@id\":\"https:\\\/\\\/vamosporlaliberacion.org\\\/crpmlm\\\/vamos-por-la-liberacion-no-142\\\/#primaryimage\",\"url\":\"https:\\\/\\\/i0.wp.com\\\/vamosporlaliberacion.org\\\/crpmlm\\\/wp-content\\\/uploads\\\/2019\\\/06\\\/thumbail-vamos.jpg?fit=324%2C235&ssl=1\",\"contentUrl\":\"https:\\\/\\\/i0.wp.com\\\/vamosporlaliberacion.org\\\/crpmlm\\\/wp-content\\\/uploads\\\/2019\\\/06\\\/thumbail-vamos.jpg?fit=324%2C235&ssl=1\",\"width\":324,\"height\":235},{\"@type\":\"BreadcrumbList\",\"@id\":\"https:\\\/\\\/vamosporlaliberacion.org\\\/crpmlm\\\/vamos-por-la-liberacion-no-142\\\/#breadcrumb\",\"itemListElement\":[{\"@type\":\"ListItem\",\"position\":1,\"name\":\"Portada\",\"item\":\"https:\\\/\\\/vamosporlaliberacion.org\\\/crpmlm\\\/\"},{\"@type\":\"ListItem\",\"position\":2,\"name\":\"Vamos por la Liberaci\u00f3n! N\u00ba 142\"}]},{\"@type\":\"WebSite\",\"@id\":\"https:\\\/\\\/vamosporlaliberacion.org\\\/crpmlm\\\/#website\",\"url\":\"https:\\\/\\\/vamosporlaliberacion.org\\\/crpmlm\\\/\",\"name\":\"Vamos por la Liberaci\u00f3n\",\"description\":\"Prensa CR\",\"potentialAction\":[{\"@type\":\"SearchAction\",\"target\":{\"@type\":\"EntryPoint\",\"urlTemplate\":\"https:\\\/\\\/vamosporlaliberacion.org\\\/crpmlm\\\/?s={search_term_string}\"},\"query-input\":{\"@type\":\"PropertyValueSpecification\",\"valueRequired\":true,\"valueName\":\"search_term_string\"}}],\"inLanguage\":\"es\"},{\"@type\":\"Person\",\"@id\":\"https:\\\/\\\/vamosporlaliberacion.org\\\/crpmlm\\\/#\\\/schema\\\/person\\\/d6eac7758df3770dae9cd9eb104d615c\",\"name\":\"vamos!\",\"url\":\"https:\\\/\\\/vamosporlaliberacion.org\\\/crpmlm\\\/author\\\/adminvxl\\\/\"}]}<\/script>\n<!-- \/ Yoast SEO plugin. -->","yoast_head_json":{"title":"Vamos por la Liberaci\u00f3n! N\u00ba 142 - Vamos por la Liberaci\u00f3n","robots":{"index":"index","follow":"follow","max-snippet":"max-snippet:-1","max-image-preview":"max-image-preview:large","max-video-preview":"max-video-preview:-1"},"canonical":"https:\/\/vamosporlaliberacion.org\/crpmlm\/vamos-por-la-liberacion-no-142\/","twitter_misc":{"Escrito por":"vamos!","Tiempo de lectura":"2 minutos"},"schema":{"@context":"https:\/\/schema.org","@graph":[{"@type":"Article","@id":"https:\/\/vamosporlaliberacion.org\/crpmlm\/vamos-por-la-liberacion-no-142\/#article","isPartOf":{"@id":"https:\/\/vamosporlaliberacion.org\/crpmlm\/vamos-por-la-liberacion-no-142\/"},"author":{"name":"vamos!","@id":"https:\/\/vamosporlaliberacion.org\/crpmlm\/#\/schema\/person\/d6eac7758df3770dae9cd9eb104d615c"},"headline":"Vamos por la Liberaci\u00f3n! N\u00ba 142","datePublished":"2019-06-09T20:09:15+00:00","dateModified":"2019-06-10T20:10:46+00:00","mainEntityOfPage":{"@id":"https:\/\/vamosporlaliberacion.org\/crpmlm\/vamos-por-la-liberacion-no-142\/"},"wordCount":343,"commentCount":0,"image":{"@id":"https:\/\/vamosporlaliberacion.org\/crpmlm\/vamos-por-la-liberacion-no-142\/#primaryimage"},"thumbnailUrl":"https:\/\/i0.wp.com\/vamosporlaliberacion.org\/crpmlm\/wp-content\/uploads\/2019\/06\/thumbail-vamos.jpg?fit=324%2C235&ssl=1","articleSection":["Vamos!"],"inLanguage":"es","potentialAction":[{"@type":"CommentAction","name":"Comment","target":["https:\/\/vamosporlaliberacion.org\/crpmlm\/vamos-por-la-liberacion-no-142\/#respond"]}]},{"@type":"WebPage","@id":"https:\/\/vamosporlaliberacion.org\/crpmlm\/vamos-por-la-liberacion-no-142\/","url":"https:\/\/vamosporlaliberacion.org\/crpmlm\/vamos-por-la-liberacion-no-142\/","name":"Vamos por la Liberaci\u00f3n! N\u00ba 142 - Vamos por la Liberaci\u00f3n","isPartOf":{"@id":"https:\/\/vamosporlaliberacion.org\/crpmlm\/#website"},"primaryImageOfPage":{"@id":"https:\/\/vamosporlaliberacion.org\/crpmlm\/vamos-por-la-liberacion-no-142\/#primaryimage"},"image":{"@id":"https:\/\/vamosporlaliberacion.org\/crpmlm\/vamos-por-la-liberacion-no-142\/#primaryimage"},"thumbnailUrl":"https:\/\/i0.wp.com\/vamosporlaliberacion.org\/crpmlm\/wp-content\/uploads\/2019\/06\/thumbail-vamos.jpg?fit=324%2C235&ssl=1","datePublished":"2019-06-09T20:09:15+00:00","dateModified":"2019-06-10T20:10:46+00:00","author":{"@id":"https:\/\/vamosporlaliberacion.org\/crpmlm\/#\/schema\/person\/d6eac7758df3770dae9cd9eb104d615c"},"breadcrumb":{"@id":"https:\/\/vamosporlaliberacion.org\/crpmlm\/vamos-por-la-liberacion-no-142\/#breadcrumb"},"inLanguage":"es","potentialAction":[{"@type":"ReadAction","target":["https:\/\/vamosporlaliberacion.org\/crpmlm\/vamos-por-la-liberacion-no-142\/"]}]},{"@type":"ImageObject","inLanguage":"es","@id":"https:\/\/vamosporlaliberacion.org\/crpmlm\/vamos-por-la-liberacion-no-142\/#primaryimage","url":"https:\/\/i0.wp.com\/vamosporlaliberacion.org\/crpmlm\/wp-content\/uploads\/2019\/06\/thumbail-vamos.jpg?fit=324%2C235&ssl=1","contentUrl":"https:\/\/i0.wp.com\/vamosporlaliberacion.org\/crpmlm\/wp-content\/uploads\/2019\/06\/thumbail-vamos.jpg?fit=324%2C235&ssl=1","width":324,"height":235},{"@type":"BreadcrumbList","@id":"https:\/\/vamosporlaliberacion.org\/crpmlm\/vamos-por-la-liberacion-no-142\/#breadcrumb","itemListElement":[{"@type":"ListItem","position":1,"name":"Portada","item":"https:\/\/vamosporlaliberacion.org\/crpmlm\/"},{"@type":"ListItem","position":2,"name":"Vamos por la Liberaci\u00f3n! N\u00ba 142"}]},{"@type":"WebSite","@id":"https:\/\/vamosporlaliberacion.org\/crpmlm\/#website","url":"https:\/\/vamosporlaliberacion.org\/crpmlm\/","name":"Vamos por la Liberaci\u00f3n","description":"Prensa CR","potentialAction":[{"@type":"SearchAction","target":{"@type":"EntryPoint","urlTemplate":"https:\/\/vamosporlaliberacion.org\/crpmlm\/?s={search_term_string}"},"query-input":{"@type":"PropertyValueSpecification","valueRequired":true,"valueName":"search_term_string"}}],"inLanguage":"es"},{"@type":"Person","@id":"https:\/\/vamosporlaliberacion.org\/crpmlm\/#\/schema\/person\/d6eac7758df3770dae9cd9eb104d615c","name":"vamos!","url":"https:\/\/vamosporlaliberacion.org\/crpmlm\/author\/adminvxl\/"}]}},"jetpack_featured_media_url":"https:\/\/i0.wp.com\/vamosporlaliberacion.org\/crpmlm\/wp-content\/uploads\/2019\/06\/thumbail-vamos.jpg?fit=324%2C235&ssl=1","jetpack_sharing_enabled":true,"_links":{"self":[{"href":"https:\/\/vamosporlaliberacion.org\/crpmlm\/wp-json\/wp\/v2\/posts\/13854","targetHints":{"allow":["GET"]}}],"collection":[{"href":"https:\/\/vamosporlaliberacion.org\/crpmlm\/wp-json\/wp\/v2\/posts"}],"about":[{"href":"https:\/\/vamosporlaliberacion.org\/crpmlm\/wp-json\/wp\/v2\/types\/post"}],"author":[{"embeddable":true,"href":"https:\/\/vamosporlaliberacion.org\/crpmlm\/wp-json\/wp\/v2\/users\/6"}],"replies":[{"embeddable":true,"href":"https:\/\/vamosporlaliberacion.org\/crpmlm\/wp-json\/wp\/v2\/comments?post=13854"}],"version-history":[{"count":0,"href":"https:\/\/vamosporlaliberacion.org\/crpmlm\/wp-json\/wp\/v2\/posts\/13854\/revisions"}],"wp:featuredmedia":[{"embeddable":true,"href":"https:\/\/vamosporlaliberacion.org\/crpmlm\/wp-json\/wp\/v2\/media\/13855"}],"wp:attachment":[{"href":"https:\/\/vamosporlaliberacion.org\/crpmlm\/wp-json\/wp\/v2\/media?parent=13854"}],"wp:term":[{"taxonomy":"category","embeddable":true,"href":"https:\/\/vamosporlaliberacion.org\/crpmlm\/wp-json\/wp\/v2\/categories?post=13854"},{"taxonomy":"post_tag","embeddable":true,"href":"https:\/\/vamosporlaliberacion.org\/crpmlm\/wp-json\/wp\/v2\/tags?post=13854"}],"curies":[{"name":"wp","href":"https:\/\/api.w.org\/{rel}","templated":true}]}}