{"id":13849,"date":"2019-06-09T16:35:13","date_gmt":"2019-06-09T19:35:13","guid":{"rendered":"http:\/\/vamosporlaliberacion.org\/crpmlm\/?p=13849"},"modified":"2020-10-13T16:20:25","modified_gmt":"2020-10-13T19:20:25","slug":"una-vez-mas-sera-ley","status":"publish","type":"post","link":"https:\/\/vamosporlaliberacion.org\/crpmlm\/una-vez-mas-sera-ley\/","title":{"rendered":"Una vez m\u00e1s: \u00a1Ser\u00e1 Ley!"},"content":{"rendered":"<p>La Campa\u00f1a Nacional por el Derecho al aborto legal, seguro y gratuito present\u00f3 por octava vez en la C\u00e1mara de Diputados el proyecto de Interrupci\u00f3n Voluntaria del Embarazo. Lo hizo el 28 de mayo en el \u201cD\u00eda Internacional de Acci\u00f3n por la salud de las mujeres\u201d. La movilizaci\u00f3n que acompa\u00f1\u00f3 la presentaci\u00f3n del proyecto fue tan numerosa que recordaba las jornadas hist\u00f3ricas del 13J y el 8A.<\/p>\n<p>El nuevo proyecto recoge algunas de las modificaciones realizadas el a\u00f1o pasado en la C\u00e1mara de Diputados e incluye otras discutidas nacionalmente al interior de la Campa\u00f1a. El proyecto prev\u00e9:<\/p>\n<p>\u2022 Interrupci\u00f3n del embarazo a las mujeres y personas con capacidad de gestar, en el marco de la ampliaci\u00f3n de derechos respecto del reconocimiento y respeto de la identidad de g\u00e9nero de cada persona, entendida como la vivencia interna e individual del g\u00e9nero tal como cada persona la siente, la cual puede corresponder o no con el sexo asignado al momento del nacimiento.<\/p>\n<p>\u2022 Estas personas podr\u00e1n acceder a un aborto voluntario legal y seguro hasta la semana 14 de gestaci\u00f3n de forma gratuita en hospitales y centros de salud p\u00fablicos y con una cobertura del 100% si tienen obra social, mutual o prepaga; adem\u00e1s el proyecto propone que la pr\u00e1ctica sea incluida en el Plan M\u00e9dico Obligatorio.<\/p>\n<p>\u2022 M\u00e1s all\u00e1 del plazo de las 14 semanas de gestaci\u00f3n, las mujeres y otras identidades con capacidad de gestar tendr\u00e1n derecho a acceder a la interrupci\u00f3n legal del embarazo en caso de violaci\u00f3n o si corre riesgo su vida o su salud integral. Esta \u00faltima entendida como el estado de completo bienestar f\u00edsico, mental y social (tal como la define la Organizaci\u00f3n Mundial de la Salud).<\/p>\n<p>\u2022 La completa despenalizaci\u00f3n de las personas que deciden abortar.<\/p>\n<p>\u2022 No incluye la objeci\u00f3n de conciencia, ya que consagra esta pr\u00e1ctica de salud como un derecho, cuyo ejercicio no puede negarse ni vulnerarse por creencias o posiciones personales, religiosas o morales.<\/p>\n<p>\u2022 Se reforz\u00f3 el art\u00edculo que establece el acceso a la educaci\u00f3n sexual integral y a la anticoncepci\u00f3n.<\/p>\n<p>La campa\u00f1a en su comunicado de prensa afirmaba que el proyecto \u201cfue el m\u00e1s discutido de la historia de nuestro pa\u00eds con m\u00e1s de setecientas expositoras y expositores en cuatro meses de debate. El tratamiento de esta Ley traspas\u00f3 el edificio legislativo y no fue s\u00f3lo pol\u00edtico, sino tambi\u00e9n social. Este proceso dio inicio a la \u201cmarea verde\u201d en la Argentina y el mundo, demostrando que el aborto legal, seguro y gratuito es una demanda popular y masiva, que forma parte de los reclamos hist\u00f3ricos del movimiento feminista y de mujeres que se manifiesta de forma coordinada territorial, transversal, pol\u00edtica e intergeneracionalmente.\u201d Y agrega que \u201ctuvo lugar en todo el pa\u00eds entre marzo y agosto de 2018 de parte de diversos colectivos en demanda y apoyo a una Ley necesaria. Las multitudinarias movilizaciones en todas las provincias demostraron una participaci\u00f3n pol\u00edtica in\u00e9dita, sobre todo de parte de las juventudes. El reclamo por el derecho al aborto es integral. Se contin\u00faa exigiendo presupuesto y pol\u00edticas p\u00fablicas universales, para terminar con la desigualdad e injusticia en el acceso y reconocimiento a derechos b\u00e1sicos como la salud y el ejercicio de soberan\u00eda sobre el propio cuerpo.\u201d<\/p>\n<p>Ahora est\u00e1 en manos de los diputados y diputadas garantizar el r\u00e1pido tratamiento y aprobaci\u00f3n del proyecto, ya que la clandestinidad del aborto sigue matando: El 10 de mayo falleci\u00f3 una joven mujer de 28 a\u00f1os, madre de dos hijos, a causa de las complicaciones de un aborto realizado con tallo de perejil. Tan s\u00f3lo tres d\u00edas antes, se hab\u00eda dado a conocer la muerte de otra mujer de 31 a\u00f1os, tambi\u00e9n por una infecci\u00f3n en el \u00fatero por un aborto inseguro en El Tigre.<\/p>\n<p>Tambi\u00e9n redoblar la lucha en las calles y fortalecer la Campa\u00f1a Nacional por el Derecho al Aborto Legal Seguro y Gratuito, de la que somos parte, para llegar a todo el pa\u00eds y todos los lugares de estudio, de trabajo, barrios, etc., como garant\u00eda del triunfo de esta lucha.<\/p>\n<!-- AddThis Advanced Settings generic via filter on the_content --><!-- AddThis Share Buttons generic via filter on the_content -->","protected":false},"excerpt":{"rendered":"<p>La Campa\u00f1a Nacional por el Derecho al aborto legal, seguro y gratuito present\u00f3 por octava vez en la C\u00e1mara de Diputados el proyecto de Interrupci\u00f3n Voluntaria del Embarazo. Lo hizo el 28 de mayo en el \u201cD\u00eda Internacional de Acci\u00f3n por la salud de las mujeres\u201d. La movilizaci\u00f3n que acompa\u00f1\u00f3 la presentaci\u00f3n del proyecto fue [&hellip;]<!-- AddThis Advanced Settings generic via filter on get_the_excerpt --><!-- AddThis Share Buttons generic via filter on get_the_excerpt --><\/p>\n","protected":false},"author":6,"featured_media":13800,"comment_status":"open","ping_status":"open","sticky":false,"template":"","format":"standard","meta":{"_jetpack_memberships_contains_paid_content":false,"footnotes":""},"categories":[1875],"tags":[304,1315],"class_list":{"0":"post-13849","1":"post","2":"type-post","3":"status-publish","4":"format-standard","5":"has-post-thumbnail","7":"category-genero","8":"tag-aborto","9":"tag-vxl-142"},"yoast_head":"<!-- This site is optimized with the Yoast SEO plugin v27.4 - https:\/\/yoast.com\/product\/yoast-seo-wordpress\/ -->\n<title>Una vez m\u00e1s: \u00a1Ser\u00e1 Ley! - Vamos por la Liberaci\u00f3n<\/title>\n<meta name=\"robots\" content=\"index, follow, max-snippet:-1, max-image-preview:large, max-video-preview:-1\" \/>\n<link rel=\"canonical\" href=\"https:\/\/vamosporlaliberacion.org\/crpmlm\/una-vez-mas-sera-ley\/\" \/>\n<meta name=\"twitter:label1\" content=\"Escrito por\" \/>\n\t<meta name=\"twitter:data1\" content=\"vamos!\" \/>\n\t<meta name=\"twitter:label2\" content=\"Tiempo de lectura\" \/>\n\t<meta name=\"twitter:data2\" content=\"4 minutos\" \/>\n<script type=\"application\/ld+json\" class=\"yoast-schema-graph\">{\"@context\":\"https:\\\/\\\/schema.org\",\"@graph\":[{\"@type\":\"Article\",\"@id\":\"https:\\\/\\\/vamosporlaliberacion.org\\\/crpmlm\\\/una-vez-mas-sera-ley\\\/#article\",\"isPartOf\":{\"@id\":\"https:\\\/\\\/vamosporlaliberacion.org\\\/crpmlm\\\/una-vez-mas-sera-ley\\\/\"},\"author\":{\"name\":\"vamos!\",\"@id\":\"https:\\\/\\\/vamosporlaliberacion.org\\\/crpmlm\\\/#\\\/schema\\\/person\\\/d6eac7758df3770dae9cd9eb104d615c\"},\"headline\":\"Una vez m\u00e1s: \u00a1Ser\u00e1 Ley!\",\"datePublished\":\"2019-06-09T19:35:13+00:00\",\"dateModified\":\"2020-10-13T19:20:25+00:00\",\"mainEntityOfPage\":{\"@id\":\"https:\\\/\\\/vamosporlaliberacion.org\\\/crpmlm\\\/una-vez-mas-sera-ley\\\/\"},\"wordCount\":726,\"commentCount\":0,\"image\":{\"@id\":\"https:\\\/\\\/vamosporlaliberacion.org\\\/crpmlm\\\/una-vez-mas-sera-ley\\\/#primaryimage\"},\"thumbnailUrl\":\"https:\\\/\\\/i0.wp.com\\\/vamosporlaliberacion.org\\\/crpmlm\\\/wp-content\\\/uploads\\\/2019\\\/06\\\/proyecto-ive.jpg?fit=750%2C422&ssl=1\",\"keywords\":[\"Aborto\",\"vxl 142\"],\"articleSection\":[\"Genero\"],\"inLanguage\":\"es\",\"potentialAction\":[{\"@type\":\"CommentAction\",\"name\":\"Comment\",\"target\":[\"https:\\\/\\\/vamosporlaliberacion.org\\\/crpmlm\\\/una-vez-mas-sera-ley\\\/#respond\"]}]},{\"@type\":\"WebPage\",\"@id\":\"https:\\\/\\\/vamosporlaliberacion.org\\\/crpmlm\\\/una-vez-mas-sera-ley\\\/\",\"url\":\"https:\\\/\\\/vamosporlaliberacion.org\\\/crpmlm\\\/una-vez-mas-sera-ley\\\/\",\"name\":\"Una vez m\u00e1s: \u00a1Ser\u00e1 Ley! - Vamos por la Liberaci\u00f3n\",\"isPartOf\":{\"@id\":\"https:\\\/\\\/vamosporlaliberacion.org\\\/crpmlm\\\/#website\"},\"primaryImageOfPage\":{\"@id\":\"https:\\\/\\\/vamosporlaliberacion.org\\\/crpmlm\\\/una-vez-mas-sera-ley\\\/#primaryimage\"},\"image\":{\"@id\":\"https:\\\/\\\/vamosporlaliberacion.org\\\/crpmlm\\\/una-vez-mas-sera-ley\\\/#primaryimage\"},\"thumbnailUrl\":\"https:\\\/\\\/i0.wp.com\\\/vamosporlaliberacion.org\\\/crpmlm\\\/wp-content\\\/uploads\\\/2019\\\/06\\\/proyecto-ive.jpg?fit=750%2C422&ssl=1\",\"datePublished\":\"2019-06-09T19:35:13+00:00\",\"dateModified\":\"2020-10-13T19:20:25+00:00\",\"author\":{\"@id\":\"https:\\\/\\\/vamosporlaliberacion.org\\\/crpmlm\\\/#\\\/schema\\\/person\\\/d6eac7758df3770dae9cd9eb104d615c\"},\"breadcrumb\":{\"@id\":\"https:\\\/\\\/vamosporlaliberacion.org\\\/crpmlm\\\/una-vez-mas-sera-ley\\\/#breadcrumb\"},\"inLanguage\":\"es\",\"potentialAction\":[{\"@type\":\"ReadAction\",\"target\":[\"https:\\\/\\\/vamosporlaliberacion.org\\\/crpmlm\\\/una-vez-mas-sera-ley\\\/\"]}]},{\"@type\":\"ImageObject\",\"inLanguage\":\"es\",\"@id\":\"https:\\\/\\\/vamosporlaliberacion.org\\\/crpmlm\\\/una-vez-mas-sera-ley\\\/#primaryimage\",\"url\":\"https:\\\/\\\/i0.wp.com\\\/vamosporlaliberacion.org\\\/crpmlm\\\/wp-content\\\/uploads\\\/2019\\\/06\\\/proyecto-ive.jpg?fit=750%2C422&ssl=1\",\"contentUrl\":\"https:\\\/\\\/i0.wp.com\\\/vamosporlaliberacion.org\\\/crpmlm\\\/wp-content\\\/uploads\\\/2019\\\/06\\\/proyecto-ive.jpg?fit=750%2C422&ssl=1\",\"width\":750,\"height\":422},{\"@type\":\"BreadcrumbList\",\"@id\":\"https:\\\/\\\/vamosporlaliberacion.org\\\/crpmlm\\\/una-vez-mas-sera-ley\\\/#breadcrumb\",\"itemListElement\":[{\"@type\":\"ListItem\",\"position\":1,\"name\":\"Portada\",\"item\":\"https:\\\/\\\/vamosporlaliberacion.org\\\/crpmlm\\\/\"},{\"@type\":\"ListItem\",\"position\":2,\"name\":\"Una vez m\u00e1s: \u00a1Ser\u00e1 Ley!\"}]},{\"@type\":\"WebSite\",\"@id\":\"https:\\\/\\\/vamosporlaliberacion.org\\\/crpmlm\\\/#website\",\"url\":\"https:\\\/\\\/vamosporlaliberacion.org\\\/crpmlm\\\/\",\"name\":\"Vamos por la Liberaci\u00f3n\",\"description\":\"Prensa CR\",\"potentialAction\":[{\"@type\":\"SearchAction\",\"target\":{\"@type\":\"EntryPoint\",\"urlTemplate\":\"https:\\\/\\\/vamosporlaliberacion.org\\\/crpmlm\\\/?s={search_term_string}\"},\"query-input\":{\"@type\":\"PropertyValueSpecification\",\"valueRequired\":true,\"valueName\":\"search_term_string\"}}],\"inLanguage\":\"es\"},{\"@type\":\"Person\",\"@id\":\"https:\\\/\\\/vamosporlaliberacion.org\\\/crpmlm\\\/#\\\/schema\\\/person\\\/d6eac7758df3770dae9cd9eb104d615c\",\"name\":\"vamos!\",\"url\":\"https:\\\/\\\/vamosporlaliberacion.org\\\/crpmlm\\\/author\\\/adminvxl\\\/\"}]}<\/script>\n<!-- \/ Yoast SEO plugin. -->","yoast_head_json":{"title":"Una vez m\u00e1s: \u00a1Ser\u00e1 Ley! - Vamos por la Liberaci\u00f3n","robots":{"index":"index","follow":"follow","max-snippet":"max-snippet:-1","max-image-preview":"max-image-preview:large","max-video-preview":"max-video-preview:-1"},"canonical":"https:\/\/vamosporlaliberacion.org\/crpmlm\/una-vez-mas-sera-ley\/","twitter_misc":{"Escrito por":"vamos!","Tiempo de lectura":"4 minutos"},"schema":{"@context":"https:\/\/schema.org","@graph":[{"@type":"Article","@id":"https:\/\/vamosporlaliberacion.org\/crpmlm\/una-vez-mas-sera-ley\/#article","isPartOf":{"@id":"https:\/\/vamosporlaliberacion.org\/crpmlm\/una-vez-mas-sera-ley\/"},"author":{"name":"vamos!","@id":"https:\/\/vamosporlaliberacion.org\/crpmlm\/#\/schema\/person\/d6eac7758df3770dae9cd9eb104d615c"},"headline":"Una vez m\u00e1s: \u00a1Ser\u00e1 Ley!","datePublished":"2019-06-09T19:35:13+00:00","dateModified":"2020-10-13T19:20:25+00:00","mainEntityOfPage":{"@id":"https:\/\/vamosporlaliberacion.org\/crpmlm\/una-vez-mas-sera-ley\/"},"wordCount":726,"commentCount":0,"image":{"@id":"https:\/\/vamosporlaliberacion.org\/crpmlm\/una-vez-mas-sera-ley\/#primaryimage"},"thumbnailUrl":"https:\/\/i0.wp.com\/vamosporlaliberacion.org\/crpmlm\/wp-content\/uploads\/2019\/06\/proyecto-ive.jpg?fit=750%2C422&ssl=1","keywords":["Aborto","vxl 142"],"articleSection":["Genero"],"inLanguage":"es","potentialAction":[{"@type":"CommentAction","name":"Comment","target":["https:\/\/vamosporlaliberacion.org\/crpmlm\/una-vez-mas-sera-ley\/#respond"]}]},{"@type":"WebPage","@id":"https:\/\/vamosporlaliberacion.org\/crpmlm\/una-vez-mas-sera-ley\/","url":"https:\/\/vamosporlaliberacion.org\/crpmlm\/una-vez-mas-sera-ley\/","name":"Una vez m\u00e1s: \u00a1Ser\u00e1 Ley! - Vamos por la Liberaci\u00f3n","isPartOf":{"@id":"https:\/\/vamosporlaliberacion.org\/crpmlm\/#website"},"primaryImageOfPage":{"@id":"https:\/\/vamosporlaliberacion.org\/crpmlm\/una-vez-mas-sera-ley\/#primaryimage"},"image":{"@id":"https:\/\/vamosporlaliberacion.org\/crpmlm\/una-vez-mas-sera-ley\/#primaryimage"},"thumbnailUrl":"https:\/\/i0.wp.com\/vamosporlaliberacion.org\/crpmlm\/wp-content\/uploads\/2019\/06\/proyecto-ive.jpg?fit=750%2C422&ssl=1","datePublished":"2019-06-09T19:35:13+00:00","dateModified":"2020-10-13T19:20:25+00:00","author":{"@id":"https:\/\/vamosporlaliberacion.org\/crpmlm\/#\/schema\/person\/d6eac7758df3770dae9cd9eb104d615c"},"breadcrumb":{"@id":"https:\/\/vamosporlaliberacion.org\/crpmlm\/una-vez-mas-sera-ley\/#breadcrumb"},"inLanguage":"es","potentialAction":[{"@type":"ReadAction","target":["https:\/\/vamosporlaliberacion.org\/crpmlm\/una-vez-mas-sera-ley\/"]}]},{"@type":"ImageObject","inLanguage":"es","@id":"https:\/\/vamosporlaliberacion.org\/crpmlm\/una-vez-mas-sera-ley\/#primaryimage","url":"https:\/\/i0.wp.com\/vamosporlaliberacion.org\/crpmlm\/wp-content\/uploads\/2019\/06\/proyecto-ive.jpg?fit=750%2C422&ssl=1","contentUrl":"https:\/\/i0.wp.com\/vamosporlaliberacion.org\/crpmlm\/wp-content\/uploads\/2019\/06\/proyecto-ive.jpg?fit=750%2C422&ssl=1","width":750,"height":422},{"@type":"BreadcrumbList","@id":"https:\/\/vamosporlaliberacion.org\/crpmlm\/una-vez-mas-sera-ley\/#breadcrumb","itemListElement":[{"@type":"ListItem","position":1,"name":"Portada","item":"https:\/\/vamosporlaliberacion.org\/crpmlm\/"},{"@type":"ListItem","position":2,"name":"Una vez m\u00e1s: \u00a1Ser\u00e1 Ley!"}]},{"@type":"WebSite","@id":"https:\/\/vamosporlaliberacion.org\/crpmlm\/#website","url":"https:\/\/vamosporlaliberacion.org\/crpmlm\/","name":"Vamos por la Liberaci\u00f3n","description":"Prensa CR","potentialAction":[{"@type":"SearchAction","target":{"@type":"EntryPoint","urlTemplate":"https:\/\/vamosporlaliberacion.org\/crpmlm\/?s={search_term_string}"},"query-input":{"@type":"PropertyValueSpecification","valueRequired":true,"valueName":"search_term_string"}}],"inLanguage":"es"},{"@type":"Person","@id":"https:\/\/vamosporlaliberacion.org\/crpmlm\/#\/schema\/person\/d6eac7758df3770dae9cd9eb104d615c","name":"vamos!","url":"https:\/\/vamosporlaliberacion.org\/crpmlm\/author\/adminvxl\/"}]}},"jetpack_featured_media_url":"https:\/\/i0.wp.com\/vamosporlaliberacion.org\/crpmlm\/wp-content\/uploads\/2019\/06\/proyecto-ive.jpg?fit=750%2C422&ssl=1","jetpack_sharing_enabled":true,"_links":{"self":[{"href":"https:\/\/vamosporlaliberacion.org\/crpmlm\/wp-json\/wp\/v2\/posts\/13849","targetHints":{"allow":["GET"]}}],"collection":[{"href":"https:\/\/vamosporlaliberacion.org\/crpmlm\/wp-json\/wp\/v2\/posts"}],"about":[{"href":"https:\/\/vamosporlaliberacion.org\/crpmlm\/wp-json\/wp\/v2\/types\/post"}],"author":[{"embeddable":true,"href":"https:\/\/vamosporlaliberacion.org\/crpmlm\/wp-json\/wp\/v2\/users\/6"}],"replies":[{"embeddable":true,"href":"https:\/\/vamosporlaliberacion.org\/crpmlm\/wp-json\/wp\/v2\/comments?post=13849"}],"version-history":[{"count":2,"href":"https:\/\/vamosporlaliberacion.org\/crpmlm\/wp-json\/wp\/v2\/posts\/13849\/revisions"}],"predecessor-version":[{"id":20079,"href":"https:\/\/vamosporlaliberacion.org\/crpmlm\/wp-json\/wp\/v2\/posts\/13849\/revisions\/20079"}],"wp:featuredmedia":[{"embeddable":true,"href":"https:\/\/vamosporlaliberacion.org\/crpmlm\/wp-json\/wp\/v2\/media\/13800"}],"wp:attachment":[{"href":"https:\/\/vamosporlaliberacion.org\/crpmlm\/wp-json\/wp\/v2\/media?parent=13849"}],"wp:term":[{"taxonomy":"category","embeddable":true,"href":"https:\/\/vamosporlaliberacion.org\/crpmlm\/wp-json\/wp\/v2\/categories?post=13849"},{"taxonomy":"post_tag","embeddable":true,"href":"https:\/\/vamosporlaliberacion.org\/crpmlm\/wp-json\/wp\/v2\/tags?post=13849"}],"curies":[{"name":"wp","href":"https:\/\/api.w.org\/{rel}","templated":true}]}}