{"id":13847,"date":"2019-06-09T16:33:41","date_gmt":"2019-06-09T19:33:41","guid":{"rendered":"http:\/\/vamosporlaliberacion.org\/crpmlm\/?p=13847"},"modified":"2019-06-09T16:33:41","modified_gmt":"2019-06-09T19:33:41","slug":"no-a-la-quita-de-la-moratoria-a-jubiladxs","status":"publish","type":"post","link":"https:\/\/vamosporlaliberacion.org\/crpmlm\/no-a-la-quita-de-la-moratoria-a-jubiladxs\/","title":{"rendered":"No a la quita de la moratoria a jubiladxs"},"content":{"rendered":"<p>El gobierno de Mauricio Macri no prorrog\u00f3 el plazo que vence el 23 de julio para la moratoria vigente por ley, mediante la cual las mujeres de 60 a\u00f1os que no llegan a cumplir 30 a\u00f1os de aportes pueden jubilarse.<\/p>\n<p>La ley de moratoria previsional no fue solo para mujeres. Pero la realidad es que el 86% \u2013casi nueve de cada diez\u2013 de las personas que se beneficiaron desde el 2014 fueron mujeres. Los motivos sobran: encabezamos las cifras del trabajo en negro, por ejemplo en el servicio dom\u00e9stico, de cuidados, etc. Y a la vez muchas no trabajamos o dejamos de trabajar para cuidar a nuestros hijos y nuestra familia, conocidas como \u201camas de casa\u201d.<br \/>\nEl hecho de que las mujeres que trabajamos toda la vida podamos acceder al beneficio jubilatorio no solo es una cuesti\u00f3n de beneficencia, sino un reconocimiento como trabajadoras. Un reconocimiento a las mujeres que toda su vida trabajaron en negro o bien se dedicaron a limpiar, planchar, cocinar, criar, contener, etc. Porque el trabajo dom\u00e9stico, tambi\u00e9n es trabajo, solo que no remunerado.<\/p>\n<p>Por otro lado, estamos ante una situaci\u00f3n donde miles de personas adultas no llegan a fin de mes, no pueden pagar los servicios y el alquiler, no pueden acceder a los medicamentos para tratar sus afecciones, e incluso llegan a suicidarse ante la desesperaci\u00f3n. En este contexto no prorrogar el vencimiento de la moratoria, no solo es un hecho de violencia econ\u00f3mica hacia las mujeres, sino que es un acto criminal. Adem\u00e1s de ser un retroceso en t\u00e9rminos del reconocimiento a la discriminaci\u00f3n laboral y en cuanto a la reparaci\u00f3n que significa reconocer como trabajo la tarea de las \u201camas de casa\u201d. Por estas razones se present\u00f3 en la C\u00e1mara de Diputados un proyecto de ley con la firma de m\u00e1s de diez diputados de la oposici\u00f3n, que plantea la extensi\u00f3n de la moratoria.<\/p>\n<p>El lunes 3 de junio con motivo de la marcha por \u201cNI Una Menos\u201d esta consigna fue una de las centrales de la convocatoria, donde la columna de mujeres sindicalistas march\u00f3 con la consigna \u201cNi Una Jubilada Menos\u201d.<\/p>\n<!-- AddThis Advanced Settings generic via filter on the_content --><!-- AddThis Share Buttons generic via filter on the_content -->","protected":false},"excerpt":{"rendered":"<p>El gobierno de Mauricio Macri no prorrog\u00f3 el plazo que vence el 23 de julio para la moratoria vigente por ley, mediante la cual las mujeres de 60 a\u00f1os que no llegan a cumplir 30 a\u00f1os de aportes pueden jubilarse. La ley de moratoria previsional no fue solo para mujeres. Pero la realidad es que [&hellip;]<!-- AddThis Advanced Settings generic via filter on get_the_excerpt --><!-- AddThis Share Buttons generic via filter on get_the_excerpt --><\/p>\n","protected":false},"author":6,"featured_media":13789,"comment_status":"open","ping_status":"open","sticky":false,"template":"","format":"standard","meta":{"_jetpack_memberships_contains_paid_content":false,"footnotes":""},"categories":[1699],"tags":[1319,146,1315],"class_list":{"0":"post-13847","1":"post","2":"type-post","3":"status-publish","4":"format-standard","5":"has-post-thumbnail","7":"category-noticias","8":"tag-amas-de-casa","9":"tag-jubilacion","10":"tag-vxl-142"},"yoast_head":"<!-- This site is optimized with the Yoast SEO plugin v27.4 - https:\/\/yoast.com\/product\/yoast-seo-wordpress\/ -->\n<title>No a la quita de la moratoria a jubiladxs - Vamos por la Liberaci\u00f3n<\/title>\n<meta name=\"robots\" content=\"index, follow, max-snippet:-1, max-image-preview:large, max-video-preview:-1\" \/>\n<link rel=\"canonical\" href=\"https:\/\/vamosporlaliberacion.org\/crpmlm\/no-a-la-quita-de-la-moratoria-a-jubiladxs\/\" \/>\n<meta name=\"twitter:label1\" content=\"Escrito por\" \/>\n\t<meta name=\"twitter:data1\" content=\"vamos!\" \/>\n\t<meta name=\"twitter:label2\" content=\"Tiempo de lectura\" \/>\n\t<meta name=\"twitter:data2\" content=\"2 minutos\" \/>\n<script type=\"application\/ld+json\" class=\"yoast-schema-graph\">{\"@context\":\"https:\\\/\\\/schema.org\",\"@graph\":[{\"@type\":\"Article\",\"@id\":\"https:\\\/\\\/vamosporlaliberacion.org\\\/crpmlm\\\/no-a-la-quita-de-la-moratoria-a-jubiladxs\\\/#article\",\"isPartOf\":{\"@id\":\"https:\\\/\\\/vamosporlaliberacion.org\\\/crpmlm\\\/no-a-la-quita-de-la-moratoria-a-jubiladxs\\\/\"},\"author\":{\"name\":\"vamos!\",\"@id\":\"https:\\\/\\\/vamosporlaliberacion.org\\\/crpmlm\\\/#\\\/schema\\\/person\\\/d6eac7758df3770dae9cd9eb104d615c\"},\"headline\":\"No a la quita de la moratoria a jubiladxs\",\"datePublished\":\"2019-06-09T19:33:41+00:00\",\"mainEntityOfPage\":{\"@id\":\"https:\\\/\\\/vamosporlaliberacion.org\\\/crpmlm\\\/no-a-la-quita-de-la-moratoria-a-jubiladxs\\\/\"},\"wordCount\":370,\"commentCount\":0,\"image\":{\"@id\":\"https:\\\/\\\/vamosporlaliberacion.org\\\/crpmlm\\\/no-a-la-quita-de-la-moratoria-a-jubiladxs\\\/#primaryimage\"},\"thumbnailUrl\":\"https:\\\/\\\/i0.wp.com\\\/vamosporlaliberacion.org\\\/crpmlm\\\/wp-content\\\/uploads\\\/2019\\\/06\\\/jubilados.jpg?fit=275%2C183&ssl=1\",\"keywords\":[\"amas de casa\",\"Jubilaci\u00f3n\",\"vxl 142\"],\"articleSection\":[\"Noticias\"],\"inLanguage\":\"es\",\"potentialAction\":[{\"@type\":\"CommentAction\",\"name\":\"Comment\",\"target\":[\"https:\\\/\\\/vamosporlaliberacion.org\\\/crpmlm\\\/no-a-la-quita-de-la-moratoria-a-jubiladxs\\\/#respond\"]}]},{\"@type\":\"WebPage\",\"@id\":\"https:\\\/\\\/vamosporlaliberacion.org\\\/crpmlm\\\/no-a-la-quita-de-la-moratoria-a-jubiladxs\\\/\",\"url\":\"https:\\\/\\\/vamosporlaliberacion.org\\\/crpmlm\\\/no-a-la-quita-de-la-moratoria-a-jubiladxs\\\/\",\"name\":\"No a la quita de la moratoria a jubiladxs - Vamos por la Liberaci\u00f3n\",\"isPartOf\":{\"@id\":\"https:\\\/\\\/vamosporlaliberacion.org\\\/crpmlm\\\/#website\"},\"primaryImageOfPage\":{\"@id\":\"https:\\\/\\\/vamosporlaliberacion.org\\\/crpmlm\\\/no-a-la-quita-de-la-moratoria-a-jubiladxs\\\/#primaryimage\"},\"image\":{\"@id\":\"https:\\\/\\\/vamosporlaliberacion.org\\\/crpmlm\\\/no-a-la-quita-de-la-moratoria-a-jubiladxs\\\/#primaryimage\"},\"thumbnailUrl\":\"https:\\\/\\\/i0.wp.com\\\/vamosporlaliberacion.org\\\/crpmlm\\\/wp-content\\\/uploads\\\/2019\\\/06\\\/jubilados.jpg?fit=275%2C183&ssl=1\",\"datePublished\":\"2019-06-09T19:33:41+00:00\",\"author\":{\"@id\":\"https:\\\/\\\/vamosporlaliberacion.org\\\/crpmlm\\\/#\\\/schema\\\/person\\\/d6eac7758df3770dae9cd9eb104d615c\"},\"breadcrumb\":{\"@id\":\"https:\\\/\\\/vamosporlaliberacion.org\\\/crpmlm\\\/no-a-la-quita-de-la-moratoria-a-jubiladxs\\\/#breadcrumb\"},\"inLanguage\":\"es\",\"potentialAction\":[{\"@type\":\"ReadAction\",\"target\":[\"https:\\\/\\\/vamosporlaliberacion.org\\\/crpmlm\\\/no-a-la-quita-de-la-moratoria-a-jubiladxs\\\/\"]}]},{\"@type\":\"ImageObject\",\"inLanguage\":\"es\",\"@id\":\"https:\\\/\\\/vamosporlaliberacion.org\\\/crpmlm\\\/no-a-la-quita-de-la-moratoria-a-jubiladxs\\\/#primaryimage\",\"url\":\"https:\\\/\\\/i0.wp.com\\\/vamosporlaliberacion.org\\\/crpmlm\\\/wp-content\\\/uploads\\\/2019\\\/06\\\/jubilados.jpg?fit=275%2C183&ssl=1\",\"contentUrl\":\"https:\\\/\\\/i0.wp.com\\\/vamosporlaliberacion.org\\\/crpmlm\\\/wp-content\\\/uploads\\\/2019\\\/06\\\/jubilados.jpg?fit=275%2C183&ssl=1\",\"width\":275,\"height\":183},{\"@type\":\"BreadcrumbList\",\"@id\":\"https:\\\/\\\/vamosporlaliberacion.org\\\/crpmlm\\\/no-a-la-quita-de-la-moratoria-a-jubiladxs\\\/#breadcrumb\",\"itemListElement\":[{\"@type\":\"ListItem\",\"position\":1,\"name\":\"Portada\",\"item\":\"https:\\\/\\\/vamosporlaliberacion.org\\\/crpmlm\\\/\"},{\"@type\":\"ListItem\",\"position\":2,\"name\":\"No a la quita de la moratoria a jubiladxs\"}]},{\"@type\":\"WebSite\",\"@id\":\"https:\\\/\\\/vamosporlaliberacion.org\\\/crpmlm\\\/#website\",\"url\":\"https:\\\/\\\/vamosporlaliberacion.org\\\/crpmlm\\\/\",\"name\":\"Vamos por la Liberaci\u00f3n\",\"description\":\"Prensa CR\",\"potentialAction\":[{\"@type\":\"SearchAction\",\"target\":{\"@type\":\"EntryPoint\",\"urlTemplate\":\"https:\\\/\\\/vamosporlaliberacion.org\\\/crpmlm\\\/?s={search_term_string}\"},\"query-input\":{\"@type\":\"PropertyValueSpecification\",\"valueRequired\":true,\"valueName\":\"search_term_string\"}}],\"inLanguage\":\"es\"},{\"@type\":\"Person\",\"@id\":\"https:\\\/\\\/vamosporlaliberacion.org\\\/crpmlm\\\/#\\\/schema\\\/person\\\/d6eac7758df3770dae9cd9eb104d615c\",\"name\":\"vamos!\",\"url\":\"https:\\\/\\\/vamosporlaliberacion.org\\\/crpmlm\\\/author\\\/adminvxl\\\/\"}]}<\/script>\n<!-- \/ Yoast SEO plugin. -->","yoast_head_json":{"title":"No a la quita de la moratoria a jubiladxs - Vamos por la Liberaci\u00f3n","robots":{"index":"index","follow":"follow","max-snippet":"max-snippet:-1","max-image-preview":"max-image-preview:large","max-video-preview":"max-video-preview:-1"},"canonical":"https:\/\/vamosporlaliberacion.org\/crpmlm\/no-a-la-quita-de-la-moratoria-a-jubiladxs\/","twitter_misc":{"Escrito por":"vamos!","Tiempo de lectura":"2 minutos"},"schema":{"@context":"https:\/\/schema.org","@graph":[{"@type":"Article","@id":"https:\/\/vamosporlaliberacion.org\/crpmlm\/no-a-la-quita-de-la-moratoria-a-jubiladxs\/#article","isPartOf":{"@id":"https:\/\/vamosporlaliberacion.org\/crpmlm\/no-a-la-quita-de-la-moratoria-a-jubiladxs\/"},"author":{"name":"vamos!","@id":"https:\/\/vamosporlaliberacion.org\/crpmlm\/#\/schema\/person\/d6eac7758df3770dae9cd9eb104d615c"},"headline":"No a la quita de la moratoria a jubiladxs","datePublished":"2019-06-09T19:33:41+00:00","mainEntityOfPage":{"@id":"https:\/\/vamosporlaliberacion.org\/crpmlm\/no-a-la-quita-de-la-moratoria-a-jubiladxs\/"},"wordCount":370,"commentCount":0,"image":{"@id":"https:\/\/vamosporlaliberacion.org\/crpmlm\/no-a-la-quita-de-la-moratoria-a-jubiladxs\/#primaryimage"},"thumbnailUrl":"https:\/\/i0.wp.com\/vamosporlaliberacion.org\/crpmlm\/wp-content\/uploads\/2019\/06\/jubilados.jpg?fit=275%2C183&ssl=1","keywords":["amas de casa","Jubilaci\u00f3n","vxl 142"],"articleSection":["Noticias"],"inLanguage":"es","potentialAction":[{"@type":"CommentAction","name":"Comment","target":["https:\/\/vamosporlaliberacion.org\/crpmlm\/no-a-la-quita-de-la-moratoria-a-jubiladxs\/#respond"]}]},{"@type":"WebPage","@id":"https:\/\/vamosporlaliberacion.org\/crpmlm\/no-a-la-quita-de-la-moratoria-a-jubiladxs\/","url":"https:\/\/vamosporlaliberacion.org\/crpmlm\/no-a-la-quita-de-la-moratoria-a-jubiladxs\/","name":"No a la quita de la moratoria a jubiladxs - Vamos por la Liberaci\u00f3n","isPartOf":{"@id":"https:\/\/vamosporlaliberacion.org\/crpmlm\/#website"},"primaryImageOfPage":{"@id":"https:\/\/vamosporlaliberacion.org\/crpmlm\/no-a-la-quita-de-la-moratoria-a-jubiladxs\/#primaryimage"},"image":{"@id":"https:\/\/vamosporlaliberacion.org\/crpmlm\/no-a-la-quita-de-la-moratoria-a-jubiladxs\/#primaryimage"},"thumbnailUrl":"https:\/\/i0.wp.com\/vamosporlaliberacion.org\/crpmlm\/wp-content\/uploads\/2019\/06\/jubilados.jpg?fit=275%2C183&ssl=1","datePublished":"2019-06-09T19:33:41+00:00","author":{"@id":"https:\/\/vamosporlaliberacion.org\/crpmlm\/#\/schema\/person\/d6eac7758df3770dae9cd9eb104d615c"},"breadcrumb":{"@id":"https:\/\/vamosporlaliberacion.org\/crpmlm\/no-a-la-quita-de-la-moratoria-a-jubiladxs\/#breadcrumb"},"inLanguage":"es","potentialAction":[{"@type":"ReadAction","target":["https:\/\/vamosporlaliberacion.org\/crpmlm\/no-a-la-quita-de-la-moratoria-a-jubiladxs\/"]}]},{"@type":"ImageObject","inLanguage":"es","@id":"https:\/\/vamosporlaliberacion.org\/crpmlm\/no-a-la-quita-de-la-moratoria-a-jubiladxs\/#primaryimage","url":"https:\/\/i0.wp.com\/vamosporlaliberacion.org\/crpmlm\/wp-content\/uploads\/2019\/06\/jubilados.jpg?fit=275%2C183&ssl=1","contentUrl":"https:\/\/i0.wp.com\/vamosporlaliberacion.org\/crpmlm\/wp-content\/uploads\/2019\/06\/jubilados.jpg?fit=275%2C183&ssl=1","width":275,"height":183},{"@type":"BreadcrumbList","@id":"https:\/\/vamosporlaliberacion.org\/crpmlm\/no-a-la-quita-de-la-moratoria-a-jubiladxs\/#breadcrumb","itemListElement":[{"@type":"ListItem","position":1,"name":"Portada","item":"https:\/\/vamosporlaliberacion.org\/crpmlm\/"},{"@type":"ListItem","position":2,"name":"No a la quita de la moratoria a jubiladxs"}]},{"@type":"WebSite","@id":"https:\/\/vamosporlaliberacion.org\/crpmlm\/#website","url":"https:\/\/vamosporlaliberacion.org\/crpmlm\/","name":"Vamos por la Liberaci\u00f3n","description":"Prensa CR","potentialAction":[{"@type":"SearchAction","target":{"@type":"EntryPoint","urlTemplate":"https:\/\/vamosporlaliberacion.org\/crpmlm\/?s={search_term_string}"},"query-input":{"@type":"PropertyValueSpecification","valueRequired":true,"valueName":"search_term_string"}}],"inLanguage":"es"},{"@type":"Person","@id":"https:\/\/vamosporlaliberacion.org\/crpmlm\/#\/schema\/person\/d6eac7758df3770dae9cd9eb104d615c","name":"vamos!","url":"https:\/\/vamosporlaliberacion.org\/crpmlm\/author\/adminvxl\/"}]}},"jetpack_featured_media_url":"https:\/\/i0.wp.com\/vamosporlaliberacion.org\/crpmlm\/wp-content\/uploads\/2019\/06\/jubilados.jpg?fit=275%2C183&ssl=1","jetpack_sharing_enabled":true,"_links":{"self":[{"href":"https:\/\/vamosporlaliberacion.org\/crpmlm\/wp-json\/wp\/v2\/posts\/13847","targetHints":{"allow":["GET"]}}],"collection":[{"href":"https:\/\/vamosporlaliberacion.org\/crpmlm\/wp-json\/wp\/v2\/posts"}],"about":[{"href":"https:\/\/vamosporlaliberacion.org\/crpmlm\/wp-json\/wp\/v2\/types\/post"}],"author":[{"embeddable":true,"href":"https:\/\/vamosporlaliberacion.org\/crpmlm\/wp-json\/wp\/v2\/users\/6"}],"replies":[{"embeddable":true,"href":"https:\/\/vamosporlaliberacion.org\/crpmlm\/wp-json\/wp\/v2\/comments?post=13847"}],"version-history":[{"count":0,"href":"https:\/\/vamosporlaliberacion.org\/crpmlm\/wp-json\/wp\/v2\/posts\/13847\/revisions"}],"wp:featuredmedia":[{"embeddable":true,"href":"https:\/\/vamosporlaliberacion.org\/crpmlm\/wp-json\/wp\/v2\/media\/13789"}],"wp:attachment":[{"href":"https:\/\/vamosporlaliberacion.org\/crpmlm\/wp-json\/wp\/v2\/media?parent=13847"}],"wp:term":[{"taxonomy":"category","embeddable":true,"href":"https:\/\/vamosporlaliberacion.org\/crpmlm\/wp-json\/wp\/v2\/categories?post=13847"},{"taxonomy":"post_tag","embeddable":true,"href":"https:\/\/vamosporlaliberacion.org\/crpmlm\/wp-json\/wp\/v2\/tags?post=13847"}],"curies":[{"name":"wp","href":"https:\/\/api.w.org\/{rel}","templated":true}]}}