{"id":13754,"date":"2019-06-04T23:22:02","date_gmt":"2019-06-05T02:22:02","guid":{"rendered":"http:\/\/vamosporlaliberacion.org\/crpmlm\/?p=13754"},"modified":"2020-10-13T16:15:07","modified_gmt":"2020-10-13T19:15:07","slug":"encuentro-regional-comahue-de-mujeres-y-disidencias","status":"publish","type":"post","link":"https:\/\/vamosporlaliberacion.org\/crpmlm\/encuentro-regional-comahue-de-mujeres-y-disidencias\/","title":{"rendered":"Encuentro regional Comahue de mujeres y disidencias"},"content":{"rendered":"<p>Se realiz\u00f3 el 4 de mayo en Catriel, ciudad situada en el extremo norte de la provincia de R\u00edo Negro conocida como la \u201cCapital Provincial del Petr\u00f3leo\u201d. Que se haya convocado un Encuentro en esta ciudad, cuya principal actividad econ\u00f3mica es la extracci\u00f3n de petr\u00f3leo, result\u00f3 muy significativo y valioso, ya que tambi\u00e9n se la enmarca dentro de lo que se denomina ruta de la trata y la prostituci\u00f3n.<br \/>\nEl Encuentro comenz\u00f3 aproximadamente a las 10hs. Una hermana de la comunidad Mapuche nos dio la bienvenida a trav\u00e9s de una rogativa. Luego integrantes de la Comisi\u00f3n Organizadora leyeron un documento en el que expresaron la importancia y razones por las cuales decidieron retomar con estos encuentros regionales, que desde hace m\u00e1s de 10 a\u00f1os no se llevaban a cabo. Una de las principales causas est\u00e1 relacionada con la violencia machista que d\u00eda a d\u00eda sufren las mujeres en esa ciudad y la trata.<br \/>\nLuego de esta emotiva bienvenida, fuimos invitadas a pasar a los ocho talleres propuestos: Infancias y Adolescencia; Territorio-Mapu; Salud; Cuerpxs; Econom\u00eda feminista, tierra y trabajo, feminizaci\u00f3n de la pobreza; Abuso sexual, Trata y desaparici\u00f3n forzada de personas; Violencias de g\u00e9nero; Aborto. Diversidad sexual. Separaci\u00f3n de la Iglesia y el Estado.<br \/>\nUna vez m\u00e1s reivindicamos el espacio de los talleres como el alma de cada Encuentro. En ellos pudimos expresarnos, escucharnos, compartir experiencias y enriquecernos en el camino de la liberaci\u00f3n. Participaron de los mismos compa\u00f1eres de Fiske Menuco-Roca, Allen, Fern\u00e1ndez Oro, San Antonio, Las Grutas, Viedma y Cipolletti.<br \/>\nComo cada encuentro, marchamos por las calles de la ciudad. La marcha estuvo cargada de alegr\u00eda, baile y canto al ritmo de \u201cLas Tamboras\u201d. Culminamos en un espacio en el que se desarrollaron diversas actividades culturales: grupos de m\u00fasica, danza con telas, narraci\u00f3n de poemas, presentaci\u00f3n de un libro, entre otros espect\u00e1culos. Por \u00faltimo, se eligi\u00f3 la nueva sede en la cual se llevar\u00e1 el pr\u00f3ximo Encuentro Regional, quedando Cipolletti encargada de la Organizaci\u00f3n. Les integrantes de las diferentes organizaciones de esta ciudad nos sentimos orgulloses de que nuestra ciudad haya sido elegida.<br \/>\nCorresponsal<\/p>\n<!-- AddThis Advanced Settings generic via filter on the_content --><!-- AddThis Share Buttons generic via filter on the_content -->","protected":false},"excerpt":{"rendered":"<p>Se realiz\u00f3 el 4 de mayo en Catriel, ciudad situada en el extremo norte de la provincia de R\u00edo Negro conocida como la \u201cCapital Provincial del Petr\u00f3leo\u201d. Que se haya convocado un Encuentro en esta ciudad, cuya principal actividad econ\u00f3mica es la extracci\u00f3n de petr\u00f3leo, result\u00f3 muy significativo y valioso, ya que tambi\u00e9n se la [&hellip;]<!-- AddThis Advanced Settings generic via filter on get_the_excerpt --><!-- AddThis Share Buttons generic via filter on get_the_excerpt --><\/p>\n","protected":false},"author":7,"featured_media":0,"comment_status":"open","ping_status":"open","sticky":false,"template":"","format":"standard","meta":{"_jetpack_memberships_contains_paid_content":false,"footnotes":""},"categories":[1875],"tags":[304,858,859,1312],"class_list":{"0":"post-13754","1":"post","2":"type-post","3":"status-publish","4":"format-standard","6":"category-genero","7":"tag-aborto","8":"tag-prostitucion","9":"tag-trata","10":"tag-vxl-141"},"yoast_head":"<!-- This site is optimized with the Yoast SEO plugin v27.4 - https:\/\/yoast.com\/product\/yoast-seo-wordpress\/ -->\n<title>Encuentro regional Comahue de mujeres y disidencias - Vamos por la Liberaci\u00f3n<\/title>\n<meta name=\"robots\" content=\"index, follow, max-snippet:-1, max-image-preview:large, max-video-preview:-1\" \/>\n<link rel=\"canonical\" href=\"https:\/\/vamosporlaliberacion.org\/crpmlm\/encuentro-regional-comahue-de-mujeres-y-disidencias\/\" \/>\n<meta name=\"twitter:label1\" content=\"Escrito por\" \/>\n\t<meta name=\"twitter:data1\" content=\"\" \/>\n\t<meta name=\"twitter:label2\" content=\"Tiempo de lectura\" \/>\n\t<meta name=\"twitter:data2\" content=\"2 minutos\" \/>\n<script type=\"application\/ld+json\" class=\"yoast-schema-graph\">{\"@context\":\"https:\\\/\\\/schema.org\",\"@graph\":[{\"@type\":\"Article\",\"@id\":\"https:\\\/\\\/vamosporlaliberacion.org\\\/crpmlm\\\/encuentro-regional-comahue-de-mujeres-y-disidencias\\\/#article\",\"isPartOf\":{\"@id\":\"https:\\\/\\\/vamosporlaliberacion.org\\\/crpmlm\\\/encuentro-regional-comahue-de-mujeres-y-disidencias\\\/\"},\"author\":{\"name\":\"\",\"@id\":\"\"},\"headline\":\"Encuentro regional Comahue de mujeres y disidencias\",\"datePublished\":\"2019-06-05T02:22:02+00:00\",\"dateModified\":\"2020-10-13T19:15:07+00:00\",\"mainEntityOfPage\":{\"@id\":\"https:\\\/\\\/vamosporlaliberacion.org\\\/crpmlm\\\/encuentro-regional-comahue-de-mujeres-y-disidencias\\\/\"},\"wordCount\":379,\"commentCount\":0,\"keywords\":[\"Aborto\",\"prostituci\u00f3n\",\"trata\",\"vxl 141\"],\"articleSection\":[\"Genero\"],\"inLanguage\":\"es\",\"potentialAction\":[{\"@type\":\"CommentAction\",\"name\":\"Comment\",\"target\":[\"https:\\\/\\\/vamosporlaliberacion.org\\\/crpmlm\\\/encuentro-regional-comahue-de-mujeres-y-disidencias\\\/#respond\"]}]},{\"@type\":\"WebPage\",\"@id\":\"https:\\\/\\\/vamosporlaliberacion.org\\\/crpmlm\\\/encuentro-regional-comahue-de-mujeres-y-disidencias\\\/\",\"url\":\"https:\\\/\\\/vamosporlaliberacion.org\\\/crpmlm\\\/encuentro-regional-comahue-de-mujeres-y-disidencias\\\/\",\"name\":\"Encuentro regional Comahue de mujeres y disidencias - Vamos por la Liberaci\u00f3n\",\"isPartOf\":{\"@id\":\"https:\\\/\\\/vamosporlaliberacion.org\\\/crpmlm\\\/#website\"},\"datePublished\":\"2019-06-05T02:22:02+00:00\",\"dateModified\":\"2020-10-13T19:15:07+00:00\",\"author\":{\"@id\":\"\"},\"breadcrumb\":{\"@id\":\"https:\\\/\\\/vamosporlaliberacion.org\\\/crpmlm\\\/encuentro-regional-comahue-de-mujeres-y-disidencias\\\/#breadcrumb\"},\"inLanguage\":\"es\",\"potentialAction\":[{\"@type\":\"ReadAction\",\"target\":[\"https:\\\/\\\/vamosporlaliberacion.org\\\/crpmlm\\\/encuentro-regional-comahue-de-mujeres-y-disidencias\\\/\"]}]},{\"@type\":\"BreadcrumbList\",\"@id\":\"https:\\\/\\\/vamosporlaliberacion.org\\\/crpmlm\\\/encuentro-regional-comahue-de-mujeres-y-disidencias\\\/#breadcrumb\",\"itemListElement\":[{\"@type\":\"ListItem\",\"position\":1,\"name\":\"Portada\",\"item\":\"https:\\\/\\\/vamosporlaliberacion.org\\\/crpmlm\\\/\"},{\"@type\":\"ListItem\",\"position\":2,\"name\":\"Encuentro regional Comahue de mujeres y disidencias\"}]},{\"@type\":\"WebSite\",\"@id\":\"https:\\\/\\\/vamosporlaliberacion.org\\\/crpmlm\\\/#website\",\"url\":\"https:\\\/\\\/vamosporlaliberacion.org\\\/crpmlm\\\/\",\"name\":\"Vamos por la Liberaci\u00f3n\",\"description\":\"Prensa CR\",\"potentialAction\":[{\"@type\":\"SearchAction\",\"target\":{\"@type\":\"EntryPoint\",\"urlTemplate\":\"https:\\\/\\\/vamosporlaliberacion.org\\\/crpmlm\\\/?s={search_term_string}\"},\"query-input\":{\"@type\":\"PropertyValueSpecification\",\"valueRequired\":true,\"valueName\":\"search_term_string\"}}],\"inLanguage\":\"es\"},{\"@type\":\"Person\",\"@id\":\"\",\"url\":\"https:\\\/\\\/vamosporlaliberacion.org\\\/crpmlm\\\/author\\\/\"}]}<\/script>\n<!-- \/ Yoast SEO plugin. -->","yoast_head_json":{"title":"Encuentro regional Comahue de mujeres y disidencias - Vamos por la Liberaci\u00f3n","robots":{"index":"index","follow":"follow","max-snippet":"max-snippet:-1","max-image-preview":"max-image-preview:large","max-video-preview":"max-video-preview:-1"},"canonical":"https:\/\/vamosporlaliberacion.org\/crpmlm\/encuentro-regional-comahue-de-mujeres-y-disidencias\/","twitter_misc":{"Escrito por":"","Tiempo de lectura":"2 minutos"},"schema":{"@context":"https:\/\/schema.org","@graph":[{"@type":"Article","@id":"https:\/\/vamosporlaliberacion.org\/crpmlm\/encuentro-regional-comahue-de-mujeres-y-disidencias\/#article","isPartOf":{"@id":"https:\/\/vamosporlaliberacion.org\/crpmlm\/encuentro-regional-comahue-de-mujeres-y-disidencias\/"},"author":{"name":"","@id":""},"headline":"Encuentro regional Comahue de mujeres y disidencias","datePublished":"2019-06-05T02:22:02+00:00","dateModified":"2020-10-13T19:15:07+00:00","mainEntityOfPage":{"@id":"https:\/\/vamosporlaliberacion.org\/crpmlm\/encuentro-regional-comahue-de-mujeres-y-disidencias\/"},"wordCount":379,"commentCount":0,"keywords":["Aborto","prostituci\u00f3n","trata","vxl 141"],"articleSection":["Genero"],"inLanguage":"es","potentialAction":[{"@type":"CommentAction","name":"Comment","target":["https:\/\/vamosporlaliberacion.org\/crpmlm\/encuentro-regional-comahue-de-mujeres-y-disidencias\/#respond"]}]},{"@type":"WebPage","@id":"https:\/\/vamosporlaliberacion.org\/crpmlm\/encuentro-regional-comahue-de-mujeres-y-disidencias\/","url":"https:\/\/vamosporlaliberacion.org\/crpmlm\/encuentro-regional-comahue-de-mujeres-y-disidencias\/","name":"Encuentro regional Comahue de mujeres y disidencias - Vamos por la Liberaci\u00f3n","isPartOf":{"@id":"https:\/\/vamosporlaliberacion.org\/crpmlm\/#website"},"datePublished":"2019-06-05T02:22:02+00:00","dateModified":"2020-10-13T19:15:07+00:00","author":{"@id":""},"breadcrumb":{"@id":"https:\/\/vamosporlaliberacion.org\/crpmlm\/encuentro-regional-comahue-de-mujeres-y-disidencias\/#breadcrumb"},"inLanguage":"es","potentialAction":[{"@type":"ReadAction","target":["https:\/\/vamosporlaliberacion.org\/crpmlm\/encuentro-regional-comahue-de-mujeres-y-disidencias\/"]}]},{"@type":"BreadcrumbList","@id":"https:\/\/vamosporlaliberacion.org\/crpmlm\/encuentro-regional-comahue-de-mujeres-y-disidencias\/#breadcrumb","itemListElement":[{"@type":"ListItem","position":1,"name":"Portada","item":"https:\/\/vamosporlaliberacion.org\/crpmlm\/"},{"@type":"ListItem","position":2,"name":"Encuentro regional Comahue de mujeres y disidencias"}]},{"@type":"WebSite","@id":"https:\/\/vamosporlaliberacion.org\/crpmlm\/#website","url":"https:\/\/vamosporlaliberacion.org\/crpmlm\/","name":"Vamos por la Liberaci\u00f3n","description":"Prensa CR","potentialAction":[{"@type":"SearchAction","target":{"@type":"EntryPoint","urlTemplate":"https:\/\/vamosporlaliberacion.org\/crpmlm\/?s={search_term_string}"},"query-input":{"@type":"PropertyValueSpecification","valueRequired":true,"valueName":"search_term_string"}}],"inLanguage":"es"},{"@type":"Person","@id":"","url":"https:\/\/vamosporlaliberacion.org\/crpmlm\/author\/"}]}},"jetpack_featured_media_url":"","jetpack_sharing_enabled":true,"_links":{"self":[{"href":"https:\/\/vamosporlaliberacion.org\/crpmlm\/wp-json\/wp\/v2\/posts\/13754","targetHints":{"allow":["GET"]}}],"collection":[{"href":"https:\/\/vamosporlaliberacion.org\/crpmlm\/wp-json\/wp\/v2\/posts"}],"about":[{"href":"https:\/\/vamosporlaliberacion.org\/crpmlm\/wp-json\/wp\/v2\/types\/post"}],"author":[{"embeddable":true,"href":"https:\/\/vamosporlaliberacion.org\/crpmlm\/wp-json\/wp\/v2\/users\/7"}],"replies":[{"embeddable":true,"href":"https:\/\/vamosporlaliberacion.org\/crpmlm\/wp-json\/wp\/v2\/comments?post=13754"}],"version-history":[{"count":1,"href":"https:\/\/vamosporlaliberacion.org\/crpmlm\/wp-json\/wp\/v2\/posts\/13754\/revisions"}],"predecessor-version":[{"id":20077,"href":"https:\/\/vamosporlaliberacion.org\/crpmlm\/wp-json\/wp\/v2\/posts\/13754\/revisions\/20077"}],"wp:attachment":[{"href":"https:\/\/vamosporlaliberacion.org\/crpmlm\/wp-json\/wp\/v2\/media?parent=13754"}],"wp:term":[{"taxonomy":"category","embeddable":true,"href":"https:\/\/vamosporlaliberacion.org\/crpmlm\/wp-json\/wp\/v2\/categories?post=13754"},{"taxonomy":"post_tag","embeddable":true,"href":"https:\/\/vamosporlaliberacion.org\/crpmlm\/wp-json\/wp\/v2\/tags?post=13754"}],"curies":[{"name":"wp","href":"https:\/\/api.w.org\/{rel}","templated":true}]}}