{"id":13734,"date":"2019-05-30T13:47:28","date_gmt":"2019-05-30T16:47:28","guid":{"rendered":"http:\/\/vamosporlaliberacion.org\/crpmlm\/?p=13734"},"modified":"2019-05-30T13:47:28","modified_gmt":"2019-05-30T16:47:28","slug":"tercera-condena-a-monsanto-por-el-glifosato","status":"publish","type":"post","link":"https:\/\/vamosporlaliberacion.org\/crpmlm\/tercera-condena-a-monsanto-por-el-glifosato\/","title":{"rendered":"Tercera condena a Monsanto por el glifosato"},"content":{"rendered":"<p>La compa\u00f1\u00eda alemana Bayer recibi\u00f3 el tercer fallo judicial en contra en EEUU por el uso de RoundUp, la marca comercial del glifosato. Un jurado popular de Oakland (California) sentenci\u00f3 a la firma a pagar una indemnizaci\u00f3n de 2 mil millones de d\u00f3lares a una pareja de ancianos al considerar que el herbicida les caus\u00f3 c\u00e1ncer. Este fallo se suma a las condenas recibidas en agosto de 2018 y marzo de este a\u00f1o. Adem\u00e1s, seg\u00fan reconoci\u00f3 la propia empresa, Bayer afronta m\u00e1s de 11 mil demandas en ese pa\u00eds por este asunto.<\/p>\n<p>El jurado lleg\u00f3 a la conclusi\u00f3n de que Monsanto ocult\u00f3 informaci\u00f3n sobre el rasgo cancer\u00edgeno de su glifosato (Roundup), fabric\u00f3 y distribuy\u00f3 el producto de manera \u201cnegligente\u201d, conociendo los potenciales riesgos. \u201cEn lugar de invertir en ciencia s\u00f3lida, us\u00f3 millones para atacar a la ciencia que amenazaba su agenda comercial\u201d, expuso uno de los abogados de la pareja afectada. Este fallo hizo desplomar las acciones de Bayer<\/p>\n<p>A pesar de estas evidencias, el gobierno de Macri permanece obstinado en defender el uso de este agrot\u00f3xico. Meses atr\u00e1s el propio presidente cuestion\u00f3 p\u00fablicamente un fallo judicial en Entre R\u00edos que pretende proteger las escuelas rurales de la fumigaci\u00f3n. Ahora, luego del tercer fallo, desde el SENASA dijeron que esta medida \u201cno cambia nada\u201d y contin\u00faan considerando inocuo este producto.<\/p>\n<!-- AddThis Advanced Settings generic via filter on the_content --><!-- AddThis Share Buttons generic via filter on the_content -->","protected":false},"excerpt":{"rendered":"<p>La compa\u00f1\u00eda alemana Bayer recibi\u00f3 el tercer fallo judicial en contra en EEUU por el uso de RoundUp, la marca comercial del glifosato. Un jurado popular de Oakland (California) sentenci\u00f3 a la firma a pagar una indemnizaci\u00f3n de 2 mil millones de d\u00f3lares a una pareja de ancianos al considerar que el herbicida les caus\u00f3 [&hellip;]<!-- AddThis Advanced Settings generic via filter on get_the_excerpt --><!-- AddThis Share Buttons generic via filter on get_the_excerpt --><\/p>\n","protected":false},"author":6,"featured_media":13702,"comment_status":"open","ping_status":"open","sticky":false,"template":"","format":"standard","meta":{"_jetpack_memberships_contains_paid_content":false,"footnotes":""},"categories":[1699],"tags":[1177,1314,1312],"class_list":{"0":"post-13734","1":"post","2":"type-post","3":"status-publish","4":"format-standard","5":"has-post-thumbnail","7":"category-noticias","8":"tag-glifosato","9":"tag-monsanto","10":"tag-vxl-141"},"yoast_head":"<!-- This site is optimized with the Yoast SEO plugin v27.4 - https:\/\/yoast.com\/product\/yoast-seo-wordpress\/ -->\n<title>Tercera condena a Monsanto por el glifosato - Vamos por la Liberaci\u00f3n<\/title>\n<meta name=\"robots\" content=\"index, follow, max-snippet:-1, max-image-preview:large, max-video-preview:-1\" \/>\n<link rel=\"canonical\" href=\"https:\/\/vamosporlaliberacion.org\/crpmlm\/tercera-condena-a-monsanto-por-el-glifosato\/\" \/>\n<meta name=\"twitter:label1\" content=\"Escrito por\" \/>\n\t<meta name=\"twitter:data1\" content=\"vamos!\" \/>\n\t<meta name=\"twitter:label2\" content=\"Tiempo de lectura\" \/>\n\t<meta name=\"twitter:data2\" content=\"1 minuto\" \/>\n<script type=\"application\/ld+json\" class=\"yoast-schema-graph\">{\"@context\":\"https:\\\/\\\/schema.org\",\"@graph\":[{\"@type\":\"Article\",\"@id\":\"https:\\\/\\\/vamosporlaliberacion.org\\\/crpmlm\\\/tercera-condena-a-monsanto-por-el-glifosato\\\/#article\",\"isPartOf\":{\"@id\":\"https:\\\/\\\/vamosporlaliberacion.org\\\/crpmlm\\\/tercera-condena-a-monsanto-por-el-glifosato\\\/\"},\"author\":{\"name\":\"vamos!\",\"@id\":\"https:\\\/\\\/vamosporlaliberacion.org\\\/crpmlm\\\/#\\\/schema\\\/person\\\/d6eac7758df3770dae9cd9eb104d615c\"},\"headline\":\"Tercera condena a Monsanto por el glifosato\",\"datePublished\":\"2019-05-30T16:47:28+00:00\",\"mainEntityOfPage\":{\"@id\":\"https:\\\/\\\/vamosporlaliberacion.org\\\/crpmlm\\\/tercera-condena-a-monsanto-por-el-glifosato\\\/\"},\"wordCount\":243,\"commentCount\":0,\"image\":{\"@id\":\"https:\\\/\\\/vamosporlaliberacion.org\\\/crpmlm\\\/tercera-condena-a-monsanto-por-el-glifosato\\\/#primaryimage\"},\"thumbnailUrl\":\"https:\\\/\\\/i0.wp.com\\\/vamosporlaliberacion.org\\\/crpmlm\\\/wp-content\\\/uploads\\\/2019\\\/05\\\/477634_landscape.jpg?fit=640%2C359&ssl=1\",\"keywords\":[\"glifosato\",\"Monsanto\",\"vxl 141\"],\"articleSection\":[\"Noticias\"],\"inLanguage\":\"es\",\"potentialAction\":[{\"@type\":\"CommentAction\",\"name\":\"Comment\",\"target\":[\"https:\\\/\\\/vamosporlaliberacion.org\\\/crpmlm\\\/tercera-condena-a-monsanto-por-el-glifosato\\\/#respond\"]}]},{\"@type\":\"WebPage\",\"@id\":\"https:\\\/\\\/vamosporlaliberacion.org\\\/crpmlm\\\/tercera-condena-a-monsanto-por-el-glifosato\\\/\",\"url\":\"https:\\\/\\\/vamosporlaliberacion.org\\\/crpmlm\\\/tercera-condena-a-monsanto-por-el-glifosato\\\/\",\"name\":\"Tercera condena a Monsanto por el glifosato - Vamos por la Liberaci\u00f3n\",\"isPartOf\":{\"@id\":\"https:\\\/\\\/vamosporlaliberacion.org\\\/crpmlm\\\/#website\"},\"primaryImageOfPage\":{\"@id\":\"https:\\\/\\\/vamosporlaliberacion.org\\\/crpmlm\\\/tercera-condena-a-monsanto-por-el-glifosato\\\/#primaryimage\"},\"image\":{\"@id\":\"https:\\\/\\\/vamosporlaliberacion.org\\\/crpmlm\\\/tercera-condena-a-monsanto-por-el-glifosato\\\/#primaryimage\"},\"thumbnailUrl\":\"https:\\\/\\\/i0.wp.com\\\/vamosporlaliberacion.org\\\/crpmlm\\\/wp-content\\\/uploads\\\/2019\\\/05\\\/477634_landscape.jpg?fit=640%2C359&ssl=1\",\"datePublished\":\"2019-05-30T16:47:28+00:00\",\"author\":{\"@id\":\"https:\\\/\\\/vamosporlaliberacion.org\\\/crpmlm\\\/#\\\/schema\\\/person\\\/d6eac7758df3770dae9cd9eb104d615c\"},\"breadcrumb\":{\"@id\":\"https:\\\/\\\/vamosporlaliberacion.org\\\/crpmlm\\\/tercera-condena-a-monsanto-por-el-glifosato\\\/#breadcrumb\"},\"inLanguage\":\"es\",\"potentialAction\":[{\"@type\":\"ReadAction\",\"target\":[\"https:\\\/\\\/vamosporlaliberacion.org\\\/crpmlm\\\/tercera-condena-a-monsanto-por-el-glifosato\\\/\"]}]},{\"@type\":\"ImageObject\",\"inLanguage\":\"es\",\"@id\":\"https:\\\/\\\/vamosporlaliberacion.org\\\/crpmlm\\\/tercera-condena-a-monsanto-por-el-glifosato\\\/#primaryimage\",\"url\":\"https:\\\/\\\/i0.wp.com\\\/vamosporlaliberacion.org\\\/crpmlm\\\/wp-content\\\/uploads\\\/2019\\\/05\\\/477634_landscape.jpg?fit=640%2C359&ssl=1\",\"contentUrl\":\"https:\\\/\\\/i0.wp.com\\\/vamosporlaliberacion.org\\\/crpmlm\\\/wp-content\\\/uploads\\\/2019\\\/05\\\/477634_landscape.jpg?fit=640%2C359&ssl=1\",\"width\":640,\"height\":359},{\"@type\":\"BreadcrumbList\",\"@id\":\"https:\\\/\\\/vamosporlaliberacion.org\\\/crpmlm\\\/tercera-condena-a-monsanto-por-el-glifosato\\\/#breadcrumb\",\"itemListElement\":[{\"@type\":\"ListItem\",\"position\":1,\"name\":\"Portada\",\"item\":\"https:\\\/\\\/vamosporlaliberacion.org\\\/crpmlm\\\/\"},{\"@type\":\"ListItem\",\"position\":2,\"name\":\"Tercera condena a Monsanto por el glifosato\"}]},{\"@type\":\"WebSite\",\"@id\":\"https:\\\/\\\/vamosporlaliberacion.org\\\/crpmlm\\\/#website\",\"url\":\"https:\\\/\\\/vamosporlaliberacion.org\\\/crpmlm\\\/\",\"name\":\"Vamos por la Liberaci\u00f3n\",\"description\":\"Prensa CR\",\"potentialAction\":[{\"@type\":\"SearchAction\",\"target\":{\"@type\":\"EntryPoint\",\"urlTemplate\":\"https:\\\/\\\/vamosporlaliberacion.org\\\/crpmlm\\\/?s={search_term_string}\"},\"query-input\":{\"@type\":\"PropertyValueSpecification\",\"valueRequired\":true,\"valueName\":\"search_term_string\"}}],\"inLanguage\":\"es\"},{\"@type\":\"Person\",\"@id\":\"https:\\\/\\\/vamosporlaliberacion.org\\\/crpmlm\\\/#\\\/schema\\\/person\\\/d6eac7758df3770dae9cd9eb104d615c\",\"name\":\"vamos!\",\"url\":\"https:\\\/\\\/vamosporlaliberacion.org\\\/crpmlm\\\/author\\\/adminvxl\\\/\"}]}<\/script>\n<!-- \/ Yoast SEO plugin. -->","yoast_head_json":{"title":"Tercera condena a Monsanto por el glifosato - Vamos por la Liberaci\u00f3n","robots":{"index":"index","follow":"follow","max-snippet":"max-snippet:-1","max-image-preview":"max-image-preview:large","max-video-preview":"max-video-preview:-1"},"canonical":"https:\/\/vamosporlaliberacion.org\/crpmlm\/tercera-condena-a-monsanto-por-el-glifosato\/","twitter_misc":{"Escrito por":"vamos!","Tiempo de lectura":"1 minuto"},"schema":{"@context":"https:\/\/schema.org","@graph":[{"@type":"Article","@id":"https:\/\/vamosporlaliberacion.org\/crpmlm\/tercera-condena-a-monsanto-por-el-glifosato\/#article","isPartOf":{"@id":"https:\/\/vamosporlaliberacion.org\/crpmlm\/tercera-condena-a-monsanto-por-el-glifosato\/"},"author":{"name":"vamos!","@id":"https:\/\/vamosporlaliberacion.org\/crpmlm\/#\/schema\/person\/d6eac7758df3770dae9cd9eb104d615c"},"headline":"Tercera condena a Monsanto por el glifosato","datePublished":"2019-05-30T16:47:28+00:00","mainEntityOfPage":{"@id":"https:\/\/vamosporlaliberacion.org\/crpmlm\/tercera-condena-a-monsanto-por-el-glifosato\/"},"wordCount":243,"commentCount":0,"image":{"@id":"https:\/\/vamosporlaliberacion.org\/crpmlm\/tercera-condena-a-monsanto-por-el-glifosato\/#primaryimage"},"thumbnailUrl":"https:\/\/i0.wp.com\/vamosporlaliberacion.org\/crpmlm\/wp-content\/uploads\/2019\/05\/477634_landscape.jpg?fit=640%2C359&ssl=1","keywords":["glifosato","Monsanto","vxl 141"],"articleSection":["Noticias"],"inLanguage":"es","potentialAction":[{"@type":"CommentAction","name":"Comment","target":["https:\/\/vamosporlaliberacion.org\/crpmlm\/tercera-condena-a-monsanto-por-el-glifosato\/#respond"]}]},{"@type":"WebPage","@id":"https:\/\/vamosporlaliberacion.org\/crpmlm\/tercera-condena-a-monsanto-por-el-glifosato\/","url":"https:\/\/vamosporlaliberacion.org\/crpmlm\/tercera-condena-a-monsanto-por-el-glifosato\/","name":"Tercera condena a Monsanto por el glifosato - Vamos por la Liberaci\u00f3n","isPartOf":{"@id":"https:\/\/vamosporlaliberacion.org\/crpmlm\/#website"},"primaryImageOfPage":{"@id":"https:\/\/vamosporlaliberacion.org\/crpmlm\/tercera-condena-a-monsanto-por-el-glifosato\/#primaryimage"},"image":{"@id":"https:\/\/vamosporlaliberacion.org\/crpmlm\/tercera-condena-a-monsanto-por-el-glifosato\/#primaryimage"},"thumbnailUrl":"https:\/\/i0.wp.com\/vamosporlaliberacion.org\/crpmlm\/wp-content\/uploads\/2019\/05\/477634_landscape.jpg?fit=640%2C359&ssl=1","datePublished":"2019-05-30T16:47:28+00:00","author":{"@id":"https:\/\/vamosporlaliberacion.org\/crpmlm\/#\/schema\/person\/d6eac7758df3770dae9cd9eb104d615c"},"breadcrumb":{"@id":"https:\/\/vamosporlaliberacion.org\/crpmlm\/tercera-condena-a-monsanto-por-el-glifosato\/#breadcrumb"},"inLanguage":"es","potentialAction":[{"@type":"ReadAction","target":["https:\/\/vamosporlaliberacion.org\/crpmlm\/tercera-condena-a-monsanto-por-el-glifosato\/"]}]},{"@type":"ImageObject","inLanguage":"es","@id":"https:\/\/vamosporlaliberacion.org\/crpmlm\/tercera-condena-a-monsanto-por-el-glifosato\/#primaryimage","url":"https:\/\/i0.wp.com\/vamosporlaliberacion.org\/crpmlm\/wp-content\/uploads\/2019\/05\/477634_landscape.jpg?fit=640%2C359&ssl=1","contentUrl":"https:\/\/i0.wp.com\/vamosporlaliberacion.org\/crpmlm\/wp-content\/uploads\/2019\/05\/477634_landscape.jpg?fit=640%2C359&ssl=1","width":640,"height":359},{"@type":"BreadcrumbList","@id":"https:\/\/vamosporlaliberacion.org\/crpmlm\/tercera-condena-a-monsanto-por-el-glifosato\/#breadcrumb","itemListElement":[{"@type":"ListItem","position":1,"name":"Portada","item":"https:\/\/vamosporlaliberacion.org\/crpmlm\/"},{"@type":"ListItem","position":2,"name":"Tercera condena a Monsanto por el glifosato"}]},{"@type":"WebSite","@id":"https:\/\/vamosporlaliberacion.org\/crpmlm\/#website","url":"https:\/\/vamosporlaliberacion.org\/crpmlm\/","name":"Vamos por la Liberaci\u00f3n","description":"Prensa CR","potentialAction":[{"@type":"SearchAction","target":{"@type":"EntryPoint","urlTemplate":"https:\/\/vamosporlaliberacion.org\/crpmlm\/?s={search_term_string}"},"query-input":{"@type":"PropertyValueSpecification","valueRequired":true,"valueName":"search_term_string"}}],"inLanguage":"es"},{"@type":"Person","@id":"https:\/\/vamosporlaliberacion.org\/crpmlm\/#\/schema\/person\/d6eac7758df3770dae9cd9eb104d615c","name":"vamos!","url":"https:\/\/vamosporlaliberacion.org\/crpmlm\/author\/adminvxl\/"}]}},"jetpack_featured_media_url":"https:\/\/i0.wp.com\/vamosporlaliberacion.org\/crpmlm\/wp-content\/uploads\/2019\/05\/477634_landscape.jpg?fit=640%2C359&ssl=1","jetpack_sharing_enabled":true,"_links":{"self":[{"href":"https:\/\/vamosporlaliberacion.org\/crpmlm\/wp-json\/wp\/v2\/posts\/13734","targetHints":{"allow":["GET"]}}],"collection":[{"href":"https:\/\/vamosporlaliberacion.org\/crpmlm\/wp-json\/wp\/v2\/posts"}],"about":[{"href":"https:\/\/vamosporlaliberacion.org\/crpmlm\/wp-json\/wp\/v2\/types\/post"}],"author":[{"embeddable":true,"href":"https:\/\/vamosporlaliberacion.org\/crpmlm\/wp-json\/wp\/v2\/users\/6"}],"replies":[{"embeddable":true,"href":"https:\/\/vamosporlaliberacion.org\/crpmlm\/wp-json\/wp\/v2\/comments?post=13734"}],"version-history":[{"count":0,"href":"https:\/\/vamosporlaliberacion.org\/crpmlm\/wp-json\/wp\/v2\/posts\/13734\/revisions"}],"wp:featuredmedia":[{"embeddable":true,"href":"https:\/\/vamosporlaliberacion.org\/crpmlm\/wp-json\/wp\/v2\/media\/13702"}],"wp:attachment":[{"href":"https:\/\/vamosporlaliberacion.org\/crpmlm\/wp-json\/wp\/v2\/media?parent=13734"}],"wp:term":[{"taxonomy":"category","embeddable":true,"href":"https:\/\/vamosporlaliberacion.org\/crpmlm\/wp-json\/wp\/v2\/categories?post=13734"},{"taxonomy":"post_tag","embeddable":true,"href":"https:\/\/vamosporlaliberacion.org\/crpmlm\/wp-json\/wp\/v2\/tags?post=13734"}],"curies":[{"name":"wp","href":"https:\/\/api.w.org\/{rel}","templated":true}]}}