{"id":13729,"date":"2019-05-30T13:29:14","date_gmt":"2019-05-30T16:29:14","guid":{"rendered":"http:\/\/vamosporlaliberacion.org\/crpmlm\/?p=13729"},"modified":"2019-05-30T13:39:25","modified_gmt":"2019-05-30T16:39:25","slug":"vamos-por-la-liberacion-no-141","status":"publish","type":"post","link":"https:\/\/vamosporlaliberacion.org\/crpmlm\/vamos-por-la-liberacion-no-141\/","title":{"rendered":"Vamos por la Liberaci\u00f3n! N\u00ba 141"},"content":{"rendered":"<div id=\"tdi_1_699\" class=\"tdc-row\"><div class=\"vc_row tdi_2_226  wpb_row td-pb-row\" >\n<style scoped>\n\n\/* custom css *\/\n.tdi_2_226,\n                .tdi_2_226 .tdc-columns{\n                    min-height: 0;\n                }.tdi_2_226,\n\t\t\t\t.tdi_2_226 .tdc-columns{\n\t\t\t\t    display: block;\n\t\t\t\t}.tdi_2_226 .tdc-columns{\n\t\t\t\t    width: 100%;\n\t\t\t\t}\n<\/style><div class=\"vc_column tdi_4_6e2  wpb_column vc_column_container tdc-column td-pb-span4\">\n<style scoped>\n\n\/* custom css *\/\n.tdi_4_6e2{\n                    vertical-align: baseline;\n                }.tdi_4_6e2 > .wpb_wrapper,\n\t\t\t\t.tdi_4_6e2 > .wpb_wrapper > .tdc-elements{\n\t\t\t\t    display: block;\n\t\t\t\t}.tdi_4_6e2 > .wpb_wrapper > .tdc-elements{\n\t\t\t\t    width: 100%;\n\t\t\t\t}.tdi_4_6e2 > .wpb_wrapper{\n\t\t\t\t    width: auto;\n\t\t\t\t    height: auto;\n\t\t\t\t}\n<\/style><div class=\"wpb_wrapper\"><div class=\"vc_row_inner tdi_6_e69  vc_row vc_inner wpb_row td-pb-row\" >\n<style scoped>\n\n\/* custom css *\/\n.tdi_6_e69{\n                    position: relative !important;\n                    top: 0;\n                    transform: none;\n                    -webkit-transform: none;\n                }.tdi_6_e69,\n\t\t\t\t.tdi_6_e69 .tdc-inner-columns{\n\t\t\t\t    display: block;\n\t\t\t\t}.tdi_6_e69 .tdc-inner-columns{\n\t\t\t\t    width: 100%;\n\t\t\t\t}\n<\/style><div class=\"vc_column_inner vc_custom_1447190027175 tdi_8_dad  wpb_column vc_column_container tdc-inner-column td-pb-span12\">\n<style scoped>\n\n\/* tdc_composer_block - inline css att *\/\n.vc_custom_1447190027175{background-color: #ebebeb !important;}\n\/* custom css *\/\n.tdi_8_dad{\n                    vertical-align: baseline;\n                }.tdi_8_dad .vc_column-inner > .wpb_wrapper,\n\t\t\t\t.tdi_8_dad .vc_column-inner > .wpb_wrapper .tdc-elements{\n\t\t\t\t    display: block;\n\t\t\t\t}.tdi_8_dad .vc_column-inner > .wpb_wrapper .tdc-elements{\n\t\t\t\t    width: 100%;\n\t\t\t\t}\n<\/style><div class=\"vc_column-inner\"><div class=\"wpb_wrapper\"><div class=\"wpb_wrapper td_block_empty_space td_block_wrap vc_empty_space tdi_10_2fd \"  style=\"height: 20px\"><\/div><div class=\"wpb_wrapper td_block_single_image td_block_wrap  td-no-img-custom-url td_block_wrap vc_single_image tdi_11_3dd  td-single-image- td-pb-border-top td_block_template_1 \"  data-td-block-uid=\"tdi_11_3dd\"><a \n\t\t\tclass=\"td_single_image_bg\" \n\t\t\tstyle=\"background-image: url('https:\/\/vamosporlaliberacion.org\/crpmlm\/wp-content\/uploads\/2015\/10\/Vamos141_.jpg'); background-size: cover; background-repeat: no-repeat; background-position: center center;\" \n\t\t\thref=\"#\"  \n\t\t\trel=\"bookmark\"><\/a>\n<style>\n\/* custom css *\/\n.tdi_11_3dd .td_single_image_bg{\n\t\t\t\t\theight: 400px;\n\t\t\t\t\tpadding-bottom: 0;\n\t\t\t\t}.tdi_11_3dd:hover .td_single_image_bg:before{\n                    opacity: 0;\n                }\n<\/style><\/div><\/div><\/div><\/div><\/div><div class=\"vc_row_inner tdi_13_6ab  vc_row vc_inner wpb_row td-pb-row\" >\n<style scoped>\n\n\/* custom css *\/\n.tdi_13_6ab{\n                    position: relative !important;\n                    top: 0;\n                    transform: none;\n                    -webkit-transform: none;\n                }.tdi_13_6ab,\n\t\t\t\t.tdi_13_6ab .tdc-inner-columns{\n\t\t\t\t    display: block;\n\t\t\t\t}.tdi_13_6ab .tdc-inner-columns{\n\t\t\t\t    width: 100%;\n\t\t\t\t}\n<\/style><div class=\"vc_column_inner vc_custom_1447190038887 tdi_15_dd4  wpb_column vc_column_container tdc-inner-column td-pb-span12\">\n<style scoped>\n\n\/* tdc_composer_block - inline css att *\/\n.vc_custom_1447190038887{background-color: #ebebeb !important;}\n\/* custom css *\/\n.tdi_15_dd4{\n                    vertical-align: baseline;\n                }.tdi_15_dd4 .vc_column-inner > .wpb_wrapper,\n\t\t\t\t.tdi_15_dd4 .vc_column-inner > .wpb_wrapper .tdc-elements{\n\t\t\t\t    display: block;\n\t\t\t\t}.tdi_15_dd4 .vc_column-inner > .wpb_wrapper .tdc-elements{\n\t\t\t\t    width: 100%;\n\t\t\t\t}\n<\/style><div class=\"vc_column-inner\"><div class=\"wpb_wrapper\">[vc_btn title=\u00bbDescargar PDF\u00bb style=\u00bbflat\u00bb shape=\u00bbsquare\u00bb size=\u00bblg\u00bb i_icon_fontawesome=\u00bbfa fa-newspaper-o\u00bb add_icon=\u00bbtrue\u00bb link=\u00bburl:https%3A%2F%2Fdrive.google.com%2Fopen%3Fid%3D14H1VJfO0BG1xWOlu4Bcn5U3ff2d8B3bT||target:%20_blank|\u00bb][vc_btn title=\u00bbVer todos\u00bb style=\u00bbflat\u00bb shape=\u00bbsquare\u00bb size=\u00bblg\u00bb i_icon_fontawesome=\u00bbfa fa-list-ol\u00bb add_icon=\u00bbtrue\u00bb link=\u00bburl:http%3A%2F%2Fvamosporlaliberacion.org%2Fcrpmlm%2Fvamos-por-la-liberacion%2F||target:%20_blank\u00bb]<div class=\"wpb_wrapper td_block_empty_space td_block_wrap vc_empty_space tdi_17_be2 \"  style=\"height: 20px\"><\/div><\/div><\/div><\/div><\/div><\/div><\/div><div class=\"vc_column tdi_19_9b9  wpb_column vc_column_container tdc-column td-pb-span8\">\n<style scoped>\n\n\/* custom css *\/\n.tdi_19_9b9{\n                    vertical-align: baseline;\n                }.tdi_19_9b9 > .wpb_wrapper,\n\t\t\t\t.tdi_19_9b9 > .wpb_wrapper > .tdc-elements{\n\t\t\t\t    display: block;\n\t\t\t\t}.tdi_19_9b9 > .wpb_wrapper > .tdc-elements{\n\t\t\t\t    width: 100%;\n\t\t\t\t}.tdi_19_9b9 > .wpb_wrapper{\n\t\t\t\t    width: auto;\n\t\t\t\t    height: auto;\n\t\t\t\t}\n<\/style><div class=\"wpb_wrapper\"><div class=\"td_block_wrap td_block_21 tdi_20_9b3 td-pb-border-top td_block_template_1 td-column-2\"  data-td-block-uid=\"tdi_20_9b3\" >\n<style>\n.td_block_template_2.widget > ul > li,\n            .td_block_template_6.widget > ul > li,\n            .td_block_template_8.widget > ul > li,\n            .td_block_template_9.widget > ul > li,\n            .td_block_template_10.widget > ul > li,\n            .td_block_template_11.widget > ul > li,\n            .td_block_template_12.widget > ul > li,\n            .td_block_template_13.widget > ul > li,\n            .td_block_template_14.widget > ul > li,\n            .td_block_template_15.widget > ul > li,\n            .td_block_template_16.widget > ul > li,\n            .td_block_template_17.widget > ul > li {\n                margin-left: 0 !important;\n            }\n            .global-block-template-12 .td-comments-title span,\n            .global-block-template-13 .td-comments-title span {\n                margin-left: 0 !important;\n                font-size: 20px;\n            }\n            @media (max-width: 767px) {\n                .global-block-template-12 .td-comments-title span,\n                .global-block-template-13 .td-comments-title span {\n                    font-size: 15px;\n                }\n            }\n            .td-block-title-wrap .td-wrapper-pulldown-filter {\n                font-family: 'Roboto', sans-serif;\n                position: absolute;\n                bottom: 0;\n                right: 0;\n                top: 0;\n                margin: auto 0;\n                z-index: 2;\n                background-color: #fff;\n                font-size: 13px;\n                line-height: 1;\n                color: #777;\n                text-align: right;\n            }\n            .td-block-title-wrap .td-wrapper-pulldown-filter .td-pulldown-filter-display-option {\n                cursor: pointer;\n                white-space: nowrap;\n                position: relative;\n                line-height: 29px;\n            }\n            .td-block-title-wrap .td-wrapper-pulldown-filter .td-pulldown-filter-display-option i {\n                font-size: 9px;\n                color: #777;\n                margin-left: 20px;\n                margin-right: 10px;\n            }\n            .td-block-title-wrap .td-wrapper-pulldown-filter .td-pulldown-filter-display-option i:before {\n                content: '\\e83d';\n            }\n            .td-block-title-wrap .td-wrapper-pulldown-filter .td-pulldown-filter-display-option span {\n                padding-left: 20px;\n                margin-right: -14px;\n            }\n            @media (max-width: 360px) {\n                .td-block-title-wrap .td-wrapper-pulldown-filter .td-pulldown-filter-display-option span {\n                    display: none;\n                }\n            }\n            .td-block-title-wrap .td-wrapper-pulldown-filter .td-pulldown-filter-display-option:hover {\n                color: #4db2ec;\n            }\n            .td-block-title-wrap .td-wrapper-pulldown-filter .td-pulldown-filter-display-option:hover i {\n                color: #4db2ec;\n            }\n            .td-block-title-wrap .td-wrapper-pulldown-filter .td-pulldown-filter-display-option:hover ul {\n                display: block;\n            }\n            .td-block-title-wrap .td-wrapper-pulldown-filter .td-pulldown-filter-list {\n                list-style: none;\n                position: absolute;\n                right: 0;\n                top: 100%;\n                padding: 18px 0;\n                background-color: rgb(255, 255, 255);\n                background-color: rgba(255, 255, 255, 0.95);\n                z-index: 999;\n                border-width: 1px;\n                border-color: #ededed;\n                border-style: solid;\n                display: none;\n                margin: 0;\n            }\n            .td-block-title-wrap .td-wrapper-pulldown-filter .td-pulldown-filter-item {\n                list-style: none;\n                margin: 0;\n            }\n            .td-block-title-wrap .td-wrapper-pulldown-filter .td-pulldown-filter-item .td-cur-simple-item {\n                color: #4db2ec;\n            }\n            .td-block-title-wrap .td-wrapper-pulldown-filter .td-pulldown-more {\n                padding-bottom: 10px;\n            }\n            .td-block-title-wrap .td-wrapper-pulldown-filter .td-pulldown-more:before {\n                content: '';\n                width: 70px;\n                height: 100%;\n                position: absolute;\n                margin-top: 2px;\n                top: 0;\n                right: 0;\n                z-index: 1;\n                opacity: 0;\n            }\n            .td-block-title-wrap .td-wrapper-pulldown-filter .td-pulldown-filter-link {\n                color: #777;\n                white-space: nowrap;\n                display: block;\n                line-height: 26px;\n                padding-left: 36px;\n                padding-right: 27px;\n            }\n            .td-block-title-wrap .td-wrapper-pulldown-filter .td-pulldown-filter-link:hover {\n                color: #4db2ec;\n            }\n            @media (min-width: 768px) and (max-width: 1018px) {\n                .td-pb-span4 .td-block-title-wrap .td-wrapper-pulldown-filter .td-pulldown-filter-display-option span {\n                    display: none;\n                }\n                .td-pb-span4 .td-block-title-wrap .td-wrapper-pulldown-filter .td-pulldown-filter-link {\n                    padding-left: 24px;\n                    padding-right: 20px !important;\n                }\n            }\n            @-moz-document url-prefix() {\n                .td-pulldown-syle-default .td-subcat-more,\n                .td-pulldown-syle-default .td-subcat-list {\n                    position: relative;\n                    top: -1px;\n                }\n            }\n            .td-pulldown-syle-2 {\n                top: 0;\n            }\n            .td-pulldown-syle-2 .td-subcat-dropdown ul {\n                padding: 20px 0;\n                margin-top: 0;\n            }\n            .td-pulldown-syle-2 .td-subcat-dropdown ul:after {\n                content: '';\n                position: absolute;\n                width: calc(100% + 2px);\n                height: 3px;\n                top: 0;\n                left: -1px;\n                background-color: #4db2ec;\n            }\n            .td-pulldown-syle-2 .td-subcat-dropdown a {\n                padding-left: 40px;\n                padding-right: 31px;\n            }\n            .td-pulldown-syle-2 .td-subcat-dropdown:hover .td-subcat-more {\n                background-color: transparent !important;\n            }\n            .td-pulldown-syle-2 .td-subcat-dropdown:hover .td-subcat-more span,\n            .td-pulldown-syle-2 .td-subcat-dropdown:hover .td-subcat-more i {\n                color: #4db2ec;\n            }\n            .td-pulldown-syle-2 .td-subcat-dropdown .td-subcat-more {\n                margin-left: 9px;\n                margin-bottom: 8px; \/\/ this align the dropdown list\n            }\n            .td-pulldown-syle-2 .td-subcat-list .td-subcat-item {\n                margin-left: 24px;\n            }\n            .td-pulldown-syle-3 {\n                top: 0;\n            }\n            .td-pulldown-syle-3 .td-subcat-dropdown ul {\n                padding: 15px 0;\n                margin-top: -1px;\n                border-width: 1px;\n            }\n            .td-pulldown-syle-3 .td-subcat-dropdown a {\n                padding-left: 40px;\n                padding-right: 31px;\n            }\n            .td-pulldown-syle-3 .td-subcat-dropdown &:hover .td-subcat-more {\n                background-color: transparent !important;\n            }\n            .td-pulldown-syle-3 .td-subcat-dropdown &:hover .td-subcat-more span,\n            .td-pulldown-syle-3 .td-subcat-dropdown &:hover .td-subcat-more i {\n                color: #4db2ec;\n            }\n            .td-pulldown-syle-3 .td-subcat-dropdown .td-subcat-more {\n                margin-left: 9px;\n                margin-bottom: 8px; \/\/ this align the dropdown list\n            }\n            .td-pulldown-syle-3 .td-subcat-list .td-subcat-item {\n                margin-left: 24px;\n            }\n            \n            \n\n            \n            .td-theme-wrap .tdi_20_9b3 .td-pulldown-filter-link:hover,\n            .td-theme-wrap .tdi_20_9b3 .td-subcat-item a:hover,\n            .td-theme-wrap .tdi_20_9b3 .td-subcat-item .td-cur-simple-item {\n                color: #dd3333;\n            }\n\n            .td-theme-wrap .tdi_20_9b3 .block-title > *,\n            .td-theme-wrap .tdi_20_9b3 .td-subcat-dropdown:hover .td-subcat-more {\n                background-color: #dd3333;\n            }\n            .td-theme-wrap .td-footer-wrapper .tdi_20_9b3 .block-title > * {\n                padding: 6px 7px 5px;\n                line-height: 1;\n            }\n\n            .td-theme-wrap .tdi_20_9b3 .block-title {\n                border-color: #dd3333;\n            }\n\n            \n            .td-theme-wrap .tdi_20_9b3 .td_module_wrap:hover .entry-title a,\n            .td-theme-wrap .tdi_20_9b3 .td_quote_on_blocks,\n            .td-theme-wrap .tdi_20_9b3 .td-opacity-cat .td-post-category:hover,\n            .td-theme-wrap .tdi_20_9b3 .td-opacity-read .td-read-more a:hover,\n            .td-theme-wrap .tdi_20_9b3 .td-opacity-author .td-post-author-name a:hover,\n            .td-theme-wrap .tdi_20_9b3 .td-instagram-user a {\n                color: #dd3333;\n            }\n\n            .td-theme-wrap .tdi_20_9b3 .td-next-prev-wrap a:hover,\n            .td-theme-wrap .tdi_20_9b3 .td-load-more-wrap a:hover {\n                background-color: #dd3333;\n                border-color: #dd3333;\n            }\n\n            .td-theme-wrap .tdi_20_9b3 .td-read-more a,\n            .td-theme-wrap .tdi_20_9b3 .td-weather-information:before,\n            .td-theme-wrap .tdi_20_9b3 .td-weather-week:before,\n            .td-theme-wrap .tdi_20_9b3 .td-exchange-header:before,\n            .td-theme-wrap .td-footer-wrapper .tdi_20_9b3 .td-post-category,\n            .td-theme-wrap .tdi_20_9b3 .td-post-category:hover {\n                background-color: #dd3333;\n            }\n<\/style><script>var block_tdi_20_9b3 = new tdBlock();\nblock_tdi_20_9b3.id = \"tdi_20_9b3\";\nblock_tdi_20_9b3.atts = '{\"custom_title\":\"Editorial\",\"custom_url\":\"Editorial\",\"header_color\":\"#dd3333\",\"category_id\":\"10\",\"tag_slug\":\"editorial 141\",\"limit\":\"1\",\"td_filter_default_txt\":\"Todo\",\"block_type\":\"td_block_21\",\"separator\":\"\",\"block_template_id\":\"\",\"m16_tl\":\"\",\"m16_el\":\"\",\"post_ids\":\"\",\"category_ids\":\"\",\"autors_id\":\"\",\"installed_post_types\":\"\",\"sort\":\"\",\"offset\":\"\",\"show_modified_date\":\"\",\"el_class\":\"\",\"td_ajax_filter_type\":\"\",\"td_ajax_filter_ids\":\"\",\"td_ajax_preloading\":\"\",\"f_header_font_header\":\"\",\"f_header_font_title\":\"Block header\",\"f_header_font_settings\":\"\",\"f_header_font_family\":\"\",\"f_header_font_size\":\"\",\"f_header_font_line_height\":\"\",\"f_header_font_style\":\"\",\"f_header_font_weight\":\"\",\"f_header_font_transform\":\"\",\"f_header_font_spacing\":\"\",\"f_header_\":\"\",\"f_ajax_font_title\":\"Ajax categories\",\"f_ajax_font_settings\":\"\",\"f_ajax_font_family\":\"\",\"f_ajax_font_size\":\"\",\"f_ajax_font_line_height\":\"\",\"f_ajax_font_style\":\"\",\"f_ajax_font_weight\":\"\",\"f_ajax_font_transform\":\"\",\"f_ajax_font_spacing\":\"\",\"f_ajax_\":\"\",\"f_more_font_title\":\"Load more button\",\"f_more_font_settings\":\"\",\"f_more_font_family\":\"\",\"f_more_font_size\":\"\",\"f_more_font_line_height\":\"\",\"f_more_font_style\":\"\",\"f_more_font_weight\":\"\",\"f_more_font_transform\":\"\",\"f_more_font_spacing\":\"\",\"f_more_\":\"\",\"m16f_title_font_header\":\"\",\"m16f_title_font_title\":\"Article title\",\"m16f_title_font_settings\":\"\",\"m16f_title_font_family\":\"\",\"m16f_title_font_size\":\"\",\"m16f_title_font_line_height\":\"\",\"m16f_title_font_style\":\"\",\"m16f_title_font_weight\":\"\",\"m16f_title_font_transform\":\"\",\"m16f_title_font_spacing\":\"\",\"m16f_title_\":\"\",\"m16f_cat_font_title\":\"Article category tag\",\"m16f_cat_font_settings\":\"\",\"m16f_cat_font_family\":\"\",\"m16f_cat_font_size\":\"\",\"m16f_cat_font_line_height\":\"\",\"m16f_cat_font_style\":\"\",\"m16f_cat_font_weight\":\"\",\"m16f_cat_font_transform\":\"\",\"m16f_cat_font_spacing\":\"\",\"m16f_cat_\":\"\",\"m16f_meta_font_title\":\"Article meta info\",\"m16f_meta_font_settings\":\"\",\"m16f_meta_font_family\":\"\",\"m16f_meta_font_size\":\"\",\"m16f_meta_font_line_height\":\"\",\"m16f_meta_font_style\":\"\",\"m16f_meta_font_weight\":\"\",\"m16f_meta_font_transform\":\"\",\"m16f_meta_font_spacing\":\"\",\"m16f_meta_\":\"\",\"m16f_ex_font_title\":\"Article excerpt\",\"m16f_ex_font_settings\":\"\",\"m16f_ex_font_family\":\"\",\"m16f_ex_font_size\":\"\",\"m16f_ex_font_line_height\":\"\",\"m16f_ex_font_style\":\"\",\"m16f_ex_font_weight\":\"\",\"m16f_ex_font_transform\":\"\",\"m16f_ex_font_spacing\":\"\",\"m16f_ex_\":\"\",\"ajax_pagination\":\"\",\"ajax_pagination_infinite_stop\":\"\",\"css\":\"\",\"tdc_css\":\"\",\"td_column_number\":2,\"color_preset\":\"\",\"border_top\":\"\",\"class\":\"tdi_20_9b3\",\"tdc_css_class\":\"tdi_20_9b3\",\"tdc_css_class_style\":\"tdi_20_9b3_rand_style\"}';\nblock_tdi_20_9b3.td_column_number = \"2\";\nblock_tdi_20_9b3.block_type = \"td_block_21\";\nblock_tdi_20_9b3.post_count = \"1\";\nblock_tdi_20_9b3.found_posts = \"1\";\nblock_tdi_20_9b3.header_color = \"#dd3333\";\nblock_tdi_20_9b3.ajax_pagination_infinite_stop = \"\";\nblock_tdi_20_9b3.max_num_pages = \"1\";\ntdBlocksArray.push(block_tdi_20_9b3);\n<\/script><div class=\"td-block-title-wrap\"><h4 class=\"block-title td-block-title\"><a href=\"http:\/\/Editorial\" class=\"td-pulldown-size\">Editorial<\/a><\/h4><\/div><div id=tdi_20_9b3 class=\"td_block_inner\">\n        <div class=\"td_module_16 td_module_wrap td-animation-stack\">\n            <div class=\"td-module-thumb\"><a href=\"https:\/\/vamosporlaliberacion.org\/crpmlm\/cfk-pateo-el-tablero-politico\/\" rel=\"bookmark\" class=\"td-image-wrap \" title=\"CFK pate\u00f3 el tablero pol\u00edtico\" ><img loading=\"lazy\" decoding=\"async\" class=\"entry-thumb\" src=\"\" alt=\"\" title=\"CFK pate\u00f3 el tablero pol\u00edtico\" data-type=\"image_tag\" data-img-url=\"https:\/\/i0.wp.com\/vamosporlaliberacion.org\/crpmlm\/wp-content\/uploads\/2016\/12\/macri_sin_bigotes.jpg?resize=150%2C150&ssl=1\"  width=\"150\" height=\"150\" \/><\/a><\/div>\n            <div class=\"item-details\">\n                <h3 class=\"entry-title td-module-title\"><a href=\"https:\/\/vamosporlaliberacion.org\/crpmlm\/cfk-pateo-el-tablero-politico\/\" rel=\"bookmark\" title=\"CFK pate\u00f3 el tablero pol\u00edtico\">CFK pate\u00f3 el tablero pol\u00edtico<\/a><\/h3>\n                <div class=\"td-module-meta-info\">\n                                        <span class=\"td-post-author-name\"><a href=\"https:\/\/vamosporlaliberacion.org\/crpmlm\/author\/adminvxl\/\">vamos!<\/a> <span>-<\/span> <\/span>                    <span class=\"td-post-date\"><time class=\"entry-date updated td-module-date\" datetime=\"2019-05-22T14:21:53-03:00\" >22 mayo, 2019<\/time><\/span>                    <span class=\"td-module-comments\"><a href=\"https:\/\/vamosporlaliberacion.org\/crpmlm\/cfk-pateo-el-tablero-politico\/#respond\">0<\/a><\/span>                <\/div>\n\n                <div class=\"td-excerpt\">\n                    La decisi\u00f3n de Cristina Fern\u00e1ndez de Kirchner de postular a Alberto Fern\u00e1ndez como candidato a presidente acompa\u00f1ado por ella como vice de la f\u00f3rmula...                <\/div>\n            <\/div>\n\n        <\/div>\n\n        <\/div><\/div> <!-- .\/block --><div class=\"td_block_wrap td_block_21 tdi_21_f6a td-pb-border-top td_block_template_1 td-column-2\"  data-td-block-uid=\"tdi_21_f6a\" >\n<style>\n.td_block_template_2.widget > ul > li,\n            .td_block_template_6.widget > ul > li,\n            .td_block_template_8.widget > ul > li,\n            .td_block_template_9.widget > ul > li,\n            .td_block_template_10.widget > ul > li,\n            .td_block_template_11.widget > ul > li,\n            .td_block_template_12.widget > ul > li,\n            .td_block_template_13.widget > ul > li,\n            .td_block_template_14.widget > ul > li,\n            .td_block_template_15.widget > ul > li,\n            .td_block_template_16.widget > ul > li,\n            .td_block_template_17.widget > ul > li {\n                margin-left: 0 !important;\n            }\n            .global-block-template-12 .td-comments-title span,\n            .global-block-template-13 .td-comments-title span {\n                margin-left: 0 !important;\n                font-size: 20px;\n            }\n            @media (max-width: 767px) {\n                .global-block-template-12 .td-comments-title span,\n                .global-block-template-13 .td-comments-title span {\n                    font-size: 15px;\n                }\n            }\n            .td-block-title-wrap .td-wrapper-pulldown-filter {\n                font-family: 'Roboto', sans-serif;\n                position: absolute;\n                bottom: 0;\n                right: 0;\n                top: 0;\n                margin: auto 0;\n                z-index: 2;\n                background-color: #fff;\n                font-size: 13px;\n                line-height: 1;\n                color: #777;\n                text-align: right;\n            }\n            .td-block-title-wrap .td-wrapper-pulldown-filter .td-pulldown-filter-display-option {\n                cursor: pointer;\n                white-space: nowrap;\n                position: relative;\n                line-height: 29px;\n            }\n            .td-block-title-wrap .td-wrapper-pulldown-filter .td-pulldown-filter-display-option i {\n                font-size: 9px;\n                color: #777;\n                margin-left: 20px;\n                margin-right: 10px;\n            }\n            .td-block-title-wrap .td-wrapper-pulldown-filter .td-pulldown-filter-display-option i:before {\n                content: '\\e83d';\n            }\n            .td-block-title-wrap .td-wrapper-pulldown-filter .td-pulldown-filter-display-option span {\n                padding-left: 20px;\n                margin-right: -14px;\n            }\n            @media (max-width: 360px) {\n                .td-block-title-wrap .td-wrapper-pulldown-filter .td-pulldown-filter-display-option span {\n                    display: none;\n                }\n            }\n            .td-block-title-wrap .td-wrapper-pulldown-filter .td-pulldown-filter-display-option:hover {\n                color: #4db2ec;\n            }\n            .td-block-title-wrap .td-wrapper-pulldown-filter .td-pulldown-filter-display-option:hover i {\n                color: #4db2ec;\n            }\n            .td-block-title-wrap .td-wrapper-pulldown-filter .td-pulldown-filter-display-option:hover ul {\n                display: block;\n            }\n            .td-block-title-wrap .td-wrapper-pulldown-filter .td-pulldown-filter-list {\n                list-style: none;\n                position: absolute;\n                right: 0;\n                top: 100%;\n                padding: 18px 0;\n                background-color: rgb(255, 255, 255);\n                background-color: rgba(255, 255, 255, 0.95);\n                z-index: 999;\n                border-width: 1px;\n                border-color: #ededed;\n                border-style: solid;\n                display: none;\n                margin: 0;\n            }\n            .td-block-title-wrap .td-wrapper-pulldown-filter .td-pulldown-filter-item {\n                list-style: none;\n                margin: 0;\n            }\n            .td-block-title-wrap .td-wrapper-pulldown-filter .td-pulldown-filter-item .td-cur-simple-item {\n                color: #4db2ec;\n            }\n            .td-block-title-wrap .td-wrapper-pulldown-filter .td-pulldown-more {\n                padding-bottom: 10px;\n            }\n            .td-block-title-wrap .td-wrapper-pulldown-filter .td-pulldown-more:before {\n                content: '';\n                width: 70px;\n                height: 100%;\n                position: absolute;\n                margin-top: 2px;\n                top: 0;\n                right: 0;\n                z-index: 1;\n                opacity: 0;\n            }\n            .td-block-title-wrap .td-wrapper-pulldown-filter .td-pulldown-filter-link {\n                color: #777;\n                white-space: nowrap;\n                display: block;\n                line-height: 26px;\n                padding-left: 36px;\n                padding-right: 27px;\n            }\n            .td-block-title-wrap .td-wrapper-pulldown-filter .td-pulldown-filter-link:hover {\n                color: #4db2ec;\n            }\n            @media (min-width: 768px) and (max-width: 1018px) {\n                .td-pb-span4 .td-block-title-wrap .td-wrapper-pulldown-filter .td-pulldown-filter-display-option span {\n                    display: none;\n                }\n                .td-pb-span4 .td-block-title-wrap .td-wrapper-pulldown-filter .td-pulldown-filter-link {\n                    padding-left: 24px;\n                    padding-right: 20px !important;\n                }\n            }\n            @-moz-document url-prefix() {\n                .td-pulldown-syle-default .td-subcat-more,\n                .td-pulldown-syle-default .td-subcat-list {\n                    position: relative;\n                    top: -1px;\n                }\n            }\n            .td-pulldown-syle-2 {\n                top: 0;\n            }\n            .td-pulldown-syle-2 .td-subcat-dropdown ul {\n                padding: 20px 0;\n                margin-top: 0;\n            }\n            .td-pulldown-syle-2 .td-subcat-dropdown ul:after {\n                content: '';\n                position: absolute;\n                width: calc(100% + 2px);\n                height: 3px;\n                top: 0;\n                left: -1px;\n                background-color: #4db2ec;\n            }\n            .td-pulldown-syle-2 .td-subcat-dropdown a {\n                padding-left: 40px;\n                padding-right: 31px;\n            }\n            .td-pulldown-syle-2 .td-subcat-dropdown:hover .td-subcat-more {\n                background-color: transparent !important;\n            }\n            .td-pulldown-syle-2 .td-subcat-dropdown:hover .td-subcat-more span,\n            .td-pulldown-syle-2 .td-subcat-dropdown:hover .td-subcat-more i {\n                color: #4db2ec;\n            }\n            .td-pulldown-syle-2 .td-subcat-dropdown .td-subcat-more {\n                margin-left: 9px;\n                margin-bottom: 8px; \/\/ this align the dropdown list\n            }\n            .td-pulldown-syle-2 .td-subcat-list .td-subcat-item {\n                margin-left: 24px;\n            }\n            .td-pulldown-syle-3 {\n                top: 0;\n            }\n            .td-pulldown-syle-3 .td-subcat-dropdown ul {\n                padding: 15px 0;\n                margin-top: -1px;\n                border-width: 1px;\n            }\n            .td-pulldown-syle-3 .td-subcat-dropdown a {\n                padding-left: 40px;\n                padding-right: 31px;\n            }\n            .td-pulldown-syle-3 .td-subcat-dropdown &:hover .td-subcat-more {\n                background-color: transparent !important;\n            }\n            .td-pulldown-syle-3 .td-subcat-dropdown &:hover .td-subcat-more span,\n            .td-pulldown-syle-3 .td-subcat-dropdown &:hover .td-subcat-more i {\n                color: #4db2ec;\n            }\n            .td-pulldown-syle-3 .td-subcat-dropdown .td-subcat-more {\n                margin-left: 9px;\n                margin-bottom: 8px; \/\/ this align the dropdown list\n            }\n            .td-pulldown-syle-3 .td-subcat-list .td-subcat-item {\n                margin-left: 24px;\n            }\n            \n            \n\n            \n            .td-theme-wrap .tdi_21_f6a .td-pulldown-filter-link:hover,\n            .td-theme-wrap .tdi_21_f6a .td-subcat-item a:hover,\n            .td-theme-wrap .tdi_21_f6a .td-subcat-item .td-cur-simple-item {\n                color: #dd3333;\n            }\n\n            .td-theme-wrap .tdi_21_f6a .block-title > *,\n            .td-theme-wrap .tdi_21_f6a .td-subcat-dropdown:hover .td-subcat-more {\n                background-color: #dd3333;\n            }\n            .td-theme-wrap .td-footer-wrapper .tdi_21_f6a .block-title > * {\n                padding: 6px 7px 5px;\n                line-height: 1;\n            }\n\n            .td-theme-wrap .tdi_21_f6a .block-title {\n                border-color: #dd3333;\n            }\n\n            \n            .td-theme-wrap .tdi_21_f6a .td_module_wrap:hover .entry-title a,\n            .td-theme-wrap .tdi_21_f6a .td_quote_on_blocks,\n            .td-theme-wrap .tdi_21_f6a .td-opacity-cat .td-post-category:hover,\n            .td-theme-wrap .tdi_21_f6a .td-opacity-read .td-read-more a:hover,\n            .td-theme-wrap .tdi_21_f6a .td-opacity-author .td-post-author-name a:hover,\n            .td-theme-wrap .tdi_21_f6a .td-instagram-user a {\n                color: #dd3333;\n            }\n\n            .td-theme-wrap .tdi_21_f6a .td-next-prev-wrap a:hover,\n            .td-theme-wrap .tdi_21_f6a .td-load-more-wrap a:hover {\n                background-color: #dd3333;\n                border-color: #dd3333;\n            }\n\n            .td-theme-wrap .tdi_21_f6a .td-read-more a,\n            .td-theme-wrap .tdi_21_f6a .td-weather-information:before,\n            .td-theme-wrap .tdi_21_f6a .td-weather-week:before,\n            .td-theme-wrap .tdi_21_f6a .td-exchange-header:before,\n            .td-theme-wrap .td-footer-wrapper .tdi_21_f6a .td-post-category,\n            .td-theme-wrap .tdi_21_f6a .td-post-category:hover {\n                background-color: #dd3333;\n            }\n<\/style><script>var block_tdi_21_f6a = new tdBlock();\nblock_tdi_21_f6a.id = \"tdi_21_f6a\";\nblock_tdi_21_f6a.atts = '{\"custom_title\":\"Partido\",\"header_color\":\"#dd3333\",\"category_id\":\"11\",\"tag_slug\":\"vxl 141\",\"limit\":\"10\",\"td_filter_default_txt\":\"Todo\",\"block_type\":\"td_block_21\",\"separator\":\"\",\"custom_url\":\"\",\"block_template_id\":\"\",\"m16_tl\":\"\",\"m16_el\":\"\",\"post_ids\":\"\",\"category_ids\":\"\",\"autors_id\":\"\",\"installed_post_types\":\"\",\"sort\":\"\",\"offset\":\"\",\"show_modified_date\":\"\",\"el_class\":\"\",\"td_ajax_filter_type\":\"\",\"td_ajax_filter_ids\":\"\",\"td_ajax_preloading\":\"\",\"f_header_font_header\":\"\",\"f_header_font_title\":\"Block header\",\"f_header_font_settings\":\"\",\"f_header_font_family\":\"\",\"f_header_font_size\":\"\",\"f_header_font_line_height\":\"\",\"f_header_font_style\":\"\",\"f_header_font_weight\":\"\",\"f_header_font_transform\":\"\",\"f_header_font_spacing\":\"\",\"f_header_\":\"\",\"f_ajax_font_title\":\"Ajax categories\",\"f_ajax_font_settings\":\"\",\"f_ajax_font_family\":\"\",\"f_ajax_font_size\":\"\",\"f_ajax_font_line_height\":\"\",\"f_ajax_font_style\":\"\",\"f_ajax_font_weight\":\"\",\"f_ajax_font_transform\":\"\",\"f_ajax_font_spacing\":\"\",\"f_ajax_\":\"\",\"f_more_font_title\":\"Load more button\",\"f_more_font_settings\":\"\",\"f_more_font_family\":\"\",\"f_more_font_size\":\"\",\"f_more_font_line_height\":\"\",\"f_more_font_style\":\"\",\"f_more_font_weight\":\"\",\"f_more_font_transform\":\"\",\"f_more_font_spacing\":\"\",\"f_more_\":\"\",\"m16f_title_font_header\":\"\",\"m16f_title_font_title\":\"Article title\",\"m16f_title_font_settings\":\"\",\"m16f_title_font_family\":\"\",\"m16f_title_font_size\":\"\",\"m16f_title_font_line_height\":\"\",\"m16f_title_font_style\":\"\",\"m16f_title_font_weight\":\"\",\"m16f_title_font_transform\":\"\",\"m16f_title_font_spacing\":\"\",\"m16f_title_\":\"\",\"m16f_cat_font_title\":\"Article category tag\",\"m16f_cat_font_settings\":\"\",\"m16f_cat_font_family\":\"\",\"m16f_cat_font_size\":\"\",\"m16f_cat_font_line_height\":\"\",\"m16f_cat_font_style\":\"\",\"m16f_cat_font_weight\":\"\",\"m16f_cat_font_transform\":\"\",\"m16f_cat_font_spacing\":\"\",\"m16f_cat_\":\"\",\"m16f_meta_font_title\":\"Article meta info\",\"m16f_meta_font_settings\":\"\",\"m16f_meta_font_family\":\"\",\"m16f_meta_font_size\":\"\",\"m16f_meta_font_line_height\":\"\",\"m16f_meta_font_style\":\"\",\"m16f_meta_font_weight\":\"\",\"m16f_meta_font_transform\":\"\",\"m16f_meta_font_spacing\":\"\",\"m16f_meta_\":\"\",\"m16f_ex_font_title\":\"Article excerpt\",\"m16f_ex_font_settings\":\"\",\"m16f_ex_font_family\":\"\",\"m16f_ex_font_size\":\"\",\"m16f_ex_font_line_height\":\"\",\"m16f_ex_font_style\":\"\",\"m16f_ex_font_weight\":\"\",\"m16f_ex_font_transform\":\"\",\"m16f_ex_font_spacing\":\"\",\"m16f_ex_\":\"\",\"ajax_pagination\":\"\",\"ajax_pagination_infinite_stop\":\"\",\"css\":\"\",\"tdc_css\":\"\",\"td_column_number\":2,\"color_preset\":\"\",\"border_top\":\"\",\"class\":\"tdi_21_f6a\",\"tdc_css_class\":\"tdi_21_f6a\",\"tdc_css_class_style\":\"tdi_21_f6a_rand_style\"}';\nblock_tdi_21_f6a.td_column_number = \"2\";\nblock_tdi_21_f6a.block_type = \"td_block_21\";\nblock_tdi_21_f6a.post_count = \"10\";\nblock_tdi_21_f6a.found_posts = \"26\";\nblock_tdi_21_f6a.header_color = \"#dd3333\";\nblock_tdi_21_f6a.ajax_pagination_infinite_stop = \"\";\nblock_tdi_21_f6a.max_num_pages = \"3\";\ntdBlocksArray.push(block_tdi_21_f6a);\n<\/script><div class=\"td-block-title-wrap\"><h4 class=\"block-title td-block-title\"><span class=\"td-pulldown-size\">Partido<\/span><\/h4><\/div><div id=tdi_21_f6a class=\"td_block_inner\">\n        <div class=\"td_module_16 td_module_wrap td-animation-stack\">\n            <div class=\"td-module-thumb\"><a href=\"https:\/\/vamosporlaliberacion.org\/crpmlm\/guillermo-gerini-presente\/\" rel=\"bookmark\" class=\"td-image-wrap \" title=\"Guillermo Gerini \u00a1presente!\" ><img loading=\"lazy\" decoding=\"async\" class=\"entry-thumb\" src=\"\" alt=\"\" title=\"Guillermo Gerini \u00a1presente!\" data-type=\"image_tag\" data-img-url=\"https:\/\/i0.wp.com\/vamosporlaliberacion.org\/crpmlm\/wp-content\/uploads\/2019\/05\/22-05-2020-Guillermo-Gerini.png?resize=150%2C150&ssl=1\"  width=\"150\" height=\"150\" \/><\/a><\/div>\n            <div class=\"item-details\">\n                <h3 class=\"entry-title td-module-title\"><a href=\"https:\/\/vamosporlaliberacion.org\/crpmlm\/guillermo-gerini-presente\/\" rel=\"bookmark\" title=\"Guillermo Gerini \u00a1presente!\">Guillermo Gerini \u00a1presente!<\/a><\/h3>\n                <div class=\"td-module-meta-info\">\n                                        <span class=\"td-post-author-name\"><a href=\"https:\/\/vamosporlaliberacion.org\/crpmlm\/author\/\"><\/a> <span>-<\/span> <\/span>                    <span class=\"td-post-date\"><time class=\"entry-date updated td-module-date\" datetime=\"2020-05-22T16:00:00-03:00\" >22 mayo, 2020<\/time><\/span>                    <span class=\"td-module-comments\"><a href=\"https:\/\/vamosporlaliberacion.org\/crpmlm\/guillermo-gerini-presente\/#respond\">0<\/a><\/span>                <\/div>\n\n                <div class=\"td-excerpt\">\n                    Guillermo fue fusilado por la espalda el 22 de mayo de 1975, acribillado en una esquina de Berisso.\n\n\u2018El gordo\u2019 para sus compa\u00f1erxs, encabez\u00f3 la...                <\/div>\n            <\/div>\n\n        <\/div>\n\n        \n        <div class=\"td_module_16 td_module_wrap td-animation-stack\">\n            <div class=\"td-module-thumb\"><a href=\"https:\/\/vamosporlaliberacion.org\/crpmlm\/a-50-anos-del-cordobazo\/\" rel=\"bookmark\" class=\"td-image-wrap \" title=\"A 50 a\u00f1os del Cordobazo\" ><img loading=\"lazy\" decoding=\"async\" class=\"entry-thumb\" src=\"\" alt=\"\" title=\"A 50 a\u00f1os del Cordobazo\" data-type=\"image_tag\" data-img-url=\"https:\/\/i0.wp.com\/vamosporlaliberacion.org\/crpmlm\/wp-content\/uploads\/2019\/05\/Cordobazo-2-grande.jpg?resize=150%2C150&ssl=1\"  width=\"150\" height=\"150\" \/><\/a><\/div>\n            <div class=\"item-details\">\n                <h3 class=\"entry-title td-module-title\"><a href=\"https:\/\/vamosporlaliberacion.org\/crpmlm\/a-50-anos-del-cordobazo\/\" rel=\"bookmark\" title=\"A 50 a\u00f1os del Cordobazo\">A 50 a\u00f1os del Cordobazo<\/a><\/h3>\n                <div class=\"td-module-meta-info\">\n                                        <span class=\"td-post-author-name\"><a href=\"https:\/\/vamosporlaliberacion.org\/crpmlm\/author\/\"><\/a> <span>-<\/span> <\/span>                    <span class=\"td-post-date\"><time class=\"entry-date updated td-module-date\" datetime=\"2019-06-04T23:57:55-03:00\" >4 junio, 2019<\/time><\/span>                    <span class=\"td-module-comments\"><a href=\"https:\/\/vamosporlaliberacion.org\/crpmlm\/a-50-anos-del-cordobazo\/#respond\">0<\/a><\/span>                <\/div>\n\n                <div class=\"td-excerpt\">\n                    Una tensa calma. Cientos de barricadas edificadas con autos prendidos fuego, carteles, elementos de las obras en construcci\u00f3n y lo que aportaban los vecinos,...                <\/div>\n            <\/div>\n\n        <\/div>\n\n        \n        <div class=\"td_module_16 td_module_wrap td-animation-stack\">\n            <div class=\"td-module-thumb\"><a href=\"https:\/\/vamosporlaliberacion.org\/crpmlm\/miles-de-universitarixs-marchamos-contra-el-ajuste\/\" rel=\"bookmark\" class=\"td-image-wrap \" title=\"Miles de universitarixs marchamos contra el ajuste\" ><img loading=\"lazy\" decoding=\"async\" class=\"entry-thumb\" src=\"\" alt=\"\" title=\"Miles de universitarixs marchamos contra el ajuste\" data-type=\"image_tag\" data-img-url=\"https:\/\/i0.wp.com\/vamosporlaliberacion.org\/crpmlm\/wp-content\/uploads\/2019\/05\/Marcha-educativa-16-de-mayo.jpg?resize=150%2C150&ssl=1\"  width=\"150\" height=\"150\" \/><\/a><\/div>\n            <div class=\"item-details\">\n                <h3 class=\"entry-title td-module-title\"><a href=\"https:\/\/vamosporlaliberacion.org\/crpmlm\/miles-de-universitarixs-marchamos-contra-el-ajuste\/\" rel=\"bookmark\" title=\"Miles de universitarixs marchamos contra el ajuste\">Miles de universitarixs marchamos contra el ajuste<\/a><\/h3>\n                <div class=\"td-module-meta-info\">\n                                        <span class=\"td-post-author-name\"><a href=\"https:\/\/vamosporlaliberacion.org\/crpmlm\/author\/\"><\/a> <span>-<\/span> <\/span>                    <span class=\"td-post-date\"><time class=\"entry-date updated td-module-date\" datetime=\"2019-06-04T23:49:49-03:00\" >4 junio, 2019<\/time><\/span>                    <span class=\"td-module-comments\"><a href=\"https:\/\/vamosporlaliberacion.org\/crpmlm\/miles-de-universitarixs-marchamos-contra-el-ajuste\/#respond\">0<\/a><\/span>                <\/div>\n\n                <div class=\"td-excerpt\">\n                    El jueves 16 de mayo, miles de docentes, no docentes, estudiantes y cient\u00edficos nos movilizamos en todo el pa\u00eds. En la Ciudad de Buenos...                <\/div>\n            <\/div>\n\n        <\/div>\n\n        \n        <div class=\"td_module_16 td_module_wrap td-animation-stack\">\n            <div class=\"td-module-thumb\"><a href=\"https:\/\/vamosporlaliberacion.org\/crpmlm\/jose-ber-gelbard\/\" rel=\"bookmark\" class=\"td-image-wrap \" title=\"Jos\u00e9 Ber Gelbard\" ><img decoding=\"async\" class=\"entry-thumb\" src=\"\"alt=\"\" data-type=\"image_tag\" data-img-url=\"https:\/\/vamosporlaliberacion.org\/crpmlm\/wp-content\/plugins\/td-composer\/legacy\/Newspaper\/assets\/images\/no-thumb\/thumbnail.png\"  width=\"\" height=\"\" \/><\/a><\/div>\n            <div class=\"item-details\">\n                <h3 class=\"entry-title td-module-title\"><a href=\"https:\/\/vamosporlaliberacion.org\/crpmlm\/jose-ber-gelbard\/\" rel=\"bookmark\" title=\"Jos\u00e9 Ber Gelbard\">Jos\u00e9 Ber Gelbard<\/a><\/h3>\n                <div class=\"td-module-meta-info\">\n                                        <span class=\"td-post-author-name\"><a href=\"https:\/\/vamosporlaliberacion.org\/crpmlm\/author\/\"><\/a> <span>-<\/span> <\/span>                    <span class=\"td-post-date\"><time class=\"entry-date updated td-module-date\" datetime=\"2019-06-04T23:31:55-03:00\" >4 junio, 2019<\/time><\/span>                    <span class=\"td-module-comments\"><a href=\"https:\/\/vamosporlaliberacion.org\/crpmlm\/jose-ber-gelbard\/#respond\">0<\/a><\/span>                <\/div>\n\n                <div class=\"td-excerpt\">\n                    Cuando Juan Domingo Per\u00f3n asumi\u00f3 su tercera presidencia, \u201cno s\u00f3lo no detenta el poder sino que lidera un gran frente que de fondo no...                <\/div>\n            <\/div>\n\n        <\/div>\n\n        \n        <div class=\"td_module_16 td_module_wrap td-animation-stack\">\n            <div class=\"td-module-thumb\"><a href=\"https:\/\/vamosporlaliberacion.org\/crpmlm\/que-fue-el-pacto-social-de-1973\/\" rel=\"bookmark\" class=\"td-image-wrap \" title=\"\u00bfQu\u00e9 fue el Pacto Social de 1973?\" ><img loading=\"lazy\" decoding=\"async\" class=\"entry-thumb\" src=\"\" alt=\"\" title=\"\u00bfQu\u00e9 fue el Pacto Social de 1973?\" data-type=\"image_tag\" data-img-url=\"https:\/\/i0.wp.com\/vamosporlaliberacion.org\/crpmlm\/wp-content\/uploads\/2019\/05\/Rucci-con-Per%C3%B3n-y-C%C3%A1mpora.jpg?resize=150%2C150&ssl=1\"  width=\"150\" height=\"150\" \/><\/a><\/div>\n            <div class=\"item-details\">\n                <h3 class=\"entry-title td-module-title\"><a href=\"https:\/\/vamosporlaliberacion.org\/crpmlm\/que-fue-el-pacto-social-de-1973\/\" rel=\"bookmark\" title=\"\u00bfQu\u00e9 fue el Pacto Social de 1973?\">\u00bfQu\u00e9 fue el Pacto Social de 1973?<\/a><\/h3>\n                <div class=\"td-module-meta-info\">\n                                        <span class=\"td-post-author-name\"><a href=\"https:\/\/vamosporlaliberacion.org\/crpmlm\/author\/\"><\/a> <span>-<\/span> <\/span>                    <span class=\"td-post-date\"><time class=\"entry-date updated td-module-date\" datetime=\"2019-06-04T23:29:23-03:00\" >4 junio, 2019<\/time><\/span>                    <span class=\"td-module-comments\"><a href=\"https:\/\/vamosporlaliberacion.org\/crpmlm\/que-fue-el-pacto-social-de-1973\/#respond\">0<\/a><\/span>                <\/div>\n\n                <div class=\"td-excerpt\">\n                    El Pacto Social de 1973 vuelve a ser debate luego de la referencia que hizo CFK en su presentaci\u00f3n en la Feria del Libro....                <\/div>\n            <\/div>\n\n        <\/div>\n\n        \n        <div class=\"td_module_16 td_module_wrap td-animation-stack\">\n            <div class=\"td-module-thumb\"><a href=\"https:\/\/vamosporlaliberacion.org\/crpmlm\/encuentro-regional-comahue-de-mujeres-y-disidencias\/\" rel=\"bookmark\" class=\"td-image-wrap \" title=\"Encuentro regional Comahue de mujeres y disidencias\" ><img decoding=\"async\" class=\"entry-thumb\" src=\"\"alt=\"\" data-type=\"image_tag\" data-img-url=\"https:\/\/vamosporlaliberacion.org\/crpmlm\/wp-content\/plugins\/td-composer\/legacy\/Newspaper\/assets\/images\/no-thumb\/thumbnail.png\"  width=\"\" height=\"\" \/><\/a><\/div>\n            <div class=\"item-details\">\n                <h3 class=\"entry-title td-module-title\"><a href=\"https:\/\/vamosporlaliberacion.org\/crpmlm\/encuentro-regional-comahue-de-mujeres-y-disidencias\/\" rel=\"bookmark\" title=\"Encuentro regional Comahue de mujeres y disidencias\">Encuentro regional Comahue de mujeres y disidencias<\/a><\/h3>\n                <div class=\"td-module-meta-info\">\n                                        <span class=\"td-post-author-name\"><a href=\"https:\/\/vamosporlaliberacion.org\/crpmlm\/author\/\"><\/a> <span>-<\/span> <\/span>                    <span class=\"td-post-date\"><time class=\"entry-date updated td-module-date\" datetime=\"2019-06-04T23:22:02-03:00\" >4 junio, 2019<\/time><\/span>                    <span class=\"td-module-comments\"><a href=\"https:\/\/vamosporlaliberacion.org\/crpmlm\/encuentro-regional-comahue-de-mujeres-y-disidencias\/#respond\">0<\/a><\/span>                <\/div>\n\n                <div class=\"td-excerpt\">\n                    Se realiz\u00f3 el 4 de mayo en Catriel, ciudad situada en el extremo norte de la provincia de R\u00edo Negro conocida como la \u201cCapital...                <\/div>\n            <\/div>\n\n        <\/div>\n\n        \n        <div class=\"td_module_16 td_module_wrap td-animation-stack\">\n            <div class=\"td-module-thumb\"><a href=\"https:\/\/vamosporlaliberacion.org\/crpmlm\/juicio-a-ginecologo-antiderechos-de-cipolletti-2\/\" rel=\"bookmark\" class=\"td-image-wrap \" title=\"Juicio a ginec\u00f3logo antiderechos de Cipolletti\" ><img loading=\"lazy\" decoding=\"async\" class=\"entry-thumb\" src=\"\" alt=\"\" title=\"Juicio a ginec\u00f3logo antiderechos de Cipolletti\" data-type=\"image_tag\" data-img-url=\"https:\/\/i0.wp.com\/vamosporlaliberacion.org\/crpmlm\/wp-content\/uploads\/2019\/05\/Juicio-a-RL.jpeg?resize=150%2C150&ssl=1\"  width=\"150\" height=\"150\" \/><\/a><\/div>\n            <div class=\"item-details\">\n                <h3 class=\"entry-title td-module-title\"><a href=\"https:\/\/vamosporlaliberacion.org\/crpmlm\/juicio-a-ginecologo-antiderechos-de-cipolletti-2\/\" rel=\"bookmark\" title=\"Juicio a ginec\u00f3logo antiderechos de Cipolletti\">Juicio a ginec\u00f3logo antiderechos de Cipolletti<\/a><\/h3>\n                <div class=\"td-module-meta-info\">\n                                        <span class=\"td-post-author-name\"><a href=\"https:\/\/vamosporlaliberacion.org\/crpmlm\/author\/\"><\/a> <span>-<\/span> <\/span>                    <span class=\"td-post-date\"><time class=\"entry-date updated td-module-date\" datetime=\"2019-06-04T23:16:45-03:00\" >4 junio, 2019<\/time><\/span>                    <span class=\"td-module-comments\"><a href=\"https:\/\/vamosporlaliberacion.org\/crpmlm\/juicio-a-ginecologo-antiderechos-de-cipolletti-2\/#respond\">0<\/a><\/span>                <\/div>\n\n                <div class=\"td-excerpt\">\n                    Durante la semana del 13 de mayo se realiz\u00f3 el juicio al ginec\u00f3logo Leandro Rodr\u00edguez Lastra, por negar el derecho a la Interrupci\u00f3n Legal...                <\/div>\n            <\/div>\n\n        <\/div>\n\n        \n        <div class=\"td_module_16 td_module_wrap td-animation-stack\">\n            <div class=\"td-module-thumb\"><a href=\"https:\/\/vamosporlaliberacion.org\/crpmlm\/cedio-larreta-para-evitar-conflicto-con-metrodelegados\/\" rel=\"bookmark\" class=\"td-image-wrap \" title=\"Cedi\u00f3 Larreta para evitar conflicto con metrodelegados\" ><img decoding=\"async\" class=\"entry-thumb\" src=\"\"alt=\"\" data-type=\"image_tag\" data-img-url=\"https:\/\/vamosporlaliberacion.org\/crpmlm\/wp-content\/plugins\/td-composer\/legacy\/Newspaper\/assets\/images\/no-thumb\/thumbnail.png\"  width=\"\" height=\"\" \/><\/a><\/div>\n            <div class=\"item-details\">\n                <h3 class=\"entry-title td-module-title\"><a href=\"https:\/\/vamosporlaliberacion.org\/crpmlm\/cedio-larreta-para-evitar-conflicto-con-metrodelegados\/\" rel=\"bookmark\" title=\"Cedi\u00f3 Larreta para evitar conflicto con metrodelegados\">Cedi\u00f3 Larreta para evitar conflicto con metrodelegados<\/a><\/h3>\n                <div class=\"td-module-meta-info\">\n                                        <span class=\"td-post-author-name\"><a href=\"https:\/\/vamosporlaliberacion.org\/crpmlm\/author\/\"><\/a> <span>-<\/span> <\/span>                    <span class=\"td-post-date\"><time class=\"entry-date updated td-module-date\" datetime=\"2019-06-04T23:11:39-03:00\" >4 junio, 2019<\/time><\/span>                    <span class=\"td-module-comments\"><a href=\"https:\/\/vamosporlaliberacion.org\/crpmlm\/cedio-larreta-para-evitar-conflicto-con-metrodelegados\/#respond\">0<\/a><\/span>                <\/div>\n\n                <div class=\"td-excerpt\">\n                    El pasado mes de abril se firm\u00f3 el acta paritaria del subte. Los metrodelegados enrolados en AGTSyP consiguieron para todos los trabajadores un reajuste...                <\/div>\n            <\/div>\n\n        <\/div>\n\n        \n        <div class=\"td_module_16 td_module_wrap td-animation-stack\">\n            <div class=\"td-module-thumb\"><a href=\"https:\/\/vamosporlaliberacion.org\/crpmlm\/estatales-ultra-ajustados\/\" rel=\"bookmark\" class=\"td-image-wrap \" title=\"Estatales ultra ajustados\" ><img decoding=\"async\" class=\"entry-thumb\" src=\"\"alt=\"\" data-type=\"image_tag\" data-img-url=\"https:\/\/vamosporlaliberacion.org\/crpmlm\/wp-content\/plugins\/td-composer\/legacy\/Newspaper\/assets\/images\/no-thumb\/thumbnail.png\"  width=\"\" height=\"\" \/><\/a><\/div>\n            <div class=\"item-details\">\n                <h3 class=\"entry-title td-module-title\"><a href=\"https:\/\/vamosporlaliberacion.org\/crpmlm\/estatales-ultra-ajustados\/\" rel=\"bookmark\" title=\"Estatales ultra ajustados\">Estatales ultra ajustados<\/a><\/h3>\n                <div class=\"td-module-meta-info\">\n                                        <span class=\"td-post-author-name\"><a href=\"https:\/\/vamosporlaliberacion.org\/crpmlm\/author\/\"><\/a> <span>-<\/span> <\/span>                    <span class=\"td-post-date\"><time class=\"entry-date updated td-module-date\" datetime=\"2019-06-03T23:35:02-03:00\" >3 junio, 2019<\/time><\/span>                    <span class=\"td-module-comments\"><a href=\"https:\/\/vamosporlaliberacion.org\/crpmlm\/estatales-ultra-ajustados\/#respond\">0<\/a><\/span>                <\/div>\n\n                <div class=\"td-excerpt\">\n                    La paritaria del sector p\u00fablico est\u00e1 a un paso de cerrarse en manos del gobierno nacional y la lapicera c\u00f3mplice de Andr\u00e9s Rodr\u00edguez de...                <\/div>\n            <\/div>\n\n        <\/div>\n\n        \n        <div class=\"td_module_16 td_module_wrap td-animation-stack\">\n            <div class=\"td-module-thumb\"><a href=\"https:\/\/vamosporlaliberacion.org\/crpmlm\/solidaridad-con-los-trabajadores-de-pagina12\/\" rel=\"bookmark\" class=\"td-image-wrap \" title=\"Solidaridad con los trabajadores de P\u00e1gina\/12\" ><img loading=\"lazy\" decoding=\"async\" class=\"entry-thumb\" src=\"\" alt=\"\" title=\"Solidaridad con los trabajadores de P\u00e1gina\/12\" data-type=\"image_tag\" data-img-url=\"https:\/\/i0.wp.com\/vamosporlaliberacion.org\/crpmlm\/wp-content\/uploads\/2019\/05\/P12-paro.jpg?resize=150%2C150&ssl=1\"  width=\"150\" height=\"150\" \/><\/a><\/div>\n            <div class=\"item-details\">\n                <h3 class=\"entry-title td-module-title\"><a href=\"https:\/\/vamosporlaliberacion.org\/crpmlm\/solidaridad-con-los-trabajadores-de-pagina12\/\" rel=\"bookmark\" title=\"Solidaridad con los trabajadores de P\u00e1gina\/12\">Solidaridad con los trabajadores de P\u00e1gina\/12<\/a><\/h3>\n                <div class=\"td-module-meta-info\">\n                                        <span class=\"td-post-author-name\"><a href=\"https:\/\/vamosporlaliberacion.org\/crpmlm\/author\/\"><\/a> <span>-<\/span> <\/span>                    <span class=\"td-post-date\"><time class=\"entry-date updated td-module-date\" datetime=\"2019-06-03T23:29:24-03:00\" >3 junio, 2019<\/time><\/span>                    <span class=\"td-module-comments\"><a href=\"https:\/\/vamosporlaliberacion.org\/crpmlm\/solidaridad-con-los-trabajadores-de-pagina12\/#respond\">0<\/a><\/span>                <\/div>\n\n                <div class=\"td-excerpt\">\n                    Respaldamos la lucha de los trabajadores de P\u00e1gina\/12 exigiendo el cumplimiento de la paritaria y el convenio colectivo frente al incumplimiento patronal en ese...                <\/div>\n            <\/div>\n\n        <\/div>\n\n        <\/div><\/div> <!-- .\/block --><div class=\"td_block_wrap td_block_21 tdi_22_a39 td-pb-border-top td_block_template_1 td-column-2\"  data-td-block-uid=\"tdi_22_a39\" >\n<style>\n.td_block_template_2.widget > ul > li,\n            .td_block_template_6.widget > ul > li,\n            .td_block_template_8.widget > ul > li,\n            .td_block_template_9.widget > ul > li,\n            .td_block_template_10.widget > ul > li,\n            .td_block_template_11.widget > ul > li,\n            .td_block_template_12.widget > ul > li,\n            .td_block_template_13.widget > ul > li,\n            .td_block_template_14.widget > ul > li,\n            .td_block_template_15.widget > ul > li,\n            .td_block_template_16.widget > ul > li,\n            .td_block_template_17.widget > ul > li {\n                margin-left: 0 !important;\n            }\n            .global-block-template-12 .td-comments-title span,\n            .global-block-template-13 .td-comments-title span {\n                margin-left: 0 !important;\n                font-size: 20px;\n            }\n            @media (max-width: 767px) {\n                .global-block-template-12 .td-comments-title span,\n                .global-block-template-13 .td-comments-title span {\n                    font-size: 15px;\n                }\n            }\n            .td-block-title-wrap .td-wrapper-pulldown-filter {\n                font-family: 'Roboto', sans-serif;\n                position: absolute;\n                bottom: 0;\n                right: 0;\n                top: 0;\n                margin: auto 0;\n                z-index: 2;\n                background-color: #fff;\n                font-size: 13px;\n                line-height: 1;\n                color: #777;\n                text-align: right;\n            }\n            .td-block-title-wrap .td-wrapper-pulldown-filter .td-pulldown-filter-display-option {\n                cursor: pointer;\n                white-space: nowrap;\n                position: relative;\n                line-height: 29px;\n            }\n            .td-block-title-wrap .td-wrapper-pulldown-filter .td-pulldown-filter-display-option i {\n                font-size: 9px;\n                color: #777;\n                margin-left: 20px;\n                margin-right: 10px;\n            }\n            .td-block-title-wrap .td-wrapper-pulldown-filter .td-pulldown-filter-display-option i:before {\n                content: '\\e83d';\n            }\n            .td-block-title-wrap .td-wrapper-pulldown-filter .td-pulldown-filter-display-option span {\n                padding-left: 20px;\n                margin-right: -14px;\n            }\n            @media (max-width: 360px) {\n                .td-block-title-wrap .td-wrapper-pulldown-filter .td-pulldown-filter-display-option span {\n                    display: none;\n                }\n            }\n            .td-block-title-wrap .td-wrapper-pulldown-filter .td-pulldown-filter-display-option:hover {\n                color: #4db2ec;\n            }\n            .td-block-title-wrap .td-wrapper-pulldown-filter .td-pulldown-filter-display-option:hover i {\n                color: #4db2ec;\n            }\n            .td-block-title-wrap .td-wrapper-pulldown-filter .td-pulldown-filter-display-option:hover ul {\n                display: block;\n            }\n            .td-block-title-wrap .td-wrapper-pulldown-filter .td-pulldown-filter-list {\n                list-style: none;\n                position: absolute;\n                right: 0;\n                top: 100%;\n                padding: 18px 0;\n                background-color: rgb(255, 255, 255);\n                background-color: rgba(255, 255, 255, 0.95);\n                z-index: 999;\n                border-width: 1px;\n                border-color: #ededed;\n                border-style: solid;\n                display: none;\n                margin: 0;\n            }\n            .td-block-title-wrap .td-wrapper-pulldown-filter .td-pulldown-filter-item {\n                list-style: none;\n                margin: 0;\n            }\n            .td-block-title-wrap .td-wrapper-pulldown-filter .td-pulldown-filter-item .td-cur-simple-item {\n                color: #4db2ec;\n            }\n            .td-block-title-wrap .td-wrapper-pulldown-filter .td-pulldown-more {\n                padding-bottom: 10px;\n            }\n            .td-block-title-wrap .td-wrapper-pulldown-filter .td-pulldown-more:before {\n                content: '';\n                width: 70px;\n                height: 100%;\n                position: absolute;\n                margin-top: 2px;\n                top: 0;\n                right: 0;\n                z-index: 1;\n                opacity: 0;\n            }\n            .td-block-title-wrap .td-wrapper-pulldown-filter .td-pulldown-filter-link {\n                color: #777;\n                white-space: nowrap;\n                display: block;\n                line-height: 26px;\n                padding-left: 36px;\n                padding-right: 27px;\n            }\n            .td-block-title-wrap .td-wrapper-pulldown-filter .td-pulldown-filter-link:hover {\n                color: #4db2ec;\n            }\n            @media (min-width: 768px) and (max-width: 1018px) {\n                .td-pb-span4 .td-block-title-wrap .td-wrapper-pulldown-filter .td-pulldown-filter-display-option span {\n                    display: none;\n                }\n                .td-pb-span4 .td-block-title-wrap .td-wrapper-pulldown-filter .td-pulldown-filter-link {\n                    padding-left: 24px;\n                    padding-right: 20px !important;\n                }\n            }\n            @-moz-document url-prefix() {\n                .td-pulldown-syle-default .td-subcat-more,\n                .td-pulldown-syle-default .td-subcat-list {\n                    position: relative;\n                    top: -1px;\n                }\n            }\n            .td-pulldown-syle-2 {\n                top: 0;\n            }\n            .td-pulldown-syle-2 .td-subcat-dropdown ul {\n                padding: 20px 0;\n                margin-top: 0;\n            }\n            .td-pulldown-syle-2 .td-subcat-dropdown ul:after {\n                content: '';\n                position: absolute;\n                width: calc(100% + 2px);\n                height: 3px;\n                top: 0;\n                left: -1px;\n                background-color: #4db2ec;\n            }\n            .td-pulldown-syle-2 .td-subcat-dropdown a {\n                padding-left: 40px;\n                padding-right: 31px;\n            }\n            .td-pulldown-syle-2 .td-subcat-dropdown:hover .td-subcat-more {\n                background-color: transparent !important;\n            }\n            .td-pulldown-syle-2 .td-subcat-dropdown:hover .td-subcat-more span,\n            .td-pulldown-syle-2 .td-subcat-dropdown:hover .td-subcat-more i {\n                color: #4db2ec;\n            }\n            .td-pulldown-syle-2 .td-subcat-dropdown .td-subcat-more {\n                margin-left: 9px;\n                margin-bottom: 8px; \/\/ this align the dropdown list\n            }\n            .td-pulldown-syle-2 .td-subcat-list .td-subcat-item {\n                margin-left: 24px;\n            }\n            .td-pulldown-syle-3 {\n                top: 0;\n            }\n            .td-pulldown-syle-3 .td-subcat-dropdown ul {\n                padding: 15px 0;\n                margin-top: -1px;\n                border-width: 1px;\n            }\n            .td-pulldown-syle-3 .td-subcat-dropdown a {\n                padding-left: 40px;\n                padding-right: 31px;\n            }\n            .td-pulldown-syle-3 .td-subcat-dropdown &:hover .td-subcat-more {\n                background-color: transparent !important;\n            }\n            .td-pulldown-syle-3 .td-subcat-dropdown &:hover .td-subcat-more span,\n            .td-pulldown-syle-3 .td-subcat-dropdown &:hover .td-subcat-more i {\n                color: #4db2ec;\n            }\n            .td-pulldown-syle-3 .td-subcat-dropdown .td-subcat-more {\n                margin-left: 9px;\n                margin-bottom: 8px; \/\/ this align the dropdown list\n            }\n            .td-pulldown-syle-3 .td-subcat-list .td-subcat-item {\n                margin-left: 24px;\n            }\n            \n            \n\n            \n            .td-theme-wrap .tdi_22_a39 .td-pulldown-filter-link:hover,\n            .td-theme-wrap .tdi_22_a39 .td-subcat-item a:hover,\n            .td-theme-wrap .tdi_22_a39 .td-subcat-item .td-cur-simple-item {\n                color: #dd3333;\n            }\n\n            .td-theme-wrap .tdi_22_a39 .block-title > *,\n            .td-theme-wrap .tdi_22_a39 .td-subcat-dropdown:hover .td-subcat-more {\n                background-color: #dd3333;\n            }\n            .td-theme-wrap .td-footer-wrapper .tdi_22_a39 .block-title > * {\n                padding: 6px 7px 5px;\n                line-height: 1;\n            }\n\n            .td-theme-wrap .tdi_22_a39 .block-title {\n                border-color: #dd3333;\n            }\n\n            \n            .td-theme-wrap .tdi_22_a39 .td_module_wrap:hover .entry-title a,\n            .td-theme-wrap .tdi_22_a39 .td_quote_on_blocks,\n            .td-theme-wrap .tdi_22_a39 .td-opacity-cat .td-post-category:hover,\n            .td-theme-wrap .tdi_22_a39 .td-opacity-read .td-read-more a:hover,\n            .td-theme-wrap .tdi_22_a39 .td-opacity-author .td-post-author-name a:hover,\n            .td-theme-wrap .tdi_22_a39 .td-instagram-user a {\n                color: #dd3333;\n            }\n\n            .td-theme-wrap .tdi_22_a39 .td-next-prev-wrap a:hover,\n            .td-theme-wrap .tdi_22_a39 .td-load-more-wrap a:hover {\n                background-color: #dd3333;\n                border-color: #dd3333;\n            }\n\n            .td-theme-wrap .tdi_22_a39 .td-read-more a,\n            .td-theme-wrap .tdi_22_a39 .td-weather-information:before,\n            .td-theme-wrap .tdi_22_a39 .td-weather-week:before,\n            .td-theme-wrap .tdi_22_a39 .td-exchange-header:before,\n            .td-theme-wrap .td-footer-wrapper .tdi_22_a39 .td-post-category,\n            .td-theme-wrap .tdi_22_a39 .td-post-category:hover {\n                background-color: #dd3333;\n            }\n<\/style><script>var block_tdi_22_a39 = new tdBlock();\nblock_tdi_22_a39.id = \"tdi_22_a39\";\nblock_tdi_22_a39.atts = '{\"custom_title\":\"Pol\\u00edtica\",\"header_color\":\"#dd3333\",\"category_id\":\"10\",\"tag_slug\":\"vxl 141\",\"limit\":\"10\",\"td_filter_default_txt\":\"Todo\",\"block_type\":\"td_block_21\",\"separator\":\"\",\"custom_url\":\"\",\"block_template_id\":\"\",\"m16_tl\":\"\",\"m16_el\":\"\",\"post_ids\":\"\",\"category_ids\":\"\",\"autors_id\":\"\",\"installed_post_types\":\"\",\"sort\":\"\",\"offset\":\"\",\"show_modified_date\":\"\",\"el_class\":\"\",\"td_ajax_filter_type\":\"\",\"td_ajax_filter_ids\":\"\",\"td_ajax_preloading\":\"\",\"f_header_font_header\":\"\",\"f_header_font_title\":\"Block header\",\"f_header_font_settings\":\"\",\"f_header_font_family\":\"\",\"f_header_font_size\":\"\",\"f_header_font_line_height\":\"\",\"f_header_font_style\":\"\",\"f_header_font_weight\":\"\",\"f_header_font_transform\":\"\",\"f_header_font_spacing\":\"\",\"f_header_\":\"\",\"f_ajax_font_title\":\"Ajax categories\",\"f_ajax_font_settings\":\"\",\"f_ajax_font_family\":\"\",\"f_ajax_font_size\":\"\",\"f_ajax_font_line_height\":\"\",\"f_ajax_font_style\":\"\",\"f_ajax_font_weight\":\"\",\"f_ajax_font_transform\":\"\",\"f_ajax_font_spacing\":\"\",\"f_ajax_\":\"\",\"f_more_font_title\":\"Load more button\",\"f_more_font_settings\":\"\",\"f_more_font_family\":\"\",\"f_more_font_size\":\"\",\"f_more_font_line_height\":\"\",\"f_more_font_style\":\"\",\"f_more_font_weight\":\"\",\"f_more_font_transform\":\"\",\"f_more_font_spacing\":\"\",\"f_more_\":\"\",\"m16f_title_font_header\":\"\",\"m16f_title_font_title\":\"Article title\",\"m16f_title_font_settings\":\"\",\"m16f_title_font_family\":\"\",\"m16f_title_font_size\":\"\",\"m16f_title_font_line_height\":\"\",\"m16f_title_font_style\":\"\",\"m16f_title_font_weight\":\"\",\"m16f_title_font_transform\":\"\",\"m16f_title_font_spacing\":\"\",\"m16f_title_\":\"\",\"m16f_cat_font_title\":\"Article category tag\",\"m16f_cat_font_settings\":\"\",\"m16f_cat_font_family\":\"\",\"m16f_cat_font_size\":\"\",\"m16f_cat_font_line_height\":\"\",\"m16f_cat_font_style\":\"\",\"m16f_cat_font_weight\":\"\",\"m16f_cat_font_transform\":\"\",\"m16f_cat_font_spacing\":\"\",\"m16f_cat_\":\"\",\"m16f_meta_font_title\":\"Article meta info\",\"m16f_meta_font_settings\":\"\",\"m16f_meta_font_family\":\"\",\"m16f_meta_font_size\":\"\",\"m16f_meta_font_line_height\":\"\",\"m16f_meta_font_style\":\"\",\"m16f_meta_font_weight\":\"\",\"m16f_meta_font_transform\":\"\",\"m16f_meta_font_spacing\":\"\",\"m16f_meta_\":\"\",\"m16f_ex_font_title\":\"Article excerpt\",\"m16f_ex_font_settings\":\"\",\"m16f_ex_font_family\":\"\",\"m16f_ex_font_size\":\"\",\"m16f_ex_font_line_height\":\"\",\"m16f_ex_font_style\":\"\",\"m16f_ex_font_weight\":\"\",\"m16f_ex_font_transform\":\"\",\"m16f_ex_font_spacing\":\"\",\"m16f_ex_\":\"\",\"ajax_pagination\":\"\",\"ajax_pagination_infinite_stop\":\"\",\"css\":\"\",\"tdc_css\":\"\",\"td_column_number\":2,\"color_preset\":\"\",\"border_top\":\"\",\"class\":\"tdi_22_a39\",\"tdc_css_class\":\"tdi_22_a39\",\"tdc_css_class_style\":\"tdi_22_a39_rand_style\"}';\nblock_tdi_22_a39.td_column_number = \"2\";\nblock_tdi_22_a39.block_type = \"td_block_21\";\nblock_tdi_22_a39.post_count = \"10\";\nblock_tdi_22_a39.found_posts = \"26\";\nblock_tdi_22_a39.header_color = \"#dd3333\";\nblock_tdi_22_a39.ajax_pagination_infinite_stop = \"\";\nblock_tdi_22_a39.max_num_pages = \"3\";\ntdBlocksArray.push(block_tdi_22_a39);\n<\/script><div class=\"td-block-title-wrap\"><h4 class=\"block-title td-block-title\"><span class=\"td-pulldown-size\">Pol\u00edtica<\/span><\/h4><\/div><div id=tdi_22_a39 class=\"td_block_inner\">\n        <div class=\"td_module_16 td_module_wrap td-animation-stack\">\n            <div class=\"td-module-thumb\"><a href=\"https:\/\/vamosporlaliberacion.org\/crpmlm\/guillermo-gerini-presente\/\" rel=\"bookmark\" class=\"td-image-wrap \" title=\"Guillermo Gerini \u00a1presente!\" ><img loading=\"lazy\" decoding=\"async\" class=\"entry-thumb\" src=\"\" alt=\"\" title=\"Guillermo Gerini \u00a1presente!\" data-type=\"image_tag\" data-img-url=\"https:\/\/i0.wp.com\/vamosporlaliberacion.org\/crpmlm\/wp-content\/uploads\/2019\/05\/22-05-2020-Guillermo-Gerini.png?resize=150%2C150&ssl=1\"  width=\"150\" height=\"150\" \/><\/a><\/div>\n            <div class=\"item-details\">\n                <h3 class=\"entry-title td-module-title\"><a href=\"https:\/\/vamosporlaliberacion.org\/crpmlm\/guillermo-gerini-presente\/\" rel=\"bookmark\" title=\"Guillermo Gerini \u00a1presente!\">Guillermo Gerini \u00a1presente!<\/a><\/h3>\n                <div class=\"td-module-meta-info\">\n                                        <span class=\"td-post-author-name\"><a href=\"https:\/\/vamosporlaliberacion.org\/crpmlm\/author\/\"><\/a> <span>-<\/span> <\/span>                    <span class=\"td-post-date\"><time class=\"entry-date updated td-module-date\" datetime=\"2020-05-22T16:00:00-03:00\" >22 mayo, 2020<\/time><\/span>                    <span class=\"td-module-comments\"><a href=\"https:\/\/vamosporlaliberacion.org\/crpmlm\/guillermo-gerini-presente\/#respond\">0<\/a><\/span>                <\/div>\n\n                <div class=\"td-excerpt\">\n                    Guillermo fue fusilado por la espalda el 22 de mayo de 1975, acribillado en una esquina de Berisso.\n\n\u2018El gordo\u2019 para sus compa\u00f1erxs, encabez\u00f3 la...                <\/div>\n            <\/div>\n\n        <\/div>\n\n        \n        <div class=\"td_module_16 td_module_wrap td-animation-stack\">\n            <div class=\"td-module-thumb\"><a href=\"https:\/\/vamosporlaliberacion.org\/crpmlm\/a-50-anos-del-cordobazo\/\" rel=\"bookmark\" class=\"td-image-wrap \" title=\"A 50 a\u00f1os del Cordobazo\" ><img loading=\"lazy\" decoding=\"async\" class=\"entry-thumb\" src=\"\" alt=\"\" title=\"A 50 a\u00f1os del Cordobazo\" data-type=\"image_tag\" data-img-url=\"https:\/\/i0.wp.com\/vamosporlaliberacion.org\/crpmlm\/wp-content\/uploads\/2019\/05\/Cordobazo-2-grande.jpg?resize=150%2C150&ssl=1\"  width=\"150\" height=\"150\" \/><\/a><\/div>\n            <div class=\"item-details\">\n                <h3 class=\"entry-title td-module-title\"><a href=\"https:\/\/vamosporlaliberacion.org\/crpmlm\/a-50-anos-del-cordobazo\/\" rel=\"bookmark\" title=\"A 50 a\u00f1os del Cordobazo\">A 50 a\u00f1os del Cordobazo<\/a><\/h3>\n                <div class=\"td-module-meta-info\">\n                                        <span class=\"td-post-author-name\"><a href=\"https:\/\/vamosporlaliberacion.org\/crpmlm\/author\/\"><\/a> <span>-<\/span> <\/span>                    <span class=\"td-post-date\"><time class=\"entry-date updated td-module-date\" datetime=\"2019-06-04T23:57:55-03:00\" >4 junio, 2019<\/time><\/span>                    <span class=\"td-module-comments\"><a href=\"https:\/\/vamosporlaliberacion.org\/crpmlm\/a-50-anos-del-cordobazo\/#respond\">0<\/a><\/span>                <\/div>\n\n                <div class=\"td-excerpt\">\n                    Una tensa calma. Cientos de barricadas edificadas con autos prendidos fuego, carteles, elementos de las obras en construcci\u00f3n y lo que aportaban los vecinos,...                <\/div>\n            <\/div>\n\n        <\/div>\n\n        \n        <div class=\"td_module_16 td_module_wrap td-animation-stack\">\n            <div class=\"td-module-thumb\"><a href=\"https:\/\/vamosporlaliberacion.org\/crpmlm\/miles-de-universitarixs-marchamos-contra-el-ajuste\/\" rel=\"bookmark\" class=\"td-image-wrap \" title=\"Miles de universitarixs marchamos contra el ajuste\" ><img loading=\"lazy\" decoding=\"async\" class=\"entry-thumb\" src=\"\" alt=\"\" title=\"Miles de universitarixs marchamos contra el ajuste\" data-type=\"image_tag\" data-img-url=\"https:\/\/i0.wp.com\/vamosporlaliberacion.org\/crpmlm\/wp-content\/uploads\/2019\/05\/Marcha-educativa-16-de-mayo.jpg?resize=150%2C150&ssl=1\"  width=\"150\" height=\"150\" \/><\/a><\/div>\n            <div class=\"item-details\">\n                <h3 class=\"entry-title td-module-title\"><a href=\"https:\/\/vamosporlaliberacion.org\/crpmlm\/miles-de-universitarixs-marchamos-contra-el-ajuste\/\" rel=\"bookmark\" title=\"Miles de universitarixs marchamos contra el ajuste\">Miles de universitarixs marchamos contra el ajuste<\/a><\/h3>\n                <div class=\"td-module-meta-info\">\n                                        <span class=\"td-post-author-name\"><a href=\"https:\/\/vamosporlaliberacion.org\/crpmlm\/author\/\"><\/a> <span>-<\/span> <\/span>                    <span class=\"td-post-date\"><time class=\"entry-date updated td-module-date\" datetime=\"2019-06-04T23:49:49-03:00\" >4 junio, 2019<\/time><\/span>                    <span class=\"td-module-comments\"><a href=\"https:\/\/vamosporlaliberacion.org\/crpmlm\/miles-de-universitarixs-marchamos-contra-el-ajuste\/#respond\">0<\/a><\/span>                <\/div>\n\n                <div class=\"td-excerpt\">\n                    El jueves 16 de mayo, miles de docentes, no docentes, estudiantes y cient\u00edficos nos movilizamos en todo el pa\u00eds. En la Ciudad de Buenos...                <\/div>\n            <\/div>\n\n        <\/div>\n\n        \n        <div class=\"td_module_16 td_module_wrap td-animation-stack\">\n            <div class=\"td-module-thumb\"><a href=\"https:\/\/vamosporlaliberacion.org\/crpmlm\/jose-ber-gelbard\/\" rel=\"bookmark\" class=\"td-image-wrap \" title=\"Jos\u00e9 Ber Gelbard\" ><img decoding=\"async\" class=\"entry-thumb\" src=\"\"alt=\"\" data-type=\"image_tag\" data-img-url=\"https:\/\/vamosporlaliberacion.org\/crpmlm\/wp-content\/plugins\/td-composer\/legacy\/Newspaper\/assets\/images\/no-thumb\/thumbnail.png\"  width=\"\" height=\"\" \/><\/a><\/div>\n            <div class=\"item-details\">\n                <h3 class=\"entry-title td-module-title\"><a href=\"https:\/\/vamosporlaliberacion.org\/crpmlm\/jose-ber-gelbard\/\" rel=\"bookmark\" title=\"Jos\u00e9 Ber Gelbard\">Jos\u00e9 Ber Gelbard<\/a><\/h3>\n                <div class=\"td-module-meta-info\">\n                                        <span class=\"td-post-author-name\"><a href=\"https:\/\/vamosporlaliberacion.org\/crpmlm\/author\/\"><\/a> <span>-<\/span> <\/span>                    <span class=\"td-post-date\"><time class=\"entry-date updated td-module-date\" datetime=\"2019-06-04T23:31:55-03:00\" >4 junio, 2019<\/time><\/span>                    <span class=\"td-module-comments\"><a href=\"https:\/\/vamosporlaliberacion.org\/crpmlm\/jose-ber-gelbard\/#respond\">0<\/a><\/span>                <\/div>\n\n                <div class=\"td-excerpt\">\n                    Cuando Juan Domingo Per\u00f3n asumi\u00f3 su tercera presidencia, \u201cno s\u00f3lo no detenta el poder sino que lidera un gran frente que de fondo no...                <\/div>\n            <\/div>\n\n        <\/div>\n\n        \n        <div class=\"td_module_16 td_module_wrap td-animation-stack\">\n            <div class=\"td-module-thumb\"><a href=\"https:\/\/vamosporlaliberacion.org\/crpmlm\/que-fue-el-pacto-social-de-1973\/\" rel=\"bookmark\" class=\"td-image-wrap \" title=\"\u00bfQu\u00e9 fue el Pacto Social de 1973?\" ><img loading=\"lazy\" decoding=\"async\" class=\"entry-thumb\" src=\"\" alt=\"\" title=\"\u00bfQu\u00e9 fue el Pacto Social de 1973?\" data-type=\"image_tag\" data-img-url=\"https:\/\/i0.wp.com\/vamosporlaliberacion.org\/crpmlm\/wp-content\/uploads\/2019\/05\/Rucci-con-Per%C3%B3n-y-C%C3%A1mpora.jpg?resize=150%2C150&ssl=1\"  width=\"150\" height=\"150\" \/><\/a><\/div>\n            <div class=\"item-details\">\n                <h3 class=\"entry-title td-module-title\"><a href=\"https:\/\/vamosporlaliberacion.org\/crpmlm\/que-fue-el-pacto-social-de-1973\/\" rel=\"bookmark\" title=\"\u00bfQu\u00e9 fue el Pacto Social de 1973?\">\u00bfQu\u00e9 fue el Pacto Social de 1973?<\/a><\/h3>\n                <div class=\"td-module-meta-info\">\n                                        <span class=\"td-post-author-name\"><a href=\"https:\/\/vamosporlaliberacion.org\/crpmlm\/author\/\"><\/a> <span>-<\/span> <\/span>                    <span class=\"td-post-date\"><time class=\"entry-date updated td-module-date\" datetime=\"2019-06-04T23:29:23-03:00\" >4 junio, 2019<\/time><\/span>                    <span class=\"td-module-comments\"><a href=\"https:\/\/vamosporlaliberacion.org\/crpmlm\/que-fue-el-pacto-social-de-1973\/#respond\">0<\/a><\/span>                <\/div>\n\n                <div class=\"td-excerpt\">\n                    El Pacto Social de 1973 vuelve a ser debate luego de la referencia que hizo CFK en su presentaci\u00f3n en la Feria del Libro....                <\/div>\n            <\/div>\n\n        <\/div>\n\n        \n        <div class=\"td_module_16 td_module_wrap td-animation-stack\">\n            <div class=\"td-module-thumb\"><a href=\"https:\/\/vamosporlaliberacion.org\/crpmlm\/encuentro-regional-comahue-de-mujeres-y-disidencias\/\" rel=\"bookmark\" class=\"td-image-wrap \" title=\"Encuentro regional Comahue de mujeres y disidencias\" ><img decoding=\"async\" class=\"entry-thumb\" src=\"\"alt=\"\" data-type=\"image_tag\" data-img-url=\"https:\/\/vamosporlaliberacion.org\/crpmlm\/wp-content\/plugins\/td-composer\/legacy\/Newspaper\/assets\/images\/no-thumb\/thumbnail.png\"  width=\"\" height=\"\" \/><\/a><\/div>\n            <div class=\"item-details\">\n                <h3 class=\"entry-title td-module-title\"><a href=\"https:\/\/vamosporlaliberacion.org\/crpmlm\/encuentro-regional-comahue-de-mujeres-y-disidencias\/\" rel=\"bookmark\" title=\"Encuentro regional Comahue de mujeres y disidencias\">Encuentro regional Comahue de mujeres y disidencias<\/a><\/h3>\n                <div class=\"td-module-meta-info\">\n                                        <span class=\"td-post-author-name\"><a href=\"https:\/\/vamosporlaliberacion.org\/crpmlm\/author\/\"><\/a> <span>-<\/span> <\/span>                    <span class=\"td-post-date\"><time class=\"entry-date updated td-module-date\" datetime=\"2019-06-04T23:22:02-03:00\" >4 junio, 2019<\/time><\/span>                    <span class=\"td-module-comments\"><a href=\"https:\/\/vamosporlaliberacion.org\/crpmlm\/encuentro-regional-comahue-de-mujeres-y-disidencias\/#respond\">0<\/a><\/span>                <\/div>\n\n                <div class=\"td-excerpt\">\n                    Se realiz\u00f3 el 4 de mayo en Catriel, ciudad situada en el extremo norte de la provincia de R\u00edo Negro conocida como la \u201cCapital...                <\/div>\n            <\/div>\n\n        <\/div>\n\n        \n        <div class=\"td_module_16 td_module_wrap td-animation-stack\">\n            <div class=\"td-module-thumb\"><a href=\"https:\/\/vamosporlaliberacion.org\/crpmlm\/juicio-a-ginecologo-antiderechos-de-cipolletti-2\/\" rel=\"bookmark\" class=\"td-image-wrap \" title=\"Juicio a ginec\u00f3logo antiderechos de Cipolletti\" ><img loading=\"lazy\" decoding=\"async\" class=\"entry-thumb\" src=\"\" alt=\"\" title=\"Juicio a ginec\u00f3logo antiderechos de Cipolletti\" data-type=\"image_tag\" data-img-url=\"https:\/\/i0.wp.com\/vamosporlaliberacion.org\/crpmlm\/wp-content\/uploads\/2019\/05\/Juicio-a-RL.jpeg?resize=150%2C150&ssl=1\"  width=\"150\" height=\"150\" \/><\/a><\/div>\n            <div class=\"item-details\">\n                <h3 class=\"entry-title td-module-title\"><a href=\"https:\/\/vamosporlaliberacion.org\/crpmlm\/juicio-a-ginecologo-antiderechos-de-cipolletti-2\/\" rel=\"bookmark\" title=\"Juicio a ginec\u00f3logo antiderechos de Cipolletti\">Juicio a ginec\u00f3logo antiderechos de Cipolletti<\/a><\/h3>\n                <div class=\"td-module-meta-info\">\n                                        <span class=\"td-post-author-name\"><a href=\"https:\/\/vamosporlaliberacion.org\/crpmlm\/author\/\"><\/a> <span>-<\/span> <\/span>                    <span class=\"td-post-date\"><time class=\"entry-date updated td-module-date\" datetime=\"2019-06-04T23:16:45-03:00\" >4 junio, 2019<\/time><\/span>                    <span class=\"td-module-comments\"><a href=\"https:\/\/vamosporlaliberacion.org\/crpmlm\/juicio-a-ginecologo-antiderechos-de-cipolletti-2\/#respond\">0<\/a><\/span>                <\/div>\n\n                <div class=\"td-excerpt\">\n                    Durante la semana del 13 de mayo se realiz\u00f3 el juicio al ginec\u00f3logo Leandro Rodr\u00edguez Lastra, por negar el derecho a la Interrupci\u00f3n Legal...                <\/div>\n            <\/div>\n\n        <\/div>\n\n        \n        <div class=\"td_module_16 td_module_wrap td-animation-stack\">\n            <div class=\"td-module-thumb\"><a href=\"https:\/\/vamosporlaliberacion.org\/crpmlm\/cedio-larreta-para-evitar-conflicto-con-metrodelegados\/\" rel=\"bookmark\" class=\"td-image-wrap \" title=\"Cedi\u00f3 Larreta para evitar conflicto con metrodelegados\" ><img decoding=\"async\" class=\"entry-thumb\" src=\"\"alt=\"\" data-type=\"image_tag\" data-img-url=\"https:\/\/vamosporlaliberacion.org\/crpmlm\/wp-content\/plugins\/td-composer\/legacy\/Newspaper\/assets\/images\/no-thumb\/thumbnail.png\"  width=\"\" height=\"\" \/><\/a><\/div>\n            <div class=\"item-details\">\n                <h3 class=\"entry-title td-module-title\"><a href=\"https:\/\/vamosporlaliberacion.org\/crpmlm\/cedio-larreta-para-evitar-conflicto-con-metrodelegados\/\" rel=\"bookmark\" title=\"Cedi\u00f3 Larreta para evitar conflicto con metrodelegados\">Cedi\u00f3 Larreta para evitar conflicto con metrodelegados<\/a><\/h3>\n                <div class=\"td-module-meta-info\">\n                                        <span class=\"td-post-author-name\"><a href=\"https:\/\/vamosporlaliberacion.org\/crpmlm\/author\/\"><\/a> <span>-<\/span> <\/span>                    <span class=\"td-post-date\"><time class=\"entry-date updated td-module-date\" datetime=\"2019-06-04T23:11:39-03:00\" >4 junio, 2019<\/time><\/span>                    <span class=\"td-module-comments\"><a href=\"https:\/\/vamosporlaliberacion.org\/crpmlm\/cedio-larreta-para-evitar-conflicto-con-metrodelegados\/#respond\">0<\/a><\/span>                <\/div>\n\n                <div class=\"td-excerpt\">\n                    El pasado mes de abril se firm\u00f3 el acta paritaria del subte. Los metrodelegados enrolados en AGTSyP consiguieron para todos los trabajadores un reajuste...                <\/div>\n            <\/div>\n\n        <\/div>\n\n        \n        <div class=\"td_module_16 td_module_wrap td-animation-stack\">\n            <div class=\"td-module-thumb\"><a href=\"https:\/\/vamosporlaliberacion.org\/crpmlm\/estatales-ultra-ajustados\/\" rel=\"bookmark\" class=\"td-image-wrap \" title=\"Estatales ultra ajustados\" ><img decoding=\"async\" class=\"entry-thumb\" src=\"\"alt=\"\" data-type=\"image_tag\" data-img-url=\"https:\/\/vamosporlaliberacion.org\/crpmlm\/wp-content\/plugins\/td-composer\/legacy\/Newspaper\/assets\/images\/no-thumb\/thumbnail.png\"  width=\"\" height=\"\" \/><\/a><\/div>\n            <div class=\"item-details\">\n                <h3 class=\"entry-title td-module-title\"><a href=\"https:\/\/vamosporlaliberacion.org\/crpmlm\/estatales-ultra-ajustados\/\" rel=\"bookmark\" title=\"Estatales ultra ajustados\">Estatales ultra ajustados<\/a><\/h3>\n                <div class=\"td-module-meta-info\">\n                                        <span class=\"td-post-author-name\"><a href=\"https:\/\/vamosporlaliberacion.org\/crpmlm\/author\/\"><\/a> <span>-<\/span> <\/span>                    <span class=\"td-post-date\"><time class=\"entry-date updated td-module-date\" datetime=\"2019-06-03T23:35:02-03:00\" >3 junio, 2019<\/time><\/span>                    <span class=\"td-module-comments\"><a href=\"https:\/\/vamosporlaliberacion.org\/crpmlm\/estatales-ultra-ajustados\/#respond\">0<\/a><\/span>                <\/div>\n\n                <div class=\"td-excerpt\">\n                    La paritaria del sector p\u00fablico est\u00e1 a un paso de cerrarse en manos del gobierno nacional y la lapicera c\u00f3mplice de Andr\u00e9s Rodr\u00edguez de...                <\/div>\n            <\/div>\n\n        <\/div>\n\n        \n        <div class=\"td_module_16 td_module_wrap td-animation-stack\">\n            <div class=\"td-module-thumb\"><a href=\"https:\/\/vamosporlaliberacion.org\/crpmlm\/solidaridad-con-los-trabajadores-de-pagina12\/\" rel=\"bookmark\" class=\"td-image-wrap \" title=\"Solidaridad con los trabajadores de P\u00e1gina\/12\" ><img loading=\"lazy\" decoding=\"async\" class=\"entry-thumb\" src=\"\" alt=\"\" title=\"Solidaridad con los trabajadores de P\u00e1gina\/12\" data-type=\"image_tag\" data-img-url=\"https:\/\/i0.wp.com\/vamosporlaliberacion.org\/crpmlm\/wp-content\/uploads\/2019\/05\/P12-paro.jpg?resize=150%2C150&ssl=1\"  width=\"150\" height=\"150\" \/><\/a><\/div>\n            <div class=\"item-details\">\n                <h3 class=\"entry-title td-module-title\"><a href=\"https:\/\/vamosporlaliberacion.org\/crpmlm\/solidaridad-con-los-trabajadores-de-pagina12\/\" rel=\"bookmark\" title=\"Solidaridad con los trabajadores de P\u00e1gina\/12\">Solidaridad con los trabajadores de P\u00e1gina\/12<\/a><\/h3>\n                <div class=\"td-module-meta-info\">\n                                        <span class=\"td-post-author-name\"><a href=\"https:\/\/vamosporlaliberacion.org\/crpmlm\/author\/\"><\/a> <span>-<\/span> <\/span>                    <span class=\"td-post-date\"><time class=\"entry-date updated td-module-date\" datetime=\"2019-06-03T23:29:24-03:00\" >3 junio, 2019<\/time><\/span>                    <span class=\"td-module-comments\"><a href=\"https:\/\/vamosporlaliberacion.org\/crpmlm\/solidaridad-con-los-trabajadores-de-pagina12\/#respond\">0<\/a><\/span>                <\/div>\n\n                <div class=\"td-excerpt\">\n                    Respaldamos la lucha de los trabajadores de P\u00e1gina\/12 exigiendo el cumplimiento de la paritaria y el convenio colectivo frente al incumplimiento patronal en ese...                <\/div>\n            <\/div>\n\n        <\/div>\n\n        <\/div><\/div> <!-- .\/block --><div class=\"td_block_wrap td_block_21 tdi_23_226 td-pb-border-top td_block_template_1 td-column-2\"  data-td-block-uid=\"tdi_23_226\" >\n<style>\n.td_block_template_2.widget > ul > li,\n            .td_block_template_6.widget > ul > li,\n            .td_block_template_8.widget > ul > li,\n            .td_block_template_9.widget > ul > li,\n            .td_block_template_10.widget > ul > li,\n            .td_block_template_11.widget > ul > li,\n            .td_block_template_12.widget > ul > li,\n            .td_block_template_13.widget > ul > li,\n            .td_block_template_14.widget > ul > li,\n            .td_block_template_15.widget > ul > li,\n            .td_block_template_16.widget > ul > li,\n            .td_block_template_17.widget > ul > li {\n                margin-left: 0 !important;\n            }\n            .global-block-template-12 .td-comments-title span,\n            .global-block-template-13 .td-comments-title span {\n                margin-left: 0 !important;\n                font-size: 20px;\n            }\n            @media (max-width: 767px) {\n                .global-block-template-12 .td-comments-title span,\n                .global-block-template-13 .td-comments-title span {\n                    font-size: 15px;\n                }\n            }\n            .td-block-title-wrap .td-wrapper-pulldown-filter {\n                font-family: 'Roboto', sans-serif;\n                position: absolute;\n                bottom: 0;\n                right: 0;\n                top: 0;\n                margin: auto 0;\n                z-index: 2;\n                background-color: #fff;\n                font-size: 13px;\n                line-height: 1;\n                color: #777;\n                text-align: right;\n            }\n            .td-block-title-wrap .td-wrapper-pulldown-filter .td-pulldown-filter-display-option {\n                cursor: pointer;\n                white-space: nowrap;\n                position: relative;\n                line-height: 29px;\n            }\n            .td-block-title-wrap .td-wrapper-pulldown-filter .td-pulldown-filter-display-option i {\n                font-size: 9px;\n                color: #777;\n                margin-left: 20px;\n                margin-right: 10px;\n            }\n            .td-block-title-wrap .td-wrapper-pulldown-filter .td-pulldown-filter-display-option i:before {\n                content: '\\e83d';\n            }\n            .td-block-title-wrap .td-wrapper-pulldown-filter .td-pulldown-filter-display-option span {\n                padding-left: 20px;\n                margin-right: -14px;\n            }\n            @media (max-width: 360px) {\n                .td-block-title-wrap .td-wrapper-pulldown-filter .td-pulldown-filter-display-option span {\n                    display: none;\n                }\n            }\n            .td-block-title-wrap .td-wrapper-pulldown-filter .td-pulldown-filter-display-option:hover {\n                color: #4db2ec;\n            }\n            .td-block-title-wrap .td-wrapper-pulldown-filter .td-pulldown-filter-display-option:hover i {\n                color: #4db2ec;\n            }\n            .td-block-title-wrap .td-wrapper-pulldown-filter .td-pulldown-filter-display-option:hover ul {\n                display: block;\n            }\n            .td-block-title-wrap .td-wrapper-pulldown-filter .td-pulldown-filter-list {\n                list-style: none;\n                position: absolute;\n                right: 0;\n                top: 100%;\n                padding: 18px 0;\n                background-color: rgb(255, 255, 255);\n                background-color: rgba(255, 255, 255, 0.95);\n                z-index: 999;\n                border-width: 1px;\n                border-color: #ededed;\n                border-style: solid;\n                display: none;\n                margin: 0;\n            }\n            .td-block-title-wrap .td-wrapper-pulldown-filter .td-pulldown-filter-item {\n                list-style: none;\n                margin: 0;\n            }\n            .td-block-title-wrap .td-wrapper-pulldown-filter .td-pulldown-filter-item .td-cur-simple-item {\n                color: #4db2ec;\n            }\n            .td-block-title-wrap .td-wrapper-pulldown-filter .td-pulldown-more {\n                padding-bottom: 10px;\n            }\n            .td-block-title-wrap .td-wrapper-pulldown-filter .td-pulldown-more:before {\n                content: '';\n                width: 70px;\n                height: 100%;\n                position: absolute;\n                margin-top: 2px;\n                top: 0;\n                right: 0;\n                z-index: 1;\n                opacity: 0;\n            }\n            .td-block-title-wrap .td-wrapper-pulldown-filter .td-pulldown-filter-link {\n                color: #777;\n                white-space: nowrap;\n                display: block;\n                line-height: 26px;\n                padding-left: 36px;\n                padding-right: 27px;\n            }\n            .td-block-title-wrap .td-wrapper-pulldown-filter .td-pulldown-filter-link:hover {\n                color: #4db2ec;\n            }\n            @media (min-width: 768px) and (max-width: 1018px) {\n                .td-pb-span4 .td-block-title-wrap .td-wrapper-pulldown-filter .td-pulldown-filter-display-option span {\n                    display: none;\n                }\n                .td-pb-span4 .td-block-title-wrap .td-wrapper-pulldown-filter .td-pulldown-filter-link {\n                    padding-left: 24px;\n                    padding-right: 20px !important;\n                }\n            }\n            @-moz-document url-prefix() {\n                .td-pulldown-syle-default .td-subcat-more,\n                .td-pulldown-syle-default .td-subcat-list {\n                    position: relative;\n                    top: -1px;\n                }\n            }\n            .td-pulldown-syle-2 {\n                top: 0;\n            }\n            .td-pulldown-syle-2 .td-subcat-dropdown ul {\n                padding: 20px 0;\n                margin-top: 0;\n            }\n            .td-pulldown-syle-2 .td-subcat-dropdown ul:after {\n                content: '';\n                position: absolute;\n                width: calc(100% + 2px);\n                height: 3px;\n                top: 0;\n                left: -1px;\n                background-color: #4db2ec;\n            }\n            .td-pulldown-syle-2 .td-subcat-dropdown a {\n                padding-left: 40px;\n                padding-right: 31px;\n            }\n            .td-pulldown-syle-2 .td-subcat-dropdown:hover .td-subcat-more {\n                background-color: transparent !important;\n            }\n            .td-pulldown-syle-2 .td-subcat-dropdown:hover .td-subcat-more span,\n            .td-pulldown-syle-2 .td-subcat-dropdown:hover .td-subcat-more i {\n                color: #4db2ec;\n            }\n            .td-pulldown-syle-2 .td-subcat-dropdown .td-subcat-more {\n                margin-left: 9px;\n                margin-bottom: 8px; \/\/ this align the dropdown list\n            }\n            .td-pulldown-syle-2 .td-subcat-list .td-subcat-item {\n                margin-left: 24px;\n            }\n            .td-pulldown-syle-3 {\n                top: 0;\n            }\n            .td-pulldown-syle-3 .td-subcat-dropdown ul {\n                padding: 15px 0;\n                margin-top: -1px;\n                border-width: 1px;\n            }\n            .td-pulldown-syle-3 .td-subcat-dropdown a {\n                padding-left: 40px;\n                padding-right: 31px;\n            }\n            .td-pulldown-syle-3 .td-subcat-dropdown &:hover .td-subcat-more {\n                background-color: transparent !important;\n            }\n            .td-pulldown-syle-3 .td-subcat-dropdown &:hover .td-subcat-more span,\n            .td-pulldown-syle-3 .td-subcat-dropdown &:hover .td-subcat-more i {\n                color: #4db2ec;\n            }\n            .td-pulldown-syle-3 .td-subcat-dropdown .td-subcat-more {\n                margin-left: 9px;\n                margin-bottom: 8px; \/\/ this align the dropdown list\n            }\n            .td-pulldown-syle-3 .td-subcat-list .td-subcat-item {\n                margin-left: 24px;\n            }\n            \n            \n\n            \n            .td-theme-wrap .tdi_23_226 .td-pulldown-filter-link:hover,\n            .td-theme-wrap .tdi_23_226 .td-subcat-item a:hover,\n            .td-theme-wrap .tdi_23_226 .td-subcat-item .td-cur-simple-item {\n                color: #dd3333;\n            }\n\n            .td-theme-wrap .tdi_23_226 .block-title > *,\n            .td-theme-wrap .tdi_23_226 .td-subcat-dropdown:hover .td-subcat-more {\n                background-color: #dd3333;\n            }\n            .td-theme-wrap .td-footer-wrapper .tdi_23_226 .block-title > * {\n                padding: 6px 7px 5px;\n                line-height: 1;\n            }\n\n            .td-theme-wrap .tdi_23_226 .block-title {\n                border-color: #dd3333;\n            }\n\n            \n            .td-theme-wrap .tdi_23_226 .td_module_wrap:hover .entry-title a,\n            .td-theme-wrap .tdi_23_226 .td_quote_on_blocks,\n            .td-theme-wrap .tdi_23_226 .td-opacity-cat .td-post-category:hover,\n            .td-theme-wrap .tdi_23_226 .td-opacity-read .td-read-more a:hover,\n            .td-theme-wrap .tdi_23_226 .td-opacity-author .td-post-author-name a:hover,\n            .td-theme-wrap .tdi_23_226 .td-instagram-user a {\n                color: #dd3333;\n            }\n\n            .td-theme-wrap .tdi_23_226 .td-next-prev-wrap a:hover,\n            .td-theme-wrap .tdi_23_226 .td-load-more-wrap a:hover {\n                background-color: #dd3333;\n                border-color: #dd3333;\n            }\n\n            .td-theme-wrap .tdi_23_226 .td-read-more a,\n            .td-theme-wrap .tdi_23_226 .td-weather-information:before,\n            .td-theme-wrap .tdi_23_226 .td-weather-week:before,\n            .td-theme-wrap .tdi_23_226 .td-exchange-header:before,\n            .td-theme-wrap .td-footer-wrapper .tdi_23_226 .td-post-category,\n            .td-theme-wrap .tdi_23_226 .td-post-category:hover {\n                background-color: #dd3333;\n            }\n<\/style><script>var block_tdi_23_226 = new tdBlock();\nblock_tdi_23_226.id = \"tdi_23_226\";\nblock_tdi_23_226.atts = '{\"custom_title\":\"Econom\\u00eda\",\"header_color\":\"#dd3333\",\"category_id\":\"5\",\"tag_slug\":\"vxl 141\",\"limit\":\"10\",\"td_filter_default_txt\":\"Todo\",\"block_type\":\"td_block_21\",\"separator\":\"\",\"custom_url\":\"\",\"block_template_id\":\"\",\"m16_tl\":\"\",\"m16_el\":\"\",\"post_ids\":\"\",\"category_ids\":\"\",\"autors_id\":\"\",\"installed_post_types\":\"\",\"sort\":\"\",\"offset\":\"\",\"show_modified_date\":\"\",\"el_class\":\"\",\"td_ajax_filter_type\":\"\",\"td_ajax_filter_ids\":\"\",\"td_ajax_preloading\":\"\",\"f_header_font_header\":\"\",\"f_header_font_title\":\"Block header\",\"f_header_font_settings\":\"\",\"f_header_font_family\":\"\",\"f_header_font_size\":\"\",\"f_header_font_line_height\":\"\",\"f_header_font_style\":\"\",\"f_header_font_weight\":\"\",\"f_header_font_transform\":\"\",\"f_header_font_spacing\":\"\",\"f_header_\":\"\",\"f_ajax_font_title\":\"Ajax categories\",\"f_ajax_font_settings\":\"\",\"f_ajax_font_family\":\"\",\"f_ajax_font_size\":\"\",\"f_ajax_font_line_height\":\"\",\"f_ajax_font_style\":\"\",\"f_ajax_font_weight\":\"\",\"f_ajax_font_transform\":\"\",\"f_ajax_font_spacing\":\"\",\"f_ajax_\":\"\",\"f_more_font_title\":\"Load more button\",\"f_more_font_settings\":\"\",\"f_more_font_family\":\"\",\"f_more_font_size\":\"\",\"f_more_font_line_height\":\"\",\"f_more_font_style\":\"\",\"f_more_font_weight\":\"\",\"f_more_font_transform\":\"\",\"f_more_font_spacing\":\"\",\"f_more_\":\"\",\"m16f_title_font_header\":\"\",\"m16f_title_font_title\":\"Article title\",\"m16f_title_font_settings\":\"\",\"m16f_title_font_family\":\"\",\"m16f_title_font_size\":\"\",\"m16f_title_font_line_height\":\"\",\"m16f_title_font_style\":\"\",\"m16f_title_font_weight\":\"\",\"m16f_title_font_transform\":\"\",\"m16f_title_font_spacing\":\"\",\"m16f_title_\":\"\",\"m16f_cat_font_title\":\"Article category tag\",\"m16f_cat_font_settings\":\"\",\"m16f_cat_font_family\":\"\",\"m16f_cat_font_size\":\"\",\"m16f_cat_font_line_height\":\"\",\"m16f_cat_font_style\":\"\",\"m16f_cat_font_weight\":\"\",\"m16f_cat_font_transform\":\"\",\"m16f_cat_font_spacing\":\"\",\"m16f_cat_\":\"\",\"m16f_meta_font_title\":\"Article meta info\",\"m16f_meta_font_settings\":\"\",\"m16f_meta_font_family\":\"\",\"m16f_meta_font_size\":\"\",\"m16f_meta_font_line_height\":\"\",\"m16f_meta_font_style\":\"\",\"m16f_meta_font_weight\":\"\",\"m16f_meta_font_transform\":\"\",\"m16f_meta_font_spacing\":\"\",\"m16f_meta_\":\"\",\"m16f_ex_font_title\":\"Article excerpt\",\"m16f_ex_font_settings\":\"\",\"m16f_ex_font_family\":\"\",\"m16f_ex_font_size\":\"\",\"m16f_ex_font_line_height\":\"\",\"m16f_ex_font_style\":\"\",\"m16f_ex_font_weight\":\"\",\"m16f_ex_font_transform\":\"\",\"m16f_ex_font_spacing\":\"\",\"m16f_ex_\":\"\",\"ajax_pagination\":\"\",\"ajax_pagination_infinite_stop\":\"\",\"css\":\"\",\"tdc_css\":\"\",\"td_column_number\":2,\"color_preset\":\"\",\"border_top\":\"\",\"class\":\"tdi_23_226\",\"tdc_css_class\":\"tdi_23_226\",\"tdc_css_class_style\":\"tdi_23_226_rand_style\"}';\nblock_tdi_23_226.td_column_number = \"2\";\nblock_tdi_23_226.block_type = \"td_block_21\";\nblock_tdi_23_226.post_count = \"10\";\nblock_tdi_23_226.found_posts = \"26\";\nblock_tdi_23_226.header_color = \"#dd3333\";\nblock_tdi_23_226.ajax_pagination_infinite_stop = \"\";\nblock_tdi_23_226.max_num_pages = \"3\";\ntdBlocksArray.push(block_tdi_23_226);\n<\/script><div class=\"td-block-title-wrap\"><h4 class=\"block-title td-block-title\"><span class=\"td-pulldown-size\">Econom\u00eda<\/span><\/h4><\/div><div id=tdi_23_226 class=\"td_block_inner\">\n        <div class=\"td_module_16 td_module_wrap td-animation-stack\">\n            <div class=\"td-module-thumb\"><a href=\"https:\/\/vamosporlaliberacion.org\/crpmlm\/guillermo-gerini-presente\/\" rel=\"bookmark\" class=\"td-image-wrap \" title=\"Guillermo Gerini \u00a1presente!\" ><img loading=\"lazy\" decoding=\"async\" class=\"entry-thumb\" src=\"\" alt=\"\" title=\"Guillermo Gerini \u00a1presente!\" data-type=\"image_tag\" data-img-url=\"https:\/\/i0.wp.com\/vamosporlaliberacion.org\/crpmlm\/wp-content\/uploads\/2019\/05\/22-05-2020-Guillermo-Gerini.png?resize=150%2C150&ssl=1\"  width=\"150\" height=\"150\" \/><\/a><\/div>\n            <div class=\"item-details\">\n                <h3 class=\"entry-title td-module-title\"><a href=\"https:\/\/vamosporlaliberacion.org\/crpmlm\/guillermo-gerini-presente\/\" rel=\"bookmark\" title=\"Guillermo Gerini \u00a1presente!\">Guillermo Gerini \u00a1presente!<\/a><\/h3>\n                <div class=\"td-module-meta-info\">\n                                        <span class=\"td-post-author-name\"><a href=\"https:\/\/vamosporlaliberacion.org\/crpmlm\/author\/\"><\/a> <span>-<\/span> <\/span>                    <span class=\"td-post-date\"><time class=\"entry-date updated td-module-date\" datetime=\"2020-05-22T16:00:00-03:00\" >22 mayo, 2020<\/time><\/span>                    <span class=\"td-module-comments\"><a href=\"https:\/\/vamosporlaliberacion.org\/crpmlm\/guillermo-gerini-presente\/#respond\">0<\/a><\/span>                <\/div>\n\n                <div class=\"td-excerpt\">\n                    Guillermo fue fusilado por la espalda el 22 de mayo de 1975, acribillado en una esquina de Berisso.\n\n\u2018El gordo\u2019 para sus compa\u00f1erxs, encabez\u00f3 la...                <\/div>\n            <\/div>\n\n        <\/div>\n\n        \n        <div class=\"td_module_16 td_module_wrap td-animation-stack\">\n            <div class=\"td-module-thumb\"><a href=\"https:\/\/vamosporlaliberacion.org\/crpmlm\/a-50-anos-del-cordobazo\/\" rel=\"bookmark\" class=\"td-image-wrap \" title=\"A 50 a\u00f1os del Cordobazo\" ><img loading=\"lazy\" decoding=\"async\" class=\"entry-thumb\" src=\"\" alt=\"\" title=\"A 50 a\u00f1os del Cordobazo\" data-type=\"image_tag\" data-img-url=\"https:\/\/i0.wp.com\/vamosporlaliberacion.org\/crpmlm\/wp-content\/uploads\/2019\/05\/Cordobazo-2-grande.jpg?resize=150%2C150&ssl=1\"  width=\"150\" height=\"150\" \/><\/a><\/div>\n            <div class=\"item-details\">\n                <h3 class=\"entry-title td-module-title\"><a href=\"https:\/\/vamosporlaliberacion.org\/crpmlm\/a-50-anos-del-cordobazo\/\" rel=\"bookmark\" title=\"A 50 a\u00f1os del Cordobazo\">A 50 a\u00f1os del Cordobazo<\/a><\/h3>\n                <div class=\"td-module-meta-info\">\n                                        <span class=\"td-post-author-name\"><a href=\"https:\/\/vamosporlaliberacion.org\/crpmlm\/author\/\"><\/a> <span>-<\/span> <\/span>                    <span class=\"td-post-date\"><time class=\"entry-date updated td-module-date\" datetime=\"2019-06-04T23:57:55-03:00\" >4 junio, 2019<\/time><\/span>                    <span class=\"td-module-comments\"><a href=\"https:\/\/vamosporlaliberacion.org\/crpmlm\/a-50-anos-del-cordobazo\/#respond\">0<\/a><\/span>                <\/div>\n\n                <div class=\"td-excerpt\">\n                    Una tensa calma. Cientos de barricadas edificadas con autos prendidos fuego, carteles, elementos de las obras en construcci\u00f3n y lo que aportaban los vecinos,...                <\/div>\n            <\/div>\n\n        <\/div>\n\n        \n        <div class=\"td_module_16 td_module_wrap td-animation-stack\">\n            <div class=\"td-module-thumb\"><a href=\"https:\/\/vamosporlaliberacion.org\/crpmlm\/miles-de-universitarixs-marchamos-contra-el-ajuste\/\" rel=\"bookmark\" class=\"td-image-wrap \" title=\"Miles de universitarixs marchamos contra el ajuste\" ><img loading=\"lazy\" decoding=\"async\" class=\"entry-thumb\" src=\"\" alt=\"\" title=\"Miles de universitarixs marchamos contra el ajuste\" data-type=\"image_tag\" data-img-url=\"https:\/\/i0.wp.com\/vamosporlaliberacion.org\/crpmlm\/wp-content\/uploads\/2019\/05\/Marcha-educativa-16-de-mayo.jpg?resize=150%2C150&ssl=1\"  width=\"150\" height=\"150\" \/><\/a><\/div>\n            <div class=\"item-details\">\n                <h3 class=\"entry-title td-module-title\"><a href=\"https:\/\/vamosporlaliberacion.org\/crpmlm\/miles-de-universitarixs-marchamos-contra-el-ajuste\/\" rel=\"bookmark\" title=\"Miles de universitarixs marchamos contra el ajuste\">Miles de universitarixs marchamos contra el ajuste<\/a><\/h3>\n                <div class=\"td-module-meta-info\">\n                                        <span class=\"td-post-author-name\"><a href=\"https:\/\/vamosporlaliberacion.org\/crpmlm\/author\/\"><\/a> <span>-<\/span> <\/span>                    <span class=\"td-post-date\"><time class=\"entry-date updated td-module-date\" datetime=\"2019-06-04T23:49:49-03:00\" >4 junio, 2019<\/time><\/span>                    <span class=\"td-module-comments\"><a href=\"https:\/\/vamosporlaliberacion.org\/crpmlm\/miles-de-universitarixs-marchamos-contra-el-ajuste\/#respond\">0<\/a><\/span>                <\/div>\n\n                <div class=\"td-excerpt\">\n                    El jueves 16 de mayo, miles de docentes, no docentes, estudiantes y cient\u00edficos nos movilizamos en todo el pa\u00eds. En la Ciudad de Buenos...                <\/div>\n            <\/div>\n\n        <\/div>\n\n        \n        <div class=\"td_module_16 td_module_wrap td-animation-stack\">\n            <div class=\"td-module-thumb\"><a href=\"https:\/\/vamosporlaliberacion.org\/crpmlm\/jose-ber-gelbard\/\" rel=\"bookmark\" class=\"td-image-wrap \" title=\"Jos\u00e9 Ber Gelbard\" ><img decoding=\"async\" class=\"entry-thumb\" src=\"\"alt=\"\" data-type=\"image_tag\" data-img-url=\"https:\/\/vamosporlaliberacion.org\/crpmlm\/wp-content\/plugins\/td-composer\/legacy\/Newspaper\/assets\/images\/no-thumb\/thumbnail.png\"  width=\"\" height=\"\" \/><\/a><\/div>\n            <div class=\"item-details\">\n                <h3 class=\"entry-title td-module-title\"><a href=\"https:\/\/vamosporlaliberacion.org\/crpmlm\/jose-ber-gelbard\/\" rel=\"bookmark\" title=\"Jos\u00e9 Ber Gelbard\">Jos\u00e9 Ber Gelbard<\/a><\/h3>\n                <div class=\"td-module-meta-info\">\n                                        <span class=\"td-post-author-name\"><a href=\"https:\/\/vamosporlaliberacion.org\/crpmlm\/author\/\"><\/a> <span>-<\/span> <\/span>                    <span class=\"td-post-date\"><time class=\"entry-date updated td-module-date\" datetime=\"2019-06-04T23:31:55-03:00\" >4 junio, 2019<\/time><\/span>                    <span class=\"td-module-comments\"><a href=\"https:\/\/vamosporlaliberacion.org\/crpmlm\/jose-ber-gelbard\/#respond\">0<\/a><\/span>                <\/div>\n\n                <div class=\"td-excerpt\">\n                    Cuando Juan Domingo Per\u00f3n asumi\u00f3 su tercera presidencia, \u201cno s\u00f3lo no detenta el poder sino que lidera un gran frente que de fondo no...                <\/div>\n            <\/div>\n\n        <\/div>\n\n        \n        <div class=\"td_module_16 td_module_wrap td-animation-stack\">\n            <div class=\"td-module-thumb\"><a href=\"https:\/\/vamosporlaliberacion.org\/crpmlm\/que-fue-el-pacto-social-de-1973\/\" rel=\"bookmark\" class=\"td-image-wrap \" title=\"\u00bfQu\u00e9 fue el Pacto Social de 1973?\" ><img loading=\"lazy\" decoding=\"async\" class=\"entry-thumb\" src=\"\" alt=\"\" title=\"\u00bfQu\u00e9 fue el Pacto Social de 1973?\" data-type=\"image_tag\" data-img-url=\"https:\/\/i0.wp.com\/vamosporlaliberacion.org\/crpmlm\/wp-content\/uploads\/2019\/05\/Rucci-con-Per%C3%B3n-y-C%C3%A1mpora.jpg?resize=150%2C150&ssl=1\"  width=\"150\" height=\"150\" \/><\/a><\/div>\n            <div class=\"item-details\">\n                <h3 class=\"entry-title td-module-title\"><a href=\"https:\/\/vamosporlaliberacion.org\/crpmlm\/que-fue-el-pacto-social-de-1973\/\" rel=\"bookmark\" title=\"\u00bfQu\u00e9 fue el Pacto Social de 1973?\">\u00bfQu\u00e9 fue el Pacto Social de 1973?<\/a><\/h3>\n                <div class=\"td-module-meta-info\">\n                                        <span class=\"td-post-author-name\"><a href=\"https:\/\/vamosporlaliberacion.org\/crpmlm\/author\/\"><\/a> <span>-<\/span> <\/span>                    <span class=\"td-post-date\"><time class=\"entry-date updated td-module-date\" datetime=\"2019-06-04T23:29:23-03:00\" >4 junio, 2019<\/time><\/span>                    <span class=\"td-module-comments\"><a href=\"https:\/\/vamosporlaliberacion.org\/crpmlm\/que-fue-el-pacto-social-de-1973\/#respond\">0<\/a><\/span>                <\/div>\n\n                <div class=\"td-excerpt\">\n                    El Pacto Social de 1973 vuelve a ser debate luego de la referencia que hizo CFK en su presentaci\u00f3n en la Feria del Libro....                <\/div>\n            <\/div>\n\n        <\/div>\n\n        \n        <div class=\"td_module_16 td_module_wrap td-animation-stack\">\n            <div class=\"td-module-thumb\"><a href=\"https:\/\/vamosporlaliberacion.org\/crpmlm\/encuentro-regional-comahue-de-mujeres-y-disidencias\/\" rel=\"bookmark\" class=\"td-image-wrap \" title=\"Encuentro regional Comahue de mujeres y disidencias\" ><img decoding=\"async\" class=\"entry-thumb\" src=\"\"alt=\"\" data-type=\"image_tag\" data-img-url=\"https:\/\/vamosporlaliberacion.org\/crpmlm\/wp-content\/plugins\/td-composer\/legacy\/Newspaper\/assets\/images\/no-thumb\/thumbnail.png\"  width=\"\" height=\"\" \/><\/a><\/div>\n            <div class=\"item-details\">\n                <h3 class=\"entry-title td-module-title\"><a href=\"https:\/\/vamosporlaliberacion.org\/crpmlm\/encuentro-regional-comahue-de-mujeres-y-disidencias\/\" rel=\"bookmark\" title=\"Encuentro regional Comahue de mujeres y disidencias\">Encuentro regional Comahue de mujeres y disidencias<\/a><\/h3>\n                <div class=\"td-module-meta-info\">\n                                        <span class=\"td-post-author-name\"><a href=\"https:\/\/vamosporlaliberacion.org\/crpmlm\/author\/\"><\/a> <span>-<\/span> <\/span>                    <span class=\"td-post-date\"><time class=\"entry-date updated td-module-date\" datetime=\"2019-06-04T23:22:02-03:00\" >4 junio, 2019<\/time><\/span>                    <span class=\"td-module-comments\"><a href=\"https:\/\/vamosporlaliberacion.org\/crpmlm\/encuentro-regional-comahue-de-mujeres-y-disidencias\/#respond\">0<\/a><\/span>                <\/div>\n\n                <div class=\"td-excerpt\">\n                    Se realiz\u00f3 el 4 de mayo en Catriel, ciudad situada en el extremo norte de la provincia de R\u00edo Negro conocida como la \u201cCapital...                <\/div>\n            <\/div>\n\n        <\/div>\n\n        \n        <div class=\"td_module_16 td_module_wrap td-animation-stack\">\n            <div class=\"td-module-thumb\"><a href=\"https:\/\/vamosporlaliberacion.org\/crpmlm\/juicio-a-ginecologo-antiderechos-de-cipolletti-2\/\" rel=\"bookmark\" class=\"td-image-wrap \" title=\"Juicio a ginec\u00f3logo antiderechos de Cipolletti\" ><img loading=\"lazy\" decoding=\"async\" class=\"entry-thumb\" src=\"\" alt=\"\" title=\"Juicio a ginec\u00f3logo antiderechos de Cipolletti\" data-type=\"image_tag\" data-img-url=\"https:\/\/i0.wp.com\/vamosporlaliberacion.org\/crpmlm\/wp-content\/uploads\/2019\/05\/Juicio-a-RL.jpeg?resize=150%2C150&ssl=1\"  width=\"150\" height=\"150\" \/><\/a><\/div>\n            <div class=\"item-details\">\n                <h3 class=\"entry-title td-module-title\"><a href=\"https:\/\/vamosporlaliberacion.org\/crpmlm\/juicio-a-ginecologo-antiderechos-de-cipolletti-2\/\" rel=\"bookmark\" title=\"Juicio a ginec\u00f3logo antiderechos de Cipolletti\">Juicio a ginec\u00f3logo antiderechos de Cipolletti<\/a><\/h3>\n                <div class=\"td-module-meta-info\">\n                                        <span class=\"td-post-author-name\"><a href=\"https:\/\/vamosporlaliberacion.org\/crpmlm\/author\/\"><\/a> <span>-<\/span> <\/span>                    <span class=\"td-post-date\"><time class=\"entry-date updated td-module-date\" datetime=\"2019-06-04T23:16:45-03:00\" >4 junio, 2019<\/time><\/span>                    <span class=\"td-module-comments\"><a href=\"https:\/\/vamosporlaliberacion.org\/crpmlm\/juicio-a-ginecologo-antiderechos-de-cipolletti-2\/#respond\">0<\/a><\/span>                <\/div>\n\n                <div class=\"td-excerpt\">\n                    Durante la semana del 13 de mayo se realiz\u00f3 el juicio al ginec\u00f3logo Leandro Rodr\u00edguez Lastra, por negar el derecho a la Interrupci\u00f3n Legal...                <\/div>\n            <\/div>\n\n        <\/div>\n\n        \n        <div class=\"td_module_16 td_module_wrap td-animation-stack\">\n            <div class=\"td-module-thumb\"><a href=\"https:\/\/vamosporlaliberacion.org\/crpmlm\/cedio-larreta-para-evitar-conflicto-con-metrodelegados\/\" rel=\"bookmark\" class=\"td-image-wrap \" title=\"Cedi\u00f3 Larreta para evitar conflicto con metrodelegados\" ><img decoding=\"async\" class=\"entry-thumb\" src=\"\"alt=\"\" data-type=\"image_tag\" data-img-url=\"https:\/\/vamosporlaliberacion.org\/crpmlm\/wp-content\/plugins\/td-composer\/legacy\/Newspaper\/assets\/images\/no-thumb\/thumbnail.png\"  width=\"\" height=\"\" \/><\/a><\/div>\n            <div class=\"item-details\">\n                <h3 class=\"entry-title td-module-title\"><a href=\"https:\/\/vamosporlaliberacion.org\/crpmlm\/cedio-larreta-para-evitar-conflicto-con-metrodelegados\/\" rel=\"bookmark\" title=\"Cedi\u00f3 Larreta para evitar conflicto con metrodelegados\">Cedi\u00f3 Larreta para evitar conflicto con metrodelegados<\/a><\/h3>\n                <div class=\"td-module-meta-info\">\n                                        <span class=\"td-post-author-name\"><a href=\"https:\/\/vamosporlaliberacion.org\/crpmlm\/author\/\"><\/a> <span>-<\/span> <\/span>                    <span class=\"td-post-date\"><time class=\"entry-date updated td-module-date\" datetime=\"2019-06-04T23:11:39-03:00\" >4 junio, 2019<\/time><\/span>                    <span class=\"td-module-comments\"><a href=\"https:\/\/vamosporlaliberacion.org\/crpmlm\/cedio-larreta-para-evitar-conflicto-con-metrodelegados\/#respond\">0<\/a><\/span>                <\/div>\n\n                <div class=\"td-excerpt\">\n                    El pasado mes de abril se firm\u00f3 el acta paritaria del subte. Los metrodelegados enrolados en AGTSyP consiguieron para todos los trabajadores un reajuste...                <\/div>\n            <\/div>\n\n        <\/div>\n\n        \n        <div class=\"td_module_16 td_module_wrap td-animation-stack\">\n            <div class=\"td-module-thumb\"><a href=\"https:\/\/vamosporlaliberacion.org\/crpmlm\/estatales-ultra-ajustados\/\" rel=\"bookmark\" class=\"td-image-wrap \" title=\"Estatales ultra ajustados\" ><img decoding=\"async\" class=\"entry-thumb\" src=\"\"alt=\"\" data-type=\"image_tag\" data-img-url=\"https:\/\/vamosporlaliberacion.org\/crpmlm\/wp-content\/plugins\/td-composer\/legacy\/Newspaper\/assets\/images\/no-thumb\/thumbnail.png\"  width=\"\" height=\"\" \/><\/a><\/div>\n            <div class=\"item-details\">\n                <h3 class=\"entry-title td-module-title\"><a href=\"https:\/\/vamosporlaliberacion.org\/crpmlm\/estatales-ultra-ajustados\/\" rel=\"bookmark\" title=\"Estatales ultra ajustados\">Estatales ultra ajustados<\/a><\/h3>\n                <div class=\"td-module-meta-info\">\n                                        <span class=\"td-post-author-name\"><a href=\"https:\/\/vamosporlaliberacion.org\/crpmlm\/author\/\"><\/a> <span>-<\/span> <\/span>                    <span class=\"td-post-date\"><time class=\"entry-date updated td-module-date\" datetime=\"2019-06-03T23:35:02-03:00\" >3 junio, 2019<\/time><\/span>                    <span class=\"td-module-comments\"><a href=\"https:\/\/vamosporlaliberacion.org\/crpmlm\/estatales-ultra-ajustados\/#respond\">0<\/a><\/span>                <\/div>\n\n                <div class=\"td-excerpt\">\n                    La paritaria del sector p\u00fablico est\u00e1 a un paso de cerrarse en manos del gobierno nacional y la lapicera c\u00f3mplice de Andr\u00e9s Rodr\u00edguez de...                <\/div>\n            <\/div>\n\n        <\/div>\n\n        \n        <div class=\"td_module_16 td_module_wrap td-animation-stack\">\n            <div class=\"td-module-thumb\"><a href=\"https:\/\/vamosporlaliberacion.org\/crpmlm\/solidaridad-con-los-trabajadores-de-pagina12\/\" rel=\"bookmark\" class=\"td-image-wrap \" title=\"Solidaridad con los trabajadores de P\u00e1gina\/12\" ><img loading=\"lazy\" decoding=\"async\" class=\"entry-thumb\" src=\"\" alt=\"\" title=\"Solidaridad con los trabajadores de P\u00e1gina\/12\" data-type=\"image_tag\" data-img-url=\"https:\/\/i0.wp.com\/vamosporlaliberacion.org\/crpmlm\/wp-content\/uploads\/2019\/05\/P12-paro.jpg?resize=150%2C150&ssl=1\"  width=\"150\" height=\"150\" \/><\/a><\/div>\n            <div class=\"item-details\">\n                <h3 class=\"entry-title td-module-title\"><a href=\"https:\/\/vamosporlaliberacion.org\/crpmlm\/solidaridad-con-los-trabajadores-de-pagina12\/\" rel=\"bookmark\" title=\"Solidaridad con los trabajadores de P\u00e1gina\/12\">Solidaridad con los trabajadores de P\u00e1gina\/12<\/a><\/h3>\n                <div class=\"td-module-meta-info\">\n                                        <span class=\"td-post-author-name\"><a href=\"https:\/\/vamosporlaliberacion.org\/crpmlm\/author\/\"><\/a> <span>-<\/span> <\/span>                    <span class=\"td-post-date\"><time class=\"entry-date updated td-module-date\" datetime=\"2019-06-03T23:29:24-03:00\" >3 junio, 2019<\/time><\/span>                    <span class=\"td-module-comments\"><a href=\"https:\/\/vamosporlaliberacion.org\/crpmlm\/solidaridad-con-los-trabajadores-de-pagina12\/#respond\">0<\/a><\/span>                <\/div>\n\n                <div class=\"td-excerpt\">\n                    Respaldamos la lucha de los trabajadores de P\u00e1gina\/12 exigiendo el cumplimiento de la paritaria y el convenio colectivo frente al incumplimiento patronal en ese...                <\/div>\n            <\/div>\n\n        <\/div>\n\n        <\/div><\/div> <!-- .\/block --><div class=\"td_block_wrap td_block_21 tdi_24_a26 td-pb-border-top td_block_template_1 td-column-2\"  data-td-block-uid=\"tdi_24_a26\" >\n<style>\n.td_block_template_2.widget > ul > li,\n            .td_block_template_6.widget > ul > li,\n            .td_block_template_8.widget > ul > li,\n            .td_block_template_9.widget > ul > li,\n            .td_block_template_10.widget > ul > li,\n            .td_block_template_11.widget > ul > li,\n            .td_block_template_12.widget > ul > li,\n            .td_block_template_13.widget > ul > li,\n            .td_block_template_14.widget > ul > li,\n            .td_block_template_15.widget > ul > li,\n            .td_block_template_16.widget > ul > li,\n            .td_block_template_17.widget > ul > li {\n                margin-left: 0 !important;\n            }\n            .global-block-template-12 .td-comments-title span,\n            .global-block-template-13 .td-comments-title span {\n                margin-left: 0 !important;\n                font-size: 20px;\n            }\n            @media (max-width: 767px) {\n                .global-block-template-12 .td-comments-title span,\n                .global-block-template-13 .td-comments-title span {\n                    font-size: 15px;\n                }\n            }\n            .td-block-title-wrap .td-wrapper-pulldown-filter {\n                font-family: 'Roboto', sans-serif;\n                position: absolute;\n                bottom: 0;\n                right: 0;\n                top: 0;\n                margin: auto 0;\n                z-index: 2;\n                background-color: #fff;\n                font-size: 13px;\n                line-height: 1;\n                color: #777;\n                text-align: right;\n            }\n            .td-block-title-wrap .td-wrapper-pulldown-filter .td-pulldown-filter-display-option {\n                cursor: pointer;\n                white-space: nowrap;\n                position: relative;\n                line-height: 29px;\n            }\n            .td-block-title-wrap .td-wrapper-pulldown-filter .td-pulldown-filter-display-option i {\n                font-size: 9px;\n                color: #777;\n                margin-left: 20px;\n                margin-right: 10px;\n            }\n            .td-block-title-wrap .td-wrapper-pulldown-filter .td-pulldown-filter-display-option i:before {\n                content: '\\e83d';\n            }\n            .td-block-title-wrap .td-wrapper-pulldown-filter .td-pulldown-filter-display-option span {\n                padding-left: 20px;\n                margin-right: -14px;\n            }\n            @media (max-width: 360px) {\n                .td-block-title-wrap .td-wrapper-pulldown-filter .td-pulldown-filter-display-option span {\n                    display: none;\n                }\n            }\n            .td-block-title-wrap .td-wrapper-pulldown-filter .td-pulldown-filter-display-option:hover {\n                color: #4db2ec;\n            }\n            .td-block-title-wrap .td-wrapper-pulldown-filter .td-pulldown-filter-display-option:hover i {\n                color: #4db2ec;\n            }\n            .td-block-title-wrap .td-wrapper-pulldown-filter .td-pulldown-filter-display-option:hover ul {\n                display: block;\n            }\n            .td-block-title-wrap .td-wrapper-pulldown-filter .td-pulldown-filter-list {\n                list-style: none;\n                position: absolute;\n                right: 0;\n                top: 100%;\n                padding: 18px 0;\n                background-color: rgb(255, 255, 255);\n                background-color: rgba(255, 255, 255, 0.95);\n                z-index: 999;\n                border-width: 1px;\n                border-color: #ededed;\n                border-style: solid;\n                display: none;\n                margin: 0;\n            }\n            .td-block-title-wrap .td-wrapper-pulldown-filter .td-pulldown-filter-item {\n                list-style: none;\n                margin: 0;\n            }\n            .td-block-title-wrap .td-wrapper-pulldown-filter .td-pulldown-filter-item .td-cur-simple-item {\n                color: #4db2ec;\n            }\n            .td-block-title-wrap .td-wrapper-pulldown-filter .td-pulldown-more {\n                padding-bottom: 10px;\n            }\n            .td-block-title-wrap .td-wrapper-pulldown-filter .td-pulldown-more:before {\n                content: '';\n                width: 70px;\n                height: 100%;\n                position: absolute;\n                margin-top: 2px;\n                top: 0;\n                right: 0;\n                z-index: 1;\n                opacity: 0;\n            }\n            .td-block-title-wrap .td-wrapper-pulldown-filter .td-pulldown-filter-link {\n                color: #777;\n                white-space: nowrap;\n                display: block;\n                line-height: 26px;\n                padding-left: 36px;\n                padding-right: 27px;\n            }\n            .td-block-title-wrap .td-wrapper-pulldown-filter .td-pulldown-filter-link:hover {\n                color: #4db2ec;\n            }\n            @media (min-width: 768px) and (max-width: 1018px) {\n                .td-pb-span4 .td-block-title-wrap .td-wrapper-pulldown-filter .td-pulldown-filter-display-option span {\n                    display: none;\n                }\n                .td-pb-span4 .td-block-title-wrap .td-wrapper-pulldown-filter .td-pulldown-filter-link {\n                    padding-left: 24px;\n                    padding-right: 20px !important;\n                }\n            }\n            @-moz-document url-prefix() {\n                .td-pulldown-syle-default .td-subcat-more,\n                .td-pulldown-syle-default .td-subcat-list {\n                    position: relative;\n                    top: -1px;\n                }\n            }\n            .td-pulldown-syle-2 {\n                top: 0;\n            }\n            .td-pulldown-syle-2 .td-subcat-dropdown ul {\n                padding: 20px 0;\n                margin-top: 0;\n            }\n            .td-pulldown-syle-2 .td-subcat-dropdown ul:after {\n                content: '';\n                position: absolute;\n                width: calc(100% + 2px);\n                height: 3px;\n                top: 0;\n                left: -1px;\n                background-color: #4db2ec;\n            }\n            .td-pulldown-syle-2 .td-subcat-dropdown a {\n                padding-left: 40px;\n                padding-right: 31px;\n            }\n            .td-pulldown-syle-2 .td-subcat-dropdown:hover .td-subcat-more {\n                background-color: transparent !important;\n            }\n            .td-pulldown-syle-2 .td-subcat-dropdown:hover .td-subcat-more span,\n            .td-pulldown-syle-2 .td-subcat-dropdown:hover .td-subcat-more i {\n                color: #4db2ec;\n            }\n            .td-pulldown-syle-2 .td-subcat-dropdown .td-subcat-more {\n                margin-left: 9px;\n                margin-bottom: 8px; \/\/ this align the dropdown list\n            }\n            .td-pulldown-syle-2 .td-subcat-list .td-subcat-item {\n                margin-left: 24px;\n            }\n            .td-pulldown-syle-3 {\n                top: 0;\n            }\n            .td-pulldown-syle-3 .td-subcat-dropdown ul {\n                padding: 15px 0;\n                margin-top: -1px;\n                border-width: 1px;\n            }\n            .td-pulldown-syle-3 .td-subcat-dropdown a {\n                padding-left: 40px;\n                padding-right: 31px;\n            }\n            .td-pulldown-syle-3 .td-subcat-dropdown &:hover .td-subcat-more {\n                background-color: transparent !important;\n            }\n            .td-pulldown-syle-3 .td-subcat-dropdown &:hover .td-subcat-more span,\n            .td-pulldown-syle-3 .td-subcat-dropdown &:hover .td-subcat-more i {\n                color: #4db2ec;\n            }\n            .td-pulldown-syle-3 .td-subcat-dropdown .td-subcat-more {\n                margin-left: 9px;\n                margin-bottom: 8px; \/\/ this align the dropdown list\n            }\n            .td-pulldown-syle-3 .td-subcat-list .td-subcat-item {\n                margin-left: 24px;\n            }\n            \n            \n\n            \n            .td-theme-wrap .tdi_24_a26 .td-pulldown-filter-link:hover,\n            .td-theme-wrap .tdi_24_a26 .td-subcat-item a:hover,\n            .td-theme-wrap .tdi_24_a26 .td-subcat-item .td-cur-simple-item {\n                color: #dd3333;\n            }\n\n            .td-theme-wrap .tdi_24_a26 .block-title > *,\n            .td-theme-wrap .tdi_24_a26 .td-subcat-dropdown:hover .td-subcat-more {\n                background-color: #dd3333;\n            }\n            .td-theme-wrap .td-footer-wrapper .tdi_24_a26 .block-title > * {\n                padding: 6px 7px 5px;\n                line-height: 1;\n            }\n\n            .td-theme-wrap .tdi_24_a26 .block-title {\n                border-color: #dd3333;\n            }\n\n            \n            .td-theme-wrap .tdi_24_a26 .td_module_wrap:hover .entry-title a,\n            .td-theme-wrap .tdi_24_a26 .td_quote_on_blocks,\n            .td-theme-wrap .tdi_24_a26 .td-opacity-cat .td-post-category:hover,\n            .td-theme-wrap .tdi_24_a26 .td-opacity-read .td-read-more a:hover,\n            .td-theme-wrap .tdi_24_a26 .td-opacity-author .td-post-author-name a:hover,\n            .td-theme-wrap .tdi_24_a26 .td-instagram-user a {\n                color: #dd3333;\n            }\n\n            .td-theme-wrap .tdi_24_a26 .td-next-prev-wrap a:hover,\n            .td-theme-wrap .tdi_24_a26 .td-load-more-wrap a:hover {\n                background-color: #dd3333;\n                border-color: #dd3333;\n            }\n\n            .td-theme-wrap .tdi_24_a26 .td-read-more a,\n            .td-theme-wrap .tdi_24_a26 .td-weather-information:before,\n            .td-theme-wrap .tdi_24_a26 .td-weather-week:before,\n            .td-theme-wrap .tdi_24_a26 .td-exchange-header:before,\n            .td-theme-wrap .td-footer-wrapper .tdi_24_a26 .td-post-category,\n            .td-theme-wrap .tdi_24_a26 .td-post-category:hover {\n                background-color: #dd3333;\n            }\n<\/style><script>var block_tdi_24_a26 = new tdBlock();\nblock_tdi_24_a26.id = \"tdi_24_a26\";\nblock_tdi_24_a26.atts = '{\"custom_title\":\"Sindical\",\"header_color\":\"#dd3333\",\"category_id\":\"12\",\"tag_slug\":\"vxl 141\",\"limit\":\"10\",\"td_filter_default_txt\":\"Todo\",\"block_type\":\"td_block_21\",\"separator\":\"\",\"custom_url\":\"\",\"block_template_id\":\"\",\"m16_tl\":\"\",\"m16_el\":\"\",\"post_ids\":\"\",\"category_ids\":\"\",\"autors_id\":\"\",\"installed_post_types\":\"\",\"sort\":\"\",\"offset\":\"\",\"show_modified_date\":\"\",\"el_class\":\"\",\"td_ajax_filter_type\":\"\",\"td_ajax_filter_ids\":\"\",\"td_ajax_preloading\":\"\",\"f_header_font_header\":\"\",\"f_header_font_title\":\"Block header\",\"f_header_font_settings\":\"\",\"f_header_font_family\":\"\",\"f_header_font_size\":\"\",\"f_header_font_line_height\":\"\",\"f_header_font_style\":\"\",\"f_header_font_weight\":\"\",\"f_header_font_transform\":\"\",\"f_header_font_spacing\":\"\",\"f_header_\":\"\",\"f_ajax_font_title\":\"Ajax categories\",\"f_ajax_font_settings\":\"\",\"f_ajax_font_family\":\"\",\"f_ajax_font_size\":\"\",\"f_ajax_font_line_height\":\"\",\"f_ajax_font_style\":\"\",\"f_ajax_font_weight\":\"\",\"f_ajax_font_transform\":\"\",\"f_ajax_font_spacing\":\"\",\"f_ajax_\":\"\",\"f_more_font_title\":\"Load more button\",\"f_more_font_settings\":\"\",\"f_more_font_family\":\"\",\"f_more_font_size\":\"\",\"f_more_font_line_height\":\"\",\"f_more_font_style\":\"\",\"f_more_font_weight\":\"\",\"f_more_font_transform\":\"\",\"f_more_font_spacing\":\"\",\"f_more_\":\"\",\"m16f_title_font_header\":\"\",\"m16f_title_font_title\":\"Article title\",\"m16f_title_font_settings\":\"\",\"m16f_title_font_family\":\"\",\"m16f_title_font_size\":\"\",\"m16f_title_font_line_height\":\"\",\"m16f_title_font_style\":\"\",\"m16f_title_font_weight\":\"\",\"m16f_title_font_transform\":\"\",\"m16f_title_font_spacing\":\"\",\"m16f_title_\":\"\",\"m16f_cat_font_title\":\"Article category tag\",\"m16f_cat_font_settings\":\"\",\"m16f_cat_font_family\":\"\",\"m16f_cat_font_size\":\"\",\"m16f_cat_font_line_height\":\"\",\"m16f_cat_font_style\":\"\",\"m16f_cat_font_weight\":\"\",\"m16f_cat_font_transform\":\"\",\"m16f_cat_font_spacing\":\"\",\"m16f_cat_\":\"\",\"m16f_meta_font_title\":\"Article meta info\",\"m16f_meta_font_settings\":\"\",\"m16f_meta_font_family\":\"\",\"m16f_meta_font_size\":\"\",\"m16f_meta_font_line_height\":\"\",\"m16f_meta_font_style\":\"\",\"m16f_meta_font_weight\":\"\",\"m16f_meta_font_transform\":\"\",\"m16f_meta_font_spacing\":\"\",\"m16f_meta_\":\"\",\"m16f_ex_font_title\":\"Article excerpt\",\"m16f_ex_font_settings\":\"\",\"m16f_ex_font_family\":\"\",\"m16f_ex_font_size\":\"\",\"m16f_ex_font_line_height\":\"\",\"m16f_ex_font_style\":\"\",\"m16f_ex_font_weight\":\"\",\"m16f_ex_font_transform\":\"\",\"m16f_ex_font_spacing\":\"\",\"m16f_ex_\":\"\",\"ajax_pagination\":\"\",\"ajax_pagination_infinite_stop\":\"\",\"css\":\"\",\"tdc_css\":\"\",\"td_column_number\":2,\"color_preset\":\"\",\"border_top\":\"\",\"class\":\"tdi_24_a26\",\"tdc_css_class\":\"tdi_24_a26\",\"tdc_css_class_style\":\"tdi_24_a26_rand_style\"}';\nblock_tdi_24_a26.td_column_number = \"2\";\nblock_tdi_24_a26.block_type = \"td_block_21\";\nblock_tdi_24_a26.post_count = \"10\";\nblock_tdi_24_a26.found_posts = \"26\";\nblock_tdi_24_a26.header_color = \"#dd3333\";\nblock_tdi_24_a26.ajax_pagination_infinite_stop = \"\";\nblock_tdi_24_a26.max_num_pages = \"3\";\ntdBlocksArray.push(block_tdi_24_a26);\n<\/script><div class=\"td-block-title-wrap\"><h4 class=\"block-title td-block-title\"><span class=\"td-pulldown-size\">Sindical<\/span><\/h4><\/div><div id=tdi_24_a26 class=\"td_block_inner\">\n        <div class=\"td_module_16 td_module_wrap td-animation-stack\">\n            <div class=\"td-module-thumb\"><a href=\"https:\/\/vamosporlaliberacion.org\/crpmlm\/guillermo-gerini-presente\/\" rel=\"bookmark\" class=\"td-image-wrap \" title=\"Guillermo Gerini \u00a1presente!\" ><img loading=\"lazy\" decoding=\"async\" class=\"entry-thumb\" src=\"\" alt=\"\" title=\"Guillermo Gerini \u00a1presente!\" data-type=\"image_tag\" data-img-url=\"https:\/\/i0.wp.com\/vamosporlaliberacion.org\/crpmlm\/wp-content\/uploads\/2019\/05\/22-05-2020-Guillermo-Gerini.png?resize=150%2C150&ssl=1\"  width=\"150\" height=\"150\" \/><\/a><\/div>\n            <div class=\"item-details\">\n                <h3 class=\"entry-title td-module-title\"><a href=\"https:\/\/vamosporlaliberacion.org\/crpmlm\/guillermo-gerini-presente\/\" rel=\"bookmark\" title=\"Guillermo Gerini \u00a1presente!\">Guillermo Gerini \u00a1presente!<\/a><\/h3>\n                <div class=\"td-module-meta-info\">\n                                        <span class=\"td-post-author-name\"><a href=\"https:\/\/vamosporlaliberacion.org\/crpmlm\/author\/\"><\/a> <span>-<\/span> <\/span>                    <span class=\"td-post-date\"><time class=\"entry-date updated td-module-date\" datetime=\"2020-05-22T16:00:00-03:00\" >22 mayo, 2020<\/time><\/span>                    <span class=\"td-module-comments\"><a href=\"https:\/\/vamosporlaliberacion.org\/crpmlm\/guillermo-gerini-presente\/#respond\">0<\/a><\/span>                <\/div>\n\n                <div class=\"td-excerpt\">\n                    Guillermo fue fusilado por la espalda el 22 de mayo de 1975, acribillado en una esquina de Berisso.\n\n\u2018El gordo\u2019 para sus compa\u00f1erxs, encabez\u00f3 la...                <\/div>\n            <\/div>\n\n        <\/div>\n\n        \n        <div class=\"td_module_16 td_module_wrap td-animation-stack\">\n            <div class=\"td-module-thumb\"><a href=\"https:\/\/vamosporlaliberacion.org\/crpmlm\/a-50-anos-del-cordobazo\/\" rel=\"bookmark\" class=\"td-image-wrap \" title=\"A 50 a\u00f1os del Cordobazo\" ><img loading=\"lazy\" decoding=\"async\" class=\"entry-thumb\" src=\"\" alt=\"\" title=\"A 50 a\u00f1os del Cordobazo\" data-type=\"image_tag\" data-img-url=\"https:\/\/i0.wp.com\/vamosporlaliberacion.org\/crpmlm\/wp-content\/uploads\/2019\/05\/Cordobazo-2-grande.jpg?resize=150%2C150&ssl=1\"  width=\"150\" height=\"150\" \/><\/a><\/div>\n            <div class=\"item-details\">\n                <h3 class=\"entry-title td-module-title\"><a href=\"https:\/\/vamosporlaliberacion.org\/crpmlm\/a-50-anos-del-cordobazo\/\" rel=\"bookmark\" title=\"A 50 a\u00f1os del Cordobazo\">A 50 a\u00f1os del Cordobazo<\/a><\/h3>\n                <div class=\"td-module-meta-info\">\n                                        <span class=\"td-post-author-name\"><a href=\"https:\/\/vamosporlaliberacion.org\/crpmlm\/author\/\"><\/a> <span>-<\/span> <\/span>                    <span class=\"td-post-date\"><time class=\"entry-date updated td-module-date\" datetime=\"2019-06-04T23:57:55-03:00\" >4 junio, 2019<\/time><\/span>                    <span class=\"td-module-comments\"><a href=\"https:\/\/vamosporlaliberacion.org\/crpmlm\/a-50-anos-del-cordobazo\/#respond\">0<\/a><\/span>                <\/div>\n\n                <div class=\"td-excerpt\">\n                    Una tensa calma. Cientos de barricadas edificadas con autos prendidos fuego, carteles, elementos de las obras en construcci\u00f3n y lo que aportaban los vecinos,...                <\/div>\n            <\/div>\n\n        <\/div>\n\n        \n        <div class=\"td_module_16 td_module_wrap td-animation-stack\">\n            <div class=\"td-module-thumb\"><a href=\"https:\/\/vamosporlaliberacion.org\/crpmlm\/miles-de-universitarixs-marchamos-contra-el-ajuste\/\" rel=\"bookmark\" class=\"td-image-wrap \" title=\"Miles de universitarixs marchamos contra el ajuste\" ><img loading=\"lazy\" decoding=\"async\" class=\"entry-thumb\" src=\"\" alt=\"\" title=\"Miles de universitarixs marchamos contra el ajuste\" data-type=\"image_tag\" data-img-url=\"https:\/\/i0.wp.com\/vamosporlaliberacion.org\/crpmlm\/wp-content\/uploads\/2019\/05\/Marcha-educativa-16-de-mayo.jpg?resize=150%2C150&ssl=1\"  width=\"150\" height=\"150\" \/><\/a><\/div>\n            <div class=\"item-details\">\n                <h3 class=\"entry-title td-module-title\"><a href=\"https:\/\/vamosporlaliberacion.org\/crpmlm\/miles-de-universitarixs-marchamos-contra-el-ajuste\/\" rel=\"bookmark\" title=\"Miles de universitarixs marchamos contra el ajuste\">Miles de universitarixs marchamos contra el ajuste<\/a><\/h3>\n                <div class=\"td-module-meta-info\">\n                                        <span class=\"td-post-author-name\"><a href=\"https:\/\/vamosporlaliberacion.org\/crpmlm\/author\/\"><\/a> <span>-<\/span> <\/span>                    <span class=\"td-post-date\"><time class=\"entry-date updated td-module-date\" datetime=\"2019-06-04T23:49:49-03:00\" >4 junio, 2019<\/time><\/span>                    <span class=\"td-module-comments\"><a href=\"https:\/\/vamosporlaliberacion.org\/crpmlm\/miles-de-universitarixs-marchamos-contra-el-ajuste\/#respond\">0<\/a><\/span>                <\/div>\n\n                <div class=\"td-excerpt\">\n                    El jueves 16 de mayo, miles de docentes, no docentes, estudiantes y cient\u00edficos nos movilizamos en todo el pa\u00eds. En la Ciudad de Buenos...                <\/div>\n            <\/div>\n\n        <\/div>\n\n        \n        <div class=\"td_module_16 td_module_wrap td-animation-stack\">\n            <div class=\"td-module-thumb\"><a href=\"https:\/\/vamosporlaliberacion.org\/crpmlm\/jose-ber-gelbard\/\" rel=\"bookmark\" class=\"td-image-wrap \" title=\"Jos\u00e9 Ber Gelbard\" ><img decoding=\"async\" class=\"entry-thumb\" src=\"\"alt=\"\" data-type=\"image_tag\" data-img-url=\"https:\/\/vamosporlaliberacion.org\/crpmlm\/wp-content\/plugins\/td-composer\/legacy\/Newspaper\/assets\/images\/no-thumb\/thumbnail.png\"  width=\"\" height=\"\" \/><\/a><\/div>\n            <div class=\"item-details\">\n                <h3 class=\"entry-title td-module-title\"><a href=\"https:\/\/vamosporlaliberacion.org\/crpmlm\/jose-ber-gelbard\/\" rel=\"bookmark\" title=\"Jos\u00e9 Ber Gelbard\">Jos\u00e9 Ber Gelbard<\/a><\/h3>\n                <div class=\"td-module-meta-info\">\n                                        <span class=\"td-post-author-name\"><a href=\"https:\/\/vamosporlaliberacion.org\/crpmlm\/author\/\"><\/a> <span>-<\/span> <\/span>                    <span class=\"td-post-date\"><time class=\"entry-date updated td-module-date\" datetime=\"2019-06-04T23:31:55-03:00\" >4 junio, 2019<\/time><\/span>                    <span class=\"td-module-comments\"><a href=\"https:\/\/vamosporlaliberacion.org\/crpmlm\/jose-ber-gelbard\/#respond\">0<\/a><\/span>                <\/div>\n\n                <div class=\"td-excerpt\">\n                    Cuando Juan Domingo Per\u00f3n asumi\u00f3 su tercera presidencia, \u201cno s\u00f3lo no detenta el poder sino que lidera un gran frente que de fondo no...                <\/div>\n            <\/div>\n\n        <\/div>\n\n        \n        <div class=\"td_module_16 td_module_wrap td-animation-stack\">\n            <div class=\"td-module-thumb\"><a href=\"https:\/\/vamosporlaliberacion.org\/crpmlm\/que-fue-el-pacto-social-de-1973\/\" rel=\"bookmark\" class=\"td-image-wrap \" title=\"\u00bfQu\u00e9 fue el Pacto Social de 1973?\" ><img loading=\"lazy\" decoding=\"async\" class=\"entry-thumb\" src=\"\" alt=\"\" title=\"\u00bfQu\u00e9 fue el Pacto Social de 1973?\" data-type=\"image_tag\" data-img-url=\"https:\/\/i0.wp.com\/vamosporlaliberacion.org\/crpmlm\/wp-content\/uploads\/2019\/05\/Rucci-con-Per%C3%B3n-y-C%C3%A1mpora.jpg?resize=150%2C150&ssl=1\"  width=\"150\" height=\"150\" \/><\/a><\/div>\n            <div class=\"item-details\">\n                <h3 class=\"entry-title td-module-title\"><a href=\"https:\/\/vamosporlaliberacion.org\/crpmlm\/que-fue-el-pacto-social-de-1973\/\" rel=\"bookmark\" title=\"\u00bfQu\u00e9 fue el Pacto Social de 1973?\">\u00bfQu\u00e9 fue el Pacto Social de 1973?<\/a><\/h3>\n                <div class=\"td-module-meta-info\">\n                                        <span class=\"td-post-author-name\"><a href=\"https:\/\/vamosporlaliberacion.org\/crpmlm\/author\/\"><\/a> <span>-<\/span> <\/span>                    <span class=\"td-post-date\"><time class=\"entry-date updated td-module-date\" datetime=\"2019-06-04T23:29:23-03:00\" >4 junio, 2019<\/time><\/span>                    <span class=\"td-module-comments\"><a href=\"https:\/\/vamosporlaliberacion.org\/crpmlm\/que-fue-el-pacto-social-de-1973\/#respond\">0<\/a><\/span>                <\/div>\n\n                <div class=\"td-excerpt\">\n                    El Pacto Social de 1973 vuelve a ser debate luego de la referencia que hizo CFK en su presentaci\u00f3n en la Feria del Libro....                <\/div>\n            <\/div>\n\n        <\/div>\n\n        \n        <div class=\"td_module_16 td_module_wrap td-animation-stack\">\n            <div class=\"td-module-thumb\"><a href=\"https:\/\/vamosporlaliberacion.org\/crpmlm\/encuentro-regional-comahue-de-mujeres-y-disidencias\/\" rel=\"bookmark\" class=\"td-image-wrap \" title=\"Encuentro regional Comahue de mujeres y disidencias\" ><img decoding=\"async\" class=\"entry-thumb\" src=\"\"alt=\"\" data-type=\"image_tag\" data-img-url=\"https:\/\/vamosporlaliberacion.org\/crpmlm\/wp-content\/plugins\/td-composer\/legacy\/Newspaper\/assets\/images\/no-thumb\/thumbnail.png\"  width=\"\" height=\"\" \/><\/a><\/div>\n            <div class=\"item-details\">\n                <h3 class=\"entry-title td-module-title\"><a href=\"https:\/\/vamosporlaliberacion.org\/crpmlm\/encuentro-regional-comahue-de-mujeres-y-disidencias\/\" rel=\"bookmark\" title=\"Encuentro regional Comahue de mujeres y disidencias\">Encuentro regional Comahue de mujeres y disidencias<\/a><\/h3>\n                <div class=\"td-module-meta-info\">\n                                        <span class=\"td-post-author-name\"><a href=\"https:\/\/vamosporlaliberacion.org\/crpmlm\/author\/\"><\/a> <span>-<\/span> <\/span>                    <span class=\"td-post-date\"><time class=\"entry-date updated td-module-date\" datetime=\"2019-06-04T23:22:02-03:00\" >4 junio, 2019<\/time><\/span>                    <span class=\"td-module-comments\"><a href=\"https:\/\/vamosporlaliberacion.org\/crpmlm\/encuentro-regional-comahue-de-mujeres-y-disidencias\/#respond\">0<\/a><\/span>                <\/div>\n\n                <div class=\"td-excerpt\">\n                    Se realiz\u00f3 el 4 de mayo en Catriel, ciudad situada en el extremo norte de la provincia de R\u00edo Negro conocida como la \u201cCapital...                <\/div>\n            <\/div>\n\n        <\/div>\n\n        \n        <div class=\"td_module_16 td_module_wrap td-animation-stack\">\n            <div class=\"td-module-thumb\"><a href=\"https:\/\/vamosporlaliberacion.org\/crpmlm\/juicio-a-ginecologo-antiderechos-de-cipolletti-2\/\" rel=\"bookmark\" class=\"td-image-wrap \" title=\"Juicio a ginec\u00f3logo antiderechos de Cipolletti\" ><img loading=\"lazy\" decoding=\"async\" class=\"entry-thumb\" src=\"\" alt=\"\" title=\"Juicio a ginec\u00f3logo antiderechos de Cipolletti\" data-type=\"image_tag\" data-img-url=\"https:\/\/i0.wp.com\/vamosporlaliberacion.org\/crpmlm\/wp-content\/uploads\/2019\/05\/Juicio-a-RL.jpeg?resize=150%2C150&ssl=1\"  width=\"150\" height=\"150\" \/><\/a><\/div>\n            <div class=\"item-details\">\n                <h3 class=\"entry-title td-module-title\"><a href=\"https:\/\/vamosporlaliberacion.org\/crpmlm\/juicio-a-ginecologo-antiderechos-de-cipolletti-2\/\" rel=\"bookmark\" title=\"Juicio a ginec\u00f3logo antiderechos de Cipolletti\">Juicio a ginec\u00f3logo antiderechos de Cipolletti<\/a><\/h3>\n                <div class=\"td-module-meta-info\">\n                                        <span class=\"td-post-author-name\"><a href=\"https:\/\/vamosporlaliberacion.org\/crpmlm\/author\/\"><\/a> <span>-<\/span> <\/span>                    <span class=\"td-post-date\"><time class=\"entry-date updated td-module-date\" datetime=\"2019-06-04T23:16:45-03:00\" >4 junio, 2019<\/time><\/span>                    <span class=\"td-module-comments\"><a href=\"https:\/\/vamosporlaliberacion.org\/crpmlm\/juicio-a-ginecologo-antiderechos-de-cipolletti-2\/#respond\">0<\/a><\/span>                <\/div>\n\n                <div class=\"td-excerpt\">\n                    Durante la semana del 13 de mayo se realiz\u00f3 el juicio al ginec\u00f3logo Leandro Rodr\u00edguez Lastra, por negar el derecho a la Interrupci\u00f3n Legal...                <\/div>\n            <\/div>\n\n        <\/div>\n\n        \n        <div class=\"td_module_16 td_module_wrap td-animation-stack\">\n            <div class=\"td-module-thumb\"><a href=\"https:\/\/vamosporlaliberacion.org\/crpmlm\/cedio-larreta-para-evitar-conflicto-con-metrodelegados\/\" rel=\"bookmark\" class=\"td-image-wrap \" title=\"Cedi\u00f3 Larreta para evitar conflicto con metrodelegados\" ><img decoding=\"async\" class=\"entry-thumb\" src=\"\"alt=\"\" data-type=\"image_tag\" data-img-url=\"https:\/\/vamosporlaliberacion.org\/crpmlm\/wp-content\/plugins\/td-composer\/legacy\/Newspaper\/assets\/images\/no-thumb\/thumbnail.png\"  width=\"\" height=\"\" \/><\/a><\/div>\n            <div class=\"item-details\">\n                <h3 class=\"entry-title td-module-title\"><a href=\"https:\/\/vamosporlaliberacion.org\/crpmlm\/cedio-larreta-para-evitar-conflicto-con-metrodelegados\/\" rel=\"bookmark\" title=\"Cedi\u00f3 Larreta para evitar conflicto con metrodelegados\">Cedi\u00f3 Larreta para evitar conflicto con metrodelegados<\/a><\/h3>\n                <div class=\"td-module-meta-info\">\n                                        <span class=\"td-post-author-name\"><a href=\"https:\/\/vamosporlaliberacion.org\/crpmlm\/author\/\"><\/a> <span>-<\/span> <\/span>                    <span class=\"td-post-date\"><time class=\"entry-date updated td-module-date\" datetime=\"2019-06-04T23:11:39-03:00\" >4 junio, 2019<\/time><\/span>                    <span class=\"td-module-comments\"><a href=\"https:\/\/vamosporlaliberacion.org\/crpmlm\/cedio-larreta-para-evitar-conflicto-con-metrodelegados\/#respond\">0<\/a><\/span>                <\/div>\n\n                <div class=\"td-excerpt\">\n                    El pasado mes de abril se firm\u00f3 el acta paritaria del subte. Los metrodelegados enrolados en AGTSyP consiguieron para todos los trabajadores un reajuste...                <\/div>\n            <\/div>\n\n        <\/div>\n\n        \n        <div class=\"td_module_16 td_module_wrap td-animation-stack\">\n            <div class=\"td-module-thumb\"><a href=\"https:\/\/vamosporlaliberacion.org\/crpmlm\/estatales-ultra-ajustados\/\" rel=\"bookmark\" class=\"td-image-wrap \" title=\"Estatales ultra ajustados\" ><img decoding=\"async\" class=\"entry-thumb\" src=\"\"alt=\"\" data-type=\"image_tag\" data-img-url=\"https:\/\/vamosporlaliberacion.org\/crpmlm\/wp-content\/plugins\/td-composer\/legacy\/Newspaper\/assets\/images\/no-thumb\/thumbnail.png\"  width=\"\" height=\"\" \/><\/a><\/div>\n            <div class=\"item-details\">\n                <h3 class=\"entry-title td-module-title\"><a href=\"https:\/\/vamosporlaliberacion.org\/crpmlm\/estatales-ultra-ajustados\/\" rel=\"bookmark\" title=\"Estatales ultra ajustados\">Estatales ultra ajustados<\/a><\/h3>\n                <div class=\"td-module-meta-info\">\n                                        <span class=\"td-post-author-name\"><a href=\"https:\/\/vamosporlaliberacion.org\/crpmlm\/author\/\"><\/a> <span>-<\/span> <\/span>                    <span class=\"td-post-date\"><time class=\"entry-date updated td-module-date\" datetime=\"2019-06-03T23:35:02-03:00\" >3 junio, 2019<\/time><\/span>                    <span class=\"td-module-comments\"><a href=\"https:\/\/vamosporlaliberacion.org\/crpmlm\/estatales-ultra-ajustados\/#respond\">0<\/a><\/span>                <\/div>\n\n                <div class=\"td-excerpt\">\n                    La paritaria del sector p\u00fablico est\u00e1 a un paso de cerrarse en manos del gobierno nacional y la lapicera c\u00f3mplice de Andr\u00e9s Rodr\u00edguez de...                <\/div>\n            <\/div>\n\n        <\/div>\n\n        \n        <div class=\"td_module_16 td_module_wrap td-animation-stack\">\n            <div class=\"td-module-thumb\"><a href=\"https:\/\/vamosporlaliberacion.org\/crpmlm\/solidaridad-con-los-trabajadores-de-pagina12\/\" rel=\"bookmark\" class=\"td-image-wrap \" title=\"Solidaridad con los trabajadores de P\u00e1gina\/12\" ><img loading=\"lazy\" decoding=\"async\" class=\"entry-thumb\" src=\"\" alt=\"\" title=\"Solidaridad con los trabajadores de P\u00e1gina\/12\" data-type=\"image_tag\" data-img-url=\"https:\/\/i0.wp.com\/vamosporlaliberacion.org\/crpmlm\/wp-content\/uploads\/2019\/05\/P12-paro.jpg?resize=150%2C150&ssl=1\"  width=\"150\" height=\"150\" \/><\/a><\/div>\n            <div class=\"item-details\">\n                <h3 class=\"entry-title td-module-title\"><a href=\"https:\/\/vamosporlaliberacion.org\/crpmlm\/solidaridad-con-los-trabajadores-de-pagina12\/\" rel=\"bookmark\" title=\"Solidaridad con los trabajadores de P\u00e1gina\/12\">Solidaridad con los trabajadores de P\u00e1gina\/12<\/a><\/h3>\n                <div class=\"td-module-meta-info\">\n                                        <span class=\"td-post-author-name\"><a href=\"https:\/\/vamosporlaliberacion.org\/crpmlm\/author\/\"><\/a> <span>-<\/span> <\/span>                    <span class=\"td-post-date\"><time class=\"entry-date updated td-module-date\" datetime=\"2019-06-03T23:29:24-03:00\" >3 junio, 2019<\/time><\/span>                    <span class=\"td-module-comments\"><a href=\"https:\/\/vamosporlaliberacion.org\/crpmlm\/solidaridad-con-los-trabajadores-de-pagina12\/#respond\">0<\/a><\/span>                <\/div>\n\n                <div class=\"td-excerpt\">\n                    Respaldamos la lucha de los trabajadores de P\u00e1gina\/12 exigiendo el cumplimiento de la paritaria y el convenio colectivo frente al incumplimiento patronal en ese...                <\/div>\n            <\/div>\n\n        <\/div>\n\n        <\/div><\/div> <!-- .\/block --><div class=\"td_block_wrap td_block_21 tdi_25_a2f td-pb-border-top td_block_template_1 td-column-2\"  data-td-block-uid=\"tdi_25_a2f\" >\n<style>\n.td_block_template_2.widget > ul > li,\n            .td_block_template_6.widget > ul > li,\n            .td_block_template_8.widget > ul > li,\n            .td_block_template_9.widget > ul > li,\n            .td_block_template_10.widget > ul > li,\n            .td_block_template_11.widget > ul > li,\n            .td_block_template_12.widget > ul > li,\n            .td_block_template_13.widget > ul > li,\n            .td_block_template_14.widget > ul > li,\n            .td_block_template_15.widget > ul > li,\n            .td_block_template_16.widget > ul > li,\n            .td_block_template_17.widget > ul > li {\n                margin-left: 0 !important;\n            }\n            .global-block-template-12 .td-comments-title span,\n            .global-block-template-13 .td-comments-title span {\n                margin-left: 0 !important;\n                font-size: 20px;\n            }\n            @media (max-width: 767px) {\n                .global-block-template-12 .td-comments-title span,\n                .global-block-template-13 .td-comments-title span {\n                    font-size: 15px;\n                }\n            }\n            .td-block-title-wrap .td-wrapper-pulldown-filter {\n                font-family: 'Roboto', sans-serif;\n                position: absolute;\n                bottom: 0;\n                right: 0;\n                top: 0;\n                margin: auto 0;\n                z-index: 2;\n                background-color: #fff;\n                font-size: 13px;\n                line-height: 1;\n                color: #777;\n                text-align: right;\n            }\n            .td-block-title-wrap .td-wrapper-pulldown-filter .td-pulldown-filter-display-option {\n                cursor: pointer;\n                white-space: nowrap;\n                position: relative;\n                line-height: 29px;\n            }\n            .td-block-title-wrap .td-wrapper-pulldown-filter .td-pulldown-filter-display-option i {\n                font-size: 9px;\n                color: #777;\n                margin-left: 20px;\n                margin-right: 10px;\n            }\n            .td-block-title-wrap .td-wrapper-pulldown-filter .td-pulldown-filter-display-option i:before {\n                content: '\\e83d';\n            }\n            .td-block-title-wrap .td-wrapper-pulldown-filter .td-pulldown-filter-display-option span {\n                padding-left: 20px;\n                margin-right: -14px;\n            }\n            @media (max-width: 360px) {\n                .td-block-title-wrap .td-wrapper-pulldown-filter .td-pulldown-filter-display-option span {\n                    display: none;\n                }\n            }\n            .td-block-title-wrap .td-wrapper-pulldown-filter .td-pulldown-filter-display-option:hover {\n                color: #4db2ec;\n            }\n            .td-block-title-wrap .td-wrapper-pulldown-filter .td-pulldown-filter-display-option:hover i {\n                color: #4db2ec;\n            }\n            .td-block-title-wrap .td-wrapper-pulldown-filter .td-pulldown-filter-display-option:hover ul {\n                display: block;\n            }\n            .td-block-title-wrap .td-wrapper-pulldown-filter .td-pulldown-filter-list {\n                list-style: none;\n                position: absolute;\n                right: 0;\n                top: 100%;\n                padding: 18px 0;\n                background-color: rgb(255, 255, 255);\n                background-color: rgba(255, 255, 255, 0.95);\n                z-index: 999;\n                border-width: 1px;\n                border-color: #ededed;\n                border-style: solid;\n                display: none;\n                margin: 0;\n            }\n            .td-block-title-wrap .td-wrapper-pulldown-filter .td-pulldown-filter-item {\n                list-style: none;\n                margin: 0;\n            }\n            .td-block-title-wrap .td-wrapper-pulldown-filter .td-pulldown-filter-item .td-cur-simple-item {\n                color: #4db2ec;\n            }\n            .td-block-title-wrap .td-wrapper-pulldown-filter .td-pulldown-more {\n                padding-bottom: 10px;\n            }\n            .td-block-title-wrap .td-wrapper-pulldown-filter .td-pulldown-more:before {\n                content: '';\n                width: 70px;\n                height: 100%;\n                position: absolute;\n                margin-top: 2px;\n                top: 0;\n                right: 0;\n                z-index: 1;\n                opacity: 0;\n            }\n            .td-block-title-wrap .td-wrapper-pulldown-filter .td-pulldown-filter-link {\n                color: #777;\n                white-space: nowrap;\n                display: block;\n                line-height: 26px;\n                padding-left: 36px;\n                padding-right: 27px;\n            }\n            .td-block-title-wrap .td-wrapper-pulldown-filter .td-pulldown-filter-link:hover {\n                color: #4db2ec;\n            }\n            @media (min-width: 768px) and (max-width: 1018px) {\n                .td-pb-span4 .td-block-title-wrap .td-wrapper-pulldown-filter .td-pulldown-filter-display-option span {\n                    display: none;\n                }\n                .td-pb-span4 .td-block-title-wrap .td-wrapper-pulldown-filter .td-pulldown-filter-link {\n                    padding-left: 24px;\n                    padding-right: 20px !important;\n                }\n            }\n            @-moz-document url-prefix() {\n                .td-pulldown-syle-default .td-subcat-more,\n                .td-pulldown-syle-default .td-subcat-list {\n                    position: relative;\n                    top: -1px;\n                }\n            }\n            .td-pulldown-syle-2 {\n                top: 0;\n            }\n            .td-pulldown-syle-2 .td-subcat-dropdown ul {\n                padding: 20px 0;\n                margin-top: 0;\n            }\n            .td-pulldown-syle-2 .td-subcat-dropdown ul:after {\n                content: '';\n                position: absolute;\n                width: calc(100% + 2px);\n                height: 3px;\n                top: 0;\n                left: -1px;\n                background-color: #4db2ec;\n            }\n            .td-pulldown-syle-2 .td-subcat-dropdown a {\n                padding-left: 40px;\n                padding-right: 31px;\n            }\n            .td-pulldown-syle-2 .td-subcat-dropdown:hover .td-subcat-more {\n                background-color: transparent !important;\n            }\n            .td-pulldown-syle-2 .td-subcat-dropdown:hover .td-subcat-more span,\n            .td-pulldown-syle-2 .td-subcat-dropdown:hover .td-subcat-more i {\n                color: #4db2ec;\n            }\n            .td-pulldown-syle-2 .td-subcat-dropdown .td-subcat-more {\n                margin-left: 9px;\n                margin-bottom: 8px; \/\/ this align the dropdown list\n            }\n            .td-pulldown-syle-2 .td-subcat-list .td-subcat-item {\n                margin-left: 24px;\n            }\n            .td-pulldown-syle-3 {\n                top: 0;\n            }\n            .td-pulldown-syle-3 .td-subcat-dropdown ul {\n                padding: 15px 0;\n                margin-top: -1px;\n                border-width: 1px;\n            }\n            .td-pulldown-syle-3 .td-subcat-dropdown a {\n                padding-left: 40px;\n                padding-right: 31px;\n            }\n            .td-pulldown-syle-3 .td-subcat-dropdown &:hover .td-subcat-more {\n                background-color: transparent !important;\n            }\n            .td-pulldown-syle-3 .td-subcat-dropdown &:hover .td-subcat-more span,\n            .td-pulldown-syle-3 .td-subcat-dropdown &:hover .td-subcat-more i {\n                color: #4db2ec;\n            }\n            .td-pulldown-syle-3 .td-subcat-dropdown .td-subcat-more {\n                margin-left: 9px;\n                margin-bottom: 8px; \/\/ this align the dropdown list\n            }\n            .td-pulldown-syle-3 .td-subcat-list .td-subcat-item {\n                margin-left: 24px;\n            }\n            \n            \n\n            \n            .td-theme-wrap .tdi_25_a2f .td-pulldown-filter-link:hover,\n            .td-theme-wrap .tdi_25_a2f .td-subcat-item a:hover,\n            .td-theme-wrap .tdi_25_a2f .td-subcat-item .td-cur-simple-item {\n                color: #dd3333;\n            }\n\n            .td-theme-wrap .tdi_25_a2f .block-title > *,\n            .td-theme-wrap .tdi_25_a2f .td-subcat-dropdown:hover .td-subcat-more {\n                background-color: #dd3333;\n            }\n            .td-theme-wrap .td-footer-wrapper .tdi_25_a2f .block-title > * {\n                padding: 6px 7px 5px;\n                line-height: 1;\n            }\n\n            .td-theme-wrap .tdi_25_a2f .block-title {\n                border-color: #dd3333;\n            }\n\n            \n            .td-theme-wrap .tdi_25_a2f .td_module_wrap:hover .entry-title a,\n            .td-theme-wrap .tdi_25_a2f .td_quote_on_blocks,\n            .td-theme-wrap .tdi_25_a2f .td-opacity-cat .td-post-category:hover,\n            .td-theme-wrap .tdi_25_a2f .td-opacity-read .td-read-more a:hover,\n            .td-theme-wrap .tdi_25_a2f .td-opacity-author .td-post-author-name a:hover,\n            .td-theme-wrap .tdi_25_a2f .td-instagram-user a {\n                color: #dd3333;\n            }\n\n            .td-theme-wrap .tdi_25_a2f .td-next-prev-wrap a:hover,\n            .td-theme-wrap .tdi_25_a2f .td-load-more-wrap a:hover {\n                background-color: #dd3333;\n                border-color: #dd3333;\n            }\n\n            .td-theme-wrap .tdi_25_a2f .td-read-more a,\n            .td-theme-wrap .tdi_25_a2f .td-weather-information:before,\n            .td-theme-wrap .tdi_25_a2f .td-weather-week:before,\n            .td-theme-wrap .tdi_25_a2f .td-exchange-header:before,\n            .td-theme-wrap .td-footer-wrapper .tdi_25_a2f .td-post-category,\n            .td-theme-wrap .tdi_25_a2f .td-post-category:hover {\n                background-color: #dd3333;\n            }\n<\/style><script>var block_tdi_25_a2f = new tdBlock();\nblock_tdi_25_a2f.id = \"tdi_25_a2f\";\nblock_tdi_25_a2f.atts = '{\"custom_title\":\"Juventud\",\"header_color\":\"#dd3333\",\"category_id\":\"8\",\"tag_slug\":\"vxl 141\",\"limit\":\"10\",\"td_filter_default_txt\":\"Todo\",\"block_type\":\"td_block_21\",\"separator\":\"\",\"custom_url\":\"\",\"block_template_id\":\"\",\"m16_tl\":\"\",\"m16_el\":\"\",\"post_ids\":\"\",\"category_ids\":\"\",\"autors_id\":\"\",\"installed_post_types\":\"\",\"sort\":\"\",\"offset\":\"\",\"show_modified_date\":\"\",\"el_class\":\"\",\"td_ajax_filter_type\":\"\",\"td_ajax_filter_ids\":\"\",\"td_ajax_preloading\":\"\",\"f_header_font_header\":\"\",\"f_header_font_title\":\"Block header\",\"f_header_font_settings\":\"\",\"f_header_font_family\":\"\",\"f_header_font_size\":\"\",\"f_header_font_line_height\":\"\",\"f_header_font_style\":\"\",\"f_header_font_weight\":\"\",\"f_header_font_transform\":\"\",\"f_header_font_spacing\":\"\",\"f_header_\":\"\",\"f_ajax_font_title\":\"Ajax categories\",\"f_ajax_font_settings\":\"\",\"f_ajax_font_family\":\"\",\"f_ajax_font_size\":\"\",\"f_ajax_font_line_height\":\"\",\"f_ajax_font_style\":\"\",\"f_ajax_font_weight\":\"\",\"f_ajax_font_transform\":\"\",\"f_ajax_font_spacing\":\"\",\"f_ajax_\":\"\",\"f_more_font_title\":\"Load more button\",\"f_more_font_settings\":\"\",\"f_more_font_family\":\"\",\"f_more_font_size\":\"\",\"f_more_font_line_height\":\"\",\"f_more_font_style\":\"\",\"f_more_font_weight\":\"\",\"f_more_font_transform\":\"\",\"f_more_font_spacing\":\"\",\"f_more_\":\"\",\"m16f_title_font_header\":\"\",\"m16f_title_font_title\":\"Article title\",\"m16f_title_font_settings\":\"\",\"m16f_title_font_family\":\"\",\"m16f_title_font_size\":\"\",\"m16f_title_font_line_height\":\"\",\"m16f_title_font_style\":\"\",\"m16f_title_font_weight\":\"\",\"m16f_title_font_transform\":\"\",\"m16f_title_font_spacing\":\"\",\"m16f_title_\":\"\",\"m16f_cat_font_title\":\"Article category tag\",\"m16f_cat_font_settings\":\"\",\"m16f_cat_font_family\":\"\",\"m16f_cat_font_size\":\"\",\"m16f_cat_font_line_height\":\"\",\"m16f_cat_font_style\":\"\",\"m16f_cat_font_weight\":\"\",\"m16f_cat_font_transform\":\"\",\"m16f_cat_font_spacing\":\"\",\"m16f_cat_\":\"\",\"m16f_meta_font_title\":\"Article meta info\",\"m16f_meta_font_settings\":\"\",\"m16f_meta_font_family\":\"\",\"m16f_meta_font_size\":\"\",\"m16f_meta_font_line_height\":\"\",\"m16f_meta_font_style\":\"\",\"m16f_meta_font_weight\":\"\",\"m16f_meta_font_transform\":\"\",\"m16f_meta_font_spacing\":\"\",\"m16f_meta_\":\"\",\"m16f_ex_font_title\":\"Article excerpt\",\"m16f_ex_font_settings\":\"\",\"m16f_ex_font_family\":\"\",\"m16f_ex_font_size\":\"\",\"m16f_ex_font_line_height\":\"\",\"m16f_ex_font_style\":\"\",\"m16f_ex_font_weight\":\"\",\"m16f_ex_font_transform\":\"\",\"m16f_ex_font_spacing\":\"\",\"m16f_ex_\":\"\",\"ajax_pagination\":\"\",\"ajax_pagination_infinite_stop\":\"\",\"css\":\"\",\"tdc_css\":\"\",\"td_column_number\":2,\"color_preset\":\"\",\"border_top\":\"\",\"class\":\"tdi_25_a2f\",\"tdc_css_class\":\"tdi_25_a2f\",\"tdc_css_class_style\":\"tdi_25_a2f_rand_style\"}';\nblock_tdi_25_a2f.td_column_number = \"2\";\nblock_tdi_25_a2f.block_type = \"td_block_21\";\nblock_tdi_25_a2f.post_count = \"10\";\nblock_tdi_25_a2f.found_posts = \"26\";\nblock_tdi_25_a2f.header_color = \"#dd3333\";\nblock_tdi_25_a2f.ajax_pagination_infinite_stop = \"\";\nblock_tdi_25_a2f.max_num_pages = \"3\";\ntdBlocksArray.push(block_tdi_25_a2f);\n<\/script><div class=\"td-block-title-wrap\"><h4 class=\"block-title td-block-title\"><span class=\"td-pulldown-size\">Juventud<\/span><\/h4><\/div><div id=tdi_25_a2f class=\"td_block_inner\">\n        <div class=\"td_module_16 td_module_wrap td-animation-stack\">\n            <div class=\"td-module-thumb\"><a href=\"https:\/\/vamosporlaliberacion.org\/crpmlm\/guillermo-gerini-presente\/\" rel=\"bookmark\" class=\"td-image-wrap \" title=\"Guillermo Gerini \u00a1presente!\" ><img loading=\"lazy\" decoding=\"async\" class=\"entry-thumb\" src=\"\" alt=\"\" title=\"Guillermo Gerini \u00a1presente!\" data-type=\"image_tag\" data-img-url=\"https:\/\/i0.wp.com\/vamosporlaliberacion.org\/crpmlm\/wp-content\/uploads\/2019\/05\/22-05-2020-Guillermo-Gerini.png?resize=150%2C150&ssl=1\"  width=\"150\" height=\"150\" \/><\/a><\/div>\n            <div class=\"item-details\">\n                <h3 class=\"entry-title td-module-title\"><a href=\"https:\/\/vamosporlaliberacion.org\/crpmlm\/guillermo-gerini-presente\/\" rel=\"bookmark\" title=\"Guillermo Gerini \u00a1presente!\">Guillermo Gerini \u00a1presente!<\/a><\/h3>\n                <div class=\"td-module-meta-info\">\n                                        <span class=\"td-post-author-name\"><a href=\"https:\/\/vamosporlaliberacion.org\/crpmlm\/author\/\"><\/a> <span>-<\/span> <\/span>                    <span class=\"td-post-date\"><time class=\"entry-date updated td-module-date\" datetime=\"2020-05-22T16:00:00-03:00\" >22 mayo, 2020<\/time><\/span>                    <span class=\"td-module-comments\"><a href=\"https:\/\/vamosporlaliberacion.org\/crpmlm\/guillermo-gerini-presente\/#respond\">0<\/a><\/span>                <\/div>\n\n                <div class=\"td-excerpt\">\n                    Guillermo fue fusilado por la espalda el 22 de mayo de 1975, acribillado en una esquina de Berisso.\n\n\u2018El gordo\u2019 para sus compa\u00f1erxs, encabez\u00f3 la...                <\/div>\n            <\/div>\n\n        <\/div>\n\n        \n        <div class=\"td_module_16 td_module_wrap td-animation-stack\">\n            <div class=\"td-module-thumb\"><a href=\"https:\/\/vamosporlaliberacion.org\/crpmlm\/a-50-anos-del-cordobazo\/\" rel=\"bookmark\" class=\"td-image-wrap \" title=\"A 50 a\u00f1os del Cordobazo\" ><img loading=\"lazy\" decoding=\"async\" class=\"entry-thumb\" src=\"\" alt=\"\" title=\"A 50 a\u00f1os del Cordobazo\" data-type=\"image_tag\" data-img-url=\"https:\/\/i0.wp.com\/vamosporlaliberacion.org\/crpmlm\/wp-content\/uploads\/2019\/05\/Cordobazo-2-grande.jpg?resize=150%2C150&ssl=1\"  width=\"150\" height=\"150\" \/><\/a><\/div>\n            <div class=\"item-details\">\n                <h3 class=\"entry-title td-module-title\"><a href=\"https:\/\/vamosporlaliberacion.org\/crpmlm\/a-50-anos-del-cordobazo\/\" rel=\"bookmark\" title=\"A 50 a\u00f1os del Cordobazo\">A 50 a\u00f1os del Cordobazo<\/a><\/h3>\n                <div class=\"td-module-meta-info\">\n                                        <span class=\"td-post-author-name\"><a href=\"https:\/\/vamosporlaliberacion.org\/crpmlm\/author\/\"><\/a> <span>-<\/span> <\/span>                    <span class=\"td-post-date\"><time class=\"entry-date updated td-module-date\" datetime=\"2019-06-04T23:57:55-03:00\" >4 junio, 2019<\/time><\/span>                    <span class=\"td-module-comments\"><a href=\"https:\/\/vamosporlaliberacion.org\/crpmlm\/a-50-anos-del-cordobazo\/#respond\">0<\/a><\/span>                <\/div>\n\n                <div class=\"td-excerpt\">\n                    Una tensa calma. Cientos de barricadas edificadas con autos prendidos fuego, carteles, elementos de las obras en construcci\u00f3n y lo que aportaban los vecinos,...                <\/div>\n            <\/div>\n\n        <\/div>\n\n        \n        <div class=\"td_module_16 td_module_wrap td-animation-stack\">\n            <div class=\"td-module-thumb\"><a href=\"https:\/\/vamosporlaliberacion.org\/crpmlm\/miles-de-universitarixs-marchamos-contra-el-ajuste\/\" rel=\"bookmark\" class=\"td-image-wrap \" title=\"Miles de universitarixs marchamos contra el ajuste\" ><img loading=\"lazy\" decoding=\"async\" class=\"entry-thumb\" src=\"\" alt=\"\" title=\"Miles de universitarixs marchamos contra el ajuste\" data-type=\"image_tag\" data-img-url=\"https:\/\/i0.wp.com\/vamosporlaliberacion.org\/crpmlm\/wp-content\/uploads\/2019\/05\/Marcha-educativa-16-de-mayo.jpg?resize=150%2C150&ssl=1\"  width=\"150\" height=\"150\" \/><\/a><\/div>\n            <div class=\"item-details\">\n                <h3 class=\"entry-title td-module-title\"><a href=\"https:\/\/vamosporlaliberacion.org\/crpmlm\/miles-de-universitarixs-marchamos-contra-el-ajuste\/\" rel=\"bookmark\" title=\"Miles de universitarixs marchamos contra el ajuste\">Miles de universitarixs marchamos contra el ajuste<\/a><\/h3>\n                <div class=\"td-module-meta-info\">\n                                        <span class=\"td-post-author-name\"><a href=\"https:\/\/vamosporlaliberacion.org\/crpmlm\/author\/\"><\/a> <span>-<\/span> <\/span>                    <span class=\"td-post-date\"><time class=\"entry-date updated td-module-date\" datetime=\"2019-06-04T23:49:49-03:00\" >4 junio, 2019<\/time><\/span>                    <span class=\"td-module-comments\"><a href=\"https:\/\/vamosporlaliberacion.org\/crpmlm\/miles-de-universitarixs-marchamos-contra-el-ajuste\/#respond\">0<\/a><\/span>                <\/div>\n\n                <div class=\"td-excerpt\">\n                    El jueves 16 de mayo, miles de docentes, no docentes, estudiantes y cient\u00edficos nos movilizamos en todo el pa\u00eds. En la Ciudad de Buenos...                <\/div>\n            <\/div>\n\n        <\/div>\n\n        \n        <div class=\"td_module_16 td_module_wrap td-animation-stack\">\n            <div class=\"td-module-thumb\"><a href=\"https:\/\/vamosporlaliberacion.org\/crpmlm\/jose-ber-gelbard\/\" rel=\"bookmark\" class=\"td-image-wrap \" title=\"Jos\u00e9 Ber Gelbard\" ><img decoding=\"async\" class=\"entry-thumb\" src=\"\"alt=\"\" data-type=\"image_tag\" data-img-url=\"https:\/\/vamosporlaliberacion.org\/crpmlm\/wp-content\/plugins\/td-composer\/legacy\/Newspaper\/assets\/images\/no-thumb\/thumbnail.png\"  width=\"\" height=\"\" \/><\/a><\/div>\n            <div class=\"item-details\">\n                <h3 class=\"entry-title td-module-title\"><a href=\"https:\/\/vamosporlaliberacion.org\/crpmlm\/jose-ber-gelbard\/\" rel=\"bookmark\" title=\"Jos\u00e9 Ber Gelbard\">Jos\u00e9 Ber Gelbard<\/a><\/h3>\n                <div class=\"td-module-meta-info\">\n                                        <span class=\"td-post-author-name\"><a href=\"https:\/\/vamosporlaliberacion.org\/crpmlm\/author\/\"><\/a> <span>-<\/span> <\/span>                    <span class=\"td-post-date\"><time class=\"entry-date updated td-module-date\" datetime=\"2019-06-04T23:31:55-03:00\" >4 junio, 2019<\/time><\/span>                    <span class=\"td-module-comments\"><a href=\"https:\/\/vamosporlaliberacion.org\/crpmlm\/jose-ber-gelbard\/#respond\">0<\/a><\/span>                <\/div>\n\n                <div class=\"td-excerpt\">\n                    Cuando Juan Domingo Per\u00f3n asumi\u00f3 su tercera presidencia, \u201cno s\u00f3lo no detenta el poder sino que lidera un gran frente que de fondo no...                <\/div>\n            <\/div>\n\n        <\/div>\n\n        \n        <div class=\"td_module_16 td_module_wrap td-animation-stack\">\n            <div class=\"td-module-thumb\"><a href=\"https:\/\/vamosporlaliberacion.org\/crpmlm\/que-fue-el-pacto-social-de-1973\/\" rel=\"bookmark\" class=\"td-image-wrap \" title=\"\u00bfQu\u00e9 fue el Pacto Social de 1973?\" ><img loading=\"lazy\" decoding=\"async\" class=\"entry-thumb\" src=\"\" alt=\"\" title=\"\u00bfQu\u00e9 fue el Pacto Social de 1973?\" data-type=\"image_tag\" data-img-url=\"https:\/\/i0.wp.com\/vamosporlaliberacion.org\/crpmlm\/wp-content\/uploads\/2019\/05\/Rucci-con-Per%C3%B3n-y-C%C3%A1mpora.jpg?resize=150%2C150&ssl=1\"  width=\"150\" height=\"150\" \/><\/a><\/div>\n            <div class=\"item-details\">\n                <h3 class=\"entry-title td-module-title\"><a href=\"https:\/\/vamosporlaliberacion.org\/crpmlm\/que-fue-el-pacto-social-de-1973\/\" rel=\"bookmark\" title=\"\u00bfQu\u00e9 fue el Pacto Social de 1973?\">\u00bfQu\u00e9 fue el Pacto Social de 1973?<\/a><\/h3>\n                <div class=\"td-module-meta-info\">\n                                        <span class=\"td-post-author-name\"><a href=\"https:\/\/vamosporlaliberacion.org\/crpmlm\/author\/\"><\/a> <span>-<\/span> <\/span>                    <span class=\"td-post-date\"><time class=\"entry-date updated td-module-date\" datetime=\"2019-06-04T23:29:23-03:00\" >4 junio, 2019<\/time><\/span>                    <span class=\"td-module-comments\"><a href=\"https:\/\/vamosporlaliberacion.org\/crpmlm\/que-fue-el-pacto-social-de-1973\/#respond\">0<\/a><\/span>                <\/div>\n\n                <div class=\"td-excerpt\">\n                    El Pacto Social de 1973 vuelve a ser debate luego de la referencia que hizo CFK en su presentaci\u00f3n en la Feria del Libro....                <\/div>\n            <\/div>\n\n        <\/div>\n\n        \n        <div class=\"td_module_16 td_module_wrap td-animation-stack\">\n            <div class=\"td-module-thumb\"><a href=\"https:\/\/vamosporlaliberacion.org\/crpmlm\/encuentro-regional-comahue-de-mujeres-y-disidencias\/\" rel=\"bookmark\" class=\"td-image-wrap \" title=\"Encuentro regional Comahue de mujeres y disidencias\" ><img decoding=\"async\" class=\"entry-thumb\" src=\"\"alt=\"\" data-type=\"image_tag\" data-img-url=\"https:\/\/vamosporlaliberacion.org\/crpmlm\/wp-content\/plugins\/td-composer\/legacy\/Newspaper\/assets\/images\/no-thumb\/thumbnail.png\"  width=\"\" height=\"\" \/><\/a><\/div>\n            <div class=\"item-details\">\n                <h3 class=\"entry-title td-module-title\"><a href=\"https:\/\/vamosporlaliberacion.org\/crpmlm\/encuentro-regional-comahue-de-mujeres-y-disidencias\/\" rel=\"bookmark\" title=\"Encuentro regional Comahue de mujeres y disidencias\">Encuentro regional Comahue de mujeres y disidencias<\/a><\/h3>\n                <div class=\"td-module-meta-info\">\n                                        <span class=\"td-post-author-name\"><a href=\"https:\/\/vamosporlaliberacion.org\/crpmlm\/author\/\"><\/a> <span>-<\/span> <\/span>                    <span class=\"td-post-date\"><time class=\"entry-date updated td-module-date\" datetime=\"2019-06-04T23:22:02-03:00\" >4 junio, 2019<\/time><\/span>                    <span class=\"td-module-comments\"><a href=\"https:\/\/vamosporlaliberacion.org\/crpmlm\/encuentro-regional-comahue-de-mujeres-y-disidencias\/#respond\">0<\/a><\/span>                <\/div>\n\n                <div class=\"td-excerpt\">\n                    Se realiz\u00f3 el 4 de mayo en Catriel, ciudad situada en el extremo norte de la provincia de R\u00edo Negro conocida como la \u201cCapital...                <\/div>\n            <\/div>\n\n        <\/div>\n\n        \n        <div class=\"td_module_16 td_module_wrap td-animation-stack\">\n            <div class=\"td-module-thumb\"><a href=\"https:\/\/vamosporlaliberacion.org\/crpmlm\/juicio-a-ginecologo-antiderechos-de-cipolletti-2\/\" rel=\"bookmark\" class=\"td-image-wrap \" title=\"Juicio a ginec\u00f3logo antiderechos de Cipolletti\" ><img loading=\"lazy\" decoding=\"async\" class=\"entry-thumb\" src=\"\" alt=\"\" title=\"Juicio a ginec\u00f3logo antiderechos de Cipolletti\" data-type=\"image_tag\" data-img-url=\"https:\/\/i0.wp.com\/vamosporlaliberacion.org\/crpmlm\/wp-content\/uploads\/2019\/05\/Juicio-a-RL.jpeg?resize=150%2C150&ssl=1\"  width=\"150\" height=\"150\" \/><\/a><\/div>\n            <div class=\"item-details\">\n                <h3 class=\"entry-title td-module-title\"><a href=\"https:\/\/vamosporlaliberacion.org\/crpmlm\/juicio-a-ginecologo-antiderechos-de-cipolletti-2\/\" rel=\"bookmark\" title=\"Juicio a ginec\u00f3logo antiderechos de Cipolletti\">Juicio a ginec\u00f3logo antiderechos de Cipolletti<\/a><\/h3>\n                <div class=\"td-module-meta-info\">\n                                        <span class=\"td-post-author-name\"><a href=\"https:\/\/vamosporlaliberacion.org\/crpmlm\/author\/\"><\/a> <span>-<\/span> <\/span>                    <span class=\"td-post-date\"><time class=\"entry-date updated td-module-date\" datetime=\"2019-06-04T23:16:45-03:00\" >4 junio, 2019<\/time><\/span>                    <span class=\"td-module-comments\"><a href=\"https:\/\/vamosporlaliberacion.org\/crpmlm\/juicio-a-ginecologo-antiderechos-de-cipolletti-2\/#respond\">0<\/a><\/span>                <\/div>\n\n                <div class=\"td-excerpt\">\n                    Durante la semana del 13 de mayo se realiz\u00f3 el juicio al ginec\u00f3logo Leandro Rodr\u00edguez Lastra, por negar el derecho a la Interrupci\u00f3n Legal...                <\/div>\n            <\/div>\n\n        <\/div>\n\n        \n        <div class=\"td_module_16 td_module_wrap td-animation-stack\">\n            <div class=\"td-module-thumb\"><a href=\"https:\/\/vamosporlaliberacion.org\/crpmlm\/cedio-larreta-para-evitar-conflicto-con-metrodelegados\/\" rel=\"bookmark\" class=\"td-image-wrap \" title=\"Cedi\u00f3 Larreta para evitar conflicto con metrodelegados\" ><img decoding=\"async\" class=\"entry-thumb\" src=\"\"alt=\"\" data-type=\"image_tag\" data-img-url=\"https:\/\/vamosporlaliberacion.org\/crpmlm\/wp-content\/plugins\/td-composer\/legacy\/Newspaper\/assets\/images\/no-thumb\/thumbnail.png\"  width=\"\" height=\"\" \/><\/a><\/div>\n            <div class=\"item-details\">\n                <h3 class=\"entry-title td-module-title\"><a href=\"https:\/\/vamosporlaliberacion.org\/crpmlm\/cedio-larreta-para-evitar-conflicto-con-metrodelegados\/\" rel=\"bookmark\" title=\"Cedi\u00f3 Larreta para evitar conflicto con metrodelegados\">Cedi\u00f3 Larreta para evitar conflicto con metrodelegados<\/a><\/h3>\n                <div class=\"td-module-meta-info\">\n                                        <span class=\"td-post-author-name\"><a href=\"https:\/\/vamosporlaliberacion.org\/crpmlm\/author\/\"><\/a> <span>-<\/span> <\/span>                    <span class=\"td-post-date\"><time class=\"entry-date updated td-module-date\" datetime=\"2019-06-04T23:11:39-03:00\" >4 junio, 2019<\/time><\/span>                    <span class=\"td-module-comments\"><a href=\"https:\/\/vamosporlaliberacion.org\/crpmlm\/cedio-larreta-para-evitar-conflicto-con-metrodelegados\/#respond\">0<\/a><\/span>                <\/div>\n\n                <div class=\"td-excerpt\">\n                    El pasado mes de abril se firm\u00f3 el acta paritaria del subte. Los metrodelegados enrolados en AGTSyP consiguieron para todos los trabajadores un reajuste...                <\/div>\n            <\/div>\n\n        <\/div>\n\n        \n        <div class=\"td_module_16 td_module_wrap td-animation-stack\">\n            <div class=\"td-module-thumb\"><a href=\"https:\/\/vamosporlaliberacion.org\/crpmlm\/estatales-ultra-ajustados\/\" rel=\"bookmark\" class=\"td-image-wrap \" title=\"Estatales ultra ajustados\" ><img decoding=\"async\" class=\"entry-thumb\" src=\"\"alt=\"\" data-type=\"image_tag\" data-img-url=\"https:\/\/vamosporlaliberacion.org\/crpmlm\/wp-content\/plugins\/td-composer\/legacy\/Newspaper\/assets\/images\/no-thumb\/thumbnail.png\"  width=\"\" height=\"\" \/><\/a><\/div>\n            <div class=\"item-details\">\n                <h3 class=\"entry-title td-module-title\"><a href=\"https:\/\/vamosporlaliberacion.org\/crpmlm\/estatales-ultra-ajustados\/\" rel=\"bookmark\" title=\"Estatales ultra ajustados\">Estatales ultra ajustados<\/a><\/h3>\n                <div class=\"td-module-meta-info\">\n                                        <span class=\"td-post-author-name\"><a href=\"https:\/\/vamosporlaliberacion.org\/crpmlm\/author\/\"><\/a> <span>-<\/span> <\/span>                    <span class=\"td-post-date\"><time class=\"entry-date updated td-module-date\" datetime=\"2019-06-03T23:35:02-03:00\" >3 junio, 2019<\/time><\/span>                    <span class=\"td-module-comments\"><a href=\"https:\/\/vamosporlaliberacion.org\/crpmlm\/estatales-ultra-ajustados\/#respond\">0<\/a><\/span>                <\/div>\n\n                <div class=\"td-excerpt\">\n                    La paritaria del sector p\u00fablico est\u00e1 a un paso de cerrarse en manos del gobierno nacional y la lapicera c\u00f3mplice de Andr\u00e9s Rodr\u00edguez de...                <\/div>\n            <\/div>\n\n        <\/div>\n\n        \n        <div class=\"td_module_16 td_module_wrap td-animation-stack\">\n            <div class=\"td-module-thumb\"><a href=\"https:\/\/vamosporlaliberacion.org\/crpmlm\/solidaridad-con-los-trabajadores-de-pagina12\/\" rel=\"bookmark\" class=\"td-image-wrap \" title=\"Solidaridad con los trabajadores de P\u00e1gina\/12\" ><img loading=\"lazy\" decoding=\"async\" class=\"entry-thumb\" src=\"\" alt=\"\" title=\"Solidaridad con los trabajadores de P\u00e1gina\/12\" data-type=\"image_tag\" data-img-url=\"https:\/\/i0.wp.com\/vamosporlaliberacion.org\/crpmlm\/wp-content\/uploads\/2019\/05\/P12-paro.jpg?resize=150%2C150&ssl=1\"  width=\"150\" height=\"150\" \/><\/a><\/div>\n            <div class=\"item-details\">\n                <h3 class=\"entry-title td-module-title\"><a href=\"https:\/\/vamosporlaliberacion.org\/crpmlm\/solidaridad-con-los-trabajadores-de-pagina12\/\" rel=\"bookmark\" title=\"Solidaridad con los trabajadores de P\u00e1gina\/12\">Solidaridad con los trabajadores de P\u00e1gina\/12<\/a><\/h3>\n                <div class=\"td-module-meta-info\">\n                                        <span class=\"td-post-author-name\"><a href=\"https:\/\/vamosporlaliberacion.org\/crpmlm\/author\/\"><\/a> <span>-<\/span> <\/span>                    <span class=\"td-post-date\"><time class=\"entry-date updated td-module-date\" datetime=\"2019-06-03T23:29:24-03:00\" >3 junio, 2019<\/time><\/span>                    <span class=\"td-module-comments\"><a href=\"https:\/\/vamosporlaliberacion.org\/crpmlm\/solidaridad-con-los-trabajadores-de-pagina12\/#respond\">0<\/a><\/span>                <\/div>\n\n                <div class=\"td-excerpt\">\n                    Respaldamos la lucha de los trabajadores de P\u00e1gina\/12 exigiendo el cumplimiento de la paritaria y el convenio colectivo frente al incumplimiento patronal en ese...                <\/div>\n            <\/div>\n\n        <\/div>\n\n        <\/div><\/div> <!-- .\/block --><div class=\"td_block_wrap td_block_21 tdi_26_cca td-pb-border-top td_block_template_1 td-column-2\"  data-td-block-uid=\"tdi_26_cca\" >\n<style>\n.td_block_template_2.widget > ul > li,\n            .td_block_template_6.widget > ul > li,\n            .td_block_template_8.widget > ul > li,\n            .td_block_template_9.widget > ul > li,\n            .td_block_template_10.widget > ul > li,\n            .td_block_template_11.widget > ul > li,\n            .td_block_template_12.widget > ul > li,\n            .td_block_template_13.widget > ul > li,\n            .td_block_template_14.widget > ul > li,\n            .td_block_template_15.widget > ul > li,\n            .td_block_template_16.widget > ul > li,\n            .td_block_template_17.widget > ul > li {\n                margin-left: 0 !important;\n            }\n            .global-block-template-12 .td-comments-title span,\n            .global-block-template-13 .td-comments-title span {\n                margin-left: 0 !important;\n                font-size: 20px;\n            }\n            @media (max-width: 767px) {\n                .global-block-template-12 .td-comments-title span,\n                .global-block-template-13 .td-comments-title span {\n                    font-size: 15px;\n                }\n            }\n            .td-block-title-wrap .td-wrapper-pulldown-filter {\n                font-family: 'Roboto', sans-serif;\n                position: absolute;\n                bottom: 0;\n                right: 0;\n                top: 0;\n                margin: auto 0;\n                z-index: 2;\n                background-color: #fff;\n                font-size: 13px;\n                line-height: 1;\n                color: #777;\n                text-align: right;\n            }\n            .td-block-title-wrap .td-wrapper-pulldown-filter .td-pulldown-filter-display-option {\n                cursor: pointer;\n                white-space: nowrap;\n                position: relative;\n                line-height: 29px;\n            }\n            .td-block-title-wrap .td-wrapper-pulldown-filter .td-pulldown-filter-display-option i {\n                font-size: 9px;\n                color: #777;\n                margin-left: 20px;\n                margin-right: 10px;\n            }\n            .td-block-title-wrap .td-wrapper-pulldown-filter .td-pulldown-filter-display-option i:before {\n                content: '\\e83d';\n            }\n            .td-block-title-wrap .td-wrapper-pulldown-filter .td-pulldown-filter-display-option span {\n                padding-left: 20px;\n                margin-right: -14px;\n            }\n            @media (max-width: 360px) {\n                .td-block-title-wrap .td-wrapper-pulldown-filter .td-pulldown-filter-display-option span {\n                    display: none;\n                }\n            }\n            .td-block-title-wrap .td-wrapper-pulldown-filter .td-pulldown-filter-display-option:hover {\n                color: #4db2ec;\n            }\n            .td-block-title-wrap .td-wrapper-pulldown-filter .td-pulldown-filter-display-option:hover i {\n                color: #4db2ec;\n            }\n            .td-block-title-wrap .td-wrapper-pulldown-filter .td-pulldown-filter-display-option:hover ul {\n                display: block;\n            }\n            .td-block-title-wrap .td-wrapper-pulldown-filter .td-pulldown-filter-list {\n                list-style: none;\n                position: absolute;\n                right: 0;\n                top: 100%;\n                padding: 18px 0;\n                background-color: rgb(255, 255, 255);\n                background-color: rgba(255, 255, 255, 0.95);\n                z-index: 999;\n                border-width: 1px;\n                border-color: #ededed;\n                border-style: solid;\n                display: none;\n                margin: 0;\n            }\n            .td-block-title-wrap .td-wrapper-pulldown-filter .td-pulldown-filter-item {\n                list-style: none;\n                margin: 0;\n            }\n            .td-block-title-wrap .td-wrapper-pulldown-filter .td-pulldown-filter-item .td-cur-simple-item {\n                color: #4db2ec;\n            }\n            .td-block-title-wrap .td-wrapper-pulldown-filter .td-pulldown-more {\n                padding-bottom: 10px;\n            }\n            .td-block-title-wrap .td-wrapper-pulldown-filter .td-pulldown-more:before {\n                content: '';\n                width: 70px;\n                height: 100%;\n                position: absolute;\n                margin-top: 2px;\n                top: 0;\n                right: 0;\n                z-index: 1;\n                opacity: 0;\n            }\n            .td-block-title-wrap .td-wrapper-pulldown-filter .td-pulldown-filter-link {\n                color: #777;\n                white-space: nowrap;\n                display: block;\n                line-height: 26px;\n                padding-left: 36px;\n                padding-right: 27px;\n            }\n            .td-block-title-wrap .td-wrapper-pulldown-filter .td-pulldown-filter-link:hover {\n                color: #4db2ec;\n            }\n            @media (min-width: 768px) and (max-width: 1018px) {\n                .td-pb-span4 .td-block-title-wrap .td-wrapper-pulldown-filter .td-pulldown-filter-display-option span {\n                    display: none;\n                }\n                .td-pb-span4 .td-block-title-wrap .td-wrapper-pulldown-filter .td-pulldown-filter-link {\n                    padding-left: 24px;\n                    padding-right: 20px !important;\n                }\n            }\n            @-moz-document url-prefix() {\n                .td-pulldown-syle-default .td-subcat-more,\n                .td-pulldown-syle-default .td-subcat-list {\n                    position: relative;\n                    top: -1px;\n                }\n            }\n            .td-pulldown-syle-2 {\n                top: 0;\n            }\n            .td-pulldown-syle-2 .td-subcat-dropdown ul {\n                padding: 20px 0;\n                margin-top: 0;\n            }\n            .td-pulldown-syle-2 .td-subcat-dropdown ul:after {\n                content: '';\n                position: absolute;\n                width: calc(100% + 2px);\n                height: 3px;\n                top: 0;\n                left: -1px;\n                background-color: #4db2ec;\n            }\n            .td-pulldown-syle-2 .td-subcat-dropdown a {\n                padding-left: 40px;\n                padding-right: 31px;\n            }\n            .td-pulldown-syle-2 .td-subcat-dropdown:hover .td-subcat-more {\n                background-color: transparent !important;\n            }\n            .td-pulldown-syle-2 .td-subcat-dropdown:hover .td-subcat-more span,\n            .td-pulldown-syle-2 .td-subcat-dropdown:hover .td-subcat-more i {\n                color: #4db2ec;\n            }\n            .td-pulldown-syle-2 .td-subcat-dropdown .td-subcat-more {\n                margin-left: 9px;\n                margin-bottom: 8px; \/\/ this align the dropdown list\n            }\n            .td-pulldown-syle-2 .td-subcat-list .td-subcat-item {\n                margin-left: 24px;\n            }\n            .td-pulldown-syle-3 {\n                top: 0;\n            }\n            .td-pulldown-syle-3 .td-subcat-dropdown ul {\n                padding: 15px 0;\n                margin-top: -1px;\n                border-width: 1px;\n            }\n            .td-pulldown-syle-3 .td-subcat-dropdown a {\n                padding-left: 40px;\n                padding-right: 31px;\n            }\n            .td-pulldown-syle-3 .td-subcat-dropdown &:hover .td-subcat-more {\n                background-color: transparent !important;\n            }\n            .td-pulldown-syle-3 .td-subcat-dropdown &:hover .td-subcat-more span,\n            .td-pulldown-syle-3 .td-subcat-dropdown &:hover .td-subcat-more i {\n                color: #4db2ec;\n            }\n            .td-pulldown-syle-3 .td-subcat-dropdown .td-subcat-more {\n                margin-left: 9px;\n                margin-bottom: 8px; \/\/ this align the dropdown list\n            }\n            .td-pulldown-syle-3 .td-subcat-list .td-subcat-item {\n                margin-left: 24px;\n            }\n            \n            \n\n            \n            .td-theme-wrap .tdi_26_cca .td-pulldown-filter-link:hover,\n            .td-theme-wrap .tdi_26_cca .td-subcat-item a:hover,\n            .td-theme-wrap .tdi_26_cca .td-subcat-item .td-cur-simple-item {\n                color: #dd3333;\n            }\n\n            .td-theme-wrap .tdi_26_cca .block-title > *,\n            .td-theme-wrap .tdi_26_cca .td-subcat-dropdown:hover .td-subcat-more {\n                background-color: #dd3333;\n            }\n            .td-theme-wrap .td-footer-wrapper .tdi_26_cca .block-title > * {\n                padding: 6px 7px 5px;\n                line-height: 1;\n            }\n\n            .td-theme-wrap .tdi_26_cca .block-title {\n                border-color: #dd3333;\n            }\n\n            \n            .td-theme-wrap .tdi_26_cca .td_module_wrap:hover .entry-title a,\n            .td-theme-wrap .tdi_26_cca .td_quote_on_blocks,\n            .td-theme-wrap .tdi_26_cca .td-opacity-cat .td-post-category:hover,\n            .td-theme-wrap .tdi_26_cca .td-opacity-read .td-read-more a:hover,\n            .td-theme-wrap .tdi_26_cca .td-opacity-author .td-post-author-name a:hover,\n            .td-theme-wrap .tdi_26_cca .td-instagram-user a {\n                color: #dd3333;\n            }\n\n            .td-theme-wrap .tdi_26_cca .td-next-prev-wrap a:hover,\n            .td-theme-wrap .tdi_26_cca .td-load-more-wrap a:hover {\n                background-color: #dd3333;\n                border-color: #dd3333;\n            }\n\n            .td-theme-wrap .tdi_26_cca .td-read-more a,\n            .td-theme-wrap .tdi_26_cca .td-weather-information:before,\n            .td-theme-wrap .tdi_26_cca .td-weather-week:before,\n            .td-theme-wrap .tdi_26_cca .td-exchange-header:before,\n            .td-theme-wrap .td-footer-wrapper .tdi_26_cca .td-post-category,\n            .td-theme-wrap .tdi_26_cca .td-post-category:hover {\n                background-color: #dd3333;\n            }\n<\/style><script>var block_tdi_26_cca = new tdBlock();\nblock_tdi_26_cca.id = \"tdi_26_cca\";\nblock_tdi_26_cca.atts = '{\"custom_title\":\"Mujeres\",\"header_color\":\"#dd3333\",\"category_id\":\"9\",\"tag_slug\":\"vxl 141\",\"limit\":\"10\",\"td_filter_default_txt\":\"Todo\",\"block_type\":\"td_block_21\",\"separator\":\"\",\"custom_url\":\"\",\"block_template_id\":\"\",\"m16_tl\":\"\",\"m16_el\":\"\",\"post_ids\":\"\",\"category_ids\":\"\",\"autors_id\":\"\",\"installed_post_types\":\"\",\"sort\":\"\",\"offset\":\"\",\"show_modified_date\":\"\",\"el_class\":\"\",\"td_ajax_filter_type\":\"\",\"td_ajax_filter_ids\":\"\",\"td_ajax_preloading\":\"\",\"f_header_font_header\":\"\",\"f_header_font_title\":\"Block header\",\"f_header_font_settings\":\"\",\"f_header_font_family\":\"\",\"f_header_font_size\":\"\",\"f_header_font_line_height\":\"\",\"f_header_font_style\":\"\",\"f_header_font_weight\":\"\",\"f_header_font_transform\":\"\",\"f_header_font_spacing\":\"\",\"f_header_\":\"\",\"f_ajax_font_title\":\"Ajax categories\",\"f_ajax_font_settings\":\"\",\"f_ajax_font_family\":\"\",\"f_ajax_font_size\":\"\",\"f_ajax_font_line_height\":\"\",\"f_ajax_font_style\":\"\",\"f_ajax_font_weight\":\"\",\"f_ajax_font_transform\":\"\",\"f_ajax_font_spacing\":\"\",\"f_ajax_\":\"\",\"f_more_font_title\":\"Load more button\",\"f_more_font_settings\":\"\",\"f_more_font_family\":\"\",\"f_more_font_size\":\"\",\"f_more_font_line_height\":\"\",\"f_more_font_style\":\"\",\"f_more_font_weight\":\"\",\"f_more_font_transform\":\"\",\"f_more_font_spacing\":\"\",\"f_more_\":\"\",\"m16f_title_font_header\":\"\",\"m16f_title_font_title\":\"Article title\",\"m16f_title_font_settings\":\"\",\"m16f_title_font_family\":\"\",\"m16f_title_font_size\":\"\",\"m16f_title_font_line_height\":\"\",\"m16f_title_font_style\":\"\",\"m16f_title_font_weight\":\"\",\"m16f_title_font_transform\":\"\",\"m16f_title_font_spacing\":\"\",\"m16f_title_\":\"\",\"m16f_cat_font_title\":\"Article category tag\",\"m16f_cat_font_settings\":\"\",\"m16f_cat_font_family\":\"\",\"m16f_cat_font_size\":\"\",\"m16f_cat_font_line_height\":\"\",\"m16f_cat_font_style\":\"\",\"m16f_cat_font_weight\":\"\",\"m16f_cat_font_transform\":\"\",\"m16f_cat_font_spacing\":\"\",\"m16f_cat_\":\"\",\"m16f_meta_font_title\":\"Article meta info\",\"m16f_meta_font_settings\":\"\",\"m16f_meta_font_family\":\"\",\"m16f_meta_font_size\":\"\",\"m16f_meta_font_line_height\":\"\",\"m16f_meta_font_style\":\"\",\"m16f_meta_font_weight\":\"\",\"m16f_meta_font_transform\":\"\",\"m16f_meta_font_spacing\":\"\",\"m16f_meta_\":\"\",\"m16f_ex_font_title\":\"Article excerpt\",\"m16f_ex_font_settings\":\"\",\"m16f_ex_font_family\":\"\",\"m16f_ex_font_size\":\"\",\"m16f_ex_font_line_height\":\"\",\"m16f_ex_font_style\":\"\",\"m16f_ex_font_weight\":\"\",\"m16f_ex_font_transform\":\"\",\"m16f_ex_font_spacing\":\"\",\"m16f_ex_\":\"\",\"ajax_pagination\":\"\",\"ajax_pagination_infinite_stop\":\"\",\"css\":\"\",\"tdc_css\":\"\",\"td_column_number\":2,\"color_preset\":\"\",\"border_top\":\"\",\"class\":\"tdi_26_cca\",\"tdc_css_class\":\"tdi_26_cca\",\"tdc_css_class_style\":\"tdi_26_cca_rand_style\"}';\nblock_tdi_26_cca.td_column_number = \"2\";\nblock_tdi_26_cca.block_type = \"td_block_21\";\nblock_tdi_26_cca.post_count = \"10\";\nblock_tdi_26_cca.found_posts = \"26\";\nblock_tdi_26_cca.header_color = \"#dd3333\";\nblock_tdi_26_cca.ajax_pagination_infinite_stop = \"\";\nblock_tdi_26_cca.max_num_pages = \"3\";\ntdBlocksArray.push(block_tdi_26_cca);\n<\/script><div class=\"td-block-title-wrap\"><h4 class=\"block-title td-block-title\"><span class=\"td-pulldown-size\">Mujeres<\/span><\/h4><\/div><div id=tdi_26_cca class=\"td_block_inner\">\n        <div class=\"td_module_16 td_module_wrap td-animation-stack\">\n            <div class=\"td-module-thumb\"><a href=\"https:\/\/vamosporlaliberacion.org\/crpmlm\/guillermo-gerini-presente\/\" rel=\"bookmark\" class=\"td-image-wrap \" title=\"Guillermo Gerini \u00a1presente!\" ><img loading=\"lazy\" decoding=\"async\" class=\"entry-thumb\" src=\"\" alt=\"\" title=\"Guillermo Gerini \u00a1presente!\" data-type=\"image_tag\" data-img-url=\"https:\/\/i0.wp.com\/vamosporlaliberacion.org\/crpmlm\/wp-content\/uploads\/2019\/05\/22-05-2020-Guillermo-Gerini.png?resize=150%2C150&ssl=1\"  width=\"150\" height=\"150\" \/><\/a><\/div>\n            <div class=\"item-details\">\n                <h3 class=\"entry-title td-module-title\"><a href=\"https:\/\/vamosporlaliberacion.org\/crpmlm\/guillermo-gerini-presente\/\" rel=\"bookmark\" title=\"Guillermo Gerini \u00a1presente!\">Guillermo Gerini \u00a1presente!<\/a><\/h3>\n                <div class=\"td-module-meta-info\">\n                                        <span class=\"td-post-author-name\"><a href=\"https:\/\/vamosporlaliberacion.org\/crpmlm\/author\/\"><\/a> <span>-<\/span> <\/span>                    <span class=\"td-post-date\"><time class=\"entry-date updated td-module-date\" datetime=\"2020-05-22T16:00:00-03:00\" >22 mayo, 2020<\/time><\/span>                    <span class=\"td-module-comments\"><a href=\"https:\/\/vamosporlaliberacion.org\/crpmlm\/guillermo-gerini-presente\/#respond\">0<\/a><\/span>                <\/div>\n\n                <div class=\"td-excerpt\">\n                    Guillermo fue fusilado por la espalda el 22 de mayo de 1975, acribillado en una esquina de Berisso.\n\n\u2018El gordo\u2019 para sus compa\u00f1erxs, encabez\u00f3 la...                <\/div>\n            <\/div>\n\n        <\/div>\n\n        \n        <div class=\"td_module_16 td_module_wrap td-animation-stack\">\n            <div class=\"td-module-thumb\"><a href=\"https:\/\/vamosporlaliberacion.org\/crpmlm\/a-50-anos-del-cordobazo\/\" rel=\"bookmark\" class=\"td-image-wrap \" title=\"A 50 a\u00f1os del Cordobazo\" ><img loading=\"lazy\" decoding=\"async\" class=\"entry-thumb\" src=\"\" alt=\"\" title=\"A 50 a\u00f1os del Cordobazo\" data-type=\"image_tag\" data-img-url=\"https:\/\/i0.wp.com\/vamosporlaliberacion.org\/crpmlm\/wp-content\/uploads\/2019\/05\/Cordobazo-2-grande.jpg?resize=150%2C150&ssl=1\"  width=\"150\" height=\"150\" \/><\/a><\/div>\n            <div class=\"item-details\">\n                <h3 class=\"entry-title td-module-title\"><a href=\"https:\/\/vamosporlaliberacion.org\/crpmlm\/a-50-anos-del-cordobazo\/\" rel=\"bookmark\" title=\"A 50 a\u00f1os del Cordobazo\">A 50 a\u00f1os del Cordobazo<\/a><\/h3>\n                <div class=\"td-module-meta-info\">\n                                        <span class=\"td-post-author-name\"><a href=\"https:\/\/vamosporlaliberacion.org\/crpmlm\/author\/\"><\/a> <span>-<\/span> <\/span>                    <span class=\"td-post-date\"><time class=\"entry-date updated td-module-date\" datetime=\"2019-06-04T23:57:55-03:00\" >4 junio, 2019<\/time><\/span>                    <span class=\"td-module-comments\"><a href=\"https:\/\/vamosporlaliberacion.org\/crpmlm\/a-50-anos-del-cordobazo\/#respond\">0<\/a><\/span>                <\/div>\n\n                <div class=\"td-excerpt\">\n                    Una tensa calma. Cientos de barricadas edificadas con autos prendidos fuego, carteles, elementos de las obras en construcci\u00f3n y lo que aportaban los vecinos,...                <\/div>\n            <\/div>\n\n        <\/div>\n\n        \n        <div class=\"td_module_16 td_module_wrap td-animation-stack\">\n            <div class=\"td-module-thumb\"><a href=\"https:\/\/vamosporlaliberacion.org\/crpmlm\/miles-de-universitarixs-marchamos-contra-el-ajuste\/\" rel=\"bookmark\" class=\"td-image-wrap \" title=\"Miles de universitarixs marchamos contra el ajuste\" ><img loading=\"lazy\" decoding=\"async\" class=\"entry-thumb\" src=\"\" alt=\"\" title=\"Miles de universitarixs marchamos contra el ajuste\" data-type=\"image_tag\" data-img-url=\"https:\/\/i0.wp.com\/vamosporlaliberacion.org\/crpmlm\/wp-content\/uploads\/2019\/05\/Marcha-educativa-16-de-mayo.jpg?resize=150%2C150&ssl=1\"  width=\"150\" height=\"150\" \/><\/a><\/div>\n            <div class=\"item-details\">\n                <h3 class=\"entry-title td-module-title\"><a href=\"https:\/\/vamosporlaliberacion.org\/crpmlm\/miles-de-universitarixs-marchamos-contra-el-ajuste\/\" rel=\"bookmark\" title=\"Miles de universitarixs marchamos contra el ajuste\">Miles de universitarixs marchamos contra el ajuste<\/a><\/h3>\n                <div class=\"td-module-meta-info\">\n                                        <span class=\"td-post-author-name\"><a href=\"https:\/\/vamosporlaliberacion.org\/crpmlm\/author\/\"><\/a> <span>-<\/span> <\/span>                    <span class=\"td-post-date\"><time class=\"entry-date updated td-module-date\" datetime=\"2019-06-04T23:49:49-03:00\" >4 junio, 2019<\/time><\/span>                    <span class=\"td-module-comments\"><a href=\"https:\/\/vamosporlaliberacion.org\/crpmlm\/miles-de-universitarixs-marchamos-contra-el-ajuste\/#respond\">0<\/a><\/span>                <\/div>\n\n                <div class=\"td-excerpt\">\n                    El jueves 16 de mayo, miles de docentes, no docentes, estudiantes y cient\u00edficos nos movilizamos en todo el pa\u00eds. En la Ciudad de Buenos...                <\/div>\n            <\/div>\n\n        <\/div>\n\n        \n        <div class=\"td_module_16 td_module_wrap td-animation-stack\">\n            <div class=\"td-module-thumb\"><a href=\"https:\/\/vamosporlaliberacion.org\/crpmlm\/jose-ber-gelbard\/\" rel=\"bookmark\" class=\"td-image-wrap \" title=\"Jos\u00e9 Ber Gelbard\" ><img decoding=\"async\" class=\"entry-thumb\" src=\"\"alt=\"\" data-type=\"image_tag\" data-img-url=\"https:\/\/vamosporlaliberacion.org\/crpmlm\/wp-content\/plugins\/td-composer\/legacy\/Newspaper\/assets\/images\/no-thumb\/thumbnail.png\"  width=\"\" height=\"\" \/><\/a><\/div>\n            <div class=\"item-details\">\n                <h3 class=\"entry-title td-module-title\"><a href=\"https:\/\/vamosporlaliberacion.org\/crpmlm\/jose-ber-gelbard\/\" rel=\"bookmark\" title=\"Jos\u00e9 Ber Gelbard\">Jos\u00e9 Ber Gelbard<\/a><\/h3>\n                <div class=\"td-module-meta-info\">\n                                        <span class=\"td-post-author-name\"><a href=\"https:\/\/vamosporlaliberacion.org\/crpmlm\/author\/\"><\/a> <span>-<\/span> <\/span>                    <span class=\"td-post-date\"><time class=\"entry-date updated td-module-date\" datetime=\"2019-06-04T23:31:55-03:00\" >4 junio, 2019<\/time><\/span>                    <span class=\"td-module-comments\"><a href=\"https:\/\/vamosporlaliberacion.org\/crpmlm\/jose-ber-gelbard\/#respond\">0<\/a><\/span>                <\/div>\n\n                <div class=\"td-excerpt\">\n                    Cuando Juan Domingo Per\u00f3n asumi\u00f3 su tercera presidencia, \u201cno s\u00f3lo no detenta el poder sino que lidera un gran frente que de fondo no...                <\/div>\n            <\/div>\n\n        <\/div>\n\n        \n        <div class=\"td_module_16 td_module_wrap td-animation-stack\">\n            <div class=\"td-module-thumb\"><a href=\"https:\/\/vamosporlaliberacion.org\/crpmlm\/que-fue-el-pacto-social-de-1973\/\" rel=\"bookmark\" class=\"td-image-wrap \" title=\"\u00bfQu\u00e9 fue el Pacto Social de 1973?\" ><img loading=\"lazy\" decoding=\"async\" class=\"entry-thumb\" src=\"\" alt=\"\" title=\"\u00bfQu\u00e9 fue el Pacto Social de 1973?\" data-type=\"image_tag\" data-img-url=\"https:\/\/i0.wp.com\/vamosporlaliberacion.org\/crpmlm\/wp-content\/uploads\/2019\/05\/Rucci-con-Per%C3%B3n-y-C%C3%A1mpora.jpg?resize=150%2C150&ssl=1\"  width=\"150\" height=\"150\" \/><\/a><\/div>\n            <div class=\"item-details\">\n                <h3 class=\"entry-title td-module-title\"><a href=\"https:\/\/vamosporlaliberacion.org\/crpmlm\/que-fue-el-pacto-social-de-1973\/\" rel=\"bookmark\" title=\"\u00bfQu\u00e9 fue el Pacto Social de 1973?\">\u00bfQu\u00e9 fue el Pacto Social de 1973?<\/a><\/h3>\n                <div class=\"td-module-meta-info\">\n                                        <span class=\"td-post-author-name\"><a href=\"https:\/\/vamosporlaliberacion.org\/crpmlm\/author\/\"><\/a> <span>-<\/span> <\/span>                    <span class=\"td-post-date\"><time class=\"entry-date updated td-module-date\" datetime=\"2019-06-04T23:29:23-03:00\" >4 junio, 2019<\/time><\/span>                    <span class=\"td-module-comments\"><a href=\"https:\/\/vamosporlaliberacion.org\/crpmlm\/que-fue-el-pacto-social-de-1973\/#respond\">0<\/a><\/span>                <\/div>\n\n                <div class=\"td-excerpt\">\n                    El Pacto Social de 1973 vuelve a ser debate luego de la referencia que hizo CFK en su presentaci\u00f3n en la Feria del Libro....                <\/div>\n            <\/div>\n\n        <\/div>\n\n        \n        <div class=\"td_module_16 td_module_wrap td-animation-stack\">\n            <div class=\"td-module-thumb\"><a href=\"https:\/\/vamosporlaliberacion.org\/crpmlm\/encuentro-regional-comahue-de-mujeres-y-disidencias\/\" rel=\"bookmark\" class=\"td-image-wrap \" title=\"Encuentro regional Comahue de mujeres y disidencias\" ><img decoding=\"async\" class=\"entry-thumb\" src=\"\"alt=\"\" data-type=\"image_tag\" data-img-url=\"https:\/\/vamosporlaliberacion.org\/crpmlm\/wp-content\/plugins\/td-composer\/legacy\/Newspaper\/assets\/images\/no-thumb\/thumbnail.png\"  width=\"\" height=\"\" \/><\/a><\/div>\n            <div class=\"item-details\">\n                <h3 class=\"entry-title td-module-title\"><a href=\"https:\/\/vamosporlaliberacion.org\/crpmlm\/encuentro-regional-comahue-de-mujeres-y-disidencias\/\" rel=\"bookmark\" title=\"Encuentro regional Comahue de mujeres y disidencias\">Encuentro regional Comahue de mujeres y disidencias<\/a><\/h3>\n                <div class=\"td-module-meta-info\">\n                                        <span class=\"td-post-author-name\"><a href=\"https:\/\/vamosporlaliberacion.org\/crpmlm\/author\/\"><\/a> <span>-<\/span> <\/span>                    <span class=\"td-post-date\"><time class=\"entry-date updated td-module-date\" datetime=\"2019-06-04T23:22:02-03:00\" >4 junio, 2019<\/time><\/span>                    <span class=\"td-module-comments\"><a href=\"https:\/\/vamosporlaliberacion.org\/crpmlm\/encuentro-regional-comahue-de-mujeres-y-disidencias\/#respond\">0<\/a><\/span>                <\/div>\n\n                <div class=\"td-excerpt\">\n                    Se realiz\u00f3 el 4 de mayo en Catriel, ciudad situada en el extremo norte de la provincia de R\u00edo Negro conocida como la \u201cCapital...                <\/div>\n            <\/div>\n\n        <\/div>\n\n        \n        <div class=\"td_module_16 td_module_wrap td-animation-stack\">\n            <div class=\"td-module-thumb\"><a href=\"https:\/\/vamosporlaliberacion.org\/crpmlm\/juicio-a-ginecologo-antiderechos-de-cipolletti-2\/\" rel=\"bookmark\" class=\"td-image-wrap \" title=\"Juicio a ginec\u00f3logo antiderechos de Cipolletti\" ><img loading=\"lazy\" decoding=\"async\" class=\"entry-thumb\" src=\"\" alt=\"\" title=\"Juicio a ginec\u00f3logo antiderechos de Cipolletti\" data-type=\"image_tag\" data-img-url=\"https:\/\/i0.wp.com\/vamosporlaliberacion.org\/crpmlm\/wp-content\/uploads\/2019\/05\/Juicio-a-RL.jpeg?resize=150%2C150&ssl=1\"  width=\"150\" height=\"150\" \/><\/a><\/div>\n            <div class=\"item-details\">\n                <h3 class=\"entry-title td-module-title\"><a href=\"https:\/\/vamosporlaliberacion.org\/crpmlm\/juicio-a-ginecologo-antiderechos-de-cipolletti-2\/\" rel=\"bookmark\" title=\"Juicio a ginec\u00f3logo antiderechos de Cipolletti\">Juicio a ginec\u00f3logo antiderechos de Cipolletti<\/a><\/h3>\n                <div class=\"td-module-meta-info\">\n                                        <span class=\"td-post-author-name\"><a href=\"https:\/\/vamosporlaliberacion.org\/crpmlm\/author\/\"><\/a> <span>-<\/span> <\/span>                    <span class=\"td-post-date\"><time class=\"entry-date updated td-module-date\" datetime=\"2019-06-04T23:16:45-03:00\" >4 junio, 2019<\/time><\/span>                    <span class=\"td-module-comments\"><a href=\"https:\/\/vamosporlaliberacion.org\/crpmlm\/juicio-a-ginecologo-antiderechos-de-cipolletti-2\/#respond\">0<\/a><\/span>                <\/div>\n\n                <div class=\"td-excerpt\">\n                    Durante la semana del 13 de mayo se realiz\u00f3 el juicio al ginec\u00f3logo Leandro Rodr\u00edguez Lastra, por negar el derecho a la Interrupci\u00f3n Legal...                <\/div>\n            <\/div>\n\n        <\/div>\n\n        \n        <div class=\"td_module_16 td_module_wrap td-animation-stack\">\n            <div class=\"td-module-thumb\"><a href=\"https:\/\/vamosporlaliberacion.org\/crpmlm\/cedio-larreta-para-evitar-conflicto-con-metrodelegados\/\" rel=\"bookmark\" class=\"td-image-wrap \" title=\"Cedi\u00f3 Larreta para evitar conflicto con metrodelegados\" ><img decoding=\"async\" class=\"entry-thumb\" src=\"\"alt=\"\" data-type=\"image_tag\" data-img-url=\"https:\/\/vamosporlaliberacion.org\/crpmlm\/wp-content\/plugins\/td-composer\/legacy\/Newspaper\/assets\/images\/no-thumb\/thumbnail.png\"  width=\"\" height=\"\" \/><\/a><\/div>\n            <div class=\"item-details\">\n                <h3 class=\"entry-title td-module-title\"><a href=\"https:\/\/vamosporlaliberacion.org\/crpmlm\/cedio-larreta-para-evitar-conflicto-con-metrodelegados\/\" rel=\"bookmark\" title=\"Cedi\u00f3 Larreta para evitar conflicto con metrodelegados\">Cedi\u00f3 Larreta para evitar conflicto con metrodelegados<\/a><\/h3>\n                <div class=\"td-module-meta-info\">\n                                        <span class=\"td-post-author-name\"><a href=\"https:\/\/vamosporlaliberacion.org\/crpmlm\/author\/\"><\/a> <span>-<\/span> <\/span>                    <span class=\"td-post-date\"><time class=\"entry-date updated td-module-date\" datetime=\"2019-06-04T23:11:39-03:00\" >4 junio, 2019<\/time><\/span>                    <span class=\"td-module-comments\"><a href=\"https:\/\/vamosporlaliberacion.org\/crpmlm\/cedio-larreta-para-evitar-conflicto-con-metrodelegados\/#respond\">0<\/a><\/span>                <\/div>\n\n                <div class=\"td-excerpt\">\n                    El pasado mes de abril se firm\u00f3 el acta paritaria del subte. Los metrodelegados enrolados en AGTSyP consiguieron para todos los trabajadores un reajuste...                <\/div>\n            <\/div>\n\n        <\/div>\n\n        \n        <div class=\"td_module_16 td_module_wrap td-animation-stack\">\n            <div class=\"td-module-thumb\"><a href=\"https:\/\/vamosporlaliberacion.org\/crpmlm\/estatales-ultra-ajustados\/\" rel=\"bookmark\" class=\"td-image-wrap \" title=\"Estatales ultra ajustados\" ><img decoding=\"async\" class=\"entry-thumb\" src=\"\"alt=\"\" data-type=\"image_tag\" data-img-url=\"https:\/\/vamosporlaliberacion.org\/crpmlm\/wp-content\/plugins\/td-composer\/legacy\/Newspaper\/assets\/images\/no-thumb\/thumbnail.png\"  width=\"\" height=\"\" \/><\/a><\/div>\n            <div class=\"item-details\">\n                <h3 class=\"entry-title td-module-title\"><a href=\"https:\/\/vamosporlaliberacion.org\/crpmlm\/estatales-ultra-ajustados\/\" rel=\"bookmark\" title=\"Estatales ultra ajustados\">Estatales ultra ajustados<\/a><\/h3>\n                <div class=\"td-module-meta-info\">\n                                        <span class=\"td-post-author-name\"><a href=\"https:\/\/vamosporlaliberacion.org\/crpmlm\/author\/\"><\/a> <span>-<\/span> <\/span>                    <span class=\"td-post-date\"><time class=\"entry-date updated td-module-date\" datetime=\"2019-06-03T23:35:02-03:00\" >3 junio, 2019<\/time><\/span>                    <span class=\"td-module-comments\"><a href=\"https:\/\/vamosporlaliberacion.org\/crpmlm\/estatales-ultra-ajustados\/#respond\">0<\/a><\/span>                <\/div>\n\n                <div class=\"td-excerpt\">\n                    La paritaria del sector p\u00fablico est\u00e1 a un paso de cerrarse en manos del gobierno nacional y la lapicera c\u00f3mplice de Andr\u00e9s Rodr\u00edguez de...                <\/div>\n            <\/div>\n\n        <\/div>\n\n        \n        <div class=\"td_module_16 td_module_wrap td-animation-stack\">\n            <div class=\"td-module-thumb\"><a href=\"https:\/\/vamosporlaliberacion.org\/crpmlm\/solidaridad-con-los-trabajadores-de-pagina12\/\" rel=\"bookmark\" class=\"td-image-wrap \" title=\"Solidaridad con los trabajadores de P\u00e1gina\/12\" ><img loading=\"lazy\" decoding=\"async\" class=\"entry-thumb\" src=\"\" alt=\"\" title=\"Solidaridad con los trabajadores de P\u00e1gina\/12\" data-type=\"image_tag\" data-img-url=\"https:\/\/i0.wp.com\/vamosporlaliberacion.org\/crpmlm\/wp-content\/uploads\/2019\/05\/P12-paro.jpg?resize=150%2C150&ssl=1\"  width=\"150\" height=\"150\" \/><\/a><\/div>\n            <div class=\"item-details\">\n                <h3 class=\"entry-title td-module-title\"><a href=\"https:\/\/vamosporlaliberacion.org\/crpmlm\/solidaridad-con-los-trabajadores-de-pagina12\/\" rel=\"bookmark\" title=\"Solidaridad con los trabajadores de P\u00e1gina\/12\">Solidaridad con los trabajadores de P\u00e1gina\/12<\/a><\/h3>\n                <div class=\"td-module-meta-info\">\n                                        <span class=\"td-post-author-name\"><a href=\"https:\/\/vamosporlaliberacion.org\/crpmlm\/author\/\"><\/a> <span>-<\/span> <\/span>                    <span class=\"td-post-date\"><time class=\"entry-date updated td-module-date\" datetime=\"2019-06-03T23:29:24-03:00\" >3 junio, 2019<\/time><\/span>                    <span class=\"td-module-comments\"><a href=\"https:\/\/vamosporlaliberacion.org\/crpmlm\/solidaridad-con-los-trabajadores-de-pagina12\/#respond\">0<\/a><\/span>                <\/div>\n\n                <div class=\"td-excerpt\">\n                    Respaldamos la lucha de los trabajadores de P\u00e1gina\/12 exigiendo el cumplimiento de la paritaria y el convenio colectivo frente al incumplimiento patronal en ese...                <\/div>\n            <\/div>\n\n        <\/div>\n\n        <\/div><\/div> <!-- .\/block --><div class=\"td_block_wrap td_block_21 tdi_27_fcc td-pb-border-top td_block_template_1 td-column-2\"  data-td-block-uid=\"tdi_27_fcc\" >\n<style>\n.td_block_template_2.widget > ul > li,\n            .td_block_template_6.widget > ul > li,\n            .td_block_template_8.widget > ul > li,\n            .td_block_template_9.widget > ul > li,\n            .td_block_template_10.widget > ul > li,\n            .td_block_template_11.widget > ul > li,\n            .td_block_template_12.widget > ul > li,\n            .td_block_template_13.widget > ul > li,\n            .td_block_template_14.widget > ul > li,\n            .td_block_template_15.widget > ul > li,\n            .td_block_template_16.widget > ul > li,\n            .td_block_template_17.widget > ul > li {\n                margin-left: 0 !important;\n            }\n            .global-block-template-12 .td-comments-title span,\n            .global-block-template-13 .td-comments-title span {\n                margin-left: 0 !important;\n                font-size: 20px;\n            }\n            @media (max-width: 767px) {\n                .global-block-template-12 .td-comments-title span,\n                .global-block-template-13 .td-comments-title span {\n                    font-size: 15px;\n                }\n            }\n            .td-block-title-wrap .td-wrapper-pulldown-filter {\n                font-family: 'Roboto', sans-serif;\n                position: absolute;\n                bottom: 0;\n                right: 0;\n                top: 0;\n                margin: auto 0;\n                z-index: 2;\n                background-color: #fff;\n                font-size: 13px;\n                line-height: 1;\n                color: #777;\n                text-align: right;\n            }\n            .td-block-title-wrap .td-wrapper-pulldown-filter .td-pulldown-filter-display-option {\n                cursor: pointer;\n                white-space: nowrap;\n                position: relative;\n                line-height: 29px;\n            }\n            .td-block-title-wrap .td-wrapper-pulldown-filter .td-pulldown-filter-display-option i {\n                font-size: 9px;\n                color: #777;\n                margin-left: 20px;\n                margin-right: 10px;\n            }\n            .td-block-title-wrap .td-wrapper-pulldown-filter .td-pulldown-filter-display-option i:before {\n                content: '\\e83d';\n            }\n            .td-block-title-wrap .td-wrapper-pulldown-filter .td-pulldown-filter-display-option span {\n                padding-left: 20px;\n                margin-right: -14px;\n            }\n            @media (max-width: 360px) {\n                .td-block-title-wrap .td-wrapper-pulldown-filter .td-pulldown-filter-display-option span {\n                    display: none;\n                }\n            }\n            .td-block-title-wrap .td-wrapper-pulldown-filter .td-pulldown-filter-display-option:hover {\n                color: #4db2ec;\n            }\n            .td-block-title-wrap .td-wrapper-pulldown-filter .td-pulldown-filter-display-option:hover i {\n                color: #4db2ec;\n            }\n            .td-block-title-wrap .td-wrapper-pulldown-filter .td-pulldown-filter-display-option:hover ul {\n                display: block;\n            }\n            .td-block-title-wrap .td-wrapper-pulldown-filter .td-pulldown-filter-list {\n                list-style: none;\n                position: absolute;\n                right: 0;\n                top: 100%;\n                padding: 18px 0;\n                background-color: rgb(255, 255, 255);\n                background-color: rgba(255, 255, 255, 0.95);\n                z-index: 999;\n                border-width: 1px;\n                border-color: #ededed;\n                border-style: solid;\n                display: none;\n                margin: 0;\n            }\n            .td-block-title-wrap .td-wrapper-pulldown-filter .td-pulldown-filter-item {\n                list-style: none;\n                margin: 0;\n            }\n            .td-block-title-wrap .td-wrapper-pulldown-filter .td-pulldown-filter-item .td-cur-simple-item {\n                color: #4db2ec;\n            }\n            .td-block-title-wrap .td-wrapper-pulldown-filter .td-pulldown-more {\n                padding-bottom: 10px;\n            }\n            .td-block-title-wrap .td-wrapper-pulldown-filter .td-pulldown-more:before {\n                content: '';\n                width: 70px;\n                height: 100%;\n                position: absolute;\n                margin-top: 2px;\n                top: 0;\n                right: 0;\n                z-index: 1;\n                opacity: 0;\n            }\n            .td-block-title-wrap .td-wrapper-pulldown-filter .td-pulldown-filter-link {\n                color: #777;\n                white-space: nowrap;\n                display: block;\n                line-height: 26px;\n                padding-left: 36px;\n                padding-right: 27px;\n            }\n            .td-block-title-wrap .td-wrapper-pulldown-filter .td-pulldown-filter-link:hover {\n                color: #4db2ec;\n            }\n            @media (min-width: 768px) and (max-width: 1018px) {\n                .td-pb-span4 .td-block-title-wrap .td-wrapper-pulldown-filter .td-pulldown-filter-display-option span {\n                    display: none;\n                }\n                .td-pb-span4 .td-block-title-wrap .td-wrapper-pulldown-filter .td-pulldown-filter-link {\n                    padding-left: 24px;\n                    padding-right: 20px !important;\n                }\n            }\n            @-moz-document url-prefix() {\n                .td-pulldown-syle-default .td-subcat-more,\n                .td-pulldown-syle-default .td-subcat-list {\n                    position: relative;\n                    top: -1px;\n                }\n            }\n            .td-pulldown-syle-2 {\n                top: 0;\n            }\n            .td-pulldown-syle-2 .td-subcat-dropdown ul {\n                padding: 20px 0;\n                margin-top: 0;\n            }\n            .td-pulldown-syle-2 .td-subcat-dropdown ul:after {\n                content: '';\n                position: absolute;\n                width: calc(100% + 2px);\n                height: 3px;\n                top: 0;\n                left: -1px;\n                background-color: #4db2ec;\n            }\n            .td-pulldown-syle-2 .td-subcat-dropdown a {\n                padding-left: 40px;\n                padding-right: 31px;\n            }\n            .td-pulldown-syle-2 .td-subcat-dropdown:hover .td-subcat-more {\n                background-color: transparent !important;\n            }\n            .td-pulldown-syle-2 .td-subcat-dropdown:hover .td-subcat-more span,\n            .td-pulldown-syle-2 .td-subcat-dropdown:hover .td-subcat-more i {\n                color: #4db2ec;\n            }\n            .td-pulldown-syle-2 .td-subcat-dropdown .td-subcat-more {\n                margin-left: 9px;\n                margin-bottom: 8px; \/\/ this align the dropdown list\n            }\n            .td-pulldown-syle-2 .td-subcat-list .td-subcat-item {\n                margin-left: 24px;\n            }\n            .td-pulldown-syle-3 {\n                top: 0;\n            }\n            .td-pulldown-syle-3 .td-subcat-dropdown ul {\n                padding: 15px 0;\n                margin-top: -1px;\n                border-width: 1px;\n            }\n            .td-pulldown-syle-3 .td-subcat-dropdown a {\n                padding-left: 40px;\n                padding-right: 31px;\n            }\n            .td-pulldown-syle-3 .td-subcat-dropdown &:hover .td-subcat-more {\n                background-color: transparent !important;\n            }\n            .td-pulldown-syle-3 .td-subcat-dropdown &:hover .td-subcat-more span,\n            .td-pulldown-syle-3 .td-subcat-dropdown &:hover .td-subcat-more i {\n                color: #4db2ec;\n            }\n            .td-pulldown-syle-3 .td-subcat-dropdown .td-subcat-more {\n                margin-left: 9px;\n                margin-bottom: 8px; \/\/ this align the dropdown list\n            }\n            .td-pulldown-syle-3 .td-subcat-list .td-subcat-item {\n                margin-left: 24px;\n            }\n            \n            \n\n            \n            .td-theme-wrap .tdi_27_fcc .td-pulldown-filter-link:hover,\n            .td-theme-wrap .tdi_27_fcc .td-subcat-item a:hover,\n            .td-theme-wrap .tdi_27_fcc .td-subcat-item .td-cur-simple-item {\n                color: #dd3333;\n            }\n\n            .td-theme-wrap .tdi_27_fcc .block-title > *,\n            .td-theme-wrap .tdi_27_fcc .td-subcat-dropdown:hover .td-subcat-more {\n                background-color: #dd3333;\n            }\n            .td-theme-wrap .td-footer-wrapper .tdi_27_fcc .block-title > * {\n                padding: 6px 7px 5px;\n                line-height: 1;\n            }\n\n            .td-theme-wrap .tdi_27_fcc .block-title {\n                border-color: #dd3333;\n            }\n\n            \n            .td-theme-wrap .tdi_27_fcc .td_module_wrap:hover .entry-title a,\n            .td-theme-wrap .tdi_27_fcc .td_quote_on_blocks,\n            .td-theme-wrap .tdi_27_fcc .td-opacity-cat .td-post-category:hover,\n            .td-theme-wrap .tdi_27_fcc .td-opacity-read .td-read-more a:hover,\n            .td-theme-wrap .tdi_27_fcc .td-opacity-author .td-post-author-name a:hover,\n            .td-theme-wrap .tdi_27_fcc .td-instagram-user a {\n                color: #dd3333;\n            }\n\n            .td-theme-wrap .tdi_27_fcc .td-next-prev-wrap a:hover,\n            .td-theme-wrap .tdi_27_fcc .td-load-more-wrap a:hover {\n                background-color: #dd3333;\n                border-color: #dd3333;\n            }\n\n            .td-theme-wrap .tdi_27_fcc .td-read-more a,\n            .td-theme-wrap .tdi_27_fcc .td-weather-information:before,\n            .td-theme-wrap .tdi_27_fcc .td-weather-week:before,\n            .td-theme-wrap .tdi_27_fcc .td-exchange-header:before,\n            .td-theme-wrap .td-footer-wrapper .tdi_27_fcc .td-post-category,\n            .td-theme-wrap .tdi_27_fcc .td-post-category:hover {\n                background-color: #dd3333;\n            }\n<\/style><script>var block_tdi_27_fcc = new tdBlock();\nblock_tdi_27_fcc.id = \"tdi_27_fcc\";\nblock_tdi_27_fcc.atts = '{\"custom_title\":\"Cultura y Ciencia\",\"header_color\":\"#dd3333\",\"category_id\":\"3\",\"tag_slug\":\"vxl 141\",\"limit\":\"10\",\"td_filter_default_txt\":\"Todo\",\"block_type\":\"td_block_21\",\"separator\":\"\",\"custom_url\":\"\",\"block_template_id\":\"\",\"m16_tl\":\"\",\"m16_el\":\"\",\"post_ids\":\"\",\"category_ids\":\"\",\"autors_id\":\"\",\"installed_post_types\":\"\",\"sort\":\"\",\"offset\":\"\",\"show_modified_date\":\"\",\"el_class\":\"\",\"td_ajax_filter_type\":\"\",\"td_ajax_filter_ids\":\"\",\"td_ajax_preloading\":\"\",\"f_header_font_header\":\"\",\"f_header_font_title\":\"Block header\",\"f_header_font_settings\":\"\",\"f_header_font_family\":\"\",\"f_header_font_size\":\"\",\"f_header_font_line_height\":\"\",\"f_header_font_style\":\"\",\"f_header_font_weight\":\"\",\"f_header_font_transform\":\"\",\"f_header_font_spacing\":\"\",\"f_header_\":\"\",\"f_ajax_font_title\":\"Ajax categories\",\"f_ajax_font_settings\":\"\",\"f_ajax_font_family\":\"\",\"f_ajax_font_size\":\"\",\"f_ajax_font_line_height\":\"\",\"f_ajax_font_style\":\"\",\"f_ajax_font_weight\":\"\",\"f_ajax_font_transform\":\"\",\"f_ajax_font_spacing\":\"\",\"f_ajax_\":\"\",\"f_more_font_title\":\"Load more button\",\"f_more_font_settings\":\"\",\"f_more_font_family\":\"\",\"f_more_font_size\":\"\",\"f_more_font_line_height\":\"\",\"f_more_font_style\":\"\",\"f_more_font_weight\":\"\",\"f_more_font_transform\":\"\",\"f_more_font_spacing\":\"\",\"f_more_\":\"\",\"m16f_title_font_header\":\"\",\"m16f_title_font_title\":\"Article title\",\"m16f_title_font_settings\":\"\",\"m16f_title_font_family\":\"\",\"m16f_title_font_size\":\"\",\"m16f_title_font_line_height\":\"\",\"m16f_title_font_style\":\"\",\"m16f_title_font_weight\":\"\",\"m16f_title_font_transform\":\"\",\"m16f_title_font_spacing\":\"\",\"m16f_title_\":\"\",\"m16f_cat_font_title\":\"Article category tag\",\"m16f_cat_font_settings\":\"\",\"m16f_cat_font_family\":\"\",\"m16f_cat_font_size\":\"\",\"m16f_cat_font_line_height\":\"\",\"m16f_cat_font_style\":\"\",\"m16f_cat_font_weight\":\"\",\"m16f_cat_font_transform\":\"\",\"m16f_cat_font_spacing\":\"\",\"m16f_cat_\":\"\",\"m16f_meta_font_title\":\"Article meta info\",\"m16f_meta_font_settings\":\"\",\"m16f_meta_font_family\":\"\",\"m16f_meta_font_size\":\"\",\"m16f_meta_font_line_height\":\"\",\"m16f_meta_font_style\":\"\",\"m16f_meta_font_weight\":\"\",\"m16f_meta_font_transform\":\"\",\"m16f_meta_font_spacing\":\"\",\"m16f_meta_\":\"\",\"m16f_ex_font_title\":\"Article excerpt\",\"m16f_ex_font_settings\":\"\",\"m16f_ex_font_family\":\"\",\"m16f_ex_font_size\":\"\",\"m16f_ex_font_line_height\":\"\",\"m16f_ex_font_style\":\"\",\"m16f_ex_font_weight\":\"\",\"m16f_ex_font_transform\":\"\",\"m16f_ex_font_spacing\":\"\",\"m16f_ex_\":\"\",\"ajax_pagination\":\"\",\"ajax_pagination_infinite_stop\":\"\",\"css\":\"\",\"tdc_css\":\"\",\"td_column_number\":2,\"color_preset\":\"\",\"border_top\":\"\",\"class\":\"tdi_27_fcc\",\"tdc_css_class\":\"tdi_27_fcc\",\"tdc_css_class_style\":\"tdi_27_fcc_rand_style\"}';\nblock_tdi_27_fcc.td_column_number = \"2\";\nblock_tdi_27_fcc.block_type = \"td_block_21\";\nblock_tdi_27_fcc.post_count = \"10\";\nblock_tdi_27_fcc.found_posts = \"26\";\nblock_tdi_27_fcc.header_color = \"#dd3333\";\nblock_tdi_27_fcc.ajax_pagination_infinite_stop = \"\";\nblock_tdi_27_fcc.max_num_pages = \"3\";\ntdBlocksArray.push(block_tdi_27_fcc);\n<\/script><div class=\"td-block-title-wrap\"><h4 class=\"block-title td-block-title\"><span class=\"td-pulldown-size\">Cultura y Ciencia<\/span><\/h4><\/div><div id=tdi_27_fcc class=\"td_block_inner\">\n        <div class=\"td_module_16 td_module_wrap td-animation-stack\">\n            <div class=\"td-module-thumb\"><a href=\"https:\/\/vamosporlaliberacion.org\/crpmlm\/guillermo-gerini-presente\/\" rel=\"bookmark\" class=\"td-image-wrap \" title=\"Guillermo Gerini \u00a1presente!\" ><img loading=\"lazy\" decoding=\"async\" class=\"entry-thumb\" src=\"\" alt=\"\" title=\"Guillermo Gerini \u00a1presente!\" data-type=\"image_tag\" data-img-url=\"https:\/\/i0.wp.com\/vamosporlaliberacion.org\/crpmlm\/wp-content\/uploads\/2019\/05\/22-05-2020-Guillermo-Gerini.png?resize=150%2C150&ssl=1\"  width=\"150\" height=\"150\" \/><\/a><\/div>\n            <div class=\"item-details\">\n                <h3 class=\"entry-title td-module-title\"><a href=\"https:\/\/vamosporlaliberacion.org\/crpmlm\/guillermo-gerini-presente\/\" rel=\"bookmark\" title=\"Guillermo Gerini \u00a1presente!\">Guillermo Gerini \u00a1presente!<\/a><\/h3>\n                <div class=\"td-module-meta-info\">\n                                        <span class=\"td-post-author-name\"><a href=\"https:\/\/vamosporlaliberacion.org\/crpmlm\/author\/\"><\/a> <span>-<\/span> <\/span>                    <span class=\"td-post-date\"><time class=\"entry-date updated td-module-date\" datetime=\"2020-05-22T16:00:00-03:00\" >22 mayo, 2020<\/time><\/span>                    <span class=\"td-module-comments\"><a href=\"https:\/\/vamosporlaliberacion.org\/crpmlm\/guillermo-gerini-presente\/#respond\">0<\/a><\/span>                <\/div>\n\n                <div class=\"td-excerpt\">\n                    Guillermo fue fusilado por la espalda el 22 de mayo de 1975, acribillado en una esquina de Berisso.\n\n\u2018El gordo\u2019 para sus compa\u00f1erxs, encabez\u00f3 la...                <\/div>\n            <\/div>\n\n        <\/div>\n\n        \n        <div class=\"td_module_16 td_module_wrap td-animation-stack\">\n            <div class=\"td-module-thumb\"><a href=\"https:\/\/vamosporlaliberacion.org\/crpmlm\/a-50-anos-del-cordobazo\/\" rel=\"bookmark\" class=\"td-image-wrap \" title=\"A 50 a\u00f1os del Cordobazo\" ><img loading=\"lazy\" decoding=\"async\" class=\"entry-thumb\" src=\"\" alt=\"\" title=\"A 50 a\u00f1os del Cordobazo\" data-type=\"image_tag\" data-img-url=\"https:\/\/i0.wp.com\/vamosporlaliberacion.org\/crpmlm\/wp-content\/uploads\/2019\/05\/Cordobazo-2-grande.jpg?resize=150%2C150&ssl=1\"  width=\"150\" height=\"150\" \/><\/a><\/div>\n            <div class=\"item-details\">\n                <h3 class=\"entry-title td-module-title\"><a href=\"https:\/\/vamosporlaliberacion.org\/crpmlm\/a-50-anos-del-cordobazo\/\" rel=\"bookmark\" title=\"A 50 a\u00f1os del Cordobazo\">A 50 a\u00f1os del Cordobazo<\/a><\/h3>\n                <div class=\"td-module-meta-info\">\n                                        <span class=\"td-post-author-name\"><a href=\"https:\/\/vamosporlaliberacion.org\/crpmlm\/author\/\"><\/a> <span>-<\/span> <\/span>                    <span class=\"td-post-date\"><time class=\"entry-date updated td-module-date\" datetime=\"2019-06-04T23:57:55-03:00\" >4 junio, 2019<\/time><\/span>                    <span class=\"td-module-comments\"><a href=\"https:\/\/vamosporlaliberacion.org\/crpmlm\/a-50-anos-del-cordobazo\/#respond\">0<\/a><\/span>                <\/div>\n\n                <div class=\"td-excerpt\">\n                    Una tensa calma. Cientos de barricadas edificadas con autos prendidos fuego, carteles, elementos de las obras en construcci\u00f3n y lo que aportaban los vecinos,...                <\/div>\n            <\/div>\n\n        <\/div>\n\n        \n        <div class=\"td_module_16 td_module_wrap td-animation-stack\">\n            <div class=\"td-module-thumb\"><a href=\"https:\/\/vamosporlaliberacion.org\/crpmlm\/miles-de-universitarixs-marchamos-contra-el-ajuste\/\" rel=\"bookmark\" class=\"td-image-wrap \" title=\"Miles de universitarixs marchamos contra el ajuste\" ><img loading=\"lazy\" decoding=\"async\" class=\"entry-thumb\" src=\"\" alt=\"\" title=\"Miles de universitarixs marchamos contra el ajuste\" data-type=\"image_tag\" data-img-url=\"https:\/\/i0.wp.com\/vamosporlaliberacion.org\/crpmlm\/wp-content\/uploads\/2019\/05\/Marcha-educativa-16-de-mayo.jpg?resize=150%2C150&ssl=1\"  width=\"150\" height=\"150\" \/><\/a><\/div>\n            <div class=\"item-details\">\n                <h3 class=\"entry-title td-module-title\"><a href=\"https:\/\/vamosporlaliberacion.org\/crpmlm\/miles-de-universitarixs-marchamos-contra-el-ajuste\/\" rel=\"bookmark\" title=\"Miles de universitarixs marchamos contra el ajuste\">Miles de universitarixs marchamos contra el ajuste<\/a><\/h3>\n                <div class=\"td-module-meta-info\">\n                                        <span class=\"td-post-author-name\"><a href=\"https:\/\/vamosporlaliberacion.org\/crpmlm\/author\/\"><\/a> <span>-<\/span> <\/span>                    <span class=\"td-post-date\"><time class=\"entry-date updated td-module-date\" datetime=\"2019-06-04T23:49:49-03:00\" >4 junio, 2019<\/time><\/span>                    <span class=\"td-module-comments\"><a href=\"https:\/\/vamosporlaliberacion.org\/crpmlm\/miles-de-universitarixs-marchamos-contra-el-ajuste\/#respond\">0<\/a><\/span>                <\/div>\n\n                <div class=\"td-excerpt\">\n                    El jueves 16 de mayo, miles de docentes, no docentes, estudiantes y cient\u00edficos nos movilizamos en todo el pa\u00eds. En la Ciudad de Buenos...                <\/div>\n            <\/div>\n\n        <\/div>\n\n        \n        <div class=\"td_module_16 td_module_wrap td-animation-stack\">\n            <div class=\"td-module-thumb\"><a href=\"https:\/\/vamosporlaliberacion.org\/crpmlm\/jose-ber-gelbard\/\" rel=\"bookmark\" class=\"td-image-wrap \" title=\"Jos\u00e9 Ber Gelbard\" ><img decoding=\"async\" class=\"entry-thumb\" src=\"\"alt=\"\" data-type=\"image_tag\" data-img-url=\"https:\/\/vamosporlaliberacion.org\/crpmlm\/wp-content\/plugins\/td-composer\/legacy\/Newspaper\/assets\/images\/no-thumb\/thumbnail.png\"  width=\"\" height=\"\" \/><\/a><\/div>\n            <div class=\"item-details\">\n                <h3 class=\"entry-title td-module-title\"><a href=\"https:\/\/vamosporlaliberacion.org\/crpmlm\/jose-ber-gelbard\/\" rel=\"bookmark\" title=\"Jos\u00e9 Ber Gelbard\">Jos\u00e9 Ber Gelbard<\/a><\/h3>\n                <div class=\"td-module-meta-info\">\n                                        <span class=\"td-post-author-name\"><a href=\"https:\/\/vamosporlaliberacion.org\/crpmlm\/author\/\"><\/a> <span>-<\/span> <\/span>                    <span class=\"td-post-date\"><time class=\"entry-date updated td-module-date\" datetime=\"2019-06-04T23:31:55-03:00\" >4 junio, 2019<\/time><\/span>                    <span class=\"td-module-comments\"><a href=\"https:\/\/vamosporlaliberacion.org\/crpmlm\/jose-ber-gelbard\/#respond\">0<\/a><\/span>                <\/div>\n\n                <div class=\"td-excerpt\">\n                    Cuando Juan Domingo Per\u00f3n asumi\u00f3 su tercera presidencia, \u201cno s\u00f3lo no detenta el poder sino que lidera un gran frente que de fondo no...                <\/div>\n            <\/div>\n\n        <\/div>\n\n        \n        <div class=\"td_module_16 td_module_wrap td-animation-stack\">\n            <div class=\"td-module-thumb\"><a href=\"https:\/\/vamosporlaliberacion.org\/crpmlm\/que-fue-el-pacto-social-de-1973\/\" rel=\"bookmark\" class=\"td-image-wrap \" title=\"\u00bfQu\u00e9 fue el Pacto Social de 1973?\" ><img loading=\"lazy\" decoding=\"async\" class=\"entry-thumb\" src=\"\" alt=\"\" title=\"\u00bfQu\u00e9 fue el Pacto Social de 1973?\" data-type=\"image_tag\" data-img-url=\"https:\/\/i0.wp.com\/vamosporlaliberacion.org\/crpmlm\/wp-content\/uploads\/2019\/05\/Rucci-con-Per%C3%B3n-y-C%C3%A1mpora.jpg?resize=150%2C150&ssl=1\"  width=\"150\" height=\"150\" \/><\/a><\/div>\n            <div class=\"item-details\">\n                <h3 class=\"entry-title td-module-title\"><a href=\"https:\/\/vamosporlaliberacion.org\/crpmlm\/que-fue-el-pacto-social-de-1973\/\" rel=\"bookmark\" title=\"\u00bfQu\u00e9 fue el Pacto Social de 1973?\">\u00bfQu\u00e9 fue el Pacto Social de 1973?<\/a><\/h3>\n                <div class=\"td-module-meta-info\">\n                                        <span class=\"td-post-author-name\"><a href=\"https:\/\/vamosporlaliberacion.org\/crpmlm\/author\/\"><\/a> <span>-<\/span> <\/span>                    <span class=\"td-post-date\"><time class=\"entry-date updated td-module-date\" datetime=\"2019-06-04T23:29:23-03:00\" >4 junio, 2019<\/time><\/span>                    <span class=\"td-module-comments\"><a href=\"https:\/\/vamosporlaliberacion.org\/crpmlm\/que-fue-el-pacto-social-de-1973\/#respond\">0<\/a><\/span>                <\/div>\n\n                <div class=\"td-excerpt\">\n                    El Pacto Social de 1973 vuelve a ser debate luego de la referencia que hizo CFK en su presentaci\u00f3n en la Feria del Libro....                <\/div>\n            <\/div>\n\n        <\/div>\n\n        \n        <div class=\"td_module_16 td_module_wrap td-animation-stack\">\n            <div class=\"td-module-thumb\"><a href=\"https:\/\/vamosporlaliberacion.org\/crpmlm\/encuentro-regional-comahue-de-mujeres-y-disidencias\/\" rel=\"bookmark\" class=\"td-image-wrap \" title=\"Encuentro regional Comahue de mujeres y disidencias\" ><img decoding=\"async\" class=\"entry-thumb\" src=\"\"alt=\"\" data-type=\"image_tag\" data-img-url=\"https:\/\/vamosporlaliberacion.org\/crpmlm\/wp-content\/plugins\/td-composer\/legacy\/Newspaper\/assets\/images\/no-thumb\/thumbnail.png\"  width=\"\" height=\"\" \/><\/a><\/div>\n            <div class=\"item-details\">\n                <h3 class=\"entry-title td-module-title\"><a href=\"https:\/\/vamosporlaliberacion.org\/crpmlm\/encuentro-regional-comahue-de-mujeres-y-disidencias\/\" rel=\"bookmark\" title=\"Encuentro regional Comahue de mujeres y disidencias\">Encuentro regional Comahue de mujeres y disidencias<\/a><\/h3>\n                <div class=\"td-module-meta-info\">\n                                        <span class=\"td-post-author-name\"><a href=\"https:\/\/vamosporlaliberacion.org\/crpmlm\/author\/\"><\/a> <span>-<\/span> <\/span>                    <span class=\"td-post-date\"><time class=\"entry-date updated td-module-date\" datetime=\"2019-06-04T23:22:02-03:00\" >4 junio, 2019<\/time><\/span>                    <span class=\"td-module-comments\"><a href=\"https:\/\/vamosporlaliberacion.org\/crpmlm\/encuentro-regional-comahue-de-mujeres-y-disidencias\/#respond\">0<\/a><\/span>                <\/div>\n\n                <div class=\"td-excerpt\">\n                    Se realiz\u00f3 el 4 de mayo en Catriel, ciudad situada en el extremo norte de la provincia de R\u00edo Negro conocida como la \u201cCapital...                <\/div>\n            <\/div>\n\n        <\/div>\n\n        \n        <div class=\"td_module_16 td_module_wrap td-animation-stack\">\n            <div class=\"td-module-thumb\"><a href=\"https:\/\/vamosporlaliberacion.org\/crpmlm\/juicio-a-ginecologo-antiderechos-de-cipolletti-2\/\" rel=\"bookmark\" class=\"td-image-wrap \" title=\"Juicio a ginec\u00f3logo antiderechos de Cipolletti\" ><img loading=\"lazy\" decoding=\"async\" class=\"entry-thumb\" src=\"\" alt=\"\" title=\"Juicio a ginec\u00f3logo antiderechos de Cipolletti\" data-type=\"image_tag\" data-img-url=\"https:\/\/i0.wp.com\/vamosporlaliberacion.org\/crpmlm\/wp-content\/uploads\/2019\/05\/Juicio-a-RL.jpeg?resize=150%2C150&ssl=1\"  width=\"150\" height=\"150\" \/><\/a><\/div>\n            <div class=\"item-details\">\n                <h3 class=\"entry-title td-module-title\"><a href=\"https:\/\/vamosporlaliberacion.org\/crpmlm\/juicio-a-ginecologo-antiderechos-de-cipolletti-2\/\" rel=\"bookmark\" title=\"Juicio a ginec\u00f3logo antiderechos de Cipolletti\">Juicio a ginec\u00f3logo antiderechos de Cipolletti<\/a><\/h3>\n                <div class=\"td-module-meta-info\">\n                                        <span class=\"td-post-author-name\"><a href=\"https:\/\/vamosporlaliberacion.org\/crpmlm\/author\/\"><\/a> <span>-<\/span> <\/span>                    <span class=\"td-post-date\"><time class=\"entry-date updated td-module-date\" datetime=\"2019-06-04T23:16:45-03:00\" >4 junio, 2019<\/time><\/span>                    <span class=\"td-module-comments\"><a href=\"https:\/\/vamosporlaliberacion.org\/crpmlm\/juicio-a-ginecologo-antiderechos-de-cipolletti-2\/#respond\">0<\/a><\/span>                <\/div>\n\n                <div class=\"td-excerpt\">\n                    Durante la semana del 13 de mayo se realiz\u00f3 el juicio al ginec\u00f3logo Leandro Rodr\u00edguez Lastra, por negar el derecho a la Interrupci\u00f3n Legal...                <\/div>\n            <\/div>\n\n        <\/div>\n\n        \n        <div class=\"td_module_16 td_module_wrap td-animation-stack\">\n            <div class=\"td-module-thumb\"><a href=\"https:\/\/vamosporlaliberacion.org\/crpmlm\/cedio-larreta-para-evitar-conflicto-con-metrodelegados\/\" rel=\"bookmark\" class=\"td-image-wrap \" title=\"Cedi\u00f3 Larreta para evitar conflicto con metrodelegados\" ><img decoding=\"async\" class=\"entry-thumb\" src=\"\"alt=\"\" data-type=\"image_tag\" data-img-url=\"https:\/\/vamosporlaliberacion.org\/crpmlm\/wp-content\/plugins\/td-composer\/legacy\/Newspaper\/assets\/images\/no-thumb\/thumbnail.png\"  width=\"\" height=\"\" \/><\/a><\/div>\n            <div class=\"item-details\">\n                <h3 class=\"entry-title td-module-title\"><a href=\"https:\/\/vamosporlaliberacion.org\/crpmlm\/cedio-larreta-para-evitar-conflicto-con-metrodelegados\/\" rel=\"bookmark\" title=\"Cedi\u00f3 Larreta para evitar conflicto con metrodelegados\">Cedi\u00f3 Larreta para evitar conflicto con metrodelegados<\/a><\/h3>\n                <div class=\"td-module-meta-info\">\n                                        <span class=\"td-post-author-name\"><a href=\"https:\/\/vamosporlaliberacion.org\/crpmlm\/author\/\"><\/a> <span>-<\/span> <\/span>                    <span class=\"td-post-date\"><time class=\"entry-date updated td-module-date\" datetime=\"2019-06-04T23:11:39-03:00\" >4 junio, 2019<\/time><\/span>                    <span class=\"td-module-comments\"><a href=\"https:\/\/vamosporlaliberacion.org\/crpmlm\/cedio-larreta-para-evitar-conflicto-con-metrodelegados\/#respond\">0<\/a><\/span>                <\/div>\n\n                <div class=\"td-excerpt\">\n                    El pasado mes de abril se firm\u00f3 el acta paritaria del subte. Los metrodelegados enrolados en AGTSyP consiguieron para todos los trabajadores un reajuste...                <\/div>\n            <\/div>\n\n        <\/div>\n\n        \n        <div class=\"td_module_16 td_module_wrap td-animation-stack\">\n            <div class=\"td-module-thumb\"><a href=\"https:\/\/vamosporlaliberacion.org\/crpmlm\/estatales-ultra-ajustados\/\" rel=\"bookmark\" class=\"td-image-wrap \" title=\"Estatales ultra ajustados\" ><img decoding=\"async\" class=\"entry-thumb\" src=\"\"alt=\"\" data-type=\"image_tag\" data-img-url=\"https:\/\/vamosporlaliberacion.org\/crpmlm\/wp-content\/plugins\/td-composer\/legacy\/Newspaper\/assets\/images\/no-thumb\/thumbnail.png\"  width=\"\" height=\"\" \/><\/a><\/div>\n            <div class=\"item-details\">\n                <h3 class=\"entry-title td-module-title\"><a href=\"https:\/\/vamosporlaliberacion.org\/crpmlm\/estatales-ultra-ajustados\/\" rel=\"bookmark\" title=\"Estatales ultra ajustados\">Estatales ultra ajustados<\/a><\/h3>\n                <div class=\"td-module-meta-info\">\n                                        <span class=\"td-post-author-name\"><a href=\"https:\/\/vamosporlaliberacion.org\/crpmlm\/author\/\"><\/a> <span>-<\/span> <\/span>                    <span class=\"td-post-date\"><time class=\"entry-date updated td-module-date\" datetime=\"2019-06-03T23:35:02-03:00\" >3 junio, 2019<\/time><\/span>                    <span class=\"td-module-comments\"><a href=\"https:\/\/vamosporlaliberacion.org\/crpmlm\/estatales-ultra-ajustados\/#respond\">0<\/a><\/span>                <\/div>\n\n                <div class=\"td-excerpt\">\n                    La paritaria del sector p\u00fablico est\u00e1 a un paso de cerrarse en manos del gobierno nacional y la lapicera c\u00f3mplice de Andr\u00e9s Rodr\u00edguez de...                <\/div>\n            <\/div>\n\n        <\/div>\n\n        \n        <div class=\"td_module_16 td_module_wrap td-animation-stack\">\n            <div class=\"td-module-thumb\"><a href=\"https:\/\/vamosporlaliberacion.org\/crpmlm\/solidaridad-con-los-trabajadores-de-pagina12\/\" rel=\"bookmark\" class=\"td-image-wrap \" title=\"Solidaridad con los trabajadores de P\u00e1gina\/12\" ><img loading=\"lazy\" decoding=\"async\" class=\"entry-thumb\" src=\"\" alt=\"\" title=\"Solidaridad con los trabajadores de P\u00e1gina\/12\" data-type=\"image_tag\" data-img-url=\"https:\/\/i0.wp.com\/vamosporlaliberacion.org\/crpmlm\/wp-content\/uploads\/2019\/05\/P12-paro.jpg?resize=150%2C150&ssl=1\"  width=\"150\" height=\"150\" \/><\/a><\/div>\n            <div class=\"item-details\">\n                <h3 class=\"entry-title td-module-title\"><a href=\"https:\/\/vamosporlaliberacion.org\/crpmlm\/solidaridad-con-los-trabajadores-de-pagina12\/\" rel=\"bookmark\" title=\"Solidaridad con los trabajadores de P\u00e1gina\/12\">Solidaridad con los trabajadores de P\u00e1gina\/12<\/a><\/h3>\n                <div class=\"td-module-meta-info\">\n                                        <span class=\"td-post-author-name\"><a href=\"https:\/\/vamosporlaliberacion.org\/crpmlm\/author\/\"><\/a> <span>-<\/span> <\/span>                    <span class=\"td-post-date\"><time class=\"entry-date updated td-module-date\" datetime=\"2019-06-03T23:29:24-03:00\" >3 junio, 2019<\/time><\/span>                    <span class=\"td-module-comments\"><a href=\"https:\/\/vamosporlaliberacion.org\/crpmlm\/solidaridad-con-los-trabajadores-de-pagina12\/#respond\">0<\/a><\/span>                <\/div>\n\n                <div class=\"td-excerpt\">\n                    Respaldamos la lucha de los trabajadores de P\u00e1gina\/12 exigiendo el cumplimiento de la paritaria y el convenio colectivo frente al incumplimiento patronal en ese...                <\/div>\n            <\/div>\n\n        <\/div>\n\n        <\/div><\/div> <!-- .\/block --><div class=\"td_block_wrap td_block_21 tdi_28_2dc td-pb-border-top td_block_template_1 td-column-2\"  data-td-block-uid=\"tdi_28_2dc\" >\n<style>\n.td_block_template_2.widget > ul > li,\n            .td_block_template_6.widget > ul > li,\n            .td_block_template_8.widget > ul > li,\n            .td_block_template_9.widget > ul > li,\n            .td_block_template_10.widget > ul > li,\n            .td_block_template_11.widget > ul > li,\n            .td_block_template_12.widget > ul > li,\n            .td_block_template_13.widget > ul > li,\n            .td_block_template_14.widget > ul > li,\n            .td_block_template_15.widget > ul > li,\n            .td_block_template_16.widget > ul > li,\n            .td_block_template_17.widget > ul > li {\n                margin-left: 0 !important;\n            }\n            .global-block-template-12 .td-comments-title span,\n            .global-block-template-13 .td-comments-title span {\n                margin-left: 0 !important;\n                font-size: 20px;\n            }\n            @media (max-width: 767px) {\n                .global-block-template-12 .td-comments-title span,\n                .global-block-template-13 .td-comments-title span {\n                    font-size: 15px;\n                }\n            }\n            .td-block-title-wrap .td-wrapper-pulldown-filter {\n                font-family: 'Roboto', sans-serif;\n                position: absolute;\n                bottom: 0;\n                right: 0;\n                top: 0;\n                margin: auto 0;\n                z-index: 2;\n                background-color: #fff;\n                font-size: 13px;\n                line-height: 1;\n                color: #777;\n                text-align: right;\n            }\n            .td-block-title-wrap .td-wrapper-pulldown-filter .td-pulldown-filter-display-option {\n                cursor: pointer;\n                white-space: nowrap;\n                position: relative;\n                line-height: 29px;\n            }\n            .td-block-title-wrap .td-wrapper-pulldown-filter .td-pulldown-filter-display-option i {\n                font-size: 9px;\n                color: #777;\n                margin-left: 20px;\n                margin-right: 10px;\n            }\n            .td-block-title-wrap .td-wrapper-pulldown-filter .td-pulldown-filter-display-option i:before {\n                content: '\\e83d';\n            }\n            .td-block-title-wrap .td-wrapper-pulldown-filter .td-pulldown-filter-display-option span {\n                padding-left: 20px;\n                margin-right: -14px;\n            }\n            @media (max-width: 360px) {\n                .td-block-title-wrap .td-wrapper-pulldown-filter .td-pulldown-filter-display-option span {\n                    display: none;\n                }\n            }\n            .td-block-title-wrap .td-wrapper-pulldown-filter .td-pulldown-filter-display-option:hover {\n                color: #4db2ec;\n            }\n            .td-block-title-wrap .td-wrapper-pulldown-filter .td-pulldown-filter-display-option:hover i {\n                color: #4db2ec;\n            }\n            .td-block-title-wrap .td-wrapper-pulldown-filter .td-pulldown-filter-display-option:hover ul {\n                display: block;\n            }\n            .td-block-title-wrap .td-wrapper-pulldown-filter .td-pulldown-filter-list {\n                list-style: none;\n                position: absolute;\n                right: 0;\n                top: 100%;\n                padding: 18px 0;\n                background-color: rgb(255, 255, 255);\n                background-color: rgba(255, 255, 255, 0.95);\n                z-index: 999;\n                border-width: 1px;\n                border-color: #ededed;\n                border-style: solid;\n                display: none;\n                margin: 0;\n            }\n            .td-block-title-wrap .td-wrapper-pulldown-filter .td-pulldown-filter-item {\n                list-style: none;\n                margin: 0;\n            }\n            .td-block-title-wrap .td-wrapper-pulldown-filter .td-pulldown-filter-item .td-cur-simple-item {\n                color: #4db2ec;\n            }\n            .td-block-title-wrap .td-wrapper-pulldown-filter .td-pulldown-more {\n                padding-bottom: 10px;\n            }\n            .td-block-title-wrap .td-wrapper-pulldown-filter .td-pulldown-more:before {\n                content: '';\n                width: 70px;\n                height: 100%;\n                position: absolute;\n                margin-top: 2px;\n                top: 0;\n                right: 0;\n                z-index: 1;\n                opacity: 0;\n            }\n            .td-block-title-wrap .td-wrapper-pulldown-filter .td-pulldown-filter-link {\n                color: #777;\n                white-space: nowrap;\n                display: block;\n                line-height: 26px;\n                padding-left: 36px;\n                padding-right: 27px;\n            }\n            .td-block-title-wrap .td-wrapper-pulldown-filter .td-pulldown-filter-link:hover {\n                color: #4db2ec;\n            }\n            @media (min-width: 768px) and (max-width: 1018px) {\n                .td-pb-span4 .td-block-title-wrap .td-wrapper-pulldown-filter .td-pulldown-filter-display-option span {\n                    display: none;\n                }\n                .td-pb-span4 .td-block-title-wrap .td-wrapper-pulldown-filter .td-pulldown-filter-link {\n                    padding-left: 24px;\n                    padding-right: 20px !important;\n                }\n            }\n            @-moz-document url-prefix() {\n                .td-pulldown-syle-default .td-subcat-more,\n                .td-pulldown-syle-default .td-subcat-list {\n                    position: relative;\n                    top: -1px;\n                }\n            }\n            .td-pulldown-syle-2 {\n                top: 0;\n            }\n            .td-pulldown-syle-2 .td-subcat-dropdown ul {\n                padding: 20px 0;\n                margin-top: 0;\n            }\n            .td-pulldown-syle-2 .td-subcat-dropdown ul:after {\n                content: '';\n                position: absolute;\n                width: calc(100% + 2px);\n                height: 3px;\n                top: 0;\n                left: -1px;\n                background-color: #4db2ec;\n            }\n            .td-pulldown-syle-2 .td-subcat-dropdown a {\n                padding-left: 40px;\n                padding-right: 31px;\n            }\n            .td-pulldown-syle-2 .td-subcat-dropdown:hover .td-subcat-more {\n                background-color: transparent !important;\n            }\n            .td-pulldown-syle-2 .td-subcat-dropdown:hover .td-subcat-more span,\n            .td-pulldown-syle-2 .td-subcat-dropdown:hover .td-subcat-more i {\n                color: #4db2ec;\n            }\n            .td-pulldown-syle-2 .td-subcat-dropdown .td-subcat-more {\n                margin-left: 9px;\n                margin-bottom: 8px; \/\/ this align the dropdown list\n            }\n            .td-pulldown-syle-2 .td-subcat-list .td-subcat-item {\n                margin-left: 24px;\n            }\n            .td-pulldown-syle-3 {\n                top: 0;\n            }\n            .td-pulldown-syle-3 .td-subcat-dropdown ul {\n                padding: 15px 0;\n                margin-top: -1px;\n                border-width: 1px;\n            }\n            .td-pulldown-syle-3 .td-subcat-dropdown a {\n                padding-left: 40px;\n                padding-right: 31px;\n            }\n            .td-pulldown-syle-3 .td-subcat-dropdown &:hover .td-subcat-more {\n                background-color: transparent !important;\n            }\n            .td-pulldown-syle-3 .td-subcat-dropdown &:hover .td-subcat-more span,\n            .td-pulldown-syle-3 .td-subcat-dropdown &:hover .td-subcat-more i {\n                color: #4db2ec;\n            }\n            .td-pulldown-syle-3 .td-subcat-dropdown .td-subcat-more {\n                margin-left: 9px;\n                margin-bottom: 8px; \/\/ this align the dropdown list\n            }\n            .td-pulldown-syle-3 .td-subcat-list .td-subcat-item {\n                margin-left: 24px;\n            }\n            \n            \n\n            \n            .td-theme-wrap .tdi_28_2dc .td-pulldown-filter-link:hover,\n            .td-theme-wrap .tdi_28_2dc .td-subcat-item a:hover,\n            .td-theme-wrap .tdi_28_2dc .td-subcat-item .td-cur-simple-item {\n                color: #dd3333;\n            }\n\n            .td-theme-wrap .tdi_28_2dc .block-title > *,\n            .td-theme-wrap .tdi_28_2dc .td-subcat-dropdown:hover .td-subcat-more {\n                background-color: #dd3333;\n            }\n            .td-theme-wrap .td-footer-wrapper .tdi_28_2dc .block-title > * {\n                padding: 6px 7px 5px;\n                line-height: 1;\n            }\n\n            .td-theme-wrap .tdi_28_2dc .block-title {\n                border-color: #dd3333;\n            }\n\n            \n            .td-theme-wrap .tdi_28_2dc .td_module_wrap:hover .entry-title a,\n            .td-theme-wrap .tdi_28_2dc .td_quote_on_blocks,\n            .td-theme-wrap .tdi_28_2dc .td-opacity-cat .td-post-category:hover,\n            .td-theme-wrap .tdi_28_2dc .td-opacity-read .td-read-more a:hover,\n            .td-theme-wrap .tdi_28_2dc .td-opacity-author .td-post-author-name a:hover,\n            .td-theme-wrap .tdi_28_2dc .td-instagram-user a {\n                color: #dd3333;\n            }\n\n            .td-theme-wrap .tdi_28_2dc .td-next-prev-wrap a:hover,\n            .td-theme-wrap .tdi_28_2dc .td-load-more-wrap a:hover {\n                background-color: #dd3333;\n                border-color: #dd3333;\n            }\n\n            .td-theme-wrap .tdi_28_2dc .td-read-more a,\n            .td-theme-wrap .tdi_28_2dc .td-weather-information:before,\n            .td-theme-wrap .tdi_28_2dc .td-weather-week:before,\n            .td-theme-wrap .tdi_28_2dc .td-exchange-header:before,\n            .td-theme-wrap .td-footer-wrapper .tdi_28_2dc .td-post-category,\n            .td-theme-wrap .tdi_28_2dc .td-post-category:hover {\n                background-color: #dd3333;\n            }\n<\/style><script>var block_tdi_28_2dc = new tdBlock();\nblock_tdi_28_2dc.id = \"tdi_28_2dc\";\nblock_tdi_28_2dc.atts = '{\"custom_title\":\"Social\",\"header_color\":\"#dd3333\",\"category_id\":\"13\",\"tag_slug\":\"vxl 141\",\"limit\":\"10\",\"td_filter_default_txt\":\"Todo\",\"block_type\":\"td_block_21\",\"separator\":\"\",\"custom_url\":\"\",\"block_template_id\":\"\",\"m16_tl\":\"\",\"m16_el\":\"\",\"post_ids\":\"\",\"category_ids\":\"\",\"autors_id\":\"\",\"installed_post_types\":\"\",\"sort\":\"\",\"offset\":\"\",\"show_modified_date\":\"\",\"el_class\":\"\",\"td_ajax_filter_type\":\"\",\"td_ajax_filter_ids\":\"\",\"td_ajax_preloading\":\"\",\"f_header_font_header\":\"\",\"f_header_font_title\":\"Block header\",\"f_header_font_settings\":\"\",\"f_header_font_family\":\"\",\"f_header_font_size\":\"\",\"f_header_font_line_height\":\"\",\"f_header_font_style\":\"\",\"f_header_font_weight\":\"\",\"f_header_font_transform\":\"\",\"f_header_font_spacing\":\"\",\"f_header_\":\"\",\"f_ajax_font_title\":\"Ajax categories\",\"f_ajax_font_settings\":\"\",\"f_ajax_font_family\":\"\",\"f_ajax_font_size\":\"\",\"f_ajax_font_line_height\":\"\",\"f_ajax_font_style\":\"\",\"f_ajax_font_weight\":\"\",\"f_ajax_font_transform\":\"\",\"f_ajax_font_spacing\":\"\",\"f_ajax_\":\"\",\"f_more_font_title\":\"Load more button\",\"f_more_font_settings\":\"\",\"f_more_font_family\":\"\",\"f_more_font_size\":\"\",\"f_more_font_line_height\":\"\",\"f_more_font_style\":\"\",\"f_more_font_weight\":\"\",\"f_more_font_transform\":\"\",\"f_more_font_spacing\":\"\",\"f_more_\":\"\",\"m16f_title_font_header\":\"\",\"m16f_title_font_title\":\"Article title\",\"m16f_title_font_settings\":\"\",\"m16f_title_font_family\":\"\",\"m16f_title_font_size\":\"\",\"m16f_title_font_line_height\":\"\",\"m16f_title_font_style\":\"\",\"m16f_title_font_weight\":\"\",\"m16f_title_font_transform\":\"\",\"m16f_title_font_spacing\":\"\",\"m16f_title_\":\"\",\"m16f_cat_font_title\":\"Article category tag\",\"m16f_cat_font_settings\":\"\",\"m16f_cat_font_family\":\"\",\"m16f_cat_font_size\":\"\",\"m16f_cat_font_line_height\":\"\",\"m16f_cat_font_style\":\"\",\"m16f_cat_font_weight\":\"\",\"m16f_cat_font_transform\":\"\",\"m16f_cat_font_spacing\":\"\",\"m16f_cat_\":\"\",\"m16f_meta_font_title\":\"Article meta info\",\"m16f_meta_font_settings\":\"\",\"m16f_meta_font_family\":\"\",\"m16f_meta_font_size\":\"\",\"m16f_meta_font_line_height\":\"\",\"m16f_meta_font_style\":\"\",\"m16f_meta_font_weight\":\"\",\"m16f_meta_font_transform\":\"\",\"m16f_meta_font_spacing\":\"\",\"m16f_meta_\":\"\",\"m16f_ex_font_title\":\"Article excerpt\",\"m16f_ex_font_settings\":\"\",\"m16f_ex_font_family\":\"\",\"m16f_ex_font_size\":\"\",\"m16f_ex_font_line_height\":\"\",\"m16f_ex_font_style\":\"\",\"m16f_ex_font_weight\":\"\",\"m16f_ex_font_transform\":\"\",\"m16f_ex_font_spacing\":\"\",\"m16f_ex_\":\"\",\"ajax_pagination\":\"\",\"ajax_pagination_infinite_stop\":\"\",\"css\":\"\",\"tdc_css\":\"\",\"td_column_number\":2,\"color_preset\":\"\",\"border_top\":\"\",\"class\":\"tdi_28_2dc\",\"tdc_css_class\":\"tdi_28_2dc\",\"tdc_css_class_style\":\"tdi_28_2dc_rand_style\"}';\nblock_tdi_28_2dc.td_column_number = \"2\";\nblock_tdi_28_2dc.block_type = \"td_block_21\";\nblock_tdi_28_2dc.post_count = \"10\";\nblock_tdi_28_2dc.found_posts = \"26\";\nblock_tdi_28_2dc.header_color = \"#dd3333\";\nblock_tdi_28_2dc.ajax_pagination_infinite_stop = \"\";\nblock_tdi_28_2dc.max_num_pages = \"3\";\ntdBlocksArray.push(block_tdi_28_2dc);\n<\/script><div class=\"td-block-title-wrap\"><h4 class=\"block-title td-block-title\"><span class=\"td-pulldown-size\">Social<\/span><\/h4><\/div><div id=tdi_28_2dc class=\"td_block_inner\">\n        <div class=\"td_module_16 td_module_wrap td-animation-stack\">\n            <div class=\"td-module-thumb\"><a href=\"https:\/\/vamosporlaliberacion.org\/crpmlm\/guillermo-gerini-presente\/\" rel=\"bookmark\" class=\"td-image-wrap \" title=\"Guillermo Gerini \u00a1presente!\" ><img loading=\"lazy\" decoding=\"async\" class=\"entry-thumb\" src=\"\" alt=\"\" title=\"Guillermo Gerini \u00a1presente!\" data-type=\"image_tag\" data-img-url=\"https:\/\/i0.wp.com\/vamosporlaliberacion.org\/crpmlm\/wp-content\/uploads\/2019\/05\/22-05-2020-Guillermo-Gerini.png?resize=150%2C150&ssl=1\"  width=\"150\" height=\"150\" \/><\/a><\/div>\n            <div class=\"item-details\">\n                <h3 class=\"entry-title td-module-title\"><a href=\"https:\/\/vamosporlaliberacion.org\/crpmlm\/guillermo-gerini-presente\/\" rel=\"bookmark\" title=\"Guillermo Gerini \u00a1presente!\">Guillermo Gerini \u00a1presente!<\/a><\/h3>\n                <div class=\"td-module-meta-info\">\n                                        <span class=\"td-post-author-name\"><a href=\"https:\/\/vamosporlaliberacion.org\/crpmlm\/author\/\"><\/a> <span>-<\/span> <\/span>                    <span class=\"td-post-date\"><time class=\"entry-date updated td-module-date\" datetime=\"2020-05-22T16:00:00-03:00\" >22 mayo, 2020<\/time><\/span>                    <span class=\"td-module-comments\"><a href=\"https:\/\/vamosporlaliberacion.org\/crpmlm\/guillermo-gerini-presente\/#respond\">0<\/a><\/span>                <\/div>\n\n                <div class=\"td-excerpt\">\n                    Guillermo fue fusilado por la espalda el 22 de mayo de 1975, acribillado en una esquina de Berisso.\n\n\u2018El gordo\u2019 para sus compa\u00f1erxs, encabez\u00f3 la...                <\/div>\n            <\/div>\n\n        <\/div>\n\n        \n        <div class=\"td_module_16 td_module_wrap td-animation-stack\">\n            <div class=\"td-module-thumb\"><a href=\"https:\/\/vamosporlaliberacion.org\/crpmlm\/a-50-anos-del-cordobazo\/\" rel=\"bookmark\" class=\"td-image-wrap \" title=\"A 50 a\u00f1os del Cordobazo\" ><img loading=\"lazy\" decoding=\"async\" class=\"entry-thumb\" src=\"\" alt=\"\" title=\"A 50 a\u00f1os del Cordobazo\" data-type=\"image_tag\" data-img-url=\"https:\/\/i0.wp.com\/vamosporlaliberacion.org\/crpmlm\/wp-content\/uploads\/2019\/05\/Cordobazo-2-grande.jpg?resize=150%2C150&ssl=1\"  width=\"150\" height=\"150\" \/><\/a><\/div>\n            <div class=\"item-details\">\n                <h3 class=\"entry-title td-module-title\"><a href=\"https:\/\/vamosporlaliberacion.org\/crpmlm\/a-50-anos-del-cordobazo\/\" rel=\"bookmark\" title=\"A 50 a\u00f1os del Cordobazo\">A 50 a\u00f1os del Cordobazo<\/a><\/h3>\n                <div class=\"td-module-meta-info\">\n                                        <span class=\"td-post-author-name\"><a href=\"https:\/\/vamosporlaliberacion.org\/crpmlm\/author\/\"><\/a> <span>-<\/span> <\/span>                    <span class=\"td-post-date\"><time class=\"entry-date updated td-module-date\" datetime=\"2019-06-04T23:57:55-03:00\" >4 junio, 2019<\/time><\/span>                    <span class=\"td-module-comments\"><a href=\"https:\/\/vamosporlaliberacion.org\/crpmlm\/a-50-anos-del-cordobazo\/#respond\">0<\/a><\/span>                <\/div>\n\n                <div class=\"td-excerpt\">\n                    Una tensa calma. Cientos de barricadas edificadas con autos prendidos fuego, carteles, elementos de las obras en construcci\u00f3n y lo que aportaban los vecinos,...                <\/div>\n            <\/div>\n\n        <\/div>\n\n        \n        <div class=\"td_module_16 td_module_wrap td-animation-stack\">\n            <div class=\"td-module-thumb\"><a href=\"https:\/\/vamosporlaliberacion.org\/crpmlm\/miles-de-universitarixs-marchamos-contra-el-ajuste\/\" rel=\"bookmark\" class=\"td-image-wrap \" title=\"Miles de universitarixs marchamos contra el ajuste\" ><img loading=\"lazy\" decoding=\"async\" class=\"entry-thumb\" src=\"\" alt=\"\" title=\"Miles de universitarixs marchamos contra el ajuste\" data-type=\"image_tag\" data-img-url=\"https:\/\/i0.wp.com\/vamosporlaliberacion.org\/crpmlm\/wp-content\/uploads\/2019\/05\/Marcha-educativa-16-de-mayo.jpg?resize=150%2C150&ssl=1\"  width=\"150\" height=\"150\" \/><\/a><\/div>\n            <div class=\"item-details\">\n                <h3 class=\"entry-title td-module-title\"><a href=\"https:\/\/vamosporlaliberacion.org\/crpmlm\/miles-de-universitarixs-marchamos-contra-el-ajuste\/\" rel=\"bookmark\" title=\"Miles de universitarixs marchamos contra el ajuste\">Miles de universitarixs marchamos contra el ajuste<\/a><\/h3>\n                <div class=\"td-module-meta-info\">\n                                        <span class=\"td-post-author-name\"><a href=\"https:\/\/vamosporlaliberacion.org\/crpmlm\/author\/\"><\/a> <span>-<\/span> <\/span>                    <span class=\"td-post-date\"><time class=\"entry-date updated td-module-date\" datetime=\"2019-06-04T23:49:49-03:00\" >4 junio, 2019<\/time><\/span>                    <span class=\"td-module-comments\"><a href=\"https:\/\/vamosporlaliberacion.org\/crpmlm\/miles-de-universitarixs-marchamos-contra-el-ajuste\/#respond\">0<\/a><\/span>                <\/div>\n\n                <div class=\"td-excerpt\">\n                    El jueves 16 de mayo, miles de docentes, no docentes, estudiantes y cient\u00edficos nos movilizamos en todo el pa\u00eds. En la Ciudad de Buenos...                <\/div>\n            <\/div>\n\n        <\/div>\n\n        \n        <div class=\"td_module_16 td_module_wrap td-animation-stack\">\n            <div class=\"td-module-thumb\"><a href=\"https:\/\/vamosporlaliberacion.org\/crpmlm\/jose-ber-gelbard\/\" rel=\"bookmark\" class=\"td-image-wrap \" title=\"Jos\u00e9 Ber Gelbard\" ><img decoding=\"async\" class=\"entry-thumb\" src=\"\"alt=\"\" data-type=\"image_tag\" data-img-url=\"https:\/\/vamosporlaliberacion.org\/crpmlm\/wp-content\/plugins\/td-composer\/legacy\/Newspaper\/assets\/images\/no-thumb\/thumbnail.png\"  width=\"\" height=\"\" \/><\/a><\/div>\n            <div class=\"item-details\">\n                <h3 class=\"entry-title td-module-title\"><a href=\"https:\/\/vamosporlaliberacion.org\/crpmlm\/jose-ber-gelbard\/\" rel=\"bookmark\" title=\"Jos\u00e9 Ber Gelbard\">Jos\u00e9 Ber Gelbard<\/a><\/h3>\n                <div class=\"td-module-meta-info\">\n                                        <span class=\"td-post-author-name\"><a href=\"https:\/\/vamosporlaliberacion.org\/crpmlm\/author\/\"><\/a> <span>-<\/span> <\/span>                    <span class=\"td-post-date\"><time class=\"entry-date updated td-module-date\" datetime=\"2019-06-04T23:31:55-03:00\" >4 junio, 2019<\/time><\/span>                    <span class=\"td-module-comments\"><a href=\"https:\/\/vamosporlaliberacion.org\/crpmlm\/jose-ber-gelbard\/#respond\">0<\/a><\/span>                <\/div>\n\n                <div class=\"td-excerpt\">\n                    Cuando Juan Domingo Per\u00f3n asumi\u00f3 su tercera presidencia, \u201cno s\u00f3lo no detenta el poder sino que lidera un gran frente que de fondo no...                <\/div>\n            <\/div>\n\n        <\/div>\n\n        \n        <div class=\"td_module_16 td_module_wrap td-animation-stack\">\n            <div class=\"td-module-thumb\"><a href=\"https:\/\/vamosporlaliberacion.org\/crpmlm\/que-fue-el-pacto-social-de-1973\/\" rel=\"bookmark\" class=\"td-image-wrap \" title=\"\u00bfQu\u00e9 fue el Pacto Social de 1973?\" ><img loading=\"lazy\" decoding=\"async\" class=\"entry-thumb\" src=\"\" alt=\"\" title=\"\u00bfQu\u00e9 fue el Pacto Social de 1973?\" data-type=\"image_tag\" data-img-url=\"https:\/\/i0.wp.com\/vamosporlaliberacion.org\/crpmlm\/wp-content\/uploads\/2019\/05\/Rucci-con-Per%C3%B3n-y-C%C3%A1mpora.jpg?resize=150%2C150&ssl=1\"  width=\"150\" height=\"150\" \/><\/a><\/div>\n            <div class=\"item-details\">\n                <h3 class=\"entry-title td-module-title\"><a href=\"https:\/\/vamosporlaliberacion.org\/crpmlm\/que-fue-el-pacto-social-de-1973\/\" rel=\"bookmark\" title=\"\u00bfQu\u00e9 fue el Pacto Social de 1973?\">\u00bfQu\u00e9 fue el Pacto Social de 1973?<\/a><\/h3>\n                <div class=\"td-module-meta-info\">\n                                        <span class=\"td-post-author-name\"><a href=\"https:\/\/vamosporlaliberacion.org\/crpmlm\/author\/\"><\/a> <span>-<\/span> <\/span>                    <span class=\"td-post-date\"><time class=\"entry-date updated td-module-date\" datetime=\"2019-06-04T23:29:23-03:00\" >4 junio, 2019<\/time><\/span>                    <span class=\"td-module-comments\"><a href=\"https:\/\/vamosporlaliberacion.org\/crpmlm\/que-fue-el-pacto-social-de-1973\/#respond\">0<\/a><\/span>                <\/div>\n\n                <div class=\"td-excerpt\">\n                    El Pacto Social de 1973 vuelve a ser debate luego de la referencia que hizo CFK en su presentaci\u00f3n en la Feria del Libro....                <\/div>\n            <\/div>\n\n        <\/div>\n\n        \n        <div class=\"td_module_16 td_module_wrap td-animation-stack\">\n            <div class=\"td-module-thumb\"><a href=\"https:\/\/vamosporlaliberacion.org\/crpmlm\/encuentro-regional-comahue-de-mujeres-y-disidencias\/\" rel=\"bookmark\" class=\"td-image-wrap \" title=\"Encuentro regional Comahue de mujeres y disidencias\" ><img decoding=\"async\" class=\"entry-thumb\" src=\"\"alt=\"\" data-type=\"image_tag\" data-img-url=\"https:\/\/vamosporlaliberacion.org\/crpmlm\/wp-content\/plugins\/td-composer\/legacy\/Newspaper\/assets\/images\/no-thumb\/thumbnail.png\"  width=\"\" height=\"\" \/><\/a><\/div>\n            <div class=\"item-details\">\n                <h3 class=\"entry-title td-module-title\"><a href=\"https:\/\/vamosporlaliberacion.org\/crpmlm\/encuentro-regional-comahue-de-mujeres-y-disidencias\/\" rel=\"bookmark\" title=\"Encuentro regional Comahue de mujeres y disidencias\">Encuentro regional Comahue de mujeres y disidencias<\/a><\/h3>\n                <div class=\"td-module-meta-info\">\n                                        <span class=\"td-post-author-name\"><a href=\"https:\/\/vamosporlaliberacion.org\/crpmlm\/author\/\"><\/a> <span>-<\/span> <\/span>                    <span class=\"td-post-date\"><time class=\"entry-date updated td-module-date\" datetime=\"2019-06-04T23:22:02-03:00\" >4 junio, 2019<\/time><\/span>                    <span class=\"td-module-comments\"><a href=\"https:\/\/vamosporlaliberacion.org\/crpmlm\/encuentro-regional-comahue-de-mujeres-y-disidencias\/#respond\">0<\/a><\/span>                <\/div>\n\n                <div class=\"td-excerpt\">\n                    Se realiz\u00f3 el 4 de mayo en Catriel, ciudad situada en el extremo norte de la provincia de R\u00edo Negro conocida como la \u201cCapital...                <\/div>\n            <\/div>\n\n        <\/div>\n\n        \n        <div class=\"td_module_16 td_module_wrap td-animation-stack\">\n            <div class=\"td-module-thumb\"><a href=\"https:\/\/vamosporlaliberacion.org\/crpmlm\/juicio-a-ginecologo-antiderechos-de-cipolletti-2\/\" rel=\"bookmark\" class=\"td-image-wrap \" title=\"Juicio a ginec\u00f3logo antiderechos de Cipolletti\" ><img loading=\"lazy\" decoding=\"async\" class=\"entry-thumb\" src=\"\" alt=\"\" title=\"Juicio a ginec\u00f3logo antiderechos de Cipolletti\" data-type=\"image_tag\" data-img-url=\"https:\/\/i0.wp.com\/vamosporlaliberacion.org\/crpmlm\/wp-content\/uploads\/2019\/05\/Juicio-a-RL.jpeg?resize=150%2C150&ssl=1\"  width=\"150\" height=\"150\" \/><\/a><\/div>\n            <div class=\"item-details\">\n                <h3 class=\"entry-title td-module-title\"><a href=\"https:\/\/vamosporlaliberacion.org\/crpmlm\/juicio-a-ginecologo-antiderechos-de-cipolletti-2\/\" rel=\"bookmark\" title=\"Juicio a ginec\u00f3logo antiderechos de Cipolletti\">Juicio a ginec\u00f3logo antiderechos de Cipolletti<\/a><\/h3>\n                <div class=\"td-module-meta-info\">\n                                        <span class=\"td-post-author-name\"><a href=\"https:\/\/vamosporlaliberacion.org\/crpmlm\/author\/\"><\/a> <span>-<\/span> <\/span>                    <span class=\"td-post-date\"><time class=\"entry-date updated td-module-date\" datetime=\"2019-06-04T23:16:45-03:00\" >4 junio, 2019<\/time><\/span>                    <span class=\"td-module-comments\"><a href=\"https:\/\/vamosporlaliberacion.org\/crpmlm\/juicio-a-ginecologo-antiderechos-de-cipolletti-2\/#respond\">0<\/a><\/span>                <\/div>\n\n                <div class=\"td-excerpt\">\n                    Durante la semana del 13 de mayo se realiz\u00f3 el juicio al ginec\u00f3logo Leandro Rodr\u00edguez Lastra, por negar el derecho a la Interrupci\u00f3n Legal...                <\/div>\n            <\/div>\n\n        <\/div>\n\n        \n        <div class=\"td_module_16 td_module_wrap td-animation-stack\">\n            <div class=\"td-module-thumb\"><a href=\"https:\/\/vamosporlaliberacion.org\/crpmlm\/cedio-larreta-para-evitar-conflicto-con-metrodelegados\/\" rel=\"bookmark\" class=\"td-image-wrap \" title=\"Cedi\u00f3 Larreta para evitar conflicto con metrodelegados\" ><img decoding=\"async\" class=\"entry-thumb\" src=\"\"alt=\"\" data-type=\"image_tag\" data-img-url=\"https:\/\/vamosporlaliberacion.org\/crpmlm\/wp-content\/plugins\/td-composer\/legacy\/Newspaper\/assets\/images\/no-thumb\/thumbnail.png\"  width=\"\" height=\"\" \/><\/a><\/div>\n            <div class=\"item-details\">\n                <h3 class=\"entry-title td-module-title\"><a href=\"https:\/\/vamosporlaliberacion.org\/crpmlm\/cedio-larreta-para-evitar-conflicto-con-metrodelegados\/\" rel=\"bookmark\" title=\"Cedi\u00f3 Larreta para evitar conflicto con metrodelegados\">Cedi\u00f3 Larreta para evitar conflicto con metrodelegados<\/a><\/h3>\n                <div class=\"td-module-meta-info\">\n                                        <span class=\"td-post-author-name\"><a href=\"https:\/\/vamosporlaliberacion.org\/crpmlm\/author\/\"><\/a> <span>-<\/span> <\/span>                    <span class=\"td-post-date\"><time class=\"entry-date updated td-module-date\" datetime=\"2019-06-04T23:11:39-03:00\" >4 junio, 2019<\/time><\/span>                    <span class=\"td-module-comments\"><a href=\"https:\/\/vamosporlaliberacion.org\/crpmlm\/cedio-larreta-para-evitar-conflicto-con-metrodelegados\/#respond\">0<\/a><\/span>                <\/div>\n\n                <div class=\"td-excerpt\">\n                    El pasado mes de abril se firm\u00f3 el acta paritaria del subte. Los metrodelegados enrolados en AGTSyP consiguieron para todos los trabajadores un reajuste...                <\/div>\n            <\/div>\n\n        <\/div>\n\n        \n        <div class=\"td_module_16 td_module_wrap td-animation-stack\">\n            <div class=\"td-module-thumb\"><a href=\"https:\/\/vamosporlaliberacion.org\/crpmlm\/estatales-ultra-ajustados\/\" rel=\"bookmark\" class=\"td-image-wrap \" title=\"Estatales ultra ajustados\" ><img decoding=\"async\" class=\"entry-thumb\" src=\"\"alt=\"\" data-type=\"image_tag\" data-img-url=\"https:\/\/vamosporlaliberacion.org\/crpmlm\/wp-content\/plugins\/td-composer\/legacy\/Newspaper\/assets\/images\/no-thumb\/thumbnail.png\"  width=\"\" height=\"\" \/><\/a><\/div>\n            <div class=\"item-details\">\n                <h3 class=\"entry-title td-module-title\"><a href=\"https:\/\/vamosporlaliberacion.org\/crpmlm\/estatales-ultra-ajustados\/\" rel=\"bookmark\" title=\"Estatales ultra ajustados\">Estatales ultra ajustados<\/a><\/h3>\n                <div class=\"td-module-meta-info\">\n                                        <span class=\"td-post-author-name\"><a href=\"https:\/\/vamosporlaliberacion.org\/crpmlm\/author\/\"><\/a> <span>-<\/span> <\/span>                    <span class=\"td-post-date\"><time class=\"entry-date updated td-module-date\" datetime=\"2019-06-03T23:35:02-03:00\" >3 junio, 2019<\/time><\/span>                    <span class=\"td-module-comments\"><a href=\"https:\/\/vamosporlaliberacion.org\/crpmlm\/estatales-ultra-ajustados\/#respond\">0<\/a><\/span>                <\/div>\n\n                <div class=\"td-excerpt\">\n                    La paritaria del sector p\u00fablico est\u00e1 a un paso de cerrarse en manos del gobierno nacional y la lapicera c\u00f3mplice de Andr\u00e9s Rodr\u00edguez de...                <\/div>\n            <\/div>\n\n        <\/div>\n\n        \n        <div class=\"td_module_16 td_module_wrap td-animation-stack\">\n            <div class=\"td-module-thumb\"><a href=\"https:\/\/vamosporlaliberacion.org\/crpmlm\/solidaridad-con-los-trabajadores-de-pagina12\/\" rel=\"bookmark\" class=\"td-image-wrap \" title=\"Solidaridad con los trabajadores de P\u00e1gina\/12\" ><img loading=\"lazy\" decoding=\"async\" class=\"entry-thumb\" src=\"\" alt=\"\" title=\"Solidaridad con los trabajadores de P\u00e1gina\/12\" data-type=\"image_tag\" data-img-url=\"https:\/\/i0.wp.com\/vamosporlaliberacion.org\/crpmlm\/wp-content\/uploads\/2019\/05\/P12-paro.jpg?resize=150%2C150&ssl=1\"  width=\"150\" height=\"150\" \/><\/a><\/div>\n            <div class=\"item-details\">\n                <h3 class=\"entry-title td-module-title\"><a href=\"https:\/\/vamosporlaliberacion.org\/crpmlm\/solidaridad-con-los-trabajadores-de-pagina12\/\" rel=\"bookmark\" title=\"Solidaridad con los trabajadores de P\u00e1gina\/12\">Solidaridad con los trabajadores de P\u00e1gina\/12<\/a><\/h3>\n                <div class=\"td-module-meta-info\">\n                                        <span class=\"td-post-author-name\"><a href=\"https:\/\/vamosporlaliberacion.org\/crpmlm\/author\/\"><\/a> <span>-<\/span> <\/span>                    <span class=\"td-post-date\"><time class=\"entry-date updated td-module-date\" datetime=\"2019-06-03T23:29:24-03:00\" >3 junio, 2019<\/time><\/span>                    <span class=\"td-module-comments\"><a href=\"https:\/\/vamosporlaliberacion.org\/crpmlm\/solidaridad-con-los-trabajadores-de-pagina12\/#respond\">0<\/a><\/span>                <\/div>\n\n                <div class=\"td-excerpt\">\n                    Respaldamos la lucha de los trabajadores de P\u00e1gina\/12 exigiendo el cumplimiento de la paritaria y el convenio colectivo frente al incumplimiento patronal en ese...                <\/div>\n            <\/div>\n\n        <\/div>\n\n        <\/div><\/div> <!-- .\/block --><div class=\"td_block_wrap td_block_21 tdi_29_bb8 td-pb-border-top td_block_template_1 td-column-2\"  data-td-block-uid=\"tdi_29_bb8\" >\n<style>\n.td_block_template_2.widget > ul > li,\n            .td_block_template_6.widget > ul > li,\n            .td_block_template_8.widget > ul > li,\n            .td_block_template_9.widget > ul > li,\n            .td_block_template_10.widget > ul > li,\n            .td_block_template_11.widget > ul > li,\n            .td_block_template_12.widget > ul > li,\n            .td_block_template_13.widget > ul > li,\n            .td_block_template_14.widget > ul > li,\n            .td_block_template_15.widget > ul > li,\n            .td_block_template_16.widget > ul > li,\n            .td_block_template_17.widget > ul > li {\n                margin-left: 0 !important;\n            }\n            .global-block-template-12 .td-comments-title span,\n            .global-block-template-13 .td-comments-title span {\n                margin-left: 0 !important;\n                font-size: 20px;\n            }\n            @media (max-width: 767px) {\n                .global-block-template-12 .td-comments-title span,\n                .global-block-template-13 .td-comments-title span {\n                    font-size: 15px;\n                }\n            }\n            .td-block-title-wrap .td-wrapper-pulldown-filter {\n                font-family: 'Roboto', sans-serif;\n                position: absolute;\n                bottom: 0;\n                right: 0;\n                top: 0;\n                margin: auto 0;\n                z-index: 2;\n                background-color: #fff;\n                font-size: 13px;\n                line-height: 1;\n                color: #777;\n                text-align: right;\n            }\n            .td-block-title-wrap .td-wrapper-pulldown-filter .td-pulldown-filter-display-option {\n                cursor: pointer;\n                white-space: nowrap;\n                position: relative;\n                line-height: 29px;\n            }\n            .td-block-title-wrap .td-wrapper-pulldown-filter .td-pulldown-filter-display-option i {\n                font-size: 9px;\n                color: #777;\n                margin-left: 20px;\n                margin-right: 10px;\n            }\n            .td-block-title-wrap .td-wrapper-pulldown-filter .td-pulldown-filter-display-option i:before {\n                content: '\\e83d';\n            }\n            .td-block-title-wrap .td-wrapper-pulldown-filter .td-pulldown-filter-display-option span {\n                padding-left: 20px;\n                margin-right: -14px;\n            }\n            @media (max-width: 360px) {\n                .td-block-title-wrap .td-wrapper-pulldown-filter .td-pulldown-filter-display-option span {\n                    display: none;\n                }\n            }\n            .td-block-title-wrap .td-wrapper-pulldown-filter .td-pulldown-filter-display-option:hover {\n                color: #4db2ec;\n            }\n            .td-block-title-wrap .td-wrapper-pulldown-filter .td-pulldown-filter-display-option:hover i {\n                color: #4db2ec;\n            }\n            .td-block-title-wrap .td-wrapper-pulldown-filter .td-pulldown-filter-display-option:hover ul {\n                display: block;\n            }\n            .td-block-title-wrap .td-wrapper-pulldown-filter .td-pulldown-filter-list {\n                list-style: none;\n                position: absolute;\n                right: 0;\n                top: 100%;\n                padding: 18px 0;\n                background-color: rgb(255, 255, 255);\n                background-color: rgba(255, 255, 255, 0.95);\n                z-index: 999;\n                border-width: 1px;\n                border-color: #ededed;\n                border-style: solid;\n                display: none;\n                margin: 0;\n            }\n            .td-block-title-wrap .td-wrapper-pulldown-filter .td-pulldown-filter-item {\n                list-style: none;\n                margin: 0;\n            }\n            .td-block-title-wrap .td-wrapper-pulldown-filter .td-pulldown-filter-item .td-cur-simple-item {\n                color: #4db2ec;\n            }\n            .td-block-title-wrap .td-wrapper-pulldown-filter .td-pulldown-more {\n                padding-bottom: 10px;\n            }\n            .td-block-title-wrap .td-wrapper-pulldown-filter .td-pulldown-more:before {\n                content: '';\n                width: 70px;\n                height: 100%;\n                position: absolute;\n                margin-top: 2px;\n                top: 0;\n                right: 0;\n                z-index: 1;\n                opacity: 0;\n            }\n            .td-block-title-wrap .td-wrapper-pulldown-filter .td-pulldown-filter-link {\n                color: #777;\n                white-space: nowrap;\n                display: block;\n                line-height: 26px;\n                padding-left: 36px;\n                padding-right: 27px;\n            }\n            .td-block-title-wrap .td-wrapper-pulldown-filter .td-pulldown-filter-link:hover {\n                color: #4db2ec;\n            }\n            @media (min-width: 768px) and (max-width: 1018px) {\n                .td-pb-span4 .td-block-title-wrap .td-wrapper-pulldown-filter .td-pulldown-filter-display-option span {\n                    display: none;\n                }\n                .td-pb-span4 .td-block-title-wrap .td-wrapper-pulldown-filter .td-pulldown-filter-link {\n                    padding-left: 24px;\n                    padding-right: 20px !important;\n                }\n            }\n            @-moz-document url-prefix() {\n                .td-pulldown-syle-default .td-subcat-more,\n                .td-pulldown-syle-default .td-subcat-list {\n                    position: relative;\n                    top: -1px;\n                }\n            }\n            .td-pulldown-syle-2 {\n                top: 0;\n            }\n            .td-pulldown-syle-2 .td-subcat-dropdown ul {\n                padding: 20px 0;\n                margin-top: 0;\n            }\n            .td-pulldown-syle-2 .td-subcat-dropdown ul:after {\n                content: '';\n                position: absolute;\n                width: calc(100% + 2px);\n                height: 3px;\n                top: 0;\n                left: -1px;\n                background-color: #4db2ec;\n            }\n            .td-pulldown-syle-2 .td-subcat-dropdown a {\n                padding-left: 40px;\n                padding-right: 31px;\n            }\n            .td-pulldown-syle-2 .td-subcat-dropdown:hover .td-subcat-more {\n                background-color: transparent !important;\n            }\n            .td-pulldown-syle-2 .td-subcat-dropdown:hover .td-subcat-more span,\n            .td-pulldown-syle-2 .td-subcat-dropdown:hover .td-subcat-more i {\n                color: #4db2ec;\n            }\n            .td-pulldown-syle-2 .td-subcat-dropdown .td-subcat-more {\n                margin-left: 9px;\n                margin-bottom: 8px; \/\/ this align the dropdown list\n            }\n            .td-pulldown-syle-2 .td-subcat-list .td-subcat-item {\n                margin-left: 24px;\n            }\n            .td-pulldown-syle-3 {\n                top: 0;\n            }\n            .td-pulldown-syle-3 .td-subcat-dropdown ul {\n                padding: 15px 0;\n                margin-top: -1px;\n                border-width: 1px;\n            }\n            .td-pulldown-syle-3 .td-subcat-dropdown a {\n                padding-left: 40px;\n                padding-right: 31px;\n            }\n            .td-pulldown-syle-3 .td-subcat-dropdown &:hover .td-subcat-more {\n                background-color: transparent !important;\n            }\n            .td-pulldown-syle-3 .td-subcat-dropdown &:hover .td-subcat-more span,\n            .td-pulldown-syle-3 .td-subcat-dropdown &:hover .td-subcat-more i {\n                color: #4db2ec;\n            }\n            .td-pulldown-syle-3 .td-subcat-dropdown .td-subcat-more {\n                margin-left: 9px;\n                margin-bottom: 8px; \/\/ this align the dropdown list\n            }\n            .td-pulldown-syle-3 .td-subcat-list .td-subcat-item {\n                margin-left: 24px;\n            }\n            \n            \n\n            \n            .td-theme-wrap .tdi_29_bb8 .td-pulldown-filter-link:hover,\n            .td-theme-wrap .tdi_29_bb8 .td-subcat-item a:hover,\n            .td-theme-wrap .tdi_29_bb8 .td-subcat-item .td-cur-simple-item {\n                color: #dd3333;\n            }\n\n            .td-theme-wrap .tdi_29_bb8 .block-title > *,\n            .td-theme-wrap .tdi_29_bb8 .td-subcat-dropdown:hover .td-subcat-more {\n                background-color: #dd3333;\n            }\n            .td-theme-wrap .td-footer-wrapper .tdi_29_bb8 .block-title > * {\n                padding: 6px 7px 5px;\n                line-height: 1;\n            }\n\n            .td-theme-wrap .tdi_29_bb8 .block-title {\n                border-color: #dd3333;\n            }\n\n            \n            .td-theme-wrap .tdi_29_bb8 .td_module_wrap:hover .entry-title a,\n            .td-theme-wrap .tdi_29_bb8 .td_quote_on_blocks,\n            .td-theme-wrap .tdi_29_bb8 .td-opacity-cat .td-post-category:hover,\n            .td-theme-wrap .tdi_29_bb8 .td-opacity-read .td-read-more a:hover,\n            .td-theme-wrap .tdi_29_bb8 .td-opacity-author .td-post-author-name a:hover,\n            .td-theme-wrap .tdi_29_bb8 .td-instagram-user a {\n                color: #dd3333;\n            }\n\n            .td-theme-wrap .tdi_29_bb8 .td-next-prev-wrap a:hover,\n            .td-theme-wrap .tdi_29_bb8 .td-load-more-wrap a:hover {\n                background-color: #dd3333;\n                border-color: #dd3333;\n            }\n\n            .td-theme-wrap .tdi_29_bb8 .td-read-more a,\n            .td-theme-wrap .tdi_29_bb8 .td-weather-information:before,\n            .td-theme-wrap .tdi_29_bb8 .td-weather-week:before,\n            .td-theme-wrap .tdi_29_bb8 .td-exchange-header:before,\n            .td-theme-wrap .td-footer-wrapper .tdi_29_bb8 .td-post-category,\n            .td-theme-wrap .tdi_29_bb8 .td-post-category:hover {\n                background-color: #dd3333;\n            }\n<\/style><script>var block_tdi_29_bb8 = new tdBlock();\nblock_tdi_29_bb8.id = \"tdi_29_bb8\";\nblock_tdi_29_bb8.atts = '{\"custom_title\":\"Tierra y H\\u00e1bitat\",\"header_color\":\"#dd3333\",\"category_id\":\"21\",\"tag_slug\":\"vxl 141\",\"limit\":\"10\",\"td_filter_default_txt\":\"Todo\",\"block_type\":\"td_block_21\",\"separator\":\"\",\"custom_url\":\"\",\"block_template_id\":\"\",\"m16_tl\":\"\",\"m16_el\":\"\",\"post_ids\":\"\",\"category_ids\":\"\",\"autors_id\":\"\",\"installed_post_types\":\"\",\"sort\":\"\",\"offset\":\"\",\"show_modified_date\":\"\",\"el_class\":\"\",\"td_ajax_filter_type\":\"\",\"td_ajax_filter_ids\":\"\",\"td_ajax_preloading\":\"\",\"f_header_font_header\":\"\",\"f_header_font_title\":\"Block header\",\"f_header_font_settings\":\"\",\"f_header_font_family\":\"\",\"f_header_font_size\":\"\",\"f_header_font_line_height\":\"\",\"f_header_font_style\":\"\",\"f_header_font_weight\":\"\",\"f_header_font_transform\":\"\",\"f_header_font_spacing\":\"\",\"f_header_\":\"\",\"f_ajax_font_title\":\"Ajax categories\",\"f_ajax_font_settings\":\"\",\"f_ajax_font_family\":\"\",\"f_ajax_font_size\":\"\",\"f_ajax_font_line_height\":\"\",\"f_ajax_font_style\":\"\",\"f_ajax_font_weight\":\"\",\"f_ajax_font_transform\":\"\",\"f_ajax_font_spacing\":\"\",\"f_ajax_\":\"\",\"f_more_font_title\":\"Load more button\",\"f_more_font_settings\":\"\",\"f_more_font_family\":\"\",\"f_more_font_size\":\"\",\"f_more_font_line_height\":\"\",\"f_more_font_style\":\"\",\"f_more_font_weight\":\"\",\"f_more_font_transform\":\"\",\"f_more_font_spacing\":\"\",\"f_more_\":\"\",\"m16f_title_font_header\":\"\",\"m16f_title_font_title\":\"Article title\",\"m16f_title_font_settings\":\"\",\"m16f_title_font_family\":\"\",\"m16f_title_font_size\":\"\",\"m16f_title_font_line_height\":\"\",\"m16f_title_font_style\":\"\",\"m16f_title_font_weight\":\"\",\"m16f_title_font_transform\":\"\",\"m16f_title_font_spacing\":\"\",\"m16f_title_\":\"\",\"m16f_cat_font_title\":\"Article category tag\",\"m16f_cat_font_settings\":\"\",\"m16f_cat_font_family\":\"\",\"m16f_cat_font_size\":\"\",\"m16f_cat_font_line_height\":\"\",\"m16f_cat_font_style\":\"\",\"m16f_cat_font_weight\":\"\",\"m16f_cat_font_transform\":\"\",\"m16f_cat_font_spacing\":\"\",\"m16f_cat_\":\"\",\"m16f_meta_font_title\":\"Article meta info\",\"m16f_meta_font_settings\":\"\",\"m16f_meta_font_family\":\"\",\"m16f_meta_font_size\":\"\",\"m16f_meta_font_line_height\":\"\",\"m16f_meta_font_style\":\"\",\"m16f_meta_font_weight\":\"\",\"m16f_meta_font_transform\":\"\",\"m16f_meta_font_spacing\":\"\",\"m16f_meta_\":\"\",\"m16f_ex_font_title\":\"Article excerpt\",\"m16f_ex_font_settings\":\"\",\"m16f_ex_font_family\":\"\",\"m16f_ex_font_size\":\"\",\"m16f_ex_font_line_height\":\"\",\"m16f_ex_font_style\":\"\",\"m16f_ex_font_weight\":\"\",\"m16f_ex_font_transform\":\"\",\"m16f_ex_font_spacing\":\"\",\"m16f_ex_\":\"\",\"ajax_pagination\":\"\",\"ajax_pagination_infinite_stop\":\"\",\"css\":\"\",\"tdc_css\":\"\",\"td_column_number\":2,\"color_preset\":\"\",\"border_top\":\"\",\"class\":\"tdi_29_bb8\",\"tdc_css_class\":\"tdi_29_bb8\",\"tdc_css_class_style\":\"tdi_29_bb8_rand_style\"}';\nblock_tdi_29_bb8.td_column_number = \"2\";\nblock_tdi_29_bb8.block_type = \"td_block_21\";\nblock_tdi_29_bb8.post_count = \"10\";\nblock_tdi_29_bb8.found_posts = \"26\";\nblock_tdi_29_bb8.header_color = \"#dd3333\";\nblock_tdi_29_bb8.ajax_pagination_infinite_stop = \"\";\nblock_tdi_29_bb8.max_num_pages = \"3\";\ntdBlocksArray.push(block_tdi_29_bb8);\n<\/script><div class=\"td-block-title-wrap\"><h4 class=\"block-title td-block-title\"><span class=\"td-pulldown-size\">Tierra y H\u00e1bitat<\/span><\/h4><\/div><div id=tdi_29_bb8 class=\"td_block_inner\">\n        <div class=\"td_module_16 td_module_wrap td-animation-stack\">\n            <div class=\"td-module-thumb\"><a href=\"https:\/\/vamosporlaliberacion.org\/crpmlm\/guillermo-gerini-presente\/\" rel=\"bookmark\" class=\"td-image-wrap \" title=\"Guillermo Gerini \u00a1presente!\" ><img loading=\"lazy\" decoding=\"async\" class=\"entry-thumb\" src=\"\" alt=\"\" title=\"Guillermo Gerini \u00a1presente!\" data-type=\"image_tag\" data-img-url=\"https:\/\/i0.wp.com\/vamosporlaliberacion.org\/crpmlm\/wp-content\/uploads\/2019\/05\/22-05-2020-Guillermo-Gerini.png?resize=150%2C150&ssl=1\"  width=\"150\" height=\"150\" \/><\/a><\/div>\n            <div class=\"item-details\">\n                <h3 class=\"entry-title td-module-title\"><a href=\"https:\/\/vamosporlaliberacion.org\/crpmlm\/guillermo-gerini-presente\/\" rel=\"bookmark\" title=\"Guillermo Gerini \u00a1presente!\">Guillermo Gerini \u00a1presente!<\/a><\/h3>\n                <div class=\"td-module-meta-info\">\n                                        <span class=\"td-post-author-name\"><a href=\"https:\/\/vamosporlaliberacion.org\/crpmlm\/author\/\"><\/a> <span>-<\/span> <\/span>                    <span class=\"td-post-date\"><time class=\"entry-date updated td-module-date\" datetime=\"2020-05-22T16:00:00-03:00\" >22 mayo, 2020<\/time><\/span>                    <span class=\"td-module-comments\"><a href=\"https:\/\/vamosporlaliberacion.org\/crpmlm\/guillermo-gerini-presente\/#respond\">0<\/a><\/span>                <\/div>\n\n                <div class=\"td-excerpt\">\n                    Guillermo fue fusilado por la espalda el 22 de mayo de 1975, acribillado en una esquina de Berisso.\n\n\u2018El gordo\u2019 para sus compa\u00f1erxs, encabez\u00f3 la...                <\/div>\n            <\/div>\n\n        <\/div>\n\n        \n        <div class=\"td_module_16 td_module_wrap td-animation-stack\">\n            <div class=\"td-module-thumb\"><a href=\"https:\/\/vamosporlaliberacion.org\/crpmlm\/a-50-anos-del-cordobazo\/\" rel=\"bookmark\" class=\"td-image-wrap \" title=\"A 50 a\u00f1os del Cordobazo\" ><img loading=\"lazy\" decoding=\"async\" class=\"entry-thumb\" src=\"\" alt=\"\" title=\"A 50 a\u00f1os del Cordobazo\" data-type=\"image_tag\" data-img-url=\"https:\/\/i0.wp.com\/vamosporlaliberacion.org\/crpmlm\/wp-content\/uploads\/2019\/05\/Cordobazo-2-grande.jpg?resize=150%2C150&ssl=1\"  width=\"150\" height=\"150\" \/><\/a><\/div>\n            <div class=\"item-details\">\n                <h3 class=\"entry-title td-module-title\"><a href=\"https:\/\/vamosporlaliberacion.org\/crpmlm\/a-50-anos-del-cordobazo\/\" rel=\"bookmark\" title=\"A 50 a\u00f1os del Cordobazo\">A 50 a\u00f1os del Cordobazo<\/a><\/h3>\n                <div class=\"td-module-meta-info\">\n                                        <span class=\"td-post-author-name\"><a href=\"https:\/\/vamosporlaliberacion.org\/crpmlm\/author\/\"><\/a> <span>-<\/span> <\/span>                    <span class=\"td-post-date\"><time class=\"entry-date updated td-module-date\" datetime=\"2019-06-04T23:57:55-03:00\" >4 junio, 2019<\/time><\/span>                    <span class=\"td-module-comments\"><a href=\"https:\/\/vamosporlaliberacion.org\/crpmlm\/a-50-anos-del-cordobazo\/#respond\">0<\/a><\/span>                <\/div>\n\n                <div class=\"td-excerpt\">\n                    Una tensa calma. Cientos de barricadas edificadas con autos prendidos fuego, carteles, elementos de las obras en construcci\u00f3n y lo que aportaban los vecinos,...                <\/div>\n            <\/div>\n\n        <\/div>\n\n        \n        <div class=\"td_module_16 td_module_wrap td-animation-stack\">\n            <div class=\"td-module-thumb\"><a href=\"https:\/\/vamosporlaliberacion.org\/crpmlm\/miles-de-universitarixs-marchamos-contra-el-ajuste\/\" rel=\"bookmark\" class=\"td-image-wrap \" title=\"Miles de universitarixs marchamos contra el ajuste\" ><img loading=\"lazy\" decoding=\"async\" class=\"entry-thumb\" src=\"\" alt=\"\" title=\"Miles de universitarixs marchamos contra el ajuste\" data-type=\"image_tag\" data-img-url=\"https:\/\/i0.wp.com\/vamosporlaliberacion.org\/crpmlm\/wp-content\/uploads\/2019\/05\/Marcha-educativa-16-de-mayo.jpg?resize=150%2C150&ssl=1\"  width=\"150\" height=\"150\" \/><\/a><\/div>\n            <div class=\"item-details\">\n                <h3 class=\"entry-title td-module-title\"><a href=\"https:\/\/vamosporlaliberacion.org\/crpmlm\/miles-de-universitarixs-marchamos-contra-el-ajuste\/\" rel=\"bookmark\" title=\"Miles de universitarixs marchamos contra el ajuste\">Miles de universitarixs marchamos contra el ajuste<\/a><\/h3>\n                <div class=\"td-module-meta-info\">\n                                        <span class=\"td-post-author-name\"><a href=\"https:\/\/vamosporlaliberacion.org\/crpmlm\/author\/\"><\/a> <span>-<\/span> <\/span>                    <span class=\"td-post-date\"><time class=\"entry-date updated td-module-date\" datetime=\"2019-06-04T23:49:49-03:00\" >4 junio, 2019<\/time><\/span>                    <span class=\"td-module-comments\"><a href=\"https:\/\/vamosporlaliberacion.org\/crpmlm\/miles-de-universitarixs-marchamos-contra-el-ajuste\/#respond\">0<\/a><\/span>                <\/div>\n\n                <div class=\"td-excerpt\">\n                    El jueves 16 de mayo, miles de docentes, no docentes, estudiantes y cient\u00edficos nos movilizamos en todo el pa\u00eds. En la Ciudad de Buenos...                <\/div>\n            <\/div>\n\n        <\/div>\n\n        \n        <div class=\"td_module_16 td_module_wrap td-animation-stack\">\n            <div class=\"td-module-thumb\"><a href=\"https:\/\/vamosporlaliberacion.org\/crpmlm\/jose-ber-gelbard\/\" rel=\"bookmark\" class=\"td-image-wrap \" title=\"Jos\u00e9 Ber Gelbard\" ><img decoding=\"async\" class=\"entry-thumb\" src=\"\"alt=\"\" data-type=\"image_tag\" data-img-url=\"https:\/\/vamosporlaliberacion.org\/crpmlm\/wp-content\/plugins\/td-composer\/legacy\/Newspaper\/assets\/images\/no-thumb\/thumbnail.png\"  width=\"\" height=\"\" \/><\/a><\/div>\n            <div class=\"item-details\">\n                <h3 class=\"entry-title td-module-title\"><a href=\"https:\/\/vamosporlaliberacion.org\/crpmlm\/jose-ber-gelbard\/\" rel=\"bookmark\" title=\"Jos\u00e9 Ber Gelbard\">Jos\u00e9 Ber Gelbard<\/a><\/h3>\n                <div class=\"td-module-meta-info\">\n                                        <span class=\"td-post-author-name\"><a href=\"https:\/\/vamosporlaliberacion.org\/crpmlm\/author\/\"><\/a> <span>-<\/span> <\/span>                    <span class=\"td-post-date\"><time class=\"entry-date updated td-module-date\" datetime=\"2019-06-04T23:31:55-03:00\" >4 junio, 2019<\/time><\/span>                    <span class=\"td-module-comments\"><a href=\"https:\/\/vamosporlaliberacion.org\/crpmlm\/jose-ber-gelbard\/#respond\">0<\/a><\/span>                <\/div>\n\n                <div class=\"td-excerpt\">\n                    Cuando Juan Domingo Per\u00f3n asumi\u00f3 su tercera presidencia, \u201cno s\u00f3lo no detenta el poder sino que lidera un gran frente que de fondo no...                <\/div>\n            <\/div>\n\n        <\/div>\n\n        \n        <div class=\"td_module_16 td_module_wrap td-animation-stack\">\n            <div class=\"td-module-thumb\"><a href=\"https:\/\/vamosporlaliberacion.org\/crpmlm\/que-fue-el-pacto-social-de-1973\/\" rel=\"bookmark\" class=\"td-image-wrap \" title=\"\u00bfQu\u00e9 fue el Pacto Social de 1973?\" ><img loading=\"lazy\" decoding=\"async\" class=\"entry-thumb\" src=\"\" alt=\"\" title=\"\u00bfQu\u00e9 fue el Pacto Social de 1973?\" data-type=\"image_tag\" data-img-url=\"https:\/\/i0.wp.com\/vamosporlaliberacion.org\/crpmlm\/wp-content\/uploads\/2019\/05\/Rucci-con-Per%C3%B3n-y-C%C3%A1mpora.jpg?resize=150%2C150&ssl=1\"  width=\"150\" height=\"150\" \/><\/a><\/div>\n            <div class=\"item-details\">\n                <h3 class=\"entry-title td-module-title\"><a href=\"https:\/\/vamosporlaliberacion.org\/crpmlm\/que-fue-el-pacto-social-de-1973\/\" rel=\"bookmark\" title=\"\u00bfQu\u00e9 fue el Pacto Social de 1973?\">\u00bfQu\u00e9 fue el Pacto Social de 1973?<\/a><\/h3>\n                <div class=\"td-module-meta-info\">\n                                        <span class=\"td-post-author-name\"><a href=\"https:\/\/vamosporlaliberacion.org\/crpmlm\/author\/\"><\/a> <span>-<\/span> <\/span>                    <span class=\"td-post-date\"><time class=\"entry-date updated td-module-date\" datetime=\"2019-06-04T23:29:23-03:00\" >4 junio, 2019<\/time><\/span>                    <span class=\"td-module-comments\"><a href=\"https:\/\/vamosporlaliberacion.org\/crpmlm\/que-fue-el-pacto-social-de-1973\/#respond\">0<\/a><\/span>                <\/div>\n\n                <div class=\"td-excerpt\">\n                    El Pacto Social de 1973 vuelve a ser debate luego de la referencia que hizo CFK en su presentaci\u00f3n en la Feria del Libro....                <\/div>\n            <\/div>\n\n        <\/div>\n\n        \n        <div class=\"td_module_16 td_module_wrap td-animation-stack\">\n            <div class=\"td-module-thumb\"><a href=\"https:\/\/vamosporlaliberacion.org\/crpmlm\/encuentro-regional-comahue-de-mujeres-y-disidencias\/\" rel=\"bookmark\" class=\"td-image-wrap \" title=\"Encuentro regional Comahue de mujeres y disidencias\" ><img decoding=\"async\" class=\"entry-thumb\" src=\"\"alt=\"\" data-type=\"image_tag\" data-img-url=\"https:\/\/vamosporlaliberacion.org\/crpmlm\/wp-content\/plugins\/td-composer\/legacy\/Newspaper\/assets\/images\/no-thumb\/thumbnail.png\"  width=\"\" height=\"\" \/><\/a><\/div>\n            <div class=\"item-details\">\n                <h3 class=\"entry-title td-module-title\"><a href=\"https:\/\/vamosporlaliberacion.org\/crpmlm\/encuentro-regional-comahue-de-mujeres-y-disidencias\/\" rel=\"bookmark\" title=\"Encuentro regional Comahue de mujeres y disidencias\">Encuentro regional Comahue de mujeres y disidencias<\/a><\/h3>\n                <div class=\"td-module-meta-info\">\n                                        <span class=\"td-post-author-name\"><a href=\"https:\/\/vamosporlaliberacion.org\/crpmlm\/author\/\"><\/a> <span>-<\/span> <\/span>                    <span class=\"td-post-date\"><time class=\"entry-date updated td-module-date\" datetime=\"2019-06-04T23:22:02-03:00\" >4 junio, 2019<\/time><\/span>                    <span class=\"td-module-comments\"><a href=\"https:\/\/vamosporlaliberacion.org\/crpmlm\/encuentro-regional-comahue-de-mujeres-y-disidencias\/#respond\">0<\/a><\/span>                <\/div>\n\n                <div class=\"td-excerpt\">\n                    Se realiz\u00f3 el 4 de mayo en Catriel, ciudad situada en el extremo norte de la provincia de R\u00edo Negro conocida como la \u201cCapital...                <\/div>\n            <\/div>\n\n        <\/div>\n\n        \n        <div class=\"td_module_16 td_module_wrap td-animation-stack\">\n            <div class=\"td-module-thumb\"><a href=\"https:\/\/vamosporlaliberacion.org\/crpmlm\/juicio-a-ginecologo-antiderechos-de-cipolletti-2\/\" rel=\"bookmark\" class=\"td-image-wrap \" title=\"Juicio a ginec\u00f3logo antiderechos de Cipolletti\" ><img loading=\"lazy\" decoding=\"async\" class=\"entry-thumb\" src=\"\" alt=\"\" title=\"Juicio a ginec\u00f3logo antiderechos de Cipolletti\" data-type=\"image_tag\" data-img-url=\"https:\/\/i0.wp.com\/vamosporlaliberacion.org\/crpmlm\/wp-content\/uploads\/2019\/05\/Juicio-a-RL.jpeg?resize=150%2C150&ssl=1\"  width=\"150\" height=\"150\" \/><\/a><\/div>\n            <div class=\"item-details\">\n                <h3 class=\"entry-title td-module-title\"><a href=\"https:\/\/vamosporlaliberacion.org\/crpmlm\/juicio-a-ginecologo-antiderechos-de-cipolletti-2\/\" rel=\"bookmark\" title=\"Juicio a ginec\u00f3logo antiderechos de Cipolletti\">Juicio a ginec\u00f3logo antiderechos de Cipolletti<\/a><\/h3>\n                <div class=\"td-module-meta-info\">\n                                        <span class=\"td-post-author-name\"><a href=\"https:\/\/vamosporlaliberacion.org\/crpmlm\/author\/\"><\/a> <span>-<\/span> <\/span>                    <span class=\"td-post-date\"><time class=\"entry-date updated td-module-date\" datetime=\"2019-06-04T23:16:45-03:00\" >4 junio, 2019<\/time><\/span>                    <span class=\"td-module-comments\"><a href=\"https:\/\/vamosporlaliberacion.org\/crpmlm\/juicio-a-ginecologo-antiderechos-de-cipolletti-2\/#respond\">0<\/a><\/span>                <\/div>\n\n                <div class=\"td-excerpt\">\n                    Durante la semana del 13 de mayo se realiz\u00f3 el juicio al ginec\u00f3logo Leandro Rodr\u00edguez Lastra, por negar el derecho a la Interrupci\u00f3n Legal...                <\/div>\n            <\/div>\n\n        <\/div>\n\n        \n        <div class=\"td_module_16 td_module_wrap td-animation-stack\">\n            <div class=\"td-module-thumb\"><a href=\"https:\/\/vamosporlaliberacion.org\/crpmlm\/cedio-larreta-para-evitar-conflicto-con-metrodelegados\/\" rel=\"bookmark\" class=\"td-image-wrap \" title=\"Cedi\u00f3 Larreta para evitar conflicto con metrodelegados\" ><img decoding=\"async\" class=\"entry-thumb\" src=\"\"alt=\"\" data-type=\"image_tag\" data-img-url=\"https:\/\/vamosporlaliberacion.org\/crpmlm\/wp-content\/plugins\/td-composer\/legacy\/Newspaper\/assets\/images\/no-thumb\/thumbnail.png\"  width=\"\" height=\"\" \/><\/a><\/div>\n            <div class=\"item-details\">\n                <h3 class=\"entry-title td-module-title\"><a href=\"https:\/\/vamosporlaliberacion.org\/crpmlm\/cedio-larreta-para-evitar-conflicto-con-metrodelegados\/\" rel=\"bookmark\" title=\"Cedi\u00f3 Larreta para evitar conflicto con metrodelegados\">Cedi\u00f3 Larreta para evitar conflicto con metrodelegados<\/a><\/h3>\n                <div class=\"td-module-meta-info\">\n                                        <span class=\"td-post-author-name\"><a href=\"https:\/\/vamosporlaliberacion.org\/crpmlm\/author\/\"><\/a> <span>-<\/span> <\/span>                    <span class=\"td-post-date\"><time class=\"entry-date updated td-module-date\" datetime=\"2019-06-04T23:11:39-03:00\" >4 junio, 2019<\/time><\/span>                    <span class=\"td-module-comments\"><a href=\"https:\/\/vamosporlaliberacion.org\/crpmlm\/cedio-larreta-para-evitar-conflicto-con-metrodelegados\/#respond\">0<\/a><\/span>                <\/div>\n\n                <div class=\"td-excerpt\">\n                    El pasado mes de abril se firm\u00f3 el acta paritaria del subte. Los metrodelegados enrolados en AGTSyP consiguieron para todos los trabajadores un reajuste...                <\/div>\n            <\/div>\n\n        <\/div>\n\n        \n        <div class=\"td_module_16 td_module_wrap td-animation-stack\">\n            <div class=\"td-module-thumb\"><a href=\"https:\/\/vamosporlaliberacion.org\/crpmlm\/estatales-ultra-ajustados\/\" rel=\"bookmark\" class=\"td-image-wrap \" title=\"Estatales ultra ajustados\" ><img decoding=\"async\" class=\"entry-thumb\" src=\"\"alt=\"\" data-type=\"image_tag\" data-img-url=\"https:\/\/vamosporlaliberacion.org\/crpmlm\/wp-content\/plugins\/td-composer\/legacy\/Newspaper\/assets\/images\/no-thumb\/thumbnail.png\"  width=\"\" height=\"\" \/><\/a><\/div>\n            <div class=\"item-details\">\n                <h3 class=\"entry-title td-module-title\"><a href=\"https:\/\/vamosporlaliberacion.org\/crpmlm\/estatales-ultra-ajustados\/\" rel=\"bookmark\" title=\"Estatales ultra ajustados\">Estatales ultra ajustados<\/a><\/h3>\n                <div class=\"td-module-meta-info\">\n                                        <span class=\"td-post-author-name\"><a href=\"https:\/\/vamosporlaliberacion.org\/crpmlm\/author\/\"><\/a> <span>-<\/span> <\/span>                    <span class=\"td-post-date\"><time class=\"entry-date updated td-module-date\" datetime=\"2019-06-03T23:35:02-03:00\" >3 junio, 2019<\/time><\/span>                    <span class=\"td-module-comments\"><a href=\"https:\/\/vamosporlaliberacion.org\/crpmlm\/estatales-ultra-ajustados\/#respond\">0<\/a><\/span>                <\/div>\n\n                <div class=\"td-excerpt\">\n                    La paritaria del sector p\u00fablico est\u00e1 a un paso de cerrarse en manos del gobierno nacional y la lapicera c\u00f3mplice de Andr\u00e9s Rodr\u00edguez de...                <\/div>\n            <\/div>\n\n        <\/div>\n\n        \n        <div class=\"td_module_16 td_module_wrap td-animation-stack\">\n            <div class=\"td-module-thumb\"><a href=\"https:\/\/vamosporlaliberacion.org\/crpmlm\/solidaridad-con-los-trabajadores-de-pagina12\/\" rel=\"bookmark\" class=\"td-image-wrap \" title=\"Solidaridad con los trabajadores de P\u00e1gina\/12\" ><img loading=\"lazy\" decoding=\"async\" class=\"entry-thumb\" src=\"\" alt=\"\" title=\"Solidaridad con los trabajadores de P\u00e1gina\/12\" data-type=\"image_tag\" data-img-url=\"https:\/\/i0.wp.com\/vamosporlaliberacion.org\/crpmlm\/wp-content\/uploads\/2019\/05\/P12-paro.jpg?resize=150%2C150&ssl=1\"  width=\"150\" height=\"150\" \/><\/a><\/div>\n            <div class=\"item-details\">\n                <h3 class=\"entry-title td-module-title\"><a href=\"https:\/\/vamosporlaliberacion.org\/crpmlm\/solidaridad-con-los-trabajadores-de-pagina12\/\" rel=\"bookmark\" title=\"Solidaridad con los trabajadores de P\u00e1gina\/12\">Solidaridad con los trabajadores de P\u00e1gina\/12<\/a><\/h3>\n                <div class=\"td-module-meta-info\">\n                                        <span class=\"td-post-author-name\"><a href=\"https:\/\/vamosporlaliberacion.org\/crpmlm\/author\/\"><\/a> <span>-<\/span> <\/span>                    <span class=\"td-post-date\"><time class=\"entry-date updated td-module-date\" datetime=\"2019-06-03T23:29:24-03:00\" >3 junio, 2019<\/time><\/span>                    <span class=\"td-module-comments\"><a href=\"https:\/\/vamosporlaliberacion.org\/crpmlm\/solidaridad-con-los-trabajadores-de-pagina12\/#respond\">0<\/a><\/span>                <\/div>\n\n                <div class=\"td-excerpt\">\n                    Respaldamos la lucha de los trabajadores de P\u00e1gina\/12 exigiendo el cumplimiento de la paritaria y el convenio colectivo frente al incumplimiento patronal en ese...                <\/div>\n            <\/div>\n\n        <\/div>\n\n        <\/div><\/div> <!-- .\/block --><div class=\"td_block_wrap td_block_21 tdi_30_6af td-pb-border-top td_block_template_1 td-column-2\"  data-td-block-uid=\"tdi_30_6af\" >\n<style>\n.td_block_template_2.widget > ul > li,\n            .td_block_template_6.widget > ul > li,\n            .td_block_template_8.widget > ul > li,\n            .td_block_template_9.widget > ul > li,\n            .td_block_template_10.widget > ul > li,\n            .td_block_template_11.widget > ul > li,\n            .td_block_template_12.widget > ul > li,\n            .td_block_template_13.widget > ul > li,\n            .td_block_template_14.widget > ul > li,\n            .td_block_template_15.widget > ul > li,\n            .td_block_template_16.widget > ul > li,\n            .td_block_template_17.widget > ul > li {\n                margin-left: 0 !important;\n            }\n            .global-block-template-12 .td-comments-title span,\n            .global-block-template-13 .td-comments-title span {\n                margin-left: 0 !important;\n                font-size: 20px;\n            }\n            @media (max-width: 767px) {\n                .global-block-template-12 .td-comments-title span,\n                .global-block-template-13 .td-comments-title span {\n                    font-size: 15px;\n                }\n            }\n            .td-block-title-wrap .td-wrapper-pulldown-filter {\n                font-family: 'Roboto', sans-serif;\n                position: absolute;\n                bottom: 0;\n                right: 0;\n                top: 0;\n                margin: auto 0;\n                z-index: 2;\n                background-color: #fff;\n                font-size: 13px;\n                line-height: 1;\n                color: #777;\n                text-align: right;\n            }\n            .td-block-title-wrap .td-wrapper-pulldown-filter .td-pulldown-filter-display-option {\n                cursor: pointer;\n                white-space: nowrap;\n                position: relative;\n                line-height: 29px;\n            }\n            .td-block-title-wrap .td-wrapper-pulldown-filter .td-pulldown-filter-display-option i {\n                font-size: 9px;\n                color: #777;\n                margin-left: 20px;\n                margin-right: 10px;\n            }\n            .td-block-title-wrap .td-wrapper-pulldown-filter .td-pulldown-filter-display-option i:before {\n                content: '\\e83d';\n            }\n            .td-block-title-wrap .td-wrapper-pulldown-filter .td-pulldown-filter-display-option span {\n                padding-left: 20px;\n                margin-right: -14px;\n            }\n            @media (max-width: 360px) {\n                .td-block-title-wrap .td-wrapper-pulldown-filter .td-pulldown-filter-display-option span {\n                    display: none;\n                }\n            }\n            .td-block-title-wrap .td-wrapper-pulldown-filter .td-pulldown-filter-display-option:hover {\n                color: #4db2ec;\n            }\n            .td-block-title-wrap .td-wrapper-pulldown-filter .td-pulldown-filter-display-option:hover i {\n                color: #4db2ec;\n            }\n            .td-block-title-wrap .td-wrapper-pulldown-filter .td-pulldown-filter-display-option:hover ul {\n                display: block;\n            }\n            .td-block-title-wrap .td-wrapper-pulldown-filter .td-pulldown-filter-list {\n                list-style: none;\n                position: absolute;\n                right: 0;\n                top: 100%;\n                padding: 18px 0;\n                background-color: rgb(255, 255, 255);\n                background-color: rgba(255, 255, 255, 0.95);\n                z-index: 999;\n                border-width: 1px;\n                border-color: #ededed;\n                border-style: solid;\n                display: none;\n                margin: 0;\n            }\n            .td-block-title-wrap .td-wrapper-pulldown-filter .td-pulldown-filter-item {\n                list-style: none;\n                margin: 0;\n            }\n            .td-block-title-wrap .td-wrapper-pulldown-filter .td-pulldown-filter-item .td-cur-simple-item {\n                color: #4db2ec;\n            }\n            .td-block-title-wrap .td-wrapper-pulldown-filter .td-pulldown-more {\n                padding-bottom: 10px;\n            }\n            .td-block-title-wrap .td-wrapper-pulldown-filter .td-pulldown-more:before {\n                content: '';\n                width: 70px;\n                height: 100%;\n                position: absolute;\n                margin-top: 2px;\n                top: 0;\n                right: 0;\n                z-index: 1;\n                opacity: 0;\n            }\n            .td-block-title-wrap .td-wrapper-pulldown-filter .td-pulldown-filter-link {\n                color: #777;\n                white-space: nowrap;\n                display: block;\n                line-height: 26px;\n                padding-left: 36px;\n                padding-right: 27px;\n            }\n            .td-block-title-wrap .td-wrapper-pulldown-filter .td-pulldown-filter-link:hover {\n                color: #4db2ec;\n            }\n            @media (min-width: 768px) and (max-width: 1018px) {\n                .td-pb-span4 .td-block-title-wrap .td-wrapper-pulldown-filter .td-pulldown-filter-display-option span {\n                    display: none;\n                }\n                .td-pb-span4 .td-block-title-wrap .td-wrapper-pulldown-filter .td-pulldown-filter-link {\n                    padding-left: 24px;\n                    padding-right: 20px !important;\n                }\n            }\n            @-moz-document url-prefix() {\n                .td-pulldown-syle-default .td-subcat-more,\n                .td-pulldown-syle-default .td-subcat-list {\n                    position: relative;\n                    top: -1px;\n                }\n            }\n            .td-pulldown-syle-2 {\n                top: 0;\n            }\n            .td-pulldown-syle-2 .td-subcat-dropdown ul {\n                padding: 20px 0;\n                margin-top: 0;\n            }\n            .td-pulldown-syle-2 .td-subcat-dropdown ul:after {\n                content: '';\n                position: absolute;\n                width: calc(100% + 2px);\n                height: 3px;\n                top: 0;\n                left: -1px;\n                background-color: #4db2ec;\n            }\n            .td-pulldown-syle-2 .td-subcat-dropdown a {\n                padding-left: 40px;\n                padding-right: 31px;\n            }\n            .td-pulldown-syle-2 .td-subcat-dropdown:hover .td-subcat-more {\n                background-color: transparent !important;\n            }\n            .td-pulldown-syle-2 .td-subcat-dropdown:hover .td-subcat-more span,\n            .td-pulldown-syle-2 .td-subcat-dropdown:hover .td-subcat-more i {\n                color: #4db2ec;\n            }\n            .td-pulldown-syle-2 .td-subcat-dropdown .td-subcat-more {\n                margin-left: 9px;\n                margin-bottom: 8px; \/\/ this align the dropdown list\n            }\n            .td-pulldown-syle-2 .td-subcat-list .td-subcat-item {\n                margin-left: 24px;\n            }\n            .td-pulldown-syle-3 {\n                top: 0;\n            }\n            .td-pulldown-syle-3 .td-subcat-dropdown ul {\n                padding: 15px 0;\n                margin-top: -1px;\n                border-width: 1px;\n            }\n            .td-pulldown-syle-3 .td-subcat-dropdown a {\n                padding-left: 40px;\n                padding-right: 31px;\n            }\n            .td-pulldown-syle-3 .td-subcat-dropdown &:hover .td-subcat-more {\n                background-color: transparent !important;\n            }\n            .td-pulldown-syle-3 .td-subcat-dropdown &:hover .td-subcat-more span,\n            .td-pulldown-syle-3 .td-subcat-dropdown &:hover .td-subcat-more i {\n                color: #4db2ec;\n            }\n            .td-pulldown-syle-3 .td-subcat-dropdown .td-subcat-more {\n                margin-left: 9px;\n                margin-bottom: 8px; \/\/ this align the dropdown list\n            }\n            .td-pulldown-syle-3 .td-subcat-list .td-subcat-item {\n                margin-left: 24px;\n            }\n            \n            \n\n            \n            .td-theme-wrap .tdi_30_6af .td-pulldown-filter-link:hover,\n            .td-theme-wrap .tdi_30_6af .td-subcat-item a:hover,\n            .td-theme-wrap .tdi_30_6af .td-subcat-item .td-cur-simple-item {\n                color: #dd3333;\n            }\n\n            .td-theme-wrap .tdi_30_6af .block-title > *,\n            .td-theme-wrap .tdi_30_6af .td-subcat-dropdown:hover .td-subcat-more {\n                background-color: #dd3333;\n            }\n            .td-theme-wrap .td-footer-wrapper .tdi_30_6af .block-title > * {\n                padding: 6px 7px 5px;\n                line-height: 1;\n            }\n\n            .td-theme-wrap .tdi_30_6af .block-title {\n                border-color: #dd3333;\n            }\n\n            \n            .td-theme-wrap .tdi_30_6af .td_module_wrap:hover .entry-title a,\n            .td-theme-wrap .tdi_30_6af .td_quote_on_blocks,\n            .td-theme-wrap .tdi_30_6af .td-opacity-cat .td-post-category:hover,\n            .td-theme-wrap .tdi_30_6af .td-opacity-read .td-read-more a:hover,\n            .td-theme-wrap .tdi_30_6af .td-opacity-author .td-post-author-name a:hover,\n            .td-theme-wrap .tdi_30_6af .td-instagram-user a {\n                color: #dd3333;\n            }\n\n            .td-theme-wrap .tdi_30_6af .td-next-prev-wrap a:hover,\n            .td-theme-wrap .tdi_30_6af .td-load-more-wrap a:hover {\n                background-color: #dd3333;\n                border-color: #dd3333;\n            }\n\n            .td-theme-wrap .tdi_30_6af .td-read-more a,\n            .td-theme-wrap .tdi_30_6af .td-weather-information:before,\n            .td-theme-wrap .tdi_30_6af .td-weather-week:before,\n            .td-theme-wrap .tdi_30_6af .td-exchange-header:before,\n            .td-theme-wrap .td-footer-wrapper .tdi_30_6af .td-post-category,\n            .td-theme-wrap .tdi_30_6af .td-post-category:hover {\n                background-color: #dd3333;\n            }\n<\/style><script>var block_tdi_30_6af = new tdBlock();\nblock_tdi_30_6af.id = \"tdi_30_6af\";\nblock_tdi_30_6af.atts = '{\"custom_title\":\"Internacional\",\"header_color\":\"#dd3333\",\"category_id\":\"7\",\"tag_slug\":\"vxl 141\",\"limit\":\"10\",\"td_filter_default_txt\":\"Todo\",\"block_type\":\"td_block_21\",\"separator\":\"\",\"custom_url\":\"\",\"block_template_id\":\"\",\"m16_tl\":\"\",\"m16_el\":\"\",\"post_ids\":\"\",\"category_ids\":\"\",\"autors_id\":\"\",\"installed_post_types\":\"\",\"sort\":\"\",\"offset\":\"\",\"show_modified_date\":\"\",\"el_class\":\"\",\"td_ajax_filter_type\":\"\",\"td_ajax_filter_ids\":\"\",\"td_ajax_preloading\":\"\",\"f_header_font_header\":\"\",\"f_header_font_title\":\"Block header\",\"f_header_font_settings\":\"\",\"f_header_font_family\":\"\",\"f_header_font_size\":\"\",\"f_header_font_line_height\":\"\",\"f_header_font_style\":\"\",\"f_header_font_weight\":\"\",\"f_header_font_transform\":\"\",\"f_header_font_spacing\":\"\",\"f_header_\":\"\",\"f_ajax_font_title\":\"Ajax categories\",\"f_ajax_font_settings\":\"\",\"f_ajax_font_family\":\"\",\"f_ajax_font_size\":\"\",\"f_ajax_font_line_height\":\"\",\"f_ajax_font_style\":\"\",\"f_ajax_font_weight\":\"\",\"f_ajax_font_transform\":\"\",\"f_ajax_font_spacing\":\"\",\"f_ajax_\":\"\",\"f_more_font_title\":\"Load more button\",\"f_more_font_settings\":\"\",\"f_more_font_family\":\"\",\"f_more_font_size\":\"\",\"f_more_font_line_height\":\"\",\"f_more_font_style\":\"\",\"f_more_font_weight\":\"\",\"f_more_font_transform\":\"\",\"f_more_font_spacing\":\"\",\"f_more_\":\"\",\"m16f_title_font_header\":\"\",\"m16f_title_font_title\":\"Article title\",\"m16f_title_font_settings\":\"\",\"m16f_title_font_family\":\"\",\"m16f_title_font_size\":\"\",\"m16f_title_font_line_height\":\"\",\"m16f_title_font_style\":\"\",\"m16f_title_font_weight\":\"\",\"m16f_title_font_transform\":\"\",\"m16f_title_font_spacing\":\"\",\"m16f_title_\":\"\",\"m16f_cat_font_title\":\"Article category tag\",\"m16f_cat_font_settings\":\"\",\"m16f_cat_font_family\":\"\",\"m16f_cat_font_size\":\"\",\"m16f_cat_font_line_height\":\"\",\"m16f_cat_font_style\":\"\",\"m16f_cat_font_weight\":\"\",\"m16f_cat_font_transform\":\"\",\"m16f_cat_font_spacing\":\"\",\"m16f_cat_\":\"\",\"m16f_meta_font_title\":\"Article meta info\",\"m16f_meta_font_settings\":\"\",\"m16f_meta_font_family\":\"\",\"m16f_meta_font_size\":\"\",\"m16f_meta_font_line_height\":\"\",\"m16f_meta_font_style\":\"\",\"m16f_meta_font_weight\":\"\",\"m16f_meta_font_transform\":\"\",\"m16f_meta_font_spacing\":\"\",\"m16f_meta_\":\"\",\"m16f_ex_font_title\":\"Article excerpt\",\"m16f_ex_font_settings\":\"\",\"m16f_ex_font_family\":\"\",\"m16f_ex_font_size\":\"\",\"m16f_ex_font_line_height\":\"\",\"m16f_ex_font_style\":\"\",\"m16f_ex_font_weight\":\"\",\"m16f_ex_font_transform\":\"\",\"m16f_ex_font_spacing\":\"\",\"m16f_ex_\":\"\",\"ajax_pagination\":\"\",\"ajax_pagination_infinite_stop\":\"\",\"css\":\"\",\"tdc_css\":\"\",\"td_column_number\":2,\"color_preset\":\"\",\"border_top\":\"\",\"class\":\"tdi_30_6af\",\"tdc_css_class\":\"tdi_30_6af\",\"tdc_css_class_style\":\"tdi_30_6af_rand_style\"}';\nblock_tdi_30_6af.td_column_number = \"2\";\nblock_tdi_30_6af.block_type = \"td_block_21\";\nblock_tdi_30_6af.post_count = \"10\";\nblock_tdi_30_6af.found_posts = \"26\";\nblock_tdi_30_6af.header_color = \"#dd3333\";\nblock_tdi_30_6af.ajax_pagination_infinite_stop = \"\";\nblock_tdi_30_6af.max_num_pages = \"3\";\ntdBlocksArray.push(block_tdi_30_6af);\n<\/script><div class=\"td-block-title-wrap\"><h4 class=\"block-title td-block-title\"><span class=\"td-pulldown-size\">Internacional<\/span><\/h4><\/div><div id=tdi_30_6af class=\"td_block_inner\">\n        <div class=\"td_module_16 td_module_wrap td-animation-stack\">\n            <div class=\"td-module-thumb\"><a href=\"https:\/\/vamosporlaliberacion.org\/crpmlm\/guillermo-gerini-presente\/\" rel=\"bookmark\" class=\"td-image-wrap \" title=\"Guillermo Gerini \u00a1presente!\" ><img loading=\"lazy\" decoding=\"async\" class=\"entry-thumb\" src=\"\" alt=\"\" title=\"Guillermo Gerini \u00a1presente!\" data-type=\"image_tag\" data-img-url=\"https:\/\/i0.wp.com\/vamosporlaliberacion.org\/crpmlm\/wp-content\/uploads\/2019\/05\/22-05-2020-Guillermo-Gerini.png?resize=150%2C150&ssl=1\"  width=\"150\" height=\"150\" \/><\/a><\/div>\n            <div class=\"item-details\">\n                <h3 class=\"entry-title td-module-title\"><a href=\"https:\/\/vamosporlaliberacion.org\/crpmlm\/guillermo-gerini-presente\/\" rel=\"bookmark\" title=\"Guillermo Gerini \u00a1presente!\">Guillermo Gerini \u00a1presente!<\/a><\/h3>\n                <div class=\"td-module-meta-info\">\n                                        <span class=\"td-post-author-name\"><a href=\"https:\/\/vamosporlaliberacion.org\/crpmlm\/author\/\"><\/a> <span>-<\/span> <\/span>                    <span class=\"td-post-date\"><time class=\"entry-date updated td-module-date\" datetime=\"2020-05-22T16:00:00-03:00\" >22 mayo, 2020<\/time><\/span>                    <span class=\"td-module-comments\"><a href=\"https:\/\/vamosporlaliberacion.org\/crpmlm\/guillermo-gerini-presente\/#respond\">0<\/a><\/span>                <\/div>\n\n                <div class=\"td-excerpt\">\n                    Guillermo fue fusilado por la espalda el 22 de mayo de 1975, acribillado en una esquina de Berisso.\n\n\u2018El gordo\u2019 para sus compa\u00f1erxs, encabez\u00f3 la...                <\/div>\n            <\/div>\n\n        <\/div>\n\n        \n        <div class=\"td_module_16 td_module_wrap td-animation-stack\">\n            <div class=\"td-module-thumb\"><a href=\"https:\/\/vamosporlaliberacion.org\/crpmlm\/a-50-anos-del-cordobazo\/\" rel=\"bookmark\" class=\"td-image-wrap \" title=\"A 50 a\u00f1os del Cordobazo\" ><img loading=\"lazy\" decoding=\"async\" class=\"entry-thumb\" src=\"\" alt=\"\" title=\"A 50 a\u00f1os del Cordobazo\" data-type=\"image_tag\" data-img-url=\"https:\/\/i0.wp.com\/vamosporlaliberacion.org\/crpmlm\/wp-content\/uploads\/2019\/05\/Cordobazo-2-grande.jpg?resize=150%2C150&ssl=1\"  width=\"150\" height=\"150\" \/><\/a><\/div>\n            <div class=\"item-details\">\n                <h3 class=\"entry-title td-module-title\"><a href=\"https:\/\/vamosporlaliberacion.org\/crpmlm\/a-50-anos-del-cordobazo\/\" rel=\"bookmark\" title=\"A 50 a\u00f1os del Cordobazo\">A 50 a\u00f1os del Cordobazo<\/a><\/h3>\n                <div class=\"td-module-meta-info\">\n                                        <span class=\"td-post-author-name\"><a href=\"https:\/\/vamosporlaliberacion.org\/crpmlm\/author\/\"><\/a> <span>-<\/span> <\/span>                    <span class=\"td-post-date\"><time class=\"entry-date updated td-module-date\" datetime=\"2019-06-04T23:57:55-03:00\" >4 junio, 2019<\/time><\/span>                    <span class=\"td-module-comments\"><a href=\"https:\/\/vamosporlaliberacion.org\/crpmlm\/a-50-anos-del-cordobazo\/#respond\">0<\/a><\/span>                <\/div>\n\n                <div class=\"td-excerpt\">\n                    Una tensa calma. Cientos de barricadas edificadas con autos prendidos fuego, carteles, elementos de las obras en construcci\u00f3n y lo que aportaban los vecinos,...                <\/div>\n            <\/div>\n\n        <\/div>\n\n        \n        <div class=\"td_module_16 td_module_wrap td-animation-stack\">\n            <div class=\"td-module-thumb\"><a href=\"https:\/\/vamosporlaliberacion.org\/crpmlm\/miles-de-universitarixs-marchamos-contra-el-ajuste\/\" rel=\"bookmark\" class=\"td-image-wrap \" title=\"Miles de universitarixs marchamos contra el ajuste\" ><img loading=\"lazy\" decoding=\"async\" class=\"entry-thumb\" src=\"\" alt=\"\" title=\"Miles de universitarixs marchamos contra el ajuste\" data-type=\"image_tag\" data-img-url=\"https:\/\/i0.wp.com\/vamosporlaliberacion.org\/crpmlm\/wp-content\/uploads\/2019\/05\/Marcha-educativa-16-de-mayo.jpg?resize=150%2C150&ssl=1\"  width=\"150\" height=\"150\" \/><\/a><\/div>\n            <div class=\"item-details\">\n                <h3 class=\"entry-title td-module-title\"><a href=\"https:\/\/vamosporlaliberacion.org\/crpmlm\/miles-de-universitarixs-marchamos-contra-el-ajuste\/\" rel=\"bookmark\" title=\"Miles de universitarixs marchamos contra el ajuste\">Miles de universitarixs marchamos contra el ajuste<\/a><\/h3>\n                <div class=\"td-module-meta-info\">\n                                        <span class=\"td-post-author-name\"><a href=\"https:\/\/vamosporlaliberacion.org\/crpmlm\/author\/\"><\/a> <span>-<\/span> <\/span>                    <span class=\"td-post-date\"><time class=\"entry-date updated td-module-date\" datetime=\"2019-06-04T23:49:49-03:00\" >4 junio, 2019<\/time><\/span>                    <span class=\"td-module-comments\"><a href=\"https:\/\/vamosporlaliberacion.org\/crpmlm\/miles-de-universitarixs-marchamos-contra-el-ajuste\/#respond\">0<\/a><\/span>                <\/div>\n\n                <div class=\"td-excerpt\">\n                    El jueves 16 de mayo, miles de docentes, no docentes, estudiantes y cient\u00edficos nos movilizamos en todo el pa\u00eds. En la Ciudad de Buenos...                <\/div>\n            <\/div>\n\n        <\/div>\n\n        \n        <div class=\"td_module_16 td_module_wrap td-animation-stack\">\n            <div class=\"td-module-thumb\"><a href=\"https:\/\/vamosporlaliberacion.org\/crpmlm\/jose-ber-gelbard\/\" rel=\"bookmark\" class=\"td-image-wrap \" title=\"Jos\u00e9 Ber Gelbard\" ><img decoding=\"async\" class=\"entry-thumb\" src=\"\"alt=\"\" data-type=\"image_tag\" data-img-url=\"https:\/\/vamosporlaliberacion.org\/crpmlm\/wp-content\/plugins\/td-composer\/legacy\/Newspaper\/assets\/images\/no-thumb\/thumbnail.png\"  width=\"\" height=\"\" \/><\/a><\/div>\n            <div class=\"item-details\">\n                <h3 class=\"entry-title td-module-title\"><a href=\"https:\/\/vamosporlaliberacion.org\/crpmlm\/jose-ber-gelbard\/\" rel=\"bookmark\" title=\"Jos\u00e9 Ber Gelbard\">Jos\u00e9 Ber Gelbard<\/a><\/h3>\n                <div class=\"td-module-meta-info\">\n                                        <span class=\"td-post-author-name\"><a href=\"https:\/\/vamosporlaliberacion.org\/crpmlm\/author\/\"><\/a> <span>-<\/span> <\/span>                    <span class=\"td-post-date\"><time class=\"entry-date updated td-module-date\" datetime=\"2019-06-04T23:31:55-03:00\" >4 junio, 2019<\/time><\/span>                    <span class=\"td-module-comments\"><a href=\"https:\/\/vamosporlaliberacion.org\/crpmlm\/jose-ber-gelbard\/#respond\">0<\/a><\/span>                <\/div>\n\n                <div class=\"td-excerpt\">\n                    Cuando Juan Domingo Per\u00f3n asumi\u00f3 su tercera presidencia, \u201cno s\u00f3lo no detenta el poder sino que lidera un gran frente que de fondo no...                <\/div>\n            <\/div>\n\n        <\/div>\n\n        \n        <div class=\"td_module_16 td_module_wrap td-animation-stack\">\n            <div class=\"td-module-thumb\"><a href=\"https:\/\/vamosporlaliberacion.org\/crpmlm\/que-fue-el-pacto-social-de-1973\/\" rel=\"bookmark\" class=\"td-image-wrap \" title=\"\u00bfQu\u00e9 fue el Pacto Social de 1973?\" ><img loading=\"lazy\" decoding=\"async\" class=\"entry-thumb\" src=\"\" alt=\"\" title=\"\u00bfQu\u00e9 fue el Pacto Social de 1973?\" data-type=\"image_tag\" data-img-url=\"https:\/\/i0.wp.com\/vamosporlaliberacion.org\/crpmlm\/wp-content\/uploads\/2019\/05\/Rucci-con-Per%C3%B3n-y-C%C3%A1mpora.jpg?resize=150%2C150&ssl=1\"  width=\"150\" height=\"150\" \/><\/a><\/div>\n            <div class=\"item-details\">\n                <h3 class=\"entry-title td-module-title\"><a href=\"https:\/\/vamosporlaliberacion.org\/crpmlm\/que-fue-el-pacto-social-de-1973\/\" rel=\"bookmark\" title=\"\u00bfQu\u00e9 fue el Pacto Social de 1973?\">\u00bfQu\u00e9 fue el Pacto Social de 1973?<\/a><\/h3>\n                <div class=\"td-module-meta-info\">\n                                        <span class=\"td-post-author-name\"><a href=\"https:\/\/vamosporlaliberacion.org\/crpmlm\/author\/\"><\/a> <span>-<\/span> <\/span>                    <span class=\"td-post-date\"><time class=\"entry-date updated td-module-date\" datetime=\"2019-06-04T23:29:23-03:00\" >4 junio, 2019<\/time><\/span>                    <span class=\"td-module-comments\"><a href=\"https:\/\/vamosporlaliberacion.org\/crpmlm\/que-fue-el-pacto-social-de-1973\/#respond\">0<\/a><\/span>                <\/div>\n\n                <div class=\"td-excerpt\">\n                    El Pacto Social de 1973 vuelve a ser debate luego de la referencia que hizo CFK en su presentaci\u00f3n en la Feria del Libro....                <\/div>\n            <\/div>\n\n        <\/div>\n\n        \n        <div class=\"td_module_16 td_module_wrap td-animation-stack\">\n            <div class=\"td-module-thumb\"><a href=\"https:\/\/vamosporlaliberacion.org\/crpmlm\/encuentro-regional-comahue-de-mujeres-y-disidencias\/\" rel=\"bookmark\" class=\"td-image-wrap \" title=\"Encuentro regional Comahue de mujeres y disidencias\" ><img decoding=\"async\" class=\"entry-thumb\" src=\"\"alt=\"\" data-type=\"image_tag\" data-img-url=\"https:\/\/vamosporlaliberacion.org\/crpmlm\/wp-content\/plugins\/td-composer\/legacy\/Newspaper\/assets\/images\/no-thumb\/thumbnail.png\"  width=\"\" height=\"\" \/><\/a><\/div>\n            <div class=\"item-details\">\n                <h3 class=\"entry-title td-module-title\"><a href=\"https:\/\/vamosporlaliberacion.org\/crpmlm\/encuentro-regional-comahue-de-mujeres-y-disidencias\/\" rel=\"bookmark\" title=\"Encuentro regional Comahue de mujeres y disidencias\">Encuentro regional Comahue de mujeres y disidencias<\/a><\/h3>\n                <div class=\"td-module-meta-info\">\n                                        <span class=\"td-post-author-name\"><a href=\"https:\/\/vamosporlaliberacion.org\/crpmlm\/author\/\"><\/a> <span>-<\/span> <\/span>                    <span class=\"td-post-date\"><time class=\"entry-date updated td-module-date\" datetime=\"2019-06-04T23:22:02-03:00\" >4 junio, 2019<\/time><\/span>                    <span class=\"td-module-comments\"><a href=\"https:\/\/vamosporlaliberacion.org\/crpmlm\/encuentro-regional-comahue-de-mujeres-y-disidencias\/#respond\">0<\/a><\/span>                <\/div>\n\n                <div class=\"td-excerpt\">\n                    Se realiz\u00f3 el 4 de mayo en Catriel, ciudad situada en el extremo norte de la provincia de R\u00edo Negro conocida como la \u201cCapital...                <\/div>\n            <\/div>\n\n        <\/div>\n\n        \n        <div class=\"td_module_16 td_module_wrap td-animation-stack\">\n            <div class=\"td-module-thumb\"><a href=\"https:\/\/vamosporlaliberacion.org\/crpmlm\/juicio-a-ginecologo-antiderechos-de-cipolletti-2\/\" rel=\"bookmark\" class=\"td-image-wrap \" title=\"Juicio a ginec\u00f3logo antiderechos de Cipolletti\" ><img loading=\"lazy\" decoding=\"async\" class=\"entry-thumb\" src=\"\" alt=\"\" title=\"Juicio a ginec\u00f3logo antiderechos de Cipolletti\" data-type=\"image_tag\" data-img-url=\"https:\/\/i0.wp.com\/vamosporlaliberacion.org\/crpmlm\/wp-content\/uploads\/2019\/05\/Juicio-a-RL.jpeg?resize=150%2C150&ssl=1\"  width=\"150\" height=\"150\" \/><\/a><\/div>\n            <div class=\"item-details\">\n                <h3 class=\"entry-title td-module-title\"><a href=\"https:\/\/vamosporlaliberacion.org\/crpmlm\/juicio-a-ginecologo-antiderechos-de-cipolletti-2\/\" rel=\"bookmark\" title=\"Juicio a ginec\u00f3logo antiderechos de Cipolletti\">Juicio a ginec\u00f3logo antiderechos de Cipolletti<\/a><\/h3>\n                <div class=\"td-module-meta-info\">\n                                        <span class=\"td-post-author-name\"><a href=\"https:\/\/vamosporlaliberacion.org\/crpmlm\/author\/\"><\/a> <span>-<\/span> <\/span>                    <span class=\"td-post-date\"><time class=\"entry-date updated td-module-date\" datetime=\"2019-06-04T23:16:45-03:00\" >4 junio, 2019<\/time><\/span>                    <span class=\"td-module-comments\"><a href=\"https:\/\/vamosporlaliberacion.org\/crpmlm\/juicio-a-ginecologo-antiderechos-de-cipolletti-2\/#respond\">0<\/a><\/span>                <\/div>\n\n                <div class=\"td-excerpt\">\n                    Durante la semana del 13 de mayo se realiz\u00f3 el juicio al ginec\u00f3logo Leandro Rodr\u00edguez Lastra, por negar el derecho a la Interrupci\u00f3n Legal...                <\/div>\n            <\/div>\n\n        <\/div>\n\n        \n        <div class=\"td_module_16 td_module_wrap td-animation-stack\">\n            <div class=\"td-module-thumb\"><a href=\"https:\/\/vamosporlaliberacion.org\/crpmlm\/cedio-larreta-para-evitar-conflicto-con-metrodelegados\/\" rel=\"bookmark\" class=\"td-image-wrap \" title=\"Cedi\u00f3 Larreta para evitar conflicto con metrodelegados\" ><img decoding=\"async\" class=\"entry-thumb\" src=\"\"alt=\"\" data-type=\"image_tag\" data-img-url=\"https:\/\/vamosporlaliberacion.org\/crpmlm\/wp-content\/plugins\/td-composer\/legacy\/Newspaper\/assets\/images\/no-thumb\/thumbnail.png\"  width=\"\" height=\"\" \/><\/a><\/div>\n            <div class=\"item-details\">\n                <h3 class=\"entry-title td-module-title\"><a href=\"https:\/\/vamosporlaliberacion.org\/crpmlm\/cedio-larreta-para-evitar-conflicto-con-metrodelegados\/\" rel=\"bookmark\" title=\"Cedi\u00f3 Larreta para evitar conflicto con metrodelegados\">Cedi\u00f3 Larreta para evitar conflicto con metrodelegados<\/a><\/h3>\n                <div class=\"td-module-meta-info\">\n                                        <span class=\"td-post-author-name\"><a href=\"https:\/\/vamosporlaliberacion.org\/crpmlm\/author\/\"><\/a> <span>-<\/span> <\/span>                    <span class=\"td-post-date\"><time class=\"entry-date updated td-module-date\" datetime=\"2019-06-04T23:11:39-03:00\" >4 junio, 2019<\/time><\/span>                    <span class=\"td-module-comments\"><a href=\"https:\/\/vamosporlaliberacion.org\/crpmlm\/cedio-larreta-para-evitar-conflicto-con-metrodelegados\/#respond\">0<\/a><\/span>                <\/div>\n\n                <div class=\"td-excerpt\">\n                    El pasado mes de abril se firm\u00f3 el acta paritaria del subte. Los metrodelegados enrolados en AGTSyP consiguieron para todos los trabajadores un reajuste...                <\/div>\n            <\/div>\n\n        <\/div>\n\n        \n        <div class=\"td_module_16 td_module_wrap td-animation-stack\">\n            <div class=\"td-module-thumb\"><a href=\"https:\/\/vamosporlaliberacion.org\/crpmlm\/estatales-ultra-ajustados\/\" rel=\"bookmark\" class=\"td-image-wrap \" title=\"Estatales ultra ajustados\" ><img decoding=\"async\" class=\"entry-thumb\" src=\"\"alt=\"\" data-type=\"image_tag\" data-img-url=\"https:\/\/vamosporlaliberacion.org\/crpmlm\/wp-content\/plugins\/td-composer\/legacy\/Newspaper\/assets\/images\/no-thumb\/thumbnail.png\"  width=\"\" height=\"\" \/><\/a><\/div>\n            <div class=\"item-details\">\n                <h3 class=\"entry-title td-module-title\"><a href=\"https:\/\/vamosporlaliberacion.org\/crpmlm\/estatales-ultra-ajustados\/\" rel=\"bookmark\" title=\"Estatales ultra ajustados\">Estatales ultra ajustados<\/a><\/h3>\n                <div class=\"td-module-meta-info\">\n                                        <span class=\"td-post-author-name\"><a href=\"https:\/\/vamosporlaliberacion.org\/crpmlm\/author\/\"><\/a> <span>-<\/span> <\/span>                    <span class=\"td-post-date\"><time class=\"entry-date updated td-module-date\" datetime=\"2019-06-03T23:35:02-03:00\" >3 junio, 2019<\/time><\/span>                    <span class=\"td-module-comments\"><a href=\"https:\/\/vamosporlaliberacion.org\/crpmlm\/estatales-ultra-ajustados\/#respond\">0<\/a><\/span>                <\/div>\n\n                <div class=\"td-excerpt\">\n                    La paritaria del sector p\u00fablico est\u00e1 a un paso de cerrarse en manos del gobierno nacional y la lapicera c\u00f3mplice de Andr\u00e9s Rodr\u00edguez de...                <\/div>\n            <\/div>\n\n        <\/div>\n\n        \n        <div class=\"td_module_16 td_module_wrap td-animation-stack\">\n            <div class=\"td-module-thumb\"><a href=\"https:\/\/vamosporlaliberacion.org\/crpmlm\/solidaridad-con-los-trabajadores-de-pagina12\/\" rel=\"bookmark\" class=\"td-image-wrap \" title=\"Solidaridad con los trabajadores de P\u00e1gina\/12\" ><img loading=\"lazy\" decoding=\"async\" class=\"entry-thumb\" src=\"\" alt=\"\" title=\"Solidaridad con los trabajadores de P\u00e1gina\/12\" data-type=\"image_tag\" data-img-url=\"https:\/\/i0.wp.com\/vamosporlaliberacion.org\/crpmlm\/wp-content\/uploads\/2019\/05\/P12-paro.jpg?resize=150%2C150&ssl=1\"  width=\"150\" height=\"150\" \/><\/a><\/div>\n            <div class=\"item-details\">\n                <h3 class=\"entry-title td-module-title\"><a href=\"https:\/\/vamosporlaliberacion.org\/crpmlm\/solidaridad-con-los-trabajadores-de-pagina12\/\" rel=\"bookmark\" title=\"Solidaridad con los trabajadores de P\u00e1gina\/12\">Solidaridad con los trabajadores de P\u00e1gina\/12<\/a><\/h3>\n                <div class=\"td-module-meta-info\">\n                                        <span class=\"td-post-author-name\"><a href=\"https:\/\/vamosporlaliberacion.org\/crpmlm\/author\/\"><\/a> <span>-<\/span> <\/span>                    <span class=\"td-post-date\"><time class=\"entry-date updated td-module-date\" datetime=\"2019-06-03T23:29:24-03:00\" >3 junio, 2019<\/time><\/span>                    <span class=\"td-module-comments\"><a href=\"https:\/\/vamosporlaliberacion.org\/crpmlm\/solidaridad-con-los-trabajadores-de-pagina12\/#respond\">0<\/a><\/span>                <\/div>\n\n                <div class=\"td-excerpt\">\n                    Respaldamos la lucha de los trabajadores de P\u00e1gina\/12 exigiendo el cumplimiento de la paritaria y el convenio colectivo frente al incumplimiento patronal en ese...                <\/div>\n            <\/div>\n\n        <\/div>\n\n        <\/div><\/div> <!-- .\/block --><\/div><\/div><\/div><\/div>\n<!-- AddThis Advanced Settings generic via filter on the_content --><!-- AddThis Share Buttons generic via filter on the_content -->","protected":false},"excerpt":{"rendered":"<p><!-- AddThis Advanced Settings generic via filter on get_the_excerpt --><!-- AddThis Share Buttons generic via filter on get_the_excerpt --><\/p>\n","protected":false},"author":6,"featured_media":13730,"comment_status":"open","ping_status":"open","sticky":false,"template":"","format":"standard","meta":{"_jetpack_memberships_contains_paid_content":false,"footnotes":""},"categories":[22],"tags":[],"class_list":{"0":"post-13729","1":"post","2":"type-post","3":"status-publish","4":"format-standard","5":"has-post-thumbnail","7":"category-vamos"},"yoast_head":"<!-- This site is optimized with the Yoast SEO plugin v27.4 - https:\/\/yoast.com\/product\/yoast-seo-wordpress\/ -->\n<title>Vamos por la Liberaci\u00f3n! N\u00ba 141 - Vamos por la Liberaci\u00f3n<\/title>\n<meta name=\"robots\" content=\"index, follow, max-snippet:-1, max-image-preview:large, max-video-preview:-1\" \/>\n<link rel=\"canonical\" href=\"https:\/\/vamosporlaliberacion.org\/crpmlm\/vamos-por-la-liberacion-no-141\/\" \/>\n<meta name=\"twitter:label1\" content=\"Escrito por\" \/>\n\t<meta name=\"twitter:data1\" content=\"vamos!\" \/>\n\t<meta name=\"twitter:label2\" content=\"Tiempo de lectura\" \/>\n\t<meta name=\"twitter:data2\" content=\"2 minutos\" \/>\n<script type=\"application\/ld+json\" class=\"yoast-schema-graph\">{\"@context\":\"https:\\\/\\\/schema.org\",\"@graph\":[{\"@type\":\"Article\",\"@id\":\"https:\\\/\\\/vamosporlaliberacion.org\\\/crpmlm\\\/vamos-por-la-liberacion-no-141\\\/#article\",\"isPartOf\":{\"@id\":\"https:\\\/\\\/vamosporlaliberacion.org\\\/crpmlm\\\/vamos-por-la-liberacion-no-141\\\/\"},\"author\":{\"name\":\"vamos!\",\"@id\":\"https:\\\/\\\/vamosporlaliberacion.org\\\/crpmlm\\\/#\\\/schema\\\/person\\\/d6eac7758df3770dae9cd9eb104d615c\"},\"headline\":\"Vamos por la Liberaci\u00f3n! N\u00ba 141\",\"datePublished\":\"2019-05-30T16:29:14+00:00\",\"dateModified\":\"2019-05-30T16:39:25+00:00\",\"mainEntityOfPage\":{\"@id\":\"https:\\\/\\\/vamosporlaliberacion.org\\\/crpmlm\\\/vamos-por-la-liberacion-no-141\\\/\"},\"wordCount\":367,\"commentCount\":0,\"image\":{\"@id\":\"https:\\\/\\\/vamosporlaliberacion.org\\\/crpmlm\\\/vamos-por-la-liberacion-no-141\\\/#primaryimage\"},\"thumbnailUrl\":\"https:\\\/\\\/i0.wp.com\\\/vamosporlaliberacion.org\\\/crpmlm\\\/wp-content\\\/uploads\\\/2019\\\/05\\\/miniatura-tapa-1.jpg?fit=324%2C235&ssl=1\",\"articleSection\":[\"Vamos!\"],\"inLanguage\":\"es\",\"potentialAction\":[{\"@type\":\"CommentAction\",\"name\":\"Comment\",\"target\":[\"https:\\\/\\\/vamosporlaliberacion.org\\\/crpmlm\\\/vamos-por-la-liberacion-no-141\\\/#respond\"]}]},{\"@type\":\"WebPage\",\"@id\":\"https:\\\/\\\/vamosporlaliberacion.org\\\/crpmlm\\\/vamos-por-la-liberacion-no-141\\\/\",\"url\":\"https:\\\/\\\/vamosporlaliberacion.org\\\/crpmlm\\\/vamos-por-la-liberacion-no-141\\\/\",\"name\":\"Vamos por la Liberaci\u00f3n! N\u00ba 141 - Vamos por la Liberaci\u00f3n\",\"isPartOf\":{\"@id\":\"https:\\\/\\\/vamosporlaliberacion.org\\\/crpmlm\\\/#website\"},\"primaryImageOfPage\":{\"@id\":\"https:\\\/\\\/vamosporlaliberacion.org\\\/crpmlm\\\/vamos-por-la-liberacion-no-141\\\/#primaryimage\"},\"image\":{\"@id\":\"https:\\\/\\\/vamosporlaliberacion.org\\\/crpmlm\\\/vamos-por-la-liberacion-no-141\\\/#primaryimage\"},\"thumbnailUrl\":\"https:\\\/\\\/i0.wp.com\\\/vamosporlaliberacion.org\\\/crpmlm\\\/wp-content\\\/uploads\\\/2019\\\/05\\\/miniatura-tapa-1.jpg?fit=324%2C235&ssl=1\",\"datePublished\":\"2019-05-30T16:29:14+00:00\",\"dateModified\":\"2019-05-30T16:39:25+00:00\",\"author\":{\"@id\":\"https:\\\/\\\/vamosporlaliberacion.org\\\/crpmlm\\\/#\\\/schema\\\/person\\\/d6eac7758df3770dae9cd9eb104d615c\"},\"breadcrumb\":{\"@id\":\"https:\\\/\\\/vamosporlaliberacion.org\\\/crpmlm\\\/vamos-por-la-liberacion-no-141\\\/#breadcrumb\"},\"inLanguage\":\"es\",\"potentialAction\":[{\"@type\":\"ReadAction\",\"target\":[\"https:\\\/\\\/vamosporlaliberacion.org\\\/crpmlm\\\/vamos-por-la-liberacion-no-141\\\/\"]}]},{\"@type\":\"ImageObject\",\"inLanguage\":\"es\",\"@id\":\"https:\\\/\\\/vamosporlaliberacion.org\\\/crpmlm\\\/vamos-por-la-liberacion-no-141\\\/#primaryimage\",\"url\":\"https:\\\/\\\/i0.wp.com\\\/vamosporlaliberacion.org\\\/crpmlm\\\/wp-content\\\/uploads\\\/2019\\\/05\\\/miniatura-tapa-1.jpg?fit=324%2C235&ssl=1\",\"contentUrl\":\"https:\\\/\\\/i0.wp.com\\\/vamosporlaliberacion.org\\\/crpmlm\\\/wp-content\\\/uploads\\\/2019\\\/05\\\/miniatura-tapa-1.jpg?fit=324%2C235&ssl=1\",\"width\":324,\"height\":235},{\"@type\":\"BreadcrumbList\",\"@id\":\"https:\\\/\\\/vamosporlaliberacion.org\\\/crpmlm\\\/vamos-por-la-liberacion-no-141\\\/#breadcrumb\",\"itemListElement\":[{\"@type\":\"ListItem\",\"position\":1,\"name\":\"Portada\",\"item\":\"https:\\\/\\\/vamosporlaliberacion.org\\\/crpmlm\\\/\"},{\"@type\":\"ListItem\",\"position\":2,\"name\":\"Vamos por la Liberaci\u00f3n! N\u00ba 141\"}]},{\"@type\":\"WebSite\",\"@id\":\"https:\\\/\\\/vamosporlaliberacion.org\\\/crpmlm\\\/#website\",\"url\":\"https:\\\/\\\/vamosporlaliberacion.org\\\/crpmlm\\\/\",\"name\":\"Vamos por la Liberaci\u00f3n\",\"description\":\"Prensa CR\",\"potentialAction\":[{\"@type\":\"SearchAction\",\"target\":{\"@type\":\"EntryPoint\",\"urlTemplate\":\"https:\\\/\\\/vamosporlaliberacion.org\\\/crpmlm\\\/?s={search_term_string}\"},\"query-input\":{\"@type\":\"PropertyValueSpecification\",\"valueRequired\":true,\"valueName\":\"search_term_string\"}}],\"inLanguage\":\"es\"},{\"@type\":\"Person\",\"@id\":\"https:\\\/\\\/vamosporlaliberacion.org\\\/crpmlm\\\/#\\\/schema\\\/person\\\/d6eac7758df3770dae9cd9eb104d615c\",\"name\":\"vamos!\",\"url\":\"https:\\\/\\\/vamosporlaliberacion.org\\\/crpmlm\\\/author\\\/adminvxl\\\/\"}]}<\/script>\n<!-- \/ Yoast SEO plugin. -->","yoast_head_json":{"title":"Vamos por la Liberaci\u00f3n! N\u00ba 141 - Vamos por la Liberaci\u00f3n","robots":{"index":"index","follow":"follow","max-snippet":"max-snippet:-1","max-image-preview":"max-image-preview:large","max-video-preview":"max-video-preview:-1"},"canonical":"https:\/\/vamosporlaliberacion.org\/crpmlm\/vamos-por-la-liberacion-no-141\/","twitter_misc":{"Escrito por":"vamos!","Tiempo de lectura":"2 minutos"},"schema":{"@context":"https:\/\/schema.org","@graph":[{"@type":"Article","@id":"https:\/\/vamosporlaliberacion.org\/crpmlm\/vamos-por-la-liberacion-no-141\/#article","isPartOf":{"@id":"https:\/\/vamosporlaliberacion.org\/crpmlm\/vamos-por-la-liberacion-no-141\/"},"author":{"name":"vamos!","@id":"https:\/\/vamosporlaliberacion.org\/crpmlm\/#\/schema\/person\/d6eac7758df3770dae9cd9eb104d615c"},"headline":"Vamos por la Liberaci\u00f3n! N\u00ba 141","datePublished":"2019-05-30T16:29:14+00:00","dateModified":"2019-05-30T16:39:25+00:00","mainEntityOfPage":{"@id":"https:\/\/vamosporlaliberacion.org\/crpmlm\/vamos-por-la-liberacion-no-141\/"},"wordCount":367,"commentCount":0,"image":{"@id":"https:\/\/vamosporlaliberacion.org\/crpmlm\/vamos-por-la-liberacion-no-141\/#primaryimage"},"thumbnailUrl":"https:\/\/i0.wp.com\/vamosporlaliberacion.org\/crpmlm\/wp-content\/uploads\/2019\/05\/miniatura-tapa-1.jpg?fit=324%2C235&ssl=1","articleSection":["Vamos!"],"inLanguage":"es","potentialAction":[{"@type":"CommentAction","name":"Comment","target":["https:\/\/vamosporlaliberacion.org\/crpmlm\/vamos-por-la-liberacion-no-141\/#respond"]}]},{"@type":"WebPage","@id":"https:\/\/vamosporlaliberacion.org\/crpmlm\/vamos-por-la-liberacion-no-141\/","url":"https:\/\/vamosporlaliberacion.org\/crpmlm\/vamos-por-la-liberacion-no-141\/","name":"Vamos por la Liberaci\u00f3n! N\u00ba 141 - Vamos por la Liberaci\u00f3n","isPartOf":{"@id":"https:\/\/vamosporlaliberacion.org\/crpmlm\/#website"},"primaryImageOfPage":{"@id":"https:\/\/vamosporlaliberacion.org\/crpmlm\/vamos-por-la-liberacion-no-141\/#primaryimage"},"image":{"@id":"https:\/\/vamosporlaliberacion.org\/crpmlm\/vamos-por-la-liberacion-no-141\/#primaryimage"},"thumbnailUrl":"https:\/\/i0.wp.com\/vamosporlaliberacion.org\/crpmlm\/wp-content\/uploads\/2019\/05\/miniatura-tapa-1.jpg?fit=324%2C235&ssl=1","datePublished":"2019-05-30T16:29:14+00:00","dateModified":"2019-05-30T16:39:25+00:00","author":{"@id":"https:\/\/vamosporlaliberacion.org\/crpmlm\/#\/schema\/person\/d6eac7758df3770dae9cd9eb104d615c"},"breadcrumb":{"@id":"https:\/\/vamosporlaliberacion.org\/crpmlm\/vamos-por-la-liberacion-no-141\/#breadcrumb"},"inLanguage":"es","potentialAction":[{"@type":"ReadAction","target":["https:\/\/vamosporlaliberacion.org\/crpmlm\/vamos-por-la-liberacion-no-141\/"]}]},{"@type":"ImageObject","inLanguage":"es","@id":"https:\/\/vamosporlaliberacion.org\/crpmlm\/vamos-por-la-liberacion-no-141\/#primaryimage","url":"https:\/\/i0.wp.com\/vamosporlaliberacion.org\/crpmlm\/wp-content\/uploads\/2019\/05\/miniatura-tapa-1.jpg?fit=324%2C235&ssl=1","contentUrl":"https:\/\/i0.wp.com\/vamosporlaliberacion.org\/crpmlm\/wp-content\/uploads\/2019\/05\/miniatura-tapa-1.jpg?fit=324%2C235&ssl=1","width":324,"height":235},{"@type":"BreadcrumbList","@id":"https:\/\/vamosporlaliberacion.org\/crpmlm\/vamos-por-la-liberacion-no-141\/#breadcrumb","itemListElement":[{"@type":"ListItem","position":1,"name":"Portada","item":"https:\/\/vamosporlaliberacion.org\/crpmlm\/"},{"@type":"ListItem","position":2,"name":"Vamos por la Liberaci\u00f3n! N\u00ba 141"}]},{"@type":"WebSite","@id":"https:\/\/vamosporlaliberacion.org\/crpmlm\/#website","url":"https:\/\/vamosporlaliberacion.org\/crpmlm\/","name":"Vamos por la Liberaci\u00f3n","description":"Prensa CR","potentialAction":[{"@type":"SearchAction","target":{"@type":"EntryPoint","urlTemplate":"https:\/\/vamosporlaliberacion.org\/crpmlm\/?s={search_term_string}"},"query-input":{"@type":"PropertyValueSpecification","valueRequired":true,"valueName":"search_term_string"}}],"inLanguage":"es"},{"@type":"Person","@id":"https:\/\/vamosporlaliberacion.org\/crpmlm\/#\/schema\/person\/d6eac7758df3770dae9cd9eb104d615c","name":"vamos!","url":"https:\/\/vamosporlaliberacion.org\/crpmlm\/author\/adminvxl\/"}]}},"jetpack_featured_media_url":"https:\/\/i0.wp.com\/vamosporlaliberacion.org\/crpmlm\/wp-content\/uploads\/2019\/05\/miniatura-tapa-1.jpg?fit=324%2C235&ssl=1","jetpack_sharing_enabled":true,"_links":{"self":[{"href":"https:\/\/vamosporlaliberacion.org\/crpmlm\/wp-json\/wp\/v2\/posts\/13729","targetHints":{"allow":["GET"]}}],"collection":[{"href":"https:\/\/vamosporlaliberacion.org\/crpmlm\/wp-json\/wp\/v2\/posts"}],"about":[{"href":"https:\/\/vamosporlaliberacion.org\/crpmlm\/wp-json\/wp\/v2\/types\/post"}],"author":[{"embeddable":true,"href":"https:\/\/vamosporlaliberacion.org\/crpmlm\/wp-json\/wp\/v2\/users\/6"}],"replies":[{"embeddable":true,"href":"https:\/\/vamosporlaliberacion.org\/crpmlm\/wp-json\/wp\/v2\/comments?post=13729"}],"version-history":[{"count":0,"href":"https:\/\/vamosporlaliberacion.org\/crpmlm\/wp-json\/wp\/v2\/posts\/13729\/revisions"}],"wp:featuredmedia":[{"embeddable":true,"href":"https:\/\/vamosporlaliberacion.org\/crpmlm\/wp-json\/wp\/v2\/media\/13730"}],"wp:attachment":[{"href":"https:\/\/vamosporlaliberacion.org\/crpmlm\/wp-json\/wp\/v2\/media?parent=13729"}],"wp:term":[{"taxonomy":"category","embeddable":true,"href":"https:\/\/vamosporlaliberacion.org\/crpmlm\/wp-json\/wp\/v2\/categories?post=13729"},{"taxonomy":"post_tag","embeddable":true,"href":"https:\/\/vamosporlaliberacion.org\/crpmlm\/wp-json\/wp\/v2\/tags?post=13729"}],"curies":[{"name":"wp","href":"https:\/\/api.w.org\/{rel}","templated":true}]}}